{"id":464120,"date":"2024-02-17T11:18:30","date_gmt":"2024-02-17T10:18:30","guid":{"rendered":"https:\/\/dicodusport.fr\/blog\/?p=464120&#038;preview=true&#038;preview_id=464120"},"modified":"2024-03-08T09:31:45","modified_gmt":"2024-03-08T08:31:45","slug":"ufc-298-la-liste-des-combats-carte-principale-et-carte-preliminaire","status":"publish","type":"post","link":"https:\/\/dicodusport.fr\/blog\/ufc-298-la-liste-des-combats-carte-principale-et-carte-preliminaire\/","title":{"rendered":"UFC 298 : La liste des combats &#8211; Carte principale et carte pr\u00e9liminaire"},"content":{"rendered":"<p style=\"text-align: justify;\" align=\"justify\"><em><strong>UFC 298 &#8211; Voici la carte principale et la carte pr\u00e9liminaire de l&rsquo;UFC 298 qui se d\u00e9roule ce dimanche 18 f\u00e9vrier.\u00a0<\/strong><\/em><\/p>\n<p style=\"text-align: justify;\" align=\"justify\"><strong>Alexander<\/strong> <strong>Volkanovski<\/strong> est toujours le champion des poids plumes et invaincu dans cette cat\u00e9gorie. En juillet 2023, il avait domin\u00e9 <strong>Yair Rodr\u00edguez<\/strong> pour la d\u00e9fense de son titre. Mais <strong>l&rsquo;Australien<\/strong> a bien deux d\u00e9faites dans sa carri\u00e8re professionnelle, deux fois face au m\u00eame homme, <strong>Islam<\/strong> <strong>Makhachev<\/strong>, alors qu&rsquo;il tentait d&rsquo;aller chercher la ceinture des poids l\u00e9gers.<\/p>\n<ul style=\"text-align: justify;\">\n<li style=\"text-align: justify;\"><strong>\u00c0 lire aussi &#8211; <a href=\"https:\/\/dicodusport.fr\/blog\/ufc-298-choc-des-generations-entre-alexander-volkanovski-et-ilia-topuria\/\" target=\"_blank\" rel=\"noopener\">UFC 298 : Choc des g\u00e9n\u00e9rations entre Alexander Volkanovski et Ilia Topuria<\/a><\/strong><\/li>\n<\/ul>\n<p style=\"text-align: justify;\" align=\"justify\">Sa deuxi\u00e8me d\u00e9faite face au Russe remonte au mois d&rsquo;octobre 2023 par TKO. Cette fois, pour la d\u00e9fense de son titre, il affronte un combattant invaincu en quatorze combats, <strong>Ilia<\/strong> <strong>Topuria<\/strong>. L&rsquo;Hispano-G\u00e9orgien de 27 ans est le nouvel homme redout\u00e9 de la cat\u00e9gorie des poids plumes, et un vrai d\u00e9fi pour <strong>Alexander<\/strong> <strong>Volkanovski<\/strong>. Il reste sur une victoire face \u00e0 <strong>Josh Emmett<\/strong> en juin dernier.<\/p>\n<p style=\"text-align: justify;\" align=\"justify\">Avant le <em>main event<\/em>, il y aura d&rsquo;autres combats \u00e0 suivre et notamment celui entre <strong>Robert<\/strong> <strong>Whittaker<\/strong> et <strong>Paulo Costa<\/strong>. Le N\u00e9o-Z\u00e9landais reste sur une d\u00e9faite face au Sud-Africain <strong>Dricus du Plessis<\/strong> et veut se relancer. Il sera oppos\u00e9 au Br\u00e9silien <strong>Paulo<\/strong> <strong>Costa,<\/strong> qui n&rsquo;a pas combattu depuis sa victoire face \u00e0 <strong>Luke<\/strong> <strong>Rockhold<\/strong> en ao\u00fbt 2022.<\/p>\n<h2 style=\"text-align: justify;\" align=\"justify\">Carte principale UFC 298 (4h00) :<\/h2>\n<p style=\"text-align: justify;\">Alexander Volkanovski (c) vs. Ilia Topuria<br \/>\nRobert Whittaker vs. Paulo Costa<br \/>\nIan Machado Garry vs. Geoff Neal<br \/>\nMerab Dvalishvili vs. Henry Cejudo<br \/>\nAnthony Hernandez vs. Roman Kopylov<\/p>\n<h2 style=\"text-align: justify;\">Carte pr\u00e9liminaire UFC 298 (2h00) :<\/h2>\n<p style=\"text-align: justify;\" align=\"justify\">Amanda Lemos vs. Mackenzie Dern<br \/>\nMarcos Rog\u00e9rio de Lima vs. Junior Tafa<br \/>\nRinya Nakamura vs. Carlos Vera<br \/>\nZhang Mingyang vs Brendson Ribeiro<\/p>\n","protected":false},"excerpt":{"rendered":"<p>UFC 298 &#8211; Voici la carte principale et la carte pr\u00e9liminaire de l&rsquo;UFC 298 qui se d\u00e9roule ce dimanche 18 f\u00e9vrier.\u00a0<\/p>\n","protected":false},"author":1,"featured_media":464123,"comment_status":"open","ping_status":"closed","sticky":false,"template":"","format":"standard","meta":{"_acf_changed":false,"_daextam_enable_autolinks":"1","footnotes":""},"categories":[10666],"tags":[22859,16878,1222,1224],"class_list":["post-464120","post","type-post","status-publish","format-standard","has-post-thumbnail","hentry","category-mma","tag-alexander-volkanovski","tag-breve","tag-mma","tag-ufc"],"acf":[],"yoast_head":"<!-- This site is optimized with the Yoast SEO Premium plugin v26.7 (Yoast SEO v26.7) - https:\/\/yoast.com\/wordpress\/plugins\/seo\/ -->\n<title>UFC 298 : La liste des combats - Carte principale et carte pr\u00e9liminaire<\/title>\n<meta name=\"description\" content=\"UFC 298 - Voici la carte principale et la carte pr\u00e9liminaire de l&#039;UFC 298 qui se d\u00e9roule ce dimanche 18 f\u00e9vrier.\u00a0\" \/>\n<meta name=\"robots\" content=\"index, follow, max-snippet:-1, max-image-preview:large, max-video-preview:-1\" \/>\n<link rel=\"canonical\" href=\"https:\/\/dicodusport.fr\/blog\/ufc-298-la-liste-des-combats-carte-principale-et-carte-preliminaire\/\" \/>\n<meta property=\"og:locale\" content=\"fr_FR\" \/>\n<meta property=\"og:type\" content=\"article\" \/>\n<meta property=\"og:title\" content=\"UFC 298 : La liste des combats - Carte principale et carte pr\u00e9liminaire\" \/>\n<meta property=\"og:description\" content=\"UFC 298 - Voici la carte principale et la carte pr\u00e9liminaire de l&#039;UFC 298 qui se d\u00e9roule ce dimanche 18 f\u00e9vrier.\u00a0\" \/>\n<meta property=\"og:url\" content=\"https:\/\/dicodusport.fr\/blog\/ufc-298-la-liste-des-combats-carte-principale-et-carte-preliminaire\/\" \/>\n<meta property=\"og:site_name\" content=\"Dicodusport\" \/>\n<meta property=\"article:publisher\" content=\"https:\/\/www.facebook.com\/dicodusport\" \/>\n<meta property=\"article:author\" content=\"https:\/\/www.facebook.com\/dicodusport\" \/>\n<meta property=\"article:published_time\" content=\"2024-02-17T10:18:30+00:00\" \/>\n<meta property=\"article:modified_time\" content=\"2024-03-08T08:31:45+00:00\" \/>\n<meta property=\"og:image\" content=\"https:\/\/dicodusport.fr\/blog\/wp-content\/uploads\/2024\/02\/UFC-298-La-liste-des-combats-Carte-principale-et-carte-preliminaire.png\" \/>\n\t<meta property=\"og:image:width\" content=\"1200\" \/>\n\t<meta property=\"og:image:height\" content=\"674\" \/>\n\t<meta property=\"og:image:type\" content=\"image\/png\" \/>\n<meta name=\"author\" content=\"Nicolas Jacquemard\" \/>\n<meta name=\"twitter:card\" content=\"summary_large_image\" \/>\n<meta name=\"twitter:title\" content=\"UFC 298 : La liste des combats - Carte principale et carte pr\u00e9liminaire\" \/>\n<meta name=\"twitter:creator\" content=\"@https:\/\/twitter.com\/Nico_Jacquemard\" \/>\n<meta name=\"twitter:site\" content=\"@dicodusport\" \/>\n<script type=\"application\/ld+json\" class=\"yoast-schema-graph\">{\"@context\":\"https:\/\/schema.org\",\"@graph\":[{\"@type\":\"NewsArticle\",\"@id\":\"https:\/\/dicodusport.fr\/blog\/ufc-298-la-liste-des-combats-carte-principale-et-carte-preliminaire\/#article\",\"isPartOf\":{\"@id\":\"https:\/\/dicodusport.fr\/blog\/ufc-298-la-liste-des-combats-carte-principale-et-carte-preliminaire\/\"},\"author\":{\"name\":\"Nicolas Jacquemard\",\"@id\":\"https:\/\/dicodusport.fr\/blog\/#\/schema\/person\/55dcb50ad410894e431ed812bbb70191\"},\"headline\":\"UFC 298 : La liste des combats &#8211; Carte principale et carte pr\u00e9liminaire\",\"datePublished\":\"2024-02-17T10:18:30+00:00\",\"dateModified\":\"2024-03-08T08:31:45+00:00\",\"mainEntityOfPage\":{\"@id\":\"https:\/\/dicodusport.fr\/blog\/ufc-298-la-liste-des-combats-carte-principale-et-carte-preliminaire\/\"},\"wordCount\":304,\"commentCount\":0,\"publisher\":{\"@id\":\"https:\/\/dicodusport.fr\/blog\/#organization\"},\"image\":{\"@id\":\"https:\/\/dicodusport.fr\/blog\/ufc-298-la-liste-des-combats-carte-principale-et-carte-preliminaire\/#primaryimage\"},\"thumbnailUrl\":\"https:\/\/dicodusport.fr\/blog\/wp-content\/uploads\/2024\/02\/UFC-298-La-liste-des-combats-Carte-principale-et-carte-preliminaire.png\",\"keywords\":[\"Alexander Volkanovski\",\"br\u00e8ve\",\"MMA\",\"UFC\"],\"articleSection\":[\"MMA\"],\"inLanguage\":\"fr-FR\",\"potentialAction\":[{\"@type\":\"CommentAction\",\"name\":\"Comment\",\"target\":[\"https:\/\/dicodusport.fr\/blog\/ufc-298-la-liste-des-combats-carte-principale-et-carte-preliminaire\/#respond\"]}],\"copyrightYear\":\"2024\",\"copyrightHolder\":{\"@id\":\"https:\/\/dicodusport.fr\/blog\/#organization\"}},{\"@type\":\"WebPage\",\"@id\":\"https:\/\/dicodusport.fr\/blog\/ufc-298-la-liste-des-combats-carte-principale-et-carte-preliminaire\/\",\"url\":\"https:\/\/dicodusport.fr\/blog\/ufc-298-la-liste-des-combats-carte-principale-et-carte-preliminaire\/\",\"name\":\"UFC 298 : La liste des combats - Carte principale et carte pr\u00e9liminaire\",\"isPartOf\":{\"@id\":\"https:\/\/dicodusport.fr\/blog\/#website\"},\"primaryImageOfPage\":{\"@id\":\"https:\/\/dicodusport.fr\/blog\/ufc-298-la-liste-des-combats-carte-principale-et-carte-preliminaire\/#primaryimage\"},\"image\":{\"@id\":\"https:\/\/dicodusport.fr\/blog\/ufc-298-la-liste-des-combats-carte-principale-et-carte-preliminaire\/#primaryimage\"},\"thumbnailUrl\":\"https:\/\/dicodusport.fr\/blog\/wp-content\/uploads\/2024\/02\/UFC-298-La-liste-des-combats-Carte-principale-et-carte-preliminaire.png\",\"datePublished\":\"2024-02-17T10:18:30+00:00\",\"dateModified\":\"2024-03-08T08:31:45+00:00\",\"description\":\"UFC 298 - Voici la carte principale et la carte pr\u00e9liminaire de l'UFC 298 qui se d\u00e9roule ce dimanche 18 f\u00e9vrier.\u00a0\",\"breadcrumb\":{\"@id\":\"https:\/\/dicodusport.fr\/blog\/ufc-298-la-liste-des-combats-carte-principale-et-carte-preliminaire\/#breadcrumb\"},\"inLanguage\":\"fr-FR\",\"potentialAction\":[{\"@type\":\"ReadAction\",\"target\":[\"https:\/\/dicodusport.fr\/blog\/ufc-298-la-liste-des-combats-carte-principale-et-carte-preliminaire\/\"]}]},{\"@type\":\"ImageObject\",\"inLanguage\":\"fr-FR\",\"@id\":\"https:\/\/dicodusport.fr\/blog\/ufc-298-la-liste-des-combats-carte-principale-et-carte-preliminaire\/#primaryimage\",\"url\":\"https:\/\/dicodusport.fr\/blog\/wp-content\/uploads\/2024\/02\/UFC-298-La-liste-des-combats-Carte-principale-et-carte-preliminaire.png\",\"contentUrl\":\"https:\/\/dicodusport.fr\/blog\/wp-content\/uploads\/2024\/02\/UFC-298-La-liste-des-combats-Carte-principale-et-carte-preliminaire.png\",\"width\":1200,\"height\":674},{\"@type\":\"BreadcrumbList\",\"@id\":\"https:\/\/dicodusport.fr\/blog\/ufc-298-la-liste-des-combats-carte-principale-et-carte-preliminaire\/#breadcrumb\",\"itemListElement\":[{\"@type\":\"ListItem\",\"position\":1,\"name\":\"Accueil\",\"item\":\"https:\/\/dicodusport.fr\/blog\/\"},{\"@type\":\"ListItem\",\"position\":2,\"name\":\"UFC 298 : La liste des combats &#8211; Carte principale et carte pr\u00e9liminaire\"}]},{\"@type\":\"WebSite\",\"@id\":\"https:\/\/dicodusport.fr\/blog\/#website\",\"url\":\"https:\/\/dicodusport.fr\/blog\/\",\"name\":\"Dicodusport\",\"description\":\"L&#039;encyclop\u00e9die de l&#039;actualit\u00e9 sportive\",\"publisher\":{\"@id\":\"https:\/\/dicodusport.fr\/blog\/#organization\"},\"potentialAction\":[{\"@type\":\"SearchAction\",\"target\":{\"@type\":\"EntryPoint\",\"urlTemplate\":\"https:\/\/dicodusport.fr\/blog\/?s={search_term_string}\"},\"query-input\":{\"@type\":\"PropertyValueSpecification\",\"valueRequired\":true,\"valueName\":\"search_term_string\"}}],\"inLanguage\":\"fr-FR\"},{\"@type\":\"NewsMediaOrganization\",\"@id\":\"https:\/\/dicodusport.fr\/blog\/#organization\",\"name\":\"Dicodusport\",\"url\":\"https:\/\/dicodusport.fr\/blog\/\",\"logo\":{\"@type\":\"ImageObject\",\"inLanguage\":\"fr-FR\",\"@id\":\"https:\/\/dicodusport.fr\/blog\/#\/schema\/logo\/image\/\",\"url\":\"https:\/\/dicodusport.fr\/blog\/wp-content\/uploads\/2020\/06\/cropped-LOGO-DICODUSPORT-2020-SANS-FOND-SANS-TEXTE.png\",\"contentUrl\":\"https:\/\/dicodusport.fr\/blog\/wp-content\/uploads\/2020\/06\/cropped-LOGO-DICODUSPORT-2020-SANS-FOND-SANS-TEXTE.png\",\"width\":512,\"height\":512,\"caption\":\"Dicodusport\"},\"image\":{\"@id\":\"https:\/\/dicodusport.fr\/blog\/#\/schema\/logo\/image\/\"},\"sameAs\":[\"https:\/\/www.facebook.com\/dicodusport\",\"https:\/\/x.com\/dicodusport\",\"https:\/\/www.instagram.com\/dicodusport\/\",\"https:\/\/www.youtube.com\/channel\/UC7V2KZ5sd3htJivAbA4ZG3w\"],\"description\":\"Dicodusport est l'encyclop\u00e9die de l'actualit\u00e9 sportive.\",\"email\":\"bonjour@dicodusport.fr\",\"legalName\":\"DICODUSPORT\",\"foundingDate\":\"2018-01-14\",\"vatID\":\"FR71834470973\",\"taxID\":\"83447097300043\",\"numberOfEmployees\":{\"@type\":\"QuantitativeValue\",\"minValue\":\"1\",\"maxValue\":\"10\"}},{\"@type\":\"Person\",\"@id\":\"https:\/\/dicodusport.fr\/blog\/#\/schema\/person\/55dcb50ad410894e431ed812bbb70191\",\"name\":\"Nicolas Jacquemard\",\"image\":{\"@type\":\"ImageObject\",\"inLanguage\":\"fr-FR\",\"@id\":\"https:\/\/dicodusport.fr\/blog\/#\/schema\/person\/image\/\",\"url\":\"https:\/\/dicodusport.fr\/blog\/wp-content\/uploads\/2021\/05\/Nicolas-Jacquemard-150x150.jpeg\",\"contentUrl\":\"https:\/\/dicodusport.fr\/blog\/wp-content\/uploads\/2021\/05\/Nicolas-Jacquemard-150x150.jpeg\",\"caption\":\"Nicolas Jacquemard\"},\"description\":\"Passionn\u00e9 de sport et entrepreneur depuis mes 18 ans, la cr\u00e9ation de Dicodusport m'a sembl\u00e9 \u00e9vidente pour participer \u00e0 la m\u00e9diatisation d'un plus grand nombre de sports. Le chemin est long mais avec une \u00e9quipe des plus motiv\u00e9es et les Jeux Olympiques de Paris 2024 en point de mire, nous y arriverons ! Journaliste dans le monde du sport depuis plus de 5 ans, je traite aussi bien de football, de rugby, de biathlon que de cyclisme.\",\"sameAs\":[\"https:\/\/www.facebook.com\/dicodusport\",\"https:\/\/x.com\/https:\/\/twitter.com\/Nico_Jacquemard\"],\"url\":\"https:\/\/dicodusport.fr\/blog\/author\/dicodusport\/\"}]}<\/script>\n<!-- \/ Yoast SEO Premium plugin. -->","yoast_head_json":{"title":"UFC 298 : La liste des combats - Carte principale et carte pr\u00e9liminaire","description":"UFC 298 - Voici la carte principale et la carte pr\u00e9liminaire de l'UFC 298 qui se d\u00e9roule ce dimanche 18 f\u00e9vrier.\u00a0","robots":{"index":"index","follow":"follow","max-snippet":"max-snippet:-1","max-image-preview":"max-image-preview:large","max-video-preview":"max-video-preview:-1"},"canonical":"https:\/\/dicodusport.fr\/blog\/ufc-298-la-liste-des-combats-carte-principale-et-carte-preliminaire\/","og_locale":"fr_FR","og_type":"article","og_title":"UFC 298 : La liste des combats - Carte principale et carte pr\u00e9liminaire","og_description":"UFC 298 - Voici la carte principale et la carte pr\u00e9liminaire de l'UFC 298 qui se d\u00e9roule ce dimanche 18 f\u00e9vrier.\u00a0","og_url":"https:\/\/dicodusport.fr\/blog\/ufc-298-la-liste-des-combats-carte-principale-et-carte-preliminaire\/","og_site_name":"Dicodusport","article_publisher":"https:\/\/www.facebook.com\/dicodusport","article_author":"https:\/\/www.facebook.com\/dicodusport","article_published_time":"2024-02-17T10:18:30+00:00","article_modified_time":"2024-03-08T08:31:45+00:00","og_image":[{"width":1200,"height":674,"url":"https:\/\/dicodusport.fr\/blog\/wp-content\/uploads\/2024\/02\/UFC-298-La-liste-des-combats-Carte-principale-et-carte-preliminaire.png","type":"image\/png"}],"author":"Nicolas Jacquemard","twitter_card":"summary_large_image","twitter_title":"UFC 298 : La liste des combats - Carte principale et carte pr\u00e9liminaire","twitter_creator":"@https:\/\/twitter.com\/Nico_Jacquemard","twitter_site":"@dicodusport","schema":{"@context":"https:\/\/schema.org","@graph":[{"@type":"NewsArticle","@id":"https:\/\/dicodusport.fr\/blog\/ufc-298-la-liste-des-combats-carte-principale-et-carte-preliminaire\/#article","isPartOf":{"@id":"https:\/\/dicodusport.fr\/blog\/ufc-298-la-liste-des-combats-carte-principale-et-carte-preliminaire\/"},"author":{"name":"Nicolas Jacquemard","@id":"https:\/\/dicodusport.fr\/blog\/#\/schema\/person\/55dcb50ad410894e431ed812bbb70191"},"headline":"UFC 298 : La liste des combats &#8211; Carte principale et carte pr\u00e9liminaire","datePublished":"2024-02-17T10:18:30+00:00","dateModified":"2024-03-08T08:31:45+00:00","mainEntityOfPage":{"@id":"https:\/\/dicodusport.fr\/blog\/ufc-298-la-liste-des-combats-carte-principale-et-carte-preliminaire\/"},"wordCount":304,"commentCount":0,"publisher":{"@id":"https:\/\/dicodusport.fr\/blog\/#organization"},"image":{"@id":"https:\/\/dicodusport.fr\/blog\/ufc-298-la-liste-des-combats-carte-principale-et-carte-preliminaire\/#primaryimage"},"thumbnailUrl":"https:\/\/dicodusport.fr\/blog\/wp-content\/uploads\/2024\/02\/UFC-298-La-liste-des-combats-Carte-principale-et-carte-preliminaire.png","keywords":["Alexander Volkanovski","br\u00e8ve","MMA","UFC"],"articleSection":["MMA"],"inLanguage":"fr-FR","potentialAction":[{"@type":"CommentAction","name":"Comment","target":["https:\/\/dicodusport.fr\/blog\/ufc-298-la-liste-des-combats-carte-principale-et-carte-preliminaire\/#respond"]}],"copyrightYear":"2024","copyrightHolder":{"@id":"https:\/\/dicodusport.fr\/blog\/#organization"}},{"@type":"WebPage","@id":"https:\/\/dicodusport.fr\/blog\/ufc-298-la-liste-des-combats-carte-principale-et-carte-preliminaire\/","url":"https:\/\/dicodusport.fr\/blog\/ufc-298-la-liste-des-combats-carte-principale-et-carte-preliminaire\/","name":"UFC 298 : La liste des combats - Carte principale et carte pr\u00e9liminaire","isPartOf":{"@id":"https:\/\/dicodusport.fr\/blog\/#website"},"primaryImageOfPage":{"@id":"https:\/\/dicodusport.fr\/blog\/ufc-298-la-liste-des-combats-carte-principale-et-carte-preliminaire\/#primaryimage"},"image":{"@id":"https:\/\/dicodusport.fr\/blog\/ufc-298-la-liste-des-combats-carte-principale-et-carte-preliminaire\/#primaryimage"},"thumbnailUrl":"https:\/\/dicodusport.fr\/blog\/wp-content\/uploads\/2024\/02\/UFC-298-La-liste-des-combats-Carte-principale-et-carte-preliminaire.png","datePublished":"2024-02-17T10:18:30+00:00","dateModified":"2024-03-08T08:31:45+00:00","description":"UFC 298 - Voici la carte principale et la carte pr\u00e9liminaire de l'UFC 298 qui se d\u00e9roule ce dimanche 18 f\u00e9vrier.\u00a0","breadcrumb":{"@id":"https:\/\/dicodusport.fr\/blog\/ufc-298-la-liste-des-combats-carte-principale-et-carte-preliminaire\/#breadcrumb"},"inLanguage":"fr-FR","potentialAction":[{"@type":"ReadAction","target":["https:\/\/dicodusport.fr\/blog\/ufc-298-la-liste-des-combats-carte-principale-et-carte-preliminaire\/"]}]},{"@type":"ImageObject","inLanguage":"fr-FR","@id":"https:\/\/dicodusport.fr\/blog\/ufc-298-la-liste-des-combats-carte-principale-et-carte-preliminaire\/#primaryimage","url":"https:\/\/dicodusport.fr\/blog\/wp-content\/uploads\/2024\/02\/UFC-298-La-liste-des-combats-Carte-principale-et-carte-preliminaire.png","contentUrl":"https:\/\/dicodusport.fr\/blog\/wp-content\/uploads\/2024\/02\/UFC-298-La-liste-des-combats-Carte-principale-et-carte-preliminaire.png","width":1200,"height":674},{"@type":"BreadcrumbList","@id":"https:\/\/dicodusport.fr\/blog\/ufc-298-la-liste-des-combats-carte-principale-et-carte-preliminaire\/#breadcrumb","itemListElement":[{"@type":"ListItem","position":1,"name":"Accueil","item":"https:\/\/dicodusport.fr\/blog\/"},{"@type":"ListItem","position":2,"name":"UFC 298 : La liste des combats &#8211; Carte principale et carte pr\u00e9liminaire"}]},{"@type":"WebSite","@id":"https:\/\/dicodusport.fr\/blog\/#website","url":"https:\/\/dicodusport.fr\/blog\/","name":"Dicodusport","description":"L&#039;encyclop\u00e9die de l&#039;actualit\u00e9 sportive","publisher":{"@id":"https:\/\/dicodusport.fr\/blog\/#organization"},"potentialAction":[{"@type":"SearchAction","target":{"@type":"EntryPoint","urlTemplate":"https:\/\/dicodusport.fr\/blog\/?s={search_term_string}"},"query-input":{"@type":"PropertyValueSpecification","valueRequired":true,"valueName":"search_term_string"}}],"inLanguage":"fr-FR"},{"@type":"NewsMediaOrganization","@id":"https:\/\/dicodusport.fr\/blog\/#organization","name":"Dicodusport","url":"https:\/\/dicodusport.fr\/blog\/","logo":{"@type":"ImageObject","inLanguage":"fr-FR","@id":"https:\/\/dicodusport.fr\/blog\/#\/schema\/logo\/image\/","url":"https:\/\/dicodusport.fr\/blog\/wp-content\/uploads\/2020\/06\/cropped-LOGO-DICODUSPORT-2020-SANS-FOND-SANS-TEXTE.png","contentUrl":"https:\/\/dicodusport.fr\/blog\/wp-content\/uploads\/2020\/06\/cropped-LOGO-DICODUSPORT-2020-SANS-FOND-SANS-TEXTE.png","width":512,"height":512,"caption":"Dicodusport"},"image":{"@id":"https:\/\/dicodusport.fr\/blog\/#\/schema\/logo\/image\/"},"sameAs":["https:\/\/www.facebook.com\/dicodusport","https:\/\/x.com\/dicodusport","https:\/\/www.instagram.com\/dicodusport\/","https:\/\/www.youtube.com\/channel\/UC7V2KZ5sd3htJivAbA4ZG3w"],"description":"Dicodusport est l'encyclop\u00e9die de l'actualit\u00e9 sportive.","email":"bonjour@dicodusport.fr","legalName":"DICODUSPORT","foundingDate":"2018-01-14","vatID":"FR71834470973","taxID":"83447097300043","numberOfEmployees":{"@type":"QuantitativeValue","minValue":"1","maxValue":"10"}},{"@type":"Person","@id":"https:\/\/dicodusport.fr\/blog\/#\/schema\/person\/55dcb50ad410894e431ed812bbb70191","name":"Nicolas Jacquemard","image":{"@type":"ImageObject","inLanguage":"fr-FR","@id":"https:\/\/dicodusport.fr\/blog\/#\/schema\/person\/image\/","url":"https:\/\/dicodusport.fr\/blog\/wp-content\/uploads\/2021\/05\/Nicolas-Jacquemard-150x150.jpeg","contentUrl":"https:\/\/dicodusport.fr\/blog\/wp-content\/uploads\/2021\/05\/Nicolas-Jacquemard-150x150.jpeg","caption":"Nicolas Jacquemard"},"description":"Passionn\u00e9 de sport et entrepreneur depuis mes 18 ans, la cr\u00e9ation de Dicodusport m'a sembl\u00e9 \u00e9vidente pour participer \u00e0 la m\u00e9diatisation d'un plus grand nombre de sports. Le chemin est long mais avec une \u00e9quipe des plus motiv\u00e9es et les Jeux Olympiques de Paris 2024 en point de mire, nous y arriverons ! Journaliste dans le monde du sport depuis plus de 5 ans, je traite aussi bien de football, de rugby, de biathlon que de cyclisme.","sameAs":["https:\/\/www.facebook.com\/dicodusport","https:\/\/x.com\/https:\/\/twitter.com\/Nico_Jacquemard"],"url":"https:\/\/dicodusport.fr\/blog\/author\/dicodusport\/"}]}},"_links":{"self":[{"href":"https:\/\/dicodusport.fr\/blog\/wp-json\/wp\/v2\/posts\/464120","targetHints":{"allow":["GET"]}}],"collection":[{"href":"https:\/\/dicodusport.fr\/blog\/wp-json\/wp\/v2\/posts"}],"about":[{"href":"https:\/\/dicodusport.fr\/blog\/wp-json\/wp\/v2\/types\/post"}],"author":[{"embeddable":true,"href":"https:\/\/dicodusport.fr\/blog\/wp-json\/wp\/v2\/users\/1"}],"replies":[{"embeddable":true,"href":"https:\/\/dicodusport.fr\/blog\/wp-json\/wp\/v2\/comments?post=464120"}],"version-history":[{"count":3,"href":"https:\/\/dicodusport.fr\/blog\/wp-json\/wp\/v2\/posts\/464120\/revisions"}],"predecessor-version":[{"id":464140,"href":"https:\/\/dicodusport.fr\/blog\/wp-json\/wp\/v2\/posts\/464120\/revisions\/464140"}],"wp:featuredmedia":[{"embeddable":true,"href":"https:\/\/dicodusport.fr\/blog\/wp-json\/wp\/v2\/media\/464123"}],"wp:attachment":[{"href":"https:\/\/dicodusport.fr\/blog\/wp-json\/wp\/v2\/media?parent=464120"}],"wp:term":[{"taxonomy":"category","embeddable":true,"href":"https:\/\/dicodusport.fr\/blog\/wp-json\/wp\/v2\/categories?post=464120"},{"taxonomy":"post_tag","embeddable":true,"href":"https:\/\/dicodusport.fr\/blog\/wp-json\/wp\/v2\/tags?post=464120"}],"curies":[{"name":"wp","href":"https:\/\/api.w.org\/{rel}","templated":true}]}}