{"id":464127,"date":"2024-02-17T19:40:06","date_gmt":"2024-02-17T18:40:06","guid":{"rendered":"https:\/\/dicodusport.fr\/blog\/?p=464127&#038;preview=true&#038;preview_id=464127"},"modified":"2024-02-18T09:39:32","modified_gmt":"2024-02-18T08:39:32","slug":"athletisme-championnats-de-france-salle-gletty-erius-samba-mayela-ce-quil-faut-retenir-de-la-1ere-journee","status":"publish","type":"post","link":"https:\/\/dicodusport.fr\/blog\/athletisme-championnats-de-france-salle-gletty-erius-samba-mayela-ce-quil-faut-retenir-de-la-1ere-journee\/","title":{"rendered":"Athl\u00e9tisme Championnats de France (salle) : Gletty, Erius, Samba-Mayela, ce qu&rsquo;il faut retenir de la 1\u00e8re journ\u00e9e"},"content":{"rendered":"<p style=\"text-align: justify;\"><strong><em>CHAMPIONNATS DE FRANCE EN SALLE 2024 &#8211; Retour sur la premi\u00e8re journ\u00e9e de comp\u00e9tition, marqu\u00e9e par de grosses performances. Jeff Erius r\u00e9alise les minima pour les Mondiaux en salle sur 60 m, tandis que Margot Chevrier, Cyr\u00e9na Samba-Mayela ou encore Fred Dag\u00e9e ont tenu leur rang.<\/em><\/strong><\/p>\n<ul>\n<li style=\"text-align: justify;\"><strong>\u00c0 ce sujet &#8211; <a href=\"https:\/\/dicodusport.fr\/blog\/athletisme-programme-et-resultats-championnats-de-france-en-salle-2024\/\">Athl\u00e9tisme \u2013 Programme et r\u00e9sultats Championnats de France en salle 2024<\/a><\/strong><\/li>\n<\/ul>\n<h2 style=\"text-align: justify;\">Ilionis Guillaume premi\u00e8re championne de France, avec un record<\/h2>\n<p style=\"text-align: justify;\">Le premier titre de championne de France a \u00e9t\u00e9 d\u00e9croch\u00e9 avec la mani\u00e8re par<strong> Ilionis Guillaume.<\/strong> La Bordelaise a d\u00e9coll\u00e9 \u00e0 son dernier essai \u00e0 14.11 m, s&rsquo;offrant son record personnel. Elle avait d\u00e9j\u00e0 plant\u00e9 le d\u00e9cor \u00e0 son premier essai, avec 13.84 m. Elle devance la soci\u00e9taire du Limoges Athl\u00e9, <strong>Cl\u00e9mence Rougier.<\/strong> Qui s&rsquo;offre un record de France juniors en salle, avec un bond \u00e0 13.62 m d\u00e8s son premier essai. Les deux dominent la favorite annonc\u00e9e, <strong>Rouguy Diallo<\/strong>. Qui est retomb\u00e9e \u00e0 13.57 m. Ce concours n&rsquo;\u00e9tait pas le plus attendu, mais a offert du suspense et de tr\u00e8s belles performances. Une excellente mise en bouche.<\/p>\n<h2 style=\"text-align: justify;\">Cyr\u00e9na Samba-Mayela assume son statut, minima pour Jeff Erius<\/h2>\n<p style=\"text-align: justify;\">Pas de surprises sur le 60 m haies femmes. Les trois femmes qui ont r\u00e9alis\u00e9 les minima pour Glasgow ont assum\u00e9 leur statut. Et dans l&rsquo;ordre. Favorite, la championne du monde en salle 2022, <strong>Cyr\u00e9na Samba-Mayela<\/strong>, s&rsquo;offre une victoire et son meilleur chrono de la saison en 7.87. Elle devance <strong>La\u00ebticia Bapt\u00e9<\/strong> qui r\u00e9alise aussi son meilleur chrono de la saison en 7.94. <strong>Solenn Compper<\/strong> r\u00e9alise, elle son, meilleur chrono de la saison en 8.00. Les trois devraient s&rsquo;envoler en \u00c9cosse d\u00e9fendre le maillot de l&rsquo;\u00e9quipe de France.<\/p>\n<blockquote class=\"twitter-tweet\">\n<p dir=\"ltr\" lang=\"fr\">\ud83d\udd25 Meilleure performance fran\u00e7aise de l\u2019ann\u00e9e !<\/p>\n<p>\ud83e\udd47 Cyr\u00e9na Samba-Mayela (Lille MA) s\u2019impose en 7\u201d87 sur 60 m haies et s\u2019offre le titre de championne de France.<\/p>\n<p>\ud83d\udcbb Les <a href=\"https:\/\/twitter.com\/hashtag\/CFAthl%C3%A9?src=hash&amp;ref_src=twsrc%5Etfw\">#CFAthl\u00e9<\/a> sont \u00e0 suivre en DIRECT et en int\u00e9gralit\u00e9 sur <a href=\"https:\/\/t.co\/63xdTVLhtA\">https:\/\/t.co\/63xdTVLhtA<\/a> et <a href=\"https:\/\/t.co\/03uPxQWvmq\">https:\/\/t.co\/03uPxQWvmq<\/a> <a href=\"https:\/\/t.co\/bey6fWSGtu\">pic.twitter.com\/bey6fWSGtu<\/a><\/p>\n<p>\u2014 FFAthl\u00e9tisme (@FFAthletisme) <a href=\"https:\/\/twitter.com\/FFAthletisme\/status\/1758916570368090461?ref_src=twsrc%5Etfw\">February 17, 2024<\/a><\/p><\/blockquote>\n<p><script async src=\"https:\/\/platform.twitter.com\/widgets.js\" charset=\"utf-8\"><\/script><\/p>\n<p style=\"text-align: justify;\"><strong>Orlann Oli\u00e8re<\/strong> a \u00e9galement tenu son rang sur la ligne droite, mais sans les haies. Remportant la course en 7.21, encore un chrono tr\u00e8s solide pour la sprinteuse. Qui domine<strong> Mallory Leconte<\/strong> (7.28). Alors que <strong>Chlo\u00e9 Galet<\/strong> se pare de bronze en 7.31. Chez les hommes,<strong> Jeff Erius<\/strong> a carr\u00e9ment fait coup double. En s&rsquo;imposant et en s&rsquo;offrant les minima pour les championnats du monde en salle. Avec un record port\u00e9 \u00e0 6.58. Pile le chrono qu&rsquo;il faut. Pour devancer <strong>Antoine Thoraval<\/strong> (6.64) et <strong>Allan Lagui<\/strong>, qui pulv\u00e9rise son record, pour le porter \u00e0 6.65. Le sprint court se trouve une belle rel\u00e8ve avec un podium \u00e0 moins de 22 ans de moyenne d&rsquo;\u00e2ge.<\/p>\n<h2 style=\"text-align: justify;\">Margot Chevrier solide<\/h2>\n<p style=\"text-align: justify;\"><strong>Margot Chevrier<\/strong> n&rsquo;a eu besoin que de deux sauts pour valider son titre de championne de France. Une entr\u00e9e \u00e0 4.40 m puis un second bond \u00e0 4.56 m. La Ni\u00e7oise avait d\u00e9j\u00e0 pli\u00e9 le concours. Elle a ensuite pass\u00e9 4.66 m \u00e0 sa seconde tentative, son record personnel en salle. Avant de s&rsquo;attaquer sans succ\u00e8s aux minima olympiques (4.73 m). Mais elle s&rsquo;offre un 3e concours \u00e0 plus de 4.60 m cet hiver. Et devance <strong>Ninon Chapelle,<\/strong> qui a pourtant montr\u00e9 des signes de forme, mais qui s&rsquo;est arr\u00eat\u00e9e \u00e0 4.50 m. Cette derni\u00e8re peut nourrir des regrets.<strong> Marie-Julie Bonnin<\/strong> prend la derni\u00e8re place sur le podium, avec 4.40 m.<\/p>\n<blockquote class=\"twitter-tweet\">\n<p dir=\"ltr\" lang=\"fr\">\ud83d\udc4c Seule au sommet !<\/p>\n<p>\ud83e\udd47 Margot Chevrier (Nice C\u00f4te d\u2019Azur Athl\u00e9tisme) conserve son titre et signe le record des championnats de France Elite en salle avec 4,66 m !<\/p>\n<p>\ud83d\udcbb Les <a href=\"https:\/\/twitter.com\/hashtag\/CFAthl%C3%A9?src=hash&amp;ref_src=twsrc%5Etfw\">#CFAthl\u00e9<\/a> sont \u00e0 suivre en DIRECT et en int\u00e9gralit\u00e9 sur <a href=\"https:\/\/t.co\/63xdTVLhtA\">https:\/\/t.co\/63xdTVLhtA<\/a> et sur <a href=\"https:\/\/twitter.com\/lachainelequipe?ref_src=twsrc%5Etfw\">@lachainelequipe<\/a> <a href=\"https:\/\/t.co\/CdmNvx8Vah\">pic.twitter.com\/CdmNvx8Vah<\/a><\/p>\n<p>\u2014 FFAthl\u00e9tisme (@FFAthletisme) <a href=\"https:\/\/twitter.com\/FFAthletisme\/status\/1758906691029012698?ref_src=twsrc%5Etfw\">February 17, 2024<\/a><\/p><\/blockquote>\n<p><script async src=\"https:\/\/platform.twitter.com\/widgets.js\" charset=\"utf-8\"><\/script><\/p>\n<p style=\"text-align: justify;\"><strong>Amanda Ngandu-Ntumba<\/strong> a explos\u00e9 son record de pr\u00e8s de 40 centim\u00e8tres, pour dominer le concours du poids, avec son jet \u00e0 16.61 m. Elle devance <strong>Christine Gavarin<\/strong>, qui a port\u00e9 son record \u00e0 15.99 m et <strong>Naomie Wuta<\/strong>, qui a lanc\u00e9 \u00e0 15.06 m. <strong>Alice Finot<\/strong> a ouvert le bal des courses, avec un titre logique sur 3 000 m. Elle s&rsquo;est envol\u00e9e \u00e0 la mi-course, sans vraiment appuyer \u00e0 fond. La 5e des Mondiaux de Budapest sur 3 000 m steeple a boucl\u00e9 sa course en 9:06.18 et devance <strong>Lise Thimion<\/strong> (9:11.10) et <strong>Amal Bouyij<\/strong> (9:13.48). Chez les hommes, <strong>Romain Mornet<\/strong> a assum\u00e9 son statut de favori, pour l&#8217;emporter en 8:00.29. Devan\u00e7ant <strong>Simon B\u00e9dard<\/strong> qui coiffe <strong>Nicolas-Marie Daru<\/strong> (8:00.74 contre 8:00.86).<\/p>\n<blockquote class=\"twitter-tweet\">\n<p dir=\"ltr\" lang=\"fr\">\ud83e\udd29 Quatre \u00e0 la suite !<\/p>\n<p>\ud83e\udd47 Avec 16,61 m, Amanda Ngandu-Ntumba (CA du Roannais) d\u00e9croche son quatri\u00e8me titre cons\u00e9cutif de championne de France Elite en salle.<\/p>\n<p>\ud83d\udcbb Les <a href=\"https:\/\/twitter.com\/hashtag\/CFAthl%C3%A9?src=hash&amp;ref_src=twsrc%5Etfw\">#CFAthl\u00e9<\/a> sont \u00e0 suivre en DIRECT et en int\u00e9gralit\u00e9 sur <a href=\"https:\/\/t.co\/63xdTVLhtA\">https:\/\/t.co\/63xdTVLhtA<\/a> et <a href=\"https:\/\/t.co\/03uPxQWvmq\">https:\/\/t.co\/03uPxQWvmq<\/a> <a href=\"https:\/\/t.co\/FUrgCW39Da\">pic.twitter.com\/FUrgCW39Da<\/a><\/p>\n<p>\u2014 FFAthl\u00e9tisme (@FFAthletisme) <a href=\"https:\/\/twitter.com\/FFAthletisme\/status\/1758898511234355696?ref_src=twsrc%5Etfw\">February 17, 2024<\/a><\/p><\/blockquote>\n<p><script async src=\"https:\/\/platform.twitter.com\/widgets.js\" charset=\"utf-8\"><\/script><\/p>\n<h2 style=\"text-align: justify;\">La surprise Odile Ahouanwanou<\/h2>\n<p style=\"text-align: justify;\"><strong>Odile Ahouanwanou<\/strong> n&rsquo;\u00e9tait pas favorite du pentathlon, au vu de son d\u00e9but de saison. Mais au terme d&rsquo;une journ\u00e9e exceptionnelle, elle s&rsquo;approche de son record personnel pour r\u00e9aliser 4 449 points. Avec notamment un \u00e9norme concours de poids \u00e0 15.35 m. C&rsquo;est l\u00e0 qu&rsquo;elle fait la diff\u00e9rence. Elle r\u00e9alise 8.53 au 60 m haies, 1.75 m \u00e0 la hauteur, 6.03 m \u00e0 la longueur et 2:23.25 sur 800 m. Favorite, <strong>C\u00e9lia Perron<\/strong> n&rsquo;a pas d\u00e9m\u00e9rit\u00e9, \u00e9tant \u00e0 26 points de la vainqueure&#8230; Et de son record, avec 4 423 points. Il lui en aura manqu\u00e9, malgr\u00e9 un gros baroud d&rsquo;honneur sur 800 m. <strong>Maylis Darriet<\/strong> explose son record personnel au pentathlon, avec 4 219 points, au terme d&rsquo;un pentathlon historique avec sept filles \u00e0 plus de 4 000 points.<\/p>\n<p style=\"text-align: justify;\"><strong>Fred Dag\u00e9e<\/strong> signe son retour aux affaires avec un jet tout proche des 20 m\u00e8tres au poids, avec ses 19.90 m. C&rsquo;est probant pour lui. <strong>Sol\u00e8ne Gicquel<\/strong> s&rsquo;impose \u00e0 la hauteur, aux essais, par rapport \u00e0 Lola Picard. Toutes deux ont bondi \u00e0 1.86 m. Du c\u00f4t\u00e9 de la longueur, c&rsquo;est <strong>Erwan Konat\u00e9<\/strong> qui a su tenir son rang. Avec un bond \u00e0 7.97 m, pour son premier titre de champion de France. Le seul saut valid\u00e9 de sa soir\u00e9e, mais celui qu&rsquo;il fallait. Il devance<strong> Titouan Bizet<\/strong>, qui cr\u00e9e la surprise \u00e0 la longueur, avec un record personnel port\u00e9 \u00e0 7.67 m.<strong> Tom Campagne<\/strong> prend la 3e place, avec un bond \u00e0 7.60 m<\/p>\n<h2 style=\"text-align: justify;\">Les autres r\u00e9sultats \u00e0 retenir<\/h2>\n<p style=\"text-align: justify;\">Du c\u00f4t\u00e9 de l&rsquo;heptathlon, <strong>Kevin Mayer<\/strong> et <strong>Makenson Gletty<\/strong> ont choisi un programme \u00e0 la carte. Cela n&rsquo;a pas emp\u00each\u00e9 ce dernier de s&rsquo;offrir un record personnel au poids, avec un jet \u00e0 16.61 m. Mais ils ont ouvert la porte \u00e0 d&rsquo;autres. Et c&rsquo;est <strong>Luc Brewin<\/strong> qui bascule en t\u00eate. Avec un 6.93 au 60 m, un beau 7.33 m \u00e0 la longueur, mais aussi un 13.37 m au poids et un record personnel \u00e0 la hauteur, avec son bond \u00e0 1.88 m. Pour totaliser 3 186 points. Il devance<strong> Ga\u00ebtan Petit<\/strong> (3 142 points) et<strong> Bastien Auzeil<\/strong> (3 125 points).<\/p>\n<p style=\"text-align: justify;\"><strong>Thomas Jordier<\/strong> a impressionn\u00e9 sur les s\u00e9ries du 400 m, dominant sa course en 46.18 \u00e0 quelques centi\u00e8mes de son record personnel. Chez les femmes, <strong>Camille Seri<\/strong> a \u00e9t\u00e9 tr\u00e8s solide pour aller passer sous les 53 secondes (52.92) et r\u00e9aliser le meilleur temps des s\u00e9ries. Devant<strong> Amandine Brossier<\/strong>, qui a gagn\u00e9 sa course en 52.94, apr\u00e8s un d\u00e9part rapide. Cela promet une finale plus ouverte que pr\u00e9vu. Car <strong>Marjorie Veyssiere<\/strong> domine sa course en 53.70. Et<strong> Louise Maraval<\/strong> est all\u00e9e un dixi\u00e8me plus vite.<\/p>\n<p style=\"text-align: justify;\"><strong>L\u00e9na Kandissounon<\/strong> et <strong>Ana\u00efs Bourgoin<\/strong> n&rsquo;ont pas eu de difficult\u00e9s \u00e0 se sortir du pi\u00e8ge des s\u00e9ries sur le 800 m. Les deux ont remport\u00e9 leur course, respectivement en 2:06.91 et 2:07.05. Outsider, <strong>Ad\u00e8le Gay<\/strong> s&rsquo;est fait disqualifier apr\u00e8s sa course. <strong>Benjamin Robert<\/strong> et <strong>Paul Anselmini<\/strong> ont domin\u00e9 leur course chez les hommes. <strong>Corentin Le Clezio<\/strong> s&rsquo;est fait un peu peur dans la seconde course, mais verra \u00e9galement les finales.<\/p>\n<blockquote class=\"twitter-tweet\">\n<p dir=\"ltr\" lang=\"fr\">\ud83d\udca3 Un temps canon !<\/p>\n<p>\ud83c\udfbd Thomas Jordier (Amiens Uc) survole sa s\u00e9rie du 400 m en 46\u201d18 et signe la cinqui\u00e8me meilleure performance europ\u00e9enne de l\u2019hiver.<\/p>\n<p>\ud83d\udcbb Les <a href=\"https:\/\/twitter.com\/hashtag\/CFAthl%C3%A9?src=hash&amp;ref_src=twsrc%5Etfw\">#CFAthl\u00e9<\/a> sont \u00e0 suivre en DIRECT et en int\u00e9gralit\u00e9 sur <a href=\"https:\/\/t.co\/63xdTVLhtA\">https:\/\/t.co\/63xdTVLhtA<\/a> et <a href=\"https:\/\/t.co\/03uPxQWvmq\">https:\/\/t.co\/03uPxQWvmq<\/a> <a href=\"https:\/\/t.co\/lBTtTwJPOH\">pic.twitter.com\/lBTtTwJPOH<\/a><\/p>\n<p>\u2014 FFAthl\u00e9tisme (@FFAthletisme) <a href=\"https:\/\/twitter.com\/FFAthletisme\/status\/1758874587696115738?ref_src=twsrc%5Etfw\">February 17, 2024<\/a><\/p><\/blockquote>\n<p><script async src=\"https:\/\/platform.twitter.com\/widgets.js\" charset=\"utf-8\"><\/script><\/p>\n","protected":false},"excerpt":{"rendered":"<p>CHAMPIONNATS DE FRANCE EN SALLE 2024 &#8211; Retour sur la premi\u00e8re journ\u00e9e de comp\u00e9tition, marqu\u00e9e par de grosses performances. Jeff Erius r\u00e9alise les minima pour les Mondiaux en salle sur 60 m, tandis que Margot Chevrier, Cyr\u00e9na Samba-Mayela ou encore Fred Dag\u00e9e ont tenu leur rang.<\/p>\n","protected":false},"author":83,"featured_media":464451,"comment_status":"open","ping_status":"closed","sticky":false,"template":"","format":"standard","meta":{"_acf_changed":false,"_daextam_enable_autolinks":"1","footnotes":""},"categories":[2308],"tags":[143,16878,14537,30028],"class_list":["post-464127","post","type-post","status-publish","format-standard","has-post-thumbnail","hentry","category-athletisme","tag-athletisme","tag-breve","tag-cyrena-samba-mayela","tag-margot-chevrier"],"acf":[],"yoast_head":"<!-- This site is optimized with the Yoast SEO Premium plugin v26.7 (Yoast SEO v26.7) - https:\/\/yoast.com\/wordpress\/plugins\/seo\/ -->\n<title>Athl\u00e9tisme Championnats de France (salle) : Gletty, Erius, Samba-Mayela, ce qu&#039;il faut retenir de la 1\u00e8re journ\u00e9e<\/title>\n<meta name=\"description\" content=\"CHAMPIONNATS DE FRANCE EN SALLE 2024 - Retour sur la premi\u00e8re journ\u00e9e de comp\u00e9tition, marqu\u00e9e par de grosses performances.\" \/>\n<meta name=\"robots\" content=\"index, follow, max-snippet:-1, max-image-preview:large, max-video-preview:-1\" \/>\n<link rel=\"canonical\" href=\"https:\/\/dicodusport.fr\/blog\/athletisme-championnats-de-france-salle-gletty-erius-samba-mayela-ce-quil-faut-retenir-de-la-1ere-journee\/\" \/>\n<meta property=\"og:locale\" content=\"fr_FR\" \/>\n<meta property=\"og:type\" content=\"article\" \/>\n<meta property=\"og:title\" content=\"Athl\u00e9tisme Championnats de France (salle) : Gletty, Erius, Samba-Mayela, ce qu&#039;il faut retenir de la 1\u00e8re journ\u00e9e\" \/>\n<meta property=\"og:description\" content=\"CHAMPIONNATS DE FRANCE EN SALLE 2024 - Retour sur la premi\u00e8re journ\u00e9e de comp\u00e9tition, marqu\u00e9e par de grosses performances.\" \/>\n<meta property=\"og:url\" content=\"https:\/\/dicodusport.fr\/blog\/athletisme-championnats-de-france-salle-gletty-erius-samba-mayela-ce-quil-faut-retenir-de-la-1ere-journee\/\" \/>\n<meta property=\"og:site_name\" content=\"Dicodusport\" \/>\n<meta property=\"article:publisher\" content=\"https:\/\/www.facebook.com\/dicodusport\" \/>\n<meta property=\"article:published_time\" content=\"2024-02-17T18:40:06+00:00\" \/>\n<meta property=\"article:modified_time\" content=\"2024-02-18T08:39:32+00:00\" \/>\n<meta property=\"og:image\" content=\"https:\/\/dicodusport.fr\/blog\/wp-content\/uploads\/2024\/02\/Ch.-de-France-en-salle-Gletty-Erius-Samba-Mayela-ce-quil-faut-retenir-de-la-premiere-journee.png\" \/>\n\t<meta property=\"og:image:width\" content=\"1200\" \/>\n\t<meta property=\"og:image:height\" content=\"674\" \/>\n\t<meta property=\"og:image:type\" content=\"image\/png\" \/>\n<meta name=\"author\" content=\"Etienne Goursaud\" \/>\n<meta name=\"twitter:card\" content=\"summary_large_image\" \/>\n<meta name=\"twitter:title\" content=\"Athl\u00e9tisme Championnats de France (salle) : Gletty, Erius, Samba-Mayela, ce qu&#039;il faut retenir de la 1\u00e8re journ\u00e9e\" \/>\n<meta name=\"twitter:creator\" content=\"@dicodusport\" \/>\n<meta name=\"twitter:site\" content=\"@dicodusport\" \/>\n<script type=\"application\/ld+json\" class=\"yoast-schema-graph\">{\"@context\":\"https:\/\/schema.org\",\"@graph\":[{\"@type\":\"NewsArticle\",\"@id\":\"https:\/\/dicodusport.fr\/blog\/athletisme-championnats-de-france-salle-gletty-erius-samba-mayela-ce-quil-faut-retenir-de-la-1ere-journee\/#article\",\"isPartOf\":{\"@id\":\"https:\/\/dicodusport.fr\/blog\/athletisme-championnats-de-france-salle-gletty-erius-samba-mayela-ce-quil-faut-retenir-de-la-1ere-journee\/\"},\"author\":{\"name\":\"Etienne Goursaud\",\"@id\":\"https:\/\/dicodusport.fr\/blog\/#\/schema\/person\/d603dd7da31fb2b46c82b9835a77ec13\"},\"headline\":\"Athl\u00e9tisme Championnats de France (salle) : Gletty, Erius, Samba-Mayela, ce qu&rsquo;il faut retenir de la 1\u00e8re journ\u00e9e\",\"datePublished\":\"2024-02-17T18:40:06+00:00\",\"dateModified\":\"2024-02-18T08:39:32+00:00\",\"mainEntityOfPage\":{\"@id\":\"https:\/\/dicodusport.fr\/blog\/athletisme-championnats-de-france-salle-gletty-erius-samba-mayela-ce-quil-faut-retenir-de-la-1ere-journee\/\"},\"wordCount\":1368,\"commentCount\":0,\"publisher\":{\"@id\":\"https:\/\/dicodusport.fr\/blog\/#organization\"},\"image\":{\"@id\":\"https:\/\/dicodusport.fr\/blog\/athletisme-championnats-de-france-salle-gletty-erius-samba-mayela-ce-quil-faut-retenir-de-la-1ere-journee\/#primaryimage\"},\"thumbnailUrl\":\"https:\/\/dicodusport.fr\/blog\/wp-content\/uploads\/2024\/02\/Ch.-de-France-en-salle-Gletty-Erius-Samba-Mayela-ce-quil-faut-retenir-de-la-premiere-journee.png\",\"keywords\":[\"Athl\u00e9tisme\",\"br\u00e8ve\",\"Cyr\u00e9na Samba-Mayela\",\"Margot Chevrier\"],\"articleSection\":[\"Athl\u00e9tisme\"],\"inLanguage\":\"fr-FR\",\"potentialAction\":[{\"@type\":\"CommentAction\",\"name\":\"Comment\",\"target\":[\"https:\/\/dicodusport.fr\/blog\/athletisme-championnats-de-france-salle-gletty-erius-samba-mayela-ce-quil-faut-retenir-de-la-1ere-journee\/#respond\"]}],\"copyrightYear\":\"2024\",\"copyrightHolder\":{\"@id\":\"https:\/\/dicodusport.fr\/blog\/#organization\"}},{\"@type\":\"WebPage\",\"@id\":\"https:\/\/dicodusport.fr\/blog\/athletisme-championnats-de-france-salle-gletty-erius-samba-mayela-ce-quil-faut-retenir-de-la-1ere-journee\/\",\"url\":\"https:\/\/dicodusport.fr\/blog\/athletisme-championnats-de-france-salle-gletty-erius-samba-mayela-ce-quil-faut-retenir-de-la-1ere-journee\/\",\"name\":\"Athl\u00e9tisme Championnats de France (salle) : Gletty, Erius, Samba-Mayela, ce qu'il faut retenir de la 1\u00e8re journ\u00e9e\",\"isPartOf\":{\"@id\":\"https:\/\/dicodusport.fr\/blog\/#website\"},\"primaryImageOfPage\":{\"@id\":\"https:\/\/dicodusport.fr\/blog\/athletisme-championnats-de-france-salle-gletty-erius-samba-mayela-ce-quil-faut-retenir-de-la-1ere-journee\/#primaryimage\"},\"image\":{\"@id\":\"https:\/\/dicodusport.fr\/blog\/athletisme-championnats-de-france-salle-gletty-erius-samba-mayela-ce-quil-faut-retenir-de-la-1ere-journee\/#primaryimage\"},\"thumbnailUrl\":\"https:\/\/dicodusport.fr\/blog\/wp-content\/uploads\/2024\/02\/Ch.-de-France-en-salle-Gletty-Erius-Samba-Mayela-ce-quil-faut-retenir-de-la-premiere-journee.png\",\"datePublished\":\"2024-02-17T18:40:06+00:00\",\"dateModified\":\"2024-02-18T08:39:32+00:00\",\"description\":\"CHAMPIONNATS DE FRANCE EN SALLE 2024 - Retour sur la premi\u00e8re journ\u00e9e de comp\u00e9tition, marqu\u00e9e par de grosses performances.\",\"breadcrumb\":{\"@id\":\"https:\/\/dicodusport.fr\/blog\/athletisme-championnats-de-france-salle-gletty-erius-samba-mayela-ce-quil-faut-retenir-de-la-1ere-journee\/#breadcrumb\"},\"inLanguage\":\"fr-FR\",\"potentialAction\":[{\"@type\":\"ReadAction\",\"target\":[\"https:\/\/dicodusport.fr\/blog\/athletisme-championnats-de-france-salle-gletty-erius-samba-mayela-ce-quil-faut-retenir-de-la-1ere-journee\/\"]}]},{\"@type\":\"ImageObject\",\"inLanguage\":\"fr-FR\",\"@id\":\"https:\/\/dicodusport.fr\/blog\/athletisme-championnats-de-france-salle-gletty-erius-samba-mayela-ce-quil-faut-retenir-de-la-1ere-journee\/#primaryimage\",\"url\":\"https:\/\/dicodusport.fr\/blog\/wp-content\/uploads\/2024\/02\/Ch.-de-France-en-salle-Gletty-Erius-Samba-Mayela-ce-quil-faut-retenir-de-la-premiere-journee.png\",\"contentUrl\":\"https:\/\/dicodusport.fr\/blog\/wp-content\/uploads\/2024\/02\/Ch.-de-France-en-salle-Gletty-Erius-Samba-Mayela-ce-quil-faut-retenir-de-la-premiere-journee.png\",\"width\":1200,\"height\":674,\"caption\":\"Ch. de France en salle : Gletty, Erius, Samba-Mayela, ce qu'il faut retenir de la premi\u00e8re journ\u00e9e\"},{\"@type\":\"BreadcrumbList\",\"@id\":\"https:\/\/dicodusport.fr\/blog\/athletisme-championnats-de-france-salle-gletty-erius-samba-mayela-ce-quil-faut-retenir-de-la-1ere-journee\/#breadcrumb\",\"itemListElement\":[{\"@type\":\"ListItem\",\"position\":1,\"name\":\"Accueil\",\"item\":\"https:\/\/dicodusport.fr\/blog\/\"},{\"@type\":\"ListItem\",\"position\":2,\"name\":\"Athl\u00e9tisme Championnats de France (salle) : Gletty, Erius, Samba-Mayela, ce qu&rsquo;il faut retenir de la 1\u00e8re journ\u00e9e\"}]},{\"@type\":\"WebSite\",\"@id\":\"https:\/\/dicodusport.fr\/blog\/#website\",\"url\":\"https:\/\/dicodusport.fr\/blog\/\",\"name\":\"Dicodusport\",\"description\":\"L&#039;encyclop\u00e9die de l&#039;actualit\u00e9 sportive\",\"publisher\":{\"@id\":\"https:\/\/dicodusport.fr\/blog\/#organization\"},\"potentialAction\":[{\"@type\":\"SearchAction\",\"target\":{\"@type\":\"EntryPoint\",\"urlTemplate\":\"https:\/\/dicodusport.fr\/blog\/?s={search_term_string}\"},\"query-input\":{\"@type\":\"PropertyValueSpecification\",\"valueRequired\":true,\"valueName\":\"search_term_string\"}}],\"inLanguage\":\"fr-FR\"},{\"@type\":\"NewsMediaOrganization\",\"@id\":\"https:\/\/dicodusport.fr\/blog\/#organization\",\"name\":\"Dicodusport\",\"url\":\"https:\/\/dicodusport.fr\/blog\/\",\"logo\":{\"@type\":\"ImageObject\",\"inLanguage\":\"fr-FR\",\"@id\":\"https:\/\/dicodusport.fr\/blog\/#\/schema\/logo\/image\/\",\"url\":\"https:\/\/dicodusport.fr\/blog\/wp-content\/uploads\/2020\/06\/cropped-LOGO-DICODUSPORT-2020-SANS-FOND-SANS-TEXTE.png\",\"contentUrl\":\"https:\/\/dicodusport.fr\/blog\/wp-content\/uploads\/2020\/06\/cropped-LOGO-DICODUSPORT-2020-SANS-FOND-SANS-TEXTE.png\",\"width\":512,\"height\":512,\"caption\":\"Dicodusport\"},\"image\":{\"@id\":\"https:\/\/dicodusport.fr\/blog\/#\/schema\/logo\/image\/\"},\"sameAs\":[\"https:\/\/www.facebook.com\/dicodusport\",\"https:\/\/x.com\/dicodusport\",\"https:\/\/www.instagram.com\/dicodusport\/\",\"https:\/\/www.youtube.com\/channel\/UC7V2KZ5sd3htJivAbA4ZG3w\"],\"description\":\"Dicodusport est l'encyclop\u00e9die de l'actualit\u00e9 sportive.\",\"email\":\"bonjour@dicodusport.fr\",\"legalName\":\"DICODUSPORT\",\"foundingDate\":\"2018-01-14\",\"vatID\":\"FR71834470973\",\"taxID\":\"83447097300043\",\"numberOfEmployees\":{\"@type\":\"QuantitativeValue\",\"minValue\":\"1\",\"maxValue\":\"10\"}},{\"@type\":\"Person\",\"@id\":\"https:\/\/dicodusport.fr\/blog\/#\/schema\/person\/d603dd7da31fb2b46c82b9835a77ec13\",\"name\":\"Etienne Goursaud\",\"image\":{\"@type\":\"ImageObject\",\"inLanguage\":\"fr-FR\",\"@id\":\"https:\/\/dicodusport.fr\/blog\/#\/schema\/person\/image\/\",\"url\":\"https:\/\/dicodusport.fr\/blog\/wp-content\/uploads\/2023\/12\/410122264_10231602061736049_5565839791558026645_n-150x150.jpg\",\"contentUrl\":\"https:\/\/dicodusport.fr\/blog\/wp-content\/uploads\/2023\/12\/410122264_10231602061736049_5565839791558026645_n-150x150.jpg\",\"caption\":\"Etienne Goursaud\"},\"description\":\"Journaliste et amoureux de sport. Ancien footballeur reconverti athl\u00e8te quand ses muscles le laissent tranquille. \u00c9lev\u00e9 \u00e0 la sauce des exploits de Thomas Voeckler en 2004, du dernier essai de l\u00e9gende de Eunice Barber \u00e0 la longueur lors des championnats du monde d'athl\u00e9tisme de 2003 mais aussi Zidane, Omeyer et Titou Lamaison.\",\"url\":\"https:\/\/dicodusport.fr\/blog\/author\/etienne-goursaud\/\"}]}<\/script>\n<!-- \/ Yoast SEO Premium plugin. -->","yoast_head_json":{"title":"Athl\u00e9tisme Championnats de France (salle) : Gletty, Erius, Samba-Mayela, ce qu'il faut retenir de la 1\u00e8re journ\u00e9e","description":"CHAMPIONNATS DE FRANCE EN SALLE 2024 - Retour sur la premi\u00e8re journ\u00e9e de comp\u00e9tition, marqu\u00e9e par de grosses performances.","robots":{"index":"index","follow":"follow","max-snippet":"max-snippet:-1","max-image-preview":"max-image-preview:large","max-video-preview":"max-video-preview:-1"},"canonical":"https:\/\/dicodusport.fr\/blog\/athletisme-championnats-de-france-salle-gletty-erius-samba-mayela-ce-quil-faut-retenir-de-la-1ere-journee\/","og_locale":"fr_FR","og_type":"article","og_title":"Athl\u00e9tisme Championnats de France (salle) : Gletty, Erius, Samba-Mayela, ce qu'il faut retenir de la 1\u00e8re journ\u00e9e","og_description":"CHAMPIONNATS DE FRANCE EN SALLE 2024 - Retour sur la premi\u00e8re journ\u00e9e de comp\u00e9tition, marqu\u00e9e par de grosses performances.","og_url":"https:\/\/dicodusport.fr\/blog\/athletisme-championnats-de-france-salle-gletty-erius-samba-mayela-ce-quil-faut-retenir-de-la-1ere-journee\/","og_site_name":"Dicodusport","article_publisher":"https:\/\/www.facebook.com\/dicodusport","article_published_time":"2024-02-17T18:40:06+00:00","article_modified_time":"2024-02-18T08:39:32+00:00","og_image":[{"width":1200,"height":674,"url":"https:\/\/dicodusport.fr\/blog\/wp-content\/uploads\/2024\/02\/Ch.-de-France-en-salle-Gletty-Erius-Samba-Mayela-ce-quil-faut-retenir-de-la-premiere-journee.png","type":"image\/png"}],"author":"Etienne Goursaud","twitter_card":"summary_large_image","twitter_title":"Athl\u00e9tisme Championnats de France (salle) : Gletty, Erius, Samba-Mayela, ce qu'il faut retenir de la 1\u00e8re journ\u00e9e","twitter_creator":"@dicodusport","twitter_site":"@dicodusport","schema":{"@context":"https:\/\/schema.org","@graph":[{"@type":"NewsArticle","@id":"https:\/\/dicodusport.fr\/blog\/athletisme-championnats-de-france-salle-gletty-erius-samba-mayela-ce-quil-faut-retenir-de-la-1ere-journee\/#article","isPartOf":{"@id":"https:\/\/dicodusport.fr\/blog\/athletisme-championnats-de-france-salle-gletty-erius-samba-mayela-ce-quil-faut-retenir-de-la-1ere-journee\/"},"author":{"name":"Etienne Goursaud","@id":"https:\/\/dicodusport.fr\/blog\/#\/schema\/person\/d603dd7da31fb2b46c82b9835a77ec13"},"headline":"Athl\u00e9tisme Championnats de France (salle) : Gletty, Erius, Samba-Mayela, ce qu&rsquo;il faut retenir de la 1\u00e8re journ\u00e9e","datePublished":"2024-02-17T18:40:06+00:00","dateModified":"2024-02-18T08:39:32+00:00","mainEntityOfPage":{"@id":"https:\/\/dicodusport.fr\/blog\/athletisme-championnats-de-france-salle-gletty-erius-samba-mayela-ce-quil-faut-retenir-de-la-1ere-journee\/"},"wordCount":1368,"commentCount":0,"publisher":{"@id":"https:\/\/dicodusport.fr\/blog\/#organization"},"image":{"@id":"https:\/\/dicodusport.fr\/blog\/athletisme-championnats-de-france-salle-gletty-erius-samba-mayela-ce-quil-faut-retenir-de-la-1ere-journee\/#primaryimage"},"thumbnailUrl":"https:\/\/dicodusport.fr\/blog\/wp-content\/uploads\/2024\/02\/Ch.-de-France-en-salle-Gletty-Erius-Samba-Mayela-ce-quil-faut-retenir-de-la-premiere-journee.png","keywords":["Athl\u00e9tisme","br\u00e8ve","Cyr\u00e9na Samba-Mayela","Margot Chevrier"],"articleSection":["Athl\u00e9tisme"],"inLanguage":"fr-FR","potentialAction":[{"@type":"CommentAction","name":"Comment","target":["https:\/\/dicodusport.fr\/blog\/athletisme-championnats-de-france-salle-gletty-erius-samba-mayela-ce-quil-faut-retenir-de-la-1ere-journee\/#respond"]}],"copyrightYear":"2024","copyrightHolder":{"@id":"https:\/\/dicodusport.fr\/blog\/#organization"}},{"@type":"WebPage","@id":"https:\/\/dicodusport.fr\/blog\/athletisme-championnats-de-france-salle-gletty-erius-samba-mayela-ce-quil-faut-retenir-de-la-1ere-journee\/","url":"https:\/\/dicodusport.fr\/blog\/athletisme-championnats-de-france-salle-gletty-erius-samba-mayela-ce-quil-faut-retenir-de-la-1ere-journee\/","name":"Athl\u00e9tisme Championnats de France (salle) : Gletty, Erius, Samba-Mayela, ce qu'il faut retenir de la 1\u00e8re journ\u00e9e","isPartOf":{"@id":"https:\/\/dicodusport.fr\/blog\/#website"},"primaryImageOfPage":{"@id":"https:\/\/dicodusport.fr\/blog\/athletisme-championnats-de-france-salle-gletty-erius-samba-mayela-ce-quil-faut-retenir-de-la-1ere-journee\/#primaryimage"},"image":{"@id":"https:\/\/dicodusport.fr\/blog\/athletisme-championnats-de-france-salle-gletty-erius-samba-mayela-ce-quil-faut-retenir-de-la-1ere-journee\/#primaryimage"},"thumbnailUrl":"https:\/\/dicodusport.fr\/blog\/wp-content\/uploads\/2024\/02\/Ch.-de-France-en-salle-Gletty-Erius-Samba-Mayela-ce-quil-faut-retenir-de-la-premiere-journee.png","datePublished":"2024-02-17T18:40:06+00:00","dateModified":"2024-02-18T08:39:32+00:00","description":"CHAMPIONNATS DE FRANCE EN SALLE 2024 - Retour sur la premi\u00e8re journ\u00e9e de comp\u00e9tition, marqu\u00e9e par de grosses performances.","breadcrumb":{"@id":"https:\/\/dicodusport.fr\/blog\/athletisme-championnats-de-france-salle-gletty-erius-samba-mayela-ce-quil-faut-retenir-de-la-1ere-journee\/#breadcrumb"},"inLanguage":"fr-FR","potentialAction":[{"@type":"ReadAction","target":["https:\/\/dicodusport.fr\/blog\/athletisme-championnats-de-france-salle-gletty-erius-samba-mayela-ce-quil-faut-retenir-de-la-1ere-journee\/"]}]},{"@type":"ImageObject","inLanguage":"fr-FR","@id":"https:\/\/dicodusport.fr\/blog\/athletisme-championnats-de-france-salle-gletty-erius-samba-mayela-ce-quil-faut-retenir-de-la-1ere-journee\/#primaryimage","url":"https:\/\/dicodusport.fr\/blog\/wp-content\/uploads\/2024\/02\/Ch.-de-France-en-salle-Gletty-Erius-Samba-Mayela-ce-quil-faut-retenir-de-la-premiere-journee.png","contentUrl":"https:\/\/dicodusport.fr\/blog\/wp-content\/uploads\/2024\/02\/Ch.-de-France-en-salle-Gletty-Erius-Samba-Mayela-ce-quil-faut-retenir-de-la-premiere-journee.png","width":1200,"height":674,"caption":"Ch. de France en salle : Gletty, Erius, Samba-Mayela, ce qu'il faut retenir de la premi\u00e8re journ\u00e9e"},{"@type":"BreadcrumbList","@id":"https:\/\/dicodusport.fr\/blog\/athletisme-championnats-de-france-salle-gletty-erius-samba-mayela-ce-quil-faut-retenir-de-la-1ere-journee\/#breadcrumb","itemListElement":[{"@type":"ListItem","position":1,"name":"Accueil","item":"https:\/\/dicodusport.fr\/blog\/"},{"@type":"ListItem","position":2,"name":"Athl\u00e9tisme Championnats de France (salle) : Gletty, Erius, Samba-Mayela, ce qu&rsquo;il faut retenir de la 1\u00e8re journ\u00e9e"}]},{"@type":"WebSite","@id":"https:\/\/dicodusport.fr\/blog\/#website","url":"https:\/\/dicodusport.fr\/blog\/","name":"Dicodusport","description":"L&#039;encyclop\u00e9die de l&#039;actualit\u00e9 sportive","publisher":{"@id":"https:\/\/dicodusport.fr\/blog\/#organization"},"potentialAction":[{"@type":"SearchAction","target":{"@type":"EntryPoint","urlTemplate":"https:\/\/dicodusport.fr\/blog\/?s={search_term_string}"},"query-input":{"@type":"PropertyValueSpecification","valueRequired":true,"valueName":"search_term_string"}}],"inLanguage":"fr-FR"},{"@type":"NewsMediaOrganization","@id":"https:\/\/dicodusport.fr\/blog\/#organization","name":"Dicodusport","url":"https:\/\/dicodusport.fr\/blog\/","logo":{"@type":"ImageObject","inLanguage":"fr-FR","@id":"https:\/\/dicodusport.fr\/blog\/#\/schema\/logo\/image\/","url":"https:\/\/dicodusport.fr\/blog\/wp-content\/uploads\/2020\/06\/cropped-LOGO-DICODUSPORT-2020-SANS-FOND-SANS-TEXTE.png","contentUrl":"https:\/\/dicodusport.fr\/blog\/wp-content\/uploads\/2020\/06\/cropped-LOGO-DICODUSPORT-2020-SANS-FOND-SANS-TEXTE.png","width":512,"height":512,"caption":"Dicodusport"},"image":{"@id":"https:\/\/dicodusport.fr\/blog\/#\/schema\/logo\/image\/"},"sameAs":["https:\/\/www.facebook.com\/dicodusport","https:\/\/x.com\/dicodusport","https:\/\/www.instagram.com\/dicodusport\/","https:\/\/www.youtube.com\/channel\/UC7V2KZ5sd3htJivAbA4ZG3w"],"description":"Dicodusport est l'encyclop\u00e9die de l'actualit\u00e9 sportive.","email":"bonjour@dicodusport.fr","legalName":"DICODUSPORT","foundingDate":"2018-01-14","vatID":"FR71834470973","taxID":"83447097300043","numberOfEmployees":{"@type":"QuantitativeValue","minValue":"1","maxValue":"10"}},{"@type":"Person","@id":"https:\/\/dicodusport.fr\/blog\/#\/schema\/person\/d603dd7da31fb2b46c82b9835a77ec13","name":"Etienne Goursaud","image":{"@type":"ImageObject","inLanguage":"fr-FR","@id":"https:\/\/dicodusport.fr\/blog\/#\/schema\/person\/image\/","url":"https:\/\/dicodusport.fr\/blog\/wp-content\/uploads\/2023\/12\/410122264_10231602061736049_5565839791558026645_n-150x150.jpg","contentUrl":"https:\/\/dicodusport.fr\/blog\/wp-content\/uploads\/2023\/12\/410122264_10231602061736049_5565839791558026645_n-150x150.jpg","caption":"Etienne Goursaud"},"description":"Journaliste et amoureux de sport. Ancien footballeur reconverti athl\u00e8te quand ses muscles le laissent tranquille. \u00c9lev\u00e9 \u00e0 la sauce des exploits de Thomas Voeckler en 2004, du dernier essai de l\u00e9gende de Eunice Barber \u00e0 la longueur lors des championnats du monde d'athl\u00e9tisme de 2003 mais aussi Zidane, Omeyer et Titou Lamaison.","url":"https:\/\/dicodusport.fr\/blog\/author\/etienne-goursaud\/"}]}},"_links":{"self":[{"href":"https:\/\/dicodusport.fr\/blog\/wp-json\/wp\/v2\/posts\/464127","targetHints":{"allow":["GET"]}}],"collection":[{"href":"https:\/\/dicodusport.fr\/blog\/wp-json\/wp\/v2\/posts"}],"about":[{"href":"https:\/\/dicodusport.fr\/blog\/wp-json\/wp\/v2\/types\/post"}],"author":[{"embeddable":true,"href":"https:\/\/dicodusport.fr\/blog\/wp-json\/wp\/v2\/users\/83"}],"replies":[{"embeddable":true,"href":"https:\/\/dicodusport.fr\/blog\/wp-json\/wp\/v2\/comments?post=464127"}],"version-history":[{"count":5,"href":"https:\/\/dicodusport.fr\/blog\/wp-json\/wp\/v2\/posts\/464127\/revisions"}],"predecessor-version":[{"id":464599,"href":"https:\/\/dicodusport.fr\/blog\/wp-json\/wp\/v2\/posts\/464127\/revisions\/464599"}],"wp:featuredmedia":[{"embeddable":true,"href":"https:\/\/dicodusport.fr\/blog\/wp-json\/wp\/v2\/media\/464451"}],"wp:attachment":[{"href":"https:\/\/dicodusport.fr\/blog\/wp-json\/wp\/v2\/media?parent=464127"}],"wp:term":[{"taxonomy":"category","embeddable":true,"href":"https:\/\/dicodusport.fr\/blog\/wp-json\/wp\/v2\/categories?post=464127"},{"taxonomy":"post_tag","embeddable":true,"href":"https:\/\/dicodusport.fr\/blog\/wp-json\/wp\/v2\/tags?post=464127"}],"curies":[{"name":"wp","href":"https:\/\/api.w.org\/{rel}","templated":true}]}}