{"id":464141,"date":"2024-03-31T10:04:26","date_gmt":"2024-03-31T08:04:26","guid":{"rendered":"https:\/\/dicodusport.fr\/blog\/?p=464141&#038;preview=true&#038;preview_id=464141"},"modified":"2024-03-31T10:04:19","modified_gmt":"2024-03-31T08:04:19","slug":"tour-des-flandres-2024-parcours-detaille-et-profil-du-ronde","status":"publish","type":"post","link":"https:\/\/dicodusport.fr\/blog\/tour-des-flandres-2024-parcours-detaille-et-profil-du-ronde\/","title":{"rendered":"Tour des Flandres 2024 : Profil et parcours d\u00e9taill\u00e9"},"content":{"rendered":"<p style=\"text-align: justify;\"><em><b>TOUR DES FLANDRES 2024<\/b><span class=\"tojvnm2t a6sixzi8 abs2jz4q a8s20v7p t1p8iaqh k5wvi7nf q3lfd5jv pk4s997a bipmatt0 cebpdrjk qowsmv63 owwhemhu dp1hu0rb dhp61c6y iyyx5f41\"><b> \u2013 Ce dimanche 31 mars 2024, les coureurs auront rendez-vous avec le deuxi\u00e8me Monument de la saison, le Tour des Flandres. Le 108\u00e8me Ronde Van Vlaanderen empruntera les c\u00e9l\u00e8bres monts des Ardennes flamandes. Parmi ces derniers, le Paterberg, le Vieux-Quaremont, le Koppenberg et le Taaienberg. Parcours complet et profil du Ronde.<\/b><\/span><\/em><\/p>\n<ul>\n<li style=\"text-align: justify;\"><strong>\u00c0 ce sujet \u2013\u00a0<a href=\"https:\/\/dicodusport.fr\/blog\/actualites\/cyclisme\/cyclisme-sur-route-2024\/\">L\u2019actualit\u00e9 du cyclisme sur route<\/a><\/strong><\/li>\n<\/ul>\n<p style=\"text-align: justify;\"><span class=\"tojvnm2t a6sixzi8 abs2jz4q a8s20v7p t1p8iaqh k5wvi7nf q3lfd5jv pk4s997a bipmatt0 cebpdrjk qowsmv63 owwhemhu dp1hu0rb dhp61c6y iyyx5f41\">Les 18 \u00e9quipes WorldTour seront pr\u00e9sentes ainsi que 7 ProTeams. \u00c0 savoir, les formations Bingoal WB, Lotto Dstny, Israel Premier Tech, Uno X Mobility, Q36.5 Pro Cycling, Flanders Baloise et Tudor Pro Cycling.<\/span><\/p>\n<h2 style=\"text-align: justify;\"><span class=\"tojvnm2t a6sixzi8 abs2jz4q a8s20v7p t1p8iaqh k5wvi7nf q3lfd5jv pk4s997a bipmatt0 cebpdrjk qowsmv63 owwhemhu dp1hu0rb dhp61c6y iyyx5f41\">Profil et parcours du Tour des Flandres 2024<\/span><\/h2>\n<p style=\"text-align: justify;\"><span class=\"tojvnm2t a6sixzi8 abs2jz4q a8s20v7p t1p8iaqh k5wvi7nf q3lfd5jv pk4s997a bipmatt0 cebpdrjk qowsmv63 owwhemhu dp1hu0rb dhp61c6y iyyx5f41\">D\u2019abord, les coureurs partiront \u00e0 10h depuis <b>Anvers<\/b>, Pour rappel, il y a une alternance avec Bruges (pour l&rsquo;\u00e9dition 2025) concernant les villes de d\u00e9part.\u00a0<\/span><\/p>\n<p style=\"text-align: justify;\"><span class=\"tojvnm2t a6sixzi8 abs2jz4q a8s20v7p t1p8iaqh k5wvi7nf q3lfd5jv pk4s997a bipmatt0 cebpdrjk qowsmv63 owwhemhu dp1hu0rb dhp61c6y iyyx5f41\">Ensuite, place \u00e0 une longue partie plate d\u2019environ 130 kilom\u00e8tres en traversant les villes de <strong>Sint-Niklaas,<\/strong> <b>Hamme,<\/b> de <strong>Lebbeke,<\/strong> <strong>Aalst<\/strong> en direction de <strong>Zottegem<\/strong>. Le peloton \u00e9voluera sur des routes larges et majoritairement rectilignes. La bataille pour former l&rsquo;\u00e9chapp\u00e9e matinale se d\u00e9roulera lors de ces premiers kilom\u00e8tres avec souvent des \u00e9quipes invit\u00e9es, sans grands leaders pour un top 10 final. Le peloton traversera dans cette longue premi\u00e8re partie de course les premi\u00e8res sections pav\u00e9es de la journ\u00e9e : le <strong>Lippenhovestraat<\/strong> (long de 1 300 m) et Paddestraat (long de 1 500 m) avant de rejoindre <strong>Audenarde.<\/strong> <\/span><\/p>\n<ul>\n<li style=\"text-align: justify;\"><strong>\u00c0 ce sujet &#8211; <a href=\"https:\/\/dicodusport.fr\/blog\/tour-des-flandres-2024-favoris-et-outsiders\/\">Tour des Flandres 2024 : Favoris et outsiders<\/a><\/strong><\/li>\n<\/ul>\n<h3 style=\"text-align: justify;\">Le Vieux-Quaremont, d\u00e9j\u00e0<\/h3>\n<p style=\"text-align: justify;\"><span class=\"tojvnm2t a6sixzi8 abs2jz4q a8s20v7p t1p8iaqh k5wvi7nf q3lfd5jv pk4s997a bipmatt0 cebpdrjk qowsmv63 owwhemhu dp1hu0rb dhp61c6y iyyx5f41\">Apr\u00e8s un long faux plat montant puis descendant, le peloton ira directement vers le <strong>Vieux-Quaremont<\/strong>. Cette longue colline \u00e0 travers les champs au milieu de la foule et l&rsquo;odeur de la bi\u00e8re. \u00c0 partir d&rsquo;ici, les monts vont se succ\u00e9der et les fuyards vont perdre du temps. Le <strong>Vieux-Quaremont<\/strong> fait partie du Tour des Flandres depuis 1974. Il a \u00e9t\u00e9 escalad\u00e9 \u00e0 plus de 70 reprises sur ce Monument. Il a \u00e9t\u00e9 instaur\u00e9 pour remplacer le Quaremont. Ce dernier a \u00e9t\u00e9 compl\u00e8tement asphalt\u00e9 et a donc perdu sa personnalit\u00e9. Les 2 200 m\u00e8tres du <strong>Vieux-Quaremont<\/strong> sont parall\u00e8les \u00e0 ce trac\u00e9 originel. Ce n&rsquo;est pas le mont le plus dur, avec une moyenne de 4,8 % et un maximum de 11 %, mais ses 1 500 m sur une \u00e9troite route pav\u00e9e le distingue des autres. Depuis 2012, il est escalad\u00e9 \u00e0 trois reprises durant la course.\u00a0<\/span><\/p>\n<p style=\"text-align: justify;\"><span class=\"tojvnm2t a6sixzi8 abs2jz4q a8s20v7p t1p8iaqh k5wvi7nf q3lfd5jv pk4s997a bipmatt0 cebpdrjk qowsmv63 owwhemhu dp1hu0rb dhp61c6y iyyx5f41\">Puis, apr\u00e8s une vingtaine de kilom\u00e8tres, les coureurs auront \u00e0 gravir plusieurs monts via des routes de campagne \u00e9troites et sinueuses. Le <b>Kappelberg <\/b>(1 100 m \u00e0 5,9 %), suivi du secteur pav\u00e9 du Holleweg (650 m) et du <strong>Wolvenberg<\/strong> (645 m \u00e0 7,9 %). Par la suite, les concurrents devront rouler sur les pav\u00e9s du <b>Kerkgate <\/b>(1100 m) et du <strong>Jagerij<\/strong> (800 m). D<\/span>es pr\u00e9tendants seront sans doute victimes de crevaison et auront besoin du soutien de leurs \u00e9quipiers pour ne pas gaspiller d\u2019\u00e9nergie. Bien s\u00fbr, ces secteurs seront moins terribles que les pav\u00e9s de l&rsquo;Enfer du Nord, mais attention en cas de chute.<\/p>\n<div class=\"vlp-link-container vlp-layout-article\"><a href=\"https:\/\/dicodusport.fr\/blog\/lhistoire-du-tour-des-flandres\/\" class=\"vlp-link\" title=\"L&#039;Histoire du Tour des Flandres\"><\/a><div class=\"vlp-layout-zone-side\"><div class=\"vlp-block-4 vlp-link-image\"><img loading=\"lazy\" decoding=\"async\" style=\"max-width: 800px;\" width=\"800\" height=\"445\" src=\"https:\/\/dicodusport.fr\/blog\/wp-content\/uploads\/2023\/03\/LHistoire-du-Tour-des-Flandres.png\" class=\"attachment-800x445 size-800x445\" alt=\"L&#039;Histoire du Tour des Flandres\" srcset=\"https:\/\/dicodusport.fr\/blog\/wp-content\/uploads\/2023\/03\/LHistoire-du-Tour-des-Flandres.png 800w, https:\/\/dicodusport.fr\/blog\/wp-content\/uploads\/2023\/03\/LHistoire-du-Tour-des-Flandres-300x167.png 300w, https:\/\/dicodusport.fr\/blog\/wp-content\/uploads\/2023\/03\/LHistoire-du-Tour-des-Flandres-768x427.png 768w\" sizes=\"auto, (max-width: 800px) 100vw, 800px\" \/><\/div><\/div><div class=\"vlp-layout-zone-main\"><div class=\"vlp-block-0 vlp-link-title\">L'Histoire du Tour des Flandres<\/div><div class=\"vlp-block-1 vlp-link-summary\">TOUR DES FLANDRES \u2013 Ce dimanche 2 avril, les coureurs auront rendez-vous avec le deuxi\u00e8me Monument de la saison, le Tour des Flandres. Focus sur l'Histoire d'un Monument du cyclisme mondial.<\/div><div class=\"vlp-block-2 vlp-link-button\">Lire l'article<\/div><div class=\"vlp-block-3 vlp-link-url\">dicodusport.fr<\/div><\/div><\/div>\n<h3 style=\"text-align: justify;\">Les difficult\u00e9s s&rsquo;encha\u00eenent<\/h3>\n<p style=\"text-align: justify;\"><span class=\"tojvnm2t a6sixzi8 abs2jz4q a8s20v7p t1p8iaqh k5wvi7nf q3lfd5jv pk4s997a bipmatt0 cebpdrjk qowsmv63 owwhemhu dp1hu0rb dhp61c6y iyyx5f41\">Puis, les difficult\u00e9s vont continuer \u00e0 se succ\u00e9der avec le <strong>Molenberg<\/strong> (460 m \u00e0 7 %). Puis le <strong>Marlboroughstraat<\/strong> (2 000 m \u00e0 3 % \u00e0 Brakel, le village du double vainqueur du Ronde, Peter Van Petegem) et le <strong>Berendries<\/strong> (940 m \u00e0 7 %). Viandra ensuite le <strong>Valkenberg<\/strong> (540 m \u00e0 8,1 %). Le sommet de ce dernier se situera \u00e0 moins de 90 kilom\u00e8tres du terme. Cette partie, longue de pr\u00e8s de 35 kilom\u00e8tres, permettra de faire une s\u00e9lection au sein du peloton et dans l&rsquo;\u00e9chapp\u00e9e matinale avant le final. Pendant de nombreuses \u00e9ditions, le <strong>Molenberg<\/strong> a \u00e9t\u00e9 un point crucial du Tour des Flandres. Le mauvais \u00e9tat des pav\u00e9s et l&rsquo;\u00e9troit chemin avec un petit pont \u00e0 l&rsquo;entr\u00e9e pourront causer beaucoup de d\u00e9g\u00e2ts dans le peloton, o\u00f9 le positionnement est primordial.<\/span><\/p>\n<p style=\"text-align: justify;\"><span class=\"tojvnm2t a6sixzi8 abs2jz4q a8s20v7p t1p8iaqh k5wvi7nf q3lfd5jv pk4s997a bipmatt0 cebpdrjk qowsmv63 owwhemhu dp1hu0rb dhp61c6y iyyx5f41\">Apr\u00e8s le second ravitaillement, il va falloir se coltiner le <strong>Berg Ten Houte<\/strong> (1 100 m \u00e0 6%) et le long <b>Nieuwe Kruisberg<\/b> (2 700 m \u00e0 4 %), huit kilom\u00e8tres plus loin. Apr\u00e8s 8 kilom\u00e8tres de bataille afin de bien se placer, les choses s\u00e9rieuses vont en effet d\u00e9buter avec une deuxi\u00e8me fois le <strong>Vieux-Quaremont <\/strong>(2,2 km \u00e0 4,8 %) et le terrible <strong>Paterberg<\/strong> (360 m \u00e0 12,9 % avec son angle droit au pied), en venant par un itin\u00e9raire plus direct. <\/span><\/p>\n<p style=\"text-align: justify;\"><span class=\"tojvnm2t a6sixzi8 abs2jz4q a8s20v7p t1p8iaqh k5wvi7nf q3lfd5jv pk4s997a bipmatt0 cebpdrjk qowsmv63 owwhemhu dp1hu0rb dhp61c6y iyyx5f41\">Puis viendra le pentu <strong>Koppenberg<\/strong> (600 m \u00e0 11,6 % avec une pente maximale de 22%). C&rsquo;est \u00e0 un agriculteur local, soucieux de faire passer la course dans son champ, que l&rsquo;on doit la construction de cette colline pav\u00e9e du <strong>Paterberg<\/strong>. Elle fait partie du Tour des Flandres depuis 1986, m\u00eame si sa notori\u00e9t\u00e9 s&rsquo;est accrue \u00e0 partir de 2012, date \u00e0 laquelle elle est devenue la derni\u00e8re ascension du Ronde.\u00a0\u00a0<\/span><\/p>\n<p style=\"text-align: justify;\"><span class=\"tojvnm2t a6sixzi8 abs2jz4q a8s20v7p t1p8iaqh k5wvi7nf q3lfd5jv pk4s997a bipmatt0 cebpdrjk qowsmv63 owwhemhu dp1hu0rb dhp61c6y iyyx5f41\">Au sein de ces derni\u00e8res mont\u00e9es, des bouchons pourront avoir lieu au sein d&rsquo;un peloton fatigu\u00e9. Le placement sera primordial pour les favoris. De plus, les routes sinueuses entre ces monts provoqueront une grande nervosit\u00e9 au sein du peloton.<br \/>\n<\/span><\/p>\n<div id=\"attachment_475397\" style=\"width: 1210px\" class=\"wp-caption aligncenter\"><img loading=\"lazy\" decoding=\"async\" aria-describedby=\"caption-attachment-475397\" class=\"wp-image-475397 size-full\" src=\"https:\/\/dicodusport.fr\/blog\/wp-content\/uploads\/2024\/02\/Tadej-Pogacar-UAE-Team-Emirates-dans-le-Paterberg-lors-de-son-succes-sur-le-Tour-des-Flandres-2023.png\" alt=\"Tadej Pogacar (UAE Team Emirates) dans le Paterberg lors de son succ\u00e8s sur le Tour des Flandres 2023\" width=\"1200\" height=\"674\" srcset=\"https:\/\/dicodusport.fr\/blog\/wp-content\/uploads\/2024\/02\/Tadej-Pogacar-UAE-Team-Emirates-dans-le-Paterberg-lors-de-son-succes-sur-le-Tour-des-Flandres-2023.png 1200w, https:\/\/dicodusport.fr\/blog\/wp-content\/uploads\/2024\/02\/Tadej-Pogacar-UAE-Team-Emirates-dans-le-Paterberg-lors-de-son-succes-sur-le-Tour-des-Flandres-2023-300x169.png 300w, https:\/\/dicodusport.fr\/blog\/wp-content\/uploads\/2024\/02\/Tadej-Pogacar-UAE-Team-Emirates-dans-le-Paterberg-lors-de-son-succes-sur-le-Tour-des-Flandres-2023-1024x575.png 1024w, https:\/\/dicodusport.fr\/blog\/wp-content\/uploads\/2024\/02\/Tadej-Pogacar-UAE-Team-Emirates-dans-le-Paterberg-lors-de-son-succes-sur-le-Tour-des-Flandres-2023-768x431.png 768w\" sizes=\"auto, (max-width: 1200px) 100vw, 1200px\" \/><p id=\"caption-attachment-475397\" class=\"wp-caption-text\">Tadej Pogacar (UAE Team Emirates) dans le Paterberg lors de son succ\u00e8s sur le Tour des Flandres 2023 &#8211; Photo Icon Sport<\/p><\/div>\n<h3 style=\"text-align: justify;\">Taaienberg, Vieux-Quaremont et Paterberg = final explosif<\/h3>\n<p style=\"text-align: justify;\"><span class=\"tojvnm2t a6sixzi8 abs2jz4q a8s20v7p t1p8iaqh k5wvi7nf q3lfd5jv pk4s997a bipmatt0 cebpdrjk qowsmv63 owwhemhu dp1hu0rb dhp61c6y iyyx5f41\">Par la suite, viendra le secteur pav\u00e9 du <strong>Mariaborrestraat<\/strong> (2400 m\u00e8tres). Puis le <strong>Steenbeekdries<\/strong> (700 m \u00e0 5,3 %) et le <strong>Taaienberg<\/strong> (530 m \u00e0 6,6 % avec un passage \u00e0 18 % puis un faux-plat) se pr\u00e9senteront sous les roues des coureurs. Avec beaucoup de possibilit\u00e9s de mouvement. Le Taaienberg est li\u00e9 \u00e0 Tom Boonen. L&rsquo;ancien champion du monde aimait y poser les premi\u00e8res fondations de ses futurs succ\u00e8s. En 2020, Julian Alaphilippe avait port\u00e9 la premi\u00e8re offensive s\u00e9rieuse d&rsquo;un favori. Le Taaienberg est une colline habitu\u00e9e sur la route des Flandres depuis son apparition en 1974. \u00c0 l&rsquo;exception de 1993 pour des travaux. Le Taaienberg est pr\u00e9c\u00e9d\u00e9 d&rsquo;un petit secteur pav\u00e9 de 700 m\u00e8tres : le <strong>Stationberg.<\/strong><\/span><\/p>\n<p style=\"text-align: justify;\"><span class=\"tojvnm2t a6sixzi8 abs2jz4q a8s20v7p t1p8iaqh k5wvi7nf q3lfd5jv pk4s997a bipmatt0 cebpdrjk qowsmv63 owwhemhu dp1hu0rb dhp61c6y iyyx5f41\">Apr\u00e8s avoir travers\u00e9 Renaix, ce sera l&rsquo;heure du <strong>Kruisberg<\/strong> (2 500 m \u00e0 5 %) pour les concurrents. Autrefois totalement pav\u00e9, ce mont est en partie asphalt\u00e9 depuis 1963. Il pr\u00e9sente deux paliers, peut permettre des mouvements de course. Une dizaine de kilom\u00e8tres plus loin, place au dernier passage sur le <strong>Vieux-Quaremeont<\/strong>. L\u00e0 o\u00f9 Tadej Pogacar s&rsquo;\u00e9tait envol\u00e9 vers la victoire, l&rsquo;an dernier. Avant d&#8217;emprunter \u00e0 nouveau le terrible <strong>Paterberg<\/strong>, un mont tr\u00e8s dur en ligne droite au milieu des champs. <\/span><\/p>\n<p style=\"text-align: justify;\"><span class=\"tojvnm2t a6sixzi8 abs2jz4q a8s20v7p t1p8iaqh k5wvi7nf q3lfd5jv pk4s997a bipmatt0 cebpdrjk qowsmv63 owwhemhu dp1hu0rb dhp61c6y iyyx5f41\">Il ne faut pas sous-estimer le <strong>Vieux-Quaremont<\/strong>, puisque Bettiol s&rsquo;y \u00e9chappa en 2019 et Wout Van Aert perdit le contact avec Asgreen et van der Poel en 2021. Sur le <strong>Paterberg<\/strong>, Cancellara distan\u00e7a Sagan en 2013. Ce dernier d\u00e9posa Vanmarcke en 2016, pour inscrire leur nom au palmar\u00e8s du Ronde. Cette double ascension sera importante pour faire la diff\u00e9rence entre les favoris. Au sommet, il restera moins de 14 kilo<\/span>m\u00e8tres \u00e0 parcourir jusqu\u2019\u00e0 <strong>Audenarde.<\/strong><\/p>\n<p style=\"text-align: justify;\"><span class=\"tojvnm2t a6sixzi8 abs2jz4q a8s20v7p t1p8iaqh k5wvi7nf q3lfd5jv pk4s997a bipmatt0 cebpdrjk qowsmv63 owwhemhu dp1hu0rb dhp61c6y iyyx5f41\">Enfin, l\u2019arriv\u00e9e sera jug\u00e9e sur la <strong>Minderbroedersstraat<\/strong> entre 16h et 16h50. Les derniers kilom\u00e8tres s&rsquo;effectueront sur des routes larges, sans abri naturel, avec un faux plat montant apr\u00e8s la flamme rouge. Audenarde accueillera l&rsquo;arriv\u00e9e du Tour des Flandres jusqu&rsquo;en 2028.\u00a0<\/span><\/p>\n<div id=\"attachment_475370\" style=\"width: 1610px\" class=\"wp-caption aligncenter\"><img loading=\"lazy\" decoding=\"async\" aria-describedby=\"caption-attachment-475370\" class=\"wp-image-475370 size-full\" src=\"https:\/\/dicodusport.fr\/blog\/wp-content\/uploads\/2024\/02\/Profil-du-Tour-des-Flandres-2024.webp\" alt=\"Profil du Tour des Flandres 2024\" width=\"1600\" height=\"725\" srcset=\"https:\/\/dicodusport.fr\/blog\/wp-content\/uploads\/2024\/02\/Profil-du-Tour-des-Flandres-2024.webp 1600w, https:\/\/dicodusport.fr\/blog\/wp-content\/uploads\/2024\/02\/Profil-du-Tour-des-Flandres-2024-300x136.webp 300w, https:\/\/dicodusport.fr\/blog\/wp-content\/uploads\/2024\/02\/Profil-du-Tour-des-Flandres-2024-1024x464.webp 1024w, https:\/\/dicodusport.fr\/blog\/wp-content\/uploads\/2024\/02\/Profil-du-Tour-des-Flandres-2024-768x348.webp 768w, https:\/\/dicodusport.fr\/blog\/wp-content\/uploads\/2024\/02\/Profil-du-Tour-des-Flandres-2024-1536x696.webp 1536w\" sizes=\"auto, (max-width: 1600px) 100vw, 1600px\" \/><p id=\"caption-attachment-475370\" class=\"wp-caption-text\">Profil du Tour des Flandres 2024 &#8211; Via La Flamme Rouge<\/p><\/div>\n<hr \/>\n<h2 style=\"text-align: justify;\">Palmar\u00e8s du Tour des Flandres<\/h2>\n<p style=\"text-align: justify;\"><strong>2023 :<\/strong> Tadej Pogacar <span class=\"tojvnm2t a6sixzi8 abs2jz4q a8s20v7p t1p8iaqh k5wvi7nf q3lfd5jv pk4s997a bipmatt0 cebpdrjk qowsmv63 owwhemhu dp1hu0rb dhp61c6y iyyx5f41\">&#8211; <a href=\"https:\/\/dicodusport.fr\/blog\/classement-tour-des-flandres-2023\/\"><em>Classement de la course<\/em><\/a><\/span><\/p>\n<p style=\"text-align: justify;\"><span class=\"tojvnm2t a6sixzi8 abs2jz4q a8s20v7p t1p8iaqh k5wvi7nf q3lfd5jv pk4s997a bipmatt0 cebpdrjk qowsmv63 owwhemhu dp1hu0rb dhp61c6y iyyx5f41\"><strong>2022 :<\/strong> Mathieu van der Poel &#8211; <a href=\"https:\/\/dicodusport.fr\/blog\/tour-des-flandres-2022-classement\/\"><em>Classement de la course<\/em><\/a><\/span><\/p>\n<p style=\"text-align: justify;\"><span class=\"tojvnm2t a6sixzi8 abs2jz4q a8s20v7p t1p8iaqh k5wvi7nf q3lfd5jv pk4s997a bipmatt0 cebpdrjk qowsmv63 owwhemhu dp1hu0rb dhp61c6y iyyx5f41\"><strong>2021 :<\/strong> Kasper Asgreen &#8211; <a href=\"https:\/\/dicodusport.fr\/blog\/tour-des-flandres-2021-classement-course-hommes\/\"><em>Classement de la course<\/em><\/a><\/span><\/p>\n<p style=\"text-align: justify;\"><span class=\"tojvnm2t a6sixzi8 abs2jz4q a8s20v7p t1p8iaqh k5wvi7nf q3lfd5jv pk4s997a bipmatt0 cebpdrjk qowsmv63 owwhemhu dp1hu0rb dhp61c6y iyyx5f41\"><strong>2020 :<\/strong> Mathieu van der Poel &#8211; <a href=\"https:\/\/dicodusport.fr\/blog\/tour-des-flandres-2020-classement-de-la-course\/\"><em>Classement de la course<\/em><\/a><\/span><\/p>\n<p style=\"text-align: justify;\"><span class=\"tojvnm2t a6sixzi8 abs2jz4q a8s20v7p t1p8iaqh k5wvi7nf q3lfd5jv pk4s997a bipmatt0 cebpdrjk qowsmv63 owwhemhu dp1hu0rb dhp61c6y iyyx5f41\"><strong>2019 :<\/strong> Alberto Bettiol <\/span><\/p>\n<p style=\"text-align: justify;\"><span class=\"tojvnm2t a6sixzi8 abs2jz4q a8s20v7p t1p8iaqh k5wvi7nf q3lfd5jv pk4s997a bipmatt0 cebpdrjk qowsmv63 owwhemhu dp1hu0rb dhp61c6y iyyx5f41\"><strong>2018 :<\/strong> Niki Terpstra <\/span><\/p>\n<p style=\"text-align: justify;\"><span class=\"tojvnm2t a6sixzi8 abs2jz4q a8s20v7p t1p8iaqh k5wvi7nf q3lfd5jv pk4s997a bipmatt0 cebpdrjk qowsmv63 owwhemhu dp1hu0rb dhp61c6y iyyx5f41\"><strong>2017 :<\/strong> Philippe Gilbert <\/span><\/p>\n<p style=\"text-align: justify;\"><span class=\"tojvnm2t a6sixzi8 abs2jz4q a8s20v7p t1p8iaqh k5wvi7nf q3lfd5jv pk4s997a bipmatt0 cebpdrjk qowsmv63 owwhemhu dp1hu0rb dhp61c6y iyyx5f41\"><strong>2016 :<\/strong> Peter Sagan <\/span><\/p>\n<p style=\"text-align: justify;\"><span class=\"tojvnm2t a6sixzi8 abs2jz4q a8s20v7p t1p8iaqh k5wvi7nf q3lfd5jv pk4s997a bipmatt0 cebpdrjk qowsmv63 owwhemhu dp1hu0rb dhp61c6y iyyx5f41\"><strong>2015 :<\/strong> Alexander Kristoff <\/span><\/p>\n<p style=\"text-align: justify;\"><span class=\"tojvnm2t a6sixzi8 abs2jz4q a8s20v7p t1p8iaqh k5wvi7nf q3lfd5jv pk4s997a bipmatt0 cebpdrjk qowsmv63 owwhemhu dp1hu0rb dhp61c6y iyyx5f41\"><strong>2014 :<\/strong> Fabian Cancellara <\/span><\/p>\n<p style=\"text-align: justify;\"><span class=\"tojvnm2t a6sixzi8 abs2jz4q a8s20v7p t1p8iaqh k5wvi7nf q3lfd5jv pk4s997a bipmatt0 cebpdrjk qowsmv63 owwhemhu dp1hu0rb dhp61c6y iyyx5f41\"><strong>2013 :<\/strong> Fabian Cancellara <\/span><\/p>\n<p style=\"text-align: justify;\"><span class=\"tojvnm2t a6sixzi8 abs2jz4q a8s20v7p t1p8iaqh k5wvi7nf q3lfd5jv pk4s997a bipmatt0 cebpdrjk qowsmv63 owwhemhu dp1hu0rb dhp61c6y iyyx5f41\"><strong>2012 :<\/strong> Tom Boonen<\/span><\/p>\n<p>&nbsp;<\/p>\n","protected":false},"excerpt":{"rendered":"<p>TOUR DES FLANDRES 2024 &#8211; D\u00e9couvrez le parcours d\u00e9taill\u00e9 et le profil de la 108\u00e8me \u00e9dition du Tour des Flandres.<\/p>\n","protected":false},"author":48,"featured_media":475398,"comment_status":"open","ping_status":"closed","sticky":false,"template":"","format":"standard","meta":{"_acf_changed":false,"_daextam_enable_autolinks":"1","footnotes":""},"categories":[46994],"tags":[3119,16878,4325],"class_list":["post-464141","post","type-post","status-publish","format-standard","has-post-thumbnail","hentry","category-cyclisme-sur-route","tag-actualite-cyclisme","tag-breve","tag-tour-des-flandres"],"acf":[],"yoast_head":"<!-- This site is optimized with the Yoast SEO Premium plugin v26.7 (Yoast SEO v26.7) - https:\/\/yoast.com\/wordpress\/plugins\/seo\/ -->\n<title>Tour des Flandres 2024 : Profil et parcours d\u00e9taill\u00e9<\/title>\n<meta name=\"description\" content=\"TOUR DES FLANDRES 2024 - D\u00e9couvrez le parcours d\u00e9taill\u00e9 et le profil de la 108\u00e8me \u00e9dition du Tour des Flandres.\" \/>\n<meta name=\"robots\" content=\"index, follow, max-snippet:-1, max-image-preview:large, max-video-preview:-1\" \/>\n<link rel=\"canonical\" href=\"https:\/\/dicodusport.fr\/blog\/tour-des-flandres-2024-parcours-detaille-et-profil-du-ronde\/\" \/>\n<meta property=\"og:locale\" content=\"fr_FR\" \/>\n<meta property=\"og:type\" content=\"article\" \/>\n<meta property=\"og:title\" content=\"Tour des Flandres 2024 : Profil et parcours d\u00e9taill\u00e9\" \/>\n<meta property=\"og:description\" content=\"TOUR DES FLANDRES 2024 - D\u00e9couvrez le parcours d\u00e9taill\u00e9 et le profil de la 108\u00e8me \u00e9dition du Tour des Flandres.\" \/>\n<meta property=\"og:url\" content=\"https:\/\/dicodusport.fr\/blog\/tour-des-flandres-2024-parcours-detaille-et-profil-du-ronde\/\" \/>\n<meta property=\"og:site_name\" content=\"Dicodusport\" \/>\n<meta property=\"article:publisher\" content=\"https:\/\/www.facebook.com\/dicodusport\" \/>\n<meta property=\"article:author\" content=\"https:\/\/www.facebook.com\/groups\/LesRoisDuPeloton\" \/>\n<meta property=\"article:published_time\" content=\"2024-03-31T08:04:26+00:00\" \/>\n<meta property=\"og:image\" content=\"https:\/\/dicodusport.fr\/blog\/wp-content\/uploads\/2024\/02\/Tour-des-Flandres-2024-Parcours-detaille-et-profil-du-Ronde.png\" \/>\n\t<meta property=\"og:image:width\" content=\"1200\" \/>\n\t<meta property=\"og:image:height\" content=\"674\" \/>\n\t<meta property=\"og:image:type\" content=\"image\/png\" \/>\n<meta name=\"author\" content=\"Emilien Descampiaux\" \/>\n<meta name=\"twitter:card\" content=\"summary_large_image\" \/>\n<meta name=\"twitter:title\" content=\"Tour des Flandres 2024 : Profil et parcours d\u00e9taill\u00e9\" \/>\n<meta name=\"twitter:creator\" content=\"@https:\/\/twitter.com\/LRoisDuPeloton\" \/>\n<meta name=\"twitter:site\" content=\"@dicodusport\" \/>\n<script type=\"application\/ld+json\" class=\"yoast-schema-graph\">{\"@context\":\"https:\/\/schema.org\",\"@graph\":[{\"@type\":\"NewsArticle\",\"@id\":\"https:\/\/dicodusport.fr\/blog\/tour-des-flandres-2024-parcours-detaille-et-profil-du-ronde\/#article\",\"isPartOf\":{\"@id\":\"https:\/\/dicodusport.fr\/blog\/tour-des-flandres-2024-parcours-detaille-et-profil-du-ronde\/\"},\"author\":{\"name\":\"Emilien Descampiaux\",\"@id\":\"https:\/\/dicodusport.fr\/blog\/#\/schema\/person\/6db4bae06b171592211be385b32876a7\"},\"headline\":\"Tour des Flandres 2024 : Profil et parcours d\u00e9taill\u00e9\",\"datePublished\":\"2024-03-31T08:04:26+00:00\",\"mainEntityOfPage\":{\"@id\":\"https:\/\/dicodusport.fr\/blog\/tour-des-flandres-2024-parcours-detaille-et-profil-du-ronde\/\"},\"wordCount\":1290,\"commentCount\":0,\"publisher\":{\"@id\":\"https:\/\/dicodusport.fr\/blog\/#organization\"},\"image\":{\"@id\":\"https:\/\/dicodusport.fr\/blog\/tour-des-flandres-2024-parcours-detaille-et-profil-du-ronde\/#primaryimage\"},\"thumbnailUrl\":\"https:\/\/dicodusport.fr\/blog\/wp-content\/uploads\/2024\/02\/Tour-des-Flandres-2024-Parcours-detaille-et-profil-du-Ronde.png\",\"keywords\":[\"Actualit\u00e9 Cyclisme\",\"br\u00e8ve\",\"Tour des Flandres\"],\"articleSection\":[\"Cyclisme sur route\"],\"inLanguage\":\"fr-FR\",\"potentialAction\":[{\"@type\":\"CommentAction\",\"name\":\"Comment\",\"target\":[\"https:\/\/dicodusport.fr\/blog\/tour-des-flandres-2024-parcours-detaille-et-profil-du-ronde\/#respond\"]}],\"copyrightYear\":\"2024\",\"copyrightHolder\":{\"@id\":\"https:\/\/dicodusport.fr\/blog\/#organization\"}},{\"@type\":\"WebPage\",\"@id\":\"https:\/\/dicodusport.fr\/blog\/tour-des-flandres-2024-parcours-detaille-et-profil-du-ronde\/\",\"url\":\"https:\/\/dicodusport.fr\/blog\/tour-des-flandres-2024-parcours-detaille-et-profil-du-ronde\/\",\"name\":\"Tour des Flandres 2024 : Profil et parcours d\u00e9taill\u00e9\",\"isPartOf\":{\"@id\":\"https:\/\/dicodusport.fr\/blog\/#website\"},\"primaryImageOfPage\":{\"@id\":\"https:\/\/dicodusport.fr\/blog\/tour-des-flandres-2024-parcours-detaille-et-profil-du-ronde\/#primaryimage\"},\"image\":{\"@id\":\"https:\/\/dicodusport.fr\/blog\/tour-des-flandres-2024-parcours-detaille-et-profil-du-ronde\/#primaryimage\"},\"thumbnailUrl\":\"https:\/\/dicodusport.fr\/blog\/wp-content\/uploads\/2024\/02\/Tour-des-Flandres-2024-Parcours-detaille-et-profil-du-Ronde.png\",\"datePublished\":\"2024-03-31T08:04:26+00:00\",\"description\":\"TOUR DES FLANDRES 2024 - D\u00e9couvrez le parcours d\u00e9taill\u00e9 et le profil de la 108\u00e8me \u00e9dition du Tour des Flandres.\",\"breadcrumb\":{\"@id\":\"https:\/\/dicodusport.fr\/blog\/tour-des-flandres-2024-parcours-detaille-et-profil-du-ronde\/#breadcrumb\"},\"inLanguage\":\"fr-FR\",\"potentialAction\":[{\"@type\":\"ReadAction\",\"target\":[\"https:\/\/dicodusport.fr\/blog\/tour-des-flandres-2024-parcours-detaille-et-profil-du-ronde\/\"]}]},{\"@type\":\"ImageObject\",\"inLanguage\":\"fr-FR\",\"@id\":\"https:\/\/dicodusport.fr\/blog\/tour-des-flandres-2024-parcours-detaille-et-profil-du-ronde\/#primaryimage\",\"url\":\"https:\/\/dicodusport.fr\/blog\/wp-content\/uploads\/2024\/02\/Tour-des-Flandres-2024-Parcours-detaille-et-profil-du-Ronde.png\",\"contentUrl\":\"https:\/\/dicodusport.fr\/blog\/wp-content\/uploads\/2024\/02\/Tour-des-Flandres-2024-Parcours-detaille-et-profil-du-Ronde.png\",\"width\":1200,\"height\":674,\"caption\":\"Tour des Flandres 2024 Parcours d\u00e9taill\u00e9 et profil du Ronde\"},{\"@type\":\"BreadcrumbList\",\"@id\":\"https:\/\/dicodusport.fr\/blog\/tour-des-flandres-2024-parcours-detaille-et-profil-du-ronde\/#breadcrumb\",\"itemListElement\":[{\"@type\":\"ListItem\",\"position\":1,\"name\":\"Accueil\",\"item\":\"https:\/\/dicodusport.fr\/blog\/\"},{\"@type\":\"ListItem\",\"position\":2,\"name\":\"Tour des Flandres 2024 : Profil et parcours d\u00e9taill\u00e9\"}]},{\"@type\":\"WebSite\",\"@id\":\"https:\/\/dicodusport.fr\/blog\/#website\",\"url\":\"https:\/\/dicodusport.fr\/blog\/\",\"name\":\"Dicodusport\",\"description\":\"L&#039;encyclop\u00e9die de l&#039;actualit\u00e9 sportive\",\"publisher\":{\"@id\":\"https:\/\/dicodusport.fr\/blog\/#organization\"},\"potentialAction\":[{\"@type\":\"SearchAction\",\"target\":{\"@type\":\"EntryPoint\",\"urlTemplate\":\"https:\/\/dicodusport.fr\/blog\/?s={search_term_string}\"},\"query-input\":{\"@type\":\"PropertyValueSpecification\",\"valueRequired\":true,\"valueName\":\"search_term_string\"}}],\"inLanguage\":\"fr-FR\"},{\"@type\":\"NewsMediaOrganization\",\"@id\":\"https:\/\/dicodusport.fr\/blog\/#organization\",\"name\":\"Dicodusport\",\"url\":\"https:\/\/dicodusport.fr\/blog\/\",\"logo\":{\"@type\":\"ImageObject\",\"inLanguage\":\"fr-FR\",\"@id\":\"https:\/\/dicodusport.fr\/blog\/#\/schema\/logo\/image\/\",\"url\":\"https:\/\/dicodusport.fr\/blog\/wp-content\/uploads\/2020\/06\/cropped-LOGO-DICODUSPORT-2020-SANS-FOND-SANS-TEXTE.png\",\"contentUrl\":\"https:\/\/dicodusport.fr\/blog\/wp-content\/uploads\/2020\/06\/cropped-LOGO-DICODUSPORT-2020-SANS-FOND-SANS-TEXTE.png\",\"width\":512,\"height\":512,\"caption\":\"Dicodusport\"},\"image\":{\"@id\":\"https:\/\/dicodusport.fr\/blog\/#\/schema\/logo\/image\/\"},\"sameAs\":[\"https:\/\/www.facebook.com\/dicodusport\",\"https:\/\/x.com\/dicodusport\",\"https:\/\/www.instagram.com\/dicodusport\/\",\"https:\/\/www.youtube.com\/channel\/UC7V2KZ5sd3htJivAbA4ZG3w\"],\"description\":\"Dicodusport est l'encyclop\u00e9die de l'actualit\u00e9 sportive.\",\"email\":\"bonjour@dicodusport.fr\",\"legalName\":\"DICODUSPORT\",\"foundingDate\":\"2018-01-14\",\"vatID\":\"FR71834470973\",\"taxID\":\"83447097300043\",\"numberOfEmployees\":{\"@type\":\"QuantitativeValue\",\"minValue\":\"1\",\"maxValue\":\"10\"}},{\"@type\":\"Person\",\"@id\":\"https:\/\/dicodusport.fr\/blog\/#\/schema\/person\/6db4bae06b171592211be385b32876a7\",\"name\":\"Emilien Descampiaux\",\"image\":{\"@type\":\"ImageObject\",\"inLanguage\":\"fr-FR\",\"@id\":\"https:\/\/dicodusport.fr\/blog\/#\/schema\/person\/image\/\",\"url\":\"https:\/\/dicodusport.fr\/blog\/wp-content\/uploads\/2021\/05\/Emilien-Descampiaux-150x150.jpg\",\"contentUrl\":\"https:\/\/dicodusport.fr\/blog\/wp-content\/uploads\/2021\/05\/Emilien-Descampiaux-150x150.jpg\",\"caption\":\"Emilien Descampiaux\"},\"description\":\"Journaliste\/r\u00e9dacteur depuis 2014 - Fan de la classe de Frank Vandenbroucke, je vis cyclisme (et de ses paysages) depuis plus de 20 ans. Je suis tr\u00e8s impliqu\u00e9 sur mes diff\u00e9rents r\u00e9seaux sociaux pour partager ma passion sur le monde et l'Histoire de la bicyclette avec ma voix sur les images en noir et blanc du succ\u00e8s de Rik Van Steenbergen lors du Ronde sur le V\u00e9lodrome de Gand.\",\"sameAs\":[\"https:\/\/www.facebook.com\/groups\/LesRoisDuPeloton\",\"https:\/\/x.com\/https:\/\/twitter.com\/LRoisDuPeloton\"],\"url\":\"https:\/\/dicodusport.fr\/blog\/author\/emiliend\/\"}]}<\/script>\n<!-- \/ Yoast SEO Premium plugin. -->","yoast_head_json":{"title":"Tour des Flandres 2024 : Profil et parcours d\u00e9taill\u00e9","description":"TOUR DES FLANDRES 2024 - D\u00e9couvrez le parcours d\u00e9taill\u00e9 et le profil de la 108\u00e8me \u00e9dition du Tour des Flandres.","robots":{"index":"index","follow":"follow","max-snippet":"max-snippet:-1","max-image-preview":"max-image-preview:large","max-video-preview":"max-video-preview:-1"},"canonical":"https:\/\/dicodusport.fr\/blog\/tour-des-flandres-2024-parcours-detaille-et-profil-du-ronde\/","og_locale":"fr_FR","og_type":"article","og_title":"Tour des Flandres 2024 : Profil et parcours d\u00e9taill\u00e9","og_description":"TOUR DES FLANDRES 2024 - D\u00e9couvrez le parcours d\u00e9taill\u00e9 et le profil de la 108\u00e8me \u00e9dition du Tour des Flandres.","og_url":"https:\/\/dicodusport.fr\/blog\/tour-des-flandres-2024-parcours-detaille-et-profil-du-ronde\/","og_site_name":"Dicodusport","article_publisher":"https:\/\/www.facebook.com\/dicodusport","article_author":"https:\/\/www.facebook.com\/groups\/LesRoisDuPeloton","article_published_time":"2024-03-31T08:04:26+00:00","og_image":[{"width":1200,"height":674,"url":"https:\/\/dicodusport.fr\/blog\/wp-content\/uploads\/2024\/02\/Tour-des-Flandres-2024-Parcours-detaille-et-profil-du-Ronde.png","type":"image\/png"}],"author":"Emilien Descampiaux","twitter_card":"summary_large_image","twitter_title":"Tour des Flandres 2024 : Profil et parcours d\u00e9taill\u00e9","twitter_creator":"@https:\/\/twitter.com\/LRoisDuPeloton","twitter_site":"@dicodusport","schema":{"@context":"https:\/\/schema.org","@graph":[{"@type":"NewsArticle","@id":"https:\/\/dicodusport.fr\/blog\/tour-des-flandres-2024-parcours-detaille-et-profil-du-ronde\/#article","isPartOf":{"@id":"https:\/\/dicodusport.fr\/blog\/tour-des-flandres-2024-parcours-detaille-et-profil-du-ronde\/"},"author":{"name":"Emilien Descampiaux","@id":"https:\/\/dicodusport.fr\/blog\/#\/schema\/person\/6db4bae06b171592211be385b32876a7"},"headline":"Tour des Flandres 2024 : Profil et parcours d\u00e9taill\u00e9","datePublished":"2024-03-31T08:04:26+00:00","mainEntityOfPage":{"@id":"https:\/\/dicodusport.fr\/blog\/tour-des-flandres-2024-parcours-detaille-et-profil-du-ronde\/"},"wordCount":1290,"commentCount":0,"publisher":{"@id":"https:\/\/dicodusport.fr\/blog\/#organization"},"image":{"@id":"https:\/\/dicodusport.fr\/blog\/tour-des-flandres-2024-parcours-detaille-et-profil-du-ronde\/#primaryimage"},"thumbnailUrl":"https:\/\/dicodusport.fr\/blog\/wp-content\/uploads\/2024\/02\/Tour-des-Flandres-2024-Parcours-detaille-et-profil-du-Ronde.png","keywords":["Actualit\u00e9 Cyclisme","br\u00e8ve","Tour des Flandres"],"articleSection":["Cyclisme sur route"],"inLanguage":"fr-FR","potentialAction":[{"@type":"CommentAction","name":"Comment","target":["https:\/\/dicodusport.fr\/blog\/tour-des-flandres-2024-parcours-detaille-et-profil-du-ronde\/#respond"]}],"copyrightYear":"2024","copyrightHolder":{"@id":"https:\/\/dicodusport.fr\/blog\/#organization"}},{"@type":"WebPage","@id":"https:\/\/dicodusport.fr\/blog\/tour-des-flandres-2024-parcours-detaille-et-profil-du-ronde\/","url":"https:\/\/dicodusport.fr\/blog\/tour-des-flandres-2024-parcours-detaille-et-profil-du-ronde\/","name":"Tour des Flandres 2024 : Profil et parcours d\u00e9taill\u00e9","isPartOf":{"@id":"https:\/\/dicodusport.fr\/blog\/#website"},"primaryImageOfPage":{"@id":"https:\/\/dicodusport.fr\/blog\/tour-des-flandres-2024-parcours-detaille-et-profil-du-ronde\/#primaryimage"},"image":{"@id":"https:\/\/dicodusport.fr\/blog\/tour-des-flandres-2024-parcours-detaille-et-profil-du-ronde\/#primaryimage"},"thumbnailUrl":"https:\/\/dicodusport.fr\/blog\/wp-content\/uploads\/2024\/02\/Tour-des-Flandres-2024-Parcours-detaille-et-profil-du-Ronde.png","datePublished":"2024-03-31T08:04:26+00:00","description":"TOUR DES FLANDRES 2024 - D\u00e9couvrez le parcours d\u00e9taill\u00e9 et le profil de la 108\u00e8me \u00e9dition du Tour des Flandres.","breadcrumb":{"@id":"https:\/\/dicodusport.fr\/blog\/tour-des-flandres-2024-parcours-detaille-et-profil-du-ronde\/#breadcrumb"},"inLanguage":"fr-FR","potentialAction":[{"@type":"ReadAction","target":["https:\/\/dicodusport.fr\/blog\/tour-des-flandres-2024-parcours-detaille-et-profil-du-ronde\/"]}]},{"@type":"ImageObject","inLanguage":"fr-FR","@id":"https:\/\/dicodusport.fr\/blog\/tour-des-flandres-2024-parcours-detaille-et-profil-du-ronde\/#primaryimage","url":"https:\/\/dicodusport.fr\/blog\/wp-content\/uploads\/2024\/02\/Tour-des-Flandres-2024-Parcours-detaille-et-profil-du-Ronde.png","contentUrl":"https:\/\/dicodusport.fr\/blog\/wp-content\/uploads\/2024\/02\/Tour-des-Flandres-2024-Parcours-detaille-et-profil-du-Ronde.png","width":1200,"height":674,"caption":"Tour des Flandres 2024 Parcours d\u00e9taill\u00e9 et profil du Ronde"},{"@type":"BreadcrumbList","@id":"https:\/\/dicodusport.fr\/blog\/tour-des-flandres-2024-parcours-detaille-et-profil-du-ronde\/#breadcrumb","itemListElement":[{"@type":"ListItem","position":1,"name":"Accueil","item":"https:\/\/dicodusport.fr\/blog\/"},{"@type":"ListItem","position":2,"name":"Tour des Flandres 2024 : Profil et parcours d\u00e9taill\u00e9"}]},{"@type":"WebSite","@id":"https:\/\/dicodusport.fr\/blog\/#website","url":"https:\/\/dicodusport.fr\/blog\/","name":"Dicodusport","description":"L&#039;encyclop\u00e9die de l&#039;actualit\u00e9 sportive","publisher":{"@id":"https:\/\/dicodusport.fr\/blog\/#organization"},"potentialAction":[{"@type":"SearchAction","target":{"@type":"EntryPoint","urlTemplate":"https:\/\/dicodusport.fr\/blog\/?s={search_term_string}"},"query-input":{"@type":"PropertyValueSpecification","valueRequired":true,"valueName":"search_term_string"}}],"inLanguage":"fr-FR"},{"@type":"NewsMediaOrganization","@id":"https:\/\/dicodusport.fr\/blog\/#organization","name":"Dicodusport","url":"https:\/\/dicodusport.fr\/blog\/","logo":{"@type":"ImageObject","inLanguage":"fr-FR","@id":"https:\/\/dicodusport.fr\/blog\/#\/schema\/logo\/image\/","url":"https:\/\/dicodusport.fr\/blog\/wp-content\/uploads\/2020\/06\/cropped-LOGO-DICODUSPORT-2020-SANS-FOND-SANS-TEXTE.png","contentUrl":"https:\/\/dicodusport.fr\/blog\/wp-content\/uploads\/2020\/06\/cropped-LOGO-DICODUSPORT-2020-SANS-FOND-SANS-TEXTE.png","width":512,"height":512,"caption":"Dicodusport"},"image":{"@id":"https:\/\/dicodusport.fr\/blog\/#\/schema\/logo\/image\/"},"sameAs":["https:\/\/www.facebook.com\/dicodusport","https:\/\/x.com\/dicodusport","https:\/\/www.instagram.com\/dicodusport\/","https:\/\/www.youtube.com\/channel\/UC7V2KZ5sd3htJivAbA4ZG3w"],"description":"Dicodusport est l'encyclop\u00e9die de l'actualit\u00e9 sportive.","email":"bonjour@dicodusport.fr","legalName":"DICODUSPORT","foundingDate":"2018-01-14","vatID":"FR71834470973","taxID":"83447097300043","numberOfEmployees":{"@type":"QuantitativeValue","minValue":"1","maxValue":"10"}},{"@type":"Person","@id":"https:\/\/dicodusport.fr\/blog\/#\/schema\/person\/6db4bae06b171592211be385b32876a7","name":"Emilien Descampiaux","image":{"@type":"ImageObject","inLanguage":"fr-FR","@id":"https:\/\/dicodusport.fr\/blog\/#\/schema\/person\/image\/","url":"https:\/\/dicodusport.fr\/blog\/wp-content\/uploads\/2021\/05\/Emilien-Descampiaux-150x150.jpg","contentUrl":"https:\/\/dicodusport.fr\/blog\/wp-content\/uploads\/2021\/05\/Emilien-Descampiaux-150x150.jpg","caption":"Emilien Descampiaux"},"description":"Journaliste\/r\u00e9dacteur depuis 2014 - Fan de la classe de Frank Vandenbroucke, je vis cyclisme (et de ses paysages) depuis plus de 20 ans. Je suis tr\u00e8s impliqu\u00e9 sur mes diff\u00e9rents r\u00e9seaux sociaux pour partager ma passion sur le monde et l'Histoire de la bicyclette avec ma voix sur les images en noir et blanc du succ\u00e8s de Rik Van Steenbergen lors du Ronde sur le V\u00e9lodrome de Gand.","sameAs":["https:\/\/www.facebook.com\/groups\/LesRoisDuPeloton","https:\/\/x.com\/https:\/\/twitter.com\/LRoisDuPeloton"],"url":"https:\/\/dicodusport.fr\/blog\/author\/emiliend\/"}]}},"_links":{"self":[{"href":"https:\/\/dicodusport.fr\/blog\/wp-json\/wp\/v2\/posts\/464141","targetHints":{"allow":["GET"]}}],"collection":[{"href":"https:\/\/dicodusport.fr\/blog\/wp-json\/wp\/v2\/posts"}],"about":[{"href":"https:\/\/dicodusport.fr\/blog\/wp-json\/wp\/v2\/types\/post"}],"author":[{"embeddable":true,"href":"https:\/\/dicodusport.fr\/blog\/wp-json\/wp\/v2\/users\/48"}],"replies":[{"embeddable":true,"href":"https:\/\/dicodusport.fr\/blog\/wp-json\/wp\/v2\/comments?post=464141"}],"version-history":[{"count":6,"href":"https:\/\/dicodusport.fr\/blog\/wp-json\/wp\/v2\/posts\/464141\/revisions"}],"predecessor-version":[{"id":475816,"href":"https:\/\/dicodusport.fr\/blog\/wp-json\/wp\/v2\/posts\/464141\/revisions\/475816"}],"wp:featuredmedia":[{"embeddable":true,"href":"https:\/\/dicodusport.fr\/blog\/wp-json\/wp\/v2\/media\/475398"}],"wp:attachment":[{"href":"https:\/\/dicodusport.fr\/blog\/wp-json\/wp\/v2\/media?parent=464141"}],"wp:term":[{"taxonomy":"category","embeddable":true,"href":"https:\/\/dicodusport.fr\/blog\/wp-json\/wp\/v2\/categories?post=464141"},{"taxonomy":"post_tag","embeddable":true,"href":"https:\/\/dicodusport.fr\/blog\/wp-json\/wp\/v2\/tags?post=464141"}],"curies":[{"name":"wp","href":"https:\/\/api.w.org\/{rel}","templated":true}]}}