{"id":464607,"date":"2024-02-18T11:34:54","date_gmt":"2024-02-18T10:34:54","guid":{"rendered":"https:\/\/dicodusport.fr\/blog\/?p=464607&#038;preview=true&#038;preview_id=464607"},"modified":"2024-02-18T15:44:33","modified_gmt":"2024-02-18T14:44:33","slug":"super-g-femmes-crans-montana-2024-stephanie-venier-coiffe-federica-brignone-romane-miradoli-au-pied-du-podium","status":"publish","type":"post","link":"https:\/\/dicodusport.fr\/blog\/super-g-femmes-crans-montana-2024-stephanie-venier-coiffe-federica-brignone-romane-miradoli-au-pied-du-podium\/","title":{"rendered":"Super-G femmes Crans-Montana 2024 : Stephanie Venier coiffe Federica Brignone, Romane Miradoli au pied du podium"},"content":{"rendered":"<p style=\"text-align: justify;\"><a href=\"https:\/\/dicodusport.fr\/blog\/actualites\/sports-dhiver\/ski\/coupe-du-monde-ski-alpin-2023-2024\/\"><b><i>COUPE DU MONDE DE SKI ALPIN 2023-2024<\/i><\/b><\/a><b><i> &#8211; Pour quatre centi\u00e8mes, Stephanie Venier a coiff\u00e9 Federica Brignone pour ouvrir son compteur dans la discipline, alors que Romane Miradoli a termin\u00e9 au pied du podium.\u00a0<\/i><\/b><\/p>\n<p style=\"text-align: justify;\">De fa\u00e7on surprenante, seule la moiti\u00e9 des Super-G de la saison avaient \u00e9t\u00e9 disput\u00e9e. Le globe de cristal \u00e9tait donc loin d&rsquo;\u00eatre attribu\u00e9, mais<strong> Lara Gut-Behrami<\/strong> et <strong>Cornelia H\u00fctter<\/strong> \u00e9taient au coude-\u00e0-coude jusqu&rsquo;ici. La Suissesse, en t\u00eate du classement g\u00e9n\u00e9ral, pouvait finir son weekend \u00e0 domicile avec plus de 200 points d&rsquo;avance sur <strong>Mikaela Shiffrin<\/strong>, toujours absente, et frapper un grand coup.<\/p>\n<ul style=\"text-align: justify;\">\n<li style=\"text-align: justify;\"><span style=\"font-size: 16px;\"><strong>\u00c0 lire aussi &#8211; <a href=\"https:\/\/dicodusport.fr\/blog\/calendrier-et-resultats-ski-alpin-coupe-du-monde-femmes-2023-2024\/\">Calendrier et r\u00e9sultats de la Coupe du monde de ski alpin 2023-2024<\/a><br \/>\n<\/strong><\/span><\/li>\n<\/ul>\n<p style=\"text-align: justify;\">Premi\u00e8re Fran\u00e7aise \u00e0 s&rsquo;\u00e9lancer (dossard 4),<strong> Laura Gauch\u00e9<\/strong> a surmont\u00e9 un d\u00e9but de parcours h\u00e9sitant pour finalement prendre les commandes de la course \u00e0 la place de<strong> Laura Pirovano<\/strong>. Cela pouvait augurer d&rsquo;un bon r\u00e9sultat pour la Tricolore, sauf qu&rsquo;elle a rapidement quitt\u00e9 le<em> hot seat<\/em>, puisque <strong>Federica Brignone<\/strong> a sorti un bas de parcours monstrueux, d\u00e9coupant le trac\u00e9 technique pour coller 7 dixi\u00e8mes au chrono de la Fran\u00e7aise.\u00a0Le d\u00e9but de la valse des favorites, puisque juste apr\u00e8s,<strong> Stephanie Venier<\/strong> a survol\u00e9 le haut de trac\u00e9 et r\u00e9sist\u00e9 de peu, coiffant l&rsquo;Italienne pour 4 centi\u00e8mes !<\/p>\n<p style=\"text-align: justify;\">L&rsquo;Autrichienne, d\u00e9cid\u00e9ment au c\u0153ur d&rsquo;une superbe saison, pouvait alors viser un troisi\u00e8me succ\u00e8s en carri\u00e8re. Alors qu&rsquo;on pouvait penser que <strong>Lara Gut-Behrami<\/strong> serait dans le match, la Suissesse a livr\u00e9 un parcours anonyme, conclu \u00e0 la troisi\u00e8me place dont elle allait \u00eatre d\u00e9poss\u00e9d\u00e9e par une Fran\u00e7aise<strong>, Romane Miradoli<\/strong>. En constante progression, la Tricolore signait une course solide malgr\u00e9 quelques fautes, et n&rsquo;avait plus qu&rsquo;\u00e0 attendre pour un \u00e9ventuel podium.<\/p>\n<ul style=\"text-align: justify;\">\n<li style=\"text-align: justify;\"><span style=\"font-size: 16px;\"><strong>\u00c0 lire aussi &#8211; <a title=\"Coupe du monde de ski alpin \u2013 Classement g\u00e9n\u00e9ral femmes\" href=\"https:\/\/dicodusport.fr\/blog\/coupe-du-monde-de-ski-alpin-classement-general-femmes\/\" rel=\"\">Coupe du monde de ski alpin \u2013 Classement g\u00e9n\u00e9ral femmes<\/a><\/strong><\/span><\/li>\n<\/ul>\n<p style=\"text-align: justify;\">Mais il restait quelques grands noms, et en particulier <strong>Marta Bassino<\/strong>. <a href=\"https:\/\/dicodusport.fr\/blog\/descente-femmes-crans-montana-2-2024-marta-bassino-foudroie-la-concurrence\/\">Souveraine sur la descente hier<\/a>, l&rsquo;Italienne a \u00e9t\u00e9 somptueuse sur le haut mais a souffert sur la partie rapide, sauvant n\u00e9anmoins une troisi\u00e8me place provisoire et \u00e9jectant la Fran\u00e7aise du podium.<strong> Cornelia H\u00fctter,<\/strong> elle, commettait une grosse faute en milieu de parcours, mais aller sauver un centi\u00e8me d&rsquo;avance sur<strong> Lara Gut-Behrami,<\/strong> maintenant le suspense quand au globe de la sp\u00e9cialit\u00e9, mais ratant le podium.<\/p>\n<p style=\"text-align: justify;\">Apr\u00e8s la chute de<strong> Ragnhild Mowinckel<\/strong>, la course a baiss\u00e9 d&rsquo;un cran en intensit\u00e9. Personne ne parviendra \u00e0 s&rsquo;approcher du chrono de <strong>Stephanie Venier,<\/strong> qui remporte sa troisi\u00e8me victoire en Coupe du monde en carri\u00e8re, mais la premi\u00e8re en Super-G. Elle pourrait m\u00eame concourir pour le globe de la sp\u00e9cialit\u00e9 avec 4 courses restantes. Dommage pour <strong>Romane Miradoli,<\/strong> qui revient toutefois \u00e0 un tr\u00e8s haut niveau, mais qui rate le podium pour 13 centi\u00e8mes.<\/p>\n<ul>\n<li style=\"text-align: justify;\"><strong>\u00c0 ce sujet &#8211; <a href=\"https:\/\/dicodusport.fr\/blog\/classement-super-g-femmes-crans-montana-2024\/\">Le classement du Super-G femmes de Crans-Montana<\/a><\/strong><\/li>\n<\/ul>\n","protected":false},"excerpt":{"rendered":"<p>COUPE DU MONDE DE SKI ALPIN 2023-2024 &#8211; Pour quatre centi\u00e8mes, Stephanie Venier a coiff\u00e9 Federica Brignone pour ouvrir son compteur dans la discipline, alors que Romane Miradoli a termin\u00e9 au pied du podium.\u00a0<\/p>\n","protected":false},"author":59,"featured_media":464780,"comment_status":"open","ping_status":"closed","sticky":false,"template":"","format":"standard","meta":{"_acf_changed":false,"_daextam_enable_autolinks":"1","footnotes":""},"categories":[47084],"tags":[16878,2233],"class_list":["post-464607","post","type-post","status-publish","format-standard","has-post-thumbnail","hentry","category-coupe-du-monde-ski-alpin","tag-breve","tag-ski-alpin"],"acf":[],"yoast_head":"<!-- This site is optimized with the Yoast SEO Premium plugin v26.7 (Yoast SEO v26.7) - https:\/\/yoast.com\/wordpress\/plugins\/seo\/ -->\n<title>Super-G femmes Crans-Montana 2024 : Stephanie Venier coiffe Federica Brignone, Romane Miradoli au pied du podium<\/title>\n<meta name=\"description\" content=\"COUPE DU MONDE DE SKI ALPIN 2023-2024 - Stephanie Venier a coiff\u00e9 Federica Brignone pour ouvrir son compteur dans la discipline.\" \/>\n<meta name=\"robots\" content=\"index, follow, max-snippet:-1, max-image-preview:large, max-video-preview:-1\" \/>\n<link rel=\"canonical\" href=\"https:\/\/dicodusport.fr\/blog\/super-g-femmes-crans-montana-2024-stephanie-venier-coiffe-federica-brignone-romane-miradoli-au-pied-du-podium\/\" \/>\n<meta property=\"og:locale\" content=\"fr_FR\" \/>\n<meta property=\"og:type\" content=\"article\" \/>\n<meta property=\"og:title\" content=\"Super-G femmes Crans-Montana 2024 : Stephanie Venier coiffe Federica Brignone, Romane Miradoli au pied du podium\" \/>\n<meta property=\"og:description\" content=\"COUPE DU MONDE DE SKI ALPIN 2023-2024 - Stephanie Venier a coiff\u00e9 Federica Brignone pour ouvrir son compteur dans la discipline.\" \/>\n<meta property=\"og:url\" content=\"https:\/\/dicodusport.fr\/blog\/super-g-femmes-crans-montana-2024-stephanie-venier-coiffe-federica-brignone-romane-miradoli-au-pied-du-podium\/\" \/>\n<meta property=\"og:site_name\" content=\"Dicodusport\" \/>\n<meta property=\"article:publisher\" content=\"https:\/\/www.facebook.com\/dicodusport\" \/>\n<meta property=\"article:author\" content=\"https:\/\/www.facebook.com\/sebastien.gente\/\" \/>\n<meta property=\"article:published_time\" content=\"2024-02-18T10:34:54+00:00\" \/>\n<meta property=\"article:modified_time\" content=\"2024-02-18T14:44:33+00:00\" \/>\n<meta property=\"og:image\" content=\"https:\/\/dicodusport.fr\/blog\/wp-content\/uploads\/2024\/02\/Super-G-femmes-Crans-Montana-2024-Stephanie-Venier-coiffe-Federica-Brignone-Romane-Miradoli-au-pied-du-podium-1.png\" \/>\n\t<meta property=\"og:image:width\" content=\"1200\" \/>\n\t<meta property=\"og:image:height\" content=\"674\" \/>\n\t<meta property=\"og:image:type\" content=\"image\/png\" \/>\n<meta name=\"author\" content=\"S\u00e9bastien Gente\" \/>\n<meta name=\"twitter:card\" content=\"summary_large_image\" \/>\n<meta name=\"twitter:title\" content=\"Super-G femmes Crans-Montana 2024 : Stephanie Venier coiffe Federica Brignone, Romane Miradoli au pied du podium\" \/>\n<meta name=\"twitter:creator\" content=\"@https:\/\/twitter.com\/globulo24\" \/>\n<meta name=\"twitter:site\" content=\"@dicodusport\" \/>\n<script type=\"application\/ld+json\" class=\"yoast-schema-graph\">{\"@context\":\"https:\/\/schema.org\",\"@graph\":[{\"@type\":\"NewsArticle\",\"@id\":\"https:\/\/dicodusport.fr\/blog\/super-g-femmes-crans-montana-2024-stephanie-venier-coiffe-federica-brignone-romane-miradoli-au-pied-du-podium\/#article\",\"isPartOf\":{\"@id\":\"https:\/\/dicodusport.fr\/blog\/super-g-femmes-crans-montana-2024-stephanie-venier-coiffe-federica-brignone-romane-miradoli-au-pied-du-podium\/\"},\"author\":{\"name\":\"S\u00e9bastien Gente\",\"@id\":\"https:\/\/dicodusport.fr\/blog\/#\/schema\/person\/627966a6cde45dbd8c5e36ac85d783da\"},\"headline\":\"Super-G femmes Crans-Montana 2024 : Stephanie Venier coiffe Federica Brignone, Romane Miradoli au pied du podium\",\"datePublished\":\"2024-02-18T10:34:54+00:00\",\"dateModified\":\"2024-02-18T14:44:33+00:00\",\"mainEntityOfPage\":{\"@id\":\"https:\/\/dicodusport.fr\/blog\/super-g-femmes-crans-montana-2024-stephanie-venier-coiffe-federica-brignone-romane-miradoli-au-pied-du-podium\/\"},\"wordCount\":512,\"commentCount\":0,\"publisher\":{\"@id\":\"https:\/\/dicodusport.fr\/blog\/#organization\"},\"image\":{\"@id\":\"https:\/\/dicodusport.fr\/blog\/super-g-femmes-crans-montana-2024-stephanie-venier-coiffe-federica-brignone-romane-miradoli-au-pied-du-podium\/#primaryimage\"},\"thumbnailUrl\":\"https:\/\/dicodusport.fr\/blog\/wp-content\/uploads\/2024\/02\/Super-G-femmes-Crans-Montana-2024-Stephanie-Venier-coiffe-Federica-Brignone-Romane-Miradoli-au-pied-du-podium-1.png\",\"keywords\":[\"br\u00e8ve\",\"Ski alpin\"],\"articleSection\":[\"Coupe du monde de ski alpin\"],\"inLanguage\":\"fr-FR\",\"potentialAction\":[{\"@type\":\"CommentAction\",\"name\":\"Comment\",\"target\":[\"https:\/\/dicodusport.fr\/blog\/super-g-femmes-crans-montana-2024-stephanie-venier-coiffe-federica-brignone-romane-miradoli-au-pied-du-podium\/#respond\"]}],\"copyrightYear\":\"2024\",\"copyrightHolder\":{\"@id\":\"https:\/\/dicodusport.fr\/blog\/#organization\"}},{\"@type\":\"WebPage\",\"@id\":\"https:\/\/dicodusport.fr\/blog\/super-g-femmes-crans-montana-2024-stephanie-venier-coiffe-federica-brignone-romane-miradoli-au-pied-du-podium\/\",\"url\":\"https:\/\/dicodusport.fr\/blog\/super-g-femmes-crans-montana-2024-stephanie-venier-coiffe-federica-brignone-romane-miradoli-au-pied-du-podium\/\",\"name\":\"Super-G femmes Crans-Montana 2024 : Stephanie Venier coiffe Federica Brignone, Romane Miradoli au pied du podium\",\"isPartOf\":{\"@id\":\"https:\/\/dicodusport.fr\/blog\/#website\"},\"primaryImageOfPage\":{\"@id\":\"https:\/\/dicodusport.fr\/blog\/super-g-femmes-crans-montana-2024-stephanie-venier-coiffe-federica-brignone-romane-miradoli-au-pied-du-podium\/#primaryimage\"},\"image\":{\"@id\":\"https:\/\/dicodusport.fr\/blog\/super-g-femmes-crans-montana-2024-stephanie-venier-coiffe-federica-brignone-romane-miradoli-au-pied-du-podium\/#primaryimage\"},\"thumbnailUrl\":\"https:\/\/dicodusport.fr\/blog\/wp-content\/uploads\/2024\/02\/Super-G-femmes-Crans-Montana-2024-Stephanie-Venier-coiffe-Federica-Brignone-Romane-Miradoli-au-pied-du-podium-1.png\",\"datePublished\":\"2024-02-18T10:34:54+00:00\",\"dateModified\":\"2024-02-18T14:44:33+00:00\",\"description\":\"COUPE DU MONDE DE SKI ALPIN 2023-2024 - Stephanie Venier a coiff\u00e9 Federica Brignone pour ouvrir son compteur dans la discipline.\",\"breadcrumb\":{\"@id\":\"https:\/\/dicodusport.fr\/blog\/super-g-femmes-crans-montana-2024-stephanie-venier-coiffe-federica-brignone-romane-miradoli-au-pied-du-podium\/#breadcrumb\"},\"inLanguage\":\"fr-FR\",\"potentialAction\":[{\"@type\":\"ReadAction\",\"target\":[\"https:\/\/dicodusport.fr\/blog\/super-g-femmes-crans-montana-2024-stephanie-venier-coiffe-federica-brignone-romane-miradoli-au-pied-du-podium\/\"]}]},{\"@type\":\"ImageObject\",\"inLanguage\":\"fr-FR\",\"@id\":\"https:\/\/dicodusport.fr\/blog\/super-g-femmes-crans-montana-2024-stephanie-venier-coiffe-federica-brignone-romane-miradoli-au-pied-du-podium\/#primaryimage\",\"url\":\"https:\/\/dicodusport.fr\/blog\/wp-content\/uploads\/2024\/02\/Super-G-femmes-Crans-Montana-2024-Stephanie-Venier-coiffe-Federica-Brignone-Romane-Miradoli-au-pied-du-podium-1.png\",\"contentUrl\":\"https:\/\/dicodusport.fr\/blog\/wp-content\/uploads\/2024\/02\/Super-G-femmes-Crans-Montana-2024-Stephanie-Venier-coiffe-Federica-Brignone-Romane-Miradoli-au-pied-du-podium-1.png\",\"width\":1200,\"height\":674,\"caption\":\"Super-G femmes Crans-Montana 2024 Stephanie Venier coiffe Federica Brignone, Romane Miradoli au pied du podium\"},{\"@type\":\"BreadcrumbList\",\"@id\":\"https:\/\/dicodusport.fr\/blog\/super-g-femmes-crans-montana-2024-stephanie-venier-coiffe-federica-brignone-romane-miradoli-au-pied-du-podium\/#breadcrumb\",\"itemListElement\":[{\"@type\":\"ListItem\",\"position\":1,\"name\":\"Accueil\",\"item\":\"https:\/\/dicodusport.fr\/blog\/\"},{\"@type\":\"ListItem\",\"position\":2,\"name\":\"Super-G femmes Crans-Montana 2024 : Stephanie Venier coiffe Federica Brignone, Romane Miradoli au pied du podium\"}]},{\"@type\":\"WebSite\",\"@id\":\"https:\/\/dicodusport.fr\/blog\/#website\",\"url\":\"https:\/\/dicodusport.fr\/blog\/\",\"name\":\"Dicodusport\",\"description\":\"L&#039;encyclop\u00e9die de l&#039;actualit\u00e9 sportive\",\"publisher\":{\"@id\":\"https:\/\/dicodusport.fr\/blog\/#organization\"},\"potentialAction\":[{\"@type\":\"SearchAction\",\"target\":{\"@type\":\"EntryPoint\",\"urlTemplate\":\"https:\/\/dicodusport.fr\/blog\/?s={search_term_string}\"},\"query-input\":{\"@type\":\"PropertyValueSpecification\",\"valueRequired\":true,\"valueName\":\"search_term_string\"}}],\"inLanguage\":\"fr-FR\"},{\"@type\":\"NewsMediaOrganization\",\"@id\":\"https:\/\/dicodusport.fr\/blog\/#organization\",\"name\":\"Dicodusport\",\"url\":\"https:\/\/dicodusport.fr\/blog\/\",\"logo\":{\"@type\":\"ImageObject\",\"inLanguage\":\"fr-FR\",\"@id\":\"https:\/\/dicodusport.fr\/blog\/#\/schema\/logo\/image\/\",\"url\":\"https:\/\/dicodusport.fr\/blog\/wp-content\/uploads\/2020\/06\/cropped-LOGO-DICODUSPORT-2020-SANS-FOND-SANS-TEXTE.png\",\"contentUrl\":\"https:\/\/dicodusport.fr\/blog\/wp-content\/uploads\/2020\/06\/cropped-LOGO-DICODUSPORT-2020-SANS-FOND-SANS-TEXTE.png\",\"width\":512,\"height\":512,\"caption\":\"Dicodusport\"},\"image\":{\"@id\":\"https:\/\/dicodusport.fr\/blog\/#\/schema\/logo\/image\/\"},\"sameAs\":[\"https:\/\/www.facebook.com\/dicodusport\",\"https:\/\/x.com\/dicodusport\",\"https:\/\/www.instagram.com\/dicodusport\/\",\"https:\/\/www.youtube.com\/channel\/UC7V2KZ5sd3htJivAbA4ZG3w\"],\"description\":\"Dicodusport est l'encyclop\u00e9die de l'actualit\u00e9 sportive.\",\"email\":\"bonjour@dicodusport.fr\",\"legalName\":\"DICODUSPORT\",\"foundingDate\":\"2018-01-14\",\"vatID\":\"FR71834470973\",\"taxID\":\"83447097300043\",\"numberOfEmployees\":{\"@type\":\"QuantitativeValue\",\"minValue\":\"1\",\"maxValue\":\"10\"}},{\"@type\":\"Person\",\"@id\":\"https:\/\/dicodusport.fr\/blog\/#\/schema\/person\/627966a6cde45dbd8c5e36ac85d783da\",\"name\":\"S\u00e9bastien Gente\",\"image\":{\"@type\":\"ImageObject\",\"inLanguage\":\"fr-FR\",\"@id\":\"https:\/\/dicodusport.fr\/blog\/#\/schema\/person\/image\/\",\"url\":\"https:\/\/dicodusport.fr\/blog\/wp-content\/uploads\/2021\/09\/1510990_10205810251400683_4124423575079401707_n-150x150.jpg\",\"contentUrl\":\"https:\/\/dicodusport.fr\/blog\/wp-content\/uploads\/2021\/09\/1510990_10205810251400683_4124423575079401707_n-150x150.jpg\",\"caption\":\"S\u00e9bastien Gente\"},\"description\":\"John Stockton, Gianni Bugno, Zinedine Zidane, Steffi Graf, Frode Andresen, St\u00e9phane Stoecklin, Davis Kamoga, Primoz Peterka, Werner Schlager et Aur\u00e9lien Rougerie. Point commun entre ces sportifs? Ils m'ont fait r\u00eaver et ont berc\u00e9 mon adolescence. Je suis un fondu de sports et j'essaie de retranscrire ma passion \u00e0 travers mes articles. Originaire du P\u00e9rigord, ma passion pour les Girondins, les Jaunards et les Jazzmen transpire dans mes \u00e9crits. \u00c0 Dicodusport depuis 2021, je d\u00e9niche les sports m\u00e9connus dans lesquels la France brille, et il y en a !\",\"sameAs\":[\"https:\/\/www.facebook.com\/sebastien.gente\/\",\"https:\/\/www.instagram.com\/sebgente\/\",\"https:\/\/www.linkedin.com\/in\/sbastien-gente-a29583169\/\",\"https:\/\/x.com\/https:\/\/twitter.com\/globulo24\",\"SebastienGente\"],\"worksFor\":\"S\u00e9bastien GENTE\",\"url\":\"https:\/\/dicodusport.fr\/blog\/author\/sebastiengente\/\"}]}<\/script>\n<!-- \/ Yoast SEO Premium plugin. -->","yoast_head_json":{"title":"Super-G femmes Crans-Montana 2024 : Stephanie Venier coiffe Federica Brignone, Romane Miradoli au pied du podium","description":"COUPE DU MONDE DE SKI ALPIN 2023-2024 - Stephanie Venier a coiff\u00e9 Federica Brignone pour ouvrir son compteur dans la discipline.","robots":{"index":"index","follow":"follow","max-snippet":"max-snippet:-1","max-image-preview":"max-image-preview:large","max-video-preview":"max-video-preview:-1"},"canonical":"https:\/\/dicodusport.fr\/blog\/super-g-femmes-crans-montana-2024-stephanie-venier-coiffe-federica-brignone-romane-miradoli-au-pied-du-podium\/","og_locale":"fr_FR","og_type":"article","og_title":"Super-G femmes Crans-Montana 2024 : Stephanie Venier coiffe Federica Brignone, Romane Miradoli au pied du podium","og_description":"COUPE DU MONDE DE SKI ALPIN 2023-2024 - Stephanie Venier a coiff\u00e9 Federica Brignone pour ouvrir son compteur dans la discipline.","og_url":"https:\/\/dicodusport.fr\/blog\/super-g-femmes-crans-montana-2024-stephanie-venier-coiffe-federica-brignone-romane-miradoli-au-pied-du-podium\/","og_site_name":"Dicodusport","article_publisher":"https:\/\/www.facebook.com\/dicodusport","article_author":"https:\/\/www.facebook.com\/sebastien.gente\/","article_published_time":"2024-02-18T10:34:54+00:00","article_modified_time":"2024-02-18T14:44:33+00:00","og_image":[{"width":1200,"height":674,"url":"https:\/\/dicodusport.fr\/blog\/wp-content\/uploads\/2024\/02\/Super-G-femmes-Crans-Montana-2024-Stephanie-Venier-coiffe-Federica-Brignone-Romane-Miradoli-au-pied-du-podium-1.png","type":"image\/png"}],"author":"S\u00e9bastien Gente","twitter_card":"summary_large_image","twitter_title":"Super-G femmes Crans-Montana 2024 : Stephanie Venier coiffe Federica Brignone, Romane Miradoli au pied du podium","twitter_creator":"@https:\/\/twitter.com\/globulo24","twitter_site":"@dicodusport","schema":{"@context":"https:\/\/schema.org","@graph":[{"@type":"NewsArticle","@id":"https:\/\/dicodusport.fr\/blog\/super-g-femmes-crans-montana-2024-stephanie-venier-coiffe-federica-brignone-romane-miradoli-au-pied-du-podium\/#article","isPartOf":{"@id":"https:\/\/dicodusport.fr\/blog\/super-g-femmes-crans-montana-2024-stephanie-venier-coiffe-federica-brignone-romane-miradoli-au-pied-du-podium\/"},"author":{"name":"S\u00e9bastien Gente","@id":"https:\/\/dicodusport.fr\/blog\/#\/schema\/person\/627966a6cde45dbd8c5e36ac85d783da"},"headline":"Super-G femmes Crans-Montana 2024 : Stephanie Venier coiffe Federica Brignone, Romane Miradoli au pied du podium","datePublished":"2024-02-18T10:34:54+00:00","dateModified":"2024-02-18T14:44:33+00:00","mainEntityOfPage":{"@id":"https:\/\/dicodusport.fr\/blog\/super-g-femmes-crans-montana-2024-stephanie-venier-coiffe-federica-brignone-romane-miradoli-au-pied-du-podium\/"},"wordCount":512,"commentCount":0,"publisher":{"@id":"https:\/\/dicodusport.fr\/blog\/#organization"},"image":{"@id":"https:\/\/dicodusport.fr\/blog\/super-g-femmes-crans-montana-2024-stephanie-venier-coiffe-federica-brignone-romane-miradoli-au-pied-du-podium\/#primaryimage"},"thumbnailUrl":"https:\/\/dicodusport.fr\/blog\/wp-content\/uploads\/2024\/02\/Super-G-femmes-Crans-Montana-2024-Stephanie-Venier-coiffe-Federica-Brignone-Romane-Miradoli-au-pied-du-podium-1.png","keywords":["br\u00e8ve","Ski alpin"],"articleSection":["Coupe du monde de ski alpin"],"inLanguage":"fr-FR","potentialAction":[{"@type":"CommentAction","name":"Comment","target":["https:\/\/dicodusport.fr\/blog\/super-g-femmes-crans-montana-2024-stephanie-venier-coiffe-federica-brignone-romane-miradoli-au-pied-du-podium\/#respond"]}],"copyrightYear":"2024","copyrightHolder":{"@id":"https:\/\/dicodusport.fr\/blog\/#organization"}},{"@type":"WebPage","@id":"https:\/\/dicodusport.fr\/blog\/super-g-femmes-crans-montana-2024-stephanie-venier-coiffe-federica-brignone-romane-miradoli-au-pied-du-podium\/","url":"https:\/\/dicodusport.fr\/blog\/super-g-femmes-crans-montana-2024-stephanie-venier-coiffe-federica-brignone-romane-miradoli-au-pied-du-podium\/","name":"Super-G femmes Crans-Montana 2024 : Stephanie Venier coiffe Federica Brignone, Romane Miradoli au pied du podium","isPartOf":{"@id":"https:\/\/dicodusport.fr\/blog\/#website"},"primaryImageOfPage":{"@id":"https:\/\/dicodusport.fr\/blog\/super-g-femmes-crans-montana-2024-stephanie-venier-coiffe-federica-brignone-romane-miradoli-au-pied-du-podium\/#primaryimage"},"image":{"@id":"https:\/\/dicodusport.fr\/blog\/super-g-femmes-crans-montana-2024-stephanie-venier-coiffe-federica-brignone-romane-miradoli-au-pied-du-podium\/#primaryimage"},"thumbnailUrl":"https:\/\/dicodusport.fr\/blog\/wp-content\/uploads\/2024\/02\/Super-G-femmes-Crans-Montana-2024-Stephanie-Venier-coiffe-Federica-Brignone-Romane-Miradoli-au-pied-du-podium-1.png","datePublished":"2024-02-18T10:34:54+00:00","dateModified":"2024-02-18T14:44:33+00:00","description":"COUPE DU MONDE DE SKI ALPIN 2023-2024 - Stephanie Venier a coiff\u00e9 Federica Brignone pour ouvrir son compteur dans la discipline.","breadcrumb":{"@id":"https:\/\/dicodusport.fr\/blog\/super-g-femmes-crans-montana-2024-stephanie-venier-coiffe-federica-brignone-romane-miradoli-au-pied-du-podium\/#breadcrumb"},"inLanguage":"fr-FR","potentialAction":[{"@type":"ReadAction","target":["https:\/\/dicodusport.fr\/blog\/super-g-femmes-crans-montana-2024-stephanie-venier-coiffe-federica-brignone-romane-miradoli-au-pied-du-podium\/"]}]},{"@type":"ImageObject","inLanguage":"fr-FR","@id":"https:\/\/dicodusport.fr\/blog\/super-g-femmes-crans-montana-2024-stephanie-venier-coiffe-federica-brignone-romane-miradoli-au-pied-du-podium\/#primaryimage","url":"https:\/\/dicodusport.fr\/blog\/wp-content\/uploads\/2024\/02\/Super-G-femmes-Crans-Montana-2024-Stephanie-Venier-coiffe-Federica-Brignone-Romane-Miradoli-au-pied-du-podium-1.png","contentUrl":"https:\/\/dicodusport.fr\/blog\/wp-content\/uploads\/2024\/02\/Super-G-femmes-Crans-Montana-2024-Stephanie-Venier-coiffe-Federica-Brignone-Romane-Miradoli-au-pied-du-podium-1.png","width":1200,"height":674,"caption":"Super-G femmes Crans-Montana 2024 Stephanie Venier coiffe Federica Brignone, Romane Miradoli au pied du podium"},{"@type":"BreadcrumbList","@id":"https:\/\/dicodusport.fr\/blog\/super-g-femmes-crans-montana-2024-stephanie-venier-coiffe-federica-brignone-romane-miradoli-au-pied-du-podium\/#breadcrumb","itemListElement":[{"@type":"ListItem","position":1,"name":"Accueil","item":"https:\/\/dicodusport.fr\/blog\/"},{"@type":"ListItem","position":2,"name":"Super-G femmes Crans-Montana 2024 : Stephanie Venier coiffe Federica Brignone, Romane Miradoli au pied du podium"}]},{"@type":"WebSite","@id":"https:\/\/dicodusport.fr\/blog\/#website","url":"https:\/\/dicodusport.fr\/blog\/","name":"Dicodusport","description":"L&#039;encyclop\u00e9die de l&#039;actualit\u00e9 sportive","publisher":{"@id":"https:\/\/dicodusport.fr\/blog\/#organization"},"potentialAction":[{"@type":"SearchAction","target":{"@type":"EntryPoint","urlTemplate":"https:\/\/dicodusport.fr\/blog\/?s={search_term_string}"},"query-input":{"@type":"PropertyValueSpecification","valueRequired":true,"valueName":"search_term_string"}}],"inLanguage":"fr-FR"},{"@type":"NewsMediaOrganization","@id":"https:\/\/dicodusport.fr\/blog\/#organization","name":"Dicodusport","url":"https:\/\/dicodusport.fr\/blog\/","logo":{"@type":"ImageObject","inLanguage":"fr-FR","@id":"https:\/\/dicodusport.fr\/blog\/#\/schema\/logo\/image\/","url":"https:\/\/dicodusport.fr\/blog\/wp-content\/uploads\/2020\/06\/cropped-LOGO-DICODUSPORT-2020-SANS-FOND-SANS-TEXTE.png","contentUrl":"https:\/\/dicodusport.fr\/blog\/wp-content\/uploads\/2020\/06\/cropped-LOGO-DICODUSPORT-2020-SANS-FOND-SANS-TEXTE.png","width":512,"height":512,"caption":"Dicodusport"},"image":{"@id":"https:\/\/dicodusport.fr\/blog\/#\/schema\/logo\/image\/"},"sameAs":["https:\/\/www.facebook.com\/dicodusport","https:\/\/x.com\/dicodusport","https:\/\/www.instagram.com\/dicodusport\/","https:\/\/www.youtube.com\/channel\/UC7V2KZ5sd3htJivAbA4ZG3w"],"description":"Dicodusport est l'encyclop\u00e9die de l'actualit\u00e9 sportive.","email":"bonjour@dicodusport.fr","legalName":"DICODUSPORT","foundingDate":"2018-01-14","vatID":"FR71834470973","taxID":"83447097300043","numberOfEmployees":{"@type":"QuantitativeValue","minValue":"1","maxValue":"10"}},{"@type":"Person","@id":"https:\/\/dicodusport.fr\/blog\/#\/schema\/person\/627966a6cde45dbd8c5e36ac85d783da","name":"S\u00e9bastien Gente","image":{"@type":"ImageObject","inLanguage":"fr-FR","@id":"https:\/\/dicodusport.fr\/blog\/#\/schema\/person\/image\/","url":"https:\/\/dicodusport.fr\/blog\/wp-content\/uploads\/2021\/09\/1510990_10205810251400683_4124423575079401707_n-150x150.jpg","contentUrl":"https:\/\/dicodusport.fr\/blog\/wp-content\/uploads\/2021\/09\/1510990_10205810251400683_4124423575079401707_n-150x150.jpg","caption":"S\u00e9bastien Gente"},"description":"John Stockton, Gianni Bugno, Zinedine Zidane, Steffi Graf, Frode Andresen, St\u00e9phane Stoecklin, Davis Kamoga, Primoz Peterka, Werner Schlager et Aur\u00e9lien Rougerie. Point commun entre ces sportifs? Ils m'ont fait r\u00eaver et ont berc\u00e9 mon adolescence. Je suis un fondu de sports et j'essaie de retranscrire ma passion \u00e0 travers mes articles. Originaire du P\u00e9rigord, ma passion pour les Girondins, les Jaunards et les Jazzmen transpire dans mes \u00e9crits. \u00c0 Dicodusport depuis 2021, je d\u00e9niche les sports m\u00e9connus dans lesquels la France brille, et il y en a !","sameAs":["https:\/\/www.facebook.com\/sebastien.gente\/","https:\/\/www.instagram.com\/sebgente\/","https:\/\/www.linkedin.com\/in\/sbastien-gente-a29583169\/","https:\/\/x.com\/https:\/\/twitter.com\/globulo24","SebastienGente"],"worksFor":"S\u00e9bastien GENTE","url":"https:\/\/dicodusport.fr\/blog\/author\/sebastiengente\/"}]}},"_links":{"self":[{"href":"https:\/\/dicodusport.fr\/blog\/wp-json\/wp\/v2\/posts\/464607","targetHints":{"allow":["GET"]}}],"collection":[{"href":"https:\/\/dicodusport.fr\/blog\/wp-json\/wp\/v2\/posts"}],"about":[{"href":"https:\/\/dicodusport.fr\/blog\/wp-json\/wp\/v2\/types\/post"}],"author":[{"embeddable":true,"href":"https:\/\/dicodusport.fr\/blog\/wp-json\/wp\/v2\/users\/59"}],"replies":[{"embeddable":true,"href":"https:\/\/dicodusport.fr\/blog\/wp-json\/wp\/v2\/comments?post=464607"}],"version-history":[{"count":2,"href":"https:\/\/dicodusport.fr\/blog\/wp-json\/wp\/v2\/posts\/464607\/revisions"}],"predecessor-version":[{"id":464711,"href":"https:\/\/dicodusport.fr\/blog\/wp-json\/wp\/v2\/posts\/464607\/revisions\/464711"}],"wp:featuredmedia":[{"embeddable":true,"href":"https:\/\/dicodusport.fr\/blog\/wp-json\/wp\/v2\/media\/464780"}],"wp:attachment":[{"href":"https:\/\/dicodusport.fr\/blog\/wp-json\/wp\/v2\/media?parent=464607"}],"wp:term":[{"taxonomy":"category","embeddable":true,"href":"https:\/\/dicodusport.fr\/blog\/wp-json\/wp\/v2\/categories?post=464607"},{"taxonomy":"post_tag","embeddable":true,"href":"https:\/\/dicodusport.fr\/blog\/wp-json\/wp\/v2\/tags?post=464607"}],"curies":[{"name":"wp","href":"https:\/\/api.w.org\/{rel}","templated":true}]}}