{"id":464608,"date":"2024-02-18T10:42:30","date_gmt":"2024-02-18T09:42:30","guid":{"rendered":"https:\/\/dicodusport.fr\/blog\/?p=464608&#038;preview=true&#038;preview_id=464608"},"modified":"2024-02-18T11:45:46","modified_gmt":"2024-02-18T10:45:46","slug":"marathon-de-seville-2024-record-de-france-pour-morhad-amdouni-deuxieme-de-la-course","status":"publish","type":"post","link":"https:\/\/dicodusport.fr\/blog\/marathon-de-seville-2024-record-de-france-pour-morhad-amdouni-deuxieme-de-la-course\/","title":{"rendered":"Marathon de S\u00e9ville 2024 : Record de France pour Morhad Amdouni, deuxi\u00e8me de la course"},"content":{"rendered":"<p style=\"text-align: justify;\"><strong><em>MARATHON DE SEVILLE 2024 \u2013 Morhad Amdouni bat son record de France en 2h03:46 et devrait donc voir les Jeux de Paris. Dans le duo de t\u00eate jusqu\u2019\u00e0 moins de 5 kilom\u00e8tres de l\u2019arriv\u00e9e, il a m\u00eame longtemps cru \u00e0 la victoire. C\u2019est finalement l&rsquo;\u00c9thiopien Deresa Geleta Ulfata qui s\u2019est impos\u00e9 en 2h03:26, nouveau record de la course.<\/em><\/strong><\/p>\n<ul>\n<li style=\"text-align: justify;\"><strong>\u00c0 ce sujet &#8211; <a href=\"https:\/\/dicodusport.fr\/blog\/classement-marathon-de-seville-2024\/\" target=\"_blank\" rel=\"noopener\">Classement Marathon de S\u00e9ville 2024<\/a><\/strong><\/li>\n<\/ul>\n<p style=\"text-align: justify;\">C\u2019est une course exceptionnelle qui s\u2019est tenue ce dimanche matin dans les rues de S\u00e9ville. De nombreux records nationaux sont tomb\u00e9s, dont celui de la France. Auteur d\u2019une course magnifique, <strong>Morhad Amdouni <\/strong>a franchi la ligne d\u2019arriv\u00e9e en 2h03:46. Il am\u00e9liore donc son propre record de France, \u00e9tabli lors du Marathon de Paris en avril 2022 (2h05:22) et n\u2019est pas pass\u00e9 loin du record europ\u00e9en (2h03:36).<\/p>\n<p style=\"text-align: justify;\">Le meilleur performeur fran\u00e7ais de l\u2019Histoire a longtemps cru \u00e0 la victoire. Au 29<sup>e<\/sup> kilom\u00e8tre, il a rejoint l\u2019\u00c9thiopien<strong> Deresa Geleta Ulfata<\/strong> qui s\u2019\u00e9tait \u00e9chapp\u00e9 du groupe de t\u00eate au 25<sup>e<\/sup>. Mais, <strong>Morhad Amdouni<\/strong> a craqu\u00e9 \u00e0 partir du 37<sup>e<\/sup> kilom\u00e8tre et a peu \u00e0 peu laiss\u00e9 partir l\u2019\u00c9thiopien. <strong>Deresa Geleta Ulfata <\/strong>s\u2019est alors impos\u00e9 en solitaire en 2h03:26, le nouveau record du Marathon de S\u00e9ville.<\/p>\n<blockquote class=\"twitter-tweet\" data-media-max-width=\"560\">\n<p dir=\"ltr\" lang=\"fr\">Deresa Geleta Ulfata remporte le marathon de S\u00e9ville devant le Fran\u00e7ais Morhad Amdouni, qui bat le record de France ! <a href=\"https:\/\/twitter.com\/hashtag\/lequipeATHLE?src=hash&amp;ref_src=twsrc%5Etfw\">#lequipeATHLE<\/a> <a href=\"https:\/\/t.co\/LUvgywA2zA\">pic.twitter.com\/LUvgywA2zA<\/a><\/p>\n<p>\u2014 L&rsquo;\u00c9QUIPE (@lequipe) <a href=\"https:\/\/twitter.com\/lequipe\/status\/1759151742510366776?ref_src=twsrc%5Etfw\">February 18, 2024<\/a><\/p><\/blockquote>\n<p style=\"text-align: justify;\"><script async src=\"https:\/\/platform.twitter.com\/widgets.js\" charset=\"utf-8\"><\/script><\/p>\n<p style=\"text-align: justify;\">Avec son temps, <strong>Morhad Amdouni<\/strong> passe donc en t\u00eate dans la course aux minima pour les Jeux olympiques de Paris. <strong>F\u00e9lix Bour<\/strong>, qui avait boucl\u00e9 le <a href=\"https:\/\/dicodusport.fr\/blog\/marathon-de-valence-2023-sisay-lemma-remporte-lepreuve-course-historique-pour-les-francais\/\">Marathon de Valence<\/a> en 2h06:46, est d\u00e9sormais le 4<sup>e<\/sup> Fran\u00e7ais dans le classement des marathoniens tricolores ayant r\u00e9alis\u00e9 les <a href=\"https:\/\/dicodusport.fr\/blog\/athletisme-jo-2024-les-francais-qui-ont-realise-les-minima\/\">minima pour les JO de Paris<\/a>.<\/p>\n<p style=\"text-align: justify;\">Autres engag\u00e9s Fran\u00e7ais ce dimanche, <strong>Abderrazak Charik<\/strong> a termin\u00e9 les 42,195 kilom\u00e8tres en 2h08:41 et <strong>Duncan Perillat<\/strong> en 2h13:05. <strong>Yohan Durand<\/strong> a lui abandonn\u00e9 avant le 30<sup>e<\/sup> kilom\u00e8tre.<\/p>\n<ul>\n<li style=\"text-align: justify;\"><strong>\u00c0 ce sujet &#8211; <a href=\"https:\/\/dicodusport.fr\/blog\/marathon-de-seville-2024-record-de-france-pour-meline-rollin\/\">Marathon de S\u00e9ville 2024 : Record de France pour M\u00e9line Rollin<\/a><\/strong><\/li>\n<\/ul>\n","protected":false},"excerpt":{"rendered":"<p>MARATHON DE SEVILLE 2024 \u2013 Morhad Amdouni bat son record de France en 2h03:46 et devrait donc voir les Jeux de Paris.<\/p>\n","protected":false},"author":80,"featured_media":464617,"comment_status":"open","ping_status":"closed","sticky":false,"template":"","format":"standard","meta":{"_acf_changed":false,"_daextam_enable_autolinks":"1","footnotes":""},"categories":[2308],"tags":[16878,29810,5706,7631],"class_list":["post-464608","post","type-post","status-publish","format-standard","has-post-thumbnail","hentry","category-athletisme","tag-breve","tag-marathon-de-seville","tag-morhad-amdouni","tag-record-de-france"],"acf":[],"yoast_head":"<!-- This site is optimized with the Yoast SEO Premium plugin v26.7 (Yoast SEO v26.7) - https:\/\/yoast.com\/wordpress\/plugins\/seo\/ -->\n<title>Marathon de S\u00e9ville 2024 : Record de France pour Morhad Amdouni, deuxi\u00e8me de la course<\/title>\n<meta name=\"description\" content=\"MARATHON DE SEVILLE 2024 \u2013 Morhad Amdouni bat son record de France en 2h03:46 et devrait donc voir les Jeux de Paris.\u2019\" \/>\n<meta name=\"robots\" content=\"index, follow, max-snippet:-1, max-image-preview:large, max-video-preview:-1\" \/>\n<link rel=\"canonical\" href=\"https:\/\/dicodusport.fr\/blog\/marathon-de-seville-2024-record-de-france-pour-morhad-amdouni-deuxieme-de-la-course\/\" \/>\n<meta property=\"og:locale\" content=\"fr_FR\" \/>\n<meta property=\"og:type\" content=\"article\" \/>\n<meta property=\"og:title\" content=\"Marathon de S\u00e9ville 2024 : Record de France pour Morhad Amdouni, deuxi\u00e8me de la course\" \/>\n<meta property=\"og:description\" content=\"MARATHON DE SEVILLE 2024 \u2013 Morhad Amdouni bat son record de France en 2h03:46 et devrait donc voir les Jeux de Paris.\u2019\" \/>\n<meta property=\"og:url\" content=\"https:\/\/dicodusport.fr\/blog\/marathon-de-seville-2024-record-de-france-pour-morhad-amdouni-deuxieme-de-la-course\/\" \/>\n<meta property=\"og:site_name\" content=\"Dicodusport\" \/>\n<meta property=\"article:publisher\" content=\"https:\/\/www.facebook.com\/dicodusport\" \/>\n<meta property=\"article:author\" content=\"https:\/\/www.facebook.com\/profile.php?id=100009753662352\" \/>\n<meta property=\"article:published_time\" content=\"2024-02-18T09:42:30+00:00\" \/>\n<meta property=\"article:modified_time\" content=\"2024-02-18T10:45:46+00:00\" \/>\n<meta property=\"og:image\" content=\"https:\/\/dicodusport.fr\/blog\/wp-content\/uploads\/2024\/02\/Marathon-de-Seville-2024-Record-de-France-pour-Morhad-Amdouni-deuxieme-de-la-course.png\" \/>\n\t<meta property=\"og:image:width\" content=\"1200\" \/>\n\t<meta property=\"og:image:height\" content=\"674\" \/>\n\t<meta property=\"og:image:type\" content=\"image\/png\" \/>\n<meta name=\"author\" content=\"Killian Tanguy\" \/>\n<meta name=\"twitter:card\" content=\"summary_large_image\" \/>\n<meta name=\"twitter:title\" content=\"Marathon de S\u00e9ville 2024 : Record de France pour Morhad Amdouni, deuxi\u00e8me de la course\" \/>\n<meta name=\"twitter:creator\" content=\"@https:\/\/twitter.com\/sport_ktanguy\" \/>\n<meta name=\"twitter:site\" content=\"@dicodusport\" \/>\n<script type=\"application\/ld+json\" class=\"yoast-schema-graph\">{\"@context\":\"https:\/\/schema.org\",\"@graph\":[{\"@type\":\"NewsArticle\",\"@id\":\"https:\/\/dicodusport.fr\/blog\/marathon-de-seville-2024-record-de-france-pour-morhad-amdouni-deuxieme-de-la-course\/#article\",\"isPartOf\":{\"@id\":\"https:\/\/dicodusport.fr\/blog\/marathon-de-seville-2024-record-de-france-pour-morhad-amdouni-deuxieme-de-la-course\/\"},\"author\":{\"name\":\"Killian Tanguy\",\"@id\":\"https:\/\/dicodusport.fr\/blog\/#\/schema\/person\/ff2feeb71ea78ad31eeb3390ffe96b46\"},\"headline\":\"Marathon de S\u00e9ville 2024 : Record de France pour Morhad Amdouni, deuxi\u00e8me de la course\",\"datePublished\":\"2024-02-18T09:42:30+00:00\",\"dateModified\":\"2024-02-18T10:45:46+00:00\",\"mainEntityOfPage\":{\"@id\":\"https:\/\/dicodusport.fr\/blog\/marathon-de-seville-2024-record-de-france-pour-morhad-amdouni-deuxieme-de-la-course\/\"},\"wordCount\":365,\"commentCount\":0,\"publisher\":{\"@id\":\"https:\/\/dicodusport.fr\/blog\/#organization\"},\"image\":{\"@id\":\"https:\/\/dicodusport.fr\/blog\/marathon-de-seville-2024-record-de-france-pour-morhad-amdouni-deuxieme-de-la-course\/#primaryimage\"},\"thumbnailUrl\":\"https:\/\/dicodusport.fr\/blog\/wp-content\/uploads\/2024\/02\/Marathon-de-Seville-2024-Record-de-France-pour-Morhad-Amdouni-deuxieme-de-la-course.png\",\"keywords\":[\"br\u00e8ve\",\"Marathon de S\u00e9ville\",\"Morhad Amdouni\",\"Record de France\"],\"articleSection\":[\"Athl\u00e9tisme\"],\"inLanguage\":\"fr-FR\",\"potentialAction\":[{\"@type\":\"CommentAction\",\"name\":\"Comment\",\"target\":[\"https:\/\/dicodusport.fr\/blog\/marathon-de-seville-2024-record-de-france-pour-morhad-amdouni-deuxieme-de-la-course\/#respond\"]}],\"copyrightYear\":\"2024\",\"copyrightHolder\":{\"@id\":\"https:\/\/dicodusport.fr\/blog\/#organization\"}},{\"@type\":\"WebPage\",\"@id\":\"https:\/\/dicodusport.fr\/blog\/marathon-de-seville-2024-record-de-france-pour-morhad-amdouni-deuxieme-de-la-course\/\",\"url\":\"https:\/\/dicodusport.fr\/blog\/marathon-de-seville-2024-record-de-france-pour-morhad-amdouni-deuxieme-de-la-course\/\",\"name\":\"Marathon de S\u00e9ville 2024 : Record de France pour Morhad Amdouni, deuxi\u00e8me de la course\",\"isPartOf\":{\"@id\":\"https:\/\/dicodusport.fr\/blog\/#website\"},\"primaryImageOfPage\":{\"@id\":\"https:\/\/dicodusport.fr\/blog\/marathon-de-seville-2024-record-de-france-pour-morhad-amdouni-deuxieme-de-la-course\/#primaryimage\"},\"image\":{\"@id\":\"https:\/\/dicodusport.fr\/blog\/marathon-de-seville-2024-record-de-france-pour-morhad-amdouni-deuxieme-de-la-course\/#primaryimage\"},\"thumbnailUrl\":\"https:\/\/dicodusport.fr\/blog\/wp-content\/uploads\/2024\/02\/Marathon-de-Seville-2024-Record-de-France-pour-Morhad-Amdouni-deuxieme-de-la-course.png\",\"datePublished\":\"2024-02-18T09:42:30+00:00\",\"dateModified\":\"2024-02-18T10:45:46+00:00\",\"description\":\"MARATHON DE SEVILLE 2024 \u2013 Morhad Amdouni bat son record de France en 2h03:46 et devrait donc voir les Jeux de Paris.\u2019\",\"breadcrumb\":{\"@id\":\"https:\/\/dicodusport.fr\/blog\/marathon-de-seville-2024-record-de-france-pour-morhad-amdouni-deuxieme-de-la-course\/#breadcrumb\"},\"inLanguage\":\"fr-FR\",\"potentialAction\":[{\"@type\":\"ReadAction\",\"target\":[\"https:\/\/dicodusport.fr\/blog\/marathon-de-seville-2024-record-de-france-pour-morhad-amdouni-deuxieme-de-la-course\/\"]}]},{\"@type\":\"ImageObject\",\"inLanguage\":\"fr-FR\",\"@id\":\"https:\/\/dicodusport.fr\/blog\/marathon-de-seville-2024-record-de-france-pour-morhad-amdouni-deuxieme-de-la-course\/#primaryimage\",\"url\":\"https:\/\/dicodusport.fr\/blog\/wp-content\/uploads\/2024\/02\/Marathon-de-Seville-2024-Record-de-France-pour-Morhad-Amdouni-deuxieme-de-la-course.png\",\"contentUrl\":\"https:\/\/dicodusport.fr\/blog\/wp-content\/uploads\/2024\/02\/Marathon-de-Seville-2024-Record-de-France-pour-Morhad-Amdouni-deuxieme-de-la-course.png\",\"width\":1200,\"height\":674,\"caption\":\"Marathon de S\u00e9ville 2024 Record de France pour Morhad Amdouni, deuxi\u00e8me de la course\"},{\"@type\":\"BreadcrumbList\",\"@id\":\"https:\/\/dicodusport.fr\/blog\/marathon-de-seville-2024-record-de-france-pour-morhad-amdouni-deuxieme-de-la-course\/#breadcrumb\",\"itemListElement\":[{\"@type\":\"ListItem\",\"position\":1,\"name\":\"Accueil\",\"item\":\"https:\/\/dicodusport.fr\/blog\/\"},{\"@type\":\"ListItem\",\"position\":2,\"name\":\"Marathon de S\u00e9ville 2024 : Record de France pour Morhad Amdouni, deuxi\u00e8me de la course\"}]},{\"@type\":\"WebSite\",\"@id\":\"https:\/\/dicodusport.fr\/blog\/#website\",\"url\":\"https:\/\/dicodusport.fr\/blog\/\",\"name\":\"Dicodusport\",\"description\":\"L&#039;encyclop\u00e9die de l&#039;actualit\u00e9 sportive\",\"publisher\":{\"@id\":\"https:\/\/dicodusport.fr\/blog\/#organization\"},\"potentialAction\":[{\"@type\":\"SearchAction\",\"target\":{\"@type\":\"EntryPoint\",\"urlTemplate\":\"https:\/\/dicodusport.fr\/blog\/?s={search_term_string}\"},\"query-input\":{\"@type\":\"PropertyValueSpecification\",\"valueRequired\":true,\"valueName\":\"search_term_string\"}}],\"inLanguage\":\"fr-FR\"},{\"@type\":\"NewsMediaOrganization\",\"@id\":\"https:\/\/dicodusport.fr\/blog\/#organization\",\"name\":\"Dicodusport\",\"url\":\"https:\/\/dicodusport.fr\/blog\/\",\"logo\":{\"@type\":\"ImageObject\",\"inLanguage\":\"fr-FR\",\"@id\":\"https:\/\/dicodusport.fr\/blog\/#\/schema\/logo\/image\/\",\"url\":\"https:\/\/dicodusport.fr\/blog\/wp-content\/uploads\/2020\/06\/cropped-LOGO-DICODUSPORT-2020-SANS-FOND-SANS-TEXTE.png\",\"contentUrl\":\"https:\/\/dicodusport.fr\/blog\/wp-content\/uploads\/2020\/06\/cropped-LOGO-DICODUSPORT-2020-SANS-FOND-SANS-TEXTE.png\",\"width\":512,\"height\":512,\"caption\":\"Dicodusport\"},\"image\":{\"@id\":\"https:\/\/dicodusport.fr\/blog\/#\/schema\/logo\/image\/\"},\"sameAs\":[\"https:\/\/www.facebook.com\/dicodusport\",\"https:\/\/x.com\/dicodusport\",\"https:\/\/www.instagram.com\/dicodusport\/\",\"https:\/\/www.youtube.com\/channel\/UC7V2KZ5sd3htJivAbA4ZG3w\"],\"description\":\"Dicodusport est l'encyclop\u00e9die de l'actualit\u00e9 sportive.\",\"email\":\"bonjour@dicodusport.fr\",\"legalName\":\"DICODUSPORT\",\"foundingDate\":\"2018-01-14\",\"vatID\":\"FR71834470973\",\"taxID\":\"83447097300043\",\"numberOfEmployees\":{\"@type\":\"QuantitativeValue\",\"minValue\":\"1\",\"maxValue\":\"10\"}},{\"@type\":\"Person\",\"@id\":\"https:\/\/dicodusport.fr\/blog\/#\/schema\/person\/ff2feeb71ea78ad31eeb3390ffe96b46\",\"name\":\"Killian Tanguy\",\"image\":{\"@type\":\"ImageObject\",\"inLanguage\":\"fr-FR\",\"@id\":\"https:\/\/dicodusport.fr\/blog\/#\/schema\/person\/image\/\",\"url\":\"https:\/\/dicodusport.fr\/blog\/wp-content\/uploads\/2022\/12\/Killian-Tanguy-150x150.png\",\"contentUrl\":\"https:\/\/dicodusport.fr\/blog\/wp-content\/uploads\/2022\/12\/Killian-Tanguy-150x150.png\",\"caption\":\"Killian Tanguy\"},\"description\":\"Journaliste qui parle de tout et surtout de sport. Rugby, handball, sports d'hiver, football, cyclisme... Et ce que j'aime par-dessus tout : couvrir une discipline que je ne connais pas. Rien de mieux pour s'enrichir et apprendre.\",\"sameAs\":[\"https:\/\/killiantanguy.wixsite.com\/monsite\",\"https:\/\/www.facebook.com\/profile.php?id=100009753662352\",\"https:\/\/www.instagram.com\/sport.killiantanguy\/\",\"https:\/\/www.linkedin.com\/in\/killiantanguy\/\",\"https:\/\/x.com\/https:\/\/twitter.com\/sport_ktanguy\",\"https:\/\/www.youtube.com\/channel\/UCRfZkHKJL0wK7wvnJjCry-Q\"],\"url\":\"https:\/\/dicodusport.fr\/blog\/author\/killian-tanguy\/\"}]}<\/script>\n<!-- \/ Yoast SEO Premium plugin. -->","yoast_head_json":{"title":"Marathon de S\u00e9ville 2024 : Record de France pour Morhad Amdouni, deuxi\u00e8me de la course","description":"MARATHON DE SEVILLE 2024 \u2013 Morhad Amdouni bat son record de France en 2h03:46 et devrait donc voir les Jeux de Paris.\u2019","robots":{"index":"index","follow":"follow","max-snippet":"max-snippet:-1","max-image-preview":"max-image-preview:large","max-video-preview":"max-video-preview:-1"},"canonical":"https:\/\/dicodusport.fr\/blog\/marathon-de-seville-2024-record-de-france-pour-morhad-amdouni-deuxieme-de-la-course\/","og_locale":"fr_FR","og_type":"article","og_title":"Marathon de S\u00e9ville 2024 : Record de France pour Morhad Amdouni, deuxi\u00e8me de la course","og_description":"MARATHON DE SEVILLE 2024 \u2013 Morhad Amdouni bat son record de France en 2h03:46 et devrait donc voir les Jeux de Paris.\u2019","og_url":"https:\/\/dicodusport.fr\/blog\/marathon-de-seville-2024-record-de-france-pour-morhad-amdouni-deuxieme-de-la-course\/","og_site_name":"Dicodusport","article_publisher":"https:\/\/www.facebook.com\/dicodusport","article_author":"https:\/\/www.facebook.com\/profile.php?id=100009753662352","article_published_time":"2024-02-18T09:42:30+00:00","article_modified_time":"2024-02-18T10:45:46+00:00","og_image":[{"width":1200,"height":674,"url":"https:\/\/dicodusport.fr\/blog\/wp-content\/uploads\/2024\/02\/Marathon-de-Seville-2024-Record-de-France-pour-Morhad-Amdouni-deuxieme-de-la-course.png","type":"image\/png"}],"author":"Killian Tanguy","twitter_card":"summary_large_image","twitter_title":"Marathon de S\u00e9ville 2024 : Record de France pour Morhad Amdouni, deuxi\u00e8me de la course","twitter_creator":"@https:\/\/twitter.com\/sport_ktanguy","twitter_site":"@dicodusport","schema":{"@context":"https:\/\/schema.org","@graph":[{"@type":"NewsArticle","@id":"https:\/\/dicodusport.fr\/blog\/marathon-de-seville-2024-record-de-france-pour-morhad-amdouni-deuxieme-de-la-course\/#article","isPartOf":{"@id":"https:\/\/dicodusport.fr\/blog\/marathon-de-seville-2024-record-de-france-pour-morhad-amdouni-deuxieme-de-la-course\/"},"author":{"name":"Killian Tanguy","@id":"https:\/\/dicodusport.fr\/blog\/#\/schema\/person\/ff2feeb71ea78ad31eeb3390ffe96b46"},"headline":"Marathon de S\u00e9ville 2024 : Record de France pour Morhad Amdouni, deuxi\u00e8me de la course","datePublished":"2024-02-18T09:42:30+00:00","dateModified":"2024-02-18T10:45:46+00:00","mainEntityOfPage":{"@id":"https:\/\/dicodusport.fr\/blog\/marathon-de-seville-2024-record-de-france-pour-morhad-amdouni-deuxieme-de-la-course\/"},"wordCount":365,"commentCount":0,"publisher":{"@id":"https:\/\/dicodusport.fr\/blog\/#organization"},"image":{"@id":"https:\/\/dicodusport.fr\/blog\/marathon-de-seville-2024-record-de-france-pour-morhad-amdouni-deuxieme-de-la-course\/#primaryimage"},"thumbnailUrl":"https:\/\/dicodusport.fr\/blog\/wp-content\/uploads\/2024\/02\/Marathon-de-Seville-2024-Record-de-France-pour-Morhad-Amdouni-deuxieme-de-la-course.png","keywords":["br\u00e8ve","Marathon de S\u00e9ville","Morhad Amdouni","Record de France"],"articleSection":["Athl\u00e9tisme"],"inLanguage":"fr-FR","potentialAction":[{"@type":"CommentAction","name":"Comment","target":["https:\/\/dicodusport.fr\/blog\/marathon-de-seville-2024-record-de-france-pour-morhad-amdouni-deuxieme-de-la-course\/#respond"]}],"copyrightYear":"2024","copyrightHolder":{"@id":"https:\/\/dicodusport.fr\/blog\/#organization"}},{"@type":"WebPage","@id":"https:\/\/dicodusport.fr\/blog\/marathon-de-seville-2024-record-de-france-pour-morhad-amdouni-deuxieme-de-la-course\/","url":"https:\/\/dicodusport.fr\/blog\/marathon-de-seville-2024-record-de-france-pour-morhad-amdouni-deuxieme-de-la-course\/","name":"Marathon de S\u00e9ville 2024 : Record de France pour Morhad Amdouni, deuxi\u00e8me de la course","isPartOf":{"@id":"https:\/\/dicodusport.fr\/blog\/#website"},"primaryImageOfPage":{"@id":"https:\/\/dicodusport.fr\/blog\/marathon-de-seville-2024-record-de-france-pour-morhad-amdouni-deuxieme-de-la-course\/#primaryimage"},"image":{"@id":"https:\/\/dicodusport.fr\/blog\/marathon-de-seville-2024-record-de-france-pour-morhad-amdouni-deuxieme-de-la-course\/#primaryimage"},"thumbnailUrl":"https:\/\/dicodusport.fr\/blog\/wp-content\/uploads\/2024\/02\/Marathon-de-Seville-2024-Record-de-France-pour-Morhad-Amdouni-deuxieme-de-la-course.png","datePublished":"2024-02-18T09:42:30+00:00","dateModified":"2024-02-18T10:45:46+00:00","description":"MARATHON DE SEVILLE 2024 \u2013 Morhad Amdouni bat son record de France en 2h03:46 et devrait donc voir les Jeux de Paris.\u2019","breadcrumb":{"@id":"https:\/\/dicodusport.fr\/blog\/marathon-de-seville-2024-record-de-france-pour-morhad-amdouni-deuxieme-de-la-course\/#breadcrumb"},"inLanguage":"fr-FR","potentialAction":[{"@type":"ReadAction","target":["https:\/\/dicodusport.fr\/blog\/marathon-de-seville-2024-record-de-france-pour-morhad-amdouni-deuxieme-de-la-course\/"]}]},{"@type":"ImageObject","inLanguage":"fr-FR","@id":"https:\/\/dicodusport.fr\/blog\/marathon-de-seville-2024-record-de-france-pour-morhad-amdouni-deuxieme-de-la-course\/#primaryimage","url":"https:\/\/dicodusport.fr\/blog\/wp-content\/uploads\/2024\/02\/Marathon-de-Seville-2024-Record-de-France-pour-Morhad-Amdouni-deuxieme-de-la-course.png","contentUrl":"https:\/\/dicodusport.fr\/blog\/wp-content\/uploads\/2024\/02\/Marathon-de-Seville-2024-Record-de-France-pour-Morhad-Amdouni-deuxieme-de-la-course.png","width":1200,"height":674,"caption":"Marathon de S\u00e9ville 2024 Record de France pour Morhad Amdouni, deuxi\u00e8me de la course"},{"@type":"BreadcrumbList","@id":"https:\/\/dicodusport.fr\/blog\/marathon-de-seville-2024-record-de-france-pour-morhad-amdouni-deuxieme-de-la-course\/#breadcrumb","itemListElement":[{"@type":"ListItem","position":1,"name":"Accueil","item":"https:\/\/dicodusport.fr\/blog\/"},{"@type":"ListItem","position":2,"name":"Marathon de S\u00e9ville 2024 : Record de France pour Morhad Amdouni, deuxi\u00e8me de la course"}]},{"@type":"WebSite","@id":"https:\/\/dicodusport.fr\/blog\/#website","url":"https:\/\/dicodusport.fr\/blog\/","name":"Dicodusport","description":"L&#039;encyclop\u00e9die de l&#039;actualit\u00e9 sportive","publisher":{"@id":"https:\/\/dicodusport.fr\/blog\/#organization"},"potentialAction":[{"@type":"SearchAction","target":{"@type":"EntryPoint","urlTemplate":"https:\/\/dicodusport.fr\/blog\/?s={search_term_string}"},"query-input":{"@type":"PropertyValueSpecification","valueRequired":true,"valueName":"search_term_string"}}],"inLanguage":"fr-FR"},{"@type":"NewsMediaOrganization","@id":"https:\/\/dicodusport.fr\/blog\/#organization","name":"Dicodusport","url":"https:\/\/dicodusport.fr\/blog\/","logo":{"@type":"ImageObject","inLanguage":"fr-FR","@id":"https:\/\/dicodusport.fr\/blog\/#\/schema\/logo\/image\/","url":"https:\/\/dicodusport.fr\/blog\/wp-content\/uploads\/2020\/06\/cropped-LOGO-DICODUSPORT-2020-SANS-FOND-SANS-TEXTE.png","contentUrl":"https:\/\/dicodusport.fr\/blog\/wp-content\/uploads\/2020\/06\/cropped-LOGO-DICODUSPORT-2020-SANS-FOND-SANS-TEXTE.png","width":512,"height":512,"caption":"Dicodusport"},"image":{"@id":"https:\/\/dicodusport.fr\/blog\/#\/schema\/logo\/image\/"},"sameAs":["https:\/\/www.facebook.com\/dicodusport","https:\/\/x.com\/dicodusport","https:\/\/www.instagram.com\/dicodusport\/","https:\/\/www.youtube.com\/channel\/UC7V2KZ5sd3htJivAbA4ZG3w"],"description":"Dicodusport est l'encyclop\u00e9die de l'actualit\u00e9 sportive.","email":"bonjour@dicodusport.fr","legalName":"DICODUSPORT","foundingDate":"2018-01-14","vatID":"FR71834470973","taxID":"83447097300043","numberOfEmployees":{"@type":"QuantitativeValue","minValue":"1","maxValue":"10"}},{"@type":"Person","@id":"https:\/\/dicodusport.fr\/blog\/#\/schema\/person\/ff2feeb71ea78ad31eeb3390ffe96b46","name":"Killian Tanguy","image":{"@type":"ImageObject","inLanguage":"fr-FR","@id":"https:\/\/dicodusport.fr\/blog\/#\/schema\/person\/image\/","url":"https:\/\/dicodusport.fr\/blog\/wp-content\/uploads\/2022\/12\/Killian-Tanguy-150x150.png","contentUrl":"https:\/\/dicodusport.fr\/blog\/wp-content\/uploads\/2022\/12\/Killian-Tanguy-150x150.png","caption":"Killian Tanguy"},"description":"Journaliste qui parle de tout et surtout de sport. Rugby, handball, sports d'hiver, football, cyclisme... Et ce que j'aime par-dessus tout : couvrir une discipline que je ne connais pas. Rien de mieux pour s'enrichir et apprendre.","sameAs":["https:\/\/killiantanguy.wixsite.com\/monsite","https:\/\/www.facebook.com\/profile.php?id=100009753662352","https:\/\/www.instagram.com\/sport.killiantanguy\/","https:\/\/www.linkedin.com\/in\/killiantanguy\/","https:\/\/x.com\/https:\/\/twitter.com\/sport_ktanguy","https:\/\/www.youtube.com\/channel\/UCRfZkHKJL0wK7wvnJjCry-Q"],"url":"https:\/\/dicodusport.fr\/blog\/author\/killian-tanguy\/"}]}},"_links":{"self":[{"href":"https:\/\/dicodusport.fr\/blog\/wp-json\/wp\/v2\/posts\/464608","targetHints":{"allow":["GET"]}}],"collection":[{"href":"https:\/\/dicodusport.fr\/blog\/wp-json\/wp\/v2\/posts"}],"about":[{"href":"https:\/\/dicodusport.fr\/blog\/wp-json\/wp\/v2\/types\/post"}],"author":[{"embeddable":true,"href":"https:\/\/dicodusport.fr\/blog\/wp-json\/wp\/v2\/users\/80"}],"replies":[{"embeddable":true,"href":"https:\/\/dicodusport.fr\/blog\/wp-json\/wp\/v2\/comments?post=464608"}],"version-history":[{"count":5,"href":"https:\/\/dicodusport.fr\/blog\/wp-json\/wp\/v2\/posts\/464608\/revisions"}],"predecessor-version":[{"id":464656,"href":"https:\/\/dicodusport.fr\/blog\/wp-json\/wp\/v2\/posts\/464608\/revisions\/464656"}],"wp:featuredmedia":[{"embeddable":true,"href":"https:\/\/dicodusport.fr\/blog\/wp-json\/wp\/v2\/media\/464617"}],"wp:attachment":[{"href":"https:\/\/dicodusport.fr\/blog\/wp-json\/wp\/v2\/media?parent=464608"}],"wp:term":[{"taxonomy":"category","embeddable":true,"href":"https:\/\/dicodusport.fr\/blog\/wp-json\/wp\/v2\/categories?post=464608"},{"taxonomy":"post_tag","embeddable":true,"href":"https:\/\/dicodusport.fr\/blog\/wp-json\/wp\/v2\/tags?post=464608"}],"curies":[{"name":"wp","href":"https:\/\/api.w.org\/{rel}","templated":true}]}}