{"id":464627,"date":"2024-02-18T11:26:23","date_gmt":"2024-02-18T10:26:23","guid":{"rendered":"https:\/\/dicodusport.fr\/blog\/?p=464627&#038;preview=true&#038;preview_id=464627"},"modified":"2024-02-18T11:56:06","modified_gmt":"2024-02-18T10:56:06","slug":"marathon-de-seville-2024-record-de-france-pour-meline-rollin","status":"publish","type":"post","link":"https:\/\/dicodusport.fr\/blog\/marathon-de-seville-2024-record-de-france-pour-meline-rollin\/","title":{"rendered":"Marathon de S\u00e9ville 2024 : Record de France pour M\u00e9line Rollin"},"content":{"rendered":"<p style=\"text-align: justify;\"><em><strong>Marathon de S\u00e9ville 2024 &#8211; M\u00e9line Rollin a effac\u00e9 le record de France du marathon ce dimanche, en terminant le Marathon de S\u00e9ville en 2h24:13. La pr\u00e9c\u00e9dente marque, d\u00e9tenue par Christelle Daunay depuis le Marathon de Paris en 2010, \u00e9tait de 2h24:22.<\/strong><\/em><\/p>\n<ul>\n<li style=\"text-align: justify;\"><strong>\u00c0 ce sujet &#8211; <a href=\"https:\/\/dicodusport.fr\/blog\/classement-marathon-de-seville-2024\/\" target=\"_blank\" rel=\"noopener\">Classement Marathon de S\u00e9ville 2024<\/a><\/strong><\/li>\n<\/ul>\n<p style=\"text-align: justify;\">Cela faisait presque 14 ans que <strong>Christelle Daunay<\/strong> attendait sa successeure. Depuis un certain 14 avril 2010 et le Marathon de Paris boucl\u00e9 en 2h24:22. C\u2019est donc fait depuis ce dimanche 18 f\u00e9vrier 2024. Sur les bases du record de France tout au long du Marathon de S\u00e9ville, <strong>M\u00e9line Rollin<\/strong> a franchi la ligne d\u2019arriv\u00e9e en 2h24:13. Elle am\u00e9liore donc la meilleure marque sur la distance pour neuf petites secondes.<\/p>\n<p style=\"text-align: justify;\">La coureuse, licenci\u00e9e au Grac Athl\u00e9tisme, poss\u00e9dait un record personnel en 2h26:58 et visait <a href=\"https:\/\/dicodusport.fr\/blog\/athletisme-les-minima-pour-les-jeux-olympiques-de-paris-2024\/\">les minima pour les Jeux Olympiques<\/a>. Cela aussi, c\u2019est fait. Elle est d\u00e9sormais en t\u00eate du classement des Fran\u00e7aises ayant r\u00e9alis\u00e9 les minimas et devrait voir les Jeux cet \u00e9t\u00e9. Elle rejoint donc <strong>Mekdes Woldu<\/strong> (2h24:44) et <strong>Melody Julien<\/strong> (2h25:01), et \u00e9carte <strong>Fadouwa Ledhem<\/strong> (2h25:50). Ces trois derniers temps ont \u00e9t\u00e9 r\u00e9alis\u00e9s \u00e0 <a href=\"https:\/\/dicodusport.fr\/blog\/marathon-de-valence-2023-sisay-lemma-remporte-lepreuve-course-historique-pour-les-francais\/\">Valence en d\u00e9cembre dernier<\/a>. Pour rappel, seules les trois meilleures Fran\u00e7aises seront au d\u00e9part de la course le 11 ao\u00fbt prochain.<\/p>\n<blockquote class=\"twitter-tweet\">\n<p dir=\"ltr\" lang=\"fr\">\ud83d\ude31 M\u00c9LINE ROLLIN VIENT DE BATTRE LE RECORD DE FRANCE \ud83c\uddeb\ud83c\uddf7 DU MARATHON EN R\u00c9ALISANT 2:24:12 \u00c0 S\u00c9VILLE !!!<\/p>\n<p>BRAVO \ud83c\udf89<\/p>\n<p>La fran\u00e7aise termine 8 \u00e8me de la course. <a href=\"https:\/\/twitter.com\/hashtag\/Athl%C3%A9tisme?src=hash&amp;ref_src=twsrc%5Etfw\">#Athl\u00e9tisme<\/a> <a href=\"https:\/\/twitter.com\/hashtag\/ZurichMaratonSevilla24?src=hash&amp;ref_src=twsrc%5Etfw\">#ZurichMaratonSevilla24<\/a> <a href=\"https:\/\/t.co\/7neMbQRXRG\">pic.twitter.com\/7neMbQRXRG<\/a><\/p>\n<p>\u2014 MR.CARTER (@NelsonCarterJr) <a href=\"https:\/\/twitter.com\/NelsonCarterJr\/status\/1759157716520407193?ref_src=twsrc%5Etfw\">February 18, 2024<\/a><\/p><\/blockquote>\n<p><script async src=\"https:\/\/platform.twitter.com\/widgets.js\" charset=\"utf-8\"><\/script><\/p>\n<p style=\"text-align: justify;\">D\u2019autres Fran\u00e7aises visaient les minima ce dimanche, mais <strong>M\u00e9line Rollin<\/strong>, 7\u1d49 f\u00e9minine, est la seule \u00e0 \u00eatre pass\u00e9e sous les 2h26:50. <strong>Ana\u00efs Quemener<\/strong> a termin\u00e9 la course en 2h28:48. La victoire est revenue \u00e0 l&rsquo;\u00c9thiopienne <strong>Azmera Gebru<\/strong> en 2h22:13.<\/p>\n<ul>\n<li style=\"text-align: justify;\"><strong>\u00c0 ce sujet &#8211; <a href=\"https:\/\/dicodusport.fr\/blog\/marathon-de-seville-2024-record-de-france-pour-morhad-amdouni-deuxieme-de-la-course\/\">Marathon de S\u00e9ville 2024 : Record de France pour Morhad Amdouni, deuxi\u00e8me de la course<\/a>\u00a0<\/strong><\/li>\n<\/ul>\n","protected":false},"excerpt":{"rendered":"<p>Marathon de S\u00e9ville 2024 &#8211; M\u00e9line Rollin a effac\u00e9 le record de France du marathon ce dimanche, en terminant le Marathon de S\u00e9ville en 2h24:13. La pr\u00e9c\u00e9dente marque, d\u00e9tenue par Christelle Daunay depuis le Marathon de Paris en 2010, \u00e9tait de 2h24:22. \u00c0 ce sujet &#8211; Classement Marathon de S\u00e9ville 2024 Cela faisait presque 14 [&hellip;]<\/p>\n","protected":false},"author":80,"featured_media":464631,"comment_status":"open","ping_status":"closed","sticky":false,"template":"","format":"standard","meta":{"_acf_changed":false,"_daextam_enable_autolinks":"1","footnotes":""},"categories":[2308],"tags":[143,16878,29810,7631,24],"class_list":["post-464627","post","type-post","status-publish","format-standard","has-post-thumbnail","hentry","category-athletisme","tag-athletisme","tag-breve","tag-marathon-de-seville","tag-record-de-france","tag-sport"],"acf":[],"yoast_head":"<!-- This site is optimized with the Yoast SEO Premium plugin v26.7 (Yoast SEO v26.7) - https:\/\/yoast.com\/wordpress\/plugins\/seo\/ -->\n<title>Marathon de S\u00e9ville 2024 : Record de France pour M\u00e9line Rollin<\/title>\n<meta name=\"description\" content=\"Marathon de S\u00e9ville 2024 - M\u00e9line Rollin a effac\u00e9 le record de France du marathon ce dimanche, en terminant le Marathon de S\u00e9ville en 2h24:13.\" \/>\n<meta name=\"robots\" content=\"index, follow, max-snippet:-1, max-image-preview:large, max-video-preview:-1\" \/>\n<link rel=\"canonical\" href=\"https:\/\/dicodusport.fr\/blog\/marathon-de-seville-2024-record-de-france-pour-meline-rollin\/\" \/>\n<meta property=\"og:locale\" content=\"fr_FR\" \/>\n<meta property=\"og:type\" content=\"article\" \/>\n<meta property=\"og:title\" content=\"Marathon de S\u00e9ville 2024 : Record de France pour M\u00e9line Rollin\" \/>\n<meta property=\"og:description\" content=\"Marathon de S\u00e9ville 2024 - M\u00e9line Rollin a effac\u00e9 le record de France du marathon ce dimanche, en terminant le Marathon de S\u00e9ville en 2h24:13.\" \/>\n<meta property=\"og:url\" content=\"https:\/\/dicodusport.fr\/blog\/marathon-de-seville-2024-record-de-france-pour-meline-rollin\/\" \/>\n<meta property=\"og:site_name\" content=\"Dicodusport\" \/>\n<meta property=\"article:publisher\" content=\"https:\/\/www.facebook.com\/dicodusport\" \/>\n<meta property=\"article:author\" content=\"https:\/\/www.facebook.com\/profile.php?id=100009753662352\" \/>\n<meta property=\"article:published_time\" content=\"2024-02-18T10:26:23+00:00\" \/>\n<meta property=\"article:modified_time\" content=\"2024-02-18T10:56:06+00:00\" \/>\n<meta property=\"og:image\" content=\"https:\/\/dicodusport.fr\/blog\/wp-content\/uploads\/2024\/02\/Marathon-de-Seville-2024-Record-de-France-pour-Meline-Rollin.png\" \/>\n\t<meta property=\"og:image:width\" content=\"1200\" \/>\n\t<meta property=\"og:image:height\" content=\"674\" \/>\n\t<meta property=\"og:image:type\" content=\"image\/png\" \/>\n<meta name=\"author\" content=\"Killian Tanguy\" \/>\n<meta name=\"twitter:card\" content=\"summary_large_image\" \/>\n<meta name=\"twitter:title\" content=\"Marathon de S\u00e9ville 2024 : Record de France pour M\u00e9line Rollin\" \/>\n<meta name=\"twitter:creator\" content=\"@https:\/\/twitter.com\/sport_ktanguy\" \/>\n<meta name=\"twitter:site\" content=\"@dicodusport\" \/>\n<script type=\"application\/ld+json\" class=\"yoast-schema-graph\">{\"@context\":\"https:\/\/schema.org\",\"@graph\":[{\"@type\":\"NewsArticle\",\"@id\":\"https:\/\/dicodusport.fr\/blog\/marathon-de-seville-2024-record-de-france-pour-meline-rollin\/#article\",\"isPartOf\":{\"@id\":\"https:\/\/dicodusport.fr\/blog\/marathon-de-seville-2024-record-de-france-pour-meline-rollin\/\"},\"author\":{\"name\":\"Killian Tanguy\",\"@id\":\"https:\/\/dicodusport.fr\/blog\/#\/schema\/person\/ff2feeb71ea78ad31eeb3390ffe96b46\"},\"headline\":\"Marathon de S\u00e9ville 2024 : Record de France pour M\u00e9line Rollin\",\"datePublished\":\"2024-02-18T10:26:23+00:00\",\"dateModified\":\"2024-02-18T10:56:06+00:00\",\"mainEntityOfPage\":{\"@id\":\"https:\/\/dicodusport.fr\/blog\/marathon-de-seville-2024-record-de-france-pour-meline-rollin\/\"},\"wordCount\":335,\"commentCount\":0,\"publisher\":{\"@id\":\"https:\/\/dicodusport.fr\/blog\/#organization\"},\"image\":{\"@id\":\"https:\/\/dicodusport.fr\/blog\/marathon-de-seville-2024-record-de-france-pour-meline-rollin\/#primaryimage\"},\"thumbnailUrl\":\"https:\/\/dicodusport.fr\/blog\/wp-content\/uploads\/2024\/02\/Marathon-de-Seville-2024-Record-de-France-pour-Meline-Rollin.png\",\"keywords\":[\"Athl\u00e9tisme\",\"br\u00e8ve\",\"Marathon de S\u00e9ville\",\"Record de France\",\"sport\"],\"articleSection\":[\"Athl\u00e9tisme\"],\"inLanguage\":\"fr-FR\",\"potentialAction\":[{\"@type\":\"CommentAction\",\"name\":\"Comment\",\"target\":[\"https:\/\/dicodusport.fr\/blog\/marathon-de-seville-2024-record-de-france-pour-meline-rollin\/#respond\"]}],\"copyrightYear\":\"2024\",\"copyrightHolder\":{\"@id\":\"https:\/\/dicodusport.fr\/blog\/#organization\"}},{\"@type\":\"WebPage\",\"@id\":\"https:\/\/dicodusport.fr\/blog\/marathon-de-seville-2024-record-de-france-pour-meline-rollin\/\",\"url\":\"https:\/\/dicodusport.fr\/blog\/marathon-de-seville-2024-record-de-france-pour-meline-rollin\/\",\"name\":\"Marathon de S\u00e9ville 2024 : Record de France pour M\u00e9line Rollin\",\"isPartOf\":{\"@id\":\"https:\/\/dicodusport.fr\/blog\/#website\"},\"primaryImageOfPage\":{\"@id\":\"https:\/\/dicodusport.fr\/blog\/marathon-de-seville-2024-record-de-france-pour-meline-rollin\/#primaryimage\"},\"image\":{\"@id\":\"https:\/\/dicodusport.fr\/blog\/marathon-de-seville-2024-record-de-france-pour-meline-rollin\/#primaryimage\"},\"thumbnailUrl\":\"https:\/\/dicodusport.fr\/blog\/wp-content\/uploads\/2024\/02\/Marathon-de-Seville-2024-Record-de-France-pour-Meline-Rollin.png\",\"datePublished\":\"2024-02-18T10:26:23+00:00\",\"dateModified\":\"2024-02-18T10:56:06+00:00\",\"description\":\"Marathon de S\u00e9ville 2024 - M\u00e9line Rollin a effac\u00e9 le record de France du marathon ce dimanche, en terminant le Marathon de S\u00e9ville en 2h24:13.\",\"breadcrumb\":{\"@id\":\"https:\/\/dicodusport.fr\/blog\/marathon-de-seville-2024-record-de-france-pour-meline-rollin\/#breadcrumb\"},\"inLanguage\":\"fr-FR\",\"potentialAction\":[{\"@type\":\"ReadAction\",\"target\":[\"https:\/\/dicodusport.fr\/blog\/marathon-de-seville-2024-record-de-france-pour-meline-rollin\/\"]}]},{\"@type\":\"ImageObject\",\"inLanguage\":\"fr-FR\",\"@id\":\"https:\/\/dicodusport.fr\/blog\/marathon-de-seville-2024-record-de-france-pour-meline-rollin\/#primaryimage\",\"url\":\"https:\/\/dicodusport.fr\/blog\/wp-content\/uploads\/2024\/02\/Marathon-de-Seville-2024-Record-de-France-pour-Meline-Rollin.png\",\"contentUrl\":\"https:\/\/dicodusport.fr\/blog\/wp-content\/uploads\/2024\/02\/Marathon-de-Seville-2024-Record-de-France-pour-Meline-Rollin.png\",\"width\":1200,\"height\":674,\"caption\":\"Marathon de S\u00e9ville 2024 Record de France pour M\u00e9line Rollin\"},{\"@type\":\"BreadcrumbList\",\"@id\":\"https:\/\/dicodusport.fr\/blog\/marathon-de-seville-2024-record-de-france-pour-meline-rollin\/#breadcrumb\",\"itemListElement\":[{\"@type\":\"ListItem\",\"position\":1,\"name\":\"Accueil\",\"item\":\"https:\/\/dicodusport.fr\/blog\/\"},{\"@type\":\"ListItem\",\"position\":2,\"name\":\"Marathon de S\u00e9ville 2024 : Record de France pour M\u00e9line Rollin\"}]},{\"@type\":\"WebSite\",\"@id\":\"https:\/\/dicodusport.fr\/blog\/#website\",\"url\":\"https:\/\/dicodusport.fr\/blog\/\",\"name\":\"Dicodusport\",\"description\":\"L&#039;encyclop\u00e9die de l&#039;actualit\u00e9 sportive\",\"publisher\":{\"@id\":\"https:\/\/dicodusport.fr\/blog\/#organization\"},\"potentialAction\":[{\"@type\":\"SearchAction\",\"target\":{\"@type\":\"EntryPoint\",\"urlTemplate\":\"https:\/\/dicodusport.fr\/blog\/?s={search_term_string}\"},\"query-input\":{\"@type\":\"PropertyValueSpecification\",\"valueRequired\":true,\"valueName\":\"search_term_string\"}}],\"inLanguage\":\"fr-FR\"},{\"@type\":\"NewsMediaOrganization\",\"@id\":\"https:\/\/dicodusport.fr\/blog\/#organization\",\"name\":\"Dicodusport\",\"url\":\"https:\/\/dicodusport.fr\/blog\/\",\"logo\":{\"@type\":\"ImageObject\",\"inLanguage\":\"fr-FR\",\"@id\":\"https:\/\/dicodusport.fr\/blog\/#\/schema\/logo\/image\/\",\"url\":\"https:\/\/dicodusport.fr\/blog\/wp-content\/uploads\/2020\/06\/cropped-LOGO-DICODUSPORT-2020-SANS-FOND-SANS-TEXTE.png\",\"contentUrl\":\"https:\/\/dicodusport.fr\/blog\/wp-content\/uploads\/2020\/06\/cropped-LOGO-DICODUSPORT-2020-SANS-FOND-SANS-TEXTE.png\",\"width\":512,\"height\":512,\"caption\":\"Dicodusport\"},\"image\":{\"@id\":\"https:\/\/dicodusport.fr\/blog\/#\/schema\/logo\/image\/\"},\"sameAs\":[\"https:\/\/www.facebook.com\/dicodusport\",\"https:\/\/x.com\/dicodusport\",\"https:\/\/www.instagram.com\/dicodusport\/\",\"https:\/\/www.youtube.com\/channel\/UC7V2KZ5sd3htJivAbA4ZG3w\"],\"description\":\"Dicodusport est l'encyclop\u00e9die de l'actualit\u00e9 sportive.\",\"email\":\"bonjour@dicodusport.fr\",\"legalName\":\"DICODUSPORT\",\"foundingDate\":\"2018-01-14\",\"vatID\":\"FR71834470973\",\"taxID\":\"83447097300043\",\"numberOfEmployees\":{\"@type\":\"QuantitativeValue\",\"minValue\":\"1\",\"maxValue\":\"10\"}},{\"@type\":\"Person\",\"@id\":\"https:\/\/dicodusport.fr\/blog\/#\/schema\/person\/ff2feeb71ea78ad31eeb3390ffe96b46\",\"name\":\"Killian Tanguy\",\"image\":{\"@type\":\"ImageObject\",\"inLanguage\":\"fr-FR\",\"@id\":\"https:\/\/dicodusport.fr\/blog\/#\/schema\/person\/image\/\",\"url\":\"https:\/\/dicodusport.fr\/blog\/wp-content\/uploads\/2022\/12\/Killian-Tanguy-150x150.png\",\"contentUrl\":\"https:\/\/dicodusport.fr\/blog\/wp-content\/uploads\/2022\/12\/Killian-Tanguy-150x150.png\",\"caption\":\"Killian Tanguy\"},\"description\":\"Journaliste qui parle de tout et surtout de sport. Rugby, handball, sports d'hiver, football, cyclisme... Et ce que j'aime par-dessus tout : couvrir une discipline que je ne connais pas. Rien de mieux pour s'enrichir et apprendre.\",\"sameAs\":[\"https:\/\/killiantanguy.wixsite.com\/monsite\",\"https:\/\/www.facebook.com\/profile.php?id=100009753662352\",\"https:\/\/www.instagram.com\/sport.killiantanguy\/\",\"https:\/\/www.linkedin.com\/in\/killiantanguy\/\",\"https:\/\/x.com\/https:\/\/twitter.com\/sport_ktanguy\",\"https:\/\/www.youtube.com\/channel\/UCRfZkHKJL0wK7wvnJjCry-Q\"],\"url\":\"https:\/\/dicodusport.fr\/blog\/author\/killian-tanguy\/\"}]}<\/script>\n<!-- \/ Yoast SEO Premium plugin. -->","yoast_head_json":{"title":"Marathon de S\u00e9ville 2024 : Record de France pour M\u00e9line Rollin","description":"Marathon de S\u00e9ville 2024 - M\u00e9line Rollin a effac\u00e9 le record de France du marathon ce dimanche, en terminant le Marathon de S\u00e9ville en 2h24:13.","robots":{"index":"index","follow":"follow","max-snippet":"max-snippet:-1","max-image-preview":"max-image-preview:large","max-video-preview":"max-video-preview:-1"},"canonical":"https:\/\/dicodusport.fr\/blog\/marathon-de-seville-2024-record-de-france-pour-meline-rollin\/","og_locale":"fr_FR","og_type":"article","og_title":"Marathon de S\u00e9ville 2024 : Record de France pour M\u00e9line Rollin","og_description":"Marathon de S\u00e9ville 2024 - M\u00e9line Rollin a effac\u00e9 le record de France du marathon ce dimanche, en terminant le Marathon de S\u00e9ville en 2h24:13.","og_url":"https:\/\/dicodusport.fr\/blog\/marathon-de-seville-2024-record-de-france-pour-meline-rollin\/","og_site_name":"Dicodusport","article_publisher":"https:\/\/www.facebook.com\/dicodusport","article_author":"https:\/\/www.facebook.com\/profile.php?id=100009753662352","article_published_time":"2024-02-18T10:26:23+00:00","article_modified_time":"2024-02-18T10:56:06+00:00","og_image":[{"width":1200,"height":674,"url":"https:\/\/dicodusport.fr\/blog\/wp-content\/uploads\/2024\/02\/Marathon-de-Seville-2024-Record-de-France-pour-Meline-Rollin.png","type":"image\/png"}],"author":"Killian Tanguy","twitter_card":"summary_large_image","twitter_title":"Marathon de S\u00e9ville 2024 : Record de France pour M\u00e9line Rollin","twitter_creator":"@https:\/\/twitter.com\/sport_ktanguy","twitter_site":"@dicodusport","schema":{"@context":"https:\/\/schema.org","@graph":[{"@type":"NewsArticle","@id":"https:\/\/dicodusport.fr\/blog\/marathon-de-seville-2024-record-de-france-pour-meline-rollin\/#article","isPartOf":{"@id":"https:\/\/dicodusport.fr\/blog\/marathon-de-seville-2024-record-de-france-pour-meline-rollin\/"},"author":{"name":"Killian Tanguy","@id":"https:\/\/dicodusport.fr\/blog\/#\/schema\/person\/ff2feeb71ea78ad31eeb3390ffe96b46"},"headline":"Marathon de S\u00e9ville 2024 : Record de France pour M\u00e9line Rollin","datePublished":"2024-02-18T10:26:23+00:00","dateModified":"2024-02-18T10:56:06+00:00","mainEntityOfPage":{"@id":"https:\/\/dicodusport.fr\/blog\/marathon-de-seville-2024-record-de-france-pour-meline-rollin\/"},"wordCount":335,"commentCount":0,"publisher":{"@id":"https:\/\/dicodusport.fr\/blog\/#organization"},"image":{"@id":"https:\/\/dicodusport.fr\/blog\/marathon-de-seville-2024-record-de-france-pour-meline-rollin\/#primaryimage"},"thumbnailUrl":"https:\/\/dicodusport.fr\/blog\/wp-content\/uploads\/2024\/02\/Marathon-de-Seville-2024-Record-de-France-pour-Meline-Rollin.png","keywords":["Athl\u00e9tisme","br\u00e8ve","Marathon de S\u00e9ville","Record de France","sport"],"articleSection":["Athl\u00e9tisme"],"inLanguage":"fr-FR","potentialAction":[{"@type":"CommentAction","name":"Comment","target":["https:\/\/dicodusport.fr\/blog\/marathon-de-seville-2024-record-de-france-pour-meline-rollin\/#respond"]}],"copyrightYear":"2024","copyrightHolder":{"@id":"https:\/\/dicodusport.fr\/blog\/#organization"}},{"@type":"WebPage","@id":"https:\/\/dicodusport.fr\/blog\/marathon-de-seville-2024-record-de-france-pour-meline-rollin\/","url":"https:\/\/dicodusport.fr\/blog\/marathon-de-seville-2024-record-de-france-pour-meline-rollin\/","name":"Marathon de S\u00e9ville 2024 : Record de France pour M\u00e9line Rollin","isPartOf":{"@id":"https:\/\/dicodusport.fr\/blog\/#website"},"primaryImageOfPage":{"@id":"https:\/\/dicodusport.fr\/blog\/marathon-de-seville-2024-record-de-france-pour-meline-rollin\/#primaryimage"},"image":{"@id":"https:\/\/dicodusport.fr\/blog\/marathon-de-seville-2024-record-de-france-pour-meline-rollin\/#primaryimage"},"thumbnailUrl":"https:\/\/dicodusport.fr\/blog\/wp-content\/uploads\/2024\/02\/Marathon-de-Seville-2024-Record-de-France-pour-Meline-Rollin.png","datePublished":"2024-02-18T10:26:23+00:00","dateModified":"2024-02-18T10:56:06+00:00","description":"Marathon de S\u00e9ville 2024 - M\u00e9line Rollin a effac\u00e9 le record de France du marathon ce dimanche, en terminant le Marathon de S\u00e9ville en 2h24:13.","breadcrumb":{"@id":"https:\/\/dicodusport.fr\/blog\/marathon-de-seville-2024-record-de-france-pour-meline-rollin\/#breadcrumb"},"inLanguage":"fr-FR","potentialAction":[{"@type":"ReadAction","target":["https:\/\/dicodusport.fr\/blog\/marathon-de-seville-2024-record-de-france-pour-meline-rollin\/"]}]},{"@type":"ImageObject","inLanguage":"fr-FR","@id":"https:\/\/dicodusport.fr\/blog\/marathon-de-seville-2024-record-de-france-pour-meline-rollin\/#primaryimage","url":"https:\/\/dicodusport.fr\/blog\/wp-content\/uploads\/2024\/02\/Marathon-de-Seville-2024-Record-de-France-pour-Meline-Rollin.png","contentUrl":"https:\/\/dicodusport.fr\/blog\/wp-content\/uploads\/2024\/02\/Marathon-de-Seville-2024-Record-de-France-pour-Meline-Rollin.png","width":1200,"height":674,"caption":"Marathon de S\u00e9ville 2024 Record de France pour M\u00e9line Rollin"},{"@type":"BreadcrumbList","@id":"https:\/\/dicodusport.fr\/blog\/marathon-de-seville-2024-record-de-france-pour-meline-rollin\/#breadcrumb","itemListElement":[{"@type":"ListItem","position":1,"name":"Accueil","item":"https:\/\/dicodusport.fr\/blog\/"},{"@type":"ListItem","position":2,"name":"Marathon de S\u00e9ville 2024 : Record de France pour M\u00e9line Rollin"}]},{"@type":"WebSite","@id":"https:\/\/dicodusport.fr\/blog\/#website","url":"https:\/\/dicodusport.fr\/blog\/","name":"Dicodusport","description":"L&#039;encyclop\u00e9die de l&#039;actualit\u00e9 sportive","publisher":{"@id":"https:\/\/dicodusport.fr\/blog\/#organization"},"potentialAction":[{"@type":"SearchAction","target":{"@type":"EntryPoint","urlTemplate":"https:\/\/dicodusport.fr\/blog\/?s={search_term_string}"},"query-input":{"@type":"PropertyValueSpecification","valueRequired":true,"valueName":"search_term_string"}}],"inLanguage":"fr-FR"},{"@type":"NewsMediaOrganization","@id":"https:\/\/dicodusport.fr\/blog\/#organization","name":"Dicodusport","url":"https:\/\/dicodusport.fr\/blog\/","logo":{"@type":"ImageObject","inLanguage":"fr-FR","@id":"https:\/\/dicodusport.fr\/blog\/#\/schema\/logo\/image\/","url":"https:\/\/dicodusport.fr\/blog\/wp-content\/uploads\/2020\/06\/cropped-LOGO-DICODUSPORT-2020-SANS-FOND-SANS-TEXTE.png","contentUrl":"https:\/\/dicodusport.fr\/blog\/wp-content\/uploads\/2020\/06\/cropped-LOGO-DICODUSPORT-2020-SANS-FOND-SANS-TEXTE.png","width":512,"height":512,"caption":"Dicodusport"},"image":{"@id":"https:\/\/dicodusport.fr\/blog\/#\/schema\/logo\/image\/"},"sameAs":["https:\/\/www.facebook.com\/dicodusport","https:\/\/x.com\/dicodusport","https:\/\/www.instagram.com\/dicodusport\/","https:\/\/www.youtube.com\/channel\/UC7V2KZ5sd3htJivAbA4ZG3w"],"description":"Dicodusport est l'encyclop\u00e9die de l'actualit\u00e9 sportive.","email":"bonjour@dicodusport.fr","legalName":"DICODUSPORT","foundingDate":"2018-01-14","vatID":"FR71834470973","taxID":"83447097300043","numberOfEmployees":{"@type":"QuantitativeValue","minValue":"1","maxValue":"10"}},{"@type":"Person","@id":"https:\/\/dicodusport.fr\/blog\/#\/schema\/person\/ff2feeb71ea78ad31eeb3390ffe96b46","name":"Killian Tanguy","image":{"@type":"ImageObject","inLanguage":"fr-FR","@id":"https:\/\/dicodusport.fr\/blog\/#\/schema\/person\/image\/","url":"https:\/\/dicodusport.fr\/blog\/wp-content\/uploads\/2022\/12\/Killian-Tanguy-150x150.png","contentUrl":"https:\/\/dicodusport.fr\/blog\/wp-content\/uploads\/2022\/12\/Killian-Tanguy-150x150.png","caption":"Killian Tanguy"},"description":"Journaliste qui parle de tout et surtout de sport. Rugby, handball, sports d'hiver, football, cyclisme... Et ce que j'aime par-dessus tout : couvrir une discipline que je ne connais pas. Rien de mieux pour s'enrichir et apprendre.","sameAs":["https:\/\/killiantanguy.wixsite.com\/monsite","https:\/\/www.facebook.com\/profile.php?id=100009753662352","https:\/\/www.instagram.com\/sport.killiantanguy\/","https:\/\/www.linkedin.com\/in\/killiantanguy\/","https:\/\/x.com\/https:\/\/twitter.com\/sport_ktanguy","https:\/\/www.youtube.com\/channel\/UCRfZkHKJL0wK7wvnJjCry-Q"],"url":"https:\/\/dicodusport.fr\/blog\/author\/killian-tanguy\/"}]}},"_links":{"self":[{"href":"https:\/\/dicodusport.fr\/blog\/wp-json\/wp\/v2\/posts\/464627","targetHints":{"allow":["GET"]}}],"collection":[{"href":"https:\/\/dicodusport.fr\/blog\/wp-json\/wp\/v2\/posts"}],"about":[{"href":"https:\/\/dicodusport.fr\/blog\/wp-json\/wp\/v2\/types\/post"}],"author":[{"embeddable":true,"href":"https:\/\/dicodusport.fr\/blog\/wp-json\/wp\/v2\/users\/80"}],"replies":[{"embeddable":true,"href":"https:\/\/dicodusport.fr\/blog\/wp-json\/wp\/v2\/comments?post=464627"}],"version-history":[{"count":6,"href":"https:\/\/dicodusport.fr\/blog\/wp-json\/wp\/v2\/posts\/464627\/revisions"}],"predecessor-version":[{"id":464654,"href":"https:\/\/dicodusport.fr\/blog\/wp-json\/wp\/v2\/posts\/464627\/revisions\/464654"}],"wp:featuredmedia":[{"embeddable":true,"href":"https:\/\/dicodusport.fr\/blog\/wp-json\/wp\/v2\/media\/464631"}],"wp:attachment":[{"href":"https:\/\/dicodusport.fr\/blog\/wp-json\/wp\/v2\/media?parent=464627"}],"wp:term":[{"taxonomy":"category","embeddable":true,"href":"https:\/\/dicodusport.fr\/blog\/wp-json\/wp\/v2\/categories?post=464627"},{"taxonomy":"post_tag","embeddable":true,"href":"https:\/\/dicodusport.fr\/blog\/wp-json\/wp\/v2\/tags?post=464627"}],"curies":[{"name":"wp","href":"https:\/\/api.w.org\/{rel}","templated":true}]}}