{"id":464726,"date":"2024-02-22T23:00:19","date_gmt":"2024-02-22T22:00:19","guid":{"rendered":"https:\/\/dicodusport.fr\/blog\/?p=464726&#038;preview=true&#038;preview_id=464726"},"modified":"2024-02-22T23:26:35","modified_gmt":"2024-02-22T22:26:35","slug":"all-star-perche-2024-programme-et-resultats","status":"publish","type":"post","link":"https:\/\/dicodusport.fr\/blog\/all-star-perche-2024-programme-et-resultats\/","title":{"rendered":"All Star Perche 2024 : Programme et r\u00e9sultats"},"content":{"rendered":"<p style=\"text-align: justify;\"><b><i>ATHL\u00c9TISME &#8211; Le All Star Perche se d\u00e9roule ce jeudi 22 f\u00e9vrier, avec les \u00e9preuves nationales en ouverture mercredi 21 f\u00e9vrier. Voici le programme et les r\u00e9sultats.<\/i><\/b><\/p>\n<p style=\"text-align: justify;\">Le meeting international est \u00e0 suivre \u00e0 partir de 20h sur le <a href=\"https:\/\/www.lequipe.fr\/tv\/\">live de l&rsquo;\u00c9quipe<\/a> et \u00e0 partir de 21h06 sur La Cha\u00eene L&rsquo;\u00c9quipe. Les replays sont \u00e0 suivre sur <a href=\"https:\/\/athletv.fr\/sportitemset\/6582f08d14d8c71831ad6b21\">Athl\u00e9 TV<\/a> jeudi et vendredi.<\/p>\n<ul>\n<li><strong>\u00c0 ce sujet &#8211; <a href=\"https:\/\/dicodusport.fr\/blog\/all-star-perche-2024-armand-duplantis-en-guest-a-clermont-les-tetes-daffiche\/\">Les t\u00eates d&rsquo;affiche du All Star Perche 2024<\/a><\/strong><\/li>\n<\/ul>\n<h2>Programme du All Star Perche 2024<\/h2>\n<h3><span style=\"text-decoration: underline;\">Mercredi 21 f\u00e9vrier<\/span><\/h3>\n<p><strong>19h :<\/strong> <a href=\"https:\/\/api.athle.matsport.com\/pdfs\/269c3903-07a5-4afe-a8ad-6bc415a44822_ATSTAWR72101\/ATHWB-PLEVAU----------FNL---------..C73M.ENG.1.0.report.pdf\">concours \u00e9lite femmes<\/a><\/p>\n<p><strong>19h : <\/strong><a href=\"https:\/\/api.athle.matsport.com\/pdfs\/269c3903-07a5-4afe-a8ad-6bc415a44822_ATSTAMR72101\/ATHMB-PLEVAU----------FNL---------..C73M.ENG.1.0.report.pdf\">concours \u00e9lite hommes<\/a><\/p>\n<p>&nbsp;<\/p>\n<h3><span style=\"text-decoration: underline;\">Jeudi 22 f\u00e9vrier<\/span><\/h3>\n<p><strong>20h : <\/strong>concours international <a href=\"https:\/\/api.athle.matsport.com\/pdfs\/1ca2ec89-84b5-442e-9987-675811ababdb_ATSTAW072101\/ATHWPLEVAULT----------FNL---------..C73M.ENG.1.0.report.pdf.pdf\">femmes<\/a> et <a href=\"https:\/\/api.athle.matsport.com\/pdfs\/1ca2ec89-84b5-442e-9987-675811ababdb_ATSTAM072101\/ATHMPLEVAULT----------FNL---------..C73M.ENG.1.0.report.pdf.pdf\">hommes<\/a><\/p>\n<ul>\n<li><a title=\"All Star Perche 2024 : Duplantis et Newman ont enflamm\u00e9 Clermont\" href=\"https:\/\/dicodusport.fr\/blog\/all-star-perche-2024-duplantis-et-newman-ont-enflamme-clermont\/\" target=\"_blank\" rel=\"noopener\"><strong>Le r\u00e9sum\u00e9 du meeting<\/strong><\/a><\/li>\n<\/ul>\n<p>&nbsp;<\/p>\n<h2>Les podiums<\/h2>\n<div class=\"su-table su-table-alternate\">\n<table style=\"width: 800px;border-collapse: collapse\">\n<tbody>\n<tr>\n<td style=\"text-align: center;width: 200px;vertical-align: middle\"><strong>\u00c9preuves<\/strong><\/td>\n<td style=\"text-align: center;width: 200px;vertical-align: middle;background-color: #ffffff\"><strong> 1er<\/strong><\/td>\n<td style=\"text-align: center;width: 200px;vertical-align: middle;background-color: #ffffff\"><strong>2e<\/strong><\/td>\n<td style=\"text-align: center;width: 200px;vertical-align: middle;background-color: #ffffff\"><strong>3e<\/strong><\/td>\n<\/tr>\n<tr>\n<td style=\"text-align: center;width: 200px;vertical-align: middle\"><strong>\u00c9lite femmes<br \/>\n<\/strong><\/td>\n<td style=\"text-align: center;width: 200px;vertical-align: middle\">\ud83c\uddeb\ud83c\uddf7 <strong>Marie-Julie Bonnin<br \/>\n4.53 m SB<\/strong><\/td>\n<td style=\"text-align: center;width: 200px;vertical-align: middle\">\ud83c\uddeb\ud83c\uddf7 Albane Dordain<br \/>\n4.43 m <strong>SB<\/strong><\/td>\n<td style=\"text-align: center;width: 200px;vertical-align: middle\">\ud83c\uddeb\ud83c\uddf7 L\u00e9a Mauberret<br \/>\n4.18 m<\/td>\n<\/tr>\n<tr>\n<td style=\"text-align: center;width: 200px;vertical-align: middle\"><strong>\u00c9lite hommes<\/strong><\/td>\n<td style=\"text-align: center;width: 200px;vertical-align: middle\">\ud83c\uddeb\ud83c\uddf7 <strong>Mathieu Collet<br \/>\n5.53 m SB<\/strong><\/td>\n<td style=\"text-align: center;width: 200px;vertical-align: middle\">\ud83c\udde8\ud83c\uddf3 Jie Yao<br \/>\n5.53 m <strong>SB<\/strong><\/td>\n<td style=\"text-align: center;width: 200px;vertical-align: middle\">\ud83c\uddf3\ud83c\uddf1 Koen van der Wijst<br \/>\n5.38 m<\/td>\n<\/tr>\n<tr>\n<td style=\"text-align: center;width: 200px;vertical-align: middle\"><strong>International femmes<br \/>\n<\/strong><\/td>\n<td style=\"text-align: center;width: 200px;vertical-align: middle\">\ud83c\udde8\ud83c\udde6 <strong>Alysha Newman<br \/>\n4.83 m NR<\/strong><\/td>\n<td style=\"text-align: center;width: 200px;vertical-align: middle\">\ud83c\uddfa\ud83c\uddf8 Bridget Williams<br \/>\n4.83 m <strong>PB<\/strong><\/td>\n<td style=\"text-align: center;width: 200px;vertical-align: middle\">\ud83c\udde8\ud83c\udded Angelica Moser<br \/>\n4.73 m <strong>SB<\/strong><\/td>\n<\/tr>\n<tr>\n<td style=\"text-align: center;width: 200px;vertical-align: middle\"><strong>International hommes<\/strong><\/td>\n<td style=\"text-align: center;width: 200px;vertical-align: middle\">\ud83c\uddf8\ud83c\uddea <strong>Armand Duplantis<br \/>\n6.02 m WL<br \/>\n<\/strong><\/td>\n<td style=\"text-align: center;width: 200px;vertical-align: middle\">\ud83c\uddeb\ud83c\uddf7 Thibaut Collet<br \/>\n5.92 m <strong>PB<\/strong><\/td>\n<td style=\"text-align: center;width: 200px;vertical-align: middle\">\ud83c\uddfa\ud83c\uddf8 Sam Kendricks<br \/>\n5.92 m<\/td>\n<\/tr>\n<\/tbody>\n<\/table>\n<\/div>\n<p><span style=\"font-size: 14px;\"><em>NR : Record national<br \/>\nPB : Record personnel<br \/>\nWL : Meilleure performance mondiale de la saison<br \/>\nSB : Meilleure performance personnelle de la saison<\/em><\/span><\/p>\n","protected":false},"excerpt":{"rendered":"<p>ATHL\u00c9TISME &#8211; Le All Star Perche se d\u00e9roule ce jeudi 22 f\u00e9vrier, avec les \u00e9preuves nationales en ouverture mercredi 23 f\u00e9vrier. Voici le programme et les r\u00e9sultats.<\/p>\n","protected":false},"author":12,"featured_media":464740,"comment_status":"open","ping_status":"closed","sticky":false,"template":"","format":"standard","meta":{"_acf_changed":false,"_daextam_enable_autolinks":"1","footnotes":""},"categories":[2308],"tags":[16878],"class_list":["post-464726","post","type-post","status-publish","format-standard","has-post-thumbnail","hentry","category-athletisme","tag-breve"],"acf":[],"yoast_head":"<!-- This site is optimized with the Yoast SEO Premium plugin v26.7 (Yoast SEO v26.7) - https:\/\/yoast.com\/wordpress\/plugins\/seo\/ -->\n<title>Athl\u00e9tisme - All Star Perche 2024 : Programme et r\u00e9sultats - Dicodusport<\/title>\n<meta name=\"description\" content=\"Voici le programme et les r\u00e9sultats du All Star Perche 2024 qui se d\u00e9roule mercredi 21 et jeudi 22 f\u00e9vrier \u00e0 Clermont-Ferrand.\" \/>\n<meta name=\"robots\" content=\"index, follow, max-snippet:-1, max-image-preview:large, max-video-preview:-1\" \/>\n<link rel=\"canonical\" href=\"https:\/\/dicodusport.fr\/blog\/all-star-perche-2024-programme-et-resultats\/\" \/>\n<meta property=\"og:locale\" content=\"fr_FR\" \/>\n<meta property=\"og:type\" content=\"article\" \/>\n<meta property=\"og:title\" content=\"All Star Perche 2024 : Programme et r\u00e9sultats\" \/>\n<meta property=\"og:description\" content=\"Voici le programme et les r\u00e9sultats du All Star Perche 2024 qui se d\u00e9roule mercredi 21 et jeudi 22 f\u00e9vrier \u00e0 Clermont-Ferrand.\" \/>\n<meta property=\"og:url\" content=\"https:\/\/dicodusport.fr\/blog\/all-star-perche-2024-programme-et-resultats\/\" \/>\n<meta property=\"og:site_name\" content=\"Dicodusport\" \/>\n<meta property=\"article:publisher\" content=\"https:\/\/www.facebook.com\/dicodusport\" \/>\n<meta property=\"article:published_time\" content=\"2024-02-22T22:00:19+00:00\" \/>\n<meta property=\"article:modified_time\" content=\"2024-02-22T22:26:35+00:00\" \/>\n<meta property=\"og:image\" content=\"https:\/\/dicodusport.fr\/blog\/wp-content\/uploads\/2024\/02\/All-Star-Perche-2024-Programme-et-resultats.png\" \/>\n\t<meta property=\"og:image:width\" content=\"1200\" \/>\n\t<meta property=\"og:image:height\" content=\"674\" \/>\n\t<meta property=\"og:image:type\" content=\"image\/png\" \/>\n<meta name=\"author\" content=\"Arlette Yeye\" \/>\n<meta name=\"twitter:card\" content=\"summary_large_image\" \/>\n<meta name=\"twitter:title\" content=\"All Star Perche 2024 : Programme et r\u00e9sultats\" \/>\n<meta name=\"twitter:creator\" content=\"@https:\/\/twitter.com\/Shiclette94\" \/>\n<meta name=\"twitter:site\" content=\"@dicodusport\" \/>\n<script type=\"application\/ld+json\" class=\"yoast-schema-graph\">{\"@context\":\"https:\/\/schema.org\",\"@graph\":[{\"@type\":\"NewsArticle\",\"@id\":\"https:\/\/dicodusport.fr\/blog\/all-star-perche-2024-programme-et-resultats\/#article\",\"isPartOf\":{\"@id\":\"https:\/\/dicodusport.fr\/blog\/all-star-perche-2024-programme-et-resultats\/\"},\"author\":{\"name\":\"Arlette Yeye\",\"@id\":\"https:\/\/dicodusport.fr\/blog\/#\/schema\/person\/cce96fa88785bd8573e3d43078ac8c79\"},\"headline\":\"All Star Perche 2024 : Programme et r\u00e9sultats\",\"datePublished\":\"2024-02-22T22:00:19+00:00\",\"dateModified\":\"2024-02-22T22:26:35+00:00\",\"mainEntityOfPage\":{\"@id\":\"https:\/\/dicodusport.fr\/blog\/all-star-perche-2024-programme-et-resultats\/\"},\"wordCount\":201,\"commentCount\":0,\"publisher\":{\"@id\":\"https:\/\/dicodusport.fr\/blog\/#organization\"},\"image\":{\"@id\":\"https:\/\/dicodusport.fr\/blog\/all-star-perche-2024-programme-et-resultats\/#primaryimage\"},\"thumbnailUrl\":\"https:\/\/dicodusport.fr\/blog\/wp-content\/uploads\/2024\/02\/All-Star-Perche-2024-Programme-et-resultats.png\",\"keywords\":[\"br\u00e8ve\"],\"articleSection\":[\"Athl\u00e9tisme\"],\"inLanguage\":\"fr-FR\",\"potentialAction\":[{\"@type\":\"CommentAction\",\"name\":\"Comment\",\"target\":[\"https:\/\/dicodusport.fr\/blog\/all-star-perche-2024-programme-et-resultats\/#respond\"]}],\"copyrightYear\":\"2024\",\"copyrightHolder\":{\"@id\":\"https:\/\/dicodusport.fr\/blog\/#organization\"}},{\"@type\":\"WebPage\",\"@id\":\"https:\/\/dicodusport.fr\/blog\/all-star-perche-2024-programme-et-resultats\/\",\"url\":\"https:\/\/dicodusport.fr\/blog\/all-star-perche-2024-programme-et-resultats\/\",\"name\":\"Athl\u00e9tisme - All Star Perche 2024 : Programme et r\u00e9sultats - Dicodusport\",\"isPartOf\":{\"@id\":\"https:\/\/dicodusport.fr\/blog\/#website\"},\"primaryImageOfPage\":{\"@id\":\"https:\/\/dicodusport.fr\/blog\/all-star-perche-2024-programme-et-resultats\/#primaryimage\"},\"image\":{\"@id\":\"https:\/\/dicodusport.fr\/blog\/all-star-perche-2024-programme-et-resultats\/#primaryimage\"},\"thumbnailUrl\":\"https:\/\/dicodusport.fr\/blog\/wp-content\/uploads\/2024\/02\/All-Star-Perche-2024-Programme-et-resultats.png\",\"datePublished\":\"2024-02-22T22:00:19+00:00\",\"dateModified\":\"2024-02-22T22:26:35+00:00\",\"description\":\"Voici le programme et les r\u00e9sultats du All Star Perche 2024 qui se d\u00e9roule mercredi 21 et jeudi 22 f\u00e9vrier \u00e0 Clermont-Ferrand.\",\"breadcrumb\":{\"@id\":\"https:\/\/dicodusport.fr\/blog\/all-star-perche-2024-programme-et-resultats\/#breadcrumb\"},\"inLanguage\":\"fr-FR\",\"potentialAction\":[{\"@type\":\"ReadAction\",\"target\":[\"https:\/\/dicodusport.fr\/blog\/all-star-perche-2024-programme-et-resultats\/\"]}]},{\"@type\":\"ImageObject\",\"inLanguage\":\"fr-FR\",\"@id\":\"https:\/\/dicodusport.fr\/blog\/all-star-perche-2024-programme-et-resultats\/#primaryimage\",\"url\":\"https:\/\/dicodusport.fr\/blog\/wp-content\/uploads\/2024\/02\/All-Star-Perche-2024-Programme-et-resultats.png\",\"contentUrl\":\"https:\/\/dicodusport.fr\/blog\/wp-content\/uploads\/2024\/02\/All-Star-Perche-2024-Programme-et-resultats.png\",\"width\":1200,\"height\":674,\"caption\":\"All Star Perche 2024 Programme et r\u00e9sultats\"},{\"@type\":\"BreadcrumbList\",\"@id\":\"https:\/\/dicodusport.fr\/blog\/all-star-perche-2024-programme-et-resultats\/#breadcrumb\",\"itemListElement\":[{\"@type\":\"ListItem\",\"position\":1,\"name\":\"Accueil\",\"item\":\"https:\/\/dicodusport.fr\/blog\/\"},{\"@type\":\"ListItem\",\"position\":2,\"name\":\"All Star Perche 2024 : Programme et r\u00e9sultats\"}]},{\"@type\":\"WebSite\",\"@id\":\"https:\/\/dicodusport.fr\/blog\/#website\",\"url\":\"https:\/\/dicodusport.fr\/blog\/\",\"name\":\"Dicodusport\",\"description\":\"L&#039;encyclop\u00e9die de l&#039;actualit\u00e9 sportive\",\"publisher\":{\"@id\":\"https:\/\/dicodusport.fr\/blog\/#organization\"},\"potentialAction\":[{\"@type\":\"SearchAction\",\"target\":{\"@type\":\"EntryPoint\",\"urlTemplate\":\"https:\/\/dicodusport.fr\/blog\/?s={search_term_string}\"},\"query-input\":{\"@type\":\"PropertyValueSpecification\",\"valueRequired\":true,\"valueName\":\"search_term_string\"}}],\"inLanguage\":\"fr-FR\"},{\"@type\":\"NewsMediaOrganization\",\"@id\":\"https:\/\/dicodusport.fr\/blog\/#organization\",\"name\":\"Dicodusport\",\"url\":\"https:\/\/dicodusport.fr\/blog\/\",\"logo\":{\"@type\":\"ImageObject\",\"inLanguage\":\"fr-FR\",\"@id\":\"https:\/\/dicodusport.fr\/blog\/#\/schema\/logo\/image\/\",\"url\":\"https:\/\/dicodusport.fr\/blog\/wp-content\/uploads\/2020\/06\/cropped-LOGO-DICODUSPORT-2020-SANS-FOND-SANS-TEXTE.png\",\"contentUrl\":\"https:\/\/dicodusport.fr\/blog\/wp-content\/uploads\/2020\/06\/cropped-LOGO-DICODUSPORT-2020-SANS-FOND-SANS-TEXTE.png\",\"width\":512,\"height\":512,\"caption\":\"Dicodusport\"},\"image\":{\"@id\":\"https:\/\/dicodusport.fr\/blog\/#\/schema\/logo\/image\/\"},\"sameAs\":[\"https:\/\/www.facebook.com\/dicodusport\",\"https:\/\/x.com\/dicodusport\",\"https:\/\/www.instagram.com\/dicodusport\/\",\"https:\/\/www.youtube.com\/channel\/UC7V2KZ5sd3htJivAbA4ZG3w\"],\"description\":\"Dicodusport est l'encyclop\u00e9die de l'actualit\u00e9 sportive.\",\"email\":\"bonjour@dicodusport.fr\",\"legalName\":\"DICODUSPORT\",\"foundingDate\":\"2018-01-14\",\"vatID\":\"FR71834470973\",\"taxID\":\"83447097300043\",\"numberOfEmployees\":{\"@type\":\"QuantitativeValue\",\"minValue\":\"1\",\"maxValue\":\"10\"}},{\"@type\":\"Person\",\"@id\":\"https:\/\/dicodusport.fr\/blog\/#\/schema\/person\/cce96fa88785bd8573e3d43078ac8c79\",\"name\":\"Arlette Yeye\",\"image\":{\"@type\":\"ImageObject\",\"inLanguage\":\"fr-FR\",\"@id\":\"https:\/\/dicodusport.fr\/blog\/#\/schema\/person\/image\/\",\"url\":\"https:\/\/secure.gravatar.com\/avatar\/dca4a6239e6d708e46c45d60e160de6c?s=96&d=wp_user_avatar&r=g\",\"contentUrl\":\"https:\/\/secure.gravatar.com\/avatar\/dca4a6239e6d708e46c45d60e160de6c?s=96&d=wp_user_avatar&r=g\",\"caption\":\"Arlette Yeye\"},\"description\":\"Journaliste\/r\u00e9dactrice depuis septembre 2015 - Supportrice de Chelsea, j'ai pour sports de pr\u00e9dilection le handball, l'athl\u00e9tisme et le tennis. Si je tweete plus vite que mon ombre, vous pouvez aussi me retrouver les week-ends sur les playgrounds de Bruxelles pour un petit foot ou basket entre potes. Parcourir la France, l'Europe et plus si affinit\u00e9s pour suivre mes sportifs pr\u00e9f\u00e9r\u00e9s ? Mon kif ! Et c'est avec plaisir que je partage les r\u00e9sultats des sports populaires mais \u00e9galement plus confidentiels pour Dicodusport.\",\"sameAs\":[\"https:\/\/x.com\/https:\/\/twitter.com\/Shiclette94\"],\"url\":\"https:\/\/dicodusport.fr\/blog\/author\/arlette\/\"}]}<\/script>\n<!-- \/ Yoast SEO Premium plugin. -->","yoast_head_json":{"title":"Athl\u00e9tisme - All Star Perche 2024 : Programme et r\u00e9sultats - Dicodusport","description":"Voici le programme et les r\u00e9sultats du All Star Perche 2024 qui se d\u00e9roule mercredi 21 et jeudi 22 f\u00e9vrier \u00e0 Clermont-Ferrand.","robots":{"index":"index","follow":"follow","max-snippet":"max-snippet:-1","max-image-preview":"max-image-preview:large","max-video-preview":"max-video-preview:-1"},"canonical":"https:\/\/dicodusport.fr\/blog\/all-star-perche-2024-programme-et-resultats\/","og_locale":"fr_FR","og_type":"article","og_title":"All Star Perche 2024 : Programme et r\u00e9sultats","og_description":"Voici le programme et les r\u00e9sultats du All Star Perche 2024 qui se d\u00e9roule mercredi 21 et jeudi 22 f\u00e9vrier \u00e0 Clermont-Ferrand.","og_url":"https:\/\/dicodusport.fr\/blog\/all-star-perche-2024-programme-et-resultats\/","og_site_name":"Dicodusport","article_publisher":"https:\/\/www.facebook.com\/dicodusport","article_published_time":"2024-02-22T22:00:19+00:00","article_modified_time":"2024-02-22T22:26:35+00:00","og_image":[{"width":1200,"height":674,"url":"https:\/\/dicodusport.fr\/blog\/wp-content\/uploads\/2024\/02\/All-Star-Perche-2024-Programme-et-resultats.png","type":"image\/png"}],"author":"Arlette Yeye","twitter_card":"summary_large_image","twitter_title":"All Star Perche 2024 : Programme et r\u00e9sultats","twitter_creator":"@https:\/\/twitter.com\/Shiclette94","twitter_site":"@dicodusport","schema":{"@context":"https:\/\/schema.org","@graph":[{"@type":"NewsArticle","@id":"https:\/\/dicodusport.fr\/blog\/all-star-perche-2024-programme-et-resultats\/#article","isPartOf":{"@id":"https:\/\/dicodusport.fr\/blog\/all-star-perche-2024-programme-et-resultats\/"},"author":{"name":"Arlette Yeye","@id":"https:\/\/dicodusport.fr\/blog\/#\/schema\/person\/cce96fa88785bd8573e3d43078ac8c79"},"headline":"All Star Perche 2024 : Programme et r\u00e9sultats","datePublished":"2024-02-22T22:00:19+00:00","dateModified":"2024-02-22T22:26:35+00:00","mainEntityOfPage":{"@id":"https:\/\/dicodusport.fr\/blog\/all-star-perche-2024-programme-et-resultats\/"},"wordCount":201,"commentCount":0,"publisher":{"@id":"https:\/\/dicodusport.fr\/blog\/#organization"},"image":{"@id":"https:\/\/dicodusport.fr\/blog\/all-star-perche-2024-programme-et-resultats\/#primaryimage"},"thumbnailUrl":"https:\/\/dicodusport.fr\/blog\/wp-content\/uploads\/2024\/02\/All-Star-Perche-2024-Programme-et-resultats.png","keywords":["br\u00e8ve"],"articleSection":["Athl\u00e9tisme"],"inLanguage":"fr-FR","potentialAction":[{"@type":"CommentAction","name":"Comment","target":["https:\/\/dicodusport.fr\/blog\/all-star-perche-2024-programme-et-resultats\/#respond"]}],"copyrightYear":"2024","copyrightHolder":{"@id":"https:\/\/dicodusport.fr\/blog\/#organization"}},{"@type":"WebPage","@id":"https:\/\/dicodusport.fr\/blog\/all-star-perche-2024-programme-et-resultats\/","url":"https:\/\/dicodusport.fr\/blog\/all-star-perche-2024-programme-et-resultats\/","name":"Athl\u00e9tisme - All Star Perche 2024 : Programme et r\u00e9sultats - Dicodusport","isPartOf":{"@id":"https:\/\/dicodusport.fr\/blog\/#website"},"primaryImageOfPage":{"@id":"https:\/\/dicodusport.fr\/blog\/all-star-perche-2024-programme-et-resultats\/#primaryimage"},"image":{"@id":"https:\/\/dicodusport.fr\/blog\/all-star-perche-2024-programme-et-resultats\/#primaryimage"},"thumbnailUrl":"https:\/\/dicodusport.fr\/blog\/wp-content\/uploads\/2024\/02\/All-Star-Perche-2024-Programme-et-resultats.png","datePublished":"2024-02-22T22:00:19+00:00","dateModified":"2024-02-22T22:26:35+00:00","description":"Voici le programme et les r\u00e9sultats du All Star Perche 2024 qui se d\u00e9roule mercredi 21 et jeudi 22 f\u00e9vrier \u00e0 Clermont-Ferrand.","breadcrumb":{"@id":"https:\/\/dicodusport.fr\/blog\/all-star-perche-2024-programme-et-resultats\/#breadcrumb"},"inLanguage":"fr-FR","potentialAction":[{"@type":"ReadAction","target":["https:\/\/dicodusport.fr\/blog\/all-star-perche-2024-programme-et-resultats\/"]}]},{"@type":"ImageObject","inLanguage":"fr-FR","@id":"https:\/\/dicodusport.fr\/blog\/all-star-perche-2024-programme-et-resultats\/#primaryimage","url":"https:\/\/dicodusport.fr\/blog\/wp-content\/uploads\/2024\/02\/All-Star-Perche-2024-Programme-et-resultats.png","contentUrl":"https:\/\/dicodusport.fr\/blog\/wp-content\/uploads\/2024\/02\/All-Star-Perche-2024-Programme-et-resultats.png","width":1200,"height":674,"caption":"All Star Perche 2024 Programme et r\u00e9sultats"},{"@type":"BreadcrumbList","@id":"https:\/\/dicodusport.fr\/blog\/all-star-perche-2024-programme-et-resultats\/#breadcrumb","itemListElement":[{"@type":"ListItem","position":1,"name":"Accueil","item":"https:\/\/dicodusport.fr\/blog\/"},{"@type":"ListItem","position":2,"name":"All Star Perche 2024 : Programme et r\u00e9sultats"}]},{"@type":"WebSite","@id":"https:\/\/dicodusport.fr\/blog\/#website","url":"https:\/\/dicodusport.fr\/blog\/","name":"Dicodusport","description":"L&#039;encyclop\u00e9die de l&#039;actualit\u00e9 sportive","publisher":{"@id":"https:\/\/dicodusport.fr\/blog\/#organization"},"potentialAction":[{"@type":"SearchAction","target":{"@type":"EntryPoint","urlTemplate":"https:\/\/dicodusport.fr\/blog\/?s={search_term_string}"},"query-input":{"@type":"PropertyValueSpecification","valueRequired":true,"valueName":"search_term_string"}}],"inLanguage":"fr-FR"},{"@type":"NewsMediaOrganization","@id":"https:\/\/dicodusport.fr\/blog\/#organization","name":"Dicodusport","url":"https:\/\/dicodusport.fr\/blog\/","logo":{"@type":"ImageObject","inLanguage":"fr-FR","@id":"https:\/\/dicodusport.fr\/blog\/#\/schema\/logo\/image\/","url":"https:\/\/dicodusport.fr\/blog\/wp-content\/uploads\/2020\/06\/cropped-LOGO-DICODUSPORT-2020-SANS-FOND-SANS-TEXTE.png","contentUrl":"https:\/\/dicodusport.fr\/blog\/wp-content\/uploads\/2020\/06\/cropped-LOGO-DICODUSPORT-2020-SANS-FOND-SANS-TEXTE.png","width":512,"height":512,"caption":"Dicodusport"},"image":{"@id":"https:\/\/dicodusport.fr\/blog\/#\/schema\/logo\/image\/"},"sameAs":["https:\/\/www.facebook.com\/dicodusport","https:\/\/x.com\/dicodusport","https:\/\/www.instagram.com\/dicodusport\/","https:\/\/www.youtube.com\/channel\/UC7V2KZ5sd3htJivAbA4ZG3w"],"description":"Dicodusport est l'encyclop\u00e9die de l'actualit\u00e9 sportive.","email":"bonjour@dicodusport.fr","legalName":"DICODUSPORT","foundingDate":"2018-01-14","vatID":"FR71834470973","taxID":"83447097300043","numberOfEmployees":{"@type":"QuantitativeValue","minValue":"1","maxValue":"10"}},{"@type":"Person","@id":"https:\/\/dicodusport.fr\/blog\/#\/schema\/person\/cce96fa88785bd8573e3d43078ac8c79","name":"Arlette Yeye","image":{"@type":"ImageObject","inLanguage":"fr-FR","@id":"https:\/\/dicodusport.fr\/blog\/#\/schema\/person\/image\/","url":"https:\/\/secure.gravatar.com\/avatar\/dca4a6239e6d708e46c45d60e160de6c?s=96&d=wp_user_avatar&r=g","contentUrl":"https:\/\/secure.gravatar.com\/avatar\/dca4a6239e6d708e46c45d60e160de6c?s=96&d=wp_user_avatar&r=g","caption":"Arlette Yeye"},"description":"Journaliste\/r\u00e9dactrice depuis septembre 2015 - Supportrice de Chelsea, j'ai pour sports de pr\u00e9dilection le handball, l'athl\u00e9tisme et le tennis. Si je tweete plus vite que mon ombre, vous pouvez aussi me retrouver les week-ends sur les playgrounds de Bruxelles pour un petit foot ou basket entre potes. Parcourir la France, l'Europe et plus si affinit\u00e9s pour suivre mes sportifs pr\u00e9f\u00e9r\u00e9s ? Mon kif ! Et c'est avec plaisir que je partage les r\u00e9sultats des sports populaires mais \u00e9galement plus confidentiels pour Dicodusport.","sameAs":["https:\/\/x.com\/https:\/\/twitter.com\/Shiclette94"],"url":"https:\/\/dicodusport.fr\/blog\/author\/arlette\/"}]}},"_links":{"self":[{"href":"https:\/\/dicodusport.fr\/blog\/wp-json\/wp\/v2\/posts\/464726","targetHints":{"allow":["GET"]}}],"collection":[{"href":"https:\/\/dicodusport.fr\/blog\/wp-json\/wp\/v2\/posts"}],"about":[{"href":"https:\/\/dicodusport.fr\/blog\/wp-json\/wp\/v2\/types\/post"}],"author":[{"embeddable":true,"href":"https:\/\/dicodusport.fr\/blog\/wp-json\/wp\/v2\/users\/12"}],"replies":[{"embeddable":true,"href":"https:\/\/dicodusport.fr\/blog\/wp-json\/wp\/v2\/comments?post=464726"}],"version-history":[{"count":5,"href":"https:\/\/dicodusport.fr\/blog\/wp-json\/wp\/v2\/posts\/464726\/revisions"}],"predecessor-version":[{"id":465842,"href":"https:\/\/dicodusport.fr\/blog\/wp-json\/wp\/v2\/posts\/464726\/revisions\/465842"}],"wp:featuredmedia":[{"embeddable":true,"href":"https:\/\/dicodusport.fr\/blog\/wp-json\/wp\/v2\/media\/464740"}],"wp:attachment":[{"href":"https:\/\/dicodusport.fr\/blog\/wp-json\/wp\/v2\/media?parent=464726"}],"wp:term":[{"taxonomy":"category","embeddable":true,"href":"https:\/\/dicodusport.fr\/blog\/wp-json\/wp\/v2\/categories?post=464726"},{"taxonomy":"post_tag","embeddable":true,"href":"https:\/\/dicodusport.fr\/blog\/wp-json\/wp\/v2\/tags?post=464726"}],"curies":[{"name":"wp","href":"https:\/\/api.w.org\/{rel}","templated":true}]}}