{"id":465038,"date":"2024-02-19T12:11:50","date_gmt":"2024-02-19T11:11:50","guid":{"rendered":"https:\/\/dicodusport.fr\/blog\/?p=465038&#038;preview=true&#038;preview_id=465038"},"modified":"2024-02-19T13:17:36","modified_gmt":"2024-02-19T12:17:36","slug":"mercato-om-christophe-galtier-vise-pour-remplacer-gennaro-gattuso","status":"publish","type":"post","link":"https:\/\/dicodusport.fr\/blog\/mercato-om-christophe-galtier-vise-pour-remplacer-gennaro-gattuso\/","title":{"rendered":"Mercato OM : Christophe Galtier vis\u00e9 pour remplacer Gennaro Gattuso"},"content":{"rendered":"<p style=\"text-align: justify;\"><strong><em>LIGUE 1 2023-2024 &#8211; Selon L&rsquo;\u00c9quipe, l&rsquo;Olympique de Marseille tente de convaincre Christophe Galtier de prendre les commandes de l&rsquo;\u00e9quipe premi\u00e8re.<\/em><\/strong><\/p>\n<p style=\"text-align: justify;\">C&rsquo;est donc termin\u00e9 entre l&rsquo;<strong>Olympique de<\/strong> <strong>Marseille<\/strong> et <strong>Gennaro<\/strong> <strong>Gattuso<\/strong> apr\u00e8s ce nouveau revers face au <strong>Stade Brestois<\/strong>. Le manager italien n&rsquo;a jamais vraiment sembl\u00e9 en mesure de relancer le club, m\u00eame si les premiers r\u00e9sultats ont \u00e9t\u00e9 encourageants. Seulement cinq mois apr\u00e8s son arriv\u00e9e, il est donc mis \u00e0 la porte par la direction marseillaise.<\/p>\n<ul style=\"text-align: justify;\">\n<li><strong>\u00c0 ce sujet &#8211; <a href=\"https:\/\/dicodusport.fr\/blog\/mercato-om-marseille-se-separe-de-gennaro-gattuso\/\" target=\"_blank\" rel=\"noopener\">Mercato OM : Marseille se s\u00e9pare de Gennaro Gattuso<\/a><\/strong><\/li>\n<\/ul>\n<h2 style=\"text-align: justify;\">Christophe Galtier pour remplacer Gennaro Gattuso ?<\/h2>\n<p style=\"text-align: justify;\">L&rsquo;OM travaille depuis quelque temps \u00e0 sa succession, et la priorit\u00e9 est <strong>Christophe<\/strong> <strong>Galtier<\/strong>, actuellement en poste au <strong>Qatar<\/strong>. En septembre dernier, Marseille avait d\u00e9j\u00e0 pens\u00e9 \u00e0 la recruter, mais il \u00e9tait vis\u00e9 par une proc\u00e9dure judiciaire pour racisme, ce qui avait refroidi le club \u00e0 l&rsquo;\u00e9poque. Il a r\u00e9cemment \u00e9t\u00e9 blanchi des accusations qui pesaient contre lui.<\/p>\n<p style=\"text-align: justify;\">Mais le probl\u00e8me est maintenant qu&rsquo;il est engag\u00e9 avec le club d&rsquo;<strong>Al-Duhail SC<\/strong> au <strong>Qatar<\/strong>. Pas s\u00fbr que ses dirigeants le laissent filer tout de suite. L&rsquo;<strong>Olympique de<\/strong> <strong>Marseille<\/strong> esp\u00e8re le recruter imm\u00e9diatement ou au plus tard l&rsquo;\u00e9t\u00e9 prochain pour laisser \u00e0 son club actuel le temps de se retourner. S&rsquo;il devait arriver en juin prochain,<strong> Jean-Louis<\/strong> <strong>Gasset<\/strong> pourrait assurer l&rsquo;int\u00e9rim jusqu&rsquo;\u00e0 la fin de la saison. Pour rappel, ce dernier a derni\u00e8rement \u00e9t\u00e9 licenci\u00e9 de son poste de s\u00e9lectionneur de la C\u00f4te d&rsquo;Ivoire.<\/p>\n<blockquote class=\"twitter-tweet\">\n<p dir=\"ltr\" lang=\"fr\">\ud83d\udea8\ud83d\udea8 L\u2019OM PENSE \u00c0 CHRISTOPHE GALTIER \u203c\ufe0f<\/p>\n<p>Les dirigeants marseillais se penchent sur l\u2019entra\u00eeneur fran\u00e7ais, actuellement en poste au Qatar. (<a href=\"https:\/\/twitter.com\/lequipe?ref_src=twsrc%5Etfw\">@lequipe<\/a>) <a href=\"https:\/\/t.co\/Qf8K4UV3SQ\">pic.twitter.com\/Qf8K4UV3SQ<\/a><\/p>\n<p>\u2014 BeFootball (@_BeFootball) <a href=\"https:\/\/twitter.com\/_BeFootball\/status\/1759534074190802986?ref_src=twsrc%5Etfw\">February 19, 2024<\/a><\/p><\/blockquote>\n<p style=\"text-align: justify;\"><script async src=\"https:\/\/platform.twitter.com\/widgets.js\" charset=\"utf-8\"><\/script><\/p>\n","protected":false},"excerpt":{"rendered":"<p>LIGUE 1 2023-2024 &#8211; Selon L&rsquo;\u00c9quipe, l&rsquo;Olympique de Marseille tente de convaincre Christophe Galtier de prendre les commandes de l&rsquo;\u00e9quipe premi\u00e8re.<\/p>\n","protected":false},"author":1,"featured_media":465040,"comment_status":"open","ping_status":"closed","sticky":false,"template":"","format":"standard","meta":{"_acf_changed":false,"_daextam_enable_autolinks":"1","footnotes":""},"categories":[2301,47045],"tags":[16878,75,5049,446,1889],"class_list":["post-465038","post","type-post","status-publish","format-standard","has-post-thumbnail","hentry","category-football","category-ligue-1","tag-breve","tag-football","tag-gennaro-gattuso","tag-marseille","tag-om"],"acf":[],"yoast_head":"<!-- This site is optimized with the Yoast SEO Premium plugin v26.7 (Yoast SEO v26.7) - https:\/\/yoast.com\/wordpress\/plugins\/seo\/ -->\n<title>Mercato OM : Christophe Galtier vis\u00e9 pour remplacer Gennaro Gattuso<\/title>\n<meta name=\"description\" content=\"LIGUE 1 2023-2024 - Selon L&#039;\u00c9quipe, l&#039;Olympique de Marseille tente de convaincre Christophe Galtier de prendre les commandes de l&#039;\u00e9quipe premi\u00e8re.\" \/>\n<meta name=\"robots\" content=\"index, follow, max-snippet:-1, max-image-preview:large, max-video-preview:-1\" \/>\n<link rel=\"canonical\" href=\"https:\/\/dicodusport.fr\/blog\/mercato-om-christophe-galtier-vise-pour-remplacer-gennaro-gattuso\/\" \/>\n<meta property=\"og:locale\" content=\"fr_FR\" \/>\n<meta property=\"og:type\" content=\"article\" \/>\n<meta property=\"og:title\" content=\"Mercato OM : Christophe Galtier vis\u00e9 pour remplacer Gennaro Gattuso\" \/>\n<meta property=\"og:description\" content=\"LIGUE 1 2023-2024 - Selon L&#039;\u00c9quipe, l&#039;Olympique de Marseille tente de convaincre Christophe Galtier de prendre les commandes de l&#039;\u00e9quipe premi\u00e8re.\" \/>\n<meta property=\"og:url\" content=\"https:\/\/dicodusport.fr\/blog\/mercato-om-christophe-galtier-vise-pour-remplacer-gennaro-gattuso\/\" \/>\n<meta property=\"og:site_name\" content=\"Dicodusport\" \/>\n<meta property=\"article:publisher\" content=\"https:\/\/www.facebook.com\/dicodusport\" \/>\n<meta property=\"article:author\" content=\"https:\/\/www.facebook.com\/dicodusport\" \/>\n<meta property=\"article:published_time\" content=\"2024-02-19T11:11:50+00:00\" \/>\n<meta property=\"article:modified_time\" content=\"2024-02-19T12:17:36+00:00\" \/>\n<meta property=\"og:image\" content=\"https:\/\/dicodusport.fr\/blog\/wp-content\/uploads\/2024\/02\/Mercato-OM-Christophe-Galtier-vise-pour-remplacer-Gennaro-Gattuso.png\" \/>\n\t<meta property=\"og:image:width\" content=\"1200\" \/>\n\t<meta property=\"og:image:height\" content=\"674\" \/>\n\t<meta property=\"og:image:type\" content=\"image\/png\" \/>\n<meta name=\"author\" content=\"Nicolas Jacquemard\" \/>\n<meta name=\"twitter:card\" content=\"summary_large_image\" \/>\n<meta name=\"twitter:title\" content=\"Mercato OM : Christophe Galtier vis\u00e9 pour remplacer Gennaro Gattuso\" \/>\n<meta name=\"twitter:creator\" content=\"@https:\/\/twitter.com\/Nico_Jacquemard\" \/>\n<meta name=\"twitter:site\" content=\"@dicodusport\" \/>\n<script type=\"application\/ld+json\" class=\"yoast-schema-graph\">{\"@context\":\"https:\/\/schema.org\",\"@graph\":[{\"@type\":\"NewsArticle\",\"@id\":\"https:\/\/dicodusport.fr\/blog\/mercato-om-christophe-galtier-vise-pour-remplacer-gennaro-gattuso\/#article\",\"isPartOf\":{\"@id\":\"https:\/\/dicodusport.fr\/blog\/mercato-om-christophe-galtier-vise-pour-remplacer-gennaro-gattuso\/\"},\"author\":{\"name\":\"Nicolas Jacquemard\",\"@id\":\"https:\/\/dicodusport.fr\/blog\/#\/schema\/person\/55dcb50ad410894e431ed812bbb70191\"},\"headline\":\"Mercato OM : Christophe Galtier vis\u00e9 pour remplacer Gennaro Gattuso\",\"datePublished\":\"2024-02-19T11:11:50+00:00\",\"dateModified\":\"2024-02-19T12:17:36+00:00\",\"mainEntityOfPage\":{\"@id\":\"https:\/\/dicodusport.fr\/blog\/mercato-om-christophe-galtier-vise-pour-remplacer-gennaro-gattuso\/\"},\"wordCount\":304,\"commentCount\":0,\"publisher\":{\"@id\":\"https:\/\/dicodusport.fr\/blog\/#organization\"},\"image\":{\"@id\":\"https:\/\/dicodusport.fr\/blog\/mercato-om-christophe-galtier-vise-pour-remplacer-gennaro-gattuso\/#primaryimage\"},\"thumbnailUrl\":\"https:\/\/dicodusport.fr\/blog\/wp-content\/uploads\/2024\/02\/Mercato-OM-Christophe-Galtier-vise-pour-remplacer-Gennaro-Gattuso.png\",\"keywords\":[\"br\u00e8ve\",\"Football\",\"Gennaro Gattuso\",\"Marseille\",\"OM\"],\"articleSection\":[\"Football\",\"Ligue 1\"],\"inLanguage\":\"fr-FR\",\"potentialAction\":[{\"@type\":\"CommentAction\",\"name\":\"Comment\",\"target\":[\"https:\/\/dicodusport.fr\/blog\/mercato-om-christophe-galtier-vise-pour-remplacer-gennaro-gattuso\/#respond\"]}],\"copyrightYear\":\"2024\",\"copyrightHolder\":{\"@id\":\"https:\/\/dicodusport.fr\/blog\/#organization\"}},{\"@type\":\"WebPage\",\"@id\":\"https:\/\/dicodusport.fr\/blog\/mercato-om-christophe-galtier-vise-pour-remplacer-gennaro-gattuso\/\",\"url\":\"https:\/\/dicodusport.fr\/blog\/mercato-om-christophe-galtier-vise-pour-remplacer-gennaro-gattuso\/\",\"name\":\"Mercato OM : Christophe Galtier vis\u00e9 pour remplacer Gennaro Gattuso\",\"isPartOf\":{\"@id\":\"https:\/\/dicodusport.fr\/blog\/#website\"},\"primaryImageOfPage\":{\"@id\":\"https:\/\/dicodusport.fr\/blog\/mercato-om-christophe-galtier-vise-pour-remplacer-gennaro-gattuso\/#primaryimage\"},\"image\":{\"@id\":\"https:\/\/dicodusport.fr\/blog\/mercato-om-christophe-galtier-vise-pour-remplacer-gennaro-gattuso\/#primaryimage\"},\"thumbnailUrl\":\"https:\/\/dicodusport.fr\/blog\/wp-content\/uploads\/2024\/02\/Mercato-OM-Christophe-Galtier-vise-pour-remplacer-Gennaro-Gattuso.png\",\"datePublished\":\"2024-02-19T11:11:50+00:00\",\"dateModified\":\"2024-02-19T12:17:36+00:00\",\"description\":\"LIGUE 1 2023-2024 - Selon L'\u00c9quipe, l'Olympique de Marseille tente de convaincre Christophe Galtier de prendre les commandes de l'\u00e9quipe premi\u00e8re.\",\"breadcrumb\":{\"@id\":\"https:\/\/dicodusport.fr\/blog\/mercato-om-christophe-galtier-vise-pour-remplacer-gennaro-gattuso\/#breadcrumb\"},\"inLanguage\":\"fr-FR\",\"potentialAction\":[{\"@type\":\"ReadAction\",\"target\":[\"https:\/\/dicodusport.fr\/blog\/mercato-om-christophe-galtier-vise-pour-remplacer-gennaro-gattuso\/\"]}]},{\"@type\":\"ImageObject\",\"inLanguage\":\"fr-FR\",\"@id\":\"https:\/\/dicodusport.fr\/blog\/mercato-om-christophe-galtier-vise-pour-remplacer-gennaro-gattuso\/#primaryimage\",\"url\":\"https:\/\/dicodusport.fr\/blog\/wp-content\/uploads\/2024\/02\/Mercato-OM-Christophe-Galtier-vise-pour-remplacer-Gennaro-Gattuso.png\",\"contentUrl\":\"https:\/\/dicodusport.fr\/blog\/wp-content\/uploads\/2024\/02\/Mercato-OM-Christophe-Galtier-vise-pour-remplacer-Gennaro-Gattuso.png\",\"width\":1200,\"height\":674},{\"@type\":\"BreadcrumbList\",\"@id\":\"https:\/\/dicodusport.fr\/blog\/mercato-om-christophe-galtier-vise-pour-remplacer-gennaro-gattuso\/#breadcrumb\",\"itemListElement\":[{\"@type\":\"ListItem\",\"position\":1,\"name\":\"Accueil\",\"item\":\"https:\/\/dicodusport.fr\/blog\/\"},{\"@type\":\"ListItem\",\"position\":2,\"name\":\"Mercato OM : Christophe Galtier vis\u00e9 pour remplacer Gennaro Gattuso\"}]},{\"@type\":\"WebSite\",\"@id\":\"https:\/\/dicodusport.fr\/blog\/#website\",\"url\":\"https:\/\/dicodusport.fr\/blog\/\",\"name\":\"Dicodusport\",\"description\":\"L&#039;encyclop\u00e9die de l&#039;actualit\u00e9 sportive\",\"publisher\":{\"@id\":\"https:\/\/dicodusport.fr\/blog\/#organization\"},\"potentialAction\":[{\"@type\":\"SearchAction\",\"target\":{\"@type\":\"EntryPoint\",\"urlTemplate\":\"https:\/\/dicodusport.fr\/blog\/?s={search_term_string}\"},\"query-input\":{\"@type\":\"PropertyValueSpecification\",\"valueRequired\":true,\"valueName\":\"search_term_string\"}}],\"inLanguage\":\"fr-FR\"},{\"@type\":\"NewsMediaOrganization\",\"@id\":\"https:\/\/dicodusport.fr\/blog\/#organization\",\"name\":\"Dicodusport\",\"url\":\"https:\/\/dicodusport.fr\/blog\/\",\"logo\":{\"@type\":\"ImageObject\",\"inLanguage\":\"fr-FR\",\"@id\":\"https:\/\/dicodusport.fr\/blog\/#\/schema\/logo\/image\/\",\"url\":\"https:\/\/dicodusport.fr\/blog\/wp-content\/uploads\/2020\/06\/cropped-LOGO-DICODUSPORT-2020-SANS-FOND-SANS-TEXTE.png\",\"contentUrl\":\"https:\/\/dicodusport.fr\/blog\/wp-content\/uploads\/2020\/06\/cropped-LOGO-DICODUSPORT-2020-SANS-FOND-SANS-TEXTE.png\",\"width\":512,\"height\":512,\"caption\":\"Dicodusport\"},\"image\":{\"@id\":\"https:\/\/dicodusport.fr\/blog\/#\/schema\/logo\/image\/\"},\"sameAs\":[\"https:\/\/www.facebook.com\/dicodusport\",\"https:\/\/x.com\/dicodusport\",\"https:\/\/www.instagram.com\/dicodusport\/\",\"https:\/\/www.youtube.com\/channel\/UC7V2KZ5sd3htJivAbA4ZG3w\"],\"description\":\"Dicodusport est l'encyclop\u00e9die de l'actualit\u00e9 sportive.\",\"email\":\"bonjour@dicodusport.fr\",\"legalName\":\"DICODUSPORT\",\"foundingDate\":\"2018-01-14\",\"vatID\":\"FR71834470973\",\"taxID\":\"83447097300043\",\"numberOfEmployees\":{\"@type\":\"QuantitativeValue\",\"minValue\":\"1\",\"maxValue\":\"10\"}},{\"@type\":\"Person\",\"@id\":\"https:\/\/dicodusport.fr\/blog\/#\/schema\/person\/55dcb50ad410894e431ed812bbb70191\",\"name\":\"Nicolas Jacquemard\",\"image\":{\"@type\":\"ImageObject\",\"inLanguage\":\"fr-FR\",\"@id\":\"https:\/\/dicodusport.fr\/blog\/#\/schema\/person\/image\/\",\"url\":\"https:\/\/dicodusport.fr\/blog\/wp-content\/uploads\/2021\/05\/Nicolas-Jacquemard-150x150.jpeg\",\"contentUrl\":\"https:\/\/dicodusport.fr\/blog\/wp-content\/uploads\/2021\/05\/Nicolas-Jacquemard-150x150.jpeg\",\"caption\":\"Nicolas Jacquemard\"},\"description\":\"Passionn\u00e9 de sport et entrepreneur depuis mes 18 ans, la cr\u00e9ation de Dicodusport m'a sembl\u00e9 \u00e9vidente pour participer \u00e0 la m\u00e9diatisation d'un plus grand nombre de sports. Le chemin est long mais avec une \u00e9quipe des plus motiv\u00e9es et les Jeux Olympiques de Paris 2024 en point de mire, nous y arriverons ! Journaliste dans le monde du sport depuis plus de 5 ans, je traite aussi bien de football, de rugby, de biathlon que de cyclisme.\",\"sameAs\":[\"https:\/\/www.facebook.com\/dicodusport\",\"https:\/\/x.com\/https:\/\/twitter.com\/Nico_Jacquemard\"],\"url\":\"https:\/\/dicodusport.fr\/blog\/author\/dicodusport\/\"}]}<\/script>\n<!-- \/ Yoast SEO Premium plugin. -->","yoast_head_json":{"title":"Mercato OM : Christophe Galtier vis\u00e9 pour remplacer Gennaro Gattuso","description":"LIGUE 1 2023-2024 - Selon L'\u00c9quipe, l'Olympique de Marseille tente de convaincre Christophe Galtier de prendre les commandes de l'\u00e9quipe premi\u00e8re.","robots":{"index":"index","follow":"follow","max-snippet":"max-snippet:-1","max-image-preview":"max-image-preview:large","max-video-preview":"max-video-preview:-1"},"canonical":"https:\/\/dicodusport.fr\/blog\/mercato-om-christophe-galtier-vise-pour-remplacer-gennaro-gattuso\/","og_locale":"fr_FR","og_type":"article","og_title":"Mercato OM : Christophe Galtier vis\u00e9 pour remplacer Gennaro Gattuso","og_description":"LIGUE 1 2023-2024 - Selon L'\u00c9quipe, l'Olympique de Marseille tente de convaincre Christophe Galtier de prendre les commandes de l'\u00e9quipe premi\u00e8re.","og_url":"https:\/\/dicodusport.fr\/blog\/mercato-om-christophe-galtier-vise-pour-remplacer-gennaro-gattuso\/","og_site_name":"Dicodusport","article_publisher":"https:\/\/www.facebook.com\/dicodusport","article_author":"https:\/\/www.facebook.com\/dicodusport","article_published_time":"2024-02-19T11:11:50+00:00","article_modified_time":"2024-02-19T12:17:36+00:00","og_image":[{"width":1200,"height":674,"url":"https:\/\/dicodusport.fr\/blog\/wp-content\/uploads\/2024\/02\/Mercato-OM-Christophe-Galtier-vise-pour-remplacer-Gennaro-Gattuso.png","type":"image\/png"}],"author":"Nicolas Jacquemard","twitter_card":"summary_large_image","twitter_title":"Mercato OM : Christophe Galtier vis\u00e9 pour remplacer Gennaro Gattuso","twitter_creator":"@https:\/\/twitter.com\/Nico_Jacquemard","twitter_site":"@dicodusport","schema":{"@context":"https:\/\/schema.org","@graph":[{"@type":"NewsArticle","@id":"https:\/\/dicodusport.fr\/blog\/mercato-om-christophe-galtier-vise-pour-remplacer-gennaro-gattuso\/#article","isPartOf":{"@id":"https:\/\/dicodusport.fr\/blog\/mercato-om-christophe-galtier-vise-pour-remplacer-gennaro-gattuso\/"},"author":{"name":"Nicolas Jacquemard","@id":"https:\/\/dicodusport.fr\/blog\/#\/schema\/person\/55dcb50ad410894e431ed812bbb70191"},"headline":"Mercato OM : Christophe Galtier vis\u00e9 pour remplacer Gennaro Gattuso","datePublished":"2024-02-19T11:11:50+00:00","dateModified":"2024-02-19T12:17:36+00:00","mainEntityOfPage":{"@id":"https:\/\/dicodusport.fr\/blog\/mercato-om-christophe-galtier-vise-pour-remplacer-gennaro-gattuso\/"},"wordCount":304,"commentCount":0,"publisher":{"@id":"https:\/\/dicodusport.fr\/blog\/#organization"},"image":{"@id":"https:\/\/dicodusport.fr\/blog\/mercato-om-christophe-galtier-vise-pour-remplacer-gennaro-gattuso\/#primaryimage"},"thumbnailUrl":"https:\/\/dicodusport.fr\/blog\/wp-content\/uploads\/2024\/02\/Mercato-OM-Christophe-Galtier-vise-pour-remplacer-Gennaro-Gattuso.png","keywords":["br\u00e8ve","Football","Gennaro Gattuso","Marseille","OM"],"articleSection":["Football","Ligue 1"],"inLanguage":"fr-FR","potentialAction":[{"@type":"CommentAction","name":"Comment","target":["https:\/\/dicodusport.fr\/blog\/mercato-om-christophe-galtier-vise-pour-remplacer-gennaro-gattuso\/#respond"]}],"copyrightYear":"2024","copyrightHolder":{"@id":"https:\/\/dicodusport.fr\/blog\/#organization"}},{"@type":"WebPage","@id":"https:\/\/dicodusport.fr\/blog\/mercato-om-christophe-galtier-vise-pour-remplacer-gennaro-gattuso\/","url":"https:\/\/dicodusport.fr\/blog\/mercato-om-christophe-galtier-vise-pour-remplacer-gennaro-gattuso\/","name":"Mercato OM : Christophe Galtier vis\u00e9 pour remplacer Gennaro Gattuso","isPartOf":{"@id":"https:\/\/dicodusport.fr\/blog\/#website"},"primaryImageOfPage":{"@id":"https:\/\/dicodusport.fr\/blog\/mercato-om-christophe-galtier-vise-pour-remplacer-gennaro-gattuso\/#primaryimage"},"image":{"@id":"https:\/\/dicodusport.fr\/blog\/mercato-om-christophe-galtier-vise-pour-remplacer-gennaro-gattuso\/#primaryimage"},"thumbnailUrl":"https:\/\/dicodusport.fr\/blog\/wp-content\/uploads\/2024\/02\/Mercato-OM-Christophe-Galtier-vise-pour-remplacer-Gennaro-Gattuso.png","datePublished":"2024-02-19T11:11:50+00:00","dateModified":"2024-02-19T12:17:36+00:00","description":"LIGUE 1 2023-2024 - Selon L'\u00c9quipe, l'Olympique de Marseille tente de convaincre Christophe Galtier de prendre les commandes de l'\u00e9quipe premi\u00e8re.","breadcrumb":{"@id":"https:\/\/dicodusport.fr\/blog\/mercato-om-christophe-galtier-vise-pour-remplacer-gennaro-gattuso\/#breadcrumb"},"inLanguage":"fr-FR","potentialAction":[{"@type":"ReadAction","target":["https:\/\/dicodusport.fr\/blog\/mercato-om-christophe-galtier-vise-pour-remplacer-gennaro-gattuso\/"]}]},{"@type":"ImageObject","inLanguage":"fr-FR","@id":"https:\/\/dicodusport.fr\/blog\/mercato-om-christophe-galtier-vise-pour-remplacer-gennaro-gattuso\/#primaryimage","url":"https:\/\/dicodusport.fr\/blog\/wp-content\/uploads\/2024\/02\/Mercato-OM-Christophe-Galtier-vise-pour-remplacer-Gennaro-Gattuso.png","contentUrl":"https:\/\/dicodusport.fr\/blog\/wp-content\/uploads\/2024\/02\/Mercato-OM-Christophe-Galtier-vise-pour-remplacer-Gennaro-Gattuso.png","width":1200,"height":674},{"@type":"BreadcrumbList","@id":"https:\/\/dicodusport.fr\/blog\/mercato-om-christophe-galtier-vise-pour-remplacer-gennaro-gattuso\/#breadcrumb","itemListElement":[{"@type":"ListItem","position":1,"name":"Accueil","item":"https:\/\/dicodusport.fr\/blog\/"},{"@type":"ListItem","position":2,"name":"Mercato OM : Christophe Galtier vis\u00e9 pour remplacer Gennaro Gattuso"}]},{"@type":"WebSite","@id":"https:\/\/dicodusport.fr\/blog\/#website","url":"https:\/\/dicodusport.fr\/blog\/","name":"Dicodusport","description":"L&#039;encyclop\u00e9die de l&#039;actualit\u00e9 sportive","publisher":{"@id":"https:\/\/dicodusport.fr\/blog\/#organization"},"potentialAction":[{"@type":"SearchAction","target":{"@type":"EntryPoint","urlTemplate":"https:\/\/dicodusport.fr\/blog\/?s={search_term_string}"},"query-input":{"@type":"PropertyValueSpecification","valueRequired":true,"valueName":"search_term_string"}}],"inLanguage":"fr-FR"},{"@type":"NewsMediaOrganization","@id":"https:\/\/dicodusport.fr\/blog\/#organization","name":"Dicodusport","url":"https:\/\/dicodusport.fr\/blog\/","logo":{"@type":"ImageObject","inLanguage":"fr-FR","@id":"https:\/\/dicodusport.fr\/blog\/#\/schema\/logo\/image\/","url":"https:\/\/dicodusport.fr\/blog\/wp-content\/uploads\/2020\/06\/cropped-LOGO-DICODUSPORT-2020-SANS-FOND-SANS-TEXTE.png","contentUrl":"https:\/\/dicodusport.fr\/blog\/wp-content\/uploads\/2020\/06\/cropped-LOGO-DICODUSPORT-2020-SANS-FOND-SANS-TEXTE.png","width":512,"height":512,"caption":"Dicodusport"},"image":{"@id":"https:\/\/dicodusport.fr\/blog\/#\/schema\/logo\/image\/"},"sameAs":["https:\/\/www.facebook.com\/dicodusport","https:\/\/x.com\/dicodusport","https:\/\/www.instagram.com\/dicodusport\/","https:\/\/www.youtube.com\/channel\/UC7V2KZ5sd3htJivAbA4ZG3w"],"description":"Dicodusport est l'encyclop\u00e9die de l'actualit\u00e9 sportive.","email":"bonjour@dicodusport.fr","legalName":"DICODUSPORT","foundingDate":"2018-01-14","vatID":"FR71834470973","taxID":"83447097300043","numberOfEmployees":{"@type":"QuantitativeValue","minValue":"1","maxValue":"10"}},{"@type":"Person","@id":"https:\/\/dicodusport.fr\/blog\/#\/schema\/person\/55dcb50ad410894e431ed812bbb70191","name":"Nicolas Jacquemard","image":{"@type":"ImageObject","inLanguage":"fr-FR","@id":"https:\/\/dicodusport.fr\/blog\/#\/schema\/person\/image\/","url":"https:\/\/dicodusport.fr\/blog\/wp-content\/uploads\/2021\/05\/Nicolas-Jacquemard-150x150.jpeg","contentUrl":"https:\/\/dicodusport.fr\/blog\/wp-content\/uploads\/2021\/05\/Nicolas-Jacquemard-150x150.jpeg","caption":"Nicolas Jacquemard"},"description":"Passionn\u00e9 de sport et entrepreneur depuis mes 18 ans, la cr\u00e9ation de Dicodusport m'a sembl\u00e9 \u00e9vidente pour participer \u00e0 la m\u00e9diatisation d'un plus grand nombre de sports. Le chemin est long mais avec une \u00e9quipe des plus motiv\u00e9es et les Jeux Olympiques de Paris 2024 en point de mire, nous y arriverons ! Journaliste dans le monde du sport depuis plus de 5 ans, je traite aussi bien de football, de rugby, de biathlon que de cyclisme.","sameAs":["https:\/\/www.facebook.com\/dicodusport","https:\/\/x.com\/https:\/\/twitter.com\/Nico_Jacquemard"],"url":"https:\/\/dicodusport.fr\/blog\/author\/dicodusport\/"}]}},"_links":{"self":[{"href":"https:\/\/dicodusport.fr\/blog\/wp-json\/wp\/v2\/posts\/465038","targetHints":{"allow":["GET"]}}],"collection":[{"href":"https:\/\/dicodusport.fr\/blog\/wp-json\/wp\/v2\/posts"}],"about":[{"href":"https:\/\/dicodusport.fr\/blog\/wp-json\/wp\/v2\/types\/post"}],"author":[{"embeddable":true,"href":"https:\/\/dicodusport.fr\/blog\/wp-json\/wp\/v2\/users\/1"}],"replies":[{"embeddable":true,"href":"https:\/\/dicodusport.fr\/blog\/wp-json\/wp\/v2\/comments?post=465038"}],"version-history":[{"count":5,"href":"https:\/\/dicodusport.fr\/blog\/wp-json\/wp\/v2\/posts\/465038\/revisions"}],"predecessor-version":[{"id":465069,"href":"https:\/\/dicodusport.fr\/blog\/wp-json\/wp\/v2\/posts\/465038\/revisions\/465069"}],"wp:featuredmedia":[{"embeddable":true,"href":"https:\/\/dicodusport.fr\/blog\/wp-json\/wp\/v2\/media\/465040"}],"wp:attachment":[{"href":"https:\/\/dicodusport.fr\/blog\/wp-json\/wp\/v2\/media?parent=465038"}],"wp:term":[{"taxonomy":"category","embeddable":true,"href":"https:\/\/dicodusport.fr\/blog\/wp-json\/wp\/v2\/categories?post=465038"},{"taxonomy":"post_tag","embeddable":true,"href":"https:\/\/dicodusport.fr\/blog\/wp-json\/wp\/v2\/tags?post=465038"}],"curies":[{"name":"wp","href":"https:\/\/api.w.org\/{rel}","templated":true}]}}