{"id":465151,"date":"2024-02-20T11:37:27","date_gmt":"2024-02-20T10:37:27","guid":{"rendered":"https:\/\/dicodusport.fr\/blog\/?p=465151&#038;preview=true&#038;preview_id=465151"},"modified":"2024-02-20T12:04:06","modified_gmt":"2024-02-20T11:04:06","slug":"decathlon-ag2r-la-mondiale-a-fond-la-forme","status":"publish","type":"post","link":"https:\/\/dicodusport.fr\/blog\/decathlon-ag2r-la-mondiale-a-fond-la-forme\/","title":{"rendered":"Decathlon AG2R La Mondiale : \u00c0 fond la forme !"},"content":{"rendered":"<p style=\"text-align: justify;\"><strong><em>CYCLISME SUR ROUTE 2024 &#8211; Depuis la reprise de la saison cycliste, Decathlon AG2R La Mondiale, la formation dirig\u00e9e par Vincent Lavenu, brille partout, tout le temps. Petit topo des forces en pr\u00e9sence et analyse.<\/em><\/strong><\/p>\n<p style=\"text-align: justify;\">M\u00eame pas un mois que les premiers coups de p\u00e9dale ont \u00e9t\u00e9 donn\u00e9s dans les pelotons professionnels. Un petit mois qui aura suffi \u00e0 mettre en avant l&rsquo;\u00e9quipe fran\u00e7aise <strong>Decathlon AG2R La Mondiale<\/strong>. En effet, si la formation savoyarde a gagn\u00e9 \u00e0 neuf reprises l&rsquo;an pass\u00e9, elle compte d\u00e9j\u00e0 trois victoires \u00e0 ce stade de la saison. On a vu <a href=\"https:\/\/dicodusport.fr\/blog\/tour-de-murcie-2024-victoire-de-ben-oconnor\/\"><strong>Ben O&rsquo;Connor<\/strong> s&rsquo;amuser du c\u00f4t\u00e9 de Murcie<\/a> en s&rsquo;imposant apr\u00e8s une \u00e9chapp\u00e9e au long cours. Puis, <a href=\"https:\/\/dicodusport.fr\/blog\/2eme-etape-tour-des-alpes-maritimes-benoit-cosnefroy-fait-coup-double-en-remportant-letape-et-le-general\/\"><strong>Beno\u00eet Cosnefroy<\/strong> s&rsquo;est adjug\u00e9 la deuxi\u00e8me \u00e9tape du Tour des Alpes-Maritimes<\/a>, ainsi que le classement g\u00e9n\u00e9ral. Des leaders d\u00e9j\u00e0 en forme donc, sans compter que l&rsquo;Autrichien <strong>F\u00e9lix Gall<\/strong> et le nouveau venu <strong>Victor Lafay<\/strong> n&rsquo;ont pas encore repris.<\/p>\n<blockquote class=\"twitter-tweet\">\n<p dir=\"ltr\" lang=\"fr\">Benoit Cosnefroy a remport\u00e9 la seconde \u00e9tape du <a href=\"https:\/\/twitter.com\/hashtag\/Tour06?src=hash&amp;ref_src=twsrc%5Etfw\">#Tour06<\/a> <a href=\"https:\/\/twitter.com\/hashtag\/TourdesAlpesMaritimes?src=hash&amp;ref_src=twsrc%5Etfw\">#TourdesAlpesMaritimes<\/a> devant Aur\u00e9lien Paret-Peintre et Vincenzo Albanese. Cosnefroy remporte pour la m\u00eame occasion le classement g\u00e9n\u00e9ral. <a href=\"https:\/\/twitter.com\/hashtag\/cyclisme?src=hash&amp;ref_src=twsrc%5Etfw\">#cyclisme<\/a> <a href=\"https:\/\/twitter.com\/hashtag\/ciclismo?src=hash&amp;ref_src=twsrc%5Etfw\">#ciclismo<\/a> <a href=\"https:\/\/twitter.com\/hashtag\/wielrennen?src=hash&amp;ref_src=twsrc%5Etfw\">#wielrennen<\/a> <a href=\"https:\/\/t.co\/bt5C1H6uW3\">pic.twitter.com\/bt5C1H6uW3<\/a><\/p>\n<p>\u2014 \ud83d\udeb4 Les Rois du Peloton \ud83d\udeb2 (@LRoisDuPeloton) <a href=\"https:\/\/twitter.com\/LRoisDuPeloton\/status\/1759256491125571670?ref_src=twsrc%5Etfw\">February 18, 2024<\/a><\/p><\/blockquote>\n<p><script async src=\"https:\/\/platform.twitter.com\/widgets.js\" charset=\"utf-8\"><\/script><\/p>\n<h2 style=\"text-align: justify;\">Derri\u00e8re de solides leaders, de nombreux jeunes se montrent<\/h2>\n<p style=\"text-align: justify;\">Et la dynamique d&rsquo;\u00e9quipe s&rsquo;av\u00e8re tr\u00e8s positive actuellement. <strong>Pierre Gautherat<\/strong> (21 ans) continue sa progression en r\u00e9alisant un d\u00e9but de saison canon. Il a termin\u00e9 deuxi\u00e8me de la Route de la C\u00e9ramique-Grand Prix Castell\u00f3n, puis quatri\u00e8me du <a href=\"https:\/\/dicodusport.fr\/blog\/classement-grand-prix-la-marseillaise-2024\/\">Grand Prix La Marseillaise<\/a> et sixi\u00e8me sur le <a href=\"https:\/\/dicodusport.fr\/blog\/tour-de-la-provence-2024-classement-general\/\">Tour de La Provence<\/a>. On a \u00e9galement \u00e9norm\u00e9ment vu <strong>Alex Baudin<\/strong>, deuxi\u00e8me sur la Marseillaise et septi\u00e8me \u00e0 Bess\u00e8ges. Au rayon des bonnes surprises, <strong>Bastien Tronchon<\/strong>, <strong>Nicolas Prodhomme<\/strong> et <strong>Valentin Paret-Peintre<\/strong> ont aussi montr\u00e9 des signes encourageants. On attend en revanche davantage d&rsquo;une des recrues phares, le sprinteur irlandais <strong>Sam Bennett<\/strong>.<\/p>\n<h2 style=\"text-align: justify;\">Une nouvelle \u00e8re et quelques doutes<\/h2>\n<p style=\"text-align: justify;\">Il semble que l&rsquo;apport de Decathlon soit donc bien plus qu&rsquo;un simple apport financier. Comme un nouveau souffle pour l&rsquo;\u00e9quipe de <strong>Vincent Lavenu<\/strong>. On parle notamment d&rsquo;un mat\u00e9riel tr\u00e8s efficace et de v\u00e9los <strong>Van Rysel<\/strong> tr\u00e8s comp\u00e9titifs. Dans un tout autre domaine, la cr\u00e9ation d&rsquo;une vraie structure de d\u00e9veloppement est une avanc\u00e9e consid\u00e9rable pour <strong>Decathlon AG2R La Mondiale<\/strong>. Elle accueille en outre des jeunes \u00e0 gros potentiel \u00e0 l&rsquo;instar de <strong>L\u00e9o Bisiaux<\/strong>, <strong>Oscar Chamberlain<\/strong> ou encore <strong>Noa Isidore<\/strong>.<\/p>\n<p style=\"text-align: justify;\">Malgr\u00e9 tout, l&rsquo;\u00e9quipe a d\u00fb faire face au cas tr\u00e8s complexe d&rsquo;<strong>Alex Baudin<\/strong>, qui a eu recours au Tramadol sur le Giro 2023 quand le produit n&rsquo;\u00e9tait pas encore interdit. En outre, elle a \u00e9t\u00e9 contrainte de suspendre <strong>Franck Bonnamour<\/strong> pour des anomalies sur son passeport biologique (datant d&rsquo;avant son arriv\u00e9e dans l&rsquo;\u00e9quipe). Attention donc \u00e0 ne pas retomber dans une spirale bien connue avec des coureurs suspects et des recrues douteuses.<\/p>\n<div class=\"vlp-link-container vlp-layout-article\"><a href=\"https:\/\/dicodusport.fr\/blog\/cyclisme-franck-bonnamour-suspendu-par-luci-en-raison-danomalies-dans-son-passeport-biologique\/\" class=\"vlp-link\" title=\"Cyclisme : Franck Bonnamour suspendu par l&#039;UCI en raison d&#039;anomalies dans son passeport biologique\"><\/a><div class=\"vlp-layout-zone-side\"><div class=\"vlp-block-4 vlp-link-image\"><img loading=\"lazy\" decoding=\"async\" style=\"max-width: 792px;\" width=\"792\" height=\"445\" src=\"https:\/\/dicodusport.fr\/blog\/wp-content\/uploads\/2024\/02\/Cyclisme-Franck-Bonnamour-suspendu-par-lUCI-en-raison-danomalies-dans-son-passeport-biologique.png\" class=\"attachment-800x445 size-800x445\" alt=\"Cyclisme : Franck Bonnamour suspendu par l&#039;UCI en raison d&#039;anomalies dans son passeport biologique\" srcset=\"https:\/\/dicodusport.fr\/blog\/wp-content\/uploads\/2024\/02\/Cyclisme-Franck-Bonnamour-suspendu-par-lUCI-en-raison-danomalies-dans-son-passeport-biologique.png 1200w, https:\/\/dicodusport.fr\/blog\/wp-content\/uploads\/2024\/02\/Cyclisme-Franck-Bonnamour-suspendu-par-lUCI-en-raison-danomalies-dans-son-passeport-biologique-300x169.png 300w, https:\/\/dicodusport.fr\/blog\/wp-content\/uploads\/2024\/02\/Cyclisme-Franck-Bonnamour-suspendu-par-lUCI-en-raison-danomalies-dans-son-passeport-biologique-1024x575.png 1024w, https:\/\/dicodusport.fr\/blog\/wp-content\/uploads\/2024\/02\/Cyclisme-Franck-Bonnamour-suspendu-par-lUCI-en-raison-danomalies-dans-son-passeport-biologique-768x431.png 768w\" sizes=\"auto, (max-width: 792px) 100vw, 792px\" \/><\/div><\/div><div class=\"vlp-layout-zone-main\"><div class=\"vlp-block-0 vlp-link-title\">Cyclisme : Franck Bonnamour suspendu par l'UCI en raison d'anomalies dans son passeport biologique<\/div><div class=\"vlp-block-1 vlp-link-summary\">CYCLISME SUR ROUTE - Coup de tonnerre ce lundi puisque l'UCI a annonc\u00e9 la suspension provisoire de Franck Bonnamour (Decathlon - AG2R La Mondiale) en raison d'anomalies au sien de son passeport biologique.<\/div><div class=\"vlp-block-2 vlp-link-button\">Lire l'article<\/div><div class=\"vlp-block-3 vlp-link-url\">dicodusport.fr<\/div><\/div><\/div>\n","protected":false},"excerpt":{"rendered":"<p>CYCLISME SUR ROUTE 2024 &#8211; Depuis la reprise de la saison cycliste, Decathlon AG2R La Mondiale, la formation dirig\u00e9e par Vincent Lavenu, brille partout.<\/p>\n","protected":false},"author":92,"featured_media":465177,"comment_status":"open","ping_status":"closed","sticky":false,"template":"","format":"standard","meta":{"_acf_changed":false,"_daextam_enable_autolinks":"1","footnotes":""},"categories":[46994],"tags":[17798,8140,16878,36132,24],"class_list":["post-465151","post","type-post","status-publish","format-standard","has-post-thumbnail","hentry","category-cyclisme-sur-route","tag-ben-oconnor","tag-benoit-cosnefroy","tag-breve","tag-decathlon-ag2r-la-mondiale","tag-sport"],"acf":[],"yoast_head":"<!-- This site is optimized with the Yoast SEO Premium plugin v26.7 (Yoast SEO v26.7) - https:\/\/yoast.com\/wordpress\/plugins\/seo\/ -->\n<title>Decathlon AG2R La Mondiale : \u00c0 fond la forme !<\/title>\n<meta name=\"description\" content=\"CYCLISME SUR ROUTE 2024 - Depuis la reprise de la saison cycliste, Decathlon AG2R La Mondiale, la formation dirig\u00e9e par Vincent Lavenu, brille partout.\" \/>\n<meta name=\"robots\" content=\"index, follow, max-snippet:-1, max-image-preview:large, max-video-preview:-1\" \/>\n<link rel=\"canonical\" href=\"https:\/\/dicodusport.fr\/blog\/decathlon-ag2r-la-mondiale-a-fond-la-forme\/\" \/>\n<meta property=\"og:locale\" content=\"fr_FR\" \/>\n<meta property=\"og:type\" content=\"article\" \/>\n<meta property=\"og:title\" content=\"Decathlon AG2R La Mondiale : \u00c0 fond la forme !\" \/>\n<meta property=\"og:description\" content=\"CYCLISME SUR ROUTE 2024 - Depuis la reprise de la saison cycliste, Decathlon AG2R La Mondiale, la formation dirig\u00e9e par Vincent Lavenu, brille partout.\" \/>\n<meta property=\"og:url\" content=\"https:\/\/dicodusport.fr\/blog\/decathlon-ag2r-la-mondiale-a-fond-la-forme\/\" \/>\n<meta property=\"og:site_name\" content=\"Dicodusport\" \/>\n<meta property=\"article:publisher\" content=\"https:\/\/www.facebook.com\/dicodusport\" \/>\n<meta property=\"article:published_time\" content=\"2024-02-20T10:37:27+00:00\" \/>\n<meta property=\"article:modified_time\" content=\"2024-02-20T11:04:06+00:00\" \/>\n<meta property=\"og:image\" content=\"https:\/\/dicodusport.fr\/blog\/wp-content\/uploads\/2024\/02\/Decathlon-AG2R-La-Mondiale-A-fond-la-forme-.png\" \/>\n\t<meta property=\"og:image:width\" content=\"1200\" \/>\n\t<meta property=\"og:image:height\" content=\"674\" \/>\n\t<meta property=\"og:image:type\" content=\"image\/png\" \/>\n<meta name=\"author\" content=\"Olivier Dobiezynski\" \/>\n<meta name=\"twitter:card\" content=\"summary_large_image\" \/>\n<meta name=\"twitter:title\" content=\"Decathlon AG2R La Mondiale : \u00c0 fond la forme !\" \/>\n<meta name=\"twitter:creator\" content=\"@https:\/\/x.com\/Olivier_Matros\" \/>\n<meta name=\"twitter:site\" content=\"@dicodusport\" \/>\n<script type=\"application\/ld+json\" class=\"yoast-schema-graph\">{\"@context\":\"https:\/\/schema.org\",\"@graph\":[{\"@type\":\"NewsArticle\",\"@id\":\"https:\/\/dicodusport.fr\/blog\/decathlon-ag2r-la-mondiale-a-fond-la-forme\/#article\",\"isPartOf\":{\"@id\":\"https:\/\/dicodusport.fr\/blog\/decathlon-ag2r-la-mondiale-a-fond-la-forme\/\"},\"author\":{\"name\":\"Olivier Dobiezynski\",\"@id\":\"https:\/\/dicodusport.fr\/blog\/#\/schema\/person\/fe500246414ca17ddf0c0312d7a792cc\"},\"headline\":\"Decathlon AG2R La Mondiale : \u00c0 fond la forme !\",\"datePublished\":\"2024-02-20T10:37:27+00:00\",\"dateModified\":\"2024-02-20T11:04:06+00:00\",\"mainEntityOfPage\":{\"@id\":\"https:\/\/dicodusport.fr\/blog\/decathlon-ag2r-la-mondiale-a-fond-la-forme\/\"},\"wordCount\":630,\"commentCount\":0,\"publisher\":{\"@id\":\"https:\/\/dicodusport.fr\/blog\/#organization\"},\"image\":{\"@id\":\"https:\/\/dicodusport.fr\/blog\/decathlon-ag2r-la-mondiale-a-fond-la-forme\/#primaryimage\"},\"thumbnailUrl\":\"https:\/\/dicodusport.fr\/blog\/wp-content\/uploads\/2024\/02\/Decathlon-AG2R-La-Mondiale-A-fond-la-forme-.png\",\"keywords\":[\"Ben O'Connor\",\"Beno\u00eet Cosnefroy\",\"br\u00e8ve\",\"Decathlon AG2R La mondiale\",\"sport\"],\"articleSection\":[\"Cyclisme sur route\"],\"inLanguage\":\"fr-FR\",\"potentialAction\":[{\"@type\":\"CommentAction\",\"name\":\"Comment\",\"target\":[\"https:\/\/dicodusport.fr\/blog\/decathlon-ag2r-la-mondiale-a-fond-la-forme\/#respond\"]}],\"copyrightYear\":\"2024\",\"copyrightHolder\":{\"@id\":\"https:\/\/dicodusport.fr\/blog\/#organization\"}},{\"@type\":\"WebPage\",\"@id\":\"https:\/\/dicodusport.fr\/blog\/decathlon-ag2r-la-mondiale-a-fond-la-forme\/\",\"url\":\"https:\/\/dicodusport.fr\/blog\/decathlon-ag2r-la-mondiale-a-fond-la-forme\/\",\"name\":\"Decathlon AG2R La Mondiale : \u00c0 fond la forme !\",\"isPartOf\":{\"@id\":\"https:\/\/dicodusport.fr\/blog\/#website\"},\"primaryImageOfPage\":{\"@id\":\"https:\/\/dicodusport.fr\/blog\/decathlon-ag2r-la-mondiale-a-fond-la-forme\/#primaryimage\"},\"image\":{\"@id\":\"https:\/\/dicodusport.fr\/blog\/decathlon-ag2r-la-mondiale-a-fond-la-forme\/#primaryimage\"},\"thumbnailUrl\":\"https:\/\/dicodusport.fr\/blog\/wp-content\/uploads\/2024\/02\/Decathlon-AG2R-La-Mondiale-A-fond-la-forme-.png\",\"datePublished\":\"2024-02-20T10:37:27+00:00\",\"dateModified\":\"2024-02-20T11:04:06+00:00\",\"description\":\"CYCLISME SUR ROUTE 2024 - Depuis la reprise de la saison cycliste, Decathlon AG2R La Mondiale, la formation dirig\u00e9e par Vincent Lavenu, brille partout.\",\"breadcrumb\":{\"@id\":\"https:\/\/dicodusport.fr\/blog\/decathlon-ag2r-la-mondiale-a-fond-la-forme\/#breadcrumb\"},\"inLanguage\":\"fr-FR\",\"potentialAction\":[{\"@type\":\"ReadAction\",\"target\":[\"https:\/\/dicodusport.fr\/blog\/decathlon-ag2r-la-mondiale-a-fond-la-forme\/\"]}]},{\"@type\":\"ImageObject\",\"inLanguage\":\"fr-FR\",\"@id\":\"https:\/\/dicodusport.fr\/blog\/decathlon-ag2r-la-mondiale-a-fond-la-forme\/#primaryimage\",\"url\":\"https:\/\/dicodusport.fr\/blog\/wp-content\/uploads\/2024\/02\/Decathlon-AG2R-La-Mondiale-A-fond-la-forme-.png\",\"contentUrl\":\"https:\/\/dicodusport.fr\/blog\/wp-content\/uploads\/2024\/02\/Decathlon-AG2R-La-Mondiale-A-fond-la-forme-.png\",\"width\":1200,\"height\":674,\"caption\":\"Decathlon AG2R La Mondiale \u00c0 fond la forme !\"},{\"@type\":\"BreadcrumbList\",\"@id\":\"https:\/\/dicodusport.fr\/blog\/decathlon-ag2r-la-mondiale-a-fond-la-forme\/#breadcrumb\",\"itemListElement\":[{\"@type\":\"ListItem\",\"position\":1,\"name\":\"Accueil\",\"item\":\"https:\/\/dicodusport.fr\/blog\/\"},{\"@type\":\"ListItem\",\"position\":2,\"name\":\"Decathlon AG2R La Mondiale : \u00c0 fond la forme !\"}]},{\"@type\":\"WebSite\",\"@id\":\"https:\/\/dicodusport.fr\/blog\/#website\",\"url\":\"https:\/\/dicodusport.fr\/blog\/\",\"name\":\"Dicodusport\",\"description\":\"L&#039;encyclop\u00e9die de l&#039;actualit\u00e9 sportive\",\"publisher\":{\"@id\":\"https:\/\/dicodusport.fr\/blog\/#organization\"},\"potentialAction\":[{\"@type\":\"SearchAction\",\"target\":{\"@type\":\"EntryPoint\",\"urlTemplate\":\"https:\/\/dicodusport.fr\/blog\/?s={search_term_string}\"},\"query-input\":{\"@type\":\"PropertyValueSpecification\",\"valueRequired\":true,\"valueName\":\"search_term_string\"}}],\"inLanguage\":\"fr-FR\"},{\"@type\":\"NewsMediaOrganization\",\"@id\":\"https:\/\/dicodusport.fr\/blog\/#organization\",\"name\":\"Dicodusport\",\"url\":\"https:\/\/dicodusport.fr\/blog\/\",\"logo\":{\"@type\":\"ImageObject\",\"inLanguage\":\"fr-FR\",\"@id\":\"https:\/\/dicodusport.fr\/blog\/#\/schema\/logo\/image\/\",\"url\":\"https:\/\/dicodusport.fr\/blog\/wp-content\/uploads\/2020\/06\/cropped-LOGO-DICODUSPORT-2020-SANS-FOND-SANS-TEXTE.png\",\"contentUrl\":\"https:\/\/dicodusport.fr\/blog\/wp-content\/uploads\/2020\/06\/cropped-LOGO-DICODUSPORT-2020-SANS-FOND-SANS-TEXTE.png\",\"width\":512,\"height\":512,\"caption\":\"Dicodusport\"},\"image\":{\"@id\":\"https:\/\/dicodusport.fr\/blog\/#\/schema\/logo\/image\/\"},\"sameAs\":[\"https:\/\/www.facebook.com\/dicodusport\",\"https:\/\/x.com\/dicodusport\",\"https:\/\/www.instagram.com\/dicodusport\/\",\"https:\/\/www.youtube.com\/channel\/UC7V2KZ5sd3htJivAbA4ZG3w\"],\"description\":\"Dicodusport est l'encyclop\u00e9die de l'actualit\u00e9 sportive.\",\"email\":\"bonjour@dicodusport.fr\",\"legalName\":\"DICODUSPORT\",\"foundingDate\":\"2018-01-14\",\"vatID\":\"FR71834470973\",\"taxID\":\"83447097300043\",\"numberOfEmployees\":{\"@type\":\"QuantitativeValue\",\"minValue\":\"1\",\"maxValue\":\"10\"}},{\"@type\":\"Person\",\"@id\":\"https:\/\/dicodusport.fr\/blog\/#\/schema\/person\/fe500246414ca17ddf0c0312d7a792cc\",\"name\":\"Olivier Dobiezynski\",\"image\":{\"@type\":\"ImageObject\",\"inLanguage\":\"fr-FR\",\"@id\":\"https:\/\/dicodusport.fr\/blog\/#\/schema\/person\/image\/\",\"url\":\"https:\/\/dicodusport.fr\/blog\/wp-content\/uploads\/2024\/09\/5be8fe8d-9962-4f1e-ad06-d6f9dee30e6d-150x150.jpg\",\"contentUrl\":\"https:\/\/dicodusport.fr\/blog\/wp-content\/uploads\/2024\/09\/5be8fe8d-9962-4f1e-ad06-d6f9dee30e6d-150x150.jpg\",\"caption\":\"Olivier Dobiezynski\"},\"description\":\"Depuis le milieu des ann\u00e9es 90, la passion du cyclisme m'anime. Mes h\u00e9ros s'appellent Luc Leblanc, Piotr Ugrumov, Paolo Savoldelli, Peter Sagan et bien \u00e9videmment Romain Bardet. R\u00e9dacteur depuis 2023, je suis ici pour partager cet amour de la Petite Reine. Vous pourrez me lire \u00e9galement sur du trail, du ski de fond et tout autre sujet susceptible d'\u00e9veiller ma curiosit\u00e9 sportive.\",\"sameAs\":[\"https:\/\/x.com\/https:\/\/x.com\/Olivier_Matros\"],\"url\":\"https:\/\/dicodusport.fr\/blog\/author\/olivier-gh\/\"}]}<\/script>\n<!-- \/ Yoast SEO Premium plugin. -->","yoast_head_json":{"title":"Decathlon AG2R La Mondiale : \u00c0 fond la forme !","description":"CYCLISME SUR ROUTE 2024 - Depuis la reprise de la saison cycliste, Decathlon AG2R La Mondiale, la formation dirig\u00e9e par Vincent Lavenu, brille partout.","robots":{"index":"index","follow":"follow","max-snippet":"max-snippet:-1","max-image-preview":"max-image-preview:large","max-video-preview":"max-video-preview:-1"},"canonical":"https:\/\/dicodusport.fr\/blog\/decathlon-ag2r-la-mondiale-a-fond-la-forme\/","og_locale":"fr_FR","og_type":"article","og_title":"Decathlon AG2R La Mondiale : \u00c0 fond la forme !","og_description":"CYCLISME SUR ROUTE 2024 - Depuis la reprise de la saison cycliste, Decathlon AG2R La Mondiale, la formation dirig\u00e9e par Vincent Lavenu, brille partout.","og_url":"https:\/\/dicodusport.fr\/blog\/decathlon-ag2r-la-mondiale-a-fond-la-forme\/","og_site_name":"Dicodusport","article_publisher":"https:\/\/www.facebook.com\/dicodusport","article_published_time":"2024-02-20T10:37:27+00:00","article_modified_time":"2024-02-20T11:04:06+00:00","og_image":[{"width":1200,"height":674,"url":"https:\/\/dicodusport.fr\/blog\/wp-content\/uploads\/2024\/02\/Decathlon-AG2R-La-Mondiale-A-fond-la-forme-.png","type":"image\/png"}],"author":"Olivier Dobiezynski","twitter_card":"summary_large_image","twitter_title":"Decathlon AG2R La Mondiale : \u00c0 fond la forme !","twitter_creator":"@https:\/\/x.com\/Olivier_Matros","twitter_site":"@dicodusport","schema":{"@context":"https:\/\/schema.org","@graph":[{"@type":"NewsArticle","@id":"https:\/\/dicodusport.fr\/blog\/decathlon-ag2r-la-mondiale-a-fond-la-forme\/#article","isPartOf":{"@id":"https:\/\/dicodusport.fr\/blog\/decathlon-ag2r-la-mondiale-a-fond-la-forme\/"},"author":{"name":"Olivier Dobiezynski","@id":"https:\/\/dicodusport.fr\/blog\/#\/schema\/person\/fe500246414ca17ddf0c0312d7a792cc"},"headline":"Decathlon AG2R La Mondiale : \u00c0 fond la forme !","datePublished":"2024-02-20T10:37:27+00:00","dateModified":"2024-02-20T11:04:06+00:00","mainEntityOfPage":{"@id":"https:\/\/dicodusport.fr\/blog\/decathlon-ag2r-la-mondiale-a-fond-la-forme\/"},"wordCount":630,"commentCount":0,"publisher":{"@id":"https:\/\/dicodusport.fr\/blog\/#organization"},"image":{"@id":"https:\/\/dicodusport.fr\/blog\/decathlon-ag2r-la-mondiale-a-fond-la-forme\/#primaryimage"},"thumbnailUrl":"https:\/\/dicodusport.fr\/blog\/wp-content\/uploads\/2024\/02\/Decathlon-AG2R-La-Mondiale-A-fond-la-forme-.png","keywords":["Ben O'Connor","Beno\u00eet Cosnefroy","br\u00e8ve","Decathlon AG2R La mondiale","sport"],"articleSection":["Cyclisme sur route"],"inLanguage":"fr-FR","potentialAction":[{"@type":"CommentAction","name":"Comment","target":["https:\/\/dicodusport.fr\/blog\/decathlon-ag2r-la-mondiale-a-fond-la-forme\/#respond"]}],"copyrightYear":"2024","copyrightHolder":{"@id":"https:\/\/dicodusport.fr\/blog\/#organization"}},{"@type":"WebPage","@id":"https:\/\/dicodusport.fr\/blog\/decathlon-ag2r-la-mondiale-a-fond-la-forme\/","url":"https:\/\/dicodusport.fr\/blog\/decathlon-ag2r-la-mondiale-a-fond-la-forme\/","name":"Decathlon AG2R La Mondiale : \u00c0 fond la forme !","isPartOf":{"@id":"https:\/\/dicodusport.fr\/blog\/#website"},"primaryImageOfPage":{"@id":"https:\/\/dicodusport.fr\/blog\/decathlon-ag2r-la-mondiale-a-fond-la-forme\/#primaryimage"},"image":{"@id":"https:\/\/dicodusport.fr\/blog\/decathlon-ag2r-la-mondiale-a-fond-la-forme\/#primaryimage"},"thumbnailUrl":"https:\/\/dicodusport.fr\/blog\/wp-content\/uploads\/2024\/02\/Decathlon-AG2R-La-Mondiale-A-fond-la-forme-.png","datePublished":"2024-02-20T10:37:27+00:00","dateModified":"2024-02-20T11:04:06+00:00","description":"CYCLISME SUR ROUTE 2024 - Depuis la reprise de la saison cycliste, Decathlon AG2R La Mondiale, la formation dirig\u00e9e par Vincent Lavenu, brille partout.","breadcrumb":{"@id":"https:\/\/dicodusport.fr\/blog\/decathlon-ag2r-la-mondiale-a-fond-la-forme\/#breadcrumb"},"inLanguage":"fr-FR","potentialAction":[{"@type":"ReadAction","target":["https:\/\/dicodusport.fr\/blog\/decathlon-ag2r-la-mondiale-a-fond-la-forme\/"]}]},{"@type":"ImageObject","inLanguage":"fr-FR","@id":"https:\/\/dicodusport.fr\/blog\/decathlon-ag2r-la-mondiale-a-fond-la-forme\/#primaryimage","url":"https:\/\/dicodusport.fr\/blog\/wp-content\/uploads\/2024\/02\/Decathlon-AG2R-La-Mondiale-A-fond-la-forme-.png","contentUrl":"https:\/\/dicodusport.fr\/blog\/wp-content\/uploads\/2024\/02\/Decathlon-AG2R-La-Mondiale-A-fond-la-forme-.png","width":1200,"height":674,"caption":"Decathlon AG2R La Mondiale \u00c0 fond la forme !"},{"@type":"BreadcrumbList","@id":"https:\/\/dicodusport.fr\/blog\/decathlon-ag2r-la-mondiale-a-fond-la-forme\/#breadcrumb","itemListElement":[{"@type":"ListItem","position":1,"name":"Accueil","item":"https:\/\/dicodusport.fr\/blog\/"},{"@type":"ListItem","position":2,"name":"Decathlon AG2R La Mondiale : \u00c0 fond la forme !"}]},{"@type":"WebSite","@id":"https:\/\/dicodusport.fr\/blog\/#website","url":"https:\/\/dicodusport.fr\/blog\/","name":"Dicodusport","description":"L&#039;encyclop\u00e9die de l&#039;actualit\u00e9 sportive","publisher":{"@id":"https:\/\/dicodusport.fr\/blog\/#organization"},"potentialAction":[{"@type":"SearchAction","target":{"@type":"EntryPoint","urlTemplate":"https:\/\/dicodusport.fr\/blog\/?s={search_term_string}"},"query-input":{"@type":"PropertyValueSpecification","valueRequired":true,"valueName":"search_term_string"}}],"inLanguage":"fr-FR"},{"@type":"NewsMediaOrganization","@id":"https:\/\/dicodusport.fr\/blog\/#organization","name":"Dicodusport","url":"https:\/\/dicodusport.fr\/blog\/","logo":{"@type":"ImageObject","inLanguage":"fr-FR","@id":"https:\/\/dicodusport.fr\/blog\/#\/schema\/logo\/image\/","url":"https:\/\/dicodusport.fr\/blog\/wp-content\/uploads\/2020\/06\/cropped-LOGO-DICODUSPORT-2020-SANS-FOND-SANS-TEXTE.png","contentUrl":"https:\/\/dicodusport.fr\/blog\/wp-content\/uploads\/2020\/06\/cropped-LOGO-DICODUSPORT-2020-SANS-FOND-SANS-TEXTE.png","width":512,"height":512,"caption":"Dicodusport"},"image":{"@id":"https:\/\/dicodusport.fr\/blog\/#\/schema\/logo\/image\/"},"sameAs":["https:\/\/www.facebook.com\/dicodusport","https:\/\/x.com\/dicodusport","https:\/\/www.instagram.com\/dicodusport\/","https:\/\/www.youtube.com\/channel\/UC7V2KZ5sd3htJivAbA4ZG3w"],"description":"Dicodusport est l'encyclop\u00e9die de l'actualit\u00e9 sportive.","email":"bonjour@dicodusport.fr","legalName":"DICODUSPORT","foundingDate":"2018-01-14","vatID":"FR71834470973","taxID":"83447097300043","numberOfEmployees":{"@type":"QuantitativeValue","minValue":"1","maxValue":"10"}},{"@type":"Person","@id":"https:\/\/dicodusport.fr\/blog\/#\/schema\/person\/fe500246414ca17ddf0c0312d7a792cc","name":"Olivier Dobiezynski","image":{"@type":"ImageObject","inLanguage":"fr-FR","@id":"https:\/\/dicodusport.fr\/blog\/#\/schema\/person\/image\/","url":"https:\/\/dicodusport.fr\/blog\/wp-content\/uploads\/2024\/09\/5be8fe8d-9962-4f1e-ad06-d6f9dee30e6d-150x150.jpg","contentUrl":"https:\/\/dicodusport.fr\/blog\/wp-content\/uploads\/2024\/09\/5be8fe8d-9962-4f1e-ad06-d6f9dee30e6d-150x150.jpg","caption":"Olivier Dobiezynski"},"description":"Depuis le milieu des ann\u00e9es 90, la passion du cyclisme m'anime. Mes h\u00e9ros s'appellent Luc Leblanc, Piotr Ugrumov, Paolo Savoldelli, Peter Sagan et bien \u00e9videmment Romain Bardet. R\u00e9dacteur depuis 2023, je suis ici pour partager cet amour de la Petite Reine. Vous pourrez me lire \u00e9galement sur du trail, du ski de fond et tout autre sujet susceptible d'\u00e9veiller ma curiosit\u00e9 sportive.","sameAs":["https:\/\/x.com\/https:\/\/x.com\/Olivier_Matros"],"url":"https:\/\/dicodusport.fr\/blog\/author\/olivier-gh\/"}]}},"_links":{"self":[{"href":"https:\/\/dicodusport.fr\/blog\/wp-json\/wp\/v2\/posts\/465151","targetHints":{"allow":["GET"]}}],"collection":[{"href":"https:\/\/dicodusport.fr\/blog\/wp-json\/wp\/v2\/posts"}],"about":[{"href":"https:\/\/dicodusport.fr\/blog\/wp-json\/wp\/v2\/types\/post"}],"author":[{"embeddable":true,"href":"https:\/\/dicodusport.fr\/blog\/wp-json\/wp\/v2\/users\/92"}],"replies":[{"embeddable":true,"href":"https:\/\/dicodusport.fr\/blog\/wp-json\/wp\/v2\/comments?post=465151"}],"version-history":[{"count":5,"href":"https:\/\/dicodusport.fr\/blog\/wp-json\/wp\/v2\/posts\/465151\/revisions"}],"predecessor-version":[{"id":465190,"href":"https:\/\/dicodusport.fr\/blog\/wp-json\/wp\/v2\/posts\/465151\/revisions\/465190"}],"wp:featuredmedia":[{"embeddable":true,"href":"https:\/\/dicodusport.fr\/blog\/wp-json\/wp\/v2\/media\/465177"}],"wp:attachment":[{"href":"https:\/\/dicodusport.fr\/blog\/wp-json\/wp\/v2\/media?parent=465151"}],"wp:term":[{"taxonomy":"category","embeddable":true,"href":"https:\/\/dicodusport.fr\/blog\/wp-json\/wp\/v2\/categories?post=465151"},{"taxonomy":"post_tag","embeddable":true,"href":"https:\/\/dicodusport.fr\/blog\/wp-json\/wp\/v2\/tags?post=465151"}],"curies":[{"name":"wp","href":"https:\/\/api.w.org\/{rel}","templated":true}]}}