{"id":465304,"date":"2024-02-22T10:00:55","date_gmt":"2024-02-22T09:00:55","guid":{"rendered":"https:\/\/dicodusport.fr\/blog\/?p=465304&#038;preview=true&#038;preview_id=465304"},"modified":"2024-02-22T08:44:10","modified_gmt":"2024-02-22T07:44:10","slug":"perche-elite-rouen-2024-nilsen-en-habitue-la-startlist-et-le-programme-du-meeting","status":"publish","type":"post","link":"https:\/\/dicodusport.fr\/blog\/perche-elite-rouen-2024-nilsen-en-habitue-la-startlist-et-le-programme-du-meeting\/","title":{"rendered":"Perche \u00c9lite Rouen 2024 : Nilsen en habitu\u00e9, la startlist et le programme du meeting"},"content":{"rendered":"<p style=\"text-align: justify;\"><b><i>ATHL\u00c9TISME &#8211; Le Perche \u00c9lite de Rouen 2024 est la derni\u00e8re \u00e9tape des Perche \u00c9lite Tour en France. L&rsquo;occasion de voir une derni\u00e8re fois les champions et championnes. Dans un concours d&rsquo;une tr\u00e8s grande qualit\u00e9.<\/i><\/b><\/p>\n<ul>\n<li style=\"text-align: justify;\"><strong>\u00c0 ce sujet &#8211; <a href=\"https:\/\/dicodusport.fr\/blog\/actualites\/athletisme\/\">Toute l&rsquo;actualit\u00e9 de l&rsquo;athl\u00e9tisme<\/a><\/strong><\/li>\n<\/ul>\n<h2 style=\"text-align: justify;\">Une finale mondiale avant l&rsquo;heure chez les femmes ?<\/h2>\n<p style=\"text-align: justify;\">Comme une odeur de Glasgow \u00e0 Rouen. Si la capitale \u00e9cossaise n&rsquo;est pas si loin de la capitale de Normandie (d\u00e9sol\u00e9 pour les Caennais), la startlist du concours f\u00e9minin va \u00eatre absolument explosive. Parmi les huit femmes engag\u00e9es, seule <strong>Marie-Julie Bonnin<\/strong> affiche un record sous les 4.70 m. Et on parle l\u00e0 d&rsquo;une 6e des championnats d&rsquo;Europe en 2022. Cela va \u00eatre dantesque et bien malin celui qui saura d\u00e9signer une immense favorite. N\u00e9anmoins, la Britannique <strong>Molly Caudery<\/strong> peut avoir les faveurs des pronostics. Elle est en forme ces derniers jours, en atteste un record port\u00e9 \u00e0 4.85 m. Elle n&rsquo;est plus qu&rsquo;\u00e0 cinq centim\u00e8tres d&rsquo;un record de Grande-Bretagne d\u00e9tenu par <strong>Holly Bradshaw<\/strong>, plus que jamais en danger.<\/p>\n<p style=\"text-align: justify;\">Car la concurrence pourrait repousser la Britannique dans des hauteurs jusque-l\u00e0 inexplor\u00e9es pour elle, du moins en comp\u00e9tition. Avec une Finlandaise <strong>Wilma Murto<\/strong>, qui poss\u00e8de un record \u00e9quivalent \u00e0 sa rivale. Lors de son sacre surprise et incroyable, un soir d&rsquo;\u00e9t\u00e9 \u00e0 Munich en 2022. Habitu\u00e9e \u00e0 des d\u00e9buts de saison tonitruants, elle a d\u00e9coll\u00e9 \u00e0 4.81 m cet hiver. Une autre athl\u00e8te en grande forme, c&rsquo;est la Canadienne <strong>Alysha Newman<\/strong>. Qui concoure \u00e9galement jeudi \u00e0 Clermont. Elle peut continuer \u00e0 gagner de la confiance en Auvergne, avant de passer made in Normandie. On n&rsquo;oubliera pas <strong>Margot Chevrier<\/strong>, qui passera aussi par Clermont avant d&rsquo;aller \u00e0 Rouen. Cela tombe bien, cela rapproche de Clermont.<\/p>\n<p style=\"text-align: justify;\">Attention \u00e0 l&rsquo;Am\u00e9ricaine <strong>Bridget Williams<\/strong>, qui a port\u00e9 son record \u00e0 4.81 m cette ann\u00e9e. Qui est une sacr\u00e9e outsider par ailleurs. On ne peut que souhaiter que toutes ces femmes s&rsquo;envolent \u00e0 des hauteurs \u00e0 minima \u00e9quivalents \u00e0 leur record personnel. <strong>Ninon Chapelle<\/strong>, recordwoman de France (4.75 m), sera aussi de la partie. Avec beaucoup d&rsquo;ambitions.<\/p>\n<blockquote class=\"twitter-tweet\">\n<p dir=\"ltr\" lang=\"fr\">Suivez en direct le Perche \u00e9lite tour au Kindarena de Rouen sur <a href=\"https:\/\/twitter.com\/BFM_Normandie?ref_src=twsrc%5Etfw\">@BFM_Normandie<\/a> \ud83d\udcfa<\/p>\n<p>L&rsquo;\u00e9lite mondiale sera au rendez-vous pour tenter de battre tous les records \ud83d\ude80<\/p>\n<p>Un \u00e9v\u00e8nement \u00e0 suivre le samedi 24 f\u00e9vrier d\u00e8s 20h<\/p>\n<p>\u2139\ufe0f <a href=\"https:\/\/t.co\/gF7UjJWTzv\">https:\/\/t.co\/gF7UjJWTzv<\/a> <a href=\"https:\/\/t.co\/QQPhGmpX8J\">pic.twitter.com\/QQPhGmpX8J<\/a><\/p>\n<p>\u2014 BFM Normandie (@BFM_Normandie) <a href=\"https:\/\/twitter.com\/BFM_Normandie\/status\/1760357887145103851?ref_src=twsrc%5Etfw\">February 21, 2024<\/a><\/p><\/blockquote>\n<p><script async src=\"https:\/\/platform.twitter.com\/widgets.js\" charset=\"utf-8\"><\/script><\/p>\n<h2 style=\"text-align: justify;\">Chris Nilsen comme chez lui au Perche \u00c9lite de Rouen 2024<\/h2>\n<p style=\"text-align: justify;\">Il est sans doute le plus Rouennais des Am\u00e9ricains. <strong>Chris Nilsen<\/strong> a ses habitudes au Perche \u00c9lite de Rouen. De tr\u00e8s bonnes habitudes. D\u00e9fait en 2023, par son compatriote <strong>Sam Kendricks<\/strong>, qu&rsquo;il va encore retrouver cette ann\u00e9e, on se souvient surtout de son incroyable 6.05 m, en 2022. Il sera le favori une nouvelle fois du concours 2024. Il a saut\u00e9 \u00e0 plus de six m\u00e8tres, dans une comp\u00e9tition non r\u00e9pertori\u00e9e par World Athletics. Retrouvera-t-il, comme en 2022, la barre des 6 m\u00e8tres ? Ou \u00e0 l&rsquo;inverse, comme en 2018, 2019, 2021 et 2023, il sera battu ? Une tr\u00e8s bonne r\u00e9p\u00e9tition avant Glasgow, o\u00f9 il devrait \u00eatre un solides concurrent pour la m\u00e9daille. Peut-\u00eatre derri\u00e8re <strong>Armand Duplantis<\/strong>, qui sera align\u00e9 \u00e0 Clermont.<\/p>\n<p style=\"text-align: justify;\">Du c\u00f4t\u00e9 des Fran\u00e7ais, <strong>Thibaut Collet<\/strong>, qui aura fait un passage \u00e0 Clermont et dont la performance pourra influencer son comportement \u00e0 Rouen, sera attendu. Si ce n&rsquo;est pas en Auvergne, les 5.90 m ou plus peuvent tomber en Normandie. Les gages de forme sont l\u00e0, avec une tr\u00e8s belle r\u00e9gularit\u00e9 cet hiver.<strong> Alioune S\u00e8ne<\/strong> et <strong>Mathieu Collet<\/strong> sont \u00e9galement annonc\u00e9s c\u00f4t\u00e9 tricolore.<\/p>\n<p>&nbsp;<\/p>\n","protected":false},"excerpt":{"rendered":"<p>ATHL\u00c9TISME &#8211; Le All Star Perche se d\u00e9roule ce jeudi 22 f\u00e9vrier, avec Armand Duplantis en immense t\u00eate d&rsquo;affiche, du c\u00f4t\u00e9 de Clermont. Pr\u00e9sentation du concours.<\/p>\n","protected":false},"author":83,"featured_media":465309,"comment_status":"open","ping_status":"closed","sticky":false,"template":"","format":"standard","meta":{"_acf_changed":false,"_daextam_enable_autolinks":"1","footnotes":""},"categories":[2308],"tags":[16878,29554],"class_list":["post-465304","post","type-post","status-publish","format-standard","has-post-thumbnail","hentry","category-athletisme","tag-breve","tag-chris-nilsen"],"acf":[],"yoast_head":"<!-- This site is optimized with the Yoast SEO Premium plugin v26.7 (Yoast SEO v26.7) - https:\/\/yoast.com\/wordpress\/plugins\/seo\/ -->\n<title>Athl\u00e9tisme - Perche \u00c9lite Rouen 2024 : Nilsen en habitu\u00e9, la startlist et le programme du meeting - Dicodusport<\/title>\n<meta name=\"description\" content=\"Le Perche Elite de Rouen 2024 est la derni\u00e8re \u00e9tape des Perche \u00c9lite Tour en France. L&#039;occasion de voir une derni\u00e8re fois les champions.\" \/>\n<meta name=\"robots\" content=\"index, follow, max-snippet:-1, max-image-preview:large, max-video-preview:-1\" \/>\n<link rel=\"canonical\" href=\"https:\/\/dicodusport.fr\/blog\/perche-elite-rouen-2024-nilsen-en-habitue-la-startlist-et-le-programme-du-meeting\/\" \/>\n<meta property=\"og:locale\" content=\"fr_FR\" \/>\n<meta property=\"og:type\" content=\"article\" \/>\n<meta property=\"og:title\" content=\"Perche \u00c9lite Rouen 2024 : Nilsen en habitu\u00e9, la startlist et le programme du meeting\" \/>\n<meta property=\"og:description\" content=\"Le Perche Elite de Rouen 2024 est la derni\u00e8re \u00e9tape des Perche \u00c9lite Tour en France. L&#039;occasion de voir une derni\u00e8re fois les champions.\" \/>\n<meta property=\"og:url\" content=\"https:\/\/dicodusport.fr\/blog\/perche-elite-rouen-2024-nilsen-en-habitue-la-startlist-et-le-programme-du-meeting\/\" \/>\n<meta property=\"og:site_name\" content=\"Dicodusport\" \/>\n<meta property=\"article:publisher\" content=\"https:\/\/www.facebook.com\/dicodusport\" \/>\n<meta property=\"article:published_time\" content=\"2024-02-22T09:00:55+00:00\" \/>\n<meta property=\"og:image\" content=\"https:\/\/dicodusport.fr\/blog\/wp-content\/uploads\/2024\/02\/Perche-Elite-Rouen-2024-Nilsen-en-habitue-la-startlist-et-le-programme-du-meeting.png\" \/>\n\t<meta property=\"og:image:width\" content=\"1200\" \/>\n\t<meta property=\"og:image:height\" content=\"674\" \/>\n\t<meta property=\"og:image:type\" content=\"image\/png\" \/>\n<meta name=\"author\" content=\"Etienne Goursaud\" \/>\n<meta name=\"twitter:card\" content=\"summary_large_image\" \/>\n<meta name=\"twitter:title\" content=\"Perche \u00c9lite Rouen 2024 : Nilsen en habitu\u00e9, la startlist et le programme du meeting\" \/>\n<meta name=\"twitter:creator\" content=\"@dicodusport\" \/>\n<meta name=\"twitter:site\" content=\"@dicodusport\" \/>\n<script type=\"application\/ld+json\" class=\"yoast-schema-graph\">{\"@context\":\"https:\/\/schema.org\",\"@graph\":[{\"@type\":\"NewsArticle\",\"@id\":\"https:\/\/dicodusport.fr\/blog\/perche-elite-rouen-2024-nilsen-en-habitue-la-startlist-et-le-programme-du-meeting\/#article\",\"isPartOf\":{\"@id\":\"https:\/\/dicodusport.fr\/blog\/perche-elite-rouen-2024-nilsen-en-habitue-la-startlist-et-le-programme-du-meeting\/\"},\"author\":{\"name\":\"Etienne Goursaud\",\"@id\":\"https:\/\/dicodusport.fr\/blog\/#\/schema\/person\/d603dd7da31fb2b46c82b9835a77ec13\"},\"headline\":\"Perche \u00c9lite Rouen 2024 : Nilsen en habitu\u00e9, la startlist et le programme du meeting\",\"datePublished\":\"2024-02-22T09:00:55+00:00\",\"mainEntityOfPage\":{\"@id\":\"https:\/\/dicodusport.fr\/blog\/perche-elite-rouen-2024-nilsen-en-habitue-la-startlist-et-le-programme-du-meeting\/\"},\"wordCount\":626,\"commentCount\":0,\"publisher\":{\"@id\":\"https:\/\/dicodusport.fr\/blog\/#organization\"},\"image\":{\"@id\":\"https:\/\/dicodusport.fr\/blog\/perche-elite-rouen-2024-nilsen-en-habitue-la-startlist-et-le-programme-du-meeting\/#primaryimage\"},\"thumbnailUrl\":\"https:\/\/dicodusport.fr\/blog\/wp-content\/uploads\/2024\/02\/Perche-Elite-Rouen-2024-Nilsen-en-habitue-la-startlist-et-le-programme-du-meeting.png\",\"keywords\":[\"br\u00e8ve\",\"Chris Nilsen\"],\"articleSection\":[\"Athl\u00e9tisme\"],\"inLanguage\":\"fr-FR\",\"potentialAction\":[{\"@type\":\"CommentAction\",\"name\":\"Comment\",\"target\":[\"https:\/\/dicodusport.fr\/blog\/perche-elite-rouen-2024-nilsen-en-habitue-la-startlist-et-le-programme-du-meeting\/#respond\"]}],\"copyrightYear\":\"2024\",\"copyrightHolder\":{\"@id\":\"https:\/\/dicodusport.fr\/blog\/#organization\"}},{\"@type\":\"WebPage\",\"@id\":\"https:\/\/dicodusport.fr\/blog\/perche-elite-rouen-2024-nilsen-en-habitue-la-startlist-et-le-programme-du-meeting\/\",\"url\":\"https:\/\/dicodusport.fr\/blog\/perche-elite-rouen-2024-nilsen-en-habitue-la-startlist-et-le-programme-du-meeting\/\",\"name\":\"Athl\u00e9tisme - Perche \u00c9lite Rouen 2024 : Nilsen en habitu\u00e9, la startlist et le programme du meeting - Dicodusport\",\"isPartOf\":{\"@id\":\"https:\/\/dicodusport.fr\/blog\/#website\"},\"primaryImageOfPage\":{\"@id\":\"https:\/\/dicodusport.fr\/blog\/perche-elite-rouen-2024-nilsen-en-habitue-la-startlist-et-le-programme-du-meeting\/#primaryimage\"},\"image\":{\"@id\":\"https:\/\/dicodusport.fr\/blog\/perche-elite-rouen-2024-nilsen-en-habitue-la-startlist-et-le-programme-du-meeting\/#primaryimage\"},\"thumbnailUrl\":\"https:\/\/dicodusport.fr\/blog\/wp-content\/uploads\/2024\/02\/Perche-Elite-Rouen-2024-Nilsen-en-habitue-la-startlist-et-le-programme-du-meeting.png\",\"datePublished\":\"2024-02-22T09:00:55+00:00\",\"description\":\"Le Perche Elite de Rouen 2024 est la derni\u00e8re \u00e9tape des Perche \u00c9lite Tour en France. L'occasion de voir une derni\u00e8re fois les champions.\",\"breadcrumb\":{\"@id\":\"https:\/\/dicodusport.fr\/blog\/perche-elite-rouen-2024-nilsen-en-habitue-la-startlist-et-le-programme-du-meeting\/#breadcrumb\"},\"inLanguage\":\"fr-FR\",\"potentialAction\":[{\"@type\":\"ReadAction\",\"target\":[\"https:\/\/dicodusport.fr\/blog\/perche-elite-rouen-2024-nilsen-en-habitue-la-startlist-et-le-programme-du-meeting\/\"]}]},{\"@type\":\"ImageObject\",\"inLanguage\":\"fr-FR\",\"@id\":\"https:\/\/dicodusport.fr\/blog\/perche-elite-rouen-2024-nilsen-en-habitue-la-startlist-et-le-programme-du-meeting\/#primaryimage\",\"url\":\"https:\/\/dicodusport.fr\/blog\/wp-content\/uploads\/2024\/02\/Perche-Elite-Rouen-2024-Nilsen-en-habitue-la-startlist-et-le-programme-du-meeting.png\",\"contentUrl\":\"https:\/\/dicodusport.fr\/blog\/wp-content\/uploads\/2024\/02\/Perche-Elite-Rouen-2024-Nilsen-en-habitue-la-startlist-et-le-programme-du-meeting.png\",\"width\":1200,\"height\":674,\"caption\":\"Perche Elite Rouen 2024 Nilsen en habitu\u00e9, la startlist et le programme du meeting\"},{\"@type\":\"BreadcrumbList\",\"@id\":\"https:\/\/dicodusport.fr\/blog\/perche-elite-rouen-2024-nilsen-en-habitue-la-startlist-et-le-programme-du-meeting\/#breadcrumb\",\"itemListElement\":[{\"@type\":\"ListItem\",\"position\":1,\"name\":\"Accueil\",\"item\":\"https:\/\/dicodusport.fr\/blog\/\"},{\"@type\":\"ListItem\",\"position\":2,\"name\":\"Perche \u00c9lite Rouen 2024 : Nilsen en habitu\u00e9, la startlist et le programme du meeting\"}]},{\"@type\":\"WebSite\",\"@id\":\"https:\/\/dicodusport.fr\/blog\/#website\",\"url\":\"https:\/\/dicodusport.fr\/blog\/\",\"name\":\"Dicodusport\",\"description\":\"L&#039;encyclop\u00e9die de l&#039;actualit\u00e9 sportive\",\"publisher\":{\"@id\":\"https:\/\/dicodusport.fr\/blog\/#organization\"},\"potentialAction\":[{\"@type\":\"SearchAction\",\"target\":{\"@type\":\"EntryPoint\",\"urlTemplate\":\"https:\/\/dicodusport.fr\/blog\/?s={search_term_string}\"},\"query-input\":{\"@type\":\"PropertyValueSpecification\",\"valueRequired\":true,\"valueName\":\"search_term_string\"}}],\"inLanguage\":\"fr-FR\"},{\"@type\":\"NewsMediaOrganization\",\"@id\":\"https:\/\/dicodusport.fr\/blog\/#organization\",\"name\":\"Dicodusport\",\"url\":\"https:\/\/dicodusport.fr\/blog\/\",\"logo\":{\"@type\":\"ImageObject\",\"inLanguage\":\"fr-FR\",\"@id\":\"https:\/\/dicodusport.fr\/blog\/#\/schema\/logo\/image\/\",\"url\":\"https:\/\/dicodusport.fr\/blog\/wp-content\/uploads\/2020\/06\/cropped-LOGO-DICODUSPORT-2020-SANS-FOND-SANS-TEXTE.png\",\"contentUrl\":\"https:\/\/dicodusport.fr\/blog\/wp-content\/uploads\/2020\/06\/cropped-LOGO-DICODUSPORT-2020-SANS-FOND-SANS-TEXTE.png\",\"width\":512,\"height\":512,\"caption\":\"Dicodusport\"},\"image\":{\"@id\":\"https:\/\/dicodusport.fr\/blog\/#\/schema\/logo\/image\/\"},\"sameAs\":[\"https:\/\/www.facebook.com\/dicodusport\",\"https:\/\/x.com\/dicodusport\",\"https:\/\/www.instagram.com\/dicodusport\/\",\"https:\/\/www.youtube.com\/channel\/UC7V2KZ5sd3htJivAbA4ZG3w\"],\"description\":\"Dicodusport est l'encyclop\u00e9die de l'actualit\u00e9 sportive.\",\"email\":\"bonjour@dicodusport.fr\",\"legalName\":\"DICODUSPORT\",\"foundingDate\":\"2018-01-14\",\"vatID\":\"FR71834470973\",\"taxID\":\"83447097300043\",\"numberOfEmployees\":{\"@type\":\"QuantitativeValue\",\"minValue\":\"1\",\"maxValue\":\"10\"}},{\"@type\":\"Person\",\"@id\":\"https:\/\/dicodusport.fr\/blog\/#\/schema\/person\/d603dd7da31fb2b46c82b9835a77ec13\",\"name\":\"Etienne Goursaud\",\"image\":{\"@type\":\"ImageObject\",\"inLanguage\":\"fr-FR\",\"@id\":\"https:\/\/dicodusport.fr\/blog\/#\/schema\/person\/image\/\",\"url\":\"https:\/\/dicodusport.fr\/blog\/wp-content\/uploads\/2023\/12\/410122264_10231602061736049_5565839791558026645_n-150x150.jpg\",\"contentUrl\":\"https:\/\/dicodusport.fr\/blog\/wp-content\/uploads\/2023\/12\/410122264_10231602061736049_5565839791558026645_n-150x150.jpg\",\"caption\":\"Etienne Goursaud\"},\"description\":\"Journaliste et amoureux de sport. Ancien footballeur reconverti athl\u00e8te quand ses muscles le laissent tranquille. \u00c9lev\u00e9 \u00e0 la sauce des exploits de Thomas Voeckler en 2004, du dernier essai de l\u00e9gende de Eunice Barber \u00e0 la longueur lors des championnats du monde d'athl\u00e9tisme de 2003 mais aussi Zidane, Omeyer et Titou Lamaison.\",\"url\":\"https:\/\/dicodusport.fr\/blog\/author\/etienne-goursaud\/\"}]}<\/script>\n<!-- \/ Yoast SEO Premium plugin. -->","yoast_head_json":{"title":"Athl\u00e9tisme - Perche \u00c9lite Rouen 2024 : Nilsen en habitu\u00e9, la startlist et le programme du meeting - Dicodusport","description":"Le Perche Elite de Rouen 2024 est la derni\u00e8re \u00e9tape des Perche \u00c9lite Tour en France. L'occasion de voir une derni\u00e8re fois les champions.","robots":{"index":"index","follow":"follow","max-snippet":"max-snippet:-1","max-image-preview":"max-image-preview:large","max-video-preview":"max-video-preview:-1"},"canonical":"https:\/\/dicodusport.fr\/blog\/perche-elite-rouen-2024-nilsen-en-habitue-la-startlist-et-le-programme-du-meeting\/","og_locale":"fr_FR","og_type":"article","og_title":"Perche \u00c9lite Rouen 2024 : Nilsen en habitu\u00e9, la startlist et le programme du meeting","og_description":"Le Perche Elite de Rouen 2024 est la derni\u00e8re \u00e9tape des Perche \u00c9lite Tour en France. L'occasion de voir une derni\u00e8re fois les champions.","og_url":"https:\/\/dicodusport.fr\/blog\/perche-elite-rouen-2024-nilsen-en-habitue-la-startlist-et-le-programme-du-meeting\/","og_site_name":"Dicodusport","article_publisher":"https:\/\/www.facebook.com\/dicodusport","article_published_time":"2024-02-22T09:00:55+00:00","og_image":[{"width":1200,"height":674,"url":"https:\/\/dicodusport.fr\/blog\/wp-content\/uploads\/2024\/02\/Perche-Elite-Rouen-2024-Nilsen-en-habitue-la-startlist-et-le-programme-du-meeting.png","type":"image\/png"}],"author":"Etienne Goursaud","twitter_card":"summary_large_image","twitter_title":"Perche \u00c9lite Rouen 2024 : Nilsen en habitu\u00e9, la startlist et le programme du meeting","twitter_creator":"@dicodusport","twitter_site":"@dicodusport","schema":{"@context":"https:\/\/schema.org","@graph":[{"@type":"NewsArticle","@id":"https:\/\/dicodusport.fr\/blog\/perche-elite-rouen-2024-nilsen-en-habitue-la-startlist-et-le-programme-du-meeting\/#article","isPartOf":{"@id":"https:\/\/dicodusport.fr\/blog\/perche-elite-rouen-2024-nilsen-en-habitue-la-startlist-et-le-programme-du-meeting\/"},"author":{"name":"Etienne Goursaud","@id":"https:\/\/dicodusport.fr\/blog\/#\/schema\/person\/d603dd7da31fb2b46c82b9835a77ec13"},"headline":"Perche \u00c9lite Rouen 2024 : Nilsen en habitu\u00e9, la startlist et le programme du meeting","datePublished":"2024-02-22T09:00:55+00:00","mainEntityOfPage":{"@id":"https:\/\/dicodusport.fr\/blog\/perche-elite-rouen-2024-nilsen-en-habitue-la-startlist-et-le-programme-du-meeting\/"},"wordCount":626,"commentCount":0,"publisher":{"@id":"https:\/\/dicodusport.fr\/blog\/#organization"},"image":{"@id":"https:\/\/dicodusport.fr\/blog\/perche-elite-rouen-2024-nilsen-en-habitue-la-startlist-et-le-programme-du-meeting\/#primaryimage"},"thumbnailUrl":"https:\/\/dicodusport.fr\/blog\/wp-content\/uploads\/2024\/02\/Perche-Elite-Rouen-2024-Nilsen-en-habitue-la-startlist-et-le-programme-du-meeting.png","keywords":["br\u00e8ve","Chris Nilsen"],"articleSection":["Athl\u00e9tisme"],"inLanguage":"fr-FR","potentialAction":[{"@type":"CommentAction","name":"Comment","target":["https:\/\/dicodusport.fr\/blog\/perche-elite-rouen-2024-nilsen-en-habitue-la-startlist-et-le-programme-du-meeting\/#respond"]}],"copyrightYear":"2024","copyrightHolder":{"@id":"https:\/\/dicodusport.fr\/blog\/#organization"}},{"@type":"WebPage","@id":"https:\/\/dicodusport.fr\/blog\/perche-elite-rouen-2024-nilsen-en-habitue-la-startlist-et-le-programme-du-meeting\/","url":"https:\/\/dicodusport.fr\/blog\/perche-elite-rouen-2024-nilsen-en-habitue-la-startlist-et-le-programme-du-meeting\/","name":"Athl\u00e9tisme - Perche \u00c9lite Rouen 2024 : Nilsen en habitu\u00e9, la startlist et le programme du meeting - Dicodusport","isPartOf":{"@id":"https:\/\/dicodusport.fr\/blog\/#website"},"primaryImageOfPage":{"@id":"https:\/\/dicodusport.fr\/blog\/perche-elite-rouen-2024-nilsen-en-habitue-la-startlist-et-le-programme-du-meeting\/#primaryimage"},"image":{"@id":"https:\/\/dicodusport.fr\/blog\/perche-elite-rouen-2024-nilsen-en-habitue-la-startlist-et-le-programme-du-meeting\/#primaryimage"},"thumbnailUrl":"https:\/\/dicodusport.fr\/blog\/wp-content\/uploads\/2024\/02\/Perche-Elite-Rouen-2024-Nilsen-en-habitue-la-startlist-et-le-programme-du-meeting.png","datePublished":"2024-02-22T09:00:55+00:00","description":"Le Perche Elite de Rouen 2024 est la derni\u00e8re \u00e9tape des Perche \u00c9lite Tour en France. L'occasion de voir une derni\u00e8re fois les champions.","breadcrumb":{"@id":"https:\/\/dicodusport.fr\/blog\/perche-elite-rouen-2024-nilsen-en-habitue-la-startlist-et-le-programme-du-meeting\/#breadcrumb"},"inLanguage":"fr-FR","potentialAction":[{"@type":"ReadAction","target":["https:\/\/dicodusport.fr\/blog\/perche-elite-rouen-2024-nilsen-en-habitue-la-startlist-et-le-programme-du-meeting\/"]}]},{"@type":"ImageObject","inLanguage":"fr-FR","@id":"https:\/\/dicodusport.fr\/blog\/perche-elite-rouen-2024-nilsen-en-habitue-la-startlist-et-le-programme-du-meeting\/#primaryimage","url":"https:\/\/dicodusport.fr\/blog\/wp-content\/uploads\/2024\/02\/Perche-Elite-Rouen-2024-Nilsen-en-habitue-la-startlist-et-le-programme-du-meeting.png","contentUrl":"https:\/\/dicodusport.fr\/blog\/wp-content\/uploads\/2024\/02\/Perche-Elite-Rouen-2024-Nilsen-en-habitue-la-startlist-et-le-programme-du-meeting.png","width":1200,"height":674,"caption":"Perche Elite Rouen 2024 Nilsen en habitu\u00e9, la startlist et le programme du meeting"},{"@type":"BreadcrumbList","@id":"https:\/\/dicodusport.fr\/blog\/perche-elite-rouen-2024-nilsen-en-habitue-la-startlist-et-le-programme-du-meeting\/#breadcrumb","itemListElement":[{"@type":"ListItem","position":1,"name":"Accueil","item":"https:\/\/dicodusport.fr\/blog\/"},{"@type":"ListItem","position":2,"name":"Perche \u00c9lite Rouen 2024 : Nilsen en habitu\u00e9, la startlist et le programme du meeting"}]},{"@type":"WebSite","@id":"https:\/\/dicodusport.fr\/blog\/#website","url":"https:\/\/dicodusport.fr\/blog\/","name":"Dicodusport","description":"L&#039;encyclop\u00e9die de l&#039;actualit\u00e9 sportive","publisher":{"@id":"https:\/\/dicodusport.fr\/blog\/#organization"},"potentialAction":[{"@type":"SearchAction","target":{"@type":"EntryPoint","urlTemplate":"https:\/\/dicodusport.fr\/blog\/?s={search_term_string}"},"query-input":{"@type":"PropertyValueSpecification","valueRequired":true,"valueName":"search_term_string"}}],"inLanguage":"fr-FR"},{"@type":"NewsMediaOrganization","@id":"https:\/\/dicodusport.fr\/blog\/#organization","name":"Dicodusport","url":"https:\/\/dicodusport.fr\/blog\/","logo":{"@type":"ImageObject","inLanguage":"fr-FR","@id":"https:\/\/dicodusport.fr\/blog\/#\/schema\/logo\/image\/","url":"https:\/\/dicodusport.fr\/blog\/wp-content\/uploads\/2020\/06\/cropped-LOGO-DICODUSPORT-2020-SANS-FOND-SANS-TEXTE.png","contentUrl":"https:\/\/dicodusport.fr\/blog\/wp-content\/uploads\/2020\/06\/cropped-LOGO-DICODUSPORT-2020-SANS-FOND-SANS-TEXTE.png","width":512,"height":512,"caption":"Dicodusport"},"image":{"@id":"https:\/\/dicodusport.fr\/blog\/#\/schema\/logo\/image\/"},"sameAs":["https:\/\/www.facebook.com\/dicodusport","https:\/\/x.com\/dicodusport","https:\/\/www.instagram.com\/dicodusport\/","https:\/\/www.youtube.com\/channel\/UC7V2KZ5sd3htJivAbA4ZG3w"],"description":"Dicodusport est l'encyclop\u00e9die de l'actualit\u00e9 sportive.","email":"bonjour@dicodusport.fr","legalName":"DICODUSPORT","foundingDate":"2018-01-14","vatID":"FR71834470973","taxID":"83447097300043","numberOfEmployees":{"@type":"QuantitativeValue","minValue":"1","maxValue":"10"}},{"@type":"Person","@id":"https:\/\/dicodusport.fr\/blog\/#\/schema\/person\/d603dd7da31fb2b46c82b9835a77ec13","name":"Etienne Goursaud","image":{"@type":"ImageObject","inLanguage":"fr-FR","@id":"https:\/\/dicodusport.fr\/blog\/#\/schema\/person\/image\/","url":"https:\/\/dicodusport.fr\/blog\/wp-content\/uploads\/2023\/12\/410122264_10231602061736049_5565839791558026645_n-150x150.jpg","contentUrl":"https:\/\/dicodusport.fr\/blog\/wp-content\/uploads\/2023\/12\/410122264_10231602061736049_5565839791558026645_n-150x150.jpg","caption":"Etienne Goursaud"},"description":"Journaliste et amoureux de sport. Ancien footballeur reconverti athl\u00e8te quand ses muscles le laissent tranquille. \u00c9lev\u00e9 \u00e0 la sauce des exploits de Thomas Voeckler en 2004, du dernier essai de l\u00e9gende de Eunice Barber \u00e0 la longueur lors des championnats du monde d'athl\u00e9tisme de 2003 mais aussi Zidane, Omeyer et Titou Lamaison.","url":"https:\/\/dicodusport.fr\/blog\/author\/etienne-goursaud\/"}]}},"_links":{"self":[{"href":"https:\/\/dicodusport.fr\/blog\/wp-json\/wp\/v2\/posts\/465304","targetHints":{"allow":["GET"]}}],"collection":[{"href":"https:\/\/dicodusport.fr\/blog\/wp-json\/wp\/v2\/posts"}],"about":[{"href":"https:\/\/dicodusport.fr\/blog\/wp-json\/wp\/v2\/types\/post"}],"author":[{"embeddable":true,"href":"https:\/\/dicodusport.fr\/blog\/wp-json\/wp\/v2\/users\/83"}],"replies":[{"embeddable":true,"href":"https:\/\/dicodusport.fr\/blog\/wp-json\/wp\/v2\/comments?post=465304"}],"version-history":[{"count":5,"href":"https:\/\/dicodusport.fr\/blog\/wp-json\/wp\/v2\/posts\/465304\/revisions"}],"predecessor-version":[{"id":465573,"href":"https:\/\/dicodusport.fr\/blog\/wp-json\/wp\/v2\/posts\/465304\/revisions\/465573"}],"wp:featuredmedia":[{"embeddable":true,"href":"https:\/\/dicodusport.fr\/blog\/wp-json\/wp\/v2\/media\/465309"}],"wp:attachment":[{"href":"https:\/\/dicodusport.fr\/blog\/wp-json\/wp\/v2\/media?parent=465304"}],"wp:term":[{"taxonomy":"category","embeddable":true,"href":"https:\/\/dicodusport.fr\/blog\/wp-json\/wp\/v2\/categories?post=465304"},{"taxonomy":"post_tag","embeddable":true,"href":"https:\/\/dicodusport.fr\/blog\/wp-json\/wp\/v2\/tags?post=465304"}],"curies":[{"name":"wp","href":"https:\/\/api.w.org\/{rel}","templated":true}]}}