{"id":465436,"date":"2024-02-21T15:44:07","date_gmt":"2024-02-21T14:44:07","guid":{"rendered":"https:\/\/dicodusport.fr\/blog\/?p=465436&#038;preview=true&#038;preview_id=465436"},"modified":"2024-02-22T10:41:42","modified_gmt":"2024-02-22T09:41:42","slug":"gran-camino-2024-les-engages","status":"publish","type":"post","link":"https:\/\/dicodusport.fr\/blog\/gran-camino-2024-les-engages\/","title":{"rendered":"Gran Camino 2024 : Les engag\u00e9s"},"content":{"rendered":"<p style=\"text-align: justify;\"><strong><em><a href=\"https:\/\/dicodusport.fr\/blog\/actualites\/cyclisme\/cyclisme-sur-route-2024\/\">CYCLISME SUR ROUTE 2024<\/a> \u2013 Le Gran Camino 2024 aura lieu du 22 au 25 f\u00e9vrier. D\u00e9couvrez la liste des engag\u00e9s pour l&rsquo;\u00e9preuve espagnole.<\/em><\/strong><\/p>\n<p style=\"text-align: justify;\">La troisi\u00e8me \u00e9dition du <strong>Gran<\/strong> <strong>Camino<\/strong> d\u00e9marre ce jeudi 22 f\u00e9vrier pour quatre jours de course. Le jeune retrait\u00e9 <strong>Alejandro<\/strong> <strong>Valverde<\/strong> avait remport\u00e9 la premi\u00e8re \u00e9dition en 2022 alors que <a href=\"https:\/\/dicodusport.fr\/blog\/cyclisme-jonas-vingegaard-deja-ambitieux-sur-le-gran-camino\/\"><strong>Jonas<\/strong> <strong>Vingegaard<\/strong><\/a> (Visma &#8211; Lease a Bike) a remport\u00e9 la course l&rsquo;ann\u00e9e derni\u00e8re. Le Danois avait d&rsquo;ailleurs survol\u00e9 les d\u00e9bats, ne laissant que des miettes \u00e0 ses adversaires.<\/p>\n<p style=\"text-align: justify;\">Le double vainqueur du Tour de France sera de nouveau au d\u00e9part. Il sera le grand favori pour cette \u00e9dition 2024, mais avec une belle concurrence. <strong>Carlos<\/strong> <strong>Rodriguez<\/strong> (INESO Grenadiers) sera au d\u00e9part tout comme <strong>Richard<\/strong> <strong>Carapaz<\/strong> (EF Education EasyPost) ou encore <strong>Neilson<\/strong> <strong>Powless<\/strong> (EF Education EasyPost).<\/p>\n<p style=\"text-align: justify;\"><strong>Cian Uijtdebroeks<\/strong> (Visma &#8211; Lease a Bike) va faire ses grands d\u00e9buts avec sa nouvelle \u00e9quipe. <strong>David<\/strong> <strong>Gaudu<\/strong> (Groupama &#8211; FDJ) sera la meilleure carte fran\u00e7aise, sera notamment accompagn\u00e9 du vainqueur de la <strong>Classic Var<\/strong>, <strong>Lenny<\/strong> <strong>Martinez<\/strong>.<\/p>\n<h2 style=\"text-align: justify;\">Les engag\u00e9s du Gran Camino 2024<\/h2>\n<p style=\"text-align: justify;\"><a href=\"https:\/\/dicodusport.fr\/blog\/wp-content\/uploads\/2024\/02\/Engages-provisoires-Gran-Camino-2024.pdf\" class=\"pdfemb-viewer\" style=\"\" data-width=\"max\" data-height=\"max\"  data-toolbar=\"both\" data-toolbar-fixed=\"on\">Engage\u0301s provisoires Gran Camino 2024<br\/><\/a>\n","protected":false},"excerpt":{"rendered":"<p>CYCLISME SUR ROUTE 2024 \u2013 Le Gran Camino 2024 aura lieu du 22 au 25 f\u00e9vrier. D\u00e9couvrez la liste des engag\u00e9s pour l&rsquo;\u00e9preuve espagnole.<\/p>\n","protected":false},"author":1,"featured_media":463907,"comment_status":"open","ping_status":"closed","sticky":false,"template":"","format":"standard","meta":{"_acf_changed":false,"_daextam_enable_autolinks":"1","footnotes":""},"categories":[46994],"tags":[16878,574,21990],"class_list":["post-465436","post","type-post","status-publish","format-standard","has-post-thumbnail","hentry","category-cyclisme-sur-route","tag-breve","tag-cyclisme","tag-gran-camino"],"acf":[],"yoast_head":"<!-- This site is optimized with the Yoast SEO Premium plugin v26.7 (Yoast SEO v26.7) - https:\/\/yoast.com\/wordpress\/plugins\/seo\/ -->\n<title>Gran Camino 2024 : Les engag\u00e9s<\/title>\n<meta name=\"description\" content=\"CYCLISME SUR ROUTE 2024 \u2013 Le Gran Camino 2024 aura lieu du 22 au 25 f\u00e9vrier. D\u00e9couvrez la liste des engag\u00e9s pour l&#039;\u00e9preuve espagnole.\" \/>\n<meta name=\"robots\" content=\"index, follow, max-snippet:-1, max-image-preview:large, max-video-preview:-1\" \/>\n<link rel=\"canonical\" href=\"https:\/\/dicodusport.fr\/blog\/gran-camino-2024-les-engages\/\" \/>\n<meta property=\"og:locale\" content=\"fr_FR\" \/>\n<meta property=\"og:type\" content=\"article\" \/>\n<meta property=\"og:title\" content=\"Gran Camino 2024 : Les engag\u00e9s\" \/>\n<meta property=\"og:description\" content=\"CYCLISME SUR ROUTE 2024 \u2013 Le Gran Camino 2024 aura lieu du 22 au 25 f\u00e9vrier. D\u00e9couvrez la liste des engag\u00e9s pour l&#039;\u00e9preuve espagnole.\" \/>\n<meta property=\"og:url\" content=\"https:\/\/dicodusport.fr\/blog\/gran-camino-2024-les-engages\/\" \/>\n<meta property=\"og:site_name\" content=\"Dicodusport\" \/>\n<meta property=\"article:publisher\" content=\"https:\/\/www.facebook.com\/dicodusport\" \/>\n<meta property=\"article:author\" content=\"https:\/\/www.facebook.com\/dicodusport\" \/>\n<meta property=\"article:published_time\" content=\"2024-02-21T14:44:07+00:00\" \/>\n<meta property=\"article:modified_time\" content=\"2024-02-22T09:41:42+00:00\" \/>\n<meta property=\"og:image\" content=\"https:\/\/dicodusport.fr\/blog\/wp-content\/uploads\/2024\/02\/Classic-Var-2024-Lenny-Martinez-simpose-au-sommet-du-Mont-Faron.png\" \/>\n\t<meta property=\"og:image:width\" content=\"1200\" \/>\n\t<meta property=\"og:image:height\" content=\"674\" \/>\n\t<meta property=\"og:image:type\" content=\"image\/png\" \/>\n<meta name=\"author\" content=\"Nicolas Jacquemard\" \/>\n<meta name=\"twitter:card\" content=\"summary_large_image\" \/>\n<meta name=\"twitter:title\" content=\"Gran Camino 2024 : Les engag\u00e9s\" \/>\n<meta name=\"twitter:creator\" content=\"@https:\/\/twitter.com\/Nico_Jacquemard\" \/>\n<meta name=\"twitter:site\" content=\"@dicodusport\" \/>\n<script type=\"application\/ld+json\" class=\"yoast-schema-graph\">{\"@context\":\"https:\/\/schema.org\",\"@graph\":[{\"@type\":\"NewsArticle\",\"@id\":\"https:\/\/dicodusport.fr\/blog\/gran-camino-2024-les-engages\/#article\",\"isPartOf\":{\"@id\":\"https:\/\/dicodusport.fr\/blog\/gran-camino-2024-les-engages\/\"},\"author\":{\"name\":\"Nicolas Jacquemard\",\"@id\":\"https:\/\/dicodusport.fr\/blog\/#\/schema\/person\/55dcb50ad410894e431ed812bbb70191\"},\"headline\":\"Gran Camino 2024 : Les engag\u00e9s\",\"datePublished\":\"2024-02-21T14:44:07+00:00\",\"dateModified\":\"2024-02-22T09:41:42+00:00\",\"mainEntityOfPage\":{\"@id\":\"https:\/\/dicodusport.fr\/blog\/gran-camino-2024-les-engages\/\"},\"wordCount\":201,\"commentCount\":0,\"publisher\":{\"@id\":\"https:\/\/dicodusport.fr\/blog\/#organization\"},\"image\":{\"@id\":\"https:\/\/dicodusport.fr\/blog\/gran-camino-2024-les-engages\/#primaryimage\"},\"thumbnailUrl\":\"https:\/\/dicodusport.fr\/blog\/wp-content\/uploads\/2024\/02\/Classic-Var-2024-Lenny-Martinez-simpose-au-sommet-du-Mont-Faron.png\",\"keywords\":[\"br\u00e8ve\",\"Cyclisme\",\"Gran Camino\"],\"articleSection\":[\"Cyclisme sur route\"],\"inLanguage\":\"fr-FR\",\"potentialAction\":[{\"@type\":\"CommentAction\",\"name\":\"Comment\",\"target\":[\"https:\/\/dicodusport.fr\/blog\/gran-camino-2024-les-engages\/#respond\"]}],\"copyrightYear\":\"2024\",\"copyrightHolder\":{\"@id\":\"https:\/\/dicodusport.fr\/blog\/#organization\"}},{\"@type\":\"WebPage\",\"@id\":\"https:\/\/dicodusport.fr\/blog\/gran-camino-2024-les-engages\/\",\"url\":\"https:\/\/dicodusport.fr\/blog\/gran-camino-2024-les-engages\/\",\"name\":\"Gran Camino 2024 : Les engag\u00e9s\",\"isPartOf\":{\"@id\":\"https:\/\/dicodusport.fr\/blog\/#website\"},\"primaryImageOfPage\":{\"@id\":\"https:\/\/dicodusport.fr\/blog\/gran-camino-2024-les-engages\/#primaryimage\"},\"image\":{\"@id\":\"https:\/\/dicodusport.fr\/blog\/gran-camino-2024-les-engages\/#primaryimage\"},\"thumbnailUrl\":\"https:\/\/dicodusport.fr\/blog\/wp-content\/uploads\/2024\/02\/Classic-Var-2024-Lenny-Martinez-simpose-au-sommet-du-Mont-Faron.png\",\"datePublished\":\"2024-02-21T14:44:07+00:00\",\"dateModified\":\"2024-02-22T09:41:42+00:00\",\"description\":\"CYCLISME SUR ROUTE 2024 \u2013 Le Gran Camino 2024 aura lieu du 22 au 25 f\u00e9vrier. D\u00e9couvrez la liste des engag\u00e9s pour l'\u00e9preuve espagnole.\",\"breadcrumb\":{\"@id\":\"https:\/\/dicodusport.fr\/blog\/gran-camino-2024-les-engages\/#breadcrumb\"},\"inLanguage\":\"fr-FR\",\"potentialAction\":[{\"@type\":\"ReadAction\",\"target\":[\"https:\/\/dicodusport.fr\/blog\/gran-camino-2024-les-engages\/\"]}]},{\"@type\":\"ImageObject\",\"inLanguage\":\"fr-FR\",\"@id\":\"https:\/\/dicodusport.fr\/blog\/gran-camino-2024-les-engages\/#primaryimage\",\"url\":\"https:\/\/dicodusport.fr\/blog\/wp-content\/uploads\/2024\/02\/Classic-Var-2024-Lenny-Martinez-simpose-au-sommet-du-Mont-Faron.png\",\"contentUrl\":\"https:\/\/dicodusport.fr\/blog\/wp-content\/uploads\/2024\/02\/Classic-Var-2024-Lenny-Martinez-simpose-au-sommet-du-Mont-Faron.png\",\"width\":1200,\"height\":674,\"caption\":\"Classic Var 2024 Lenny Martinez s'impose au sommet du Mont Faron\"},{\"@type\":\"BreadcrumbList\",\"@id\":\"https:\/\/dicodusport.fr\/blog\/gran-camino-2024-les-engages\/#breadcrumb\",\"itemListElement\":[{\"@type\":\"ListItem\",\"position\":1,\"name\":\"Accueil\",\"item\":\"https:\/\/dicodusport.fr\/blog\/\"},{\"@type\":\"ListItem\",\"position\":2,\"name\":\"Gran Camino 2024 : Les engag\u00e9s\"}]},{\"@type\":\"WebSite\",\"@id\":\"https:\/\/dicodusport.fr\/blog\/#website\",\"url\":\"https:\/\/dicodusport.fr\/blog\/\",\"name\":\"Dicodusport\",\"description\":\"L&#039;encyclop\u00e9die de l&#039;actualit\u00e9 sportive\",\"publisher\":{\"@id\":\"https:\/\/dicodusport.fr\/blog\/#organization\"},\"potentialAction\":[{\"@type\":\"SearchAction\",\"target\":{\"@type\":\"EntryPoint\",\"urlTemplate\":\"https:\/\/dicodusport.fr\/blog\/?s={search_term_string}\"},\"query-input\":{\"@type\":\"PropertyValueSpecification\",\"valueRequired\":true,\"valueName\":\"search_term_string\"}}],\"inLanguage\":\"fr-FR\"},{\"@type\":\"NewsMediaOrganization\",\"@id\":\"https:\/\/dicodusport.fr\/blog\/#organization\",\"name\":\"Dicodusport\",\"url\":\"https:\/\/dicodusport.fr\/blog\/\",\"logo\":{\"@type\":\"ImageObject\",\"inLanguage\":\"fr-FR\",\"@id\":\"https:\/\/dicodusport.fr\/blog\/#\/schema\/logo\/image\/\",\"url\":\"https:\/\/dicodusport.fr\/blog\/wp-content\/uploads\/2020\/06\/cropped-LOGO-DICODUSPORT-2020-SANS-FOND-SANS-TEXTE.png\",\"contentUrl\":\"https:\/\/dicodusport.fr\/blog\/wp-content\/uploads\/2020\/06\/cropped-LOGO-DICODUSPORT-2020-SANS-FOND-SANS-TEXTE.png\",\"width\":512,\"height\":512,\"caption\":\"Dicodusport\"},\"image\":{\"@id\":\"https:\/\/dicodusport.fr\/blog\/#\/schema\/logo\/image\/\"},\"sameAs\":[\"https:\/\/www.facebook.com\/dicodusport\",\"https:\/\/x.com\/dicodusport\",\"https:\/\/www.instagram.com\/dicodusport\/\",\"https:\/\/www.youtube.com\/channel\/UC7V2KZ5sd3htJivAbA4ZG3w\"],\"description\":\"Dicodusport est l'encyclop\u00e9die de l'actualit\u00e9 sportive.\",\"email\":\"bonjour@dicodusport.fr\",\"legalName\":\"DICODUSPORT\",\"foundingDate\":\"2018-01-14\",\"vatID\":\"FR71834470973\",\"taxID\":\"83447097300043\",\"numberOfEmployees\":{\"@type\":\"QuantitativeValue\",\"minValue\":\"1\",\"maxValue\":\"10\"}},{\"@type\":\"Person\",\"@id\":\"https:\/\/dicodusport.fr\/blog\/#\/schema\/person\/55dcb50ad410894e431ed812bbb70191\",\"name\":\"Nicolas Jacquemard\",\"image\":{\"@type\":\"ImageObject\",\"inLanguage\":\"fr-FR\",\"@id\":\"https:\/\/dicodusport.fr\/blog\/#\/schema\/person\/image\/\",\"url\":\"https:\/\/dicodusport.fr\/blog\/wp-content\/uploads\/2021\/05\/Nicolas-Jacquemard-150x150.jpeg\",\"contentUrl\":\"https:\/\/dicodusport.fr\/blog\/wp-content\/uploads\/2021\/05\/Nicolas-Jacquemard-150x150.jpeg\",\"caption\":\"Nicolas Jacquemard\"},\"description\":\"Passionn\u00e9 de sport et entrepreneur depuis mes 18 ans, la cr\u00e9ation de Dicodusport m'a sembl\u00e9 \u00e9vidente pour participer \u00e0 la m\u00e9diatisation d'un plus grand nombre de sports. Le chemin est long mais avec une \u00e9quipe des plus motiv\u00e9es et les Jeux Olympiques de Paris 2024 en point de mire, nous y arriverons ! Journaliste dans le monde du sport depuis plus de 5 ans, je traite aussi bien de football, de rugby, de biathlon que de cyclisme.\",\"sameAs\":[\"https:\/\/www.facebook.com\/dicodusport\",\"https:\/\/x.com\/https:\/\/twitter.com\/Nico_Jacquemard\"],\"url\":\"https:\/\/dicodusport.fr\/blog\/author\/dicodusport\/\"}]}<\/script>\n<!-- \/ Yoast SEO Premium plugin. -->","yoast_head_json":{"title":"Gran Camino 2024 : Les engag\u00e9s","description":"CYCLISME SUR ROUTE 2024 \u2013 Le Gran Camino 2024 aura lieu du 22 au 25 f\u00e9vrier. D\u00e9couvrez la liste des engag\u00e9s pour l'\u00e9preuve espagnole.","robots":{"index":"index","follow":"follow","max-snippet":"max-snippet:-1","max-image-preview":"max-image-preview:large","max-video-preview":"max-video-preview:-1"},"canonical":"https:\/\/dicodusport.fr\/blog\/gran-camino-2024-les-engages\/","og_locale":"fr_FR","og_type":"article","og_title":"Gran Camino 2024 : Les engag\u00e9s","og_description":"CYCLISME SUR ROUTE 2024 \u2013 Le Gran Camino 2024 aura lieu du 22 au 25 f\u00e9vrier. D\u00e9couvrez la liste des engag\u00e9s pour l'\u00e9preuve espagnole.","og_url":"https:\/\/dicodusport.fr\/blog\/gran-camino-2024-les-engages\/","og_site_name":"Dicodusport","article_publisher":"https:\/\/www.facebook.com\/dicodusport","article_author":"https:\/\/www.facebook.com\/dicodusport","article_published_time":"2024-02-21T14:44:07+00:00","article_modified_time":"2024-02-22T09:41:42+00:00","og_image":[{"width":1200,"height":674,"url":"https:\/\/dicodusport.fr\/blog\/wp-content\/uploads\/2024\/02\/Classic-Var-2024-Lenny-Martinez-simpose-au-sommet-du-Mont-Faron.png","type":"image\/png"}],"author":"Nicolas Jacquemard","twitter_card":"summary_large_image","twitter_title":"Gran Camino 2024 : Les engag\u00e9s","twitter_creator":"@https:\/\/twitter.com\/Nico_Jacquemard","twitter_site":"@dicodusport","schema":{"@context":"https:\/\/schema.org","@graph":[{"@type":"NewsArticle","@id":"https:\/\/dicodusport.fr\/blog\/gran-camino-2024-les-engages\/#article","isPartOf":{"@id":"https:\/\/dicodusport.fr\/blog\/gran-camino-2024-les-engages\/"},"author":{"name":"Nicolas Jacquemard","@id":"https:\/\/dicodusport.fr\/blog\/#\/schema\/person\/55dcb50ad410894e431ed812bbb70191"},"headline":"Gran Camino 2024 : Les engag\u00e9s","datePublished":"2024-02-21T14:44:07+00:00","dateModified":"2024-02-22T09:41:42+00:00","mainEntityOfPage":{"@id":"https:\/\/dicodusport.fr\/blog\/gran-camino-2024-les-engages\/"},"wordCount":201,"commentCount":0,"publisher":{"@id":"https:\/\/dicodusport.fr\/blog\/#organization"},"image":{"@id":"https:\/\/dicodusport.fr\/blog\/gran-camino-2024-les-engages\/#primaryimage"},"thumbnailUrl":"https:\/\/dicodusport.fr\/blog\/wp-content\/uploads\/2024\/02\/Classic-Var-2024-Lenny-Martinez-simpose-au-sommet-du-Mont-Faron.png","keywords":["br\u00e8ve","Cyclisme","Gran Camino"],"articleSection":["Cyclisme sur route"],"inLanguage":"fr-FR","potentialAction":[{"@type":"CommentAction","name":"Comment","target":["https:\/\/dicodusport.fr\/blog\/gran-camino-2024-les-engages\/#respond"]}],"copyrightYear":"2024","copyrightHolder":{"@id":"https:\/\/dicodusport.fr\/blog\/#organization"}},{"@type":"WebPage","@id":"https:\/\/dicodusport.fr\/blog\/gran-camino-2024-les-engages\/","url":"https:\/\/dicodusport.fr\/blog\/gran-camino-2024-les-engages\/","name":"Gran Camino 2024 : Les engag\u00e9s","isPartOf":{"@id":"https:\/\/dicodusport.fr\/blog\/#website"},"primaryImageOfPage":{"@id":"https:\/\/dicodusport.fr\/blog\/gran-camino-2024-les-engages\/#primaryimage"},"image":{"@id":"https:\/\/dicodusport.fr\/blog\/gran-camino-2024-les-engages\/#primaryimage"},"thumbnailUrl":"https:\/\/dicodusport.fr\/blog\/wp-content\/uploads\/2024\/02\/Classic-Var-2024-Lenny-Martinez-simpose-au-sommet-du-Mont-Faron.png","datePublished":"2024-02-21T14:44:07+00:00","dateModified":"2024-02-22T09:41:42+00:00","description":"CYCLISME SUR ROUTE 2024 \u2013 Le Gran Camino 2024 aura lieu du 22 au 25 f\u00e9vrier. D\u00e9couvrez la liste des engag\u00e9s pour l'\u00e9preuve espagnole.","breadcrumb":{"@id":"https:\/\/dicodusport.fr\/blog\/gran-camino-2024-les-engages\/#breadcrumb"},"inLanguage":"fr-FR","potentialAction":[{"@type":"ReadAction","target":["https:\/\/dicodusport.fr\/blog\/gran-camino-2024-les-engages\/"]}]},{"@type":"ImageObject","inLanguage":"fr-FR","@id":"https:\/\/dicodusport.fr\/blog\/gran-camino-2024-les-engages\/#primaryimage","url":"https:\/\/dicodusport.fr\/blog\/wp-content\/uploads\/2024\/02\/Classic-Var-2024-Lenny-Martinez-simpose-au-sommet-du-Mont-Faron.png","contentUrl":"https:\/\/dicodusport.fr\/blog\/wp-content\/uploads\/2024\/02\/Classic-Var-2024-Lenny-Martinez-simpose-au-sommet-du-Mont-Faron.png","width":1200,"height":674,"caption":"Classic Var 2024 Lenny Martinez s'impose au sommet du Mont Faron"},{"@type":"BreadcrumbList","@id":"https:\/\/dicodusport.fr\/blog\/gran-camino-2024-les-engages\/#breadcrumb","itemListElement":[{"@type":"ListItem","position":1,"name":"Accueil","item":"https:\/\/dicodusport.fr\/blog\/"},{"@type":"ListItem","position":2,"name":"Gran Camino 2024 : Les engag\u00e9s"}]},{"@type":"WebSite","@id":"https:\/\/dicodusport.fr\/blog\/#website","url":"https:\/\/dicodusport.fr\/blog\/","name":"Dicodusport","description":"L&#039;encyclop\u00e9die de l&#039;actualit\u00e9 sportive","publisher":{"@id":"https:\/\/dicodusport.fr\/blog\/#organization"},"potentialAction":[{"@type":"SearchAction","target":{"@type":"EntryPoint","urlTemplate":"https:\/\/dicodusport.fr\/blog\/?s={search_term_string}"},"query-input":{"@type":"PropertyValueSpecification","valueRequired":true,"valueName":"search_term_string"}}],"inLanguage":"fr-FR"},{"@type":"NewsMediaOrganization","@id":"https:\/\/dicodusport.fr\/blog\/#organization","name":"Dicodusport","url":"https:\/\/dicodusport.fr\/blog\/","logo":{"@type":"ImageObject","inLanguage":"fr-FR","@id":"https:\/\/dicodusport.fr\/blog\/#\/schema\/logo\/image\/","url":"https:\/\/dicodusport.fr\/blog\/wp-content\/uploads\/2020\/06\/cropped-LOGO-DICODUSPORT-2020-SANS-FOND-SANS-TEXTE.png","contentUrl":"https:\/\/dicodusport.fr\/blog\/wp-content\/uploads\/2020\/06\/cropped-LOGO-DICODUSPORT-2020-SANS-FOND-SANS-TEXTE.png","width":512,"height":512,"caption":"Dicodusport"},"image":{"@id":"https:\/\/dicodusport.fr\/blog\/#\/schema\/logo\/image\/"},"sameAs":["https:\/\/www.facebook.com\/dicodusport","https:\/\/x.com\/dicodusport","https:\/\/www.instagram.com\/dicodusport\/","https:\/\/www.youtube.com\/channel\/UC7V2KZ5sd3htJivAbA4ZG3w"],"description":"Dicodusport est l'encyclop\u00e9die de l'actualit\u00e9 sportive.","email":"bonjour@dicodusport.fr","legalName":"DICODUSPORT","foundingDate":"2018-01-14","vatID":"FR71834470973","taxID":"83447097300043","numberOfEmployees":{"@type":"QuantitativeValue","minValue":"1","maxValue":"10"}},{"@type":"Person","@id":"https:\/\/dicodusport.fr\/blog\/#\/schema\/person\/55dcb50ad410894e431ed812bbb70191","name":"Nicolas Jacquemard","image":{"@type":"ImageObject","inLanguage":"fr-FR","@id":"https:\/\/dicodusport.fr\/blog\/#\/schema\/person\/image\/","url":"https:\/\/dicodusport.fr\/blog\/wp-content\/uploads\/2021\/05\/Nicolas-Jacquemard-150x150.jpeg","contentUrl":"https:\/\/dicodusport.fr\/blog\/wp-content\/uploads\/2021\/05\/Nicolas-Jacquemard-150x150.jpeg","caption":"Nicolas Jacquemard"},"description":"Passionn\u00e9 de sport et entrepreneur depuis mes 18 ans, la cr\u00e9ation de Dicodusport m'a sembl\u00e9 \u00e9vidente pour participer \u00e0 la m\u00e9diatisation d'un plus grand nombre de sports. Le chemin est long mais avec une \u00e9quipe des plus motiv\u00e9es et les Jeux Olympiques de Paris 2024 en point de mire, nous y arriverons ! Journaliste dans le monde du sport depuis plus de 5 ans, je traite aussi bien de football, de rugby, de biathlon que de cyclisme.","sameAs":["https:\/\/www.facebook.com\/dicodusport","https:\/\/x.com\/https:\/\/twitter.com\/Nico_Jacquemard"],"url":"https:\/\/dicodusport.fr\/blog\/author\/dicodusport\/"}]}},"_links":{"self":[{"href":"https:\/\/dicodusport.fr\/blog\/wp-json\/wp\/v2\/posts\/465436","targetHints":{"allow":["GET"]}}],"collection":[{"href":"https:\/\/dicodusport.fr\/blog\/wp-json\/wp\/v2\/posts"}],"about":[{"href":"https:\/\/dicodusport.fr\/blog\/wp-json\/wp\/v2\/types\/post"}],"author":[{"embeddable":true,"href":"https:\/\/dicodusport.fr\/blog\/wp-json\/wp\/v2\/users\/1"}],"replies":[{"embeddable":true,"href":"https:\/\/dicodusport.fr\/blog\/wp-json\/wp\/v2\/comments?post=465436"}],"version-history":[{"count":3,"href":"https:\/\/dicodusport.fr\/blog\/wp-json\/wp\/v2\/posts\/465436\/revisions"}],"predecessor-version":[{"id":465601,"href":"https:\/\/dicodusport.fr\/blog\/wp-json\/wp\/v2\/posts\/465436\/revisions\/465601"}],"wp:featuredmedia":[{"embeddable":true,"href":"https:\/\/dicodusport.fr\/blog\/wp-json\/wp\/v2\/media\/463907"}],"wp:attachment":[{"href":"https:\/\/dicodusport.fr\/blog\/wp-json\/wp\/v2\/media?parent=465436"}],"wp:term":[{"taxonomy":"category","embeddable":true,"href":"https:\/\/dicodusport.fr\/blog\/wp-json\/wp\/v2\/categories?post=465436"},{"taxonomy":"post_tag","embeddable":true,"href":"https:\/\/dicodusport.fr\/blog\/wp-json\/wp\/v2\/tags?post=465436"}],"curies":[{"name":"wp","href":"https:\/\/api.w.org\/{rel}","templated":true}]}}