{"id":465620,"date":"2024-02-22T12:31:45","date_gmt":"2024-02-22T11:31:45","guid":{"rendered":"https:\/\/dicodusport.fr\/blog\/?p=465620&#038;preview=true&#038;preview_id=465620"},"modified":"2024-02-22T14:18:46","modified_gmt":"2024-02-22T13:18:46","slug":"transferts-un-club-de-top-14-veut-signer-le-all-black-sevu-reece","status":"publish","type":"post","link":"https:\/\/dicodusport.fr\/blog\/transferts-un-club-de-top-14-veut-signer-le-all-black-sevu-reece\/","title":{"rendered":"Transferts : Un club de Top 14 veut signer le All Black Sevu Reece"},"content":{"rendered":"<p style=\"text-align: justify;\"><b><i>TOP 14 2023-2024 &#8211; Selon L&rsquo;\u00c9quipe, le Montpellier HR aimerait s&rsquo;offrir le All Black Sevu Reece pour la saison prochaine.\u00a0<\/i><\/b><\/p>\n<p style=\"text-align: justify;\">Depuis quelques semaines, la nouvelle direction sportive du <strong>Montpellier HR<\/strong> s&rsquo;active sur le march\u00e9 des mutations pour la saison prochaine. Alors que <strong>Louis<\/strong> <strong>Carbonel<\/strong> \u00e9tait tr\u00e8s courtis\u00e9, le club a fait savoir qu&rsquo;il irait au terme de son contrat. Au m\u00eame poste, <strong>Louis<\/strong> <strong>Foursans<\/strong> est en revanche gentiment pouss\u00e9 vers la sortie par le club h\u00e9raultais.<\/p>\n<ul style=\"text-align: justify;\">\n<li style=\"text-align: justify;\"><strong>\u00c0 ce sujet &#8211; <a href=\"https:\/\/dicodusport.fr\/blog\/transferts-louis-foursans-pousse-vers-la-sortie-par-le-mhr\/\" target=\"_blank\" rel=\"noopener\">Transferts : Louis Foursans pouss\u00e9 vers la sortie par le MHR<\/a><br \/>\n<\/strong><\/li>\n<\/ul>\n<h2 style=\"text-align: justify;\">Le MHR veut Sevu Reece<\/h2>\n<p style=\"text-align: justify;\">Dans la ligne de trois-quarts, <strong>Paolo<\/strong> <strong>Garbisi<\/strong> est d\u00e9j\u00e0 parti vers <strong>Toulon<\/strong> et laisse un vide, car il pouvait aussi \u00e9voluer au centre. Si le <strong>MHR<\/strong> cherche bien un centre, il veut aussi se renforcer aux ailes, et pour cause. <strong>Ben<\/strong> <strong>Lam<\/strong>, qui a trouv\u00e9 une place de titulaire avec Patrice Collazo, ne devrait pas \u00eatre prolong\u00e9 au-del\u00e0 de la saison en cours.<\/p>\n<ul style=\"text-align: justify;\">\n<li style=\"text-align: justify;\"><strong>\u00c0 ce sujet &#8211; <a href=\"https:\/\/dicodusport.fr\/blog\/transferts-mhr-arrivees-departs-et-prolongations\/\">Transferts MHR : Arriv\u00e9es, d\u00e9parts et prolongations<\/a><\/strong><\/li>\n<\/ul>\n<p style=\"text-align: justify;\"><b>George Bridge<\/b>\u00a0est lui sous contrat jusqu&rsquo;en 2025, mais <strong>Montpellier<\/strong> aimerait s&rsquo;en s\u00e9parer cet \u00e9t\u00e9. Selon nos confr\u00e8res, plusieurs clubs anglais sont sur le coup. Pour le remplacer, Bernard Laporte veut faire un gros coup en s&rsquo;offrant l&rsquo;ailier des <strong>All<\/strong> <strong>Blacks<\/strong>, <strong>Sevu<\/strong> <strong>Reece<\/strong>. Forfait pour la Coupe du monde 2023 \u00e0 cause d&rsquo;une blessure au genou, il va reprendre la comp\u00e9tition en <strong>Super Rugby<\/strong> ce week-end, avec la franchise des Crusaders. Il a propos\u00e9 ses services \u00e0 plusieurs clubs de <strong>Top<\/strong> <strong>14<\/strong> et <strong>Montpellier<\/strong> serait le mieux plac\u00e9 pour l&rsquo;accueillir.<\/p>\n<blockquote class=\"twitter-tweet\">\n<p dir=\"ltr\" lang=\"zxx\"><a href=\"https:\/\/t.co\/FQL4cTKpC4\">https:\/\/t.co\/FQL4cTKpC4<\/a><\/p>\n<p>\u2014 Nicolas Jacquemard (@Nico_Jacquemard) <a href=\"https:\/\/twitter.com\/Nico_Jacquemard\/status\/1760614833429315906?ref_src=twsrc%5Etfw\">February 22, 2024<\/a><\/p><\/blockquote>\n<p style=\"text-align: justify;\"><script async src=\"https:\/\/platform.twitter.com\/widgets.js\" charset=\"utf-8\"><\/script><\/p>\n","protected":false},"excerpt":{"rendered":"<p>TOP 14 2023-2024 &#8211; Selon L&rsquo;\u00c9quipe, le Montpellier HR aimerait s&rsquo;offrir le All Black Sevu Reece pour la saison prochaine.\u00a0<\/p>\n","protected":false},"author":1,"featured_media":465624,"comment_status":"open","ping_status":"closed","sticky":false,"template":"","format":"standard","meta":{"_acf_changed":false,"_daextam_enable_autolinks":"1","footnotes":""},"categories":[9129,47050],"tags":[16878,4950,29105],"class_list":["post-465620","post","type-post","status-publish","format-standard","has-post-thumbnail","hentry","category-rugby-a-xv","category-top-14","tag-breve","tag-mhr","tag-transferts-rugby"],"acf":[],"yoast_head":"<!-- This site is optimized with the Yoast SEO Premium plugin v26.7 (Yoast SEO v26.7) - https:\/\/yoast.com\/wordpress\/plugins\/seo\/ -->\n<title>Transferts : Un club de Top 14 veut signer le All Black Sevu Reece<\/title>\n<meta name=\"description\" content=\"TOP 14 2023-2024 - Selon L&#039;\u00c9quipe, le Montpellier HR aimerait s&#039;offrir le All Black Sevu Reece pour la saison prochaine.\u00a0\" \/>\n<meta name=\"robots\" content=\"index, follow, max-snippet:-1, max-image-preview:large, max-video-preview:-1\" \/>\n<link rel=\"canonical\" href=\"https:\/\/dicodusport.fr\/blog\/transferts-un-club-de-top-14-veut-signer-le-all-black-sevu-reece\/\" \/>\n<meta property=\"og:locale\" content=\"fr_FR\" \/>\n<meta property=\"og:type\" content=\"article\" \/>\n<meta property=\"og:title\" content=\"Transferts : Un club de Top 14 veut signer le All Black Sevu Reece\" \/>\n<meta property=\"og:description\" content=\"TOP 14 2023-2024 - Selon L&#039;\u00c9quipe, le Montpellier HR aimerait s&#039;offrir le All Black Sevu Reece pour la saison prochaine.\u00a0\" \/>\n<meta property=\"og:url\" content=\"https:\/\/dicodusport.fr\/blog\/transferts-un-club-de-top-14-veut-signer-le-all-black-sevu-reece\/\" \/>\n<meta property=\"og:site_name\" content=\"Dicodusport\" \/>\n<meta property=\"article:publisher\" content=\"https:\/\/www.facebook.com\/dicodusport\" \/>\n<meta property=\"article:author\" content=\"https:\/\/www.facebook.com\/dicodusport\" \/>\n<meta property=\"article:published_time\" content=\"2024-02-22T11:31:45+00:00\" \/>\n<meta property=\"article:modified_time\" content=\"2024-02-22T13:18:46+00:00\" \/>\n<meta property=\"og:image\" content=\"https:\/\/dicodusport.fr\/blog\/wp-content\/uploads\/2024\/02\/Transferts-Un-club-de-Top-14-veut-signer-le-All-Black-Sevu-Reece.png\" \/>\n\t<meta property=\"og:image:width\" content=\"1200\" \/>\n\t<meta property=\"og:image:height\" content=\"674\" \/>\n\t<meta property=\"og:image:type\" content=\"image\/png\" \/>\n<meta name=\"author\" content=\"Nicolas Jacquemard\" \/>\n<meta name=\"twitter:card\" content=\"summary_large_image\" \/>\n<meta name=\"twitter:title\" content=\"Transferts : Un club de Top 14 veut signer le All Black Sevu Reece\" \/>\n<meta name=\"twitter:creator\" content=\"@https:\/\/twitter.com\/Nico_Jacquemard\" \/>\n<meta name=\"twitter:site\" content=\"@dicodusport\" \/>\n<script type=\"application\/ld+json\" class=\"yoast-schema-graph\">{\"@context\":\"https:\/\/schema.org\",\"@graph\":[{\"@type\":\"NewsArticle\",\"@id\":\"https:\/\/dicodusport.fr\/blog\/transferts-un-club-de-top-14-veut-signer-le-all-black-sevu-reece\/#article\",\"isPartOf\":{\"@id\":\"https:\/\/dicodusport.fr\/blog\/transferts-un-club-de-top-14-veut-signer-le-all-black-sevu-reece\/\"},\"author\":{\"name\":\"Nicolas Jacquemard\",\"@id\":\"https:\/\/dicodusport.fr\/blog\/#\/schema\/person\/55dcb50ad410894e431ed812bbb70191\"},\"headline\":\"Transferts : Un club de Top 14 veut signer le All Black Sevu Reece\",\"datePublished\":\"2024-02-22T11:31:45+00:00\",\"dateModified\":\"2024-02-22T13:18:46+00:00\",\"mainEntityOfPage\":{\"@id\":\"https:\/\/dicodusport.fr\/blog\/transferts-un-club-de-top-14-veut-signer-le-all-black-sevu-reece\/\"},\"wordCount\":291,\"commentCount\":0,\"publisher\":{\"@id\":\"https:\/\/dicodusport.fr\/blog\/#organization\"},\"image\":{\"@id\":\"https:\/\/dicodusport.fr\/blog\/transferts-un-club-de-top-14-veut-signer-le-all-black-sevu-reece\/#primaryimage\"},\"thumbnailUrl\":\"https:\/\/dicodusport.fr\/blog\/wp-content\/uploads\/2024\/02\/Transferts-Un-club-de-Top-14-veut-signer-le-All-Black-Sevu-Reece.png\",\"keywords\":[\"br\u00e8ve\",\"MHR\",\"Transferts rugby\"],\"articleSection\":[\"Rugby \u00e0 XV\",\"Top 14\"],\"inLanguage\":\"fr-FR\",\"potentialAction\":[{\"@type\":\"CommentAction\",\"name\":\"Comment\",\"target\":[\"https:\/\/dicodusport.fr\/blog\/transferts-un-club-de-top-14-veut-signer-le-all-black-sevu-reece\/#respond\"]}],\"copyrightYear\":\"2024\",\"copyrightHolder\":{\"@id\":\"https:\/\/dicodusport.fr\/blog\/#organization\"}},{\"@type\":\"WebPage\",\"@id\":\"https:\/\/dicodusport.fr\/blog\/transferts-un-club-de-top-14-veut-signer-le-all-black-sevu-reece\/\",\"url\":\"https:\/\/dicodusport.fr\/blog\/transferts-un-club-de-top-14-veut-signer-le-all-black-sevu-reece\/\",\"name\":\"Transferts : Un club de Top 14 veut signer le All Black Sevu Reece\",\"isPartOf\":{\"@id\":\"https:\/\/dicodusport.fr\/blog\/#website\"},\"primaryImageOfPage\":{\"@id\":\"https:\/\/dicodusport.fr\/blog\/transferts-un-club-de-top-14-veut-signer-le-all-black-sevu-reece\/#primaryimage\"},\"image\":{\"@id\":\"https:\/\/dicodusport.fr\/blog\/transferts-un-club-de-top-14-veut-signer-le-all-black-sevu-reece\/#primaryimage\"},\"thumbnailUrl\":\"https:\/\/dicodusport.fr\/blog\/wp-content\/uploads\/2024\/02\/Transferts-Un-club-de-Top-14-veut-signer-le-All-Black-Sevu-Reece.png\",\"datePublished\":\"2024-02-22T11:31:45+00:00\",\"dateModified\":\"2024-02-22T13:18:46+00:00\",\"description\":\"TOP 14 2023-2024 - Selon L'\u00c9quipe, le Montpellier HR aimerait s'offrir le All Black Sevu Reece pour la saison prochaine.\u00a0\",\"breadcrumb\":{\"@id\":\"https:\/\/dicodusport.fr\/blog\/transferts-un-club-de-top-14-veut-signer-le-all-black-sevu-reece\/#breadcrumb\"},\"inLanguage\":\"fr-FR\",\"potentialAction\":[{\"@type\":\"ReadAction\",\"target\":[\"https:\/\/dicodusport.fr\/blog\/transferts-un-club-de-top-14-veut-signer-le-all-black-sevu-reece\/\"]}]},{\"@type\":\"ImageObject\",\"inLanguage\":\"fr-FR\",\"@id\":\"https:\/\/dicodusport.fr\/blog\/transferts-un-club-de-top-14-veut-signer-le-all-black-sevu-reece\/#primaryimage\",\"url\":\"https:\/\/dicodusport.fr\/blog\/wp-content\/uploads\/2024\/02\/Transferts-Un-club-de-Top-14-veut-signer-le-All-Black-Sevu-Reece.png\",\"contentUrl\":\"https:\/\/dicodusport.fr\/blog\/wp-content\/uploads\/2024\/02\/Transferts-Un-club-de-Top-14-veut-signer-le-All-Black-Sevu-Reece.png\",\"width\":1200,\"height\":674},{\"@type\":\"BreadcrumbList\",\"@id\":\"https:\/\/dicodusport.fr\/blog\/transferts-un-club-de-top-14-veut-signer-le-all-black-sevu-reece\/#breadcrumb\",\"itemListElement\":[{\"@type\":\"ListItem\",\"position\":1,\"name\":\"Accueil\",\"item\":\"https:\/\/dicodusport.fr\/blog\/\"},{\"@type\":\"ListItem\",\"position\":2,\"name\":\"Transferts : Un club de Top 14 veut signer le All Black Sevu Reece\"}]},{\"@type\":\"WebSite\",\"@id\":\"https:\/\/dicodusport.fr\/blog\/#website\",\"url\":\"https:\/\/dicodusport.fr\/blog\/\",\"name\":\"Dicodusport\",\"description\":\"L&#039;encyclop\u00e9die de l&#039;actualit\u00e9 sportive\",\"publisher\":{\"@id\":\"https:\/\/dicodusport.fr\/blog\/#organization\"},\"potentialAction\":[{\"@type\":\"SearchAction\",\"target\":{\"@type\":\"EntryPoint\",\"urlTemplate\":\"https:\/\/dicodusport.fr\/blog\/?s={search_term_string}\"},\"query-input\":{\"@type\":\"PropertyValueSpecification\",\"valueRequired\":true,\"valueName\":\"search_term_string\"}}],\"inLanguage\":\"fr-FR\"},{\"@type\":\"NewsMediaOrganization\",\"@id\":\"https:\/\/dicodusport.fr\/blog\/#organization\",\"name\":\"Dicodusport\",\"url\":\"https:\/\/dicodusport.fr\/blog\/\",\"logo\":{\"@type\":\"ImageObject\",\"inLanguage\":\"fr-FR\",\"@id\":\"https:\/\/dicodusport.fr\/blog\/#\/schema\/logo\/image\/\",\"url\":\"https:\/\/dicodusport.fr\/blog\/wp-content\/uploads\/2020\/06\/cropped-LOGO-DICODUSPORT-2020-SANS-FOND-SANS-TEXTE.png\",\"contentUrl\":\"https:\/\/dicodusport.fr\/blog\/wp-content\/uploads\/2020\/06\/cropped-LOGO-DICODUSPORT-2020-SANS-FOND-SANS-TEXTE.png\",\"width\":512,\"height\":512,\"caption\":\"Dicodusport\"},\"image\":{\"@id\":\"https:\/\/dicodusport.fr\/blog\/#\/schema\/logo\/image\/\"},\"sameAs\":[\"https:\/\/www.facebook.com\/dicodusport\",\"https:\/\/x.com\/dicodusport\",\"https:\/\/www.instagram.com\/dicodusport\/\",\"https:\/\/www.youtube.com\/channel\/UC7V2KZ5sd3htJivAbA4ZG3w\"],\"description\":\"Dicodusport est l'encyclop\u00e9die de l'actualit\u00e9 sportive.\",\"email\":\"bonjour@dicodusport.fr\",\"legalName\":\"DICODUSPORT\",\"foundingDate\":\"2018-01-14\",\"vatID\":\"FR71834470973\",\"taxID\":\"83447097300043\",\"numberOfEmployees\":{\"@type\":\"QuantitativeValue\",\"minValue\":\"1\",\"maxValue\":\"10\"}},{\"@type\":\"Person\",\"@id\":\"https:\/\/dicodusport.fr\/blog\/#\/schema\/person\/55dcb50ad410894e431ed812bbb70191\",\"name\":\"Nicolas Jacquemard\",\"image\":{\"@type\":\"ImageObject\",\"inLanguage\":\"fr-FR\",\"@id\":\"https:\/\/dicodusport.fr\/blog\/#\/schema\/person\/image\/\",\"url\":\"https:\/\/dicodusport.fr\/blog\/wp-content\/uploads\/2021\/05\/Nicolas-Jacquemard-150x150.jpeg\",\"contentUrl\":\"https:\/\/dicodusport.fr\/blog\/wp-content\/uploads\/2021\/05\/Nicolas-Jacquemard-150x150.jpeg\",\"caption\":\"Nicolas Jacquemard\"},\"description\":\"Passionn\u00e9 de sport et entrepreneur depuis mes 18 ans, la cr\u00e9ation de Dicodusport m'a sembl\u00e9 \u00e9vidente pour participer \u00e0 la m\u00e9diatisation d'un plus grand nombre de sports. Le chemin est long mais avec une \u00e9quipe des plus motiv\u00e9es et les Jeux Olympiques de Paris 2024 en point de mire, nous y arriverons ! Journaliste dans le monde du sport depuis plus de 5 ans, je traite aussi bien de football, de rugby, de biathlon que de cyclisme.\",\"sameAs\":[\"https:\/\/www.facebook.com\/dicodusport\",\"https:\/\/x.com\/https:\/\/twitter.com\/Nico_Jacquemard\"],\"url\":\"https:\/\/dicodusport.fr\/blog\/author\/dicodusport\/\"}]}<\/script>\n<!-- \/ Yoast SEO Premium plugin. -->","yoast_head_json":{"title":"Transferts : Un club de Top 14 veut signer le All Black Sevu Reece","description":"TOP 14 2023-2024 - Selon L'\u00c9quipe, le Montpellier HR aimerait s'offrir le All Black Sevu Reece pour la saison prochaine.\u00a0","robots":{"index":"index","follow":"follow","max-snippet":"max-snippet:-1","max-image-preview":"max-image-preview:large","max-video-preview":"max-video-preview:-1"},"canonical":"https:\/\/dicodusport.fr\/blog\/transferts-un-club-de-top-14-veut-signer-le-all-black-sevu-reece\/","og_locale":"fr_FR","og_type":"article","og_title":"Transferts : Un club de Top 14 veut signer le All Black Sevu Reece","og_description":"TOP 14 2023-2024 - Selon L'\u00c9quipe, le Montpellier HR aimerait s'offrir le All Black Sevu Reece pour la saison prochaine.\u00a0","og_url":"https:\/\/dicodusport.fr\/blog\/transferts-un-club-de-top-14-veut-signer-le-all-black-sevu-reece\/","og_site_name":"Dicodusport","article_publisher":"https:\/\/www.facebook.com\/dicodusport","article_author":"https:\/\/www.facebook.com\/dicodusport","article_published_time":"2024-02-22T11:31:45+00:00","article_modified_time":"2024-02-22T13:18:46+00:00","og_image":[{"width":1200,"height":674,"url":"https:\/\/dicodusport.fr\/blog\/wp-content\/uploads\/2024\/02\/Transferts-Un-club-de-Top-14-veut-signer-le-All-Black-Sevu-Reece.png","type":"image\/png"}],"author":"Nicolas Jacquemard","twitter_card":"summary_large_image","twitter_title":"Transferts : Un club de Top 14 veut signer le All Black Sevu Reece","twitter_creator":"@https:\/\/twitter.com\/Nico_Jacquemard","twitter_site":"@dicodusport","schema":{"@context":"https:\/\/schema.org","@graph":[{"@type":"NewsArticle","@id":"https:\/\/dicodusport.fr\/blog\/transferts-un-club-de-top-14-veut-signer-le-all-black-sevu-reece\/#article","isPartOf":{"@id":"https:\/\/dicodusport.fr\/blog\/transferts-un-club-de-top-14-veut-signer-le-all-black-sevu-reece\/"},"author":{"name":"Nicolas Jacquemard","@id":"https:\/\/dicodusport.fr\/blog\/#\/schema\/person\/55dcb50ad410894e431ed812bbb70191"},"headline":"Transferts : Un club de Top 14 veut signer le All Black Sevu Reece","datePublished":"2024-02-22T11:31:45+00:00","dateModified":"2024-02-22T13:18:46+00:00","mainEntityOfPage":{"@id":"https:\/\/dicodusport.fr\/blog\/transferts-un-club-de-top-14-veut-signer-le-all-black-sevu-reece\/"},"wordCount":291,"commentCount":0,"publisher":{"@id":"https:\/\/dicodusport.fr\/blog\/#organization"},"image":{"@id":"https:\/\/dicodusport.fr\/blog\/transferts-un-club-de-top-14-veut-signer-le-all-black-sevu-reece\/#primaryimage"},"thumbnailUrl":"https:\/\/dicodusport.fr\/blog\/wp-content\/uploads\/2024\/02\/Transferts-Un-club-de-Top-14-veut-signer-le-All-Black-Sevu-Reece.png","keywords":["br\u00e8ve","MHR","Transferts rugby"],"articleSection":["Rugby \u00e0 XV","Top 14"],"inLanguage":"fr-FR","potentialAction":[{"@type":"CommentAction","name":"Comment","target":["https:\/\/dicodusport.fr\/blog\/transferts-un-club-de-top-14-veut-signer-le-all-black-sevu-reece\/#respond"]}],"copyrightYear":"2024","copyrightHolder":{"@id":"https:\/\/dicodusport.fr\/blog\/#organization"}},{"@type":"WebPage","@id":"https:\/\/dicodusport.fr\/blog\/transferts-un-club-de-top-14-veut-signer-le-all-black-sevu-reece\/","url":"https:\/\/dicodusport.fr\/blog\/transferts-un-club-de-top-14-veut-signer-le-all-black-sevu-reece\/","name":"Transferts : Un club de Top 14 veut signer le All Black Sevu Reece","isPartOf":{"@id":"https:\/\/dicodusport.fr\/blog\/#website"},"primaryImageOfPage":{"@id":"https:\/\/dicodusport.fr\/blog\/transferts-un-club-de-top-14-veut-signer-le-all-black-sevu-reece\/#primaryimage"},"image":{"@id":"https:\/\/dicodusport.fr\/blog\/transferts-un-club-de-top-14-veut-signer-le-all-black-sevu-reece\/#primaryimage"},"thumbnailUrl":"https:\/\/dicodusport.fr\/blog\/wp-content\/uploads\/2024\/02\/Transferts-Un-club-de-Top-14-veut-signer-le-All-Black-Sevu-Reece.png","datePublished":"2024-02-22T11:31:45+00:00","dateModified":"2024-02-22T13:18:46+00:00","description":"TOP 14 2023-2024 - Selon L'\u00c9quipe, le Montpellier HR aimerait s'offrir le All Black Sevu Reece pour la saison prochaine.\u00a0","breadcrumb":{"@id":"https:\/\/dicodusport.fr\/blog\/transferts-un-club-de-top-14-veut-signer-le-all-black-sevu-reece\/#breadcrumb"},"inLanguage":"fr-FR","potentialAction":[{"@type":"ReadAction","target":["https:\/\/dicodusport.fr\/blog\/transferts-un-club-de-top-14-veut-signer-le-all-black-sevu-reece\/"]}]},{"@type":"ImageObject","inLanguage":"fr-FR","@id":"https:\/\/dicodusport.fr\/blog\/transferts-un-club-de-top-14-veut-signer-le-all-black-sevu-reece\/#primaryimage","url":"https:\/\/dicodusport.fr\/blog\/wp-content\/uploads\/2024\/02\/Transferts-Un-club-de-Top-14-veut-signer-le-All-Black-Sevu-Reece.png","contentUrl":"https:\/\/dicodusport.fr\/blog\/wp-content\/uploads\/2024\/02\/Transferts-Un-club-de-Top-14-veut-signer-le-All-Black-Sevu-Reece.png","width":1200,"height":674},{"@type":"BreadcrumbList","@id":"https:\/\/dicodusport.fr\/blog\/transferts-un-club-de-top-14-veut-signer-le-all-black-sevu-reece\/#breadcrumb","itemListElement":[{"@type":"ListItem","position":1,"name":"Accueil","item":"https:\/\/dicodusport.fr\/blog\/"},{"@type":"ListItem","position":2,"name":"Transferts : Un club de Top 14 veut signer le All Black Sevu Reece"}]},{"@type":"WebSite","@id":"https:\/\/dicodusport.fr\/blog\/#website","url":"https:\/\/dicodusport.fr\/blog\/","name":"Dicodusport","description":"L&#039;encyclop\u00e9die de l&#039;actualit\u00e9 sportive","publisher":{"@id":"https:\/\/dicodusport.fr\/blog\/#organization"},"potentialAction":[{"@type":"SearchAction","target":{"@type":"EntryPoint","urlTemplate":"https:\/\/dicodusport.fr\/blog\/?s={search_term_string}"},"query-input":{"@type":"PropertyValueSpecification","valueRequired":true,"valueName":"search_term_string"}}],"inLanguage":"fr-FR"},{"@type":"NewsMediaOrganization","@id":"https:\/\/dicodusport.fr\/blog\/#organization","name":"Dicodusport","url":"https:\/\/dicodusport.fr\/blog\/","logo":{"@type":"ImageObject","inLanguage":"fr-FR","@id":"https:\/\/dicodusport.fr\/blog\/#\/schema\/logo\/image\/","url":"https:\/\/dicodusport.fr\/blog\/wp-content\/uploads\/2020\/06\/cropped-LOGO-DICODUSPORT-2020-SANS-FOND-SANS-TEXTE.png","contentUrl":"https:\/\/dicodusport.fr\/blog\/wp-content\/uploads\/2020\/06\/cropped-LOGO-DICODUSPORT-2020-SANS-FOND-SANS-TEXTE.png","width":512,"height":512,"caption":"Dicodusport"},"image":{"@id":"https:\/\/dicodusport.fr\/blog\/#\/schema\/logo\/image\/"},"sameAs":["https:\/\/www.facebook.com\/dicodusport","https:\/\/x.com\/dicodusport","https:\/\/www.instagram.com\/dicodusport\/","https:\/\/www.youtube.com\/channel\/UC7V2KZ5sd3htJivAbA4ZG3w"],"description":"Dicodusport est l'encyclop\u00e9die de l'actualit\u00e9 sportive.","email":"bonjour@dicodusport.fr","legalName":"DICODUSPORT","foundingDate":"2018-01-14","vatID":"FR71834470973","taxID":"83447097300043","numberOfEmployees":{"@type":"QuantitativeValue","minValue":"1","maxValue":"10"}},{"@type":"Person","@id":"https:\/\/dicodusport.fr\/blog\/#\/schema\/person\/55dcb50ad410894e431ed812bbb70191","name":"Nicolas Jacquemard","image":{"@type":"ImageObject","inLanguage":"fr-FR","@id":"https:\/\/dicodusport.fr\/blog\/#\/schema\/person\/image\/","url":"https:\/\/dicodusport.fr\/blog\/wp-content\/uploads\/2021\/05\/Nicolas-Jacquemard-150x150.jpeg","contentUrl":"https:\/\/dicodusport.fr\/blog\/wp-content\/uploads\/2021\/05\/Nicolas-Jacquemard-150x150.jpeg","caption":"Nicolas Jacquemard"},"description":"Passionn\u00e9 de sport et entrepreneur depuis mes 18 ans, la cr\u00e9ation de Dicodusport m'a sembl\u00e9 \u00e9vidente pour participer \u00e0 la m\u00e9diatisation d'un plus grand nombre de sports. Le chemin est long mais avec une \u00e9quipe des plus motiv\u00e9es et les Jeux Olympiques de Paris 2024 en point de mire, nous y arriverons ! Journaliste dans le monde du sport depuis plus de 5 ans, je traite aussi bien de football, de rugby, de biathlon que de cyclisme.","sameAs":["https:\/\/www.facebook.com\/dicodusport","https:\/\/x.com\/https:\/\/twitter.com\/Nico_Jacquemard"],"url":"https:\/\/dicodusport.fr\/blog\/author\/dicodusport\/"}]}},"_links":{"self":[{"href":"https:\/\/dicodusport.fr\/blog\/wp-json\/wp\/v2\/posts\/465620","targetHints":{"allow":["GET"]}}],"collection":[{"href":"https:\/\/dicodusport.fr\/blog\/wp-json\/wp\/v2\/posts"}],"about":[{"href":"https:\/\/dicodusport.fr\/blog\/wp-json\/wp\/v2\/types\/post"}],"author":[{"embeddable":true,"href":"https:\/\/dicodusport.fr\/blog\/wp-json\/wp\/v2\/users\/1"}],"replies":[{"embeddable":true,"href":"https:\/\/dicodusport.fr\/blog\/wp-json\/wp\/v2\/comments?post=465620"}],"version-history":[{"count":3,"href":"https:\/\/dicodusport.fr\/blog\/wp-json\/wp\/v2\/posts\/465620\/revisions"}],"predecessor-version":[{"id":465640,"href":"https:\/\/dicodusport.fr\/blog\/wp-json\/wp\/v2\/posts\/465620\/revisions\/465640"}],"wp:featuredmedia":[{"embeddable":true,"href":"https:\/\/dicodusport.fr\/blog\/wp-json\/wp\/v2\/media\/465624"}],"wp:attachment":[{"href":"https:\/\/dicodusport.fr\/blog\/wp-json\/wp\/v2\/media?parent=465620"}],"wp:term":[{"taxonomy":"category","embeddable":true,"href":"https:\/\/dicodusport.fr\/blog\/wp-json\/wp\/v2\/categories?post=465620"},{"taxonomy":"post_tag","embeddable":true,"href":"https:\/\/dicodusport.fr\/blog\/wp-json\/wp\/v2\/tags?post=465620"}],"curies":[{"name":"wp","href":"https:\/\/api.w.org\/{rel}","templated":true}]}}