{"id":465628,"date":"2024-02-22T12:52:48","date_gmt":"2024-02-22T11:52:48","guid":{"rendered":"https:\/\/dicodusport.fr\/blog\/?p=465628&#038;preview=true&#038;preview_id=465628"},"modified":"2024-02-22T13:57:41","modified_gmt":"2024-02-22T12:57:41","slug":"saint-etienne-annecy-chaine-tv-et-heure-du-match","status":"publish","type":"post","link":"https:\/\/dicodusport.fr\/blog\/saint-etienne-annecy-chaine-tv-et-heure-du-match\/","title":{"rendered":"Saint-\u00c9tienne &#8211; Annecy : Cha\u00eene TV et Heure du match"},"content":{"rendered":"<p style=\"text-align: justify;\"><em><b>LIGUE 2 2023-2024 &#8211; Ce samedi, Saint-\u00c9tienne re\u00e7oit Annecy dans le cadre de la 26\u00e8me journ\u00e9e de Ligue 2. D\u00e9couvrez le programme TV.<\/b><\/em><\/p>\n<p style=\"text-align: justify;\">L&rsquo;<strong>AS Saint-\u00c9tienne<\/strong> a eu un coup de moins bien, il y a quelques semaines, avec deux mauvais matchs de suite et donc deux d\u00e9faites face \u00e0 <strong>Amiens<\/strong> et face \u00e0 Dunkerque. Mais les <strong>Verts<\/strong> se sont repris avec la mani\u00e8re puisqu&rsquo;ils restent sur deux succ\u00e8s de rang avec huit buts marqu\u00e9s pour z\u00e9ro encaiss\u00e9. Les <strong>St\u00e9phanois<\/strong> ont d&rsquo;abord corrig\u00e9 Troyes 5 \u00e0 0 avant de dominer Angers 3 \u00e0 0 la semaine pass\u00e9e.<\/p>\n<p style=\"text-align: justify;\"><strong>Annecy<\/strong>, maintenu en <strong>Ligue<\/strong> <strong>2<\/strong> au dernier moment apr\u00e8s la d\u00e9faillance de <strong>Sochaux<\/strong>, est en difficult\u00e9 cette saison. Le club haut-savoyard est avant-dernier au classement avec seulement 23 points en 25 matchs. <strong>Annecy<\/strong> reste sur deux d\u00e9faites de suite, \u00e0 chaque fois \u00e0 domicile, d&rsquo;abord face \u00e0 <strong>Concarneau<\/strong>, 3 \u00e0 0 puis face \u00e0 <strong>Auxerre<\/strong>, 2 \u00e0 0.<\/p>\n<p style=\"text-align: justify;\">Au match aller, les deux \u00e9quipes se sont quitt\u00e9es sur un nul, un partout. Chez les bookmakers, <strong>Saint-\u00c9tienne<\/strong> est largement favori pour cette rencontre de la 26\u00e8me journ\u00e9e de la <strong>Ligue<\/strong> <strong>2<\/strong>.<\/p>\n<h2 style=\"text-align: justify;\">Ligue 2 : Le Programme TV du match Saint-\u00c9tienne &#8211; Annecy<\/h2>\n<h3 style=\"text-align: justify;\">Samedi 24 f\u00e9vrier 2024<\/h3>\n<p style=\"text-align: justify;\"><strong>Match diffus\u00e9 sur beIN SPORTS 1<\/strong>\u00a0: D\u00e9but du match \u00e0<strong> 15h00.<\/strong><\/p>\n<h2 style=\"text-align: justify;\">Les cotes de Saint-\u00c9tienne &#8211; Annecy<\/h2>\n<table style=\"width: 800px;\">\n<tbody>\n<tr style=\"height: 16px;\">\n<td style=\"background-color: #404040; text-align: left; border-color: #ededed; width: 500px;\" colspan=\"3\"><span style=\"font-size: 12px; color: #ffffff;\">Samedi 24 f\u00e9vrier, 15h00<\/span><\/td>\n<\/tr>\n<tr style=\"height: 24px;\">\n<td style=\"background-color: #ffffff; border-color: #ededed; vertical-align: middle; text-align: center; width: 266px;\"><span style=\"font-size: 10px;\"><span style=\"font-size: 14px;\"><strong>Saint-\u00c9tienne<\/strong><\/span><br \/>\n<a href=\"https:\/\/www.winamax.fr\/paris-sportifs\/match\/42739465?banid=33423\" class=\"su-button su-button-style-flat su-button-wide\" style=\"color:#091C3E;background-color:#CDFB0A;border-color:#a4c908;border-radius:5px\" target=\"_blank\" rel=\"noopener noreferrer\"><span style=\"color:#091C3E;padding:0px 20px;font-size:16px;line-height:32px;border-color:#dcfd54;border-radius:5px;text-shadow:none\"> 1.58<\/span><\/a><\/span><\/td>\n<td style=\"background-color: #ffffff; border-color: #ededed; vertical-align: middle; text-align: center; width: 266px;\"><span style=\"font-size: 10px;\"><span style=\"font-size: 14px;\"><strong>Match nul<\/strong><\/span><br \/>\n<a href=\"https:\/\/www.winamax.fr\/paris-sportifs\/match\/42739465?banid=33423\" class=\"su-button su-button-style-flat su-button-wide\" style=\"color:#091C3E;background-color:#CDFB0A;border-color:#a4c908;border-radius:5px\" target=\"_blank\" rel=\"noopener noreferrer\"><span style=\"color:#091C3E;padding:0px 20px;font-size:16px;line-height:32px;border-color:#dcfd54;border-radius:5px;text-shadow:none\"> 4.00<\/span><\/a><\/span><\/td>\n<td style=\"background-color: #ffffff; border-color: #ededed; vertical-align: middle; text-align: center; width: 266px;\"><span style=\"font-size: 10px;\"><span style=\"font-size: 14px;\"><strong>Annecy<\/strong><\/span><br \/>\n<a href=\"https:\/\/www.winamax.fr\/paris-sportifs\/match\/42739465?banid=33423\" class=\"su-button su-button-style-flat su-button-wide\" style=\"color:#091C3E;background-color:#CDFB0A;border-color:#a4c908;border-radius:5px\" target=\"_blank\" rel=\"noopener noreferrer\"><span style=\"color:#091C3E;padding:0px 20px;font-size:16px;line-height:32px;border-color:#dcfd54;border-radius:5px;text-shadow:none\"> 5.70<\/span><\/a><\/span><\/td>\n<\/tr>\n<\/tbody>\n<\/table>\n<p style=\"text-align: justify;\">Tentez votre chance en profitant de votre <a href=\"https:\/\/www.winamax.fr\/registration\/landing\/affiliation_Bonus100?banid=33423\">1er d\u00e9p\u00f4t doubl\u00e9 jusqu&rsquo;\u00e0 100 \u20ac<\/a> direct en paris gratuits sur Winamax !<\/p>\n","protected":false},"excerpt":{"rendered":"<p>LIGUE 2 2023-2024 &#8211; Ce samedi, Saint-\u00c9tienne re\u00e7oit Annecy dans le cadre de la 26\u00e8me journ\u00e9e de Ligue 2. D\u00e9couvrez le programme TV.<\/p>\n","protected":false},"author":1,"featured_media":465632,"comment_status":"open","ping_status":"closed","sticky":false,"template":"","format":"standard","meta":{"_acf_changed":false,"_daextam_enable_autolinks":"1","footnotes":""},"categories":[2301],"tags":[5500,17213,75,21768,231,8799,457],"class_list":["post-465628","post","type-post","status-publish","format-standard","has-post-thumbnail","hentry","category-football","tag-annecy","tag-chaine","tag-football","tag-horaire","tag-ligue-2","tag-programme-tv","tag-saint-etienne"],"acf":[],"yoast_head":"<!-- This site is optimized with the Yoast SEO Premium plugin v26.7 (Yoast SEO v26.7) - https:\/\/yoast.com\/wordpress\/plugins\/seo\/ -->\n<title>Saint-\u00c9tienne - Annecy : Cha\u00eene TV et Heure du match<\/title>\n<meta name=\"description\" content=\"LIGUE 2 2023-2024 - Ce samedi, Saint-\u00c9tienne re\u00e7oit Annecy dans le cadre de la 26\u00e8me journ\u00e9e de Ligue 2. D\u00e9couvrez le programme TV.\" \/>\n<meta name=\"robots\" content=\"index, follow, max-snippet:-1, max-image-preview:large, max-video-preview:-1\" \/>\n<link rel=\"canonical\" href=\"https:\/\/dicodusport.fr\/blog\/saint-etienne-annecy-chaine-tv-et-heure-du-match\/\" \/>\n<meta property=\"og:locale\" content=\"fr_FR\" \/>\n<meta property=\"og:type\" content=\"article\" \/>\n<meta property=\"og:title\" content=\"Saint-\u00c9tienne - Annecy : Cha\u00eene TV et Heure du match\" \/>\n<meta property=\"og:description\" content=\"LIGUE 2 2023-2024 - Ce samedi, Saint-\u00c9tienne re\u00e7oit Annecy dans le cadre de la 26\u00e8me journ\u00e9e de Ligue 2. D\u00e9couvrez le programme TV.\" \/>\n<meta property=\"og:url\" content=\"https:\/\/dicodusport.fr\/blog\/saint-etienne-annecy-chaine-tv-et-heure-du-match\/\" \/>\n<meta property=\"og:site_name\" content=\"Dicodusport\" \/>\n<meta property=\"article:publisher\" content=\"https:\/\/www.facebook.com\/dicodusport\" \/>\n<meta property=\"article:author\" content=\"https:\/\/www.facebook.com\/dicodusport\" \/>\n<meta property=\"article:published_time\" content=\"2024-02-22T11:52:48+00:00\" \/>\n<meta property=\"article:modified_time\" content=\"2024-02-22T12:57:41+00:00\" \/>\n<meta property=\"og:image\" content=\"https:\/\/dicodusport.fr\/blog\/wp-content\/uploads\/2024\/02\/Saint-Etienne-Annecy-Chaine-TV-et-Heure-du-match.png\" \/>\n\t<meta property=\"og:image:width\" content=\"1200\" \/>\n\t<meta property=\"og:image:height\" content=\"674\" \/>\n\t<meta property=\"og:image:type\" content=\"image\/png\" \/>\n<meta name=\"author\" content=\"Nicolas Jacquemard\" \/>\n<meta name=\"twitter:card\" content=\"summary_large_image\" \/>\n<meta name=\"twitter:title\" content=\"Saint-\u00c9tienne - Annecy : Cha\u00eene TV et Heure du match\" \/>\n<meta name=\"twitter:creator\" content=\"@https:\/\/twitter.com\/Nico_Jacquemard\" \/>\n<meta name=\"twitter:site\" content=\"@dicodusport\" \/>\n<script type=\"application\/ld+json\" class=\"yoast-schema-graph\">{\"@context\":\"https:\/\/schema.org\",\"@graph\":[{\"@type\":\"NewsArticle\",\"@id\":\"https:\/\/dicodusport.fr\/blog\/saint-etienne-annecy-chaine-tv-et-heure-du-match\/#article\",\"isPartOf\":{\"@id\":\"https:\/\/dicodusport.fr\/blog\/saint-etienne-annecy-chaine-tv-et-heure-du-match\/\"},\"author\":{\"name\":\"Nicolas Jacquemard\",\"@id\":\"https:\/\/dicodusport.fr\/blog\/#\/schema\/person\/55dcb50ad410894e431ed812bbb70191\"},\"headline\":\"Saint-\u00c9tienne &#8211; Annecy : Cha\u00eene TV et Heure du match\",\"datePublished\":\"2024-02-22T11:52:48+00:00\",\"dateModified\":\"2024-02-22T12:57:41+00:00\",\"mainEntityOfPage\":{\"@id\":\"https:\/\/dicodusport.fr\/blog\/saint-etienne-annecy-chaine-tv-et-heure-du-match\/\"},\"wordCount\":331,\"commentCount\":0,\"publisher\":{\"@id\":\"https:\/\/dicodusport.fr\/blog\/#organization\"},\"image\":{\"@id\":\"https:\/\/dicodusport.fr\/blog\/saint-etienne-annecy-chaine-tv-et-heure-du-match\/#primaryimage\"},\"thumbnailUrl\":\"https:\/\/dicodusport.fr\/blog\/wp-content\/uploads\/2024\/02\/Saint-Etienne-Annecy-Chaine-TV-et-Heure-du-match.png\",\"keywords\":[\"Annecy\",\"Cha\u00eene\",\"Football\",\"Horaire\",\"ligue 2\",\"Programme TV\",\"Saint-Etienne\"],\"articleSection\":[\"Football\"],\"inLanguage\":\"fr-FR\",\"potentialAction\":[{\"@type\":\"CommentAction\",\"name\":\"Comment\",\"target\":[\"https:\/\/dicodusport.fr\/blog\/saint-etienne-annecy-chaine-tv-et-heure-du-match\/#respond\"]}],\"copyrightYear\":\"2024\",\"copyrightHolder\":{\"@id\":\"https:\/\/dicodusport.fr\/blog\/#organization\"}},{\"@type\":\"WebPage\",\"@id\":\"https:\/\/dicodusport.fr\/blog\/saint-etienne-annecy-chaine-tv-et-heure-du-match\/\",\"url\":\"https:\/\/dicodusport.fr\/blog\/saint-etienne-annecy-chaine-tv-et-heure-du-match\/\",\"name\":\"Saint-\u00c9tienne - Annecy : Cha\u00eene TV et Heure du match\",\"isPartOf\":{\"@id\":\"https:\/\/dicodusport.fr\/blog\/#website\"},\"primaryImageOfPage\":{\"@id\":\"https:\/\/dicodusport.fr\/blog\/saint-etienne-annecy-chaine-tv-et-heure-du-match\/#primaryimage\"},\"image\":{\"@id\":\"https:\/\/dicodusport.fr\/blog\/saint-etienne-annecy-chaine-tv-et-heure-du-match\/#primaryimage\"},\"thumbnailUrl\":\"https:\/\/dicodusport.fr\/blog\/wp-content\/uploads\/2024\/02\/Saint-Etienne-Annecy-Chaine-TV-et-Heure-du-match.png\",\"datePublished\":\"2024-02-22T11:52:48+00:00\",\"dateModified\":\"2024-02-22T12:57:41+00:00\",\"description\":\"LIGUE 2 2023-2024 - Ce samedi, Saint-\u00c9tienne re\u00e7oit Annecy dans le cadre de la 26\u00e8me journ\u00e9e de Ligue 2. D\u00e9couvrez le programme TV.\",\"breadcrumb\":{\"@id\":\"https:\/\/dicodusport.fr\/blog\/saint-etienne-annecy-chaine-tv-et-heure-du-match\/#breadcrumb\"},\"inLanguage\":\"fr-FR\",\"potentialAction\":[{\"@type\":\"ReadAction\",\"target\":[\"https:\/\/dicodusport.fr\/blog\/saint-etienne-annecy-chaine-tv-et-heure-du-match\/\"]}]},{\"@type\":\"ImageObject\",\"inLanguage\":\"fr-FR\",\"@id\":\"https:\/\/dicodusport.fr\/blog\/saint-etienne-annecy-chaine-tv-et-heure-du-match\/#primaryimage\",\"url\":\"https:\/\/dicodusport.fr\/blog\/wp-content\/uploads\/2024\/02\/Saint-Etienne-Annecy-Chaine-TV-et-Heure-du-match.png\",\"contentUrl\":\"https:\/\/dicodusport.fr\/blog\/wp-content\/uploads\/2024\/02\/Saint-Etienne-Annecy-Chaine-TV-et-Heure-du-match.png\",\"width\":1200,\"height\":674},{\"@type\":\"BreadcrumbList\",\"@id\":\"https:\/\/dicodusport.fr\/blog\/saint-etienne-annecy-chaine-tv-et-heure-du-match\/#breadcrumb\",\"itemListElement\":[{\"@type\":\"ListItem\",\"position\":1,\"name\":\"Accueil\",\"item\":\"https:\/\/dicodusport.fr\/blog\/\"},{\"@type\":\"ListItem\",\"position\":2,\"name\":\"Saint-\u00c9tienne &#8211; Annecy : Cha\u00eene TV et Heure du match\"}]},{\"@type\":\"WebSite\",\"@id\":\"https:\/\/dicodusport.fr\/blog\/#website\",\"url\":\"https:\/\/dicodusport.fr\/blog\/\",\"name\":\"Dicodusport\",\"description\":\"L&#039;encyclop\u00e9die de l&#039;actualit\u00e9 sportive\",\"publisher\":{\"@id\":\"https:\/\/dicodusport.fr\/blog\/#organization\"},\"potentialAction\":[{\"@type\":\"SearchAction\",\"target\":{\"@type\":\"EntryPoint\",\"urlTemplate\":\"https:\/\/dicodusport.fr\/blog\/?s={search_term_string}\"},\"query-input\":{\"@type\":\"PropertyValueSpecification\",\"valueRequired\":true,\"valueName\":\"search_term_string\"}}],\"inLanguage\":\"fr-FR\"},{\"@type\":\"NewsMediaOrganization\",\"@id\":\"https:\/\/dicodusport.fr\/blog\/#organization\",\"name\":\"Dicodusport\",\"url\":\"https:\/\/dicodusport.fr\/blog\/\",\"logo\":{\"@type\":\"ImageObject\",\"inLanguage\":\"fr-FR\",\"@id\":\"https:\/\/dicodusport.fr\/blog\/#\/schema\/logo\/image\/\",\"url\":\"https:\/\/dicodusport.fr\/blog\/wp-content\/uploads\/2020\/06\/cropped-LOGO-DICODUSPORT-2020-SANS-FOND-SANS-TEXTE.png\",\"contentUrl\":\"https:\/\/dicodusport.fr\/blog\/wp-content\/uploads\/2020\/06\/cropped-LOGO-DICODUSPORT-2020-SANS-FOND-SANS-TEXTE.png\",\"width\":512,\"height\":512,\"caption\":\"Dicodusport\"},\"image\":{\"@id\":\"https:\/\/dicodusport.fr\/blog\/#\/schema\/logo\/image\/\"},\"sameAs\":[\"https:\/\/www.facebook.com\/dicodusport\",\"https:\/\/x.com\/dicodusport\",\"https:\/\/www.instagram.com\/dicodusport\/\",\"https:\/\/www.youtube.com\/channel\/UC7V2KZ5sd3htJivAbA4ZG3w\"],\"description\":\"Dicodusport est l'encyclop\u00e9die de l'actualit\u00e9 sportive.\",\"email\":\"bonjour@dicodusport.fr\",\"legalName\":\"DICODUSPORT\",\"foundingDate\":\"2018-01-14\",\"vatID\":\"FR71834470973\",\"taxID\":\"83447097300043\",\"numberOfEmployees\":{\"@type\":\"QuantitativeValue\",\"minValue\":\"1\",\"maxValue\":\"10\"}},{\"@type\":\"Person\",\"@id\":\"https:\/\/dicodusport.fr\/blog\/#\/schema\/person\/55dcb50ad410894e431ed812bbb70191\",\"name\":\"Nicolas Jacquemard\",\"image\":{\"@type\":\"ImageObject\",\"inLanguage\":\"fr-FR\",\"@id\":\"https:\/\/dicodusport.fr\/blog\/#\/schema\/person\/image\/\",\"url\":\"https:\/\/dicodusport.fr\/blog\/wp-content\/uploads\/2021\/05\/Nicolas-Jacquemard-150x150.jpeg\",\"contentUrl\":\"https:\/\/dicodusport.fr\/blog\/wp-content\/uploads\/2021\/05\/Nicolas-Jacquemard-150x150.jpeg\",\"caption\":\"Nicolas Jacquemard\"},\"description\":\"Passionn\u00e9 de sport et entrepreneur depuis mes 18 ans, la cr\u00e9ation de Dicodusport m'a sembl\u00e9 \u00e9vidente pour participer \u00e0 la m\u00e9diatisation d'un plus grand nombre de sports. Le chemin est long mais avec une \u00e9quipe des plus motiv\u00e9es et les Jeux Olympiques de Paris 2024 en point de mire, nous y arriverons ! Journaliste dans le monde du sport depuis plus de 5 ans, je traite aussi bien de football, de rugby, de biathlon que de cyclisme.\",\"sameAs\":[\"https:\/\/www.facebook.com\/dicodusport\",\"https:\/\/x.com\/https:\/\/twitter.com\/Nico_Jacquemard\"],\"url\":\"https:\/\/dicodusport.fr\/blog\/author\/dicodusport\/\"}]}<\/script>\n<!-- \/ Yoast SEO Premium plugin. -->","yoast_head_json":{"title":"Saint-\u00c9tienne - Annecy : Cha\u00eene TV et Heure du match","description":"LIGUE 2 2023-2024 - Ce samedi, Saint-\u00c9tienne re\u00e7oit Annecy dans le cadre de la 26\u00e8me journ\u00e9e de Ligue 2. D\u00e9couvrez le programme TV.","robots":{"index":"index","follow":"follow","max-snippet":"max-snippet:-1","max-image-preview":"max-image-preview:large","max-video-preview":"max-video-preview:-1"},"canonical":"https:\/\/dicodusport.fr\/blog\/saint-etienne-annecy-chaine-tv-et-heure-du-match\/","og_locale":"fr_FR","og_type":"article","og_title":"Saint-\u00c9tienne - Annecy : Cha\u00eene TV et Heure du match","og_description":"LIGUE 2 2023-2024 - Ce samedi, Saint-\u00c9tienne re\u00e7oit Annecy dans le cadre de la 26\u00e8me journ\u00e9e de Ligue 2. D\u00e9couvrez le programme TV.","og_url":"https:\/\/dicodusport.fr\/blog\/saint-etienne-annecy-chaine-tv-et-heure-du-match\/","og_site_name":"Dicodusport","article_publisher":"https:\/\/www.facebook.com\/dicodusport","article_author":"https:\/\/www.facebook.com\/dicodusport","article_published_time":"2024-02-22T11:52:48+00:00","article_modified_time":"2024-02-22T12:57:41+00:00","og_image":[{"width":1200,"height":674,"url":"https:\/\/dicodusport.fr\/blog\/wp-content\/uploads\/2024\/02\/Saint-Etienne-Annecy-Chaine-TV-et-Heure-du-match.png","type":"image\/png"}],"author":"Nicolas Jacquemard","twitter_card":"summary_large_image","twitter_title":"Saint-\u00c9tienne - Annecy : Cha\u00eene TV et Heure du match","twitter_creator":"@https:\/\/twitter.com\/Nico_Jacquemard","twitter_site":"@dicodusport","schema":{"@context":"https:\/\/schema.org","@graph":[{"@type":"NewsArticle","@id":"https:\/\/dicodusport.fr\/blog\/saint-etienne-annecy-chaine-tv-et-heure-du-match\/#article","isPartOf":{"@id":"https:\/\/dicodusport.fr\/blog\/saint-etienne-annecy-chaine-tv-et-heure-du-match\/"},"author":{"name":"Nicolas Jacquemard","@id":"https:\/\/dicodusport.fr\/blog\/#\/schema\/person\/55dcb50ad410894e431ed812bbb70191"},"headline":"Saint-\u00c9tienne &#8211; Annecy : Cha\u00eene TV et Heure du match","datePublished":"2024-02-22T11:52:48+00:00","dateModified":"2024-02-22T12:57:41+00:00","mainEntityOfPage":{"@id":"https:\/\/dicodusport.fr\/blog\/saint-etienne-annecy-chaine-tv-et-heure-du-match\/"},"wordCount":331,"commentCount":0,"publisher":{"@id":"https:\/\/dicodusport.fr\/blog\/#organization"},"image":{"@id":"https:\/\/dicodusport.fr\/blog\/saint-etienne-annecy-chaine-tv-et-heure-du-match\/#primaryimage"},"thumbnailUrl":"https:\/\/dicodusport.fr\/blog\/wp-content\/uploads\/2024\/02\/Saint-Etienne-Annecy-Chaine-TV-et-Heure-du-match.png","keywords":["Annecy","Cha\u00eene","Football","Horaire","ligue 2","Programme TV","Saint-Etienne"],"articleSection":["Football"],"inLanguage":"fr-FR","potentialAction":[{"@type":"CommentAction","name":"Comment","target":["https:\/\/dicodusport.fr\/blog\/saint-etienne-annecy-chaine-tv-et-heure-du-match\/#respond"]}],"copyrightYear":"2024","copyrightHolder":{"@id":"https:\/\/dicodusport.fr\/blog\/#organization"}},{"@type":"WebPage","@id":"https:\/\/dicodusport.fr\/blog\/saint-etienne-annecy-chaine-tv-et-heure-du-match\/","url":"https:\/\/dicodusport.fr\/blog\/saint-etienne-annecy-chaine-tv-et-heure-du-match\/","name":"Saint-\u00c9tienne - Annecy : Cha\u00eene TV et Heure du match","isPartOf":{"@id":"https:\/\/dicodusport.fr\/blog\/#website"},"primaryImageOfPage":{"@id":"https:\/\/dicodusport.fr\/blog\/saint-etienne-annecy-chaine-tv-et-heure-du-match\/#primaryimage"},"image":{"@id":"https:\/\/dicodusport.fr\/blog\/saint-etienne-annecy-chaine-tv-et-heure-du-match\/#primaryimage"},"thumbnailUrl":"https:\/\/dicodusport.fr\/blog\/wp-content\/uploads\/2024\/02\/Saint-Etienne-Annecy-Chaine-TV-et-Heure-du-match.png","datePublished":"2024-02-22T11:52:48+00:00","dateModified":"2024-02-22T12:57:41+00:00","description":"LIGUE 2 2023-2024 - Ce samedi, Saint-\u00c9tienne re\u00e7oit Annecy dans le cadre de la 26\u00e8me journ\u00e9e de Ligue 2. D\u00e9couvrez le programme TV.","breadcrumb":{"@id":"https:\/\/dicodusport.fr\/blog\/saint-etienne-annecy-chaine-tv-et-heure-du-match\/#breadcrumb"},"inLanguage":"fr-FR","potentialAction":[{"@type":"ReadAction","target":["https:\/\/dicodusport.fr\/blog\/saint-etienne-annecy-chaine-tv-et-heure-du-match\/"]}]},{"@type":"ImageObject","inLanguage":"fr-FR","@id":"https:\/\/dicodusport.fr\/blog\/saint-etienne-annecy-chaine-tv-et-heure-du-match\/#primaryimage","url":"https:\/\/dicodusport.fr\/blog\/wp-content\/uploads\/2024\/02\/Saint-Etienne-Annecy-Chaine-TV-et-Heure-du-match.png","contentUrl":"https:\/\/dicodusport.fr\/blog\/wp-content\/uploads\/2024\/02\/Saint-Etienne-Annecy-Chaine-TV-et-Heure-du-match.png","width":1200,"height":674},{"@type":"BreadcrumbList","@id":"https:\/\/dicodusport.fr\/blog\/saint-etienne-annecy-chaine-tv-et-heure-du-match\/#breadcrumb","itemListElement":[{"@type":"ListItem","position":1,"name":"Accueil","item":"https:\/\/dicodusport.fr\/blog\/"},{"@type":"ListItem","position":2,"name":"Saint-\u00c9tienne &#8211; Annecy : Cha\u00eene TV et Heure du match"}]},{"@type":"WebSite","@id":"https:\/\/dicodusport.fr\/blog\/#website","url":"https:\/\/dicodusport.fr\/blog\/","name":"Dicodusport","description":"L&#039;encyclop\u00e9die de l&#039;actualit\u00e9 sportive","publisher":{"@id":"https:\/\/dicodusport.fr\/blog\/#organization"},"potentialAction":[{"@type":"SearchAction","target":{"@type":"EntryPoint","urlTemplate":"https:\/\/dicodusport.fr\/blog\/?s={search_term_string}"},"query-input":{"@type":"PropertyValueSpecification","valueRequired":true,"valueName":"search_term_string"}}],"inLanguage":"fr-FR"},{"@type":"NewsMediaOrganization","@id":"https:\/\/dicodusport.fr\/blog\/#organization","name":"Dicodusport","url":"https:\/\/dicodusport.fr\/blog\/","logo":{"@type":"ImageObject","inLanguage":"fr-FR","@id":"https:\/\/dicodusport.fr\/blog\/#\/schema\/logo\/image\/","url":"https:\/\/dicodusport.fr\/blog\/wp-content\/uploads\/2020\/06\/cropped-LOGO-DICODUSPORT-2020-SANS-FOND-SANS-TEXTE.png","contentUrl":"https:\/\/dicodusport.fr\/blog\/wp-content\/uploads\/2020\/06\/cropped-LOGO-DICODUSPORT-2020-SANS-FOND-SANS-TEXTE.png","width":512,"height":512,"caption":"Dicodusport"},"image":{"@id":"https:\/\/dicodusport.fr\/blog\/#\/schema\/logo\/image\/"},"sameAs":["https:\/\/www.facebook.com\/dicodusport","https:\/\/x.com\/dicodusport","https:\/\/www.instagram.com\/dicodusport\/","https:\/\/www.youtube.com\/channel\/UC7V2KZ5sd3htJivAbA4ZG3w"],"description":"Dicodusport est l'encyclop\u00e9die de l'actualit\u00e9 sportive.","email":"bonjour@dicodusport.fr","legalName":"DICODUSPORT","foundingDate":"2018-01-14","vatID":"FR71834470973","taxID":"83447097300043","numberOfEmployees":{"@type":"QuantitativeValue","minValue":"1","maxValue":"10"}},{"@type":"Person","@id":"https:\/\/dicodusport.fr\/blog\/#\/schema\/person\/55dcb50ad410894e431ed812bbb70191","name":"Nicolas Jacquemard","image":{"@type":"ImageObject","inLanguage":"fr-FR","@id":"https:\/\/dicodusport.fr\/blog\/#\/schema\/person\/image\/","url":"https:\/\/dicodusport.fr\/blog\/wp-content\/uploads\/2021\/05\/Nicolas-Jacquemard-150x150.jpeg","contentUrl":"https:\/\/dicodusport.fr\/blog\/wp-content\/uploads\/2021\/05\/Nicolas-Jacquemard-150x150.jpeg","caption":"Nicolas Jacquemard"},"description":"Passionn\u00e9 de sport et entrepreneur depuis mes 18 ans, la cr\u00e9ation de Dicodusport m'a sembl\u00e9 \u00e9vidente pour participer \u00e0 la m\u00e9diatisation d'un plus grand nombre de sports. Le chemin est long mais avec une \u00e9quipe des plus motiv\u00e9es et les Jeux Olympiques de Paris 2024 en point de mire, nous y arriverons ! Journaliste dans le monde du sport depuis plus de 5 ans, je traite aussi bien de football, de rugby, de biathlon que de cyclisme.","sameAs":["https:\/\/www.facebook.com\/dicodusport","https:\/\/x.com\/https:\/\/twitter.com\/Nico_Jacquemard"],"url":"https:\/\/dicodusport.fr\/blog\/author\/dicodusport\/"}]}},"_links":{"self":[{"href":"https:\/\/dicodusport.fr\/blog\/wp-json\/wp\/v2\/posts\/465628","targetHints":{"allow":["GET"]}}],"collection":[{"href":"https:\/\/dicodusport.fr\/blog\/wp-json\/wp\/v2\/posts"}],"about":[{"href":"https:\/\/dicodusport.fr\/blog\/wp-json\/wp\/v2\/types\/post"}],"author":[{"embeddable":true,"href":"https:\/\/dicodusport.fr\/blog\/wp-json\/wp\/v2\/users\/1"}],"replies":[{"embeddable":true,"href":"https:\/\/dicodusport.fr\/blog\/wp-json\/wp\/v2\/comments?post=465628"}],"version-history":[{"count":4,"href":"https:\/\/dicodusport.fr\/blog\/wp-json\/wp\/v2\/posts\/465628\/revisions"}],"predecessor-version":[{"id":465655,"href":"https:\/\/dicodusport.fr\/blog\/wp-json\/wp\/v2\/posts\/465628\/revisions\/465655"}],"wp:featuredmedia":[{"embeddable":true,"href":"https:\/\/dicodusport.fr\/blog\/wp-json\/wp\/v2\/media\/465632"}],"wp:attachment":[{"href":"https:\/\/dicodusport.fr\/blog\/wp-json\/wp\/v2\/media?parent=465628"}],"wp:term":[{"taxonomy":"category","embeddable":true,"href":"https:\/\/dicodusport.fr\/blog\/wp-json\/wp\/v2\/categories?post=465628"},{"taxonomy":"post_tag","embeddable":true,"href":"https:\/\/dicodusport.fr\/blog\/wp-json\/wp\/v2\/tags?post=465628"}],"curies":[{"name":"wp","href":"https:\/\/api.w.org\/{rel}","templated":true}]}}