{"id":46563,"date":"2019-08-28T13:38:46","date_gmt":"2019-08-28T11:38:46","guid":{"rendered":"http:\/\/dicodusport.fr\/blog\/?p=46563"},"modified":"2019-08-30T14:04:54","modified_gmt":"2019-08-30T12:04:54","slug":"judo-mondiaux-2019-clarisse-agbegnenou-remporte-un-quatrieme-titre-mondial","status":"publish","type":"post","link":"https:\/\/dicodusport.fr\/blog\/judo-mondiaux-2019-clarisse-agbegnenou-remporte-un-quatrieme-titre-mondial\/","title":{"rendered":"Judo &#8211; Mondiaux 2019 : Clarisse Agbegnenou remporte un quatri\u00e8me titre mondial"},"content":{"rendered":"<p style=\"text-align: justify;\"><strong><em>Magistrale Clarisse Agbegnenou ! La Fran\u00e7aise a remport\u00e9 ce mercredi une quatri\u00e8me couronne mondiale dans la cat\u00e9gorie des &#8211; de 63 kg, au terme d&rsquo;une finale qui aura dur\u00e9 plus de 10 minutes face \u00e0 la Nipponne Miku Tashiro.<br \/>\n<\/em><\/strong><\/p>\n<p style=\"text-align: justify;\">Elle \u00e9tait venue uniquement pour l&rsquo;or, et elle repartira bel et bien avec la plus belle des breloques. \u00c0 26 ans, <a href=\"https:\/\/dicodusport.fr\/blog\/tag\/clarisse-agbegnenou\/\" target=\"_blank\" rel=\"noopener\">Clarisse Agbegnenou<\/a> est devenue pour la quatri\u00e8me fois de sa carri\u00e8re championne du monde de judo, le troisi\u00e8me titre mondial cons\u00e9cutif, dans la cat\u00e9gorie des &#8211; de 63 kg. Imp\u00e9riale jusqu&rsquo;en demi-finale, la Rennaise a \u00e9t\u00e9 pouss\u00e9e au bout du bout en finale par la Japonnaise <strong>Miku Tashiro<\/strong>. Mais au terme d&rsquo;un combat de pratiquement 11 minutes, la num\u00e9ro une mondiale, invaincue depuis 20 mois, a fait plier la Nipponne.<\/p>\n<blockquote class=\"twitter-tweet\" data-lang=\"fr\">\n<p dir=\"ltr\" lang=\"fr\">Clarisse Agbegnenou est CHAMPIONNE DU MONDE&#x1f1eb;&#x1f1f7;&#x1f94b;<\/p>\n<p>Elle remporte son 4\u00e8me titre de championne du monde apr\u00e8s une finale d&rsquo;anthologie ! <a href=\"https:\/\/twitter.com\/hashtag\/lequipeJUDO?src=hash&amp;ref_src=twsrc%5Etfw\">#lequipeJUDO<\/a> <a href=\"https:\/\/t.co\/xwLic8uUJ8\">pic.twitter.com\/xwLic8uUJ8<\/a><\/p>\n<p>\u2014 la chaine L&rsquo;\u00c9quipe (@lachainelequipe) <a href=\"https:\/\/twitter.com\/lachainelequipe\/status\/1166675812101316608?ref_src=twsrc%5Etfw\">28 ao\u00fbt 2019<\/a><\/p><\/blockquote>\n<p><script async src=\"https:\/\/platform.twitter.com\/widgets.js\" charset=\"utf-8\"><\/script><\/p>\n<p style=\"text-align: justify;\">Gr\u00e2ce \u00e0 cette nouvelle m\u00e9daille d&rsquo;or mondiale, <strong>Clarisse Agbegnenou<\/strong> devient la judoka fran\u00e7aise le plus titr\u00e9e de l&rsquo;histoire aux Mondiaux, devant <strong>G\u00e9vrise Emane<\/strong>, <strong>Lucie D\u00e9cosse<\/strong> et <strong>Brigitte Deydier<\/strong>, toutes les trois sur la plus haute marche du podium \u00e0 trois reprises. \u00c0 un an des JO dans la capitale nipponne, <strong>Agbegnenou<\/strong> a pris rendez-vous.<\/p>\n<p><strong><em>Dicodusport<br \/>\n<a href=\"https:\/\/www.facebook.com\/dicodusport\/\" target=\"_blank\" rel=\"noopener\"><img loading=\"lazy\" decoding=\"async\" class=\"alignnone wp-image-2909\" src=\"http:\/\/dicodusport.fr\/blog\/wp-content\/uploads\/2017\/07\/logo-facebook-150x150.png\" alt=\"\" width=\"40\" height=\"40\" \/><\/a><a href=\"https:\/\/twitter.com\/dicodusport\" target=\"_blank\" rel=\"noopener\"><img loading=\"lazy\" decoding=\"async\" class=\"alignnone wp-image-2908\" src=\"http:\/\/dicodusport.fr\/blog\/wp-content\/uploads\/2017\/07\/logo-twitter-150x150.png\" alt=\"\" width=\"39\" height=\"39\" \/><\/a><\/em><\/strong><\/p>\n","protected":false},"excerpt":{"rendered":"<p>Magistral Clarisse Agbegnenou ! La Fran\u00e7aise a remport\u00e9 ce mercredi une quatri\u00e8me couronne mondiale dans la cat\u00e9gorie des &#8211; de 63 kg.<\/p>\n","protected":false},"author":4,"featured_media":46571,"comment_status":"open","ping_status":"closed","sticky":false,"template":"","format":"standard","meta":{"_acf_changed":false,"_daextam_enable_autolinks":"","footnotes":""},"categories":[8651],"tags":[1788,68,24],"class_list":["post-46563","post","type-post","status-publish","format-standard","has-post-thumbnail","hentry","category-judo","tag-clarisse-agbegnenou","tag-judo","tag-sport"],"acf":[],"yoast_head":"<!-- This site is optimized with the Yoast SEO Premium plugin v26.7 (Yoast SEO v26.7) - https:\/\/yoast.com\/wordpress\/plugins\/seo\/ -->\n<title>Judo - Mondiaux 2019 : Clarisse Agbegnenou remporte un quatri\u00e8me titre mondial<\/title>\n<meta name=\"description\" content=\"Magistrale Clarisse Agbegnenou ! La Fran\u00e7aise a remport\u00e9 ce mercredi une quatri\u00e8me couronne mondiale dans la cat\u00e9gorie des - de 63 kg.\" \/>\n<meta name=\"robots\" content=\"index, follow, max-snippet:-1, max-image-preview:large, max-video-preview:-1\" \/>\n<link rel=\"canonical\" href=\"https:\/\/dicodusport.fr\/blog\/judo-mondiaux-2019-clarisse-agbegnenou-remporte-un-quatrieme-titre-mondial\/\" \/>\n<meta property=\"og:locale\" content=\"fr_FR\" \/>\n<meta property=\"og:type\" content=\"article\" \/>\n<meta property=\"og:title\" content=\"Judo : Clarisse Agbegnenou remporte un quatri\u00e8me titre mondial\" \/>\n<meta property=\"og:description\" content=\"Magistrale Clarisse Agbegnenou ! La Fran\u00e7aise a remport\u00e9 ce mercredi une quatri\u00e8me couronne mondiale dans la cat\u00e9gorie des - de 63 kg.\" \/>\n<meta property=\"og:url\" content=\"https:\/\/dicodusport.fr\/blog\/judo-mondiaux-2019-clarisse-agbegnenou-remporte-un-quatrieme-titre-mondial\/\" \/>\n<meta property=\"og:site_name\" content=\"Dicodusport\" \/>\n<meta property=\"article:publisher\" content=\"https:\/\/www.facebook.com\/dicodusport\" \/>\n<meta property=\"article:author\" content=\"https:\/\/www.facebook.com\/florent.ostermann\" \/>\n<meta property=\"article:published_time\" content=\"2019-08-28T11:38:46+00:00\" \/>\n<meta property=\"article:modified_time\" content=\"2019-08-30T12:04:54+00:00\" \/>\n<meta property=\"og:image\" content=\"https:\/\/dicodusport.fr\/blog\/wp-content\/uploads\/2019\/08\/Clarisse-Agbegnenou-lors-des-Mondiaux-de-judo-2019-\u00e0-Tokyo.png\" \/>\n\t<meta property=\"og:image:width\" content=\"800\" \/>\n\t<meta property=\"og:image:height\" content=\"445\" \/>\n\t<meta property=\"og:image:type\" content=\"image\/png\" \/>\n<meta name=\"author\" content=\"Flo Ostermann\" \/>\n<meta name=\"twitter:card\" content=\"summary_large_image\" \/>\n<meta name=\"twitter:title\" content=\"Judo : Clarisse Agbegnenou remporte un quatri\u00e8me titre mondial\" \/>\n<meta name=\"twitter:creator\" content=\"@https:\/\/twitter.com\/FlOstermann\" \/>\n<meta name=\"twitter:site\" content=\"@dicodusport\" \/>\n<script type=\"application\/ld+json\" class=\"yoast-schema-graph\">{\"@context\":\"https:\/\/schema.org\",\"@graph\":[{\"@type\":\"NewsArticle\",\"@id\":\"https:\/\/dicodusport.fr\/blog\/judo-mondiaux-2019-clarisse-agbegnenou-remporte-un-quatrieme-titre-mondial\/#article\",\"isPartOf\":{\"@id\":\"https:\/\/dicodusport.fr\/blog\/judo-mondiaux-2019-clarisse-agbegnenou-remporte-un-quatrieme-titre-mondial\/\"},\"author\":{\"name\":\"Flo Ostermann\",\"@id\":\"https:\/\/dicodusport.fr\/blog\/#\/schema\/person\/cb02af4c173ce4a653b55e9baf388d4a\"},\"headline\":\"Judo &#8211; Mondiaux 2019 : Clarisse Agbegnenou remporte un quatri\u00e8me titre mondial\",\"datePublished\":\"2019-08-28T11:38:46+00:00\",\"dateModified\":\"2019-08-30T12:04:54+00:00\",\"mainEntityOfPage\":{\"@id\":\"https:\/\/dicodusport.fr\/blog\/judo-mondiaux-2019-clarisse-agbegnenou-remporte-un-quatrieme-titre-mondial\/\"},\"wordCount\":250,\"commentCount\":0,\"publisher\":{\"@id\":\"https:\/\/dicodusport.fr\/blog\/#organization\"},\"image\":{\"@id\":\"https:\/\/dicodusport.fr\/blog\/judo-mondiaux-2019-clarisse-agbegnenou-remporte-un-quatrieme-titre-mondial\/#primaryimage\"},\"thumbnailUrl\":\"https:\/\/dicodusport.fr\/blog\/wp-content\/uploads\/2019\/08\/Clarisse-Agbegnenou-lors-des-Mondiaux-de-judo-2019-\u00e0-Tokyo.png\",\"keywords\":[\"Clarisse Agbegnenou\",\"Judo\",\"sport\"],\"articleSection\":[\"Judo\"],\"inLanguage\":\"fr-FR\",\"potentialAction\":[{\"@type\":\"CommentAction\",\"name\":\"Comment\",\"target\":[\"https:\/\/dicodusport.fr\/blog\/judo-mondiaux-2019-clarisse-agbegnenou-remporte-un-quatrieme-titre-mondial\/#respond\"]}],\"copyrightYear\":\"2019\",\"copyrightHolder\":{\"@id\":\"https:\/\/dicodusport.fr\/blog\/#organization\"}},{\"@type\":\"WebPage\",\"@id\":\"https:\/\/dicodusport.fr\/blog\/judo-mondiaux-2019-clarisse-agbegnenou-remporte-un-quatrieme-titre-mondial\/\",\"url\":\"https:\/\/dicodusport.fr\/blog\/judo-mondiaux-2019-clarisse-agbegnenou-remporte-un-quatrieme-titre-mondial\/\",\"name\":\"Judo - Mondiaux 2019 : Clarisse Agbegnenou remporte un quatri\u00e8me titre mondial\",\"isPartOf\":{\"@id\":\"https:\/\/dicodusport.fr\/blog\/#website\"},\"primaryImageOfPage\":{\"@id\":\"https:\/\/dicodusport.fr\/blog\/judo-mondiaux-2019-clarisse-agbegnenou-remporte-un-quatrieme-titre-mondial\/#primaryimage\"},\"image\":{\"@id\":\"https:\/\/dicodusport.fr\/blog\/judo-mondiaux-2019-clarisse-agbegnenou-remporte-un-quatrieme-titre-mondial\/#primaryimage\"},\"thumbnailUrl\":\"https:\/\/dicodusport.fr\/blog\/wp-content\/uploads\/2019\/08\/Clarisse-Agbegnenou-lors-des-Mondiaux-de-judo-2019-\u00e0-Tokyo.png\",\"datePublished\":\"2019-08-28T11:38:46+00:00\",\"dateModified\":\"2019-08-30T12:04:54+00:00\",\"description\":\"Magistrale Clarisse Agbegnenou ! La Fran\u00e7aise a remport\u00e9 ce mercredi une quatri\u00e8me couronne mondiale dans la cat\u00e9gorie des - de 63 kg.\",\"breadcrumb\":{\"@id\":\"https:\/\/dicodusport.fr\/blog\/judo-mondiaux-2019-clarisse-agbegnenou-remporte-un-quatrieme-titre-mondial\/#breadcrumb\"},\"inLanguage\":\"fr-FR\",\"potentialAction\":[{\"@type\":\"ReadAction\",\"target\":[\"https:\/\/dicodusport.fr\/blog\/judo-mondiaux-2019-clarisse-agbegnenou-remporte-un-quatrieme-titre-mondial\/\"]}]},{\"@type\":\"ImageObject\",\"inLanguage\":\"fr-FR\",\"@id\":\"https:\/\/dicodusport.fr\/blog\/judo-mondiaux-2019-clarisse-agbegnenou-remporte-un-quatrieme-titre-mondial\/#primaryimage\",\"url\":\"https:\/\/dicodusport.fr\/blog\/wp-content\/uploads\/2019\/08\/Clarisse-Agbegnenou-lors-des-Mondiaux-de-judo-2019-\u00e0-Tokyo.png\",\"contentUrl\":\"https:\/\/dicodusport.fr\/blog\/wp-content\/uploads\/2019\/08\/Clarisse-Agbegnenou-lors-des-Mondiaux-de-judo-2019-\u00e0-Tokyo.png\",\"width\":800,\"height\":445},{\"@type\":\"BreadcrumbList\",\"@id\":\"https:\/\/dicodusport.fr\/blog\/judo-mondiaux-2019-clarisse-agbegnenou-remporte-un-quatrieme-titre-mondial\/#breadcrumb\",\"itemListElement\":[{\"@type\":\"ListItem\",\"position\":1,\"name\":\"Accueil\",\"item\":\"https:\/\/dicodusport.fr\/blog\/\"},{\"@type\":\"ListItem\",\"position\":2,\"name\":\"Judo &#8211; Mondiaux 2019 : Clarisse Agbegnenou remporte un quatri\u00e8me titre mondial\"}]},{\"@type\":\"WebSite\",\"@id\":\"https:\/\/dicodusport.fr\/blog\/#website\",\"url\":\"https:\/\/dicodusport.fr\/blog\/\",\"name\":\"Dicodusport\",\"description\":\"L&#039;encyclop\u00e9die de l&#039;actualit\u00e9 sportive\",\"publisher\":{\"@id\":\"https:\/\/dicodusport.fr\/blog\/#organization\"},\"potentialAction\":[{\"@type\":\"SearchAction\",\"target\":{\"@type\":\"EntryPoint\",\"urlTemplate\":\"https:\/\/dicodusport.fr\/blog\/?s={search_term_string}\"},\"query-input\":{\"@type\":\"PropertyValueSpecification\",\"valueRequired\":true,\"valueName\":\"search_term_string\"}}],\"inLanguage\":\"fr-FR\"},{\"@type\":\"NewsMediaOrganization\",\"@id\":\"https:\/\/dicodusport.fr\/blog\/#organization\",\"name\":\"Dicodusport\",\"url\":\"https:\/\/dicodusport.fr\/blog\/\",\"logo\":{\"@type\":\"ImageObject\",\"inLanguage\":\"fr-FR\",\"@id\":\"https:\/\/dicodusport.fr\/blog\/#\/schema\/logo\/image\/\",\"url\":\"https:\/\/dicodusport.fr\/blog\/wp-content\/uploads\/2020\/06\/cropped-LOGO-DICODUSPORT-2020-SANS-FOND-SANS-TEXTE.png\",\"contentUrl\":\"https:\/\/dicodusport.fr\/blog\/wp-content\/uploads\/2020\/06\/cropped-LOGO-DICODUSPORT-2020-SANS-FOND-SANS-TEXTE.png\",\"width\":512,\"height\":512,\"caption\":\"Dicodusport\"},\"image\":{\"@id\":\"https:\/\/dicodusport.fr\/blog\/#\/schema\/logo\/image\/\"},\"sameAs\":[\"https:\/\/www.facebook.com\/dicodusport\",\"https:\/\/x.com\/dicodusport\",\"https:\/\/www.instagram.com\/dicodusport\/\",\"https:\/\/www.youtube.com\/channel\/UC7V2KZ5sd3htJivAbA4ZG3w\"],\"description\":\"Dicodusport est l'encyclop\u00e9die de l'actualit\u00e9 sportive.\",\"email\":\"bonjour@dicodusport.fr\",\"legalName\":\"DICODUSPORT\",\"foundingDate\":\"2018-01-14\",\"vatID\":\"FR71834470973\",\"taxID\":\"83447097300043\",\"numberOfEmployees\":{\"@type\":\"QuantitativeValue\",\"minValue\":\"1\",\"maxValue\":\"10\"}},{\"@type\":\"Person\",\"@id\":\"https:\/\/dicodusport.fr\/blog\/#\/schema\/person\/cb02af4c173ce4a653b55e9baf388d4a\",\"name\":\"Flo Ostermann\",\"image\":{\"@type\":\"ImageObject\",\"inLanguage\":\"fr-FR\",\"@id\":\"https:\/\/dicodusport.fr\/blog\/#\/schema\/person\/image\/\",\"url\":\"https:\/\/dicodusport.fr\/blog\/wp-content\/uploads\/2021\/05\/Flo-Ostermann-150x150.jpg\",\"contentUrl\":\"https:\/\/dicodusport.fr\/blog\/wp-content\/uploads\/2021\/05\/Flo-Ostermann-150x150.jpg\",\"caption\":\"Flo Ostermann\"},\"description\":\"Journaliste\/R\u00e9dacteur depuis septembre 2015 - Mes premiers souvenirs dans le sport ? Les envol\u00e9es du Stade Toulousain et les duels Villeneuve-Schumacher et H\u00e4kkinen-Schumacher \u00e0 la fin des ann\u00e9es 90, la Coupe du monde de football en 1998, l\u2019exploit du XV de France face aux All Blacks en 1999, mais aussi Richard C\u0153ur de Lion qui vole sur les montagnes du Tour de France. Bien parti pour devenir professeur d\u2019EPS, les \u00e9v\u00e9nements de la vie (et la flemme d\u2019animer des s\u00e9ances de 3x500 m\u00e8tres toute ma vie) m\u2019ont conduit \u00e0 revoir mes plans. Me voil\u00e0 depuis fin 2017 sur Dicodusport, m\u00e9dia gr\u00e2ce (et pour) lequel je partage ma passion : le sport dans tous ses \u00e9tats. Le tout accompagn\u00e9 par les fous furieux et folles furieuses cit\u00e9s sur cette page !\",\"sameAs\":[\"https:\/\/www.facebook.com\/florent.ostermann\",\"https:\/\/x.com\/https:\/\/twitter.com\/FlOstermann\",\"admin\"],\"url\":\"https:\/\/dicodusport.fr\/blog\/author\/flo\/\"}]}<\/script>\n<!-- \/ Yoast SEO Premium plugin. -->","yoast_head_json":{"title":"Judo - Mondiaux 2019 : Clarisse Agbegnenou remporte un quatri\u00e8me titre mondial","description":"Magistrale Clarisse Agbegnenou ! La Fran\u00e7aise a remport\u00e9 ce mercredi une quatri\u00e8me couronne mondiale dans la cat\u00e9gorie des - de 63 kg.","robots":{"index":"index","follow":"follow","max-snippet":"max-snippet:-1","max-image-preview":"max-image-preview:large","max-video-preview":"max-video-preview:-1"},"canonical":"https:\/\/dicodusport.fr\/blog\/judo-mondiaux-2019-clarisse-agbegnenou-remporte-un-quatrieme-titre-mondial\/","og_locale":"fr_FR","og_type":"article","og_title":"Judo : Clarisse Agbegnenou remporte un quatri\u00e8me titre mondial","og_description":"Magistrale Clarisse Agbegnenou ! La Fran\u00e7aise a remport\u00e9 ce mercredi une quatri\u00e8me couronne mondiale dans la cat\u00e9gorie des - de 63 kg.","og_url":"https:\/\/dicodusport.fr\/blog\/judo-mondiaux-2019-clarisse-agbegnenou-remporte-un-quatrieme-titre-mondial\/","og_site_name":"Dicodusport","article_publisher":"https:\/\/www.facebook.com\/dicodusport","article_author":"https:\/\/www.facebook.com\/florent.ostermann","article_published_time":"2019-08-28T11:38:46+00:00","article_modified_time":"2019-08-30T12:04:54+00:00","og_image":[{"width":800,"height":445,"url":"https:\/\/dicodusport.fr\/blog\/wp-content\/uploads\/2019\/08\/Clarisse-Agbegnenou-lors-des-Mondiaux-de-judo-2019-\u00e0-Tokyo.png","type":"image\/png"}],"author":"Flo Ostermann","twitter_card":"summary_large_image","twitter_title":"Judo : Clarisse Agbegnenou remporte un quatri\u00e8me titre mondial","twitter_creator":"@https:\/\/twitter.com\/FlOstermann","twitter_site":"@dicodusport","schema":{"@context":"https:\/\/schema.org","@graph":[{"@type":"NewsArticle","@id":"https:\/\/dicodusport.fr\/blog\/judo-mondiaux-2019-clarisse-agbegnenou-remporte-un-quatrieme-titre-mondial\/#article","isPartOf":{"@id":"https:\/\/dicodusport.fr\/blog\/judo-mondiaux-2019-clarisse-agbegnenou-remporte-un-quatrieme-titre-mondial\/"},"author":{"name":"Flo Ostermann","@id":"https:\/\/dicodusport.fr\/blog\/#\/schema\/person\/cb02af4c173ce4a653b55e9baf388d4a"},"headline":"Judo &#8211; Mondiaux 2019 : Clarisse Agbegnenou remporte un quatri\u00e8me titre mondial","datePublished":"2019-08-28T11:38:46+00:00","dateModified":"2019-08-30T12:04:54+00:00","mainEntityOfPage":{"@id":"https:\/\/dicodusport.fr\/blog\/judo-mondiaux-2019-clarisse-agbegnenou-remporte-un-quatrieme-titre-mondial\/"},"wordCount":250,"commentCount":0,"publisher":{"@id":"https:\/\/dicodusport.fr\/blog\/#organization"},"image":{"@id":"https:\/\/dicodusport.fr\/blog\/judo-mondiaux-2019-clarisse-agbegnenou-remporte-un-quatrieme-titre-mondial\/#primaryimage"},"thumbnailUrl":"https:\/\/dicodusport.fr\/blog\/wp-content\/uploads\/2019\/08\/Clarisse-Agbegnenou-lors-des-Mondiaux-de-judo-2019-\u00e0-Tokyo.png","keywords":["Clarisse Agbegnenou","Judo","sport"],"articleSection":["Judo"],"inLanguage":"fr-FR","potentialAction":[{"@type":"CommentAction","name":"Comment","target":["https:\/\/dicodusport.fr\/blog\/judo-mondiaux-2019-clarisse-agbegnenou-remporte-un-quatrieme-titre-mondial\/#respond"]}],"copyrightYear":"2019","copyrightHolder":{"@id":"https:\/\/dicodusport.fr\/blog\/#organization"}},{"@type":"WebPage","@id":"https:\/\/dicodusport.fr\/blog\/judo-mondiaux-2019-clarisse-agbegnenou-remporte-un-quatrieme-titre-mondial\/","url":"https:\/\/dicodusport.fr\/blog\/judo-mondiaux-2019-clarisse-agbegnenou-remporte-un-quatrieme-titre-mondial\/","name":"Judo - Mondiaux 2019 : Clarisse Agbegnenou remporte un quatri\u00e8me titre mondial","isPartOf":{"@id":"https:\/\/dicodusport.fr\/blog\/#website"},"primaryImageOfPage":{"@id":"https:\/\/dicodusport.fr\/blog\/judo-mondiaux-2019-clarisse-agbegnenou-remporte-un-quatrieme-titre-mondial\/#primaryimage"},"image":{"@id":"https:\/\/dicodusport.fr\/blog\/judo-mondiaux-2019-clarisse-agbegnenou-remporte-un-quatrieme-titre-mondial\/#primaryimage"},"thumbnailUrl":"https:\/\/dicodusport.fr\/blog\/wp-content\/uploads\/2019\/08\/Clarisse-Agbegnenou-lors-des-Mondiaux-de-judo-2019-\u00e0-Tokyo.png","datePublished":"2019-08-28T11:38:46+00:00","dateModified":"2019-08-30T12:04:54+00:00","description":"Magistrale Clarisse Agbegnenou ! La Fran\u00e7aise a remport\u00e9 ce mercredi une quatri\u00e8me couronne mondiale dans la cat\u00e9gorie des - de 63 kg.","breadcrumb":{"@id":"https:\/\/dicodusport.fr\/blog\/judo-mondiaux-2019-clarisse-agbegnenou-remporte-un-quatrieme-titre-mondial\/#breadcrumb"},"inLanguage":"fr-FR","potentialAction":[{"@type":"ReadAction","target":["https:\/\/dicodusport.fr\/blog\/judo-mondiaux-2019-clarisse-agbegnenou-remporte-un-quatrieme-titre-mondial\/"]}]},{"@type":"ImageObject","inLanguage":"fr-FR","@id":"https:\/\/dicodusport.fr\/blog\/judo-mondiaux-2019-clarisse-agbegnenou-remporte-un-quatrieme-titre-mondial\/#primaryimage","url":"https:\/\/dicodusport.fr\/blog\/wp-content\/uploads\/2019\/08\/Clarisse-Agbegnenou-lors-des-Mondiaux-de-judo-2019-\u00e0-Tokyo.png","contentUrl":"https:\/\/dicodusport.fr\/blog\/wp-content\/uploads\/2019\/08\/Clarisse-Agbegnenou-lors-des-Mondiaux-de-judo-2019-\u00e0-Tokyo.png","width":800,"height":445},{"@type":"BreadcrumbList","@id":"https:\/\/dicodusport.fr\/blog\/judo-mondiaux-2019-clarisse-agbegnenou-remporte-un-quatrieme-titre-mondial\/#breadcrumb","itemListElement":[{"@type":"ListItem","position":1,"name":"Accueil","item":"https:\/\/dicodusport.fr\/blog\/"},{"@type":"ListItem","position":2,"name":"Judo &#8211; Mondiaux 2019 : Clarisse Agbegnenou remporte un quatri\u00e8me titre mondial"}]},{"@type":"WebSite","@id":"https:\/\/dicodusport.fr\/blog\/#website","url":"https:\/\/dicodusport.fr\/blog\/","name":"Dicodusport","description":"L&#039;encyclop\u00e9die de l&#039;actualit\u00e9 sportive","publisher":{"@id":"https:\/\/dicodusport.fr\/blog\/#organization"},"potentialAction":[{"@type":"SearchAction","target":{"@type":"EntryPoint","urlTemplate":"https:\/\/dicodusport.fr\/blog\/?s={search_term_string}"},"query-input":{"@type":"PropertyValueSpecification","valueRequired":true,"valueName":"search_term_string"}}],"inLanguage":"fr-FR"},{"@type":"NewsMediaOrganization","@id":"https:\/\/dicodusport.fr\/blog\/#organization","name":"Dicodusport","url":"https:\/\/dicodusport.fr\/blog\/","logo":{"@type":"ImageObject","inLanguage":"fr-FR","@id":"https:\/\/dicodusport.fr\/blog\/#\/schema\/logo\/image\/","url":"https:\/\/dicodusport.fr\/blog\/wp-content\/uploads\/2020\/06\/cropped-LOGO-DICODUSPORT-2020-SANS-FOND-SANS-TEXTE.png","contentUrl":"https:\/\/dicodusport.fr\/blog\/wp-content\/uploads\/2020\/06\/cropped-LOGO-DICODUSPORT-2020-SANS-FOND-SANS-TEXTE.png","width":512,"height":512,"caption":"Dicodusport"},"image":{"@id":"https:\/\/dicodusport.fr\/blog\/#\/schema\/logo\/image\/"},"sameAs":["https:\/\/www.facebook.com\/dicodusport","https:\/\/x.com\/dicodusport","https:\/\/www.instagram.com\/dicodusport\/","https:\/\/www.youtube.com\/channel\/UC7V2KZ5sd3htJivAbA4ZG3w"],"description":"Dicodusport est l'encyclop\u00e9die de l'actualit\u00e9 sportive.","email":"bonjour@dicodusport.fr","legalName":"DICODUSPORT","foundingDate":"2018-01-14","vatID":"FR71834470973","taxID":"83447097300043","numberOfEmployees":{"@type":"QuantitativeValue","minValue":"1","maxValue":"10"}},{"@type":"Person","@id":"https:\/\/dicodusport.fr\/blog\/#\/schema\/person\/cb02af4c173ce4a653b55e9baf388d4a","name":"Flo Ostermann","image":{"@type":"ImageObject","inLanguage":"fr-FR","@id":"https:\/\/dicodusport.fr\/blog\/#\/schema\/person\/image\/","url":"https:\/\/dicodusport.fr\/blog\/wp-content\/uploads\/2021\/05\/Flo-Ostermann-150x150.jpg","contentUrl":"https:\/\/dicodusport.fr\/blog\/wp-content\/uploads\/2021\/05\/Flo-Ostermann-150x150.jpg","caption":"Flo Ostermann"},"description":"Journaliste\/R\u00e9dacteur depuis septembre 2015 - Mes premiers souvenirs dans le sport ? Les envol\u00e9es du Stade Toulousain et les duels Villeneuve-Schumacher et H\u00e4kkinen-Schumacher \u00e0 la fin des ann\u00e9es 90, la Coupe du monde de football en 1998, l\u2019exploit du XV de France face aux All Blacks en 1999, mais aussi Richard C\u0153ur de Lion qui vole sur les montagnes du Tour de France. Bien parti pour devenir professeur d\u2019EPS, les \u00e9v\u00e9nements de la vie (et la flemme d\u2019animer des s\u00e9ances de 3x500 m\u00e8tres toute ma vie) m\u2019ont conduit \u00e0 revoir mes plans. Me voil\u00e0 depuis fin 2017 sur Dicodusport, m\u00e9dia gr\u00e2ce (et pour) lequel je partage ma passion : le sport dans tous ses \u00e9tats. Le tout accompagn\u00e9 par les fous furieux et folles furieuses cit\u00e9s sur cette page !","sameAs":["https:\/\/www.facebook.com\/florent.ostermann","https:\/\/x.com\/https:\/\/twitter.com\/FlOstermann","admin"],"url":"https:\/\/dicodusport.fr\/blog\/author\/flo\/"}]}},"_links":{"self":[{"href":"https:\/\/dicodusport.fr\/blog\/wp-json\/wp\/v2\/posts\/46563","targetHints":{"allow":["GET"]}}],"collection":[{"href":"https:\/\/dicodusport.fr\/blog\/wp-json\/wp\/v2\/posts"}],"about":[{"href":"https:\/\/dicodusport.fr\/blog\/wp-json\/wp\/v2\/types\/post"}],"author":[{"embeddable":true,"href":"https:\/\/dicodusport.fr\/blog\/wp-json\/wp\/v2\/users\/4"}],"replies":[{"embeddable":true,"href":"https:\/\/dicodusport.fr\/blog\/wp-json\/wp\/v2\/comments?post=46563"}],"version-history":[{"count":0,"href":"https:\/\/dicodusport.fr\/blog\/wp-json\/wp\/v2\/posts\/46563\/revisions"}],"wp:featuredmedia":[{"embeddable":true,"href":"https:\/\/dicodusport.fr\/blog\/wp-json\/wp\/v2\/media\/46571"}],"wp:attachment":[{"href":"https:\/\/dicodusport.fr\/blog\/wp-json\/wp\/v2\/media?parent=46563"}],"wp:term":[{"taxonomy":"category","embeddable":true,"href":"https:\/\/dicodusport.fr\/blog\/wp-json\/wp\/v2\/categories?post=46563"},{"taxonomy":"post_tag","embeddable":true,"href":"https:\/\/dicodusport.fr\/blog\/wp-json\/wp\/v2\/tags?post=46563"}],"curies":[{"name":"wp","href":"https:\/\/api.w.org\/{rel}","templated":true}]}}