{"id":465945,"date":"2024-03-03T22:10:38","date_gmt":"2024-03-03T21:10:38","guid":{"rendered":"https:\/\/dicodusport.fr\/blog\/?p=465945&#038;preview=true&#038;preview_id=465945"},"modified":"2024-03-04T00:23:44","modified_gmt":"2024-03-03T23:23:44","slug":"athletisme-programme-et-resultats-championnats-du-monde-en-salle-2024","status":"publish","type":"post","link":"https:\/\/dicodusport.fr\/blog\/athletisme-programme-et-resultats-championnats-du-monde-en-salle-2024\/","title":{"rendered":"Athl\u00e9tisme &#8211; Palmar\u00e8s et r\u00e9sultats Championnats du monde en salle 2024"},"content":{"rendered":"<p style=\"text-align: justify;\"><strong><em><i>ATHL\u00c9TISME &#8211; <\/i>Les Championnats du monde en salle d&rsquo;athl\u00e9tisme se d\u00e9roulent du 1er au 3 mars \u00e0 Glasgow (\u00c9cosse). Voici le programme et les r\u00e9sultats de la comp\u00e9tition.<\/em><\/strong><\/p>\n<ul>\n<li><strong>\u00c0 ce sujet &#8211; <a title=\"Mondiaux d\u2019athl\u00e9tisme en salle 2024 : La s\u00e9lection fran\u00e7aise\" href=\"https:\/\/dicodusport.fr\/blog\/mondiaux-dathletisme-en-salle-2024-la-selection-francaise\/\" target=\"_blank\" rel=\"noopener\">La s\u00e9lection fran\u00e7aise<\/a><\/strong><\/li>\n<li><strong>\u00c0 ce sujet &#8211;<\/strong> <strong><a href=\"https:\/\/dicodusport.fr\/blog\/mondiaux-en-salle-dathletisme-2024-a-quelle-heure-et-sur-quelle-chaine-tv\/\">\u00c0 quelle heure et sur quelle cha\u00eene TV<\/a><br \/>\n<\/strong><\/li>\n<li><strong>\u00c0 ce sujet &#8211; <a href=\"https:\/\/dicodusport.fr\/blog\/tableau-des-medailles-athletisme-championnats-du-monde-en-salle-2024\/\" target=\"_blank\" rel=\"noopener\">Tableau des m\u00e9dailles<\/a><\/strong><\/li>\n<\/ul>\n<hr \/>\n<h2 style=\"text-align: justify;\">Le programme complet<\/h2>\n<p style=\"text-align: justify;\"><div class=\"su-tabs su-tabs-style-default su-tabs-mobile-stack\" data-active=\"3\" data-scroll-offset=\"0\" data-anchor-in-url=\"no\"><div class=\"su-tabs-nav\"><span class=\"\" data-url=\"\" data-target=\"blank\" tabindex=\"0\" role=\"button\">Vendredi 1er mars<\/span><span class=\"\" data-url=\"\" data-target=\"blank\" tabindex=\"0\" role=\"button\">Samedi 2 mars<\/span><span class=\"\" data-url=\"\" data-target=\"blank\" tabindex=\"0\" role=\"button\">Dimanche 3 mars<\/span><\/div><div class=\"su-tabs-panes\"><div class=\"su-tabs-pane su-u-clearfix su-u-trim\" data-title=\"Vendredi 1er mars\">\n<p style=\"text-align: justify;\"><strong>11h05 : <\/strong><a href=\"https:\/\/worldathletics.org\/competitions\/world-athletics-indoor-championships\/glasgow24\/results\/women\/pentathlon\/60-metres-hurdles\/summary\" target=\"_blank\" rel=\"noopener\">Pentathlon &#8211; 60 m haies<\/a><strong><br \/>\n11h20 : <\/strong><a href=\"https:\/\/worldathletics.org\/en\/competitions\/world-athletics-indoor-championships\/glasgow24\/results\/women\/400-metres\/heats\/summary\" target=\"_blank\" rel=\"noopener\">S\u00e9ries 400 m F<\/a><br \/>\n<strong>11h55 :\u00a0<\/strong><a href=\"https:\/\/worldathletics.org\/en\/competitions\/world-athletics-indoor-championships\/glasgow24\/results\/women\/pentathlon\/high-jump\/result\" target=\"_blank\" rel=\"noopener\">Pentathlon &#8211; saut en hauteur<\/a><strong><br \/>\n12h : <\/strong><a href=\"https:\/\/worldathletics.org\/en\/competitions\/world-athletics-indoor-championships\/glasgow24\/results\/men\/400-metres\/heats\/summary\" target=\"_blank\" rel=\"noopener\">S\u00e9ries 400 m H<\/a><strong><br \/>\n<\/strong><strong>12h06 :<\/strong> <strong>Finale lancer d<\/strong><strong>u<\/strong><strong> poids F<\/strong><br \/>\n<strong>12h40 : <\/strong><a href=\"https:\/\/worldathletics.org\/en\/competitions\/world-athletics-indoor-championships\/glasgow24\/results\/women\/800-metres\/heats\/summary\" target=\"_blank\" rel=\"noopener\">S\u00e9ries 800 m F<\/a><br \/>\n<strong>13h22 :<\/strong> <a href=\"https:\/\/worldathletics.org\/en\/competitions\/world-athletics-indoor-championships\/glasgow24\/results\/men\/800-metres\/heats\/summary\" target=\"_blank\" rel=\"noopener\">S\u00e9ries 800 m H<\/a><br \/>\n<strong>14h10 :<\/strong> <a href=\"https:\/\/worldathletics.org\/competitions\/world-athletics-indoor-championships\/glasgow24\/results\/men\/60-metres\/heats\/summary\">S\u00e9ries 60 m H<\/a><br \/>\n<strong>14h20 :<\/strong> <a href=\"https:\/\/worldathletics.org\/en\/competitions\/world-athletics-indoor-championships\/glasgow24\/results\/women\/pentathlon\/shot-put\/result\">Pentathlon &#8211; lancer du poids<\/a><\/p>\n<ul>\n<li><strong><a title=\"Athl\u00e9tisme Mondiaux en salle : Le r\u00e9sum\u00e9 de la matin\u00e9e du vendredi 1er mars\" href=\"https:\/\/dicodusport.fr\/blog\/athletisme-mondiaux-en-salle-le-resume-de-la-matinee-du-vendredi-1er-mars\/\" rel=\"\">R\u00e9sum\u00e9 de la matin\u00e9e<\/a><\/strong><\/li>\n<\/ul>\n<p style=\"text-align: justify;\"><strong>20h05 :<\/strong> <a href=\"https:\/\/worldathletics.org\/en\/competitions\/world-athletics-indoor-championships\/glasgow24\/results\/women\/1500-metres\/heats\/summary\" target=\"_blank\" rel=\"noopener\">S\u00e9ries 1500 m F<\/a><br \/>\n<strong>20h15 :<\/strong> <a href=\"https:\/\/worldathletics.org\/en\/competitions\/world-athletics-indoor-championships\/glasgow24\/results\/women\/pentathlon\/long-jump\/result\">Pentathlon &#8211; saut en longueur<\/a><br \/>\n<strong>20h41 : Finale saut en hauteur F<\/strong><br \/>\n<strong>20h45 :\u00a0<\/strong><a href=\"https:\/\/worldathletics.org\/competitions\/world-athletics-indoor-championships\/glasgow24\/results\/men\/60-metres\/semi-final\/summary\" target=\"_blank\" rel=\"noopener\">Demi-finales 60 m H<\/a><br \/>\n<strong>21h10 : <\/strong><a href=\"https:\/\/worldathletics.org\/en\/competitions\/world-athletics-indoor-championships\/glasgow24\/results\/men\/1500-metres\/heats\/summary\" target=\"_blank\" rel=\"noopener\">S\u00e9ries 1500 m H<\/a><strong><br \/>\n21h20 : Finale lancer du poids H<\/strong><br \/>\n<strong>21h50 :<\/strong> <a href=\"https:\/\/worldathletics.org\/en\/competitions\/world-athletics-indoor-championships\/glasgow24\/results\/women\/400-metres\/semi-final\/summary\">Demi-finales 400 m F<\/a><br \/>\n<strong>22h10 :\u00a0<\/strong><a href=\"https:\/\/worldathletics.org\/en\/competitions\/world-athletics-indoor-championships\/glasgow24\/results\/men\/400-metres\/semi-final\/summary\">Demi-finales 400 m H<\/a><br \/>\n<strong>22h30 : <a href=\"https:\/\/media.aws.iaaf.org\/competitiondocuments\/pdf\/7180312\/AT-800sh-W-u---PENsh-W.RS6.pdf\">Pentathlon &#8211; 800 m<\/a><\/strong><br \/>\n<strong>22h45 : Finale 60 m H<br \/>\n<\/strong><\/p>\n<ul>\n<li><a title=\"Athl\u00e9tisme Mondiaux en salle : le r\u00e9sum\u00e9 de la soir\u00e9e du vendredi 1er mars\" href=\"https:\/\/dicodusport.fr\/blog\/athletisme-mondiaux-en-salle-le-resume-de-la-soiree-du-1er-mars\/\" target=\"_blank\" rel=\"noopener\"><strong>R\u00e9sum\u00e9 de la soir\u00e9e<\/strong><\/a><\/li>\n<\/ul>\n<\/div>\n<div class=\"su-tabs-pane su-u-clearfix su-u-trim\" data-title=\"Samedi 2 mars\">\n<p><strong>11h :<\/strong> <strong>Finale saut en longueur H<\/strong><br \/>\n<strong>11h10 :<\/strong> <a href=\"https:\/\/worldathletics.org\/en\/competitions\/world-athletics-indoor-championships\/glasgow24\/results\/men\/60-metres-hurdles\/heats\/summary\">S\u00e9ries 60 m haies H<\/a><br \/>\n<strong>12h :<\/strong> <a href=\"https:\/\/worldathletics.org\/en\/competitions\/world-athletics-indoor-championships\/glasgow24\/results\/men\/heptathlon\/60-metres\/summary\">Heptathlon &#8211; 60 m<\/a><br \/>\n<strong>12h20 :<\/strong> <a href=\"https:\/\/worldathletics.org\/en\/competitions\/world-athletics-indoor-championships\/glasgow24\/results\/women\/60-metres\/heats\/summary\">S\u00e9ries 60 m F<\/a><br \/>\n<strong>13h10 :<\/strong> <a href=\"https:\/\/worldathletics.org\/en\/competitions\/world-athletics-indoor-championships\/glasgow24\/results\/women\/800-metres\/semi-final\/summary\">Demi-finales 800 m F<\/a><br \/>\n<strong>13h15 :<\/strong> <a href=\"https:\/\/media.aws.iaaf.org\/competitiondocuments\/pdf\/7180312\/AT-LJ-M-u---HEPsh-M.RS6.pdf\">Heptathlon &#8211; saut en longueur<\/a><br \/>\n<strong>13h<\/strong><strong>30:<\/strong> <a href=\"https:\/\/worldathletics.org\/competitions\/world-athletics-indoor-championships\/glasgow24\/results\/men\/800-metres\/semi-final\/summary\">Demi-finales 800 m H<\/a><br \/>\n<strong>14h35 : <\/strong><a href=\"https:\/\/media.aws.iaaf.org\/competitiondocuments\/pdf\/7180312\/AT-SP-M-u---HEPsh-M.RS6.pdf\">Heptathlon &#8211; lancer du poids<\/a><\/p>\n<ul>\n<li><a title=\"Athl\u00e9tisme Mondiaux en salle : Le r\u00e9sum\u00e9 de la matin\u00e9e du samedi 2 mars\" href=\"https:\/\/dicodusport.fr\/blog\/athletisme-mondiaux-en-salle-le-resume-de-la-matinee-du-samedi-2-mars\/\" target=\"_blank\" rel=\"noopener\"><strong>R\u00e9sum\u00e9 de la matin\u00e9e<\/strong><\/a><\/li>\n<\/ul>\n<p><strong>20h05 : Finale saut \u00e0 la perche F<\/strong><br \/>\n<strong>20h10 :<\/strong> <a href=\"https:\/\/worldathletics.org\/en\/competitions\/world-athletics-indoor-championships\/glasgow24\/results\/men\/60-metres-hurdles\/semi-final\/summary\">Demi-finales 60 m haies H<\/a><br \/>\n<strong>20h30 :<\/strong> <a href=\"https:\/\/media.aws.iaaf.org\/competitiondocuments\/pdf\/7180312\/AT-HJ-M-u---HEPsh-M.RS6.pdf\">Heptathlon &#8211; saut en hauteur<\/a><br \/>\n<strong>20h40 : Finale triple saut H<br \/>\n20h45 : <\/strong><a href=\"https:\/\/worldathletics.org\/en\/competitions\/world-athletics-indoor-championships\/glasgow24\/results\/women\/60-metres\/semi-final\/summary\">Demi-finales 60 m F<\/a><br \/>\n<strong>21h15 : Finale 3000 m F<\/strong><br \/>\n<strong>21h40 : Finale 3000 m H<\/strong><br \/>\n<strong>22h : Finale 400 m F<\/strong><br \/>\n<strong>22h10 : Finale 400 m H<\/strong><br \/>\n<strong>22h30 : Finale 60 m haies H<\/strong><br \/>\n<strong>22h45 : Finale 60 m F<\/strong><\/p>\n<ul>\n<li><a title=\"Athl\u00e9tisme Mondiaux en salle : Bol, Kwaou-Mathey, Zango, le r\u00e9sum\u00e9 de la soir\u00e9e du 2 mars\" href=\"https:\/\/dicodusport.fr\/blog\/athletisme-mondiaux-en-salle-bol-kwaou-mathey-zango-le-resume-de-la-soiree-du-2-mars\/\" target=\"_blank\" rel=\"noopener\"><strong>R\u00e9sum\u00e9 de la soir\u00e9e<\/strong><\/a><\/li>\n<\/ul>\n<p style=\"text-align: justify;\"><\/div>\n<div class=\"su-tabs-pane su-u-clearfix su-u-trim\" data-title=\"Dimanche 3 mars\">\n<p><strong>11h05 :<\/strong> <a href=\"https:\/\/media.aws.iaaf.org\/competitiondocuments\/pdf\/7180312\/AT-60H-M-u---HEPsh-M.RS4.pdf\">Heptathlon &#8211; 60 m haies<\/a><br \/>\n<strong>11h18 :<\/strong> <strong>Finale triple saut F<\/strong><br \/>\n<strong>11h25 : <\/strong><a href=\"https:\/\/worldathletics.org\/competitions\/world-athletics-indoor-championships\/glasgow24\/results\/women\/60-metres-hurdles\/heats\/summary\">S\u00e9ries 60 m haies F<\/a><br \/>\n<strong>12h10 :<\/strong> <a href=\"https:\/\/worldathletics.org\/competitions\/world-athletics-indoor-championships\/glasgow24\/results\/men\/4x400-metres-relay\/heats\/summary\">S\u00e9ries relais 4X400 m H<\/a><br \/>\n<strong>12h15 :<\/strong> <a href=\"https:\/\/media.aws.iaaf.org\/competitiondocuments\/pdf\/7180312\/AT-PV-M-u---HEPsh-M.RS6.pdf\">Heptathlon &#8211; saut \u00e0 la perche<\/a><br \/>\n<strong>12h38<\/strong><strong> :<\/strong> <a href=\"https:\/\/worldathletics.org\/en\/competitions\/world-athletics-indoor-championships\/glasgow24\/results\/women\/4x400-metres-relay\/heats\/summary\">S\u00e9ries relais 4X400 m F<\/a><strong><br \/>\n12h50 : Finale saut en hauteur H<br \/>\n<\/strong><\/p>\n<ul>\n<li><a title=\"Athl\u00e9tisme Mondiaux en salle : LaFond, Samba-Mayela, le r\u00e9sum\u00e9 de la matin\u00e9e du 3 mars\" href=\"https:\/\/dicodusport.fr\/blog\/athletisme-mondiaux-en-salle-lafond-samba-mayela-le-resume-de-la-matinee-du-3-mars\/\" target=\"_blank\" rel=\"noopener\"><strong>R\u00e9sum\u00e9 de la matin\u00e9e<\/strong><\/a><\/li>\n<\/ul>\n<p><strong>20h : Finale saut \u00e0 la perche H<br \/>\n20h15 :<\/strong> <strong>Finale saut en longueur F<\/strong><br \/>\n<strong>20h40 :\u00a0<\/strong><a href=\"https:\/\/worldathletics.org\/en\/competitions\/world-athletics-indoor-championships\/glasgow24\/results\/women\/60-metres-hurdles\/semi-final\/summary\">Demi-finales 60 m haies F<\/a><br \/>\n<strong>21h15 : Finale relais 4X400 m H<\/strong><br \/>\n<strong>21h30 : Finale relais 4X400 m F<\/strong><br \/>\n<strong>21h45 : <a href=\"https:\/\/media.aws.iaaf.org\/competitiondocuments\/pdf\/7180312\/AT-1000sh-M-u---HEPsh-M.RS6.pdf\">Heptathlon &#8211; 1000 m<\/a><\/strong><br \/>\n<strong>22h : Finale 60 m haies F<\/strong><br \/>\n<strong>22h10 : Finale 800 m H<br \/>\n22h20 : Finale 800 m F<br \/>\n22h30 : Finale 1500 m H<br \/>\n22h45 : Finale 1500 m F<br \/>\n<\/strong><\/p>\n<ul>\n<li><a title=\"Athl\u00e9tisme Mondiaux en salle : Samba-Mayela, Charlton, Duplantis, le r\u00e9sum\u00e9 de la soir\u00e9e du 3 mars\" href=\"https:\/\/dicodusport.fr\/blog\/athletisme-mondiaux-en-salle-samba-mayela-charlton-duplantis-le-resume-de-la-soiree-du-3-mars\/\" target=\"_blank\" rel=\"noopener\"><strong>R\u00e9sum\u00e9 de la soir\u00e9e<\/strong><\/a><\/li>\n<\/ul>\n<p style=\"text-align: justify;\"><\/div><\/div><\/div>\n<p>&nbsp;<\/p>\n<h2>Les podiums<\/h2>\n<h3 style=\"text-align: justify;\">Femmes<\/h3>\n<div class=\"su-table su-table-alternate\">\n<table style=\"width: 800px;border-collapse: collapse\">\n<tbody>\n<tr>\n<td style=\"text-align: center;width: 200px;vertical-align: middle\"><strong>\u00c9preuves<\/strong><\/td>\n<td style=\"background-color: #fff242;text-align: center;width: 200px;vertical-align: middle\"><strong>\ud83e\udd47 Or<\/strong><\/td>\n<td style=\"background-color: #a8a8a8;text-align: center;width: 200px;vertical-align: middle\"><strong>\ud83e\udd48 Argent<\/strong><\/td>\n<td style=\"background-color: #c97159;text-align: center;width: 200px;vertical-align: middle\"><strong>\ud83e\udd49 Bronze<\/strong><\/td>\n<\/tr>\n<tr>\n<td style=\"text-align: center;width: 200px;vertical-align: middle\"><strong>60 m<br \/>\n<a href=\"https:\/\/media.aws.iaaf.org\/competitiondocuments\/pdf\/7180312\/AT-60-W-f----.RS6.pdf\"><span style=\"font-size: 12px\"><em>Classement<\/em><\/span><\/a><\/strong><\/td>\n<td style=\"text-align: center;width: 200px;vertical-align: middle\">\ud83c\uddf1\ud83c\udde8 <strong>Julien Alfred<br \/>\n6.98 WL<\/strong><\/td>\n<td style=\"text-align: center;width: 200px;vertical-align: middle\">\ud83c\uddf5\ud83c\uddf1 Ewa Swoboda<br \/>\n7.00<\/td>\n<td style=\"text-align: center;width: 200px;vertical-align: middle\">\ud83c\uddee\ud83c\uddf9 Zaynab Dosso<br \/>\n7.05<\/td>\n<\/tr>\n<tr>\n<td style=\"text-align: center;width: 200px;vertical-align: middle\"><strong>400 m<br \/>\n<a href=\"https:\/\/media.aws.iaaf.org\/competitiondocuments\/pdf\/7180312\/AT-400sh-W-f----.RS6.pdf\"><span style=\"font-size: 12px\"><em>Classement<\/em><\/span><\/a><br \/>\n<\/strong><\/td>\n<td style=\"width: 200px;text-align: center\">\ud83c\uddf3\ud83c\uddf1 <strong>Femke Bol<\/strong><br \/>\n<strong>49.17 WR<\/strong><\/td>\n<td style=\"width: 200px;text-align: center\">\ud83c\uddf3\ud83c\uddf1 Lieke Klaver<br \/>\n50.16<\/td>\n<td style=\"width: 200px;text-align: center\">\ud83c\uddfa\ud83c\uddf8 Alexis Holmes<br \/>\n50.24 <strong>PB<\/strong><\/td>\n<\/tr>\n<tr>\n<td style=\"text-align: center;width: 200px;vertical-align: middle\"><strong>800 m<br \/>\n<a href=\"https:\/\/media.aws.iaaf.org\/competitiondocuments\/pdf\/7180312\/AT-800sh-W-f----.RS6.pdf\"><span style=\"font-size: 12px\"><em>Classement<\/em><\/span><\/a><br \/>\n<\/strong><\/td>\n<td style=\"text-align: center;width: 200px;vertical-align: middle\">\ud83c\uddea\ud83c\uddf9 <strong>Tsige Duguma<br \/>\n2:01.90<\/strong><\/td>\n<td style=\"text-align: center;width: 200px;vertical-align: middle\">\ud83c\uddec\ud83c\udde7 Jemma Reekie<br \/>\n2:02.72<\/td>\n<td style=\"text-align: center;width: 200px;vertical-align: middle\">\ud83c\udde7\ud83c\uddef No\u00e9lie Yarigo<br \/>\n2:03.15<\/td>\n<\/tr>\n<tr>\n<td style=\"text-align: center;width: 200px;vertical-align: middle\"><strong>1500 m<br \/>\n<a href=\"https:\/\/media.aws.iaaf.org\/competitiondocuments\/pdf\/7180312\/AT-1500sh-W-f----.RS6.pdf\"><span style=\"font-size: 12px\"><em>Classement<\/em><\/span><\/a><br \/>\n<\/strong><\/td>\n<td style=\"text-align: center;width: 200px;vertical-align: middle\">\ud83c\uddea\ud83c\uddf9 <strong>Freweyni Hailu<br \/>\n4:01.46<\/strong><\/td>\n<td style=\"text-align: center;width: 200px;vertical-align: middle\">\ud83c\uddfa\ud83c\uddf8 Nikki Hiltz<br \/>\n4:02.32 <strong>PB<\/strong><\/td>\n<td style=\"text-align: center;width: 200px;vertical-align: middle\">\ud83c\uddfa\ud83c\uddf8 Emily Mackay<br \/>\n4:02.69 <strong>PB<\/strong><\/td>\n<\/tr>\n<tr>\n<td style=\"text-align: center;width: 200px;vertical-align: middle\"><strong>3000 m<br \/>\n<a href=\"https:\/\/media.aws.iaaf.org\/competitiondocuments\/pdf\/7180312\/AT-3000sh-W-f----.RS6.pdf\"><span style=\"font-size: 12px\"><em>Classement<\/em><\/span><\/a><br \/>\n<\/strong><\/td>\n<td style=\"text-align: center;width: 200px;vertical-align: middle\">\ud83c\uddfa\ud83c\uddf8 <strong>Elle St Pierre<br \/>\n8:20.87 CR<\/strong><\/td>\n<td style=\"text-align: center;width: 200px;vertical-align: middle\">\ud83c\uddea\ud83c\uddf9 Gudaf Tsegay<br \/>\n8:21.13<\/td>\n<td style=\"text-align: center;width: 200px;vertical-align: middle\">\ud83c\uddf0\ud83c\uddea Beatrice Chepkoech<br \/>\n8:22.68 <strong>NR<\/strong><\/td>\n<\/tr>\n<tr>\n<td style=\"text-align: center;width: 200px;vertical-align: middle\"><strong>60 m haies<br \/>\n<a href=\"https:\/\/media.aws.iaaf.org\/competitiondocuments\/pdf\/7180312\/AT-60H-W-f----.RS6.pdf\"><span style=\"font-size: 12px\"><em>Classement<\/em><\/span><\/a><br \/>\n<\/strong><\/td>\n<td style=\"text-align: center;width: 200px;vertical-align: middle\">\ud83c\udde7\ud83c\uddf8 <strong><a href=\"http:\/\/\ud83c\uddf5\ud83c\uddf1\" target=\"_blank\" rel=\"noopener\">Devynne Charlton<\/a><br \/>\n7.65 WR<\/strong><\/td>\n<td style=\"text-align: center;width: 200px;vertical-align: middle\">\ud83c\uddeb\ud83c\uddf7 <a title=\"Athl\u00e9tisme Mondiaux en salle : Record du monde pour Devynne Charlton sur 60 m haies, Cyr\u00e9na Samba-Mayela en argent\" href=\"https:\/\/dicodusport.fr\/blog\/athletisme-mondiaux-en-salle-record-du-monde-pour-devynne-charlton-sur-60-m-haies-cyrena-samba-mayela-en-argent\/\" target=\"_blank\" rel=\"noopener\">Cyr\u00e9na Samba-Mayela<\/a><br \/>\n7.74<\/td>\n<td style=\"text-align: center;width: 200px;vertical-align: middle\">\ud83c\uddf5\ud83c\uddf1 Pia Skrzyszowska<br \/>\n7.79<\/td>\n<\/tr>\n<tr>\n<td style=\"text-align: center;width: 200px;vertical-align: middle\"><strong>Pentathlon<br \/>\n<a href=\"https:\/\/dicodusport.fr\/blog\/athletisme-mondiaux-en-salle-2024-classement-du-pentathlon\/\"><span style=\"font-size: 12px\"><em>Classement<\/em><\/span><\/a><br \/>\n<\/strong><\/td>\n<td style=\"text-align: center;width: 200px;vertical-align: middle\"><strong>\ud83c\udde7\ud83c\uddea<\/strong> <strong>Noor Vidts<br \/>\n4773 pts WL<\/strong><\/td>\n<td style=\"text-align: center;width: 200px;vertical-align: middle\">\ud83c\uddeb\ud83c\uddee Saga Vanninen<br \/>\n4677 pts <strong>NR<\/strong><\/td>\n<td style=\"text-align: center;width: 200px;vertical-align: middle\">\ud83c\uddf3\ud83c\uddf1 Sofie Dokter<br \/>\n4571 pts <strong>SB<\/strong><\/td>\n<\/tr>\n<tr>\n<td style=\"text-align: center;width: 200px;vertical-align: middle\"><strong>Saut en hauteur<br \/>\n<a href=\"https:\/\/media.aws.iaaf.org\/competitiondocuments\/pdf\/7180312\/AT-HJ-W-f----.RS6.pdf\"><span style=\"font-size: 12px\"><em>Classement<\/em><\/span><\/a><br \/>\n<\/strong><\/td>\n<td style=\"text-align: center;width: 200px;vertical-align: middle\">\ud83c\udde6\ud83c\uddfa <strong>Nicola Olyslagers<br \/>\n1.99 m<br \/>\n<\/strong><\/td>\n<td style=\"text-align: center;width: 200px;vertical-align: middle\">\ud83c\uddfa\ud83c\udde6 Yaroslava Mahuchikh<br \/>\n1.97 m<\/td>\n<td style=\"text-align: center;width: 200px;vertical-align: middle\">\ud83c\uddf8\ud83c\uddee Lia Apostolovski<br \/>\n1.95 m <strong>=PB<\/strong><\/td>\n<\/tr>\n<tr>\n<td style=\"text-align: center;width: 200px;vertical-align: middle\"><strong>Saut \u00e0 la perche<br \/>\n<a href=\"https:\/\/media.aws.iaaf.org\/competitiondocuments\/pdf\/7180312\/AT-PV-W-f----.RS6.pdf\"><span style=\"font-size: 12px\"><em>Classement<\/em><\/span><\/a><br \/>\n<\/strong><\/td>\n<td style=\"text-align: center;width: 200px;vertical-align: middle\">\ud83c\uddec\ud83c\udde7 <strong><a title=\"Athl\u00e9tisme Mondiaux en salle : Caudery sacr\u00e9e \u00e0 la perche, Chevrier gravement bless\u00e9e\" href=\"https:\/\/dicodusport.fr\/blog\/athletisme-mondiaux-en-salle-caudery-sacree-a-la-perche-chevrier-blessee-gravement\/\" target=\"_blank\" rel=\"noopener\">Molly Caudery<\/a><br \/>\n4.80 m<\/strong><\/td>\n<td style=\"text-align: center;width: 200px;vertical-align: middle\">\ud83c\uddf3\ud83c\uddff Eliza McCartney<br \/>\n4.80 m<\/td>\n<td style=\"text-align: center;width: 200px;vertical-align: middle\">\ud83c\uddfa\ud83c\uddf8 Katie Moon<br \/>\n4.75 m<\/td>\n<\/tr>\n<tr>\n<td style=\"text-align: center;width: 200px;vertical-align: middle\"><strong>Saut en longueur<br \/>\n<a href=\"https:\/\/media.aws.iaaf.org\/competitiondocuments\/pdf\/7180312\/AT-LJ-W-f----.RS6.pdf\"><span style=\"font-size: 12px\"><em>Classement<\/em><\/span><\/a><br \/>\n<\/strong><\/td>\n<td style=\"text-align: center;width: 200px;vertical-align: middle\">\ud83c\uddfa\ud83c\uddf8 <strong>Tara Davis-Woodhall<br \/>\n7.07 m<\/strong><\/td>\n<td style=\"text-align: center;width: 200px;vertical-align: middle\">\ud83c\uddfa\ud83c\uddf8 Monae&rsquo; Nichols<br \/>\n6.85 m <strong>SB<\/strong><\/td>\n<td style=\"text-align: center;width: 200px;vertical-align: middle\">\ud83c\uddea\ud83c\uddf8 Fatima Diame<br \/>\n6.78 m <strong>SB<\/strong><\/td>\n<\/tr>\n<tr>\n<td style=\"text-align: center;width: 200px;vertical-align: middle\"><strong>Triple saut<br \/>\n<a href=\"https:\/\/media.aws.iaaf.org\/competitiondocuments\/pdf\/7180312\/AT-TJ-W-f----.RS6.pdf\"><span style=\"font-size: 12px\"><em>Classement<\/em><\/span><\/a><br \/>\n<\/strong><\/td>\n<td style=\"text-align: center;width: 200px;vertical-align: middle\">\ud83c\udde9\ud83c\uddf2 <strong><a href=\"https:\/\/dicodusport.fr\/blog\/athletisme-mondiaux-en-salle-thea-lafond-cree-la-surprise-au-triple-ilionis-guillaume-8e\/\">Thea LaFond<\/a><br \/>\n15.01 m WL<\/strong><\/td>\n<td style=\"text-align: center;width: 200px;vertical-align: middle\">\ud83c\udde8\ud83c\uddfa Leyanis Perez Hernandez<br \/>\n14.90 m <strong>SB<\/strong><\/td>\n<td style=\"text-align: center;width: 200px;vertical-align: middle\">\ud83c\uddea\ud83c\uddf8 Ana Peleteiro-Compaor\u00e9<br \/>\n14.75 m <strong>SB<\/strong><\/td>\n<\/tr>\n<tr>\n<td style=\"text-align: center;width: 200px;vertical-align: middle\"><strong>Lancer du poids<br \/>\n<a href=\"https:\/\/media.aws.iaaf.org\/competitiondocuments\/pdf\/7180312\/AT-SP-W-f----.RS6.pdf\"><span style=\"font-size: 12px\"><em>Classement<\/em><\/span><\/a><br \/>\n<\/strong><\/td>\n<td style=\"text-align: center;width: 200px;vertical-align: middle\">\ud83c\udde8\ud83c\udde6\u00a0<strong>Sarah Mitton<br \/>\n20.22 m SB<\/strong><\/td>\n<td style=\"text-align: center;width: 200px;vertical-align: middle\">\ud83c\udde9\ud83c\uddea Yemisi Ogynleye<br \/>\n20.19 m <strong>PB<\/strong><\/td>\n<td style=\"text-align: center;width: 200px;vertical-align: middle\">\ud83c\uddfa\ud83c\uddf8 Chase Jackson<br \/>\n19.67 m<\/td>\n<\/tr>\n<tr>\n<td style=\"text-align: center;width: 200px;vertical-align: middle\"><strong>Relais 4X400 m<br \/>\n<a href=\"https:\/\/media.aws.iaaf.org\/competitiondocuments\/pdf\/7180312\/AT-4X4sh-W-f----.RS6.pdf\"><span style=\"font-size: 12px\"><em>Classement<\/em><\/span><\/a><br \/>\n<\/strong><\/td>\n<td style=\"width: 200px;text-align: center\">\ud83c\uddf3\ud83c\uddf1 <strong>Pays-Bas<br \/>\n3:25.07 WL<br \/>\n<\/strong><\/td>\n<td style=\"width: 200px;text-align: center\">\ud83c\uddfa\ud83c\uddf8 \u00c9tats-Unis<br \/>\n3:25.34 <strong>SB<\/strong><\/td>\n<td style=\"width: 200px;text-align: center\">\ud83c\uddec\ud83c\udde7 Grande-Bretagne<br \/>\n3:26.36 <strong>NR<\/strong><\/td>\n<\/tr>\n<\/tbody>\n<\/table>\n<\/div>\n<p><span style=\"font-size: 14px;\"><em>CR : Record des championnats<br \/>\nWL : Meilleure performance mondiale de la saison<br \/>\nNR : Record national<br \/>\nPB : Record personnel<\/em><\/span><br \/>\n<span style=\"font-size: 14px;\"><em>SB : Meilleure performance personnelle de la saison<\/em><\/span><\/p>\n<p>&nbsp;<\/p>\n<h3 style=\"text-align: justify;\">Hommes<\/h3>\n<div class=\"su-table su-table-alternate\">\n<table style=\"width: 800px;border-collapse: collapse\">\n<tbody>\n<tr>\n<td style=\"text-align: center;width: 200px;vertical-align: middle\"><strong>\u00c9preuves<\/strong><\/td>\n<td style=\"background-color: #fff242;text-align: center;width: 200px;vertical-align: middle\"><strong>\ud83e\udd47 Or<\/strong><\/td>\n<td style=\"background-color: #a8a8a8;text-align: center;width: 200px;vertical-align: middle\"><strong>\ud83e\udd48 Argent<\/strong><\/td>\n<td style=\"background-color: #c97159;text-align: center;width: 200px;vertical-align: middle\"><strong>\ud83e\udd49 Bronze<\/strong><\/td>\n<\/tr>\n<tr>\n<td style=\"text-align: center;width: 200px;vertical-align: middle\"><strong>60 m<br \/>\n<a href=\"https:\/\/media.aws.iaaf.org\/competitiondocuments\/pdf\/7180312\/AT-60-M-f----.RS6.pdf\"><span style=\"font-size: 12px\"><em>Classement<\/em><\/span><\/a><br \/>\n<\/strong><\/td>\n<td style=\"text-align: center;width: 200px;vertical-align: middle\">\ud83c\uddfa\ud83c\uddf8 <strong>Christian Coleman<br \/>\n6.41 WL<\/strong><\/td>\n<td style=\"text-align: center;width: 200px;vertical-align: middle\">\ud83c\uddfa\ud83c\uddf8 Noah Lyles<br \/>\n6.44<\/td>\n<td style=\"text-align: center;width: 200px;vertical-align: middle\">\ud83c\uddef\ud83c\uddf2 Ackeem Blake<br \/>\n6.46<\/td>\n<\/tr>\n<tr>\n<td style=\"text-align: center;width: 200px;vertical-align: middle\"><strong>400 m<br \/>\n<a href=\"https:\/\/media.aws.iaaf.org\/competitiondocuments\/pdf\/7180312\/AT-400sh-M-f----.RS6.pdf\"><span style=\"font-size: 12px\"><em>Classement<\/em><\/span><\/a><br \/>\n<\/strong><\/td>\n<td style=\"text-align: center;width: 200px;vertical-align: middle\"><strong>\ud83c\udde7\ud83c\uddea<\/strong> <strong>Alexander Doom<br \/>\n45.25 NR<\/strong><\/td>\n<td style=\"text-align: center;width: 200px;vertical-align: middle\">\ud83c\uddf3\ud83c\uddf4 Karsten Warholm<br \/>\n45.34 <strong>SB<\/strong><\/td>\n<td style=\"text-align: center;width: 200px;vertical-align: middle\">\ud83c\uddef\ud83c\uddf2 Rusheen McDonald<br \/>\n45.65 <strong>PB<\/strong><\/td>\n<\/tr>\n<tr>\n<td style=\"text-align: center;width: 200px;vertical-align: middle\"><strong>800 m<br \/>\n<a href=\"https:\/\/media.aws.iaaf.org\/competitiondocuments\/pdf\/7180312\/AT-800sh-M-f----.RS6.pdf\"><span style=\"font-size: 12px\"><em>Classement<\/em><\/span><\/a><br \/>\n<\/strong><\/td>\n<td style=\"text-align: center;width: 200px;vertical-align: middle\">\ud83c\uddfa\ud83c\uddf8 <strong><a title=\"Athl\u00e9tisme Mondiaux en salle : Bryce Hoppel champion du monde du 800 m, Benjamin Robert a coinc\u00e9\" href=\"https:\/\/dicodusport.fr\/blog\/athletisme-mondiaux-en-salle-bryce-hoppel-champion-du-monde-du-800-m-benjamin-robert-a-coince\/\" target=\"_blank\" rel=\"noopener\">Bryce Hoppel<\/a><br \/>\n1:44.92 WL<\/strong><\/td>\n<td style=\"text-align: center;width: 200px;vertical-align: middle\">\ud83c\uddf8\ud83c\uddea Andreas Kramer<br \/>\n1:45.27 <strong>SB<\/strong><\/td>\n<td style=\"text-align: center;width: 200px;vertical-align: middle\"><strong>\ud83c\udde7\ud83c\uddea<\/strong> Eliott Cresetan<br \/>\n1:45.32<\/td>\n<\/tr>\n<tr>\n<td style=\"text-align: center;width: 200px;vertical-align: middle\"><strong>1500 m<br \/>\n<a href=\"https:\/\/media.aws.iaaf.org\/competitiondocuments\/pdf\/7180312\/AT-1500sh-M-f----.RS6.pdf\"><span style=\"font-size: 12px\"><em>Classement<\/em><\/span><\/a><br \/>\n<\/strong><\/td>\n<td style=\"text-align: center;width: 200px;vertical-align: middle\">\ud83c\uddf3\ud83c\uddff <strong>Geordie Beamish<br \/>\n3:36.54 PB<\/strong><\/td>\n<td style=\"text-align: center;width: 200px;vertical-align: middle\">\ud83c\uddfa\ud83c\uddf8 Cole Hocker<br \/>\n3:36.69 <strong>PB<\/strong><\/td>\n<td style=\"text-align: center;width: 200px;vertical-align: middle\">\ud83c\uddfa\ud83c\uddf8 Hobbs Kessler<br \/>\n3:36.72<\/td>\n<\/tr>\n<tr>\n<td style=\"text-align: center;width: 200px;vertical-align: middle\"><strong>3000 m<br \/>\n<a href=\"https:\/\/media.aws.iaaf.org\/competitiondocuments\/pdf\/7180312\/AT-3000sh-M-f----.RS6.pdf\"><span style=\"font-size: 12px\"><em>Classement<\/em><\/span><\/a><br \/>\n<\/strong><\/td>\n<td style=\"text-align: center;width: 200px;vertical-align: middle\">\ud83c\uddec\ud83c\udde7 <strong>Josh Kerr<\/strong><br \/>\n<strong>7:42.98<\/strong><\/td>\n<td style=\"text-align: center;width: 200px;vertical-align: middle\">\ud83c\uddfa\ud83c\uddf8 Yared Nuguse<br \/>\n7:43.59 <strong>SB<\/strong><\/td>\n<td style=\"text-align: center;width: 200px;vertical-align: middle\">\ud83c\uddea\ud83c\uddf9 Selemon Barega<br \/>\n7:43.64<\/td>\n<\/tr>\n<tr>\n<td style=\"text-align: center;width: 200px;vertical-align: middle\"><strong>60 m haies<br \/>\n<a href=\"https:\/\/media.aws.iaaf.org\/competitiondocuments\/pdf\/7180312\/AT-60H-M-f----.RS6.pdf\"><span style=\"font-size: 12px\"><em>Classement<\/em><\/span><\/a><br \/>\n<\/strong><\/td>\n<td style=\"text-align: center;width: 200px;vertical-align: middle\">\ud83c\uddfa\ud83c\uddf8 <strong><a href=\"https:\/\/dicodusport.fr\/blog\/athletisme-mondiaux-en-salle-grant-holloway-remporte-le-60-m-haies-just-kwaou-mathey-en-bronze\/\">Grant Holloway<\/a><br \/>\n7.29 =CR<\/strong><\/td>\n<td style=\"text-align: center;width: 200px;vertical-align: middle\">\ud83c\uddee\ud83c\uddf9 Lorenzo Ndele Simonelli<br \/>\n7.43 <strong>NR<\/strong><\/td>\n<td style=\"text-align: center;width: 200px;vertical-align: middle\">\ud83c\uddeb\ud83c\uddf7 <a title=\"Athl\u00e9tisme Mondiaux en salle : Grant Holloway remporte le 60 m haies, Just Kwaou-Mathey en bronze !\" href=\"https:\/\/dicodusport.fr\/blog\/athletisme-mondiaux-en-salle-grant-holloway-remporte-le-60-m-haies-just-kwaou-mathey-en-bronze\/\" target=\"_blank\" rel=\"noopener\">Just Kwaou-Mathey<\/a><br \/>\n7.47<\/td>\n<\/tr>\n<tr>\n<td style=\"text-align: center;width: 200px;vertical-align: middle\"><strong>Heptathlon<br \/>\n<a title=\"Athl\u00e9tisme \u2013 Classement Heptathlon Mondiaux en salle 2024\" href=\"https:\/\/dicodusport.fr\/blog\/athletisme-mondiaux-en-salle-2024-classement-de-lheptathlon\/\" target=\"_blank\" rel=\"noopener\"><span style=\"font-size: 12px\"><em>Classement<\/em><\/span><\/a><br \/>\n<\/strong><\/td>\n<td style=\"text-align: center;width: 200px;vertical-align: middle\">\ud83c\udde8\ud83c\udded <a title=\"Athl\u00e9tisme Mondiaux en salle : Simon Ehammer champion du monde de l\u2019heptathlon !\" href=\"https:\/\/dicodusport.fr\/blog\/athletisme-mondiaux-en-salle-simon-ehammer-champion-du-monde-de-lheptathlon\/\" target=\"_blank\" rel=\"noopener\"><strong>Simon Ehammer<\/strong><\/a><br \/>\n<strong>6418 pts WL<\/strong><\/td>\n<td style=\"text-align: center;width: 200px;vertical-align: middle\">\ud83c\uddf3\ud83c\uddf4\u00a0 Sander Skotheim<br \/>\n6407 pts <strong>NR<\/strong><\/td>\n<td style=\"text-align: center;width: 200px;vertical-align: middle\">\ud83c\uddea\ud83c\uddea Johannes Erm<br \/>\n6340 pts <strong>PB<\/strong><\/td>\n<\/tr>\n<tr>\n<td style=\"text-align: center;width: 200px;vertical-align: middle\"><strong>Saut \u00e0 la perche<br \/>\n<span style=\"font-size: 12px\"><em>Classement<\/em><\/span><br \/>\n<\/strong><\/td>\n<td style=\"text-align: center;width: 200px;vertical-align: middle\">\ud83c\uddf8\ud83c\uddea <strong><a title=\"Athl\u00e9tisme Mondiaux en salle : Armand Duplantis s\u2019emploie pour d\u00e9crocher le titre\" href=\"https:\/\/dicodusport.fr\/blog\/athletisme-mondiaux-en-salle-armand-duplantis-semploie-pour-decrocher-le-titre\/\" target=\"_blank\" rel=\"noopener\">Armand Duplantis<\/a><br \/>\n6.05 m WL<br \/>\n<\/strong><\/td>\n<td style=\"text-align: center;width: 200px;vertical-align: middle\">\ud83c\uddfa\ud83c\uddf8 Sam Kendricks<br \/>\n5.90 m<\/td>\n<td style=\"text-align: center;width: 200px;vertical-align: middle\">\ud83c\uddec\ud83c\uddf7 Emmanouil Karalis<br \/>\n5.85 m <strong>SB<\/strong><\/td>\n<\/tr>\n<tr>\n<td style=\"text-align: center;width: 200px;vertical-align: middle\"><strong>Saut en hauteur<br \/>\n<a href=\"https:\/\/media.aws.iaaf.org\/competitiondocuments\/pdf\/7180312\/AT-HJ-M-f----.RS6.pdf\"><span style=\"font-size: 12px\"><em>Classement<\/em><\/span><\/a><br \/>\n<\/strong><\/td>\n<td style=\"text-align: center;width: 200px;vertical-align: middle\">\ud83c\uddf3\ud83c\uddff <strong>Hamish Kerr<br \/>\n2.36 m WL<br \/>\n<\/strong><\/td>\n<td style=\"text-align: center;width: 200px;vertical-align: middle\">\ud83c\uddfa\ud83c\uddf8 Shelby McEwen<br \/>\n2.28 m<\/td>\n<td style=\"text-align: center;width: 200px;vertical-align: middle\">\ud83c\uddf0\ud83c\uddf7 Sanghyeok Woo<br \/>\n2.28 m<\/td>\n<\/tr>\n<tr>\n<td style=\"text-align: center;width: 200px;vertical-align: middle\"><strong>Saut en longueur<br \/>\n<a href=\"https:\/\/media.aws.iaaf.org\/competitiondocuments\/pdf\/7180312\/AT-LJ-M-f----.RS6.pdf\" target=\"_blank\" rel=\"noopener\"><span style=\"font-size: 12px\"><em>Classement<\/em><\/span><\/a><br \/>\n<\/strong><\/td>\n<td style=\"text-align: center;width: 200px;vertical-align: middle\">\ud83c\uddec\ud83c\uddf7 <strong>Miltiadis Tentoglou<br \/>\n8.22 m<\/strong><\/td>\n<td style=\"text-align: center;width: 200px;vertical-align: middle\">\ud83c\uddee\ud83c\uddf9 Mattia Furlani<br \/>\n8.22 m<\/td>\n<td style=\"text-align: center;width: 200px;vertical-align: middle\">\ud83c\uddef\ud83c\uddf2 Carey McLeod<br \/>\n8.21 m <strong>SB<\/strong><\/td>\n<\/tr>\n<tr>\n<td style=\"text-align: center;width: 200px;vertical-align: middle\"><strong>Triple saut<br \/>\n<a href=\"https:\/\/media.aws.iaaf.org\/competitiondocuments\/pdf\/7180312\/AT-TJ-M-f----.RS6.pdf\" target=\"_blank\" rel=\"noopener\"><span style=\"font-size: 12px\"><em>Classement<\/em><\/span><\/a><br \/>\n<\/strong><\/td>\n<td style=\"text-align: center;width: 200px;vertical-align: middle\">\ud83c\udde7\ud83c\uddeb <strong>Hugues Fabrice Zango<br \/>\n17.53 m SB<\/strong><\/td>\n<td style=\"text-align: center;width: 200px;vertical-align: middle\">\ud83c\udde9\ud83c\uddff Yasser Mohammed Triki<br \/>\n17.35 m <strong>SB<\/strong><\/td>\n<td style=\"text-align: center;width: 200px;vertical-align: middle\">\ud83c\uddf5\ud83c\uddf9 Tiago Pereira<br \/>\n17.08 m <strong>SB<\/strong><\/td>\n<\/tr>\n<tr>\n<td style=\"text-align: center;width: 200px;vertical-align: middle\"><strong>Lancer du poids<br \/>\n<a href=\"https:\/\/media.aws.iaaf.org\/competitiondocuments\/pdf\/7180312\/AT-SP-M-f----.RS6.pdf\"><span style=\"font-size: 12px\"><em>Classement<\/em><\/span><\/a><br \/>\n<\/strong><\/td>\n<td style=\"text-align: center;width: 200px;vertical-align: middle\">\ud83c\uddfa\ud83c\uddf8 <strong>Ryan Crouser<br \/>\n22.00 m CR<\/strong><\/td>\n<td style=\"text-align: center;width: 200px;vertical-align: middle\">\ud83c\uddf3\ud83c\uddff Tom Walsh<br \/>\n22.07 m<\/td>\n<td style=\"text-align: center;width: 200px;vertical-align: middle\"><strong>\ud83c\uddee\ud83c\uddf9<\/strong> Leonardo Fabbri<br \/>\n21.96 m<\/td>\n<\/tr>\n<tr>\n<td style=\"text-align: center;width: 200px;vertical-align: middle\"><strong>Relais 4X400 m<br \/>\n<a href=\"https:\/\/media.aws.iaaf.org\/competitiondocuments\/pdf\/7180312\/AT-4X4sh-M-f----.RS6.pdf\"><span style=\"font-size: 12px\"><em>Classement<\/em><\/span><\/a><br \/>\n<\/strong><\/td>\n<td style=\"width: 200px;text-align: center\">\ud83c\udde7\ud83c\uddea <strong>Belgique<br \/>\n3:02.54 WL<br \/>\n<\/strong><\/td>\n<td style=\"width: 200px;text-align: center\">\ud83c\uddfa\ud83c\uddf8 \u00c9tats-Unis<br \/>\n3:02.60 <strong>SB<\/strong><\/td>\n<td style=\"width: 200px;text-align: center\">\ud83c\uddf3\ud83c\uddf1 Pays-Bas<br \/>\n3:04.25 <strong>NR<\/strong><\/td>\n<\/tr>\n<\/tbody>\n<\/table>\n<\/div>\n<p><span style=\"font-size: 14px;\"><em>WR : Record du monde<br \/>\nCR : Record des championnats<\/em><\/span><br \/>\n<span style=\"font-size: 14px;\"><em>WL : Meilleure performance mondiale de la saison<br \/>\nPB : Record personnel<br \/>\nNR : Record national<\/em><\/span><\/p>\n","protected":false},"excerpt":{"rendered":"<p>ATHL\u00c9TISME &#8211; Les Championnats du monde en salle d&rsquo;athl\u00e9tisme se d\u00e9roulent du 1er au 3 mars \u00e0 Glasgow (\u00c9cosse). Voici le programme et les r\u00e9sultats de la comp\u00e9tition.<\/p>\n","protected":false},"author":12,"featured_media":466104,"comment_status":"open","ping_status":"closed","sticky":false,"template":"","format":"standard","meta":{"_acf_changed":false,"_daextam_enable_autolinks":"1","footnotes":""},"categories":[2308],"tags":[143,16878],"class_list":["post-465945","post","type-post","status-publish","format-standard","has-post-thumbnail","hentry","category-athletisme","tag-athletisme","tag-breve"],"acf":[],"yoast_head":"<!-- This site is optimized with the Yoast SEO Premium plugin v26.7 (Yoast SEO v26.7) - https:\/\/yoast.com\/wordpress\/plugins\/seo\/ -->\n<title>Athl\u00e9tisme - Palmar\u00e8s et r\u00e9sultats Championnats du monde en salle 2024 - Dicodusport<\/title>\n<meta name=\"description\" content=\"Les Championnats du monde en salle d&#039;athl\u00e9tisme se d\u00e9roulent du 1er au 3 mars. Voici le programme et les r\u00e9sultats de la comp\u00e9tition.\" \/>\n<meta name=\"robots\" content=\"index, follow, max-snippet:-1, max-image-preview:large, max-video-preview:-1\" \/>\n<link rel=\"canonical\" href=\"https:\/\/dicodusport.fr\/blog\/athletisme-programme-et-resultats-championnats-du-monde-en-salle-2024\/\" \/>\n<meta property=\"og:locale\" content=\"fr_FR\" \/>\n<meta property=\"og:type\" content=\"article\" \/>\n<meta property=\"og:title\" content=\"Athl\u00e9tisme - Palmar\u00e8s et r\u00e9sultats Championnats du monde en salle 2024\" \/>\n<meta property=\"og:description\" content=\"Les Championnats du monde en salle d&#039;athl\u00e9tisme se d\u00e9roulent du 1er au 3 mars. Voici le programme et les r\u00e9sultats de la comp\u00e9tition.\" \/>\n<meta property=\"og:url\" content=\"https:\/\/dicodusport.fr\/blog\/athletisme-programme-et-resultats-championnats-du-monde-en-salle-2024\/\" \/>\n<meta property=\"og:site_name\" content=\"Dicodusport\" \/>\n<meta property=\"article:publisher\" content=\"https:\/\/www.facebook.com\/dicodusport\" \/>\n<meta property=\"article:published_time\" content=\"2024-03-03T21:10:38+00:00\" \/>\n<meta property=\"article:modified_time\" content=\"2024-03-03T23:23:44+00:00\" \/>\n<meta property=\"og:image\" content=\"https:\/\/dicodusport.fr\/blog\/wp-content\/uploads\/2024\/02\/Athletisme-Programme-et-resultats-Championnats-du-monde-en-salle-2024.png\" \/>\n\t<meta property=\"og:image:width\" content=\"1200\" \/>\n\t<meta property=\"og:image:height\" content=\"674\" \/>\n\t<meta property=\"og:image:type\" content=\"image\/png\" \/>\n<meta name=\"author\" content=\"Arlette Yeye\" \/>\n<meta name=\"twitter:card\" content=\"summary_large_image\" \/>\n<meta name=\"twitter:title\" content=\"Athl\u00e9tisme - Palmar\u00e8s et r\u00e9sultats Championnats du monde en salle 2024\" \/>\n<meta name=\"twitter:creator\" content=\"@https:\/\/twitter.com\/Shiclette94\" \/>\n<meta name=\"twitter:site\" content=\"@dicodusport\" \/>\n<script type=\"application\/ld+json\" class=\"yoast-schema-graph\">{\"@context\":\"https:\/\/schema.org\",\"@graph\":[{\"@type\":\"NewsArticle\",\"@id\":\"https:\/\/dicodusport.fr\/blog\/athletisme-programme-et-resultats-championnats-du-monde-en-salle-2024\/#article\",\"isPartOf\":{\"@id\":\"https:\/\/dicodusport.fr\/blog\/athletisme-programme-et-resultats-championnats-du-monde-en-salle-2024\/\"},\"author\":{\"name\":\"Arlette Yeye\",\"@id\":\"https:\/\/dicodusport.fr\/blog\/#\/schema\/person\/cce96fa88785bd8573e3d43078ac8c79\"},\"headline\":\"Athl\u00e9tisme &#8211; Palmar\u00e8s et r\u00e9sultats Championnats du monde en salle 2024\",\"datePublished\":\"2024-03-03T21:10:38+00:00\",\"dateModified\":\"2024-03-03T23:23:44+00:00\",\"mainEntityOfPage\":{\"@id\":\"https:\/\/dicodusport.fr\/blog\/athletisme-programme-et-resultats-championnats-du-monde-en-salle-2024\/\"},\"wordCount\":831,\"commentCount\":0,\"publisher\":{\"@id\":\"https:\/\/dicodusport.fr\/blog\/#organization\"},\"image\":{\"@id\":\"https:\/\/dicodusport.fr\/blog\/athletisme-programme-et-resultats-championnats-du-monde-en-salle-2024\/#primaryimage\"},\"thumbnailUrl\":\"https:\/\/dicodusport.fr\/blog\/wp-content\/uploads\/2024\/02\/Athletisme-Programme-et-resultats-Championnats-du-monde-en-salle-2024.png\",\"keywords\":[\"Athl\u00e9tisme\",\"br\u00e8ve\"],\"articleSection\":[\"Athl\u00e9tisme\"],\"inLanguage\":\"fr-FR\",\"potentialAction\":[{\"@type\":\"CommentAction\",\"name\":\"Comment\",\"target\":[\"https:\/\/dicodusport.fr\/blog\/athletisme-programme-et-resultats-championnats-du-monde-en-salle-2024\/#respond\"]}],\"copyrightYear\":\"2024\",\"copyrightHolder\":{\"@id\":\"https:\/\/dicodusport.fr\/blog\/#organization\"}},{\"@type\":\"WebPage\",\"@id\":\"https:\/\/dicodusport.fr\/blog\/athletisme-programme-et-resultats-championnats-du-monde-en-salle-2024\/\",\"url\":\"https:\/\/dicodusport.fr\/blog\/athletisme-programme-et-resultats-championnats-du-monde-en-salle-2024\/\",\"name\":\"Athl\u00e9tisme - Palmar\u00e8s et r\u00e9sultats Championnats du monde en salle 2024 - Dicodusport\",\"isPartOf\":{\"@id\":\"https:\/\/dicodusport.fr\/blog\/#website\"},\"primaryImageOfPage\":{\"@id\":\"https:\/\/dicodusport.fr\/blog\/athletisme-programme-et-resultats-championnats-du-monde-en-salle-2024\/#primaryimage\"},\"image\":{\"@id\":\"https:\/\/dicodusport.fr\/blog\/athletisme-programme-et-resultats-championnats-du-monde-en-salle-2024\/#primaryimage\"},\"thumbnailUrl\":\"https:\/\/dicodusport.fr\/blog\/wp-content\/uploads\/2024\/02\/Athletisme-Programme-et-resultats-Championnats-du-monde-en-salle-2024.png\",\"datePublished\":\"2024-03-03T21:10:38+00:00\",\"dateModified\":\"2024-03-03T23:23:44+00:00\",\"description\":\"Les Championnats du monde en salle d'athl\u00e9tisme se d\u00e9roulent du 1er au 3 mars. Voici le programme et les r\u00e9sultats de la comp\u00e9tition.\",\"breadcrumb\":{\"@id\":\"https:\/\/dicodusport.fr\/blog\/athletisme-programme-et-resultats-championnats-du-monde-en-salle-2024\/#breadcrumb\"},\"inLanguage\":\"fr-FR\",\"potentialAction\":[{\"@type\":\"ReadAction\",\"target\":[\"https:\/\/dicodusport.fr\/blog\/athletisme-programme-et-resultats-championnats-du-monde-en-salle-2024\/\"]}]},{\"@type\":\"ImageObject\",\"inLanguage\":\"fr-FR\",\"@id\":\"https:\/\/dicodusport.fr\/blog\/athletisme-programme-et-resultats-championnats-du-monde-en-salle-2024\/#primaryimage\",\"url\":\"https:\/\/dicodusport.fr\/blog\/wp-content\/uploads\/2024\/02\/Athletisme-Programme-et-resultats-Championnats-du-monde-en-salle-2024.png\",\"contentUrl\":\"https:\/\/dicodusport.fr\/blog\/wp-content\/uploads\/2024\/02\/Athletisme-Programme-et-resultats-Championnats-du-monde-en-salle-2024.png\",\"width\":1200,\"height\":674,\"caption\":\"Athl\u00e9tisme - Programme et r\u00e9sultats Championnats du monde en salle 2024\"},{\"@type\":\"BreadcrumbList\",\"@id\":\"https:\/\/dicodusport.fr\/blog\/athletisme-programme-et-resultats-championnats-du-monde-en-salle-2024\/#breadcrumb\",\"itemListElement\":[{\"@type\":\"ListItem\",\"position\":1,\"name\":\"Accueil\",\"item\":\"https:\/\/dicodusport.fr\/blog\/\"},{\"@type\":\"ListItem\",\"position\":2,\"name\":\"Athl\u00e9tisme &#8211; Palmar\u00e8s et r\u00e9sultats Championnats du monde en salle 2024\"}]},{\"@type\":\"WebSite\",\"@id\":\"https:\/\/dicodusport.fr\/blog\/#website\",\"url\":\"https:\/\/dicodusport.fr\/blog\/\",\"name\":\"Dicodusport\",\"description\":\"L&#039;encyclop\u00e9die de l&#039;actualit\u00e9 sportive\",\"publisher\":{\"@id\":\"https:\/\/dicodusport.fr\/blog\/#organization\"},\"potentialAction\":[{\"@type\":\"SearchAction\",\"target\":{\"@type\":\"EntryPoint\",\"urlTemplate\":\"https:\/\/dicodusport.fr\/blog\/?s={search_term_string}\"},\"query-input\":{\"@type\":\"PropertyValueSpecification\",\"valueRequired\":true,\"valueName\":\"search_term_string\"}}],\"inLanguage\":\"fr-FR\"},{\"@type\":\"NewsMediaOrganization\",\"@id\":\"https:\/\/dicodusport.fr\/blog\/#organization\",\"name\":\"Dicodusport\",\"url\":\"https:\/\/dicodusport.fr\/blog\/\",\"logo\":{\"@type\":\"ImageObject\",\"inLanguage\":\"fr-FR\",\"@id\":\"https:\/\/dicodusport.fr\/blog\/#\/schema\/logo\/image\/\",\"url\":\"https:\/\/dicodusport.fr\/blog\/wp-content\/uploads\/2020\/06\/cropped-LOGO-DICODUSPORT-2020-SANS-FOND-SANS-TEXTE.png\",\"contentUrl\":\"https:\/\/dicodusport.fr\/blog\/wp-content\/uploads\/2020\/06\/cropped-LOGO-DICODUSPORT-2020-SANS-FOND-SANS-TEXTE.png\",\"width\":512,\"height\":512,\"caption\":\"Dicodusport\"},\"image\":{\"@id\":\"https:\/\/dicodusport.fr\/blog\/#\/schema\/logo\/image\/\"},\"sameAs\":[\"https:\/\/www.facebook.com\/dicodusport\",\"https:\/\/x.com\/dicodusport\",\"https:\/\/www.instagram.com\/dicodusport\/\",\"https:\/\/www.youtube.com\/channel\/UC7V2KZ5sd3htJivAbA4ZG3w\"],\"description\":\"Dicodusport est l'encyclop\u00e9die de l'actualit\u00e9 sportive.\",\"email\":\"bonjour@dicodusport.fr\",\"legalName\":\"DICODUSPORT\",\"foundingDate\":\"2018-01-14\",\"vatID\":\"FR71834470973\",\"taxID\":\"83447097300043\",\"numberOfEmployees\":{\"@type\":\"QuantitativeValue\",\"minValue\":\"1\",\"maxValue\":\"10\"}},{\"@type\":\"Person\",\"@id\":\"https:\/\/dicodusport.fr\/blog\/#\/schema\/person\/cce96fa88785bd8573e3d43078ac8c79\",\"name\":\"Arlette Yeye\",\"image\":{\"@type\":\"ImageObject\",\"inLanguage\":\"fr-FR\",\"@id\":\"https:\/\/dicodusport.fr\/blog\/#\/schema\/person\/image\/\",\"url\":\"https:\/\/secure.gravatar.com\/avatar\/dca4a6239e6d708e46c45d60e160de6c?s=96&d=wp_user_avatar&r=g\",\"contentUrl\":\"https:\/\/secure.gravatar.com\/avatar\/dca4a6239e6d708e46c45d60e160de6c?s=96&d=wp_user_avatar&r=g\",\"caption\":\"Arlette Yeye\"},\"description\":\"Journaliste\/r\u00e9dactrice depuis septembre 2015 - Supportrice de Chelsea, j'ai pour sports de pr\u00e9dilection le handball, l'athl\u00e9tisme et le tennis. Si je tweete plus vite que mon ombre, vous pouvez aussi me retrouver les week-ends sur les playgrounds de Bruxelles pour un petit foot ou basket entre potes. Parcourir la France, l'Europe et plus si affinit\u00e9s pour suivre mes sportifs pr\u00e9f\u00e9r\u00e9s ? Mon kif ! Et c'est avec plaisir que je partage les r\u00e9sultats des sports populaires mais \u00e9galement plus confidentiels pour Dicodusport.\",\"sameAs\":[\"https:\/\/x.com\/https:\/\/twitter.com\/Shiclette94\"],\"url\":\"https:\/\/dicodusport.fr\/blog\/author\/arlette\/\"}]}<\/script>\n<!-- \/ Yoast SEO Premium plugin. -->","yoast_head_json":{"title":"Athl\u00e9tisme - Palmar\u00e8s et r\u00e9sultats Championnats du monde en salle 2024 - Dicodusport","description":"Les Championnats du monde en salle d'athl\u00e9tisme se d\u00e9roulent du 1er au 3 mars. Voici le programme et les r\u00e9sultats de la comp\u00e9tition.","robots":{"index":"index","follow":"follow","max-snippet":"max-snippet:-1","max-image-preview":"max-image-preview:large","max-video-preview":"max-video-preview:-1"},"canonical":"https:\/\/dicodusport.fr\/blog\/athletisme-programme-et-resultats-championnats-du-monde-en-salle-2024\/","og_locale":"fr_FR","og_type":"article","og_title":"Athl\u00e9tisme - Palmar\u00e8s et r\u00e9sultats Championnats du monde en salle 2024","og_description":"Les Championnats du monde en salle d'athl\u00e9tisme se d\u00e9roulent du 1er au 3 mars. Voici le programme et les r\u00e9sultats de la comp\u00e9tition.","og_url":"https:\/\/dicodusport.fr\/blog\/athletisme-programme-et-resultats-championnats-du-monde-en-salle-2024\/","og_site_name":"Dicodusport","article_publisher":"https:\/\/www.facebook.com\/dicodusport","article_published_time":"2024-03-03T21:10:38+00:00","article_modified_time":"2024-03-03T23:23:44+00:00","og_image":[{"width":1200,"height":674,"url":"https:\/\/dicodusport.fr\/blog\/wp-content\/uploads\/2024\/02\/Athletisme-Programme-et-resultats-Championnats-du-monde-en-salle-2024.png","type":"image\/png"}],"author":"Arlette Yeye","twitter_card":"summary_large_image","twitter_title":"Athl\u00e9tisme - Palmar\u00e8s et r\u00e9sultats Championnats du monde en salle 2024","twitter_creator":"@https:\/\/twitter.com\/Shiclette94","twitter_site":"@dicodusport","schema":{"@context":"https:\/\/schema.org","@graph":[{"@type":"NewsArticle","@id":"https:\/\/dicodusport.fr\/blog\/athletisme-programme-et-resultats-championnats-du-monde-en-salle-2024\/#article","isPartOf":{"@id":"https:\/\/dicodusport.fr\/blog\/athletisme-programme-et-resultats-championnats-du-monde-en-salle-2024\/"},"author":{"name":"Arlette Yeye","@id":"https:\/\/dicodusport.fr\/blog\/#\/schema\/person\/cce96fa88785bd8573e3d43078ac8c79"},"headline":"Athl\u00e9tisme &#8211; Palmar\u00e8s et r\u00e9sultats Championnats du monde en salle 2024","datePublished":"2024-03-03T21:10:38+00:00","dateModified":"2024-03-03T23:23:44+00:00","mainEntityOfPage":{"@id":"https:\/\/dicodusport.fr\/blog\/athletisme-programme-et-resultats-championnats-du-monde-en-salle-2024\/"},"wordCount":831,"commentCount":0,"publisher":{"@id":"https:\/\/dicodusport.fr\/blog\/#organization"},"image":{"@id":"https:\/\/dicodusport.fr\/blog\/athletisme-programme-et-resultats-championnats-du-monde-en-salle-2024\/#primaryimage"},"thumbnailUrl":"https:\/\/dicodusport.fr\/blog\/wp-content\/uploads\/2024\/02\/Athletisme-Programme-et-resultats-Championnats-du-monde-en-salle-2024.png","keywords":["Athl\u00e9tisme","br\u00e8ve"],"articleSection":["Athl\u00e9tisme"],"inLanguage":"fr-FR","potentialAction":[{"@type":"CommentAction","name":"Comment","target":["https:\/\/dicodusport.fr\/blog\/athletisme-programme-et-resultats-championnats-du-monde-en-salle-2024\/#respond"]}],"copyrightYear":"2024","copyrightHolder":{"@id":"https:\/\/dicodusport.fr\/blog\/#organization"}},{"@type":"WebPage","@id":"https:\/\/dicodusport.fr\/blog\/athletisme-programme-et-resultats-championnats-du-monde-en-salle-2024\/","url":"https:\/\/dicodusport.fr\/blog\/athletisme-programme-et-resultats-championnats-du-monde-en-salle-2024\/","name":"Athl\u00e9tisme - Palmar\u00e8s et r\u00e9sultats Championnats du monde en salle 2024 - Dicodusport","isPartOf":{"@id":"https:\/\/dicodusport.fr\/blog\/#website"},"primaryImageOfPage":{"@id":"https:\/\/dicodusport.fr\/blog\/athletisme-programme-et-resultats-championnats-du-monde-en-salle-2024\/#primaryimage"},"image":{"@id":"https:\/\/dicodusport.fr\/blog\/athletisme-programme-et-resultats-championnats-du-monde-en-salle-2024\/#primaryimage"},"thumbnailUrl":"https:\/\/dicodusport.fr\/blog\/wp-content\/uploads\/2024\/02\/Athletisme-Programme-et-resultats-Championnats-du-monde-en-salle-2024.png","datePublished":"2024-03-03T21:10:38+00:00","dateModified":"2024-03-03T23:23:44+00:00","description":"Les Championnats du monde en salle d'athl\u00e9tisme se d\u00e9roulent du 1er au 3 mars. Voici le programme et les r\u00e9sultats de la comp\u00e9tition.","breadcrumb":{"@id":"https:\/\/dicodusport.fr\/blog\/athletisme-programme-et-resultats-championnats-du-monde-en-salle-2024\/#breadcrumb"},"inLanguage":"fr-FR","potentialAction":[{"@type":"ReadAction","target":["https:\/\/dicodusport.fr\/blog\/athletisme-programme-et-resultats-championnats-du-monde-en-salle-2024\/"]}]},{"@type":"ImageObject","inLanguage":"fr-FR","@id":"https:\/\/dicodusport.fr\/blog\/athletisme-programme-et-resultats-championnats-du-monde-en-salle-2024\/#primaryimage","url":"https:\/\/dicodusport.fr\/blog\/wp-content\/uploads\/2024\/02\/Athletisme-Programme-et-resultats-Championnats-du-monde-en-salle-2024.png","contentUrl":"https:\/\/dicodusport.fr\/blog\/wp-content\/uploads\/2024\/02\/Athletisme-Programme-et-resultats-Championnats-du-monde-en-salle-2024.png","width":1200,"height":674,"caption":"Athl\u00e9tisme - Programme et r\u00e9sultats Championnats du monde en salle 2024"},{"@type":"BreadcrumbList","@id":"https:\/\/dicodusport.fr\/blog\/athletisme-programme-et-resultats-championnats-du-monde-en-salle-2024\/#breadcrumb","itemListElement":[{"@type":"ListItem","position":1,"name":"Accueil","item":"https:\/\/dicodusport.fr\/blog\/"},{"@type":"ListItem","position":2,"name":"Athl\u00e9tisme &#8211; Palmar\u00e8s et r\u00e9sultats Championnats du monde en salle 2024"}]},{"@type":"WebSite","@id":"https:\/\/dicodusport.fr\/blog\/#website","url":"https:\/\/dicodusport.fr\/blog\/","name":"Dicodusport","description":"L&#039;encyclop\u00e9die de l&#039;actualit\u00e9 sportive","publisher":{"@id":"https:\/\/dicodusport.fr\/blog\/#organization"},"potentialAction":[{"@type":"SearchAction","target":{"@type":"EntryPoint","urlTemplate":"https:\/\/dicodusport.fr\/blog\/?s={search_term_string}"},"query-input":{"@type":"PropertyValueSpecification","valueRequired":true,"valueName":"search_term_string"}}],"inLanguage":"fr-FR"},{"@type":"NewsMediaOrganization","@id":"https:\/\/dicodusport.fr\/blog\/#organization","name":"Dicodusport","url":"https:\/\/dicodusport.fr\/blog\/","logo":{"@type":"ImageObject","inLanguage":"fr-FR","@id":"https:\/\/dicodusport.fr\/blog\/#\/schema\/logo\/image\/","url":"https:\/\/dicodusport.fr\/blog\/wp-content\/uploads\/2020\/06\/cropped-LOGO-DICODUSPORT-2020-SANS-FOND-SANS-TEXTE.png","contentUrl":"https:\/\/dicodusport.fr\/blog\/wp-content\/uploads\/2020\/06\/cropped-LOGO-DICODUSPORT-2020-SANS-FOND-SANS-TEXTE.png","width":512,"height":512,"caption":"Dicodusport"},"image":{"@id":"https:\/\/dicodusport.fr\/blog\/#\/schema\/logo\/image\/"},"sameAs":["https:\/\/www.facebook.com\/dicodusport","https:\/\/x.com\/dicodusport","https:\/\/www.instagram.com\/dicodusport\/","https:\/\/www.youtube.com\/channel\/UC7V2KZ5sd3htJivAbA4ZG3w"],"description":"Dicodusport est l'encyclop\u00e9die de l'actualit\u00e9 sportive.","email":"bonjour@dicodusport.fr","legalName":"DICODUSPORT","foundingDate":"2018-01-14","vatID":"FR71834470973","taxID":"83447097300043","numberOfEmployees":{"@type":"QuantitativeValue","minValue":"1","maxValue":"10"}},{"@type":"Person","@id":"https:\/\/dicodusport.fr\/blog\/#\/schema\/person\/cce96fa88785bd8573e3d43078ac8c79","name":"Arlette Yeye","image":{"@type":"ImageObject","inLanguage":"fr-FR","@id":"https:\/\/dicodusport.fr\/blog\/#\/schema\/person\/image\/","url":"https:\/\/secure.gravatar.com\/avatar\/dca4a6239e6d708e46c45d60e160de6c?s=96&d=wp_user_avatar&r=g","contentUrl":"https:\/\/secure.gravatar.com\/avatar\/dca4a6239e6d708e46c45d60e160de6c?s=96&d=wp_user_avatar&r=g","caption":"Arlette Yeye"},"description":"Journaliste\/r\u00e9dactrice depuis septembre 2015 - Supportrice de Chelsea, j'ai pour sports de pr\u00e9dilection le handball, l'athl\u00e9tisme et le tennis. Si je tweete plus vite que mon ombre, vous pouvez aussi me retrouver les week-ends sur les playgrounds de Bruxelles pour un petit foot ou basket entre potes. Parcourir la France, l'Europe et plus si affinit\u00e9s pour suivre mes sportifs pr\u00e9f\u00e9r\u00e9s ? Mon kif ! Et c'est avec plaisir que je partage les r\u00e9sultats des sports populaires mais \u00e9galement plus confidentiels pour Dicodusport.","sameAs":["https:\/\/x.com\/https:\/\/twitter.com\/Shiclette94"],"url":"https:\/\/dicodusport.fr\/blog\/author\/arlette\/"}]}},"_links":{"self":[{"href":"https:\/\/dicodusport.fr\/blog\/wp-json\/wp\/v2\/posts\/465945","targetHints":{"allow":["GET"]}}],"collection":[{"href":"https:\/\/dicodusport.fr\/blog\/wp-json\/wp\/v2\/posts"}],"about":[{"href":"https:\/\/dicodusport.fr\/blog\/wp-json\/wp\/v2\/types\/post"}],"author":[{"embeddable":true,"href":"https:\/\/dicodusport.fr\/blog\/wp-json\/wp\/v2\/users\/12"}],"replies":[{"embeddable":true,"href":"https:\/\/dicodusport.fr\/blog\/wp-json\/wp\/v2\/comments?post=465945"}],"version-history":[{"count":5,"href":"https:\/\/dicodusport.fr\/blog\/wp-json\/wp\/v2\/posts\/465945\/revisions"}],"predecessor-version":[{"id":469206,"href":"https:\/\/dicodusport.fr\/blog\/wp-json\/wp\/v2\/posts\/465945\/revisions\/469206"}],"wp:featuredmedia":[{"embeddable":true,"href":"https:\/\/dicodusport.fr\/blog\/wp-json\/wp\/v2\/media\/466104"}],"wp:attachment":[{"href":"https:\/\/dicodusport.fr\/blog\/wp-json\/wp\/v2\/media?parent=465945"}],"wp:term":[{"taxonomy":"category","embeddable":true,"href":"https:\/\/dicodusport.fr\/blog\/wp-json\/wp\/v2\/categories?post=465945"},{"taxonomy":"post_tag","embeddable":true,"href":"https:\/\/dicodusport.fr\/blog\/wp-json\/wp\/v2\/tags?post=465945"}],"curies":[{"name":"wp","href":"https:\/\/api.w.org\/{rel}","templated":true}]}}