{"id":465953,"date":"2024-02-23T14:28:49","date_gmt":"2024-02-23T13:28:49","guid":{"rendered":"https:\/\/dicodusport.fr\/blog\/?p=465953&#038;preview=true&#038;preview_id=465953"},"modified":"2024-02-23T18:11:12","modified_gmt":"2024-02-23T17:11:12","slug":"transferts-apres-gregory-alldritt-le-stade-rochelais-prolonge-2-autres-joueurs","status":"publish","type":"post","link":"https:\/\/dicodusport.fr\/blog\/transferts-apres-gregory-alldritt-le-stade-rochelais-prolonge-2-autres-joueurs\/","title":{"rendered":"Transferts : Apr\u00e8s Gr\u00e9gory Alldritt, le Stade Rochelais prolonge 2 autres joueurs"},"content":{"rendered":"<p style=\"text-align: justify;\"><strong><em>TOP 14 2023-2024 &#8211; Apr\u00e8s Gr\u00e9gory Alldritt, le Stade Rochelais a finalis\u00e9 les prolongations de deux autres joueurs de son effectif.<\/em><\/strong><\/p>\n<p style=\"text-align: justify;\"><strong>Gr\u00e9gory<\/strong> <strong>Alldritt<\/strong> \u00e9tait d\u00e9j\u00e0 engag\u00e9 avec le <strong>Stade<\/strong> <strong>Rochelais<\/strong> jusqu&rsquo;en 2026, mais on sait depuis quelques jours qu&rsquo;il va prolonger son contrat de trois ans. Le capitaine des Bleus va donc s&rsquo;inscrire sur le tr\u00e8s long terme avec les <strong>Maritimes<\/strong>, puisqu&rsquo;il est maintenant li\u00e9 au club jusqu&rsquo;en 2029. \u00c0 <a href=\"https:\/\/www.lequipe.fr\/Rugby\/Article\/Gregory-alldritt-capitaine-du-xv-de-france-je-ne-vois-pas-un-groupe-qui-doute\/1450386\"><em>L&rsquo;\u00c9quipe<\/em><\/a>, il a expliqu\u00e9 :<\/p>\n<blockquote>\n<p style=\"text-align: justify;\">J&rsquo;adore cette ville et ce club \u00e0 qui je dois beaucoup, nous disait-il hier. Je sens que le club n&rsquo;est jamais satisfait. Il veut toujours gagner plus et continuer \u00e0 grandir. \u00c7a me plait bien s\u00fbr. C&rsquo;\u00e9tait \u00e9vident pour moi de continuer avec La Rochelle afin de gagner des titres.<\/p>\n<\/blockquote>\n<h2 style=\"text-align: justify;\">Thomas Lavault et Jules Favre prolongent \u00e0 La Rochelle<\/h2>\n<p style=\"text-align: justify;\">Mais cette prolongation n&rsquo;arrive pas seule, car deux autres joueurs ont d\u00e9j\u00e0 donn\u00e9 leur accord aux dirigeants du club. <strong>Thomas<\/strong> <strong>Lavault<\/strong>, deuxi\u00e8me ligne de 24 ans, \u00e9tait d\u00e9j\u00e0 li\u00e9 au club jusqu&rsquo;en 2025. Il va prolonger son bail pour s&rsquo;inscrire dans la dur\u00e9e chez les <strong>Maritimes<\/strong>. Cette saison, il a d\u00e9j\u00e0 disput\u00e9 16 matchs dont 14 comme titulaire.<\/p>\n<ul>\n<li style=\"text-align: justify;\"><strong>\u00c0 ce sujet &#8211;<a href=\"https:\/\/dicodusport.fr\/blog\/transferts-rugby-sevu-reece-madosh-tambwe-lenni-nouchi-les-infos-du-jeudi-22-fevrier\/\" target=\"_blank\" rel=\"noopener\"> Transferts Rugby : Sevu Reece, Madosh Tambwe, Lenni Nouchi, les infos du jeudi 22 f\u00e9vrier<\/a><\/strong><\/li>\n<\/ul>\n<p style=\"text-align: justify;\"><strong>Jules<\/strong> <strong>Favre<\/strong> a, lui aussi, donn\u00e9 son accord pour un nouveau contrat. Le jeune trois-quarts de 24 ans, arriv\u00e9 en 2017 \u00e0 La Rochelle, va donc aussi s&rsquo;inscrire dans le temps avec son club. Les dirigeants du Stade Rochelais discute avec d&rsquo;autres joueurs de l&rsquo;effectif pour des prolongations, mais rien n&rsquo;est encore act\u00e9. <strong>Pierre<\/strong> <strong>Bourgarit<\/strong>, <strong>Uini<\/strong> <strong>Atonio<\/strong>, <strong>Reda<\/strong> <strong>Wardi<\/strong>, <strong>Paul<\/strong> <strong>Boudehent<\/strong>, <strong>Will<\/strong> <strong>Skelton<\/strong> et <strong>Antoine<\/strong> <strong>Hastoy<\/strong> sont concern\u00e9s.<\/p>\n<blockquote class=\"twitter-tweet\">\n<p dir=\"ltr\" lang=\"zxx\"><a href=\"https:\/\/t.co\/M9YSSlgec9\">https:\/\/t.co\/M9YSSlgec9<\/a><\/p>\n<p>\u2014 Nicolas Jacquemard (@Nico_Jacquemard) <a href=\"https:\/\/twitter.com\/Nico_Jacquemard\/status\/1761013362949849415?ref_src=twsrc%5Etfw\">February 23, 2024<\/a><\/p><\/blockquote>\n<p style=\"text-align: justify;\"><script async src=\"https:\/\/platform.twitter.com\/widgets.js\" charset=\"utf-8\"><\/script><\/p>\n","protected":false},"excerpt":{"rendered":"<p>TOP 14 2023-2024 &#8211; Apr\u00e8s Gr\u00e9gory Alldritt, le Stade Rochelais a finalis\u00e9 les prolongations de deux autres joueurs de son effectif.<\/p>\n","protected":false},"author":1,"featured_media":465975,"comment_status":"open","ping_status":"closed","sticky":false,"template":"","format":"standard","meta":{"_acf_changed":false,"_daextam_enable_autolinks":"1","footnotes":""},"categories":[9129,47050],"tags":[26150,16878,9375,2702,29105],"class_list":["post-465953","post","type-post","status-publish","format-standard","has-post-thumbnail","hentry","category-rugby-a-xv","category-top-14","tag-alldritt","tag-breve","tag-gregory-alldritt","tag-stade-rochelais","tag-transferts-rugby"],"acf":[],"yoast_head":"<!-- This site is optimized with the Yoast SEO Premium plugin v26.7 (Yoast SEO v26.7) - https:\/\/yoast.com\/wordpress\/plugins\/seo\/ -->\n<title>Transferts : Apr\u00e8s Gr\u00e9gory Alldritt, le Stade Rochelais prolonge 2 autres joueurs<\/title>\n<meta name=\"description\" content=\"TOP 14 2023-2024 - Apr\u00e8s Gr\u00e9gory Alldritt, le Stade Rochelais a finalis\u00e9 les prolongations de deux autres joueurs de son effectif.\" \/>\n<meta name=\"robots\" content=\"index, follow, max-snippet:-1, max-image-preview:large, max-video-preview:-1\" \/>\n<link rel=\"canonical\" href=\"https:\/\/dicodusport.fr\/blog\/transferts-apres-gregory-alldritt-le-stade-rochelais-prolonge-2-autres-joueurs\/\" \/>\n<meta property=\"og:locale\" content=\"fr_FR\" \/>\n<meta property=\"og:type\" content=\"article\" \/>\n<meta property=\"og:title\" content=\"Transferts : Apr\u00e8s Gr\u00e9gory Alldritt, le Stade Rochelais prolonge 2 autres joueurs\" \/>\n<meta property=\"og:description\" content=\"TOP 14 2023-2024 - Apr\u00e8s Gr\u00e9gory Alldritt, le Stade Rochelais a finalis\u00e9 les prolongations de deux autres joueurs de son effectif.\" \/>\n<meta property=\"og:url\" content=\"https:\/\/dicodusport.fr\/blog\/transferts-apres-gregory-alldritt-le-stade-rochelais-prolonge-2-autres-joueurs\/\" \/>\n<meta property=\"og:site_name\" content=\"Dicodusport\" \/>\n<meta property=\"article:publisher\" content=\"https:\/\/www.facebook.com\/dicodusport\" \/>\n<meta property=\"article:author\" content=\"https:\/\/www.facebook.com\/dicodusport\" \/>\n<meta property=\"article:published_time\" content=\"2024-02-23T13:28:49+00:00\" \/>\n<meta property=\"article:modified_time\" content=\"2024-02-23T17:11:12+00:00\" \/>\n<meta property=\"og:image\" content=\"https:\/\/dicodusport.fr\/blog\/wp-content\/uploads\/2024\/02\/Transferts-Apres-Gregory-Alldritt-le-Stade-Rochelais-prolonge-2-autres-joueurs.png\" \/>\n\t<meta property=\"og:image:width\" content=\"1200\" \/>\n\t<meta property=\"og:image:height\" content=\"674\" \/>\n\t<meta property=\"og:image:type\" content=\"image\/png\" \/>\n<meta name=\"author\" content=\"Nicolas Jacquemard\" \/>\n<meta name=\"twitter:card\" content=\"summary_large_image\" \/>\n<meta name=\"twitter:title\" content=\"Transferts : Apr\u00e8s Gr\u00e9gory Alldritt, le Stade Rochelais prolonge 2 autres joueurs\" \/>\n<meta name=\"twitter:creator\" content=\"@https:\/\/twitter.com\/Nico_Jacquemard\" \/>\n<meta name=\"twitter:site\" content=\"@dicodusport\" \/>\n<script type=\"application\/ld+json\" class=\"yoast-schema-graph\">{\"@context\":\"https:\/\/schema.org\",\"@graph\":[{\"@type\":\"NewsArticle\",\"@id\":\"https:\/\/dicodusport.fr\/blog\/transferts-apres-gregory-alldritt-le-stade-rochelais-prolonge-2-autres-joueurs\/#article\",\"isPartOf\":{\"@id\":\"https:\/\/dicodusport.fr\/blog\/transferts-apres-gregory-alldritt-le-stade-rochelais-prolonge-2-autres-joueurs\/\"},\"author\":{\"name\":\"Nicolas Jacquemard\",\"@id\":\"https:\/\/dicodusport.fr\/blog\/#\/schema\/person\/55dcb50ad410894e431ed812bbb70191\"},\"headline\":\"Transferts : Apr\u00e8s Gr\u00e9gory Alldritt, le Stade Rochelais prolonge 2 autres joueurs\",\"datePublished\":\"2024-02-23T13:28:49+00:00\",\"dateModified\":\"2024-02-23T17:11:12+00:00\",\"mainEntityOfPage\":{\"@id\":\"https:\/\/dicodusport.fr\/blog\/transferts-apres-gregory-alldritt-le-stade-rochelais-prolonge-2-autres-joueurs\/\"},\"wordCount\":312,\"commentCount\":0,\"publisher\":{\"@id\":\"https:\/\/dicodusport.fr\/blog\/#organization\"},\"image\":{\"@id\":\"https:\/\/dicodusport.fr\/blog\/transferts-apres-gregory-alldritt-le-stade-rochelais-prolonge-2-autres-joueurs\/#primaryimage\"},\"thumbnailUrl\":\"https:\/\/dicodusport.fr\/blog\/wp-content\/uploads\/2024\/02\/Transferts-Apres-Gregory-Alldritt-le-Stade-Rochelais-prolonge-2-autres-joueurs.png\",\"keywords\":[\"Alldritt\",\"br\u00e8ve\",\"Gr\u00e9gory Alldritt\",\"Stade Rochelais\",\"Transferts rugby\"],\"articleSection\":[\"Rugby \u00e0 XV\",\"Top 14\"],\"inLanguage\":\"fr-FR\",\"potentialAction\":[{\"@type\":\"CommentAction\",\"name\":\"Comment\",\"target\":[\"https:\/\/dicodusport.fr\/blog\/transferts-apres-gregory-alldritt-le-stade-rochelais-prolonge-2-autres-joueurs\/#respond\"]}],\"copyrightYear\":\"2024\",\"copyrightHolder\":{\"@id\":\"https:\/\/dicodusport.fr\/blog\/#organization\"}},{\"@type\":\"WebPage\",\"@id\":\"https:\/\/dicodusport.fr\/blog\/transferts-apres-gregory-alldritt-le-stade-rochelais-prolonge-2-autres-joueurs\/\",\"url\":\"https:\/\/dicodusport.fr\/blog\/transferts-apres-gregory-alldritt-le-stade-rochelais-prolonge-2-autres-joueurs\/\",\"name\":\"Transferts : Apr\u00e8s Gr\u00e9gory Alldritt, le Stade Rochelais prolonge 2 autres joueurs\",\"isPartOf\":{\"@id\":\"https:\/\/dicodusport.fr\/blog\/#website\"},\"primaryImageOfPage\":{\"@id\":\"https:\/\/dicodusport.fr\/blog\/transferts-apres-gregory-alldritt-le-stade-rochelais-prolonge-2-autres-joueurs\/#primaryimage\"},\"image\":{\"@id\":\"https:\/\/dicodusport.fr\/blog\/transferts-apres-gregory-alldritt-le-stade-rochelais-prolonge-2-autres-joueurs\/#primaryimage\"},\"thumbnailUrl\":\"https:\/\/dicodusport.fr\/blog\/wp-content\/uploads\/2024\/02\/Transferts-Apres-Gregory-Alldritt-le-Stade-Rochelais-prolonge-2-autres-joueurs.png\",\"datePublished\":\"2024-02-23T13:28:49+00:00\",\"dateModified\":\"2024-02-23T17:11:12+00:00\",\"description\":\"TOP 14 2023-2024 - Apr\u00e8s Gr\u00e9gory Alldritt, le Stade Rochelais a finalis\u00e9 les prolongations de deux autres joueurs de son effectif.\",\"breadcrumb\":{\"@id\":\"https:\/\/dicodusport.fr\/blog\/transferts-apres-gregory-alldritt-le-stade-rochelais-prolonge-2-autres-joueurs\/#breadcrumb\"},\"inLanguage\":\"fr-FR\",\"potentialAction\":[{\"@type\":\"ReadAction\",\"target\":[\"https:\/\/dicodusport.fr\/blog\/transferts-apres-gregory-alldritt-le-stade-rochelais-prolonge-2-autres-joueurs\/\"]}]},{\"@type\":\"ImageObject\",\"inLanguage\":\"fr-FR\",\"@id\":\"https:\/\/dicodusport.fr\/blog\/transferts-apres-gregory-alldritt-le-stade-rochelais-prolonge-2-autres-joueurs\/#primaryimage\",\"url\":\"https:\/\/dicodusport.fr\/blog\/wp-content\/uploads\/2024\/02\/Transferts-Apres-Gregory-Alldritt-le-Stade-Rochelais-prolonge-2-autres-joueurs.png\",\"contentUrl\":\"https:\/\/dicodusport.fr\/blog\/wp-content\/uploads\/2024\/02\/Transferts-Apres-Gregory-Alldritt-le-Stade-Rochelais-prolonge-2-autres-joueurs.png\",\"width\":1200,\"height\":674},{\"@type\":\"BreadcrumbList\",\"@id\":\"https:\/\/dicodusport.fr\/blog\/transferts-apres-gregory-alldritt-le-stade-rochelais-prolonge-2-autres-joueurs\/#breadcrumb\",\"itemListElement\":[{\"@type\":\"ListItem\",\"position\":1,\"name\":\"Accueil\",\"item\":\"https:\/\/dicodusport.fr\/blog\/\"},{\"@type\":\"ListItem\",\"position\":2,\"name\":\"Transferts : Apr\u00e8s Gr\u00e9gory Alldritt, le Stade Rochelais prolonge 2 autres joueurs\"}]},{\"@type\":\"WebSite\",\"@id\":\"https:\/\/dicodusport.fr\/blog\/#website\",\"url\":\"https:\/\/dicodusport.fr\/blog\/\",\"name\":\"Dicodusport\",\"description\":\"L&#039;encyclop\u00e9die de l&#039;actualit\u00e9 sportive\",\"publisher\":{\"@id\":\"https:\/\/dicodusport.fr\/blog\/#organization\"},\"potentialAction\":[{\"@type\":\"SearchAction\",\"target\":{\"@type\":\"EntryPoint\",\"urlTemplate\":\"https:\/\/dicodusport.fr\/blog\/?s={search_term_string}\"},\"query-input\":{\"@type\":\"PropertyValueSpecification\",\"valueRequired\":true,\"valueName\":\"search_term_string\"}}],\"inLanguage\":\"fr-FR\"},{\"@type\":\"NewsMediaOrganization\",\"@id\":\"https:\/\/dicodusport.fr\/blog\/#organization\",\"name\":\"Dicodusport\",\"url\":\"https:\/\/dicodusport.fr\/blog\/\",\"logo\":{\"@type\":\"ImageObject\",\"inLanguage\":\"fr-FR\",\"@id\":\"https:\/\/dicodusport.fr\/blog\/#\/schema\/logo\/image\/\",\"url\":\"https:\/\/dicodusport.fr\/blog\/wp-content\/uploads\/2020\/06\/cropped-LOGO-DICODUSPORT-2020-SANS-FOND-SANS-TEXTE.png\",\"contentUrl\":\"https:\/\/dicodusport.fr\/blog\/wp-content\/uploads\/2020\/06\/cropped-LOGO-DICODUSPORT-2020-SANS-FOND-SANS-TEXTE.png\",\"width\":512,\"height\":512,\"caption\":\"Dicodusport\"},\"image\":{\"@id\":\"https:\/\/dicodusport.fr\/blog\/#\/schema\/logo\/image\/\"},\"sameAs\":[\"https:\/\/www.facebook.com\/dicodusport\",\"https:\/\/x.com\/dicodusport\",\"https:\/\/www.instagram.com\/dicodusport\/\",\"https:\/\/www.youtube.com\/channel\/UC7V2KZ5sd3htJivAbA4ZG3w\"],\"description\":\"Dicodusport est l'encyclop\u00e9die de l'actualit\u00e9 sportive.\",\"email\":\"bonjour@dicodusport.fr\",\"legalName\":\"DICODUSPORT\",\"foundingDate\":\"2018-01-14\",\"vatID\":\"FR71834470973\",\"taxID\":\"83447097300043\",\"numberOfEmployees\":{\"@type\":\"QuantitativeValue\",\"minValue\":\"1\",\"maxValue\":\"10\"}},{\"@type\":\"Person\",\"@id\":\"https:\/\/dicodusport.fr\/blog\/#\/schema\/person\/55dcb50ad410894e431ed812bbb70191\",\"name\":\"Nicolas Jacquemard\",\"image\":{\"@type\":\"ImageObject\",\"inLanguage\":\"fr-FR\",\"@id\":\"https:\/\/dicodusport.fr\/blog\/#\/schema\/person\/image\/\",\"url\":\"https:\/\/dicodusport.fr\/blog\/wp-content\/uploads\/2021\/05\/Nicolas-Jacquemard-150x150.jpeg\",\"contentUrl\":\"https:\/\/dicodusport.fr\/blog\/wp-content\/uploads\/2021\/05\/Nicolas-Jacquemard-150x150.jpeg\",\"caption\":\"Nicolas Jacquemard\"},\"description\":\"Passionn\u00e9 de sport et entrepreneur depuis mes 18 ans, la cr\u00e9ation de Dicodusport m'a sembl\u00e9 \u00e9vidente pour participer \u00e0 la m\u00e9diatisation d'un plus grand nombre de sports. Le chemin est long mais avec une \u00e9quipe des plus motiv\u00e9es et les Jeux Olympiques de Paris 2024 en point de mire, nous y arriverons ! Journaliste dans le monde du sport depuis plus de 5 ans, je traite aussi bien de football, de rugby, de biathlon que de cyclisme.\",\"sameAs\":[\"https:\/\/www.facebook.com\/dicodusport\",\"https:\/\/x.com\/https:\/\/twitter.com\/Nico_Jacquemard\"],\"url\":\"https:\/\/dicodusport.fr\/blog\/author\/dicodusport\/\"}]}<\/script>\n<!-- \/ Yoast SEO Premium plugin. -->","yoast_head_json":{"title":"Transferts : Apr\u00e8s Gr\u00e9gory Alldritt, le Stade Rochelais prolonge 2 autres joueurs","description":"TOP 14 2023-2024 - Apr\u00e8s Gr\u00e9gory Alldritt, le Stade Rochelais a finalis\u00e9 les prolongations de deux autres joueurs de son effectif.","robots":{"index":"index","follow":"follow","max-snippet":"max-snippet:-1","max-image-preview":"max-image-preview:large","max-video-preview":"max-video-preview:-1"},"canonical":"https:\/\/dicodusport.fr\/blog\/transferts-apres-gregory-alldritt-le-stade-rochelais-prolonge-2-autres-joueurs\/","og_locale":"fr_FR","og_type":"article","og_title":"Transferts : Apr\u00e8s Gr\u00e9gory Alldritt, le Stade Rochelais prolonge 2 autres joueurs","og_description":"TOP 14 2023-2024 - Apr\u00e8s Gr\u00e9gory Alldritt, le Stade Rochelais a finalis\u00e9 les prolongations de deux autres joueurs de son effectif.","og_url":"https:\/\/dicodusport.fr\/blog\/transferts-apres-gregory-alldritt-le-stade-rochelais-prolonge-2-autres-joueurs\/","og_site_name":"Dicodusport","article_publisher":"https:\/\/www.facebook.com\/dicodusport","article_author":"https:\/\/www.facebook.com\/dicodusport","article_published_time":"2024-02-23T13:28:49+00:00","article_modified_time":"2024-02-23T17:11:12+00:00","og_image":[{"width":1200,"height":674,"url":"https:\/\/dicodusport.fr\/blog\/wp-content\/uploads\/2024\/02\/Transferts-Apres-Gregory-Alldritt-le-Stade-Rochelais-prolonge-2-autres-joueurs.png","type":"image\/png"}],"author":"Nicolas Jacquemard","twitter_card":"summary_large_image","twitter_title":"Transferts : Apr\u00e8s Gr\u00e9gory Alldritt, le Stade Rochelais prolonge 2 autres joueurs","twitter_creator":"@https:\/\/twitter.com\/Nico_Jacquemard","twitter_site":"@dicodusport","schema":{"@context":"https:\/\/schema.org","@graph":[{"@type":"NewsArticle","@id":"https:\/\/dicodusport.fr\/blog\/transferts-apres-gregory-alldritt-le-stade-rochelais-prolonge-2-autres-joueurs\/#article","isPartOf":{"@id":"https:\/\/dicodusport.fr\/blog\/transferts-apres-gregory-alldritt-le-stade-rochelais-prolonge-2-autres-joueurs\/"},"author":{"name":"Nicolas Jacquemard","@id":"https:\/\/dicodusport.fr\/blog\/#\/schema\/person\/55dcb50ad410894e431ed812bbb70191"},"headline":"Transferts : Apr\u00e8s Gr\u00e9gory Alldritt, le Stade Rochelais prolonge 2 autres joueurs","datePublished":"2024-02-23T13:28:49+00:00","dateModified":"2024-02-23T17:11:12+00:00","mainEntityOfPage":{"@id":"https:\/\/dicodusport.fr\/blog\/transferts-apres-gregory-alldritt-le-stade-rochelais-prolonge-2-autres-joueurs\/"},"wordCount":312,"commentCount":0,"publisher":{"@id":"https:\/\/dicodusport.fr\/blog\/#organization"},"image":{"@id":"https:\/\/dicodusport.fr\/blog\/transferts-apres-gregory-alldritt-le-stade-rochelais-prolonge-2-autres-joueurs\/#primaryimage"},"thumbnailUrl":"https:\/\/dicodusport.fr\/blog\/wp-content\/uploads\/2024\/02\/Transferts-Apres-Gregory-Alldritt-le-Stade-Rochelais-prolonge-2-autres-joueurs.png","keywords":["Alldritt","br\u00e8ve","Gr\u00e9gory Alldritt","Stade Rochelais","Transferts rugby"],"articleSection":["Rugby \u00e0 XV","Top 14"],"inLanguage":"fr-FR","potentialAction":[{"@type":"CommentAction","name":"Comment","target":["https:\/\/dicodusport.fr\/blog\/transferts-apres-gregory-alldritt-le-stade-rochelais-prolonge-2-autres-joueurs\/#respond"]}],"copyrightYear":"2024","copyrightHolder":{"@id":"https:\/\/dicodusport.fr\/blog\/#organization"}},{"@type":"WebPage","@id":"https:\/\/dicodusport.fr\/blog\/transferts-apres-gregory-alldritt-le-stade-rochelais-prolonge-2-autres-joueurs\/","url":"https:\/\/dicodusport.fr\/blog\/transferts-apres-gregory-alldritt-le-stade-rochelais-prolonge-2-autres-joueurs\/","name":"Transferts : Apr\u00e8s Gr\u00e9gory Alldritt, le Stade Rochelais prolonge 2 autres joueurs","isPartOf":{"@id":"https:\/\/dicodusport.fr\/blog\/#website"},"primaryImageOfPage":{"@id":"https:\/\/dicodusport.fr\/blog\/transferts-apres-gregory-alldritt-le-stade-rochelais-prolonge-2-autres-joueurs\/#primaryimage"},"image":{"@id":"https:\/\/dicodusport.fr\/blog\/transferts-apres-gregory-alldritt-le-stade-rochelais-prolonge-2-autres-joueurs\/#primaryimage"},"thumbnailUrl":"https:\/\/dicodusport.fr\/blog\/wp-content\/uploads\/2024\/02\/Transferts-Apres-Gregory-Alldritt-le-Stade-Rochelais-prolonge-2-autres-joueurs.png","datePublished":"2024-02-23T13:28:49+00:00","dateModified":"2024-02-23T17:11:12+00:00","description":"TOP 14 2023-2024 - Apr\u00e8s Gr\u00e9gory Alldritt, le Stade Rochelais a finalis\u00e9 les prolongations de deux autres joueurs de son effectif.","breadcrumb":{"@id":"https:\/\/dicodusport.fr\/blog\/transferts-apres-gregory-alldritt-le-stade-rochelais-prolonge-2-autres-joueurs\/#breadcrumb"},"inLanguage":"fr-FR","potentialAction":[{"@type":"ReadAction","target":["https:\/\/dicodusport.fr\/blog\/transferts-apres-gregory-alldritt-le-stade-rochelais-prolonge-2-autres-joueurs\/"]}]},{"@type":"ImageObject","inLanguage":"fr-FR","@id":"https:\/\/dicodusport.fr\/blog\/transferts-apres-gregory-alldritt-le-stade-rochelais-prolonge-2-autres-joueurs\/#primaryimage","url":"https:\/\/dicodusport.fr\/blog\/wp-content\/uploads\/2024\/02\/Transferts-Apres-Gregory-Alldritt-le-Stade-Rochelais-prolonge-2-autres-joueurs.png","contentUrl":"https:\/\/dicodusport.fr\/blog\/wp-content\/uploads\/2024\/02\/Transferts-Apres-Gregory-Alldritt-le-Stade-Rochelais-prolonge-2-autres-joueurs.png","width":1200,"height":674},{"@type":"BreadcrumbList","@id":"https:\/\/dicodusport.fr\/blog\/transferts-apres-gregory-alldritt-le-stade-rochelais-prolonge-2-autres-joueurs\/#breadcrumb","itemListElement":[{"@type":"ListItem","position":1,"name":"Accueil","item":"https:\/\/dicodusport.fr\/blog\/"},{"@type":"ListItem","position":2,"name":"Transferts : Apr\u00e8s Gr\u00e9gory Alldritt, le Stade Rochelais prolonge 2 autres joueurs"}]},{"@type":"WebSite","@id":"https:\/\/dicodusport.fr\/blog\/#website","url":"https:\/\/dicodusport.fr\/blog\/","name":"Dicodusport","description":"L&#039;encyclop\u00e9die de l&#039;actualit\u00e9 sportive","publisher":{"@id":"https:\/\/dicodusport.fr\/blog\/#organization"},"potentialAction":[{"@type":"SearchAction","target":{"@type":"EntryPoint","urlTemplate":"https:\/\/dicodusport.fr\/blog\/?s={search_term_string}"},"query-input":{"@type":"PropertyValueSpecification","valueRequired":true,"valueName":"search_term_string"}}],"inLanguage":"fr-FR"},{"@type":"NewsMediaOrganization","@id":"https:\/\/dicodusport.fr\/blog\/#organization","name":"Dicodusport","url":"https:\/\/dicodusport.fr\/blog\/","logo":{"@type":"ImageObject","inLanguage":"fr-FR","@id":"https:\/\/dicodusport.fr\/blog\/#\/schema\/logo\/image\/","url":"https:\/\/dicodusport.fr\/blog\/wp-content\/uploads\/2020\/06\/cropped-LOGO-DICODUSPORT-2020-SANS-FOND-SANS-TEXTE.png","contentUrl":"https:\/\/dicodusport.fr\/blog\/wp-content\/uploads\/2020\/06\/cropped-LOGO-DICODUSPORT-2020-SANS-FOND-SANS-TEXTE.png","width":512,"height":512,"caption":"Dicodusport"},"image":{"@id":"https:\/\/dicodusport.fr\/blog\/#\/schema\/logo\/image\/"},"sameAs":["https:\/\/www.facebook.com\/dicodusport","https:\/\/x.com\/dicodusport","https:\/\/www.instagram.com\/dicodusport\/","https:\/\/www.youtube.com\/channel\/UC7V2KZ5sd3htJivAbA4ZG3w"],"description":"Dicodusport est l'encyclop\u00e9die de l'actualit\u00e9 sportive.","email":"bonjour@dicodusport.fr","legalName":"DICODUSPORT","foundingDate":"2018-01-14","vatID":"FR71834470973","taxID":"83447097300043","numberOfEmployees":{"@type":"QuantitativeValue","minValue":"1","maxValue":"10"}},{"@type":"Person","@id":"https:\/\/dicodusport.fr\/blog\/#\/schema\/person\/55dcb50ad410894e431ed812bbb70191","name":"Nicolas Jacquemard","image":{"@type":"ImageObject","inLanguage":"fr-FR","@id":"https:\/\/dicodusport.fr\/blog\/#\/schema\/person\/image\/","url":"https:\/\/dicodusport.fr\/blog\/wp-content\/uploads\/2021\/05\/Nicolas-Jacquemard-150x150.jpeg","contentUrl":"https:\/\/dicodusport.fr\/blog\/wp-content\/uploads\/2021\/05\/Nicolas-Jacquemard-150x150.jpeg","caption":"Nicolas Jacquemard"},"description":"Passionn\u00e9 de sport et entrepreneur depuis mes 18 ans, la cr\u00e9ation de Dicodusport m'a sembl\u00e9 \u00e9vidente pour participer \u00e0 la m\u00e9diatisation d'un plus grand nombre de sports. Le chemin est long mais avec une \u00e9quipe des plus motiv\u00e9es et les Jeux Olympiques de Paris 2024 en point de mire, nous y arriverons ! Journaliste dans le monde du sport depuis plus de 5 ans, je traite aussi bien de football, de rugby, de biathlon que de cyclisme.","sameAs":["https:\/\/www.facebook.com\/dicodusport","https:\/\/x.com\/https:\/\/twitter.com\/Nico_Jacquemard"],"url":"https:\/\/dicodusport.fr\/blog\/author\/dicodusport\/"}]}},"_links":{"self":[{"href":"https:\/\/dicodusport.fr\/blog\/wp-json\/wp\/v2\/posts\/465953","targetHints":{"allow":["GET"]}}],"collection":[{"href":"https:\/\/dicodusport.fr\/blog\/wp-json\/wp\/v2\/posts"}],"about":[{"href":"https:\/\/dicodusport.fr\/blog\/wp-json\/wp\/v2\/types\/post"}],"author":[{"embeddable":true,"href":"https:\/\/dicodusport.fr\/blog\/wp-json\/wp\/v2\/users\/1"}],"replies":[{"embeddable":true,"href":"https:\/\/dicodusport.fr\/blog\/wp-json\/wp\/v2\/comments?post=465953"}],"version-history":[{"count":2,"href":"https:\/\/dicodusport.fr\/blog\/wp-json\/wp\/v2\/posts\/465953\/revisions"}],"predecessor-version":[{"id":465990,"href":"https:\/\/dicodusport.fr\/blog\/wp-json\/wp\/v2\/posts\/465953\/revisions\/465990"}],"wp:featuredmedia":[{"embeddable":true,"href":"https:\/\/dicodusport.fr\/blog\/wp-json\/wp\/v2\/media\/465975"}],"wp:attachment":[{"href":"https:\/\/dicodusport.fr\/blog\/wp-json\/wp\/v2\/media?parent=465953"}],"wp:term":[{"taxonomy":"category","embeddable":true,"href":"https:\/\/dicodusport.fr\/blog\/wp-json\/wp\/v2\/categories?post=465953"},{"taxonomy":"post_tag","embeddable":true,"href":"https:\/\/dicodusport.fr\/blog\/wp-json\/wp\/v2\/tags?post=465953"}],"curies":[{"name":"wp","href":"https:\/\/api.w.org\/{rel}","templated":true}]}}