{"id":466314,"date":"2024-02-24T14:04:23","date_gmt":"2024-02-24T13:04:23","guid":{"rendered":"https:\/\/dicodusport.fr\/blog\/?p=466314&#038;preview=true&#038;preview_id=466314"},"modified":"2024-02-24T14:19:18","modified_gmt":"2024-02-24T13:19:18","slug":"coupe-du-monde-de-skicross-melvin-tchiknavorian-troisieme-a-reinteralm","status":"publish","type":"post","link":"https:\/\/dicodusport.fr\/blog\/coupe-du-monde-de-skicross-melvin-tchiknavorian-troisieme-a-reinteralm\/","title":{"rendered":"Coupe du monde de Skicross : Melvin Tchiknavorian troisi\u00e8me \u00e0 Reinteralm"},"content":{"rendered":"<p style=\"text-align: justify;\"><strong><em>COUPE DU MONDE DE SKICROSS 2023-2024 &#8211; Le Fran\u00e7ais Melvin Tchiknavorian s&rsquo;offre la troisi\u00e8me place sur la Coupe du monde de Reiteralm, en Autriche.\u00a0<\/em><\/strong><\/p>\n<h2>Un rep\u00eachage en bronze<\/h2>\n<p style=\"text-align: justify;\">M\u00e9daille pour le clan tricolore \u00e0 Reiteralm (Autriche). <strong>Melvin Tchiknavorian<\/strong> est all\u00e9 chercher le bronze. Le Tricolore a eu chaud lors de sa demi-finale. D\u2019abord 3\u00e8me et donc premier non qualifi\u00e9, il profite du d\u00e9classement de l\u2019Allemand <strong>Wilmsmann<\/strong> pour s\u2019offrir une finale.<\/p>\n<p style=\"text-align: justify;\">Lors de celle-ci, le skieur fran\u00e7ais a pris un bon d\u00e9part avant de reculer \u00e0 la derni\u00e8re place \u00e0 la mi-course. Lors de la derni\u00e8re ligne droite, le Tricolore a r\u00e9ussi \u00e0 se hisser sur le podium. C&rsquo;est le Su\u00e9dois <strong>Erik Mobaerg<\/strong> qui s&rsquo;est impos\u00e9, devant le Suisse <strong>Jonas Lehnerr<\/strong>.<\/p>\n<p style=\"text-align: justify;\">Du c\u00f4t\u00e9 des dames, les phases finales ont \u00e9t\u00e9 annul\u00e9es pour aujourd&rsquo;hui \u00e0 cause des conditions de neige.<\/p>\n<blockquote class=\"twitter-tweet\">\n<p dir=\"ltr\" lang=\"fr\">Quelle course ! \ud83d\ude80<\/p>\n<p>Melvin Tchiknavorian r\u00e9alise une tr\u00e8s belle fin de course et monte sur la 3\u20e3e marche du podium du ski cross de Reiteralm ! \ud83d\udcaa<\/p>\n<p>Premier podium de la saison ! \ud83d\udd25<\/p>\n<p>Youri Duplessis Kergomard remporte la petite finale ! \ud83d\udc4f<\/p>\n<p>\ud83d\udcf8 Archive FIS<a href=\"https:\/\/twitter.com\/hashtag\/Greenweez?src=hash&amp;ref_src=twsrc%5Etfw\">#Greenweez<\/a> <a href=\"https:\/\/t.co\/W7lz8CYjHd\">pic.twitter.com\/W7lz8CYjHd<\/a><\/p>\n<p>\u2014 FFS &#8211; F\u00e9d\u00e9ration Fran\u00e7aise de Ski (@FedFranceSki) <a href=\"https:\/\/twitter.com\/FedFranceSki\/status\/1761376987187208513?ref_src=twsrc%5Etfw\">February 24, 2024<\/a><\/p><\/blockquote>\n<p><script async src=\"https:\/\/platform.twitter.com\/widgets.js\" charset=\"utf-8\"><\/script><\/p>\n<p>&nbsp;<\/p>\n","protected":false},"excerpt":{"rendered":"<p>COUPE DU MONDE DE SKICROSS 2023-2024 &#8211; Le Fran\u00e7ais Melvin Tchiknavorian s&rsquo;offre la troisi\u00e8me place sur la Coupe du monde de Reiteralm, en Autriche.\u00a0<\/p>\n","protected":false},"author":89,"featured_media":466334,"comment_status":"open","ping_status":"closed","sticky":false,"template":"","format":"standard","meta":{"_acf_changed":false,"_daextam_enable_autolinks":"1","footnotes":""},"categories":[9217],"tags":[16878,29753,2947],"class_list":["post-466314","post","type-post","status-publish","format-standard","has-post-thumbnail","hentry","category-ski","tag-breve","tag-coupe-du-monde-de-skicross","tag-skicross"],"acf":[],"yoast_head":"<!-- This site is optimized with the Yoast SEO Premium plugin v26.7 (Yoast SEO v26.7) - https:\/\/yoast.com\/wordpress\/plugins\/seo\/ -->\n<title>Coupe du monde de Skicross : Melvin Tchiknavorian troisi\u00e8me \u00e0 Reinteralm<\/title>\n<meta name=\"description\" content=\"COUPE DU MONDE DE SKICROSS 2023-2024 - Le Fran\u00e7ais Melvin Tchiknavorian s&#039;offre la troisi\u00e8me place sur la Coupe du monde de Reiteralm, en Autriche.\u00a0\" \/>\n<meta name=\"robots\" content=\"index, follow, max-snippet:-1, max-image-preview:large, max-video-preview:-1\" \/>\n<link rel=\"canonical\" href=\"https:\/\/dicodusport.fr\/blog\/coupe-du-monde-de-skicross-melvin-tchiknavorian-troisieme-a-reinteralm\/\" \/>\n<meta property=\"og:locale\" content=\"fr_FR\" \/>\n<meta property=\"og:type\" content=\"article\" \/>\n<meta property=\"og:title\" content=\"Coupe du monde de Skicross : Melvin Tchiknavorian troisi\u00e8me \u00e0 Reinteralm\" \/>\n<meta property=\"og:description\" content=\"COUPE DU MONDE DE SKICROSS 2023-2024 - Le Fran\u00e7ais Melvin Tchiknavorian s&#039;offre la troisi\u00e8me place sur la Coupe du monde de Reiteralm, en Autriche.\u00a0\" \/>\n<meta property=\"og:url\" content=\"https:\/\/dicodusport.fr\/blog\/coupe-du-monde-de-skicross-melvin-tchiknavorian-troisieme-a-reinteralm\/\" \/>\n<meta property=\"og:site_name\" content=\"Dicodusport\" \/>\n<meta property=\"article:publisher\" content=\"https:\/\/www.facebook.com\/dicodusport\" \/>\n<meta property=\"article:published_time\" content=\"2024-02-24T13:04:23+00:00\" \/>\n<meta property=\"article:modified_time\" content=\"2024-02-24T13:19:18+00:00\" \/>\n<meta property=\"og:image\" content=\"https:\/\/dicodusport.fr\/blog\/wp-content\/uploads\/2024\/02\/Coupe-du-monde-de-Skicross-Melvin-Tchiknavorian-troisieme-a-Reinteralm.png\" \/>\n\t<meta property=\"og:image:width\" content=\"1200\" \/>\n\t<meta property=\"og:image:height\" content=\"674\" \/>\n\t<meta property=\"og:image:type\" content=\"image\/png\" \/>\n<meta name=\"author\" content=\"Louka Lesueur\" \/>\n<meta name=\"twitter:card\" content=\"summary_large_image\" \/>\n<meta name=\"twitter:title\" content=\"Coupe du monde de Skicross : Melvin Tchiknavorian troisi\u00e8me \u00e0 Reinteralm\" \/>\n<meta name=\"twitter:creator\" content=\"@https:\/\/twitter.com\/LNewsSF\" \/>\n<meta name=\"twitter:site\" content=\"@dicodusport\" \/>\n<script type=\"application\/ld+json\" class=\"yoast-schema-graph\">{\"@context\":\"https:\/\/schema.org\",\"@graph\":[{\"@type\":\"NewsArticle\",\"@id\":\"https:\/\/dicodusport.fr\/blog\/coupe-du-monde-de-skicross-melvin-tchiknavorian-troisieme-a-reinteralm\/#article\",\"isPartOf\":{\"@id\":\"https:\/\/dicodusport.fr\/blog\/coupe-du-monde-de-skicross-melvin-tchiknavorian-troisieme-a-reinteralm\/\"},\"author\":{\"name\":\"Louka Lesueur\",\"@id\":\"https:\/\/dicodusport.fr\/blog\/#\/schema\/person\/54b6cdccebdfcd5a1036c594aecffc2a\"},\"headline\":\"Coupe du monde de Skicross : Melvin Tchiknavorian troisi\u00e8me \u00e0 Reinteralm\",\"datePublished\":\"2024-02-24T13:04:23+00:00\",\"dateModified\":\"2024-02-24T13:19:18+00:00\",\"mainEntityOfPage\":{\"@id\":\"https:\/\/dicodusport.fr\/blog\/coupe-du-monde-de-skicross-melvin-tchiknavorian-troisieme-a-reinteralm\/\"},\"wordCount\":222,\"commentCount\":0,\"publisher\":{\"@id\":\"https:\/\/dicodusport.fr\/blog\/#organization\"},\"image\":{\"@id\":\"https:\/\/dicodusport.fr\/blog\/coupe-du-monde-de-skicross-melvin-tchiknavorian-troisieme-a-reinteralm\/#primaryimage\"},\"thumbnailUrl\":\"https:\/\/dicodusport.fr\/blog\/wp-content\/uploads\/2024\/02\/Coupe-du-monde-de-Skicross-Melvin-Tchiknavorian-troisieme-a-Reinteralm.png\",\"keywords\":[\"br\u00e8ve\",\"Coupe du monde de skicross\",\"skicross\"],\"articleSection\":[\"Ski\"],\"inLanguage\":\"fr-FR\",\"potentialAction\":[{\"@type\":\"CommentAction\",\"name\":\"Comment\",\"target\":[\"https:\/\/dicodusport.fr\/blog\/coupe-du-monde-de-skicross-melvin-tchiknavorian-troisieme-a-reinteralm\/#respond\"]}],\"copyrightYear\":\"2024\",\"copyrightHolder\":{\"@id\":\"https:\/\/dicodusport.fr\/blog\/#organization\"}},{\"@type\":\"WebPage\",\"@id\":\"https:\/\/dicodusport.fr\/blog\/coupe-du-monde-de-skicross-melvin-tchiknavorian-troisieme-a-reinteralm\/\",\"url\":\"https:\/\/dicodusport.fr\/blog\/coupe-du-monde-de-skicross-melvin-tchiknavorian-troisieme-a-reinteralm\/\",\"name\":\"Coupe du monde de Skicross : Melvin Tchiknavorian troisi\u00e8me \u00e0 Reinteralm\",\"isPartOf\":{\"@id\":\"https:\/\/dicodusport.fr\/blog\/#website\"},\"primaryImageOfPage\":{\"@id\":\"https:\/\/dicodusport.fr\/blog\/coupe-du-monde-de-skicross-melvin-tchiknavorian-troisieme-a-reinteralm\/#primaryimage\"},\"image\":{\"@id\":\"https:\/\/dicodusport.fr\/blog\/coupe-du-monde-de-skicross-melvin-tchiknavorian-troisieme-a-reinteralm\/#primaryimage\"},\"thumbnailUrl\":\"https:\/\/dicodusport.fr\/blog\/wp-content\/uploads\/2024\/02\/Coupe-du-monde-de-Skicross-Melvin-Tchiknavorian-troisieme-a-Reinteralm.png\",\"datePublished\":\"2024-02-24T13:04:23+00:00\",\"dateModified\":\"2024-02-24T13:19:18+00:00\",\"description\":\"COUPE DU MONDE DE SKICROSS 2023-2024 - Le Fran\u00e7ais Melvin Tchiknavorian s'offre la troisi\u00e8me place sur la Coupe du monde de Reiteralm, en Autriche.\u00a0\",\"breadcrumb\":{\"@id\":\"https:\/\/dicodusport.fr\/blog\/coupe-du-monde-de-skicross-melvin-tchiknavorian-troisieme-a-reinteralm\/#breadcrumb\"},\"inLanguage\":\"fr-FR\",\"potentialAction\":[{\"@type\":\"ReadAction\",\"target\":[\"https:\/\/dicodusport.fr\/blog\/coupe-du-monde-de-skicross-melvin-tchiknavorian-troisieme-a-reinteralm\/\"]}]},{\"@type\":\"ImageObject\",\"inLanguage\":\"fr-FR\",\"@id\":\"https:\/\/dicodusport.fr\/blog\/coupe-du-monde-de-skicross-melvin-tchiknavorian-troisieme-a-reinteralm\/#primaryimage\",\"url\":\"https:\/\/dicodusport.fr\/blog\/wp-content\/uploads\/2024\/02\/Coupe-du-monde-de-Skicross-Melvin-Tchiknavorian-troisieme-a-Reinteralm.png\",\"contentUrl\":\"https:\/\/dicodusport.fr\/blog\/wp-content\/uploads\/2024\/02\/Coupe-du-monde-de-Skicross-Melvin-Tchiknavorian-troisieme-a-Reinteralm.png\",\"width\":1200,\"height\":674,\"caption\":\"Coupe du monde de Skicross Melvin Tchiknavorian troisi\u00e8me \u00e0 Reinteralm\"},{\"@type\":\"BreadcrumbList\",\"@id\":\"https:\/\/dicodusport.fr\/blog\/coupe-du-monde-de-skicross-melvin-tchiknavorian-troisieme-a-reinteralm\/#breadcrumb\",\"itemListElement\":[{\"@type\":\"ListItem\",\"position\":1,\"name\":\"Accueil\",\"item\":\"https:\/\/dicodusport.fr\/blog\/\"},{\"@type\":\"ListItem\",\"position\":2,\"name\":\"Coupe du monde de Skicross : Melvin Tchiknavorian troisi\u00e8me \u00e0 Reinteralm\"}]},{\"@type\":\"WebSite\",\"@id\":\"https:\/\/dicodusport.fr\/blog\/#website\",\"url\":\"https:\/\/dicodusport.fr\/blog\/\",\"name\":\"Dicodusport\",\"description\":\"L&#039;encyclop\u00e9die de l&#039;actualit\u00e9 sportive\",\"publisher\":{\"@id\":\"https:\/\/dicodusport.fr\/blog\/#organization\"},\"potentialAction\":[{\"@type\":\"SearchAction\",\"target\":{\"@type\":\"EntryPoint\",\"urlTemplate\":\"https:\/\/dicodusport.fr\/blog\/?s={search_term_string}\"},\"query-input\":{\"@type\":\"PropertyValueSpecification\",\"valueRequired\":true,\"valueName\":\"search_term_string\"}}],\"inLanguage\":\"fr-FR\"},{\"@type\":\"NewsMediaOrganization\",\"@id\":\"https:\/\/dicodusport.fr\/blog\/#organization\",\"name\":\"Dicodusport\",\"url\":\"https:\/\/dicodusport.fr\/blog\/\",\"logo\":{\"@type\":\"ImageObject\",\"inLanguage\":\"fr-FR\",\"@id\":\"https:\/\/dicodusport.fr\/blog\/#\/schema\/logo\/image\/\",\"url\":\"https:\/\/dicodusport.fr\/blog\/wp-content\/uploads\/2020\/06\/cropped-LOGO-DICODUSPORT-2020-SANS-FOND-SANS-TEXTE.png\",\"contentUrl\":\"https:\/\/dicodusport.fr\/blog\/wp-content\/uploads\/2020\/06\/cropped-LOGO-DICODUSPORT-2020-SANS-FOND-SANS-TEXTE.png\",\"width\":512,\"height\":512,\"caption\":\"Dicodusport\"},\"image\":{\"@id\":\"https:\/\/dicodusport.fr\/blog\/#\/schema\/logo\/image\/\"},\"sameAs\":[\"https:\/\/www.facebook.com\/dicodusport\",\"https:\/\/x.com\/dicodusport\",\"https:\/\/www.instagram.com\/dicodusport\/\",\"https:\/\/www.youtube.com\/channel\/UC7V2KZ5sd3htJivAbA4ZG3w\"],\"description\":\"Dicodusport est l'encyclop\u00e9die de l'actualit\u00e9 sportive.\",\"email\":\"bonjour@dicodusport.fr\",\"legalName\":\"DICODUSPORT\",\"foundingDate\":\"2018-01-14\",\"vatID\":\"FR71834470973\",\"taxID\":\"83447097300043\",\"numberOfEmployees\":{\"@type\":\"QuantitativeValue\",\"minValue\":\"1\",\"maxValue\":\"10\"}},{\"@type\":\"Person\",\"@id\":\"https:\/\/dicodusport.fr\/blog\/#\/schema\/person\/54b6cdccebdfcd5a1036c594aecffc2a\",\"name\":\"Louka Lesueur\",\"image\":{\"@type\":\"ImageObject\",\"inLanguage\":\"fr-FR\",\"@id\":\"https:\/\/dicodusport.fr\/blog\/#\/schema\/person\/image\/\",\"url\":\"https:\/\/dicodusport.fr\/blog\/wp-content\/uploads\/2023\/09\/IMG_2783-150x150.jpeg\",\"contentUrl\":\"https:\/\/dicodusport.fr\/blog\/wp-content\/uploads\/2023\/09\/IMG_2783-150x150.jpeg\",\"caption\":\"Louka Lesueur\"},\"description\":\"Passionn\u00e9 depuis tout petit par les exploits de Bolt, Fourcade, Riner, Lavillenie, Wilkinson, Hirscher. Les \u00e9motions provoqu\u00e9es par le sport ont berc\u00e9 mon enfance et continuent de le faire aujourd'hui. C'est ainsi qu'il m'est arriv\u00e9 de pleurer devant la d\u00e9faite des Bleus face aux Blacks en 2011, ou encore devant le titre olympique de Florent Manaudou \u00e0 Londres. Bien loin de ce milieu professionnel, j'ai os\u00e9 tenter ma chance pour rejoindre l'\u00e9quipe de r\u00e9daction de Dicodusport, et depuis septembre 2023, je tente de retransmettre au mieux les exploits des athl\u00e8tes, tous sports confondus. Grand chauvin, c'est bel et bien sur les sportifs tricolores que je pr\u00e9f\u00e8re \u00e9crire.\",\"sameAs\":[\"https:\/\/x.com\/https:\/\/twitter.com\/LNewsSF\"],\"gender\":\"Homme\",\"worksFor\":\"Louka LESUEUR\",\"url\":\"https:\/\/dicodusport.fr\/blog\/author\/louka-lesueur\/\"}]}<\/script>\n<!-- \/ Yoast SEO Premium plugin. -->","yoast_head_json":{"title":"Coupe du monde de Skicross : Melvin Tchiknavorian troisi\u00e8me \u00e0 Reinteralm","description":"COUPE DU MONDE DE SKICROSS 2023-2024 - Le Fran\u00e7ais Melvin Tchiknavorian s'offre la troisi\u00e8me place sur la Coupe du monde de Reiteralm, en Autriche.\u00a0","robots":{"index":"index","follow":"follow","max-snippet":"max-snippet:-1","max-image-preview":"max-image-preview:large","max-video-preview":"max-video-preview:-1"},"canonical":"https:\/\/dicodusport.fr\/blog\/coupe-du-monde-de-skicross-melvin-tchiknavorian-troisieme-a-reinteralm\/","og_locale":"fr_FR","og_type":"article","og_title":"Coupe du monde de Skicross : Melvin Tchiknavorian troisi\u00e8me \u00e0 Reinteralm","og_description":"COUPE DU MONDE DE SKICROSS 2023-2024 - Le Fran\u00e7ais Melvin Tchiknavorian s'offre la troisi\u00e8me place sur la Coupe du monde de Reiteralm, en Autriche.\u00a0","og_url":"https:\/\/dicodusport.fr\/blog\/coupe-du-monde-de-skicross-melvin-tchiknavorian-troisieme-a-reinteralm\/","og_site_name":"Dicodusport","article_publisher":"https:\/\/www.facebook.com\/dicodusport","article_published_time":"2024-02-24T13:04:23+00:00","article_modified_time":"2024-02-24T13:19:18+00:00","og_image":[{"width":1200,"height":674,"url":"https:\/\/dicodusport.fr\/blog\/wp-content\/uploads\/2024\/02\/Coupe-du-monde-de-Skicross-Melvin-Tchiknavorian-troisieme-a-Reinteralm.png","type":"image\/png"}],"author":"Louka Lesueur","twitter_card":"summary_large_image","twitter_title":"Coupe du monde de Skicross : Melvin Tchiknavorian troisi\u00e8me \u00e0 Reinteralm","twitter_creator":"@https:\/\/twitter.com\/LNewsSF","twitter_site":"@dicodusport","schema":{"@context":"https:\/\/schema.org","@graph":[{"@type":"NewsArticle","@id":"https:\/\/dicodusport.fr\/blog\/coupe-du-monde-de-skicross-melvin-tchiknavorian-troisieme-a-reinteralm\/#article","isPartOf":{"@id":"https:\/\/dicodusport.fr\/blog\/coupe-du-monde-de-skicross-melvin-tchiknavorian-troisieme-a-reinteralm\/"},"author":{"name":"Louka Lesueur","@id":"https:\/\/dicodusport.fr\/blog\/#\/schema\/person\/54b6cdccebdfcd5a1036c594aecffc2a"},"headline":"Coupe du monde de Skicross : Melvin Tchiknavorian troisi\u00e8me \u00e0 Reinteralm","datePublished":"2024-02-24T13:04:23+00:00","dateModified":"2024-02-24T13:19:18+00:00","mainEntityOfPage":{"@id":"https:\/\/dicodusport.fr\/blog\/coupe-du-monde-de-skicross-melvin-tchiknavorian-troisieme-a-reinteralm\/"},"wordCount":222,"commentCount":0,"publisher":{"@id":"https:\/\/dicodusport.fr\/blog\/#organization"},"image":{"@id":"https:\/\/dicodusport.fr\/blog\/coupe-du-monde-de-skicross-melvin-tchiknavorian-troisieme-a-reinteralm\/#primaryimage"},"thumbnailUrl":"https:\/\/dicodusport.fr\/blog\/wp-content\/uploads\/2024\/02\/Coupe-du-monde-de-Skicross-Melvin-Tchiknavorian-troisieme-a-Reinteralm.png","keywords":["br\u00e8ve","Coupe du monde de skicross","skicross"],"articleSection":["Ski"],"inLanguage":"fr-FR","potentialAction":[{"@type":"CommentAction","name":"Comment","target":["https:\/\/dicodusport.fr\/blog\/coupe-du-monde-de-skicross-melvin-tchiknavorian-troisieme-a-reinteralm\/#respond"]}],"copyrightYear":"2024","copyrightHolder":{"@id":"https:\/\/dicodusport.fr\/blog\/#organization"}},{"@type":"WebPage","@id":"https:\/\/dicodusport.fr\/blog\/coupe-du-monde-de-skicross-melvin-tchiknavorian-troisieme-a-reinteralm\/","url":"https:\/\/dicodusport.fr\/blog\/coupe-du-monde-de-skicross-melvin-tchiknavorian-troisieme-a-reinteralm\/","name":"Coupe du monde de Skicross : Melvin Tchiknavorian troisi\u00e8me \u00e0 Reinteralm","isPartOf":{"@id":"https:\/\/dicodusport.fr\/blog\/#website"},"primaryImageOfPage":{"@id":"https:\/\/dicodusport.fr\/blog\/coupe-du-monde-de-skicross-melvin-tchiknavorian-troisieme-a-reinteralm\/#primaryimage"},"image":{"@id":"https:\/\/dicodusport.fr\/blog\/coupe-du-monde-de-skicross-melvin-tchiknavorian-troisieme-a-reinteralm\/#primaryimage"},"thumbnailUrl":"https:\/\/dicodusport.fr\/blog\/wp-content\/uploads\/2024\/02\/Coupe-du-monde-de-Skicross-Melvin-Tchiknavorian-troisieme-a-Reinteralm.png","datePublished":"2024-02-24T13:04:23+00:00","dateModified":"2024-02-24T13:19:18+00:00","description":"COUPE DU MONDE DE SKICROSS 2023-2024 - Le Fran\u00e7ais Melvin Tchiknavorian s'offre la troisi\u00e8me place sur la Coupe du monde de Reiteralm, en Autriche.\u00a0","breadcrumb":{"@id":"https:\/\/dicodusport.fr\/blog\/coupe-du-monde-de-skicross-melvin-tchiknavorian-troisieme-a-reinteralm\/#breadcrumb"},"inLanguage":"fr-FR","potentialAction":[{"@type":"ReadAction","target":["https:\/\/dicodusport.fr\/blog\/coupe-du-monde-de-skicross-melvin-tchiknavorian-troisieme-a-reinteralm\/"]}]},{"@type":"ImageObject","inLanguage":"fr-FR","@id":"https:\/\/dicodusport.fr\/blog\/coupe-du-monde-de-skicross-melvin-tchiknavorian-troisieme-a-reinteralm\/#primaryimage","url":"https:\/\/dicodusport.fr\/blog\/wp-content\/uploads\/2024\/02\/Coupe-du-monde-de-Skicross-Melvin-Tchiknavorian-troisieme-a-Reinteralm.png","contentUrl":"https:\/\/dicodusport.fr\/blog\/wp-content\/uploads\/2024\/02\/Coupe-du-monde-de-Skicross-Melvin-Tchiknavorian-troisieme-a-Reinteralm.png","width":1200,"height":674,"caption":"Coupe du monde de Skicross Melvin Tchiknavorian troisi\u00e8me \u00e0 Reinteralm"},{"@type":"BreadcrumbList","@id":"https:\/\/dicodusport.fr\/blog\/coupe-du-monde-de-skicross-melvin-tchiknavorian-troisieme-a-reinteralm\/#breadcrumb","itemListElement":[{"@type":"ListItem","position":1,"name":"Accueil","item":"https:\/\/dicodusport.fr\/blog\/"},{"@type":"ListItem","position":2,"name":"Coupe du monde de Skicross : Melvin Tchiknavorian troisi\u00e8me \u00e0 Reinteralm"}]},{"@type":"WebSite","@id":"https:\/\/dicodusport.fr\/blog\/#website","url":"https:\/\/dicodusport.fr\/blog\/","name":"Dicodusport","description":"L&#039;encyclop\u00e9die de l&#039;actualit\u00e9 sportive","publisher":{"@id":"https:\/\/dicodusport.fr\/blog\/#organization"},"potentialAction":[{"@type":"SearchAction","target":{"@type":"EntryPoint","urlTemplate":"https:\/\/dicodusport.fr\/blog\/?s={search_term_string}"},"query-input":{"@type":"PropertyValueSpecification","valueRequired":true,"valueName":"search_term_string"}}],"inLanguage":"fr-FR"},{"@type":"NewsMediaOrganization","@id":"https:\/\/dicodusport.fr\/blog\/#organization","name":"Dicodusport","url":"https:\/\/dicodusport.fr\/blog\/","logo":{"@type":"ImageObject","inLanguage":"fr-FR","@id":"https:\/\/dicodusport.fr\/blog\/#\/schema\/logo\/image\/","url":"https:\/\/dicodusport.fr\/blog\/wp-content\/uploads\/2020\/06\/cropped-LOGO-DICODUSPORT-2020-SANS-FOND-SANS-TEXTE.png","contentUrl":"https:\/\/dicodusport.fr\/blog\/wp-content\/uploads\/2020\/06\/cropped-LOGO-DICODUSPORT-2020-SANS-FOND-SANS-TEXTE.png","width":512,"height":512,"caption":"Dicodusport"},"image":{"@id":"https:\/\/dicodusport.fr\/blog\/#\/schema\/logo\/image\/"},"sameAs":["https:\/\/www.facebook.com\/dicodusport","https:\/\/x.com\/dicodusport","https:\/\/www.instagram.com\/dicodusport\/","https:\/\/www.youtube.com\/channel\/UC7V2KZ5sd3htJivAbA4ZG3w"],"description":"Dicodusport est l'encyclop\u00e9die de l'actualit\u00e9 sportive.","email":"bonjour@dicodusport.fr","legalName":"DICODUSPORT","foundingDate":"2018-01-14","vatID":"FR71834470973","taxID":"83447097300043","numberOfEmployees":{"@type":"QuantitativeValue","minValue":"1","maxValue":"10"}},{"@type":"Person","@id":"https:\/\/dicodusport.fr\/blog\/#\/schema\/person\/54b6cdccebdfcd5a1036c594aecffc2a","name":"Louka Lesueur","image":{"@type":"ImageObject","inLanguage":"fr-FR","@id":"https:\/\/dicodusport.fr\/blog\/#\/schema\/person\/image\/","url":"https:\/\/dicodusport.fr\/blog\/wp-content\/uploads\/2023\/09\/IMG_2783-150x150.jpeg","contentUrl":"https:\/\/dicodusport.fr\/blog\/wp-content\/uploads\/2023\/09\/IMG_2783-150x150.jpeg","caption":"Louka Lesueur"},"description":"Passionn\u00e9 depuis tout petit par les exploits de Bolt, Fourcade, Riner, Lavillenie, Wilkinson, Hirscher. Les \u00e9motions provoqu\u00e9es par le sport ont berc\u00e9 mon enfance et continuent de le faire aujourd'hui. C'est ainsi qu'il m'est arriv\u00e9 de pleurer devant la d\u00e9faite des Bleus face aux Blacks en 2011, ou encore devant le titre olympique de Florent Manaudou \u00e0 Londres. Bien loin de ce milieu professionnel, j'ai os\u00e9 tenter ma chance pour rejoindre l'\u00e9quipe de r\u00e9daction de Dicodusport, et depuis septembre 2023, je tente de retransmettre au mieux les exploits des athl\u00e8tes, tous sports confondus. Grand chauvin, c'est bel et bien sur les sportifs tricolores que je pr\u00e9f\u00e8re \u00e9crire.","sameAs":["https:\/\/x.com\/https:\/\/twitter.com\/LNewsSF"],"gender":"Homme","worksFor":"Louka LESUEUR","url":"https:\/\/dicodusport.fr\/blog\/author\/louka-lesueur\/"}]}},"_links":{"self":[{"href":"https:\/\/dicodusport.fr\/blog\/wp-json\/wp\/v2\/posts\/466314","targetHints":{"allow":["GET"]}}],"collection":[{"href":"https:\/\/dicodusport.fr\/blog\/wp-json\/wp\/v2\/posts"}],"about":[{"href":"https:\/\/dicodusport.fr\/blog\/wp-json\/wp\/v2\/types\/post"}],"author":[{"embeddable":true,"href":"https:\/\/dicodusport.fr\/blog\/wp-json\/wp\/v2\/users\/89"}],"replies":[{"embeddable":true,"href":"https:\/\/dicodusport.fr\/blog\/wp-json\/wp\/v2\/comments?post=466314"}],"version-history":[{"count":5,"href":"https:\/\/dicodusport.fr\/blog\/wp-json\/wp\/v2\/posts\/466314\/revisions"}],"predecessor-version":[{"id":466342,"href":"https:\/\/dicodusport.fr\/blog\/wp-json\/wp\/v2\/posts\/466314\/revisions\/466342"}],"wp:featuredmedia":[{"embeddable":true,"href":"https:\/\/dicodusport.fr\/blog\/wp-json\/wp\/v2\/media\/466334"}],"wp:attachment":[{"href":"https:\/\/dicodusport.fr\/blog\/wp-json\/wp\/v2\/media?parent=466314"}],"wp:term":[{"taxonomy":"category","embeddable":true,"href":"https:\/\/dicodusport.fr\/blog\/wp-json\/wp\/v2\/categories?post=466314"},{"taxonomy":"post_tag","embeddable":true,"href":"https:\/\/dicodusport.fr\/blog\/wp-json\/wp\/v2\/tags?post=466314"}],"curies":[{"name":"wp","href":"https:\/\/api.w.org\/{rel}","templated":true}]}}