{"id":466315,"date":"2024-02-24T15:50:52","date_gmt":"2024-02-24T14:50:52","guid":{"rendered":"https:\/\/dicodusport.fr\/blog\/?p=466315&#038;preview=true&#038;preview_id=466315"},"modified":"2024-02-24T16:16:56","modified_gmt":"2024-02-24T15:16:56","slug":"omloop-het-nieuwsblad-2024-apres-une-course-splendide-jan-tratnik-conclut-le-travail-des-visma-lease-a-bike","status":"publish","type":"post","link":"https:\/\/dicodusport.fr\/blog\/omloop-het-nieuwsblad-2024-apres-une-course-splendide-jan-tratnik-conclut-le-travail-des-visma-lease-a-bike\/","title":{"rendered":"Omloop Het Nieuwsblad 2024 : Apr\u00e8s une course splendide, Jan Tratnik conclut le travail des Visma &#8211; Lease a Bike"},"content":{"rendered":"<p style=\"text-align: justify;\"><em><strong>OMLOOP HET NIEUWSBLAD 2024 &#8211; Apr\u00e8s une course particuli\u00e8rement anim\u00e9e, les Visma &#8211; Lease a Bike ont \u00e9t\u00e9 r\u00e9compens\u00e9s par la victoire au sprint de Jan Tratnik devant Nils Politt.\u00a0<\/strong><\/em><\/p>\n<ul style=\"text-align: justify;\">\n<li style=\"text-align: justify;\"><strong>\u00c0 ce sujet &#8211; <a href=\"https:\/\/dicodusport.fr\/blog\/actualites\/cyclisme\/cyclisme-sur-route-2024\/\">L&rsquo;actualit\u00e9 du cyclisme<\/a><\/strong><\/li>\n<\/ul>\n<p style=\"text-align: justify;\">Premi\u00e8re classique flandrienne de l&rsquo;hiver, le Omloop Het Nieuwsblad marque le coup d&rsquo;envoi des courses r\u00e9serv\u00e9es aux adorateurs des pav\u00e9s. Une \u00e9preuve dont la Visma &#8211; Lease a Bike \u00e9tait grandissime favorite au vu de la composition align\u00e9e. Mais pas question pour la formation n\u00e9erlandaise d&rsquo;attendre, elle a voulu d\u00e9cider du sort de la course. D&rsquo;o\u00f9 une immense \u00e9chapp\u00e9e cr\u00e9\u00e9e \u00e0 120 km de l&rsquo;arriv\u00e9e.<\/p>\n<p style=\"text-align: justify;\">32 coureurs ont pris la poudre d&rsquo;escampette, dont <strong>Wout Van Aert<\/strong> et quatre co\u00e9quipiers, parmi lesquels un certain <strong>Christophe Laporte<\/strong>. Mais la concurrence r\u00e9pondait pr\u00e9sent, avec <strong>Jasper Philipsen<\/strong> (Alpecin &#8211; Deceuninck), <strong>Kasper Asgreen<\/strong> (Soudal &#8211; Quickstep), <strong>Arnaud De Lie<\/strong> (Lotto Dstny) et <strong>Tom Pidcock <\/strong>(INEOS &#8211; Grenadiers), ainsi qu&rsquo;un autre Fran\u00e7ais,\u00a0<strong>Alexis Gougeard<\/strong> (<span class=\"red hideIfMobile\">Cofidis)<\/span>. Un groupe royal qui semblait parti pour la victoire, surtout que le \u00ab\u00a0peloton\u00a0\u00bb, qui tentait de revenir, \u00e9tait ralenti par une chute.<\/p>\n<blockquote class=\"twitter-tweet\">\n<p dir=\"ltr\" lang=\"en\"><a href=\"https:\/\/twitter.com\/hashtag\/OHNmen?src=hash&amp;ref_src=twsrc%5Etfw\">#OHNmen<\/a> &#8211; \ud83c\udfc1 103 km<\/p>\n<p>The first peloton joined the early breakaway on Lange Munte. They have an advantage of 4\u20e30\u20e3 seconds on the second peloton! \ud83d\ude80<a href=\"https:\/\/twitter.com\/hashtag\/OHN24?src=hash&amp;ref_src=twsrc%5Etfw\">#OHN24<\/a> <a href=\"https:\/\/t.co\/5tofrGJmxq\">pic.twitter.com\/5tofrGJmxq<\/a><\/p>\n<p>\u2014 Omloop Nieuwsblad (@OmloopHNB) <a href=\"https:\/\/twitter.com\/OmloopHNB\/status\/1761367363574726839?ref_src=twsrc%5Etfw\">February 24, 2024<\/a><\/p><\/blockquote>\n<p style=\"text-align: justify;\"><script async src=\"https:\/\/platform.twitter.com\/widgets.js\" charset=\"utf-8\"><\/script><\/p>\n<p style=\"text-align: justify;\">La course poursuite d\u00e9butait alors, l&rsquo;\u00e9cart n&rsquo;\u00e9tant pas irr\u00e9m\u00e9diable (autour de la minute) mais il fallait revenir au plus pr\u00e8s avant d&rsquo;attaquer les principaux secteurs pav\u00e9s \u00e0 60 km du terme. \u00c0 ce moment l\u00e0, il n&rsquo;y avait plus qu&rsquo;une trentaine de secondes d&rsquo;\u00e9cart. La course est alors devenue tr\u00e8s anim\u00e9e, une acc\u00e9l\u00e9ration de <strong>Matteo Jorgenson<\/strong> (Visma &#8211; Lease a Bike) dans le Valkenberg mettant le feu aux poudres.<\/p>\n<h2 style=\"text-align: justify;\">L&#8217;emprise des Visma &#8211; Lease a Bike r\u00e9compens\u00e9e<\/h2>\n<p style=\"text-align: justify;\">La s\u00e9lection \u00e9tait cr\u00e9e avec outre <strong>Jorgenson, Van Aert<\/strong> et <strong>Laporte<\/strong> pour des Visma &#8211; Lease a Bike en position de force. Mais il restait des clients, avec <strong>De Lie, Pidcock,\u00a0Toms Skuji\u0146\u0161<\/strong> (<span class=\"red hideIfMobile\">Lidl &#8211; Trek) et <strong>Gianni Moscon<\/strong> (Soudal &#8211; Quickstep) qui rendait toutefois rapidement les armes. \u00c0 ce moment l\u00e0, la course paraissait jou\u00e9e, l&rsquo;\u00e9cart remontant autour de la minute avec un groupe de poursuivants pi\u00e9g\u00e9s et un peloton totalement d\u00e9sempar\u00e9.\u00a0<\/span><\/p>\n<p style=\"text-align: justify;\">Un regroupement g\u00e9n\u00e9ral avait lieu derri\u00e8re le groupe de t\u00eate. Mais rapidement, l&rsquo;attitude du peloton laissait \u00e0 penser qu&rsquo;il rendait les armes. Devant, la surprise \u00e9tait de taille quand <strong>Toms Skuji\u0146\u0161\u00a0<\/strong>portait une attaque dans le Molenberg, \u00e0 30 km du terme, avant d&rsquo;\u00eatre ramen\u00e9 \u00e0 la raison. Le marquage prenait place, et profitait \u00e0 <strong>Matteo Jorgenson<\/strong>, qui pla\u00e7ait une attaque tranchante \u00e0 20 km de l&rsquo;arriv\u00e9e.<\/p>\n<blockquote class=\"twitter-tweet\">\n<p dir=\"ltr\" lang=\"zxx\"><a href=\"https:\/\/t.co\/cA2YzeMdx8\">pic.twitter.com\/cA2YzeMdx8<\/a><\/p>\n<p>\u2014 Omloop Nieuwsblad (@OmloopHNB) <a href=\"https:\/\/twitter.com\/OmloopHNB\/status\/1761397024287555929?ref_src=twsrc%5Etfw\">February 24, 2024<\/a><\/p><\/blockquote>\n<p style=\"text-align: justify;\"><script async src=\"https:\/\/platform.twitter.com\/widgets.js\" charset=\"utf-8\"><\/script><br \/>\nPersonne ne roulait derri\u00e8re, et les poursuivants s&rsquo;enterraient au point que le peloton revenait \u00e0 proximit\u00e9. Au terme du Mur de Grammont, <strong>Tim Wellens<\/strong> (Team UAE Emirates) \u00e9tait revenu sur la t\u00eate de course, <strong>Tom Pidcock<\/strong> avait disparu, et de nombreux poursuivants revenaient de l&rsquo;arri\u00e8re. Le Bosberg promettait une derni\u00e8re d\u00e9cision, et au sommet, tout \u00e9tait relanc\u00e9, avec un \u00e9norme groupe en t\u00eate \u00e0 10 km du terme.<\/p>\n<p style=\"text-align: justify;\">C&rsquo;est alors un autre Visma &#8211; Lease a Bike, <strong>Jan Tratnik<\/strong>, qui prenait la poudre d&rsquo;escampette, flanqu\u00e9 de <strong>Nils Politt<\/strong> (Team UAE Emirates). Le duo prenait rapidement une quinzaine de secondes d&rsquo;avance, et la Lotto Dstny se mettait \u00e0 la planche pour boucher le trou. Mais c&rsquo;\u00e9tait peine perdue, et au sprint, <strong>Jan Tratnik<\/strong>, pourtant r\u00e9put\u00e9 moins rapide, \u00e9teignait la r\u00e9sistance de<strong> Nils Politt<\/strong> pour triompher, et valider le travail de sa formation, qui a bien failli voir la victoire lui \u00e9chapper.<\/p>\n<ul style=\"text-align: justify;\">\n<li style=\"text-align: justify;\"><strong>\u00c0 ce sujet &#8211; <a href=\"https:\/\/dicodusport.fr\/blog\/classement-omloop-het-nieuwsblad-2024\/\">Le classement de l&rsquo;Omloop Het Nieuwsblad<\/a><\/strong><\/li>\n<\/ul>\n<div class=\"vlp-link-container vlp-layout-article\"><a href=\"https:\/\/dicodusport.fr\/blog\/cyclisme-les-10-coureurs-les-mieux-payes-du-peloton-en-2024\/\" class=\"vlp-link\" title=\"Cyclisme : Les 10 coureurs les mieux pay\u00e9s du peloton en 2024\"><\/a><div class=\"vlp-layout-zone-side\"><div class=\"vlp-block-4 vlp-link-image\"><img loading=\"lazy\" decoding=\"async\" style=\"max-width: 792px;\" width=\"792\" height=\"445\" src=\"https:\/\/dicodusport.fr\/blog\/wp-content\/uploads\/2024\/01\/Cyclisme-Les-10-coureurs-les-mieux-payes-du-peloton-en-2024.png\" class=\"attachment-800x445 size-800x445\" alt=\"Cyclisme Les 10 coureurs les mieux pay\u00e9s du peloton en 2024\" srcset=\"https:\/\/dicodusport.fr\/blog\/wp-content\/uploads\/2024\/01\/Cyclisme-Les-10-coureurs-les-mieux-payes-du-peloton-en-2024.png 1200w, https:\/\/dicodusport.fr\/blog\/wp-content\/uploads\/2024\/01\/Cyclisme-Les-10-coureurs-les-mieux-payes-du-peloton-en-2024-300x169.png 300w, https:\/\/dicodusport.fr\/blog\/wp-content\/uploads\/2024\/01\/Cyclisme-Les-10-coureurs-les-mieux-payes-du-peloton-en-2024-1024x575.png 1024w, https:\/\/dicodusport.fr\/blog\/wp-content\/uploads\/2024\/01\/Cyclisme-Les-10-coureurs-les-mieux-payes-du-peloton-en-2024-768x431.png 768w\" sizes=\"auto, (max-width: 792px) 100vw, 792px\" \/><\/div><\/div><div class=\"vlp-layout-zone-main\"><div class=\"vlp-block-0 vlp-link-title\">Cyclisme : Les 10 coureurs les mieux pay\u00e9s du peloton en 2024<\/div><div class=\"vlp-block-1 vlp-link-summary\">CYCLISME SUR ROUTE 2024 - R\u00e9cemment, la Gazzetta dello Sport a d\u00e9voil\u00e9 les salaires annuels des 10 cyclistes les mieux pay\u00e9s en 2024.<\/div><div class=\"vlp-block-2 vlp-link-button\">Lire l'article<\/div><div class=\"vlp-block-3 vlp-link-url\">dicodusport.fr<\/div><\/div><\/div>\n","protected":false},"excerpt":{"rendered":"<p>OMLOOP HET NIEUWSBLAD 2024 &#8211; Apr\u00e8s une course particuli\u00e8rement anim\u00e9e, les Visma &#8211; Lease a Bike ont \u00e9t\u00e9 r\u00e9compens\u00e9s par la victoire au sprint de Jan Tratnik devant Nils Politt.\u00a0<\/p>\n","protected":false},"author":59,"featured_media":466384,"comment_status":"open","ping_status":"closed","sticky":false,"template":"","format":"standard","meta":{"_acf_changed":false,"_daextam_enable_autolinks":"1","footnotes":""},"categories":[46994],"tags":[16878,14699,24],"class_list":["post-466315","post","type-post","status-publish","format-standard","has-post-thumbnail","hentry","category-cyclisme-sur-route","tag-breve","tag-omloop-het-nieuwsblad","tag-sport"],"acf":[],"yoast_head":"<!-- This site is optimized with the Yoast SEO Premium plugin v26.7 (Yoast SEO v26.7) - https:\/\/yoast.com\/wordpress\/plugins\/seo\/ -->\n<title>Omloop Het Nieuwsblad 2024 : Apr\u00e8s une course splendide, Jan Tratnik conclut le travail des Visma - Lease a Bike<\/title>\n<meta name=\"description\" content=\"OMLOOP HET NIEUWSBLAD 2024 - Les Visma - Lease a Bike ont \u00e9t\u00e9 r\u00e9compens\u00e9s par la victoire au sprint de Jan Tratnik devant Nils Politt.\u00a0\" \/>\n<meta name=\"robots\" content=\"index, follow, max-snippet:-1, max-image-preview:large, max-video-preview:-1\" \/>\n<link rel=\"canonical\" href=\"https:\/\/dicodusport.fr\/blog\/omloop-het-nieuwsblad-2024-apres-une-course-splendide-jan-tratnik-conclut-le-travail-des-visma-lease-a-bike\/\" \/>\n<meta property=\"og:locale\" content=\"fr_FR\" \/>\n<meta property=\"og:type\" content=\"article\" \/>\n<meta property=\"og:title\" content=\"Omloop Het Nieuwsblad 2024 : Apr\u00e8s une course splendide, Jan Tratnik conclut le travail des Visma - Lease a Bike\" \/>\n<meta property=\"og:description\" content=\"OMLOOP HET NIEUWSBLAD 2024 - Les Visma - Lease a Bike ont \u00e9t\u00e9 r\u00e9compens\u00e9s par la victoire au sprint de Jan Tratnik devant Nils Politt.\u00a0\" \/>\n<meta property=\"og:url\" content=\"https:\/\/dicodusport.fr\/blog\/omloop-het-nieuwsblad-2024-apres-une-course-splendide-jan-tratnik-conclut-le-travail-des-visma-lease-a-bike\/\" \/>\n<meta property=\"og:site_name\" content=\"Dicodusport\" \/>\n<meta property=\"article:publisher\" content=\"https:\/\/www.facebook.com\/dicodusport\" \/>\n<meta property=\"article:author\" content=\"https:\/\/www.facebook.com\/sebastien.gente\/\" \/>\n<meta property=\"article:published_time\" content=\"2024-02-24T14:50:52+00:00\" \/>\n<meta property=\"article:modified_time\" content=\"2024-02-24T15:16:56+00:00\" \/>\n<meta property=\"og:image\" content=\"https:\/\/dicodusport.fr\/blog\/wp-content\/uploads\/2024\/02\/Omloop-Het-Nieuwsblad-2024-Apres-une-course-splendide-Jan-Tratnik-conclut-le-travail-des-Visma-Lease-a-Bike-1.png\" \/>\n\t<meta property=\"og:image:width\" content=\"1200\" \/>\n\t<meta property=\"og:image:height\" content=\"674\" \/>\n\t<meta property=\"og:image:type\" content=\"image\/png\" \/>\n<meta name=\"author\" content=\"S\u00e9bastien Gente\" \/>\n<meta name=\"twitter:card\" content=\"summary_large_image\" \/>\n<meta name=\"twitter:title\" content=\"Omloop Het Nieuwsblad 2024 : Apr\u00e8s une course splendide, Jan Tratnik conclut le travail des Visma - Lease a Bike\" \/>\n<meta name=\"twitter:creator\" content=\"@https:\/\/twitter.com\/globulo24\" \/>\n<meta name=\"twitter:site\" content=\"@dicodusport\" \/>\n<script type=\"application\/ld+json\" class=\"yoast-schema-graph\">{\"@context\":\"https:\/\/schema.org\",\"@graph\":[{\"@type\":\"NewsArticle\",\"@id\":\"https:\/\/dicodusport.fr\/blog\/omloop-het-nieuwsblad-2024-apres-une-course-splendide-jan-tratnik-conclut-le-travail-des-visma-lease-a-bike\/#article\",\"isPartOf\":{\"@id\":\"https:\/\/dicodusport.fr\/blog\/omloop-het-nieuwsblad-2024-apres-une-course-splendide-jan-tratnik-conclut-le-travail-des-visma-lease-a-bike\/\"},\"author\":{\"name\":\"S\u00e9bastien Gente\",\"@id\":\"https:\/\/dicodusport.fr\/blog\/#\/schema\/person\/627966a6cde45dbd8c5e36ac85d783da\"},\"headline\":\"Omloop Het Nieuwsblad 2024 : Apr\u00e8s une course splendide, Jan Tratnik conclut le travail des Visma &#8211; Lease a Bike\",\"datePublished\":\"2024-02-24T14:50:52+00:00\",\"dateModified\":\"2024-02-24T15:16:56+00:00\",\"mainEntityOfPage\":{\"@id\":\"https:\/\/dicodusport.fr\/blog\/omloop-het-nieuwsblad-2024-apres-une-course-splendide-jan-tratnik-conclut-le-travail-des-visma-lease-a-bike\/\"},\"wordCount\":753,\"commentCount\":0,\"publisher\":{\"@id\":\"https:\/\/dicodusport.fr\/blog\/#organization\"},\"image\":{\"@id\":\"https:\/\/dicodusport.fr\/blog\/omloop-het-nieuwsblad-2024-apres-une-course-splendide-jan-tratnik-conclut-le-travail-des-visma-lease-a-bike\/#primaryimage\"},\"thumbnailUrl\":\"https:\/\/dicodusport.fr\/blog\/wp-content\/uploads\/2024\/02\/Omloop-Het-Nieuwsblad-2024-Apres-une-course-splendide-Jan-Tratnik-conclut-le-travail-des-Visma-Lease-a-Bike-1.png\",\"keywords\":[\"br\u00e8ve\",\"Omloop Het Nieuwsblad\",\"sport\"],\"articleSection\":[\"Cyclisme sur route\"],\"inLanguage\":\"fr-FR\",\"potentialAction\":[{\"@type\":\"CommentAction\",\"name\":\"Comment\",\"target\":[\"https:\/\/dicodusport.fr\/blog\/omloop-het-nieuwsblad-2024-apres-une-course-splendide-jan-tratnik-conclut-le-travail-des-visma-lease-a-bike\/#respond\"]}],\"copyrightYear\":\"2024\",\"copyrightHolder\":{\"@id\":\"https:\/\/dicodusport.fr\/blog\/#organization\"}},{\"@type\":\"WebPage\",\"@id\":\"https:\/\/dicodusport.fr\/blog\/omloop-het-nieuwsblad-2024-apres-une-course-splendide-jan-tratnik-conclut-le-travail-des-visma-lease-a-bike\/\",\"url\":\"https:\/\/dicodusport.fr\/blog\/omloop-het-nieuwsblad-2024-apres-une-course-splendide-jan-tratnik-conclut-le-travail-des-visma-lease-a-bike\/\",\"name\":\"Omloop Het Nieuwsblad 2024 : Apr\u00e8s une course splendide, Jan Tratnik conclut le travail des Visma - Lease a Bike\",\"isPartOf\":{\"@id\":\"https:\/\/dicodusport.fr\/blog\/#website\"},\"primaryImageOfPage\":{\"@id\":\"https:\/\/dicodusport.fr\/blog\/omloop-het-nieuwsblad-2024-apres-une-course-splendide-jan-tratnik-conclut-le-travail-des-visma-lease-a-bike\/#primaryimage\"},\"image\":{\"@id\":\"https:\/\/dicodusport.fr\/blog\/omloop-het-nieuwsblad-2024-apres-une-course-splendide-jan-tratnik-conclut-le-travail-des-visma-lease-a-bike\/#primaryimage\"},\"thumbnailUrl\":\"https:\/\/dicodusport.fr\/blog\/wp-content\/uploads\/2024\/02\/Omloop-Het-Nieuwsblad-2024-Apres-une-course-splendide-Jan-Tratnik-conclut-le-travail-des-Visma-Lease-a-Bike-1.png\",\"datePublished\":\"2024-02-24T14:50:52+00:00\",\"dateModified\":\"2024-02-24T15:16:56+00:00\",\"description\":\"OMLOOP HET NIEUWSBLAD 2024 - Les Visma - Lease a Bike ont \u00e9t\u00e9 r\u00e9compens\u00e9s par la victoire au sprint de Jan Tratnik devant Nils Politt.\u00a0\",\"breadcrumb\":{\"@id\":\"https:\/\/dicodusport.fr\/blog\/omloop-het-nieuwsblad-2024-apres-une-course-splendide-jan-tratnik-conclut-le-travail-des-visma-lease-a-bike\/#breadcrumb\"},\"inLanguage\":\"fr-FR\",\"potentialAction\":[{\"@type\":\"ReadAction\",\"target\":[\"https:\/\/dicodusport.fr\/blog\/omloop-het-nieuwsblad-2024-apres-une-course-splendide-jan-tratnik-conclut-le-travail-des-visma-lease-a-bike\/\"]}]},{\"@type\":\"ImageObject\",\"inLanguage\":\"fr-FR\",\"@id\":\"https:\/\/dicodusport.fr\/blog\/omloop-het-nieuwsblad-2024-apres-une-course-splendide-jan-tratnik-conclut-le-travail-des-visma-lease-a-bike\/#primaryimage\",\"url\":\"https:\/\/dicodusport.fr\/blog\/wp-content\/uploads\/2024\/02\/Omloop-Het-Nieuwsblad-2024-Apres-une-course-splendide-Jan-Tratnik-conclut-le-travail-des-Visma-Lease-a-Bike-1.png\",\"contentUrl\":\"https:\/\/dicodusport.fr\/blog\/wp-content\/uploads\/2024\/02\/Omloop-Het-Nieuwsblad-2024-Apres-une-course-splendide-Jan-Tratnik-conclut-le-travail-des-Visma-Lease-a-Bike-1.png\",\"width\":1200,\"height\":674,\"caption\":\"Omloop Het Nieuwsblad 2024 Apr\u00e8s une course splendide, Jan Tratnik conclut le travail des Visma - Lease a Bike\"},{\"@type\":\"BreadcrumbList\",\"@id\":\"https:\/\/dicodusport.fr\/blog\/omloop-het-nieuwsblad-2024-apres-une-course-splendide-jan-tratnik-conclut-le-travail-des-visma-lease-a-bike\/#breadcrumb\",\"itemListElement\":[{\"@type\":\"ListItem\",\"position\":1,\"name\":\"Accueil\",\"item\":\"https:\/\/dicodusport.fr\/blog\/\"},{\"@type\":\"ListItem\",\"position\":2,\"name\":\"Omloop Het Nieuwsblad 2024 : Apr\u00e8s une course splendide, Jan Tratnik conclut le travail des Visma &#8211; Lease a Bike\"}]},{\"@type\":\"WebSite\",\"@id\":\"https:\/\/dicodusport.fr\/blog\/#website\",\"url\":\"https:\/\/dicodusport.fr\/blog\/\",\"name\":\"Dicodusport\",\"description\":\"L&#039;encyclop\u00e9die de l&#039;actualit\u00e9 sportive\",\"publisher\":{\"@id\":\"https:\/\/dicodusport.fr\/blog\/#organization\"},\"potentialAction\":[{\"@type\":\"SearchAction\",\"target\":{\"@type\":\"EntryPoint\",\"urlTemplate\":\"https:\/\/dicodusport.fr\/blog\/?s={search_term_string}\"},\"query-input\":{\"@type\":\"PropertyValueSpecification\",\"valueRequired\":true,\"valueName\":\"search_term_string\"}}],\"inLanguage\":\"fr-FR\"},{\"@type\":\"NewsMediaOrganization\",\"@id\":\"https:\/\/dicodusport.fr\/blog\/#organization\",\"name\":\"Dicodusport\",\"url\":\"https:\/\/dicodusport.fr\/blog\/\",\"logo\":{\"@type\":\"ImageObject\",\"inLanguage\":\"fr-FR\",\"@id\":\"https:\/\/dicodusport.fr\/blog\/#\/schema\/logo\/image\/\",\"url\":\"https:\/\/dicodusport.fr\/blog\/wp-content\/uploads\/2020\/06\/cropped-LOGO-DICODUSPORT-2020-SANS-FOND-SANS-TEXTE.png\",\"contentUrl\":\"https:\/\/dicodusport.fr\/blog\/wp-content\/uploads\/2020\/06\/cropped-LOGO-DICODUSPORT-2020-SANS-FOND-SANS-TEXTE.png\",\"width\":512,\"height\":512,\"caption\":\"Dicodusport\"},\"image\":{\"@id\":\"https:\/\/dicodusport.fr\/blog\/#\/schema\/logo\/image\/\"},\"sameAs\":[\"https:\/\/www.facebook.com\/dicodusport\",\"https:\/\/x.com\/dicodusport\",\"https:\/\/www.instagram.com\/dicodusport\/\",\"https:\/\/www.youtube.com\/channel\/UC7V2KZ5sd3htJivAbA4ZG3w\"],\"description\":\"Dicodusport est l'encyclop\u00e9die de l'actualit\u00e9 sportive.\",\"email\":\"bonjour@dicodusport.fr\",\"legalName\":\"DICODUSPORT\",\"foundingDate\":\"2018-01-14\",\"vatID\":\"FR71834470973\",\"taxID\":\"83447097300043\",\"numberOfEmployees\":{\"@type\":\"QuantitativeValue\",\"minValue\":\"1\",\"maxValue\":\"10\"}},{\"@type\":\"Person\",\"@id\":\"https:\/\/dicodusport.fr\/blog\/#\/schema\/person\/627966a6cde45dbd8c5e36ac85d783da\",\"name\":\"S\u00e9bastien Gente\",\"image\":{\"@type\":\"ImageObject\",\"inLanguage\":\"fr-FR\",\"@id\":\"https:\/\/dicodusport.fr\/blog\/#\/schema\/person\/image\/\",\"url\":\"https:\/\/dicodusport.fr\/blog\/wp-content\/uploads\/2021\/09\/1510990_10205810251400683_4124423575079401707_n-150x150.jpg\",\"contentUrl\":\"https:\/\/dicodusport.fr\/blog\/wp-content\/uploads\/2021\/09\/1510990_10205810251400683_4124423575079401707_n-150x150.jpg\",\"caption\":\"S\u00e9bastien Gente\"},\"description\":\"John Stockton, Gianni Bugno, Zinedine Zidane, Steffi Graf, Frode Andresen, St\u00e9phane Stoecklin, Davis Kamoga, Primoz Peterka, Werner Schlager et Aur\u00e9lien Rougerie. Point commun entre ces sportifs? Ils m'ont fait r\u00eaver et ont berc\u00e9 mon adolescence. Je suis un fondu de sports et j'essaie de retranscrire ma passion \u00e0 travers mes articles. Originaire du P\u00e9rigord, ma passion pour les Girondins, les Jaunards et les Jazzmen transpire dans mes \u00e9crits. \u00c0 Dicodusport depuis 2021, je d\u00e9niche les sports m\u00e9connus dans lesquels la France brille, et il y en a !\",\"sameAs\":[\"https:\/\/www.facebook.com\/sebastien.gente\/\",\"https:\/\/www.instagram.com\/sebgente\/\",\"https:\/\/www.linkedin.com\/in\/sbastien-gente-a29583169\/\",\"https:\/\/x.com\/https:\/\/twitter.com\/globulo24\",\"SebastienGente\"],\"worksFor\":\"S\u00e9bastien GENTE\",\"url\":\"https:\/\/dicodusport.fr\/blog\/author\/sebastiengente\/\"}]}<\/script>\n<!-- \/ Yoast SEO Premium plugin. -->","yoast_head_json":{"title":"Omloop Het Nieuwsblad 2024 : Apr\u00e8s une course splendide, Jan Tratnik conclut le travail des Visma - Lease a Bike","description":"OMLOOP HET NIEUWSBLAD 2024 - Les Visma - Lease a Bike ont \u00e9t\u00e9 r\u00e9compens\u00e9s par la victoire au sprint de Jan Tratnik devant Nils Politt.\u00a0","robots":{"index":"index","follow":"follow","max-snippet":"max-snippet:-1","max-image-preview":"max-image-preview:large","max-video-preview":"max-video-preview:-1"},"canonical":"https:\/\/dicodusport.fr\/blog\/omloop-het-nieuwsblad-2024-apres-une-course-splendide-jan-tratnik-conclut-le-travail-des-visma-lease-a-bike\/","og_locale":"fr_FR","og_type":"article","og_title":"Omloop Het Nieuwsblad 2024 : Apr\u00e8s une course splendide, Jan Tratnik conclut le travail des Visma - Lease a Bike","og_description":"OMLOOP HET NIEUWSBLAD 2024 - Les Visma - Lease a Bike ont \u00e9t\u00e9 r\u00e9compens\u00e9s par la victoire au sprint de Jan Tratnik devant Nils Politt.\u00a0","og_url":"https:\/\/dicodusport.fr\/blog\/omloop-het-nieuwsblad-2024-apres-une-course-splendide-jan-tratnik-conclut-le-travail-des-visma-lease-a-bike\/","og_site_name":"Dicodusport","article_publisher":"https:\/\/www.facebook.com\/dicodusport","article_author":"https:\/\/www.facebook.com\/sebastien.gente\/","article_published_time":"2024-02-24T14:50:52+00:00","article_modified_time":"2024-02-24T15:16:56+00:00","og_image":[{"width":1200,"height":674,"url":"https:\/\/dicodusport.fr\/blog\/wp-content\/uploads\/2024\/02\/Omloop-Het-Nieuwsblad-2024-Apres-une-course-splendide-Jan-Tratnik-conclut-le-travail-des-Visma-Lease-a-Bike-1.png","type":"image\/png"}],"author":"S\u00e9bastien Gente","twitter_card":"summary_large_image","twitter_title":"Omloop Het Nieuwsblad 2024 : Apr\u00e8s une course splendide, Jan Tratnik conclut le travail des Visma - Lease a Bike","twitter_creator":"@https:\/\/twitter.com\/globulo24","twitter_site":"@dicodusport","schema":{"@context":"https:\/\/schema.org","@graph":[{"@type":"NewsArticle","@id":"https:\/\/dicodusport.fr\/blog\/omloop-het-nieuwsblad-2024-apres-une-course-splendide-jan-tratnik-conclut-le-travail-des-visma-lease-a-bike\/#article","isPartOf":{"@id":"https:\/\/dicodusport.fr\/blog\/omloop-het-nieuwsblad-2024-apres-une-course-splendide-jan-tratnik-conclut-le-travail-des-visma-lease-a-bike\/"},"author":{"name":"S\u00e9bastien Gente","@id":"https:\/\/dicodusport.fr\/blog\/#\/schema\/person\/627966a6cde45dbd8c5e36ac85d783da"},"headline":"Omloop Het Nieuwsblad 2024 : Apr\u00e8s une course splendide, Jan Tratnik conclut le travail des Visma &#8211; Lease a Bike","datePublished":"2024-02-24T14:50:52+00:00","dateModified":"2024-02-24T15:16:56+00:00","mainEntityOfPage":{"@id":"https:\/\/dicodusport.fr\/blog\/omloop-het-nieuwsblad-2024-apres-une-course-splendide-jan-tratnik-conclut-le-travail-des-visma-lease-a-bike\/"},"wordCount":753,"commentCount":0,"publisher":{"@id":"https:\/\/dicodusport.fr\/blog\/#organization"},"image":{"@id":"https:\/\/dicodusport.fr\/blog\/omloop-het-nieuwsblad-2024-apres-une-course-splendide-jan-tratnik-conclut-le-travail-des-visma-lease-a-bike\/#primaryimage"},"thumbnailUrl":"https:\/\/dicodusport.fr\/blog\/wp-content\/uploads\/2024\/02\/Omloop-Het-Nieuwsblad-2024-Apres-une-course-splendide-Jan-Tratnik-conclut-le-travail-des-Visma-Lease-a-Bike-1.png","keywords":["br\u00e8ve","Omloop Het Nieuwsblad","sport"],"articleSection":["Cyclisme sur route"],"inLanguage":"fr-FR","potentialAction":[{"@type":"CommentAction","name":"Comment","target":["https:\/\/dicodusport.fr\/blog\/omloop-het-nieuwsblad-2024-apres-une-course-splendide-jan-tratnik-conclut-le-travail-des-visma-lease-a-bike\/#respond"]}],"copyrightYear":"2024","copyrightHolder":{"@id":"https:\/\/dicodusport.fr\/blog\/#organization"}},{"@type":"WebPage","@id":"https:\/\/dicodusport.fr\/blog\/omloop-het-nieuwsblad-2024-apres-une-course-splendide-jan-tratnik-conclut-le-travail-des-visma-lease-a-bike\/","url":"https:\/\/dicodusport.fr\/blog\/omloop-het-nieuwsblad-2024-apres-une-course-splendide-jan-tratnik-conclut-le-travail-des-visma-lease-a-bike\/","name":"Omloop Het Nieuwsblad 2024 : Apr\u00e8s une course splendide, Jan Tratnik conclut le travail des Visma - Lease a Bike","isPartOf":{"@id":"https:\/\/dicodusport.fr\/blog\/#website"},"primaryImageOfPage":{"@id":"https:\/\/dicodusport.fr\/blog\/omloop-het-nieuwsblad-2024-apres-une-course-splendide-jan-tratnik-conclut-le-travail-des-visma-lease-a-bike\/#primaryimage"},"image":{"@id":"https:\/\/dicodusport.fr\/blog\/omloop-het-nieuwsblad-2024-apres-une-course-splendide-jan-tratnik-conclut-le-travail-des-visma-lease-a-bike\/#primaryimage"},"thumbnailUrl":"https:\/\/dicodusport.fr\/blog\/wp-content\/uploads\/2024\/02\/Omloop-Het-Nieuwsblad-2024-Apres-une-course-splendide-Jan-Tratnik-conclut-le-travail-des-Visma-Lease-a-Bike-1.png","datePublished":"2024-02-24T14:50:52+00:00","dateModified":"2024-02-24T15:16:56+00:00","description":"OMLOOP HET NIEUWSBLAD 2024 - Les Visma - Lease a Bike ont \u00e9t\u00e9 r\u00e9compens\u00e9s par la victoire au sprint de Jan Tratnik devant Nils Politt.\u00a0","breadcrumb":{"@id":"https:\/\/dicodusport.fr\/blog\/omloop-het-nieuwsblad-2024-apres-une-course-splendide-jan-tratnik-conclut-le-travail-des-visma-lease-a-bike\/#breadcrumb"},"inLanguage":"fr-FR","potentialAction":[{"@type":"ReadAction","target":["https:\/\/dicodusport.fr\/blog\/omloop-het-nieuwsblad-2024-apres-une-course-splendide-jan-tratnik-conclut-le-travail-des-visma-lease-a-bike\/"]}]},{"@type":"ImageObject","inLanguage":"fr-FR","@id":"https:\/\/dicodusport.fr\/blog\/omloop-het-nieuwsblad-2024-apres-une-course-splendide-jan-tratnik-conclut-le-travail-des-visma-lease-a-bike\/#primaryimage","url":"https:\/\/dicodusport.fr\/blog\/wp-content\/uploads\/2024\/02\/Omloop-Het-Nieuwsblad-2024-Apres-une-course-splendide-Jan-Tratnik-conclut-le-travail-des-Visma-Lease-a-Bike-1.png","contentUrl":"https:\/\/dicodusport.fr\/blog\/wp-content\/uploads\/2024\/02\/Omloop-Het-Nieuwsblad-2024-Apres-une-course-splendide-Jan-Tratnik-conclut-le-travail-des-Visma-Lease-a-Bike-1.png","width":1200,"height":674,"caption":"Omloop Het Nieuwsblad 2024 Apr\u00e8s une course splendide, Jan Tratnik conclut le travail des Visma - Lease a Bike"},{"@type":"BreadcrumbList","@id":"https:\/\/dicodusport.fr\/blog\/omloop-het-nieuwsblad-2024-apres-une-course-splendide-jan-tratnik-conclut-le-travail-des-visma-lease-a-bike\/#breadcrumb","itemListElement":[{"@type":"ListItem","position":1,"name":"Accueil","item":"https:\/\/dicodusport.fr\/blog\/"},{"@type":"ListItem","position":2,"name":"Omloop Het Nieuwsblad 2024 : Apr\u00e8s une course splendide, Jan Tratnik conclut le travail des Visma &#8211; Lease a Bike"}]},{"@type":"WebSite","@id":"https:\/\/dicodusport.fr\/blog\/#website","url":"https:\/\/dicodusport.fr\/blog\/","name":"Dicodusport","description":"L&#039;encyclop\u00e9die de l&#039;actualit\u00e9 sportive","publisher":{"@id":"https:\/\/dicodusport.fr\/blog\/#organization"},"potentialAction":[{"@type":"SearchAction","target":{"@type":"EntryPoint","urlTemplate":"https:\/\/dicodusport.fr\/blog\/?s={search_term_string}"},"query-input":{"@type":"PropertyValueSpecification","valueRequired":true,"valueName":"search_term_string"}}],"inLanguage":"fr-FR"},{"@type":"NewsMediaOrganization","@id":"https:\/\/dicodusport.fr\/blog\/#organization","name":"Dicodusport","url":"https:\/\/dicodusport.fr\/blog\/","logo":{"@type":"ImageObject","inLanguage":"fr-FR","@id":"https:\/\/dicodusport.fr\/blog\/#\/schema\/logo\/image\/","url":"https:\/\/dicodusport.fr\/blog\/wp-content\/uploads\/2020\/06\/cropped-LOGO-DICODUSPORT-2020-SANS-FOND-SANS-TEXTE.png","contentUrl":"https:\/\/dicodusport.fr\/blog\/wp-content\/uploads\/2020\/06\/cropped-LOGO-DICODUSPORT-2020-SANS-FOND-SANS-TEXTE.png","width":512,"height":512,"caption":"Dicodusport"},"image":{"@id":"https:\/\/dicodusport.fr\/blog\/#\/schema\/logo\/image\/"},"sameAs":["https:\/\/www.facebook.com\/dicodusport","https:\/\/x.com\/dicodusport","https:\/\/www.instagram.com\/dicodusport\/","https:\/\/www.youtube.com\/channel\/UC7V2KZ5sd3htJivAbA4ZG3w"],"description":"Dicodusport est l'encyclop\u00e9die de l'actualit\u00e9 sportive.","email":"bonjour@dicodusport.fr","legalName":"DICODUSPORT","foundingDate":"2018-01-14","vatID":"FR71834470973","taxID":"83447097300043","numberOfEmployees":{"@type":"QuantitativeValue","minValue":"1","maxValue":"10"}},{"@type":"Person","@id":"https:\/\/dicodusport.fr\/blog\/#\/schema\/person\/627966a6cde45dbd8c5e36ac85d783da","name":"S\u00e9bastien Gente","image":{"@type":"ImageObject","inLanguage":"fr-FR","@id":"https:\/\/dicodusport.fr\/blog\/#\/schema\/person\/image\/","url":"https:\/\/dicodusport.fr\/blog\/wp-content\/uploads\/2021\/09\/1510990_10205810251400683_4124423575079401707_n-150x150.jpg","contentUrl":"https:\/\/dicodusport.fr\/blog\/wp-content\/uploads\/2021\/09\/1510990_10205810251400683_4124423575079401707_n-150x150.jpg","caption":"S\u00e9bastien Gente"},"description":"John Stockton, Gianni Bugno, Zinedine Zidane, Steffi Graf, Frode Andresen, St\u00e9phane Stoecklin, Davis Kamoga, Primoz Peterka, Werner Schlager et Aur\u00e9lien Rougerie. Point commun entre ces sportifs? Ils m'ont fait r\u00eaver et ont berc\u00e9 mon adolescence. Je suis un fondu de sports et j'essaie de retranscrire ma passion \u00e0 travers mes articles. Originaire du P\u00e9rigord, ma passion pour les Girondins, les Jaunards et les Jazzmen transpire dans mes \u00e9crits. \u00c0 Dicodusport depuis 2021, je d\u00e9niche les sports m\u00e9connus dans lesquels la France brille, et il y en a !","sameAs":["https:\/\/www.facebook.com\/sebastien.gente\/","https:\/\/www.instagram.com\/sebgente\/","https:\/\/www.linkedin.com\/in\/sbastien-gente-a29583169\/","https:\/\/x.com\/https:\/\/twitter.com\/globulo24","SebastienGente"],"worksFor":"S\u00e9bastien GENTE","url":"https:\/\/dicodusport.fr\/blog\/author\/sebastiengente\/"}]}},"_links":{"self":[{"href":"https:\/\/dicodusport.fr\/blog\/wp-json\/wp\/v2\/posts\/466315","targetHints":{"allow":["GET"]}}],"collection":[{"href":"https:\/\/dicodusport.fr\/blog\/wp-json\/wp\/v2\/posts"}],"about":[{"href":"https:\/\/dicodusport.fr\/blog\/wp-json\/wp\/v2\/types\/post"}],"author":[{"embeddable":true,"href":"https:\/\/dicodusport.fr\/blog\/wp-json\/wp\/v2\/users\/59"}],"replies":[{"embeddable":true,"href":"https:\/\/dicodusport.fr\/blog\/wp-json\/wp\/v2\/comments?post=466315"}],"version-history":[{"count":2,"href":"https:\/\/dicodusport.fr\/blog\/wp-json\/wp\/v2\/posts\/466315\/revisions"}],"predecessor-version":[{"id":466392,"href":"https:\/\/dicodusport.fr\/blog\/wp-json\/wp\/v2\/posts\/466315\/revisions\/466392"}],"wp:featuredmedia":[{"embeddable":true,"href":"https:\/\/dicodusport.fr\/blog\/wp-json\/wp\/v2\/media\/466384"}],"wp:attachment":[{"href":"https:\/\/dicodusport.fr\/blog\/wp-json\/wp\/v2\/media?parent=466315"}],"wp:term":[{"taxonomy":"category","embeddable":true,"href":"https:\/\/dicodusport.fr\/blog\/wp-json\/wp\/v2\/categories?post=466315"},{"taxonomy":"post_tag","embeddable":true,"href":"https:\/\/dicodusport.fr\/blog\/wp-json\/wp\/v2\/tags?post=466315"}],"curies":[{"name":"wp","href":"https:\/\/api.w.org\/{rel}","templated":true}]}}