{"id":46636,"date":"2019-08-29T11:45:13","date_gmt":"2019-08-29T09:45:13","guid":{"rendered":"http:\/\/dicodusport.fr\/blog\/?p=46636"},"modified":"2019-08-29T13:10:34","modified_gmt":"2019-08-29T11:10:34","slug":"yohan-cabaye-le-gros-coup-des-verts","status":"publish","type":"post","link":"https:\/\/dicodusport.fr\/blog\/yohan-cabaye-le-gros-coup-des-verts\/","title":{"rendered":"Yohan Cabaye, le gros coup des Verts"},"content":{"rendered":"<p style=\"text-align: justify;\"><strong><em>C\u2019est l\u2019une des belles surprises de ce mercato estival en Ligue 1. L\u2019AS Saint-Etienne vient d\u2019officialiser la signature pour une saison de l\u2019international tricolore Yohan Cabaye.<\/em> <\/strong><\/p>\n<p style=\"text-align: justify;\">Au cours d\u2019une longue p\u00e9riode de transferts comme peut l\u2019\u00eatre le mercato estival, on assiste r\u00e9guli\u00e8rement \u00e0 des transactions annonc\u00e9es depuis plusieurs jours, voire plusieurs semaines, dans les m\u00e9dias. Mais parfois, il y a les transferts qu\u2019on ne voit pas venir et qui sentent bon les bonnes affaires. C\u2019est le cas de cette signature de l\u2019international Fran\u00e7ais <a href=\"https:\/\/www.transfermarkt.fr\/yohan-cabaye\/profil\/spieler\/29434\" target=\"_blank\" rel=\"noopener\"><strong>Yohan Cabaye<\/strong><\/a> qui vient de rejoindre le club de l&rsquo;<a href=\"https:\/\/www.asse.fr\/\" target=\"_blank\" rel=\"noopener\"><strong>AS Saint-\u00c9tienne<\/strong><\/a>, apr\u00e8s avoir mis un terme \u00e0 son contrat au sein de son ancienne formation d\u2019<strong>Al-Nasr<\/strong> \u00e0 <strong>Duba\u00ef<\/strong>.<\/p>\n<h1 style=\"text-align: justify;\">De l&rsquo;exp\u00e9rience \u00e0 revendre<\/h1>\n<p style=\"text-align: justify;\">Pourtant d\u00e9j\u00e0 bien actif sur le march\u00e9 des transferts, l\u2019<strong>ASSE<\/strong> a senti le bon coup en allant r\u00e9cup\u00e9rer un joueur avec une belle exp\u00e9rience et encore quelques saisons devant lui si son corps ne le l\u00e2che pas. A 33 ans, <strong>Yohan Cabaye<\/strong> a rassur\u00e9 tout le staff des Verts en r\u00e9alisant de belles s\u00e9ances physiques depuis son arriv\u00e9e \u00e0 <strong>Saint-\u00c9tienne<\/strong>. Les supporters des Verts se mettent d\u00e9j\u00e0 \u00e0 r\u00eaver de la doublette qu\u2019il devrait former au milieu de terrain avec <strong>Yann M\u2019Vila<\/strong>.<\/p>\n<p style=\"text-align: justify;\">Du haut de ses 48 s\u00e9lections en \u00e9quipe de France, l\u2019ancien Lillois va apporter toute son exp\u00e9rience au sein d\u2019un effectif qui peut donner l\u2019impression d\u2019en manquer \u00e0 certains moments de la saison et tenter de mener l\u2019<strong>AS Saint-\u00c9tienne<\/strong> sur le podium de la <strong>Ligue 1<\/strong>. La pr\u00e9sence des Verts sur la sc\u00e8ne europ\u00e9enne cette saison a d\u00fb finir par convaincre <strong>Cabaye<\/strong> de tenter l\u2019aventure, dans un club o\u00f9 il pourra retrouver son ami et ancien co\u00e9quipier <strong>Mathieu Debuchy<\/strong>. Le n\u00e9o-St\u00e9phanois n\u2019a d\u2019ailleurs pas cach\u00e9 l\u2019importance qu\u2019a jou\u00e9 la pr\u00e9sence de <strong>Debuchy<\/strong> dans le Forez pour motiver sa venue.<\/p>\n<p>https:\/\/twitter.com\/ASSEofficiel\/status\/1166409913612083211?s=20<\/p>\n<p style=\"text-align: justify;\">Apr\u00e8s un premier retour en <strong>Ligue 1<\/strong> sous les couleurs du <strong>Paris Saint-Germain<\/strong> \u00e0 la suite de sa premi\u00e8re tentative en <strong>Premier League<\/strong> du c\u00f4t\u00e9 de <strong>Newcastle<\/strong>, c\u2019est avec le maillot de l\u2019<strong>ASSE<\/strong> que <strong>Yohan Cabaye<\/strong> fera son retour sur les pelouses de <strong>Ligue 1<\/strong>. Nul doute que l\u2019ancien joueur de <strong>Crystal Palace<\/strong> sera un \u00e9l\u00e9ment essentiel dans l\u2019entrejeu des Verts. La saison \u00e0 venir nous dira s\u2019il est bel et bien le vrai gros coup de ce mercato estival. En tout cas nous, on y croit.<\/p>\n<p><strong><em>Bastien Pitte<br \/>\n<a href=\"https:\/\/www.facebook.com\/bastien.pitte\" target=\"_blank\" rel=\"noopener\"><img loading=\"lazy\" decoding=\"async\" class=\"alignnone wp-image-2909\" src=\"http:\/\/dicodusport.fr\/blog\/wp-content\/uploads\/2017\/07\/logo-facebook-150x150.png\" alt=\"\" width=\"39\" height=\"39\" \/><\/a><\/em><\/strong><a href=\"https:\/\/www.linkedin.com\/in\/bastien-pitte\" target=\"_blank\" rel=\"noopener\"><img loading=\"lazy\" decoding=\"async\" class=\"alignnone wp-image-3711\" src=\"http:\/\/dicodusport.fr\/blog\/wp-content\/uploads\/2017\/08\/signature-linkedin-150x150.png\" alt=\"\" width=\"39\" height=\"39\" srcset=\"https:\/\/dicodusport.fr\/blog\/wp-content\/uploads\/2017\/08\/signature-linkedin-150x150.png 150w, https:\/\/dicodusport.fr\/blog\/wp-content\/uploads\/2017\/08\/signature-linkedin.png 295w\" sizes=\"auto, (max-width: 39px) 100vw, 39px\" \/><\/a><\/p>\n","protected":false},"excerpt":{"rendered":"<p>C\u2019est l\u2019une des belles surprises de ce mercato estival en Ligue 1. L\u2019ASSE vient d\u2019officialiser la signature pour une saison de Yohan Cabaye.<\/p>\n","protected":false},"author":28,"featured_media":46659,"comment_status":"open","ping_status":"closed","sticky":false,"template":"","format":"standard","meta":{"_acf_changed":false,"_daextam_enable_autolinks":"","footnotes":""},"categories":[2301],"tags":[1206,75,1554,1555,457],"class_list":["post-46636","post","type-post","status-publish","format-standard","has-post-thumbnail","hentry","category-football","tag-asse","tag-football","tag-ligue-1","tag-mercato","tag-saint-etienne"],"acf":[],"yoast_head":"<!-- This site is optimized with the Yoast SEO Premium plugin v26.7 (Yoast SEO v26.7) - https:\/\/yoast.com\/wordpress\/plugins\/seo\/ -->\n<title>Yohan Cabaye, le gros coup des Verts<\/title>\n<meta name=\"description\" content=\"C\u2019est l\u2019une des belles surprises de ce mercato estival en Ligue 1. L\u2019ASSE vient d\u2019officialiser la signature pour une saison de Yohan Cabaye.\" \/>\n<meta name=\"robots\" content=\"index, follow, max-snippet:-1, max-image-preview:large, max-video-preview:-1\" \/>\n<link rel=\"canonical\" href=\"https:\/\/dicodusport.fr\/blog\/yohan-cabaye-le-gros-coup-des-verts\/\" \/>\n<meta property=\"og:locale\" content=\"fr_FR\" \/>\n<meta property=\"og:type\" content=\"article\" \/>\n<meta property=\"og:title\" content=\"Yohan Cabaye, le gros coup des Verts\" \/>\n<meta property=\"og:description\" content=\"C\u2019est l\u2019une des belles surprises de ce mercato estival en Ligue 1. L\u2019ASSE vient d\u2019officialiser la signature pour une saison de Yohan Cabaye.\" \/>\n<meta property=\"og:url\" content=\"https:\/\/dicodusport.fr\/blog\/yohan-cabaye-le-gros-coup-des-verts\/\" \/>\n<meta property=\"og:site_name\" content=\"Dicodusport\" \/>\n<meta property=\"article:publisher\" content=\"https:\/\/www.facebook.com\/dicodusport\" \/>\n<meta property=\"article:published_time\" content=\"2019-08-29T09:45:13+00:00\" \/>\n<meta property=\"article:modified_time\" content=\"2019-08-29T11:10:34+00:00\" \/>\n<meta property=\"og:image\" content=\"https:\/\/dicodusport.fr\/blog\/wp-content\/uploads\/2019\/08\/Yohan-Cabaye-\u00e0-Saint-Etienne.png\" \/>\n\t<meta property=\"og:image:width\" content=\"800\" \/>\n\t<meta property=\"og:image:height\" content=\"445\" \/>\n\t<meta property=\"og:image:type\" content=\"image\/png\" \/>\n<meta name=\"author\" content=\"Bastien Pitte\" \/>\n<meta name=\"twitter:card\" content=\"summary_large_image\" \/>\n<meta name=\"twitter:title\" content=\"Yohan Cabaye, le gros coup des Verts\" \/>\n<meta name=\"twitter:creator\" content=\"@dicodusport\" \/>\n<meta name=\"twitter:site\" content=\"@dicodusport\" \/>\n<script type=\"application\/ld+json\" class=\"yoast-schema-graph\">{\"@context\":\"https:\/\/schema.org\",\"@graph\":[{\"@type\":\"NewsArticle\",\"@id\":\"https:\/\/dicodusport.fr\/blog\/yohan-cabaye-le-gros-coup-des-verts\/#article\",\"isPartOf\":{\"@id\":\"https:\/\/dicodusport.fr\/blog\/yohan-cabaye-le-gros-coup-des-verts\/\"},\"author\":{\"name\":\"Bastien Pitte\",\"@id\":\"https:\/\/dicodusport.fr\/blog\/#\/schema\/person\/0d3ca824646a2d0c77bdd7e45230c071\"},\"headline\":\"Yohan Cabaye, le gros coup des Verts\",\"datePublished\":\"2019-08-29T09:45:13+00:00\",\"dateModified\":\"2019-08-29T11:10:34+00:00\",\"mainEntityOfPage\":{\"@id\":\"https:\/\/dicodusport.fr\/blog\/yohan-cabaye-le-gros-coup-des-verts\/\"},\"wordCount\":448,\"commentCount\":0,\"publisher\":{\"@id\":\"https:\/\/dicodusport.fr\/blog\/#organization\"},\"image\":{\"@id\":\"https:\/\/dicodusport.fr\/blog\/yohan-cabaye-le-gros-coup-des-verts\/#primaryimage\"},\"thumbnailUrl\":\"https:\/\/dicodusport.fr\/blog\/wp-content\/uploads\/2019\/08\/Yohan-Cabaye-\u00e0-Saint-Etienne.png\",\"keywords\":[\"ASSE\",\"Football\",\"Ligue 1\",\"Mercato\",\"Saint-Etienne\"],\"articleSection\":[\"Football\"],\"inLanguage\":\"fr-FR\",\"potentialAction\":[{\"@type\":\"CommentAction\",\"name\":\"Comment\",\"target\":[\"https:\/\/dicodusport.fr\/blog\/yohan-cabaye-le-gros-coup-des-verts\/#respond\"]}],\"copyrightYear\":\"2019\",\"copyrightHolder\":{\"@id\":\"https:\/\/dicodusport.fr\/blog\/#organization\"}},{\"@type\":\"WebPage\",\"@id\":\"https:\/\/dicodusport.fr\/blog\/yohan-cabaye-le-gros-coup-des-verts\/\",\"url\":\"https:\/\/dicodusport.fr\/blog\/yohan-cabaye-le-gros-coup-des-verts\/\",\"name\":\"Yohan Cabaye, le gros coup des Verts\",\"isPartOf\":{\"@id\":\"https:\/\/dicodusport.fr\/blog\/#website\"},\"primaryImageOfPage\":{\"@id\":\"https:\/\/dicodusport.fr\/blog\/yohan-cabaye-le-gros-coup-des-verts\/#primaryimage\"},\"image\":{\"@id\":\"https:\/\/dicodusport.fr\/blog\/yohan-cabaye-le-gros-coup-des-verts\/#primaryimage\"},\"thumbnailUrl\":\"https:\/\/dicodusport.fr\/blog\/wp-content\/uploads\/2019\/08\/Yohan-Cabaye-\u00e0-Saint-Etienne.png\",\"datePublished\":\"2019-08-29T09:45:13+00:00\",\"dateModified\":\"2019-08-29T11:10:34+00:00\",\"description\":\"C\u2019est l\u2019une des belles surprises de ce mercato estival en Ligue 1. L\u2019ASSE vient d\u2019officialiser la signature pour une saison de Yohan Cabaye.\",\"breadcrumb\":{\"@id\":\"https:\/\/dicodusport.fr\/blog\/yohan-cabaye-le-gros-coup-des-verts\/#breadcrumb\"},\"inLanguage\":\"fr-FR\",\"potentialAction\":[{\"@type\":\"ReadAction\",\"target\":[\"https:\/\/dicodusport.fr\/blog\/yohan-cabaye-le-gros-coup-des-verts\/\"]}]},{\"@type\":\"ImageObject\",\"inLanguage\":\"fr-FR\",\"@id\":\"https:\/\/dicodusport.fr\/blog\/yohan-cabaye-le-gros-coup-des-verts\/#primaryimage\",\"url\":\"https:\/\/dicodusport.fr\/blog\/wp-content\/uploads\/2019\/08\/Yohan-Cabaye-\u00e0-Saint-Etienne.png\",\"contentUrl\":\"https:\/\/dicodusport.fr\/blog\/wp-content\/uploads\/2019\/08\/Yohan-Cabaye-\u00e0-Saint-Etienne.png\",\"width\":800,\"height\":445},{\"@type\":\"BreadcrumbList\",\"@id\":\"https:\/\/dicodusport.fr\/blog\/yohan-cabaye-le-gros-coup-des-verts\/#breadcrumb\",\"itemListElement\":[{\"@type\":\"ListItem\",\"position\":1,\"name\":\"Accueil\",\"item\":\"https:\/\/dicodusport.fr\/blog\/\"},{\"@type\":\"ListItem\",\"position\":2,\"name\":\"Yohan Cabaye, le gros coup des Verts\"}]},{\"@type\":\"WebSite\",\"@id\":\"https:\/\/dicodusport.fr\/blog\/#website\",\"url\":\"https:\/\/dicodusport.fr\/blog\/\",\"name\":\"Dicodusport\",\"description\":\"L&#039;encyclop\u00e9die de l&#039;actualit\u00e9 sportive\",\"publisher\":{\"@id\":\"https:\/\/dicodusport.fr\/blog\/#organization\"},\"potentialAction\":[{\"@type\":\"SearchAction\",\"target\":{\"@type\":\"EntryPoint\",\"urlTemplate\":\"https:\/\/dicodusport.fr\/blog\/?s={search_term_string}\"},\"query-input\":{\"@type\":\"PropertyValueSpecification\",\"valueRequired\":true,\"valueName\":\"search_term_string\"}}],\"inLanguage\":\"fr-FR\"},{\"@type\":\"NewsMediaOrganization\",\"@id\":\"https:\/\/dicodusport.fr\/blog\/#organization\",\"name\":\"Dicodusport\",\"url\":\"https:\/\/dicodusport.fr\/blog\/\",\"logo\":{\"@type\":\"ImageObject\",\"inLanguage\":\"fr-FR\",\"@id\":\"https:\/\/dicodusport.fr\/blog\/#\/schema\/logo\/image\/\",\"url\":\"https:\/\/dicodusport.fr\/blog\/wp-content\/uploads\/2020\/06\/cropped-LOGO-DICODUSPORT-2020-SANS-FOND-SANS-TEXTE.png\",\"contentUrl\":\"https:\/\/dicodusport.fr\/blog\/wp-content\/uploads\/2020\/06\/cropped-LOGO-DICODUSPORT-2020-SANS-FOND-SANS-TEXTE.png\",\"width\":512,\"height\":512,\"caption\":\"Dicodusport\"},\"image\":{\"@id\":\"https:\/\/dicodusport.fr\/blog\/#\/schema\/logo\/image\/\"},\"sameAs\":[\"https:\/\/www.facebook.com\/dicodusport\",\"https:\/\/x.com\/dicodusport\",\"https:\/\/www.instagram.com\/dicodusport\/\",\"https:\/\/www.youtube.com\/channel\/UC7V2KZ5sd3htJivAbA4ZG3w\"],\"description\":\"Dicodusport est l'encyclop\u00e9die de l'actualit\u00e9 sportive.\",\"email\":\"bonjour@dicodusport.fr\",\"legalName\":\"DICODUSPORT\",\"foundingDate\":\"2018-01-14\",\"vatID\":\"FR71834470973\",\"taxID\":\"83447097300043\",\"numberOfEmployees\":{\"@type\":\"QuantitativeValue\",\"minValue\":\"1\",\"maxValue\":\"10\"}},{\"@type\":\"Person\",\"@id\":\"https:\/\/dicodusport.fr\/blog\/#\/schema\/person\/0d3ca824646a2d0c77bdd7e45230c071\",\"name\":\"Bastien Pitte\",\"image\":{\"@type\":\"ImageObject\",\"inLanguage\":\"fr-FR\",\"@id\":\"https:\/\/dicodusport.fr\/blog\/#\/schema\/person\/image\/\",\"url\":\"https:\/\/dicodusport.fr\/blog\/wp-content\/uploads\/2020\/06\/cropped-LOGO-DICODUSPORT-2020-SANS-FOND-SANS-TEXTE-150x150.png\",\"contentUrl\":\"https:\/\/dicodusport.fr\/blog\/wp-content\/uploads\/2020\/06\/cropped-LOGO-DICODUSPORT-2020-SANS-FOND-SANS-TEXTE-150x150.png\",\"caption\":\"Bastien Pitte\"},\"url\":\"https:\/\/dicodusport.fr\/blog\/author\/bastien\/\"}]}<\/script>\n<!-- \/ Yoast SEO Premium plugin. -->","yoast_head_json":{"title":"Yohan Cabaye, le gros coup des Verts","description":"C\u2019est l\u2019une des belles surprises de ce mercato estival en Ligue 1. L\u2019ASSE vient d\u2019officialiser la signature pour une saison de Yohan Cabaye.","robots":{"index":"index","follow":"follow","max-snippet":"max-snippet:-1","max-image-preview":"max-image-preview:large","max-video-preview":"max-video-preview:-1"},"canonical":"https:\/\/dicodusport.fr\/blog\/yohan-cabaye-le-gros-coup-des-verts\/","og_locale":"fr_FR","og_type":"article","og_title":"Yohan Cabaye, le gros coup des Verts","og_description":"C\u2019est l\u2019une des belles surprises de ce mercato estival en Ligue 1. L\u2019ASSE vient d\u2019officialiser la signature pour une saison de Yohan Cabaye.","og_url":"https:\/\/dicodusport.fr\/blog\/yohan-cabaye-le-gros-coup-des-verts\/","og_site_name":"Dicodusport","article_publisher":"https:\/\/www.facebook.com\/dicodusport","article_published_time":"2019-08-29T09:45:13+00:00","article_modified_time":"2019-08-29T11:10:34+00:00","og_image":[{"width":800,"height":445,"url":"https:\/\/dicodusport.fr\/blog\/wp-content\/uploads\/2019\/08\/Yohan-Cabaye-\u00e0-Saint-Etienne.png","type":"image\/png"}],"author":"Bastien Pitte","twitter_card":"summary_large_image","twitter_title":"Yohan Cabaye, le gros coup des Verts","twitter_creator":"@dicodusport","twitter_site":"@dicodusport","schema":{"@context":"https:\/\/schema.org","@graph":[{"@type":"NewsArticle","@id":"https:\/\/dicodusport.fr\/blog\/yohan-cabaye-le-gros-coup-des-verts\/#article","isPartOf":{"@id":"https:\/\/dicodusport.fr\/blog\/yohan-cabaye-le-gros-coup-des-verts\/"},"author":{"name":"Bastien Pitte","@id":"https:\/\/dicodusport.fr\/blog\/#\/schema\/person\/0d3ca824646a2d0c77bdd7e45230c071"},"headline":"Yohan Cabaye, le gros coup des Verts","datePublished":"2019-08-29T09:45:13+00:00","dateModified":"2019-08-29T11:10:34+00:00","mainEntityOfPage":{"@id":"https:\/\/dicodusport.fr\/blog\/yohan-cabaye-le-gros-coup-des-verts\/"},"wordCount":448,"commentCount":0,"publisher":{"@id":"https:\/\/dicodusport.fr\/blog\/#organization"},"image":{"@id":"https:\/\/dicodusport.fr\/blog\/yohan-cabaye-le-gros-coup-des-verts\/#primaryimage"},"thumbnailUrl":"https:\/\/dicodusport.fr\/blog\/wp-content\/uploads\/2019\/08\/Yohan-Cabaye-\u00e0-Saint-Etienne.png","keywords":["ASSE","Football","Ligue 1","Mercato","Saint-Etienne"],"articleSection":["Football"],"inLanguage":"fr-FR","potentialAction":[{"@type":"CommentAction","name":"Comment","target":["https:\/\/dicodusport.fr\/blog\/yohan-cabaye-le-gros-coup-des-verts\/#respond"]}],"copyrightYear":"2019","copyrightHolder":{"@id":"https:\/\/dicodusport.fr\/blog\/#organization"}},{"@type":"WebPage","@id":"https:\/\/dicodusport.fr\/blog\/yohan-cabaye-le-gros-coup-des-verts\/","url":"https:\/\/dicodusport.fr\/blog\/yohan-cabaye-le-gros-coup-des-verts\/","name":"Yohan Cabaye, le gros coup des Verts","isPartOf":{"@id":"https:\/\/dicodusport.fr\/blog\/#website"},"primaryImageOfPage":{"@id":"https:\/\/dicodusport.fr\/blog\/yohan-cabaye-le-gros-coup-des-verts\/#primaryimage"},"image":{"@id":"https:\/\/dicodusport.fr\/blog\/yohan-cabaye-le-gros-coup-des-verts\/#primaryimage"},"thumbnailUrl":"https:\/\/dicodusport.fr\/blog\/wp-content\/uploads\/2019\/08\/Yohan-Cabaye-\u00e0-Saint-Etienne.png","datePublished":"2019-08-29T09:45:13+00:00","dateModified":"2019-08-29T11:10:34+00:00","description":"C\u2019est l\u2019une des belles surprises de ce mercato estival en Ligue 1. L\u2019ASSE vient d\u2019officialiser la signature pour une saison de Yohan Cabaye.","breadcrumb":{"@id":"https:\/\/dicodusport.fr\/blog\/yohan-cabaye-le-gros-coup-des-verts\/#breadcrumb"},"inLanguage":"fr-FR","potentialAction":[{"@type":"ReadAction","target":["https:\/\/dicodusport.fr\/blog\/yohan-cabaye-le-gros-coup-des-verts\/"]}]},{"@type":"ImageObject","inLanguage":"fr-FR","@id":"https:\/\/dicodusport.fr\/blog\/yohan-cabaye-le-gros-coup-des-verts\/#primaryimage","url":"https:\/\/dicodusport.fr\/blog\/wp-content\/uploads\/2019\/08\/Yohan-Cabaye-\u00e0-Saint-Etienne.png","contentUrl":"https:\/\/dicodusport.fr\/blog\/wp-content\/uploads\/2019\/08\/Yohan-Cabaye-\u00e0-Saint-Etienne.png","width":800,"height":445},{"@type":"BreadcrumbList","@id":"https:\/\/dicodusport.fr\/blog\/yohan-cabaye-le-gros-coup-des-verts\/#breadcrumb","itemListElement":[{"@type":"ListItem","position":1,"name":"Accueil","item":"https:\/\/dicodusport.fr\/blog\/"},{"@type":"ListItem","position":2,"name":"Yohan Cabaye, le gros coup des Verts"}]},{"@type":"WebSite","@id":"https:\/\/dicodusport.fr\/blog\/#website","url":"https:\/\/dicodusport.fr\/blog\/","name":"Dicodusport","description":"L&#039;encyclop\u00e9die de l&#039;actualit\u00e9 sportive","publisher":{"@id":"https:\/\/dicodusport.fr\/blog\/#organization"},"potentialAction":[{"@type":"SearchAction","target":{"@type":"EntryPoint","urlTemplate":"https:\/\/dicodusport.fr\/blog\/?s={search_term_string}"},"query-input":{"@type":"PropertyValueSpecification","valueRequired":true,"valueName":"search_term_string"}}],"inLanguage":"fr-FR"},{"@type":"NewsMediaOrganization","@id":"https:\/\/dicodusport.fr\/blog\/#organization","name":"Dicodusport","url":"https:\/\/dicodusport.fr\/blog\/","logo":{"@type":"ImageObject","inLanguage":"fr-FR","@id":"https:\/\/dicodusport.fr\/blog\/#\/schema\/logo\/image\/","url":"https:\/\/dicodusport.fr\/blog\/wp-content\/uploads\/2020\/06\/cropped-LOGO-DICODUSPORT-2020-SANS-FOND-SANS-TEXTE.png","contentUrl":"https:\/\/dicodusport.fr\/blog\/wp-content\/uploads\/2020\/06\/cropped-LOGO-DICODUSPORT-2020-SANS-FOND-SANS-TEXTE.png","width":512,"height":512,"caption":"Dicodusport"},"image":{"@id":"https:\/\/dicodusport.fr\/blog\/#\/schema\/logo\/image\/"},"sameAs":["https:\/\/www.facebook.com\/dicodusport","https:\/\/x.com\/dicodusport","https:\/\/www.instagram.com\/dicodusport\/","https:\/\/www.youtube.com\/channel\/UC7V2KZ5sd3htJivAbA4ZG3w"],"description":"Dicodusport est l'encyclop\u00e9die de l'actualit\u00e9 sportive.","email":"bonjour@dicodusport.fr","legalName":"DICODUSPORT","foundingDate":"2018-01-14","vatID":"FR71834470973","taxID":"83447097300043","numberOfEmployees":{"@type":"QuantitativeValue","minValue":"1","maxValue":"10"}},{"@type":"Person","@id":"https:\/\/dicodusport.fr\/blog\/#\/schema\/person\/0d3ca824646a2d0c77bdd7e45230c071","name":"Bastien Pitte","image":{"@type":"ImageObject","inLanguage":"fr-FR","@id":"https:\/\/dicodusport.fr\/blog\/#\/schema\/person\/image\/","url":"https:\/\/dicodusport.fr\/blog\/wp-content\/uploads\/2020\/06\/cropped-LOGO-DICODUSPORT-2020-SANS-FOND-SANS-TEXTE-150x150.png","contentUrl":"https:\/\/dicodusport.fr\/blog\/wp-content\/uploads\/2020\/06\/cropped-LOGO-DICODUSPORT-2020-SANS-FOND-SANS-TEXTE-150x150.png","caption":"Bastien Pitte"},"url":"https:\/\/dicodusport.fr\/blog\/author\/bastien\/"}]}},"_links":{"self":[{"href":"https:\/\/dicodusport.fr\/blog\/wp-json\/wp\/v2\/posts\/46636","targetHints":{"allow":["GET"]}}],"collection":[{"href":"https:\/\/dicodusport.fr\/blog\/wp-json\/wp\/v2\/posts"}],"about":[{"href":"https:\/\/dicodusport.fr\/blog\/wp-json\/wp\/v2\/types\/post"}],"author":[{"embeddable":true,"href":"https:\/\/dicodusport.fr\/blog\/wp-json\/wp\/v2\/users\/28"}],"replies":[{"embeddable":true,"href":"https:\/\/dicodusport.fr\/blog\/wp-json\/wp\/v2\/comments?post=46636"}],"version-history":[{"count":0,"href":"https:\/\/dicodusport.fr\/blog\/wp-json\/wp\/v2\/posts\/46636\/revisions"}],"wp:featuredmedia":[{"embeddable":true,"href":"https:\/\/dicodusport.fr\/blog\/wp-json\/wp\/v2\/media\/46659"}],"wp:attachment":[{"href":"https:\/\/dicodusport.fr\/blog\/wp-json\/wp\/v2\/media?parent=46636"}],"wp:term":[{"taxonomy":"category","embeddable":true,"href":"https:\/\/dicodusport.fr\/blog\/wp-json\/wp\/v2\/categories?post=46636"},{"taxonomy":"post_tag","embeddable":true,"href":"https:\/\/dicodusport.fr\/blog\/wp-json\/wp\/v2\/tags?post=46636"}],"curies":[{"name":"wp","href":"https:\/\/api.w.org\/{rel}","templated":true}]}}