{"id":466404,"date":"2024-02-24T17:51:37","date_gmt":"2024-02-24T16:51:37","guid":{"rendered":"https:\/\/dicodusport.fr\/blog\/?p=466404&#038;preview=true&#038;preview_id=466404"},"modified":"2025-04-03T14:25:32","modified_gmt":"2025-04-03T12:25:32","slug":"coupe-du-monde-ski-alpinisme-axelle-gachet-mollaret-et-xavier-gachet-sur-le-podium-du-relais-mixte","status":"publish","type":"post","link":"https:\/\/dicodusport.fr\/blog\/coupe-du-monde-ski-alpinisme-axelle-gachet-mollaret-et-xavier-gachet-sur-le-podium-du-relais-mixte\/","title":{"rendered":"Coupe du monde Ski alpinisme : Axelle Gachet-Mollaret et Xavier Gachet sur le podium du relais mixte"},"content":{"rendered":"<p align=\"justify\"><em><a style=\"font-weight: bold;\" href=\"https:\/\/dicodusport.fr\/blog\/?s=ski+alpinisme\">SKI ALPINISME<\/a><b> &#8211; Xavier Gachet et Axelle Gachet-Mollaret ont pris la 3e place du relais mixte de Val Martello (Italie) ce samedi.<\/b><\/em><\/p>\n<p style=\"text-align: justify;\">Nouvelle journ\u00e9e de comp\u00e9tition et nouveau podium pour le ski alpinisme tricolore. Apr\u00e8s les succ\u00e8s de <strong>Xavier Gachet<\/strong> et <strong>Axelle Gachet-Mollaret<\/strong> sur les courses individuelles jeudi, le relais mixte \u00e9tait \u00e0 l&rsquo;honneur ce samedi.<\/p>\n<p style=\"text-align: justify;\">R\u00e9uni pour la premi\u00e8re fois de la saison ensemble, le couple fran\u00e7ais s&rsquo;avan\u00e7ait donc avec des certitudes. Ce qui s&rsquo;est confirm\u00e9 durant les qualifications dont ils ont termin\u00e9 en t\u00eate. Qualifi\u00e9s en finale, les Fran\u00e7ais n&rsquo;ont en revanche pas r\u00e9ussi \u00e0 confirmer jusqu&rsquo;au bout puisque les bin\u00f4mes italiens et autrichiens leur sont pass\u00e9s devant. Malgr\u00e9 tout, <strong>Axelle Gachet-Mollaret<\/strong> et <strong>Xavier Gachet<\/strong> se hissent sur la troisi\u00e8me marche du podium, et confirment leur excellent week-end italien. Troisi\u00e8mes des qualifications, <strong>Lorna Bonnel<\/strong> et<strong> Anselme Damevin<\/strong> ont \u00e9t\u00e9 revers\u00e9s en finale B, o\u00f9 ils ont pris la 2e place.<\/p>\n<p>\u00a0<iframe loading=\"lazy\" style=\"border: none; overflow: hidden;\" src=\"https:\/\/www.facebook.com\/plugins\/post.php?href=https%3A%2F%2Fwww.facebook.com%2Fismf.ski%2Fposts%2Fpfbid02tNEb3E41ABs9PiPWHLhs7RC1nZmc3gCby9mVnz9iTfzUogjQH9ys91kcR2GeY9U1l&amp;show_text=true&amp;width=500\" width=\"500\" height=\"709\" frameborder=\"0\" scrolling=\"no\" allowfullscreen=\"allowfullscreen\"><\/iframe><\/p>\n","protected":false},"excerpt":{"rendered":"<p>SKI ALPINISME &#8211; Xavier Gachet et Axelle Gachet-Mollaret ont pris la 3e place du relais mixte de Val Martello (Italie) ce samedi.<\/p>\n","protected":false},"author":55,"featured_media":466416,"comment_status":"open","ping_status":"closed","sticky":false,"template":"","format":"standard","meta":{"_acf_changed":false,"_daextam_enable_autolinks":"1","footnotes":""},"categories":[45757],"tags":[22883,16878,37201,4230,37994],"class_list":["post-466404","post","type-post","status-publish","format-standard","has-post-thumbnail","hentry","category-ski-alpinisme","tag-axelle-gachet-mollaret","tag-breve","tag-coupe-du-monde-ski-alpinisme","tag-ski-alpinisme","tag-xavier-gachet"],"acf":[],"yoast_head":"<!-- This site is optimized with the Yoast SEO Premium plugin v26.7 (Yoast SEO v26.7) - https:\/\/yoast.com\/wordpress\/plugins\/seo\/ -->\n<title>Coupe du monde Ski alpinisme : Axelle Gachet-Mollaret et Xavier Gachet sur le podium du relais mixte<\/title>\n<meta name=\"description\" content=\"COUPE DU MONDE SKI ALPINISME - Axelle Gachet-Mollaret et Xavier Gachet ont pris la 3e place du relais mixte de Val Martello.\" \/>\n<meta name=\"robots\" content=\"index, follow, max-snippet:-1, max-image-preview:large, max-video-preview:-1\" \/>\n<link rel=\"canonical\" href=\"https:\/\/dicodusport.fr\/blog\/coupe-du-monde-ski-alpinisme-axelle-gachet-mollaret-et-xavier-gachet-sur-le-podium-du-relais-mixte\/\" \/>\n<meta property=\"og:locale\" content=\"fr_FR\" \/>\n<meta property=\"og:type\" content=\"article\" \/>\n<meta property=\"og:title\" content=\"Coupe du monde Ski alpinisme : Axelle Gachet-Mollaret et Xavier Gachet sur le podium du relais mixte\" \/>\n<meta property=\"og:description\" content=\"COUPE DU MONDE SKI ALPINISME - Axelle Gachet-Mollaret et Xavier Gachet ont pris la 3e place du relais mixte de Val Martello.\" \/>\n<meta property=\"og:url\" content=\"https:\/\/dicodusport.fr\/blog\/coupe-du-monde-ski-alpinisme-axelle-gachet-mollaret-et-xavier-gachet-sur-le-podium-du-relais-mixte\/\" \/>\n<meta property=\"og:site_name\" content=\"Dicodusport\" \/>\n<meta property=\"article:publisher\" content=\"https:\/\/www.facebook.com\/dicodusport\" \/>\n<meta property=\"article:published_time\" content=\"2024-02-24T16:51:37+00:00\" \/>\n<meta property=\"article:modified_time\" content=\"2025-04-03T12:25:32+00:00\" \/>\n<meta property=\"og:image\" content=\"https:\/\/dicodusport.fr\/blog\/wp-content\/uploads\/2024\/02\/Coupe-du-monde-Ski-alpinisme.png\" \/>\n\t<meta property=\"og:image:width\" content=\"1200\" \/>\n\t<meta property=\"og:image:height\" content=\"674\" \/>\n\t<meta property=\"og:image:type\" content=\"image\/png\" \/>\n<meta name=\"author\" content=\"Maxime Cazenave\" \/>\n<meta name=\"twitter:card\" content=\"summary_large_image\" \/>\n<meta name=\"twitter:title\" content=\"Coupe du monde Ski alpinisme : Axelle Gachet-Mollaret et Xavier Gachet sur le podium du relais mixte\" \/>\n<meta name=\"twitter:creator\" content=\"@https:\/\/twitter.com\/Maxime_Caze\" \/>\n<meta name=\"twitter:site\" content=\"@dicodusport\" \/>\n<script type=\"application\/ld+json\" class=\"yoast-schema-graph\">{\"@context\":\"https:\/\/schema.org\",\"@graph\":[{\"@type\":\"NewsArticle\",\"@id\":\"https:\/\/dicodusport.fr\/blog\/coupe-du-monde-ski-alpinisme-axelle-gachet-mollaret-et-xavier-gachet-sur-le-podium-du-relais-mixte\/#article\",\"isPartOf\":{\"@id\":\"https:\/\/dicodusport.fr\/blog\/coupe-du-monde-ski-alpinisme-axelle-gachet-mollaret-et-xavier-gachet-sur-le-podium-du-relais-mixte\/\"},\"author\":{\"name\":\"Maxime Cazenave\",\"@id\":\"https:\/\/dicodusport.fr\/blog\/#\/schema\/person\/37def232098a7a5cbab3974a3690abb0\"},\"headline\":\"Coupe du monde Ski alpinisme : Axelle Gachet-Mollaret et Xavier Gachet sur le podium du relais mixte\",\"datePublished\":\"2024-02-24T16:51:37+00:00\",\"dateModified\":\"2025-04-03T12:25:32+00:00\",\"mainEntityOfPage\":{\"@id\":\"https:\/\/dicodusport.fr\/blog\/coupe-du-monde-ski-alpinisme-axelle-gachet-mollaret-et-xavier-gachet-sur-le-podium-du-relais-mixte\/\"},\"wordCount\":188,\"commentCount\":0,\"publisher\":{\"@id\":\"https:\/\/dicodusport.fr\/blog\/#organization\"},\"image\":{\"@id\":\"https:\/\/dicodusport.fr\/blog\/coupe-du-monde-ski-alpinisme-axelle-gachet-mollaret-et-xavier-gachet-sur-le-podium-du-relais-mixte\/#primaryimage\"},\"thumbnailUrl\":\"https:\/\/dicodusport.fr\/blog\/wp-content\/uploads\/2024\/02\/Coupe-du-monde-Ski-alpinisme.png\",\"keywords\":[\"Axelle Gachet-Mollaret\",\"br\u00e8ve\",\"Coupe du monde ski alpinisme\",\"Ski alpinisme\",\"Xavier Gachet\"],\"articleSection\":[\"Ski alpinisme\"],\"inLanguage\":\"fr-FR\",\"potentialAction\":[{\"@type\":\"CommentAction\",\"name\":\"Comment\",\"target\":[\"https:\/\/dicodusport.fr\/blog\/coupe-du-monde-ski-alpinisme-axelle-gachet-mollaret-et-xavier-gachet-sur-le-podium-du-relais-mixte\/#respond\"]}],\"copyrightYear\":\"2024\",\"copyrightHolder\":{\"@id\":\"https:\/\/dicodusport.fr\/blog\/#organization\"}},{\"@type\":\"WebPage\",\"@id\":\"https:\/\/dicodusport.fr\/blog\/coupe-du-monde-ski-alpinisme-axelle-gachet-mollaret-et-xavier-gachet-sur-le-podium-du-relais-mixte\/\",\"url\":\"https:\/\/dicodusport.fr\/blog\/coupe-du-monde-ski-alpinisme-axelle-gachet-mollaret-et-xavier-gachet-sur-le-podium-du-relais-mixte\/\",\"name\":\"Coupe du monde Ski alpinisme : Axelle Gachet-Mollaret et Xavier Gachet sur le podium du relais mixte\",\"isPartOf\":{\"@id\":\"https:\/\/dicodusport.fr\/blog\/#website\"},\"primaryImageOfPage\":{\"@id\":\"https:\/\/dicodusport.fr\/blog\/coupe-du-monde-ski-alpinisme-axelle-gachet-mollaret-et-xavier-gachet-sur-le-podium-du-relais-mixte\/#primaryimage\"},\"image\":{\"@id\":\"https:\/\/dicodusport.fr\/blog\/coupe-du-monde-ski-alpinisme-axelle-gachet-mollaret-et-xavier-gachet-sur-le-podium-du-relais-mixte\/#primaryimage\"},\"thumbnailUrl\":\"https:\/\/dicodusport.fr\/blog\/wp-content\/uploads\/2024\/02\/Coupe-du-monde-Ski-alpinisme.png\",\"datePublished\":\"2024-02-24T16:51:37+00:00\",\"dateModified\":\"2025-04-03T12:25:32+00:00\",\"description\":\"COUPE DU MONDE SKI ALPINISME - Axelle Gachet-Mollaret et Xavier Gachet ont pris la 3e place du relais mixte de Val Martello.\",\"breadcrumb\":{\"@id\":\"https:\/\/dicodusport.fr\/blog\/coupe-du-monde-ski-alpinisme-axelle-gachet-mollaret-et-xavier-gachet-sur-le-podium-du-relais-mixte\/#breadcrumb\"},\"inLanguage\":\"fr-FR\",\"potentialAction\":[{\"@type\":\"ReadAction\",\"target\":[\"https:\/\/dicodusport.fr\/blog\/coupe-du-monde-ski-alpinisme-axelle-gachet-mollaret-et-xavier-gachet-sur-le-podium-du-relais-mixte\/\"]}]},{\"@type\":\"ImageObject\",\"inLanguage\":\"fr-FR\",\"@id\":\"https:\/\/dicodusport.fr\/blog\/coupe-du-monde-ski-alpinisme-axelle-gachet-mollaret-et-xavier-gachet-sur-le-podium-du-relais-mixte\/#primaryimage\",\"url\":\"https:\/\/dicodusport.fr\/blog\/wp-content\/uploads\/2024\/02\/Coupe-du-monde-Ski-alpinisme.png\",\"contentUrl\":\"https:\/\/dicodusport.fr\/blog\/wp-content\/uploads\/2024\/02\/Coupe-du-monde-Ski-alpinisme.png\",\"width\":1200,\"height\":674,\"caption\":\"Coupe du monde Ski alpinisme : Axelle Gachet-Mollaret et Xavier Gachet sur le podium du relais mixte\"},{\"@type\":\"BreadcrumbList\",\"@id\":\"https:\/\/dicodusport.fr\/blog\/coupe-du-monde-ski-alpinisme-axelle-gachet-mollaret-et-xavier-gachet-sur-le-podium-du-relais-mixte\/#breadcrumb\",\"itemListElement\":[{\"@type\":\"ListItem\",\"position\":1,\"name\":\"Accueil\",\"item\":\"https:\/\/dicodusport.fr\/blog\/\"},{\"@type\":\"ListItem\",\"position\":2,\"name\":\"Coupe du monde Ski alpinisme : Axelle Gachet-Mollaret et Xavier Gachet sur le podium du relais mixte\"}]},{\"@type\":\"WebSite\",\"@id\":\"https:\/\/dicodusport.fr\/blog\/#website\",\"url\":\"https:\/\/dicodusport.fr\/blog\/\",\"name\":\"Dicodusport\",\"description\":\"L&#039;encyclop\u00e9die de l&#039;actualit\u00e9 sportive\",\"publisher\":{\"@id\":\"https:\/\/dicodusport.fr\/blog\/#organization\"},\"potentialAction\":[{\"@type\":\"SearchAction\",\"target\":{\"@type\":\"EntryPoint\",\"urlTemplate\":\"https:\/\/dicodusport.fr\/blog\/?s={search_term_string}\"},\"query-input\":{\"@type\":\"PropertyValueSpecification\",\"valueRequired\":true,\"valueName\":\"search_term_string\"}}],\"inLanguage\":\"fr-FR\"},{\"@type\":\"NewsMediaOrganization\",\"@id\":\"https:\/\/dicodusport.fr\/blog\/#organization\",\"name\":\"Dicodusport\",\"url\":\"https:\/\/dicodusport.fr\/blog\/\",\"logo\":{\"@type\":\"ImageObject\",\"inLanguage\":\"fr-FR\",\"@id\":\"https:\/\/dicodusport.fr\/blog\/#\/schema\/logo\/image\/\",\"url\":\"https:\/\/dicodusport.fr\/blog\/wp-content\/uploads\/2020\/06\/cropped-LOGO-DICODUSPORT-2020-SANS-FOND-SANS-TEXTE.png\",\"contentUrl\":\"https:\/\/dicodusport.fr\/blog\/wp-content\/uploads\/2020\/06\/cropped-LOGO-DICODUSPORT-2020-SANS-FOND-SANS-TEXTE.png\",\"width\":512,\"height\":512,\"caption\":\"Dicodusport\"},\"image\":{\"@id\":\"https:\/\/dicodusport.fr\/blog\/#\/schema\/logo\/image\/\"},\"sameAs\":[\"https:\/\/www.facebook.com\/dicodusport\",\"https:\/\/x.com\/dicodusport\",\"https:\/\/www.instagram.com\/dicodusport\/\",\"https:\/\/www.youtube.com\/channel\/UC7V2KZ5sd3htJivAbA4ZG3w\"],\"description\":\"Dicodusport est l'encyclop\u00e9die de l'actualit\u00e9 sportive.\",\"email\":\"bonjour@dicodusport.fr\",\"legalName\":\"DICODUSPORT\",\"foundingDate\":\"2018-01-14\",\"vatID\":\"FR71834470973\",\"taxID\":\"83447097300043\",\"numberOfEmployees\":{\"@type\":\"QuantitativeValue\",\"minValue\":\"1\",\"maxValue\":\"10\"}},{\"@type\":\"Person\",\"@id\":\"https:\/\/dicodusport.fr\/blog\/#\/schema\/person\/37def232098a7a5cbab3974a3690abb0\",\"name\":\"Maxime Cazenave\",\"image\":{\"@type\":\"ImageObject\",\"inLanguage\":\"fr-FR\",\"@id\":\"https:\/\/dicodusport.fr\/blog\/#\/schema\/person\/image\/\",\"url\":\"https:\/\/dicodusport.fr\/blog\/wp-content\/uploads\/2021\/05\/Maxime-Cazenave-150x150.jpg\",\"contentUrl\":\"https:\/\/dicodusport.fr\/blog\/wp-content\/uploads\/2021\/05\/Maxime-Cazenave-150x150.jpg\",\"caption\":\"Maxime Cazenave\"},\"description\":\"Journaliste\/R\u00e9dacteur depuis 2012 - Berc\u00e9 par l\u2019amour des Girondins de Bordeaux, les \u00e9checs de Christophe Moreau sur le Tour de France sous l'\u00e8re Lance Armstrong et le fade-away l\u00e9tal de Dirk Nowitzki, ma passion d\u00e9vorante pour le sport a toujours \u00e9t\u00e9 un pan incontournable de ma vie. Transmettre ma passion \u00e0 l\u2019\u00e9crit a \u00e9t\u00e9 une transition naturelle. Suiveur assidu de basket et de hockey sur glace, je garde toujours un peu de place pour suivre le cyclisme, le football et le maximum de performances fran\u00e7aises.\",\"sameAs\":[\"https:\/\/x.com\/https:\/\/twitter.com\/Maxime_Caze\"],\"url\":\"https:\/\/dicodusport.fr\/blog\/author\/maximec\/\"}]}<\/script>\n<!-- \/ Yoast SEO Premium plugin. -->","yoast_head_json":{"title":"Coupe du monde Ski alpinisme : Axelle Gachet-Mollaret et Xavier Gachet sur le podium du relais mixte","description":"COUPE DU MONDE SKI ALPINISME - Axelle Gachet-Mollaret et Xavier Gachet ont pris la 3e place du relais mixte de Val Martello.","robots":{"index":"index","follow":"follow","max-snippet":"max-snippet:-1","max-image-preview":"max-image-preview:large","max-video-preview":"max-video-preview:-1"},"canonical":"https:\/\/dicodusport.fr\/blog\/coupe-du-monde-ski-alpinisme-axelle-gachet-mollaret-et-xavier-gachet-sur-le-podium-du-relais-mixte\/","og_locale":"fr_FR","og_type":"article","og_title":"Coupe du monde Ski alpinisme : Axelle Gachet-Mollaret et Xavier Gachet sur le podium du relais mixte","og_description":"COUPE DU MONDE SKI ALPINISME - Axelle Gachet-Mollaret et Xavier Gachet ont pris la 3e place du relais mixte de Val Martello.","og_url":"https:\/\/dicodusport.fr\/blog\/coupe-du-monde-ski-alpinisme-axelle-gachet-mollaret-et-xavier-gachet-sur-le-podium-du-relais-mixte\/","og_site_name":"Dicodusport","article_publisher":"https:\/\/www.facebook.com\/dicodusport","article_published_time":"2024-02-24T16:51:37+00:00","article_modified_time":"2025-04-03T12:25:32+00:00","og_image":[{"width":1200,"height":674,"url":"https:\/\/dicodusport.fr\/blog\/wp-content\/uploads\/2024\/02\/Coupe-du-monde-Ski-alpinisme.png","type":"image\/png"}],"author":"Maxime Cazenave","twitter_card":"summary_large_image","twitter_title":"Coupe du monde Ski alpinisme : Axelle Gachet-Mollaret et Xavier Gachet sur le podium du relais mixte","twitter_creator":"@https:\/\/twitter.com\/Maxime_Caze","twitter_site":"@dicodusport","schema":{"@context":"https:\/\/schema.org","@graph":[{"@type":"NewsArticle","@id":"https:\/\/dicodusport.fr\/blog\/coupe-du-monde-ski-alpinisme-axelle-gachet-mollaret-et-xavier-gachet-sur-le-podium-du-relais-mixte\/#article","isPartOf":{"@id":"https:\/\/dicodusport.fr\/blog\/coupe-du-monde-ski-alpinisme-axelle-gachet-mollaret-et-xavier-gachet-sur-le-podium-du-relais-mixte\/"},"author":{"name":"Maxime Cazenave","@id":"https:\/\/dicodusport.fr\/blog\/#\/schema\/person\/37def232098a7a5cbab3974a3690abb0"},"headline":"Coupe du monde Ski alpinisme : Axelle Gachet-Mollaret et Xavier Gachet sur le podium du relais mixte","datePublished":"2024-02-24T16:51:37+00:00","dateModified":"2025-04-03T12:25:32+00:00","mainEntityOfPage":{"@id":"https:\/\/dicodusport.fr\/blog\/coupe-du-monde-ski-alpinisme-axelle-gachet-mollaret-et-xavier-gachet-sur-le-podium-du-relais-mixte\/"},"wordCount":188,"commentCount":0,"publisher":{"@id":"https:\/\/dicodusport.fr\/blog\/#organization"},"image":{"@id":"https:\/\/dicodusport.fr\/blog\/coupe-du-monde-ski-alpinisme-axelle-gachet-mollaret-et-xavier-gachet-sur-le-podium-du-relais-mixte\/#primaryimage"},"thumbnailUrl":"https:\/\/dicodusport.fr\/blog\/wp-content\/uploads\/2024\/02\/Coupe-du-monde-Ski-alpinisme.png","keywords":["Axelle Gachet-Mollaret","br\u00e8ve","Coupe du monde ski alpinisme","Ski alpinisme","Xavier Gachet"],"articleSection":["Ski alpinisme"],"inLanguage":"fr-FR","potentialAction":[{"@type":"CommentAction","name":"Comment","target":["https:\/\/dicodusport.fr\/blog\/coupe-du-monde-ski-alpinisme-axelle-gachet-mollaret-et-xavier-gachet-sur-le-podium-du-relais-mixte\/#respond"]}],"copyrightYear":"2024","copyrightHolder":{"@id":"https:\/\/dicodusport.fr\/blog\/#organization"}},{"@type":"WebPage","@id":"https:\/\/dicodusport.fr\/blog\/coupe-du-monde-ski-alpinisme-axelle-gachet-mollaret-et-xavier-gachet-sur-le-podium-du-relais-mixte\/","url":"https:\/\/dicodusport.fr\/blog\/coupe-du-monde-ski-alpinisme-axelle-gachet-mollaret-et-xavier-gachet-sur-le-podium-du-relais-mixte\/","name":"Coupe du monde Ski alpinisme : Axelle Gachet-Mollaret et Xavier Gachet sur le podium du relais mixte","isPartOf":{"@id":"https:\/\/dicodusport.fr\/blog\/#website"},"primaryImageOfPage":{"@id":"https:\/\/dicodusport.fr\/blog\/coupe-du-monde-ski-alpinisme-axelle-gachet-mollaret-et-xavier-gachet-sur-le-podium-du-relais-mixte\/#primaryimage"},"image":{"@id":"https:\/\/dicodusport.fr\/blog\/coupe-du-monde-ski-alpinisme-axelle-gachet-mollaret-et-xavier-gachet-sur-le-podium-du-relais-mixte\/#primaryimage"},"thumbnailUrl":"https:\/\/dicodusport.fr\/blog\/wp-content\/uploads\/2024\/02\/Coupe-du-monde-Ski-alpinisme.png","datePublished":"2024-02-24T16:51:37+00:00","dateModified":"2025-04-03T12:25:32+00:00","description":"COUPE DU MONDE SKI ALPINISME - Axelle Gachet-Mollaret et Xavier Gachet ont pris la 3e place du relais mixte de Val Martello.","breadcrumb":{"@id":"https:\/\/dicodusport.fr\/blog\/coupe-du-monde-ski-alpinisme-axelle-gachet-mollaret-et-xavier-gachet-sur-le-podium-du-relais-mixte\/#breadcrumb"},"inLanguage":"fr-FR","potentialAction":[{"@type":"ReadAction","target":["https:\/\/dicodusport.fr\/blog\/coupe-du-monde-ski-alpinisme-axelle-gachet-mollaret-et-xavier-gachet-sur-le-podium-du-relais-mixte\/"]}]},{"@type":"ImageObject","inLanguage":"fr-FR","@id":"https:\/\/dicodusport.fr\/blog\/coupe-du-monde-ski-alpinisme-axelle-gachet-mollaret-et-xavier-gachet-sur-le-podium-du-relais-mixte\/#primaryimage","url":"https:\/\/dicodusport.fr\/blog\/wp-content\/uploads\/2024\/02\/Coupe-du-monde-Ski-alpinisme.png","contentUrl":"https:\/\/dicodusport.fr\/blog\/wp-content\/uploads\/2024\/02\/Coupe-du-monde-Ski-alpinisme.png","width":1200,"height":674,"caption":"Coupe du monde Ski alpinisme : Axelle Gachet-Mollaret et Xavier Gachet sur le podium du relais mixte"},{"@type":"BreadcrumbList","@id":"https:\/\/dicodusport.fr\/blog\/coupe-du-monde-ski-alpinisme-axelle-gachet-mollaret-et-xavier-gachet-sur-le-podium-du-relais-mixte\/#breadcrumb","itemListElement":[{"@type":"ListItem","position":1,"name":"Accueil","item":"https:\/\/dicodusport.fr\/blog\/"},{"@type":"ListItem","position":2,"name":"Coupe du monde Ski alpinisme : Axelle Gachet-Mollaret et Xavier Gachet sur le podium du relais mixte"}]},{"@type":"WebSite","@id":"https:\/\/dicodusport.fr\/blog\/#website","url":"https:\/\/dicodusport.fr\/blog\/","name":"Dicodusport","description":"L&#039;encyclop\u00e9die de l&#039;actualit\u00e9 sportive","publisher":{"@id":"https:\/\/dicodusport.fr\/blog\/#organization"},"potentialAction":[{"@type":"SearchAction","target":{"@type":"EntryPoint","urlTemplate":"https:\/\/dicodusport.fr\/blog\/?s={search_term_string}"},"query-input":{"@type":"PropertyValueSpecification","valueRequired":true,"valueName":"search_term_string"}}],"inLanguage":"fr-FR"},{"@type":"NewsMediaOrganization","@id":"https:\/\/dicodusport.fr\/blog\/#organization","name":"Dicodusport","url":"https:\/\/dicodusport.fr\/blog\/","logo":{"@type":"ImageObject","inLanguage":"fr-FR","@id":"https:\/\/dicodusport.fr\/blog\/#\/schema\/logo\/image\/","url":"https:\/\/dicodusport.fr\/blog\/wp-content\/uploads\/2020\/06\/cropped-LOGO-DICODUSPORT-2020-SANS-FOND-SANS-TEXTE.png","contentUrl":"https:\/\/dicodusport.fr\/blog\/wp-content\/uploads\/2020\/06\/cropped-LOGO-DICODUSPORT-2020-SANS-FOND-SANS-TEXTE.png","width":512,"height":512,"caption":"Dicodusport"},"image":{"@id":"https:\/\/dicodusport.fr\/blog\/#\/schema\/logo\/image\/"},"sameAs":["https:\/\/www.facebook.com\/dicodusport","https:\/\/x.com\/dicodusport","https:\/\/www.instagram.com\/dicodusport\/","https:\/\/www.youtube.com\/channel\/UC7V2KZ5sd3htJivAbA4ZG3w"],"description":"Dicodusport est l'encyclop\u00e9die de l'actualit\u00e9 sportive.","email":"bonjour@dicodusport.fr","legalName":"DICODUSPORT","foundingDate":"2018-01-14","vatID":"FR71834470973","taxID":"83447097300043","numberOfEmployees":{"@type":"QuantitativeValue","minValue":"1","maxValue":"10"}},{"@type":"Person","@id":"https:\/\/dicodusport.fr\/blog\/#\/schema\/person\/37def232098a7a5cbab3974a3690abb0","name":"Maxime Cazenave","image":{"@type":"ImageObject","inLanguage":"fr-FR","@id":"https:\/\/dicodusport.fr\/blog\/#\/schema\/person\/image\/","url":"https:\/\/dicodusport.fr\/blog\/wp-content\/uploads\/2021\/05\/Maxime-Cazenave-150x150.jpg","contentUrl":"https:\/\/dicodusport.fr\/blog\/wp-content\/uploads\/2021\/05\/Maxime-Cazenave-150x150.jpg","caption":"Maxime Cazenave"},"description":"Journaliste\/R\u00e9dacteur depuis 2012 - Berc\u00e9 par l\u2019amour des Girondins de Bordeaux, les \u00e9checs de Christophe Moreau sur le Tour de France sous l'\u00e8re Lance Armstrong et le fade-away l\u00e9tal de Dirk Nowitzki, ma passion d\u00e9vorante pour le sport a toujours \u00e9t\u00e9 un pan incontournable de ma vie. Transmettre ma passion \u00e0 l\u2019\u00e9crit a \u00e9t\u00e9 une transition naturelle. Suiveur assidu de basket et de hockey sur glace, je garde toujours un peu de place pour suivre le cyclisme, le football et le maximum de performances fran\u00e7aises.","sameAs":["https:\/\/x.com\/https:\/\/twitter.com\/Maxime_Caze"],"url":"https:\/\/dicodusport.fr\/blog\/author\/maximec\/"}]}},"_links":{"self":[{"href":"https:\/\/dicodusport.fr\/blog\/wp-json\/wp\/v2\/posts\/466404","targetHints":{"allow":["GET"]}}],"collection":[{"href":"https:\/\/dicodusport.fr\/blog\/wp-json\/wp\/v2\/posts"}],"about":[{"href":"https:\/\/dicodusport.fr\/blog\/wp-json\/wp\/v2\/types\/post"}],"author":[{"embeddable":true,"href":"https:\/\/dicodusport.fr\/blog\/wp-json\/wp\/v2\/users\/55"}],"replies":[{"embeddable":true,"href":"https:\/\/dicodusport.fr\/blog\/wp-json\/wp\/v2\/comments?post=466404"}],"version-history":[{"count":4,"href":"https:\/\/dicodusport.fr\/blog\/wp-json\/wp\/v2\/posts\/466404\/revisions"}],"predecessor-version":[{"id":466464,"href":"https:\/\/dicodusport.fr\/blog\/wp-json\/wp\/v2\/posts\/466404\/revisions\/466464"}],"wp:featuredmedia":[{"embeddable":true,"href":"https:\/\/dicodusport.fr\/blog\/wp-json\/wp\/v2\/media\/466416"}],"wp:attachment":[{"href":"https:\/\/dicodusport.fr\/blog\/wp-json\/wp\/v2\/media?parent=466404"}],"wp:term":[{"taxonomy":"category","embeddable":true,"href":"https:\/\/dicodusport.fr\/blog\/wp-json\/wp\/v2\/categories?post=466404"},{"taxonomy":"post_tag","embeddable":true,"href":"https:\/\/dicodusport.fr\/blog\/wp-json\/wp\/v2\/tags?post=466404"}],"curies":[{"name":"wp","href":"https:\/\/api.w.org\/{rel}","templated":true}]}}