{"id":466491,"date":"2024-02-24T23:14:41","date_gmt":"2024-02-24T22:14:41","guid":{"rendered":"https:\/\/dicodusport.fr\/blog\/?p=466491&#038;preview=true&#038;preview_id=466491"},"modified":"2024-02-24T23:21:08","modified_gmt":"2024-02-24T22:21:08","slug":"perche-elite-rouen-2024-sam-kendricks-et-molly-caudery-victorieux","status":"publish","type":"post","link":"https:\/\/dicodusport.fr\/blog\/perche-elite-rouen-2024-sam-kendricks-et-molly-caudery-victorieux\/","title":{"rendered":"Perche \u00c9lite Rouen 2024 : Sam Kendricks et Molly Caudery victorieux"},"content":{"rendered":"<p style=\"text-align: justify;\"><b><i>ATHL\u00c9TISME &#8211; Sam Kendricks et Molly Caudery ont remport\u00e9 le Perche \u00c9lite de Rouen 2024, dans une ambiance de folie \u00e0 la Kindarena. La Britannique a am\u00e9lior\u00e9 le record du meeting et sa meilleure performance mondiale de l&rsquo;hiver, avec 4.86 m, tandis que l&rsquo;Am\u00e9ricain s&rsquo;est envol\u00e9 \u00e0 5.93 m.<\/i><\/b><\/p>\n<ul>\n<li style=\"text-align: justify;\"><strong>\u00c0 ce sujet &#8211; <a href=\"https:\/\/dicodusport.fr\/blog\/actualites\/athletisme\/\">Toute l&rsquo;actualit\u00e9 de l&rsquo;athl\u00e9tisme<\/a><\/strong><\/li>\n<\/ul>\n<h2 style=\"text-align: justify;\">Sam Kendricks dompte Chris Nilsen au Perche Elite de Rouen 2024<\/h2>\n<p style=\"text-align: justify;\">Le duel entre Am\u00e9ricains a tourn\u00e9 en faveur de <strong>Sam Kendricks<\/strong>. Qui a bondi \u00e0 5.93 m pour rejoindre son compatriote en tant que co-recordman de victoires dans le Perche \u00c9lite de Rouen. Apr\u00e8s un d\u00e9but d&rsquo;hiver un poil poussif, le double champion du monde ext\u00e9rieur remet les pendules \u00e0 l&rsquo;heure ces derniers jours. Avec un 3e concours de suite \u00e0 plus de 5.90 m. De quoi faire vaciller le vainqueur 2023, <strong>Chris Nilsen.<\/strong> Qui a franchi une barre \u00e0 5.83 m.<\/p>\n<p style=\"text-align: justify;\">Pas de six m\u00e8tres, mais un concours avec des rebondissements. O\u00f9 les perchistes ont parfois \u00e9t\u00e9 en difficult\u00e9, mais ont fait parler leur immense exp\u00e9rience. La troisi\u00e8me place revient \u00e0 un autre Am\u00e9ricain. Le fantasque perchiste <strong>Austin Miller<\/strong> a sans doute remport\u00e9 l&rsquo;applaudim\u00e8tre ce soir, dans la Kindarena de Rouen qui affichait comble et dans une ambiance absolument monumentale et salu\u00e9e par tous les athl\u00e8tes qui ont concouru ce samedi soir.<\/p>\n<blockquote class=\"twitter-tweet\">\n<p dir=\"ltr\" lang=\"fr\">Un saut qui fait lever tout le Kindarena \ud83d\ude4c !<\/p>\n<p>\ud83c\uddfa\ud83c\uddf8 Sam Kendricks dompte une barre \u00e0 5,93 m \ud83e\udd29<\/p>\n<p>Troisi\u00e8me victoire au Perche Elite Tour de Rouen apr\u00e8s celles obtenues en 2020 et en 2023 \ud83c\udfc6<\/p>\n<p>\ud83d\udcbb Suivez le <a href=\"https:\/\/twitter.com\/hashtag\/Cr%C3%A9ditMutuelAthl%C3%A9Tour?src=hash&amp;ref_src=twsrc%5Etfw\">#Cr\u00e9ditMutuelAthl\u00e9Tour<\/a> en \ud835\uddd7\ud835\udddc\ud835\udde5\ud835\uddd8\ud835\uddd6\ud835\udde7 sur <a href=\"https:\/\/t.co\/xgXE6U6Tof\">https:\/\/t.co\/xgXE6U6Tof<\/a> <a href=\"https:\/\/t.co\/KSY30h2bcI\">pic.twitter.com\/KSY30h2bcI<\/a><\/p>\n<p>\u2014 FFAthl\u00e9tisme (@FFAthletisme) <a href=\"https:\/\/twitter.com\/FFAthletisme\/status\/1761506565893341585?ref_src=twsrc%5Etfw\">February 24, 2024<\/a><\/p><\/blockquote>\n<p><script async src=\"https:\/\/platform.twitter.com\/widgets.js\" charset=\"utf-8\"><\/script><\/p>\n<h3>Thibaut Collet 5e du concours<\/h3>\n<p style=\"text-align: justify;\">En revanche, <strong>Thibaut Collet,<\/strong> contrairement \u00e0 Clermont, n&rsquo;a pas pu jouer les trouble-f\u00eates ce samedi soir. La fra\u00eecheur n&rsquo;\u00e9tait pas au rendez-vous, ni la r\u00e9ussite. \u00c0 l&rsquo;image de son 2e essai \u00e0 5.83 m, qui \u00e9choue d&rsquo;un rien, avec une barre qui retombe au dernier moment. Il doit se contenter de 5.73 m et de la 5e place. <em>\u00ab Je savais que cela ne serait pas facile. J&rsquo;ai encha\u00een\u00e9 deux petites nuits. Je suis frustr\u00e9 de ne pas sauter plus haut, mais j&rsquo;ai donn\u00e9 tout ce que j&rsquo;avais. On va remettre de la fraicheur l\u00e0-dedans. Je n&rsquo;avais pas d&rsquo;objectifs pr\u00e9cis en venant \u00e0 Rouen. J&rsquo;ai encha\u00een\u00e9 dimanche et jeudi, deux comp\u00e9titions \u00e0 fond et je savais que ce soir, ce serait un peu al\u00e9atoire. Cela reste de bonnes barres et je ne vais pas cracher sur cette comp\u00e9tition \u00bb<\/em>.<\/p>\n<p style=\"text-align: justify;\"><strong>Mathieu Collet<\/strong> s&rsquo;est arr\u00eat\u00e9 \u00e0 5.53 m et rate de tr\u00e8s peu 5.63 m. Le Grenoblois a laiss\u00e9 parler sa frustration : <em>\u00ab J&rsquo;avais cette barre, je suis partout au-dessus et je viens toucher avec les pectoraux. C&rsquo;est frustrant, car j&rsquo;ai l&rsquo;habitude de faire de gros Season Best ici. J&rsquo;avais envie de bien faire. Je commence \u00e0 retrouver des grosses perches \u00bb<\/em>. Apr\u00e8s un hiver tr\u00e8s compliqu\u00e9, il revient petit \u00e0 petit en forme. <strong>Alioune S\u00e8ne<\/strong> a termin\u00e9 son concours avec la m\u00eame barre.<\/p>\n<h2>Record du meeting pour Molly Caudery<\/h2>\n<p style=\"text-align: justify;\"><strong>Molly Caudery<\/strong> \u00e9tait bien la reine de Rouen ! La Britannique est en forme olympique en cet hiver. Dans la capitale de Normandie, la Britannique a une nouvelle fois battu son record personnel, pour le porter \u00e0 4.86 m. Record du meeting pris \u00e0 sa compatriote <strong>Holly Bradshaw.<\/strong> Et ses tentatives \u00e0 4.91 m sont tr\u00e8s prometteuses. Elle confirme qu&rsquo;elle a franchi plus qu&rsquo;un cap cet hiver. Et pourtant, cela a bien failli s&rsquo;arr\u00eater \u00e0 4.63 m, barre effac\u00e9e \u00e0 son troisi\u00e8me essai. \u00c0 quoi tient une grande performance ?<\/p>\n<p style=\"text-align: justify;\">Mais c&rsquo;\u00e9tait bien elle la plus forte, dans un concours de tr\u00e8s haut niveau, marqu\u00e9 par trois performances \u00e0 4.80 m ou plus. <strong>Wilma Murto<\/strong>, la championne d&rsquo;Europe 2022, prend la 2e place, avec 4.80 m. Elle devance l&rsquo;Am\u00e9ricaine <strong>Bridget Williams<\/strong>, qui a \u00e9galement bondi \u00e0 cette barre. Les deux femmes sont s\u00e9par\u00e9es aux essais. Cela promet \u00e0 une semaine de Glasgow. Un concours d&rsquo;une immense qualit\u00e9, deux jours apr\u00e8s Clermont. La France \u00e9tait le pays de la perche en cette fin de semaine.<\/p>\n<blockquote class=\"twitter-tweet\">\n<p dir=\"ltr\" lang=\"fr\">\u2705\ufe0f Meilleure performance mondiale et record du Meeting ! \ud83e\udd29<\/p>\n<p>\ud83c\uddec\ud83c\udde7 Molly Caudery efface 4,86 m d\u00e8s sa premi\u00e8re tentative et remporte le concours du Perche Elite Tour de Rouen !<\/p>\n<p>\ud83d\udcbb Suivez le <a href=\"https:\/\/twitter.com\/hashtag\/Cr%C3%A9ditMutuelAthl%C3%A9Tour?src=hash&amp;ref_src=twsrc%5Etfw\">#Cr\u00e9ditMutuelAthl\u00e9Tour<\/a> en \ud835\uddd7\ud835\udddc\ud835\udde5\ud835\uddd8\ud835\uddd6\ud835\udde7 sur <a href=\"https:\/\/t.co\/xgXE6U6Tof\">https:\/\/t.co\/xgXE6U6Tof<\/a> et l&rsquo;appli Athl\u00e9 TV <a href=\"https:\/\/t.co\/z0A76SVoWW\">pic.twitter.com\/z0A76SVoWW<\/a><\/p>\n<p>\u2014 FFAthl\u00e9tisme (@FFAthletisme) <a href=\"https:\/\/twitter.com\/FFAthletisme\/status\/1761501308937253207?ref_src=twsrc%5Etfw\">February 24, 2024<\/a><\/p><\/blockquote>\n<p><script async src=\"https:\/\/platform.twitter.com\/widgets.js\" charset=\"utf-8\"><\/script><\/p>\n<h3 style=\"text-align: justify;\">Margot Chevrier et Ninon Chapelle r\u00e9guli\u00e8res<\/h3>\n<p style=\"text-align: justify;\"><strong>Margot Chevrier<\/strong> bute une nouvelle fois sur les minima et termine, comme \u00e0 Clermont, \u00e0 une 4e place malgr\u00e9 tout solide, avec un bond \u00e0 4.63 m, l\u00e0 aussi comme \u00e0 Clermont. La Fran\u00e7aise a manqu\u00e9 de jambes deux jours apr\u00e8s le rendez-vous clermontois. <em>\u00ab Je ne vais pas dire que j&rsquo;ai de la d\u00e9ception, car je suis 48 heures apr\u00e8s Clermont. Je n&rsquo;avais pas mon coach. Mais je suis un poil frustr\u00e9e. M\u00eame si j&rsquo;ai de la r\u00e9gularit\u00e9, avec cinq concours \u00e0 plus de 4.60 m. La derni\u00e8re fois que Thibaut Collet a fait cinq fois 5.80 m, il a fini par faire 5.90 m \u00e0 Budapest, alors je me dis pourquoi pas moi du c\u00f4t\u00e9 de Glasgow \u00bb<\/em>, confie la Ni\u00e7oise.<\/p>\n<p style=\"text-align: justify;\"><strong>Ninon Chapelle<\/strong> a encore fait parler sa r\u00e9gularit\u00e9, avec un bond \u00e0 4.53 m. Son 7e de l&rsquo;hiver \u00e0 4.50 m ou plus. Malheureusement, les 4.63 m se refusent \u00e0 elle. Il ne manque pas grand-chose \u00e0 la recordwoman de France : <em>\u00ab J&rsquo;ai une vraie belle r\u00e9gularit\u00e9 \u00e0 4.50 m. C&rsquo;est un bon niveau international. Qui peut assurer une qualification lors des championnats d&rsquo;Europe. Il faut plus de prise de risque, que je me l\u00e2che davantage. On a tendance \u00e0 en mettre plus quand la barre monte. Il faut g\u00e9rer ce param\u00e8tre. J&rsquo;arrive tr\u00e8s vite sur la barre. Beaucoup de positif, mais il y a de la frustration sur cette saison hivernale. Quand on fait sept fois 4.50 m ou plus, c&rsquo;est hyper bien, mais frustrant. Cependant, cela fait longtemps que je n&rsquo;avais pas fait cela. Il faut que je me mette dans la t\u00eate que je suis plus forte \u00bb<\/em>. Elle termine 5e.<\/p>\n<p style=\"text-align: justify;\"><strong>Marie-Julie Bonnin<\/strong> termine 9e du concours, avec un bond \u00e0 4.43 m. Car, en pr\u00e9ambule, dans le concours B, <strong>Alix Dehaynain<\/strong> a r\u00e9alis\u00e9 la 3e meilleure performance fran\u00e7aise en 2024 (\u00e0 \u00e9galit\u00e9 avec <strong>Marie-Julie Bonnin<\/strong>), en s&rsquo;offrant son record personnel, avec un bond \u00e0 4.53 m. Son deuxi\u00e8me concours \u00e0 4.50 m. La Lilloise a affich\u00e9 sa satisfaction apr\u00e8s cette belle performance, apr\u00e8s une petite p\u00e9riode de doute :<\/p>\n<blockquote>\n<p style=\"text-align: justify;\">On s&rsquo;est demand\u00e9 si on avait fait les bons choix, notamment en changeant de perche. Finalement je suis revenue avec ma perche de d\u00e9but de saison. On verra si je reste comme \u00e7a par la suite, mais cela me rassure de faire mon record. J&rsquo;\u00e9tais venue pour prendre du plaisir, c&rsquo;\u00e9tait ma derni\u00e8re comp\u00e9tition de l&rsquo;hiver. Quand on est dans cette optique-l\u00e0, cela se passe mieux.<\/p>\n<\/blockquote>\n<p>&nbsp;<\/p>\n","protected":false},"excerpt":{"rendered":"<p>ATHL\u00c9TISME &#8211; Sam Kendricks et Molly Caudery ont remport\u00e9 le Perche \u00c9lite de Rouen 2024, dans une ambiance de folie \u00e0 la Kindarena.<\/p>\n","protected":false},"author":83,"featured_media":466556,"comment_status":"open","ping_status":"closed","sticky":false,"template":"","format":"standard","meta":{"_acf_changed":false,"_daextam_enable_autolinks":"1","footnotes":""},"categories":[2308],"tags":[143,16878,29554,3054],"class_list":["post-466491","post","type-post","status-publish","format-standard","has-post-thumbnail","hentry","category-athletisme","tag-athletisme","tag-breve","tag-chris-nilsen","tag-sam-kendricks"],"acf":[],"yoast_head":"<!-- This site is optimized with the Yoast SEO Premium plugin v26.7 (Yoast SEO v26.7) - https:\/\/yoast.com\/wordpress\/plugins\/seo\/ -->\n<title>Athl\u00e9tisme - Perche \u00c9lite Rouen 2024 : Sam Kendricks et Molly Caudery victorieux - Dicodusport<\/title>\n<meta name=\"description\" content=\"ATHL\u00c9TISME - Sam Kendricks et Molly Caudery ont remport\u00e9 le Perche \u00c9lite de Rouen 2024, dans une ambiance de folie \u00e0 la Kindarena.\" \/>\n<meta name=\"robots\" content=\"index, follow, max-snippet:-1, max-image-preview:large, max-video-preview:-1\" \/>\n<link rel=\"canonical\" href=\"https:\/\/dicodusport.fr\/blog\/perche-elite-rouen-2024-sam-kendricks-et-molly-caudery-victorieux\/\" \/>\n<meta property=\"og:locale\" content=\"fr_FR\" \/>\n<meta property=\"og:type\" content=\"article\" \/>\n<meta property=\"og:title\" content=\"Perche \u00c9lite Rouen 2024 : Sam Kendricks et Molly Caudery victorieux\" \/>\n<meta property=\"og:description\" content=\"ATHL\u00c9TISME - Sam Kendricks et Molly Caudery ont remport\u00e9 le Perche \u00c9lite de Rouen 2024, dans une ambiance de folie \u00e0 la Kindarena.\" \/>\n<meta property=\"og:url\" content=\"https:\/\/dicodusport.fr\/blog\/perche-elite-rouen-2024-sam-kendricks-et-molly-caudery-victorieux\/\" \/>\n<meta property=\"og:site_name\" content=\"Dicodusport\" \/>\n<meta property=\"article:publisher\" content=\"https:\/\/www.facebook.com\/dicodusport\" \/>\n<meta property=\"article:published_time\" content=\"2024-02-24T22:14:41+00:00\" \/>\n<meta property=\"article:modified_time\" content=\"2024-02-24T22:21:08+00:00\" \/>\n<meta property=\"og:image\" content=\"https:\/\/dicodusport.fr\/blog\/wp-content\/uploads\/2024\/02\/Perche-Elite-Rouen-2024-Kendricks-et-Caudery-en-grands-ducs-a-Rouen.png\" \/>\n\t<meta property=\"og:image:width\" content=\"1200\" \/>\n\t<meta property=\"og:image:height\" content=\"674\" \/>\n\t<meta property=\"og:image:type\" content=\"image\/png\" \/>\n<meta name=\"author\" content=\"Etienne Goursaud\" \/>\n<meta name=\"twitter:card\" content=\"summary_large_image\" \/>\n<meta name=\"twitter:title\" content=\"Perche \u00c9lite Rouen 2024 : Sam Kendricks et Molly Caudery victorieux\" \/>\n<meta name=\"twitter:creator\" content=\"@dicodusport\" \/>\n<meta name=\"twitter:site\" content=\"@dicodusport\" \/>\n<script type=\"application\/ld+json\" class=\"yoast-schema-graph\">{\"@context\":\"https:\/\/schema.org\",\"@graph\":[{\"@type\":\"NewsArticle\",\"@id\":\"https:\/\/dicodusport.fr\/blog\/perche-elite-rouen-2024-sam-kendricks-et-molly-caudery-victorieux\/#article\",\"isPartOf\":{\"@id\":\"https:\/\/dicodusport.fr\/blog\/perche-elite-rouen-2024-sam-kendricks-et-molly-caudery-victorieux\/\"},\"author\":{\"name\":\"Etienne Goursaud\",\"@id\":\"https:\/\/dicodusport.fr\/blog\/#\/schema\/person\/d603dd7da31fb2b46c82b9835a77ec13\"},\"headline\":\"Perche \u00c9lite Rouen 2024 : Sam Kendricks et Molly Caudery victorieux\",\"datePublished\":\"2024-02-24T22:14:41+00:00\",\"dateModified\":\"2024-02-24T22:21:08+00:00\",\"mainEntityOfPage\":{\"@id\":\"https:\/\/dicodusport.fr\/blog\/perche-elite-rouen-2024-sam-kendricks-et-molly-caudery-victorieux\/\"},\"wordCount\":1195,\"commentCount\":0,\"publisher\":{\"@id\":\"https:\/\/dicodusport.fr\/blog\/#organization\"},\"image\":{\"@id\":\"https:\/\/dicodusport.fr\/blog\/perche-elite-rouen-2024-sam-kendricks-et-molly-caudery-victorieux\/#primaryimage\"},\"thumbnailUrl\":\"https:\/\/dicodusport.fr\/blog\/wp-content\/uploads\/2024\/02\/Perche-Elite-Rouen-2024-Kendricks-et-Caudery-en-grands-ducs-a-Rouen.png\",\"keywords\":[\"Athl\u00e9tisme\",\"br\u00e8ve\",\"Chris Nilsen\",\"Sam Kendricks\"],\"articleSection\":[\"Athl\u00e9tisme\"],\"inLanguage\":\"fr-FR\",\"potentialAction\":[{\"@type\":\"CommentAction\",\"name\":\"Comment\",\"target\":[\"https:\/\/dicodusport.fr\/blog\/perche-elite-rouen-2024-sam-kendricks-et-molly-caudery-victorieux\/#respond\"]}],\"copyrightYear\":\"2024\",\"copyrightHolder\":{\"@id\":\"https:\/\/dicodusport.fr\/blog\/#organization\"}},{\"@type\":\"WebPage\",\"@id\":\"https:\/\/dicodusport.fr\/blog\/perche-elite-rouen-2024-sam-kendricks-et-molly-caudery-victorieux\/\",\"url\":\"https:\/\/dicodusport.fr\/blog\/perche-elite-rouen-2024-sam-kendricks-et-molly-caudery-victorieux\/\",\"name\":\"Athl\u00e9tisme - Perche \u00c9lite Rouen 2024 : Sam Kendricks et Molly Caudery victorieux - Dicodusport\",\"isPartOf\":{\"@id\":\"https:\/\/dicodusport.fr\/blog\/#website\"},\"primaryImageOfPage\":{\"@id\":\"https:\/\/dicodusport.fr\/blog\/perche-elite-rouen-2024-sam-kendricks-et-molly-caudery-victorieux\/#primaryimage\"},\"image\":{\"@id\":\"https:\/\/dicodusport.fr\/blog\/perche-elite-rouen-2024-sam-kendricks-et-molly-caudery-victorieux\/#primaryimage\"},\"thumbnailUrl\":\"https:\/\/dicodusport.fr\/blog\/wp-content\/uploads\/2024\/02\/Perche-Elite-Rouen-2024-Kendricks-et-Caudery-en-grands-ducs-a-Rouen.png\",\"datePublished\":\"2024-02-24T22:14:41+00:00\",\"dateModified\":\"2024-02-24T22:21:08+00:00\",\"description\":\"ATHL\u00c9TISME - Sam Kendricks et Molly Caudery ont remport\u00e9 le Perche \u00c9lite de Rouen 2024, dans une ambiance de folie \u00e0 la Kindarena.\",\"breadcrumb\":{\"@id\":\"https:\/\/dicodusport.fr\/blog\/perche-elite-rouen-2024-sam-kendricks-et-molly-caudery-victorieux\/#breadcrumb\"},\"inLanguage\":\"fr-FR\",\"potentialAction\":[{\"@type\":\"ReadAction\",\"target\":[\"https:\/\/dicodusport.fr\/blog\/perche-elite-rouen-2024-sam-kendricks-et-molly-caudery-victorieux\/\"]}]},{\"@type\":\"ImageObject\",\"inLanguage\":\"fr-FR\",\"@id\":\"https:\/\/dicodusport.fr\/blog\/perche-elite-rouen-2024-sam-kendricks-et-molly-caudery-victorieux\/#primaryimage\",\"url\":\"https:\/\/dicodusport.fr\/blog\/wp-content\/uploads\/2024\/02\/Perche-Elite-Rouen-2024-Kendricks-et-Caudery-en-grands-ducs-a-Rouen.png\",\"contentUrl\":\"https:\/\/dicodusport.fr\/blog\/wp-content\/uploads\/2024\/02\/Perche-Elite-Rouen-2024-Kendricks-et-Caudery-en-grands-ducs-a-Rouen.png\",\"width\":1200,\"height\":674,\"caption\":\"Perche \u00c9lite Rouen 2024 : Kendricks et Caudery en grands ducs \u00e0 Rouen\"},{\"@type\":\"BreadcrumbList\",\"@id\":\"https:\/\/dicodusport.fr\/blog\/perche-elite-rouen-2024-sam-kendricks-et-molly-caudery-victorieux\/#breadcrumb\",\"itemListElement\":[{\"@type\":\"ListItem\",\"position\":1,\"name\":\"Accueil\",\"item\":\"https:\/\/dicodusport.fr\/blog\/\"},{\"@type\":\"ListItem\",\"position\":2,\"name\":\"Perche \u00c9lite Rouen 2024 : Sam Kendricks et Molly Caudery victorieux\"}]},{\"@type\":\"WebSite\",\"@id\":\"https:\/\/dicodusport.fr\/blog\/#website\",\"url\":\"https:\/\/dicodusport.fr\/blog\/\",\"name\":\"Dicodusport\",\"description\":\"L&#039;encyclop\u00e9die de l&#039;actualit\u00e9 sportive\",\"publisher\":{\"@id\":\"https:\/\/dicodusport.fr\/blog\/#organization\"},\"potentialAction\":[{\"@type\":\"SearchAction\",\"target\":{\"@type\":\"EntryPoint\",\"urlTemplate\":\"https:\/\/dicodusport.fr\/blog\/?s={search_term_string}\"},\"query-input\":{\"@type\":\"PropertyValueSpecification\",\"valueRequired\":true,\"valueName\":\"search_term_string\"}}],\"inLanguage\":\"fr-FR\"},{\"@type\":\"NewsMediaOrganization\",\"@id\":\"https:\/\/dicodusport.fr\/blog\/#organization\",\"name\":\"Dicodusport\",\"url\":\"https:\/\/dicodusport.fr\/blog\/\",\"logo\":{\"@type\":\"ImageObject\",\"inLanguage\":\"fr-FR\",\"@id\":\"https:\/\/dicodusport.fr\/blog\/#\/schema\/logo\/image\/\",\"url\":\"https:\/\/dicodusport.fr\/blog\/wp-content\/uploads\/2020\/06\/cropped-LOGO-DICODUSPORT-2020-SANS-FOND-SANS-TEXTE.png\",\"contentUrl\":\"https:\/\/dicodusport.fr\/blog\/wp-content\/uploads\/2020\/06\/cropped-LOGO-DICODUSPORT-2020-SANS-FOND-SANS-TEXTE.png\",\"width\":512,\"height\":512,\"caption\":\"Dicodusport\"},\"image\":{\"@id\":\"https:\/\/dicodusport.fr\/blog\/#\/schema\/logo\/image\/\"},\"sameAs\":[\"https:\/\/www.facebook.com\/dicodusport\",\"https:\/\/x.com\/dicodusport\",\"https:\/\/www.instagram.com\/dicodusport\/\",\"https:\/\/www.youtube.com\/channel\/UC7V2KZ5sd3htJivAbA4ZG3w\"],\"description\":\"Dicodusport est l'encyclop\u00e9die de l'actualit\u00e9 sportive.\",\"email\":\"bonjour@dicodusport.fr\",\"legalName\":\"DICODUSPORT\",\"foundingDate\":\"2018-01-14\",\"vatID\":\"FR71834470973\",\"taxID\":\"83447097300043\",\"numberOfEmployees\":{\"@type\":\"QuantitativeValue\",\"minValue\":\"1\",\"maxValue\":\"10\"}},{\"@type\":\"Person\",\"@id\":\"https:\/\/dicodusport.fr\/blog\/#\/schema\/person\/d603dd7da31fb2b46c82b9835a77ec13\",\"name\":\"Etienne Goursaud\",\"image\":{\"@type\":\"ImageObject\",\"inLanguage\":\"fr-FR\",\"@id\":\"https:\/\/dicodusport.fr\/blog\/#\/schema\/person\/image\/\",\"url\":\"https:\/\/dicodusport.fr\/blog\/wp-content\/uploads\/2023\/12\/410122264_10231602061736049_5565839791558026645_n-150x150.jpg\",\"contentUrl\":\"https:\/\/dicodusport.fr\/blog\/wp-content\/uploads\/2023\/12\/410122264_10231602061736049_5565839791558026645_n-150x150.jpg\",\"caption\":\"Etienne Goursaud\"},\"description\":\"Journaliste et amoureux de sport. Ancien footballeur reconverti athl\u00e8te quand ses muscles le laissent tranquille. \u00c9lev\u00e9 \u00e0 la sauce des exploits de Thomas Voeckler en 2004, du dernier essai de l\u00e9gende de Eunice Barber \u00e0 la longueur lors des championnats du monde d'athl\u00e9tisme de 2003 mais aussi Zidane, Omeyer et Titou Lamaison.\",\"url\":\"https:\/\/dicodusport.fr\/blog\/author\/etienne-goursaud\/\"}]}<\/script>\n<!-- \/ Yoast SEO Premium plugin. -->","yoast_head_json":{"title":"Athl\u00e9tisme - Perche \u00c9lite Rouen 2024 : Sam Kendricks et Molly Caudery victorieux - Dicodusport","description":"ATHL\u00c9TISME - Sam Kendricks et Molly Caudery ont remport\u00e9 le Perche \u00c9lite de Rouen 2024, dans une ambiance de folie \u00e0 la Kindarena.","robots":{"index":"index","follow":"follow","max-snippet":"max-snippet:-1","max-image-preview":"max-image-preview:large","max-video-preview":"max-video-preview:-1"},"canonical":"https:\/\/dicodusport.fr\/blog\/perche-elite-rouen-2024-sam-kendricks-et-molly-caudery-victorieux\/","og_locale":"fr_FR","og_type":"article","og_title":"Perche \u00c9lite Rouen 2024 : Sam Kendricks et Molly Caudery victorieux","og_description":"ATHL\u00c9TISME - Sam Kendricks et Molly Caudery ont remport\u00e9 le Perche \u00c9lite de Rouen 2024, dans une ambiance de folie \u00e0 la Kindarena.","og_url":"https:\/\/dicodusport.fr\/blog\/perche-elite-rouen-2024-sam-kendricks-et-molly-caudery-victorieux\/","og_site_name":"Dicodusport","article_publisher":"https:\/\/www.facebook.com\/dicodusport","article_published_time":"2024-02-24T22:14:41+00:00","article_modified_time":"2024-02-24T22:21:08+00:00","og_image":[{"width":1200,"height":674,"url":"https:\/\/dicodusport.fr\/blog\/wp-content\/uploads\/2024\/02\/Perche-Elite-Rouen-2024-Kendricks-et-Caudery-en-grands-ducs-a-Rouen.png","type":"image\/png"}],"author":"Etienne Goursaud","twitter_card":"summary_large_image","twitter_title":"Perche \u00c9lite Rouen 2024 : Sam Kendricks et Molly Caudery victorieux","twitter_creator":"@dicodusport","twitter_site":"@dicodusport","schema":{"@context":"https:\/\/schema.org","@graph":[{"@type":"NewsArticle","@id":"https:\/\/dicodusport.fr\/blog\/perche-elite-rouen-2024-sam-kendricks-et-molly-caudery-victorieux\/#article","isPartOf":{"@id":"https:\/\/dicodusport.fr\/blog\/perche-elite-rouen-2024-sam-kendricks-et-molly-caudery-victorieux\/"},"author":{"name":"Etienne Goursaud","@id":"https:\/\/dicodusport.fr\/blog\/#\/schema\/person\/d603dd7da31fb2b46c82b9835a77ec13"},"headline":"Perche \u00c9lite Rouen 2024 : Sam Kendricks et Molly Caudery victorieux","datePublished":"2024-02-24T22:14:41+00:00","dateModified":"2024-02-24T22:21:08+00:00","mainEntityOfPage":{"@id":"https:\/\/dicodusport.fr\/blog\/perche-elite-rouen-2024-sam-kendricks-et-molly-caudery-victorieux\/"},"wordCount":1195,"commentCount":0,"publisher":{"@id":"https:\/\/dicodusport.fr\/blog\/#organization"},"image":{"@id":"https:\/\/dicodusport.fr\/blog\/perche-elite-rouen-2024-sam-kendricks-et-molly-caudery-victorieux\/#primaryimage"},"thumbnailUrl":"https:\/\/dicodusport.fr\/blog\/wp-content\/uploads\/2024\/02\/Perche-Elite-Rouen-2024-Kendricks-et-Caudery-en-grands-ducs-a-Rouen.png","keywords":["Athl\u00e9tisme","br\u00e8ve","Chris Nilsen","Sam Kendricks"],"articleSection":["Athl\u00e9tisme"],"inLanguage":"fr-FR","potentialAction":[{"@type":"CommentAction","name":"Comment","target":["https:\/\/dicodusport.fr\/blog\/perche-elite-rouen-2024-sam-kendricks-et-molly-caudery-victorieux\/#respond"]}],"copyrightYear":"2024","copyrightHolder":{"@id":"https:\/\/dicodusport.fr\/blog\/#organization"}},{"@type":"WebPage","@id":"https:\/\/dicodusport.fr\/blog\/perche-elite-rouen-2024-sam-kendricks-et-molly-caudery-victorieux\/","url":"https:\/\/dicodusport.fr\/blog\/perche-elite-rouen-2024-sam-kendricks-et-molly-caudery-victorieux\/","name":"Athl\u00e9tisme - Perche \u00c9lite Rouen 2024 : Sam Kendricks et Molly Caudery victorieux - Dicodusport","isPartOf":{"@id":"https:\/\/dicodusport.fr\/blog\/#website"},"primaryImageOfPage":{"@id":"https:\/\/dicodusport.fr\/blog\/perche-elite-rouen-2024-sam-kendricks-et-molly-caudery-victorieux\/#primaryimage"},"image":{"@id":"https:\/\/dicodusport.fr\/blog\/perche-elite-rouen-2024-sam-kendricks-et-molly-caudery-victorieux\/#primaryimage"},"thumbnailUrl":"https:\/\/dicodusport.fr\/blog\/wp-content\/uploads\/2024\/02\/Perche-Elite-Rouen-2024-Kendricks-et-Caudery-en-grands-ducs-a-Rouen.png","datePublished":"2024-02-24T22:14:41+00:00","dateModified":"2024-02-24T22:21:08+00:00","description":"ATHL\u00c9TISME - Sam Kendricks et Molly Caudery ont remport\u00e9 le Perche \u00c9lite de Rouen 2024, dans une ambiance de folie \u00e0 la Kindarena.","breadcrumb":{"@id":"https:\/\/dicodusport.fr\/blog\/perche-elite-rouen-2024-sam-kendricks-et-molly-caudery-victorieux\/#breadcrumb"},"inLanguage":"fr-FR","potentialAction":[{"@type":"ReadAction","target":["https:\/\/dicodusport.fr\/blog\/perche-elite-rouen-2024-sam-kendricks-et-molly-caudery-victorieux\/"]}]},{"@type":"ImageObject","inLanguage":"fr-FR","@id":"https:\/\/dicodusport.fr\/blog\/perche-elite-rouen-2024-sam-kendricks-et-molly-caudery-victorieux\/#primaryimage","url":"https:\/\/dicodusport.fr\/blog\/wp-content\/uploads\/2024\/02\/Perche-Elite-Rouen-2024-Kendricks-et-Caudery-en-grands-ducs-a-Rouen.png","contentUrl":"https:\/\/dicodusport.fr\/blog\/wp-content\/uploads\/2024\/02\/Perche-Elite-Rouen-2024-Kendricks-et-Caudery-en-grands-ducs-a-Rouen.png","width":1200,"height":674,"caption":"Perche \u00c9lite Rouen 2024 : Kendricks et Caudery en grands ducs \u00e0 Rouen"},{"@type":"BreadcrumbList","@id":"https:\/\/dicodusport.fr\/blog\/perche-elite-rouen-2024-sam-kendricks-et-molly-caudery-victorieux\/#breadcrumb","itemListElement":[{"@type":"ListItem","position":1,"name":"Accueil","item":"https:\/\/dicodusport.fr\/blog\/"},{"@type":"ListItem","position":2,"name":"Perche \u00c9lite Rouen 2024 : Sam Kendricks et Molly Caudery victorieux"}]},{"@type":"WebSite","@id":"https:\/\/dicodusport.fr\/blog\/#website","url":"https:\/\/dicodusport.fr\/blog\/","name":"Dicodusport","description":"L&#039;encyclop\u00e9die de l&#039;actualit\u00e9 sportive","publisher":{"@id":"https:\/\/dicodusport.fr\/blog\/#organization"},"potentialAction":[{"@type":"SearchAction","target":{"@type":"EntryPoint","urlTemplate":"https:\/\/dicodusport.fr\/blog\/?s={search_term_string}"},"query-input":{"@type":"PropertyValueSpecification","valueRequired":true,"valueName":"search_term_string"}}],"inLanguage":"fr-FR"},{"@type":"NewsMediaOrganization","@id":"https:\/\/dicodusport.fr\/blog\/#organization","name":"Dicodusport","url":"https:\/\/dicodusport.fr\/blog\/","logo":{"@type":"ImageObject","inLanguage":"fr-FR","@id":"https:\/\/dicodusport.fr\/blog\/#\/schema\/logo\/image\/","url":"https:\/\/dicodusport.fr\/blog\/wp-content\/uploads\/2020\/06\/cropped-LOGO-DICODUSPORT-2020-SANS-FOND-SANS-TEXTE.png","contentUrl":"https:\/\/dicodusport.fr\/blog\/wp-content\/uploads\/2020\/06\/cropped-LOGO-DICODUSPORT-2020-SANS-FOND-SANS-TEXTE.png","width":512,"height":512,"caption":"Dicodusport"},"image":{"@id":"https:\/\/dicodusport.fr\/blog\/#\/schema\/logo\/image\/"},"sameAs":["https:\/\/www.facebook.com\/dicodusport","https:\/\/x.com\/dicodusport","https:\/\/www.instagram.com\/dicodusport\/","https:\/\/www.youtube.com\/channel\/UC7V2KZ5sd3htJivAbA4ZG3w"],"description":"Dicodusport est l'encyclop\u00e9die de l'actualit\u00e9 sportive.","email":"bonjour@dicodusport.fr","legalName":"DICODUSPORT","foundingDate":"2018-01-14","vatID":"FR71834470973","taxID":"83447097300043","numberOfEmployees":{"@type":"QuantitativeValue","minValue":"1","maxValue":"10"}},{"@type":"Person","@id":"https:\/\/dicodusport.fr\/blog\/#\/schema\/person\/d603dd7da31fb2b46c82b9835a77ec13","name":"Etienne Goursaud","image":{"@type":"ImageObject","inLanguage":"fr-FR","@id":"https:\/\/dicodusport.fr\/blog\/#\/schema\/person\/image\/","url":"https:\/\/dicodusport.fr\/blog\/wp-content\/uploads\/2023\/12\/410122264_10231602061736049_5565839791558026645_n-150x150.jpg","contentUrl":"https:\/\/dicodusport.fr\/blog\/wp-content\/uploads\/2023\/12\/410122264_10231602061736049_5565839791558026645_n-150x150.jpg","caption":"Etienne Goursaud"},"description":"Journaliste et amoureux de sport. Ancien footballeur reconverti athl\u00e8te quand ses muscles le laissent tranquille. \u00c9lev\u00e9 \u00e0 la sauce des exploits de Thomas Voeckler en 2004, du dernier essai de l\u00e9gende de Eunice Barber \u00e0 la longueur lors des championnats du monde d'athl\u00e9tisme de 2003 mais aussi Zidane, Omeyer et Titou Lamaison.","url":"https:\/\/dicodusport.fr\/blog\/author\/etienne-goursaud\/"}]}},"_links":{"self":[{"href":"https:\/\/dicodusport.fr\/blog\/wp-json\/wp\/v2\/posts\/466491","targetHints":{"allow":["GET"]}}],"collection":[{"href":"https:\/\/dicodusport.fr\/blog\/wp-json\/wp\/v2\/posts"}],"about":[{"href":"https:\/\/dicodusport.fr\/blog\/wp-json\/wp\/v2\/types\/post"}],"author":[{"embeddable":true,"href":"https:\/\/dicodusport.fr\/blog\/wp-json\/wp\/v2\/users\/83"}],"replies":[{"embeddable":true,"href":"https:\/\/dicodusport.fr\/blog\/wp-json\/wp\/v2\/comments?post=466491"}],"version-history":[{"count":5,"href":"https:\/\/dicodusport.fr\/blog\/wp-json\/wp\/v2\/posts\/466491\/revisions"}],"predecessor-version":[{"id":466589,"href":"https:\/\/dicodusport.fr\/blog\/wp-json\/wp\/v2\/posts\/466491\/revisions\/466589"}],"wp:featuredmedia":[{"embeddable":true,"href":"https:\/\/dicodusport.fr\/blog\/wp-json\/wp\/v2\/media\/466556"}],"wp:attachment":[{"href":"https:\/\/dicodusport.fr\/blog\/wp-json\/wp\/v2\/media?parent=466491"}],"wp:term":[{"taxonomy":"category","embeddable":true,"href":"https:\/\/dicodusport.fr\/blog\/wp-json\/wp\/v2\/categories?post=466491"},{"taxonomy":"post_tag","embeddable":true,"href":"https:\/\/dicodusport.fr\/blog\/wp-json\/wp\/v2\/tags?post=466491"}],"curies":[{"name":"wp","href":"https:\/\/api.w.org\/{rel}","templated":true}]}}