{"id":466665,"date":"2024-02-25T17:19:44","date_gmt":"2024-02-25T16:19:44","guid":{"rendered":"https:\/\/dicodusport.fr\/blog\/?p=466665&#038;preview=true&#038;preview_id=466665"},"modified":"2024-02-25T17:24:13","modified_gmt":"2024-02-25T16:24:13","slug":"championnats-de-france-dathletisme-u18-u20-en-salle-le-recap-du-week-end","status":"publish","type":"post","link":"https:\/\/dicodusport.fr\/blog\/championnats-de-france-dathletisme-u18-u20-en-salle-le-recap-du-week-end\/","title":{"rendered":"Championnats de France d&rsquo;athl\u00e9tisme U18\/U20 en salle : Le r\u00e9cap&rsquo; du week-end"},"content":{"rendered":"<p style=\"text-align: justify;\"><strong><em>CHAMPIONNATS DE FRANCE CADETS JUNIORS D&rsquo;ATHL\u00c9TISME EN SALLE 2024 &#8211; Ce week-end \u00e0 Nantes, les meilleurs cadets et juniors fran\u00e7ais se sont affront\u00e9s pour conqu\u00e9rir le titre national. Nous vous proposons de passer en revue les performances majeures.\u00a0<\/em><\/strong><\/p>\n<ul>\n<li style=\"text-align: justify;\"><strong>\u00c0 ce sujet<\/strong><strong> &#8211;\u00a0<a href=\"https:\/\/dicodusport.fr\/blog\/palmares-et-resultats-championnats-de-france-en-salle-dathletisme-juniors-u20-et-cadets-u18-2024\/\">Palmar\u00e8s et r\u00e9sultats Championnats de France en salle d&rsquo;athl\u00e9tisme juniors U20 et cadets U18 2024<\/a><\/strong><\/li>\n<\/ul>\n<h2 style=\"text-align: justify;\">De beaux chronos sur l&rsquo;\u00e9preuve reine<\/h2>\n<p style=\"text-align: justify;\">Au 60 m, les juniors ont donn\u00e9 le ton. C\u00f4t\u00e9 messieurs, c&rsquo;est <strong>Ylann Bizasene<\/strong> (<em>Stade Lamentin<\/em>) qui empoche le titre avec un chrono de 6\u203372.<\/p>\n<blockquote class=\"twitter-tweet\">\n<p dir=\"ltr\" lang=\"fr\">\u26a1 Le record au bout de la ligne droite !<\/p>\n<p>\ud83e\udd47 Ylann Bizasene (Stade Lamentin) est sacr\u00e9 champion de France U20 du 60 m en 6\u2019\u201972, son nouveau chrono de r\u00e9f\u00e9rence !<\/p>\n<p>\ud83d\udcbb Suivez les <a href=\"https:\/\/twitter.com\/hashtag\/CFAthl%C3%A9?src=hash&amp;ref_src=twsrc%5Etfw\">#CFAthl\u00e9<\/a> en DIRECT sur <a href=\"https:\/\/t.co\/63xdTVLhtA\">https:\/\/t.co\/63xdTVLhtA<\/a>. <a href=\"https:\/\/t.co\/YISQR5Ti7J\">pic.twitter.com\/YISQR5Ti7J<\/a><\/p>\n<p>\u2014 FFAthl\u00e9tisme (@FFAthletisme) <a href=\"https:\/\/twitter.com\/FFAthletisme\/status\/1761429331505492154?ref_src=twsrc%5Etfw\">February 24, 2024<\/a><\/p><\/blockquote>\n<p><script async src=\"https:\/\/platform.twitter.com\/widgets.js\" charset=\"utf-8\"><\/script><\/p>\n<p style=\"text-align: justify;\">C\u00f4t\u00e9 dames, <strong>Vanessa Lokuli<\/strong> (<em>Amiens UC<\/em>) s&rsquo;offre un beau cadeau d&rsquo;anniversaire avec le titre de championne de France U20 et le chrono de 7\u203340. Un record personnel battu de huit centi\u00e8mes. Plut\u00f4t cool la journ\u00e9e d&rsquo;anniversaire. Et puis, pourquoi glaner un seul titre quand on peut en glaner deux. Engag\u00e9e \u00e9galement sur le saut en longueur, Vanessa Lokuli s&rsquo;est envol\u00e9e \u00e0 6,42 m (record personnel pulv\u00e9ris\u00e9 de 15 cm), pour conqu\u00e9rir un deuxi\u00e8me titre de championne de France. Elle r\u00e9alise au passage les minimas pour les Mondiaux U20.<\/p>\n<p style=\"text-align: justify;\">Chez les cadets, <strong>Shade Laporal<\/strong> (<em>Vall\u00e9e de la Marne Athl\u00e9tisme<\/em>) l&#8217;emporte en 7\u203355, et <strong>Ga\u00ebl Delaumenie<\/strong> (<em>RC Lens Athl\u00e9tisme<\/em>) en 6\u203391.<\/p>\n<h2 style=\"text-align: justify;\">Des favoris qui r\u00e9pondent pr\u00e9sent<\/h2>\n<p style=\"text-align: justify;\">Sur le triple saut f\u00e9minin junior, <strong>Cl\u00e9mence Rougier<\/strong> \u00e9tait tr\u00e8s attendue. Vice-championne de France \u00e9lite le week-end dernier, l&rsquo;athl\u00e8te de <em>Limoges Athl\u00e9tisme<\/em> est cette fois mont\u00e9e sur la plus haute marche du podium. Elle r\u00e9alise un bond \u00e0 13,31 m, loin devant sa plus proche rivale, <strong>Fanny Nsia Nsia<\/strong> (<em>Athl\u00e9 91<\/em>) qui elle est retomb\u00e9e \u00e0 12,79 m.<\/p>\n<p style=\"text-align: justify;\">Chez les coureurs de 400 m cadets, un homme souhaitait am\u00e9liorer son propre record de France. Si le titre a bien \u00e9t\u00e9 conquis par <strong>Milann Klemenic<\/strong> (<em>\u00c9lan sportif de Tr\u00e9lissac<\/em>), le record attendra encore un peu. Klemenic \u00e9choue \u00e0 un petit centi\u00e8me en r\u00e9alisant 47\u203393. Il pulv\u00e9rise tout de m\u00eame le record des championnats qui \u00e9tait de 48\u203367 (qui lui appartenait depuis les s\u00e9ries hier).<\/p>\n<blockquote class=\"twitter-tweet\">\n<p dir=\"ltr\" lang=\"fr\">\ud83d\udd25 \u00c0 un centi\u00e8me de son record de France !<\/p>\n<p>\ud83e\udd47 Milann Klemenic (Elan Sportif De Trelissac) a encore impressionn\u00e9 en remportant la finale U18 du 400 m en 47\u00a0\u00bb93 !<\/p>\n<p>\ud83d\udca5 Il pulv\u00e9rise son propre record des championnats !<\/p>\n<p>\ud83d\udcbb Suivez les <a href=\"https:\/\/twitter.com\/hashtag\/CFAthl%C3%A9?src=hash&amp;ref_src=twsrc%5Etfw\">#CFAthl\u00e9<\/a> en DIRECT sur <a href=\"https:\/\/t.co\/63xdTVLhtA\">https:\/\/t.co\/63xdTVLhtA<\/a>. <a href=\"https:\/\/t.co\/35KjokBXwB\">pic.twitter.com\/35KjokBXwB<\/a><\/p>\n<p>\u2014 FFAthl\u00e9tisme (@FFAthletisme) <a href=\"https:\/\/twitter.com\/FFAthletisme\/status\/1761724271607333230?ref_src=twsrc%5Etfw\">February 25, 2024<\/a><\/p><\/blockquote>\n<p><script async src=\"https:\/\/platform.twitter.com\/widgets.js\" charset=\"utf-8\"><\/script><\/p>\n<p style=\"text-align: justify;\">Elle a d\u00e9laiss\u00e9 le 400 m pour le 800 m cet hiver, mais <strong>Meta Tumba<\/strong> n&rsquo;en demeurait pas moins la favorite. Et sans d\u00e9bat possible, la licenci\u00e9e du <em>Grand Angoul\u00eame athl\u00e9tisme<\/em> a d\u00e9roul\u00e9 ses 4 tours de piste pour conqu\u00e9rir la couronne nationale junior en 2\u203207\u203358.<\/p>\n<blockquote class=\"twitter-tweet\">\n<p dir=\"ltr\" lang=\"fr\">\ud83d\udcaa En patronne !<\/p>\n<p>\ud83e\udd47 Meta Tumba (Grand Angoul\u00eame Athl\u00e9tisme) a largement domin\u00e9 la finale U18 du 800 m, qu&rsquo;elle remporte en 2&rsquo;07\u00a0\u00bb58, le deuxi\u00e8me meilleur chrono de sa jeune carri\u00e8re !<\/p>\n<p>\ud83d\udcbb Suivez les <a href=\"https:\/\/twitter.com\/hashtag\/CFAthl%C3%A9?src=hash&amp;ref_src=twsrc%5Etfw\">#CFAthl\u00e9<\/a> en DIRECT sur <a href=\"https:\/\/t.co\/63xdTVLhtA\">https:\/\/t.co\/63xdTVLhtA<\/a>. <a href=\"https:\/\/t.co\/yJwesCwnFn\">pic.twitter.com\/yJwesCwnFn<\/a><\/p>\n<p>\u2014 FFAthl\u00e9tisme (@FFAthletisme) <a href=\"https:\/\/twitter.com\/FFAthletisme\/status\/1761765799914565942?ref_src=twsrc%5Etfw\">February 25, 2024<\/a><\/p><\/blockquote>\n<p><script async src=\"https:\/\/platform.twitter.com\/widgets.js\" charset=\"utf-8\"><\/script><\/p>\n<p style=\"text-align: justify;\"><strong>Dejan Ottou<\/strong> (<em>Stade Nantais AC<\/em>) avait le record de France du tour de piste en ligne de mire. Un record qui appartient \u00e0 un certain Ladji Doucour\u00e9 en 21\u203310. Ottou a pris un gros d\u00e9part, largement suffisant pour le titre, pas pour le record puisqu&rsquo;il s&rsquo;impose en 21\u203327.<\/p>\n<p style=\"text-align: justify;\"><strong>Nolhan Burgue<\/strong> (<em>Stade Mont de Marsan<\/em>) a, lui aussi, tenu son rang sur le 800 m cadets. Le recordman de France dans la cat\u00e9gorie est d&rsquo;abord rest\u00e9 au chaud dans le peloton avant de prendre la t\u00eate \u00e0 300 m de l&rsquo;arriv\u00e9e. Une acc\u00e9l\u00e9ration qui a fait \u00e9clater le peloton et donc Burgue prend le titre en 1\u203254\u203322.<\/p>\n<p style=\"text-align: justify;\">Sur le 800 juniors gar\u00e7ons, <strong>Th\u00e9o Th\u00e9venet<\/strong> (<em>Caux Seine Athl\u00e9tisme<\/em>) prend l&rsquo;or national apr\u00e8s une superbe attaque dans le dernier tour. Un beau chrono au bout en 1\u203250\u203355, record des championnats.<\/p>\n<h2 style=\"text-align: justify;\">Des athl\u00e8tes \u00e0 suivre dans l&rsquo;avenir<\/h2>\n<p style=\"text-align: justify;\">Le concours de la hauteur junior f\u00e9minine nous a offert un superbe duel entre<strong> Jade Marquis Laine<\/strong> (<em>Etoile Oignies<\/em>) et <strong>Ma\u00eblle Gauthier<\/strong> (<em>CA Valence<\/em>). C&rsquo;est la premi\u00e8re cit\u00e9e qui s&rsquo;impose en s&rsquo;offrant son record personnel port\u00e9 \u00e0 1,81 m, et les minimas pour les Mondiaux U20. Elle s&rsquo;est ensuite attaqu\u00e9e \u00e0 1,85 m, qui aurait constitu\u00e9 le record des championnats, sans succ\u00e8s.\u00a0 Ma\u00eblle Gauthier en reste \u00e0 1,79 m, son record.<\/p>\n<p style=\"text-align: justify;\"><strong>M\u00e9lissa Benfatah<\/strong> (<em>Aix Athle Provence<\/em>) efface des tablettes du record des championnats une certaine <strong>Laura Valette<\/strong>, sur le 60m haies juniors. En 8\u203225, elle s&rsquo;impose apr\u00e8s une belle bataille avec <strong>Laura Montauban<\/strong> (<em>Ao Charenton<\/em>).<\/p>\n<p style=\"text-align: justify;\">Il a conclu magnifiquement ce week-end avec un record personnel \u00e0 la perche, <strong>Gabin Math\u00e9<\/strong> (<em>CA Des Eaux Vives<\/em>) remporte l&rsquo;or chez les juniors apr\u00e8s un superbe concours. Il s&rsquo;est ensuite essay\u00e9 \u00e0 5,35 m, sans succ\u00e8s, mais avec de beaux sauts engag\u00e9s. Il am\u00e9liore la meilleure performance fran\u00e7aise de la cat\u00e9gorie cette saison, qu&rsquo;il d\u00e9tenait d\u00e9j\u00e0. Et dans la tradition fran\u00e7aise de la perche, il se place \u00e0 la 17\u00e8me place au bilan de la saison toutes cat\u00e9gories. Ce qui est \u00e0 souligner tant la densit\u00e9 dans la discipline est importante.<\/p>\n<p>&nbsp;<\/p>\n","protected":false},"excerpt":{"rendered":"<p>CHAMPIONNATS DE FRANCE CADETS JUNIORS D&rsquo;ATHL\u00c9TISME EN SALLE 2024 &#8211; Ce week-end \u00e0 Nantes, les meilleurs cadets et juniors fran\u00e7ais se sont affront\u00e9s pour conqu\u00e9rir le titre national. Nous vous proposons de passer en revue les performances majeures.\u00a0<\/p>\n","protected":false},"author":89,"featured_media":465237,"comment_status":"open","ping_status":"closed","sticky":false,"template":"","format":"standard","meta":{"_acf_changed":false,"_daextam_enable_autolinks":"1","footnotes":""},"categories":[2308],"tags":[143,16878,1272],"class_list":["post-466665","post","type-post","status-publish","format-standard","has-post-thumbnail","hentry","category-athletisme","tag-athletisme","tag-breve","tag-nantes"],"acf":[],"yoast_head":"<!-- This site is optimized with the Yoast SEO Premium plugin v26.7 (Yoast SEO v26.7) - https:\/\/yoast.com\/wordpress\/plugins\/seo\/ -->\n<title>Championnats de France d&#039;athl\u00e9tisme U18\/U20 en salle : Le r\u00e9cap&#039; du week-end<\/title>\n<meta name=\"description\" content=\"CHAMPIONNATS DE FRANCE CADETS JUNIORS D&#039;ATHL\u00c9TISME EN SALLE 2024 - R\u00e9sum\u00e9 des performances majeures des juniors et cadets \u00e0 Nantes.\u00a0\" \/>\n<meta name=\"robots\" content=\"index, follow, max-snippet:-1, max-image-preview:large, max-video-preview:-1\" \/>\n<link rel=\"canonical\" href=\"https:\/\/dicodusport.fr\/blog\/championnats-de-france-dathletisme-u18-u20-en-salle-le-recap-du-week-end\/\" \/>\n<meta property=\"og:locale\" content=\"fr_FR\" \/>\n<meta property=\"og:type\" content=\"article\" \/>\n<meta property=\"og:title\" content=\"Championnats de France d&#039;athl\u00e9tisme U18\/U20 en salle : Le r\u00e9cap&#039; du week-end\" \/>\n<meta property=\"og:description\" content=\"CHAMPIONNATS DE FRANCE CADETS JUNIORS D&#039;ATHL\u00c9TISME EN SALLE 2024 - R\u00e9sum\u00e9 des performances majeures des juniors et cadets \u00e0 Nantes.\u00a0\" \/>\n<meta property=\"og:url\" content=\"https:\/\/dicodusport.fr\/blog\/championnats-de-france-dathletisme-u18-u20-en-salle-le-recap-du-week-end\/\" \/>\n<meta property=\"og:site_name\" content=\"Dicodusport\" \/>\n<meta property=\"article:publisher\" content=\"https:\/\/www.facebook.com\/dicodusport\" \/>\n<meta property=\"article:published_time\" content=\"2024-02-25T16:19:44+00:00\" \/>\n<meta property=\"article:modified_time\" content=\"2024-02-25T16:24:13+00:00\" \/>\n<meta property=\"og:image\" content=\"https:\/\/dicodusport.fr\/blog\/wp-content\/uploads\/2024\/02\/Cinq-athletes-a-suivre-au-Championnats-de-France-en-salle-dathletisme-U18-et-U20.png\" \/>\n\t<meta property=\"og:image:width\" content=\"1200\" \/>\n\t<meta property=\"og:image:height\" content=\"674\" \/>\n\t<meta property=\"og:image:type\" content=\"image\/png\" \/>\n<meta name=\"author\" content=\"Louka Lesueur\" \/>\n<meta name=\"twitter:card\" content=\"summary_large_image\" \/>\n<meta name=\"twitter:title\" content=\"Championnats de France d&#039;athl\u00e9tisme U18\/U20 en salle : Le r\u00e9cap&#039; du week-end\" \/>\n<meta name=\"twitter:creator\" content=\"@https:\/\/twitter.com\/LNewsSF\" \/>\n<meta name=\"twitter:site\" content=\"@dicodusport\" \/>\n<script type=\"application\/ld+json\" class=\"yoast-schema-graph\">{\"@context\":\"https:\/\/schema.org\",\"@graph\":[{\"@type\":\"NewsArticle\",\"@id\":\"https:\/\/dicodusport.fr\/blog\/championnats-de-france-dathletisme-u18-u20-en-salle-le-recap-du-week-end\/#article\",\"isPartOf\":{\"@id\":\"https:\/\/dicodusport.fr\/blog\/championnats-de-france-dathletisme-u18-u20-en-salle-le-recap-du-week-end\/\"},\"author\":{\"name\":\"Louka Lesueur\",\"@id\":\"https:\/\/dicodusport.fr\/blog\/#\/schema\/person\/54b6cdccebdfcd5a1036c594aecffc2a\"},\"headline\":\"Championnats de France d&rsquo;athl\u00e9tisme U18\/U20 en salle : Le r\u00e9cap&rsquo; du week-end\",\"datePublished\":\"2024-02-25T16:19:44+00:00\",\"dateModified\":\"2024-02-25T16:24:13+00:00\",\"mainEntityOfPage\":{\"@id\":\"https:\/\/dicodusport.fr\/blog\/championnats-de-france-dathletisme-u18-u20-en-salle-le-recap-du-week-end\/\"},\"wordCount\":930,\"commentCount\":0,\"publisher\":{\"@id\":\"https:\/\/dicodusport.fr\/blog\/#organization\"},\"image\":{\"@id\":\"https:\/\/dicodusport.fr\/blog\/championnats-de-france-dathletisme-u18-u20-en-salle-le-recap-du-week-end\/#primaryimage\"},\"thumbnailUrl\":\"https:\/\/dicodusport.fr\/blog\/wp-content\/uploads\/2024\/02\/Cinq-athletes-a-suivre-au-Championnats-de-France-en-salle-dathletisme-U18-et-U20.png\",\"keywords\":[\"Athl\u00e9tisme\",\"br\u00e8ve\",\"nantes\"],\"articleSection\":[\"Athl\u00e9tisme\"],\"inLanguage\":\"fr-FR\",\"potentialAction\":[{\"@type\":\"CommentAction\",\"name\":\"Comment\",\"target\":[\"https:\/\/dicodusport.fr\/blog\/championnats-de-france-dathletisme-u18-u20-en-salle-le-recap-du-week-end\/#respond\"]}],\"copyrightYear\":\"2024\",\"copyrightHolder\":{\"@id\":\"https:\/\/dicodusport.fr\/blog\/#organization\"}},{\"@type\":\"WebPage\",\"@id\":\"https:\/\/dicodusport.fr\/blog\/championnats-de-france-dathletisme-u18-u20-en-salle-le-recap-du-week-end\/\",\"url\":\"https:\/\/dicodusport.fr\/blog\/championnats-de-france-dathletisme-u18-u20-en-salle-le-recap-du-week-end\/\",\"name\":\"Championnats de France d'athl\u00e9tisme U18\/U20 en salle : Le r\u00e9cap' du week-end\",\"isPartOf\":{\"@id\":\"https:\/\/dicodusport.fr\/blog\/#website\"},\"primaryImageOfPage\":{\"@id\":\"https:\/\/dicodusport.fr\/blog\/championnats-de-france-dathletisme-u18-u20-en-salle-le-recap-du-week-end\/#primaryimage\"},\"image\":{\"@id\":\"https:\/\/dicodusport.fr\/blog\/championnats-de-france-dathletisme-u18-u20-en-salle-le-recap-du-week-end\/#primaryimage\"},\"thumbnailUrl\":\"https:\/\/dicodusport.fr\/blog\/wp-content\/uploads\/2024\/02\/Cinq-athletes-a-suivre-au-Championnats-de-France-en-salle-dathletisme-U18-et-U20.png\",\"datePublished\":\"2024-02-25T16:19:44+00:00\",\"dateModified\":\"2024-02-25T16:24:13+00:00\",\"description\":\"CHAMPIONNATS DE FRANCE CADETS JUNIORS D'ATHL\u00c9TISME EN SALLE 2024 - R\u00e9sum\u00e9 des performances majeures des juniors et cadets \u00e0 Nantes.\u00a0\",\"breadcrumb\":{\"@id\":\"https:\/\/dicodusport.fr\/blog\/championnats-de-france-dathletisme-u18-u20-en-salle-le-recap-du-week-end\/#breadcrumb\"},\"inLanguage\":\"fr-FR\",\"potentialAction\":[{\"@type\":\"ReadAction\",\"target\":[\"https:\/\/dicodusport.fr\/blog\/championnats-de-france-dathletisme-u18-u20-en-salle-le-recap-du-week-end\/\"]}]},{\"@type\":\"ImageObject\",\"inLanguage\":\"fr-FR\",\"@id\":\"https:\/\/dicodusport.fr\/blog\/championnats-de-france-dathletisme-u18-u20-en-salle-le-recap-du-week-end\/#primaryimage\",\"url\":\"https:\/\/dicodusport.fr\/blog\/wp-content\/uploads\/2024\/02\/Cinq-athletes-a-suivre-au-Championnats-de-France-en-salle-dathletisme-U18-et-U20.png\",\"contentUrl\":\"https:\/\/dicodusport.fr\/blog\/wp-content\/uploads\/2024\/02\/Cinq-athletes-a-suivre-au-Championnats-de-France-en-salle-dathletisme-U18-et-U20.png\",\"width\":1200,\"height\":674,\"caption\":\"Cinq athl\u00e8tes \u00e0 suivre au Championnats de France en salle d'athl\u00e9tisme U18 et U20\"},{\"@type\":\"BreadcrumbList\",\"@id\":\"https:\/\/dicodusport.fr\/blog\/championnats-de-france-dathletisme-u18-u20-en-salle-le-recap-du-week-end\/#breadcrumb\",\"itemListElement\":[{\"@type\":\"ListItem\",\"position\":1,\"name\":\"Accueil\",\"item\":\"https:\/\/dicodusport.fr\/blog\/\"},{\"@type\":\"ListItem\",\"position\":2,\"name\":\"Championnats de France d&rsquo;athl\u00e9tisme U18\/U20 en salle : Le r\u00e9cap&rsquo; du week-end\"}]},{\"@type\":\"WebSite\",\"@id\":\"https:\/\/dicodusport.fr\/blog\/#website\",\"url\":\"https:\/\/dicodusport.fr\/blog\/\",\"name\":\"Dicodusport\",\"description\":\"L&#039;encyclop\u00e9die de l&#039;actualit\u00e9 sportive\",\"publisher\":{\"@id\":\"https:\/\/dicodusport.fr\/blog\/#organization\"},\"potentialAction\":[{\"@type\":\"SearchAction\",\"target\":{\"@type\":\"EntryPoint\",\"urlTemplate\":\"https:\/\/dicodusport.fr\/blog\/?s={search_term_string}\"},\"query-input\":{\"@type\":\"PropertyValueSpecification\",\"valueRequired\":true,\"valueName\":\"search_term_string\"}}],\"inLanguage\":\"fr-FR\"},{\"@type\":\"NewsMediaOrganization\",\"@id\":\"https:\/\/dicodusport.fr\/blog\/#organization\",\"name\":\"Dicodusport\",\"url\":\"https:\/\/dicodusport.fr\/blog\/\",\"logo\":{\"@type\":\"ImageObject\",\"inLanguage\":\"fr-FR\",\"@id\":\"https:\/\/dicodusport.fr\/blog\/#\/schema\/logo\/image\/\",\"url\":\"https:\/\/dicodusport.fr\/blog\/wp-content\/uploads\/2020\/06\/cropped-LOGO-DICODUSPORT-2020-SANS-FOND-SANS-TEXTE.png\",\"contentUrl\":\"https:\/\/dicodusport.fr\/blog\/wp-content\/uploads\/2020\/06\/cropped-LOGO-DICODUSPORT-2020-SANS-FOND-SANS-TEXTE.png\",\"width\":512,\"height\":512,\"caption\":\"Dicodusport\"},\"image\":{\"@id\":\"https:\/\/dicodusport.fr\/blog\/#\/schema\/logo\/image\/\"},\"sameAs\":[\"https:\/\/www.facebook.com\/dicodusport\",\"https:\/\/x.com\/dicodusport\",\"https:\/\/www.instagram.com\/dicodusport\/\",\"https:\/\/www.youtube.com\/channel\/UC7V2KZ5sd3htJivAbA4ZG3w\"],\"description\":\"Dicodusport est l'encyclop\u00e9die de l'actualit\u00e9 sportive.\",\"email\":\"bonjour@dicodusport.fr\",\"legalName\":\"DICODUSPORT\",\"foundingDate\":\"2018-01-14\",\"vatID\":\"FR71834470973\",\"taxID\":\"83447097300043\",\"numberOfEmployees\":{\"@type\":\"QuantitativeValue\",\"minValue\":\"1\",\"maxValue\":\"10\"}},{\"@type\":\"Person\",\"@id\":\"https:\/\/dicodusport.fr\/blog\/#\/schema\/person\/54b6cdccebdfcd5a1036c594aecffc2a\",\"name\":\"Louka Lesueur\",\"image\":{\"@type\":\"ImageObject\",\"inLanguage\":\"fr-FR\",\"@id\":\"https:\/\/dicodusport.fr\/blog\/#\/schema\/person\/image\/\",\"url\":\"https:\/\/dicodusport.fr\/blog\/wp-content\/uploads\/2023\/09\/IMG_2783-150x150.jpeg\",\"contentUrl\":\"https:\/\/dicodusport.fr\/blog\/wp-content\/uploads\/2023\/09\/IMG_2783-150x150.jpeg\",\"caption\":\"Louka Lesueur\"},\"description\":\"Passionn\u00e9 depuis tout petit par les exploits de Bolt, Fourcade, Riner, Lavillenie, Wilkinson, Hirscher. Les \u00e9motions provoqu\u00e9es par le sport ont berc\u00e9 mon enfance et continuent de le faire aujourd'hui. C'est ainsi qu'il m'est arriv\u00e9 de pleurer devant la d\u00e9faite des Bleus face aux Blacks en 2011, ou encore devant le titre olympique de Florent Manaudou \u00e0 Londres. Bien loin de ce milieu professionnel, j'ai os\u00e9 tenter ma chance pour rejoindre l'\u00e9quipe de r\u00e9daction de Dicodusport, et depuis septembre 2023, je tente de retransmettre au mieux les exploits des athl\u00e8tes, tous sports confondus. Grand chauvin, c'est bel et bien sur les sportifs tricolores que je pr\u00e9f\u00e8re \u00e9crire.\",\"sameAs\":[\"https:\/\/x.com\/https:\/\/twitter.com\/LNewsSF\"],\"gender\":\"Homme\",\"worksFor\":\"Louka LESUEUR\",\"url\":\"https:\/\/dicodusport.fr\/blog\/author\/louka-lesueur\/\"}]}<\/script>\n<!-- \/ Yoast SEO Premium plugin. -->","yoast_head_json":{"title":"Championnats de France d'athl\u00e9tisme U18\/U20 en salle : Le r\u00e9cap' du week-end","description":"CHAMPIONNATS DE FRANCE CADETS JUNIORS D'ATHL\u00c9TISME EN SALLE 2024 - R\u00e9sum\u00e9 des performances majeures des juniors et cadets \u00e0 Nantes.\u00a0","robots":{"index":"index","follow":"follow","max-snippet":"max-snippet:-1","max-image-preview":"max-image-preview:large","max-video-preview":"max-video-preview:-1"},"canonical":"https:\/\/dicodusport.fr\/blog\/championnats-de-france-dathletisme-u18-u20-en-salle-le-recap-du-week-end\/","og_locale":"fr_FR","og_type":"article","og_title":"Championnats de France d'athl\u00e9tisme U18\/U20 en salle : Le r\u00e9cap' du week-end","og_description":"CHAMPIONNATS DE FRANCE CADETS JUNIORS D'ATHL\u00c9TISME EN SALLE 2024 - R\u00e9sum\u00e9 des performances majeures des juniors et cadets \u00e0 Nantes.\u00a0","og_url":"https:\/\/dicodusport.fr\/blog\/championnats-de-france-dathletisme-u18-u20-en-salle-le-recap-du-week-end\/","og_site_name":"Dicodusport","article_publisher":"https:\/\/www.facebook.com\/dicodusport","article_published_time":"2024-02-25T16:19:44+00:00","article_modified_time":"2024-02-25T16:24:13+00:00","og_image":[{"width":1200,"height":674,"url":"https:\/\/dicodusport.fr\/blog\/wp-content\/uploads\/2024\/02\/Cinq-athletes-a-suivre-au-Championnats-de-France-en-salle-dathletisme-U18-et-U20.png","type":"image\/png"}],"author":"Louka Lesueur","twitter_card":"summary_large_image","twitter_title":"Championnats de France d'athl\u00e9tisme U18\/U20 en salle : Le r\u00e9cap' du week-end","twitter_creator":"@https:\/\/twitter.com\/LNewsSF","twitter_site":"@dicodusport","schema":{"@context":"https:\/\/schema.org","@graph":[{"@type":"NewsArticle","@id":"https:\/\/dicodusport.fr\/blog\/championnats-de-france-dathletisme-u18-u20-en-salle-le-recap-du-week-end\/#article","isPartOf":{"@id":"https:\/\/dicodusport.fr\/blog\/championnats-de-france-dathletisme-u18-u20-en-salle-le-recap-du-week-end\/"},"author":{"name":"Louka Lesueur","@id":"https:\/\/dicodusport.fr\/blog\/#\/schema\/person\/54b6cdccebdfcd5a1036c594aecffc2a"},"headline":"Championnats de France d&rsquo;athl\u00e9tisme U18\/U20 en salle : Le r\u00e9cap&rsquo; du week-end","datePublished":"2024-02-25T16:19:44+00:00","dateModified":"2024-02-25T16:24:13+00:00","mainEntityOfPage":{"@id":"https:\/\/dicodusport.fr\/blog\/championnats-de-france-dathletisme-u18-u20-en-salle-le-recap-du-week-end\/"},"wordCount":930,"commentCount":0,"publisher":{"@id":"https:\/\/dicodusport.fr\/blog\/#organization"},"image":{"@id":"https:\/\/dicodusport.fr\/blog\/championnats-de-france-dathletisme-u18-u20-en-salle-le-recap-du-week-end\/#primaryimage"},"thumbnailUrl":"https:\/\/dicodusport.fr\/blog\/wp-content\/uploads\/2024\/02\/Cinq-athletes-a-suivre-au-Championnats-de-France-en-salle-dathletisme-U18-et-U20.png","keywords":["Athl\u00e9tisme","br\u00e8ve","nantes"],"articleSection":["Athl\u00e9tisme"],"inLanguage":"fr-FR","potentialAction":[{"@type":"CommentAction","name":"Comment","target":["https:\/\/dicodusport.fr\/blog\/championnats-de-france-dathletisme-u18-u20-en-salle-le-recap-du-week-end\/#respond"]}],"copyrightYear":"2024","copyrightHolder":{"@id":"https:\/\/dicodusport.fr\/blog\/#organization"}},{"@type":"WebPage","@id":"https:\/\/dicodusport.fr\/blog\/championnats-de-france-dathletisme-u18-u20-en-salle-le-recap-du-week-end\/","url":"https:\/\/dicodusport.fr\/blog\/championnats-de-france-dathletisme-u18-u20-en-salle-le-recap-du-week-end\/","name":"Championnats de France d'athl\u00e9tisme U18\/U20 en salle : Le r\u00e9cap' du week-end","isPartOf":{"@id":"https:\/\/dicodusport.fr\/blog\/#website"},"primaryImageOfPage":{"@id":"https:\/\/dicodusport.fr\/blog\/championnats-de-france-dathletisme-u18-u20-en-salle-le-recap-du-week-end\/#primaryimage"},"image":{"@id":"https:\/\/dicodusport.fr\/blog\/championnats-de-france-dathletisme-u18-u20-en-salle-le-recap-du-week-end\/#primaryimage"},"thumbnailUrl":"https:\/\/dicodusport.fr\/blog\/wp-content\/uploads\/2024\/02\/Cinq-athletes-a-suivre-au-Championnats-de-France-en-salle-dathletisme-U18-et-U20.png","datePublished":"2024-02-25T16:19:44+00:00","dateModified":"2024-02-25T16:24:13+00:00","description":"CHAMPIONNATS DE FRANCE CADETS JUNIORS D'ATHL\u00c9TISME EN SALLE 2024 - R\u00e9sum\u00e9 des performances majeures des juniors et cadets \u00e0 Nantes.\u00a0","breadcrumb":{"@id":"https:\/\/dicodusport.fr\/blog\/championnats-de-france-dathletisme-u18-u20-en-salle-le-recap-du-week-end\/#breadcrumb"},"inLanguage":"fr-FR","potentialAction":[{"@type":"ReadAction","target":["https:\/\/dicodusport.fr\/blog\/championnats-de-france-dathletisme-u18-u20-en-salle-le-recap-du-week-end\/"]}]},{"@type":"ImageObject","inLanguage":"fr-FR","@id":"https:\/\/dicodusport.fr\/blog\/championnats-de-france-dathletisme-u18-u20-en-salle-le-recap-du-week-end\/#primaryimage","url":"https:\/\/dicodusport.fr\/blog\/wp-content\/uploads\/2024\/02\/Cinq-athletes-a-suivre-au-Championnats-de-France-en-salle-dathletisme-U18-et-U20.png","contentUrl":"https:\/\/dicodusport.fr\/blog\/wp-content\/uploads\/2024\/02\/Cinq-athletes-a-suivre-au-Championnats-de-France-en-salle-dathletisme-U18-et-U20.png","width":1200,"height":674,"caption":"Cinq athl\u00e8tes \u00e0 suivre au Championnats de France en salle d'athl\u00e9tisme U18 et U20"},{"@type":"BreadcrumbList","@id":"https:\/\/dicodusport.fr\/blog\/championnats-de-france-dathletisme-u18-u20-en-salle-le-recap-du-week-end\/#breadcrumb","itemListElement":[{"@type":"ListItem","position":1,"name":"Accueil","item":"https:\/\/dicodusport.fr\/blog\/"},{"@type":"ListItem","position":2,"name":"Championnats de France d&rsquo;athl\u00e9tisme U18\/U20 en salle : Le r\u00e9cap&rsquo; du week-end"}]},{"@type":"WebSite","@id":"https:\/\/dicodusport.fr\/blog\/#website","url":"https:\/\/dicodusport.fr\/blog\/","name":"Dicodusport","description":"L&#039;encyclop\u00e9die de l&#039;actualit\u00e9 sportive","publisher":{"@id":"https:\/\/dicodusport.fr\/blog\/#organization"},"potentialAction":[{"@type":"SearchAction","target":{"@type":"EntryPoint","urlTemplate":"https:\/\/dicodusport.fr\/blog\/?s={search_term_string}"},"query-input":{"@type":"PropertyValueSpecification","valueRequired":true,"valueName":"search_term_string"}}],"inLanguage":"fr-FR"},{"@type":"NewsMediaOrganization","@id":"https:\/\/dicodusport.fr\/blog\/#organization","name":"Dicodusport","url":"https:\/\/dicodusport.fr\/blog\/","logo":{"@type":"ImageObject","inLanguage":"fr-FR","@id":"https:\/\/dicodusport.fr\/blog\/#\/schema\/logo\/image\/","url":"https:\/\/dicodusport.fr\/blog\/wp-content\/uploads\/2020\/06\/cropped-LOGO-DICODUSPORT-2020-SANS-FOND-SANS-TEXTE.png","contentUrl":"https:\/\/dicodusport.fr\/blog\/wp-content\/uploads\/2020\/06\/cropped-LOGO-DICODUSPORT-2020-SANS-FOND-SANS-TEXTE.png","width":512,"height":512,"caption":"Dicodusport"},"image":{"@id":"https:\/\/dicodusport.fr\/blog\/#\/schema\/logo\/image\/"},"sameAs":["https:\/\/www.facebook.com\/dicodusport","https:\/\/x.com\/dicodusport","https:\/\/www.instagram.com\/dicodusport\/","https:\/\/www.youtube.com\/channel\/UC7V2KZ5sd3htJivAbA4ZG3w"],"description":"Dicodusport est l'encyclop\u00e9die de l'actualit\u00e9 sportive.","email":"bonjour@dicodusport.fr","legalName":"DICODUSPORT","foundingDate":"2018-01-14","vatID":"FR71834470973","taxID":"83447097300043","numberOfEmployees":{"@type":"QuantitativeValue","minValue":"1","maxValue":"10"}},{"@type":"Person","@id":"https:\/\/dicodusport.fr\/blog\/#\/schema\/person\/54b6cdccebdfcd5a1036c594aecffc2a","name":"Louka Lesueur","image":{"@type":"ImageObject","inLanguage":"fr-FR","@id":"https:\/\/dicodusport.fr\/blog\/#\/schema\/person\/image\/","url":"https:\/\/dicodusport.fr\/blog\/wp-content\/uploads\/2023\/09\/IMG_2783-150x150.jpeg","contentUrl":"https:\/\/dicodusport.fr\/blog\/wp-content\/uploads\/2023\/09\/IMG_2783-150x150.jpeg","caption":"Louka Lesueur"},"description":"Passionn\u00e9 depuis tout petit par les exploits de Bolt, Fourcade, Riner, Lavillenie, Wilkinson, Hirscher. Les \u00e9motions provoqu\u00e9es par le sport ont berc\u00e9 mon enfance et continuent de le faire aujourd'hui. C'est ainsi qu'il m'est arriv\u00e9 de pleurer devant la d\u00e9faite des Bleus face aux Blacks en 2011, ou encore devant le titre olympique de Florent Manaudou \u00e0 Londres. Bien loin de ce milieu professionnel, j'ai os\u00e9 tenter ma chance pour rejoindre l'\u00e9quipe de r\u00e9daction de Dicodusport, et depuis septembre 2023, je tente de retransmettre au mieux les exploits des athl\u00e8tes, tous sports confondus. Grand chauvin, c'est bel et bien sur les sportifs tricolores que je pr\u00e9f\u00e8re \u00e9crire.","sameAs":["https:\/\/x.com\/https:\/\/twitter.com\/LNewsSF"],"gender":"Homme","worksFor":"Louka LESUEUR","url":"https:\/\/dicodusport.fr\/blog\/author\/louka-lesueur\/"}]}},"_links":{"self":[{"href":"https:\/\/dicodusport.fr\/blog\/wp-json\/wp\/v2\/posts\/466665","targetHints":{"allow":["GET"]}}],"collection":[{"href":"https:\/\/dicodusport.fr\/blog\/wp-json\/wp\/v2\/posts"}],"about":[{"href":"https:\/\/dicodusport.fr\/blog\/wp-json\/wp\/v2\/types\/post"}],"author":[{"embeddable":true,"href":"https:\/\/dicodusport.fr\/blog\/wp-json\/wp\/v2\/users\/89"}],"replies":[{"embeddable":true,"href":"https:\/\/dicodusport.fr\/blog\/wp-json\/wp\/v2\/comments?post=466665"}],"version-history":[{"count":6,"href":"https:\/\/dicodusport.fr\/blog\/wp-json\/wp\/v2\/posts\/466665\/revisions"}],"predecessor-version":[{"id":466840,"href":"https:\/\/dicodusport.fr\/blog\/wp-json\/wp\/v2\/posts\/466665\/revisions\/466840"}],"wp:featuredmedia":[{"embeddable":true,"href":"https:\/\/dicodusport.fr\/blog\/wp-json\/wp\/v2\/media\/465237"}],"wp:attachment":[{"href":"https:\/\/dicodusport.fr\/blog\/wp-json\/wp\/v2\/media?parent=466665"}],"wp:term":[{"taxonomy":"category","embeddable":true,"href":"https:\/\/dicodusport.fr\/blog\/wp-json\/wp\/v2\/categories?post=466665"},{"taxonomy":"post_tag","embeddable":true,"href":"https:\/\/dicodusport.fr\/blog\/wp-json\/wp\/v2\/tags?post=466665"}],"curies":[{"name":"wp","href":"https:\/\/api.w.org\/{rel}","templated":true}]}}