{"id":466697,"date":"2024-02-25T13:55:38","date_gmt":"2024-02-25T12:55:38","guid":{"rendered":"https:\/\/dicodusport.fr\/blog\/?p=466697&#038;preview=true&#038;preview_id=466697"},"modified":"2025-01-20T11:36:33","modified_gmt":"2025-01-20T10:36:33","slug":"coupe-du-monde-de-skicross-youri-duplessis-kergomard-decroche-sa-premiere-victoire-a-reiteralm","status":"publish","type":"post","link":"https:\/\/dicodusport.fr\/blog\/coupe-du-monde-de-skicross-youri-duplessis-kergomard-decroche-sa-premiere-victoire-a-reiteralm\/","title":{"rendered":"Coupe du monde de Skicross : Youri Duplessis Kergomard d\u00e9croche sa premi\u00e8re victoire \u00e0 Reiteralm"},"content":{"rendered":"<p style=\"text-align: justify;\"><strong><em>COUPE DU MONDE DE SKICROSS 2023-2024 &#8211; Youri Duplessis Kergomard a d\u00e9croch\u00e9 la premi\u00e8re victoire de sa carri\u00e8re sur le circuit en l&#8217;emportant \u00e0 Reiteralm ce dimanche. Terence Tchiknavorian (3e) et Marielle Berger Sabbatel (2e) compl\u00e8tent une journ\u00e9e prolifique pour le skicross tricolore.<\/em><\/strong><\/p>\n<p style=\"text-align: justify;\">Au lendemain du <a href=\"https:\/\/dicodusport.fr\/blog\/coupe-du-monde-de-skicross-melvin-tchiknavorian-troisieme-a-reinteralm\/\">premier podium en carri\u00e8re de Melvin Tchiknavorian<\/a>, l&rsquo;\u00c9quipe de France de skicross a brill\u00e9 ce dimanche lors de la derni\u00e8re course du weekend \u00e0 <strong>Reiteralm<\/strong>. Que ce soit chez les femmes ou les hommes.<\/p>\n<h2 style=\"text-align: justify;\">Berger Sabbatel passe encore tout pr\u00e8s<\/h2>\n<p style=\"text-align: justify;\">Dans le tableau f\u00e9minin, <strong>Marielle Berger Sabbatel<\/strong> \u00e9tait frustr\u00e9e apr\u00e8s un samedi d\u00e9cevant. La Tricolore avait donc la volont\u00e9 de remettre les pendules \u00e0 l&rsquo;heure. Ce qu&rsquo;elle a fait magistralement en dominant tous les tours de qualification afin de se hisser en finale. Elle va r\u00e9aliser un bon d\u00e9part en se mettant dans le sillage de <strong>Brittany Phelan.<\/strong> Les deux suissesses \u00e9galement pr\u00e9sentes dans la finale partant \u00e0 la faute, la victoire va se jouer entre les deux. <strong>Berger Sabbatel<\/strong> va tenter de placer une attaque, mais la Canadienne va r\u00e9sister pour conserver la t\u00eate jusqu&rsquo;au bout. Une nouvelle fois, la Fran\u00e7aise gagne de gros points et monte sur le podium, 2e. Toutefois, la victoire qu&rsquo;elle cherche toujours cet hiver n&rsquo;est pas encore au rendez-vous.<\/p>\n<h2 style=\"text-align: justify;\">Duplessis Kergomard ouvre enfin son compteur, Tchiknavorian sur la bo\u00eete<\/h2>\n<p style=\"text-align: justify;\">C\u00f4t\u00e9 hommes, Melvin Tchiknavorian a \u00e9t\u00e9 \u00e9limin\u00e9 d\u00e8s les quarts de finale apr\u00e8s son exploit de la veille. Mais le collectif tricolore a fait parler sa puissance puisque<strong> Terence Tchiknavorian<\/strong> et <strong>Youri Duplessis Kergomard<\/strong> ont tous deux r\u00e9ussi \u00e0 gagner leur place en finale, assurant \u00e0 minima un nouveau podium au clan tricolore. Avec le jeune <strong>Simone Derovedis<\/strong> et le v\u00e9t\u00e9ran <strong>Alex Fiva<\/strong> pour compl\u00e9ter le tableau, la course s&rsquo;annon\u00e7ait ind\u00e9cise. Ces deux derniers vont d&rsquo;ailleurs se g\u00eaner au premier virage, laissant les deux tricolores prendre les commandes.<\/p>\n<p style=\"text-align: justify;\">Puis, Fiva va carr\u00e9ment se retrouver hors piste. Le double podium est donc automatiquement valid\u00e9. Et si Derovedis va r\u00e9ussir \u00e0 passer devant Tchiknavorian (3e) pour s&#8217;emparer de la 2e place, <strong>Youri Duplessis Kergomard<\/strong> va lui r\u00e9sister jusqu&rsquo;au bout pour s&rsquo;offrir la victoire sur la piste autrichienne. La premi\u00e8re apr\u00e8s laquelle il courrait depuis tant d&rsquo;ann\u00e9es. De quoi effacer le souvenir douloureux de Val Thorens en d\u00e9cembre dernier, o\u00f9 une disqualification lui avait enlev\u00e9 la victoire acquise sur la piste. Cela boucle donc sur une note magistrale l&rsquo;excellent weekend du skicross tricolore \u00e0 <strong>Reiteralm.<\/strong><\/p>\n<blockquote class=\"twitter-tweet\">\n<p dir=\"ltr\" lang=\"fr\">\ud83d\udea8\ud83c\udfc5\ud83e\udd49 Skicross : victoire de Youri Duplessis-Kergomard \u00e0 Reiteralm et 3e place de Terence Tchiknavorian <a href=\"https:\/\/t.co\/8vlPbHoz6B\">pic.twitter.com\/8vlPbHoz6B<\/a><\/p>\n<p>\u2014 Ski Chrono (@Ski_Chrono) <a href=\"https:\/\/twitter.com\/Ski_Chrono\/status\/1761733825363689936?ref_src=twsrc%5Etfw\">February 25, 2024<\/a><\/p><\/blockquote>\n<p><script async src=\"https:\/\/platform.twitter.com\/widgets.js\" charset=\"utf-8\"><\/script><\/p>\n","protected":false},"excerpt":{"rendered":"<p>COUPE DU MONDE DE SKICROSS 2023-2024 &#8211; Youri Duplessis Kergomard a d\u00e9croch\u00e9 la premi\u00e8re victoire de sa carri\u00e8re sur le circuit en l&#8217;emportant \u00e0 Reiteralm ce dimanche. Terence Tchiknavorian (3e) et Marielle Berger Sabbatel (2e) compl\u00e8tent une journ\u00e9e prolifique pour le skicross tricolore.<\/p>\n","protected":false},"author":55,"featured_media":466702,"comment_status":"open","ping_status":"closed","sticky":false,"template":"","format":"standard","meta":{"_acf_changed":false,"_daextam_enable_autolinks":"1","footnotes":""},"categories":[9217],"tags":[16878,29753,13800,2947,20815,28420],"class_list":["post-466697","post","type-post","status-publish","format-standard","has-post-thumbnail","hentry","category-ski","tag-breve","tag-coupe-du-monde-de-skicross","tag-marielle-berger-sabbatel","tag-skicross","tag-terence-tchiknavorian","tag-youri-duplessis-kergomard"],"acf":[],"yoast_head":"<!-- This site is optimized with the Yoast SEO Premium plugin v26.7 (Yoast SEO v26.7) - https:\/\/yoast.com\/wordpress\/plugins\/seo\/ -->\n<title>Coupe du monde de Skicross : Youri Duplessis Kergomard d\u00e9croche sa premi\u00e8re victoire \u00e0 Reiteralm<\/title>\n<meta name=\"description\" content=\"COUPE DU MONDE DE SKICROSS 2023-2024 - Youri Duplessis Kergomard a d\u00e9croch\u00e9 sa premi\u00e8re victoire \u00e0 Reiteralm.\" \/>\n<meta name=\"robots\" content=\"index, follow, max-snippet:-1, max-image-preview:large, max-video-preview:-1\" \/>\n<link rel=\"canonical\" href=\"https:\/\/dicodusport.fr\/blog\/coupe-du-monde-de-skicross-youri-duplessis-kergomard-decroche-sa-premiere-victoire-a-reiteralm\/\" \/>\n<meta property=\"og:locale\" content=\"fr_FR\" \/>\n<meta property=\"og:type\" content=\"article\" \/>\n<meta property=\"og:title\" content=\"Coupe du monde de Skicross : Youri Duplessis Kergomard d\u00e9croche sa premi\u00e8re victoire \u00e0 Reiteralm\" \/>\n<meta property=\"og:description\" content=\"COUPE DU MONDE DE SKICROSS 2023-2024 - Youri Duplessis Kergomard a d\u00e9croch\u00e9 sa premi\u00e8re victoire \u00e0 Reiteralm.\" \/>\n<meta property=\"og:url\" content=\"https:\/\/dicodusport.fr\/blog\/coupe-du-monde-de-skicross-youri-duplessis-kergomard-decroche-sa-premiere-victoire-a-reiteralm\/\" \/>\n<meta property=\"og:site_name\" content=\"Dicodusport\" \/>\n<meta property=\"article:publisher\" content=\"https:\/\/www.facebook.com\/dicodusport\" \/>\n<meta property=\"article:published_time\" content=\"2024-02-25T12:55:38+00:00\" \/>\n<meta property=\"article:modified_time\" content=\"2025-01-20T10:36:33+00:00\" \/>\n<meta property=\"og:image\" content=\"https:\/\/dicodusport.fr\/blog\/wp-content\/uploads\/2024\/02\/Coupe-du-monde-de-Skicross-Youri-Duplessis-Kergomard-decroche-sa-premiere-victoire-a-Reiteralm.png\" \/>\n\t<meta property=\"og:image:width\" content=\"1200\" \/>\n\t<meta property=\"og:image:height\" content=\"674\" \/>\n\t<meta property=\"og:image:type\" content=\"image\/png\" \/>\n<meta name=\"author\" content=\"Maxime Cazenave\" \/>\n<meta name=\"twitter:card\" content=\"summary_large_image\" \/>\n<meta name=\"twitter:title\" content=\"Coupe du monde de Skicross : Youri Duplessis Kergomard d\u00e9croche sa premi\u00e8re victoire \u00e0 Reiteralm\" \/>\n<meta name=\"twitter:creator\" content=\"@https:\/\/twitter.com\/Maxime_Caze\" \/>\n<meta name=\"twitter:site\" content=\"@dicodusport\" \/>\n<script type=\"application\/ld+json\" class=\"yoast-schema-graph\">{\"@context\":\"https:\/\/schema.org\",\"@graph\":[{\"@type\":\"NewsArticle\",\"@id\":\"https:\/\/dicodusport.fr\/blog\/coupe-du-monde-de-skicross-youri-duplessis-kergomard-decroche-sa-premiere-victoire-a-reiteralm\/#article\",\"isPartOf\":{\"@id\":\"https:\/\/dicodusport.fr\/blog\/coupe-du-monde-de-skicross-youri-duplessis-kergomard-decroche-sa-premiere-victoire-a-reiteralm\/\"},\"author\":{\"name\":\"Maxime Cazenave\",\"@id\":\"https:\/\/dicodusport.fr\/blog\/#\/schema\/person\/37def232098a7a5cbab3974a3690abb0\"},\"headline\":\"Coupe du monde de Skicross : Youri Duplessis Kergomard d\u00e9croche sa premi\u00e8re victoire \u00e0 Reiteralm\",\"datePublished\":\"2024-02-25T12:55:38+00:00\",\"dateModified\":\"2025-01-20T10:36:33+00:00\",\"mainEntityOfPage\":{\"@id\":\"https:\/\/dicodusport.fr\/blog\/coupe-du-monde-de-skicross-youri-duplessis-kergomard-decroche-sa-premiere-victoire-a-reiteralm\/\"},\"wordCount\":482,\"commentCount\":0,\"publisher\":{\"@id\":\"https:\/\/dicodusport.fr\/blog\/#organization\"},\"image\":{\"@id\":\"https:\/\/dicodusport.fr\/blog\/coupe-du-monde-de-skicross-youri-duplessis-kergomard-decroche-sa-premiere-victoire-a-reiteralm\/#primaryimage\"},\"thumbnailUrl\":\"https:\/\/dicodusport.fr\/blog\/wp-content\/uploads\/2024\/02\/Coupe-du-monde-de-Skicross-Youri-Duplessis-Kergomard-decroche-sa-premiere-victoire-a-Reiteralm.png\",\"keywords\":[\"br\u00e8ve\",\"Coupe du monde de skicross\",\"Marielle Berger Sabbatel\",\"skicross\",\"Terence Tchiknavorian\",\"Youri Duplessis-Kergomard\"],\"articleSection\":[\"Ski\"],\"inLanguage\":\"fr-FR\",\"potentialAction\":[{\"@type\":\"CommentAction\",\"name\":\"Comment\",\"target\":[\"https:\/\/dicodusport.fr\/blog\/coupe-du-monde-de-skicross-youri-duplessis-kergomard-decroche-sa-premiere-victoire-a-reiteralm\/#respond\"]}],\"copyrightYear\":\"2024\",\"copyrightHolder\":{\"@id\":\"https:\/\/dicodusport.fr\/blog\/#organization\"}},{\"@type\":\"WebPage\",\"@id\":\"https:\/\/dicodusport.fr\/blog\/coupe-du-monde-de-skicross-youri-duplessis-kergomard-decroche-sa-premiere-victoire-a-reiteralm\/\",\"url\":\"https:\/\/dicodusport.fr\/blog\/coupe-du-monde-de-skicross-youri-duplessis-kergomard-decroche-sa-premiere-victoire-a-reiteralm\/\",\"name\":\"Coupe du monde de Skicross : Youri Duplessis Kergomard d\u00e9croche sa premi\u00e8re victoire \u00e0 Reiteralm\",\"isPartOf\":{\"@id\":\"https:\/\/dicodusport.fr\/blog\/#website\"},\"primaryImageOfPage\":{\"@id\":\"https:\/\/dicodusport.fr\/blog\/coupe-du-monde-de-skicross-youri-duplessis-kergomard-decroche-sa-premiere-victoire-a-reiteralm\/#primaryimage\"},\"image\":{\"@id\":\"https:\/\/dicodusport.fr\/blog\/coupe-du-monde-de-skicross-youri-duplessis-kergomard-decroche-sa-premiere-victoire-a-reiteralm\/#primaryimage\"},\"thumbnailUrl\":\"https:\/\/dicodusport.fr\/blog\/wp-content\/uploads\/2024\/02\/Coupe-du-monde-de-Skicross-Youri-Duplessis-Kergomard-decroche-sa-premiere-victoire-a-Reiteralm.png\",\"datePublished\":\"2024-02-25T12:55:38+00:00\",\"dateModified\":\"2025-01-20T10:36:33+00:00\",\"description\":\"COUPE DU MONDE DE SKICROSS 2023-2024 - Youri Duplessis Kergomard a d\u00e9croch\u00e9 sa premi\u00e8re victoire \u00e0 Reiteralm.\",\"breadcrumb\":{\"@id\":\"https:\/\/dicodusport.fr\/blog\/coupe-du-monde-de-skicross-youri-duplessis-kergomard-decroche-sa-premiere-victoire-a-reiteralm\/#breadcrumb\"},\"inLanguage\":\"fr-FR\",\"potentialAction\":[{\"@type\":\"ReadAction\",\"target\":[\"https:\/\/dicodusport.fr\/blog\/coupe-du-monde-de-skicross-youri-duplessis-kergomard-decroche-sa-premiere-victoire-a-reiteralm\/\"]}]},{\"@type\":\"ImageObject\",\"inLanguage\":\"fr-FR\",\"@id\":\"https:\/\/dicodusport.fr\/blog\/coupe-du-monde-de-skicross-youri-duplessis-kergomard-decroche-sa-premiere-victoire-a-reiteralm\/#primaryimage\",\"url\":\"https:\/\/dicodusport.fr\/blog\/wp-content\/uploads\/2024\/02\/Coupe-du-monde-de-Skicross-Youri-Duplessis-Kergomard-decroche-sa-premiere-victoire-a-Reiteralm.png\",\"contentUrl\":\"https:\/\/dicodusport.fr\/blog\/wp-content\/uploads\/2024\/02\/Coupe-du-monde-de-Skicross-Youri-Duplessis-Kergomard-decroche-sa-premiere-victoire-a-Reiteralm.png\",\"width\":1200,\"height\":674,\"caption\":\"Coupe du monde de Skicross : Youri Duplessis Kergomard d\u00e9croche sa premi\u00e8re victoire \u00e0 Reiteralm\"},{\"@type\":\"BreadcrumbList\",\"@id\":\"https:\/\/dicodusport.fr\/blog\/coupe-du-monde-de-skicross-youri-duplessis-kergomard-decroche-sa-premiere-victoire-a-reiteralm\/#breadcrumb\",\"itemListElement\":[{\"@type\":\"ListItem\",\"position\":1,\"name\":\"Accueil\",\"item\":\"https:\/\/dicodusport.fr\/blog\/\"},{\"@type\":\"ListItem\",\"position\":2,\"name\":\"Coupe du monde de Skicross : Youri Duplessis Kergomard d\u00e9croche sa premi\u00e8re victoire \u00e0 Reiteralm\"}]},{\"@type\":\"WebSite\",\"@id\":\"https:\/\/dicodusport.fr\/blog\/#website\",\"url\":\"https:\/\/dicodusport.fr\/blog\/\",\"name\":\"Dicodusport\",\"description\":\"L&#039;encyclop\u00e9die de l&#039;actualit\u00e9 sportive\",\"publisher\":{\"@id\":\"https:\/\/dicodusport.fr\/blog\/#organization\"},\"potentialAction\":[{\"@type\":\"SearchAction\",\"target\":{\"@type\":\"EntryPoint\",\"urlTemplate\":\"https:\/\/dicodusport.fr\/blog\/?s={search_term_string}\"},\"query-input\":{\"@type\":\"PropertyValueSpecification\",\"valueRequired\":true,\"valueName\":\"search_term_string\"}}],\"inLanguage\":\"fr-FR\"},{\"@type\":\"NewsMediaOrganization\",\"@id\":\"https:\/\/dicodusport.fr\/blog\/#organization\",\"name\":\"Dicodusport\",\"url\":\"https:\/\/dicodusport.fr\/blog\/\",\"logo\":{\"@type\":\"ImageObject\",\"inLanguage\":\"fr-FR\",\"@id\":\"https:\/\/dicodusport.fr\/blog\/#\/schema\/logo\/image\/\",\"url\":\"https:\/\/dicodusport.fr\/blog\/wp-content\/uploads\/2020\/06\/cropped-LOGO-DICODUSPORT-2020-SANS-FOND-SANS-TEXTE.png\",\"contentUrl\":\"https:\/\/dicodusport.fr\/blog\/wp-content\/uploads\/2020\/06\/cropped-LOGO-DICODUSPORT-2020-SANS-FOND-SANS-TEXTE.png\",\"width\":512,\"height\":512,\"caption\":\"Dicodusport\"},\"image\":{\"@id\":\"https:\/\/dicodusport.fr\/blog\/#\/schema\/logo\/image\/\"},\"sameAs\":[\"https:\/\/www.facebook.com\/dicodusport\",\"https:\/\/x.com\/dicodusport\",\"https:\/\/www.instagram.com\/dicodusport\/\",\"https:\/\/www.youtube.com\/channel\/UC7V2KZ5sd3htJivAbA4ZG3w\"],\"description\":\"Dicodusport est l'encyclop\u00e9die de l'actualit\u00e9 sportive.\",\"email\":\"bonjour@dicodusport.fr\",\"legalName\":\"DICODUSPORT\",\"foundingDate\":\"2018-01-14\",\"vatID\":\"FR71834470973\",\"taxID\":\"83447097300043\",\"numberOfEmployees\":{\"@type\":\"QuantitativeValue\",\"minValue\":\"1\",\"maxValue\":\"10\"}},{\"@type\":\"Person\",\"@id\":\"https:\/\/dicodusport.fr\/blog\/#\/schema\/person\/37def232098a7a5cbab3974a3690abb0\",\"name\":\"Maxime Cazenave\",\"image\":{\"@type\":\"ImageObject\",\"inLanguage\":\"fr-FR\",\"@id\":\"https:\/\/dicodusport.fr\/blog\/#\/schema\/person\/image\/\",\"url\":\"https:\/\/dicodusport.fr\/blog\/wp-content\/uploads\/2021\/05\/Maxime-Cazenave-150x150.jpg\",\"contentUrl\":\"https:\/\/dicodusport.fr\/blog\/wp-content\/uploads\/2021\/05\/Maxime-Cazenave-150x150.jpg\",\"caption\":\"Maxime Cazenave\"},\"description\":\"Journaliste\/R\u00e9dacteur depuis 2012 - Berc\u00e9 par l\u2019amour des Girondins de Bordeaux, les \u00e9checs de Christophe Moreau sur le Tour de France sous l'\u00e8re Lance Armstrong et le fade-away l\u00e9tal de Dirk Nowitzki, ma passion d\u00e9vorante pour le sport a toujours \u00e9t\u00e9 un pan incontournable de ma vie. Transmettre ma passion \u00e0 l\u2019\u00e9crit a \u00e9t\u00e9 une transition naturelle. Suiveur assidu de basket et de hockey sur glace, je garde toujours un peu de place pour suivre le cyclisme, le football et le maximum de performances fran\u00e7aises.\",\"sameAs\":[\"https:\/\/x.com\/https:\/\/twitter.com\/Maxime_Caze\"],\"url\":\"https:\/\/dicodusport.fr\/blog\/author\/maximec\/\"}]}<\/script>\n<!-- \/ Yoast SEO Premium plugin. -->","yoast_head_json":{"title":"Coupe du monde de Skicross : Youri Duplessis Kergomard d\u00e9croche sa premi\u00e8re victoire \u00e0 Reiteralm","description":"COUPE DU MONDE DE SKICROSS 2023-2024 - Youri Duplessis Kergomard a d\u00e9croch\u00e9 sa premi\u00e8re victoire \u00e0 Reiteralm.","robots":{"index":"index","follow":"follow","max-snippet":"max-snippet:-1","max-image-preview":"max-image-preview:large","max-video-preview":"max-video-preview:-1"},"canonical":"https:\/\/dicodusport.fr\/blog\/coupe-du-monde-de-skicross-youri-duplessis-kergomard-decroche-sa-premiere-victoire-a-reiteralm\/","og_locale":"fr_FR","og_type":"article","og_title":"Coupe du monde de Skicross : Youri Duplessis Kergomard d\u00e9croche sa premi\u00e8re victoire \u00e0 Reiteralm","og_description":"COUPE DU MONDE DE SKICROSS 2023-2024 - Youri Duplessis Kergomard a d\u00e9croch\u00e9 sa premi\u00e8re victoire \u00e0 Reiteralm.","og_url":"https:\/\/dicodusport.fr\/blog\/coupe-du-monde-de-skicross-youri-duplessis-kergomard-decroche-sa-premiere-victoire-a-reiteralm\/","og_site_name":"Dicodusport","article_publisher":"https:\/\/www.facebook.com\/dicodusport","article_published_time":"2024-02-25T12:55:38+00:00","article_modified_time":"2025-01-20T10:36:33+00:00","og_image":[{"width":1200,"height":674,"url":"https:\/\/dicodusport.fr\/blog\/wp-content\/uploads\/2024\/02\/Coupe-du-monde-de-Skicross-Youri-Duplessis-Kergomard-decroche-sa-premiere-victoire-a-Reiteralm.png","type":"image\/png"}],"author":"Maxime Cazenave","twitter_card":"summary_large_image","twitter_title":"Coupe du monde de Skicross : Youri Duplessis Kergomard d\u00e9croche sa premi\u00e8re victoire \u00e0 Reiteralm","twitter_creator":"@https:\/\/twitter.com\/Maxime_Caze","twitter_site":"@dicodusport","schema":{"@context":"https:\/\/schema.org","@graph":[{"@type":"NewsArticle","@id":"https:\/\/dicodusport.fr\/blog\/coupe-du-monde-de-skicross-youri-duplessis-kergomard-decroche-sa-premiere-victoire-a-reiteralm\/#article","isPartOf":{"@id":"https:\/\/dicodusport.fr\/blog\/coupe-du-monde-de-skicross-youri-duplessis-kergomard-decroche-sa-premiere-victoire-a-reiteralm\/"},"author":{"name":"Maxime Cazenave","@id":"https:\/\/dicodusport.fr\/blog\/#\/schema\/person\/37def232098a7a5cbab3974a3690abb0"},"headline":"Coupe du monde de Skicross : Youri Duplessis Kergomard d\u00e9croche sa premi\u00e8re victoire \u00e0 Reiteralm","datePublished":"2024-02-25T12:55:38+00:00","dateModified":"2025-01-20T10:36:33+00:00","mainEntityOfPage":{"@id":"https:\/\/dicodusport.fr\/blog\/coupe-du-monde-de-skicross-youri-duplessis-kergomard-decroche-sa-premiere-victoire-a-reiteralm\/"},"wordCount":482,"commentCount":0,"publisher":{"@id":"https:\/\/dicodusport.fr\/blog\/#organization"},"image":{"@id":"https:\/\/dicodusport.fr\/blog\/coupe-du-monde-de-skicross-youri-duplessis-kergomard-decroche-sa-premiere-victoire-a-reiteralm\/#primaryimage"},"thumbnailUrl":"https:\/\/dicodusport.fr\/blog\/wp-content\/uploads\/2024\/02\/Coupe-du-monde-de-Skicross-Youri-Duplessis-Kergomard-decroche-sa-premiere-victoire-a-Reiteralm.png","keywords":["br\u00e8ve","Coupe du monde de skicross","Marielle Berger Sabbatel","skicross","Terence Tchiknavorian","Youri Duplessis-Kergomard"],"articleSection":["Ski"],"inLanguage":"fr-FR","potentialAction":[{"@type":"CommentAction","name":"Comment","target":["https:\/\/dicodusport.fr\/blog\/coupe-du-monde-de-skicross-youri-duplessis-kergomard-decroche-sa-premiere-victoire-a-reiteralm\/#respond"]}],"copyrightYear":"2024","copyrightHolder":{"@id":"https:\/\/dicodusport.fr\/blog\/#organization"}},{"@type":"WebPage","@id":"https:\/\/dicodusport.fr\/blog\/coupe-du-monde-de-skicross-youri-duplessis-kergomard-decroche-sa-premiere-victoire-a-reiteralm\/","url":"https:\/\/dicodusport.fr\/blog\/coupe-du-monde-de-skicross-youri-duplessis-kergomard-decroche-sa-premiere-victoire-a-reiteralm\/","name":"Coupe du monde de Skicross : Youri Duplessis Kergomard d\u00e9croche sa premi\u00e8re victoire \u00e0 Reiteralm","isPartOf":{"@id":"https:\/\/dicodusport.fr\/blog\/#website"},"primaryImageOfPage":{"@id":"https:\/\/dicodusport.fr\/blog\/coupe-du-monde-de-skicross-youri-duplessis-kergomard-decroche-sa-premiere-victoire-a-reiteralm\/#primaryimage"},"image":{"@id":"https:\/\/dicodusport.fr\/blog\/coupe-du-monde-de-skicross-youri-duplessis-kergomard-decroche-sa-premiere-victoire-a-reiteralm\/#primaryimage"},"thumbnailUrl":"https:\/\/dicodusport.fr\/blog\/wp-content\/uploads\/2024\/02\/Coupe-du-monde-de-Skicross-Youri-Duplessis-Kergomard-decroche-sa-premiere-victoire-a-Reiteralm.png","datePublished":"2024-02-25T12:55:38+00:00","dateModified":"2025-01-20T10:36:33+00:00","description":"COUPE DU MONDE DE SKICROSS 2023-2024 - Youri Duplessis Kergomard a d\u00e9croch\u00e9 sa premi\u00e8re victoire \u00e0 Reiteralm.","breadcrumb":{"@id":"https:\/\/dicodusport.fr\/blog\/coupe-du-monde-de-skicross-youri-duplessis-kergomard-decroche-sa-premiere-victoire-a-reiteralm\/#breadcrumb"},"inLanguage":"fr-FR","potentialAction":[{"@type":"ReadAction","target":["https:\/\/dicodusport.fr\/blog\/coupe-du-monde-de-skicross-youri-duplessis-kergomard-decroche-sa-premiere-victoire-a-reiteralm\/"]}]},{"@type":"ImageObject","inLanguage":"fr-FR","@id":"https:\/\/dicodusport.fr\/blog\/coupe-du-monde-de-skicross-youri-duplessis-kergomard-decroche-sa-premiere-victoire-a-reiteralm\/#primaryimage","url":"https:\/\/dicodusport.fr\/blog\/wp-content\/uploads\/2024\/02\/Coupe-du-monde-de-Skicross-Youri-Duplessis-Kergomard-decroche-sa-premiere-victoire-a-Reiteralm.png","contentUrl":"https:\/\/dicodusport.fr\/blog\/wp-content\/uploads\/2024\/02\/Coupe-du-monde-de-Skicross-Youri-Duplessis-Kergomard-decroche-sa-premiere-victoire-a-Reiteralm.png","width":1200,"height":674,"caption":"Coupe du monde de Skicross : Youri Duplessis Kergomard d\u00e9croche sa premi\u00e8re victoire \u00e0 Reiteralm"},{"@type":"BreadcrumbList","@id":"https:\/\/dicodusport.fr\/blog\/coupe-du-monde-de-skicross-youri-duplessis-kergomard-decroche-sa-premiere-victoire-a-reiteralm\/#breadcrumb","itemListElement":[{"@type":"ListItem","position":1,"name":"Accueil","item":"https:\/\/dicodusport.fr\/blog\/"},{"@type":"ListItem","position":2,"name":"Coupe du monde de Skicross : Youri Duplessis Kergomard d\u00e9croche sa premi\u00e8re victoire \u00e0 Reiteralm"}]},{"@type":"WebSite","@id":"https:\/\/dicodusport.fr\/blog\/#website","url":"https:\/\/dicodusport.fr\/blog\/","name":"Dicodusport","description":"L&#039;encyclop\u00e9die de l&#039;actualit\u00e9 sportive","publisher":{"@id":"https:\/\/dicodusport.fr\/blog\/#organization"},"potentialAction":[{"@type":"SearchAction","target":{"@type":"EntryPoint","urlTemplate":"https:\/\/dicodusport.fr\/blog\/?s={search_term_string}"},"query-input":{"@type":"PropertyValueSpecification","valueRequired":true,"valueName":"search_term_string"}}],"inLanguage":"fr-FR"},{"@type":"NewsMediaOrganization","@id":"https:\/\/dicodusport.fr\/blog\/#organization","name":"Dicodusport","url":"https:\/\/dicodusport.fr\/blog\/","logo":{"@type":"ImageObject","inLanguage":"fr-FR","@id":"https:\/\/dicodusport.fr\/blog\/#\/schema\/logo\/image\/","url":"https:\/\/dicodusport.fr\/blog\/wp-content\/uploads\/2020\/06\/cropped-LOGO-DICODUSPORT-2020-SANS-FOND-SANS-TEXTE.png","contentUrl":"https:\/\/dicodusport.fr\/blog\/wp-content\/uploads\/2020\/06\/cropped-LOGO-DICODUSPORT-2020-SANS-FOND-SANS-TEXTE.png","width":512,"height":512,"caption":"Dicodusport"},"image":{"@id":"https:\/\/dicodusport.fr\/blog\/#\/schema\/logo\/image\/"},"sameAs":["https:\/\/www.facebook.com\/dicodusport","https:\/\/x.com\/dicodusport","https:\/\/www.instagram.com\/dicodusport\/","https:\/\/www.youtube.com\/channel\/UC7V2KZ5sd3htJivAbA4ZG3w"],"description":"Dicodusport est l'encyclop\u00e9die de l'actualit\u00e9 sportive.","email":"bonjour@dicodusport.fr","legalName":"DICODUSPORT","foundingDate":"2018-01-14","vatID":"FR71834470973","taxID":"83447097300043","numberOfEmployees":{"@type":"QuantitativeValue","minValue":"1","maxValue":"10"}},{"@type":"Person","@id":"https:\/\/dicodusport.fr\/blog\/#\/schema\/person\/37def232098a7a5cbab3974a3690abb0","name":"Maxime Cazenave","image":{"@type":"ImageObject","inLanguage":"fr-FR","@id":"https:\/\/dicodusport.fr\/blog\/#\/schema\/person\/image\/","url":"https:\/\/dicodusport.fr\/blog\/wp-content\/uploads\/2021\/05\/Maxime-Cazenave-150x150.jpg","contentUrl":"https:\/\/dicodusport.fr\/blog\/wp-content\/uploads\/2021\/05\/Maxime-Cazenave-150x150.jpg","caption":"Maxime Cazenave"},"description":"Journaliste\/R\u00e9dacteur depuis 2012 - Berc\u00e9 par l\u2019amour des Girondins de Bordeaux, les \u00e9checs de Christophe Moreau sur le Tour de France sous l'\u00e8re Lance Armstrong et le fade-away l\u00e9tal de Dirk Nowitzki, ma passion d\u00e9vorante pour le sport a toujours \u00e9t\u00e9 un pan incontournable de ma vie. Transmettre ma passion \u00e0 l\u2019\u00e9crit a \u00e9t\u00e9 une transition naturelle. Suiveur assidu de basket et de hockey sur glace, je garde toujours un peu de place pour suivre le cyclisme, le football et le maximum de performances fran\u00e7aises.","sameAs":["https:\/\/x.com\/https:\/\/twitter.com\/Maxime_Caze"],"url":"https:\/\/dicodusport.fr\/blog\/author\/maximec\/"}]}},"_links":{"self":[{"href":"https:\/\/dicodusport.fr\/blog\/wp-json\/wp\/v2\/posts\/466697","targetHints":{"allow":["GET"]}}],"collection":[{"href":"https:\/\/dicodusport.fr\/blog\/wp-json\/wp\/v2\/posts"}],"about":[{"href":"https:\/\/dicodusport.fr\/blog\/wp-json\/wp\/v2\/types\/post"}],"author":[{"embeddable":true,"href":"https:\/\/dicodusport.fr\/blog\/wp-json\/wp\/v2\/users\/55"}],"replies":[{"embeddable":true,"href":"https:\/\/dicodusport.fr\/blog\/wp-json\/wp\/v2\/comments?post=466697"}],"version-history":[{"count":3,"href":"https:\/\/dicodusport.fr\/blog\/wp-json\/wp\/v2\/posts\/466697\/revisions"}],"predecessor-version":[{"id":548352,"href":"https:\/\/dicodusport.fr\/blog\/wp-json\/wp\/v2\/posts\/466697\/revisions\/548352"}],"wp:featuredmedia":[{"embeddable":true,"href":"https:\/\/dicodusport.fr\/blog\/wp-json\/wp\/v2\/media\/466702"}],"wp:attachment":[{"href":"https:\/\/dicodusport.fr\/blog\/wp-json\/wp\/v2\/media?parent=466697"}],"wp:term":[{"taxonomy":"category","embeddable":true,"href":"https:\/\/dicodusport.fr\/blog\/wp-json\/wp\/v2\/categories?post=466697"},{"taxonomy":"post_tag","embeddable":true,"href":"https:\/\/dicodusport.fr\/blog\/wp-json\/wp\/v2\/tags?post=466697"}],"curies":[{"name":"wp","href":"https:\/\/api.w.org\/{rel}","templated":true}]}}