{"id":466929,"date":"2024-02-26T10:47:01","date_gmt":"2024-02-26T09:47:01","guid":{"rendered":"https:\/\/dicodusport.fr\/blog\/?p=466929&#038;preview=true&#038;preview_id=466929"},"modified":"2024-02-26T18:36:08","modified_gmt":"2024-02-26T17:36:08","slug":"athletisme-beretta-collet-loga-les-performances-francaises-de-la-semaine","status":"publish","type":"post","link":"https:\/\/dicodusport.fr\/blog\/athletisme-beretta-collet-loga-les-performances-francaises-de-la-semaine\/","title":{"rendered":"Athl\u00e9tisme : Beretta, Collet, Loga, les performances fran\u00e7aises de la semaine"},"content":{"rendered":"<p style=\"text-align: justify;\"><strong><em>ATHL\u00c9TISME &#8211; Tour d&rsquo;horizon sur les performances des Fran\u00e7ais dans une semaine marqu\u00e9e par les championnats de France jeunes et de lancers. Mais aussi le Perche \u00c9lite Tour de Rouen et le All Star Perche de Clermont. Et un record de France.<\/em><\/strong><\/p>\n<h2 style=\"text-align: justify;\">Un nouveau record de France pour Cl\u00e9mence Beretta<\/h2>\n<p style=\"text-align: justify;\">Une semaine sans record de France n&rsquo;est pas une semaine normale de 2024. Celle qui s&rsquo;est mise \u00e0 l&rsquo;honneur est<strong> Cl\u00e9mence Beretta<\/strong>. Toujours loin de la France, elle a profit\u00e9 d&rsquo;un 5 000 m pour faire une grosse s\u00e9ance d&rsquo;entra\u00eenement. Mais surtout battre le record de France d&rsquo;<strong>\u00c9milie Menuet<\/strong> de pr\u00e8s de 27 secondes. Devenant la premi\u00e8re fran\u00e7aise sous les 21 minutes (20:59.70). Une \u00e9norme performance pour la Vosgienne. C&rsquo;est le deuxi\u00e8me record de 2024 pour celle qui a \u00e9galement battu son record au 10 000 m, il y a quelques semaines.<\/p>\n<blockquote class=\"twitter-tweet\">\n<p dir=\"ltr\" lang=\"fr\">MEILLEURE PERFORMANCE FRAN\u00c7AISE DE TOUS LES TEMPS POUR CL\u00c9MENCE BERETTA<\/p>\n<p>La Fran\u00e7aise a claqu\u00e9 un gros 20:59.70 sur 5000 m marche<\/p>\n<p>Premi\u00e8re fran\u00e7aise sous les 21 sur la distance.<\/p>\n<p>Performance \u00e9norme <a href=\"https:\/\/t.co\/2YZtRqdmiP\">pic.twitter.com\/2YZtRqdmiP<\/a><\/p>\n<p>\u2014 Etienne Goursaud \ud83d\udc26 (@EtienneGoursaud) <a href=\"https:\/\/twitter.com\/EtienneGoursaud\/status\/1761307850003947758?ref_src=twsrc%5Etfw\">February 24, 2024<\/a><\/p><\/blockquote>\n<p><script async src=\"https:\/\/platform.twitter.com\/widgets.js\" charset=\"utf-8\"><\/script><\/p>\n<h2 style=\"text-align: justify;\">Thibaut Collet parmi les grands<\/h2>\n<p style=\"text-align: justify;\">5.92 m \u00e0 Clermont. Voil\u00e0 qui vous place un perchiste. Lors du All Star Perche, <strong>Thibaut Collet<\/strong> s&rsquo;est offert un record personnel. Mais aussi une confirmation du changement de dimension de celui qui a termin\u00e9 5e des Mondiaux de Budapest. Qui s&rsquo;affirme comme un outsider \u00e0 Glasgow, le week-end prochain, lors des championnats du monde en salle. Pr\u00e9sent \u00e0 Rouen ce samedi, il s&rsquo;est arr\u00eat\u00e9 \u00e0 5.73 m. Mais on a d\u00e9j\u00e0 h\u00e2te d&rsquo;\u00eatre en \u00c9cosse, face au gratin mondial. Parmi les perchistes qui ont battu leur record personnel en salle ce week-end, on peut citer <strong>Alix Dehaynain<\/strong> \u00e0 Rouen (4.53 m), alors que<strong> Marie-Julie Bonnin<\/strong> a effac\u00e9 la m\u00eame barre \u00e0 Clermont.<\/p>\n<blockquote class=\"twitter-tweet\">\n<p dir=\"ltr\" lang=\"fr\">Toujours plus haut ! \ud83d\udef8<\/p>\n<p>\ud83c\udde8\ud83c\uddf5 Thibaut Collet efface une barre \u00e0 5,92 m et am\u00e9liore la meilleure marque de sa carri\u00e8re de deux centim\u00e8tres au All Star Perche \ud83d\udcaa<\/p>\n<p>Il devient le 5e performeur fran\u00e7ais de l&rsquo;histoire \ud83e\udd29<\/p>\n<p>\ud83d\udcfa Suivez la comp\u00e9tition en \ud835\uddd7\ud835\udddc\ud835\udde5\ud835\uddd8\ud835\uddd6\ud835\udde7 sur la chaine L\u2019\u00c9QUIPE <a href=\"https:\/\/t.co\/OkohRzQCaJ\">pic.twitter.com\/OkohRzQCaJ<\/a><\/p>\n<p>\u2014 FFAthl\u00e9tisme (@FFAthletisme) <a href=\"https:\/\/twitter.com\/FFAthletisme\/status\/1760771430336110608?ref_src=twsrc%5Etfw\">February 22, 2024<\/a><\/p><\/blockquote>\n<p><script async src=\"https:\/\/platform.twitter.com\/widgets.js\" charset=\"utf-8\"><\/script><\/p>\n<p style=\"text-align: justify;\"><strong>Margot Chevrier<\/strong> a fait parler sa r\u00e9gularit\u00e9, avec deux concours \u00e0 4.63 m. Et m\u00eame si les 4.73 m synonymes de minima olympiques, se refusent encore \u00e0 elle, elle confirme qu&rsquo;elle a franchi un gros cap en 2024.<\/p>\n<ul>\n<li style=\"text-align: justify;\"><strong>\u00c0 ce sujet \u2013\u00a0<a href=\"https:\/\/dicodusport.fr\/blog\/perche-elite-rouen-2024-sam-kendricks-et-molly-caudery-victorieux\/\">Athl\u00e9tisme \u2013 Le r\u00e9sum\u00e9 du Perche \u00c9lite de Rouen<\/a><\/strong><\/li>\n<\/ul>\n<h2 style=\"text-align: justify;\">De tr\u00e8s beaux championnats de France jeunes<\/h2>\n<p style=\"text-align: justify;\">On avait vis\u00e9 juste en pr\u00e9sentant cette semaine <a href=\"https:\/\/dicodusport.fr\/blog\/5-athletes-a-suivre-au-championnats-de-france-en-salle-dathletisme-u18-et-u20\/\">les cinq athl\u00e8tes \u00e0 suivre durant la comp\u00e9tition<\/a>. <strong>Meta Tumba, Ylann Bizasene, Nolhan Burgu\u00e9, Milann Klemenic<\/strong> et <strong>Cl\u00e9mence Rougier<\/strong> ont tous conquis le titre de champion de France dans leur discipline. Pas de record de France, m\u00eame si <strong>Milann Klemenic<\/strong> a fait trembler le sien sur 400 m, \u00e9chouant \u00e0 un petit centi\u00e8me, avec ses 47.93 ce dimanche.<\/p>\n<p style=\"text-align: justify;\">Au registre des records personnels, saluons les 6.42 m de <strong>Vanessa Lokuli,<\/strong> junior et qui entre dans le top 10 de tous les temps de sa discipline, le saut en longueur. Elle avait d\u00e9j\u00e0 \u00e9t\u00e9 sacr\u00e9e sur 60 m, avec un record personnel \u00e0 la cl\u00e9 en 7.40, l\u00e0 aussi 10e performance junior de tous les temps. Toujours en juniors, <strong>Jade Marquis-Laine<\/strong> s&rsquo;est envol\u00e9e \u00e0 1.81 m \u00e0 la hauteur, <strong>Louise Boulent<\/strong> a d\u00e9coll\u00e9 \u00e0 4.15 m \u00e0 la perche. <strong>M\u00e9lissa Benfatah\u00a0<\/strong>a r\u00e9alis\u00e9 par deux fois 8.25 pour l&#8217;emporter sur le 60 m haies juniors. R\u00e9alisant l\u00e0, le record des championnats. <strong>Math\u00e9o Boulineau<\/strong> a lui r\u00e9alis\u00e9 7.75. <strong>Gabin Math\u00e9<\/strong> s&rsquo;est envol\u00e9 \u00e0 5.30 m \u00e0 la perche.<\/p>\n<p style=\"text-align: justify;\">Des records \u00e9galement chez les cadets et cadettes. Comme <strong>Shade Laporal<\/strong>, vainqueur du 60 m en 7.55 ou <strong>Ludivine Alverte-Song<\/strong> sur 200 m, en 24.24, 8e perf cadette de tous les temps. <strong>Tha\u00efs Cursaz<\/strong> a fr\u00f4l\u00e9 la correctionnelle en s\u00e9ries, avant de l&#8217;emporter en 8.41. <strong>Elisa Moreau<\/strong> a d\u00e9coll\u00e9 \u00e0 3.70 m \u00e0 la perche. <strong>Amayelle Sy De Vaucher<\/strong> est retomb\u00e9 \u00e0 12.52 m au triple saut. <strong>Ga\u00ebl Delamenie<\/strong> remporte le 60 m en 6.91, <strong>L\u00e9o Dupont<\/strong> s&rsquo;est envol\u00e9 \u00e0 4.80 m \u00e0 la perche, tandis que <strong>Cl\u00e9ment Hippolyte<\/strong> retombe \u00e0 15.05 m au triple saut, une meilleure performance que le champion de France junior. <strong>R\u00e9mi Mourie<\/strong> retombe \u00e0 7.22 m \u00e0 la longueur<\/p>\n<ul>\n<li style=\"text-align: justify;\"><strong>\u00c0 ce sujet &#8211; <a href=\"https:\/\/dicodusport.fr\/blog\/championnats-de-france-dathletisme-u18-u20-en-salle-le-recap-du-week-end\/\">Le r\u00e9sum\u00e9 des championnats de France jeunes en salle<\/a><\/strong><\/li>\n<\/ul>\n<h2 style=\"text-align: justify;\">Des Fran\u00e7ais qui ont brill\u00e9 dans les lancers<\/h2>\n<p style=\"text-align: justify;\">Parmi les cadors, des internationaux comme <strong>Jean-Baptiste Bruxelle<\/strong>, <strong>Alexandra Tavernier, Tom Reux, Aliz\u00e9 Minard, Rose Loga<\/strong> et bien s\u00fbr l&#8217;embl\u00e9matique <strong>M\u00e9lina Robert-Michon<\/strong>, avaient fait le d\u00e9placement du c\u00f4t\u00e9 de Salon-de-Provence et des championnats de France de lancers hivernaux. Cette derni\u00e8re a glan\u00e9 un nouveau titre de championne de France du disque avec un jet \u00e0 61.02 m. Tandis que <strong>R\u00e9mi Conroy <\/strong>et <strong>Tom Reux<\/strong> ont battu leur record personnel au javelot et au disque, avec 78.97 m et 61.46 m. <strong>Jean-Baptiste Bruxelle<\/strong>, apr\u00e8s une ann\u00e9e 2023 un poil compliqu\u00e9e, a remis la marche en avant, avec un beau jet \u00e0 74.40 m au marteau, non loin de son record personnel. Dans la m\u00eame discipline, c&rsquo;est <strong>Rose Loga<\/strong> qui prend le titre chez les dames, avec un lancer \u00e0 71.79 m.<\/p>\n<p style=\"text-align: justify;\">Parmi les beaux records personnels, on peut citer <strong>Marie Rougetet<\/strong>. La jeune junior premi\u00e8re ann\u00e9e a lanc\u00e9 son marteau \u00e0 64.87 m, meilleure performance mondiale junior de l&rsquo;ann\u00e9e, c&rsquo;est la 6e performance fran\u00e7aise junior de tous les temps. Grand espoir du disque, <strong>Samuel Conjungo<\/strong>, lui aussi junior premi\u00e8re ann\u00e9e, a battu son record personnel avec 57.33 m. Attention \u00e0 lui cet \u00e9t\u00e9. Chez les cadettes, cela a \u00e9t\u00e9 \u00e9galement loin, avec les 66.09 m de <strong>Candyce Bonjean<\/strong> (poids de 3 kilos).<\/p>\n<ul>\n<li style=\"text-align: justify;\"><strong>\u00c0 ce sujet &#8211; <a href=\"https:\/\/dicodusport.fr\/blog\/programme-et-resultats-championnats-de-france-hivernaux-des-lancers-2024\/\">Les r\u00e9sultats des championnats de France de lancers hivernaux<\/a><\/strong><\/li>\n<\/ul>\n","protected":false},"excerpt":{"rendered":"<p>ATHL\u00c9TISME &#8211; Tour d&rsquo;horizon sur les performances des Fran\u00e7ais dans une semaine marqu\u00e9e par les championnats de France jeunes et de lancers. Mais aussi le Perche \u00c9lite Tour de Rouen et le All Star Perche de Clermont. Et un record de France.<\/p>\n","protected":false},"author":83,"featured_media":466944,"comment_status":"open","ping_status":"closed","sticky":false,"template":"","format":"standard","meta":{"_acf_changed":false,"_daextam_enable_autolinks":"1","footnotes":""},"categories":[2308],"tags":[143,10976,16878,30285,5506,30289],"class_list":["post-466929","post","type-post","status-publish","format-standard","has-post-thumbnail","hentry","category-athletisme","tag-athletisme","tag-athletisme-francais","tag-breve","tag-clemence-beretta","tag-melina-robert-michon","tag-rose-loga"],"acf":[],"yoast_head":"<!-- This site is optimized with the Yoast SEO Premium plugin v26.7 (Yoast SEO v26.7) - https:\/\/yoast.com\/wordpress\/plugins\/seo\/ -->\n<title>Athl\u00e9tisme : Beretta, Collet, Loga, les performances fran\u00e7aises de la semaine<\/title>\n<meta name=\"description\" content=\"ATHL\u00c9TISME - Tour d&#039;horizon sur les performances des Fran\u00e7ais dans une semaine marqu\u00e9e par les France jeunes et de lancers.\" \/>\n<meta name=\"robots\" content=\"index, follow, max-snippet:-1, max-image-preview:large, max-video-preview:-1\" \/>\n<link rel=\"canonical\" href=\"https:\/\/dicodusport.fr\/blog\/athletisme-beretta-collet-loga-les-performances-francaises-de-la-semaine\/\" \/>\n<meta property=\"og:locale\" content=\"fr_FR\" \/>\n<meta property=\"og:type\" content=\"article\" \/>\n<meta property=\"og:title\" content=\"Athl\u00e9tisme : Beretta, Collet, Loga, les performances fran\u00e7aises de la semaine\" \/>\n<meta property=\"og:description\" content=\"ATHL\u00c9TISME - Tour d&#039;horizon sur les performances des Fran\u00e7ais dans une semaine marqu\u00e9e par les France jeunes et de lancers.\" \/>\n<meta property=\"og:url\" content=\"https:\/\/dicodusport.fr\/blog\/athletisme-beretta-collet-loga-les-performances-francaises-de-la-semaine\/\" \/>\n<meta property=\"og:site_name\" content=\"Dicodusport\" \/>\n<meta property=\"article:publisher\" content=\"https:\/\/www.facebook.com\/dicodusport\" \/>\n<meta property=\"article:published_time\" content=\"2024-02-26T09:47:01+00:00\" \/>\n<meta property=\"article:modified_time\" content=\"2024-02-26T17:36:08+00:00\" \/>\n<meta property=\"og:image\" content=\"https:\/\/dicodusport.fr\/blog\/wp-content\/uploads\/2024\/02\/Athletisme-Beretta-Collet-Loga-les-performances-francaises-de-la-semaine.png\" \/>\n\t<meta property=\"og:image:width\" content=\"1200\" \/>\n\t<meta property=\"og:image:height\" content=\"674\" \/>\n\t<meta property=\"og:image:type\" content=\"image\/png\" \/>\n<meta name=\"author\" content=\"Etienne Goursaud\" \/>\n<meta name=\"twitter:card\" content=\"summary_large_image\" \/>\n<meta name=\"twitter:title\" content=\"Athl\u00e9tisme : Beretta, Collet, Loga, les performances fran\u00e7aises de la semaine\" \/>\n<meta name=\"twitter:creator\" content=\"@dicodusport\" \/>\n<meta name=\"twitter:site\" content=\"@dicodusport\" \/>\n<script type=\"application\/ld+json\" class=\"yoast-schema-graph\">{\"@context\":\"https:\/\/schema.org\",\"@graph\":[{\"@type\":\"NewsArticle\",\"@id\":\"https:\/\/dicodusport.fr\/blog\/athletisme-beretta-collet-loga-les-performances-francaises-de-la-semaine\/#article\",\"isPartOf\":{\"@id\":\"https:\/\/dicodusport.fr\/blog\/athletisme-beretta-collet-loga-les-performances-francaises-de-la-semaine\/\"},\"author\":{\"name\":\"Etienne Goursaud\",\"@id\":\"https:\/\/dicodusport.fr\/blog\/#\/schema\/person\/d603dd7da31fb2b46c82b9835a77ec13\"},\"headline\":\"Athl\u00e9tisme : Beretta, Collet, Loga, les performances fran\u00e7aises de la semaine\",\"datePublished\":\"2024-02-26T09:47:01+00:00\",\"dateModified\":\"2024-02-26T17:36:08+00:00\",\"mainEntityOfPage\":{\"@id\":\"https:\/\/dicodusport.fr\/blog\/athletisme-beretta-collet-loga-les-performances-francaises-de-la-semaine\/\"},\"wordCount\":970,\"commentCount\":0,\"publisher\":{\"@id\":\"https:\/\/dicodusport.fr\/blog\/#organization\"},\"image\":{\"@id\":\"https:\/\/dicodusport.fr\/blog\/athletisme-beretta-collet-loga-les-performances-francaises-de-la-semaine\/#primaryimage\"},\"thumbnailUrl\":\"https:\/\/dicodusport.fr\/blog\/wp-content\/uploads\/2024\/02\/Athletisme-Beretta-Collet-Loga-les-performances-francaises-de-la-semaine.png\",\"keywords\":[\"Athl\u00e9tisme\",\"Athl\u00e9tisme fran\u00e7ais\",\"br\u00e8ve\",\"Cl\u00e9mence Beretta\",\"M\u00e9lina Robert-Michon\",\"Rose Loga\"],\"articleSection\":[\"Athl\u00e9tisme\"],\"inLanguage\":\"fr-FR\",\"potentialAction\":[{\"@type\":\"CommentAction\",\"name\":\"Comment\",\"target\":[\"https:\/\/dicodusport.fr\/blog\/athletisme-beretta-collet-loga-les-performances-francaises-de-la-semaine\/#respond\"]}],\"copyrightYear\":\"2024\",\"copyrightHolder\":{\"@id\":\"https:\/\/dicodusport.fr\/blog\/#organization\"}},{\"@type\":\"WebPage\",\"@id\":\"https:\/\/dicodusport.fr\/blog\/athletisme-beretta-collet-loga-les-performances-francaises-de-la-semaine\/\",\"url\":\"https:\/\/dicodusport.fr\/blog\/athletisme-beretta-collet-loga-les-performances-francaises-de-la-semaine\/\",\"name\":\"Athl\u00e9tisme : Beretta, Collet, Loga, les performances fran\u00e7aises de la semaine\",\"isPartOf\":{\"@id\":\"https:\/\/dicodusport.fr\/blog\/#website\"},\"primaryImageOfPage\":{\"@id\":\"https:\/\/dicodusport.fr\/blog\/athletisme-beretta-collet-loga-les-performances-francaises-de-la-semaine\/#primaryimage\"},\"image\":{\"@id\":\"https:\/\/dicodusport.fr\/blog\/athletisme-beretta-collet-loga-les-performances-francaises-de-la-semaine\/#primaryimage\"},\"thumbnailUrl\":\"https:\/\/dicodusport.fr\/blog\/wp-content\/uploads\/2024\/02\/Athletisme-Beretta-Collet-Loga-les-performances-francaises-de-la-semaine.png\",\"datePublished\":\"2024-02-26T09:47:01+00:00\",\"dateModified\":\"2024-02-26T17:36:08+00:00\",\"description\":\"ATHL\u00c9TISME - Tour d'horizon sur les performances des Fran\u00e7ais dans une semaine marqu\u00e9e par les France jeunes et de lancers.\",\"breadcrumb\":{\"@id\":\"https:\/\/dicodusport.fr\/blog\/athletisme-beretta-collet-loga-les-performances-francaises-de-la-semaine\/#breadcrumb\"},\"inLanguage\":\"fr-FR\",\"potentialAction\":[{\"@type\":\"ReadAction\",\"target\":[\"https:\/\/dicodusport.fr\/blog\/athletisme-beretta-collet-loga-les-performances-francaises-de-la-semaine\/\"]}]},{\"@type\":\"ImageObject\",\"inLanguage\":\"fr-FR\",\"@id\":\"https:\/\/dicodusport.fr\/blog\/athletisme-beretta-collet-loga-les-performances-francaises-de-la-semaine\/#primaryimage\",\"url\":\"https:\/\/dicodusport.fr\/blog\/wp-content\/uploads\/2024\/02\/Athletisme-Beretta-Collet-Loga-les-performances-francaises-de-la-semaine.png\",\"contentUrl\":\"https:\/\/dicodusport.fr\/blog\/wp-content\/uploads\/2024\/02\/Athletisme-Beretta-Collet-Loga-les-performances-francaises-de-la-semaine.png\",\"width\":1200,\"height\":674,\"caption\":\"Athl\u00e9tisme : Beretta, Collet, Loga les performances fran\u00e7aises de la semaine\"},{\"@type\":\"BreadcrumbList\",\"@id\":\"https:\/\/dicodusport.fr\/blog\/athletisme-beretta-collet-loga-les-performances-francaises-de-la-semaine\/#breadcrumb\",\"itemListElement\":[{\"@type\":\"ListItem\",\"position\":1,\"name\":\"Accueil\",\"item\":\"https:\/\/dicodusport.fr\/blog\/\"},{\"@type\":\"ListItem\",\"position\":2,\"name\":\"Athl\u00e9tisme : Beretta, Collet, Loga, les performances fran\u00e7aises de la semaine\"}]},{\"@type\":\"WebSite\",\"@id\":\"https:\/\/dicodusport.fr\/blog\/#website\",\"url\":\"https:\/\/dicodusport.fr\/blog\/\",\"name\":\"Dicodusport\",\"description\":\"L&#039;encyclop\u00e9die de l&#039;actualit\u00e9 sportive\",\"publisher\":{\"@id\":\"https:\/\/dicodusport.fr\/blog\/#organization\"},\"potentialAction\":[{\"@type\":\"SearchAction\",\"target\":{\"@type\":\"EntryPoint\",\"urlTemplate\":\"https:\/\/dicodusport.fr\/blog\/?s={search_term_string}\"},\"query-input\":{\"@type\":\"PropertyValueSpecification\",\"valueRequired\":true,\"valueName\":\"search_term_string\"}}],\"inLanguage\":\"fr-FR\"},{\"@type\":\"NewsMediaOrganization\",\"@id\":\"https:\/\/dicodusport.fr\/blog\/#organization\",\"name\":\"Dicodusport\",\"url\":\"https:\/\/dicodusport.fr\/blog\/\",\"logo\":{\"@type\":\"ImageObject\",\"inLanguage\":\"fr-FR\",\"@id\":\"https:\/\/dicodusport.fr\/blog\/#\/schema\/logo\/image\/\",\"url\":\"https:\/\/dicodusport.fr\/blog\/wp-content\/uploads\/2020\/06\/cropped-LOGO-DICODUSPORT-2020-SANS-FOND-SANS-TEXTE.png\",\"contentUrl\":\"https:\/\/dicodusport.fr\/blog\/wp-content\/uploads\/2020\/06\/cropped-LOGO-DICODUSPORT-2020-SANS-FOND-SANS-TEXTE.png\",\"width\":512,\"height\":512,\"caption\":\"Dicodusport\"},\"image\":{\"@id\":\"https:\/\/dicodusport.fr\/blog\/#\/schema\/logo\/image\/\"},\"sameAs\":[\"https:\/\/www.facebook.com\/dicodusport\",\"https:\/\/x.com\/dicodusport\",\"https:\/\/www.instagram.com\/dicodusport\/\",\"https:\/\/www.youtube.com\/channel\/UC7V2KZ5sd3htJivAbA4ZG3w\"],\"description\":\"Dicodusport est l'encyclop\u00e9die de l'actualit\u00e9 sportive.\",\"email\":\"bonjour@dicodusport.fr\",\"legalName\":\"DICODUSPORT\",\"foundingDate\":\"2018-01-14\",\"vatID\":\"FR71834470973\",\"taxID\":\"83447097300043\",\"numberOfEmployees\":{\"@type\":\"QuantitativeValue\",\"minValue\":\"1\",\"maxValue\":\"10\"}},{\"@type\":\"Person\",\"@id\":\"https:\/\/dicodusport.fr\/blog\/#\/schema\/person\/d603dd7da31fb2b46c82b9835a77ec13\",\"name\":\"Etienne Goursaud\",\"image\":{\"@type\":\"ImageObject\",\"inLanguage\":\"fr-FR\",\"@id\":\"https:\/\/dicodusport.fr\/blog\/#\/schema\/person\/image\/\",\"url\":\"https:\/\/dicodusport.fr\/blog\/wp-content\/uploads\/2023\/12\/410122264_10231602061736049_5565839791558026645_n-150x150.jpg\",\"contentUrl\":\"https:\/\/dicodusport.fr\/blog\/wp-content\/uploads\/2023\/12\/410122264_10231602061736049_5565839791558026645_n-150x150.jpg\",\"caption\":\"Etienne Goursaud\"},\"description\":\"Journaliste et amoureux de sport. Ancien footballeur reconverti athl\u00e8te quand ses muscles le laissent tranquille. \u00c9lev\u00e9 \u00e0 la sauce des exploits de Thomas Voeckler en 2004, du dernier essai de l\u00e9gende de Eunice Barber \u00e0 la longueur lors des championnats du monde d'athl\u00e9tisme de 2003 mais aussi Zidane, Omeyer et Titou Lamaison.\",\"url\":\"https:\/\/dicodusport.fr\/blog\/author\/etienne-goursaud\/\"}]}<\/script>\n<!-- \/ Yoast SEO Premium plugin. -->","yoast_head_json":{"title":"Athl\u00e9tisme : Beretta, Collet, Loga, les performances fran\u00e7aises de la semaine","description":"ATHL\u00c9TISME - Tour d'horizon sur les performances des Fran\u00e7ais dans une semaine marqu\u00e9e par les France jeunes et de lancers.","robots":{"index":"index","follow":"follow","max-snippet":"max-snippet:-1","max-image-preview":"max-image-preview:large","max-video-preview":"max-video-preview:-1"},"canonical":"https:\/\/dicodusport.fr\/blog\/athletisme-beretta-collet-loga-les-performances-francaises-de-la-semaine\/","og_locale":"fr_FR","og_type":"article","og_title":"Athl\u00e9tisme : Beretta, Collet, Loga, les performances fran\u00e7aises de la semaine","og_description":"ATHL\u00c9TISME - Tour d'horizon sur les performances des Fran\u00e7ais dans une semaine marqu\u00e9e par les France jeunes et de lancers.","og_url":"https:\/\/dicodusport.fr\/blog\/athletisme-beretta-collet-loga-les-performances-francaises-de-la-semaine\/","og_site_name":"Dicodusport","article_publisher":"https:\/\/www.facebook.com\/dicodusport","article_published_time":"2024-02-26T09:47:01+00:00","article_modified_time":"2024-02-26T17:36:08+00:00","og_image":[{"width":1200,"height":674,"url":"https:\/\/dicodusport.fr\/blog\/wp-content\/uploads\/2024\/02\/Athletisme-Beretta-Collet-Loga-les-performances-francaises-de-la-semaine.png","type":"image\/png"}],"author":"Etienne Goursaud","twitter_card":"summary_large_image","twitter_title":"Athl\u00e9tisme : Beretta, Collet, Loga, les performances fran\u00e7aises de la semaine","twitter_creator":"@dicodusport","twitter_site":"@dicodusport","schema":{"@context":"https:\/\/schema.org","@graph":[{"@type":"NewsArticle","@id":"https:\/\/dicodusport.fr\/blog\/athletisme-beretta-collet-loga-les-performances-francaises-de-la-semaine\/#article","isPartOf":{"@id":"https:\/\/dicodusport.fr\/blog\/athletisme-beretta-collet-loga-les-performances-francaises-de-la-semaine\/"},"author":{"name":"Etienne Goursaud","@id":"https:\/\/dicodusport.fr\/blog\/#\/schema\/person\/d603dd7da31fb2b46c82b9835a77ec13"},"headline":"Athl\u00e9tisme : Beretta, Collet, Loga, les performances fran\u00e7aises de la semaine","datePublished":"2024-02-26T09:47:01+00:00","dateModified":"2024-02-26T17:36:08+00:00","mainEntityOfPage":{"@id":"https:\/\/dicodusport.fr\/blog\/athletisme-beretta-collet-loga-les-performances-francaises-de-la-semaine\/"},"wordCount":970,"commentCount":0,"publisher":{"@id":"https:\/\/dicodusport.fr\/blog\/#organization"},"image":{"@id":"https:\/\/dicodusport.fr\/blog\/athletisme-beretta-collet-loga-les-performances-francaises-de-la-semaine\/#primaryimage"},"thumbnailUrl":"https:\/\/dicodusport.fr\/blog\/wp-content\/uploads\/2024\/02\/Athletisme-Beretta-Collet-Loga-les-performances-francaises-de-la-semaine.png","keywords":["Athl\u00e9tisme","Athl\u00e9tisme fran\u00e7ais","br\u00e8ve","Cl\u00e9mence Beretta","M\u00e9lina Robert-Michon","Rose Loga"],"articleSection":["Athl\u00e9tisme"],"inLanguage":"fr-FR","potentialAction":[{"@type":"CommentAction","name":"Comment","target":["https:\/\/dicodusport.fr\/blog\/athletisme-beretta-collet-loga-les-performances-francaises-de-la-semaine\/#respond"]}],"copyrightYear":"2024","copyrightHolder":{"@id":"https:\/\/dicodusport.fr\/blog\/#organization"}},{"@type":"WebPage","@id":"https:\/\/dicodusport.fr\/blog\/athletisme-beretta-collet-loga-les-performances-francaises-de-la-semaine\/","url":"https:\/\/dicodusport.fr\/blog\/athletisme-beretta-collet-loga-les-performances-francaises-de-la-semaine\/","name":"Athl\u00e9tisme : Beretta, Collet, Loga, les performances fran\u00e7aises de la semaine","isPartOf":{"@id":"https:\/\/dicodusport.fr\/blog\/#website"},"primaryImageOfPage":{"@id":"https:\/\/dicodusport.fr\/blog\/athletisme-beretta-collet-loga-les-performances-francaises-de-la-semaine\/#primaryimage"},"image":{"@id":"https:\/\/dicodusport.fr\/blog\/athletisme-beretta-collet-loga-les-performances-francaises-de-la-semaine\/#primaryimage"},"thumbnailUrl":"https:\/\/dicodusport.fr\/blog\/wp-content\/uploads\/2024\/02\/Athletisme-Beretta-Collet-Loga-les-performances-francaises-de-la-semaine.png","datePublished":"2024-02-26T09:47:01+00:00","dateModified":"2024-02-26T17:36:08+00:00","description":"ATHL\u00c9TISME - Tour d'horizon sur les performances des Fran\u00e7ais dans une semaine marqu\u00e9e par les France jeunes et de lancers.","breadcrumb":{"@id":"https:\/\/dicodusport.fr\/blog\/athletisme-beretta-collet-loga-les-performances-francaises-de-la-semaine\/#breadcrumb"},"inLanguage":"fr-FR","potentialAction":[{"@type":"ReadAction","target":["https:\/\/dicodusport.fr\/blog\/athletisme-beretta-collet-loga-les-performances-francaises-de-la-semaine\/"]}]},{"@type":"ImageObject","inLanguage":"fr-FR","@id":"https:\/\/dicodusport.fr\/blog\/athletisme-beretta-collet-loga-les-performances-francaises-de-la-semaine\/#primaryimage","url":"https:\/\/dicodusport.fr\/blog\/wp-content\/uploads\/2024\/02\/Athletisme-Beretta-Collet-Loga-les-performances-francaises-de-la-semaine.png","contentUrl":"https:\/\/dicodusport.fr\/blog\/wp-content\/uploads\/2024\/02\/Athletisme-Beretta-Collet-Loga-les-performances-francaises-de-la-semaine.png","width":1200,"height":674,"caption":"Athl\u00e9tisme : Beretta, Collet, Loga les performances fran\u00e7aises de la semaine"},{"@type":"BreadcrumbList","@id":"https:\/\/dicodusport.fr\/blog\/athletisme-beretta-collet-loga-les-performances-francaises-de-la-semaine\/#breadcrumb","itemListElement":[{"@type":"ListItem","position":1,"name":"Accueil","item":"https:\/\/dicodusport.fr\/blog\/"},{"@type":"ListItem","position":2,"name":"Athl\u00e9tisme : Beretta, Collet, Loga, les performances fran\u00e7aises de la semaine"}]},{"@type":"WebSite","@id":"https:\/\/dicodusport.fr\/blog\/#website","url":"https:\/\/dicodusport.fr\/blog\/","name":"Dicodusport","description":"L&#039;encyclop\u00e9die de l&#039;actualit\u00e9 sportive","publisher":{"@id":"https:\/\/dicodusport.fr\/blog\/#organization"},"potentialAction":[{"@type":"SearchAction","target":{"@type":"EntryPoint","urlTemplate":"https:\/\/dicodusport.fr\/blog\/?s={search_term_string}"},"query-input":{"@type":"PropertyValueSpecification","valueRequired":true,"valueName":"search_term_string"}}],"inLanguage":"fr-FR"},{"@type":"NewsMediaOrganization","@id":"https:\/\/dicodusport.fr\/blog\/#organization","name":"Dicodusport","url":"https:\/\/dicodusport.fr\/blog\/","logo":{"@type":"ImageObject","inLanguage":"fr-FR","@id":"https:\/\/dicodusport.fr\/blog\/#\/schema\/logo\/image\/","url":"https:\/\/dicodusport.fr\/blog\/wp-content\/uploads\/2020\/06\/cropped-LOGO-DICODUSPORT-2020-SANS-FOND-SANS-TEXTE.png","contentUrl":"https:\/\/dicodusport.fr\/blog\/wp-content\/uploads\/2020\/06\/cropped-LOGO-DICODUSPORT-2020-SANS-FOND-SANS-TEXTE.png","width":512,"height":512,"caption":"Dicodusport"},"image":{"@id":"https:\/\/dicodusport.fr\/blog\/#\/schema\/logo\/image\/"},"sameAs":["https:\/\/www.facebook.com\/dicodusport","https:\/\/x.com\/dicodusport","https:\/\/www.instagram.com\/dicodusport\/","https:\/\/www.youtube.com\/channel\/UC7V2KZ5sd3htJivAbA4ZG3w"],"description":"Dicodusport est l'encyclop\u00e9die de l'actualit\u00e9 sportive.","email":"bonjour@dicodusport.fr","legalName":"DICODUSPORT","foundingDate":"2018-01-14","vatID":"FR71834470973","taxID":"83447097300043","numberOfEmployees":{"@type":"QuantitativeValue","minValue":"1","maxValue":"10"}},{"@type":"Person","@id":"https:\/\/dicodusport.fr\/blog\/#\/schema\/person\/d603dd7da31fb2b46c82b9835a77ec13","name":"Etienne Goursaud","image":{"@type":"ImageObject","inLanguage":"fr-FR","@id":"https:\/\/dicodusport.fr\/blog\/#\/schema\/person\/image\/","url":"https:\/\/dicodusport.fr\/blog\/wp-content\/uploads\/2023\/12\/410122264_10231602061736049_5565839791558026645_n-150x150.jpg","contentUrl":"https:\/\/dicodusport.fr\/blog\/wp-content\/uploads\/2023\/12\/410122264_10231602061736049_5565839791558026645_n-150x150.jpg","caption":"Etienne Goursaud"},"description":"Journaliste et amoureux de sport. Ancien footballeur reconverti athl\u00e8te quand ses muscles le laissent tranquille. \u00c9lev\u00e9 \u00e0 la sauce des exploits de Thomas Voeckler en 2004, du dernier essai de l\u00e9gende de Eunice Barber \u00e0 la longueur lors des championnats du monde d'athl\u00e9tisme de 2003 mais aussi Zidane, Omeyer et Titou Lamaison.","url":"https:\/\/dicodusport.fr\/blog\/author\/etienne-goursaud\/"}]}},"_links":{"self":[{"href":"https:\/\/dicodusport.fr\/blog\/wp-json\/wp\/v2\/posts\/466929","targetHints":{"allow":["GET"]}}],"collection":[{"href":"https:\/\/dicodusport.fr\/blog\/wp-json\/wp\/v2\/posts"}],"about":[{"href":"https:\/\/dicodusport.fr\/blog\/wp-json\/wp\/v2\/types\/post"}],"author":[{"embeddable":true,"href":"https:\/\/dicodusport.fr\/blog\/wp-json\/wp\/v2\/users\/83"}],"replies":[{"embeddable":true,"href":"https:\/\/dicodusport.fr\/blog\/wp-json\/wp\/v2\/comments?post=466929"}],"version-history":[{"count":5,"href":"https:\/\/dicodusport.fr\/blog\/wp-json\/wp\/v2\/posts\/466929\/revisions"}],"predecessor-version":[{"id":467098,"href":"https:\/\/dicodusport.fr\/blog\/wp-json\/wp\/v2\/posts\/466929\/revisions\/467098"}],"wp:featuredmedia":[{"embeddable":true,"href":"https:\/\/dicodusport.fr\/blog\/wp-json\/wp\/v2\/media\/466944"}],"wp:attachment":[{"href":"https:\/\/dicodusport.fr\/blog\/wp-json\/wp\/v2\/media?parent=466929"}],"wp:term":[{"taxonomy":"category","embeddable":true,"href":"https:\/\/dicodusport.fr\/blog\/wp-json\/wp\/v2\/categories?post=466929"},{"taxonomy":"post_tag","embeddable":true,"href":"https:\/\/dicodusport.fr\/blog\/wp-json\/wp\/v2\/tags?post=466929"}],"curies":[{"name":"wp","href":"https:\/\/api.w.org\/{rel}","templated":true}]}}