{"id":467010,"date":"2024-02-26T10:31:07","date_gmt":"2024-02-26T09:31:07","guid":{"rendered":"https:\/\/dicodusport.fr\/blog\/?p=467010&#038;preview=true&#038;preview_id=467010"},"modified":"2024-02-26T19:54:27","modified_gmt":"2024-02-26T18:54:27","slug":"le-samyn-2024-les-engages","status":"publish","type":"post","link":"https:\/\/dicodusport.fr\/blog\/le-samyn-2024-les-engages\/","title":{"rendered":"Le Samyn 2024 : Les engag\u00e9s"},"content":{"rendered":"<p style=\"text-align: justify;\"><strong><em><a href=\"https:\/\/dicodusport.fr\/blog\/actualites\/cyclisme\/cyclisme-sur-route-2024\/\">CYCLISME SUR ROUTE 2024<\/a> &#8211; Le Samyn 2024 aura lieu le mardi 26 f\u00e9vrier. D\u00e9couvrez la liste des engag\u00e9s pour l&rsquo;\u00e9preuve belge.<\/em><\/strong><\/p>\n<ul style=\"text-align: justify;\">\n<li style=\"text-align: justify;\"><strong>\u00c0 ce sujet &#8211; <a href=\"https:\/\/dicodusport.fr\/blog\/le-samyn-2024-parcours-profil-et-favoris\/\" target=\"_blank\" rel=\"noopener\">Le Samyn 2024 : Parcours, profil et favoris<\/a><\/strong><\/li>\n<\/ul>\n<p style=\"text-align: justify;\">Apr\u00e8s un premier week-end de courses flamandes, place \u00e0 la premi\u00e8re course en Wallonie avec <strong>Le<\/strong> <strong>Samyn<\/strong>. <strong>Milan<\/strong> <strong>Menten<\/strong> (Lotto Dstny) a remport\u00e9 la derni\u00e8re \u00e9dition et sera au d\u00e9part pour tenter de faire coup double. Le Belge avait devanc\u00e9 le Fran\u00e7ais <strong>Hugo<\/strong> <strong>Hofstetter<\/strong>, alors chez Ark\u00e9a,\u00a0qui sera aussi pr\u00e9sent au d\u00e9part ce mardi.<\/p>\n<p style=\"text-align: justify;\">Le grand favori de l&rsquo;\u00e9preuve sera un co\u00e9quipier du vainqueur sortant, <strong>Arnaud<\/strong> <strong>De<\/strong> <strong>Lie<\/strong> (Lotto Dstny). Le Belge a \u00e9t\u00e9 \u00e0 l&rsquo;avant du <strong>Omloop<\/strong> <strong>Het<\/strong> <strong>Nieuwsblad<\/strong> samedi, m\u00eame s&rsquo;il n&rsquo;a pas r\u00e9ussi \u00e0 faire un r\u00e9sultat. <strong>S\u00f8ren<\/strong> <strong>Kragh<\/strong> <strong>Andersen<\/strong> (Alpecin Deceuninck) sera le leader de son \u00e9quipe et un candidat \u00e0 la victoire finale mardi.<\/p>\n<p style=\"text-align: justify;\"><strong>Rasmus Tiller<\/strong> et <strong>S\u00f8ren<\/strong> <strong>W\u00e6renskjold<\/strong> (Uno-X Mobility) seront les coleaders de l&rsquo;\u00e9quipe norv\u00e9gienne alors que <strong>Luca<\/strong> <strong>Mozzato<\/strong> (Ark\u00e9a &#8211; B&amp;B Hotels) aura aussi une belle carte \u00e0 jouer. <strong>Mathis Le Berre<\/strong> (Ark\u00e9a &#8211; B&amp;B Hotels) et <strong>Anthony Turgis<\/strong> (TotalEnergies) seront les cartes ma\u00eetresses du contingent tricolore, en plus de <strong>Hugo<\/strong> <strong>Hofstetter<\/strong>.<\/p>\n<ul style=\"text-align: justify;\">\n<li style=\"text-align: justify;\"><strong>\u00c0 ce sujet &#8211; <a href=\"https:\/\/dicodusport.fr\/blog\/le-samyn-2024-a-quelle-heure-et-sur-quelle-chaine-tv\/\">Le Samyn 2024 : \u00c0 quelle heure et sur quelle cha\u00eene TV<\/a><\/strong><\/li>\n<\/ul>\n<h2 style=\"text-align: justify;\">Les engag\u00e9s du Samyn 2024<\/h2>\n<p style=\"text-align: justify;\"><a href=\"https:\/\/dicodusport.fr\/blog\/wp-content\/uploads\/2024\/02\/Engage-provisoires-Le-Samyn-2024.pdf\" class=\"pdfemb-viewer\" style=\"\" data-width=\"max\" data-height=\"max\"  data-toolbar=\"both\" data-toolbar-fixed=\"on\">Engage\u0301 provisoires Le Samyn 2024<br\/><\/a>\n","protected":false},"excerpt":{"rendered":"<p>CYCLISME SUR ROUTE 2024 &#8211; Le Samyn 2024 aura lieu le mardi 26 f\u00e9vrier. D\u00e9couvrez la liste des engag\u00e9s pour l&rsquo;\u00e9preuve belge.<\/p>\n","protected":false},"author":1,"featured_media":465808,"comment_status":"open","ping_status":"closed","sticky":false,"template":"","format":"standard","meta":{"_acf_changed":false,"_daextam_enable_autolinks":"1","footnotes":""},"categories":[46994],"tags":[16878,574,7410],"class_list":["post-467010","post","type-post","status-publish","format-standard","has-post-thumbnail","hentry","category-cyclisme-sur-route","tag-breve","tag-cyclisme","tag-le-samyn"],"acf":[],"yoast_head":"<!-- This site is optimized with the Yoast SEO Premium plugin v26.7 (Yoast SEO v26.7) - https:\/\/yoast.com\/wordpress\/plugins\/seo\/ -->\n<title>Le Samyn 2024 : Les engag\u00e9s<\/title>\n<meta name=\"description\" content=\"CYCLISME SUR ROUTE 2024 - Le Samyn 2024 aura lieu le mardi 26 f\u00e9vrier. D\u00e9couvrez la liste des engag\u00e9s pour l&#039;\u00e9preuve belge.\" \/>\n<meta name=\"robots\" content=\"index, follow, max-snippet:-1, max-image-preview:large, max-video-preview:-1\" \/>\n<link rel=\"canonical\" href=\"https:\/\/dicodusport.fr\/blog\/le-samyn-2024-les-engages\/\" \/>\n<meta property=\"og:locale\" content=\"fr_FR\" \/>\n<meta property=\"og:type\" content=\"article\" \/>\n<meta property=\"og:title\" content=\"Le Samyn 2024 : Les engag\u00e9s\" \/>\n<meta property=\"og:description\" content=\"CYCLISME SUR ROUTE 2024 - Le Samyn 2024 aura lieu le mardi 26 f\u00e9vrier. D\u00e9couvrez la liste des engag\u00e9s pour l&#039;\u00e9preuve belge.\" \/>\n<meta property=\"og:url\" content=\"https:\/\/dicodusport.fr\/blog\/le-samyn-2024-les-engages\/\" \/>\n<meta property=\"og:site_name\" content=\"Dicodusport\" \/>\n<meta property=\"article:publisher\" content=\"https:\/\/www.facebook.com\/dicodusport\" \/>\n<meta property=\"article:author\" content=\"https:\/\/www.facebook.com\/dicodusport\" \/>\n<meta property=\"article:published_time\" content=\"2024-02-26T09:31:07+00:00\" \/>\n<meta property=\"article:modified_time\" content=\"2024-02-26T18:54:27+00:00\" \/>\n<meta property=\"og:image\" content=\"https:\/\/dicodusport.fr\/blog\/wp-content\/uploads\/2024\/02\/Arnaud-De-Lie-dans-le-Mur-de-Grammont-sur-lOmloop-Het-Nieuwsblad.png\" \/>\n\t<meta property=\"og:image:width\" content=\"1200\" \/>\n\t<meta property=\"og:image:height\" content=\"674\" \/>\n\t<meta property=\"og:image:type\" content=\"image\/png\" \/>\n<meta name=\"author\" content=\"Nicolas Jacquemard\" \/>\n<meta name=\"twitter:card\" content=\"summary_large_image\" \/>\n<meta name=\"twitter:title\" content=\"Le Samyn 2024 : Les engag\u00e9s\" \/>\n<meta name=\"twitter:creator\" content=\"@https:\/\/twitter.com\/Nico_Jacquemard\" \/>\n<meta name=\"twitter:site\" content=\"@dicodusport\" \/>\n<script type=\"application\/ld+json\" class=\"yoast-schema-graph\">{\"@context\":\"https:\/\/schema.org\",\"@graph\":[{\"@type\":\"NewsArticle\",\"@id\":\"https:\/\/dicodusport.fr\/blog\/le-samyn-2024-les-engages\/#article\",\"isPartOf\":{\"@id\":\"https:\/\/dicodusport.fr\/blog\/le-samyn-2024-les-engages\/\"},\"author\":{\"name\":\"Nicolas Jacquemard\",\"@id\":\"https:\/\/dicodusport.fr\/blog\/#\/schema\/person\/55dcb50ad410894e431ed812bbb70191\"},\"headline\":\"Le Samyn 2024 : Les engag\u00e9s\",\"datePublished\":\"2024-02-26T09:31:07+00:00\",\"dateModified\":\"2024-02-26T18:54:27+00:00\",\"mainEntityOfPage\":{\"@id\":\"https:\/\/dicodusport.fr\/blog\/le-samyn-2024-les-engages\/\"},\"wordCount\":254,\"commentCount\":0,\"publisher\":{\"@id\":\"https:\/\/dicodusport.fr\/blog\/#organization\"},\"image\":{\"@id\":\"https:\/\/dicodusport.fr\/blog\/le-samyn-2024-les-engages\/#primaryimage\"},\"thumbnailUrl\":\"https:\/\/dicodusport.fr\/blog\/wp-content\/uploads\/2024\/02\/Arnaud-De-Lie-dans-le-Mur-de-Grammont-sur-lOmloop-Het-Nieuwsblad.png\",\"keywords\":[\"br\u00e8ve\",\"Cyclisme\",\"Le Samyn\"],\"articleSection\":[\"Cyclisme sur route\"],\"inLanguage\":\"fr-FR\",\"potentialAction\":[{\"@type\":\"CommentAction\",\"name\":\"Comment\",\"target\":[\"https:\/\/dicodusport.fr\/blog\/le-samyn-2024-les-engages\/#respond\"]}],\"copyrightYear\":\"2024\",\"copyrightHolder\":{\"@id\":\"https:\/\/dicodusport.fr\/blog\/#organization\"}},{\"@type\":\"WebPage\",\"@id\":\"https:\/\/dicodusport.fr\/blog\/le-samyn-2024-les-engages\/\",\"url\":\"https:\/\/dicodusport.fr\/blog\/le-samyn-2024-les-engages\/\",\"name\":\"Le Samyn 2024 : Les engag\u00e9s\",\"isPartOf\":{\"@id\":\"https:\/\/dicodusport.fr\/blog\/#website\"},\"primaryImageOfPage\":{\"@id\":\"https:\/\/dicodusport.fr\/blog\/le-samyn-2024-les-engages\/#primaryimage\"},\"image\":{\"@id\":\"https:\/\/dicodusport.fr\/blog\/le-samyn-2024-les-engages\/#primaryimage\"},\"thumbnailUrl\":\"https:\/\/dicodusport.fr\/blog\/wp-content\/uploads\/2024\/02\/Arnaud-De-Lie-dans-le-Mur-de-Grammont-sur-lOmloop-Het-Nieuwsblad.png\",\"datePublished\":\"2024-02-26T09:31:07+00:00\",\"dateModified\":\"2024-02-26T18:54:27+00:00\",\"description\":\"CYCLISME SUR ROUTE 2024 - Le Samyn 2024 aura lieu le mardi 26 f\u00e9vrier. D\u00e9couvrez la liste des engag\u00e9s pour l'\u00e9preuve belge.\",\"breadcrumb\":{\"@id\":\"https:\/\/dicodusport.fr\/blog\/le-samyn-2024-les-engages\/#breadcrumb\"},\"inLanguage\":\"fr-FR\",\"potentialAction\":[{\"@type\":\"ReadAction\",\"target\":[\"https:\/\/dicodusport.fr\/blog\/le-samyn-2024-les-engages\/\"]}]},{\"@type\":\"ImageObject\",\"inLanguage\":\"fr-FR\",\"@id\":\"https:\/\/dicodusport.fr\/blog\/le-samyn-2024-les-engages\/#primaryimage\",\"url\":\"https:\/\/dicodusport.fr\/blog\/wp-content\/uploads\/2024\/02\/Arnaud-De-Lie-dans-le-Mur-de-Grammont-sur-lOmloop-Het-Nieuwsblad.png\",\"contentUrl\":\"https:\/\/dicodusport.fr\/blog\/wp-content\/uploads\/2024\/02\/Arnaud-De-Lie-dans-le-Mur-de-Grammont-sur-lOmloop-Het-Nieuwsblad.png\",\"width\":1200,\"height\":674,\"caption\":\"Arnaud De Lie dans le Mur de Grammont sur l'Omloop Het Nieuwsblad 2023 - Photo Icon Sport\"},{\"@type\":\"BreadcrumbList\",\"@id\":\"https:\/\/dicodusport.fr\/blog\/le-samyn-2024-les-engages\/#breadcrumb\",\"itemListElement\":[{\"@type\":\"ListItem\",\"position\":1,\"name\":\"Accueil\",\"item\":\"https:\/\/dicodusport.fr\/blog\/\"},{\"@type\":\"ListItem\",\"position\":2,\"name\":\"Le Samyn 2024 : Les engag\u00e9s\"}]},{\"@type\":\"WebSite\",\"@id\":\"https:\/\/dicodusport.fr\/blog\/#website\",\"url\":\"https:\/\/dicodusport.fr\/blog\/\",\"name\":\"Dicodusport\",\"description\":\"L&#039;encyclop\u00e9die de l&#039;actualit\u00e9 sportive\",\"publisher\":{\"@id\":\"https:\/\/dicodusport.fr\/blog\/#organization\"},\"potentialAction\":[{\"@type\":\"SearchAction\",\"target\":{\"@type\":\"EntryPoint\",\"urlTemplate\":\"https:\/\/dicodusport.fr\/blog\/?s={search_term_string}\"},\"query-input\":{\"@type\":\"PropertyValueSpecification\",\"valueRequired\":true,\"valueName\":\"search_term_string\"}}],\"inLanguage\":\"fr-FR\"},{\"@type\":\"NewsMediaOrganization\",\"@id\":\"https:\/\/dicodusport.fr\/blog\/#organization\",\"name\":\"Dicodusport\",\"url\":\"https:\/\/dicodusport.fr\/blog\/\",\"logo\":{\"@type\":\"ImageObject\",\"inLanguage\":\"fr-FR\",\"@id\":\"https:\/\/dicodusport.fr\/blog\/#\/schema\/logo\/image\/\",\"url\":\"https:\/\/dicodusport.fr\/blog\/wp-content\/uploads\/2020\/06\/cropped-LOGO-DICODUSPORT-2020-SANS-FOND-SANS-TEXTE.png\",\"contentUrl\":\"https:\/\/dicodusport.fr\/blog\/wp-content\/uploads\/2020\/06\/cropped-LOGO-DICODUSPORT-2020-SANS-FOND-SANS-TEXTE.png\",\"width\":512,\"height\":512,\"caption\":\"Dicodusport\"},\"image\":{\"@id\":\"https:\/\/dicodusport.fr\/blog\/#\/schema\/logo\/image\/\"},\"sameAs\":[\"https:\/\/www.facebook.com\/dicodusport\",\"https:\/\/x.com\/dicodusport\",\"https:\/\/www.instagram.com\/dicodusport\/\",\"https:\/\/www.youtube.com\/channel\/UC7V2KZ5sd3htJivAbA4ZG3w\"],\"description\":\"Dicodusport est l'encyclop\u00e9die de l'actualit\u00e9 sportive.\",\"email\":\"bonjour@dicodusport.fr\",\"legalName\":\"DICODUSPORT\",\"foundingDate\":\"2018-01-14\",\"vatID\":\"FR71834470973\",\"taxID\":\"83447097300043\",\"numberOfEmployees\":{\"@type\":\"QuantitativeValue\",\"minValue\":\"1\",\"maxValue\":\"10\"}},{\"@type\":\"Person\",\"@id\":\"https:\/\/dicodusport.fr\/blog\/#\/schema\/person\/55dcb50ad410894e431ed812bbb70191\",\"name\":\"Nicolas Jacquemard\",\"image\":{\"@type\":\"ImageObject\",\"inLanguage\":\"fr-FR\",\"@id\":\"https:\/\/dicodusport.fr\/blog\/#\/schema\/person\/image\/\",\"url\":\"https:\/\/dicodusport.fr\/blog\/wp-content\/uploads\/2021\/05\/Nicolas-Jacquemard-150x150.jpeg\",\"contentUrl\":\"https:\/\/dicodusport.fr\/blog\/wp-content\/uploads\/2021\/05\/Nicolas-Jacquemard-150x150.jpeg\",\"caption\":\"Nicolas Jacquemard\"},\"description\":\"Passionn\u00e9 de sport et entrepreneur depuis mes 18 ans, la cr\u00e9ation de Dicodusport m'a sembl\u00e9 \u00e9vidente pour participer \u00e0 la m\u00e9diatisation d'un plus grand nombre de sports. Le chemin est long mais avec une \u00e9quipe des plus motiv\u00e9es et les Jeux Olympiques de Paris 2024 en point de mire, nous y arriverons ! Journaliste dans le monde du sport depuis plus de 5 ans, je traite aussi bien de football, de rugby, de biathlon que de cyclisme.\",\"sameAs\":[\"https:\/\/www.facebook.com\/dicodusport\",\"https:\/\/x.com\/https:\/\/twitter.com\/Nico_Jacquemard\"],\"url\":\"https:\/\/dicodusport.fr\/blog\/author\/dicodusport\/\"}]}<\/script>\n<!-- \/ Yoast SEO Premium plugin. -->","yoast_head_json":{"title":"Le Samyn 2024 : Les engag\u00e9s","description":"CYCLISME SUR ROUTE 2024 - Le Samyn 2024 aura lieu le mardi 26 f\u00e9vrier. D\u00e9couvrez la liste des engag\u00e9s pour l'\u00e9preuve belge.","robots":{"index":"index","follow":"follow","max-snippet":"max-snippet:-1","max-image-preview":"max-image-preview:large","max-video-preview":"max-video-preview:-1"},"canonical":"https:\/\/dicodusport.fr\/blog\/le-samyn-2024-les-engages\/","og_locale":"fr_FR","og_type":"article","og_title":"Le Samyn 2024 : Les engag\u00e9s","og_description":"CYCLISME SUR ROUTE 2024 - Le Samyn 2024 aura lieu le mardi 26 f\u00e9vrier. D\u00e9couvrez la liste des engag\u00e9s pour l'\u00e9preuve belge.","og_url":"https:\/\/dicodusport.fr\/blog\/le-samyn-2024-les-engages\/","og_site_name":"Dicodusport","article_publisher":"https:\/\/www.facebook.com\/dicodusport","article_author":"https:\/\/www.facebook.com\/dicodusport","article_published_time":"2024-02-26T09:31:07+00:00","article_modified_time":"2024-02-26T18:54:27+00:00","og_image":[{"width":1200,"height":674,"url":"https:\/\/dicodusport.fr\/blog\/wp-content\/uploads\/2024\/02\/Arnaud-De-Lie-dans-le-Mur-de-Grammont-sur-lOmloop-Het-Nieuwsblad.png","type":"image\/png"}],"author":"Nicolas Jacquemard","twitter_card":"summary_large_image","twitter_title":"Le Samyn 2024 : Les engag\u00e9s","twitter_creator":"@https:\/\/twitter.com\/Nico_Jacquemard","twitter_site":"@dicodusport","schema":{"@context":"https:\/\/schema.org","@graph":[{"@type":"NewsArticle","@id":"https:\/\/dicodusport.fr\/blog\/le-samyn-2024-les-engages\/#article","isPartOf":{"@id":"https:\/\/dicodusport.fr\/blog\/le-samyn-2024-les-engages\/"},"author":{"name":"Nicolas Jacquemard","@id":"https:\/\/dicodusport.fr\/blog\/#\/schema\/person\/55dcb50ad410894e431ed812bbb70191"},"headline":"Le Samyn 2024 : Les engag\u00e9s","datePublished":"2024-02-26T09:31:07+00:00","dateModified":"2024-02-26T18:54:27+00:00","mainEntityOfPage":{"@id":"https:\/\/dicodusport.fr\/blog\/le-samyn-2024-les-engages\/"},"wordCount":254,"commentCount":0,"publisher":{"@id":"https:\/\/dicodusport.fr\/blog\/#organization"},"image":{"@id":"https:\/\/dicodusport.fr\/blog\/le-samyn-2024-les-engages\/#primaryimage"},"thumbnailUrl":"https:\/\/dicodusport.fr\/blog\/wp-content\/uploads\/2024\/02\/Arnaud-De-Lie-dans-le-Mur-de-Grammont-sur-lOmloop-Het-Nieuwsblad.png","keywords":["br\u00e8ve","Cyclisme","Le Samyn"],"articleSection":["Cyclisme sur route"],"inLanguage":"fr-FR","potentialAction":[{"@type":"CommentAction","name":"Comment","target":["https:\/\/dicodusport.fr\/blog\/le-samyn-2024-les-engages\/#respond"]}],"copyrightYear":"2024","copyrightHolder":{"@id":"https:\/\/dicodusport.fr\/blog\/#organization"}},{"@type":"WebPage","@id":"https:\/\/dicodusport.fr\/blog\/le-samyn-2024-les-engages\/","url":"https:\/\/dicodusport.fr\/blog\/le-samyn-2024-les-engages\/","name":"Le Samyn 2024 : Les engag\u00e9s","isPartOf":{"@id":"https:\/\/dicodusport.fr\/blog\/#website"},"primaryImageOfPage":{"@id":"https:\/\/dicodusport.fr\/blog\/le-samyn-2024-les-engages\/#primaryimage"},"image":{"@id":"https:\/\/dicodusport.fr\/blog\/le-samyn-2024-les-engages\/#primaryimage"},"thumbnailUrl":"https:\/\/dicodusport.fr\/blog\/wp-content\/uploads\/2024\/02\/Arnaud-De-Lie-dans-le-Mur-de-Grammont-sur-lOmloop-Het-Nieuwsblad.png","datePublished":"2024-02-26T09:31:07+00:00","dateModified":"2024-02-26T18:54:27+00:00","description":"CYCLISME SUR ROUTE 2024 - Le Samyn 2024 aura lieu le mardi 26 f\u00e9vrier. D\u00e9couvrez la liste des engag\u00e9s pour l'\u00e9preuve belge.","breadcrumb":{"@id":"https:\/\/dicodusport.fr\/blog\/le-samyn-2024-les-engages\/#breadcrumb"},"inLanguage":"fr-FR","potentialAction":[{"@type":"ReadAction","target":["https:\/\/dicodusport.fr\/blog\/le-samyn-2024-les-engages\/"]}]},{"@type":"ImageObject","inLanguage":"fr-FR","@id":"https:\/\/dicodusport.fr\/blog\/le-samyn-2024-les-engages\/#primaryimage","url":"https:\/\/dicodusport.fr\/blog\/wp-content\/uploads\/2024\/02\/Arnaud-De-Lie-dans-le-Mur-de-Grammont-sur-lOmloop-Het-Nieuwsblad.png","contentUrl":"https:\/\/dicodusport.fr\/blog\/wp-content\/uploads\/2024\/02\/Arnaud-De-Lie-dans-le-Mur-de-Grammont-sur-lOmloop-Het-Nieuwsblad.png","width":1200,"height":674,"caption":"Arnaud De Lie dans le Mur de Grammont sur l'Omloop Het Nieuwsblad 2023 - Photo Icon Sport"},{"@type":"BreadcrumbList","@id":"https:\/\/dicodusport.fr\/blog\/le-samyn-2024-les-engages\/#breadcrumb","itemListElement":[{"@type":"ListItem","position":1,"name":"Accueil","item":"https:\/\/dicodusport.fr\/blog\/"},{"@type":"ListItem","position":2,"name":"Le Samyn 2024 : Les engag\u00e9s"}]},{"@type":"WebSite","@id":"https:\/\/dicodusport.fr\/blog\/#website","url":"https:\/\/dicodusport.fr\/blog\/","name":"Dicodusport","description":"L&#039;encyclop\u00e9die de l&#039;actualit\u00e9 sportive","publisher":{"@id":"https:\/\/dicodusport.fr\/blog\/#organization"},"potentialAction":[{"@type":"SearchAction","target":{"@type":"EntryPoint","urlTemplate":"https:\/\/dicodusport.fr\/blog\/?s={search_term_string}"},"query-input":{"@type":"PropertyValueSpecification","valueRequired":true,"valueName":"search_term_string"}}],"inLanguage":"fr-FR"},{"@type":"NewsMediaOrganization","@id":"https:\/\/dicodusport.fr\/blog\/#organization","name":"Dicodusport","url":"https:\/\/dicodusport.fr\/blog\/","logo":{"@type":"ImageObject","inLanguage":"fr-FR","@id":"https:\/\/dicodusport.fr\/blog\/#\/schema\/logo\/image\/","url":"https:\/\/dicodusport.fr\/blog\/wp-content\/uploads\/2020\/06\/cropped-LOGO-DICODUSPORT-2020-SANS-FOND-SANS-TEXTE.png","contentUrl":"https:\/\/dicodusport.fr\/blog\/wp-content\/uploads\/2020\/06\/cropped-LOGO-DICODUSPORT-2020-SANS-FOND-SANS-TEXTE.png","width":512,"height":512,"caption":"Dicodusport"},"image":{"@id":"https:\/\/dicodusport.fr\/blog\/#\/schema\/logo\/image\/"},"sameAs":["https:\/\/www.facebook.com\/dicodusport","https:\/\/x.com\/dicodusport","https:\/\/www.instagram.com\/dicodusport\/","https:\/\/www.youtube.com\/channel\/UC7V2KZ5sd3htJivAbA4ZG3w"],"description":"Dicodusport est l'encyclop\u00e9die de l'actualit\u00e9 sportive.","email":"bonjour@dicodusport.fr","legalName":"DICODUSPORT","foundingDate":"2018-01-14","vatID":"FR71834470973","taxID":"83447097300043","numberOfEmployees":{"@type":"QuantitativeValue","minValue":"1","maxValue":"10"}},{"@type":"Person","@id":"https:\/\/dicodusport.fr\/blog\/#\/schema\/person\/55dcb50ad410894e431ed812bbb70191","name":"Nicolas Jacquemard","image":{"@type":"ImageObject","inLanguage":"fr-FR","@id":"https:\/\/dicodusport.fr\/blog\/#\/schema\/person\/image\/","url":"https:\/\/dicodusport.fr\/blog\/wp-content\/uploads\/2021\/05\/Nicolas-Jacquemard-150x150.jpeg","contentUrl":"https:\/\/dicodusport.fr\/blog\/wp-content\/uploads\/2021\/05\/Nicolas-Jacquemard-150x150.jpeg","caption":"Nicolas Jacquemard"},"description":"Passionn\u00e9 de sport et entrepreneur depuis mes 18 ans, la cr\u00e9ation de Dicodusport m'a sembl\u00e9 \u00e9vidente pour participer \u00e0 la m\u00e9diatisation d'un plus grand nombre de sports. Le chemin est long mais avec une \u00e9quipe des plus motiv\u00e9es et les Jeux Olympiques de Paris 2024 en point de mire, nous y arriverons ! Journaliste dans le monde du sport depuis plus de 5 ans, je traite aussi bien de football, de rugby, de biathlon que de cyclisme.","sameAs":["https:\/\/www.facebook.com\/dicodusport","https:\/\/x.com\/https:\/\/twitter.com\/Nico_Jacquemard"],"url":"https:\/\/dicodusport.fr\/blog\/author\/dicodusport\/"}]}},"_links":{"self":[{"href":"https:\/\/dicodusport.fr\/blog\/wp-json\/wp\/v2\/posts\/467010","targetHints":{"allow":["GET"]}}],"collection":[{"href":"https:\/\/dicodusport.fr\/blog\/wp-json\/wp\/v2\/posts"}],"about":[{"href":"https:\/\/dicodusport.fr\/blog\/wp-json\/wp\/v2\/types\/post"}],"author":[{"embeddable":true,"href":"https:\/\/dicodusport.fr\/blog\/wp-json\/wp\/v2\/users\/1"}],"replies":[{"embeddable":true,"href":"https:\/\/dicodusport.fr\/blog\/wp-json\/wp\/v2\/comments?post=467010"}],"version-history":[{"count":5,"href":"https:\/\/dicodusport.fr\/blog\/wp-json\/wp\/v2\/posts\/467010\/revisions"}],"predecessor-version":[{"id":467117,"href":"https:\/\/dicodusport.fr\/blog\/wp-json\/wp\/v2\/posts\/467010\/revisions\/467117"}],"wp:featuredmedia":[{"embeddable":true,"href":"https:\/\/dicodusport.fr\/blog\/wp-json\/wp\/v2\/media\/465808"}],"wp:attachment":[{"href":"https:\/\/dicodusport.fr\/blog\/wp-json\/wp\/v2\/media?parent=467010"}],"wp:term":[{"taxonomy":"category","embeddable":true,"href":"https:\/\/dicodusport.fr\/blog\/wp-json\/wp\/v2\/categories?post=467010"},{"taxonomy":"post_tag","embeddable":true,"href":"https:\/\/dicodusport.fr\/blog\/wp-json\/wp\/v2\/tags?post=467010"}],"curies":[{"name":"wp","href":"https:\/\/api.w.org\/{rel}","templated":true}]}}