{"id":467014,"date":"2024-02-26T10:55:58","date_gmt":"2024-02-26T09:55:58","guid":{"rendered":"https:\/\/dicodusport.fr\/blog\/?p=467014&#038;preview=true&#038;preview_id=467014"},"modified":"2024-02-26T18:22:08","modified_gmt":"2024-02-26T17:22:08","slug":"xv-de-france-les-19-joueurs-proteges-pour-la-17eme-journee-de-top-14","status":"publish","type":"post","link":"https:\/\/dicodusport.fr\/blog\/xv-de-france-les-19-joueurs-proteges-pour-la-17eme-journee-de-top-14\/","title":{"rendered":"XV de France : Les 19 joueurs prot\u00e9g\u00e9s pour la 17\u00e8me journ\u00e9e de Top 14"},"content":{"rendered":"<p style=\"text-align: justify;\"><em><b><a href=\"https:\/\/dicodusport.fr\/blog\/actualites\/rugby\/rugby-a-xv\/xv-de-france\/\">XV DE FRANCE<\/a> &#8211; Le staff du XV de France a d\u00e9voil\u00e9 les 19 joueurs qui ne pourront pas jouer avec leur club lors de la 17\u00e8me journ\u00e9e.<\/b><\/em><\/p>\n<p style=\"text-align: justify;\">Comme \u00e0 chaque fois qu&rsquo;il y a une journ\u00e9e de <strong>Top<\/strong> <strong>14<\/strong> entre deux matchs des <strong>Bleus<\/strong>, le staff peut prot\u00e9ger 19 joueurs qui ne pourront jouer avec leur club. Apr\u00e8s le match nul face \u00e0 l&rsquo;Italie (13-13), <strong>Fabien Galthi\u00e9<\/strong> a donc choisi de miser sur la continuit\u00e9 avec une liste de joueurs sans grande surprise. <strong>Matthieu<\/strong> <strong>Jalibert<\/strong>, bless\u00e9 au genou, est logiquement absent.<\/p>\n<p style=\"text-align: justify;\"><strong>Posolo Tuilagi<\/strong>, un des meilleurs Tricolores dimanche, est lui bien pr\u00e9sent dans la liste des joueurs prot\u00e9g\u00e9s. <strong>Alexandre<\/strong> <strong>Roumat<\/strong>, troisi\u00e8me ligne du <strong>Stade Toulousain<\/strong>, en fait aussi partie, mais pas son co\u00e9quipier, <strong>Matthis Lebel<\/strong>, rappel\u00e9 \u00e0 la derni\u00e8re minute pour pallier l&rsquo;absence de <strong>Louis Bielle-Biarrey<\/strong>. Le Bordelais est d&rsquo;ailleurs bien pr\u00e9sent parmi les joueurs prot\u00e9g\u00e9s.<\/p>\n<ul style=\"text-align: justify;\">\n<li style=\"text-align: justify;\"><strong>\u00c0 ce sujet &#8211; <a href=\"https:\/\/dicodusport.fr\/blog\/xv-de-france-italie-notes-des-bleus\/\" target=\"_blank\" rel=\"noopener\">XV de France \u2013 Italie : Les notes des Bleus<\/a><\/strong><\/li>\n<\/ul>\n<h2 style=\"text-align: justify;\">Les 19 joueurs prot\u00e9g\u00e9s pour la 17\u00e8me journ\u00e9e de Top 14<\/h2>\n<div class=\"std-frame\">\n<div class=\"encart_texte\">\n<p style=\"text-align: justify;\">Dorian Aldegheri (Stade toulousain)<br \/>\nUini Atonio (Stade rochelais)<br \/>\nCyril Baille (Stade toulousain)<br \/>\nLouis Bielle-Biarrey (Union Bordeaux-B\u00e8gles)<br \/>\nPaul Boudehent (Stade rochelais)<br \/>\nFran\u00e7ois Cros (Stade toulousain)<br \/>\nGa\u00ebl Fickou (Racing 92)<br \/>\nNolann Le Garrec (Racing 92)<br \/>\nMaxime Lucu (Union Bordeaux-B\u00e8gles)<br \/>\nJulien Marchand (Stade toulousain)<br \/>\nPeato Mauvaka (Stade toulousain)<br \/>\nYoram Moefana (Union Bordeaux-B\u00e8gles)<br \/>\nCharles Ollivon (Rugby Club Toulonnais)<br \/>\nDamian Penaud (Union Bordeaux-B\u00e8gles)<br \/>\nThomas Ramos (Stade toulousain)<br \/>\nAlexandre Roumat (Stade toulousain)<br \/>\nS\u00e9bastien Taofifenua (Lyon LOU)<br \/>\nPosolo Tuilagi (USA Perpignan)<br \/>\nCameron Woki (Racing 92).<\/p>\n<\/div>\n<\/div>\n","protected":false},"excerpt":{"rendered":"<p>XV DE FRANCE &#8211; Le staff du XV de France a d\u00e9voil\u00e9 les 19 joueurs qui ne pourront pas jouer avec leur club lors de la 17\u00e8me journ\u00e9e.<\/p>\n","protected":false},"author":1,"featured_media":466007,"comment_status":"open","ping_status":"closed","sticky":false,"template":"","format":"standard","meta":{"_acf_changed":false,"_daextam_enable_autolinks":"1","footnotes":""},"categories":[9129,47048,19951],"tags":[32415,16878,7515,1638],"class_list":["post-467014","post","type-post","status-publish","format-standard","has-post-thumbnail","hentry","category-rugby-a-xv","category-tournoi-des-6-nations","category-xv-de-france","tag-actu","tag-breve","tag-fabien-galthie","tag-xv-de-france"],"acf":[],"yoast_head":"<!-- This site is optimized with the Yoast SEO Premium plugin v26.7 (Yoast SEO v26.7) - https:\/\/yoast.com\/wordpress\/plugins\/seo\/ -->\n<title>XV de France : Les 19 joueurs prot\u00e9g\u00e9s pour la 17\u00e8me journ\u00e9e de Top 14<\/title>\n<meta name=\"description\" content=\"XV DE FRANCE - Le staff du XV de France a d\u00e9voil\u00e9 les 19 joueurs qui ne pourront pas jouer avec leur club lors de la 17\u00e8me journ\u00e9e.\" \/>\n<meta name=\"robots\" content=\"index, follow, max-snippet:-1, max-image-preview:large, max-video-preview:-1\" \/>\n<link rel=\"canonical\" href=\"https:\/\/dicodusport.fr\/blog\/xv-de-france-les-19-joueurs-proteges-pour-la-17eme-journee-de-top-14\/\" \/>\n<meta property=\"og:locale\" content=\"fr_FR\" \/>\n<meta property=\"og:type\" content=\"article\" \/>\n<meta property=\"og:title\" content=\"XV de France : Les 19 joueurs prot\u00e9g\u00e9s pour la 17\u00e8me journ\u00e9e de Top 14\" \/>\n<meta property=\"og:description\" content=\"XV DE FRANCE - Le staff du XV de France a d\u00e9voil\u00e9 les 19 joueurs qui ne pourront pas jouer avec leur club lors de la 17\u00e8me journ\u00e9e.\" \/>\n<meta property=\"og:url\" content=\"https:\/\/dicodusport.fr\/blog\/xv-de-france-les-19-joueurs-proteges-pour-la-17eme-journee-de-top-14\/\" \/>\n<meta property=\"og:site_name\" content=\"Dicodusport\" \/>\n<meta property=\"article:publisher\" content=\"https:\/\/www.facebook.com\/dicodusport\" \/>\n<meta property=\"article:author\" content=\"https:\/\/www.facebook.com\/dicodusport\" \/>\n<meta property=\"article:published_time\" content=\"2024-02-26T09:55:58+00:00\" \/>\n<meta property=\"article:modified_time\" content=\"2024-02-26T17:22:08+00:00\" \/>\n<meta property=\"og:image\" content=\"https:\/\/dicodusport.fr\/blog\/wp-content\/uploads\/2024\/02\/France-Italie-Heure-et-chaine-TV-du-match-des-Bleus.png\" \/>\n\t<meta property=\"og:image:width\" content=\"1200\" \/>\n\t<meta property=\"og:image:height\" content=\"674\" \/>\n\t<meta property=\"og:image:type\" content=\"image\/png\" \/>\n<meta name=\"author\" content=\"Nicolas Jacquemard\" \/>\n<meta name=\"twitter:card\" content=\"summary_large_image\" \/>\n<meta name=\"twitter:title\" content=\"XV de France : Les 19 joueurs prot\u00e9g\u00e9s pour la 17\u00e8me journ\u00e9e de Top 14\" \/>\n<meta name=\"twitter:creator\" content=\"@https:\/\/twitter.com\/Nico_Jacquemard\" \/>\n<meta name=\"twitter:site\" content=\"@dicodusport\" \/>\n<script type=\"application\/ld+json\" class=\"yoast-schema-graph\">{\"@context\":\"https:\/\/schema.org\",\"@graph\":[{\"@type\":\"NewsArticle\",\"@id\":\"https:\/\/dicodusport.fr\/blog\/xv-de-france-les-19-joueurs-proteges-pour-la-17eme-journee-de-top-14\/#article\",\"isPartOf\":{\"@id\":\"https:\/\/dicodusport.fr\/blog\/xv-de-france-les-19-joueurs-proteges-pour-la-17eme-journee-de-top-14\/\"},\"author\":{\"name\":\"Nicolas Jacquemard\",\"@id\":\"https:\/\/dicodusport.fr\/blog\/#\/schema\/person\/55dcb50ad410894e431ed812bbb70191\"},\"headline\":\"XV de France : Les 19 joueurs prot\u00e9g\u00e9s pour la 17\u00e8me journ\u00e9e de Top 14\",\"datePublished\":\"2024-02-26T09:55:58+00:00\",\"dateModified\":\"2024-02-26T17:22:08+00:00\",\"mainEntityOfPage\":{\"@id\":\"https:\/\/dicodusport.fr\/blog\/xv-de-france-les-19-joueurs-proteges-pour-la-17eme-journee-de-top-14\/\"},\"wordCount\":279,\"commentCount\":0,\"publisher\":{\"@id\":\"https:\/\/dicodusport.fr\/blog\/#organization\"},\"image\":{\"@id\":\"https:\/\/dicodusport.fr\/blog\/xv-de-france-les-19-joueurs-proteges-pour-la-17eme-journee-de-top-14\/#primaryimage\"},\"thumbnailUrl\":\"https:\/\/dicodusport.fr\/blog\/wp-content\/uploads\/2024\/02\/France-Italie-Heure-et-chaine-TV-du-match-des-Bleus.png\",\"keywords\":[\"actu\",\"br\u00e8ve\",\"Fabien Galthi\u00e9\",\"XV de France\"],\"articleSection\":[\"Rugby \u00e0 XV\",\"Tournoi des 6 Nations\",\"XV de France\"],\"inLanguage\":\"fr-FR\",\"potentialAction\":[{\"@type\":\"CommentAction\",\"name\":\"Comment\",\"target\":[\"https:\/\/dicodusport.fr\/blog\/xv-de-france-les-19-joueurs-proteges-pour-la-17eme-journee-de-top-14\/#respond\"]}],\"copyrightYear\":\"2024\",\"copyrightHolder\":{\"@id\":\"https:\/\/dicodusport.fr\/blog\/#organization\"}},{\"@type\":\"WebPage\",\"@id\":\"https:\/\/dicodusport.fr\/blog\/xv-de-france-les-19-joueurs-proteges-pour-la-17eme-journee-de-top-14\/\",\"url\":\"https:\/\/dicodusport.fr\/blog\/xv-de-france-les-19-joueurs-proteges-pour-la-17eme-journee-de-top-14\/\",\"name\":\"XV de France : Les 19 joueurs prot\u00e9g\u00e9s pour la 17\u00e8me journ\u00e9e de Top 14\",\"isPartOf\":{\"@id\":\"https:\/\/dicodusport.fr\/blog\/#website\"},\"primaryImageOfPage\":{\"@id\":\"https:\/\/dicodusport.fr\/blog\/xv-de-france-les-19-joueurs-proteges-pour-la-17eme-journee-de-top-14\/#primaryimage\"},\"image\":{\"@id\":\"https:\/\/dicodusport.fr\/blog\/xv-de-france-les-19-joueurs-proteges-pour-la-17eme-journee-de-top-14\/#primaryimage\"},\"thumbnailUrl\":\"https:\/\/dicodusport.fr\/blog\/wp-content\/uploads\/2024\/02\/France-Italie-Heure-et-chaine-TV-du-match-des-Bleus.png\",\"datePublished\":\"2024-02-26T09:55:58+00:00\",\"dateModified\":\"2024-02-26T17:22:08+00:00\",\"description\":\"XV DE FRANCE - Le staff du XV de France a d\u00e9voil\u00e9 les 19 joueurs qui ne pourront pas jouer avec leur club lors de la 17\u00e8me journ\u00e9e.\",\"breadcrumb\":{\"@id\":\"https:\/\/dicodusport.fr\/blog\/xv-de-france-les-19-joueurs-proteges-pour-la-17eme-journee-de-top-14\/#breadcrumb\"},\"inLanguage\":\"fr-FR\",\"potentialAction\":[{\"@type\":\"ReadAction\",\"target\":[\"https:\/\/dicodusport.fr\/blog\/xv-de-france-les-19-joueurs-proteges-pour-la-17eme-journee-de-top-14\/\"]}]},{\"@type\":\"ImageObject\",\"inLanguage\":\"fr-FR\",\"@id\":\"https:\/\/dicodusport.fr\/blog\/xv-de-france-les-19-joueurs-proteges-pour-la-17eme-journee-de-top-14\/#primaryimage\",\"url\":\"https:\/\/dicodusport.fr\/blog\/wp-content\/uploads\/2024\/02\/France-Italie-Heure-et-chaine-TV-du-match-des-Bleus.png\",\"contentUrl\":\"https:\/\/dicodusport.fr\/blog\/wp-content\/uploads\/2024\/02\/France-Italie-Heure-et-chaine-TV-du-match-des-Bleus.png\",\"width\":1200,\"height\":674},{\"@type\":\"BreadcrumbList\",\"@id\":\"https:\/\/dicodusport.fr\/blog\/xv-de-france-les-19-joueurs-proteges-pour-la-17eme-journee-de-top-14\/#breadcrumb\",\"itemListElement\":[{\"@type\":\"ListItem\",\"position\":1,\"name\":\"Accueil\",\"item\":\"https:\/\/dicodusport.fr\/blog\/\"},{\"@type\":\"ListItem\",\"position\":2,\"name\":\"XV de France : Les 19 joueurs prot\u00e9g\u00e9s pour la 17\u00e8me journ\u00e9e de Top 14\"}]},{\"@type\":\"WebSite\",\"@id\":\"https:\/\/dicodusport.fr\/blog\/#website\",\"url\":\"https:\/\/dicodusport.fr\/blog\/\",\"name\":\"Dicodusport\",\"description\":\"L&#039;encyclop\u00e9die de l&#039;actualit\u00e9 sportive\",\"publisher\":{\"@id\":\"https:\/\/dicodusport.fr\/blog\/#organization\"},\"potentialAction\":[{\"@type\":\"SearchAction\",\"target\":{\"@type\":\"EntryPoint\",\"urlTemplate\":\"https:\/\/dicodusport.fr\/blog\/?s={search_term_string}\"},\"query-input\":{\"@type\":\"PropertyValueSpecification\",\"valueRequired\":true,\"valueName\":\"search_term_string\"}}],\"inLanguage\":\"fr-FR\"},{\"@type\":\"NewsMediaOrganization\",\"@id\":\"https:\/\/dicodusport.fr\/blog\/#organization\",\"name\":\"Dicodusport\",\"url\":\"https:\/\/dicodusport.fr\/blog\/\",\"logo\":{\"@type\":\"ImageObject\",\"inLanguage\":\"fr-FR\",\"@id\":\"https:\/\/dicodusport.fr\/blog\/#\/schema\/logo\/image\/\",\"url\":\"https:\/\/dicodusport.fr\/blog\/wp-content\/uploads\/2020\/06\/cropped-LOGO-DICODUSPORT-2020-SANS-FOND-SANS-TEXTE.png\",\"contentUrl\":\"https:\/\/dicodusport.fr\/blog\/wp-content\/uploads\/2020\/06\/cropped-LOGO-DICODUSPORT-2020-SANS-FOND-SANS-TEXTE.png\",\"width\":512,\"height\":512,\"caption\":\"Dicodusport\"},\"image\":{\"@id\":\"https:\/\/dicodusport.fr\/blog\/#\/schema\/logo\/image\/\"},\"sameAs\":[\"https:\/\/www.facebook.com\/dicodusport\",\"https:\/\/x.com\/dicodusport\",\"https:\/\/www.instagram.com\/dicodusport\/\",\"https:\/\/www.youtube.com\/channel\/UC7V2KZ5sd3htJivAbA4ZG3w\"],\"description\":\"Dicodusport est l'encyclop\u00e9die de l'actualit\u00e9 sportive.\",\"email\":\"bonjour@dicodusport.fr\",\"legalName\":\"DICODUSPORT\",\"foundingDate\":\"2018-01-14\",\"vatID\":\"FR71834470973\",\"taxID\":\"83447097300043\",\"numberOfEmployees\":{\"@type\":\"QuantitativeValue\",\"minValue\":\"1\",\"maxValue\":\"10\"}},{\"@type\":\"Person\",\"@id\":\"https:\/\/dicodusport.fr\/blog\/#\/schema\/person\/55dcb50ad410894e431ed812bbb70191\",\"name\":\"Nicolas Jacquemard\",\"image\":{\"@type\":\"ImageObject\",\"inLanguage\":\"fr-FR\",\"@id\":\"https:\/\/dicodusport.fr\/blog\/#\/schema\/person\/image\/\",\"url\":\"https:\/\/dicodusport.fr\/blog\/wp-content\/uploads\/2021\/05\/Nicolas-Jacquemard-150x150.jpeg\",\"contentUrl\":\"https:\/\/dicodusport.fr\/blog\/wp-content\/uploads\/2021\/05\/Nicolas-Jacquemard-150x150.jpeg\",\"caption\":\"Nicolas Jacquemard\"},\"description\":\"Passionn\u00e9 de sport et entrepreneur depuis mes 18 ans, la cr\u00e9ation de Dicodusport m'a sembl\u00e9 \u00e9vidente pour participer \u00e0 la m\u00e9diatisation d'un plus grand nombre de sports. Le chemin est long mais avec une \u00e9quipe des plus motiv\u00e9es et les Jeux Olympiques de Paris 2024 en point de mire, nous y arriverons ! Journaliste dans le monde du sport depuis plus de 5 ans, je traite aussi bien de football, de rugby, de biathlon que de cyclisme.\",\"sameAs\":[\"https:\/\/www.facebook.com\/dicodusport\",\"https:\/\/x.com\/https:\/\/twitter.com\/Nico_Jacquemard\"],\"url\":\"https:\/\/dicodusport.fr\/blog\/author\/dicodusport\/\"}]}<\/script>\n<!-- \/ Yoast SEO Premium plugin. -->","yoast_head_json":{"title":"XV de France : Les 19 joueurs prot\u00e9g\u00e9s pour la 17\u00e8me journ\u00e9e de Top 14","description":"XV DE FRANCE - Le staff du XV de France a d\u00e9voil\u00e9 les 19 joueurs qui ne pourront pas jouer avec leur club lors de la 17\u00e8me journ\u00e9e.","robots":{"index":"index","follow":"follow","max-snippet":"max-snippet:-1","max-image-preview":"max-image-preview:large","max-video-preview":"max-video-preview:-1"},"canonical":"https:\/\/dicodusport.fr\/blog\/xv-de-france-les-19-joueurs-proteges-pour-la-17eme-journee-de-top-14\/","og_locale":"fr_FR","og_type":"article","og_title":"XV de France : Les 19 joueurs prot\u00e9g\u00e9s pour la 17\u00e8me journ\u00e9e de Top 14","og_description":"XV DE FRANCE - Le staff du XV de France a d\u00e9voil\u00e9 les 19 joueurs qui ne pourront pas jouer avec leur club lors de la 17\u00e8me journ\u00e9e.","og_url":"https:\/\/dicodusport.fr\/blog\/xv-de-france-les-19-joueurs-proteges-pour-la-17eme-journee-de-top-14\/","og_site_name":"Dicodusport","article_publisher":"https:\/\/www.facebook.com\/dicodusport","article_author":"https:\/\/www.facebook.com\/dicodusport","article_published_time":"2024-02-26T09:55:58+00:00","article_modified_time":"2024-02-26T17:22:08+00:00","og_image":[{"width":1200,"height":674,"url":"https:\/\/dicodusport.fr\/blog\/wp-content\/uploads\/2024\/02\/France-Italie-Heure-et-chaine-TV-du-match-des-Bleus.png","type":"image\/png"}],"author":"Nicolas Jacquemard","twitter_card":"summary_large_image","twitter_title":"XV de France : Les 19 joueurs prot\u00e9g\u00e9s pour la 17\u00e8me journ\u00e9e de Top 14","twitter_creator":"@https:\/\/twitter.com\/Nico_Jacquemard","twitter_site":"@dicodusport","schema":{"@context":"https:\/\/schema.org","@graph":[{"@type":"NewsArticle","@id":"https:\/\/dicodusport.fr\/blog\/xv-de-france-les-19-joueurs-proteges-pour-la-17eme-journee-de-top-14\/#article","isPartOf":{"@id":"https:\/\/dicodusport.fr\/blog\/xv-de-france-les-19-joueurs-proteges-pour-la-17eme-journee-de-top-14\/"},"author":{"name":"Nicolas Jacquemard","@id":"https:\/\/dicodusport.fr\/blog\/#\/schema\/person\/55dcb50ad410894e431ed812bbb70191"},"headline":"XV de France : Les 19 joueurs prot\u00e9g\u00e9s pour la 17\u00e8me journ\u00e9e de Top 14","datePublished":"2024-02-26T09:55:58+00:00","dateModified":"2024-02-26T17:22:08+00:00","mainEntityOfPage":{"@id":"https:\/\/dicodusport.fr\/blog\/xv-de-france-les-19-joueurs-proteges-pour-la-17eme-journee-de-top-14\/"},"wordCount":279,"commentCount":0,"publisher":{"@id":"https:\/\/dicodusport.fr\/blog\/#organization"},"image":{"@id":"https:\/\/dicodusport.fr\/blog\/xv-de-france-les-19-joueurs-proteges-pour-la-17eme-journee-de-top-14\/#primaryimage"},"thumbnailUrl":"https:\/\/dicodusport.fr\/blog\/wp-content\/uploads\/2024\/02\/France-Italie-Heure-et-chaine-TV-du-match-des-Bleus.png","keywords":["actu","br\u00e8ve","Fabien Galthi\u00e9","XV de France"],"articleSection":["Rugby \u00e0 XV","Tournoi des 6 Nations","XV de France"],"inLanguage":"fr-FR","potentialAction":[{"@type":"CommentAction","name":"Comment","target":["https:\/\/dicodusport.fr\/blog\/xv-de-france-les-19-joueurs-proteges-pour-la-17eme-journee-de-top-14\/#respond"]}],"copyrightYear":"2024","copyrightHolder":{"@id":"https:\/\/dicodusport.fr\/blog\/#organization"}},{"@type":"WebPage","@id":"https:\/\/dicodusport.fr\/blog\/xv-de-france-les-19-joueurs-proteges-pour-la-17eme-journee-de-top-14\/","url":"https:\/\/dicodusport.fr\/blog\/xv-de-france-les-19-joueurs-proteges-pour-la-17eme-journee-de-top-14\/","name":"XV de France : Les 19 joueurs prot\u00e9g\u00e9s pour la 17\u00e8me journ\u00e9e de Top 14","isPartOf":{"@id":"https:\/\/dicodusport.fr\/blog\/#website"},"primaryImageOfPage":{"@id":"https:\/\/dicodusport.fr\/blog\/xv-de-france-les-19-joueurs-proteges-pour-la-17eme-journee-de-top-14\/#primaryimage"},"image":{"@id":"https:\/\/dicodusport.fr\/blog\/xv-de-france-les-19-joueurs-proteges-pour-la-17eme-journee-de-top-14\/#primaryimage"},"thumbnailUrl":"https:\/\/dicodusport.fr\/blog\/wp-content\/uploads\/2024\/02\/France-Italie-Heure-et-chaine-TV-du-match-des-Bleus.png","datePublished":"2024-02-26T09:55:58+00:00","dateModified":"2024-02-26T17:22:08+00:00","description":"XV DE FRANCE - Le staff du XV de France a d\u00e9voil\u00e9 les 19 joueurs qui ne pourront pas jouer avec leur club lors de la 17\u00e8me journ\u00e9e.","breadcrumb":{"@id":"https:\/\/dicodusport.fr\/blog\/xv-de-france-les-19-joueurs-proteges-pour-la-17eme-journee-de-top-14\/#breadcrumb"},"inLanguage":"fr-FR","potentialAction":[{"@type":"ReadAction","target":["https:\/\/dicodusport.fr\/blog\/xv-de-france-les-19-joueurs-proteges-pour-la-17eme-journee-de-top-14\/"]}]},{"@type":"ImageObject","inLanguage":"fr-FR","@id":"https:\/\/dicodusport.fr\/blog\/xv-de-france-les-19-joueurs-proteges-pour-la-17eme-journee-de-top-14\/#primaryimage","url":"https:\/\/dicodusport.fr\/blog\/wp-content\/uploads\/2024\/02\/France-Italie-Heure-et-chaine-TV-du-match-des-Bleus.png","contentUrl":"https:\/\/dicodusport.fr\/blog\/wp-content\/uploads\/2024\/02\/France-Italie-Heure-et-chaine-TV-du-match-des-Bleus.png","width":1200,"height":674},{"@type":"BreadcrumbList","@id":"https:\/\/dicodusport.fr\/blog\/xv-de-france-les-19-joueurs-proteges-pour-la-17eme-journee-de-top-14\/#breadcrumb","itemListElement":[{"@type":"ListItem","position":1,"name":"Accueil","item":"https:\/\/dicodusport.fr\/blog\/"},{"@type":"ListItem","position":2,"name":"XV de France : Les 19 joueurs prot\u00e9g\u00e9s pour la 17\u00e8me journ\u00e9e de Top 14"}]},{"@type":"WebSite","@id":"https:\/\/dicodusport.fr\/blog\/#website","url":"https:\/\/dicodusport.fr\/blog\/","name":"Dicodusport","description":"L&#039;encyclop\u00e9die de l&#039;actualit\u00e9 sportive","publisher":{"@id":"https:\/\/dicodusport.fr\/blog\/#organization"},"potentialAction":[{"@type":"SearchAction","target":{"@type":"EntryPoint","urlTemplate":"https:\/\/dicodusport.fr\/blog\/?s={search_term_string}"},"query-input":{"@type":"PropertyValueSpecification","valueRequired":true,"valueName":"search_term_string"}}],"inLanguage":"fr-FR"},{"@type":"NewsMediaOrganization","@id":"https:\/\/dicodusport.fr\/blog\/#organization","name":"Dicodusport","url":"https:\/\/dicodusport.fr\/blog\/","logo":{"@type":"ImageObject","inLanguage":"fr-FR","@id":"https:\/\/dicodusport.fr\/blog\/#\/schema\/logo\/image\/","url":"https:\/\/dicodusport.fr\/blog\/wp-content\/uploads\/2020\/06\/cropped-LOGO-DICODUSPORT-2020-SANS-FOND-SANS-TEXTE.png","contentUrl":"https:\/\/dicodusport.fr\/blog\/wp-content\/uploads\/2020\/06\/cropped-LOGO-DICODUSPORT-2020-SANS-FOND-SANS-TEXTE.png","width":512,"height":512,"caption":"Dicodusport"},"image":{"@id":"https:\/\/dicodusport.fr\/blog\/#\/schema\/logo\/image\/"},"sameAs":["https:\/\/www.facebook.com\/dicodusport","https:\/\/x.com\/dicodusport","https:\/\/www.instagram.com\/dicodusport\/","https:\/\/www.youtube.com\/channel\/UC7V2KZ5sd3htJivAbA4ZG3w"],"description":"Dicodusport est l'encyclop\u00e9die de l'actualit\u00e9 sportive.","email":"bonjour@dicodusport.fr","legalName":"DICODUSPORT","foundingDate":"2018-01-14","vatID":"FR71834470973","taxID":"83447097300043","numberOfEmployees":{"@type":"QuantitativeValue","minValue":"1","maxValue":"10"}},{"@type":"Person","@id":"https:\/\/dicodusport.fr\/blog\/#\/schema\/person\/55dcb50ad410894e431ed812bbb70191","name":"Nicolas Jacquemard","image":{"@type":"ImageObject","inLanguage":"fr-FR","@id":"https:\/\/dicodusport.fr\/blog\/#\/schema\/person\/image\/","url":"https:\/\/dicodusport.fr\/blog\/wp-content\/uploads\/2021\/05\/Nicolas-Jacquemard-150x150.jpeg","contentUrl":"https:\/\/dicodusport.fr\/blog\/wp-content\/uploads\/2021\/05\/Nicolas-Jacquemard-150x150.jpeg","caption":"Nicolas Jacquemard"},"description":"Passionn\u00e9 de sport et entrepreneur depuis mes 18 ans, la cr\u00e9ation de Dicodusport m'a sembl\u00e9 \u00e9vidente pour participer \u00e0 la m\u00e9diatisation d'un plus grand nombre de sports. Le chemin est long mais avec une \u00e9quipe des plus motiv\u00e9es et les Jeux Olympiques de Paris 2024 en point de mire, nous y arriverons ! Journaliste dans le monde du sport depuis plus de 5 ans, je traite aussi bien de football, de rugby, de biathlon que de cyclisme.","sameAs":["https:\/\/www.facebook.com\/dicodusport","https:\/\/x.com\/https:\/\/twitter.com\/Nico_Jacquemard"],"url":"https:\/\/dicodusport.fr\/blog\/author\/dicodusport\/"}]}},"_links":{"self":[{"href":"https:\/\/dicodusport.fr\/blog\/wp-json\/wp\/v2\/posts\/467014","targetHints":{"allow":["GET"]}}],"collection":[{"href":"https:\/\/dicodusport.fr\/blog\/wp-json\/wp\/v2\/posts"}],"about":[{"href":"https:\/\/dicodusport.fr\/blog\/wp-json\/wp\/v2\/types\/post"}],"author":[{"embeddable":true,"href":"https:\/\/dicodusport.fr\/blog\/wp-json\/wp\/v2\/users\/1"}],"replies":[{"embeddable":true,"href":"https:\/\/dicodusport.fr\/blog\/wp-json\/wp\/v2\/comments?post=467014"}],"version-history":[{"count":6,"href":"https:\/\/dicodusport.fr\/blog\/wp-json\/wp\/v2\/posts\/467014\/revisions"}],"predecessor-version":[{"id":467094,"href":"https:\/\/dicodusport.fr\/blog\/wp-json\/wp\/v2\/posts\/467014\/revisions\/467094"}],"wp:featuredmedia":[{"embeddable":true,"href":"https:\/\/dicodusport.fr\/blog\/wp-json\/wp\/v2\/media\/466007"}],"wp:attachment":[{"href":"https:\/\/dicodusport.fr\/blog\/wp-json\/wp\/v2\/media?parent=467014"}],"wp:term":[{"taxonomy":"category","embeddable":true,"href":"https:\/\/dicodusport.fr\/blog\/wp-json\/wp\/v2\/categories?post=467014"},{"taxonomy":"post_tag","embeddable":true,"href":"https:\/\/dicodusport.fr\/blog\/wp-json\/wp\/v2\/tags?post=467014"}],"curies":[{"name":"wp","href":"https:\/\/api.w.org\/{rel}","templated":true}]}}