{"id":467300,"date":"2024-02-28T18:29:58","date_gmt":"2024-02-28T17:29:58","guid":{"rendered":"https:\/\/dicodusport.fr\/blog\/?p=467300&#038;preview=true&#038;preview_id=467300"},"modified":"2024-02-28T18:44:01","modified_gmt":"2024-02-28T17:44:01","slug":"athletisme-mondiaux-en-salle-les-chances-de-medailles-francaises","status":"publish","type":"post","link":"https:\/\/dicodusport.fr\/blog\/athletisme-mondiaux-en-salle-les-chances-de-medailles-francaises\/","title":{"rendered":"Athl\u00e9tisme Mondiaux en salle : Les chances de m\u00e9dailles fran\u00e7aises"},"content":{"rendered":"<p style=\"text-align: justify;\"><strong><em>ATHL\u00c9TISME &#8211; Parmi les treize fran\u00e7ais engag\u00e9s aux Mondiaux en salle \u00e0 Glasgow, certains peuvent nourrir de vrais espoirs de m\u00e9dailles.\u00a0<\/em><\/strong><\/p>\n<ul>\n<li style=\"text-align: justify;\"><strong>\u00c0 ce sujet &#8211; <a href=\"https:\/\/dicodusport.fr\/blog\/athletisme-programme-et-resultats-championnats-du-monde-en-salle-2024\/\">Athl\u00e9tisme \u2013 Programme et r\u00e9sultats Championnats du monde en salle 2024<\/a><\/strong><\/li>\n<\/ul>\n<h2 style=\"text-align: justify;\">La place de la France dans l&rsquo;histoire des Mondiaux en salle<\/h2>\n<p style=\"text-align: justify;\">Les 20\u00e8mes championnats du monde en salle vont se tenir ce week-end \u00e0 Glasgow. Pr\u00e8s de 40 ans d&rsquo;histoire depuis la toute premi\u00e8re \u00e9dition en 1985, \u00e0 Paris-Bercy. Une \u00e9dition qui reste d&rsquo;ailleurs record pour la France. Avec sept m\u00e9dailles glan\u00e9es, dont les titres de <strong>St\u00e9phane Caristan<\/strong> sur 60 m haies et<strong> G\u00e9rard Leli\u00e8vre<\/strong> sur\u00a0 5 000 m marche. Cette derni\u00e8re est malheureusement disparue du programme des mondiaux en salle, comme le 200 m. Et jamais les Bleus ont pu r\u00e9\u00e9diter cette incroyable performance \u00e0 domicile. Du moins, en termes de m\u00e9dailles.<\/p>\n<p style=\"text-align: justify;\">Car l&rsquo;ann\u00e9e 2016 a vu les Bleus de nouveau se hisser \u00e0 la 3e place. Avec quatre m\u00e9dailles (le 2e meilleur total, avec 2012, 1997 et 1993). Dont le titre de <strong>Renaud Lavillenie<\/strong>, qui en a glan\u00e9 trois au total, soit le meilleur total pour un Fran\u00e7ais, dans des Mondiaux indoor. Hormis 1989, 2006 et 2008, les Bleus ont toujours ramen\u00e9 une m\u00e9daille. Et les derni\u00e8res \u00e9ditions sont m\u00eame plut\u00f4t bonnes pour les Fran\u00e7ais, au pire 7e (2012 et 2014). Avec, \u00e0 chaque fois, une m\u00e9daille d&rsquo;or. Le perchiste fran\u00e7ais d\u00e9clinant, d&rsquo;autres t\u00eates d&rsquo;affiche ont pris le relais pour glaner l&rsquo;or. Une autre t\u00eate d&rsquo;affiche, en la personne de <strong>Kevin Mayer<\/strong>, champion du monde de l&rsquo;heptathlon indoor en 2018. Et la sensation <strong>Cyr\u00e9na Samba-Mayela<\/strong>, qui a domin\u00e9 le 60 m haies, avec un record de France \u00e0 la cl\u00e9.<\/p>\n<div class=\"vlp-link-container vlp-layout-article\"><a href=\"https:\/\/dicodusport.fr\/blog\/championnats-du-monde-en-salle-cyrena-samba-mayela-championne-du-monde\/\" class=\"vlp-link\" title=\"Championnats du monde en salle : Cyr\u00e9na Samba-Mayela championne du monde du 60 m haies !\"><\/a><div class=\"vlp-layout-zone-side\"><div class=\"vlp-block-4 vlp-link-image\"><img loading=\"lazy\" decoding=\"async\" style=\"max-width: 800px;\" width=\"800\" height=\"445\" src=\"https:\/\/dicodusport.fr\/blog\/wp-content\/uploads\/2022\/03\/Cyrena-Samba-Mayela-championne-du-monde-du-60m-haies.png\" class=\"attachment-800x445 size-800x445\" alt=\"Cyrena Samba-Mayela championne du monde du 60m haies\" srcset=\"https:\/\/dicodusport.fr\/blog\/wp-content\/uploads\/2022\/03\/Cyrena-Samba-Mayela-championne-du-monde-du-60m-haies.png 800w, https:\/\/dicodusport.fr\/blog\/wp-content\/uploads\/2022\/03\/Cyrena-Samba-Mayela-championne-du-monde-du-60m-haies-300x167.png 300w, https:\/\/dicodusport.fr\/blog\/wp-content\/uploads\/2022\/03\/Cyrena-Samba-Mayela-championne-du-monde-du-60m-haies-768x427.png 768w\" sizes=\"auto, (max-width: 800px) 100vw, 800px\" \/><\/div><\/div><div class=\"vlp-layout-zone-main\"><div class=\"vlp-block-0 vlp-link-title\">Championnats du monde en salle : Cyr\u00e9na Samba-Mayela championne du monde du 60 m haies !<\/div><div class=\"vlp-block-1 vlp-link-summary\">ATHL\u00c9TISME - CHAMPIONNATS DU MONDE EN SALLE 2022 - Parmi les favorites annonc\u00e9es, la prot\u00e9g\u00e9e de Teddy Tamgho s'offre le titre mondial indoor du 60m haies \u00e0 seulement 21 ans ! Record de France en bonus pour Cyrena Samba-Mayela (7\"78) devant la Baham\u00e9enne Devynne Charlton (7\"81) et l'Am\u00e9ricaine Gabrielle Cunningham (7\"87).\u00a0<\/div><div class=\"vlp-block-2 vlp-link-button\">Lire l'article<\/div><div class=\"vlp-block-3 vlp-link-url\">dicodusport.fr<\/div><\/div><\/div>\n<p style=\"text-align: justify;\">En bref, s&rsquo;il y a eu un creux dans les ann\u00e9es 2000, il y a un vrai retour en force des Bleus dans les bilans mondiaux. Maintenant, il est juste qu&rsquo;il y a moins d&rsquo;\u00e9preuves, mais celles restantes virent souvent la France briller. On pense au 60 m haies, mais aussi la perche, domin\u00e9e par <strong>Renaud Lavillenie<\/strong>. \u00c0 l&rsquo;inverse, il y a moins de discipline de fond, o\u00f9 les Bleus ont toujours \u00e9t\u00e9 en difficult\u00e9, et ce qui handicape des pays comme l&rsquo;\u00c9thiopie ou le Kenya.<\/p>\n<p style=\"text-align: justify;\"><strong>2022 :<\/strong> 6e &#8211; 2 m\u00e9dailles (1 or, 1 argent)<\/p>\n<p style=\"text-align: justify;\"><strong>2018 :<\/strong> 5e &#8211; 2 m\u00e9dailles (2 or)<\/p>\n<p style=\"text-align: justify;\"><strong>2016 :<\/strong> 3e &#8211; 4 m\u00e9dailles (1 or, 1 argent, 2 bronze)<\/p>\n<p style=\"text-align: justify;\"><strong>2014 :<\/strong> 7e &#8211; 3 m\u00e9dailles (1 or, 1 argent, 1 bronze)<\/p>\n<p style=\"text-align: justify;\"><strong>2012 :<\/strong> 7e &#8211; 4 m\u00e9dailles (1 or; 1 argent, 2 bronze)<\/p>\n<p style=\"text-align: justify;\"><strong>2010 :<\/strong> 10e &#8211; 1 m\u00e9daille (1 or)<\/p>\n<p style=\"text-align: justify;\"><strong>2008 :<\/strong> Non class\u00e9 &#8211; 0 m\u00e9daille<\/p>\n<p style=\"text-align: justify;\"><strong>2006 :<\/strong> Non class\u00e9 &#8211; 0 m\u00e9daille<\/p>\n<p style=\"text-align: justify;\"><strong>2004 :<\/strong> 26e &#8211; 1 m\u00e9daille (1 bronze)<\/p>\n<p style=\"text-align: justify;\"><strong>2003 :<\/strong> 5e &#8211; 3 m\u00e9dailles (2 or, 1 bronze)<\/p>\n<p style=\"text-align: justify;\"><strong>2001 :<\/strong> 24e &#8211; 2 m\u00e9dailles (2 bronze)<\/p>\n<p style=\"text-align: justify;\"><strong>1999 :<\/strong> 12e &#8211; 1 m\u00e9daille (1 or)<\/p>\n<p style=\"text-align: justify;\"><strong>1997 :<\/strong> 19e &#8211; 4 m\u00e9dailles (1 argent, 3 bronze)<\/p>\n<p style=\"text-align: justify;\"><strong>1995 :<\/strong> 8e &#8211; 2 m\u00e9dailles (1 or, 1 bronze)<\/p>\n<p style=\"text-align: justify;\"><strong>1993 :<\/strong> 8e &#8211; 4 m\u00e9dailles (1 or, 1 argent, 2 bronze)<\/p>\n<p style=\"text-align: justify;\"><strong>1991 :<\/strong> 5e &#8211; 3 m\u00e9dailles (1 or, 1 argent, 1 bronze)<\/p>\n<p style=\"text-align: justify;\"><strong>1989 :<\/strong> Non class\u00e9 &#8211; 0 m\u00e9daille<\/p>\n<p style=\"text-align: justify;\"><strong>1987 :<\/strong> 9e &#8211; 3 m\u00e9dailles (2 argent, 3 bronze)<\/p>\n<p style=\"text-align: justify;\"><strong>1985 :<\/strong> 3e &#8211; 7 m\u00e9dailles (2 or, 3 argant, 2 bronze)<\/p>\n<ul>\n<li><strong>\u00c0 ce sujet &#8211; <a href=\"https:\/\/dicodusport.fr\/blog\/mondiaux-dathletisme-en-salle-2024-la-selection-francaise\/\">La s\u00e9lection fran\u00e7aise pour les Mondiaux en salle 2024<\/a><\/strong><\/li>\n<\/ul>\n<h2 style=\"text-align: justify;\">Plus de quatre m\u00e9dailles, est-ce possible ?<\/h2>\n<p style=\"text-align: justify;\">Comme \u00e0 Belgrade en 2022, il n&rsquo;y a pas de Fran\u00e7ais favori de sa discipline. En revanche, parmi les treize fran\u00e7ais engag\u00e9s \u00e0 Glasgow (contre 10 en 2022), il y a quelques sacr\u00e9s outsiders, malgr\u00e9 les absences de derni\u00e8re minute d&rsquo;<strong>Azeddine Habz<\/strong> et <strong>Jean-Marc Pontvianne<\/strong>. On vous a d\u00e9j\u00e0 expliqu\u00e9 pourquoi <a href=\"https:\/\/dicodusport.fr\/blog\/athletisme-pourquoi-makenson-gletty-peut-il-gagner-une-medaille-a-glasgow\/\"><strong>Makensen Gletty<\/strong> peut \u00eatre un pr\u00e9tendant \u00e0 la m\u00e9daille sur l&rsquo;heptathlon<\/a>, mais le sp\u00e9cialiste des \u00e9preuves combin\u00e9es est loin d&rsquo;\u00eatre le seul. Ni <a href=\"https:\/\/dicodusport.fr\/blog\/perche-elite-rouen-2024-thibaut-collet-parmi-les-tres-grands\/\">T<strong>hibaut Collet<\/strong>, dont on a salu\u00e9 sa belle saison hivernale<\/a>. Encore une fois, le 60 m haies pourrait apporter du bonheur aux fans d&rsquo;athl\u00e9tisme. Avec <strong>Wilhem Belocian<\/strong> et <strong>Just Kwaou-Mathey<\/strong> en grande forme. Ce dernier d\u00e9tient m\u00eame la 3e meilleure performance mondiale de l&rsquo;ann\u00e9e, avec son chrono de 7.43. Un nouveau record. Alors que <strong>Wilhem Belocian<\/strong> n&rsquo;est qu&rsquo;\u00e0 un petit centi\u00e8me, avec ses 7.44.<\/p>\n<p style=\"text-align: justify;\"><strong>Benjamin Robert<\/strong> n&rsquo;est pas le mieux plac\u00e9, mais sur une course ouverte comme le 800 m, tout peut se passer. Et ce n&rsquo;est pas le frais retrait\u00e9 Pierre-Ambroise Bosse, champion du monde en ext\u00e9rieur en 2017, qui dira le contraire.<\/p>\n<h3>Une question de dynamique<\/h3>\n<p style=\"text-align: justify;\">Championne du monde en titre, les choses seront plus difficiles pour <strong>Cyr\u00e9na Samba-Mayela<\/strong>. Avec un 60 m haies f\u00e9minin absolument dantesque, en atteste le record du monde battu par <strong>Devynne Charlton<\/strong> (7.67), mais aussi<strong> Tia Jones<\/strong> (7.67). Il faudra qu&rsquo;elle se rapproche, voire tr\u00e8s certainement qu&rsquo;elle batte son propre record de France (7.78), pour esp\u00e9rer quelque chose. Et ce, d\u00e8s les demi-finales.<\/p>\n<p style=\"text-align: justify;\">Si tout se passe bien, il est vrai qu&rsquo;on peut envisager 4 m\u00e9dailles, comme ce fut le cas en 2016, voire une de plus en cas d&rsquo;alignement des plan\u00e8tes. Cela peut se passer moins bien et le spectre du 0 point\u00e9 peut planer sur l&rsquo;\u00e9quipe de France, comme ce fut longtemps le cas en 2022 \u00e0 Eugene et en 2023 \u00e0 Budapest, sur les Mondiaux ext\u00e9rieurs. Comme souvent, c&rsquo;est une question de dynamique. Il suffit qu&rsquo;une journ\u00e9e se lance bien et tout peut s&rsquo;aligner. Comme l&rsquo;hiver dernier \u00e0 Istanbul, quand les Bleus ont ramen\u00e9 le dimanche apr\u00e8s-midi cinq m\u00e9dailles, des championnats d&rsquo;Europe, alors que, sur les cinq premi\u00e8res sessions, le compteur \u00e9tait bloqu\u00e9 \u00e0 une seule r\u00e9compense.<\/p>\n","protected":false},"excerpt":{"rendered":"<p>ATHL\u00c9TISME &#8211; Parmi les treize fran\u00e7ais engag\u00e9s aux Mondiaux en salle \u00e0 Glasgow, certains peuvent nourrir de vrais espoirs de m\u00e9dailles.\u00a0<\/p>\n","protected":false},"author":83,"featured_media":467445,"comment_status":"open","ping_status":"closed","sticky":false,"template":"","format":"standard","meta":{"_acf_changed":false,"_daextam_enable_autolinks":"1","footnotes":""},"categories":[2308],"tags":[143,10976,7383,16878],"class_list":["post-467300","post","type-post","status-publish","format-standard","has-post-thumbnail","hentry","category-athletisme","tag-athletisme","tag-athletisme-francais","tag-athletisme-indoor","tag-breve"],"acf":[],"yoast_head":"<!-- This site is optimized with the Yoast SEO Premium plugin v26.7 (Yoast SEO v26.7) - https:\/\/yoast.com\/wordpress\/plugins\/seo\/ -->\n<title>Athl\u00e9tisme Mondiaux en salle : Les chances de m\u00e9dailles fran\u00e7aises<\/title>\n<meta name=\"description\" content=\"ATHL\u00c9TISME - Parmi les treize fran\u00e7ais engag\u00e9s aux Mondiaux en salle \u00e0 Glasgow, certains peuvent nourrir de vrais espoirs de m\u00e9dailles.\u00a0\" \/>\n<meta name=\"robots\" content=\"index, follow, max-snippet:-1, max-image-preview:large, max-video-preview:-1\" \/>\n<link rel=\"canonical\" href=\"https:\/\/dicodusport.fr\/blog\/athletisme-mondiaux-en-salle-les-chances-de-medailles-francaises\/\" \/>\n<meta property=\"og:locale\" content=\"fr_FR\" \/>\n<meta property=\"og:type\" content=\"article\" \/>\n<meta property=\"og:title\" content=\"Athl\u00e9tisme Mondiaux en salle : Les chances de m\u00e9dailles fran\u00e7aises\" \/>\n<meta property=\"og:description\" content=\"ATHL\u00c9TISME - Parmi les treize fran\u00e7ais engag\u00e9s aux Mondiaux en salle \u00e0 Glasgow, certains peuvent nourrir de vrais espoirs de m\u00e9dailles.\u00a0\" \/>\n<meta property=\"og:url\" content=\"https:\/\/dicodusport.fr\/blog\/athletisme-mondiaux-en-salle-les-chances-de-medailles-francaises\/\" \/>\n<meta property=\"og:site_name\" content=\"Dicodusport\" \/>\n<meta property=\"article:publisher\" content=\"https:\/\/www.facebook.com\/dicodusport\" \/>\n<meta property=\"article:published_time\" content=\"2024-02-28T17:29:58+00:00\" \/>\n<meta property=\"article:modified_time\" content=\"2024-02-28T17:44:01+00:00\" \/>\n<meta property=\"og:image\" content=\"https:\/\/dicodusport.fr\/blog\/wp-content\/uploads\/2024\/02\/Athletisme-Mondiaux-en-salle-Les-chances-de-medailles-francaises.png\" \/>\n\t<meta property=\"og:image:width\" content=\"1200\" \/>\n\t<meta property=\"og:image:height\" content=\"674\" \/>\n\t<meta property=\"og:image:type\" content=\"image\/png\" \/>\n<meta name=\"author\" content=\"Etienne Goursaud\" \/>\n<meta name=\"twitter:card\" content=\"summary_large_image\" \/>\n<meta name=\"twitter:title\" content=\"Athl\u00e9tisme Mondiaux en salle : Les chances de m\u00e9dailles fran\u00e7aises\" \/>\n<meta name=\"twitter:creator\" content=\"@dicodusport\" \/>\n<meta name=\"twitter:site\" content=\"@dicodusport\" \/>\n<script type=\"application\/ld+json\" class=\"yoast-schema-graph\">{\"@context\":\"https:\/\/schema.org\",\"@graph\":[{\"@type\":\"NewsArticle\",\"@id\":\"https:\/\/dicodusport.fr\/blog\/athletisme-mondiaux-en-salle-les-chances-de-medailles-francaises\/#article\",\"isPartOf\":{\"@id\":\"https:\/\/dicodusport.fr\/blog\/athletisme-mondiaux-en-salle-les-chances-de-medailles-francaises\/\"},\"author\":{\"name\":\"Etienne Goursaud\",\"@id\":\"https:\/\/dicodusport.fr\/blog\/#\/schema\/person\/d603dd7da31fb2b46c82b9835a77ec13\"},\"headline\":\"Athl\u00e9tisme Mondiaux en salle : Les chances de m\u00e9dailles fran\u00e7aises\",\"datePublished\":\"2024-02-28T17:29:58+00:00\",\"dateModified\":\"2024-02-28T17:44:01+00:00\",\"mainEntityOfPage\":{\"@id\":\"https:\/\/dicodusport.fr\/blog\/athletisme-mondiaux-en-salle-les-chances-de-medailles-francaises\/\"},\"wordCount\":1019,\"commentCount\":0,\"publisher\":{\"@id\":\"https:\/\/dicodusport.fr\/blog\/#organization\"},\"image\":{\"@id\":\"https:\/\/dicodusport.fr\/blog\/athletisme-mondiaux-en-salle-les-chances-de-medailles-francaises\/#primaryimage\"},\"thumbnailUrl\":\"https:\/\/dicodusport.fr\/blog\/wp-content\/uploads\/2024\/02\/Athletisme-Mondiaux-en-salle-Les-chances-de-medailles-francaises.png\",\"keywords\":[\"Athl\u00e9tisme\",\"Athl\u00e9tisme fran\u00e7ais\",\"athl\u00e9tisme indoor\",\"br\u00e8ve\"],\"articleSection\":[\"Athl\u00e9tisme\"],\"inLanguage\":\"fr-FR\",\"potentialAction\":[{\"@type\":\"CommentAction\",\"name\":\"Comment\",\"target\":[\"https:\/\/dicodusport.fr\/blog\/athletisme-mondiaux-en-salle-les-chances-de-medailles-francaises\/#respond\"]}],\"copyrightYear\":\"2024\",\"copyrightHolder\":{\"@id\":\"https:\/\/dicodusport.fr\/blog\/#organization\"}},{\"@type\":\"WebPage\",\"@id\":\"https:\/\/dicodusport.fr\/blog\/athletisme-mondiaux-en-salle-les-chances-de-medailles-francaises\/\",\"url\":\"https:\/\/dicodusport.fr\/blog\/athletisme-mondiaux-en-salle-les-chances-de-medailles-francaises\/\",\"name\":\"Athl\u00e9tisme Mondiaux en salle : Les chances de m\u00e9dailles fran\u00e7aises\",\"isPartOf\":{\"@id\":\"https:\/\/dicodusport.fr\/blog\/#website\"},\"primaryImageOfPage\":{\"@id\":\"https:\/\/dicodusport.fr\/blog\/athletisme-mondiaux-en-salle-les-chances-de-medailles-francaises\/#primaryimage\"},\"image\":{\"@id\":\"https:\/\/dicodusport.fr\/blog\/athletisme-mondiaux-en-salle-les-chances-de-medailles-francaises\/#primaryimage\"},\"thumbnailUrl\":\"https:\/\/dicodusport.fr\/blog\/wp-content\/uploads\/2024\/02\/Athletisme-Mondiaux-en-salle-Les-chances-de-medailles-francaises.png\",\"datePublished\":\"2024-02-28T17:29:58+00:00\",\"dateModified\":\"2024-02-28T17:44:01+00:00\",\"description\":\"ATHL\u00c9TISME - Parmi les treize fran\u00e7ais engag\u00e9s aux Mondiaux en salle \u00e0 Glasgow, certains peuvent nourrir de vrais espoirs de m\u00e9dailles.\u00a0\",\"breadcrumb\":{\"@id\":\"https:\/\/dicodusport.fr\/blog\/athletisme-mondiaux-en-salle-les-chances-de-medailles-francaises\/#breadcrumb\"},\"inLanguage\":\"fr-FR\",\"potentialAction\":[{\"@type\":\"ReadAction\",\"target\":[\"https:\/\/dicodusport.fr\/blog\/athletisme-mondiaux-en-salle-les-chances-de-medailles-francaises\/\"]}]},{\"@type\":\"ImageObject\",\"inLanguage\":\"fr-FR\",\"@id\":\"https:\/\/dicodusport.fr\/blog\/athletisme-mondiaux-en-salle-les-chances-de-medailles-francaises\/#primaryimage\",\"url\":\"https:\/\/dicodusport.fr\/blog\/wp-content\/uploads\/2024\/02\/Athletisme-Mondiaux-en-salle-Les-chances-de-medailles-francaises.png\",\"contentUrl\":\"https:\/\/dicodusport.fr\/blog\/wp-content\/uploads\/2024\/02\/Athletisme-Mondiaux-en-salle-Les-chances-de-medailles-francaises.png\",\"width\":1200,\"height\":674,\"caption\":\"Athl\u00e9tisme Mondiaux en salle Les chances de m\u00e9dailles fran\u00e7aises\"},{\"@type\":\"BreadcrumbList\",\"@id\":\"https:\/\/dicodusport.fr\/blog\/athletisme-mondiaux-en-salle-les-chances-de-medailles-francaises\/#breadcrumb\",\"itemListElement\":[{\"@type\":\"ListItem\",\"position\":1,\"name\":\"Accueil\",\"item\":\"https:\/\/dicodusport.fr\/blog\/\"},{\"@type\":\"ListItem\",\"position\":2,\"name\":\"Athl\u00e9tisme Mondiaux en salle : Les chances de m\u00e9dailles fran\u00e7aises\"}]},{\"@type\":\"WebSite\",\"@id\":\"https:\/\/dicodusport.fr\/blog\/#website\",\"url\":\"https:\/\/dicodusport.fr\/blog\/\",\"name\":\"Dicodusport\",\"description\":\"L&#039;encyclop\u00e9die de l&#039;actualit\u00e9 sportive\",\"publisher\":{\"@id\":\"https:\/\/dicodusport.fr\/blog\/#organization\"},\"potentialAction\":[{\"@type\":\"SearchAction\",\"target\":{\"@type\":\"EntryPoint\",\"urlTemplate\":\"https:\/\/dicodusport.fr\/blog\/?s={search_term_string}\"},\"query-input\":{\"@type\":\"PropertyValueSpecification\",\"valueRequired\":true,\"valueName\":\"search_term_string\"}}],\"inLanguage\":\"fr-FR\"},{\"@type\":\"NewsMediaOrganization\",\"@id\":\"https:\/\/dicodusport.fr\/blog\/#organization\",\"name\":\"Dicodusport\",\"url\":\"https:\/\/dicodusport.fr\/blog\/\",\"logo\":{\"@type\":\"ImageObject\",\"inLanguage\":\"fr-FR\",\"@id\":\"https:\/\/dicodusport.fr\/blog\/#\/schema\/logo\/image\/\",\"url\":\"https:\/\/dicodusport.fr\/blog\/wp-content\/uploads\/2020\/06\/cropped-LOGO-DICODUSPORT-2020-SANS-FOND-SANS-TEXTE.png\",\"contentUrl\":\"https:\/\/dicodusport.fr\/blog\/wp-content\/uploads\/2020\/06\/cropped-LOGO-DICODUSPORT-2020-SANS-FOND-SANS-TEXTE.png\",\"width\":512,\"height\":512,\"caption\":\"Dicodusport\"},\"image\":{\"@id\":\"https:\/\/dicodusport.fr\/blog\/#\/schema\/logo\/image\/\"},\"sameAs\":[\"https:\/\/www.facebook.com\/dicodusport\",\"https:\/\/x.com\/dicodusport\",\"https:\/\/www.instagram.com\/dicodusport\/\",\"https:\/\/www.youtube.com\/channel\/UC7V2KZ5sd3htJivAbA4ZG3w\"],\"description\":\"Dicodusport est l'encyclop\u00e9die de l'actualit\u00e9 sportive.\",\"email\":\"bonjour@dicodusport.fr\",\"legalName\":\"DICODUSPORT\",\"foundingDate\":\"2018-01-14\",\"vatID\":\"FR71834470973\",\"taxID\":\"83447097300043\",\"numberOfEmployees\":{\"@type\":\"QuantitativeValue\",\"minValue\":\"1\",\"maxValue\":\"10\"}},{\"@type\":\"Person\",\"@id\":\"https:\/\/dicodusport.fr\/blog\/#\/schema\/person\/d603dd7da31fb2b46c82b9835a77ec13\",\"name\":\"Etienne Goursaud\",\"image\":{\"@type\":\"ImageObject\",\"inLanguage\":\"fr-FR\",\"@id\":\"https:\/\/dicodusport.fr\/blog\/#\/schema\/person\/image\/\",\"url\":\"https:\/\/dicodusport.fr\/blog\/wp-content\/uploads\/2023\/12\/410122264_10231602061736049_5565839791558026645_n-150x150.jpg\",\"contentUrl\":\"https:\/\/dicodusport.fr\/blog\/wp-content\/uploads\/2023\/12\/410122264_10231602061736049_5565839791558026645_n-150x150.jpg\",\"caption\":\"Etienne Goursaud\"},\"description\":\"Journaliste et amoureux de sport. Ancien footballeur reconverti athl\u00e8te quand ses muscles le laissent tranquille. \u00c9lev\u00e9 \u00e0 la sauce des exploits de Thomas Voeckler en 2004, du dernier essai de l\u00e9gende de Eunice Barber \u00e0 la longueur lors des championnats du monde d'athl\u00e9tisme de 2003 mais aussi Zidane, Omeyer et Titou Lamaison.\",\"url\":\"https:\/\/dicodusport.fr\/blog\/author\/etienne-goursaud\/\"}]}<\/script>\n<!-- \/ Yoast SEO Premium plugin. -->","yoast_head_json":{"title":"Athl\u00e9tisme Mondiaux en salle : Les chances de m\u00e9dailles fran\u00e7aises","description":"ATHL\u00c9TISME - Parmi les treize fran\u00e7ais engag\u00e9s aux Mondiaux en salle \u00e0 Glasgow, certains peuvent nourrir de vrais espoirs de m\u00e9dailles.\u00a0","robots":{"index":"index","follow":"follow","max-snippet":"max-snippet:-1","max-image-preview":"max-image-preview:large","max-video-preview":"max-video-preview:-1"},"canonical":"https:\/\/dicodusport.fr\/blog\/athletisme-mondiaux-en-salle-les-chances-de-medailles-francaises\/","og_locale":"fr_FR","og_type":"article","og_title":"Athl\u00e9tisme Mondiaux en salle : Les chances de m\u00e9dailles fran\u00e7aises","og_description":"ATHL\u00c9TISME - Parmi les treize fran\u00e7ais engag\u00e9s aux Mondiaux en salle \u00e0 Glasgow, certains peuvent nourrir de vrais espoirs de m\u00e9dailles.\u00a0","og_url":"https:\/\/dicodusport.fr\/blog\/athletisme-mondiaux-en-salle-les-chances-de-medailles-francaises\/","og_site_name":"Dicodusport","article_publisher":"https:\/\/www.facebook.com\/dicodusport","article_published_time":"2024-02-28T17:29:58+00:00","article_modified_time":"2024-02-28T17:44:01+00:00","og_image":[{"width":1200,"height":674,"url":"https:\/\/dicodusport.fr\/blog\/wp-content\/uploads\/2024\/02\/Athletisme-Mondiaux-en-salle-Les-chances-de-medailles-francaises.png","type":"image\/png"}],"author":"Etienne Goursaud","twitter_card":"summary_large_image","twitter_title":"Athl\u00e9tisme Mondiaux en salle : Les chances de m\u00e9dailles fran\u00e7aises","twitter_creator":"@dicodusport","twitter_site":"@dicodusport","schema":{"@context":"https:\/\/schema.org","@graph":[{"@type":"NewsArticle","@id":"https:\/\/dicodusport.fr\/blog\/athletisme-mondiaux-en-salle-les-chances-de-medailles-francaises\/#article","isPartOf":{"@id":"https:\/\/dicodusport.fr\/blog\/athletisme-mondiaux-en-salle-les-chances-de-medailles-francaises\/"},"author":{"name":"Etienne Goursaud","@id":"https:\/\/dicodusport.fr\/blog\/#\/schema\/person\/d603dd7da31fb2b46c82b9835a77ec13"},"headline":"Athl\u00e9tisme Mondiaux en salle : Les chances de m\u00e9dailles fran\u00e7aises","datePublished":"2024-02-28T17:29:58+00:00","dateModified":"2024-02-28T17:44:01+00:00","mainEntityOfPage":{"@id":"https:\/\/dicodusport.fr\/blog\/athletisme-mondiaux-en-salle-les-chances-de-medailles-francaises\/"},"wordCount":1019,"commentCount":0,"publisher":{"@id":"https:\/\/dicodusport.fr\/blog\/#organization"},"image":{"@id":"https:\/\/dicodusport.fr\/blog\/athletisme-mondiaux-en-salle-les-chances-de-medailles-francaises\/#primaryimage"},"thumbnailUrl":"https:\/\/dicodusport.fr\/blog\/wp-content\/uploads\/2024\/02\/Athletisme-Mondiaux-en-salle-Les-chances-de-medailles-francaises.png","keywords":["Athl\u00e9tisme","Athl\u00e9tisme fran\u00e7ais","athl\u00e9tisme indoor","br\u00e8ve"],"articleSection":["Athl\u00e9tisme"],"inLanguage":"fr-FR","potentialAction":[{"@type":"CommentAction","name":"Comment","target":["https:\/\/dicodusport.fr\/blog\/athletisme-mondiaux-en-salle-les-chances-de-medailles-francaises\/#respond"]}],"copyrightYear":"2024","copyrightHolder":{"@id":"https:\/\/dicodusport.fr\/blog\/#organization"}},{"@type":"WebPage","@id":"https:\/\/dicodusport.fr\/blog\/athletisme-mondiaux-en-salle-les-chances-de-medailles-francaises\/","url":"https:\/\/dicodusport.fr\/blog\/athletisme-mondiaux-en-salle-les-chances-de-medailles-francaises\/","name":"Athl\u00e9tisme Mondiaux en salle : Les chances de m\u00e9dailles fran\u00e7aises","isPartOf":{"@id":"https:\/\/dicodusport.fr\/blog\/#website"},"primaryImageOfPage":{"@id":"https:\/\/dicodusport.fr\/blog\/athletisme-mondiaux-en-salle-les-chances-de-medailles-francaises\/#primaryimage"},"image":{"@id":"https:\/\/dicodusport.fr\/blog\/athletisme-mondiaux-en-salle-les-chances-de-medailles-francaises\/#primaryimage"},"thumbnailUrl":"https:\/\/dicodusport.fr\/blog\/wp-content\/uploads\/2024\/02\/Athletisme-Mondiaux-en-salle-Les-chances-de-medailles-francaises.png","datePublished":"2024-02-28T17:29:58+00:00","dateModified":"2024-02-28T17:44:01+00:00","description":"ATHL\u00c9TISME - Parmi les treize fran\u00e7ais engag\u00e9s aux Mondiaux en salle \u00e0 Glasgow, certains peuvent nourrir de vrais espoirs de m\u00e9dailles.\u00a0","breadcrumb":{"@id":"https:\/\/dicodusport.fr\/blog\/athletisme-mondiaux-en-salle-les-chances-de-medailles-francaises\/#breadcrumb"},"inLanguage":"fr-FR","potentialAction":[{"@type":"ReadAction","target":["https:\/\/dicodusport.fr\/blog\/athletisme-mondiaux-en-salle-les-chances-de-medailles-francaises\/"]}]},{"@type":"ImageObject","inLanguage":"fr-FR","@id":"https:\/\/dicodusport.fr\/blog\/athletisme-mondiaux-en-salle-les-chances-de-medailles-francaises\/#primaryimage","url":"https:\/\/dicodusport.fr\/blog\/wp-content\/uploads\/2024\/02\/Athletisme-Mondiaux-en-salle-Les-chances-de-medailles-francaises.png","contentUrl":"https:\/\/dicodusport.fr\/blog\/wp-content\/uploads\/2024\/02\/Athletisme-Mondiaux-en-salle-Les-chances-de-medailles-francaises.png","width":1200,"height":674,"caption":"Athl\u00e9tisme Mondiaux en salle Les chances de m\u00e9dailles fran\u00e7aises"},{"@type":"BreadcrumbList","@id":"https:\/\/dicodusport.fr\/blog\/athletisme-mondiaux-en-salle-les-chances-de-medailles-francaises\/#breadcrumb","itemListElement":[{"@type":"ListItem","position":1,"name":"Accueil","item":"https:\/\/dicodusport.fr\/blog\/"},{"@type":"ListItem","position":2,"name":"Athl\u00e9tisme Mondiaux en salle : Les chances de m\u00e9dailles fran\u00e7aises"}]},{"@type":"WebSite","@id":"https:\/\/dicodusport.fr\/blog\/#website","url":"https:\/\/dicodusport.fr\/blog\/","name":"Dicodusport","description":"L&#039;encyclop\u00e9die de l&#039;actualit\u00e9 sportive","publisher":{"@id":"https:\/\/dicodusport.fr\/blog\/#organization"},"potentialAction":[{"@type":"SearchAction","target":{"@type":"EntryPoint","urlTemplate":"https:\/\/dicodusport.fr\/blog\/?s={search_term_string}"},"query-input":{"@type":"PropertyValueSpecification","valueRequired":true,"valueName":"search_term_string"}}],"inLanguage":"fr-FR"},{"@type":"NewsMediaOrganization","@id":"https:\/\/dicodusport.fr\/blog\/#organization","name":"Dicodusport","url":"https:\/\/dicodusport.fr\/blog\/","logo":{"@type":"ImageObject","inLanguage":"fr-FR","@id":"https:\/\/dicodusport.fr\/blog\/#\/schema\/logo\/image\/","url":"https:\/\/dicodusport.fr\/blog\/wp-content\/uploads\/2020\/06\/cropped-LOGO-DICODUSPORT-2020-SANS-FOND-SANS-TEXTE.png","contentUrl":"https:\/\/dicodusport.fr\/blog\/wp-content\/uploads\/2020\/06\/cropped-LOGO-DICODUSPORT-2020-SANS-FOND-SANS-TEXTE.png","width":512,"height":512,"caption":"Dicodusport"},"image":{"@id":"https:\/\/dicodusport.fr\/blog\/#\/schema\/logo\/image\/"},"sameAs":["https:\/\/www.facebook.com\/dicodusport","https:\/\/x.com\/dicodusport","https:\/\/www.instagram.com\/dicodusport\/","https:\/\/www.youtube.com\/channel\/UC7V2KZ5sd3htJivAbA4ZG3w"],"description":"Dicodusport est l'encyclop\u00e9die de l'actualit\u00e9 sportive.","email":"bonjour@dicodusport.fr","legalName":"DICODUSPORT","foundingDate":"2018-01-14","vatID":"FR71834470973","taxID":"83447097300043","numberOfEmployees":{"@type":"QuantitativeValue","minValue":"1","maxValue":"10"}},{"@type":"Person","@id":"https:\/\/dicodusport.fr\/blog\/#\/schema\/person\/d603dd7da31fb2b46c82b9835a77ec13","name":"Etienne Goursaud","image":{"@type":"ImageObject","inLanguage":"fr-FR","@id":"https:\/\/dicodusport.fr\/blog\/#\/schema\/person\/image\/","url":"https:\/\/dicodusport.fr\/blog\/wp-content\/uploads\/2023\/12\/410122264_10231602061736049_5565839791558026645_n-150x150.jpg","contentUrl":"https:\/\/dicodusport.fr\/blog\/wp-content\/uploads\/2023\/12\/410122264_10231602061736049_5565839791558026645_n-150x150.jpg","caption":"Etienne Goursaud"},"description":"Journaliste et amoureux de sport. Ancien footballeur reconverti athl\u00e8te quand ses muscles le laissent tranquille. \u00c9lev\u00e9 \u00e0 la sauce des exploits de Thomas Voeckler en 2004, du dernier essai de l\u00e9gende de Eunice Barber \u00e0 la longueur lors des championnats du monde d'athl\u00e9tisme de 2003 mais aussi Zidane, Omeyer et Titou Lamaison.","url":"https:\/\/dicodusport.fr\/blog\/author\/etienne-goursaud\/"}]}},"_links":{"self":[{"href":"https:\/\/dicodusport.fr\/blog\/wp-json\/wp\/v2\/posts\/467300","targetHints":{"allow":["GET"]}}],"collection":[{"href":"https:\/\/dicodusport.fr\/blog\/wp-json\/wp\/v2\/posts"}],"about":[{"href":"https:\/\/dicodusport.fr\/blog\/wp-json\/wp\/v2\/types\/post"}],"author":[{"embeddable":true,"href":"https:\/\/dicodusport.fr\/blog\/wp-json\/wp\/v2\/users\/83"}],"replies":[{"embeddable":true,"href":"https:\/\/dicodusport.fr\/blog\/wp-json\/wp\/v2\/comments?post=467300"}],"version-history":[{"count":5,"href":"https:\/\/dicodusport.fr\/blog\/wp-json\/wp\/v2\/posts\/467300\/revisions"}],"predecessor-version":[{"id":467458,"href":"https:\/\/dicodusport.fr\/blog\/wp-json\/wp\/v2\/posts\/467300\/revisions\/467458"}],"wp:featuredmedia":[{"embeddable":true,"href":"https:\/\/dicodusport.fr\/blog\/wp-json\/wp\/v2\/media\/467445"}],"wp:attachment":[{"href":"https:\/\/dicodusport.fr\/blog\/wp-json\/wp\/v2\/media?parent=467300"}],"wp:term":[{"taxonomy":"category","embeddable":true,"href":"https:\/\/dicodusport.fr\/blog\/wp-json\/wp\/v2\/categories?post=467300"},{"taxonomy":"post_tag","embeddable":true,"href":"https:\/\/dicodusport.fr\/blog\/wp-json\/wp\/v2\/tags?post=467300"}],"curies":[{"name":"wp","href":"https:\/\/api.w.org\/{rel}","templated":true}]}}