{"id":467399,"date":"2024-03-10T19:33:42","date_gmt":"2024-03-10T18:33:42","guid":{"rendered":"https:\/\/dicodusport.fr\/blog\/?p=467399&#038;preview=true&#038;preview_id=467399"},"modified":"2024-03-10T19:56:55","modified_gmt":"2024-03-10T18:56:55","slug":"athletisme-programme-et-resultats-coupe-deurope-des-lancers-2024","status":"publish","type":"post","link":"https:\/\/dicodusport.fr\/blog\/athletisme-programme-et-resultats-coupe-deurope-des-lancers-2024\/","title":{"rendered":"Athl\u00e9tisme : Programme et r\u00e9sultats Coupe d&rsquo;Europe des lancers 2024"},"content":{"rendered":"<p style=\"text-align: justify;\"><strong><em>ATHL\u00c9TISME &#8211; L&rsquo;\u00e9dition 2024 de la Coupe d&rsquo;Europe des lancers se d\u00e9roule ce week-end du 9 et 10 mars \u00e0 Leiria (Portugal). Voici le programme et les r\u00e9sultats de la comp\u00e9tition.<\/em><\/strong><\/p>\n<p style=\"text-align: justify;\">La comp\u00e9tition est \u00e0 suivre sur <a href=\"https:\/\/www.youtube.com\/@EuropeanAthletics\/streams\" target=\"_blank\" rel=\"noopener\"><b>la cha\u00eene YouTube d&rsquo;European Athletics<\/b><\/a>.<\/p>\n<hr \/>\n<ul>\n<li><strong>\u00c0 ce sujet &#8211; <\/strong><a title=\"Coupe d\u2019Europe des lancers 2024 \u2013 La s\u00e9lection tricolore pour Leiria\" href=\"https:\/\/dicodusport.fr\/blog\/coupe-deurope-des-lancers-2024-la-selection-tricolore-pour-leiria\/\" target=\"_blank\" rel=\"noopener\"><strong>La s\u00e9lection fran\u00e7aise<\/strong><\/a><\/li>\n<\/ul>\n<hr \/>\n<h2 style=\"text-align: justify;\">Le programme complet<\/h2>\n<p style=\"text-align: justify;\"><div class=\"su-tabs su-tabs-style-default su-tabs-mobile-stack\" data-active=\"2\" data-scroll-offset=\"0\" data-anchor-in-url=\"no\"><div class=\"su-tabs-nav\"><span class=\"\" data-url=\"\" data-target=\"blank\" tabindex=\"0\" role=\"button\">Samedi 9 mars<\/span><span class=\"\" data-url=\"\" data-target=\"blank\" tabindex=\"0\" role=\"button\">Dimanche 10 mars<\/span><\/div><div class=\"su-tabs-panes\"><div class=\"su-tabs-pane su-u-clearfix su-u-trim\" data-title=\"Samedi 9 mars\">\n<p><span style=\"color: #008000;\"><strong>11h :<\/strong> Lancer du marteau espoirs H<\/span><\/p>\n<p><span style=\"color: #008000;\"><strong>11h :<\/strong> Lancer du javelot espoirs F<\/span><\/p>\n<p style=\"text-align: justify;\"><span style=\"color: #008000;\"><strong>12<\/strong><\/span><span style=\"color: #008000;\"><strong>h55 : <\/strong><span style=\"color: #008000;\">Lancer du poids espoirs F groupe A<\/span><\/span><\/p>\n<p><span style=\"color: #008000;\"><strong>12<\/strong><strong>h55 : <\/strong><a href=\"https:\/\/live.european-athletics.com\/LEI2024\/lrs\/results\/ATH\/ATHWSHOTPUT-U23-------FNL-B00100--\/\">Lancer du poids espoirs F groupe B<\/a><\/span><\/p>\n<p><span style=\"color: #000080;\"><strong>13h :<\/strong> <a href=\"https:\/\/live.european-athletics.com\/LEI2024\/lrs\/results\/ATH\/ATHWJAVELIN-SENIOR----FNL-B00100--\/\">Lancer du javelot seniors F groupe B<\/a><\/span><\/p>\n<p><span style=\"color: #000080;\"><strong>13h45 : <\/strong><a href=\"https:\/\/live.european-athletics.com\/LEI2024\/lrs\/results\/ATH\/ATHMHAMMER--SENIOR----FNL-B00100--\/\">Lancer du marteau seniors H groupe B<\/a><\/span><\/p>\n<p><span style=\"color: #000080;\"><strong>15h :<\/strong> Lancer du javelot seniors F groupe A<\/span><\/p>\n<p><span style=\"color: #008000;\"><span style=\"color: #000080;\"><strong>15h55 <span style=\"color: #000080;\">: <\/span><\/strong>Lancer du marteau seniors H groupe A<\/span><\/span><\/p>\n<p><span style=\"color: #000080;\"><strong>17h10 :<\/strong> <a href=\"https:\/\/live.european-athletics.com\/LEI2024\/lrs\/results\/ATH\/ATHMDISCUS--SENIOR----FNL-B00100--\/\">Lancer du disque seniors H groupe B<\/a><\/span><\/p>\n<p><span style=\"color: #000080;\"><strong>17h20 :<\/strong> Lancer du poids seniors F groupe A<\/span><\/p>\n<p><span style=\"color: #000080;\"><strong>17h20 :<\/strong> <a href=\"https:\/\/live.european-athletics.com\/LEI2024\/lrs\/results\/ATH\/ATHWSHOTPUT-SENIOR----FNL-B00100--\/\">Lancer du poids seniors F groupe B<\/a><\/span><\/p>\n<p><span style=\"color: #008000;\"><strong>19h :<\/strong> Lancer du disque espoirs F<\/span><\/p>\n<p><span style=\"color: #000080;\"><strong>21h15 :<\/strong> Lancer du disque seniors H groupe A<\/span><\/p>\n<\/div>\n<div class=\"su-tabs-pane su-u-clearfix su-u-trim\" data-title=\"Dimanche 10 mars\">\n<p><span style=\"color: #008000;\"><strong>10h30 :<\/strong> Lancer du disque espoirs H<\/span><\/p>\n<p><span style=\"color: #008000;\"><strong>11h :<\/strong> Lancer du marteau espoirs F<\/span><\/p>\n<p><span style=\"color: #008000;\"><strong>12h30 :<\/strong> Lancer du poids espoirs H groupe A<\/span><\/p>\n<p><span style=\"color: #008000;\"><strong>12h30 :<\/strong> <a href=\"https:\/\/live.european-athletics.com\/LEI2024\/lrs\/results\/ATH\/ATHMSHOTPUT-U23-------FNL-B00100--\/\">Lancer du poids espoirs H groupe B<\/a><\/span><\/p>\n<p><span style=\"color: #000080;\"><strong>12h45 :<\/strong> <a href=\"https:\/\/live.european-athletics.com\/LEI2024\/lrs\/results\/ATH\/ATHWDISCUS--SENIOR----FNL-B00100--\/\">Lancer du disque seniors F groupe B<\/a><\/span><\/p>\n<p><span style=\"color: #000080;\"><strong>13h15 :<\/strong> <a href=\"https:\/\/live.european-athletics.com\/LEI2024\/lrs\/results\/ATH\/ATHWHAMMER--SENIOR----FNL-B00100--\/\">Lancer du marteau seniors F groupe B<\/a><\/span><\/p>\n<p><span style=\"color: #000080;\"><strong>14h40 :<\/strong> <a href=\"https:\/\/live.european-athletics.com\/LEI2024\/lrs\/results\/ATH\/ATHMJAVELIN-SENIOR----FNL-B00100--\/\">Lancer du javelot seniors H groupe B<\/a><\/span><\/p>\n<p><span style=\"color: #000080;\"><strong>15h30 :<\/strong> Lancer du marteau seniors F groupe A<\/span><\/p>\n<p><span style=\"color: #000080;\"><strong>16h25 :<\/strong> Lancer du javelot seniors H groupe A<\/span><\/p>\n<p><span style=\"color: #000080;\"><strong>17h :<\/strong> Lancer du poids seniors H groupe A<\/span><\/p>\n<p><span style=\"color: #000080;\"><strong>17h :<\/strong> <a href=\"https:\/\/live.european-athletics.com\/LEI2024\/lrs\/results\/ATH\/ATHMSHOTPUT-SENIOR----FNL-B00100--\/\">Lancer du poids seniors H groupe B<\/a><\/span><\/p>\n<p><span style=\"color: #000080;\"><strong>17h50 :<\/strong> Lancer du disque seniors F groupe A<\/span><\/p>\n<p><span style=\"color: #008000;\"><strong>18h25 :<\/strong> <span style=\"color: #008000;\">Lancer du javelot espoirs H<\/span><\/span><\/p>\n<p style=\"text-align: justify;\"><\/div><\/div><\/div>\n<p>&nbsp;<\/p>\n<h2>Les podiums<\/h2>\n<h3>Seniors<\/h3>\n<h3 style=\"text-align: justify;\">Femmes<\/h3>\n<div class=\"su-table su-table-alternate\">\n<table style=\"width: 800px;border-collapse: collapse\">\n<tbody>\n<tr>\n<td style=\"text-align: center;width: 200px;vertical-align: middle\"><strong>\u00c9preuves<\/strong><\/td>\n<td style=\"background-color: #fff242;text-align: center;width: 200px;vertical-align: middle\"><strong>\ud83e\udd47 Or<\/strong><\/td>\n<td style=\"background-color: #a8a8a8;text-align: center;width: 200px;vertical-align: middle\"><strong>\ud83e\udd48 Argent<\/strong><\/td>\n<td style=\"background-color: #c97159;text-align: center;width: 200px;vertical-align: middle\"><strong>\ud83e\udd49 Bronze<\/strong><\/td>\n<\/tr>\n<tr>\n<td style=\"text-align: center;width: 200px;vertical-align: middle\"><strong>Lancer du javelot<br \/>\n<a href=\"https:\/\/live.european-athletics.com\/LEI2024\/lrs\/results\/ATH\/ATHWJAVELIN-SENIOR----FNL-A00100--\/\"><span style=\"font-size: 12px\"><em>Classement<\/em><\/span><\/a><br \/>\n<\/strong><\/td>\n<td style=\"text-align: center;width: 200px;vertical-align: middle\">\ud83c\uddf7\ud83c\uddf8 <strong>Adriana Vilagos<br \/>\n61.17 m EU23L<br \/>\n<\/strong><\/td>\n<td style=\"text-align: center;width: 200px;vertical-align: middle\">\ud83c\uddf9\ud83c\uddf7 Eda Tugsuz<br \/>\n60.50 m <strong>SB<\/strong><\/td>\n<td style=\"text-align: center;width: 200px;vertical-align: middle\">\ud83c\uddf5\ud83c\uddf1 Marcelina Witek-Konofa\u0142<br \/>\n60.08 m <strong>SB<\/strong><\/td>\n<\/tr>\n<tr>\n<td style=\"text-align: center;width: 200px;vertical-align: middle\"><strong>Lancer du disque<br \/>\n<a href=\"https:\/\/live.european-athletics.com\/LEI2024\/lrs\/results\/ATH\/ATHWDISCUS--SENIOR----FNL-A00100--\/\"><span style=\"font-size: 12px\"><em>Classement<\/em><\/span><\/a><br \/>\n<\/strong><\/td>\n<td style=\"text-align: center;width: 200px;vertical-align: middle\">\ud83c\uddf5\ud83c\uddf9 <strong>Irina Rodrigues<br \/>\n66.60 m WL<\/strong><\/td>\n<td style=\"text-align: center;width: 200px;vertical-align: middle\">\ud83c\udde9\ud83c\uddea Shanice Craft<br \/>\n63.70 m <strong>SB<\/strong><\/td>\n<td style=\"text-align: center;width: 200px;vertical-align: middle\">\ud83c\uddeb\ud83c\uddf7 <a title=\"Coupe d\u2019Europe des lancers 2024 : M\u00e9lina Robert-Michon en bronze, record personnel pour Amanda Ngandu-Ntumba\" href=\"https:\/\/dicodusport.fr\/blog\/coupe-deurope-des-lancers-2024-melina-robert-michon-en-bronze-record-personnel-pour-amanda-ngandu-ntumba\/\" target=\"_blank\" rel=\"noopener\">M\u00e9lina Robert-Michon<\/a><br \/>\n62.46 m <strong>SB<\/strong><\/td>\n<\/tr>\n<tr>\n<td style=\"text-align: center;width: 200px;vertical-align: middle\"><strong>Lancer du marteau<br \/>\n<a href=\"https:\/\/live.european-athletics.com\/LEI2024\/lrs\/results\/ATH\/ATHWHAMMER--SENIOR----FNL-A00100--\/\"><span style=\"font-size: 12px\"><em>Classement<\/em><\/span><\/a><br \/>\n<\/strong><\/td>\n<td style=\"text-align: center;width: 200px;vertical-align: middle\">\ud83c\udde9\ud83c\uddf0<strong> Katrine Koch Jacobsen<br \/>\n71.95 m SB<br \/>\n<\/strong><\/td>\n<td style=\"text-align: center;width: 200px;vertical-align: middle\">\ud83c\uddf7\ud83c\uddf4 Bianca Florentina Ghelber<br \/>\n71.66 m<\/td>\n<td style=\"text-align: center;width: 200px;vertical-align: middle\">\ud83c\uddee\ud83c\uddf9 Sara Fantini<br \/>\n70.58 m <strong>SB<\/strong><\/td>\n<\/tr>\n<tr>\n<td style=\"text-align: center;width: 200px;vertical-align: middle\"><strong>Lancer du poids<br \/>\n<a href=\"https:\/\/live.european-athletics.com\/LEI2024\/lrs\/results\/ATH\/ATHWSHOTPUT-SENIOR----FNL-A00100--\/\"><span style=\"font-size: 12px\"><em>Classement<\/em><\/span><\/a><br \/>\n<\/strong><\/td>\n<td style=\"width: 200px;text-align: center\">\ud83c\uddf3\ud83c\uddf1 <strong>Jessica Schilder<br \/>\n18.22 m<\/strong><\/td>\n<td style=\"width: 200px;text-align: center\">\ud83c\udde9\ud83c\uddea Julia Ritter<br \/>\n18.16 m<\/td>\n<td style=\"width: 200px;text-align: center\">\ud83c\uddf5\ud83c\uddf9 Eliana Bandeira<br \/>\n17.60 m<\/td>\n<\/tr>\n<\/tbody>\n<\/table>\n<\/div>\n<h3 style=\"text-align: justify;\">Hommes<\/h3>\n<div class=\"su-table su-table-alternate\">\n<table style=\"width: 800px;border-collapse: collapse\">\n<tbody>\n<tr>\n<td style=\"text-align: center;width: 200px;vertical-align: middle\"><strong>\u00c9preuves<\/strong><\/td>\n<td style=\"background-color: #fff242;text-align: center;width: 200px;vertical-align: middle\"><strong>\ud83e\udd47 Or<\/strong><\/td>\n<td style=\"background-color: #a8a8a8;text-align: center;width: 200px;vertical-align: middle\"><strong>\ud83e\udd48 Argent<\/strong><\/td>\n<td style=\"background-color: #c97159;text-align: center;width: 200px;vertical-align: middle\"><strong>\ud83e\udd49 Bronze<\/strong><\/td>\n<\/tr>\n<tr>\n<td style=\"width: 200px;text-align: center\"><strong>Lancer du javelot<br \/>\n<a href=\"https:\/\/live.european-athletics.com\/LEI2024\/lrs\/results\/ATH\/ATHMJAVELIN-SENIOR----FNL-A00100--\"><span style=\"font-size: 12px\"><em>Classement<\/em><\/span><\/a><br \/>\n<\/strong><\/td>\n<td style=\"width: 200px;text-align: center\">\ud83c\uddfa\ud83c\udde6 <strong>Artur Felfner<br \/>\n81.89 m SB<\/strong><\/td>\n<td style=\"width: 200px;text-align: center\">\ud83c\uddf7\ud83c\uddf4 Alexandru Mihaita Novac<br \/>\n80.73 m<\/td>\n<td style=\"width: 200px;text-align: center\">\ud83c\uddec\ud83c\uddf7 Ioannis Kyriazis<br \/>\n80.52 m <strong>SB<\/strong><\/td>\n<\/tr>\n<tr>\n<td style=\"width: 200px;text-align: center\"><strong>Lancer du disque<br \/>\n<span style=\"font-size: 12px\"><a href=\"https:\/\/live.european-athletics.com\/LEI2024\/lrs\/results\/ATH\/ATHMDISCUS--SENIOR----FNL-A00100--\/results\"><em>Classement<\/em><\/a><\/span><br \/>\n<\/strong><\/td>\n<td style=\"text-align: center;width: 200px;vertical-align: middle\">\ud83c\uddf7\ud83c\uddf4 <strong>Alin Alexandru Firfirica<br \/>\n66.07 m EL<br \/>\n<\/strong><\/td>\n<td style=\"text-align: center;width: 200px;vertical-align: middle\">\ud83c\uddf8\ud83c\uddea Simon Pettersson<br \/>\n63.08 m <strong>SB<\/strong><\/td>\n<td style=\"text-align: center;width: 200px;vertical-align: middle\">\ud83c\udde9\ud83c\uddea Daniel Jasinski<br \/>\n61.84 m<\/td>\n<\/tr>\n<tr>\n<td style=\"width: 200px;text-align: center\"><strong>Lancer du marteau<br \/>\n<a href=\"https:\/\/live.european-athletics.com\/LEI2024\/lrs\/results\/ATH\/ATHMHAMMER--SENIOR----FNL-A00100--\/\"><span style=\"font-size: 12px\"><em>Classement<\/em><\/span><\/a><br \/>\n<\/strong><\/td>\n<td style=\"text-align: center;width: 200px;vertical-align: middle\">\ud83c\uddfa\ud83c\udde6 <strong>Mykhailo Kokhan<br \/>\n78.13 m SB<\/strong><\/td>\n<td style=\"text-align: center;width: 200px;vertical-align: middle\">\ud83c\udded\ud83c\uddfa\u00a0Bence Halasz<br \/>\n76.22 m <strong>SB<\/strong><\/td>\n<td style=\"text-align: center;width: 200px;vertical-align: middle\">\ud83c\uddec\ud83c\uddf7 Christos Frantzeskakis<br \/>\n74.96 m <strong>SB<\/strong><\/td>\n<\/tr>\n<tr>\n<td style=\"text-align: center;width: 200px;vertical-align: middle\"><strong>Lancer du poids<br \/>\n<a href=\"https:\/\/live.european-athletics.com\/LEI2024\/lrs\/results\/ATH\/ATHMSHOTPUT-SENIOR----FNL-A00100--\/\"><span style=\"font-size: 12px\"><em>Classement<\/em><\/span><\/a><br \/>\n<\/strong><\/td>\n<td style=\"text-align: center;width: 200px;vertical-align: middle\">\ud83c\uddee\ud83c\uddf9 <strong>Zane Weir<br \/>\n21.55 m<br \/>\n<\/strong><\/td>\n<td style=\"text-align: center;width: 200px;vertical-align: middle\">\ud83c\uddec\ud83c\udde7 Scott Lincoln<br \/>\n20.98 m<\/td>\n<td style=\"text-align: center;width: 200px;vertical-align: middle\">\ud83c\udde7\ud83c\udde6 Mesud Pezer<br \/>\n20.58 m<\/td>\n<\/tr>\n<\/tbody>\n<\/table>\n<\/div>\n<p><span style=\"font-size: 14px;\"><em>WL : Meilleure performance mondiale de la saison<br \/>\nEL : Meilleure performance europ\u00e9enne de la saison<br \/>\nEU23L : Meilleure performance europ\u00e9enne espoir de la saison<br \/>\nSB : Meilleure performance personnelle de la saison<\/em><\/span><\/p>\n<p>&nbsp;<\/p>\n<h3>Espoirs<\/h3>\n<h3 style=\"text-align: justify;\">Femmes<\/h3>\n<div class=\"su-table su-table-alternate\">\n<table style=\"width: 800px;border-collapse: collapse\">\n<tbody>\n<tr>\n<td style=\"text-align: center;width: 200px;vertical-align: middle\"><strong>\u00c9preuves<\/strong><\/td>\n<td style=\"background-color: #fff242;text-align: center;width: 200px;vertical-align: middle\"><strong>\ud83e\udd47 Or<\/strong><\/td>\n<td style=\"background-color: #a8a8a8;text-align: center;width: 200px;vertical-align: middle\"><strong>\ud83e\udd48 Argent<\/strong><\/td>\n<td style=\"background-color: #c97159;text-align: center;width: 200px;vertical-align: middle\"><strong>\ud83e\udd49 Bronze<\/strong><\/td>\n<\/tr>\n<tr>\n<td style=\"width: 200px;text-align: center\"><strong>Lancer du javelot<br \/>\n<span style=\"font-size: 12px\"><a href=\"https:\/\/live.european-athletics.com\/LEI2024\/lrs\/results\/ATH\/ATHWJAVELIN-U23-------FNL-000100--\/reports\"><em>Classement<\/em><\/a><\/span><br \/>\n<\/strong><\/td>\n<td style=\"text-align: center;width: 200px;vertical-align: middle\">\ud83c\uddeb\ud83c\uddf7 <strong><a title=\"Coupe d\u2019Europe des lancers 2024 : Jade Maraval remporte le lancer du javelot espoirs\" href=\"https:\/\/dicodusport.fr\/blog\/coupe-deurope-des-lancers-2024-jade-maraval-remporte-le-lancer-du-javelot-espoirs\/\" target=\"_blank\" rel=\"noopener\">Jade Maraval<\/a><br \/>\n55.07 m<\/strong><\/td>\n<td style=\"text-align: center;width: 200px;vertical-align: middle\">\ud83c\uddeb\ud83c\uddee Emilia Karell<br \/>\n54.54 m<\/td>\n<td style=\"text-align: center;width: 200px;vertical-align: middle\">\ud83c\uddee\ud83c\uddf9 Margherita Randazzo<br \/>\n53.67 m<\/td>\n<\/tr>\n<tr>\n<td style=\"width: 200px;text-align: center\"><strong>Lancer du disque<br \/>\n<a href=\"https:\/\/live.european-athletics.com\/LEI2024\/lrs\/results\/ATH\/ATHWDISCUS--U23-------FNL-000100--\/\"><span style=\"font-size: 12px\"><em>Classement<\/em><\/span><\/a><br \/>\n<\/strong><\/td>\n<td style=\"text-align: center;width: 200px;vertical-align: middle\">\ud83c\uddf9\ud83c\uddf7<strong> \u00d6zlem Becerek<\/strong><br \/>\n<strong>55.07 m<\/strong><\/td>\n<td style=\"text-align: center;width: 200px;vertical-align: middle\">\ud83c\uddeb\ud83c\uddf7 <a title=\"Coupe d\u2019Europe des lancers 2024 : Marie-Jos\u00e9e Bovele-Linaka rafle l\u2019argent au lancer du disque espoirs\" href=\"https:\/\/dicodusport.fr\/blog\/coupe-deurope-des-lancers-2024-marie-josee-bovele-linaka-rafle-largent-au-lancer-du-disque-espoirs\/\" target=\"_blank\" rel=\"noopener\">Marie-Jos\u00e9e Bovele-Linaka<\/a><br \/>\n53.91 m<\/td>\n<td style=\"text-align: center;width: 200px;vertical-align: middle\">\ud83c\uddee\ud83c\uddf9 Emily Conte<br \/>\n53.72 m<\/td>\n<\/tr>\n<tr>\n<td style=\"width: 200px;text-align: center\"><strong>Lancer du marteau<br \/>\n<a href=\"https:\/\/live.european-athletics.com\/LEI2024\/lrs\/results\/ATH\/ATHWHAMMER--U23-------FNL-000100--\/\"><span style=\"font-size: 12px\"><em>Classement<\/em><\/span><\/a><br \/>\n<\/strong><\/td>\n<td style=\"text-align: center;width: 200px;vertical-align: middle\">\ud83c\uddf8\ud83c\uddea <strong>Thea L\u00f6fman<br \/>\n68.08 m PB<\/strong><\/td>\n<td style=\"text-align: center;width: 200px;vertical-align: middle\">\ud83c\uddee\ud83c\uddea Nicola Tuthill<br \/>\n67.39 m <strong>SB<\/strong><\/td>\n<td style=\"text-align: center;width: 200px;vertical-align: middle\">\ud83c\uddeb\ud83c\uddee Aada Koppeli<br \/>\n64.88 m <strong>SB<\/strong><\/td>\n<\/tr>\n<tr>\n<td style=\"text-align: center;width: 200px;vertical-align: middle\"><strong>Lancer du poids<br \/>\n<a href=\"https:\/\/live.european-athletics.com\/LEI2024\/lrs\/results\/ATH\/ATHWSHOTPUT-U23-------FNL-A00100--\/\"><span style=\"font-size: 12px\"><em>Classement<\/em><\/span><\/a><br \/>\n<\/strong><\/td>\n<td style=\"text-align: center;width: 200px;vertical-align: middle\">\ud83c\uddf5\ud83c\uddf1 <strong>Zyzanna Maslana<br \/>\n17.08 m<\/strong><\/td>\n<td style=\"width: 200px;text-align: center\">\ud83c\udde9\ud83c\uddea Milaine Ammon<br \/>\n16.07 m<\/td>\n<td style=\"width: 200px;text-align: center\">\ud83c\uddec\ud83c\uddf7 Anastasia Ntragkomirova<br \/>\n15.46 m<\/td>\n<\/tr>\n<\/tbody>\n<\/table>\n<\/div>\n<h3 style=\"text-align: justify;\">Hommes<\/h3>\n<div class=\"su-table su-table-alternate\">\n<table style=\"width: 800px;border-collapse: collapse\">\n<tbody>\n<tr>\n<td style=\"text-align: center;width: 200px;vertical-align: middle\"><strong>\u00c9preuves<\/strong><\/td>\n<td style=\"background-color: #fff242;text-align: center;width: 200px;vertical-align: middle\"><strong>\ud83e\udd47 Or<\/strong><\/td>\n<td style=\"background-color: #a8a8a8;text-align: center;width: 200px;vertical-align: middle\"><strong>\ud83e\udd48 Argent<\/strong><\/td>\n<td style=\"background-color: #c97159;text-align: center;width: 200px;vertical-align: middle\"><strong>\ud83e\udd49 Bronze<\/strong><\/td>\n<\/tr>\n<tr>\n<td style=\"width: 200px;text-align: center\"><strong>Lancer du javelot<br \/>\n<a href=\"https:\/\/live.european-athletics.com\/LEI2024\/lrs\/results\/ATH\/ATHMJAVELIN-U23-------FNL-000100--\/\"><span style=\"font-size: 12px\"><em>Classement<\/em><\/span><\/a><br \/>\n<\/strong><\/td>\n<td style=\"width: 200px;text-align: center\">\ud83c\uddee\ud83c\uddf9 <strong>Giovanni Frattini<br \/>\n76.21 m PB<\/strong><\/td>\n<td style=\"width: 200px;text-align: center\">\ud83c\uddf9\ud83c\uddf7 Muhammet Hanifi Zengin<br \/>\n76.15 m <strong>PB<\/strong><\/td>\n<td style=\"width: 200px;text-align: center\">\ud83c\uddf7\ud83c\uddf4 Vlad Alexandru Turcu<br \/>\n74.51 m <strong>pB<\/strong><\/td>\n<\/tr>\n<tr>\n<td style=\"width: 200px;text-align: center\"><strong>Lancer du disque<br \/>\n<a href=\"https:\/\/live.european-athletics.com\/LEI2024\/lrs\/results\/ATH\/ATHMDISCUS--U23-------FNL-000100--\/\"><span style=\"font-size: 12px\"><em>Classement<\/em><\/span><\/a><br \/>\n<\/strong><\/td>\n<td style=\"width: 200px;text-align: center\">\ud83c\udde9\ud83c\uddea <strong>Steven<br \/>\nRichter<br \/>\n61.00 m<\/strong><\/td>\n<td style=\"width: 200px;text-align: center\">\ud83c\uddfa\ud83c\udde6 Mykhailo Brudin<br \/>\n59.95 m <strong>SB<\/strong><\/td>\n<td style=\"width: 200px;text-align: center\">\ud83c\uddf3\ud83c\uddf1 Ruben Rolvink<br \/>\n57.96 m <strong>SB<\/strong><\/td>\n<\/tr>\n<tr>\n<td style=\"width: 200px;text-align: center\"><strong>Lancer du marteau<br \/>\n<a href=\"https:\/\/live.european-athletics.com\/LEI2024\/lrs\/results\/ATH\/ATHMHAMMER--U23-------FNL-000100--\/\"><span style=\"font-size: 12px\"><em>Classement<\/em><\/span><\/a><br \/>\n<\/strong><\/td>\n<td style=\"text-align: center;width: 200px;vertical-align: middle\">\ud83c\uddf5\ud83c\uddf1 <strong>Dawid Pilat<\/strong><br \/>\n<strong>71.52 m PB<\/strong><\/td>\n<td style=\"text-align: center;width: 200px;vertical-align: middle\">\ud83c\udde8\ud83c\uddfe Iosif Kesidi<br \/>\n70.63 m <strong>NU23R<\/strong><\/td>\n<td style=\"text-align: center;width: 200px;vertical-align: middle\">\ud83c\uddec\ud83c\uddf7 Orestis Ntousakis<br \/>\n68.78 m<\/td>\n<\/tr>\n<tr>\n<td style=\"text-align: center;width: 200px;vertical-align: middle\"><strong>Lancer du poids<br \/>\n<a href=\"https:\/\/live.european-athletics.com\/LEI2024\/lrs\/results\/ATH\/ATHMSHOTPUT-U23-------FNL-A00100--\/\"><span style=\"font-size: 12px\"><em>Classement<\/em><\/span><\/a><br \/>\n<\/strong><\/td>\n<td style=\"text-align: center;width: 200px;vertical-align: middle\">\ud83c\uddfd\ud83c\uddf0\u00a0<strong>Muahmet Ramadani<br \/>\n18.54 m SB<br \/>\n<\/strong><\/td>\n<td style=\"width: 200px;text-align: center\">\ud83c\udde9\ud83c\uddea Lukas Schober<br \/>\n18.21 m<\/td>\n<td style=\"width: 200px;text-align: center\">\ud83c\uddf9\ud83c\uddf7 Ali Peker<br \/>\n17.93 m<\/td>\n<\/tr>\n<\/tbody>\n<\/table>\n<\/div>\n<p><span style=\"font-size: 14px;\"><em>PB : Record personnel<\/em><\/span><br \/>\n<span style=\"font-size: 14px;\"><em>NU23R : Record national espoirs<br \/>\nSB : Meilleure performance personnelle de la saison<\/em><\/span><\/p>\n","protected":false},"excerpt":{"rendered":"<p>ATHL\u00c9TISME &#8211; L&rsquo;\u00e9dition 2024 de la Coupe d&rsquo;Europe des lancers se d\u00e9roule ce week-end du 9 et 10 mars \u00e0 Leiria (Portugal). Voici le programme et les r\u00e9sultats de la comp\u00e9tition.<\/p>\n","protected":false},"author":12,"featured_media":468504,"comment_status":"open","ping_status":"closed","sticky":false,"template":"","format":"standard","meta":{"_acf_changed":false,"_daextam_enable_autolinks":"1","footnotes":""},"categories":[2308],"tags":[143,16878,16409],"class_list":["post-467399","post","type-post","status-publish","format-standard","has-post-thumbnail","hentry","category-athletisme","tag-athletisme","tag-breve","tag-coupe-deurope-des-lancers"],"acf":[],"yoast_head":"<!-- This site is optimized with the Yoast SEO Premium plugin v26.7 (Yoast SEO v26.7) - https:\/\/yoast.com\/wordpress\/plugins\/seo\/ -->\n<title>Athl\u00e9tisme : Programme et r\u00e9sultats Coupe d&#039;Europe des lancers 2024 - Dicodusport<\/title>\n<meta name=\"description\" content=\"L&#039;\u00e9dition 2024 de la Coupe d&#039;Europe des lancers se d\u00e9roule ce 9 et 10 mars \u00e0 Leiria. Voici le programme et les r\u00e9sultats de la comp\u00e9tition.\" \/>\n<meta name=\"robots\" content=\"index, follow, max-snippet:-1, max-image-preview:large, max-video-preview:-1\" \/>\n<link rel=\"canonical\" href=\"https:\/\/dicodusport.fr\/blog\/athletisme-programme-et-resultats-coupe-deurope-des-lancers-2024\/\" \/>\n<meta property=\"og:locale\" content=\"fr_FR\" \/>\n<meta property=\"og:type\" content=\"article\" \/>\n<meta property=\"og:title\" content=\"Athl\u00e9tisme : Programme et r\u00e9sultats Coupe d&#039;Europe des lancers 2024\" \/>\n<meta property=\"og:description\" content=\"L&#039;\u00e9dition 2024 de la Coupe d&#039;Europe des lancers se d\u00e9roule ce 9 et 10 mars \u00e0 Leiria. Voici le programme et les r\u00e9sultats de la comp\u00e9tition.\" \/>\n<meta property=\"og:url\" content=\"https:\/\/dicodusport.fr\/blog\/athletisme-programme-et-resultats-coupe-deurope-des-lancers-2024\/\" \/>\n<meta property=\"og:site_name\" content=\"Dicodusport\" \/>\n<meta property=\"article:publisher\" content=\"https:\/\/www.facebook.com\/dicodusport\" \/>\n<meta property=\"article:published_time\" content=\"2024-03-10T18:33:42+00:00\" \/>\n<meta property=\"article:modified_time\" content=\"2024-03-10T18:56:55+00:00\" \/>\n<meta property=\"og:image\" content=\"https:\/\/dicodusport.fr\/blog\/wp-content\/uploads\/2024\/03\/Athletisme-Programme-et-resultats-Coupe-dEurope-des-lancers-2024.png\" \/>\n\t<meta property=\"og:image:width\" content=\"1200\" \/>\n\t<meta property=\"og:image:height\" content=\"674\" \/>\n\t<meta property=\"og:image:type\" content=\"image\/png\" \/>\n<meta name=\"author\" content=\"Arlette Yeye\" \/>\n<meta name=\"twitter:card\" content=\"summary_large_image\" \/>\n<meta name=\"twitter:title\" content=\"Athl\u00e9tisme : Programme et r\u00e9sultats Coupe d&#039;Europe des lancers 2024\" \/>\n<meta name=\"twitter:creator\" content=\"@https:\/\/twitter.com\/Shiclette94\" \/>\n<meta name=\"twitter:site\" content=\"@dicodusport\" \/>\n<script type=\"application\/ld+json\" class=\"yoast-schema-graph\">{\"@context\":\"https:\/\/schema.org\",\"@graph\":[{\"@type\":\"NewsArticle\",\"@id\":\"https:\/\/dicodusport.fr\/blog\/athletisme-programme-et-resultats-coupe-deurope-des-lancers-2024\/#article\",\"isPartOf\":{\"@id\":\"https:\/\/dicodusport.fr\/blog\/athletisme-programme-et-resultats-coupe-deurope-des-lancers-2024\/\"},\"author\":{\"name\":\"Arlette Yeye\",\"@id\":\"https:\/\/dicodusport.fr\/blog\/#\/schema\/person\/cce96fa88785bd8573e3d43078ac8c79\"},\"headline\":\"Athl\u00e9tisme : Programme et r\u00e9sultats Coupe d&rsquo;Europe des lancers 2024\",\"datePublished\":\"2024-03-10T18:33:42+00:00\",\"dateModified\":\"2024-03-10T18:56:55+00:00\",\"mainEntityOfPage\":{\"@id\":\"https:\/\/dicodusport.fr\/blog\/athletisme-programme-et-resultats-coupe-deurope-des-lancers-2024\/\"},\"wordCount\":636,\"commentCount\":0,\"publisher\":{\"@id\":\"https:\/\/dicodusport.fr\/blog\/#organization\"},\"image\":{\"@id\":\"https:\/\/dicodusport.fr\/blog\/athletisme-programme-et-resultats-coupe-deurope-des-lancers-2024\/#primaryimage\"},\"thumbnailUrl\":\"https:\/\/dicodusport.fr\/blog\/wp-content\/uploads\/2024\/03\/Athletisme-Programme-et-resultats-Coupe-dEurope-des-lancers-2024.png\",\"keywords\":[\"Athl\u00e9tisme\",\"br\u00e8ve\",\"Coupe d'Europe des lancers\"],\"articleSection\":[\"Athl\u00e9tisme\"],\"inLanguage\":\"fr-FR\",\"potentialAction\":[{\"@type\":\"CommentAction\",\"name\":\"Comment\",\"target\":[\"https:\/\/dicodusport.fr\/blog\/athletisme-programme-et-resultats-coupe-deurope-des-lancers-2024\/#respond\"]}],\"copyrightYear\":\"2024\",\"copyrightHolder\":{\"@id\":\"https:\/\/dicodusport.fr\/blog\/#organization\"}},{\"@type\":\"WebPage\",\"@id\":\"https:\/\/dicodusport.fr\/blog\/athletisme-programme-et-resultats-coupe-deurope-des-lancers-2024\/\",\"url\":\"https:\/\/dicodusport.fr\/blog\/athletisme-programme-et-resultats-coupe-deurope-des-lancers-2024\/\",\"name\":\"Athl\u00e9tisme : Programme et r\u00e9sultats Coupe d'Europe des lancers 2024 - Dicodusport\",\"isPartOf\":{\"@id\":\"https:\/\/dicodusport.fr\/blog\/#website\"},\"primaryImageOfPage\":{\"@id\":\"https:\/\/dicodusport.fr\/blog\/athletisme-programme-et-resultats-coupe-deurope-des-lancers-2024\/#primaryimage\"},\"image\":{\"@id\":\"https:\/\/dicodusport.fr\/blog\/athletisme-programme-et-resultats-coupe-deurope-des-lancers-2024\/#primaryimage\"},\"thumbnailUrl\":\"https:\/\/dicodusport.fr\/blog\/wp-content\/uploads\/2024\/03\/Athletisme-Programme-et-resultats-Coupe-dEurope-des-lancers-2024.png\",\"datePublished\":\"2024-03-10T18:33:42+00:00\",\"dateModified\":\"2024-03-10T18:56:55+00:00\",\"description\":\"L'\u00e9dition 2024 de la Coupe d'Europe des lancers se d\u00e9roule ce 9 et 10 mars \u00e0 Leiria. Voici le programme et les r\u00e9sultats de la comp\u00e9tition.\",\"breadcrumb\":{\"@id\":\"https:\/\/dicodusport.fr\/blog\/athletisme-programme-et-resultats-coupe-deurope-des-lancers-2024\/#breadcrumb\"},\"inLanguage\":\"fr-FR\",\"potentialAction\":[{\"@type\":\"ReadAction\",\"target\":[\"https:\/\/dicodusport.fr\/blog\/athletisme-programme-et-resultats-coupe-deurope-des-lancers-2024\/\"]}]},{\"@type\":\"ImageObject\",\"inLanguage\":\"fr-FR\",\"@id\":\"https:\/\/dicodusport.fr\/blog\/athletisme-programme-et-resultats-coupe-deurope-des-lancers-2024\/#primaryimage\",\"url\":\"https:\/\/dicodusport.fr\/blog\/wp-content\/uploads\/2024\/03\/Athletisme-Programme-et-resultats-Coupe-dEurope-des-lancers-2024.png\",\"contentUrl\":\"https:\/\/dicodusport.fr\/blog\/wp-content\/uploads\/2024\/03\/Athletisme-Programme-et-resultats-Coupe-dEurope-des-lancers-2024.png\",\"width\":1200,\"height\":674,\"caption\":\"Athl\u00e9tisme Programme et r\u00e9sultats Coupe d'Europe des lancers 2024\"},{\"@type\":\"BreadcrumbList\",\"@id\":\"https:\/\/dicodusport.fr\/blog\/athletisme-programme-et-resultats-coupe-deurope-des-lancers-2024\/#breadcrumb\",\"itemListElement\":[{\"@type\":\"ListItem\",\"position\":1,\"name\":\"Accueil\",\"item\":\"https:\/\/dicodusport.fr\/blog\/\"},{\"@type\":\"ListItem\",\"position\":2,\"name\":\"Athl\u00e9tisme : Programme et r\u00e9sultats Coupe d&rsquo;Europe des lancers 2024\"}]},{\"@type\":\"WebSite\",\"@id\":\"https:\/\/dicodusport.fr\/blog\/#website\",\"url\":\"https:\/\/dicodusport.fr\/blog\/\",\"name\":\"Dicodusport\",\"description\":\"L&#039;encyclop\u00e9die de l&#039;actualit\u00e9 sportive\",\"publisher\":{\"@id\":\"https:\/\/dicodusport.fr\/blog\/#organization\"},\"potentialAction\":[{\"@type\":\"SearchAction\",\"target\":{\"@type\":\"EntryPoint\",\"urlTemplate\":\"https:\/\/dicodusport.fr\/blog\/?s={search_term_string}\"},\"query-input\":{\"@type\":\"PropertyValueSpecification\",\"valueRequired\":true,\"valueName\":\"search_term_string\"}}],\"inLanguage\":\"fr-FR\"},{\"@type\":\"NewsMediaOrganization\",\"@id\":\"https:\/\/dicodusport.fr\/blog\/#organization\",\"name\":\"Dicodusport\",\"url\":\"https:\/\/dicodusport.fr\/blog\/\",\"logo\":{\"@type\":\"ImageObject\",\"inLanguage\":\"fr-FR\",\"@id\":\"https:\/\/dicodusport.fr\/blog\/#\/schema\/logo\/image\/\",\"url\":\"https:\/\/dicodusport.fr\/blog\/wp-content\/uploads\/2020\/06\/cropped-LOGO-DICODUSPORT-2020-SANS-FOND-SANS-TEXTE.png\",\"contentUrl\":\"https:\/\/dicodusport.fr\/blog\/wp-content\/uploads\/2020\/06\/cropped-LOGO-DICODUSPORT-2020-SANS-FOND-SANS-TEXTE.png\",\"width\":512,\"height\":512,\"caption\":\"Dicodusport\"},\"image\":{\"@id\":\"https:\/\/dicodusport.fr\/blog\/#\/schema\/logo\/image\/\"},\"sameAs\":[\"https:\/\/www.facebook.com\/dicodusport\",\"https:\/\/x.com\/dicodusport\",\"https:\/\/www.instagram.com\/dicodusport\/\",\"https:\/\/www.youtube.com\/channel\/UC7V2KZ5sd3htJivAbA4ZG3w\"],\"description\":\"Dicodusport est l'encyclop\u00e9die de l'actualit\u00e9 sportive.\",\"email\":\"bonjour@dicodusport.fr\",\"legalName\":\"DICODUSPORT\",\"foundingDate\":\"2018-01-14\",\"vatID\":\"FR71834470973\",\"taxID\":\"83447097300043\",\"numberOfEmployees\":{\"@type\":\"QuantitativeValue\",\"minValue\":\"1\",\"maxValue\":\"10\"}},{\"@type\":\"Person\",\"@id\":\"https:\/\/dicodusport.fr\/blog\/#\/schema\/person\/cce96fa88785bd8573e3d43078ac8c79\",\"name\":\"Arlette Yeye\",\"image\":{\"@type\":\"ImageObject\",\"inLanguage\":\"fr-FR\",\"@id\":\"https:\/\/dicodusport.fr\/blog\/#\/schema\/person\/image\/\",\"url\":\"https:\/\/secure.gravatar.com\/avatar\/dca4a6239e6d708e46c45d60e160de6c?s=96&d=wp_user_avatar&r=g\",\"contentUrl\":\"https:\/\/secure.gravatar.com\/avatar\/dca4a6239e6d708e46c45d60e160de6c?s=96&d=wp_user_avatar&r=g\",\"caption\":\"Arlette Yeye\"},\"description\":\"Journaliste\/r\u00e9dactrice depuis septembre 2015 - Supportrice de Chelsea, j'ai pour sports de pr\u00e9dilection le handball, l'athl\u00e9tisme et le tennis. Si je tweete plus vite que mon ombre, vous pouvez aussi me retrouver les week-ends sur les playgrounds de Bruxelles pour un petit foot ou basket entre potes. Parcourir la France, l'Europe et plus si affinit\u00e9s pour suivre mes sportifs pr\u00e9f\u00e9r\u00e9s ? Mon kif ! Et c'est avec plaisir que je partage les r\u00e9sultats des sports populaires mais \u00e9galement plus confidentiels pour Dicodusport.\",\"sameAs\":[\"https:\/\/x.com\/https:\/\/twitter.com\/Shiclette94\"],\"url\":\"https:\/\/dicodusport.fr\/blog\/author\/arlette\/\"}]}<\/script>\n<!-- \/ Yoast SEO Premium plugin. -->","yoast_head_json":{"title":"Athl\u00e9tisme : Programme et r\u00e9sultats Coupe d'Europe des lancers 2024 - Dicodusport","description":"L'\u00e9dition 2024 de la Coupe d'Europe des lancers se d\u00e9roule ce 9 et 10 mars \u00e0 Leiria. Voici le programme et les r\u00e9sultats de la comp\u00e9tition.","robots":{"index":"index","follow":"follow","max-snippet":"max-snippet:-1","max-image-preview":"max-image-preview:large","max-video-preview":"max-video-preview:-1"},"canonical":"https:\/\/dicodusport.fr\/blog\/athletisme-programme-et-resultats-coupe-deurope-des-lancers-2024\/","og_locale":"fr_FR","og_type":"article","og_title":"Athl\u00e9tisme : Programme et r\u00e9sultats Coupe d'Europe des lancers 2024","og_description":"L'\u00e9dition 2024 de la Coupe d'Europe des lancers se d\u00e9roule ce 9 et 10 mars \u00e0 Leiria. Voici le programme et les r\u00e9sultats de la comp\u00e9tition.","og_url":"https:\/\/dicodusport.fr\/blog\/athletisme-programme-et-resultats-coupe-deurope-des-lancers-2024\/","og_site_name":"Dicodusport","article_publisher":"https:\/\/www.facebook.com\/dicodusport","article_published_time":"2024-03-10T18:33:42+00:00","article_modified_time":"2024-03-10T18:56:55+00:00","og_image":[{"width":1200,"height":674,"url":"https:\/\/dicodusport.fr\/blog\/wp-content\/uploads\/2024\/03\/Athletisme-Programme-et-resultats-Coupe-dEurope-des-lancers-2024.png","type":"image\/png"}],"author":"Arlette Yeye","twitter_card":"summary_large_image","twitter_title":"Athl\u00e9tisme : Programme et r\u00e9sultats Coupe d'Europe des lancers 2024","twitter_creator":"@https:\/\/twitter.com\/Shiclette94","twitter_site":"@dicodusport","schema":{"@context":"https:\/\/schema.org","@graph":[{"@type":"NewsArticle","@id":"https:\/\/dicodusport.fr\/blog\/athletisme-programme-et-resultats-coupe-deurope-des-lancers-2024\/#article","isPartOf":{"@id":"https:\/\/dicodusport.fr\/blog\/athletisme-programme-et-resultats-coupe-deurope-des-lancers-2024\/"},"author":{"name":"Arlette Yeye","@id":"https:\/\/dicodusport.fr\/blog\/#\/schema\/person\/cce96fa88785bd8573e3d43078ac8c79"},"headline":"Athl\u00e9tisme : Programme et r\u00e9sultats Coupe d&rsquo;Europe des lancers 2024","datePublished":"2024-03-10T18:33:42+00:00","dateModified":"2024-03-10T18:56:55+00:00","mainEntityOfPage":{"@id":"https:\/\/dicodusport.fr\/blog\/athletisme-programme-et-resultats-coupe-deurope-des-lancers-2024\/"},"wordCount":636,"commentCount":0,"publisher":{"@id":"https:\/\/dicodusport.fr\/blog\/#organization"},"image":{"@id":"https:\/\/dicodusport.fr\/blog\/athletisme-programme-et-resultats-coupe-deurope-des-lancers-2024\/#primaryimage"},"thumbnailUrl":"https:\/\/dicodusport.fr\/blog\/wp-content\/uploads\/2024\/03\/Athletisme-Programme-et-resultats-Coupe-dEurope-des-lancers-2024.png","keywords":["Athl\u00e9tisme","br\u00e8ve","Coupe d'Europe des lancers"],"articleSection":["Athl\u00e9tisme"],"inLanguage":"fr-FR","potentialAction":[{"@type":"CommentAction","name":"Comment","target":["https:\/\/dicodusport.fr\/blog\/athletisme-programme-et-resultats-coupe-deurope-des-lancers-2024\/#respond"]}],"copyrightYear":"2024","copyrightHolder":{"@id":"https:\/\/dicodusport.fr\/blog\/#organization"}},{"@type":"WebPage","@id":"https:\/\/dicodusport.fr\/blog\/athletisme-programme-et-resultats-coupe-deurope-des-lancers-2024\/","url":"https:\/\/dicodusport.fr\/blog\/athletisme-programme-et-resultats-coupe-deurope-des-lancers-2024\/","name":"Athl\u00e9tisme : Programme et r\u00e9sultats Coupe d'Europe des lancers 2024 - Dicodusport","isPartOf":{"@id":"https:\/\/dicodusport.fr\/blog\/#website"},"primaryImageOfPage":{"@id":"https:\/\/dicodusport.fr\/blog\/athletisme-programme-et-resultats-coupe-deurope-des-lancers-2024\/#primaryimage"},"image":{"@id":"https:\/\/dicodusport.fr\/blog\/athletisme-programme-et-resultats-coupe-deurope-des-lancers-2024\/#primaryimage"},"thumbnailUrl":"https:\/\/dicodusport.fr\/blog\/wp-content\/uploads\/2024\/03\/Athletisme-Programme-et-resultats-Coupe-dEurope-des-lancers-2024.png","datePublished":"2024-03-10T18:33:42+00:00","dateModified":"2024-03-10T18:56:55+00:00","description":"L'\u00e9dition 2024 de la Coupe d'Europe des lancers se d\u00e9roule ce 9 et 10 mars \u00e0 Leiria. Voici le programme et les r\u00e9sultats de la comp\u00e9tition.","breadcrumb":{"@id":"https:\/\/dicodusport.fr\/blog\/athletisme-programme-et-resultats-coupe-deurope-des-lancers-2024\/#breadcrumb"},"inLanguage":"fr-FR","potentialAction":[{"@type":"ReadAction","target":["https:\/\/dicodusport.fr\/blog\/athletisme-programme-et-resultats-coupe-deurope-des-lancers-2024\/"]}]},{"@type":"ImageObject","inLanguage":"fr-FR","@id":"https:\/\/dicodusport.fr\/blog\/athletisme-programme-et-resultats-coupe-deurope-des-lancers-2024\/#primaryimage","url":"https:\/\/dicodusport.fr\/blog\/wp-content\/uploads\/2024\/03\/Athletisme-Programme-et-resultats-Coupe-dEurope-des-lancers-2024.png","contentUrl":"https:\/\/dicodusport.fr\/blog\/wp-content\/uploads\/2024\/03\/Athletisme-Programme-et-resultats-Coupe-dEurope-des-lancers-2024.png","width":1200,"height":674,"caption":"Athl\u00e9tisme Programme et r\u00e9sultats Coupe d'Europe des lancers 2024"},{"@type":"BreadcrumbList","@id":"https:\/\/dicodusport.fr\/blog\/athletisme-programme-et-resultats-coupe-deurope-des-lancers-2024\/#breadcrumb","itemListElement":[{"@type":"ListItem","position":1,"name":"Accueil","item":"https:\/\/dicodusport.fr\/blog\/"},{"@type":"ListItem","position":2,"name":"Athl\u00e9tisme : Programme et r\u00e9sultats Coupe d&rsquo;Europe des lancers 2024"}]},{"@type":"WebSite","@id":"https:\/\/dicodusport.fr\/blog\/#website","url":"https:\/\/dicodusport.fr\/blog\/","name":"Dicodusport","description":"L&#039;encyclop\u00e9die de l&#039;actualit\u00e9 sportive","publisher":{"@id":"https:\/\/dicodusport.fr\/blog\/#organization"},"potentialAction":[{"@type":"SearchAction","target":{"@type":"EntryPoint","urlTemplate":"https:\/\/dicodusport.fr\/blog\/?s={search_term_string}"},"query-input":{"@type":"PropertyValueSpecification","valueRequired":true,"valueName":"search_term_string"}}],"inLanguage":"fr-FR"},{"@type":"NewsMediaOrganization","@id":"https:\/\/dicodusport.fr\/blog\/#organization","name":"Dicodusport","url":"https:\/\/dicodusport.fr\/blog\/","logo":{"@type":"ImageObject","inLanguage":"fr-FR","@id":"https:\/\/dicodusport.fr\/blog\/#\/schema\/logo\/image\/","url":"https:\/\/dicodusport.fr\/blog\/wp-content\/uploads\/2020\/06\/cropped-LOGO-DICODUSPORT-2020-SANS-FOND-SANS-TEXTE.png","contentUrl":"https:\/\/dicodusport.fr\/blog\/wp-content\/uploads\/2020\/06\/cropped-LOGO-DICODUSPORT-2020-SANS-FOND-SANS-TEXTE.png","width":512,"height":512,"caption":"Dicodusport"},"image":{"@id":"https:\/\/dicodusport.fr\/blog\/#\/schema\/logo\/image\/"},"sameAs":["https:\/\/www.facebook.com\/dicodusport","https:\/\/x.com\/dicodusport","https:\/\/www.instagram.com\/dicodusport\/","https:\/\/www.youtube.com\/channel\/UC7V2KZ5sd3htJivAbA4ZG3w"],"description":"Dicodusport est l'encyclop\u00e9die de l'actualit\u00e9 sportive.","email":"bonjour@dicodusport.fr","legalName":"DICODUSPORT","foundingDate":"2018-01-14","vatID":"FR71834470973","taxID":"83447097300043","numberOfEmployees":{"@type":"QuantitativeValue","minValue":"1","maxValue":"10"}},{"@type":"Person","@id":"https:\/\/dicodusport.fr\/blog\/#\/schema\/person\/cce96fa88785bd8573e3d43078ac8c79","name":"Arlette Yeye","image":{"@type":"ImageObject","inLanguage":"fr-FR","@id":"https:\/\/dicodusport.fr\/blog\/#\/schema\/person\/image\/","url":"https:\/\/secure.gravatar.com\/avatar\/dca4a6239e6d708e46c45d60e160de6c?s=96&d=wp_user_avatar&r=g","contentUrl":"https:\/\/secure.gravatar.com\/avatar\/dca4a6239e6d708e46c45d60e160de6c?s=96&d=wp_user_avatar&r=g","caption":"Arlette Yeye"},"description":"Journaliste\/r\u00e9dactrice depuis septembre 2015 - Supportrice de Chelsea, j'ai pour sports de pr\u00e9dilection le handball, l'athl\u00e9tisme et le tennis. Si je tweete plus vite que mon ombre, vous pouvez aussi me retrouver les week-ends sur les playgrounds de Bruxelles pour un petit foot ou basket entre potes. Parcourir la France, l'Europe et plus si affinit\u00e9s pour suivre mes sportifs pr\u00e9f\u00e9r\u00e9s ? Mon kif ! Et c'est avec plaisir que je partage les r\u00e9sultats des sports populaires mais \u00e9galement plus confidentiels pour Dicodusport.","sameAs":["https:\/\/x.com\/https:\/\/twitter.com\/Shiclette94"],"url":"https:\/\/dicodusport.fr\/blog\/author\/arlette\/"}]}},"_links":{"self":[{"href":"https:\/\/dicodusport.fr\/blog\/wp-json\/wp\/v2\/posts\/467399","targetHints":{"allow":["GET"]}}],"collection":[{"href":"https:\/\/dicodusport.fr\/blog\/wp-json\/wp\/v2\/posts"}],"about":[{"href":"https:\/\/dicodusport.fr\/blog\/wp-json\/wp\/v2\/types\/post"}],"author":[{"embeddable":true,"href":"https:\/\/dicodusport.fr\/blog\/wp-json\/wp\/v2\/users\/12"}],"replies":[{"embeddable":true,"href":"https:\/\/dicodusport.fr\/blog\/wp-json\/wp\/v2\/comments?post=467399"}],"version-history":[{"count":5,"href":"https:\/\/dicodusport.fr\/blog\/wp-json\/wp\/v2\/posts\/467399\/revisions"}],"predecessor-version":[{"id":471209,"href":"https:\/\/dicodusport.fr\/blog\/wp-json\/wp\/v2\/posts\/467399\/revisions\/471209"}],"wp:featuredmedia":[{"embeddable":true,"href":"https:\/\/dicodusport.fr\/blog\/wp-json\/wp\/v2\/media\/468504"}],"wp:attachment":[{"href":"https:\/\/dicodusport.fr\/blog\/wp-json\/wp\/v2\/media?parent=467399"}],"wp:term":[{"taxonomy":"category","embeddable":true,"href":"https:\/\/dicodusport.fr\/blog\/wp-json\/wp\/v2\/categories?post=467399"},{"taxonomy":"post_tag","embeddable":true,"href":"https:\/\/dicodusport.fr\/blog\/wp-json\/wp\/v2\/tags?post=467399"}],"curies":[{"name":"wp","href":"https:\/\/api.w.org\/{rel}","templated":true}]}}