{"id":467604,"date":"2024-02-29T14:07:45","date_gmt":"2024-02-29T13:07:45","guid":{"rendered":"https:\/\/dicodusport.fr\/blog\/?p=467604&#038;preview=true&#038;preview_id=467604"},"modified":"2024-02-29T14:43:09","modified_gmt":"2024-02-29T13:43:09","slug":"biathlon-oslo-lindividuel-femmes-reporte-a-vendredi","status":"publish","type":"post","link":"https:\/\/dicodusport.fr\/blog\/biathlon-oslo-lindividuel-femmes-reporte-a-vendredi\/","title":{"rendered":"Biathlon Oslo : L&rsquo;individuel femmes report\u00e9 \u00e0 vendredi"},"content":{"rendered":"<p style=\"text-align: justify;\"><em><b>BIATHLON OSLO 2024 &#8211; En raison des conditions m\u00e9t\u00e9orologiques actuelles sur Oslo (Norv\u00e8ge), l&rsquo;IBU a d\u00e9cid\u00e9 de reporter \u00e0 demain, vendredi, l&rsquo;individuel f\u00e9minin.<\/b><\/em><\/p>\n<ul>\n<li style=\"text-align: justify;\"><strong>\u00c0 ce sujet \u2013\u00a0<a class=\"row-title\" href=\"https:\/\/dicodusport.fr\/blog\/biathlon-oslo-2024-programme-horaires-et-resultats\/\" target=\"_blank\" rel=\"noopener\" aria-label=\"\u00ab\u00a0Biathlon Oslo 2024 \u2013 Programme, horaires et r\u00e9sultats\u00a0\u00bb (Modifier)\">Biathlon Oslo 2024 \u2013 Programme, horaires et r\u00e9sultats<\/a><\/strong><\/li>\n<\/ul>\n<p style=\"text-align: justify;\">La <strong>pluie<\/strong> et le <strong>brouillard<\/strong> ont eu raison de l&rsquo;individuel femmes qui devait se disputer aujourd&rsquo;hui \u00e0 14h15. La <strong>f\u00e9d\u00e9ration internationale de Biathlon (IBU)<\/strong> a donc d\u00e9cid\u00e9 de reporter cette course \u00e0 demain. La course d\u00e9butera \u00e0 <strong>12h30<\/strong>. Une autre course est d\u00e9j\u00e0 pr\u00e9vue demain, l&rsquo;individuel messieurs, dont le premier biathl\u00e8te s&rsquo;\u00e9lancera \u00e0 <strong>15h30<\/strong>. La course femmes sera donc programm\u00e9e avant ou apr\u00e8s la course masculine. Les femmes encha\u00eeneront ensuite directement le samedi avec la Mass Start programm\u00e9e \u00e0 13h20.<\/p>\n<blockquote class=\"twitter-tweet\">\n<p dir=\"ltr\" lang=\"en\">Due to unfavourable weather conditions, the Holmenkollen Women Individual is postponed until tomorrow.<\/p>\n<p>The new time will be announced in due course.<\/p>\n<p>\ud83d\udcf7Yevenko\/IBU <a href=\"https:\/\/twitter.com\/hashtag\/biathlon?src=hash&amp;ref_src=twsrc%5Etfw\">#biathlon<\/a> <a href=\"https:\/\/t.co\/S3AkzYNa0v\">pic.twitter.com\/S3AkzYNa0v<\/a><\/p>\n<p>\u2014 International Biathlon Union (@biathlonworld) <a href=\"https:\/\/twitter.com\/biathlonworld\/status\/1763185391127994740?ref_src=twsrc%5Etfw\">February 29, 2024<\/a><\/p><\/blockquote>\n<p><script async src=\"https:\/\/platform.twitter.com\/widgets.js\" charset=\"utf-8\"><\/script><\/p>\n<p>&nbsp;<\/p>\n","protected":false},"excerpt":{"rendered":"<p>BIATHLON OSLO 2024 &#8211; En raison des conditions m\u00e9t\u00e9orologiques actuelles sur Oslo (Norv\u00e8ge), l&rsquo;IBU a d\u00e9cid\u00e9 de reporter \u00e0 demain, vendredi, l&rsquo;individuel f\u00e9minin.<\/p>\n","protected":false},"author":95,"featured_media":467612,"comment_status":"open","ping_status":"closed","sticky":false,"template":"","format":"standard","meta":{"_acf_changed":false,"_daextam_enable_autolinks":"1","footnotes":""},"categories":[47040],"tags":[2427,16878,38112,7457],"class_list":["post-467604","post","type-post","status-publish","format-standard","has-post-thumbnail","hentry","category-coupe-du-monde-de-biathlon","tag-biathlon","tag-breve","tag-individuel-oslo","tag-oslo"],"acf":[],"yoast_head":"<!-- This site is optimized with the Yoast SEO Premium plugin v26.7 (Yoast SEO v26.7) - https:\/\/yoast.com\/wordpress\/plugins\/seo\/ -->\n<title>Biathlon Oslo : L&#039;individuel femmes report\u00e9 \u00e0 vendredi<\/title>\n<meta name=\"description\" content=\"BIATHLON OSLO 2024 - En raison des conditions m\u00e9t\u00e9orologiques actuelles sur Oslo (Norv\u00e8ge), l&#039;individuel f\u00e9minin a \u00e9t\u00e9 report\u00e9.\" \/>\n<meta name=\"robots\" content=\"index, follow, max-snippet:-1, max-image-preview:large, max-video-preview:-1\" \/>\n<link rel=\"canonical\" href=\"https:\/\/dicodusport.fr\/blog\/biathlon-oslo-lindividuel-femmes-reporte-a-vendredi\/\" \/>\n<meta property=\"og:locale\" content=\"fr_FR\" \/>\n<meta property=\"og:type\" content=\"article\" \/>\n<meta property=\"og:title\" content=\"Biathlon Oslo : L&#039;individuel femmes report\u00e9 \u00e0 vendredi\" \/>\n<meta property=\"og:description\" content=\"BIATHLON OSLO 2024 - En raison des conditions m\u00e9t\u00e9orologiques actuelles sur Oslo (Norv\u00e8ge), l&#039;individuel f\u00e9minin a \u00e9t\u00e9 report\u00e9.\" \/>\n<meta property=\"og:url\" content=\"https:\/\/dicodusport.fr\/blog\/biathlon-oslo-lindividuel-femmes-reporte-a-vendredi\/\" \/>\n<meta property=\"og:site_name\" content=\"Dicodusport\" \/>\n<meta property=\"article:publisher\" content=\"https:\/\/www.facebook.com\/dicodusport\" \/>\n<meta property=\"article:published_time\" content=\"2024-02-29T13:07:45+00:00\" \/>\n<meta property=\"article:modified_time\" content=\"2024-02-29T13:43:09+00:00\" \/>\n<meta property=\"og:image\" content=\"https:\/\/dicodusport.fr\/blog\/wp-content\/uploads\/2024\/02\/Biathlon-Oslo-Lindividuel-femmes-reporte-a-vendredi.png\" \/>\n\t<meta property=\"og:image:width\" content=\"1200\" \/>\n\t<meta property=\"og:image:height\" content=\"674\" \/>\n\t<meta property=\"og:image:type\" content=\"image\/png\" \/>\n<meta name=\"author\" content=\"Florian Vernet\" \/>\n<meta name=\"twitter:card\" content=\"summary_large_image\" \/>\n<meta name=\"twitter:title\" content=\"Biathlon Oslo : L&#039;individuel femmes report\u00e9 \u00e0 vendredi\" \/>\n<meta name=\"twitter:creator\" content=\"@dicodusport\" \/>\n<meta name=\"twitter:site\" content=\"@dicodusport\" \/>\n<script type=\"application\/ld+json\" class=\"yoast-schema-graph\">{\"@context\":\"https:\/\/schema.org\",\"@graph\":[{\"@type\":\"NewsArticle\",\"@id\":\"https:\/\/dicodusport.fr\/blog\/biathlon-oslo-lindividuel-femmes-reporte-a-vendredi\/#article\",\"isPartOf\":{\"@id\":\"https:\/\/dicodusport.fr\/blog\/biathlon-oslo-lindividuel-femmes-reporte-a-vendredi\/\"},\"author\":{\"name\":\"Florian Vernet\",\"@id\":\"https:\/\/dicodusport.fr\/blog\/#\/schema\/person\/8d5318ade56dccc8d6ba87254c479570\"},\"headline\":\"Biathlon Oslo : L&rsquo;individuel femmes report\u00e9 \u00e0 vendredi\",\"datePublished\":\"2024-02-29T13:07:45+00:00\",\"dateModified\":\"2024-02-29T13:43:09+00:00\",\"mainEntityOfPage\":{\"@id\":\"https:\/\/dicodusport.fr\/blog\/biathlon-oslo-lindividuel-femmes-reporte-a-vendredi\/\"},\"wordCount\":171,\"commentCount\":0,\"publisher\":{\"@id\":\"https:\/\/dicodusport.fr\/blog\/#organization\"},\"image\":{\"@id\":\"https:\/\/dicodusport.fr\/blog\/biathlon-oslo-lindividuel-femmes-reporte-a-vendredi\/#primaryimage\"},\"thumbnailUrl\":\"https:\/\/dicodusport.fr\/blog\/wp-content\/uploads\/2024\/02\/Biathlon-Oslo-Lindividuel-femmes-reporte-a-vendredi.png\",\"keywords\":[\"Biathlon\",\"br\u00e8ve\",\"Individuel Oslo\",\"Oslo\"],\"articleSection\":[\"Coupe du monde de biathlon\"],\"inLanguage\":\"fr-FR\",\"potentialAction\":[{\"@type\":\"CommentAction\",\"name\":\"Comment\",\"target\":[\"https:\/\/dicodusport.fr\/blog\/biathlon-oslo-lindividuel-femmes-reporte-a-vendredi\/#respond\"]}],\"copyrightYear\":\"2024\",\"copyrightHolder\":{\"@id\":\"https:\/\/dicodusport.fr\/blog\/#organization\"}},{\"@type\":\"WebPage\",\"@id\":\"https:\/\/dicodusport.fr\/blog\/biathlon-oslo-lindividuel-femmes-reporte-a-vendredi\/\",\"url\":\"https:\/\/dicodusport.fr\/blog\/biathlon-oslo-lindividuel-femmes-reporte-a-vendredi\/\",\"name\":\"Biathlon Oslo : L'individuel femmes report\u00e9 \u00e0 vendredi\",\"isPartOf\":{\"@id\":\"https:\/\/dicodusport.fr\/blog\/#website\"},\"primaryImageOfPage\":{\"@id\":\"https:\/\/dicodusport.fr\/blog\/biathlon-oslo-lindividuel-femmes-reporte-a-vendredi\/#primaryimage\"},\"image\":{\"@id\":\"https:\/\/dicodusport.fr\/blog\/biathlon-oslo-lindividuel-femmes-reporte-a-vendredi\/#primaryimage\"},\"thumbnailUrl\":\"https:\/\/dicodusport.fr\/blog\/wp-content\/uploads\/2024\/02\/Biathlon-Oslo-Lindividuel-femmes-reporte-a-vendredi.png\",\"datePublished\":\"2024-02-29T13:07:45+00:00\",\"dateModified\":\"2024-02-29T13:43:09+00:00\",\"description\":\"BIATHLON OSLO 2024 - En raison des conditions m\u00e9t\u00e9orologiques actuelles sur Oslo (Norv\u00e8ge), l'individuel f\u00e9minin a \u00e9t\u00e9 report\u00e9.\",\"breadcrumb\":{\"@id\":\"https:\/\/dicodusport.fr\/blog\/biathlon-oslo-lindividuel-femmes-reporte-a-vendredi\/#breadcrumb\"},\"inLanguage\":\"fr-FR\",\"potentialAction\":[{\"@type\":\"ReadAction\",\"target\":[\"https:\/\/dicodusport.fr\/blog\/biathlon-oslo-lindividuel-femmes-reporte-a-vendredi\/\"]}]},{\"@type\":\"ImageObject\",\"inLanguage\":\"fr-FR\",\"@id\":\"https:\/\/dicodusport.fr\/blog\/biathlon-oslo-lindividuel-femmes-reporte-a-vendredi\/#primaryimage\",\"url\":\"https:\/\/dicodusport.fr\/blog\/wp-content\/uploads\/2024\/02\/Biathlon-Oslo-Lindividuel-femmes-reporte-a-vendredi.png\",\"contentUrl\":\"https:\/\/dicodusport.fr\/blog\/wp-content\/uploads\/2024\/02\/Biathlon-Oslo-Lindividuel-femmes-reporte-a-vendredi.png\",\"width\":1200,\"height\":674,\"caption\":\"Biathlon Oslo L'individuel femmes report\u00e9 \u00e0 vendredi\"},{\"@type\":\"BreadcrumbList\",\"@id\":\"https:\/\/dicodusport.fr\/blog\/biathlon-oslo-lindividuel-femmes-reporte-a-vendredi\/#breadcrumb\",\"itemListElement\":[{\"@type\":\"ListItem\",\"position\":1,\"name\":\"Accueil\",\"item\":\"https:\/\/dicodusport.fr\/blog\/\"},{\"@type\":\"ListItem\",\"position\":2,\"name\":\"Biathlon Oslo : L&rsquo;individuel femmes report\u00e9 \u00e0 vendredi\"}]},{\"@type\":\"WebSite\",\"@id\":\"https:\/\/dicodusport.fr\/blog\/#website\",\"url\":\"https:\/\/dicodusport.fr\/blog\/\",\"name\":\"Dicodusport\",\"description\":\"L&#039;encyclop\u00e9die de l&#039;actualit\u00e9 sportive\",\"publisher\":{\"@id\":\"https:\/\/dicodusport.fr\/blog\/#organization\"},\"potentialAction\":[{\"@type\":\"SearchAction\",\"target\":{\"@type\":\"EntryPoint\",\"urlTemplate\":\"https:\/\/dicodusport.fr\/blog\/?s={search_term_string}\"},\"query-input\":{\"@type\":\"PropertyValueSpecification\",\"valueRequired\":true,\"valueName\":\"search_term_string\"}}],\"inLanguage\":\"fr-FR\"},{\"@type\":\"NewsMediaOrganization\",\"@id\":\"https:\/\/dicodusport.fr\/blog\/#organization\",\"name\":\"Dicodusport\",\"url\":\"https:\/\/dicodusport.fr\/blog\/\",\"logo\":{\"@type\":\"ImageObject\",\"inLanguage\":\"fr-FR\",\"@id\":\"https:\/\/dicodusport.fr\/blog\/#\/schema\/logo\/image\/\",\"url\":\"https:\/\/dicodusport.fr\/blog\/wp-content\/uploads\/2020\/06\/cropped-LOGO-DICODUSPORT-2020-SANS-FOND-SANS-TEXTE.png\",\"contentUrl\":\"https:\/\/dicodusport.fr\/blog\/wp-content\/uploads\/2020\/06\/cropped-LOGO-DICODUSPORT-2020-SANS-FOND-SANS-TEXTE.png\",\"width\":512,\"height\":512,\"caption\":\"Dicodusport\"},\"image\":{\"@id\":\"https:\/\/dicodusport.fr\/blog\/#\/schema\/logo\/image\/\"},\"sameAs\":[\"https:\/\/www.facebook.com\/dicodusport\",\"https:\/\/x.com\/dicodusport\",\"https:\/\/www.instagram.com\/dicodusport\/\",\"https:\/\/www.youtube.com\/channel\/UC7V2KZ5sd3htJivAbA4ZG3w\"],\"description\":\"Dicodusport est l'encyclop\u00e9die de l'actualit\u00e9 sportive.\",\"email\":\"bonjour@dicodusport.fr\",\"legalName\":\"DICODUSPORT\",\"foundingDate\":\"2018-01-14\",\"vatID\":\"FR71834470973\",\"taxID\":\"83447097300043\",\"numberOfEmployees\":{\"@type\":\"QuantitativeValue\",\"minValue\":\"1\",\"maxValue\":\"10\"}},{\"@type\":\"Person\",\"@id\":\"https:\/\/dicodusport.fr\/blog\/#\/schema\/person\/8d5318ade56dccc8d6ba87254c479570\",\"name\":\"Florian Vernet\",\"image\":{\"@type\":\"ImageObject\",\"inLanguage\":\"fr-FR\",\"@id\":\"https:\/\/dicodusport.fr\/blog\/#\/schema\/person\/image\/\",\"url\":\"https:\/\/dicodusport.fr\/blog\/wp-content\/uploads\/2023\/10\/Capture-Copie-150x150.jpg\",\"contentUrl\":\"https:\/\/dicodusport.fr\/blog\/wp-content\/uploads\/2023\/10\/Capture-Copie-150x150.jpg\",\"caption\":\"Florian Vernet\"},\"url\":\"https:\/\/dicodusport.fr\/blog\/author\/florian-vernet\/\"}]}<\/script>\n<!-- \/ Yoast SEO Premium plugin. -->","yoast_head_json":{"title":"Biathlon Oslo : L'individuel femmes report\u00e9 \u00e0 vendredi","description":"BIATHLON OSLO 2024 - En raison des conditions m\u00e9t\u00e9orologiques actuelles sur Oslo (Norv\u00e8ge), l'individuel f\u00e9minin a \u00e9t\u00e9 report\u00e9.","robots":{"index":"index","follow":"follow","max-snippet":"max-snippet:-1","max-image-preview":"max-image-preview:large","max-video-preview":"max-video-preview:-1"},"canonical":"https:\/\/dicodusport.fr\/blog\/biathlon-oslo-lindividuel-femmes-reporte-a-vendredi\/","og_locale":"fr_FR","og_type":"article","og_title":"Biathlon Oslo : L'individuel femmes report\u00e9 \u00e0 vendredi","og_description":"BIATHLON OSLO 2024 - En raison des conditions m\u00e9t\u00e9orologiques actuelles sur Oslo (Norv\u00e8ge), l'individuel f\u00e9minin a \u00e9t\u00e9 report\u00e9.","og_url":"https:\/\/dicodusport.fr\/blog\/biathlon-oslo-lindividuel-femmes-reporte-a-vendredi\/","og_site_name":"Dicodusport","article_publisher":"https:\/\/www.facebook.com\/dicodusport","article_published_time":"2024-02-29T13:07:45+00:00","article_modified_time":"2024-02-29T13:43:09+00:00","og_image":[{"width":1200,"height":674,"url":"https:\/\/dicodusport.fr\/blog\/wp-content\/uploads\/2024\/02\/Biathlon-Oslo-Lindividuel-femmes-reporte-a-vendredi.png","type":"image\/png"}],"author":"Florian Vernet","twitter_card":"summary_large_image","twitter_title":"Biathlon Oslo : L'individuel femmes report\u00e9 \u00e0 vendredi","twitter_creator":"@dicodusport","twitter_site":"@dicodusport","schema":{"@context":"https:\/\/schema.org","@graph":[{"@type":"NewsArticle","@id":"https:\/\/dicodusport.fr\/blog\/biathlon-oslo-lindividuel-femmes-reporte-a-vendredi\/#article","isPartOf":{"@id":"https:\/\/dicodusport.fr\/blog\/biathlon-oslo-lindividuel-femmes-reporte-a-vendredi\/"},"author":{"name":"Florian Vernet","@id":"https:\/\/dicodusport.fr\/blog\/#\/schema\/person\/8d5318ade56dccc8d6ba87254c479570"},"headline":"Biathlon Oslo : L&rsquo;individuel femmes report\u00e9 \u00e0 vendredi","datePublished":"2024-02-29T13:07:45+00:00","dateModified":"2024-02-29T13:43:09+00:00","mainEntityOfPage":{"@id":"https:\/\/dicodusport.fr\/blog\/biathlon-oslo-lindividuel-femmes-reporte-a-vendredi\/"},"wordCount":171,"commentCount":0,"publisher":{"@id":"https:\/\/dicodusport.fr\/blog\/#organization"},"image":{"@id":"https:\/\/dicodusport.fr\/blog\/biathlon-oslo-lindividuel-femmes-reporte-a-vendredi\/#primaryimage"},"thumbnailUrl":"https:\/\/dicodusport.fr\/blog\/wp-content\/uploads\/2024\/02\/Biathlon-Oslo-Lindividuel-femmes-reporte-a-vendredi.png","keywords":["Biathlon","br\u00e8ve","Individuel Oslo","Oslo"],"articleSection":["Coupe du monde de biathlon"],"inLanguage":"fr-FR","potentialAction":[{"@type":"CommentAction","name":"Comment","target":["https:\/\/dicodusport.fr\/blog\/biathlon-oslo-lindividuel-femmes-reporte-a-vendredi\/#respond"]}],"copyrightYear":"2024","copyrightHolder":{"@id":"https:\/\/dicodusport.fr\/blog\/#organization"}},{"@type":"WebPage","@id":"https:\/\/dicodusport.fr\/blog\/biathlon-oslo-lindividuel-femmes-reporte-a-vendredi\/","url":"https:\/\/dicodusport.fr\/blog\/biathlon-oslo-lindividuel-femmes-reporte-a-vendredi\/","name":"Biathlon Oslo : L'individuel femmes report\u00e9 \u00e0 vendredi","isPartOf":{"@id":"https:\/\/dicodusport.fr\/blog\/#website"},"primaryImageOfPage":{"@id":"https:\/\/dicodusport.fr\/blog\/biathlon-oslo-lindividuel-femmes-reporte-a-vendredi\/#primaryimage"},"image":{"@id":"https:\/\/dicodusport.fr\/blog\/biathlon-oslo-lindividuel-femmes-reporte-a-vendredi\/#primaryimage"},"thumbnailUrl":"https:\/\/dicodusport.fr\/blog\/wp-content\/uploads\/2024\/02\/Biathlon-Oslo-Lindividuel-femmes-reporte-a-vendredi.png","datePublished":"2024-02-29T13:07:45+00:00","dateModified":"2024-02-29T13:43:09+00:00","description":"BIATHLON OSLO 2024 - En raison des conditions m\u00e9t\u00e9orologiques actuelles sur Oslo (Norv\u00e8ge), l'individuel f\u00e9minin a \u00e9t\u00e9 report\u00e9.","breadcrumb":{"@id":"https:\/\/dicodusport.fr\/blog\/biathlon-oslo-lindividuel-femmes-reporte-a-vendredi\/#breadcrumb"},"inLanguage":"fr-FR","potentialAction":[{"@type":"ReadAction","target":["https:\/\/dicodusport.fr\/blog\/biathlon-oslo-lindividuel-femmes-reporte-a-vendredi\/"]}]},{"@type":"ImageObject","inLanguage":"fr-FR","@id":"https:\/\/dicodusport.fr\/blog\/biathlon-oslo-lindividuel-femmes-reporte-a-vendredi\/#primaryimage","url":"https:\/\/dicodusport.fr\/blog\/wp-content\/uploads\/2024\/02\/Biathlon-Oslo-Lindividuel-femmes-reporte-a-vendredi.png","contentUrl":"https:\/\/dicodusport.fr\/blog\/wp-content\/uploads\/2024\/02\/Biathlon-Oslo-Lindividuel-femmes-reporte-a-vendredi.png","width":1200,"height":674,"caption":"Biathlon Oslo L'individuel femmes report\u00e9 \u00e0 vendredi"},{"@type":"BreadcrumbList","@id":"https:\/\/dicodusport.fr\/blog\/biathlon-oslo-lindividuel-femmes-reporte-a-vendredi\/#breadcrumb","itemListElement":[{"@type":"ListItem","position":1,"name":"Accueil","item":"https:\/\/dicodusport.fr\/blog\/"},{"@type":"ListItem","position":2,"name":"Biathlon Oslo : L&rsquo;individuel femmes report\u00e9 \u00e0 vendredi"}]},{"@type":"WebSite","@id":"https:\/\/dicodusport.fr\/blog\/#website","url":"https:\/\/dicodusport.fr\/blog\/","name":"Dicodusport","description":"L&#039;encyclop\u00e9die de l&#039;actualit\u00e9 sportive","publisher":{"@id":"https:\/\/dicodusport.fr\/blog\/#organization"},"potentialAction":[{"@type":"SearchAction","target":{"@type":"EntryPoint","urlTemplate":"https:\/\/dicodusport.fr\/blog\/?s={search_term_string}"},"query-input":{"@type":"PropertyValueSpecification","valueRequired":true,"valueName":"search_term_string"}}],"inLanguage":"fr-FR"},{"@type":"NewsMediaOrganization","@id":"https:\/\/dicodusport.fr\/blog\/#organization","name":"Dicodusport","url":"https:\/\/dicodusport.fr\/blog\/","logo":{"@type":"ImageObject","inLanguage":"fr-FR","@id":"https:\/\/dicodusport.fr\/blog\/#\/schema\/logo\/image\/","url":"https:\/\/dicodusport.fr\/blog\/wp-content\/uploads\/2020\/06\/cropped-LOGO-DICODUSPORT-2020-SANS-FOND-SANS-TEXTE.png","contentUrl":"https:\/\/dicodusport.fr\/blog\/wp-content\/uploads\/2020\/06\/cropped-LOGO-DICODUSPORT-2020-SANS-FOND-SANS-TEXTE.png","width":512,"height":512,"caption":"Dicodusport"},"image":{"@id":"https:\/\/dicodusport.fr\/blog\/#\/schema\/logo\/image\/"},"sameAs":["https:\/\/www.facebook.com\/dicodusport","https:\/\/x.com\/dicodusport","https:\/\/www.instagram.com\/dicodusport\/","https:\/\/www.youtube.com\/channel\/UC7V2KZ5sd3htJivAbA4ZG3w"],"description":"Dicodusport est l'encyclop\u00e9die de l'actualit\u00e9 sportive.","email":"bonjour@dicodusport.fr","legalName":"DICODUSPORT","foundingDate":"2018-01-14","vatID":"FR71834470973","taxID":"83447097300043","numberOfEmployees":{"@type":"QuantitativeValue","minValue":"1","maxValue":"10"}},{"@type":"Person","@id":"https:\/\/dicodusport.fr\/blog\/#\/schema\/person\/8d5318ade56dccc8d6ba87254c479570","name":"Florian Vernet","image":{"@type":"ImageObject","inLanguage":"fr-FR","@id":"https:\/\/dicodusport.fr\/blog\/#\/schema\/person\/image\/","url":"https:\/\/dicodusport.fr\/blog\/wp-content\/uploads\/2023\/10\/Capture-Copie-150x150.jpg","contentUrl":"https:\/\/dicodusport.fr\/blog\/wp-content\/uploads\/2023\/10\/Capture-Copie-150x150.jpg","caption":"Florian Vernet"},"url":"https:\/\/dicodusport.fr\/blog\/author\/florian-vernet\/"}]}},"_links":{"self":[{"href":"https:\/\/dicodusport.fr\/blog\/wp-json\/wp\/v2\/posts\/467604","targetHints":{"allow":["GET"]}}],"collection":[{"href":"https:\/\/dicodusport.fr\/blog\/wp-json\/wp\/v2\/posts"}],"about":[{"href":"https:\/\/dicodusport.fr\/blog\/wp-json\/wp\/v2\/types\/post"}],"author":[{"embeddable":true,"href":"https:\/\/dicodusport.fr\/blog\/wp-json\/wp\/v2\/users\/95"}],"replies":[{"embeddable":true,"href":"https:\/\/dicodusport.fr\/blog\/wp-json\/wp\/v2\/comments?post=467604"}],"version-history":[{"count":5,"href":"https:\/\/dicodusport.fr\/blog\/wp-json\/wp\/v2\/posts\/467604\/revisions"}],"predecessor-version":[{"id":467621,"href":"https:\/\/dicodusport.fr\/blog\/wp-json\/wp\/v2\/posts\/467604\/revisions\/467621"}],"wp:featuredmedia":[{"embeddable":true,"href":"https:\/\/dicodusport.fr\/blog\/wp-json\/wp\/v2\/media\/467612"}],"wp:attachment":[{"href":"https:\/\/dicodusport.fr\/blog\/wp-json\/wp\/v2\/media?parent=467604"}],"wp:term":[{"taxonomy":"category","embeddable":true,"href":"https:\/\/dicodusport.fr\/blog\/wp-json\/wp\/v2\/categories?post=467604"},{"taxonomy":"post_tag","embeddable":true,"href":"https:\/\/dicodusport.fr\/blog\/wp-json\/wp\/v2\/tags?post=467604"}],"curies":[{"name":"wp","href":"https:\/\/api.w.org\/{rel}","templated":true}]}}