{"id":467629,"date":"2024-02-29T15:29:38","date_gmt":"2024-02-29T14:29:38","guid":{"rendered":"https:\/\/dicodusport.fr\/blog\/?p=467629&#038;preview=true&#038;preview_id=467629"},"modified":"2024-02-29T16:11:38","modified_gmt":"2024-02-29T15:11:38","slug":"ibu-cup-2023-2024-oceane-michelon-deuxieme-du-sprint-a-obertilliach","status":"publish","type":"post","link":"https:\/\/dicodusport.fr\/blog\/ibu-cup-2023-2024-oceane-michelon-deuxieme-du-sprint-a-obertilliach\/","title":{"rendered":"IBU Cup 2023\/2024 : Oc\u00e9ane Michelon deuxi\u00e8me du sprint \u00e0 Obertilliach"},"content":{"rendered":"<p style=\"text-align: justify;\"><strong><em>IBU CUP &#8211; Une nouvelle m\u00e9daille pour le clan tricolore en IBU Cup. Oc\u00e9ane Michelon prend la 2e place du sprint \u00e0 Obertilliach (Autriche). Les cinq fran\u00e7aises engag\u00e9es se sont toutes hiss\u00e9es dans le top 20.<\/em><\/strong><\/p>\n<p style=\"text-align: justify;\"><a href=\"https:\/\/dicodusport.fr\/blog\/biathlon-oslo-lindividuel-femmes-reporte-a-vendredi\/\">S&rsquo;il n&rsquo;y a pas eu d&rsquo;individuel femmes<\/a> en Coupe du monde ce jeudi, la faute \u00e0 un temps capricieux \u00e0 Oslo, l&rsquo;IBU Cup a fait son retour en Autriche. En IBU Cup, <strong>Oc\u00e9ane Michelon<\/strong> prend la 2e place du sprint, \u00e0 Obertilliach. La jeune fran\u00e7aise, qui a fait un passage en Coupe du monde cette saison, confirme sa belle saison sur le circuit secondaire, mais qui sait r\u00e9v\u00e9ler les champions.<\/p>\n<p style=\"text-align: justify;\">La Fran\u00e7aise termine \u00e0 14.4 secondes de la Norv\u00e9gienne <strong>Ragnhild Femsteinevik<\/strong>. Cette derni\u00e8re a tir\u00e9 \u00e0 10\/10, contrairement \u00e0 la Fran\u00e7aise qui a manqu\u00e9 une balle. Mais preuve de sa force, elle termine quand m\u00eame 25 secondes devant <strong>Kristina Oberthaler<\/strong>, qui a pourtant fait le plein au tir. Dans une course qui a creus\u00e9 de gros \u00e9carts (la 5e conc\u00e8de une minute \u00e0 la Norv\u00e9gienne, 45 secondes \u00e0 la Fran\u00e7aise). Du c\u00f4t\u00e9 des autres Fran\u00e7aises, deux autres top 10, avec la 8e place de <strong>Camille Bened<\/strong>, qui \u00e9tait la derni\u00e8re fran\u00e7aise \u00e0 \u00eatre mont\u00e9e sur le podium en IBU Cup et qui confirme sa belle forme en 2024. Elle r\u00e9alise le plein. La jeune <strong>Ana\u00eblle Bondoux<\/strong>\u00a0prend la 10e place malgr\u00e9 deux fautes.<\/p>\n<blockquote class=\"twitter-tweet\">\n<p dir=\"ltr\" lang=\"fr\"><a href=\"https:\/\/twitter.com\/hashtag\/Biathlon?src=hash&amp;ref_src=twsrc%5Etfw\">#Biathlon<\/a> IBU Cup : Oc\u00e9ane Michelon deuxi\u00e8me du sprint d\u2019Obertilliach derri\u00e8re Ragnhild Femsteinevik. \ud83d\udd3d<a href=\"https:\/\/t.co\/nJCDZPw1K6\">https:\/\/t.co\/nJCDZPw1K6<\/a><\/p>\n<p>\u2014 Nordic Magazine (@NordicMag) <a href=\"https:\/\/twitter.com\/NordicMag\/status\/1763200948711620879?ref_src=twsrc%5Etfw\">February 29, 2024<\/a><\/p><\/blockquote>\n<p><script async src=\"https:\/\/platform.twitter.com\/widgets.js\" charset=\"utf-8\"><\/script><\/p>\n<h2 style=\"text-align: justify;\">Le r\u00e9sultat des Fran\u00e7aises<\/h2>\n<p style=\"text-align: justify;\"><strong>2\u1d49 :<\/strong> Oc\u00e9ane Michelon<\/p>\n<p style=\"text-align: justify;\"><strong>8e :<\/strong> Camille Bened<\/p>\n<p style=\"text-align: justify;\"><strong>10e :<\/strong> Ana\u00eblle Bondoux<\/p>\n<p style=\"text-align: justify;\"><strong>15e :<\/strong> Chlo\u00e9 Chevalier<\/p>\n<p><strong>20e :<\/strong> No\u00e9mie Remonnay<\/p>\n<p style=\"text-align: justify;\">\n","protected":false},"excerpt":{"rendered":"<p>IBU CUP &#8211; Une nouvelle m\u00e9daille pour le clan tricolore en IBU Cup. Oc\u00e9ane Michelon prend la 2e place du sprint \u00e0 Obertilliach (Autriche).<\/p>\n","protected":false},"author":83,"featured_media":467639,"comment_status":"open","ping_status":"closed","sticky":false,"template":"","format":"standard","meta":{"_acf_changed":false,"_daextam_enable_autolinks":"1","footnotes":""},"categories":[2426],"tags":[2427,26590,16878,22027],"class_list":["post-467629","post","type-post","status-publish","format-standard","has-post-thumbnail","hentry","category-biathlon","tag-biathlon","tag-biathlon-ibu-cup","tag-breve","tag-oceane-michelon"],"acf":[],"yoast_head":"<!-- This site is optimized with the Yoast SEO Premium plugin v26.7 (Yoast SEO v26.7) - https:\/\/yoast.com\/wordpress\/plugins\/seo\/ -->\n<title>IBU Cup 2023\/2024 : Oc\u00e9ane Michelon deuxi\u00e8me du sprint \u00e0 Obertilliach<\/title>\n<meta name=\"description\" content=\"IBU CUP - Une nouvelle m\u00e9daille pour le clan tricolore en IBU Cup. Oc\u00e9ane Michelon prend la 2e place du sprint \u00e0 Obertilliach (Autriche).\" \/>\n<meta name=\"robots\" content=\"index, follow, max-snippet:-1, max-image-preview:large, max-video-preview:-1\" \/>\n<link rel=\"canonical\" href=\"https:\/\/dicodusport.fr\/blog\/ibu-cup-2023-2024-oceane-michelon-deuxieme-du-sprint-a-obertilliach\/\" \/>\n<meta property=\"og:locale\" content=\"fr_FR\" \/>\n<meta property=\"og:type\" content=\"article\" \/>\n<meta property=\"og:title\" content=\"IBU Cup 2023\/2024 : Oc\u00e9ane Michelon deuxi\u00e8me du sprint \u00e0 Obertilliach\" \/>\n<meta property=\"og:description\" content=\"IBU CUP - Une nouvelle m\u00e9daille pour le clan tricolore en IBU Cup. Oc\u00e9ane Michelon prend la 2e place du sprint \u00e0 Obertilliach (Autriche).\" \/>\n<meta property=\"og:url\" content=\"https:\/\/dicodusport.fr\/blog\/ibu-cup-2023-2024-oceane-michelon-deuxieme-du-sprint-a-obertilliach\/\" \/>\n<meta property=\"og:site_name\" content=\"Dicodusport\" \/>\n<meta property=\"article:publisher\" content=\"https:\/\/www.facebook.com\/dicodusport\" \/>\n<meta property=\"article:published_time\" content=\"2024-02-29T14:29:38+00:00\" \/>\n<meta property=\"article:modified_time\" content=\"2024-02-29T15:11:38+00:00\" \/>\n<meta property=\"og:image\" content=\"https:\/\/dicodusport.fr\/blog\/wp-content\/uploads\/2024\/02\/IBU-Cup-20232024-Oceane-Michelon-deuxieme-du-sprint-a-Obertilliach-1.png\" \/>\n\t<meta property=\"og:image:width\" content=\"1200\" \/>\n\t<meta property=\"og:image:height\" content=\"674\" \/>\n\t<meta property=\"og:image:type\" content=\"image\/png\" \/>\n<meta name=\"author\" content=\"Etienne Goursaud\" \/>\n<meta name=\"twitter:card\" content=\"summary_large_image\" \/>\n<meta name=\"twitter:title\" content=\"IBU Cup 2023\/2024 : Oc\u00e9ane Michelon deuxi\u00e8me du sprint \u00e0 Obertilliach\" \/>\n<meta name=\"twitter:creator\" content=\"@dicodusport\" \/>\n<meta name=\"twitter:site\" content=\"@dicodusport\" \/>\n<script type=\"application\/ld+json\" class=\"yoast-schema-graph\">{\"@context\":\"https:\/\/schema.org\",\"@graph\":[{\"@type\":\"NewsArticle\",\"@id\":\"https:\/\/dicodusport.fr\/blog\/ibu-cup-2023-2024-oceane-michelon-deuxieme-du-sprint-a-obertilliach\/#article\",\"isPartOf\":{\"@id\":\"https:\/\/dicodusport.fr\/blog\/ibu-cup-2023-2024-oceane-michelon-deuxieme-du-sprint-a-obertilliach\/\"},\"author\":{\"name\":\"Etienne Goursaud\",\"@id\":\"https:\/\/dicodusport.fr\/blog\/#\/schema\/person\/d603dd7da31fb2b46c82b9835a77ec13\"},\"headline\":\"IBU Cup 2023\/2024 : Oc\u00e9ane Michelon deuxi\u00e8me du sprint \u00e0 Obertilliach\",\"datePublished\":\"2024-02-29T14:29:38+00:00\",\"dateModified\":\"2024-02-29T15:11:38+00:00\",\"mainEntityOfPage\":{\"@id\":\"https:\/\/dicodusport.fr\/blog\/ibu-cup-2023-2024-oceane-michelon-deuxieme-du-sprint-a-obertilliach\/\"},\"wordCount\":298,\"commentCount\":0,\"publisher\":{\"@id\":\"https:\/\/dicodusport.fr\/blog\/#organization\"},\"image\":{\"@id\":\"https:\/\/dicodusport.fr\/blog\/ibu-cup-2023-2024-oceane-michelon-deuxieme-du-sprint-a-obertilliach\/#primaryimage\"},\"thumbnailUrl\":\"https:\/\/dicodusport.fr\/blog\/wp-content\/uploads\/2024\/02\/IBU-Cup-20232024-Oceane-Michelon-deuxieme-du-sprint-a-Obertilliach-1.png\",\"keywords\":[\"Biathlon\",\"Biathlon IBU Cup\",\"br\u00e8ve\",\"Oc\u00e9ane Michelon\"],\"articleSection\":[\"Biathlon\"],\"inLanguage\":\"fr-FR\",\"potentialAction\":[{\"@type\":\"CommentAction\",\"name\":\"Comment\",\"target\":[\"https:\/\/dicodusport.fr\/blog\/ibu-cup-2023-2024-oceane-michelon-deuxieme-du-sprint-a-obertilliach\/#respond\"]}],\"copyrightYear\":\"2024\",\"copyrightHolder\":{\"@id\":\"https:\/\/dicodusport.fr\/blog\/#organization\"}},{\"@type\":\"WebPage\",\"@id\":\"https:\/\/dicodusport.fr\/blog\/ibu-cup-2023-2024-oceane-michelon-deuxieme-du-sprint-a-obertilliach\/\",\"url\":\"https:\/\/dicodusport.fr\/blog\/ibu-cup-2023-2024-oceane-michelon-deuxieme-du-sprint-a-obertilliach\/\",\"name\":\"IBU Cup 2023\/2024 : Oc\u00e9ane Michelon deuxi\u00e8me du sprint \u00e0 Obertilliach\",\"isPartOf\":{\"@id\":\"https:\/\/dicodusport.fr\/blog\/#website\"},\"primaryImageOfPage\":{\"@id\":\"https:\/\/dicodusport.fr\/blog\/ibu-cup-2023-2024-oceane-michelon-deuxieme-du-sprint-a-obertilliach\/#primaryimage\"},\"image\":{\"@id\":\"https:\/\/dicodusport.fr\/blog\/ibu-cup-2023-2024-oceane-michelon-deuxieme-du-sprint-a-obertilliach\/#primaryimage\"},\"thumbnailUrl\":\"https:\/\/dicodusport.fr\/blog\/wp-content\/uploads\/2024\/02\/IBU-Cup-20232024-Oceane-Michelon-deuxieme-du-sprint-a-Obertilliach-1.png\",\"datePublished\":\"2024-02-29T14:29:38+00:00\",\"dateModified\":\"2024-02-29T15:11:38+00:00\",\"description\":\"IBU CUP - Une nouvelle m\u00e9daille pour le clan tricolore en IBU Cup. Oc\u00e9ane Michelon prend la 2e place du sprint \u00e0 Obertilliach (Autriche).\",\"breadcrumb\":{\"@id\":\"https:\/\/dicodusport.fr\/blog\/ibu-cup-2023-2024-oceane-michelon-deuxieme-du-sprint-a-obertilliach\/#breadcrumb\"},\"inLanguage\":\"fr-FR\",\"potentialAction\":[{\"@type\":\"ReadAction\",\"target\":[\"https:\/\/dicodusport.fr\/blog\/ibu-cup-2023-2024-oceane-michelon-deuxieme-du-sprint-a-obertilliach\/\"]}]},{\"@type\":\"ImageObject\",\"inLanguage\":\"fr-FR\",\"@id\":\"https:\/\/dicodusport.fr\/blog\/ibu-cup-2023-2024-oceane-michelon-deuxieme-du-sprint-a-obertilliach\/#primaryimage\",\"url\":\"https:\/\/dicodusport.fr\/blog\/wp-content\/uploads\/2024\/02\/IBU-Cup-20232024-Oceane-Michelon-deuxieme-du-sprint-a-Obertilliach-1.png\",\"contentUrl\":\"https:\/\/dicodusport.fr\/blog\/wp-content\/uploads\/2024\/02\/IBU-Cup-20232024-Oceane-Michelon-deuxieme-du-sprint-a-Obertilliach-1.png\",\"width\":1200,\"height\":674,\"caption\":\"IBU Cup 20232024 Oc\u00e9ane Michelon deuxi\u00e8me du sprint \u00e0 Obertilliach (1)\"},{\"@type\":\"BreadcrumbList\",\"@id\":\"https:\/\/dicodusport.fr\/blog\/ibu-cup-2023-2024-oceane-michelon-deuxieme-du-sprint-a-obertilliach\/#breadcrumb\",\"itemListElement\":[{\"@type\":\"ListItem\",\"position\":1,\"name\":\"Accueil\",\"item\":\"https:\/\/dicodusport.fr\/blog\/\"},{\"@type\":\"ListItem\",\"position\":2,\"name\":\"IBU Cup 2023\/2024 : Oc\u00e9ane Michelon deuxi\u00e8me du sprint \u00e0 Obertilliach\"}]},{\"@type\":\"WebSite\",\"@id\":\"https:\/\/dicodusport.fr\/blog\/#website\",\"url\":\"https:\/\/dicodusport.fr\/blog\/\",\"name\":\"Dicodusport\",\"description\":\"L&#039;encyclop\u00e9die de l&#039;actualit\u00e9 sportive\",\"publisher\":{\"@id\":\"https:\/\/dicodusport.fr\/blog\/#organization\"},\"potentialAction\":[{\"@type\":\"SearchAction\",\"target\":{\"@type\":\"EntryPoint\",\"urlTemplate\":\"https:\/\/dicodusport.fr\/blog\/?s={search_term_string}\"},\"query-input\":{\"@type\":\"PropertyValueSpecification\",\"valueRequired\":true,\"valueName\":\"search_term_string\"}}],\"inLanguage\":\"fr-FR\"},{\"@type\":\"NewsMediaOrganization\",\"@id\":\"https:\/\/dicodusport.fr\/blog\/#organization\",\"name\":\"Dicodusport\",\"url\":\"https:\/\/dicodusport.fr\/blog\/\",\"logo\":{\"@type\":\"ImageObject\",\"inLanguage\":\"fr-FR\",\"@id\":\"https:\/\/dicodusport.fr\/blog\/#\/schema\/logo\/image\/\",\"url\":\"https:\/\/dicodusport.fr\/blog\/wp-content\/uploads\/2020\/06\/cropped-LOGO-DICODUSPORT-2020-SANS-FOND-SANS-TEXTE.png\",\"contentUrl\":\"https:\/\/dicodusport.fr\/blog\/wp-content\/uploads\/2020\/06\/cropped-LOGO-DICODUSPORT-2020-SANS-FOND-SANS-TEXTE.png\",\"width\":512,\"height\":512,\"caption\":\"Dicodusport\"},\"image\":{\"@id\":\"https:\/\/dicodusport.fr\/blog\/#\/schema\/logo\/image\/\"},\"sameAs\":[\"https:\/\/www.facebook.com\/dicodusport\",\"https:\/\/x.com\/dicodusport\",\"https:\/\/www.instagram.com\/dicodusport\/\",\"https:\/\/www.youtube.com\/channel\/UC7V2KZ5sd3htJivAbA4ZG3w\"],\"description\":\"Dicodusport est l'encyclop\u00e9die de l'actualit\u00e9 sportive.\",\"email\":\"bonjour@dicodusport.fr\",\"legalName\":\"DICODUSPORT\",\"foundingDate\":\"2018-01-14\",\"vatID\":\"FR71834470973\",\"taxID\":\"83447097300043\",\"numberOfEmployees\":{\"@type\":\"QuantitativeValue\",\"minValue\":\"1\",\"maxValue\":\"10\"}},{\"@type\":\"Person\",\"@id\":\"https:\/\/dicodusport.fr\/blog\/#\/schema\/person\/d603dd7da31fb2b46c82b9835a77ec13\",\"name\":\"Etienne Goursaud\",\"image\":{\"@type\":\"ImageObject\",\"inLanguage\":\"fr-FR\",\"@id\":\"https:\/\/dicodusport.fr\/blog\/#\/schema\/person\/image\/\",\"url\":\"https:\/\/dicodusport.fr\/blog\/wp-content\/uploads\/2023\/12\/410122264_10231602061736049_5565839791558026645_n-150x150.jpg\",\"contentUrl\":\"https:\/\/dicodusport.fr\/blog\/wp-content\/uploads\/2023\/12\/410122264_10231602061736049_5565839791558026645_n-150x150.jpg\",\"caption\":\"Etienne Goursaud\"},\"description\":\"Journaliste et amoureux de sport. Ancien footballeur reconverti athl\u00e8te quand ses muscles le laissent tranquille. \u00c9lev\u00e9 \u00e0 la sauce des exploits de Thomas Voeckler en 2004, du dernier essai de l\u00e9gende de Eunice Barber \u00e0 la longueur lors des championnats du monde d'athl\u00e9tisme de 2003 mais aussi Zidane, Omeyer et Titou Lamaison.\",\"url\":\"https:\/\/dicodusport.fr\/blog\/author\/etienne-goursaud\/\"}]}<\/script>\n<!-- \/ Yoast SEO Premium plugin. -->","yoast_head_json":{"title":"IBU Cup 2023\/2024 : Oc\u00e9ane Michelon deuxi\u00e8me du sprint \u00e0 Obertilliach","description":"IBU CUP - Une nouvelle m\u00e9daille pour le clan tricolore en IBU Cup. Oc\u00e9ane Michelon prend la 2e place du sprint \u00e0 Obertilliach (Autriche).","robots":{"index":"index","follow":"follow","max-snippet":"max-snippet:-1","max-image-preview":"max-image-preview:large","max-video-preview":"max-video-preview:-1"},"canonical":"https:\/\/dicodusport.fr\/blog\/ibu-cup-2023-2024-oceane-michelon-deuxieme-du-sprint-a-obertilliach\/","og_locale":"fr_FR","og_type":"article","og_title":"IBU Cup 2023\/2024 : Oc\u00e9ane Michelon deuxi\u00e8me du sprint \u00e0 Obertilliach","og_description":"IBU CUP - Une nouvelle m\u00e9daille pour le clan tricolore en IBU Cup. Oc\u00e9ane Michelon prend la 2e place du sprint \u00e0 Obertilliach (Autriche).","og_url":"https:\/\/dicodusport.fr\/blog\/ibu-cup-2023-2024-oceane-michelon-deuxieme-du-sprint-a-obertilliach\/","og_site_name":"Dicodusport","article_publisher":"https:\/\/www.facebook.com\/dicodusport","article_published_time":"2024-02-29T14:29:38+00:00","article_modified_time":"2024-02-29T15:11:38+00:00","og_image":[{"width":1200,"height":674,"url":"https:\/\/dicodusport.fr\/blog\/wp-content\/uploads\/2024\/02\/IBU-Cup-20232024-Oceane-Michelon-deuxieme-du-sprint-a-Obertilliach-1.png","type":"image\/png"}],"author":"Etienne Goursaud","twitter_card":"summary_large_image","twitter_title":"IBU Cup 2023\/2024 : Oc\u00e9ane Michelon deuxi\u00e8me du sprint \u00e0 Obertilliach","twitter_creator":"@dicodusport","twitter_site":"@dicodusport","schema":{"@context":"https:\/\/schema.org","@graph":[{"@type":"NewsArticle","@id":"https:\/\/dicodusport.fr\/blog\/ibu-cup-2023-2024-oceane-michelon-deuxieme-du-sprint-a-obertilliach\/#article","isPartOf":{"@id":"https:\/\/dicodusport.fr\/blog\/ibu-cup-2023-2024-oceane-michelon-deuxieme-du-sprint-a-obertilliach\/"},"author":{"name":"Etienne Goursaud","@id":"https:\/\/dicodusport.fr\/blog\/#\/schema\/person\/d603dd7da31fb2b46c82b9835a77ec13"},"headline":"IBU Cup 2023\/2024 : Oc\u00e9ane Michelon deuxi\u00e8me du sprint \u00e0 Obertilliach","datePublished":"2024-02-29T14:29:38+00:00","dateModified":"2024-02-29T15:11:38+00:00","mainEntityOfPage":{"@id":"https:\/\/dicodusport.fr\/blog\/ibu-cup-2023-2024-oceane-michelon-deuxieme-du-sprint-a-obertilliach\/"},"wordCount":298,"commentCount":0,"publisher":{"@id":"https:\/\/dicodusport.fr\/blog\/#organization"},"image":{"@id":"https:\/\/dicodusport.fr\/blog\/ibu-cup-2023-2024-oceane-michelon-deuxieme-du-sprint-a-obertilliach\/#primaryimage"},"thumbnailUrl":"https:\/\/dicodusport.fr\/blog\/wp-content\/uploads\/2024\/02\/IBU-Cup-20232024-Oceane-Michelon-deuxieme-du-sprint-a-Obertilliach-1.png","keywords":["Biathlon","Biathlon IBU Cup","br\u00e8ve","Oc\u00e9ane Michelon"],"articleSection":["Biathlon"],"inLanguage":"fr-FR","potentialAction":[{"@type":"CommentAction","name":"Comment","target":["https:\/\/dicodusport.fr\/blog\/ibu-cup-2023-2024-oceane-michelon-deuxieme-du-sprint-a-obertilliach\/#respond"]}],"copyrightYear":"2024","copyrightHolder":{"@id":"https:\/\/dicodusport.fr\/blog\/#organization"}},{"@type":"WebPage","@id":"https:\/\/dicodusport.fr\/blog\/ibu-cup-2023-2024-oceane-michelon-deuxieme-du-sprint-a-obertilliach\/","url":"https:\/\/dicodusport.fr\/blog\/ibu-cup-2023-2024-oceane-michelon-deuxieme-du-sprint-a-obertilliach\/","name":"IBU Cup 2023\/2024 : Oc\u00e9ane Michelon deuxi\u00e8me du sprint \u00e0 Obertilliach","isPartOf":{"@id":"https:\/\/dicodusport.fr\/blog\/#website"},"primaryImageOfPage":{"@id":"https:\/\/dicodusport.fr\/blog\/ibu-cup-2023-2024-oceane-michelon-deuxieme-du-sprint-a-obertilliach\/#primaryimage"},"image":{"@id":"https:\/\/dicodusport.fr\/blog\/ibu-cup-2023-2024-oceane-michelon-deuxieme-du-sprint-a-obertilliach\/#primaryimage"},"thumbnailUrl":"https:\/\/dicodusport.fr\/blog\/wp-content\/uploads\/2024\/02\/IBU-Cup-20232024-Oceane-Michelon-deuxieme-du-sprint-a-Obertilliach-1.png","datePublished":"2024-02-29T14:29:38+00:00","dateModified":"2024-02-29T15:11:38+00:00","description":"IBU CUP - Une nouvelle m\u00e9daille pour le clan tricolore en IBU Cup. Oc\u00e9ane Michelon prend la 2e place du sprint \u00e0 Obertilliach (Autriche).","breadcrumb":{"@id":"https:\/\/dicodusport.fr\/blog\/ibu-cup-2023-2024-oceane-michelon-deuxieme-du-sprint-a-obertilliach\/#breadcrumb"},"inLanguage":"fr-FR","potentialAction":[{"@type":"ReadAction","target":["https:\/\/dicodusport.fr\/blog\/ibu-cup-2023-2024-oceane-michelon-deuxieme-du-sprint-a-obertilliach\/"]}]},{"@type":"ImageObject","inLanguage":"fr-FR","@id":"https:\/\/dicodusport.fr\/blog\/ibu-cup-2023-2024-oceane-michelon-deuxieme-du-sprint-a-obertilliach\/#primaryimage","url":"https:\/\/dicodusport.fr\/blog\/wp-content\/uploads\/2024\/02\/IBU-Cup-20232024-Oceane-Michelon-deuxieme-du-sprint-a-Obertilliach-1.png","contentUrl":"https:\/\/dicodusport.fr\/blog\/wp-content\/uploads\/2024\/02\/IBU-Cup-20232024-Oceane-Michelon-deuxieme-du-sprint-a-Obertilliach-1.png","width":1200,"height":674,"caption":"IBU Cup 20232024 Oc\u00e9ane Michelon deuxi\u00e8me du sprint \u00e0 Obertilliach (1)"},{"@type":"BreadcrumbList","@id":"https:\/\/dicodusport.fr\/blog\/ibu-cup-2023-2024-oceane-michelon-deuxieme-du-sprint-a-obertilliach\/#breadcrumb","itemListElement":[{"@type":"ListItem","position":1,"name":"Accueil","item":"https:\/\/dicodusport.fr\/blog\/"},{"@type":"ListItem","position":2,"name":"IBU Cup 2023\/2024 : Oc\u00e9ane Michelon deuxi\u00e8me du sprint \u00e0 Obertilliach"}]},{"@type":"WebSite","@id":"https:\/\/dicodusport.fr\/blog\/#website","url":"https:\/\/dicodusport.fr\/blog\/","name":"Dicodusport","description":"L&#039;encyclop\u00e9die de l&#039;actualit\u00e9 sportive","publisher":{"@id":"https:\/\/dicodusport.fr\/blog\/#organization"},"potentialAction":[{"@type":"SearchAction","target":{"@type":"EntryPoint","urlTemplate":"https:\/\/dicodusport.fr\/blog\/?s={search_term_string}"},"query-input":{"@type":"PropertyValueSpecification","valueRequired":true,"valueName":"search_term_string"}}],"inLanguage":"fr-FR"},{"@type":"NewsMediaOrganization","@id":"https:\/\/dicodusport.fr\/blog\/#organization","name":"Dicodusport","url":"https:\/\/dicodusport.fr\/blog\/","logo":{"@type":"ImageObject","inLanguage":"fr-FR","@id":"https:\/\/dicodusport.fr\/blog\/#\/schema\/logo\/image\/","url":"https:\/\/dicodusport.fr\/blog\/wp-content\/uploads\/2020\/06\/cropped-LOGO-DICODUSPORT-2020-SANS-FOND-SANS-TEXTE.png","contentUrl":"https:\/\/dicodusport.fr\/blog\/wp-content\/uploads\/2020\/06\/cropped-LOGO-DICODUSPORT-2020-SANS-FOND-SANS-TEXTE.png","width":512,"height":512,"caption":"Dicodusport"},"image":{"@id":"https:\/\/dicodusport.fr\/blog\/#\/schema\/logo\/image\/"},"sameAs":["https:\/\/www.facebook.com\/dicodusport","https:\/\/x.com\/dicodusport","https:\/\/www.instagram.com\/dicodusport\/","https:\/\/www.youtube.com\/channel\/UC7V2KZ5sd3htJivAbA4ZG3w"],"description":"Dicodusport est l'encyclop\u00e9die de l'actualit\u00e9 sportive.","email":"bonjour@dicodusport.fr","legalName":"DICODUSPORT","foundingDate":"2018-01-14","vatID":"FR71834470973","taxID":"83447097300043","numberOfEmployees":{"@type":"QuantitativeValue","minValue":"1","maxValue":"10"}},{"@type":"Person","@id":"https:\/\/dicodusport.fr\/blog\/#\/schema\/person\/d603dd7da31fb2b46c82b9835a77ec13","name":"Etienne Goursaud","image":{"@type":"ImageObject","inLanguage":"fr-FR","@id":"https:\/\/dicodusport.fr\/blog\/#\/schema\/person\/image\/","url":"https:\/\/dicodusport.fr\/blog\/wp-content\/uploads\/2023\/12\/410122264_10231602061736049_5565839791558026645_n-150x150.jpg","contentUrl":"https:\/\/dicodusport.fr\/blog\/wp-content\/uploads\/2023\/12\/410122264_10231602061736049_5565839791558026645_n-150x150.jpg","caption":"Etienne Goursaud"},"description":"Journaliste et amoureux de sport. Ancien footballeur reconverti athl\u00e8te quand ses muscles le laissent tranquille. \u00c9lev\u00e9 \u00e0 la sauce des exploits de Thomas Voeckler en 2004, du dernier essai de l\u00e9gende de Eunice Barber \u00e0 la longueur lors des championnats du monde d'athl\u00e9tisme de 2003 mais aussi Zidane, Omeyer et Titou Lamaison.","url":"https:\/\/dicodusport.fr\/blog\/author\/etienne-goursaud\/"}]}},"_links":{"self":[{"href":"https:\/\/dicodusport.fr\/blog\/wp-json\/wp\/v2\/posts\/467629","targetHints":{"allow":["GET"]}}],"collection":[{"href":"https:\/\/dicodusport.fr\/blog\/wp-json\/wp\/v2\/posts"}],"about":[{"href":"https:\/\/dicodusport.fr\/blog\/wp-json\/wp\/v2\/types\/post"}],"author":[{"embeddable":true,"href":"https:\/\/dicodusport.fr\/blog\/wp-json\/wp\/v2\/users\/83"}],"replies":[{"embeddable":true,"href":"https:\/\/dicodusport.fr\/blog\/wp-json\/wp\/v2\/comments?post=467629"}],"version-history":[{"count":4,"href":"https:\/\/dicodusport.fr\/blog\/wp-json\/wp\/v2\/posts\/467629\/revisions"}],"predecessor-version":[{"id":467636,"href":"https:\/\/dicodusport.fr\/blog\/wp-json\/wp\/v2\/posts\/467629\/revisions\/467636"}],"wp:featuredmedia":[{"embeddable":true,"href":"https:\/\/dicodusport.fr\/blog\/wp-json\/wp\/v2\/media\/467639"}],"wp:attachment":[{"href":"https:\/\/dicodusport.fr\/blog\/wp-json\/wp\/v2\/media?parent=467629"}],"wp:term":[{"taxonomy":"category","embeddable":true,"href":"https:\/\/dicodusport.fr\/blog\/wp-json\/wp\/v2\/categories?post=467629"},{"taxonomy":"post_tag","embeddable":true,"href":"https:\/\/dicodusport.fr\/blog\/wp-json\/wp\/v2\/tags?post=467629"}],"curies":[{"name":"wp","href":"https:\/\/api.w.org\/{rel}","templated":true}]}}