{"id":46781,"date":"2019-08-30T10:06:28","date_gmt":"2019-08-30T08:06:28","guid":{"rendered":"http:\/\/dicodusport.fr\/blog\/?p=46781"},"modified":"2025-09-16T09:14:27","modified_gmt":"2025-09-16T07:14:27","slug":"video-le-fou-rire-genial-des-dirigeants-du-slavia-prague-au-moment-du-tirage-au-sort-de-la-ligue-des-champions","status":"publish","type":"post","link":"https:\/\/dicodusport.fr\/blog\/video-le-fou-rire-genial-des-dirigeants-du-slavia-prague-au-moment-du-tirage-au-sort-de-la-ligue-des-champions\/","title":{"rendered":"[Vid\u00e9o] Le fou rire g\u00e9nial des dirigeants du Slavia Prague au moment du tirage au sort de la Ligue des Champions"},"content":{"rendered":"<p style=\"text-align: justify;\"><strong><em>Pr\u00e9sent dans le chapeau 4, le Slavia Prague savait avant le tirage au sort que ce serait quoi qu&rsquo;il arrive compliqu\u00e9 mais il n&rsquo;avait pas imagin\u00e9 que \u00e7a serait \u00e0 ce point.<\/em><\/strong><\/p>\n<p style=\"text-align: justify;\">\u00c7a sera le groupe de la mort avec Barcelone, Dortmund et l&rsquo;Inter Milan pour les Tch\u00e8ques et leurs dirigeants n&rsquo;ont pu contenir leurs rires au moment de l&rsquo;apprendre.<\/p>\n<p>https:\/\/twitter.com\/Eurosport_FR\/status\/1167131081046462467<\/p>\n<p style=\"text-align: justify;\"><strong><em>Dicodusport<br \/>\n<a href=\"https:\/\/www.facebook.com\/dicodusport\/\" target=\"_blank\" rel=\"noopener\"><img loading=\"lazy\" decoding=\"async\" class=\"alignnone wp-image-2909\" src=\"http:\/\/dicodusport.fr\/blog\/wp-content\/uploads\/2017\/07\/logo-facebook-150x150.png\" alt=\"\" width=\"40\" height=\"40\" \/><\/a><a href=\"https:\/\/twitter.com\/dicodusport\" target=\"_blank\" rel=\"noopener\"><img loading=\"lazy\" decoding=\"async\" class=\"alignnone wp-image-2908\" src=\"http:\/\/dicodusport.fr\/blog\/wp-content\/uploads\/2017\/07\/logo-twitter-150x150.png\" alt=\"\" width=\"39\" height=\"39\" \/><\/a><\/em><\/strong><\/p>\n","protected":false},"excerpt":{"rendered":"<p>Pr\u00e9sent dans le chapeau 4, le Slavia Prague savait avant le tirage au sort que ce serait quoi qu&rsquo;il arrive compliqu\u00e9 mais il n&rsquo;avait pas imagin\u00e9 \u00e0 ce point.<\/p>\n","protected":false},"author":1,"featured_media":46784,"comment_status":"open","ping_status":"closed","sticky":false,"template":"","format":"standard","meta":{"_acf_changed":false,"_daextam_enable_autolinks":"","footnotes":""},"categories":[2301,47250],"tags":[75,419,8649,8648],"class_list":["post-46781","post","type-post","status-publish","format-standard","has-post-thumbnail","hentry","category-football","category-ligue-des-champions-de-football","tag-football","tag-ligue-des-champions","tag-prague","tag-slavia-prague"],"acf":[],"yoast_head":"<!-- This site is optimized with the Yoast SEO Premium plugin v26.7 (Yoast SEO v26.7) - https:\/\/yoast.com\/wordpress\/plugins\/seo\/ -->\n<title>[Vid\u00e9o] Le fou rire g\u00e9nial des dirigeants du Slavia Prague au moment du tirage au sort de la Ligue des Champions<\/title>\n<meta name=\"description\" content=\"Pr\u00e9sent dans le chapeau 4, le Slavia Prague savait avant le tirage au sort que ce serait quoi qu&#039;il arrive compliqu\u00e9 mais il n&#039;avait pas imagin\u00e9 \u00e0 ce point.\" \/>\n<meta name=\"robots\" content=\"index, follow, max-snippet:-1, max-image-preview:large, max-video-preview:-1\" \/>\n<link rel=\"canonical\" href=\"https:\/\/dicodusport.fr\/blog\/video-le-fou-rire-genial-des-dirigeants-du-slavia-prague-au-moment-du-tirage-au-sort-de-la-ligue-des-champions\/\" \/>\n<meta property=\"og:locale\" content=\"fr_FR\" \/>\n<meta property=\"og:type\" content=\"article\" \/>\n<meta property=\"og:title\" content=\"[Vid\u00e9o] Le fou rire g\u00e9nial des dirigeants du Slavia Prague au moment du tirage au sort de la Ligue des Champions\" \/>\n<meta property=\"og:description\" content=\"Pr\u00e9sent dans le chapeau 4, le Slavia Prague savait avant le tirage au sort que ce serait quoi qu&#039;il arrive compliqu\u00e9 mais il n&#039;avait pas imagin\u00e9 \u00e0 ce point.\" \/>\n<meta property=\"og:url\" content=\"https:\/\/dicodusport.fr\/blog\/video-le-fou-rire-genial-des-dirigeants-du-slavia-prague-au-moment-du-tirage-au-sort-de-la-ligue-des-champions\/\" \/>\n<meta property=\"og:site_name\" content=\"Dicodusport\" \/>\n<meta property=\"article:publisher\" content=\"https:\/\/www.facebook.com\/dicodusport\" \/>\n<meta property=\"article:author\" content=\"https:\/\/www.facebook.com\/dicodusport\" \/>\n<meta property=\"article:published_time\" content=\"2019-08-30T08:06:28+00:00\" \/>\n<meta property=\"article:modified_time\" content=\"2025-09-16T07:14:27+00:00\" \/>\n<meta property=\"og:image\" content=\"https:\/\/dicodusport.fr\/blog\/wp-content\/uploads\/2019\/08\/Dirigeants-Slavia-Prague.png\" \/>\n\t<meta property=\"og:image:width\" content=\"800\" \/>\n\t<meta property=\"og:image:height\" content=\"445\" \/>\n\t<meta property=\"og:image:type\" content=\"image\/png\" \/>\n<meta name=\"author\" content=\"Nicolas Jacquemard\" \/>\n<meta name=\"twitter:card\" content=\"summary_large_image\" \/>\n<meta name=\"twitter:title\" content=\"[Vid\u00e9o] Le fou rire g\u00e9nial des dirigeants du Slavia Prague au moment du tirage au sort de la Ligue des Champions\" \/>\n<meta name=\"twitter:creator\" content=\"@https:\/\/twitter.com\/Nico_Jacquemard\" \/>\n<meta name=\"twitter:site\" content=\"@dicodusport\" \/>\n<script type=\"application\/ld+json\" class=\"yoast-schema-graph\">{\"@context\":\"https:\/\/schema.org\",\"@graph\":[{\"@type\":\"NewsArticle\",\"@id\":\"https:\/\/dicodusport.fr\/blog\/video-le-fou-rire-genial-des-dirigeants-du-slavia-prague-au-moment-du-tirage-au-sort-de-la-ligue-des-champions\/#article\",\"isPartOf\":{\"@id\":\"https:\/\/dicodusport.fr\/blog\/video-le-fou-rire-genial-des-dirigeants-du-slavia-prague-au-moment-du-tirage-au-sort-de-la-ligue-des-champions\/\"},\"author\":{\"name\":\"Nicolas Jacquemard\",\"@id\":\"https:\/\/dicodusport.fr\/blog\/#\/schema\/person\/55dcb50ad410894e431ed812bbb70191\"},\"headline\":\"[Vid\u00e9o] Le fou rire g\u00e9nial des dirigeants du Slavia Prague au moment du tirage au sort de la Ligue des Champions\",\"datePublished\":\"2019-08-30T08:06:28+00:00\",\"dateModified\":\"2025-09-16T07:14:27+00:00\",\"mainEntityOfPage\":{\"@id\":\"https:\/\/dicodusport.fr\/blog\/video-le-fou-rire-genial-des-dirigeants-du-slavia-prague-au-moment-du-tirage-au-sort-de-la-ligue-des-champions\/\"},\"wordCount\":95,\"commentCount\":0,\"publisher\":{\"@id\":\"https:\/\/dicodusport.fr\/blog\/#organization\"},\"image\":{\"@id\":\"https:\/\/dicodusport.fr\/blog\/video-le-fou-rire-genial-des-dirigeants-du-slavia-prague-au-moment-du-tirage-au-sort-de-la-ligue-des-champions\/#primaryimage\"},\"thumbnailUrl\":\"https:\/\/dicodusport.fr\/blog\/wp-content\/uploads\/2019\/08\/Dirigeants-Slavia-Prague.png\",\"keywords\":[\"Football\",\"Ligue des champions\",\"Prague\",\"Slavia Prague\"],\"articleSection\":[\"Football\",\"Ligue des Champions de football\"],\"inLanguage\":\"fr-FR\",\"potentialAction\":[{\"@type\":\"CommentAction\",\"name\":\"Comment\",\"target\":[\"https:\/\/dicodusport.fr\/blog\/video-le-fou-rire-genial-des-dirigeants-du-slavia-prague-au-moment-du-tirage-au-sort-de-la-ligue-des-champions\/#respond\"]}],\"copyrightYear\":\"2019\",\"copyrightHolder\":{\"@id\":\"https:\/\/dicodusport.fr\/blog\/#organization\"}},{\"@type\":\"WebPage\",\"@id\":\"https:\/\/dicodusport.fr\/blog\/video-le-fou-rire-genial-des-dirigeants-du-slavia-prague-au-moment-du-tirage-au-sort-de-la-ligue-des-champions\/\",\"url\":\"https:\/\/dicodusport.fr\/blog\/video-le-fou-rire-genial-des-dirigeants-du-slavia-prague-au-moment-du-tirage-au-sort-de-la-ligue-des-champions\/\",\"name\":\"[Vid\u00e9o] Le fou rire g\u00e9nial des dirigeants du Slavia Prague au moment du tirage au sort de la Ligue des Champions\",\"isPartOf\":{\"@id\":\"https:\/\/dicodusport.fr\/blog\/#website\"},\"primaryImageOfPage\":{\"@id\":\"https:\/\/dicodusport.fr\/blog\/video-le-fou-rire-genial-des-dirigeants-du-slavia-prague-au-moment-du-tirage-au-sort-de-la-ligue-des-champions\/#primaryimage\"},\"image\":{\"@id\":\"https:\/\/dicodusport.fr\/blog\/video-le-fou-rire-genial-des-dirigeants-du-slavia-prague-au-moment-du-tirage-au-sort-de-la-ligue-des-champions\/#primaryimage\"},\"thumbnailUrl\":\"https:\/\/dicodusport.fr\/blog\/wp-content\/uploads\/2019\/08\/Dirigeants-Slavia-Prague.png\",\"datePublished\":\"2019-08-30T08:06:28+00:00\",\"dateModified\":\"2025-09-16T07:14:27+00:00\",\"description\":\"Pr\u00e9sent dans le chapeau 4, le Slavia Prague savait avant le tirage au sort que ce serait quoi qu'il arrive compliqu\u00e9 mais il n'avait pas imagin\u00e9 \u00e0 ce point.\",\"breadcrumb\":{\"@id\":\"https:\/\/dicodusport.fr\/blog\/video-le-fou-rire-genial-des-dirigeants-du-slavia-prague-au-moment-du-tirage-au-sort-de-la-ligue-des-champions\/#breadcrumb\"},\"inLanguage\":\"fr-FR\",\"potentialAction\":[{\"@type\":\"ReadAction\",\"target\":[\"https:\/\/dicodusport.fr\/blog\/video-le-fou-rire-genial-des-dirigeants-du-slavia-prague-au-moment-du-tirage-au-sort-de-la-ligue-des-champions\/\"]}]},{\"@type\":\"ImageObject\",\"inLanguage\":\"fr-FR\",\"@id\":\"https:\/\/dicodusport.fr\/blog\/video-le-fou-rire-genial-des-dirigeants-du-slavia-prague-au-moment-du-tirage-au-sort-de-la-ligue-des-champions\/#primaryimage\",\"url\":\"https:\/\/dicodusport.fr\/blog\/wp-content\/uploads\/2019\/08\/Dirigeants-Slavia-Prague.png\",\"contentUrl\":\"https:\/\/dicodusport.fr\/blog\/wp-content\/uploads\/2019\/08\/Dirigeants-Slavia-Prague.png\",\"width\":800,\"height\":445},{\"@type\":\"BreadcrumbList\",\"@id\":\"https:\/\/dicodusport.fr\/blog\/video-le-fou-rire-genial-des-dirigeants-du-slavia-prague-au-moment-du-tirage-au-sort-de-la-ligue-des-champions\/#breadcrumb\",\"itemListElement\":[{\"@type\":\"ListItem\",\"position\":1,\"name\":\"Accueil\",\"item\":\"https:\/\/dicodusport.fr\/blog\/\"},{\"@type\":\"ListItem\",\"position\":2,\"name\":\"[Vid\u00e9o] Le fou rire g\u00e9nial des dirigeants du Slavia Prague au moment du tirage au sort de la Ligue des Champions\"}]},{\"@type\":\"WebSite\",\"@id\":\"https:\/\/dicodusport.fr\/blog\/#website\",\"url\":\"https:\/\/dicodusport.fr\/blog\/\",\"name\":\"Dicodusport\",\"description\":\"L&#039;encyclop\u00e9die de l&#039;actualit\u00e9 sportive\",\"publisher\":{\"@id\":\"https:\/\/dicodusport.fr\/blog\/#organization\"},\"potentialAction\":[{\"@type\":\"SearchAction\",\"target\":{\"@type\":\"EntryPoint\",\"urlTemplate\":\"https:\/\/dicodusport.fr\/blog\/?s={search_term_string}\"},\"query-input\":{\"@type\":\"PropertyValueSpecification\",\"valueRequired\":true,\"valueName\":\"search_term_string\"}}],\"inLanguage\":\"fr-FR\"},{\"@type\":\"NewsMediaOrganization\",\"@id\":\"https:\/\/dicodusport.fr\/blog\/#organization\",\"name\":\"Dicodusport\",\"url\":\"https:\/\/dicodusport.fr\/blog\/\",\"logo\":{\"@type\":\"ImageObject\",\"inLanguage\":\"fr-FR\",\"@id\":\"https:\/\/dicodusport.fr\/blog\/#\/schema\/logo\/image\/\",\"url\":\"https:\/\/dicodusport.fr\/blog\/wp-content\/uploads\/2020\/06\/cropped-LOGO-DICODUSPORT-2020-SANS-FOND-SANS-TEXTE.png\",\"contentUrl\":\"https:\/\/dicodusport.fr\/blog\/wp-content\/uploads\/2020\/06\/cropped-LOGO-DICODUSPORT-2020-SANS-FOND-SANS-TEXTE.png\",\"width\":512,\"height\":512,\"caption\":\"Dicodusport\"},\"image\":{\"@id\":\"https:\/\/dicodusport.fr\/blog\/#\/schema\/logo\/image\/\"},\"sameAs\":[\"https:\/\/www.facebook.com\/dicodusport\",\"https:\/\/x.com\/dicodusport\",\"https:\/\/www.instagram.com\/dicodusport\/\",\"https:\/\/www.youtube.com\/channel\/UC7V2KZ5sd3htJivAbA4ZG3w\"],\"description\":\"Dicodusport est l'encyclop\u00e9die de l'actualit\u00e9 sportive.\",\"email\":\"bonjour@dicodusport.fr\",\"legalName\":\"DICODUSPORT\",\"foundingDate\":\"2018-01-14\",\"vatID\":\"FR71834470973\",\"taxID\":\"83447097300043\",\"numberOfEmployees\":{\"@type\":\"QuantitativeValue\",\"minValue\":\"1\",\"maxValue\":\"10\"}},{\"@type\":\"Person\",\"@id\":\"https:\/\/dicodusport.fr\/blog\/#\/schema\/person\/55dcb50ad410894e431ed812bbb70191\",\"name\":\"Nicolas Jacquemard\",\"image\":{\"@type\":\"ImageObject\",\"inLanguage\":\"fr-FR\",\"@id\":\"https:\/\/dicodusport.fr\/blog\/#\/schema\/person\/image\/\",\"url\":\"https:\/\/dicodusport.fr\/blog\/wp-content\/uploads\/2021\/05\/Nicolas-Jacquemard-150x150.jpeg\",\"contentUrl\":\"https:\/\/dicodusport.fr\/blog\/wp-content\/uploads\/2021\/05\/Nicolas-Jacquemard-150x150.jpeg\",\"caption\":\"Nicolas Jacquemard\"},\"description\":\"Passionn\u00e9 de sport et entrepreneur depuis mes 18 ans, la cr\u00e9ation de Dicodusport m'a sembl\u00e9 \u00e9vidente pour participer \u00e0 la m\u00e9diatisation d'un plus grand nombre de sports. Le chemin est long mais avec une \u00e9quipe des plus motiv\u00e9es et les Jeux Olympiques de Paris 2024 en point de mire, nous y arriverons ! Journaliste dans le monde du sport depuis plus de 5 ans, je traite aussi bien de football, de rugby, de biathlon que de cyclisme.\",\"sameAs\":[\"https:\/\/www.facebook.com\/dicodusport\",\"https:\/\/x.com\/https:\/\/twitter.com\/Nico_Jacquemard\"],\"url\":\"https:\/\/dicodusport.fr\/blog\/author\/dicodusport\/\"}]}<\/script>\n<!-- \/ Yoast SEO Premium plugin. -->","yoast_head_json":{"title":"[Vid\u00e9o] Le fou rire g\u00e9nial des dirigeants du Slavia Prague au moment du tirage au sort de la Ligue des Champions","description":"Pr\u00e9sent dans le chapeau 4, le Slavia Prague savait avant le tirage au sort que ce serait quoi qu'il arrive compliqu\u00e9 mais il n'avait pas imagin\u00e9 \u00e0 ce point.","robots":{"index":"index","follow":"follow","max-snippet":"max-snippet:-1","max-image-preview":"max-image-preview:large","max-video-preview":"max-video-preview:-1"},"canonical":"https:\/\/dicodusport.fr\/blog\/video-le-fou-rire-genial-des-dirigeants-du-slavia-prague-au-moment-du-tirage-au-sort-de-la-ligue-des-champions\/","og_locale":"fr_FR","og_type":"article","og_title":"[Vid\u00e9o] Le fou rire g\u00e9nial des dirigeants du Slavia Prague au moment du tirage au sort de la Ligue des Champions","og_description":"Pr\u00e9sent dans le chapeau 4, le Slavia Prague savait avant le tirage au sort que ce serait quoi qu'il arrive compliqu\u00e9 mais il n'avait pas imagin\u00e9 \u00e0 ce point.","og_url":"https:\/\/dicodusport.fr\/blog\/video-le-fou-rire-genial-des-dirigeants-du-slavia-prague-au-moment-du-tirage-au-sort-de-la-ligue-des-champions\/","og_site_name":"Dicodusport","article_publisher":"https:\/\/www.facebook.com\/dicodusport","article_author":"https:\/\/www.facebook.com\/dicodusport","article_published_time":"2019-08-30T08:06:28+00:00","article_modified_time":"2025-09-16T07:14:27+00:00","og_image":[{"width":800,"height":445,"url":"https:\/\/dicodusport.fr\/blog\/wp-content\/uploads\/2019\/08\/Dirigeants-Slavia-Prague.png","type":"image\/png"}],"author":"Nicolas Jacquemard","twitter_card":"summary_large_image","twitter_title":"[Vid\u00e9o] Le fou rire g\u00e9nial des dirigeants du Slavia Prague au moment du tirage au sort de la Ligue des Champions","twitter_creator":"@https:\/\/twitter.com\/Nico_Jacquemard","twitter_site":"@dicodusport","schema":{"@context":"https:\/\/schema.org","@graph":[{"@type":"NewsArticle","@id":"https:\/\/dicodusport.fr\/blog\/video-le-fou-rire-genial-des-dirigeants-du-slavia-prague-au-moment-du-tirage-au-sort-de-la-ligue-des-champions\/#article","isPartOf":{"@id":"https:\/\/dicodusport.fr\/blog\/video-le-fou-rire-genial-des-dirigeants-du-slavia-prague-au-moment-du-tirage-au-sort-de-la-ligue-des-champions\/"},"author":{"name":"Nicolas Jacquemard","@id":"https:\/\/dicodusport.fr\/blog\/#\/schema\/person\/55dcb50ad410894e431ed812bbb70191"},"headline":"[Vid\u00e9o] Le fou rire g\u00e9nial des dirigeants du Slavia Prague au moment du tirage au sort de la Ligue des Champions","datePublished":"2019-08-30T08:06:28+00:00","dateModified":"2025-09-16T07:14:27+00:00","mainEntityOfPage":{"@id":"https:\/\/dicodusport.fr\/blog\/video-le-fou-rire-genial-des-dirigeants-du-slavia-prague-au-moment-du-tirage-au-sort-de-la-ligue-des-champions\/"},"wordCount":95,"commentCount":0,"publisher":{"@id":"https:\/\/dicodusport.fr\/blog\/#organization"},"image":{"@id":"https:\/\/dicodusport.fr\/blog\/video-le-fou-rire-genial-des-dirigeants-du-slavia-prague-au-moment-du-tirage-au-sort-de-la-ligue-des-champions\/#primaryimage"},"thumbnailUrl":"https:\/\/dicodusport.fr\/blog\/wp-content\/uploads\/2019\/08\/Dirigeants-Slavia-Prague.png","keywords":["Football","Ligue des champions","Prague","Slavia Prague"],"articleSection":["Football","Ligue des Champions de football"],"inLanguage":"fr-FR","potentialAction":[{"@type":"CommentAction","name":"Comment","target":["https:\/\/dicodusport.fr\/blog\/video-le-fou-rire-genial-des-dirigeants-du-slavia-prague-au-moment-du-tirage-au-sort-de-la-ligue-des-champions\/#respond"]}],"copyrightYear":"2019","copyrightHolder":{"@id":"https:\/\/dicodusport.fr\/blog\/#organization"}},{"@type":"WebPage","@id":"https:\/\/dicodusport.fr\/blog\/video-le-fou-rire-genial-des-dirigeants-du-slavia-prague-au-moment-du-tirage-au-sort-de-la-ligue-des-champions\/","url":"https:\/\/dicodusport.fr\/blog\/video-le-fou-rire-genial-des-dirigeants-du-slavia-prague-au-moment-du-tirage-au-sort-de-la-ligue-des-champions\/","name":"[Vid\u00e9o] Le fou rire g\u00e9nial des dirigeants du Slavia Prague au moment du tirage au sort de la Ligue des Champions","isPartOf":{"@id":"https:\/\/dicodusport.fr\/blog\/#website"},"primaryImageOfPage":{"@id":"https:\/\/dicodusport.fr\/blog\/video-le-fou-rire-genial-des-dirigeants-du-slavia-prague-au-moment-du-tirage-au-sort-de-la-ligue-des-champions\/#primaryimage"},"image":{"@id":"https:\/\/dicodusport.fr\/blog\/video-le-fou-rire-genial-des-dirigeants-du-slavia-prague-au-moment-du-tirage-au-sort-de-la-ligue-des-champions\/#primaryimage"},"thumbnailUrl":"https:\/\/dicodusport.fr\/blog\/wp-content\/uploads\/2019\/08\/Dirigeants-Slavia-Prague.png","datePublished":"2019-08-30T08:06:28+00:00","dateModified":"2025-09-16T07:14:27+00:00","description":"Pr\u00e9sent dans le chapeau 4, le Slavia Prague savait avant le tirage au sort que ce serait quoi qu'il arrive compliqu\u00e9 mais il n'avait pas imagin\u00e9 \u00e0 ce point.","breadcrumb":{"@id":"https:\/\/dicodusport.fr\/blog\/video-le-fou-rire-genial-des-dirigeants-du-slavia-prague-au-moment-du-tirage-au-sort-de-la-ligue-des-champions\/#breadcrumb"},"inLanguage":"fr-FR","potentialAction":[{"@type":"ReadAction","target":["https:\/\/dicodusport.fr\/blog\/video-le-fou-rire-genial-des-dirigeants-du-slavia-prague-au-moment-du-tirage-au-sort-de-la-ligue-des-champions\/"]}]},{"@type":"ImageObject","inLanguage":"fr-FR","@id":"https:\/\/dicodusport.fr\/blog\/video-le-fou-rire-genial-des-dirigeants-du-slavia-prague-au-moment-du-tirage-au-sort-de-la-ligue-des-champions\/#primaryimage","url":"https:\/\/dicodusport.fr\/blog\/wp-content\/uploads\/2019\/08\/Dirigeants-Slavia-Prague.png","contentUrl":"https:\/\/dicodusport.fr\/blog\/wp-content\/uploads\/2019\/08\/Dirigeants-Slavia-Prague.png","width":800,"height":445},{"@type":"BreadcrumbList","@id":"https:\/\/dicodusport.fr\/blog\/video-le-fou-rire-genial-des-dirigeants-du-slavia-prague-au-moment-du-tirage-au-sort-de-la-ligue-des-champions\/#breadcrumb","itemListElement":[{"@type":"ListItem","position":1,"name":"Accueil","item":"https:\/\/dicodusport.fr\/blog\/"},{"@type":"ListItem","position":2,"name":"[Vid\u00e9o] Le fou rire g\u00e9nial des dirigeants du Slavia Prague au moment du tirage au sort de la Ligue des Champions"}]},{"@type":"WebSite","@id":"https:\/\/dicodusport.fr\/blog\/#website","url":"https:\/\/dicodusport.fr\/blog\/","name":"Dicodusport","description":"L&#039;encyclop\u00e9die de l&#039;actualit\u00e9 sportive","publisher":{"@id":"https:\/\/dicodusport.fr\/blog\/#organization"},"potentialAction":[{"@type":"SearchAction","target":{"@type":"EntryPoint","urlTemplate":"https:\/\/dicodusport.fr\/blog\/?s={search_term_string}"},"query-input":{"@type":"PropertyValueSpecification","valueRequired":true,"valueName":"search_term_string"}}],"inLanguage":"fr-FR"},{"@type":"NewsMediaOrganization","@id":"https:\/\/dicodusport.fr\/blog\/#organization","name":"Dicodusport","url":"https:\/\/dicodusport.fr\/blog\/","logo":{"@type":"ImageObject","inLanguage":"fr-FR","@id":"https:\/\/dicodusport.fr\/blog\/#\/schema\/logo\/image\/","url":"https:\/\/dicodusport.fr\/blog\/wp-content\/uploads\/2020\/06\/cropped-LOGO-DICODUSPORT-2020-SANS-FOND-SANS-TEXTE.png","contentUrl":"https:\/\/dicodusport.fr\/blog\/wp-content\/uploads\/2020\/06\/cropped-LOGO-DICODUSPORT-2020-SANS-FOND-SANS-TEXTE.png","width":512,"height":512,"caption":"Dicodusport"},"image":{"@id":"https:\/\/dicodusport.fr\/blog\/#\/schema\/logo\/image\/"},"sameAs":["https:\/\/www.facebook.com\/dicodusport","https:\/\/x.com\/dicodusport","https:\/\/www.instagram.com\/dicodusport\/","https:\/\/www.youtube.com\/channel\/UC7V2KZ5sd3htJivAbA4ZG3w"],"description":"Dicodusport est l'encyclop\u00e9die de l'actualit\u00e9 sportive.","email":"bonjour@dicodusport.fr","legalName":"DICODUSPORT","foundingDate":"2018-01-14","vatID":"FR71834470973","taxID":"83447097300043","numberOfEmployees":{"@type":"QuantitativeValue","minValue":"1","maxValue":"10"}},{"@type":"Person","@id":"https:\/\/dicodusport.fr\/blog\/#\/schema\/person\/55dcb50ad410894e431ed812bbb70191","name":"Nicolas Jacquemard","image":{"@type":"ImageObject","inLanguage":"fr-FR","@id":"https:\/\/dicodusport.fr\/blog\/#\/schema\/person\/image\/","url":"https:\/\/dicodusport.fr\/blog\/wp-content\/uploads\/2021\/05\/Nicolas-Jacquemard-150x150.jpeg","contentUrl":"https:\/\/dicodusport.fr\/blog\/wp-content\/uploads\/2021\/05\/Nicolas-Jacquemard-150x150.jpeg","caption":"Nicolas Jacquemard"},"description":"Passionn\u00e9 de sport et entrepreneur depuis mes 18 ans, la cr\u00e9ation de Dicodusport m'a sembl\u00e9 \u00e9vidente pour participer \u00e0 la m\u00e9diatisation d'un plus grand nombre de sports. Le chemin est long mais avec une \u00e9quipe des plus motiv\u00e9es et les Jeux Olympiques de Paris 2024 en point de mire, nous y arriverons ! Journaliste dans le monde du sport depuis plus de 5 ans, je traite aussi bien de football, de rugby, de biathlon que de cyclisme.","sameAs":["https:\/\/www.facebook.com\/dicodusport","https:\/\/x.com\/https:\/\/twitter.com\/Nico_Jacquemard"],"url":"https:\/\/dicodusport.fr\/blog\/author\/dicodusport\/"}]}},"_links":{"self":[{"href":"https:\/\/dicodusport.fr\/blog\/wp-json\/wp\/v2\/posts\/46781","targetHints":{"allow":["GET"]}}],"collection":[{"href":"https:\/\/dicodusport.fr\/blog\/wp-json\/wp\/v2\/posts"}],"about":[{"href":"https:\/\/dicodusport.fr\/blog\/wp-json\/wp\/v2\/types\/post"}],"author":[{"embeddable":true,"href":"https:\/\/dicodusport.fr\/blog\/wp-json\/wp\/v2\/users\/1"}],"replies":[{"embeddable":true,"href":"https:\/\/dicodusport.fr\/blog\/wp-json\/wp\/v2\/comments?post=46781"}],"version-history":[{"count":1,"href":"https:\/\/dicodusport.fr\/blog\/wp-json\/wp\/v2\/posts\/46781\/revisions"}],"predecessor-version":[{"id":611758,"href":"https:\/\/dicodusport.fr\/blog\/wp-json\/wp\/v2\/posts\/46781\/revisions\/611758"}],"wp:featuredmedia":[{"embeddable":true,"href":"https:\/\/dicodusport.fr\/blog\/wp-json\/wp\/v2\/media\/46784"}],"wp:attachment":[{"href":"https:\/\/dicodusport.fr\/blog\/wp-json\/wp\/v2\/media?parent=46781"}],"wp:term":[{"taxonomy":"category","embeddable":true,"href":"https:\/\/dicodusport.fr\/blog\/wp-json\/wp\/v2\/categories?post=46781"},{"taxonomy":"post_tag","embeddable":true,"href":"https:\/\/dicodusport.fr\/blog\/wp-json\/wp\/v2\/tags?post=46781"}],"curies":[{"name":"wp","href":"https:\/\/api.w.org\/{rel}","templated":true}]}}