{"id":467834,"date":"2024-03-01T10:34:15","date_gmt":"2024-03-01T09:34:15","guid":{"rendered":"https:\/\/dicodusport.fr\/blog\/?p=467834&#038;preview=true&#038;preview_id=467834"},"modified":"2025-07-09T18:16:02","modified_gmt":"2025-07-09T16:16:02","slug":"mondiaux-biathlon-jeunes-juniors-le-relais-u19-garcons-se-pare-dargent","status":"publish","type":"post","link":"https:\/\/dicodusport.fr\/blog\/mondiaux-biathlon-jeunes-juniors-le-relais-u19-garcons-se-pare-dargent\/","title":{"rendered":"Mondiaux Biathlon Jeunes\/Juniors : Le relais U19 gar\u00e7ons se pare d&rsquo;argent"},"content":{"rendered":"<p style=\"text-align: justify;\"><strong><em>BIATHLON CHAMPIONNATS DU MONDE JEUNES\/JUNIORS 2024 &#8211; La Norv\u00e8ge \u00e9tait intouchable, mais les Bleuets ont tenu leur rang et sont all\u00e9s d\u00e9crocher une belle m\u00e9daille d&rsquo;argent sur le relais.<\/em><\/strong><\/p>\n<p style=\"text-align: justify;\">Pour ce relais \u00e0 3, les Tricolores \u00e9taient de clairs pr\u00e9tendants au podium. <strong>L\u00e9o Carlier, J\u00e9r\u00e9mie Bouchex Bellomie<\/strong> et <strong>Antonin Guy<\/strong> ne semblaient pas en mesure de lutter avec les immenses favoris norv\u00e9giens, mais le podium \u00e9tait un objectif raisonnable.<strong> L\u00e9o Carlier<\/strong> a lanc\u00e9 les Bleus avec un premier relais totalement imp\u00e9rial : 0 fautes, 0 pioches et la 2e place au moment de passer le t\u00e9moin. Du grand art.<\/p>\n<ul style=\"text-align: justify;\">\n<li style=\"text-align: justify;\"><strong>\u00c0 ce sujet &#8211; <a href=\"https:\/\/dicodusport.fr\/blog\/programme-et-resultats-biathlon-championnats-du-monde-jeunes-et-juniors-2024\/\">Biathlon : Programme et r\u00e9sultats Championnats du monde jeunes et juniors 2024<\/a><\/strong><\/li>\n<\/ul>\n<p style=\"text-align: justify;\">Sans \u00eatre parfait, <strong>J\u00e9r\u00e9mie Bouchex Bellomie\u00a0<\/strong>a fait le boulot, piochant trois fois, mais passant le relais en 3e place. Mais <strong>Antonin Guy<\/strong> a fait transpirer les suiveurs purs du biathlon. Handicap\u00e9 par des soucis apparents de carabine, il va se fendre de 5 pioches et fr\u00f4ler le tour de p\u00e9nalit\u00e9, mais heureusement, l&rsquo;Italie et la Slov\u00e9nie ne vont pas briller au tir, les Transalpins allant visiter l&rsquo;anneau de p\u00e9nalit\u00e9. Pr\u00e8s de deux minutes apr\u00e8s l&rsquo;intouchable Norv\u00e8ge, il coupera la ligne en deuxi\u00e8me position, raflant la 8e m\u00e9daille de la d\u00e9l\u00e9gation fran\u00e7aise. Et ce n&rsquo;est sans doute pas fini.<\/p>\n<blockquote class=\"twitter-tweet\">\n<p dir=\"ltr\" lang=\"fr\">\ud83c\uddeb\ud83c\uddf7\ud83e\udd48L\u2019\u00e9quipe de France d\u00e9roche la m\u00e9daille d\u2019argent sur le relais \ud83d\udeb9 U19<\/p>\n<p>\u2022 L\u00e9o Carlier<br \/>\n\u2022 J\u00e9r\u00e9mie Bouchex-Bellomie<br \/>\n\u2022 Antonin Guy <a href=\"https:\/\/twitter.com\/hashtag\/lequipebiathlon?src=hash&amp;ref_src=twsrc%5Etfw\">#lequipebiathlon<\/a> <a href=\"https:\/\/t.co\/vbaiihlI2g\">pic.twitter.com\/vbaiihlI2g<\/a><\/p>\n<p>\u2014 Biathlon_FRA\ud83c\udfbf (@Biathlon_FRA) <a href=\"https:\/\/twitter.com\/Biathlon_FRA\/status\/1763498057901957225?ref_src=twsrc%5Etfw\">March 1, 2024<\/a><\/p><\/blockquote>\n<p><script async src=\"https:\/\/platform.twitter.com\/widgets.js\" charset=\"utf-8\"><\/script><\/p>\n<ul>\n<li style=\"text-align: justify;\"><strong>\u00c0 ce sujet &#8211; <a href=\"https:\/\/dicodusport.fr\/blog\/biathlon-tableau-des-medailles-championnats-du-monde-jeunes-juniors-2024\/\">Tableau des m\u00e9dailles des Championnats du monde jeunes et juniors 2024<\/a><\/strong><\/li>\n<\/ul>\n","protected":false},"excerpt":{"rendered":"<p>BIATHLON CHAMPIONNATS DU MONDE JEUNES\/JUNIORS 2024 &#8211; La Norv\u00e8ge \u00e9tait intouchable, mais les Bleuets ont tenu leur rang et sont all\u00e9s d\u00e9crocher une belle m\u00e9daille d&rsquo;argent sur le relais.<\/p>\n","protected":false},"author":59,"featured_media":467886,"comment_status":"open","ping_status":"closed","sticky":false,"template":"","format":"standard","meta":{"_acf_changed":false,"_daextam_enable_autolinks":"1","footnotes":""},"categories":[2426],"tags":[2427,16878,38000,38003],"class_list":["post-467834","post","type-post","status-publish","format-standard","has-post-thumbnail","hentry","category-biathlon","tag-biathlon","tag-breve","tag-championnats-du-monde-de-biathlon-jeunes-et-juniors","tag-mondiaux-de-biathlon-jeunes-et-juniors"],"acf":[],"yoast_head":"<!-- This site is optimized with the Yoast SEO Premium plugin v26.7 (Yoast SEO v26.7) - https:\/\/yoast.com\/wordpress\/plugins\/seo\/ -->\n<title>Mondiaux Biathlon Jeunes\/Juniors : Le relais U19 gar\u00e7ons se pare d&#039;argent<\/title>\n<meta name=\"description\" content=\"BIATHLON CHAMPIONNATS DU MONDE JEUNES\/JUNIORS 2024 - les Bleuets ont tenu leur rang et sont all\u00e9s d\u00e9crocher une belle m\u00e9daille d&#039;argent sur le relais.\" \/>\n<meta name=\"robots\" content=\"index, follow, max-snippet:-1, max-image-preview:large, max-video-preview:-1\" \/>\n<link rel=\"canonical\" href=\"https:\/\/dicodusport.fr\/blog\/mondiaux-biathlon-jeunes-juniors-le-relais-u19-garcons-se-pare-dargent\/\" \/>\n<meta property=\"og:locale\" content=\"fr_FR\" \/>\n<meta property=\"og:type\" content=\"article\" \/>\n<meta property=\"og:title\" content=\"Mondiaux Biathlon Jeunes\/Juniors : Le relais U19 gar\u00e7ons se pare d&#039;argent\" \/>\n<meta property=\"og:description\" content=\"BIATHLON CHAMPIONNATS DU MONDE JEUNES\/JUNIORS 2024 - les Bleuets ont tenu leur rang et sont all\u00e9s d\u00e9crocher une belle m\u00e9daille d&#039;argent sur le relais.\" \/>\n<meta property=\"og:url\" content=\"https:\/\/dicodusport.fr\/blog\/mondiaux-biathlon-jeunes-juniors-le-relais-u19-garcons-se-pare-dargent\/\" \/>\n<meta property=\"og:site_name\" content=\"Dicodusport\" \/>\n<meta property=\"article:publisher\" content=\"https:\/\/www.facebook.com\/dicodusport\" \/>\n<meta property=\"article:author\" content=\"https:\/\/www.facebook.com\/sebastien.gente\/\" \/>\n<meta property=\"article:published_time\" content=\"2024-03-01T09:34:15+00:00\" \/>\n<meta property=\"article:modified_time\" content=\"2025-07-09T16:16:02+00:00\" \/>\n<meta property=\"og:image\" content=\"https:\/\/dicodusport.fr\/blog\/wp-content\/uploads\/2024\/03\/Mondiaux-Biathlon-JeunesJuniors-Le-relais-U19-garcons-se-pare-dargent-1.png\" \/>\n\t<meta property=\"og:image:width\" content=\"1200\" \/>\n\t<meta property=\"og:image:height\" content=\"674\" \/>\n\t<meta property=\"og:image:type\" content=\"image\/png\" \/>\n<meta name=\"author\" content=\"S\u00e9bastien Gente\" \/>\n<meta name=\"twitter:card\" content=\"summary_large_image\" \/>\n<meta name=\"twitter:title\" content=\"Mondiaux Biathlon Jeunes\/Juniors : Le relais U19 gar\u00e7ons se pare d&#039;argent\" \/>\n<meta name=\"twitter:creator\" content=\"@https:\/\/twitter.com\/globulo24\" \/>\n<meta name=\"twitter:site\" content=\"@dicodusport\" \/>\n<script type=\"application\/ld+json\" class=\"yoast-schema-graph\">{\"@context\":\"https:\/\/schema.org\",\"@graph\":[{\"@type\":\"NewsArticle\",\"@id\":\"https:\/\/dicodusport.fr\/blog\/mondiaux-biathlon-jeunes-juniors-le-relais-u19-garcons-se-pare-dargent\/#article\",\"isPartOf\":{\"@id\":\"https:\/\/dicodusport.fr\/blog\/mondiaux-biathlon-jeunes-juniors-le-relais-u19-garcons-se-pare-dargent\/\"},\"author\":{\"name\":\"S\u00e9bastien Gente\",\"@id\":\"https:\/\/dicodusport.fr\/blog\/#\/schema\/person\/627966a6cde45dbd8c5e36ac85d783da\"},\"headline\":\"Mondiaux Biathlon Jeunes\/Juniors : Le relais U19 gar\u00e7ons se pare d&rsquo;argent\",\"datePublished\":\"2024-03-01T09:34:15+00:00\",\"dateModified\":\"2025-07-09T16:16:02+00:00\",\"mainEntityOfPage\":{\"@id\":\"https:\/\/dicodusport.fr\/blog\/mondiaux-biathlon-jeunes-juniors-le-relais-u19-garcons-se-pare-dargent\/\"},\"wordCount\":299,\"commentCount\":0,\"publisher\":{\"@id\":\"https:\/\/dicodusport.fr\/blog\/#organization\"},\"image\":{\"@id\":\"https:\/\/dicodusport.fr\/blog\/mondiaux-biathlon-jeunes-juniors-le-relais-u19-garcons-se-pare-dargent\/#primaryimage\"},\"thumbnailUrl\":\"https:\/\/dicodusport.fr\/blog\/wp-content\/uploads\/2024\/03\/Mondiaux-Biathlon-JeunesJuniors-Le-relais-U19-garcons-se-pare-dargent-1.png\",\"keywords\":[\"Biathlon\",\"br\u00e8ve\",\"Championnats du monde de biathlon jeunes et juniors\",\"Mondiaux de biathlon jeunes et juniors\"],\"articleSection\":[\"Biathlon\"],\"inLanguage\":\"fr-FR\",\"potentialAction\":[{\"@type\":\"CommentAction\",\"name\":\"Comment\",\"target\":[\"https:\/\/dicodusport.fr\/blog\/mondiaux-biathlon-jeunes-juniors-le-relais-u19-garcons-se-pare-dargent\/#respond\"]}],\"copyrightYear\":\"2024\",\"copyrightHolder\":{\"@id\":\"https:\/\/dicodusport.fr\/blog\/#organization\"}},{\"@type\":\"WebPage\",\"@id\":\"https:\/\/dicodusport.fr\/blog\/mondiaux-biathlon-jeunes-juniors-le-relais-u19-garcons-se-pare-dargent\/\",\"url\":\"https:\/\/dicodusport.fr\/blog\/mondiaux-biathlon-jeunes-juniors-le-relais-u19-garcons-se-pare-dargent\/\",\"name\":\"Mondiaux Biathlon Jeunes\/Juniors : Le relais U19 gar\u00e7ons se pare d'argent\",\"isPartOf\":{\"@id\":\"https:\/\/dicodusport.fr\/blog\/#website\"},\"primaryImageOfPage\":{\"@id\":\"https:\/\/dicodusport.fr\/blog\/mondiaux-biathlon-jeunes-juniors-le-relais-u19-garcons-se-pare-dargent\/#primaryimage\"},\"image\":{\"@id\":\"https:\/\/dicodusport.fr\/blog\/mondiaux-biathlon-jeunes-juniors-le-relais-u19-garcons-se-pare-dargent\/#primaryimage\"},\"thumbnailUrl\":\"https:\/\/dicodusport.fr\/blog\/wp-content\/uploads\/2024\/03\/Mondiaux-Biathlon-JeunesJuniors-Le-relais-U19-garcons-se-pare-dargent-1.png\",\"datePublished\":\"2024-03-01T09:34:15+00:00\",\"dateModified\":\"2025-07-09T16:16:02+00:00\",\"description\":\"BIATHLON CHAMPIONNATS DU MONDE JEUNES\/JUNIORS 2024 - les Bleuets ont tenu leur rang et sont all\u00e9s d\u00e9crocher une belle m\u00e9daille d'argent sur le relais.\",\"breadcrumb\":{\"@id\":\"https:\/\/dicodusport.fr\/blog\/mondiaux-biathlon-jeunes-juniors-le-relais-u19-garcons-se-pare-dargent\/#breadcrumb\"},\"inLanguage\":\"fr-FR\",\"potentialAction\":[{\"@type\":\"ReadAction\",\"target\":[\"https:\/\/dicodusport.fr\/blog\/mondiaux-biathlon-jeunes-juniors-le-relais-u19-garcons-se-pare-dargent\/\"]}]},{\"@type\":\"ImageObject\",\"inLanguage\":\"fr-FR\",\"@id\":\"https:\/\/dicodusport.fr\/blog\/mondiaux-biathlon-jeunes-juniors-le-relais-u19-garcons-se-pare-dargent\/#primaryimage\",\"url\":\"https:\/\/dicodusport.fr\/blog\/wp-content\/uploads\/2024\/03\/Mondiaux-Biathlon-JeunesJuniors-Le-relais-U19-garcons-se-pare-dargent-1.png\",\"contentUrl\":\"https:\/\/dicodusport.fr\/blog\/wp-content\/uploads\/2024\/03\/Mondiaux-Biathlon-JeunesJuniors-Le-relais-U19-garcons-se-pare-dargent-1.png\",\"width\":1200,\"height\":674,\"caption\":\"Mondiaux Biathlon JeunesJuniors Le relais U19 gar\u00e7ons se pare d'argent (1)\"},{\"@type\":\"BreadcrumbList\",\"@id\":\"https:\/\/dicodusport.fr\/blog\/mondiaux-biathlon-jeunes-juniors-le-relais-u19-garcons-se-pare-dargent\/#breadcrumb\",\"itemListElement\":[{\"@type\":\"ListItem\",\"position\":1,\"name\":\"Accueil\",\"item\":\"https:\/\/dicodusport.fr\/blog\/\"},{\"@type\":\"ListItem\",\"position\":2,\"name\":\"Mondiaux Biathlon Jeunes\/Juniors : Le relais U19 gar\u00e7ons se pare d&rsquo;argent\"}]},{\"@type\":\"WebSite\",\"@id\":\"https:\/\/dicodusport.fr\/blog\/#website\",\"url\":\"https:\/\/dicodusport.fr\/blog\/\",\"name\":\"Dicodusport\",\"description\":\"L&#039;encyclop\u00e9die de l&#039;actualit\u00e9 sportive\",\"publisher\":{\"@id\":\"https:\/\/dicodusport.fr\/blog\/#organization\"},\"potentialAction\":[{\"@type\":\"SearchAction\",\"target\":{\"@type\":\"EntryPoint\",\"urlTemplate\":\"https:\/\/dicodusport.fr\/blog\/?s={search_term_string}\"},\"query-input\":{\"@type\":\"PropertyValueSpecification\",\"valueRequired\":true,\"valueName\":\"search_term_string\"}}],\"inLanguage\":\"fr-FR\"},{\"@type\":\"NewsMediaOrganization\",\"@id\":\"https:\/\/dicodusport.fr\/blog\/#organization\",\"name\":\"Dicodusport\",\"url\":\"https:\/\/dicodusport.fr\/blog\/\",\"logo\":{\"@type\":\"ImageObject\",\"inLanguage\":\"fr-FR\",\"@id\":\"https:\/\/dicodusport.fr\/blog\/#\/schema\/logo\/image\/\",\"url\":\"https:\/\/dicodusport.fr\/blog\/wp-content\/uploads\/2020\/06\/cropped-LOGO-DICODUSPORT-2020-SANS-FOND-SANS-TEXTE.png\",\"contentUrl\":\"https:\/\/dicodusport.fr\/blog\/wp-content\/uploads\/2020\/06\/cropped-LOGO-DICODUSPORT-2020-SANS-FOND-SANS-TEXTE.png\",\"width\":512,\"height\":512,\"caption\":\"Dicodusport\"},\"image\":{\"@id\":\"https:\/\/dicodusport.fr\/blog\/#\/schema\/logo\/image\/\"},\"sameAs\":[\"https:\/\/www.facebook.com\/dicodusport\",\"https:\/\/x.com\/dicodusport\",\"https:\/\/www.instagram.com\/dicodusport\/\",\"https:\/\/www.youtube.com\/channel\/UC7V2KZ5sd3htJivAbA4ZG3w\"],\"description\":\"Dicodusport est l'encyclop\u00e9die de l'actualit\u00e9 sportive.\",\"email\":\"bonjour@dicodusport.fr\",\"legalName\":\"DICODUSPORT\",\"foundingDate\":\"2018-01-14\",\"vatID\":\"FR71834470973\",\"taxID\":\"83447097300043\",\"numberOfEmployees\":{\"@type\":\"QuantitativeValue\",\"minValue\":\"1\",\"maxValue\":\"10\"}},{\"@type\":\"Person\",\"@id\":\"https:\/\/dicodusport.fr\/blog\/#\/schema\/person\/627966a6cde45dbd8c5e36ac85d783da\",\"name\":\"S\u00e9bastien Gente\",\"image\":{\"@type\":\"ImageObject\",\"inLanguage\":\"fr-FR\",\"@id\":\"https:\/\/dicodusport.fr\/blog\/#\/schema\/person\/image\/\",\"url\":\"https:\/\/dicodusport.fr\/blog\/wp-content\/uploads\/2021\/09\/1510990_10205810251400683_4124423575079401707_n-150x150.jpg\",\"contentUrl\":\"https:\/\/dicodusport.fr\/blog\/wp-content\/uploads\/2021\/09\/1510990_10205810251400683_4124423575079401707_n-150x150.jpg\",\"caption\":\"S\u00e9bastien Gente\"},\"description\":\"John Stockton, Gianni Bugno, Zinedine Zidane, Steffi Graf, Frode Andresen, St\u00e9phane Stoecklin, Davis Kamoga, Primoz Peterka, Werner Schlager et Aur\u00e9lien Rougerie. Point commun entre ces sportifs? Ils m'ont fait r\u00eaver et ont berc\u00e9 mon adolescence. Je suis un fondu de sports et j'essaie de retranscrire ma passion \u00e0 travers mes articles. Originaire du P\u00e9rigord, ma passion pour les Girondins, les Jaunards et les Jazzmen transpire dans mes \u00e9crits. \u00c0 Dicodusport depuis 2021, je d\u00e9niche les sports m\u00e9connus dans lesquels la France brille, et il y en a !\",\"sameAs\":[\"https:\/\/www.facebook.com\/sebastien.gente\/\",\"https:\/\/www.instagram.com\/sebgente\/\",\"https:\/\/www.linkedin.com\/in\/sbastien-gente-a29583169\/\",\"https:\/\/x.com\/https:\/\/twitter.com\/globulo24\",\"SebastienGente\"],\"worksFor\":\"S\u00e9bastien GENTE\",\"url\":\"https:\/\/dicodusport.fr\/blog\/author\/sebastiengente\/\"}]}<\/script>\n<!-- \/ Yoast SEO Premium plugin. -->","yoast_head_json":{"title":"Mondiaux Biathlon Jeunes\/Juniors : Le relais U19 gar\u00e7ons se pare d'argent","description":"BIATHLON CHAMPIONNATS DU MONDE JEUNES\/JUNIORS 2024 - les Bleuets ont tenu leur rang et sont all\u00e9s d\u00e9crocher une belle m\u00e9daille d'argent sur le relais.","robots":{"index":"index","follow":"follow","max-snippet":"max-snippet:-1","max-image-preview":"max-image-preview:large","max-video-preview":"max-video-preview:-1"},"canonical":"https:\/\/dicodusport.fr\/blog\/mondiaux-biathlon-jeunes-juniors-le-relais-u19-garcons-se-pare-dargent\/","og_locale":"fr_FR","og_type":"article","og_title":"Mondiaux Biathlon Jeunes\/Juniors : Le relais U19 gar\u00e7ons se pare d'argent","og_description":"BIATHLON CHAMPIONNATS DU MONDE JEUNES\/JUNIORS 2024 - les Bleuets ont tenu leur rang et sont all\u00e9s d\u00e9crocher une belle m\u00e9daille d'argent sur le relais.","og_url":"https:\/\/dicodusport.fr\/blog\/mondiaux-biathlon-jeunes-juniors-le-relais-u19-garcons-se-pare-dargent\/","og_site_name":"Dicodusport","article_publisher":"https:\/\/www.facebook.com\/dicodusport","article_author":"https:\/\/www.facebook.com\/sebastien.gente\/","article_published_time":"2024-03-01T09:34:15+00:00","article_modified_time":"2025-07-09T16:16:02+00:00","og_image":[{"width":1200,"height":674,"url":"https:\/\/dicodusport.fr\/blog\/wp-content\/uploads\/2024\/03\/Mondiaux-Biathlon-JeunesJuniors-Le-relais-U19-garcons-se-pare-dargent-1.png","type":"image\/png"}],"author":"S\u00e9bastien Gente","twitter_card":"summary_large_image","twitter_title":"Mondiaux Biathlon Jeunes\/Juniors : Le relais U19 gar\u00e7ons se pare d'argent","twitter_creator":"@https:\/\/twitter.com\/globulo24","twitter_site":"@dicodusport","schema":{"@context":"https:\/\/schema.org","@graph":[{"@type":"NewsArticle","@id":"https:\/\/dicodusport.fr\/blog\/mondiaux-biathlon-jeunes-juniors-le-relais-u19-garcons-se-pare-dargent\/#article","isPartOf":{"@id":"https:\/\/dicodusport.fr\/blog\/mondiaux-biathlon-jeunes-juniors-le-relais-u19-garcons-se-pare-dargent\/"},"author":{"name":"S\u00e9bastien Gente","@id":"https:\/\/dicodusport.fr\/blog\/#\/schema\/person\/627966a6cde45dbd8c5e36ac85d783da"},"headline":"Mondiaux Biathlon Jeunes\/Juniors : Le relais U19 gar\u00e7ons se pare d&rsquo;argent","datePublished":"2024-03-01T09:34:15+00:00","dateModified":"2025-07-09T16:16:02+00:00","mainEntityOfPage":{"@id":"https:\/\/dicodusport.fr\/blog\/mondiaux-biathlon-jeunes-juniors-le-relais-u19-garcons-se-pare-dargent\/"},"wordCount":299,"commentCount":0,"publisher":{"@id":"https:\/\/dicodusport.fr\/blog\/#organization"},"image":{"@id":"https:\/\/dicodusport.fr\/blog\/mondiaux-biathlon-jeunes-juniors-le-relais-u19-garcons-se-pare-dargent\/#primaryimage"},"thumbnailUrl":"https:\/\/dicodusport.fr\/blog\/wp-content\/uploads\/2024\/03\/Mondiaux-Biathlon-JeunesJuniors-Le-relais-U19-garcons-se-pare-dargent-1.png","keywords":["Biathlon","br\u00e8ve","Championnats du monde de biathlon jeunes et juniors","Mondiaux de biathlon jeunes et juniors"],"articleSection":["Biathlon"],"inLanguage":"fr-FR","potentialAction":[{"@type":"CommentAction","name":"Comment","target":["https:\/\/dicodusport.fr\/blog\/mondiaux-biathlon-jeunes-juniors-le-relais-u19-garcons-se-pare-dargent\/#respond"]}],"copyrightYear":"2024","copyrightHolder":{"@id":"https:\/\/dicodusport.fr\/blog\/#organization"}},{"@type":"WebPage","@id":"https:\/\/dicodusport.fr\/blog\/mondiaux-biathlon-jeunes-juniors-le-relais-u19-garcons-se-pare-dargent\/","url":"https:\/\/dicodusport.fr\/blog\/mondiaux-biathlon-jeunes-juniors-le-relais-u19-garcons-se-pare-dargent\/","name":"Mondiaux Biathlon Jeunes\/Juniors : Le relais U19 gar\u00e7ons se pare d'argent","isPartOf":{"@id":"https:\/\/dicodusport.fr\/blog\/#website"},"primaryImageOfPage":{"@id":"https:\/\/dicodusport.fr\/blog\/mondiaux-biathlon-jeunes-juniors-le-relais-u19-garcons-se-pare-dargent\/#primaryimage"},"image":{"@id":"https:\/\/dicodusport.fr\/blog\/mondiaux-biathlon-jeunes-juniors-le-relais-u19-garcons-se-pare-dargent\/#primaryimage"},"thumbnailUrl":"https:\/\/dicodusport.fr\/blog\/wp-content\/uploads\/2024\/03\/Mondiaux-Biathlon-JeunesJuniors-Le-relais-U19-garcons-se-pare-dargent-1.png","datePublished":"2024-03-01T09:34:15+00:00","dateModified":"2025-07-09T16:16:02+00:00","description":"BIATHLON CHAMPIONNATS DU MONDE JEUNES\/JUNIORS 2024 - les Bleuets ont tenu leur rang et sont all\u00e9s d\u00e9crocher une belle m\u00e9daille d'argent sur le relais.","breadcrumb":{"@id":"https:\/\/dicodusport.fr\/blog\/mondiaux-biathlon-jeunes-juniors-le-relais-u19-garcons-se-pare-dargent\/#breadcrumb"},"inLanguage":"fr-FR","potentialAction":[{"@type":"ReadAction","target":["https:\/\/dicodusport.fr\/blog\/mondiaux-biathlon-jeunes-juniors-le-relais-u19-garcons-se-pare-dargent\/"]}]},{"@type":"ImageObject","inLanguage":"fr-FR","@id":"https:\/\/dicodusport.fr\/blog\/mondiaux-biathlon-jeunes-juniors-le-relais-u19-garcons-se-pare-dargent\/#primaryimage","url":"https:\/\/dicodusport.fr\/blog\/wp-content\/uploads\/2024\/03\/Mondiaux-Biathlon-JeunesJuniors-Le-relais-U19-garcons-se-pare-dargent-1.png","contentUrl":"https:\/\/dicodusport.fr\/blog\/wp-content\/uploads\/2024\/03\/Mondiaux-Biathlon-JeunesJuniors-Le-relais-U19-garcons-se-pare-dargent-1.png","width":1200,"height":674,"caption":"Mondiaux Biathlon JeunesJuniors Le relais U19 gar\u00e7ons se pare d'argent (1)"},{"@type":"BreadcrumbList","@id":"https:\/\/dicodusport.fr\/blog\/mondiaux-biathlon-jeunes-juniors-le-relais-u19-garcons-se-pare-dargent\/#breadcrumb","itemListElement":[{"@type":"ListItem","position":1,"name":"Accueil","item":"https:\/\/dicodusport.fr\/blog\/"},{"@type":"ListItem","position":2,"name":"Mondiaux Biathlon Jeunes\/Juniors : Le relais U19 gar\u00e7ons se pare d&rsquo;argent"}]},{"@type":"WebSite","@id":"https:\/\/dicodusport.fr\/blog\/#website","url":"https:\/\/dicodusport.fr\/blog\/","name":"Dicodusport","description":"L&#039;encyclop\u00e9die de l&#039;actualit\u00e9 sportive","publisher":{"@id":"https:\/\/dicodusport.fr\/blog\/#organization"},"potentialAction":[{"@type":"SearchAction","target":{"@type":"EntryPoint","urlTemplate":"https:\/\/dicodusport.fr\/blog\/?s={search_term_string}"},"query-input":{"@type":"PropertyValueSpecification","valueRequired":true,"valueName":"search_term_string"}}],"inLanguage":"fr-FR"},{"@type":"NewsMediaOrganization","@id":"https:\/\/dicodusport.fr\/blog\/#organization","name":"Dicodusport","url":"https:\/\/dicodusport.fr\/blog\/","logo":{"@type":"ImageObject","inLanguage":"fr-FR","@id":"https:\/\/dicodusport.fr\/blog\/#\/schema\/logo\/image\/","url":"https:\/\/dicodusport.fr\/blog\/wp-content\/uploads\/2020\/06\/cropped-LOGO-DICODUSPORT-2020-SANS-FOND-SANS-TEXTE.png","contentUrl":"https:\/\/dicodusport.fr\/blog\/wp-content\/uploads\/2020\/06\/cropped-LOGO-DICODUSPORT-2020-SANS-FOND-SANS-TEXTE.png","width":512,"height":512,"caption":"Dicodusport"},"image":{"@id":"https:\/\/dicodusport.fr\/blog\/#\/schema\/logo\/image\/"},"sameAs":["https:\/\/www.facebook.com\/dicodusport","https:\/\/x.com\/dicodusport","https:\/\/www.instagram.com\/dicodusport\/","https:\/\/www.youtube.com\/channel\/UC7V2KZ5sd3htJivAbA4ZG3w"],"description":"Dicodusport est l'encyclop\u00e9die de l'actualit\u00e9 sportive.","email":"bonjour@dicodusport.fr","legalName":"DICODUSPORT","foundingDate":"2018-01-14","vatID":"FR71834470973","taxID":"83447097300043","numberOfEmployees":{"@type":"QuantitativeValue","minValue":"1","maxValue":"10"}},{"@type":"Person","@id":"https:\/\/dicodusport.fr\/blog\/#\/schema\/person\/627966a6cde45dbd8c5e36ac85d783da","name":"S\u00e9bastien Gente","image":{"@type":"ImageObject","inLanguage":"fr-FR","@id":"https:\/\/dicodusport.fr\/blog\/#\/schema\/person\/image\/","url":"https:\/\/dicodusport.fr\/blog\/wp-content\/uploads\/2021\/09\/1510990_10205810251400683_4124423575079401707_n-150x150.jpg","contentUrl":"https:\/\/dicodusport.fr\/blog\/wp-content\/uploads\/2021\/09\/1510990_10205810251400683_4124423575079401707_n-150x150.jpg","caption":"S\u00e9bastien Gente"},"description":"John Stockton, Gianni Bugno, Zinedine Zidane, Steffi Graf, Frode Andresen, St\u00e9phane Stoecklin, Davis Kamoga, Primoz Peterka, Werner Schlager et Aur\u00e9lien Rougerie. Point commun entre ces sportifs? Ils m'ont fait r\u00eaver et ont berc\u00e9 mon adolescence. Je suis un fondu de sports et j'essaie de retranscrire ma passion \u00e0 travers mes articles. Originaire du P\u00e9rigord, ma passion pour les Girondins, les Jaunards et les Jazzmen transpire dans mes \u00e9crits. \u00c0 Dicodusport depuis 2021, je d\u00e9niche les sports m\u00e9connus dans lesquels la France brille, et il y en a !","sameAs":["https:\/\/www.facebook.com\/sebastien.gente\/","https:\/\/www.instagram.com\/sebgente\/","https:\/\/www.linkedin.com\/in\/sbastien-gente-a29583169\/","https:\/\/x.com\/https:\/\/twitter.com\/globulo24","SebastienGente"],"worksFor":"S\u00e9bastien GENTE","url":"https:\/\/dicodusport.fr\/blog\/author\/sebastiengente\/"}]}},"_links":{"self":[{"href":"https:\/\/dicodusport.fr\/blog\/wp-json\/wp\/v2\/posts\/467834","targetHints":{"allow":["GET"]}}],"collection":[{"href":"https:\/\/dicodusport.fr\/blog\/wp-json\/wp\/v2\/posts"}],"about":[{"href":"https:\/\/dicodusport.fr\/blog\/wp-json\/wp\/v2\/types\/post"}],"author":[{"embeddable":true,"href":"https:\/\/dicodusport.fr\/blog\/wp-json\/wp\/v2\/users\/59"}],"replies":[{"embeddable":true,"href":"https:\/\/dicodusport.fr\/blog\/wp-json\/wp\/v2\/comments?post=467834"}],"version-history":[{"count":3,"href":"https:\/\/dicodusport.fr\/blog\/wp-json\/wp\/v2\/posts\/467834\/revisions"}],"predecessor-version":[{"id":467887,"href":"https:\/\/dicodusport.fr\/blog\/wp-json\/wp\/v2\/posts\/467834\/revisions\/467887"}],"wp:featuredmedia":[{"embeddable":true,"href":"https:\/\/dicodusport.fr\/blog\/wp-json\/wp\/v2\/media\/467886"}],"wp:attachment":[{"href":"https:\/\/dicodusport.fr\/blog\/wp-json\/wp\/v2\/media?parent=467834"}],"wp:term":[{"taxonomy":"category","embeddable":true,"href":"https:\/\/dicodusport.fr\/blog\/wp-json\/wp\/v2\/categories?post=467834"},{"taxonomy":"post_tag","embeddable":true,"href":"https:\/\/dicodusport.fr\/blog\/wp-json\/wp\/v2\/tags?post=467834"}],"curies":[{"name":"wp","href":"https:\/\/api.w.org\/{rel}","templated":true}]}}