{"id":467848,"date":"2024-03-01T15:07:30","date_gmt":"2024-03-01T14:07:30","guid":{"rendered":"https:\/\/dicodusport.fr\/blog\/?p=467848&#038;preview=true&#038;preview_id=467848"},"modified":"2024-03-01T15:55:30","modified_gmt":"2024-03-01T14:55:30","slug":"athletisme-mondiaux-en-salle-le-resume-de-la-matinee-du-vendredi-1er-mars","status":"publish","type":"post","link":"https:\/\/dicodusport.fr\/blog\/athletisme-mondiaux-en-salle-le-resume-de-la-matinee-du-vendredi-1er-mars\/","title":{"rendered":"Athl\u00e9tisme Mondiaux en salle : Le r\u00e9sum\u00e9 de la matin\u00e9e du vendredi 1er mars"},"content":{"rendered":"<p style=\"text-align: justify;\"><strong><em>CHAMPIONNATS DU MONDE EN SALLE D&rsquo;ATHL\u00c9TISME 2024 &#8211; Retour sur la premi\u00e8re session de ces Mondiaux. Marqu\u00e9e par un beau trois sur trois des Fran\u00e7ais. Jeff Erius, Amandine Brossier et Benjamin Robert se sont qualifi\u00e9s en demies, dans leurs courses. Sarah Mitton remporte le premier titre mondial au poids.<\/em><\/strong><\/p>\n<ul>\n<li style=\"text-align: justify;\"><strong>\u00c0 ce sujet &#8211; <a href=\"https:\/\/dicodusport.fr\/blog\/athletisme-programme-et-resultats-championnats-du-monde-en-salle-2024\/\">Athl\u00e9tisme \u2013 Programme et r\u00e9sultats Championnats du monde en salle 2024<\/a><\/strong><\/li>\n<li style=\"text-align: justify;\"><strong>\u00c0 ce sujet &#8211; <a href=\"https:\/\/dicodusport.fr\/blog\/tableau-des-medailles-athletisme-championnats-du-monde-en-salle-2024\/\" target=\"_blank\" rel=\"noopener\">Tableau des m\u00e9dailles des Championnats du monde en salle d&rsquo;athl\u00e9tisme 2024<\/a><\/strong><\/li>\n<\/ul>\n<h2 style=\"text-align: justify;\">Sarah Mitton premi\u00e8re championne du monde<\/h2>\n<p style=\"text-align: justify;\">Le premier titre mondial est pour la Canadienne <strong>Sarah Mitton<\/strong>. De l&rsquo;or pour un petit centim\u00e8tre au poids. Avec son jet \u00e0 20.20 m\u00e8tres, lors de son 4e essai, d&rsquo;abord pour prendre la t\u00eate. Et d\u00e9boulonner une <strong>Yemusu Ogunleye<\/strong>, qui avait frapp\u00e9 un grand coup d\u00e8s le premier essai. L&rsquo;Allemande fracasse alors son record de pr\u00e8s de 60 centim\u00e8tres, avec ses 20.19 m. Le premier jet de sa carri\u00e8re au-del\u00e0 des 20 m\u00e8tres. Et m\u00eame si ce n&rsquo;est pas l&rsquo;or, on imagine le bonheur de cette athl\u00e8te. Et les regrets seront encore moindres, avec l&rsquo;ultime jet de la Canadienne \u00e0 20.22 m. Mais l&rsquo;Allemande se console aussi avec le scalp de<strong> Chase Jackson<\/strong>, la double championne du monde en titre en ext\u00e9rieur, mais moins performante en salle. Qui prend la 3e place avec 19.67 m.<\/p>\n<h2 style=\"text-align: justify;\">La trag\u00e9die pour Maria Vicente au pentathlon<\/h2>\n<p style=\"text-align: justify;\">Le pentathlon a accouch\u00e9 d&rsquo;un immense cr\u00e8ve-c\u0153ur. <strong>Maria Vicente<\/strong> avait pourtant parfaitement lanc\u00e9 ses travaux d&rsquo;Hercule, avec son 8.07 sur 60 m haies, \u00e0 un centi\u00e8me de son record personnel. Mais l&rsquo;Espagnole, grande favorite, a ressenti une grosse douleur au tendon d&rsquo;Achille qui laisse craindre le pire, y compris pour la saison estivale. Immense coup dur pour elle, qui voit sa participation aux JO plus que compromise. Avec le retrait de l&rsquo;Espagnole, c&rsquo;est <strong>Saga Vanninnen<\/strong> qui bascule en t\u00eate. La Finlandaise a r\u00e9alis\u00e9 un d\u00e9but canon, avec 2 883 points, avec ses 8.33 sur 60 m haies, son bond \u00e0 1.79 m \u00e0 la hauteur et surtout un \u00e9norme jet au poids \u00e0 15.01 m.<strong> Noor Vidts<\/strong> est 2e avec 2 845 points devant l&rsquo;Am\u00e9ricaine<strong> Chari Hawkins<\/strong> avec 2 773 points. La bagarre va \u00eatre explosive, avant la longueur et le 800 m ce soir.<\/p>\n<ul>\n<li style=\"text-align: justify;\"><strong>\u00c0 ce sujet &#8211; <a href=\"https:\/\/dicodusport.fr\/blog\/athletisme-mondiaux-en-salle-2024-classement-du-pentathlon\/\">Athl\u00e9tisme \u2013 Classement Pentathlon Mondiaux en salle 2024<\/a>\u00a0<\/strong><\/li>\n<\/ul>\n<h2 style=\"text-align: justify;\">Amandine Brossier est pass\u00e9e par toutes les \u00e9motions sur 400 m<\/h2>\n<p style=\"text-align: justify;\">La premi\u00e8re course de la journ\u00e9e, le 400 m femmes, a livr\u00e9 son premier moment d&rsquo;\u00e9motions. Avec la 3e s\u00e9rie qui a accouch\u00e9 d&rsquo;un sc\u00e9nario dingue. Et qui concerne <strong>Amandine Brossier<\/strong>, premi\u00e8re \u00e0 avoir lanc\u00e9 la d\u00e9l\u00e9gation tricolore dans ces Mondiaux. La Fran\u00e7aise s&rsquo;est qualifi\u00e9e en demi-finale. Mais au terme d&rsquo;une attente insoutenable. La Fran\u00e7aise prend la 2e place de la course, qualificative directe en finale. Mais <strong>Sharlene Mawdsley<\/strong> et <strong>Henriette Jaeger<\/strong> ont r\u00e9alis\u00e9 le m\u00eame chrono&#8230; Au milli\u00e8me pr\u00e8s. Les trois jeunes femmes sont 2\u00e8mes ex \u00e6quo. Un fait rarissime en athl\u00e9tisme. Un temps annonc\u00e9e 4e de sa course (et alors derni\u00e8re rep\u00each\u00e9e au temps), la Tricolore passe finalement directement en demies. M\u00eame si elle aurait \u00e9t\u00e9 rep\u00each\u00e9e au temps.<\/p>\n<blockquote class=\"twitter-tweet\">\n<p dir=\"ltr\" lang=\"fr\">\ud83e\udd2f Au bout du suspense !<\/p>\n<p>\ud83c\uddeb\ud83c\uddf7 Amandine Brossier prend la 2e place de sa s\u00e9rie du 400 m en 52\u00a0\u00bb23, \u00e0 \u00e9galit\u00e9 avec 2 autres athl\u00e8tes, et se qualifie directement pour le tour suivant !<\/p>\n<p>\u23f0 Rendez-vous d\u00e8s ce soir \u00e0 partir de 21h50 pour les demi-finales.<\/p>\n<p>\ud83d\udcbb Les <a href=\"https:\/\/twitter.com\/hashtag\/WorldIndoorChamps?src=hash&amp;ref_src=twsrc%5Etfw\">#WorldIndoorChamps<\/a>\u2026 <a href=\"https:\/\/t.co\/VVTNrkHhqB\">pic.twitter.com\/VVTNrkHhqB<\/a><\/p>\n<p>\u2014 FFAthl\u00e9tisme (@FFAthletisme) <a href=\"https:\/\/twitter.com\/FFAthletisme\/status\/1763525305635901779?ref_src=twsrc%5Etfw\">March 1, 2024<\/a><\/p><\/blockquote>\n<p><script async src=\"https:\/\/platform.twitter.com\/widgets.js\" charset=\"utf-8\"><\/script><\/p>\n<p style=\"text-align: justify;\">Ce fut plus tranquille pour Lieke Klaver, meilleur temps des s\u00e9ries en 51.31. Alors que sa compatriote Femke Bol, dans la derni\u00e8re s\u00e9rie, s&rsquo;est promen\u00e9e en 52.00. Petite promenade pour la recordwoman du monde en salle (49.24).<\/p>\n<p style=\"text-align: justify;\"><strong>Karsten Warholm<\/strong> a lev\u00e9 les incertitudes. Lui qui n&rsquo;a pas particip\u00e9 \u00e0 une course cet hiver, domine sa s\u00e9rie du 400 m en 46.68. Et profite d&rsquo;une surprise, avec l&rsquo;\u00e9limination d\u00e8s les s\u00e9ries de <strong>Jacory Patterson<\/strong>. L&rsquo;Am\u00e9ricain a rel\u00e2ch\u00e9 trop t\u00f4t dans sa course et se fait \u00e9liminer finalement au milli\u00e8me.<strong> Matej Krsek<\/strong> (en 46.07), <strong>Attila Molnar<\/strong> (46.52) et <strong>Alexander Doom<\/strong> dominent les autres s\u00e9ries de ce 400 m masculin.<\/p>\n<h2 style=\"text-align: justify;\">Benjamin Robert qualifi\u00e9 au temps au 800 m<\/h2>\n<p style=\"text-align: justify;\"><strong>Benjamin Robert<\/strong> s&rsquo;est fait peur sur 800 m. Le Fran\u00e7ais n&rsquo;a pas r\u00e9ussi \u00e0 accrocher une des deux premi\u00e8res places, directement qualificatives en demi-finales. Heureusement pour lui, la 5e s\u00e9rie, \u00e0 laquelle il appartenait, \u00e9tait la plus rapide, de loin. Avec sa 3e place en 1:46.16, il prend donc une des deux places de rep\u00eachage au temps. Mariano Garcia a impressionn\u00e9 dans cette course, avec son 1:45.81. Son compatriote espagnol <strong>Mohamed Attaoui<\/strong> domine sa course en 1:46.20.<strong> Eliott Crestan<\/strong> a fait respecter la logique en 1:46.79, comme <strong>Bryce Hoppel<\/strong> en 1:46.15 et<strong> Mohamed Ali Gouaned<\/strong> en 1:46.76. Le Fran\u00e7ais est revenu sur sa s\u00e9rie :<\/p>\n<blockquote><p>C&rsquo;est pas facile, c&rsquo;est le niveau mondial. C&rsquo;est particulier parce que j&rsquo;ai toujours fait lec championnats en salle avec le niveau europ\u00e9en ou fran\u00e7ais. L\u00e0 c&rsquo;est le niveau mondial, pas le droit \u00e0 l&rsquo;erreur. Aujourd&rsquo;hui j&rsquo;ai fait une petite erreur, j&rsquo;ai failli la payer tr\u00e8s cher. Je m&rsquo;estime chanceux mais le plus dur reste \u00e0 venir demain et apr\u00e8s-demain.<\/p><\/blockquote>\n<blockquote class=\"twitter-tweet\">\n<p dir=\"ltr\" lang=\"fr\">\ud83d\udc4d Dans le vif du sujet !<\/p>\n<p>\ud83c\uddeb\ud83c\uddf7 Benjamin Robert, 3e de sa s\u00e9rie en 1\u201946\u2019\u201916, se qualifie au temps pour les demies du 800 m.<\/p>\n<p>\u23f0 RDV samedi \u00e0 partir de 13h30 pour le tour suivant.<\/p>\n<p>\ud83d\udcbb Les <a href=\"https:\/\/twitter.com\/hashtag\/WorldIndoorChamps?src=hash&amp;ref_src=twsrc%5Etfw\">#WorldIndoorChamps<\/a> sont \u00e0 suivre sur <a href=\"https:\/\/t.co\/Ak1aXzguyo\">https:\/\/t.co\/Ak1aXzguyo<\/a> le matin et sur France 4 le soir. <a href=\"https:\/\/t.co\/Nyj86OSXQr\">pic.twitter.com\/Nyj86OSXQr<\/a><\/p>\n<p>\u2014 FFAthl\u00e9tisme (@FFAthletisme) <a href=\"https:\/\/twitter.com\/FFAthletisme\/status\/1763554237315731610?ref_src=twsrc%5Etfw\">March 1, 2024<\/a><\/p><\/blockquote>\n<p><script async src=\"https:\/\/platform.twitter.com\/widgets.js\" charset=\"utf-8\"><\/script><\/p>\n<p style=\"text-align: justify;\">Chez les femmes, <strong>Jemma Reekie<\/strong>, la Britannique grande favorite de la course, montre d\u00e9j\u00e0 les muscles, avec une 3e s\u00e9rie remport\u00e9e en 1:59.45. D\u00e9j\u00e0 sous les deux minutes, comme l&rsquo;Italienne Eloisa Coiro, en 1:59.76. Dans une s\u00e9rie rapide. Comme celle remport\u00e9e par <strong>Habitam Alemu<\/strong> avec ses 2:00.52. L&rsquo;\u00c9thiopienne a affich\u00e9 une certaine facilit\u00e9, malgr\u00e9 un chrono d\u00e9j\u00e0 rapide, malgr\u00e9 le matin et trois courses au programme de ce 800 m. Audrey Werro a \u00e9t\u00e9 en maitrise, dans la deuxi\u00e8me s\u00e9rie, malgr\u00e9 le fait de s&rsquo;\u00eatre balad\u00e9e au couloir 2. Elle l&#8217;emporte en 2:01.83. <strong>Tsige Duguma<\/strong> l&#8217;emporte en 2:00.50 dans une nouvelle s\u00e9rie rapide, alors que ce fut plus \u00ab\u00a0calme\u00a0\u00bb dans l&rsquo;ultime course.<\/p>\n<h2 style=\"text-align: justify;\">Jeff Erius \u00e9galement qualifi\u00e9 sur 60 m<\/h2>\n<p style=\"text-align: justify;\">Plac\u00e9 dans la s\u00e9rie du grand favori <strong>Noah Lyles,<\/strong> qui l&#8217;emporte en 6.57, <strong>Jeff Erius<\/strong> n&rsquo;a pas \u00e9t\u00e9 impressionn\u00e9. Il prend la 2e place de cette premi\u00e8re s\u00e9rie en 6.63. Ce qui lui ouvre grand les portes des demi-finales. Contrairement \u00e0 <strong>Samuele Ceccarelli<\/strong>, le champion d&rsquo;Europe en titre de la discipline et qui ne prend que la 4e place de la seconde s\u00e9rie en 6.77. Premi\u00e8re grosse sensation. <strong>Ferdinand Omanyala<\/strong> et <strong>Shuhei Tada<\/strong> ont boucl\u00e9 leur ligne droite en 6.52, tandis qu&rsquo;<strong>Emmanuel Eseme<\/strong> s&rsquo;offre le record du Cameroun en 6.54. Mais c&rsquo;est sans doute le recordman du monde <strong>Christian Coleman<\/strong> qui a laiss\u00e9 la meilleure impression. Un peu dans l&rsquo;inconnu, il a termin\u00e9 en d\u00e9contraction avec un chrono canon de 6.49.<\/p>\n<blockquote class=\"twitter-tweet\">\n<p dir=\"ltr\" lang=\"fr\">\ud83d\udc4f 19 ans et d\u00e9j\u00e0 grand !<\/p>\n<p>\ud83c\uddeb\ud83c\uddf7 Jeff Erius brille dans sa s\u00e9rie du 60 m et se classe 2e en 6\u2019\u201963 derri\u00e8re Noah Lyles (6\u2019\u201957) !<\/p>\n<p>\u23f0 RDV \u00e0 partir de 20h45 pour les demi-finales.<\/p>\n<p>\ud83d\udcbb Les <a href=\"https:\/\/twitter.com\/hashtag\/WorldIndoorChamps?src=hash&amp;ref_src=twsrc%5Etfw\">#WorldIndoorChamps<\/a> sont \u00e0 suivre sur <a href=\"https:\/\/t.co\/Ak1aXzguyo\">https:\/\/t.co\/Ak1aXzguyo<\/a> le matin et sur France 4 le soir. <a href=\"https:\/\/t.co\/bynLRX4rud\">pic.twitter.com\/bynLRX4rud<\/a><\/p>\n<p>\u2014 FFAthl\u00e9tisme (@FFAthletisme) <a href=\"https:\/\/twitter.com\/FFAthletisme\/status\/1763556561018835147?ref_src=twsrc%5Etfw\">March 1, 2024<\/a><\/p><\/blockquote>\n<p><script async src=\"https:\/\/platform.twitter.com\/widgets.js\" charset=\"utf-8\"><\/script><\/p>\n","protected":false},"excerpt":{"rendered":"<p>CHAMPIONNATS DU MONDE EN SALLE D&rsquo;ATHL\u00c9TISME 2024 &#8211; Retour sur la premi\u00e8re session de ces Mondiaux. Marqu\u00e9e par un beau trois sur trois des Fran\u00e7ais. Jeff Erius, Amandine Brossier et Benjamin Robert se sont qualifi\u00e9s en demies, dans leurs courses. Sarah Mitton remporte le premier titre mondial au poids.<\/p>\n","protected":false},"author":83,"featured_media":467946,"comment_status":"open","ping_status":"closed","sticky":false,"template":"","format":"standard","meta":{"_acf_changed":false,"_daextam_enable_autolinks":"1","footnotes":""},"categories":[2308],"tags":[14967,143,13989,16878],"class_list":["post-467848","post","type-post","status-publish","format-standard","has-post-thumbnail","hentry","category-athletisme","tag-amandine-brossier","tag-athletisme","tag-benjamin-robert","tag-breve"],"acf":[],"yoast_head":"<!-- This site is optimized with the Yoast SEO Premium plugin v26.7 (Yoast SEO v26.7) - https:\/\/yoast.com\/wordpress\/plugins\/seo\/ -->\n<title>Athl\u00e9tisme Mondiaux en salle : Le r\u00e9sum\u00e9 de la matin\u00e9e du vendredi 1er mars<\/title>\n<meta name=\"description\" content=\"CHAMPIONNATS DU MONDE EN SALLE D&#039;ATHL\u00c9TISME 2024 - Retour sur la premi\u00e8re session de ces Mondiaux.\" \/>\n<meta name=\"robots\" content=\"index, follow, max-snippet:-1, max-image-preview:large, max-video-preview:-1\" \/>\n<link rel=\"canonical\" href=\"https:\/\/dicodusport.fr\/blog\/athletisme-mondiaux-en-salle-le-resume-de-la-matinee-du-vendredi-1er-mars\/\" \/>\n<meta property=\"og:locale\" content=\"fr_FR\" \/>\n<meta property=\"og:type\" content=\"article\" \/>\n<meta property=\"og:title\" content=\"Athl\u00e9tisme Mondiaux en salle : Le r\u00e9sum\u00e9 de la matin\u00e9e du vendredi 1er mars\" \/>\n<meta property=\"og:description\" content=\"CHAMPIONNATS DU MONDE EN SALLE D&#039;ATHL\u00c9TISME 2024 - Retour sur la premi\u00e8re session de ces Mondiaux.\" \/>\n<meta property=\"og:url\" content=\"https:\/\/dicodusport.fr\/blog\/athletisme-mondiaux-en-salle-le-resume-de-la-matinee-du-vendredi-1er-mars\/\" \/>\n<meta property=\"og:site_name\" content=\"Dicodusport\" \/>\n<meta property=\"article:publisher\" content=\"https:\/\/www.facebook.com\/dicodusport\" \/>\n<meta property=\"article:published_time\" content=\"2024-03-01T14:07:30+00:00\" \/>\n<meta property=\"article:modified_time\" content=\"2024-03-01T14:55:30+00:00\" \/>\n<meta property=\"og:image\" content=\"https:\/\/dicodusport.fr\/blog\/wp-content\/uploads\/2024\/03\/Athletisme-Mondiaux-en-salle-Le-resume-de-la-matinee-du-vendredi-1er-mars.png\" \/>\n\t<meta property=\"og:image:width\" content=\"1200\" \/>\n\t<meta property=\"og:image:height\" content=\"674\" \/>\n\t<meta property=\"og:image:type\" content=\"image\/png\" \/>\n<meta name=\"author\" content=\"Etienne Goursaud\" \/>\n<meta name=\"twitter:card\" content=\"summary_large_image\" \/>\n<meta name=\"twitter:title\" content=\"Athl\u00e9tisme Mondiaux en salle : Le r\u00e9sum\u00e9 de la matin\u00e9e du vendredi 1er mars\" \/>\n<meta name=\"twitter:creator\" content=\"@dicodusport\" \/>\n<meta name=\"twitter:site\" content=\"@dicodusport\" \/>\n<script type=\"application\/ld+json\" class=\"yoast-schema-graph\">{\"@context\":\"https:\/\/schema.org\",\"@graph\":[{\"@type\":\"NewsArticle\",\"@id\":\"https:\/\/dicodusport.fr\/blog\/athletisme-mondiaux-en-salle-le-resume-de-la-matinee-du-vendredi-1er-mars\/#article\",\"isPartOf\":{\"@id\":\"https:\/\/dicodusport.fr\/blog\/athletisme-mondiaux-en-salle-le-resume-de-la-matinee-du-vendredi-1er-mars\/\"},\"author\":{\"name\":\"Etienne Goursaud\",\"@id\":\"https:\/\/dicodusport.fr\/blog\/#\/schema\/person\/d603dd7da31fb2b46c82b9835a77ec13\"},\"headline\":\"Athl\u00e9tisme Mondiaux en salle : Le r\u00e9sum\u00e9 de la matin\u00e9e du vendredi 1er mars\",\"datePublished\":\"2024-03-01T14:07:30+00:00\",\"dateModified\":\"2024-03-01T14:55:30+00:00\",\"mainEntityOfPage\":{\"@id\":\"https:\/\/dicodusport.fr\/blog\/athletisme-mondiaux-en-salle-le-resume-de-la-matinee-du-vendredi-1er-mars\/\"},\"wordCount\":1285,\"commentCount\":0,\"publisher\":{\"@id\":\"https:\/\/dicodusport.fr\/blog\/#organization\"},\"image\":{\"@id\":\"https:\/\/dicodusport.fr\/blog\/athletisme-mondiaux-en-salle-le-resume-de-la-matinee-du-vendredi-1er-mars\/#primaryimage\"},\"thumbnailUrl\":\"https:\/\/dicodusport.fr\/blog\/wp-content\/uploads\/2024\/03\/Athletisme-Mondiaux-en-salle-Le-resume-de-la-matinee-du-vendredi-1er-mars.png\",\"keywords\":[\"Amandine Brossier\",\"Athl\u00e9tisme\",\"Benjamin Robert\",\"br\u00e8ve\"],\"articleSection\":[\"Athl\u00e9tisme\"],\"inLanguage\":\"fr-FR\",\"potentialAction\":[{\"@type\":\"CommentAction\",\"name\":\"Comment\",\"target\":[\"https:\/\/dicodusport.fr\/blog\/athletisme-mondiaux-en-salle-le-resume-de-la-matinee-du-vendredi-1er-mars\/#respond\"]}],\"copyrightYear\":\"2024\",\"copyrightHolder\":{\"@id\":\"https:\/\/dicodusport.fr\/blog\/#organization\"}},{\"@type\":\"WebPage\",\"@id\":\"https:\/\/dicodusport.fr\/blog\/athletisme-mondiaux-en-salle-le-resume-de-la-matinee-du-vendredi-1er-mars\/\",\"url\":\"https:\/\/dicodusport.fr\/blog\/athletisme-mondiaux-en-salle-le-resume-de-la-matinee-du-vendredi-1er-mars\/\",\"name\":\"Athl\u00e9tisme Mondiaux en salle : Le r\u00e9sum\u00e9 de la matin\u00e9e du vendredi 1er mars\",\"isPartOf\":{\"@id\":\"https:\/\/dicodusport.fr\/blog\/#website\"},\"primaryImageOfPage\":{\"@id\":\"https:\/\/dicodusport.fr\/blog\/athletisme-mondiaux-en-salle-le-resume-de-la-matinee-du-vendredi-1er-mars\/#primaryimage\"},\"image\":{\"@id\":\"https:\/\/dicodusport.fr\/blog\/athletisme-mondiaux-en-salle-le-resume-de-la-matinee-du-vendredi-1er-mars\/#primaryimage\"},\"thumbnailUrl\":\"https:\/\/dicodusport.fr\/blog\/wp-content\/uploads\/2024\/03\/Athletisme-Mondiaux-en-salle-Le-resume-de-la-matinee-du-vendredi-1er-mars.png\",\"datePublished\":\"2024-03-01T14:07:30+00:00\",\"dateModified\":\"2024-03-01T14:55:30+00:00\",\"description\":\"CHAMPIONNATS DU MONDE EN SALLE D'ATHL\u00c9TISME 2024 - Retour sur la premi\u00e8re session de ces Mondiaux.\",\"breadcrumb\":{\"@id\":\"https:\/\/dicodusport.fr\/blog\/athletisme-mondiaux-en-salle-le-resume-de-la-matinee-du-vendredi-1er-mars\/#breadcrumb\"},\"inLanguage\":\"fr-FR\",\"potentialAction\":[{\"@type\":\"ReadAction\",\"target\":[\"https:\/\/dicodusport.fr\/blog\/athletisme-mondiaux-en-salle-le-resume-de-la-matinee-du-vendredi-1er-mars\/\"]}]},{\"@type\":\"ImageObject\",\"inLanguage\":\"fr-FR\",\"@id\":\"https:\/\/dicodusport.fr\/blog\/athletisme-mondiaux-en-salle-le-resume-de-la-matinee-du-vendredi-1er-mars\/#primaryimage\",\"url\":\"https:\/\/dicodusport.fr\/blog\/wp-content\/uploads\/2024\/03\/Athletisme-Mondiaux-en-salle-Le-resume-de-la-matinee-du-vendredi-1er-mars.png\",\"contentUrl\":\"https:\/\/dicodusport.fr\/blog\/wp-content\/uploads\/2024\/03\/Athletisme-Mondiaux-en-salle-Le-resume-de-la-matinee-du-vendredi-1er-mars.png\",\"width\":1200,\"height\":674,\"caption\":\"Athl\u00e9tisme Mondiaux en salle - Le r\u00e9sum\u00e9 de la matin\u00e9e du vendredi 1er mars\"},{\"@type\":\"BreadcrumbList\",\"@id\":\"https:\/\/dicodusport.fr\/blog\/athletisme-mondiaux-en-salle-le-resume-de-la-matinee-du-vendredi-1er-mars\/#breadcrumb\",\"itemListElement\":[{\"@type\":\"ListItem\",\"position\":1,\"name\":\"Accueil\",\"item\":\"https:\/\/dicodusport.fr\/blog\/\"},{\"@type\":\"ListItem\",\"position\":2,\"name\":\"Athl\u00e9tisme Mondiaux en salle : Le r\u00e9sum\u00e9 de la matin\u00e9e du vendredi 1er mars\"}]},{\"@type\":\"WebSite\",\"@id\":\"https:\/\/dicodusport.fr\/blog\/#website\",\"url\":\"https:\/\/dicodusport.fr\/blog\/\",\"name\":\"Dicodusport\",\"description\":\"L&#039;encyclop\u00e9die de l&#039;actualit\u00e9 sportive\",\"publisher\":{\"@id\":\"https:\/\/dicodusport.fr\/blog\/#organization\"},\"potentialAction\":[{\"@type\":\"SearchAction\",\"target\":{\"@type\":\"EntryPoint\",\"urlTemplate\":\"https:\/\/dicodusport.fr\/blog\/?s={search_term_string}\"},\"query-input\":{\"@type\":\"PropertyValueSpecification\",\"valueRequired\":true,\"valueName\":\"search_term_string\"}}],\"inLanguage\":\"fr-FR\"},{\"@type\":\"NewsMediaOrganization\",\"@id\":\"https:\/\/dicodusport.fr\/blog\/#organization\",\"name\":\"Dicodusport\",\"url\":\"https:\/\/dicodusport.fr\/blog\/\",\"logo\":{\"@type\":\"ImageObject\",\"inLanguage\":\"fr-FR\",\"@id\":\"https:\/\/dicodusport.fr\/blog\/#\/schema\/logo\/image\/\",\"url\":\"https:\/\/dicodusport.fr\/blog\/wp-content\/uploads\/2020\/06\/cropped-LOGO-DICODUSPORT-2020-SANS-FOND-SANS-TEXTE.png\",\"contentUrl\":\"https:\/\/dicodusport.fr\/blog\/wp-content\/uploads\/2020\/06\/cropped-LOGO-DICODUSPORT-2020-SANS-FOND-SANS-TEXTE.png\",\"width\":512,\"height\":512,\"caption\":\"Dicodusport\"},\"image\":{\"@id\":\"https:\/\/dicodusport.fr\/blog\/#\/schema\/logo\/image\/\"},\"sameAs\":[\"https:\/\/www.facebook.com\/dicodusport\",\"https:\/\/x.com\/dicodusport\",\"https:\/\/www.instagram.com\/dicodusport\/\",\"https:\/\/www.youtube.com\/channel\/UC7V2KZ5sd3htJivAbA4ZG3w\"],\"description\":\"Dicodusport est l'encyclop\u00e9die de l'actualit\u00e9 sportive.\",\"email\":\"bonjour@dicodusport.fr\",\"legalName\":\"DICODUSPORT\",\"foundingDate\":\"2018-01-14\",\"vatID\":\"FR71834470973\",\"taxID\":\"83447097300043\",\"numberOfEmployees\":{\"@type\":\"QuantitativeValue\",\"minValue\":\"1\",\"maxValue\":\"10\"}},{\"@type\":\"Person\",\"@id\":\"https:\/\/dicodusport.fr\/blog\/#\/schema\/person\/d603dd7da31fb2b46c82b9835a77ec13\",\"name\":\"Etienne Goursaud\",\"image\":{\"@type\":\"ImageObject\",\"inLanguage\":\"fr-FR\",\"@id\":\"https:\/\/dicodusport.fr\/blog\/#\/schema\/person\/image\/\",\"url\":\"https:\/\/dicodusport.fr\/blog\/wp-content\/uploads\/2023\/12\/410122264_10231602061736049_5565839791558026645_n-150x150.jpg\",\"contentUrl\":\"https:\/\/dicodusport.fr\/blog\/wp-content\/uploads\/2023\/12\/410122264_10231602061736049_5565839791558026645_n-150x150.jpg\",\"caption\":\"Etienne Goursaud\"},\"description\":\"Journaliste et amoureux de sport. Ancien footballeur reconverti athl\u00e8te quand ses muscles le laissent tranquille. \u00c9lev\u00e9 \u00e0 la sauce des exploits de Thomas Voeckler en 2004, du dernier essai de l\u00e9gende de Eunice Barber \u00e0 la longueur lors des championnats du monde d'athl\u00e9tisme de 2003 mais aussi Zidane, Omeyer et Titou Lamaison.\",\"url\":\"https:\/\/dicodusport.fr\/blog\/author\/etienne-goursaud\/\"}]}<\/script>\n<!-- \/ Yoast SEO Premium plugin. -->","yoast_head_json":{"title":"Athl\u00e9tisme Mondiaux en salle : Le r\u00e9sum\u00e9 de la matin\u00e9e du vendredi 1er mars","description":"CHAMPIONNATS DU MONDE EN SALLE D'ATHL\u00c9TISME 2024 - Retour sur la premi\u00e8re session de ces Mondiaux.","robots":{"index":"index","follow":"follow","max-snippet":"max-snippet:-1","max-image-preview":"max-image-preview:large","max-video-preview":"max-video-preview:-1"},"canonical":"https:\/\/dicodusport.fr\/blog\/athletisme-mondiaux-en-salle-le-resume-de-la-matinee-du-vendredi-1er-mars\/","og_locale":"fr_FR","og_type":"article","og_title":"Athl\u00e9tisme Mondiaux en salle : Le r\u00e9sum\u00e9 de la matin\u00e9e du vendredi 1er mars","og_description":"CHAMPIONNATS DU MONDE EN SALLE D'ATHL\u00c9TISME 2024 - Retour sur la premi\u00e8re session de ces Mondiaux.","og_url":"https:\/\/dicodusport.fr\/blog\/athletisme-mondiaux-en-salle-le-resume-de-la-matinee-du-vendredi-1er-mars\/","og_site_name":"Dicodusport","article_publisher":"https:\/\/www.facebook.com\/dicodusport","article_published_time":"2024-03-01T14:07:30+00:00","article_modified_time":"2024-03-01T14:55:30+00:00","og_image":[{"width":1200,"height":674,"url":"https:\/\/dicodusport.fr\/blog\/wp-content\/uploads\/2024\/03\/Athletisme-Mondiaux-en-salle-Le-resume-de-la-matinee-du-vendredi-1er-mars.png","type":"image\/png"}],"author":"Etienne Goursaud","twitter_card":"summary_large_image","twitter_title":"Athl\u00e9tisme Mondiaux en salle : Le r\u00e9sum\u00e9 de la matin\u00e9e du vendredi 1er mars","twitter_creator":"@dicodusport","twitter_site":"@dicodusport","schema":{"@context":"https:\/\/schema.org","@graph":[{"@type":"NewsArticle","@id":"https:\/\/dicodusport.fr\/blog\/athletisme-mondiaux-en-salle-le-resume-de-la-matinee-du-vendredi-1er-mars\/#article","isPartOf":{"@id":"https:\/\/dicodusport.fr\/blog\/athletisme-mondiaux-en-salle-le-resume-de-la-matinee-du-vendredi-1er-mars\/"},"author":{"name":"Etienne Goursaud","@id":"https:\/\/dicodusport.fr\/blog\/#\/schema\/person\/d603dd7da31fb2b46c82b9835a77ec13"},"headline":"Athl\u00e9tisme Mondiaux en salle : Le r\u00e9sum\u00e9 de la matin\u00e9e du vendredi 1er mars","datePublished":"2024-03-01T14:07:30+00:00","dateModified":"2024-03-01T14:55:30+00:00","mainEntityOfPage":{"@id":"https:\/\/dicodusport.fr\/blog\/athletisme-mondiaux-en-salle-le-resume-de-la-matinee-du-vendredi-1er-mars\/"},"wordCount":1285,"commentCount":0,"publisher":{"@id":"https:\/\/dicodusport.fr\/blog\/#organization"},"image":{"@id":"https:\/\/dicodusport.fr\/blog\/athletisme-mondiaux-en-salle-le-resume-de-la-matinee-du-vendredi-1er-mars\/#primaryimage"},"thumbnailUrl":"https:\/\/dicodusport.fr\/blog\/wp-content\/uploads\/2024\/03\/Athletisme-Mondiaux-en-salle-Le-resume-de-la-matinee-du-vendredi-1er-mars.png","keywords":["Amandine Brossier","Athl\u00e9tisme","Benjamin Robert","br\u00e8ve"],"articleSection":["Athl\u00e9tisme"],"inLanguage":"fr-FR","potentialAction":[{"@type":"CommentAction","name":"Comment","target":["https:\/\/dicodusport.fr\/blog\/athletisme-mondiaux-en-salle-le-resume-de-la-matinee-du-vendredi-1er-mars\/#respond"]}],"copyrightYear":"2024","copyrightHolder":{"@id":"https:\/\/dicodusport.fr\/blog\/#organization"}},{"@type":"WebPage","@id":"https:\/\/dicodusport.fr\/blog\/athletisme-mondiaux-en-salle-le-resume-de-la-matinee-du-vendredi-1er-mars\/","url":"https:\/\/dicodusport.fr\/blog\/athletisme-mondiaux-en-salle-le-resume-de-la-matinee-du-vendredi-1er-mars\/","name":"Athl\u00e9tisme Mondiaux en salle : Le r\u00e9sum\u00e9 de la matin\u00e9e du vendredi 1er mars","isPartOf":{"@id":"https:\/\/dicodusport.fr\/blog\/#website"},"primaryImageOfPage":{"@id":"https:\/\/dicodusport.fr\/blog\/athletisme-mondiaux-en-salle-le-resume-de-la-matinee-du-vendredi-1er-mars\/#primaryimage"},"image":{"@id":"https:\/\/dicodusport.fr\/blog\/athletisme-mondiaux-en-salle-le-resume-de-la-matinee-du-vendredi-1er-mars\/#primaryimage"},"thumbnailUrl":"https:\/\/dicodusport.fr\/blog\/wp-content\/uploads\/2024\/03\/Athletisme-Mondiaux-en-salle-Le-resume-de-la-matinee-du-vendredi-1er-mars.png","datePublished":"2024-03-01T14:07:30+00:00","dateModified":"2024-03-01T14:55:30+00:00","description":"CHAMPIONNATS DU MONDE EN SALLE D'ATHL\u00c9TISME 2024 - Retour sur la premi\u00e8re session de ces Mondiaux.","breadcrumb":{"@id":"https:\/\/dicodusport.fr\/blog\/athletisme-mondiaux-en-salle-le-resume-de-la-matinee-du-vendredi-1er-mars\/#breadcrumb"},"inLanguage":"fr-FR","potentialAction":[{"@type":"ReadAction","target":["https:\/\/dicodusport.fr\/blog\/athletisme-mondiaux-en-salle-le-resume-de-la-matinee-du-vendredi-1er-mars\/"]}]},{"@type":"ImageObject","inLanguage":"fr-FR","@id":"https:\/\/dicodusport.fr\/blog\/athletisme-mondiaux-en-salle-le-resume-de-la-matinee-du-vendredi-1er-mars\/#primaryimage","url":"https:\/\/dicodusport.fr\/blog\/wp-content\/uploads\/2024\/03\/Athletisme-Mondiaux-en-salle-Le-resume-de-la-matinee-du-vendredi-1er-mars.png","contentUrl":"https:\/\/dicodusport.fr\/blog\/wp-content\/uploads\/2024\/03\/Athletisme-Mondiaux-en-salle-Le-resume-de-la-matinee-du-vendredi-1er-mars.png","width":1200,"height":674,"caption":"Athl\u00e9tisme Mondiaux en salle - Le r\u00e9sum\u00e9 de la matin\u00e9e du vendredi 1er mars"},{"@type":"BreadcrumbList","@id":"https:\/\/dicodusport.fr\/blog\/athletisme-mondiaux-en-salle-le-resume-de-la-matinee-du-vendredi-1er-mars\/#breadcrumb","itemListElement":[{"@type":"ListItem","position":1,"name":"Accueil","item":"https:\/\/dicodusport.fr\/blog\/"},{"@type":"ListItem","position":2,"name":"Athl\u00e9tisme Mondiaux en salle : Le r\u00e9sum\u00e9 de la matin\u00e9e du vendredi 1er mars"}]},{"@type":"WebSite","@id":"https:\/\/dicodusport.fr\/blog\/#website","url":"https:\/\/dicodusport.fr\/blog\/","name":"Dicodusport","description":"L&#039;encyclop\u00e9die de l&#039;actualit\u00e9 sportive","publisher":{"@id":"https:\/\/dicodusport.fr\/blog\/#organization"},"potentialAction":[{"@type":"SearchAction","target":{"@type":"EntryPoint","urlTemplate":"https:\/\/dicodusport.fr\/blog\/?s={search_term_string}"},"query-input":{"@type":"PropertyValueSpecification","valueRequired":true,"valueName":"search_term_string"}}],"inLanguage":"fr-FR"},{"@type":"NewsMediaOrganization","@id":"https:\/\/dicodusport.fr\/blog\/#organization","name":"Dicodusport","url":"https:\/\/dicodusport.fr\/blog\/","logo":{"@type":"ImageObject","inLanguage":"fr-FR","@id":"https:\/\/dicodusport.fr\/blog\/#\/schema\/logo\/image\/","url":"https:\/\/dicodusport.fr\/blog\/wp-content\/uploads\/2020\/06\/cropped-LOGO-DICODUSPORT-2020-SANS-FOND-SANS-TEXTE.png","contentUrl":"https:\/\/dicodusport.fr\/blog\/wp-content\/uploads\/2020\/06\/cropped-LOGO-DICODUSPORT-2020-SANS-FOND-SANS-TEXTE.png","width":512,"height":512,"caption":"Dicodusport"},"image":{"@id":"https:\/\/dicodusport.fr\/blog\/#\/schema\/logo\/image\/"},"sameAs":["https:\/\/www.facebook.com\/dicodusport","https:\/\/x.com\/dicodusport","https:\/\/www.instagram.com\/dicodusport\/","https:\/\/www.youtube.com\/channel\/UC7V2KZ5sd3htJivAbA4ZG3w"],"description":"Dicodusport est l'encyclop\u00e9die de l'actualit\u00e9 sportive.","email":"bonjour@dicodusport.fr","legalName":"DICODUSPORT","foundingDate":"2018-01-14","vatID":"FR71834470973","taxID":"83447097300043","numberOfEmployees":{"@type":"QuantitativeValue","minValue":"1","maxValue":"10"}},{"@type":"Person","@id":"https:\/\/dicodusport.fr\/blog\/#\/schema\/person\/d603dd7da31fb2b46c82b9835a77ec13","name":"Etienne Goursaud","image":{"@type":"ImageObject","inLanguage":"fr-FR","@id":"https:\/\/dicodusport.fr\/blog\/#\/schema\/person\/image\/","url":"https:\/\/dicodusport.fr\/blog\/wp-content\/uploads\/2023\/12\/410122264_10231602061736049_5565839791558026645_n-150x150.jpg","contentUrl":"https:\/\/dicodusport.fr\/blog\/wp-content\/uploads\/2023\/12\/410122264_10231602061736049_5565839791558026645_n-150x150.jpg","caption":"Etienne Goursaud"},"description":"Journaliste et amoureux de sport. Ancien footballeur reconverti athl\u00e8te quand ses muscles le laissent tranquille. \u00c9lev\u00e9 \u00e0 la sauce des exploits de Thomas Voeckler en 2004, du dernier essai de l\u00e9gende de Eunice Barber \u00e0 la longueur lors des championnats du monde d'athl\u00e9tisme de 2003 mais aussi Zidane, Omeyer et Titou Lamaison.","url":"https:\/\/dicodusport.fr\/blog\/author\/etienne-goursaud\/"}]}},"_links":{"self":[{"href":"https:\/\/dicodusport.fr\/blog\/wp-json\/wp\/v2\/posts\/467848","targetHints":{"allow":["GET"]}}],"collection":[{"href":"https:\/\/dicodusport.fr\/blog\/wp-json\/wp\/v2\/posts"}],"about":[{"href":"https:\/\/dicodusport.fr\/blog\/wp-json\/wp\/v2\/types\/post"}],"author":[{"embeddable":true,"href":"https:\/\/dicodusport.fr\/blog\/wp-json\/wp\/v2\/users\/83"}],"replies":[{"embeddable":true,"href":"https:\/\/dicodusport.fr\/blog\/wp-json\/wp\/v2\/comments?post=467848"}],"version-history":[{"count":6,"href":"https:\/\/dicodusport.fr\/blog\/wp-json\/wp\/v2\/posts\/467848\/revisions"}],"predecessor-version":[{"id":468000,"href":"https:\/\/dicodusport.fr\/blog\/wp-json\/wp\/v2\/posts\/467848\/revisions\/468000"}],"wp:featuredmedia":[{"embeddable":true,"href":"https:\/\/dicodusport.fr\/blog\/wp-json\/wp\/v2\/media\/467946"}],"wp:attachment":[{"href":"https:\/\/dicodusport.fr\/blog\/wp-json\/wp\/v2\/media?parent=467848"}],"wp:term":[{"taxonomy":"category","embeddable":true,"href":"https:\/\/dicodusport.fr\/blog\/wp-json\/wp\/v2\/categories?post=467848"},{"taxonomy":"post_tag","embeddable":true,"href":"https:\/\/dicodusport.fr\/blog\/wp-json\/wp\/v2\/tags?post=467848"}],"curies":[{"name":"wp","href":"https:\/\/api.w.org\/{rel}","templated":true}]}}