{"id":468002,"date":"2024-03-01T19:36:51","date_gmt":"2024-03-01T18:36:51","guid":{"rendered":"https:\/\/dicodusport.fr\/blog\/?p=468002&#038;preview=true&#038;preview_id=468002"},"modified":"2025-04-03T14:25:29","modified_gmt":"2025-04-03T12:25:29","slug":"coupe-du-monde-ski-alpinisme-anselmet-et-perillat-pessey-sur-le-podium-de-la-vertical-race-a-schladming","status":"publish","type":"post","link":"https:\/\/dicodusport.fr\/blog\/coupe-du-monde-ski-alpinisme-anselmet-et-perillat-pessey-sur-le-podium-de-la-vertical-race-a-schladming\/","title":{"rendered":"Coupe du monde Ski alpinisme : Anselmet et Perillat-Pessey sur le podium de la Vertical Race \u00e0 Schladming"},"content":{"rendered":"<p align=\"justify\"><em><a style=\"font-weight: bold;\" href=\"https:\/\/dicodusport.fr\/blog\/?s=ski+alpinisme\">SKI ALPINISME<\/a><b> &#8211; Ce vendredi, la Vertical Race a lanc\u00e9 le weekend de Coupe du monde \u00e0 Schladming (Autriche). S&rsquo;il n&rsquo;y pas eu de victoire tricolore, Thibault Anselmet (2e) et C\u00e9lia Perillat-Pessey (3e) ont toutefois pris place sur le podium.<\/b><\/em><\/p>\n<p align=\"justify\">Une semaine apr\u00e8s <a href=\"https:\/\/dicodusport.fr\/blog\/coupe-du-monde-ski-alpinisme-robin-galindo-glane-son-premier-succes-a-val-martello-harrop-lemporte-aussi\/\">la razzia effectu\u00e9e sur les \u00e9preuves individuelles \u00e0 Val Martello<\/a>, l&rsquo;\u00e9quipe de France est \u00e0 <strong>Schladming<\/strong> en Autriche. Avant le sprint de samedi, la Vertical Race \u00e9tait \u00e0 l&rsquo;honneur ce vendredi. Dans l&rsquo;unique discipline o\u00f9 les Fran\u00e7ais ne dominent pas le classement g\u00e9n\u00e9ral, la victoire n&rsquo;a pas \u00e9t\u00e9 au rendez-vous, mais de belles performances sont \u00e0 signaler.<\/p>\n<p align=\"justify\">Sur la course masculine, le sc\u00e9nario a \u00e9t\u00e9 similaire aux autres \u00e9preuves. En t\u00eate, <strong>R\u00e9mi Bonnet<\/strong> a de nouveau fait cavalier seul en cr\u00e9ant des \u00e9carts d\u00e9mentiels puisqu&rsquo;il l&rsquo;a emport\u00e9 avec pr\u00e8s d&rsquo;une minute d&rsquo;avance ! Imbattable, le Suisse file tout droit vers le petit globe. Derri\u00e8re, <strong>Thibault Anselmet<\/strong> s&rsquo;est lui arrach\u00e9 pour d\u00e9crocher la 2e place. Sixi\u00e8me au dernier interm\u00e9diaire, il a ensuite r\u00e9alis\u00e9 une derni\u00e8re ligne droite impressionnante pour surpasser ses adversaires. L&rsquo;Italien Federico Nicolini compl\u00e8te le podium.<\/p>\n<p align=\"justify\">C\u00f4t\u00e9 filles, le public autrichien a eu le plaisir de voir ses athl\u00e8tes dominer la course. En effet, <strong>Sarah Dreier<\/strong> l&rsquo;a emport\u00e9 devant Johanna Hiemer, offrant un magnifique doubl\u00e9 \u00e0 l&rsquo;Autriche. Derri\u00e8re, <strong>C\u00e9lia Perillat-Pessey<\/strong> s&rsquo;est montr\u00e9e solide pour r\u00e9sister jusqu&rsquo;au bout \u00e0 Alba De Silvestro, et d\u00e9crocher la 3e place. <strong>Emily Harrop<\/strong> a de son c\u00f4t\u00e9 pris une anecdotique 6e place. Cette derni\u00e8re sera attendue pour jouer la gagne samedi sur le sprint, dans une discipline o\u00f9 elle est au coude-\u00e0-coude avec P\u00e9rillat-Pessey en t\u00eate du classement g\u00e9n\u00e9ral.<\/p>\n<p><iframe loading=\"lazy\" style=\"border: none; overflow: hidden;\" src=\"https:\/\/www.facebook.com\/plugins\/post.php?href=https%3A%2F%2Fwww.facebook.com%2Fismf.ski%2Fposts%2Fpfbid0sqmcBnVrHvfk7SbP2CtedxP2qMTJg9JFNVcgrh2MnXTePXJbrJAVUzpjNkf4PUMhl&amp;show_text=true&amp;width=500\" width=\"500\" height=\"653\" frameborder=\"0\" scrolling=\"no\" allowfullscreen=\"allowfullscreen\"><\/iframe><\/p>\n","protected":false},"excerpt":{"rendered":"<p>SKI ALPINISME &#8211; Ce vendredi, la Vertical Race a lanc\u00e9 le weekend de Coupe du monde \u00e0 Schladming (Autriche). S&rsquo;il n&rsquo;y pas eu de victoire tricolore, Thibault Anselmet (2e) et C\u00e9lia Perillat-Pessey (3e) ont toutefois pris place sur le podium.<\/p>\n","protected":false},"author":55,"featured_media":468009,"comment_status":"open","ping_status":"closed","sticky":false,"template":"","format":"standard","meta":{"_acf_changed":false,"_daextam_enable_autolinks":"1","footnotes":""},"categories":[45757],"tags":[16878,38088,37201,13905,4230],"class_list":["post-468002","post","type-post","status-publish","format-standard","has-post-thumbnail","hentry","category-ski-alpinisme","tag-breve","tag-celia-perillat-pessey","tag-coupe-du-monde-ski-alpinisme","tag-schladming","tag-ski-alpinisme"],"acf":[],"yoast_head":"<!-- This site is optimized with the Yoast SEO Premium plugin v26.7 (Yoast SEO v26.7) - https:\/\/yoast.com\/wordpress\/plugins\/seo\/ -->\n<title>Coupe du monde Ski alpinisme : Anselmet et Perillat-Pessey sur le podium de la Vertical Race \u00e0 Schladming<\/title>\n<meta name=\"description\" content=\"COUPE DU MONDE SKI ALPINISME - Thibault Anselmet et C\u00e9lia Perillat-Pessey se sont hiss\u00e9s sur le podium de la Vertical Race de Schladming.\" \/>\n<meta name=\"robots\" content=\"index, follow, max-snippet:-1, max-image-preview:large, max-video-preview:-1\" \/>\n<link rel=\"canonical\" href=\"https:\/\/dicodusport.fr\/blog\/coupe-du-monde-ski-alpinisme-anselmet-et-perillat-pessey-sur-le-podium-de-la-vertical-race-a-schladming\/\" \/>\n<meta property=\"og:locale\" content=\"fr_FR\" \/>\n<meta property=\"og:type\" content=\"article\" \/>\n<meta property=\"og:title\" content=\"Coupe du monde Ski alpinisme : Anselmet et Perillat-Pessey sur le podium de la Vertical Race \u00e0 Schladming\" \/>\n<meta property=\"og:description\" content=\"COUPE DU MONDE SKI ALPINISME - Thibault Anselmet et C\u00e9lia Perillat-Pessey se sont hiss\u00e9s sur le podium de la Vertical Race de Schladming.\" \/>\n<meta property=\"og:url\" content=\"https:\/\/dicodusport.fr\/blog\/coupe-du-monde-ski-alpinisme-anselmet-et-perillat-pessey-sur-le-podium-de-la-vertical-race-a-schladming\/\" \/>\n<meta property=\"og:site_name\" content=\"Dicodusport\" \/>\n<meta property=\"article:publisher\" content=\"https:\/\/www.facebook.com\/dicodusport\" \/>\n<meta property=\"article:published_time\" content=\"2024-03-01T18:36:51+00:00\" \/>\n<meta property=\"article:modified_time\" content=\"2025-04-03T12:25:29+00:00\" \/>\n<meta property=\"og:image\" content=\"https:\/\/dicodusport.fr\/blog\/wp-content\/uploads\/2024\/03\/Coupe-du-monde-Ski-alpinisme-Anselmet-et-Perillat-Pessey-sur-le-podium-de-la-Vertical-Race-a-Schladming.png\" \/>\n\t<meta property=\"og:image:width\" content=\"1200\" \/>\n\t<meta property=\"og:image:height\" content=\"674\" \/>\n\t<meta property=\"og:image:type\" content=\"image\/png\" \/>\n<meta name=\"author\" content=\"Maxime Cazenave\" \/>\n<meta name=\"twitter:card\" content=\"summary_large_image\" \/>\n<meta name=\"twitter:title\" content=\"Coupe du monde Ski alpinisme : Anselmet et Perillat-Pessey sur le podium de la Vertical Race \u00e0 Schladming\" \/>\n<meta name=\"twitter:creator\" content=\"@https:\/\/twitter.com\/Maxime_Caze\" \/>\n<meta name=\"twitter:site\" content=\"@dicodusport\" \/>\n<script type=\"application\/ld+json\" class=\"yoast-schema-graph\">{\"@context\":\"https:\/\/schema.org\",\"@graph\":[{\"@type\":\"NewsArticle\",\"@id\":\"https:\/\/dicodusport.fr\/blog\/coupe-du-monde-ski-alpinisme-anselmet-et-perillat-pessey-sur-le-podium-de-la-vertical-race-a-schladming\/#article\",\"isPartOf\":{\"@id\":\"https:\/\/dicodusport.fr\/blog\/coupe-du-monde-ski-alpinisme-anselmet-et-perillat-pessey-sur-le-podium-de-la-vertical-race-a-schladming\/\"},\"author\":{\"name\":\"Maxime Cazenave\",\"@id\":\"https:\/\/dicodusport.fr\/blog\/#\/schema\/person\/37def232098a7a5cbab3974a3690abb0\"},\"headline\":\"Coupe du monde Ski alpinisme : Anselmet et Perillat-Pessey sur le podium de la Vertical Race \u00e0 Schladming\",\"datePublished\":\"2024-03-01T18:36:51+00:00\",\"dateModified\":\"2025-04-03T12:25:29+00:00\",\"mainEntityOfPage\":{\"@id\":\"https:\/\/dicodusport.fr\/blog\/coupe-du-monde-ski-alpinisme-anselmet-et-perillat-pessey-sur-le-podium-de-la-vertical-race-a-schladming\/\"},\"wordCount\":325,\"commentCount\":0,\"publisher\":{\"@id\":\"https:\/\/dicodusport.fr\/blog\/#organization\"},\"image\":{\"@id\":\"https:\/\/dicodusport.fr\/blog\/coupe-du-monde-ski-alpinisme-anselmet-et-perillat-pessey-sur-le-podium-de-la-vertical-race-a-schladming\/#primaryimage\"},\"thumbnailUrl\":\"https:\/\/dicodusport.fr\/blog\/wp-content\/uploads\/2024\/03\/Coupe-du-monde-Ski-alpinisme-Anselmet-et-Perillat-Pessey-sur-le-podium-de-la-Vertical-Race-a-Schladming.png\",\"keywords\":[\"br\u00e8ve\",\"C\u00e9lia Perillat-Pessey\",\"Coupe du monde ski alpinisme\",\"Schladming\",\"Ski alpinisme\"],\"articleSection\":[\"Ski alpinisme\"],\"inLanguage\":\"fr-FR\",\"potentialAction\":[{\"@type\":\"CommentAction\",\"name\":\"Comment\",\"target\":[\"https:\/\/dicodusport.fr\/blog\/coupe-du-monde-ski-alpinisme-anselmet-et-perillat-pessey-sur-le-podium-de-la-vertical-race-a-schladming\/#respond\"]}],\"copyrightYear\":\"2024\",\"copyrightHolder\":{\"@id\":\"https:\/\/dicodusport.fr\/blog\/#organization\"}},{\"@type\":\"WebPage\",\"@id\":\"https:\/\/dicodusport.fr\/blog\/coupe-du-monde-ski-alpinisme-anselmet-et-perillat-pessey-sur-le-podium-de-la-vertical-race-a-schladming\/\",\"url\":\"https:\/\/dicodusport.fr\/blog\/coupe-du-monde-ski-alpinisme-anselmet-et-perillat-pessey-sur-le-podium-de-la-vertical-race-a-schladming\/\",\"name\":\"Coupe du monde Ski alpinisme : Anselmet et Perillat-Pessey sur le podium de la Vertical Race \u00e0 Schladming\",\"isPartOf\":{\"@id\":\"https:\/\/dicodusport.fr\/blog\/#website\"},\"primaryImageOfPage\":{\"@id\":\"https:\/\/dicodusport.fr\/blog\/coupe-du-monde-ski-alpinisme-anselmet-et-perillat-pessey-sur-le-podium-de-la-vertical-race-a-schladming\/#primaryimage\"},\"image\":{\"@id\":\"https:\/\/dicodusport.fr\/blog\/coupe-du-monde-ski-alpinisme-anselmet-et-perillat-pessey-sur-le-podium-de-la-vertical-race-a-schladming\/#primaryimage\"},\"thumbnailUrl\":\"https:\/\/dicodusport.fr\/blog\/wp-content\/uploads\/2024\/03\/Coupe-du-monde-Ski-alpinisme-Anselmet-et-Perillat-Pessey-sur-le-podium-de-la-Vertical-Race-a-Schladming.png\",\"datePublished\":\"2024-03-01T18:36:51+00:00\",\"dateModified\":\"2025-04-03T12:25:29+00:00\",\"description\":\"COUPE DU MONDE SKI ALPINISME - Thibault Anselmet et C\u00e9lia Perillat-Pessey se sont hiss\u00e9s sur le podium de la Vertical Race de Schladming.\",\"breadcrumb\":{\"@id\":\"https:\/\/dicodusport.fr\/blog\/coupe-du-monde-ski-alpinisme-anselmet-et-perillat-pessey-sur-le-podium-de-la-vertical-race-a-schladming\/#breadcrumb\"},\"inLanguage\":\"fr-FR\",\"potentialAction\":[{\"@type\":\"ReadAction\",\"target\":[\"https:\/\/dicodusport.fr\/blog\/coupe-du-monde-ski-alpinisme-anselmet-et-perillat-pessey-sur-le-podium-de-la-vertical-race-a-schladming\/\"]}]},{\"@type\":\"ImageObject\",\"inLanguage\":\"fr-FR\",\"@id\":\"https:\/\/dicodusport.fr\/blog\/coupe-du-monde-ski-alpinisme-anselmet-et-perillat-pessey-sur-le-podium-de-la-vertical-race-a-schladming\/#primaryimage\",\"url\":\"https:\/\/dicodusport.fr\/blog\/wp-content\/uploads\/2024\/03\/Coupe-du-monde-Ski-alpinisme-Anselmet-et-Perillat-Pessey-sur-le-podium-de-la-Vertical-Race-a-Schladming.png\",\"contentUrl\":\"https:\/\/dicodusport.fr\/blog\/wp-content\/uploads\/2024\/03\/Coupe-du-monde-Ski-alpinisme-Anselmet-et-Perillat-Pessey-sur-le-podium-de-la-Vertical-Race-a-Schladming.png\",\"width\":1200,\"height\":674,\"caption\":\"Coupe du monde Ski alpinisme : Anselmet et Perillat-Pessey sur le podium de la Vertical Race \u00e0 Schladming\"},{\"@type\":\"BreadcrumbList\",\"@id\":\"https:\/\/dicodusport.fr\/blog\/coupe-du-monde-ski-alpinisme-anselmet-et-perillat-pessey-sur-le-podium-de-la-vertical-race-a-schladming\/#breadcrumb\",\"itemListElement\":[{\"@type\":\"ListItem\",\"position\":1,\"name\":\"Accueil\",\"item\":\"https:\/\/dicodusport.fr\/blog\/\"},{\"@type\":\"ListItem\",\"position\":2,\"name\":\"Coupe du monde Ski alpinisme : Anselmet et Perillat-Pessey sur le podium de la Vertical Race \u00e0 Schladming\"}]},{\"@type\":\"WebSite\",\"@id\":\"https:\/\/dicodusport.fr\/blog\/#website\",\"url\":\"https:\/\/dicodusport.fr\/blog\/\",\"name\":\"Dicodusport\",\"description\":\"L&#039;encyclop\u00e9die de l&#039;actualit\u00e9 sportive\",\"publisher\":{\"@id\":\"https:\/\/dicodusport.fr\/blog\/#organization\"},\"potentialAction\":[{\"@type\":\"SearchAction\",\"target\":{\"@type\":\"EntryPoint\",\"urlTemplate\":\"https:\/\/dicodusport.fr\/blog\/?s={search_term_string}\"},\"query-input\":{\"@type\":\"PropertyValueSpecification\",\"valueRequired\":true,\"valueName\":\"search_term_string\"}}],\"inLanguage\":\"fr-FR\"},{\"@type\":\"NewsMediaOrganization\",\"@id\":\"https:\/\/dicodusport.fr\/blog\/#organization\",\"name\":\"Dicodusport\",\"url\":\"https:\/\/dicodusport.fr\/blog\/\",\"logo\":{\"@type\":\"ImageObject\",\"inLanguage\":\"fr-FR\",\"@id\":\"https:\/\/dicodusport.fr\/blog\/#\/schema\/logo\/image\/\",\"url\":\"https:\/\/dicodusport.fr\/blog\/wp-content\/uploads\/2020\/06\/cropped-LOGO-DICODUSPORT-2020-SANS-FOND-SANS-TEXTE.png\",\"contentUrl\":\"https:\/\/dicodusport.fr\/blog\/wp-content\/uploads\/2020\/06\/cropped-LOGO-DICODUSPORT-2020-SANS-FOND-SANS-TEXTE.png\",\"width\":512,\"height\":512,\"caption\":\"Dicodusport\"},\"image\":{\"@id\":\"https:\/\/dicodusport.fr\/blog\/#\/schema\/logo\/image\/\"},\"sameAs\":[\"https:\/\/www.facebook.com\/dicodusport\",\"https:\/\/x.com\/dicodusport\",\"https:\/\/www.instagram.com\/dicodusport\/\",\"https:\/\/www.youtube.com\/channel\/UC7V2KZ5sd3htJivAbA4ZG3w\"],\"description\":\"Dicodusport est l'encyclop\u00e9die de l'actualit\u00e9 sportive.\",\"email\":\"bonjour@dicodusport.fr\",\"legalName\":\"DICODUSPORT\",\"foundingDate\":\"2018-01-14\",\"vatID\":\"FR71834470973\",\"taxID\":\"83447097300043\",\"numberOfEmployees\":{\"@type\":\"QuantitativeValue\",\"minValue\":\"1\",\"maxValue\":\"10\"}},{\"@type\":\"Person\",\"@id\":\"https:\/\/dicodusport.fr\/blog\/#\/schema\/person\/37def232098a7a5cbab3974a3690abb0\",\"name\":\"Maxime Cazenave\",\"image\":{\"@type\":\"ImageObject\",\"inLanguage\":\"fr-FR\",\"@id\":\"https:\/\/dicodusport.fr\/blog\/#\/schema\/person\/image\/\",\"url\":\"https:\/\/dicodusport.fr\/blog\/wp-content\/uploads\/2021\/05\/Maxime-Cazenave-150x150.jpg\",\"contentUrl\":\"https:\/\/dicodusport.fr\/blog\/wp-content\/uploads\/2021\/05\/Maxime-Cazenave-150x150.jpg\",\"caption\":\"Maxime Cazenave\"},\"description\":\"Journaliste\/R\u00e9dacteur depuis 2012 - Berc\u00e9 par l\u2019amour des Girondins de Bordeaux, les \u00e9checs de Christophe Moreau sur le Tour de France sous l'\u00e8re Lance Armstrong et le fade-away l\u00e9tal de Dirk Nowitzki, ma passion d\u00e9vorante pour le sport a toujours \u00e9t\u00e9 un pan incontournable de ma vie. Transmettre ma passion \u00e0 l\u2019\u00e9crit a \u00e9t\u00e9 une transition naturelle. Suiveur assidu de basket et de hockey sur glace, je garde toujours un peu de place pour suivre le cyclisme, le football et le maximum de performances fran\u00e7aises.\",\"sameAs\":[\"https:\/\/x.com\/https:\/\/twitter.com\/Maxime_Caze\"],\"url\":\"https:\/\/dicodusport.fr\/blog\/author\/maximec\/\"}]}<\/script>\n<!-- \/ Yoast SEO Premium plugin. -->","yoast_head_json":{"title":"Coupe du monde Ski alpinisme : Anselmet et Perillat-Pessey sur le podium de la Vertical Race \u00e0 Schladming","description":"COUPE DU MONDE SKI ALPINISME - Thibault Anselmet et C\u00e9lia Perillat-Pessey se sont hiss\u00e9s sur le podium de la Vertical Race de Schladming.","robots":{"index":"index","follow":"follow","max-snippet":"max-snippet:-1","max-image-preview":"max-image-preview:large","max-video-preview":"max-video-preview:-1"},"canonical":"https:\/\/dicodusport.fr\/blog\/coupe-du-monde-ski-alpinisme-anselmet-et-perillat-pessey-sur-le-podium-de-la-vertical-race-a-schladming\/","og_locale":"fr_FR","og_type":"article","og_title":"Coupe du monde Ski alpinisme : Anselmet et Perillat-Pessey sur le podium de la Vertical Race \u00e0 Schladming","og_description":"COUPE DU MONDE SKI ALPINISME - Thibault Anselmet et C\u00e9lia Perillat-Pessey se sont hiss\u00e9s sur le podium de la Vertical Race de Schladming.","og_url":"https:\/\/dicodusport.fr\/blog\/coupe-du-monde-ski-alpinisme-anselmet-et-perillat-pessey-sur-le-podium-de-la-vertical-race-a-schladming\/","og_site_name":"Dicodusport","article_publisher":"https:\/\/www.facebook.com\/dicodusport","article_published_time":"2024-03-01T18:36:51+00:00","article_modified_time":"2025-04-03T12:25:29+00:00","og_image":[{"width":1200,"height":674,"url":"https:\/\/dicodusport.fr\/blog\/wp-content\/uploads\/2024\/03\/Coupe-du-monde-Ski-alpinisme-Anselmet-et-Perillat-Pessey-sur-le-podium-de-la-Vertical-Race-a-Schladming.png","type":"image\/png"}],"author":"Maxime Cazenave","twitter_card":"summary_large_image","twitter_title":"Coupe du monde Ski alpinisme : Anselmet et Perillat-Pessey sur le podium de la Vertical Race \u00e0 Schladming","twitter_creator":"@https:\/\/twitter.com\/Maxime_Caze","twitter_site":"@dicodusport","schema":{"@context":"https:\/\/schema.org","@graph":[{"@type":"NewsArticle","@id":"https:\/\/dicodusport.fr\/blog\/coupe-du-monde-ski-alpinisme-anselmet-et-perillat-pessey-sur-le-podium-de-la-vertical-race-a-schladming\/#article","isPartOf":{"@id":"https:\/\/dicodusport.fr\/blog\/coupe-du-monde-ski-alpinisme-anselmet-et-perillat-pessey-sur-le-podium-de-la-vertical-race-a-schladming\/"},"author":{"name":"Maxime Cazenave","@id":"https:\/\/dicodusport.fr\/blog\/#\/schema\/person\/37def232098a7a5cbab3974a3690abb0"},"headline":"Coupe du monde Ski alpinisme : Anselmet et Perillat-Pessey sur le podium de la Vertical Race \u00e0 Schladming","datePublished":"2024-03-01T18:36:51+00:00","dateModified":"2025-04-03T12:25:29+00:00","mainEntityOfPage":{"@id":"https:\/\/dicodusport.fr\/blog\/coupe-du-monde-ski-alpinisme-anselmet-et-perillat-pessey-sur-le-podium-de-la-vertical-race-a-schladming\/"},"wordCount":325,"commentCount":0,"publisher":{"@id":"https:\/\/dicodusport.fr\/blog\/#organization"},"image":{"@id":"https:\/\/dicodusport.fr\/blog\/coupe-du-monde-ski-alpinisme-anselmet-et-perillat-pessey-sur-le-podium-de-la-vertical-race-a-schladming\/#primaryimage"},"thumbnailUrl":"https:\/\/dicodusport.fr\/blog\/wp-content\/uploads\/2024\/03\/Coupe-du-monde-Ski-alpinisme-Anselmet-et-Perillat-Pessey-sur-le-podium-de-la-Vertical-Race-a-Schladming.png","keywords":["br\u00e8ve","C\u00e9lia Perillat-Pessey","Coupe du monde ski alpinisme","Schladming","Ski alpinisme"],"articleSection":["Ski alpinisme"],"inLanguage":"fr-FR","potentialAction":[{"@type":"CommentAction","name":"Comment","target":["https:\/\/dicodusport.fr\/blog\/coupe-du-monde-ski-alpinisme-anselmet-et-perillat-pessey-sur-le-podium-de-la-vertical-race-a-schladming\/#respond"]}],"copyrightYear":"2024","copyrightHolder":{"@id":"https:\/\/dicodusport.fr\/blog\/#organization"}},{"@type":"WebPage","@id":"https:\/\/dicodusport.fr\/blog\/coupe-du-monde-ski-alpinisme-anselmet-et-perillat-pessey-sur-le-podium-de-la-vertical-race-a-schladming\/","url":"https:\/\/dicodusport.fr\/blog\/coupe-du-monde-ski-alpinisme-anselmet-et-perillat-pessey-sur-le-podium-de-la-vertical-race-a-schladming\/","name":"Coupe du monde Ski alpinisme : Anselmet et Perillat-Pessey sur le podium de la Vertical Race \u00e0 Schladming","isPartOf":{"@id":"https:\/\/dicodusport.fr\/blog\/#website"},"primaryImageOfPage":{"@id":"https:\/\/dicodusport.fr\/blog\/coupe-du-monde-ski-alpinisme-anselmet-et-perillat-pessey-sur-le-podium-de-la-vertical-race-a-schladming\/#primaryimage"},"image":{"@id":"https:\/\/dicodusport.fr\/blog\/coupe-du-monde-ski-alpinisme-anselmet-et-perillat-pessey-sur-le-podium-de-la-vertical-race-a-schladming\/#primaryimage"},"thumbnailUrl":"https:\/\/dicodusport.fr\/blog\/wp-content\/uploads\/2024\/03\/Coupe-du-monde-Ski-alpinisme-Anselmet-et-Perillat-Pessey-sur-le-podium-de-la-Vertical-Race-a-Schladming.png","datePublished":"2024-03-01T18:36:51+00:00","dateModified":"2025-04-03T12:25:29+00:00","description":"COUPE DU MONDE SKI ALPINISME - Thibault Anselmet et C\u00e9lia Perillat-Pessey se sont hiss\u00e9s sur le podium de la Vertical Race de Schladming.","breadcrumb":{"@id":"https:\/\/dicodusport.fr\/blog\/coupe-du-monde-ski-alpinisme-anselmet-et-perillat-pessey-sur-le-podium-de-la-vertical-race-a-schladming\/#breadcrumb"},"inLanguage":"fr-FR","potentialAction":[{"@type":"ReadAction","target":["https:\/\/dicodusport.fr\/blog\/coupe-du-monde-ski-alpinisme-anselmet-et-perillat-pessey-sur-le-podium-de-la-vertical-race-a-schladming\/"]}]},{"@type":"ImageObject","inLanguage":"fr-FR","@id":"https:\/\/dicodusport.fr\/blog\/coupe-du-monde-ski-alpinisme-anselmet-et-perillat-pessey-sur-le-podium-de-la-vertical-race-a-schladming\/#primaryimage","url":"https:\/\/dicodusport.fr\/blog\/wp-content\/uploads\/2024\/03\/Coupe-du-monde-Ski-alpinisme-Anselmet-et-Perillat-Pessey-sur-le-podium-de-la-Vertical-Race-a-Schladming.png","contentUrl":"https:\/\/dicodusport.fr\/blog\/wp-content\/uploads\/2024\/03\/Coupe-du-monde-Ski-alpinisme-Anselmet-et-Perillat-Pessey-sur-le-podium-de-la-Vertical-Race-a-Schladming.png","width":1200,"height":674,"caption":"Coupe du monde Ski alpinisme : Anselmet et Perillat-Pessey sur le podium de la Vertical Race \u00e0 Schladming"},{"@type":"BreadcrumbList","@id":"https:\/\/dicodusport.fr\/blog\/coupe-du-monde-ski-alpinisme-anselmet-et-perillat-pessey-sur-le-podium-de-la-vertical-race-a-schladming\/#breadcrumb","itemListElement":[{"@type":"ListItem","position":1,"name":"Accueil","item":"https:\/\/dicodusport.fr\/blog\/"},{"@type":"ListItem","position":2,"name":"Coupe du monde Ski alpinisme : Anselmet et Perillat-Pessey sur le podium de la Vertical Race \u00e0 Schladming"}]},{"@type":"WebSite","@id":"https:\/\/dicodusport.fr\/blog\/#website","url":"https:\/\/dicodusport.fr\/blog\/","name":"Dicodusport","description":"L&#039;encyclop\u00e9die de l&#039;actualit\u00e9 sportive","publisher":{"@id":"https:\/\/dicodusport.fr\/blog\/#organization"},"potentialAction":[{"@type":"SearchAction","target":{"@type":"EntryPoint","urlTemplate":"https:\/\/dicodusport.fr\/blog\/?s={search_term_string}"},"query-input":{"@type":"PropertyValueSpecification","valueRequired":true,"valueName":"search_term_string"}}],"inLanguage":"fr-FR"},{"@type":"NewsMediaOrganization","@id":"https:\/\/dicodusport.fr\/blog\/#organization","name":"Dicodusport","url":"https:\/\/dicodusport.fr\/blog\/","logo":{"@type":"ImageObject","inLanguage":"fr-FR","@id":"https:\/\/dicodusport.fr\/blog\/#\/schema\/logo\/image\/","url":"https:\/\/dicodusport.fr\/blog\/wp-content\/uploads\/2020\/06\/cropped-LOGO-DICODUSPORT-2020-SANS-FOND-SANS-TEXTE.png","contentUrl":"https:\/\/dicodusport.fr\/blog\/wp-content\/uploads\/2020\/06\/cropped-LOGO-DICODUSPORT-2020-SANS-FOND-SANS-TEXTE.png","width":512,"height":512,"caption":"Dicodusport"},"image":{"@id":"https:\/\/dicodusport.fr\/blog\/#\/schema\/logo\/image\/"},"sameAs":["https:\/\/www.facebook.com\/dicodusport","https:\/\/x.com\/dicodusport","https:\/\/www.instagram.com\/dicodusport\/","https:\/\/www.youtube.com\/channel\/UC7V2KZ5sd3htJivAbA4ZG3w"],"description":"Dicodusport est l'encyclop\u00e9die de l'actualit\u00e9 sportive.","email":"bonjour@dicodusport.fr","legalName":"DICODUSPORT","foundingDate":"2018-01-14","vatID":"FR71834470973","taxID":"83447097300043","numberOfEmployees":{"@type":"QuantitativeValue","minValue":"1","maxValue":"10"}},{"@type":"Person","@id":"https:\/\/dicodusport.fr\/blog\/#\/schema\/person\/37def232098a7a5cbab3974a3690abb0","name":"Maxime Cazenave","image":{"@type":"ImageObject","inLanguage":"fr-FR","@id":"https:\/\/dicodusport.fr\/blog\/#\/schema\/person\/image\/","url":"https:\/\/dicodusport.fr\/blog\/wp-content\/uploads\/2021\/05\/Maxime-Cazenave-150x150.jpg","contentUrl":"https:\/\/dicodusport.fr\/blog\/wp-content\/uploads\/2021\/05\/Maxime-Cazenave-150x150.jpg","caption":"Maxime Cazenave"},"description":"Journaliste\/R\u00e9dacteur depuis 2012 - Berc\u00e9 par l\u2019amour des Girondins de Bordeaux, les \u00e9checs de Christophe Moreau sur le Tour de France sous l'\u00e8re Lance Armstrong et le fade-away l\u00e9tal de Dirk Nowitzki, ma passion d\u00e9vorante pour le sport a toujours \u00e9t\u00e9 un pan incontournable de ma vie. Transmettre ma passion \u00e0 l\u2019\u00e9crit a \u00e9t\u00e9 une transition naturelle. Suiveur assidu de basket et de hockey sur glace, je garde toujours un peu de place pour suivre le cyclisme, le football et le maximum de performances fran\u00e7aises.","sameAs":["https:\/\/x.com\/https:\/\/twitter.com\/Maxime_Caze"],"url":"https:\/\/dicodusport.fr\/blog\/author\/maximec\/"}]}},"_links":{"self":[{"href":"https:\/\/dicodusport.fr\/blog\/wp-json\/wp\/v2\/posts\/468002","targetHints":{"allow":["GET"]}}],"collection":[{"href":"https:\/\/dicodusport.fr\/blog\/wp-json\/wp\/v2\/posts"}],"about":[{"href":"https:\/\/dicodusport.fr\/blog\/wp-json\/wp\/v2\/types\/post"}],"author":[{"embeddable":true,"href":"https:\/\/dicodusport.fr\/blog\/wp-json\/wp\/v2\/users\/55"}],"replies":[{"embeddable":true,"href":"https:\/\/dicodusport.fr\/blog\/wp-json\/wp\/v2\/comments?post=468002"}],"version-history":[{"count":5,"href":"https:\/\/dicodusport.fr\/blog\/wp-json\/wp\/v2\/posts\/468002\/revisions"}],"predecessor-version":[{"id":468745,"href":"https:\/\/dicodusport.fr\/blog\/wp-json\/wp\/v2\/posts\/468002\/revisions\/468745"}],"wp:featuredmedia":[{"embeddable":true,"href":"https:\/\/dicodusport.fr\/blog\/wp-json\/wp\/v2\/media\/468009"}],"wp:attachment":[{"href":"https:\/\/dicodusport.fr\/blog\/wp-json\/wp\/v2\/media?parent=468002"}],"wp:term":[{"taxonomy":"category","embeddable":true,"href":"https:\/\/dicodusport.fr\/blog\/wp-json\/wp\/v2\/categories?post=468002"},{"taxonomy":"post_tag","embeddable":true,"href":"https:\/\/dicodusport.fr\/blog\/wp-json\/wp\/v2\/tags?post=468002"}],"curies":[{"name":"wp","href":"https:\/\/api.w.org\/{rel}","templated":true}]}}