{"id":46819,"date":"2019-08-30T14:22:41","date_gmt":"2019-08-30T12:22:41","guid":{"rendered":"http:\/\/dicodusport.fr\/blog\/?p=46819"},"modified":"2019-08-30T14:24:35","modified_gmt":"2019-08-30T12:24:35","slug":"judo-mondiaux-2019-madeleine-malonga-championne-du-monde-a-tokyo","status":"publish","type":"post","link":"https:\/\/dicodusport.fr\/blog\/judo-mondiaux-2019-madeleine-malonga-championne-du-monde-a-tokyo\/","title":{"rendered":"Judo &#8211; Mondiaux 2019 : Madeleine Malonga championne du monde \u00e0 Tokyo"},"content":{"rendered":"<p style=\"text-align: justify;\"><strong><em>Magnifique Madeleine Malonga ! La Fran\u00e7aise a remport\u00e9 ce vendredi son premier titre mondial dans la cat\u00e9gorie &#8211; de 78 kg.<\/em><\/strong><\/p>\n<p style=\"text-align: justify;\"><a href=\"http:\/\/dicodusport.fr\/blog\/judo-mondiaux-2019-marie-eve-gahie-championne-du-monde-a-tokyo\/\" target=\"_blank\" rel=\"noopener\">Apr\u00e8s le titre mondial de <strong>Marie-Eve\u00a0Gahi\u00e9<\/strong><\/a>, l&rsquo;\u00e9quipe de France de judo d\u00e9croche un troisi\u00e8me sacre aux Mondiaux de Tokyo, \u00e0 un an des JO.<\/p>\n<p style=\"text-align: justify;\">Madeleine Malonga s&rsquo;est impos\u00e9e face \u00e0 la tenante du titre japonaise Shori Hamada. Pour arriver en finale, elle s&rsquo;\u00e9tait d\u00e9faite de la Sud-Cor\u00e9enne Lee Jeongyun, de l\u2019\u00c9quatorienne Vanessa Chala puis de la Britannique Natalie Powell et enfin de la Br\u00e9silienne Mayra Aguiar en demi-finale.<\/p>\n<p style=\"text-align: justify;\">L&rsquo;\u00e9quipe de France\u00a0est deuxi\u00e8me au tableau des m\u00e9dailles et compte 3 titres comme le Japon et deux m\u00e9dailles de bronze.<\/p>\n<p><span class=\"1qtGcZFNSO2khuvIw7QaDWgT3eoK5rVlBn8Cx\"><\/p>\n<blockquote class=\"twitter-tweet\" data-width=\"550\" data-dnt=\"true\">\n<p lang=\"fr\" dir=\"ltr\">Madeleine MALONGA (-78kg) est CHAMPIONNE DU MONDE!!!!! \u2b50<br \/>Elle bat la Japonaise Shori HAMADA devant son public !!!<br \/> <a href=\"https:\/\/twitter.com\/hashtag\/JudoWorlds?src=hash&amp;ref_src=twsrc%5Etfw\">#JudoWorlds<\/a> <a href=\"https:\/\/twitter.com\/hashtag\/espritbleu?src=hash&amp;ref_src=twsrc%5Etfw\">#espritbleu<\/a> <a href=\"https:\/\/t.co\/1Nk5XXQMDK\">pic.twitter.com\/1Nk5XXQMDK<\/a><\/p>\n<p>&mdash; FF Judo (@ffjudo_officiel) <a href=\"https:\/\/twitter.com\/ffjudo_officiel\/status\/1167398330361499649?ref_src=twsrc%5Etfw\">August 30, 2019<\/a><\/p><\/blockquote>\n<p><script async src=\"https:\/\/platform.twitter.com\/widgets.js\" charset=\"utf-8\"><\/script><\/span><\/p>\n<p><strong><em>Dicodusport<br \/>\n<a href=\"https:\/\/www.facebook.com\/dicodusport\/\" target=\"_blank\" rel=\"noopener\"><img loading=\"lazy\" decoding=\"async\" class=\"alignnone wp-image-2909\" src=\"http:\/\/dicodusport.fr\/blog\/wp-content\/uploads\/2017\/07\/logo-facebook-150x150.png\" alt=\"\" width=\"40\" height=\"40\" \/><\/a><a href=\"https:\/\/twitter.com\/dicodusport\" target=\"_blank\" rel=\"noopener\"><img loading=\"lazy\" decoding=\"async\" class=\"alignnone wp-image-2908\" src=\"http:\/\/dicodusport.fr\/blog\/wp-content\/uploads\/2017\/07\/logo-twitter-150x150.png\" alt=\"\" width=\"39\" height=\"39\" \/><\/a><\/em><\/strong><\/p>\n","protected":false},"excerpt":{"rendered":"<p>Magnifique Madeleine Malonga ! La Fran\u00e7aise a remport\u00e9 ce vendredi son premier titre mondial dans la cat\u00e9gorie &#8211; de 78 kg.<\/p>\n","protected":false},"author":12,"featured_media":46820,"comment_status":"open","ping_status":"closed","sticky":false,"template":"","format":"standard","meta":{"_acf_changed":false,"_daextam_enable_autolinks":"","footnotes":""},"categories":[8651],"tags":[68,4687,24],"class_list":["post-46819","post","type-post","status-publish","format-standard","has-post-thumbnail","hentry","category-judo","tag-judo","tag-madeleine-malonga","tag-sport"],"acf":[],"yoast_head":"<!-- This site is optimized with the Yoast SEO Premium plugin v26.7 (Yoast SEO v26.7) - https:\/\/yoast.com\/wordpress\/plugins\/seo\/ -->\n<title>Judo - Mondiaux 2019 : Madeleine Malonga championne du monde \u00e0 Tokyo<\/title>\n<meta name=\"description\" content=\"Magnifique Madeleine Malonga ! La Fran\u00e7aise a remport\u00e9 ce vendredi son premier titre mondial dans la cat\u00e9gorie - de 78 kg.\" \/>\n<meta name=\"robots\" content=\"index, follow, max-snippet:-1, max-image-preview:large, max-video-preview:-1\" \/>\n<link rel=\"canonical\" href=\"https:\/\/dicodusport.fr\/blog\/judo-mondiaux-2019-madeleine-malonga-championne-du-monde-a-tokyo\/\" \/>\n<meta property=\"og:locale\" content=\"fr_FR\" \/>\n<meta property=\"og:type\" content=\"article\" \/>\n<meta property=\"og:title\" content=\"Judo - Mondiaux 2019 : Madeleine Malonga championne du monde \u00e0 Tokyo\" \/>\n<meta property=\"og:description\" content=\"Magnifique Madeleine Malonga ! La Fran\u00e7aise a remport\u00e9 ce vendredi son premier titre mondial dans la cat\u00e9gorie - de 78 kg.\" \/>\n<meta property=\"og:url\" content=\"https:\/\/dicodusport.fr\/blog\/judo-mondiaux-2019-madeleine-malonga-championne-du-monde-a-tokyo\/\" \/>\n<meta property=\"og:site_name\" content=\"Dicodusport\" \/>\n<meta property=\"article:publisher\" content=\"https:\/\/www.facebook.com\/dicodusport\" \/>\n<meta property=\"article:published_time\" content=\"2019-08-30T12:22:41+00:00\" \/>\n<meta property=\"article:modified_time\" content=\"2019-08-30T12:24:35+00:00\" \/>\n<meta property=\"og:image\" content=\"https:\/\/dicodusport.fr\/blog\/wp-content\/uploads\/2019\/08\/Madeleine-Malonga.png\" \/>\n\t<meta property=\"og:image:width\" content=\"800\" \/>\n\t<meta property=\"og:image:height\" content=\"445\" \/>\n\t<meta property=\"og:image:type\" content=\"image\/png\" \/>\n<meta name=\"author\" content=\"Arlette Yeye\" \/>\n<meta name=\"twitter:card\" content=\"summary_large_image\" \/>\n<meta name=\"twitter:title\" content=\"Judo - Mondiaux 2019 : Madeleine Malonga championne du monde \u00e0 Tokyo\" \/>\n<meta name=\"twitter:creator\" content=\"@https:\/\/twitter.com\/Shiclette94\" \/>\n<meta name=\"twitter:site\" content=\"@dicodusport\" \/>\n<script type=\"application\/ld+json\" class=\"yoast-schema-graph\">{\"@context\":\"https:\/\/schema.org\",\"@graph\":[{\"@type\":\"NewsArticle\",\"@id\":\"https:\/\/dicodusport.fr\/blog\/judo-mondiaux-2019-madeleine-malonga-championne-du-monde-a-tokyo\/#article\",\"isPartOf\":{\"@id\":\"https:\/\/dicodusport.fr\/blog\/judo-mondiaux-2019-madeleine-malonga-championne-du-monde-a-tokyo\/\"},\"author\":{\"name\":\"Arlette Yeye\",\"@id\":\"https:\/\/dicodusport.fr\/blog\/#\/schema\/person\/cce96fa88785bd8573e3d43078ac8c79\"},\"headline\":\"Judo &#8211; Mondiaux 2019 : Madeleine Malonga championne du monde \u00e0 Tokyo\",\"datePublished\":\"2019-08-30T12:22:41+00:00\",\"dateModified\":\"2019-08-30T12:24:35+00:00\",\"mainEntityOfPage\":{\"@id\":\"https:\/\/dicodusport.fr\/blog\/judo-mondiaux-2019-madeleine-malonga-championne-du-monde-a-tokyo\/\"},\"wordCount\":139,\"commentCount\":0,\"publisher\":{\"@id\":\"https:\/\/dicodusport.fr\/blog\/#organization\"},\"image\":{\"@id\":\"https:\/\/dicodusport.fr\/blog\/judo-mondiaux-2019-madeleine-malonga-championne-du-monde-a-tokyo\/#primaryimage\"},\"thumbnailUrl\":\"https:\/\/dicodusport.fr\/blog\/wp-content\/uploads\/2019\/08\/Madeleine-Malonga.png\",\"keywords\":[\"Judo\",\"Madeleine Malonga\",\"sport\"],\"articleSection\":[\"Judo\"],\"inLanguage\":\"fr-FR\",\"potentialAction\":[{\"@type\":\"CommentAction\",\"name\":\"Comment\",\"target\":[\"https:\/\/dicodusport.fr\/blog\/judo-mondiaux-2019-madeleine-malonga-championne-du-monde-a-tokyo\/#respond\"]}],\"copyrightYear\":\"2019\",\"copyrightHolder\":{\"@id\":\"https:\/\/dicodusport.fr\/blog\/#organization\"}},{\"@type\":\"WebPage\",\"@id\":\"https:\/\/dicodusport.fr\/blog\/judo-mondiaux-2019-madeleine-malonga-championne-du-monde-a-tokyo\/\",\"url\":\"https:\/\/dicodusport.fr\/blog\/judo-mondiaux-2019-madeleine-malonga-championne-du-monde-a-tokyo\/\",\"name\":\"Judo - Mondiaux 2019 : Madeleine Malonga championne du monde \u00e0 Tokyo\",\"isPartOf\":{\"@id\":\"https:\/\/dicodusport.fr\/blog\/#website\"},\"primaryImageOfPage\":{\"@id\":\"https:\/\/dicodusport.fr\/blog\/judo-mondiaux-2019-madeleine-malonga-championne-du-monde-a-tokyo\/#primaryimage\"},\"image\":{\"@id\":\"https:\/\/dicodusport.fr\/blog\/judo-mondiaux-2019-madeleine-malonga-championne-du-monde-a-tokyo\/#primaryimage\"},\"thumbnailUrl\":\"https:\/\/dicodusport.fr\/blog\/wp-content\/uploads\/2019\/08\/Madeleine-Malonga.png\",\"datePublished\":\"2019-08-30T12:22:41+00:00\",\"dateModified\":\"2019-08-30T12:24:35+00:00\",\"description\":\"Magnifique Madeleine Malonga ! La Fran\u00e7aise a remport\u00e9 ce vendredi son premier titre mondial dans la cat\u00e9gorie - de 78 kg.\",\"breadcrumb\":{\"@id\":\"https:\/\/dicodusport.fr\/blog\/judo-mondiaux-2019-madeleine-malonga-championne-du-monde-a-tokyo\/#breadcrumb\"},\"inLanguage\":\"fr-FR\",\"potentialAction\":[{\"@type\":\"ReadAction\",\"target\":[\"https:\/\/dicodusport.fr\/blog\/judo-mondiaux-2019-madeleine-malonga-championne-du-monde-a-tokyo\/\"]}]},{\"@type\":\"ImageObject\",\"inLanguage\":\"fr-FR\",\"@id\":\"https:\/\/dicodusport.fr\/blog\/judo-mondiaux-2019-madeleine-malonga-championne-du-monde-a-tokyo\/#primaryimage\",\"url\":\"https:\/\/dicodusport.fr\/blog\/wp-content\/uploads\/2019\/08\/Madeleine-Malonga.png\",\"contentUrl\":\"https:\/\/dicodusport.fr\/blog\/wp-content\/uploads\/2019\/08\/Madeleine-Malonga.png\",\"width\":800,\"height\":445},{\"@type\":\"BreadcrumbList\",\"@id\":\"https:\/\/dicodusport.fr\/blog\/judo-mondiaux-2019-madeleine-malonga-championne-du-monde-a-tokyo\/#breadcrumb\",\"itemListElement\":[{\"@type\":\"ListItem\",\"position\":1,\"name\":\"Accueil\",\"item\":\"https:\/\/dicodusport.fr\/blog\/\"},{\"@type\":\"ListItem\",\"position\":2,\"name\":\"Judo &#8211; Mondiaux 2019 : Madeleine Malonga championne du monde \u00e0 Tokyo\"}]},{\"@type\":\"WebSite\",\"@id\":\"https:\/\/dicodusport.fr\/blog\/#website\",\"url\":\"https:\/\/dicodusport.fr\/blog\/\",\"name\":\"Dicodusport\",\"description\":\"L&#039;encyclop\u00e9die de l&#039;actualit\u00e9 sportive\",\"publisher\":{\"@id\":\"https:\/\/dicodusport.fr\/blog\/#organization\"},\"potentialAction\":[{\"@type\":\"SearchAction\",\"target\":{\"@type\":\"EntryPoint\",\"urlTemplate\":\"https:\/\/dicodusport.fr\/blog\/?s={search_term_string}\"},\"query-input\":{\"@type\":\"PropertyValueSpecification\",\"valueRequired\":true,\"valueName\":\"search_term_string\"}}],\"inLanguage\":\"fr-FR\"},{\"@type\":\"NewsMediaOrganization\",\"@id\":\"https:\/\/dicodusport.fr\/blog\/#organization\",\"name\":\"Dicodusport\",\"url\":\"https:\/\/dicodusport.fr\/blog\/\",\"logo\":{\"@type\":\"ImageObject\",\"inLanguage\":\"fr-FR\",\"@id\":\"https:\/\/dicodusport.fr\/blog\/#\/schema\/logo\/image\/\",\"url\":\"https:\/\/dicodusport.fr\/blog\/wp-content\/uploads\/2020\/06\/cropped-LOGO-DICODUSPORT-2020-SANS-FOND-SANS-TEXTE.png\",\"contentUrl\":\"https:\/\/dicodusport.fr\/blog\/wp-content\/uploads\/2020\/06\/cropped-LOGO-DICODUSPORT-2020-SANS-FOND-SANS-TEXTE.png\",\"width\":512,\"height\":512,\"caption\":\"Dicodusport\"},\"image\":{\"@id\":\"https:\/\/dicodusport.fr\/blog\/#\/schema\/logo\/image\/\"},\"sameAs\":[\"https:\/\/www.facebook.com\/dicodusport\",\"https:\/\/x.com\/dicodusport\",\"https:\/\/www.instagram.com\/dicodusport\/\",\"https:\/\/www.youtube.com\/channel\/UC7V2KZ5sd3htJivAbA4ZG3w\"],\"description\":\"Dicodusport est l'encyclop\u00e9die de l'actualit\u00e9 sportive.\",\"email\":\"bonjour@dicodusport.fr\",\"legalName\":\"DICODUSPORT\",\"foundingDate\":\"2018-01-14\",\"vatID\":\"FR71834470973\",\"taxID\":\"83447097300043\",\"numberOfEmployees\":{\"@type\":\"QuantitativeValue\",\"minValue\":\"1\",\"maxValue\":\"10\"}},{\"@type\":\"Person\",\"@id\":\"https:\/\/dicodusport.fr\/blog\/#\/schema\/person\/cce96fa88785bd8573e3d43078ac8c79\",\"name\":\"Arlette Yeye\",\"image\":{\"@type\":\"ImageObject\",\"inLanguage\":\"fr-FR\",\"@id\":\"https:\/\/dicodusport.fr\/blog\/#\/schema\/person\/image\/\",\"url\":\"https:\/\/secure.gravatar.com\/avatar\/dca4a6239e6d708e46c45d60e160de6c?s=96&d=wp_user_avatar&r=g\",\"contentUrl\":\"https:\/\/secure.gravatar.com\/avatar\/dca4a6239e6d708e46c45d60e160de6c?s=96&d=wp_user_avatar&r=g\",\"caption\":\"Arlette Yeye\"},\"description\":\"Journaliste\/r\u00e9dactrice depuis septembre 2015 - Supportrice de Chelsea, j'ai pour sports de pr\u00e9dilection le handball, l'athl\u00e9tisme et le tennis. Si je tweete plus vite que mon ombre, vous pouvez aussi me retrouver les week-ends sur les playgrounds de Bruxelles pour un petit foot ou basket entre potes. Parcourir la France, l'Europe et plus si affinit\u00e9s pour suivre mes sportifs pr\u00e9f\u00e9r\u00e9s ? Mon kif ! Et c'est avec plaisir que je partage les r\u00e9sultats des sports populaires mais \u00e9galement plus confidentiels pour Dicodusport.\",\"sameAs\":[\"https:\/\/x.com\/https:\/\/twitter.com\/Shiclette94\"],\"url\":\"https:\/\/dicodusport.fr\/blog\/author\/arlette\/\"}]}<\/script>\n<!-- \/ Yoast SEO Premium plugin. -->","yoast_head_json":{"title":"Judo - Mondiaux 2019 : Madeleine Malonga championne du monde \u00e0 Tokyo","description":"Magnifique Madeleine Malonga ! La Fran\u00e7aise a remport\u00e9 ce vendredi son premier titre mondial dans la cat\u00e9gorie - de 78 kg.","robots":{"index":"index","follow":"follow","max-snippet":"max-snippet:-1","max-image-preview":"max-image-preview:large","max-video-preview":"max-video-preview:-1"},"canonical":"https:\/\/dicodusport.fr\/blog\/judo-mondiaux-2019-madeleine-malonga-championne-du-monde-a-tokyo\/","og_locale":"fr_FR","og_type":"article","og_title":"Judo - Mondiaux 2019 : Madeleine Malonga championne du monde \u00e0 Tokyo","og_description":"Magnifique Madeleine Malonga ! La Fran\u00e7aise a remport\u00e9 ce vendredi son premier titre mondial dans la cat\u00e9gorie - de 78 kg.","og_url":"https:\/\/dicodusport.fr\/blog\/judo-mondiaux-2019-madeleine-malonga-championne-du-monde-a-tokyo\/","og_site_name":"Dicodusport","article_publisher":"https:\/\/www.facebook.com\/dicodusport","article_published_time":"2019-08-30T12:22:41+00:00","article_modified_time":"2019-08-30T12:24:35+00:00","og_image":[{"width":800,"height":445,"url":"https:\/\/dicodusport.fr\/blog\/wp-content\/uploads\/2019\/08\/Madeleine-Malonga.png","type":"image\/png"}],"author":"Arlette Yeye","twitter_card":"summary_large_image","twitter_title":"Judo - Mondiaux 2019 : Madeleine Malonga championne du monde \u00e0 Tokyo","twitter_creator":"@https:\/\/twitter.com\/Shiclette94","twitter_site":"@dicodusport","schema":{"@context":"https:\/\/schema.org","@graph":[{"@type":"NewsArticle","@id":"https:\/\/dicodusport.fr\/blog\/judo-mondiaux-2019-madeleine-malonga-championne-du-monde-a-tokyo\/#article","isPartOf":{"@id":"https:\/\/dicodusport.fr\/blog\/judo-mondiaux-2019-madeleine-malonga-championne-du-monde-a-tokyo\/"},"author":{"name":"Arlette Yeye","@id":"https:\/\/dicodusport.fr\/blog\/#\/schema\/person\/cce96fa88785bd8573e3d43078ac8c79"},"headline":"Judo &#8211; Mondiaux 2019 : Madeleine Malonga championne du monde \u00e0 Tokyo","datePublished":"2019-08-30T12:22:41+00:00","dateModified":"2019-08-30T12:24:35+00:00","mainEntityOfPage":{"@id":"https:\/\/dicodusport.fr\/blog\/judo-mondiaux-2019-madeleine-malonga-championne-du-monde-a-tokyo\/"},"wordCount":139,"commentCount":0,"publisher":{"@id":"https:\/\/dicodusport.fr\/blog\/#organization"},"image":{"@id":"https:\/\/dicodusport.fr\/blog\/judo-mondiaux-2019-madeleine-malonga-championne-du-monde-a-tokyo\/#primaryimage"},"thumbnailUrl":"https:\/\/dicodusport.fr\/blog\/wp-content\/uploads\/2019\/08\/Madeleine-Malonga.png","keywords":["Judo","Madeleine Malonga","sport"],"articleSection":["Judo"],"inLanguage":"fr-FR","potentialAction":[{"@type":"CommentAction","name":"Comment","target":["https:\/\/dicodusport.fr\/blog\/judo-mondiaux-2019-madeleine-malonga-championne-du-monde-a-tokyo\/#respond"]}],"copyrightYear":"2019","copyrightHolder":{"@id":"https:\/\/dicodusport.fr\/blog\/#organization"}},{"@type":"WebPage","@id":"https:\/\/dicodusport.fr\/blog\/judo-mondiaux-2019-madeleine-malonga-championne-du-monde-a-tokyo\/","url":"https:\/\/dicodusport.fr\/blog\/judo-mondiaux-2019-madeleine-malonga-championne-du-monde-a-tokyo\/","name":"Judo - Mondiaux 2019 : Madeleine Malonga championne du monde \u00e0 Tokyo","isPartOf":{"@id":"https:\/\/dicodusport.fr\/blog\/#website"},"primaryImageOfPage":{"@id":"https:\/\/dicodusport.fr\/blog\/judo-mondiaux-2019-madeleine-malonga-championne-du-monde-a-tokyo\/#primaryimage"},"image":{"@id":"https:\/\/dicodusport.fr\/blog\/judo-mondiaux-2019-madeleine-malonga-championne-du-monde-a-tokyo\/#primaryimage"},"thumbnailUrl":"https:\/\/dicodusport.fr\/blog\/wp-content\/uploads\/2019\/08\/Madeleine-Malonga.png","datePublished":"2019-08-30T12:22:41+00:00","dateModified":"2019-08-30T12:24:35+00:00","description":"Magnifique Madeleine Malonga ! La Fran\u00e7aise a remport\u00e9 ce vendredi son premier titre mondial dans la cat\u00e9gorie - de 78 kg.","breadcrumb":{"@id":"https:\/\/dicodusport.fr\/blog\/judo-mondiaux-2019-madeleine-malonga-championne-du-monde-a-tokyo\/#breadcrumb"},"inLanguage":"fr-FR","potentialAction":[{"@type":"ReadAction","target":["https:\/\/dicodusport.fr\/blog\/judo-mondiaux-2019-madeleine-malonga-championne-du-monde-a-tokyo\/"]}]},{"@type":"ImageObject","inLanguage":"fr-FR","@id":"https:\/\/dicodusport.fr\/blog\/judo-mondiaux-2019-madeleine-malonga-championne-du-monde-a-tokyo\/#primaryimage","url":"https:\/\/dicodusport.fr\/blog\/wp-content\/uploads\/2019\/08\/Madeleine-Malonga.png","contentUrl":"https:\/\/dicodusport.fr\/blog\/wp-content\/uploads\/2019\/08\/Madeleine-Malonga.png","width":800,"height":445},{"@type":"BreadcrumbList","@id":"https:\/\/dicodusport.fr\/blog\/judo-mondiaux-2019-madeleine-malonga-championne-du-monde-a-tokyo\/#breadcrumb","itemListElement":[{"@type":"ListItem","position":1,"name":"Accueil","item":"https:\/\/dicodusport.fr\/blog\/"},{"@type":"ListItem","position":2,"name":"Judo &#8211; Mondiaux 2019 : Madeleine Malonga championne du monde \u00e0 Tokyo"}]},{"@type":"WebSite","@id":"https:\/\/dicodusport.fr\/blog\/#website","url":"https:\/\/dicodusport.fr\/blog\/","name":"Dicodusport","description":"L&#039;encyclop\u00e9die de l&#039;actualit\u00e9 sportive","publisher":{"@id":"https:\/\/dicodusport.fr\/blog\/#organization"},"potentialAction":[{"@type":"SearchAction","target":{"@type":"EntryPoint","urlTemplate":"https:\/\/dicodusport.fr\/blog\/?s={search_term_string}"},"query-input":{"@type":"PropertyValueSpecification","valueRequired":true,"valueName":"search_term_string"}}],"inLanguage":"fr-FR"},{"@type":"NewsMediaOrganization","@id":"https:\/\/dicodusport.fr\/blog\/#organization","name":"Dicodusport","url":"https:\/\/dicodusport.fr\/blog\/","logo":{"@type":"ImageObject","inLanguage":"fr-FR","@id":"https:\/\/dicodusport.fr\/blog\/#\/schema\/logo\/image\/","url":"https:\/\/dicodusport.fr\/blog\/wp-content\/uploads\/2020\/06\/cropped-LOGO-DICODUSPORT-2020-SANS-FOND-SANS-TEXTE.png","contentUrl":"https:\/\/dicodusport.fr\/blog\/wp-content\/uploads\/2020\/06\/cropped-LOGO-DICODUSPORT-2020-SANS-FOND-SANS-TEXTE.png","width":512,"height":512,"caption":"Dicodusport"},"image":{"@id":"https:\/\/dicodusport.fr\/blog\/#\/schema\/logo\/image\/"},"sameAs":["https:\/\/www.facebook.com\/dicodusport","https:\/\/x.com\/dicodusport","https:\/\/www.instagram.com\/dicodusport\/","https:\/\/www.youtube.com\/channel\/UC7V2KZ5sd3htJivAbA4ZG3w"],"description":"Dicodusport est l'encyclop\u00e9die de l'actualit\u00e9 sportive.","email":"bonjour@dicodusport.fr","legalName":"DICODUSPORT","foundingDate":"2018-01-14","vatID":"FR71834470973","taxID":"83447097300043","numberOfEmployees":{"@type":"QuantitativeValue","minValue":"1","maxValue":"10"}},{"@type":"Person","@id":"https:\/\/dicodusport.fr\/blog\/#\/schema\/person\/cce96fa88785bd8573e3d43078ac8c79","name":"Arlette Yeye","image":{"@type":"ImageObject","inLanguage":"fr-FR","@id":"https:\/\/dicodusport.fr\/blog\/#\/schema\/person\/image\/","url":"https:\/\/secure.gravatar.com\/avatar\/dca4a6239e6d708e46c45d60e160de6c?s=96&d=wp_user_avatar&r=g","contentUrl":"https:\/\/secure.gravatar.com\/avatar\/dca4a6239e6d708e46c45d60e160de6c?s=96&d=wp_user_avatar&r=g","caption":"Arlette Yeye"},"description":"Journaliste\/r\u00e9dactrice depuis septembre 2015 - Supportrice de Chelsea, j'ai pour sports de pr\u00e9dilection le handball, l'athl\u00e9tisme et le tennis. Si je tweete plus vite que mon ombre, vous pouvez aussi me retrouver les week-ends sur les playgrounds de Bruxelles pour un petit foot ou basket entre potes. Parcourir la France, l'Europe et plus si affinit\u00e9s pour suivre mes sportifs pr\u00e9f\u00e9r\u00e9s ? Mon kif ! Et c'est avec plaisir que je partage les r\u00e9sultats des sports populaires mais \u00e9galement plus confidentiels pour Dicodusport.","sameAs":["https:\/\/x.com\/https:\/\/twitter.com\/Shiclette94"],"url":"https:\/\/dicodusport.fr\/blog\/author\/arlette\/"}]}},"_links":{"self":[{"href":"https:\/\/dicodusport.fr\/blog\/wp-json\/wp\/v2\/posts\/46819","targetHints":{"allow":["GET"]}}],"collection":[{"href":"https:\/\/dicodusport.fr\/blog\/wp-json\/wp\/v2\/posts"}],"about":[{"href":"https:\/\/dicodusport.fr\/blog\/wp-json\/wp\/v2\/types\/post"}],"author":[{"embeddable":true,"href":"https:\/\/dicodusport.fr\/blog\/wp-json\/wp\/v2\/users\/12"}],"replies":[{"embeddable":true,"href":"https:\/\/dicodusport.fr\/blog\/wp-json\/wp\/v2\/comments?post=46819"}],"version-history":[{"count":0,"href":"https:\/\/dicodusport.fr\/blog\/wp-json\/wp\/v2\/posts\/46819\/revisions"}],"wp:featuredmedia":[{"embeddable":true,"href":"https:\/\/dicodusport.fr\/blog\/wp-json\/wp\/v2\/media\/46820"}],"wp:attachment":[{"href":"https:\/\/dicodusport.fr\/blog\/wp-json\/wp\/v2\/media?parent=46819"}],"wp:term":[{"taxonomy":"category","embeddable":true,"href":"https:\/\/dicodusport.fr\/blog\/wp-json\/wp\/v2\/categories?post=46819"},{"taxonomy":"post_tag","embeddable":true,"href":"https:\/\/dicodusport.fr\/blog\/wp-json\/wp\/v2\/tags?post=46819"}],"curies":[{"name":"wp","href":"https:\/\/api.w.org\/{rel}","templated":true}]}}