{"id":468287,"date":"2024-03-02T13:59:06","date_gmt":"2024-03-02T12:59:06","guid":{"rendered":"https:\/\/dicodusport.fr\/blog\/?p=468287&#038;preview=true&#038;preview_id=468287"},"modified":"2024-03-02T16:30:56","modified_gmt":"2024-03-02T15:30:56","slug":"athletisme-mondiaux-en-salle-le-resume-de-la-matinee-du-samedi-2-mars","status":"publish","type":"post","link":"https:\/\/dicodusport.fr\/blog\/athletisme-mondiaux-en-salle-le-resume-de-la-matinee-du-samedi-2-mars\/","title":{"rendered":"Athl\u00e9tisme Mondiaux en salle : Le r\u00e9sum\u00e9 de la matin\u00e9e du samedi 2 mars"},"content":{"rendered":"<p style=\"text-align: justify;\"><strong><em>CHAMPIONNATS DU MONDE EN SALLE D&rsquo;ATHL\u00c9TISME 2024 &#8211; Benjamin Robert se hisse en finale du 800 m, dans une matin\u00e9e o\u00f9 les Bleus ont brill\u00e9. La longueur a \u00e9t\u00e9 remport\u00e9e par le Grec Miltiadis Tentoglou.<\/em><\/strong><\/p>\n<ul>\n<li style=\"text-align: justify;\"><strong>\u00c0 ce sujet &#8211; <a href=\"https:\/\/dicodusport.fr\/blog\/athletisme-programme-et-resultats-championnats-du-monde-en-salle-2024\/\" target=\"_blank\" rel=\"noopener\">Programme et r\u00e9sultats Championnats du monde en salle d&rsquo;athl\u00e9tisme 2024<\/a><\/strong><\/li>\n<li><strong>\u00c0 ce sujet &#8211; <a title=\"Tableau des m\u00e9dailles Athl\u00e9tisme Championnats du monde en salle 2024\" href=\"https:\/\/dicodusport.fr\/blog\/tableau-des-medailles-athletisme-championnats-du-monde-en-salle-2024\/\" target=\"_blank\" rel=\"noopener\">Tableau des m\u00e9dailles des Championnats du monde en salle d\u2019athl\u00e9tisme 2024<\/a><\/strong><\/li>\n<\/ul>\n<h2>Miltiadis Tentoglou, encore lui \u00e0 la longueur<\/h2>\n<p style=\"text-align: justify;\">Un titre pour un deuxi\u00e8me meilleur essai. <strong>Miltiadis Tentoglou<\/strong> et <strong>Mattia Furlani<\/strong> ont r\u00e9alis\u00e9 un concours tr\u00e8s serr\u00e9. Les deux sauteurs, dans cette finale de la longueur, ont frapp\u00e9 fort d&rsquo;entr\u00e9e de jeu, avec un premier essai \u00e0 8.22 m. S&rsquo;ils n&rsquo;iront pas plus loin, le concours a \u00e9t\u00e9 intense en suspense, \u00e0 d\u00e9faut de l&rsquo;\u00eatre en performances. C&rsquo;est la r\u00e9gularit\u00e9 qui aura prim\u00e9 pour le Grec. Avec un deuxi\u00e8me bond \u00e0 8.15 m, contre 8.10 pour le recordman du monde juniors. Mais les deux ont eu tr\u00e8s chaud. Car le Jama\u00efcain <strong>Carey McLeod<\/strong> s&rsquo;est envol\u00e9 \u00e0 8.21 m \u00e0 sa 5e tentative, \u00e0 seulement un centim\u00e8tre des deux. Chaud, on a eu \u00e9galement apr\u00e8s le dernier essai de l&rsquo;Italien. Qui s&rsquo;est envol\u00e9 tr\u00e8s loin. Mais qui a largement mordu. N\u00e9anmoins, m\u00eame avec ces 14 centim\u00e8tres en moins, c&rsquo;\u00e9tait un saut exceptionnel. Mais il doit se contenter de l&rsquo;argent.<\/p>\n<h2>Benjamin Robert en finale du 800 m<\/h2>\n<p style=\"text-align: justify;\">Dans cette matin\u00e9e tr\u00e8s belle pour les Fran\u00e7ais, c&rsquo;est <strong>Benjamin Robert<\/strong> qui a ravi les supporters de l&rsquo;\u00e9quipe de France. Le sp\u00e9cialiste du 800 m se hisse en finale de la comp\u00e9tition. Sa toute premi\u00e8re finale mondiale. Au terme d&rsquo;une course \u00e0 suspense, o\u00f9 il est parvenu \u00e0 arracher la 3e place de la deuxi\u00e8me demi-finale. La derni\u00e8re qualificative. Dans une course courue rapidement, o\u00f9 il bat son record personnel de pr\u00e8s de sept dixi\u00e8mes. Avec 1:45.28.<strong> Bryce Hoppel<\/strong> a remport\u00e9 la course en 1:45.08, dans le m\u00eame temps que le Belge <strong>Eliott Crestan<\/strong>, qui s&rsquo;offre son record personnel. Dans la premi\u00e8re course, l&rsquo;Espagnol <strong>Mariano Garcia<\/strong> survole la course en 1:47.83.<\/p>\n<blockquote class=\"twitter-tweet\">\n<p dir=\"ltr\" lang=\"fr\">\ud83c\uddeb\ud83c\uddf7 En plus de s&rsquo;\u00eatre qualifi\u00e9 pour la finale du 800 m, Benjamin Robert a battu son record personnel en salle. Sa r\u00e9action \ud83d\udc47 <a href=\"https:\/\/twitter.com\/hashtag\/WorldIndoorChamps?src=hash&amp;ref_src=twsrc%5Etfw\">#WorldIndoorChamps<\/a> <a href=\"https:\/\/twitter.com\/hashtag\/WICGlasgow24?src=hash&amp;ref_src=twsrc%5Etfw\">#WICGlasgow24<\/a><\/p>\n<p>\ud83c\udfa6 <a href=\"https:\/\/twitter.com\/Vicky_Vick_E?ref_src=twsrc%5Etfw\">@Vicky_Vick_E<\/a> <a href=\"https:\/\/t.co\/wK6kVYb7M3\">pic.twitter.com\/wK6kVYb7M3<\/a><\/p>\n<p>\u2014 Dicodusport \u2b50\u2b50 (@dicodusport) <a href=\"https:\/\/twitter.com\/dicodusport\/status\/1763947084288229432?ref_src=twsrc%5Etfw\">March 2, 2024<\/a><\/p><\/blockquote>\n<p><script async src=\"https:\/\/platform.twitter.com\/widgets.js\" charset=\"utf-8\"><\/script><\/p>\n<h2>Pas de soucis pour Belocian et Kwaou-Mathey<\/h2>\n<p style=\"text-align: justify;\"><strong>Wilhem Belocian<\/strong> a montr\u00e9 sa grande forme d\u00e8s la session matinale. Le Fran\u00e7ais, outsider sur 60 m haies, a survol\u00e9 sa s\u00e9rie en 7.47. En t\u00eate de bout en bout et non loin de son record personnel. <strong>Just Kwaou-Mathey<\/strong> a \u00e9galement domin\u00e9 sa course, avec un tr\u00e8s bon chrono de 7.52, \u00e0 neuf centi\u00e8mes de son record personnel. Le jeune Fran\u00e7ais \u00e9tait satisfait :<\/p>\n<blockquote>\n<p style=\"text-align: justify;\">On a fait avec ce qu&rsquo;on avait ce matin. \u00c7a va, j&rsquo;ai trouv\u00e9 \u00e7a assez propre. Dommage que le premier d\u00e9part ait \u00e9t\u00e9 rappel\u00e9 parce que je m&rsquo;\u00e9tais bien lanc\u00e9 cette fois-ci. M\u00eame si au deuxi\u00e8me aussi mais je pense que j&rsquo;aurais pu mettre un peu plus. Mais je pense que pour ce matin c&rsquo;est ce qu&rsquo;il fallait. J&rsquo;ai gagn\u00e9 ma s\u00e9rie, c&rsquo;est le plus important. La piste est vraiment bien, j&rsquo;ai des bonnes sensations, je me sentais l\u00e9ger et disponible \u00e0 mettre plus d&rsquo;intensit\u00e9 pour cet apr\u00e8s-midi.<\/p>\n<\/blockquote>\n<p style=\"text-align: justify;\">Sans grande surprise, le meilleur temps des s\u00e9ries est pour le recordman du monde et invaincu sur la distance depuis 10 ans, <strong>Grant Holloway<\/strong>, qui a couru en 7.44. L&rsquo;Am\u00e9ricain poss\u00e8de une grande marge, mais on esp\u00e8re qu&rsquo;un ou deux fran\u00e7ais sauront se hisser dans son sillage. Pour des demies et une finale, ce samedi soir. Parmi les outsiders,<strong> Lorenzo Simonelli<\/strong>, domine sa course en 7.61. <strong>Trey Cunningham<\/strong> a lui domin\u00e9 <strong>Jason Joseph<\/strong> dans la derni\u00e8re s\u00e9rie (7.59 contre 7.62).<\/p>\n<blockquote class=\"twitter-tweet\">\n<p dir=\"ltr\" lang=\"fr\">\ud83c\uddeb\ud83c\uddf7 Wilhem Belocian fait forte impression en s\u00e9ries du 60 m haies, en remportant sa course en 7\u2019\u201947 !<\/p>\n<p>\u23f0 Rendez-vous ce soir \u00e0 partir de 20h10 pour les demi-finales !<\/p>\n<p>\ud83d\udcbb Les <a href=\"https:\/\/twitter.com\/hashtag\/WorldIndoorChamps?src=hash&amp;ref_src=twsrc%5Etfw\">#WorldIndoorChamps<\/a> sont \u00e0 suivre le matin sur <a href=\"https:\/\/t.co\/Ak1aXzguyo\">https:\/\/t.co\/Ak1aXzguyo<\/a> et le soir sur France 4. <a href=\"https:\/\/t.co\/B294GnjERN\">pic.twitter.com\/B294GnjERN<\/a><\/p>\n<p>\u2014 FFAthl\u00e9tisme (@FFAthletisme) <a href=\"https:\/\/twitter.com\/FFAthletisme\/status\/1763876680932745538?ref_src=twsrc%5Etfw\">March 2, 2024<\/a><\/p><\/blockquote>\n<p><script async src=\"https:\/\/platform.twitter.com\/widgets.js\" charset=\"utf-8\"><\/script><\/p>\n<h2>Orlann Oli\u00e8re qualifi\u00e9e en demies<\/h2>\n<p style=\"text-align: justify;\">Elle a eu chaud, mais cela passe pour les demi-finales. Pour deux milli\u00e8mes qui ont bascul\u00e9 dans le bon sens. <strong>Orlann Oli\u00e8re<\/strong>, dans la derni\u00e8re s\u00e9rie du 60 m, a pris la 3e place de sa course, la derni\u00e8re qualificative, avec un chrono de 7.20. Comme l&rsquo;Espagnole <strong>Jael Bestu\u00e9<\/strong>, mais derri\u00e8re la tricolore.<\/p>\n<blockquote>\n<p style=\"text-align: justify;\">Il faut vraiment rester concentr\u00e9e pour ce soir parce que \u00e7a va aller tr\u00e8s vite. Il y a un tr\u00e8s bon niveau, en m\u00eame temps on est aux Monde, c&rsquo;est ce que je suis venue chercher. L&rsquo;objectif c&rsquo;\u00e9tait de se qualifier en demies, je l&rsquo;ai fait. J&rsquo;\u00e9tais dans ma bulle. Au couloir 1, je savais que ce n&rsquo;\u00e9tait pas un couloir qui me convient, mais il fallait rester concentr\u00e9e jusqu&rsquo;au bout. C&rsquo;est ce que j&rsquo;ai r\u00e9ussi \u00e0 faire, focus pour la suite.<\/p>\n<\/blockquote>\n<p style=\"text-align: justify;\"><strong>Ewa Swoboda<\/strong> a impressionn\u00e9 tout le monde en giclant des starting-blocks et en effectuant une course tr\u00e8s compl\u00e8te, claquant un 7.02 d\u00e8s le matin. Mais la r\u00e9ponse de <strong>Julien Alfred<\/strong> fut cinglante, cette derni\u00e8re signant un chrono similaire \u00e0 la Polonaise, avec une deuxi\u00e8me partie de course \u00e9norme. Parmi celles qui ont impressionn\u00e9, on peut noter l&rsquo;Italienne <strong>Zaynab Dosso<\/strong> (7.10) ou <strong>Rani Rosius<\/strong>, la Belge qui cogne son record personnel en 7.12.<\/p>\n<h2>Reekie sans probl\u00e8mes, Yarigo s&rsquo;invite parmi la f\u00eate sur 800 m<\/h2>\n<p style=\"text-align: justify;\">Il y aura un peu de France en finale du 800 m f\u00e9minin. <strong>No\u00e9lie Yarigo<\/strong>, qui repr\u00e9sente le B\u00e9nin, mais qui a la double nationalit\u00e9, s&rsquo;est hiss\u00e9e dans les six meilleures, au terme d&rsquo;une course ma\u00eetris\u00e9e. Elle prend la 2e position, avec un chrono de 1:59.45. Dans une course domin\u00e9e par l&rsquo;\u00c9thiopienne <strong>Tsige Duguma<\/strong>, qui cogne son record personnel d\u00e8s les demies, avec un chrono de 1:58.35. Pas de soucis pour la grande favorite britannique <strong>Jemma Reekie<\/strong>. Qui domine la seconde course, l\u00e0 aussi courue sur un rythme tr\u00e8s rapide. \u00c0 domicile, elle l&#8217;emporte en 1:58.28, devant <strong>Habitam Alemu<\/strong> en 1:58.59.<\/p>\n<p>&nbsp;<\/p>\n","protected":false},"excerpt":{"rendered":"<p>CHAMPIONNATS DU MONDE EN SALLE D&rsquo;ATHL\u00c9TISME 2024 &#8211; Benjamin Robert se hisse en finale du 800 m, dans une matin\u00e9e o\u00f9 les Bleus ont brill\u00e9. La longueur a \u00e9t\u00e9 remport\u00e9e par le Grec Miltiadis Tentoglou.<\/p>\n","protected":false},"author":83,"featured_media":468351,"comment_status":"open","ping_status":"closed","sticky":false,"template":"","format":"standard","meta":{"_acf_changed":false,"_daextam_enable_autolinks":"1","footnotes":""},"categories":[2308],"tags":[13989,16878],"class_list":["post-468287","post","type-post","status-publish","format-standard","has-post-thumbnail","hentry","category-athletisme","tag-benjamin-robert","tag-breve"],"acf":[],"yoast_head":"<!-- This site is optimized with the Yoast SEO Premium plugin v26.7 (Yoast SEO v26.7) - https:\/\/yoast.com\/wordpress\/plugins\/seo\/ -->\n<title>Athl\u00e9tisme Mondiaux en salle : Le r\u00e9sum\u00e9 de la matin\u00e9e du samedi 2 mars<\/title>\n<meta name=\"description\" content=\"CHAMPIONNATS DU MONDE EN SALLE D&#039;ATHL\u00c9TISME 2024 - Benjamin Robert se hisse en finale du 800 m, dans une matin\u00e9e o\u00f9 les Bleus ont brill\u00e9.\" \/>\n<meta name=\"robots\" content=\"index, follow, max-snippet:-1, max-image-preview:large, max-video-preview:-1\" \/>\n<link rel=\"canonical\" href=\"https:\/\/dicodusport.fr\/blog\/athletisme-mondiaux-en-salle-le-resume-de-la-matinee-du-samedi-2-mars\/\" \/>\n<meta property=\"og:locale\" content=\"fr_FR\" \/>\n<meta property=\"og:type\" content=\"article\" \/>\n<meta property=\"og:title\" content=\"Athl\u00e9tisme Mondiaux en salle : Le r\u00e9sum\u00e9 de la matin\u00e9e du samedi 2 mars\" \/>\n<meta property=\"og:description\" content=\"CHAMPIONNATS DU MONDE EN SALLE D&#039;ATHL\u00c9TISME 2024 - Benjamin Robert se hisse en finale du 800 m, dans une matin\u00e9e o\u00f9 les Bleus ont brill\u00e9.\" \/>\n<meta property=\"og:url\" content=\"https:\/\/dicodusport.fr\/blog\/athletisme-mondiaux-en-salle-le-resume-de-la-matinee-du-samedi-2-mars\/\" \/>\n<meta property=\"og:site_name\" content=\"Dicodusport\" \/>\n<meta property=\"article:publisher\" content=\"https:\/\/www.facebook.com\/dicodusport\" \/>\n<meta property=\"article:published_time\" content=\"2024-03-02T12:59:06+00:00\" \/>\n<meta property=\"article:modified_time\" content=\"2024-03-02T15:30:56+00:00\" \/>\n<meta property=\"og:image\" content=\"https:\/\/dicodusport.fr\/blog\/wp-content\/uploads\/2024\/03\/Athletisme-Mondiaux-en-salle-Le-resume-de-la-matinee-du-samedi-2-mars.png\" \/>\n\t<meta property=\"og:image:width\" content=\"1200\" \/>\n\t<meta property=\"og:image:height\" content=\"674\" \/>\n\t<meta property=\"og:image:type\" content=\"image\/png\" \/>\n<meta name=\"author\" content=\"Etienne Goursaud\" \/>\n<meta name=\"twitter:card\" content=\"summary_large_image\" \/>\n<meta name=\"twitter:title\" content=\"Athl\u00e9tisme Mondiaux en salle : Le r\u00e9sum\u00e9 de la matin\u00e9e du samedi 2 mars\" \/>\n<meta name=\"twitter:creator\" content=\"@dicodusport\" \/>\n<meta name=\"twitter:site\" content=\"@dicodusport\" \/>\n<script type=\"application\/ld+json\" class=\"yoast-schema-graph\">{\"@context\":\"https:\/\/schema.org\",\"@graph\":[{\"@type\":\"NewsArticle\",\"@id\":\"https:\/\/dicodusport.fr\/blog\/athletisme-mondiaux-en-salle-le-resume-de-la-matinee-du-samedi-2-mars\/#article\",\"isPartOf\":{\"@id\":\"https:\/\/dicodusport.fr\/blog\/athletisme-mondiaux-en-salle-le-resume-de-la-matinee-du-samedi-2-mars\/\"},\"author\":{\"name\":\"Etienne Goursaud\",\"@id\":\"https:\/\/dicodusport.fr\/blog\/#\/schema\/person\/d603dd7da31fb2b46c82b9835a77ec13\"},\"headline\":\"Athl\u00e9tisme Mondiaux en salle : Le r\u00e9sum\u00e9 de la matin\u00e9e du samedi 2 mars\",\"datePublished\":\"2024-03-02T12:59:06+00:00\",\"dateModified\":\"2024-03-02T15:30:56+00:00\",\"mainEntityOfPage\":{\"@id\":\"https:\/\/dicodusport.fr\/blog\/athletisme-mondiaux-en-salle-le-resume-de-la-matinee-du-samedi-2-mars\/\"},\"wordCount\":1086,\"commentCount\":0,\"publisher\":{\"@id\":\"https:\/\/dicodusport.fr\/blog\/#organization\"},\"image\":{\"@id\":\"https:\/\/dicodusport.fr\/blog\/athletisme-mondiaux-en-salle-le-resume-de-la-matinee-du-samedi-2-mars\/#primaryimage\"},\"thumbnailUrl\":\"https:\/\/dicodusport.fr\/blog\/wp-content\/uploads\/2024\/03\/Athletisme-Mondiaux-en-salle-Le-resume-de-la-matinee-du-samedi-2-mars.png\",\"keywords\":[\"Benjamin Robert\",\"br\u00e8ve\"],\"articleSection\":[\"Athl\u00e9tisme\"],\"inLanguage\":\"fr-FR\",\"potentialAction\":[{\"@type\":\"CommentAction\",\"name\":\"Comment\",\"target\":[\"https:\/\/dicodusport.fr\/blog\/athletisme-mondiaux-en-salle-le-resume-de-la-matinee-du-samedi-2-mars\/#respond\"]}],\"copyrightYear\":\"2024\",\"copyrightHolder\":{\"@id\":\"https:\/\/dicodusport.fr\/blog\/#organization\"}},{\"@type\":\"WebPage\",\"@id\":\"https:\/\/dicodusport.fr\/blog\/athletisme-mondiaux-en-salle-le-resume-de-la-matinee-du-samedi-2-mars\/\",\"url\":\"https:\/\/dicodusport.fr\/blog\/athletisme-mondiaux-en-salle-le-resume-de-la-matinee-du-samedi-2-mars\/\",\"name\":\"Athl\u00e9tisme Mondiaux en salle : Le r\u00e9sum\u00e9 de la matin\u00e9e du samedi 2 mars\",\"isPartOf\":{\"@id\":\"https:\/\/dicodusport.fr\/blog\/#website\"},\"primaryImageOfPage\":{\"@id\":\"https:\/\/dicodusport.fr\/blog\/athletisme-mondiaux-en-salle-le-resume-de-la-matinee-du-samedi-2-mars\/#primaryimage\"},\"image\":{\"@id\":\"https:\/\/dicodusport.fr\/blog\/athletisme-mondiaux-en-salle-le-resume-de-la-matinee-du-samedi-2-mars\/#primaryimage\"},\"thumbnailUrl\":\"https:\/\/dicodusport.fr\/blog\/wp-content\/uploads\/2024\/03\/Athletisme-Mondiaux-en-salle-Le-resume-de-la-matinee-du-samedi-2-mars.png\",\"datePublished\":\"2024-03-02T12:59:06+00:00\",\"dateModified\":\"2024-03-02T15:30:56+00:00\",\"description\":\"CHAMPIONNATS DU MONDE EN SALLE D'ATHL\u00c9TISME 2024 - Benjamin Robert se hisse en finale du 800 m, dans une matin\u00e9e o\u00f9 les Bleus ont brill\u00e9.\",\"breadcrumb\":{\"@id\":\"https:\/\/dicodusport.fr\/blog\/athletisme-mondiaux-en-salle-le-resume-de-la-matinee-du-samedi-2-mars\/#breadcrumb\"},\"inLanguage\":\"fr-FR\",\"potentialAction\":[{\"@type\":\"ReadAction\",\"target\":[\"https:\/\/dicodusport.fr\/blog\/athletisme-mondiaux-en-salle-le-resume-de-la-matinee-du-samedi-2-mars\/\"]}]},{\"@type\":\"ImageObject\",\"inLanguage\":\"fr-FR\",\"@id\":\"https:\/\/dicodusport.fr\/blog\/athletisme-mondiaux-en-salle-le-resume-de-la-matinee-du-samedi-2-mars\/#primaryimage\",\"url\":\"https:\/\/dicodusport.fr\/blog\/wp-content\/uploads\/2024\/03\/Athletisme-Mondiaux-en-salle-Le-resume-de-la-matinee-du-samedi-2-mars.png\",\"contentUrl\":\"https:\/\/dicodusport.fr\/blog\/wp-content\/uploads\/2024\/03\/Athletisme-Mondiaux-en-salle-Le-resume-de-la-matinee-du-samedi-2-mars.png\",\"width\":1200,\"height\":674,\"caption\":\"Athl\u00e9tisme Mondiaux en salle : Le r\u00e9sum\u00e9 de la matin\u00e9e du samedi 2 mars\"},{\"@type\":\"BreadcrumbList\",\"@id\":\"https:\/\/dicodusport.fr\/blog\/athletisme-mondiaux-en-salle-le-resume-de-la-matinee-du-samedi-2-mars\/#breadcrumb\",\"itemListElement\":[{\"@type\":\"ListItem\",\"position\":1,\"name\":\"Accueil\",\"item\":\"https:\/\/dicodusport.fr\/blog\/\"},{\"@type\":\"ListItem\",\"position\":2,\"name\":\"Athl\u00e9tisme Mondiaux en salle : Le r\u00e9sum\u00e9 de la matin\u00e9e du samedi 2 mars\"}]},{\"@type\":\"WebSite\",\"@id\":\"https:\/\/dicodusport.fr\/blog\/#website\",\"url\":\"https:\/\/dicodusport.fr\/blog\/\",\"name\":\"Dicodusport\",\"description\":\"L&#039;encyclop\u00e9die de l&#039;actualit\u00e9 sportive\",\"publisher\":{\"@id\":\"https:\/\/dicodusport.fr\/blog\/#organization\"},\"potentialAction\":[{\"@type\":\"SearchAction\",\"target\":{\"@type\":\"EntryPoint\",\"urlTemplate\":\"https:\/\/dicodusport.fr\/blog\/?s={search_term_string}\"},\"query-input\":{\"@type\":\"PropertyValueSpecification\",\"valueRequired\":true,\"valueName\":\"search_term_string\"}}],\"inLanguage\":\"fr-FR\"},{\"@type\":\"NewsMediaOrganization\",\"@id\":\"https:\/\/dicodusport.fr\/blog\/#organization\",\"name\":\"Dicodusport\",\"url\":\"https:\/\/dicodusport.fr\/blog\/\",\"logo\":{\"@type\":\"ImageObject\",\"inLanguage\":\"fr-FR\",\"@id\":\"https:\/\/dicodusport.fr\/blog\/#\/schema\/logo\/image\/\",\"url\":\"https:\/\/dicodusport.fr\/blog\/wp-content\/uploads\/2020\/06\/cropped-LOGO-DICODUSPORT-2020-SANS-FOND-SANS-TEXTE.png\",\"contentUrl\":\"https:\/\/dicodusport.fr\/blog\/wp-content\/uploads\/2020\/06\/cropped-LOGO-DICODUSPORT-2020-SANS-FOND-SANS-TEXTE.png\",\"width\":512,\"height\":512,\"caption\":\"Dicodusport\"},\"image\":{\"@id\":\"https:\/\/dicodusport.fr\/blog\/#\/schema\/logo\/image\/\"},\"sameAs\":[\"https:\/\/www.facebook.com\/dicodusport\",\"https:\/\/x.com\/dicodusport\",\"https:\/\/www.instagram.com\/dicodusport\/\",\"https:\/\/www.youtube.com\/channel\/UC7V2KZ5sd3htJivAbA4ZG3w\"],\"description\":\"Dicodusport est l'encyclop\u00e9die de l'actualit\u00e9 sportive.\",\"email\":\"bonjour@dicodusport.fr\",\"legalName\":\"DICODUSPORT\",\"foundingDate\":\"2018-01-14\",\"vatID\":\"FR71834470973\",\"taxID\":\"83447097300043\",\"numberOfEmployees\":{\"@type\":\"QuantitativeValue\",\"minValue\":\"1\",\"maxValue\":\"10\"}},{\"@type\":\"Person\",\"@id\":\"https:\/\/dicodusport.fr\/blog\/#\/schema\/person\/d603dd7da31fb2b46c82b9835a77ec13\",\"name\":\"Etienne Goursaud\",\"image\":{\"@type\":\"ImageObject\",\"inLanguage\":\"fr-FR\",\"@id\":\"https:\/\/dicodusport.fr\/blog\/#\/schema\/person\/image\/\",\"url\":\"https:\/\/dicodusport.fr\/blog\/wp-content\/uploads\/2023\/12\/410122264_10231602061736049_5565839791558026645_n-150x150.jpg\",\"contentUrl\":\"https:\/\/dicodusport.fr\/blog\/wp-content\/uploads\/2023\/12\/410122264_10231602061736049_5565839791558026645_n-150x150.jpg\",\"caption\":\"Etienne Goursaud\"},\"description\":\"Journaliste et amoureux de sport. Ancien footballeur reconverti athl\u00e8te quand ses muscles le laissent tranquille. \u00c9lev\u00e9 \u00e0 la sauce des exploits de Thomas Voeckler en 2004, du dernier essai de l\u00e9gende de Eunice Barber \u00e0 la longueur lors des championnats du monde d'athl\u00e9tisme de 2003 mais aussi Zidane, Omeyer et Titou Lamaison.\",\"url\":\"https:\/\/dicodusport.fr\/blog\/author\/etienne-goursaud\/\"}]}<\/script>\n<!-- \/ Yoast SEO Premium plugin. -->","yoast_head_json":{"title":"Athl\u00e9tisme Mondiaux en salle : Le r\u00e9sum\u00e9 de la matin\u00e9e du samedi 2 mars","description":"CHAMPIONNATS DU MONDE EN SALLE D'ATHL\u00c9TISME 2024 - Benjamin Robert se hisse en finale du 800 m, dans une matin\u00e9e o\u00f9 les Bleus ont brill\u00e9.","robots":{"index":"index","follow":"follow","max-snippet":"max-snippet:-1","max-image-preview":"max-image-preview:large","max-video-preview":"max-video-preview:-1"},"canonical":"https:\/\/dicodusport.fr\/blog\/athletisme-mondiaux-en-salle-le-resume-de-la-matinee-du-samedi-2-mars\/","og_locale":"fr_FR","og_type":"article","og_title":"Athl\u00e9tisme Mondiaux en salle : Le r\u00e9sum\u00e9 de la matin\u00e9e du samedi 2 mars","og_description":"CHAMPIONNATS DU MONDE EN SALLE D'ATHL\u00c9TISME 2024 - Benjamin Robert se hisse en finale du 800 m, dans une matin\u00e9e o\u00f9 les Bleus ont brill\u00e9.","og_url":"https:\/\/dicodusport.fr\/blog\/athletisme-mondiaux-en-salle-le-resume-de-la-matinee-du-samedi-2-mars\/","og_site_name":"Dicodusport","article_publisher":"https:\/\/www.facebook.com\/dicodusport","article_published_time":"2024-03-02T12:59:06+00:00","article_modified_time":"2024-03-02T15:30:56+00:00","og_image":[{"width":1200,"height":674,"url":"https:\/\/dicodusport.fr\/blog\/wp-content\/uploads\/2024\/03\/Athletisme-Mondiaux-en-salle-Le-resume-de-la-matinee-du-samedi-2-mars.png","type":"image\/png"}],"author":"Etienne Goursaud","twitter_card":"summary_large_image","twitter_title":"Athl\u00e9tisme Mondiaux en salle : Le r\u00e9sum\u00e9 de la matin\u00e9e du samedi 2 mars","twitter_creator":"@dicodusport","twitter_site":"@dicodusport","schema":{"@context":"https:\/\/schema.org","@graph":[{"@type":"NewsArticle","@id":"https:\/\/dicodusport.fr\/blog\/athletisme-mondiaux-en-salle-le-resume-de-la-matinee-du-samedi-2-mars\/#article","isPartOf":{"@id":"https:\/\/dicodusport.fr\/blog\/athletisme-mondiaux-en-salle-le-resume-de-la-matinee-du-samedi-2-mars\/"},"author":{"name":"Etienne Goursaud","@id":"https:\/\/dicodusport.fr\/blog\/#\/schema\/person\/d603dd7da31fb2b46c82b9835a77ec13"},"headline":"Athl\u00e9tisme Mondiaux en salle : Le r\u00e9sum\u00e9 de la matin\u00e9e du samedi 2 mars","datePublished":"2024-03-02T12:59:06+00:00","dateModified":"2024-03-02T15:30:56+00:00","mainEntityOfPage":{"@id":"https:\/\/dicodusport.fr\/blog\/athletisme-mondiaux-en-salle-le-resume-de-la-matinee-du-samedi-2-mars\/"},"wordCount":1086,"commentCount":0,"publisher":{"@id":"https:\/\/dicodusport.fr\/blog\/#organization"},"image":{"@id":"https:\/\/dicodusport.fr\/blog\/athletisme-mondiaux-en-salle-le-resume-de-la-matinee-du-samedi-2-mars\/#primaryimage"},"thumbnailUrl":"https:\/\/dicodusport.fr\/blog\/wp-content\/uploads\/2024\/03\/Athletisme-Mondiaux-en-salle-Le-resume-de-la-matinee-du-samedi-2-mars.png","keywords":["Benjamin Robert","br\u00e8ve"],"articleSection":["Athl\u00e9tisme"],"inLanguage":"fr-FR","potentialAction":[{"@type":"CommentAction","name":"Comment","target":["https:\/\/dicodusport.fr\/blog\/athletisme-mondiaux-en-salle-le-resume-de-la-matinee-du-samedi-2-mars\/#respond"]}],"copyrightYear":"2024","copyrightHolder":{"@id":"https:\/\/dicodusport.fr\/blog\/#organization"}},{"@type":"WebPage","@id":"https:\/\/dicodusport.fr\/blog\/athletisme-mondiaux-en-salle-le-resume-de-la-matinee-du-samedi-2-mars\/","url":"https:\/\/dicodusport.fr\/blog\/athletisme-mondiaux-en-salle-le-resume-de-la-matinee-du-samedi-2-mars\/","name":"Athl\u00e9tisme Mondiaux en salle : Le r\u00e9sum\u00e9 de la matin\u00e9e du samedi 2 mars","isPartOf":{"@id":"https:\/\/dicodusport.fr\/blog\/#website"},"primaryImageOfPage":{"@id":"https:\/\/dicodusport.fr\/blog\/athletisme-mondiaux-en-salle-le-resume-de-la-matinee-du-samedi-2-mars\/#primaryimage"},"image":{"@id":"https:\/\/dicodusport.fr\/blog\/athletisme-mondiaux-en-salle-le-resume-de-la-matinee-du-samedi-2-mars\/#primaryimage"},"thumbnailUrl":"https:\/\/dicodusport.fr\/blog\/wp-content\/uploads\/2024\/03\/Athletisme-Mondiaux-en-salle-Le-resume-de-la-matinee-du-samedi-2-mars.png","datePublished":"2024-03-02T12:59:06+00:00","dateModified":"2024-03-02T15:30:56+00:00","description":"CHAMPIONNATS DU MONDE EN SALLE D'ATHL\u00c9TISME 2024 - Benjamin Robert se hisse en finale du 800 m, dans une matin\u00e9e o\u00f9 les Bleus ont brill\u00e9.","breadcrumb":{"@id":"https:\/\/dicodusport.fr\/blog\/athletisme-mondiaux-en-salle-le-resume-de-la-matinee-du-samedi-2-mars\/#breadcrumb"},"inLanguage":"fr-FR","potentialAction":[{"@type":"ReadAction","target":["https:\/\/dicodusport.fr\/blog\/athletisme-mondiaux-en-salle-le-resume-de-la-matinee-du-samedi-2-mars\/"]}]},{"@type":"ImageObject","inLanguage":"fr-FR","@id":"https:\/\/dicodusport.fr\/blog\/athletisme-mondiaux-en-salle-le-resume-de-la-matinee-du-samedi-2-mars\/#primaryimage","url":"https:\/\/dicodusport.fr\/blog\/wp-content\/uploads\/2024\/03\/Athletisme-Mondiaux-en-salle-Le-resume-de-la-matinee-du-samedi-2-mars.png","contentUrl":"https:\/\/dicodusport.fr\/blog\/wp-content\/uploads\/2024\/03\/Athletisme-Mondiaux-en-salle-Le-resume-de-la-matinee-du-samedi-2-mars.png","width":1200,"height":674,"caption":"Athl\u00e9tisme Mondiaux en salle : Le r\u00e9sum\u00e9 de la matin\u00e9e du samedi 2 mars"},{"@type":"BreadcrumbList","@id":"https:\/\/dicodusport.fr\/blog\/athletisme-mondiaux-en-salle-le-resume-de-la-matinee-du-samedi-2-mars\/#breadcrumb","itemListElement":[{"@type":"ListItem","position":1,"name":"Accueil","item":"https:\/\/dicodusport.fr\/blog\/"},{"@type":"ListItem","position":2,"name":"Athl\u00e9tisme Mondiaux en salle : Le r\u00e9sum\u00e9 de la matin\u00e9e du samedi 2 mars"}]},{"@type":"WebSite","@id":"https:\/\/dicodusport.fr\/blog\/#website","url":"https:\/\/dicodusport.fr\/blog\/","name":"Dicodusport","description":"L&#039;encyclop\u00e9die de l&#039;actualit\u00e9 sportive","publisher":{"@id":"https:\/\/dicodusport.fr\/blog\/#organization"},"potentialAction":[{"@type":"SearchAction","target":{"@type":"EntryPoint","urlTemplate":"https:\/\/dicodusport.fr\/blog\/?s={search_term_string}"},"query-input":{"@type":"PropertyValueSpecification","valueRequired":true,"valueName":"search_term_string"}}],"inLanguage":"fr-FR"},{"@type":"NewsMediaOrganization","@id":"https:\/\/dicodusport.fr\/blog\/#organization","name":"Dicodusport","url":"https:\/\/dicodusport.fr\/blog\/","logo":{"@type":"ImageObject","inLanguage":"fr-FR","@id":"https:\/\/dicodusport.fr\/blog\/#\/schema\/logo\/image\/","url":"https:\/\/dicodusport.fr\/blog\/wp-content\/uploads\/2020\/06\/cropped-LOGO-DICODUSPORT-2020-SANS-FOND-SANS-TEXTE.png","contentUrl":"https:\/\/dicodusport.fr\/blog\/wp-content\/uploads\/2020\/06\/cropped-LOGO-DICODUSPORT-2020-SANS-FOND-SANS-TEXTE.png","width":512,"height":512,"caption":"Dicodusport"},"image":{"@id":"https:\/\/dicodusport.fr\/blog\/#\/schema\/logo\/image\/"},"sameAs":["https:\/\/www.facebook.com\/dicodusport","https:\/\/x.com\/dicodusport","https:\/\/www.instagram.com\/dicodusport\/","https:\/\/www.youtube.com\/channel\/UC7V2KZ5sd3htJivAbA4ZG3w"],"description":"Dicodusport est l'encyclop\u00e9die de l'actualit\u00e9 sportive.","email":"bonjour@dicodusport.fr","legalName":"DICODUSPORT","foundingDate":"2018-01-14","vatID":"FR71834470973","taxID":"83447097300043","numberOfEmployees":{"@type":"QuantitativeValue","minValue":"1","maxValue":"10"}},{"@type":"Person","@id":"https:\/\/dicodusport.fr\/blog\/#\/schema\/person\/d603dd7da31fb2b46c82b9835a77ec13","name":"Etienne Goursaud","image":{"@type":"ImageObject","inLanguage":"fr-FR","@id":"https:\/\/dicodusport.fr\/blog\/#\/schema\/person\/image\/","url":"https:\/\/dicodusport.fr\/blog\/wp-content\/uploads\/2023\/12\/410122264_10231602061736049_5565839791558026645_n-150x150.jpg","contentUrl":"https:\/\/dicodusport.fr\/blog\/wp-content\/uploads\/2023\/12\/410122264_10231602061736049_5565839791558026645_n-150x150.jpg","caption":"Etienne Goursaud"},"description":"Journaliste et amoureux de sport. Ancien footballeur reconverti athl\u00e8te quand ses muscles le laissent tranquille. \u00c9lev\u00e9 \u00e0 la sauce des exploits de Thomas Voeckler en 2004, du dernier essai de l\u00e9gende de Eunice Barber \u00e0 la longueur lors des championnats du monde d'athl\u00e9tisme de 2003 mais aussi Zidane, Omeyer et Titou Lamaison.","url":"https:\/\/dicodusport.fr\/blog\/author\/etienne-goursaud\/"}]}},"_links":{"self":[{"href":"https:\/\/dicodusport.fr\/blog\/wp-json\/wp\/v2\/posts\/468287","targetHints":{"allow":["GET"]}}],"collection":[{"href":"https:\/\/dicodusport.fr\/blog\/wp-json\/wp\/v2\/posts"}],"about":[{"href":"https:\/\/dicodusport.fr\/blog\/wp-json\/wp\/v2\/types\/post"}],"author":[{"embeddable":true,"href":"https:\/\/dicodusport.fr\/blog\/wp-json\/wp\/v2\/users\/83"}],"replies":[{"embeddable":true,"href":"https:\/\/dicodusport.fr\/blog\/wp-json\/wp\/v2\/comments?post=468287"}],"version-history":[{"count":5,"href":"https:\/\/dicodusport.fr\/blog\/wp-json\/wp\/v2\/posts\/468287\/revisions"}],"predecessor-version":[{"id":468464,"href":"https:\/\/dicodusport.fr\/blog\/wp-json\/wp\/v2\/posts\/468287\/revisions\/468464"}],"wp:featuredmedia":[{"embeddable":true,"href":"https:\/\/dicodusport.fr\/blog\/wp-json\/wp\/v2\/media\/468351"}],"wp:attachment":[{"href":"https:\/\/dicodusport.fr\/blog\/wp-json\/wp\/v2\/media?parent=468287"}],"wp:term":[{"taxonomy":"category","embeddable":true,"href":"https:\/\/dicodusport.fr\/blog\/wp-json\/wp\/v2\/categories?post=468287"},{"taxonomy":"post_tag","embeddable":true,"href":"https:\/\/dicodusport.fr\/blog\/wp-json\/wp\/v2\/tags?post=468287"}],"curies":[{"name":"wp","href":"https:\/\/api.w.org\/{rel}","templated":true}]}}