{"id":468609,"date":"2024-03-02T22:31:16","date_gmt":"2024-03-02T21:31:16","guid":{"rendered":"https:\/\/dicodusport.fr\/blog\/?p=468609&#038;preview=true&#038;preview_id=468609"},"modified":"2024-03-03T00:12:28","modified_gmt":"2024-03-02T23:12:28","slug":"athletisme-mondiaux-en-salle-caudery-sacree-a-la-perche-chevrier-blessee-gravement","status":"publish","type":"post","link":"https:\/\/dicodusport.fr\/blog\/athletisme-mondiaux-en-salle-caudery-sacree-a-la-perche-chevrier-blessee-gravement\/","title":{"rendered":"Athl\u00e9tisme Mondiaux en salle : Caudery sacr\u00e9e \u00e0 la perche, Chevrier gravement bless\u00e9e"},"content":{"rendered":"<p style=\"text-align: justify;\"><strong><em>CHAMPIONNATS DU MONDE EN SALLE D&rsquo;ATHL\u00c9TISME 2024 &#8211; Port\u00e9e par son public, Molly Caudery a domin\u00e9 la finale de la perche, avec un bond \u00e0 4.80 m. Elle devance aux essais Eliza McCartney, qui a saut\u00e9 la m\u00eame barre. Katie Moon prend la 3e place, avec 4.75 m. Gros coup dur pour Margot Chevrier qui s&rsquo;est bless\u00e9e gravement.<\/em><\/strong><\/p>\n<ul>\n<li style=\"text-align: justify;\"><strong>\u00c0 ce sujet &#8211; <a href=\"https:\/\/dicodusport.fr\/blog\/athletisme-programme-et-resultats-championnats-du-monde-en-salle-2024\/\" target=\"_blank\" rel=\"noopener\">Programme et r\u00e9sultats Championnats du monde en salle d&rsquo;athl\u00e9tisme 2024<\/a><\/strong><\/li>\n<li><strong>\u00c0 ce sujet &#8211; <a title=\"Tableau des m\u00e9dailles Athl\u00e9tisme Championnats du monde en salle 2024\" href=\"https:\/\/dicodusport.fr\/blog\/tableau-des-medailles-athletisme-championnats-du-monde-en-salle-2024\/\" target=\"_blank\" rel=\"noopener\">Tableau des m\u00e9dailles des Championnats du monde en salle d\u2019athl\u00e9tisme 2024<\/a><\/strong><\/li>\n<\/ul>\n<p style=\"text-align: justify;\">La r\u00e9v\u00e9lation de l&rsquo;hiver n&rsquo;\u00e9tait pas qu&rsquo;une \u00e9toile filante. Apr\u00e8s un record port\u00e9 \u00e0 4.86 m le week-end dernier, \u00e0 Rouen, <strong>Molly Caudery<\/strong> a r\u00e9cidiv\u00e9 \u00e0 4.80 m. Avec cette fois-ci, de l&rsquo;or autour du cou. Le plus beau m\u00e9tal \u00e0 domicile. M\u00eame si le concours restera marqu\u00e9 de beaucoup de tristesse, avec la grave blessure de <strong>Margot Chevrier<\/strong>.<\/p>\n<h2>Un concours \u00e0 rebondissements<\/h2>\n<p style=\"text-align: justify;\">D&rsquo;entr\u00e9e, une favorite a d\u00fb d\u00e9clarer forfait. <strong>Alysha Newman<\/strong>, la Canadienne brillante \u00e0 Clermont il y a dix jours, s&rsquo;est bless\u00e9e ce jeudi \u00e0 la cheville. Une vraie pr\u00e9tendante \u00e0 la m\u00e9daille qui doit renoncer sans combattre. Et peu de temps apr\u00e8s, c&rsquo;est <strong>Wilma Murto,<\/strong> la Finlandaise, qui baisse pavillon, apr\u00e8s avoir franchi 4.55 m \u00e0 son ultime tentative. Ce ne sera pas le seul drame de la soir\u00e9e.<\/p>\n<p style=\"text-align: justify;\"><strong>Molly Caudery<\/strong>, en grande forme cet hiver et r\u00e9v\u00e9lation \u00e0 la perche, a montr\u00e9 les muscles d\u00e8s 4.55 m, effac\u00e9 avec une grande facilit\u00e9. <strong>Katie Moon<\/strong> est la premi\u00e8re \u00e0 faire le jeu des impasses, \u00e0 4.65 m, apr\u00e8s une entr\u00e9e dans le concours impeccable. Une barre qui a fait \u00e9cr\u00e9mage, avec six femmes (en comptant l&rsquo;Am\u00e9ricaine) encore en lice. <strong>Sandi Morris, Molly Caudery, Angelica Moser, Eliza McCartney<\/strong> et <strong>Amalie Svabikova <\/strong>se sont affranchies de cette barre. Et c&rsquo;est l&rsquo;avant-derni\u00e8re cit\u00e9e qui frappe un grand coup, avec 4.75 m \u00e0 sa premi\u00e8re tentative. C&rsquo;est la seule dans ce cas-l\u00e0, avec les autres concurrentes qui ont toutes \u00e9chou\u00e9.<\/p>\n<p style=\"text-align: justify;\">Finalement, <strong>Molly Caudery<\/strong> et <strong>Katie Moon<\/strong> au 2e essai, puis l&rsquo;incroyable suissesse <strong>Angelica Moser<\/strong> au 2e essai, rejoignent la N\u00e9o-Z\u00e9landaise \u00e0 4.75 m. Mais c&rsquo;est la Britannique, premi\u00e8re cit\u00e9e, qui remet \u00e0 domicile les pendules \u00e0 l&rsquo;heure. Avec 4.80 m au deuxi\u00e8me essai. Seulement accompagn\u00e9e par <strong>Eliza McCartney<\/strong> \u00e0 sa 3e tentative. Alors que <strong>Katie Moon<\/strong>, habitu\u00e9e \u00e0 tutoyer les \u00e9toiles, \u00e9choue et ne sera que 3e. Une vraie sensation. Finalement, Eliza McCartney, qui a fait impasse apr\u00e8s une tentative \u00e0 4.85 m, \u00e9choue &#8211; de tr\u00e8s peu &#8211; \u00e0 4.90 m et laisse l&rsquo;Ecossaise \u00eatre sacr\u00e9e devant son public.<\/p>\n<blockquote class=\"twitter-tweet\">\n<p dir=\"ltr\" lang=\"en\">\ud83c\udfc6 World Indoor Champion \ud83c\udfc6<\/p>\n<p>She&rsquo;s done it on home soil \ud83d\udd25<\/p>\n<p>Molly Caudery continues her sensational 2024 season with a world indoor pole vault title in Glasgow \ud83c\uddec\ud83c\udde7<\/p>\n<p>A best clearance of 4.80m is enough on countback and her face tells a thousand words \ud83d\udca5 <a href=\"https:\/\/t.co\/bPM9qzyozY\">pic.twitter.com\/bPM9qzyozY<\/a><\/p>\n<p>\u2014 AW (@AthleticsWeekly) <a href=\"https:\/\/twitter.com\/AthleticsWeekly\/status\/1764040632878690312?ref_src=twsrc%5Etfw\">March 2, 2024<\/a><\/p><\/blockquote>\n<p><script async src=\"https:\/\/platform.twitter.com\/widgets.js\" charset=\"utf-8\"><\/script><\/p>\n<h2 style=\"text-align: justify;\">Grave blessure pour Margot Chevrier<\/h2>\n<p style=\"text-align: justify;\">Mais les performances ont \u00e9t\u00e9 un peu occult\u00e9es par un gros drame. <strong>Margot Chevrier<\/strong> a connu un concours tragique. La Fran\u00e7aise, qui avait fait le choix de s&rsquo;\u00e9lancer \u00e0 4.55 m, effac\u00e9 \u00e0 sa derni\u00e8re tentative, s&rsquo;est bless\u00e9e tr\u00e8s gravement au tibia \u00e0 sa premi\u00e8re tentative \u00e0 4.65 m. Grosses pens\u00e9es \u00e0 la perchiste tricolore, qui \u00e9tait en immense forme. Et dont le r\u00eave des JO est tr\u00e8s largement compromis. Que le sport est cruel parfois. Les informations sur sa blessure ne sont pas encore claires, \u00e0 l&rsquo;heure o\u00f9 on \u00e9crit ces lignes.<\/p>\n<p>&nbsp;<\/p>\n","protected":false},"excerpt":{"rendered":"<p>CHAMPIONNATS DU MONDE EN SALLE D&rsquo;ATHL\u00c9TISME 2024 &#8211; Port\u00e9e par son public, Molly Caudery a domin\u00e9 la finale de la perche, avec un bond \u00e0 4.80 m. Elle devance aux essais Eliza McCartney, qui a saut\u00e9 la m\u00eame barre. Katie Moon prend la 3e place, avec 4.75 m. Gros coup dur pour Margot Chevrier qui s&rsquo;est bless\u00e9e gravement.<\/p>\n","protected":false},"author":83,"featured_media":468643,"comment_status":"open","ping_status":"closed","sticky":false,"template":"","format":"standard","meta":{"_acf_changed":false,"_daextam_enable_autolinks":"1","footnotes":""},"categories":[2308],"tags":[16878],"class_list":["post-468609","post","type-post","status-publish","format-standard","has-post-thumbnail","hentry","category-athletisme","tag-breve"],"acf":[],"yoast_head":"<!-- This site is optimized with the Yoast SEO Premium plugin v26.7 (Yoast SEO v26.7) - https:\/\/yoast.com\/wordpress\/plugins\/seo\/ -->\n<title>Athl\u00e9tisme Mondiaux en salle : Caudery sacr\u00e9e \u00e0 la perche, Chevrier gravement bless\u00e9e<\/title>\n<meta name=\"description\" content=\"CHAMPIONNATS DU MONDE EN SALLE D&#039;ATHL\u00c9TISME 2024 - Molly Caudery a domin\u00e9 la finale de la perche, avec un bond \u00e0 4.80 m.\" \/>\n<meta name=\"robots\" content=\"index, follow, max-snippet:-1, max-image-preview:large, max-video-preview:-1\" \/>\n<link rel=\"canonical\" href=\"https:\/\/dicodusport.fr\/blog\/athletisme-mondiaux-en-salle-caudery-sacree-a-la-perche-chevrier-blessee-gravement\/\" \/>\n<meta property=\"og:locale\" content=\"fr_FR\" \/>\n<meta property=\"og:type\" content=\"article\" \/>\n<meta property=\"og:title\" content=\"Athl\u00e9tisme Mondiaux en salle : Caudery sacr\u00e9e \u00e0 la perche, Chevrier gravement bless\u00e9e\" \/>\n<meta property=\"og:description\" content=\"CHAMPIONNATS DU MONDE EN SALLE D&#039;ATHL\u00c9TISME 2024 - Molly Caudery a domin\u00e9 la finale de la perche, avec un bond \u00e0 4.80 m.\" \/>\n<meta property=\"og:url\" content=\"https:\/\/dicodusport.fr\/blog\/athletisme-mondiaux-en-salle-caudery-sacree-a-la-perche-chevrier-blessee-gravement\/\" \/>\n<meta property=\"og:site_name\" content=\"Dicodusport\" \/>\n<meta property=\"article:publisher\" content=\"https:\/\/www.facebook.com\/dicodusport\" \/>\n<meta property=\"article:published_time\" content=\"2024-03-02T21:31:16+00:00\" \/>\n<meta property=\"article:modified_time\" content=\"2024-03-02T23:12:28+00:00\" \/>\n<meta property=\"og:image\" content=\"https:\/\/dicodusport.fr\/blog\/wp-content\/uploads\/2024\/03\/Athletisme-Mondiaux-en-salle-Caudery-sacree-a-la-perche-Chevrier-blessee-gravement.png\" \/>\n\t<meta property=\"og:image:width\" content=\"1200\" \/>\n\t<meta property=\"og:image:height\" content=\"674\" \/>\n\t<meta property=\"og:image:type\" content=\"image\/png\" \/>\n<meta name=\"author\" content=\"Etienne Goursaud\" \/>\n<meta name=\"twitter:card\" content=\"summary_large_image\" \/>\n<meta name=\"twitter:title\" content=\"Athl\u00e9tisme Mondiaux en salle : Caudery sacr\u00e9e \u00e0 la perche, Chevrier gravement bless\u00e9e\" \/>\n<meta name=\"twitter:creator\" content=\"@dicodusport\" \/>\n<meta name=\"twitter:site\" content=\"@dicodusport\" \/>\n<script type=\"application\/ld+json\" class=\"yoast-schema-graph\">{\"@context\":\"https:\/\/schema.org\",\"@graph\":[{\"@type\":\"NewsArticle\",\"@id\":\"https:\/\/dicodusport.fr\/blog\/athletisme-mondiaux-en-salle-caudery-sacree-a-la-perche-chevrier-blessee-gravement\/#article\",\"isPartOf\":{\"@id\":\"https:\/\/dicodusport.fr\/blog\/athletisme-mondiaux-en-salle-caudery-sacree-a-la-perche-chevrier-blessee-gravement\/\"},\"author\":{\"name\":\"Etienne Goursaud\",\"@id\":\"https:\/\/dicodusport.fr\/blog\/#\/schema\/person\/d603dd7da31fb2b46c82b9835a77ec13\"},\"headline\":\"Athl\u00e9tisme Mondiaux en salle : Caudery sacr\u00e9e \u00e0 la perche, Chevrier gravement bless\u00e9e\",\"datePublished\":\"2024-03-02T21:31:16+00:00\",\"dateModified\":\"2024-03-02T23:12:28+00:00\",\"mainEntityOfPage\":{\"@id\":\"https:\/\/dicodusport.fr\/blog\/athletisme-mondiaux-en-salle-caudery-sacree-a-la-perche-chevrier-blessee-gravement\/\"},\"wordCount\":616,\"commentCount\":0,\"publisher\":{\"@id\":\"https:\/\/dicodusport.fr\/blog\/#organization\"},\"image\":{\"@id\":\"https:\/\/dicodusport.fr\/blog\/athletisme-mondiaux-en-salle-caudery-sacree-a-la-perche-chevrier-blessee-gravement\/#primaryimage\"},\"thumbnailUrl\":\"https:\/\/dicodusport.fr\/blog\/wp-content\/uploads\/2024\/03\/Athletisme-Mondiaux-en-salle-Caudery-sacree-a-la-perche-Chevrier-blessee-gravement.png\",\"keywords\":[\"br\u00e8ve\"],\"articleSection\":[\"Athl\u00e9tisme\"],\"inLanguage\":\"fr-FR\",\"potentialAction\":[{\"@type\":\"CommentAction\",\"name\":\"Comment\",\"target\":[\"https:\/\/dicodusport.fr\/blog\/athletisme-mondiaux-en-salle-caudery-sacree-a-la-perche-chevrier-blessee-gravement\/#respond\"]}],\"copyrightYear\":\"2024\",\"copyrightHolder\":{\"@id\":\"https:\/\/dicodusport.fr\/blog\/#organization\"}},{\"@type\":\"WebPage\",\"@id\":\"https:\/\/dicodusport.fr\/blog\/athletisme-mondiaux-en-salle-caudery-sacree-a-la-perche-chevrier-blessee-gravement\/\",\"url\":\"https:\/\/dicodusport.fr\/blog\/athletisme-mondiaux-en-salle-caudery-sacree-a-la-perche-chevrier-blessee-gravement\/\",\"name\":\"Athl\u00e9tisme Mondiaux en salle : Caudery sacr\u00e9e \u00e0 la perche, Chevrier gravement bless\u00e9e\",\"isPartOf\":{\"@id\":\"https:\/\/dicodusport.fr\/blog\/#website\"},\"primaryImageOfPage\":{\"@id\":\"https:\/\/dicodusport.fr\/blog\/athletisme-mondiaux-en-salle-caudery-sacree-a-la-perche-chevrier-blessee-gravement\/#primaryimage\"},\"image\":{\"@id\":\"https:\/\/dicodusport.fr\/blog\/athletisme-mondiaux-en-salle-caudery-sacree-a-la-perche-chevrier-blessee-gravement\/#primaryimage\"},\"thumbnailUrl\":\"https:\/\/dicodusport.fr\/blog\/wp-content\/uploads\/2024\/03\/Athletisme-Mondiaux-en-salle-Caudery-sacree-a-la-perche-Chevrier-blessee-gravement.png\",\"datePublished\":\"2024-03-02T21:31:16+00:00\",\"dateModified\":\"2024-03-02T23:12:28+00:00\",\"description\":\"CHAMPIONNATS DU MONDE EN SALLE D'ATHL\u00c9TISME 2024 - Molly Caudery a domin\u00e9 la finale de la perche, avec un bond \u00e0 4.80 m.\",\"breadcrumb\":{\"@id\":\"https:\/\/dicodusport.fr\/blog\/athletisme-mondiaux-en-salle-caudery-sacree-a-la-perche-chevrier-blessee-gravement\/#breadcrumb\"},\"inLanguage\":\"fr-FR\",\"potentialAction\":[{\"@type\":\"ReadAction\",\"target\":[\"https:\/\/dicodusport.fr\/blog\/athletisme-mondiaux-en-salle-caudery-sacree-a-la-perche-chevrier-blessee-gravement\/\"]}]},{\"@type\":\"ImageObject\",\"inLanguage\":\"fr-FR\",\"@id\":\"https:\/\/dicodusport.fr\/blog\/athletisme-mondiaux-en-salle-caudery-sacree-a-la-perche-chevrier-blessee-gravement\/#primaryimage\",\"url\":\"https:\/\/dicodusport.fr\/blog\/wp-content\/uploads\/2024\/03\/Athletisme-Mondiaux-en-salle-Caudery-sacree-a-la-perche-Chevrier-blessee-gravement.png\",\"contentUrl\":\"https:\/\/dicodusport.fr\/blog\/wp-content\/uploads\/2024\/03\/Athletisme-Mondiaux-en-salle-Caudery-sacree-a-la-perche-Chevrier-blessee-gravement.png\",\"width\":1200,\"height\":674,\"caption\":\"Athl\u00e9tisme Mondiaux en salle : Caudery sacr\u00e9e \u00e0 la perche, Chevrier bless\u00e9e gravement\"},{\"@type\":\"BreadcrumbList\",\"@id\":\"https:\/\/dicodusport.fr\/blog\/athletisme-mondiaux-en-salle-caudery-sacree-a-la-perche-chevrier-blessee-gravement\/#breadcrumb\",\"itemListElement\":[{\"@type\":\"ListItem\",\"position\":1,\"name\":\"Accueil\",\"item\":\"https:\/\/dicodusport.fr\/blog\/\"},{\"@type\":\"ListItem\",\"position\":2,\"name\":\"Athl\u00e9tisme Mondiaux en salle : Caudery sacr\u00e9e \u00e0 la perche, Chevrier gravement bless\u00e9e\"}]},{\"@type\":\"WebSite\",\"@id\":\"https:\/\/dicodusport.fr\/blog\/#website\",\"url\":\"https:\/\/dicodusport.fr\/blog\/\",\"name\":\"Dicodusport\",\"description\":\"L&#039;encyclop\u00e9die de l&#039;actualit\u00e9 sportive\",\"publisher\":{\"@id\":\"https:\/\/dicodusport.fr\/blog\/#organization\"},\"potentialAction\":[{\"@type\":\"SearchAction\",\"target\":{\"@type\":\"EntryPoint\",\"urlTemplate\":\"https:\/\/dicodusport.fr\/blog\/?s={search_term_string}\"},\"query-input\":{\"@type\":\"PropertyValueSpecification\",\"valueRequired\":true,\"valueName\":\"search_term_string\"}}],\"inLanguage\":\"fr-FR\"},{\"@type\":\"NewsMediaOrganization\",\"@id\":\"https:\/\/dicodusport.fr\/blog\/#organization\",\"name\":\"Dicodusport\",\"url\":\"https:\/\/dicodusport.fr\/blog\/\",\"logo\":{\"@type\":\"ImageObject\",\"inLanguage\":\"fr-FR\",\"@id\":\"https:\/\/dicodusport.fr\/blog\/#\/schema\/logo\/image\/\",\"url\":\"https:\/\/dicodusport.fr\/blog\/wp-content\/uploads\/2020\/06\/cropped-LOGO-DICODUSPORT-2020-SANS-FOND-SANS-TEXTE.png\",\"contentUrl\":\"https:\/\/dicodusport.fr\/blog\/wp-content\/uploads\/2020\/06\/cropped-LOGO-DICODUSPORT-2020-SANS-FOND-SANS-TEXTE.png\",\"width\":512,\"height\":512,\"caption\":\"Dicodusport\"},\"image\":{\"@id\":\"https:\/\/dicodusport.fr\/blog\/#\/schema\/logo\/image\/\"},\"sameAs\":[\"https:\/\/www.facebook.com\/dicodusport\",\"https:\/\/x.com\/dicodusport\",\"https:\/\/www.instagram.com\/dicodusport\/\",\"https:\/\/www.youtube.com\/channel\/UC7V2KZ5sd3htJivAbA4ZG3w\"],\"description\":\"Dicodusport est l'encyclop\u00e9die de l'actualit\u00e9 sportive.\",\"email\":\"bonjour@dicodusport.fr\",\"legalName\":\"DICODUSPORT\",\"foundingDate\":\"2018-01-14\",\"vatID\":\"FR71834470973\",\"taxID\":\"83447097300043\",\"numberOfEmployees\":{\"@type\":\"QuantitativeValue\",\"minValue\":\"1\",\"maxValue\":\"10\"}},{\"@type\":\"Person\",\"@id\":\"https:\/\/dicodusport.fr\/blog\/#\/schema\/person\/d603dd7da31fb2b46c82b9835a77ec13\",\"name\":\"Etienne Goursaud\",\"image\":{\"@type\":\"ImageObject\",\"inLanguage\":\"fr-FR\",\"@id\":\"https:\/\/dicodusport.fr\/blog\/#\/schema\/person\/image\/\",\"url\":\"https:\/\/dicodusport.fr\/blog\/wp-content\/uploads\/2023\/12\/410122264_10231602061736049_5565839791558026645_n-150x150.jpg\",\"contentUrl\":\"https:\/\/dicodusport.fr\/blog\/wp-content\/uploads\/2023\/12\/410122264_10231602061736049_5565839791558026645_n-150x150.jpg\",\"caption\":\"Etienne Goursaud\"},\"description\":\"Journaliste et amoureux de sport. Ancien footballeur reconverti athl\u00e8te quand ses muscles le laissent tranquille. \u00c9lev\u00e9 \u00e0 la sauce des exploits de Thomas Voeckler en 2004, du dernier essai de l\u00e9gende de Eunice Barber \u00e0 la longueur lors des championnats du monde d'athl\u00e9tisme de 2003 mais aussi Zidane, Omeyer et Titou Lamaison.\",\"url\":\"https:\/\/dicodusport.fr\/blog\/author\/etienne-goursaud\/\"}]}<\/script>\n<!-- \/ Yoast SEO Premium plugin. -->","yoast_head_json":{"title":"Athl\u00e9tisme Mondiaux en salle : Caudery sacr\u00e9e \u00e0 la perche, Chevrier gravement bless\u00e9e","description":"CHAMPIONNATS DU MONDE EN SALLE D'ATHL\u00c9TISME 2024 - Molly Caudery a domin\u00e9 la finale de la perche, avec un bond \u00e0 4.80 m.","robots":{"index":"index","follow":"follow","max-snippet":"max-snippet:-1","max-image-preview":"max-image-preview:large","max-video-preview":"max-video-preview:-1"},"canonical":"https:\/\/dicodusport.fr\/blog\/athletisme-mondiaux-en-salle-caudery-sacree-a-la-perche-chevrier-blessee-gravement\/","og_locale":"fr_FR","og_type":"article","og_title":"Athl\u00e9tisme Mondiaux en salle : Caudery sacr\u00e9e \u00e0 la perche, Chevrier gravement bless\u00e9e","og_description":"CHAMPIONNATS DU MONDE EN SALLE D'ATHL\u00c9TISME 2024 - Molly Caudery a domin\u00e9 la finale de la perche, avec un bond \u00e0 4.80 m.","og_url":"https:\/\/dicodusport.fr\/blog\/athletisme-mondiaux-en-salle-caudery-sacree-a-la-perche-chevrier-blessee-gravement\/","og_site_name":"Dicodusport","article_publisher":"https:\/\/www.facebook.com\/dicodusport","article_published_time":"2024-03-02T21:31:16+00:00","article_modified_time":"2024-03-02T23:12:28+00:00","og_image":[{"width":1200,"height":674,"url":"https:\/\/dicodusport.fr\/blog\/wp-content\/uploads\/2024\/03\/Athletisme-Mondiaux-en-salle-Caudery-sacree-a-la-perche-Chevrier-blessee-gravement.png","type":"image\/png"}],"author":"Etienne Goursaud","twitter_card":"summary_large_image","twitter_title":"Athl\u00e9tisme Mondiaux en salle : Caudery sacr\u00e9e \u00e0 la perche, Chevrier gravement bless\u00e9e","twitter_creator":"@dicodusport","twitter_site":"@dicodusport","schema":{"@context":"https:\/\/schema.org","@graph":[{"@type":"NewsArticle","@id":"https:\/\/dicodusport.fr\/blog\/athletisme-mondiaux-en-salle-caudery-sacree-a-la-perche-chevrier-blessee-gravement\/#article","isPartOf":{"@id":"https:\/\/dicodusport.fr\/blog\/athletisme-mondiaux-en-salle-caudery-sacree-a-la-perche-chevrier-blessee-gravement\/"},"author":{"name":"Etienne Goursaud","@id":"https:\/\/dicodusport.fr\/blog\/#\/schema\/person\/d603dd7da31fb2b46c82b9835a77ec13"},"headline":"Athl\u00e9tisme Mondiaux en salle : Caudery sacr\u00e9e \u00e0 la perche, Chevrier gravement bless\u00e9e","datePublished":"2024-03-02T21:31:16+00:00","dateModified":"2024-03-02T23:12:28+00:00","mainEntityOfPage":{"@id":"https:\/\/dicodusport.fr\/blog\/athletisme-mondiaux-en-salle-caudery-sacree-a-la-perche-chevrier-blessee-gravement\/"},"wordCount":616,"commentCount":0,"publisher":{"@id":"https:\/\/dicodusport.fr\/blog\/#organization"},"image":{"@id":"https:\/\/dicodusport.fr\/blog\/athletisme-mondiaux-en-salle-caudery-sacree-a-la-perche-chevrier-blessee-gravement\/#primaryimage"},"thumbnailUrl":"https:\/\/dicodusport.fr\/blog\/wp-content\/uploads\/2024\/03\/Athletisme-Mondiaux-en-salle-Caudery-sacree-a-la-perche-Chevrier-blessee-gravement.png","keywords":["br\u00e8ve"],"articleSection":["Athl\u00e9tisme"],"inLanguage":"fr-FR","potentialAction":[{"@type":"CommentAction","name":"Comment","target":["https:\/\/dicodusport.fr\/blog\/athletisme-mondiaux-en-salle-caudery-sacree-a-la-perche-chevrier-blessee-gravement\/#respond"]}],"copyrightYear":"2024","copyrightHolder":{"@id":"https:\/\/dicodusport.fr\/blog\/#organization"}},{"@type":"WebPage","@id":"https:\/\/dicodusport.fr\/blog\/athletisme-mondiaux-en-salle-caudery-sacree-a-la-perche-chevrier-blessee-gravement\/","url":"https:\/\/dicodusport.fr\/blog\/athletisme-mondiaux-en-salle-caudery-sacree-a-la-perche-chevrier-blessee-gravement\/","name":"Athl\u00e9tisme Mondiaux en salle : Caudery sacr\u00e9e \u00e0 la perche, Chevrier gravement bless\u00e9e","isPartOf":{"@id":"https:\/\/dicodusport.fr\/blog\/#website"},"primaryImageOfPage":{"@id":"https:\/\/dicodusport.fr\/blog\/athletisme-mondiaux-en-salle-caudery-sacree-a-la-perche-chevrier-blessee-gravement\/#primaryimage"},"image":{"@id":"https:\/\/dicodusport.fr\/blog\/athletisme-mondiaux-en-salle-caudery-sacree-a-la-perche-chevrier-blessee-gravement\/#primaryimage"},"thumbnailUrl":"https:\/\/dicodusport.fr\/blog\/wp-content\/uploads\/2024\/03\/Athletisme-Mondiaux-en-salle-Caudery-sacree-a-la-perche-Chevrier-blessee-gravement.png","datePublished":"2024-03-02T21:31:16+00:00","dateModified":"2024-03-02T23:12:28+00:00","description":"CHAMPIONNATS DU MONDE EN SALLE D'ATHL\u00c9TISME 2024 - Molly Caudery a domin\u00e9 la finale de la perche, avec un bond \u00e0 4.80 m.","breadcrumb":{"@id":"https:\/\/dicodusport.fr\/blog\/athletisme-mondiaux-en-salle-caudery-sacree-a-la-perche-chevrier-blessee-gravement\/#breadcrumb"},"inLanguage":"fr-FR","potentialAction":[{"@type":"ReadAction","target":["https:\/\/dicodusport.fr\/blog\/athletisme-mondiaux-en-salle-caudery-sacree-a-la-perche-chevrier-blessee-gravement\/"]}]},{"@type":"ImageObject","inLanguage":"fr-FR","@id":"https:\/\/dicodusport.fr\/blog\/athletisme-mondiaux-en-salle-caudery-sacree-a-la-perche-chevrier-blessee-gravement\/#primaryimage","url":"https:\/\/dicodusport.fr\/blog\/wp-content\/uploads\/2024\/03\/Athletisme-Mondiaux-en-salle-Caudery-sacree-a-la-perche-Chevrier-blessee-gravement.png","contentUrl":"https:\/\/dicodusport.fr\/blog\/wp-content\/uploads\/2024\/03\/Athletisme-Mondiaux-en-salle-Caudery-sacree-a-la-perche-Chevrier-blessee-gravement.png","width":1200,"height":674,"caption":"Athl\u00e9tisme Mondiaux en salle : Caudery sacr\u00e9e \u00e0 la perche, Chevrier bless\u00e9e gravement"},{"@type":"BreadcrumbList","@id":"https:\/\/dicodusport.fr\/blog\/athletisme-mondiaux-en-salle-caudery-sacree-a-la-perche-chevrier-blessee-gravement\/#breadcrumb","itemListElement":[{"@type":"ListItem","position":1,"name":"Accueil","item":"https:\/\/dicodusport.fr\/blog\/"},{"@type":"ListItem","position":2,"name":"Athl\u00e9tisme Mondiaux en salle : Caudery sacr\u00e9e \u00e0 la perche, Chevrier gravement bless\u00e9e"}]},{"@type":"WebSite","@id":"https:\/\/dicodusport.fr\/blog\/#website","url":"https:\/\/dicodusport.fr\/blog\/","name":"Dicodusport","description":"L&#039;encyclop\u00e9die de l&#039;actualit\u00e9 sportive","publisher":{"@id":"https:\/\/dicodusport.fr\/blog\/#organization"},"potentialAction":[{"@type":"SearchAction","target":{"@type":"EntryPoint","urlTemplate":"https:\/\/dicodusport.fr\/blog\/?s={search_term_string}"},"query-input":{"@type":"PropertyValueSpecification","valueRequired":true,"valueName":"search_term_string"}}],"inLanguage":"fr-FR"},{"@type":"NewsMediaOrganization","@id":"https:\/\/dicodusport.fr\/blog\/#organization","name":"Dicodusport","url":"https:\/\/dicodusport.fr\/blog\/","logo":{"@type":"ImageObject","inLanguage":"fr-FR","@id":"https:\/\/dicodusport.fr\/blog\/#\/schema\/logo\/image\/","url":"https:\/\/dicodusport.fr\/blog\/wp-content\/uploads\/2020\/06\/cropped-LOGO-DICODUSPORT-2020-SANS-FOND-SANS-TEXTE.png","contentUrl":"https:\/\/dicodusport.fr\/blog\/wp-content\/uploads\/2020\/06\/cropped-LOGO-DICODUSPORT-2020-SANS-FOND-SANS-TEXTE.png","width":512,"height":512,"caption":"Dicodusport"},"image":{"@id":"https:\/\/dicodusport.fr\/blog\/#\/schema\/logo\/image\/"},"sameAs":["https:\/\/www.facebook.com\/dicodusport","https:\/\/x.com\/dicodusport","https:\/\/www.instagram.com\/dicodusport\/","https:\/\/www.youtube.com\/channel\/UC7V2KZ5sd3htJivAbA4ZG3w"],"description":"Dicodusport est l'encyclop\u00e9die de l'actualit\u00e9 sportive.","email":"bonjour@dicodusport.fr","legalName":"DICODUSPORT","foundingDate":"2018-01-14","vatID":"FR71834470973","taxID":"83447097300043","numberOfEmployees":{"@type":"QuantitativeValue","minValue":"1","maxValue":"10"}},{"@type":"Person","@id":"https:\/\/dicodusport.fr\/blog\/#\/schema\/person\/d603dd7da31fb2b46c82b9835a77ec13","name":"Etienne Goursaud","image":{"@type":"ImageObject","inLanguage":"fr-FR","@id":"https:\/\/dicodusport.fr\/blog\/#\/schema\/person\/image\/","url":"https:\/\/dicodusport.fr\/blog\/wp-content\/uploads\/2023\/12\/410122264_10231602061736049_5565839791558026645_n-150x150.jpg","contentUrl":"https:\/\/dicodusport.fr\/blog\/wp-content\/uploads\/2023\/12\/410122264_10231602061736049_5565839791558026645_n-150x150.jpg","caption":"Etienne Goursaud"},"description":"Journaliste et amoureux de sport. Ancien footballeur reconverti athl\u00e8te quand ses muscles le laissent tranquille. \u00c9lev\u00e9 \u00e0 la sauce des exploits de Thomas Voeckler en 2004, du dernier essai de l\u00e9gende de Eunice Barber \u00e0 la longueur lors des championnats du monde d'athl\u00e9tisme de 2003 mais aussi Zidane, Omeyer et Titou Lamaison.","url":"https:\/\/dicodusport.fr\/blog\/author\/etienne-goursaud\/"}]}},"_links":{"self":[{"href":"https:\/\/dicodusport.fr\/blog\/wp-json\/wp\/v2\/posts\/468609","targetHints":{"allow":["GET"]}}],"collection":[{"href":"https:\/\/dicodusport.fr\/blog\/wp-json\/wp\/v2\/posts"}],"about":[{"href":"https:\/\/dicodusport.fr\/blog\/wp-json\/wp\/v2\/types\/post"}],"author":[{"embeddable":true,"href":"https:\/\/dicodusport.fr\/blog\/wp-json\/wp\/v2\/users\/83"}],"replies":[{"embeddable":true,"href":"https:\/\/dicodusport.fr\/blog\/wp-json\/wp\/v2\/comments?post=468609"}],"version-history":[{"count":6,"href":"https:\/\/dicodusport.fr\/blog\/wp-json\/wp\/v2\/posts\/468609\/revisions"}],"predecessor-version":[{"id":468691,"href":"https:\/\/dicodusport.fr\/blog\/wp-json\/wp\/v2\/posts\/468609\/revisions\/468691"}],"wp:featuredmedia":[{"embeddable":true,"href":"https:\/\/dicodusport.fr\/blog\/wp-json\/wp\/v2\/media\/468643"}],"wp:attachment":[{"href":"https:\/\/dicodusport.fr\/blog\/wp-json\/wp\/v2\/media?parent=468609"}],"wp:term":[{"taxonomy":"category","embeddable":true,"href":"https:\/\/dicodusport.fr\/blog\/wp-json\/wp\/v2\/categories?post=468609"},{"taxonomy":"post_tag","embeddable":true,"href":"https:\/\/dicodusport.fr\/blog\/wp-json\/wp\/v2\/tags?post=468609"}],"curies":[{"name":"wp","href":"https:\/\/api.w.org\/{rel}","templated":true}]}}