{"id":468629,"date":"2024-03-02T22:01:29","date_gmt":"2024-03-02T21:01:29","guid":{"rendered":"https:\/\/dicodusport.fr\/blog\/?p=468629&#038;preview=true&#038;preview_id=468629"},"modified":"2024-03-03T00:01:31","modified_gmt":"2024-03-02T23:01:31","slug":"geant-2-aspen-2024-encore-une-victoire-pour-limbattable-marco-odermatt","status":"publish","type":"post","link":"https:\/\/dicodusport.fr\/blog\/geant-2-aspen-2024-encore-une-victoire-pour-limbattable-marco-odermatt\/","title":{"rendered":"G\u00e9ant 2 Aspen 2024 : Encore une victoire pour l&rsquo;imbattable Marco Odermatt"},"content":{"rendered":"<p style=\"text-align: justify;\"><b><i>COUPE DU MONDE DE SKI ALPIN 2023-2024 &#8211; Marco Odermatt a remport\u00e9 le second g\u00e9ant d&rsquo;Aspen dans le Colorado. Il a devanc\u00e9 son compatriote Lo\u00efc Meillard. Odermatt a sign\u00e9 sa treizi\u00e8me victoire de la saison.\u00a0<\/i><\/b><\/p>\n<p style=\"text-align: justify;\">D&rsquo;abord, <strong>Alexander Steen Olsen<\/strong> a r\u00e9alis\u00e9 le meilleur temps de la premi\u00e8re manche en 1 minute 1 seconde et 42 centi\u00e8mes. Sur un trac\u00e9 tr\u00e8s rapide, il a su prendre de la hauteur sur la banane avant l&rsquo;entr\u00e9e dans la for\u00eat. Le Norv\u00e9gien avait une vitesse folle sur la fin du trac\u00e9 sur une neige sal\u00e9e.<\/p>\n<p style=\"text-align: justify;\">Ensuite, <strong>Lo\u00efc Meillard<\/strong> a sign\u00e9 le deuxi\u00e8me temps \u00e0 9 centi\u00e8mes comme lors de la premi\u00e8re manche du g\u00e9ant de la veille. Il a \u00e9t\u00e9 tr\u00e8s fort sur la premi\u00e8re portion sur une neige glac\u00e9e avant de subir la loi du Norv\u00e9gien sur le bas.<\/p>\n<p style=\"text-align: justify;\">Vainqueur des neuf g\u00e9ants de la saison, <strong>Marco Odermatt<\/strong> n\u2019a pas r\u00e9alis\u00e9 une manche parfaite avec des fautes inhabituelles comme deux pieds gauches h\u00e9sitants sur la premi\u00e8re portion et des trajectoires trop basses sur le bas. N\u00e9anmoins, le porteur du dossard rouge a termin\u00e9 \u00e0 32 centi\u00e8mes avec le troisi\u00e8me temps.<\/p>\n<p style=\"text-align: justify;\">Puis, <strong>Zan Kranjec<\/strong> a, comme hier, \u00e9t\u00e9 excellent sur la troisi\u00e8me portion pour terminer \u00e0 39 centi\u00e8mes avec le quatri\u00e8me chrono devant <strong>Timon Haugan<\/strong>, cinqui\u00e8me \u00e0 60 centi\u00e8mes.<\/p>\n<p style=\"text-align: justify;\">Du c\u00f4t\u00e9 du clan fran\u00e7ais, <strong>Thibaut Favrot<\/strong> a c\u00e9d\u00e9 1 seconde et 18 centi\u00e8mes pour le seizi\u00e8me temps avec un d\u00e9s\u00e9quilibre d\u00e8s l&rsquo;entame de la course et peu de vitesse sur le fin. Excellent hier lors de la premi\u00e8re manche, <strong>Victor Muffat-Jeandet<\/strong> s\u2019est qualifi\u00e9 pour une deuxi\u00e8me fois en seconde manche ce week-end avec le dix-neuvi\u00e8me temps \u00e0 2 secondes et 1 centimes en \u00e9tant un peu trop gentil. Enfin, <strong>L\u00e9o Anguenot<\/strong> est malheureusement sorti rapidement apr\u00e8s une faute d&rsquo;int\u00e9rieur. C&rsquo;est un coup dur en vue d&rsquo;une qualification pour les finales de Coupe du monde.<\/p>\n<h2>Odermatt imprenable<\/h2>\n<p style=\"text-align: justify;\"><strong>Marco Odermatt<\/strong> s&rsquo;est finalement impos\u00e9 en 2 minutes 3 secondes et 20 centi\u00e8mes. Le Suisse s\u2019est rattrap\u00e9 miraculeusement dans une \u00e9norme extension au milieu du trac\u00e9. Pourtant, il a r\u00e9ussi \u00e0 prendre un maximum de vitesse dans la derni\u00e8re portion pour remporter un neuvi\u00e8me g\u00e9ant en neuf courses cet hiver. Avec 900 points, il domine largement le classement de la discipline avec 530 points d\u2019avance sur Zubcic, sixi\u00e8me aujourd&rsquo;hui \u00e0 1:23.<\/p>\n<blockquote class=\"twitter-tweet\">\n<p dir=\"ltr\" lang=\"fr\">\ud83e\udd2f\ud83d\udcaa \ud835\uddd6\ud835\uddf2\ud835\ude01 \ud835\uddf5\ud835\uddfc\ud835\uddfa\ud835\uddfa\ud835\uddf2 \ud835\uddf2\ud835\ude00\ud835\ude01 \ud835\ude02\ud835\uddfb \ud835\uddf2\ud835\ude05\ud835\ude01\ud835\uddff\ud835\uddee-\ud835\ude01\ud835\uddf2\ud835\uddff\ud835\uddff\ud835\uddf2\ud835\ude00\ud835\ude01\ud835\uddff\ud835\uddf2 !<\/p>\n<p>Malgr\u00e9 une faute d&rsquo;extension, Marco Odermatt reste sur ses skis et finit en boulet de canon pour s&rsquo;imposer \u00e0 Aspen !<\/p>\n<p>Le meilleur du ski, c&rsquo;est sur Eurosport avec <a href=\"https:\/\/twitter.com\/hashtag\/ChaletClub?src=hash&amp;ref_src=twsrc%5Etfw\">#ChaletClub<\/a> \u27a1\ufe0f <a href=\"https:\/\/t.co\/D5qQUIJVVm\">https:\/\/t.co\/D5qQUIJVVm<\/a> <a href=\"https:\/\/t.co\/s3YFrgWwZy\">pic.twitter.com\/s3YFrgWwZy<\/a><\/p>\n<p>\u2014 Eurosport France (@Eurosport_FR) <a href=\"https:\/\/twitter.com\/Eurosport_FR\/status\/1764033704051998958?ref_src=twsrc%5Etfw\">March 2, 2024<\/a><\/p><\/blockquote>\n<p><script async src=\"https:\/\/platform.twitter.com\/widgets.js\" charset=\"utf-8\"><\/script><\/p>\n<p style=\"text-align: justify;\">Ensuite, <strong>Lo\u00efc Meillard<\/strong> a termin\u00e9 deuxi\u00e8me \u00e0 34 centi\u00e8mes en perdant trop de temps sur le bas face et en \u00e9tant un peu trop prudent sur le haut. <strong>Timon Haugan<\/strong> est mont\u00e9 sur son premier podium en g\u00e9ant au troisi\u00e8me rang devant <strong>Luca De Aliprandini<\/strong>. Quatri\u00e8me \u00e0 68 centi\u00e8mes, l\u2019Italien a commis une grosse faute avant le troisi\u00e8me interm\u00e9diaire qui lui a co\u00fbt\u00e9 le podium voire la victoire.<\/p>\n<p style=\"text-align: justify;\">Avec le meilleur temps de la seconde manche, <strong>Alex Vinatzer<\/strong> est remont\u00e9 au cinqui\u00e8me rang \u00e0 1 seconde et 15 centi\u00e8mes. <strong>Thibaut Favrot<\/strong> et <strong>Victor Muffat-Jeandet<\/strong> n\u2019ont pas r\u00e9alis\u00e9 de miracles sur une seconde manche perturb\u00e9e par le vent en terminant 15e \u00e0 2:33 et 20e \u00e0 2:78. Enfin, <strong>Alexander Steen Olsen<\/strong> a craqu\u00e9 pour la premi\u00e8re fois qu&rsquo;il refermait le portillon en seconde manche. Le Norv\u00e9gien a fait une grosse faute d&rsquo;int\u00e9rieur dans la partie la plus tournante du trac\u00e9. Il est descendu au 17e rang \u00e0 2:52.<\/p>\n<h2 style=\"text-align: justify;\">\u00c0 lire aussi<\/h2>\n<ul>\n<li style=\"text-align: justify;\"><a href=\"https:\/\/dicodusport.fr\/blog\/classement-geant-hommes-aspen-2-2024\/\"><strong>Le classement du second g\u00e9ant G d&rsquo;Aspen<\/strong><\/a><\/li>\n<li style=\"text-align: justify;\"><a href=\"https:\/\/dicodusport.fr\/blog\/coupe-du-monde-de-ski-alpin-classement-general-hommes\/\"><strong>Le classement g\u00e9n\u00e9ral de la Coupe du monde de ski alpin<\/strong><\/a><\/li>\n<li style=\"text-align: justify;\"><a href=\"https:\/\/dicodusport.fr\/blog\/ski-alpin-coupe-du-monde-2023-2024-calendrier-et-resultats-hommes\/\"><strong>Calendrier et r\u00e9sultats de la Coupe du monde de ski alpin<\/strong><\/a><\/li>\n<\/ul>\n","protected":false},"excerpt":{"rendered":"<p>COUPE DU MONDE DE SKI ALPIN 2023-2024 &#8211; Marco Odermatt a remport\u00e9 le second g\u00e9ant d&rsquo;Aspen dans le Colorado. Il a devance son compatriote Lo\u00efc Meillard. Odermatt a sign\u00e9 sa treizi\u00e8me victoire de la saison.\u00a0<\/p>\n","protected":false},"author":48,"featured_media":468633,"comment_status":"open","ping_status":"closed","sticky":false,"template":"","format":"standard","meta":{"_acf_changed":false,"_daextam_enable_autolinks":"1","footnotes":""},"categories":[47084],"tags":[16878,15042,2233],"class_list":["post-468629","post","type-post","status-publish","format-standard","has-post-thumbnail","hentry","category-coupe-du-monde-ski-alpin","tag-breve","tag-marco-odermatt","tag-ski-alpin"],"acf":[],"yoast_head":"<!-- This site is optimized with the Yoast SEO Premium plugin v26.7 (Yoast SEO v26.7) - https:\/\/yoast.com\/wordpress\/plugins\/seo\/ -->\n<title>G\u00e9ant 2 Aspen 2024 : Encore une victoire pour l&#039;imbattable Marco Odermatt<\/title>\n<meta name=\"description\" content=\"COUPE DU MONDE DE SKI ALPIN 2023-2024 - Marco Odermatt a remport\u00e9 le second g\u00e9ant d&#039;Aspen dans le Colorado.\" \/>\n<meta name=\"robots\" content=\"index, follow, max-snippet:-1, max-image-preview:large, max-video-preview:-1\" \/>\n<link rel=\"canonical\" href=\"https:\/\/dicodusport.fr\/blog\/geant-2-aspen-2024-encore-une-victoire-pour-limbattable-marco-odermatt\/\" \/>\n<meta property=\"og:locale\" content=\"fr_FR\" \/>\n<meta property=\"og:type\" content=\"article\" \/>\n<meta property=\"og:title\" content=\"G\u00e9ant 2 Aspen 2024 : Encore une victoire pour l&#039;imbattable Marco Odermatt\" \/>\n<meta property=\"og:description\" content=\"COUPE DU MONDE DE SKI ALPIN 2023-2024 - Marco Odermatt a remport\u00e9 le second g\u00e9ant d&#039;Aspen dans le Colorado.\" \/>\n<meta property=\"og:url\" content=\"https:\/\/dicodusport.fr\/blog\/geant-2-aspen-2024-encore-une-victoire-pour-limbattable-marco-odermatt\/\" \/>\n<meta property=\"og:site_name\" content=\"Dicodusport\" \/>\n<meta property=\"article:publisher\" content=\"https:\/\/www.facebook.com\/dicodusport\" \/>\n<meta property=\"article:author\" content=\"https:\/\/www.facebook.com\/groups\/LesRoisDuPeloton\" \/>\n<meta property=\"article:published_time\" content=\"2024-03-02T21:01:29+00:00\" \/>\n<meta property=\"article:modified_time\" content=\"2024-03-02T23:01:31+00:00\" \/>\n<meta property=\"og:image\" content=\"https:\/\/dicodusport.fr\/blog\/wp-content\/uploads\/2024\/03\/Geant-2-Aspen-2024-Encore-une-victoire-pour-limbattable-Marco-Odermatt.png\" \/>\n\t<meta property=\"og:image:width\" content=\"1200\" \/>\n\t<meta property=\"og:image:height\" content=\"674\" \/>\n\t<meta property=\"og:image:type\" content=\"image\/png\" \/>\n<meta name=\"author\" content=\"Emilien Descampiaux\" \/>\n<meta name=\"twitter:card\" content=\"summary_large_image\" \/>\n<meta name=\"twitter:title\" content=\"G\u00e9ant 2 Aspen 2024 : Encore une victoire pour l&#039;imbattable Marco Odermatt\" \/>\n<meta name=\"twitter:creator\" content=\"@https:\/\/twitter.com\/LRoisDuPeloton\" \/>\n<meta name=\"twitter:site\" content=\"@dicodusport\" \/>\n<script type=\"application\/ld+json\" class=\"yoast-schema-graph\">{\"@context\":\"https:\/\/schema.org\",\"@graph\":[{\"@type\":\"NewsArticle\",\"@id\":\"https:\/\/dicodusport.fr\/blog\/geant-2-aspen-2024-encore-une-victoire-pour-limbattable-marco-odermatt\/#article\",\"isPartOf\":{\"@id\":\"https:\/\/dicodusport.fr\/blog\/geant-2-aspen-2024-encore-une-victoire-pour-limbattable-marco-odermatt\/\"},\"author\":{\"name\":\"Emilien Descampiaux\",\"@id\":\"https:\/\/dicodusport.fr\/blog\/#\/schema\/person\/6db4bae06b171592211be385b32876a7\"},\"headline\":\"G\u00e9ant 2 Aspen 2024 : Encore une victoire pour l&rsquo;imbattable Marco Odermatt\",\"datePublished\":\"2024-03-02T21:01:29+00:00\",\"dateModified\":\"2024-03-02T23:01:31+00:00\",\"mainEntityOfPage\":{\"@id\":\"https:\/\/dicodusport.fr\/blog\/geant-2-aspen-2024-encore-une-victoire-pour-limbattable-marco-odermatt\/\"},\"wordCount\":683,\"commentCount\":0,\"publisher\":{\"@id\":\"https:\/\/dicodusport.fr\/blog\/#organization\"},\"image\":{\"@id\":\"https:\/\/dicodusport.fr\/blog\/geant-2-aspen-2024-encore-une-victoire-pour-limbattable-marco-odermatt\/#primaryimage\"},\"thumbnailUrl\":\"https:\/\/dicodusport.fr\/blog\/wp-content\/uploads\/2024\/03\/Geant-2-Aspen-2024-Encore-une-victoire-pour-limbattable-Marco-Odermatt.png\",\"keywords\":[\"br\u00e8ve\",\"Marco Odermatt\",\"Ski alpin\"],\"articleSection\":[\"Coupe du monde de ski alpin\"],\"inLanguage\":\"fr-FR\",\"potentialAction\":[{\"@type\":\"CommentAction\",\"name\":\"Comment\",\"target\":[\"https:\/\/dicodusport.fr\/blog\/geant-2-aspen-2024-encore-une-victoire-pour-limbattable-marco-odermatt\/#respond\"]}],\"copyrightYear\":\"2024\",\"copyrightHolder\":{\"@id\":\"https:\/\/dicodusport.fr\/blog\/#organization\"}},{\"@type\":\"WebPage\",\"@id\":\"https:\/\/dicodusport.fr\/blog\/geant-2-aspen-2024-encore-une-victoire-pour-limbattable-marco-odermatt\/\",\"url\":\"https:\/\/dicodusport.fr\/blog\/geant-2-aspen-2024-encore-une-victoire-pour-limbattable-marco-odermatt\/\",\"name\":\"G\u00e9ant 2 Aspen 2024 : Encore une victoire pour l'imbattable Marco Odermatt\",\"isPartOf\":{\"@id\":\"https:\/\/dicodusport.fr\/blog\/#website\"},\"primaryImageOfPage\":{\"@id\":\"https:\/\/dicodusport.fr\/blog\/geant-2-aspen-2024-encore-une-victoire-pour-limbattable-marco-odermatt\/#primaryimage\"},\"image\":{\"@id\":\"https:\/\/dicodusport.fr\/blog\/geant-2-aspen-2024-encore-une-victoire-pour-limbattable-marco-odermatt\/#primaryimage\"},\"thumbnailUrl\":\"https:\/\/dicodusport.fr\/blog\/wp-content\/uploads\/2024\/03\/Geant-2-Aspen-2024-Encore-une-victoire-pour-limbattable-Marco-Odermatt.png\",\"datePublished\":\"2024-03-02T21:01:29+00:00\",\"dateModified\":\"2024-03-02T23:01:31+00:00\",\"description\":\"COUPE DU MONDE DE SKI ALPIN 2023-2024 - Marco Odermatt a remport\u00e9 le second g\u00e9ant d'Aspen dans le Colorado.\",\"breadcrumb\":{\"@id\":\"https:\/\/dicodusport.fr\/blog\/geant-2-aspen-2024-encore-une-victoire-pour-limbattable-marco-odermatt\/#breadcrumb\"},\"inLanguage\":\"fr-FR\",\"potentialAction\":[{\"@type\":\"ReadAction\",\"target\":[\"https:\/\/dicodusport.fr\/blog\/geant-2-aspen-2024-encore-une-victoire-pour-limbattable-marco-odermatt\/\"]}]},{\"@type\":\"ImageObject\",\"inLanguage\":\"fr-FR\",\"@id\":\"https:\/\/dicodusport.fr\/blog\/geant-2-aspen-2024-encore-une-victoire-pour-limbattable-marco-odermatt\/#primaryimage\",\"url\":\"https:\/\/dicodusport.fr\/blog\/wp-content\/uploads\/2024\/03\/Geant-2-Aspen-2024-Encore-une-victoire-pour-limbattable-Marco-Odermatt.png\",\"contentUrl\":\"https:\/\/dicodusport.fr\/blog\/wp-content\/uploads\/2024\/03\/Geant-2-Aspen-2024-Encore-une-victoire-pour-limbattable-Marco-Odermatt.png\",\"width\":1200,\"height\":674,\"caption\":\"G\u00e9ant 2 Aspen 2024 Encore une victoire pour l'imbattable Marco Odermatt\"},{\"@type\":\"BreadcrumbList\",\"@id\":\"https:\/\/dicodusport.fr\/blog\/geant-2-aspen-2024-encore-une-victoire-pour-limbattable-marco-odermatt\/#breadcrumb\",\"itemListElement\":[{\"@type\":\"ListItem\",\"position\":1,\"name\":\"Accueil\",\"item\":\"https:\/\/dicodusport.fr\/blog\/\"},{\"@type\":\"ListItem\",\"position\":2,\"name\":\"G\u00e9ant 2 Aspen 2024 : Encore une victoire pour l&rsquo;imbattable Marco Odermatt\"}]},{\"@type\":\"WebSite\",\"@id\":\"https:\/\/dicodusport.fr\/blog\/#website\",\"url\":\"https:\/\/dicodusport.fr\/blog\/\",\"name\":\"Dicodusport\",\"description\":\"L&#039;encyclop\u00e9die de l&#039;actualit\u00e9 sportive\",\"publisher\":{\"@id\":\"https:\/\/dicodusport.fr\/blog\/#organization\"},\"potentialAction\":[{\"@type\":\"SearchAction\",\"target\":{\"@type\":\"EntryPoint\",\"urlTemplate\":\"https:\/\/dicodusport.fr\/blog\/?s={search_term_string}\"},\"query-input\":{\"@type\":\"PropertyValueSpecification\",\"valueRequired\":true,\"valueName\":\"search_term_string\"}}],\"inLanguage\":\"fr-FR\"},{\"@type\":\"NewsMediaOrganization\",\"@id\":\"https:\/\/dicodusport.fr\/blog\/#organization\",\"name\":\"Dicodusport\",\"url\":\"https:\/\/dicodusport.fr\/blog\/\",\"logo\":{\"@type\":\"ImageObject\",\"inLanguage\":\"fr-FR\",\"@id\":\"https:\/\/dicodusport.fr\/blog\/#\/schema\/logo\/image\/\",\"url\":\"https:\/\/dicodusport.fr\/blog\/wp-content\/uploads\/2020\/06\/cropped-LOGO-DICODUSPORT-2020-SANS-FOND-SANS-TEXTE.png\",\"contentUrl\":\"https:\/\/dicodusport.fr\/blog\/wp-content\/uploads\/2020\/06\/cropped-LOGO-DICODUSPORT-2020-SANS-FOND-SANS-TEXTE.png\",\"width\":512,\"height\":512,\"caption\":\"Dicodusport\"},\"image\":{\"@id\":\"https:\/\/dicodusport.fr\/blog\/#\/schema\/logo\/image\/\"},\"sameAs\":[\"https:\/\/www.facebook.com\/dicodusport\",\"https:\/\/x.com\/dicodusport\",\"https:\/\/www.instagram.com\/dicodusport\/\",\"https:\/\/www.youtube.com\/channel\/UC7V2KZ5sd3htJivAbA4ZG3w\"],\"description\":\"Dicodusport est l'encyclop\u00e9die de l'actualit\u00e9 sportive.\",\"email\":\"bonjour@dicodusport.fr\",\"legalName\":\"DICODUSPORT\",\"foundingDate\":\"2018-01-14\",\"vatID\":\"FR71834470973\",\"taxID\":\"83447097300043\",\"numberOfEmployees\":{\"@type\":\"QuantitativeValue\",\"minValue\":\"1\",\"maxValue\":\"10\"}},{\"@type\":\"Person\",\"@id\":\"https:\/\/dicodusport.fr\/blog\/#\/schema\/person\/6db4bae06b171592211be385b32876a7\",\"name\":\"Emilien Descampiaux\",\"image\":{\"@type\":\"ImageObject\",\"inLanguage\":\"fr-FR\",\"@id\":\"https:\/\/dicodusport.fr\/blog\/#\/schema\/person\/image\/\",\"url\":\"https:\/\/dicodusport.fr\/blog\/wp-content\/uploads\/2021\/05\/Emilien-Descampiaux-150x150.jpg\",\"contentUrl\":\"https:\/\/dicodusport.fr\/blog\/wp-content\/uploads\/2021\/05\/Emilien-Descampiaux-150x150.jpg\",\"caption\":\"Emilien Descampiaux\"},\"description\":\"Journaliste\/r\u00e9dacteur depuis 2014 - Fan de la classe de Frank Vandenbroucke, je vis cyclisme (et de ses paysages) depuis plus de 20 ans. Je suis tr\u00e8s impliqu\u00e9 sur mes diff\u00e9rents r\u00e9seaux sociaux pour partager ma passion sur le monde et l'Histoire de la bicyclette avec ma voix sur les images en noir et blanc du succ\u00e8s de Rik Van Steenbergen lors du Ronde sur le V\u00e9lodrome de Gand.\",\"sameAs\":[\"https:\/\/www.facebook.com\/groups\/LesRoisDuPeloton\",\"https:\/\/x.com\/https:\/\/twitter.com\/LRoisDuPeloton\"],\"url\":\"https:\/\/dicodusport.fr\/blog\/author\/emiliend\/\"}]}<\/script>\n<!-- \/ Yoast SEO Premium plugin. -->","yoast_head_json":{"title":"G\u00e9ant 2 Aspen 2024 : Encore une victoire pour l'imbattable Marco Odermatt","description":"COUPE DU MONDE DE SKI ALPIN 2023-2024 - Marco Odermatt a remport\u00e9 le second g\u00e9ant d'Aspen dans le Colorado.","robots":{"index":"index","follow":"follow","max-snippet":"max-snippet:-1","max-image-preview":"max-image-preview:large","max-video-preview":"max-video-preview:-1"},"canonical":"https:\/\/dicodusport.fr\/blog\/geant-2-aspen-2024-encore-une-victoire-pour-limbattable-marco-odermatt\/","og_locale":"fr_FR","og_type":"article","og_title":"G\u00e9ant 2 Aspen 2024 : Encore une victoire pour l'imbattable Marco Odermatt","og_description":"COUPE DU MONDE DE SKI ALPIN 2023-2024 - Marco Odermatt a remport\u00e9 le second g\u00e9ant d'Aspen dans le Colorado.","og_url":"https:\/\/dicodusport.fr\/blog\/geant-2-aspen-2024-encore-une-victoire-pour-limbattable-marco-odermatt\/","og_site_name":"Dicodusport","article_publisher":"https:\/\/www.facebook.com\/dicodusport","article_author":"https:\/\/www.facebook.com\/groups\/LesRoisDuPeloton","article_published_time":"2024-03-02T21:01:29+00:00","article_modified_time":"2024-03-02T23:01:31+00:00","og_image":[{"width":1200,"height":674,"url":"https:\/\/dicodusport.fr\/blog\/wp-content\/uploads\/2024\/03\/Geant-2-Aspen-2024-Encore-une-victoire-pour-limbattable-Marco-Odermatt.png","type":"image\/png"}],"author":"Emilien Descampiaux","twitter_card":"summary_large_image","twitter_title":"G\u00e9ant 2 Aspen 2024 : Encore une victoire pour l'imbattable Marco Odermatt","twitter_creator":"@https:\/\/twitter.com\/LRoisDuPeloton","twitter_site":"@dicodusport","schema":{"@context":"https:\/\/schema.org","@graph":[{"@type":"NewsArticle","@id":"https:\/\/dicodusport.fr\/blog\/geant-2-aspen-2024-encore-une-victoire-pour-limbattable-marco-odermatt\/#article","isPartOf":{"@id":"https:\/\/dicodusport.fr\/blog\/geant-2-aspen-2024-encore-une-victoire-pour-limbattable-marco-odermatt\/"},"author":{"name":"Emilien Descampiaux","@id":"https:\/\/dicodusport.fr\/blog\/#\/schema\/person\/6db4bae06b171592211be385b32876a7"},"headline":"G\u00e9ant 2 Aspen 2024 : Encore une victoire pour l&rsquo;imbattable Marco Odermatt","datePublished":"2024-03-02T21:01:29+00:00","dateModified":"2024-03-02T23:01:31+00:00","mainEntityOfPage":{"@id":"https:\/\/dicodusport.fr\/blog\/geant-2-aspen-2024-encore-une-victoire-pour-limbattable-marco-odermatt\/"},"wordCount":683,"commentCount":0,"publisher":{"@id":"https:\/\/dicodusport.fr\/blog\/#organization"},"image":{"@id":"https:\/\/dicodusport.fr\/blog\/geant-2-aspen-2024-encore-une-victoire-pour-limbattable-marco-odermatt\/#primaryimage"},"thumbnailUrl":"https:\/\/dicodusport.fr\/blog\/wp-content\/uploads\/2024\/03\/Geant-2-Aspen-2024-Encore-une-victoire-pour-limbattable-Marco-Odermatt.png","keywords":["br\u00e8ve","Marco Odermatt","Ski alpin"],"articleSection":["Coupe du monde de ski alpin"],"inLanguage":"fr-FR","potentialAction":[{"@type":"CommentAction","name":"Comment","target":["https:\/\/dicodusport.fr\/blog\/geant-2-aspen-2024-encore-une-victoire-pour-limbattable-marco-odermatt\/#respond"]}],"copyrightYear":"2024","copyrightHolder":{"@id":"https:\/\/dicodusport.fr\/blog\/#organization"}},{"@type":"WebPage","@id":"https:\/\/dicodusport.fr\/blog\/geant-2-aspen-2024-encore-une-victoire-pour-limbattable-marco-odermatt\/","url":"https:\/\/dicodusport.fr\/blog\/geant-2-aspen-2024-encore-une-victoire-pour-limbattable-marco-odermatt\/","name":"G\u00e9ant 2 Aspen 2024 : Encore une victoire pour l'imbattable Marco Odermatt","isPartOf":{"@id":"https:\/\/dicodusport.fr\/blog\/#website"},"primaryImageOfPage":{"@id":"https:\/\/dicodusport.fr\/blog\/geant-2-aspen-2024-encore-une-victoire-pour-limbattable-marco-odermatt\/#primaryimage"},"image":{"@id":"https:\/\/dicodusport.fr\/blog\/geant-2-aspen-2024-encore-une-victoire-pour-limbattable-marco-odermatt\/#primaryimage"},"thumbnailUrl":"https:\/\/dicodusport.fr\/blog\/wp-content\/uploads\/2024\/03\/Geant-2-Aspen-2024-Encore-une-victoire-pour-limbattable-Marco-Odermatt.png","datePublished":"2024-03-02T21:01:29+00:00","dateModified":"2024-03-02T23:01:31+00:00","description":"COUPE DU MONDE DE SKI ALPIN 2023-2024 - Marco Odermatt a remport\u00e9 le second g\u00e9ant d'Aspen dans le Colorado.","breadcrumb":{"@id":"https:\/\/dicodusport.fr\/blog\/geant-2-aspen-2024-encore-une-victoire-pour-limbattable-marco-odermatt\/#breadcrumb"},"inLanguage":"fr-FR","potentialAction":[{"@type":"ReadAction","target":["https:\/\/dicodusport.fr\/blog\/geant-2-aspen-2024-encore-une-victoire-pour-limbattable-marco-odermatt\/"]}]},{"@type":"ImageObject","inLanguage":"fr-FR","@id":"https:\/\/dicodusport.fr\/blog\/geant-2-aspen-2024-encore-une-victoire-pour-limbattable-marco-odermatt\/#primaryimage","url":"https:\/\/dicodusport.fr\/blog\/wp-content\/uploads\/2024\/03\/Geant-2-Aspen-2024-Encore-une-victoire-pour-limbattable-Marco-Odermatt.png","contentUrl":"https:\/\/dicodusport.fr\/blog\/wp-content\/uploads\/2024\/03\/Geant-2-Aspen-2024-Encore-une-victoire-pour-limbattable-Marco-Odermatt.png","width":1200,"height":674,"caption":"G\u00e9ant 2 Aspen 2024 Encore une victoire pour l'imbattable Marco Odermatt"},{"@type":"BreadcrumbList","@id":"https:\/\/dicodusport.fr\/blog\/geant-2-aspen-2024-encore-une-victoire-pour-limbattable-marco-odermatt\/#breadcrumb","itemListElement":[{"@type":"ListItem","position":1,"name":"Accueil","item":"https:\/\/dicodusport.fr\/blog\/"},{"@type":"ListItem","position":2,"name":"G\u00e9ant 2 Aspen 2024 : Encore une victoire pour l&rsquo;imbattable Marco Odermatt"}]},{"@type":"WebSite","@id":"https:\/\/dicodusport.fr\/blog\/#website","url":"https:\/\/dicodusport.fr\/blog\/","name":"Dicodusport","description":"L&#039;encyclop\u00e9die de l&#039;actualit\u00e9 sportive","publisher":{"@id":"https:\/\/dicodusport.fr\/blog\/#organization"},"potentialAction":[{"@type":"SearchAction","target":{"@type":"EntryPoint","urlTemplate":"https:\/\/dicodusport.fr\/blog\/?s={search_term_string}"},"query-input":{"@type":"PropertyValueSpecification","valueRequired":true,"valueName":"search_term_string"}}],"inLanguage":"fr-FR"},{"@type":"NewsMediaOrganization","@id":"https:\/\/dicodusport.fr\/blog\/#organization","name":"Dicodusport","url":"https:\/\/dicodusport.fr\/blog\/","logo":{"@type":"ImageObject","inLanguage":"fr-FR","@id":"https:\/\/dicodusport.fr\/blog\/#\/schema\/logo\/image\/","url":"https:\/\/dicodusport.fr\/blog\/wp-content\/uploads\/2020\/06\/cropped-LOGO-DICODUSPORT-2020-SANS-FOND-SANS-TEXTE.png","contentUrl":"https:\/\/dicodusport.fr\/blog\/wp-content\/uploads\/2020\/06\/cropped-LOGO-DICODUSPORT-2020-SANS-FOND-SANS-TEXTE.png","width":512,"height":512,"caption":"Dicodusport"},"image":{"@id":"https:\/\/dicodusport.fr\/blog\/#\/schema\/logo\/image\/"},"sameAs":["https:\/\/www.facebook.com\/dicodusport","https:\/\/x.com\/dicodusport","https:\/\/www.instagram.com\/dicodusport\/","https:\/\/www.youtube.com\/channel\/UC7V2KZ5sd3htJivAbA4ZG3w"],"description":"Dicodusport est l'encyclop\u00e9die de l'actualit\u00e9 sportive.","email":"bonjour@dicodusport.fr","legalName":"DICODUSPORT","foundingDate":"2018-01-14","vatID":"FR71834470973","taxID":"83447097300043","numberOfEmployees":{"@type":"QuantitativeValue","minValue":"1","maxValue":"10"}},{"@type":"Person","@id":"https:\/\/dicodusport.fr\/blog\/#\/schema\/person\/6db4bae06b171592211be385b32876a7","name":"Emilien Descampiaux","image":{"@type":"ImageObject","inLanguage":"fr-FR","@id":"https:\/\/dicodusport.fr\/blog\/#\/schema\/person\/image\/","url":"https:\/\/dicodusport.fr\/blog\/wp-content\/uploads\/2021\/05\/Emilien-Descampiaux-150x150.jpg","contentUrl":"https:\/\/dicodusport.fr\/blog\/wp-content\/uploads\/2021\/05\/Emilien-Descampiaux-150x150.jpg","caption":"Emilien Descampiaux"},"description":"Journaliste\/r\u00e9dacteur depuis 2014 - Fan de la classe de Frank Vandenbroucke, je vis cyclisme (et de ses paysages) depuis plus de 20 ans. Je suis tr\u00e8s impliqu\u00e9 sur mes diff\u00e9rents r\u00e9seaux sociaux pour partager ma passion sur le monde et l'Histoire de la bicyclette avec ma voix sur les images en noir et blanc du succ\u00e8s de Rik Van Steenbergen lors du Ronde sur le V\u00e9lodrome de Gand.","sameAs":["https:\/\/www.facebook.com\/groups\/LesRoisDuPeloton","https:\/\/x.com\/https:\/\/twitter.com\/LRoisDuPeloton"],"url":"https:\/\/dicodusport.fr\/blog\/author\/emiliend\/"}]}},"_links":{"self":[{"href":"https:\/\/dicodusport.fr\/blog\/wp-json\/wp\/v2\/posts\/468629","targetHints":{"allow":["GET"]}}],"collection":[{"href":"https:\/\/dicodusport.fr\/blog\/wp-json\/wp\/v2\/posts"}],"about":[{"href":"https:\/\/dicodusport.fr\/blog\/wp-json\/wp\/v2\/types\/post"}],"author":[{"embeddable":true,"href":"https:\/\/dicodusport.fr\/blog\/wp-json\/wp\/v2\/users\/48"}],"replies":[{"embeddable":true,"href":"https:\/\/dicodusport.fr\/blog\/wp-json\/wp\/v2\/comments?post=468629"}],"version-history":[{"count":5,"href":"https:\/\/dicodusport.fr\/blog\/wp-json\/wp\/v2\/posts\/468629\/revisions"}],"predecessor-version":[{"id":468690,"href":"https:\/\/dicodusport.fr\/blog\/wp-json\/wp\/v2\/posts\/468629\/revisions\/468690"}],"wp:featuredmedia":[{"embeddable":true,"href":"https:\/\/dicodusport.fr\/blog\/wp-json\/wp\/v2\/media\/468633"}],"wp:attachment":[{"href":"https:\/\/dicodusport.fr\/blog\/wp-json\/wp\/v2\/media?parent=468629"}],"wp:term":[{"taxonomy":"category","embeddable":true,"href":"https:\/\/dicodusport.fr\/blog\/wp-json\/wp\/v2\/categories?post=468629"},{"taxonomy":"post_tag","embeddable":true,"href":"https:\/\/dicodusport.fr\/blog\/wp-json\/wp\/v2\/tags?post=468629"}],"curies":[{"name":"wp","href":"https:\/\/api.w.org\/{rel}","templated":true}]}}