{"id":46871,"date":"2019-08-31T16:27:14","date_gmt":"2019-08-31T14:27:14","guid":{"rendered":"http:\/\/dicodusport.fr\/blog\/?p=46871"},"modified":"2019-08-31T17:38:28","modified_gmt":"2019-08-31T15:38:28","slug":"wts-cinquieme-a-lausanne-vincent-luis-est-sacre-champion-du-monde","status":"publish","type":"post","link":"https:\/\/dicodusport.fr\/blog\/wts-cinquieme-a-lausanne-vincent-luis-est-sacre-champion-du-monde\/","title":{"rendered":"WTS : Cinqui\u00e8me \u00e0 Lausanne, Vincent Luis est sacr\u00e9 champion du monde"},"content":{"rendered":"<p style=\"text-align: justify;\"><strong><em>WTS &#8211; C&rsquo;est fait ! Cinqui\u00e8me lors de la grande finale \u00e0 Lausanne (Suisse), Vincent Luis est devenu champion du monde de triathlon ce samedi. Il devient le premier Fran\u00e7ais \u00e0 grimper sur le toit du monde depuis l&rsquo;instauration des WTS, en 2009.<br \/>\n<\/em><\/strong><\/p>\n<p style=\"text-align: justify;\">Il a souffert, mais il l&rsquo;a fait ! En t\u00eate du classement g\u00e9n\u00e9ral avant la grande finale de Lausanne, <a href=\"https:\/\/dicodusport.fr\/blog\/tag\/vincent-luis\/\" target=\"_blank\" rel=\"noopener\"><strong>Vincent Luis<\/strong><\/a> a finalement pris la cinqui\u00e8me place de l&rsquo;\u00e9tape suisse ce samedi, au bout de l&rsquo;effort. Dans le bon tempo en natation et sur le v\u00e9lo, le natif de Vesoul a ensuite craqu\u00e9 sur la course \u00e0 pied, l\u00e2ch\u00e9 par le Norv\u00e9gien <strong>Kristian Blummenfelt<\/strong>, vainqueur en costaud, et son adversaire direct pour le titre, l&rsquo;Espagnol <strong>Mario Mola<\/strong>, qui prend la deuxi\u00e8me place, \u00e0 16 secondes du grand Monsieur du jour.<\/p>\n<p style=\"text-align: justify;\">Quant \u00e0 <strong>Vincent Luis<\/strong>, <a href=\"https:\/\/dicodusport.fr\/blog\/video-revivez-la-victoire-de-vincent-luis-au-wts-de-yokohama\/\" target=\"_blank\" rel=\"noopener\">laur\u00e9at de la manche de Yokohama cette saison<\/a>, il a termin\u00e9 l&rsquo;\u00e9preuve au mental pour prendre la cinqui\u00e8me place, \u00e0 1&rsquo;06 de Blummenfelt. Suffisant pour d\u00e9crocher le titre et devenir le premier triathl\u00e8te fran\u00e7ais \u00e0 glaner la couronne mondiale sur le format WTS. Le tout \u00e0 un an des <strong>Jeux Olympiques de Tokyo<\/strong>.<\/p>\n<blockquote class=\"twitter-tweet\">\n<p dir=\"ltr\" lang=\"fr\">VINCENT LUIS EST CHAMPION DU MONDE ! &#x1f525;&#x1f1e8;&#x1f1f5;<\/p>\n<p>Cinqui\u00e8me lors de la grande finale \u00e0 Lausanne, il devient le premier Fran\u00e7ais \u00e0 \u00eatre sacr\u00e9 sur le format WTS ! <a href=\"https:\/\/twitter.com\/hashtag\/WTSGrandFinal?src=hash&amp;ref_src=twsrc%5Etfw\">#WTSGrandFinal<\/a> <a href=\"https:\/\/t.co\/jn6VUrJDrm\">pic.twitter.com\/jn6VUrJDrm<\/a><\/p>\n<p>\u2014 Dicodusport &#x2b50;&#x2b50; (@dicodusport) <a href=\"https:\/\/twitter.com\/dicodusport\/status\/1167804709161320449?ref_src=twsrc%5Etfw\">August 31, 2019<\/a><\/p><\/blockquote>\n<p><script async src=\"https:\/\/platform.twitter.com\/widgets.js\" charset=\"utf-8\"><\/script><\/p>\n<p><strong><em>Dicodusport<br \/>\n<a href=\"https:\/\/www.facebook.com\/dicodusport\/\" target=\"_blank\" rel=\"noopener\"><img loading=\"lazy\" decoding=\"async\" class=\"alignnone wp-image-2909\" src=\"http:\/\/dicodusport.fr\/blog\/wp-content\/uploads\/2017\/07\/logo-facebook-150x150.png\" alt=\"\" width=\"40\" height=\"40\" \/><\/a><a href=\"https:\/\/twitter.com\/dicodusport\" target=\"_blank\" rel=\"noopener\"><img loading=\"lazy\" decoding=\"async\" class=\"alignnone wp-image-2908\" src=\"http:\/\/dicodusport.fr\/blog\/wp-content\/uploads\/2017\/07\/logo-twitter-150x150.png\" alt=\"\" width=\"39\" height=\"39\" \/><\/a><\/em><\/strong><\/p>\n","protected":false},"excerpt":{"rendered":"<p>WTS &#8211; C&rsquo;est fait ! Cinqui\u00e8me lors de la grande finale \u00e0 Lausanne (Suisse), Vincent Luis est devenu champion du monde de triathlon ce samedi.<\/p>\n","protected":false},"author":4,"featured_media":46892,"comment_status":"open","ping_status":"closed","sticky":false,"template":"","format":"standard","meta":{"_acf_changed":false,"_daextam_enable_autolinks":"","footnotes":""},"categories":[8303],"tags":[24,589,1874,5489],"class_list":["post-46871","post","type-post","status-publish","format-standard","has-post-thumbnail","hentry","category-triathlon","tag-sport","tag-triathlon","tag-vincent-luis","tag-wts"],"acf":[],"yoast_head":"<!-- This site is optimized with the Yoast SEO Premium plugin v26.7 (Yoast SEO v26.7) - https:\/\/yoast.com\/wordpress\/plugins\/seo\/ -->\n<title>WTS : Cinqui\u00e8me \u00e0 Lausanne, Vincent Luis est sacr\u00e9 champion du monde<\/title>\n<meta name=\"description\" content=\"WTS Lausanne - C&#039;est fait ! Cinqui\u00e8me lors de la grande finale en Suisse, Vincent Luis est devenu champion du monde de triathlon ce samedi.\" \/>\n<meta name=\"robots\" content=\"index, follow, max-snippet:-1, max-image-preview:large, max-video-preview:-1\" \/>\n<link rel=\"canonical\" href=\"https:\/\/dicodusport.fr\/blog\/wts-cinquieme-a-lausanne-vincent-luis-est-sacre-champion-du-monde\/\" \/>\n<meta property=\"og:locale\" content=\"fr_FR\" \/>\n<meta property=\"og:type\" content=\"article\" \/>\n<meta property=\"og:title\" content=\"Triathlon : Cinqui\u00e8me \u00e0 Lausanne, Vincent Luis est sacr\u00e9 champion du monde\" \/>\n<meta property=\"og:description\" content=\"WTS Lausanne - C&#039;est fait ! Cinqui\u00e8me lors de la grande finale en Suisse, Vincent Luis est devenu champion du monde de triathlon ce samedi.\" \/>\n<meta property=\"og:url\" content=\"https:\/\/dicodusport.fr\/blog\/wts-cinquieme-a-lausanne-vincent-luis-est-sacre-champion-du-monde\/\" \/>\n<meta property=\"og:site_name\" content=\"Dicodusport\" \/>\n<meta property=\"article:publisher\" content=\"https:\/\/www.facebook.com\/dicodusport\" \/>\n<meta property=\"article:author\" content=\"https:\/\/www.facebook.com\/florent.ostermann\" \/>\n<meta property=\"article:published_time\" content=\"2019-08-31T14:27:14+00:00\" \/>\n<meta property=\"article:modified_time\" content=\"2019-08-31T15:38:28+00:00\" \/>\n<meta property=\"og:image\" content=\"https:\/\/dicodusport.fr\/blog\/wp-content\/uploads\/2019\/08\/Vincent-Luis-champion-du-monde-2019.png\" \/>\n\t<meta property=\"og:image:width\" content=\"800\" \/>\n\t<meta property=\"og:image:height\" content=\"445\" \/>\n\t<meta property=\"og:image:type\" content=\"image\/png\" \/>\n<meta name=\"author\" content=\"Flo Ostermann\" \/>\n<meta name=\"twitter:card\" content=\"summary_large_image\" \/>\n<meta name=\"twitter:title\" content=\"Triathlon : Cinqui\u00e8me \u00e0 Lausanne, Vincent Luis est sacr\u00e9 champion du monde\" \/>\n<meta name=\"twitter:creator\" content=\"@https:\/\/twitter.com\/FlOstermann\" \/>\n<meta name=\"twitter:site\" content=\"@dicodusport\" \/>\n<script type=\"application\/ld+json\" class=\"yoast-schema-graph\">{\"@context\":\"https:\/\/schema.org\",\"@graph\":[{\"@type\":\"NewsArticle\",\"@id\":\"https:\/\/dicodusport.fr\/blog\/wts-cinquieme-a-lausanne-vincent-luis-est-sacre-champion-du-monde\/#article\",\"isPartOf\":{\"@id\":\"https:\/\/dicodusport.fr\/blog\/wts-cinquieme-a-lausanne-vincent-luis-est-sacre-champion-du-monde\/\"},\"author\":{\"name\":\"Flo Ostermann\",\"@id\":\"https:\/\/dicodusport.fr\/blog\/#\/schema\/person\/cb02af4c173ce4a653b55e9baf388d4a\"},\"headline\":\"WTS : Cinqui\u00e8me \u00e0 Lausanne, Vincent Luis est sacr\u00e9 champion du monde\",\"datePublished\":\"2019-08-31T14:27:14+00:00\",\"dateModified\":\"2019-08-31T15:38:28+00:00\",\"mainEntityOfPage\":{\"@id\":\"https:\/\/dicodusport.fr\/blog\/wts-cinquieme-a-lausanne-vincent-luis-est-sacre-champion-du-monde\/\"},\"wordCount\":258,\"commentCount\":0,\"publisher\":{\"@id\":\"https:\/\/dicodusport.fr\/blog\/#organization\"},\"image\":{\"@id\":\"https:\/\/dicodusport.fr\/blog\/wts-cinquieme-a-lausanne-vincent-luis-est-sacre-champion-du-monde\/#primaryimage\"},\"thumbnailUrl\":\"https:\/\/dicodusport.fr\/blog\/wp-content\/uploads\/2019\/08\/Vincent-Luis-champion-du-monde-2019.png\",\"keywords\":[\"sport\",\"triathlon\",\"Vincent Luis\",\"WTS\"],\"articleSection\":[\"Triathlon\"],\"inLanguage\":\"fr-FR\",\"potentialAction\":[{\"@type\":\"CommentAction\",\"name\":\"Comment\",\"target\":[\"https:\/\/dicodusport.fr\/blog\/wts-cinquieme-a-lausanne-vincent-luis-est-sacre-champion-du-monde\/#respond\"]}],\"copyrightYear\":\"2019\",\"copyrightHolder\":{\"@id\":\"https:\/\/dicodusport.fr\/blog\/#organization\"}},{\"@type\":\"WebPage\",\"@id\":\"https:\/\/dicodusport.fr\/blog\/wts-cinquieme-a-lausanne-vincent-luis-est-sacre-champion-du-monde\/\",\"url\":\"https:\/\/dicodusport.fr\/blog\/wts-cinquieme-a-lausanne-vincent-luis-est-sacre-champion-du-monde\/\",\"name\":\"WTS : Cinqui\u00e8me \u00e0 Lausanne, Vincent Luis est sacr\u00e9 champion du monde\",\"isPartOf\":{\"@id\":\"https:\/\/dicodusport.fr\/blog\/#website\"},\"primaryImageOfPage\":{\"@id\":\"https:\/\/dicodusport.fr\/blog\/wts-cinquieme-a-lausanne-vincent-luis-est-sacre-champion-du-monde\/#primaryimage\"},\"image\":{\"@id\":\"https:\/\/dicodusport.fr\/blog\/wts-cinquieme-a-lausanne-vincent-luis-est-sacre-champion-du-monde\/#primaryimage\"},\"thumbnailUrl\":\"https:\/\/dicodusport.fr\/blog\/wp-content\/uploads\/2019\/08\/Vincent-Luis-champion-du-monde-2019.png\",\"datePublished\":\"2019-08-31T14:27:14+00:00\",\"dateModified\":\"2019-08-31T15:38:28+00:00\",\"description\":\"WTS Lausanne - C'est fait ! Cinqui\u00e8me lors de la grande finale en Suisse, Vincent Luis est devenu champion du monde de triathlon ce samedi.\",\"breadcrumb\":{\"@id\":\"https:\/\/dicodusport.fr\/blog\/wts-cinquieme-a-lausanne-vincent-luis-est-sacre-champion-du-monde\/#breadcrumb\"},\"inLanguage\":\"fr-FR\",\"potentialAction\":[{\"@type\":\"ReadAction\",\"target\":[\"https:\/\/dicodusport.fr\/blog\/wts-cinquieme-a-lausanne-vincent-luis-est-sacre-champion-du-monde\/\"]}]},{\"@type\":\"ImageObject\",\"inLanguage\":\"fr-FR\",\"@id\":\"https:\/\/dicodusport.fr\/blog\/wts-cinquieme-a-lausanne-vincent-luis-est-sacre-champion-du-monde\/#primaryimage\",\"url\":\"https:\/\/dicodusport.fr\/blog\/wp-content\/uploads\/2019\/08\/Vincent-Luis-champion-du-monde-2019.png\",\"contentUrl\":\"https:\/\/dicodusport.fr\/blog\/wp-content\/uploads\/2019\/08\/Vincent-Luis-champion-du-monde-2019.png\",\"width\":800,\"height\":445,\"caption\":\"Triathlon - Championnats du monde 2020 : la startlist de la course hommes\"},{\"@type\":\"BreadcrumbList\",\"@id\":\"https:\/\/dicodusport.fr\/blog\/wts-cinquieme-a-lausanne-vincent-luis-est-sacre-champion-du-monde\/#breadcrumb\",\"itemListElement\":[{\"@type\":\"ListItem\",\"position\":1,\"name\":\"Accueil\",\"item\":\"https:\/\/dicodusport.fr\/blog\/\"},{\"@type\":\"ListItem\",\"position\":2,\"name\":\"WTS : Cinqui\u00e8me \u00e0 Lausanne, Vincent Luis est sacr\u00e9 champion du monde\"}]},{\"@type\":\"WebSite\",\"@id\":\"https:\/\/dicodusport.fr\/blog\/#website\",\"url\":\"https:\/\/dicodusport.fr\/blog\/\",\"name\":\"Dicodusport\",\"description\":\"L&#039;encyclop\u00e9die de l&#039;actualit\u00e9 sportive\",\"publisher\":{\"@id\":\"https:\/\/dicodusport.fr\/blog\/#organization\"},\"potentialAction\":[{\"@type\":\"SearchAction\",\"target\":{\"@type\":\"EntryPoint\",\"urlTemplate\":\"https:\/\/dicodusport.fr\/blog\/?s={search_term_string}\"},\"query-input\":{\"@type\":\"PropertyValueSpecification\",\"valueRequired\":true,\"valueName\":\"search_term_string\"}}],\"inLanguage\":\"fr-FR\"},{\"@type\":\"NewsMediaOrganization\",\"@id\":\"https:\/\/dicodusport.fr\/blog\/#organization\",\"name\":\"Dicodusport\",\"url\":\"https:\/\/dicodusport.fr\/blog\/\",\"logo\":{\"@type\":\"ImageObject\",\"inLanguage\":\"fr-FR\",\"@id\":\"https:\/\/dicodusport.fr\/blog\/#\/schema\/logo\/image\/\",\"url\":\"https:\/\/dicodusport.fr\/blog\/wp-content\/uploads\/2020\/06\/cropped-LOGO-DICODUSPORT-2020-SANS-FOND-SANS-TEXTE.png\",\"contentUrl\":\"https:\/\/dicodusport.fr\/blog\/wp-content\/uploads\/2020\/06\/cropped-LOGO-DICODUSPORT-2020-SANS-FOND-SANS-TEXTE.png\",\"width\":512,\"height\":512,\"caption\":\"Dicodusport\"},\"image\":{\"@id\":\"https:\/\/dicodusport.fr\/blog\/#\/schema\/logo\/image\/\"},\"sameAs\":[\"https:\/\/www.facebook.com\/dicodusport\",\"https:\/\/x.com\/dicodusport\",\"https:\/\/www.instagram.com\/dicodusport\/\",\"https:\/\/www.youtube.com\/channel\/UC7V2KZ5sd3htJivAbA4ZG3w\"],\"description\":\"Dicodusport est l'encyclop\u00e9die de l'actualit\u00e9 sportive.\",\"email\":\"bonjour@dicodusport.fr\",\"legalName\":\"DICODUSPORT\",\"foundingDate\":\"2018-01-14\",\"vatID\":\"FR71834470973\",\"taxID\":\"83447097300043\",\"numberOfEmployees\":{\"@type\":\"QuantitativeValue\",\"minValue\":\"1\",\"maxValue\":\"10\"}},{\"@type\":\"Person\",\"@id\":\"https:\/\/dicodusport.fr\/blog\/#\/schema\/person\/cb02af4c173ce4a653b55e9baf388d4a\",\"name\":\"Flo Ostermann\",\"image\":{\"@type\":\"ImageObject\",\"inLanguage\":\"fr-FR\",\"@id\":\"https:\/\/dicodusport.fr\/blog\/#\/schema\/person\/image\/\",\"url\":\"https:\/\/dicodusport.fr\/blog\/wp-content\/uploads\/2021\/05\/Flo-Ostermann-150x150.jpg\",\"contentUrl\":\"https:\/\/dicodusport.fr\/blog\/wp-content\/uploads\/2021\/05\/Flo-Ostermann-150x150.jpg\",\"caption\":\"Flo Ostermann\"},\"description\":\"Journaliste\/R\u00e9dacteur depuis septembre 2015 - Mes premiers souvenirs dans le sport ? Les envol\u00e9es du Stade Toulousain et les duels Villeneuve-Schumacher et H\u00e4kkinen-Schumacher \u00e0 la fin des ann\u00e9es 90, la Coupe du monde de football en 1998, l\u2019exploit du XV de France face aux All Blacks en 1999, mais aussi Richard C\u0153ur de Lion qui vole sur les montagnes du Tour de France. Bien parti pour devenir professeur d\u2019EPS, les \u00e9v\u00e9nements de la vie (et la flemme d\u2019animer des s\u00e9ances de 3x500 m\u00e8tres toute ma vie) m\u2019ont conduit \u00e0 revoir mes plans. Me voil\u00e0 depuis fin 2017 sur Dicodusport, m\u00e9dia gr\u00e2ce (et pour) lequel je partage ma passion : le sport dans tous ses \u00e9tats. Le tout accompagn\u00e9 par les fous furieux et folles furieuses cit\u00e9s sur cette page !\",\"sameAs\":[\"https:\/\/www.facebook.com\/florent.ostermann\",\"https:\/\/x.com\/https:\/\/twitter.com\/FlOstermann\",\"admin\"],\"url\":\"https:\/\/dicodusport.fr\/blog\/author\/flo\/\"}]}<\/script>\n<!-- \/ Yoast SEO Premium plugin. -->","yoast_head_json":{"title":"WTS : Cinqui\u00e8me \u00e0 Lausanne, Vincent Luis est sacr\u00e9 champion du monde","description":"WTS Lausanne - C'est fait ! Cinqui\u00e8me lors de la grande finale en Suisse, Vincent Luis est devenu champion du monde de triathlon ce samedi.","robots":{"index":"index","follow":"follow","max-snippet":"max-snippet:-1","max-image-preview":"max-image-preview:large","max-video-preview":"max-video-preview:-1"},"canonical":"https:\/\/dicodusport.fr\/blog\/wts-cinquieme-a-lausanne-vincent-luis-est-sacre-champion-du-monde\/","og_locale":"fr_FR","og_type":"article","og_title":"Triathlon : Cinqui\u00e8me \u00e0 Lausanne, Vincent Luis est sacr\u00e9 champion du monde","og_description":"WTS Lausanne - C'est fait ! Cinqui\u00e8me lors de la grande finale en Suisse, Vincent Luis est devenu champion du monde de triathlon ce samedi.","og_url":"https:\/\/dicodusport.fr\/blog\/wts-cinquieme-a-lausanne-vincent-luis-est-sacre-champion-du-monde\/","og_site_name":"Dicodusport","article_publisher":"https:\/\/www.facebook.com\/dicodusport","article_author":"https:\/\/www.facebook.com\/florent.ostermann","article_published_time":"2019-08-31T14:27:14+00:00","article_modified_time":"2019-08-31T15:38:28+00:00","og_image":[{"width":800,"height":445,"url":"https:\/\/dicodusport.fr\/blog\/wp-content\/uploads\/2019\/08\/Vincent-Luis-champion-du-monde-2019.png","type":"image\/png"}],"author":"Flo Ostermann","twitter_card":"summary_large_image","twitter_title":"Triathlon : Cinqui\u00e8me \u00e0 Lausanne, Vincent Luis est sacr\u00e9 champion du monde","twitter_creator":"@https:\/\/twitter.com\/FlOstermann","twitter_site":"@dicodusport","schema":{"@context":"https:\/\/schema.org","@graph":[{"@type":"NewsArticle","@id":"https:\/\/dicodusport.fr\/blog\/wts-cinquieme-a-lausanne-vincent-luis-est-sacre-champion-du-monde\/#article","isPartOf":{"@id":"https:\/\/dicodusport.fr\/blog\/wts-cinquieme-a-lausanne-vincent-luis-est-sacre-champion-du-monde\/"},"author":{"name":"Flo Ostermann","@id":"https:\/\/dicodusport.fr\/blog\/#\/schema\/person\/cb02af4c173ce4a653b55e9baf388d4a"},"headline":"WTS : Cinqui\u00e8me \u00e0 Lausanne, Vincent Luis est sacr\u00e9 champion du monde","datePublished":"2019-08-31T14:27:14+00:00","dateModified":"2019-08-31T15:38:28+00:00","mainEntityOfPage":{"@id":"https:\/\/dicodusport.fr\/blog\/wts-cinquieme-a-lausanne-vincent-luis-est-sacre-champion-du-monde\/"},"wordCount":258,"commentCount":0,"publisher":{"@id":"https:\/\/dicodusport.fr\/blog\/#organization"},"image":{"@id":"https:\/\/dicodusport.fr\/blog\/wts-cinquieme-a-lausanne-vincent-luis-est-sacre-champion-du-monde\/#primaryimage"},"thumbnailUrl":"https:\/\/dicodusport.fr\/blog\/wp-content\/uploads\/2019\/08\/Vincent-Luis-champion-du-monde-2019.png","keywords":["sport","triathlon","Vincent Luis","WTS"],"articleSection":["Triathlon"],"inLanguage":"fr-FR","potentialAction":[{"@type":"CommentAction","name":"Comment","target":["https:\/\/dicodusport.fr\/blog\/wts-cinquieme-a-lausanne-vincent-luis-est-sacre-champion-du-monde\/#respond"]}],"copyrightYear":"2019","copyrightHolder":{"@id":"https:\/\/dicodusport.fr\/blog\/#organization"}},{"@type":"WebPage","@id":"https:\/\/dicodusport.fr\/blog\/wts-cinquieme-a-lausanne-vincent-luis-est-sacre-champion-du-monde\/","url":"https:\/\/dicodusport.fr\/blog\/wts-cinquieme-a-lausanne-vincent-luis-est-sacre-champion-du-monde\/","name":"WTS : Cinqui\u00e8me \u00e0 Lausanne, Vincent Luis est sacr\u00e9 champion du monde","isPartOf":{"@id":"https:\/\/dicodusport.fr\/blog\/#website"},"primaryImageOfPage":{"@id":"https:\/\/dicodusport.fr\/blog\/wts-cinquieme-a-lausanne-vincent-luis-est-sacre-champion-du-monde\/#primaryimage"},"image":{"@id":"https:\/\/dicodusport.fr\/blog\/wts-cinquieme-a-lausanne-vincent-luis-est-sacre-champion-du-monde\/#primaryimage"},"thumbnailUrl":"https:\/\/dicodusport.fr\/blog\/wp-content\/uploads\/2019\/08\/Vincent-Luis-champion-du-monde-2019.png","datePublished":"2019-08-31T14:27:14+00:00","dateModified":"2019-08-31T15:38:28+00:00","description":"WTS Lausanne - C'est fait ! Cinqui\u00e8me lors de la grande finale en Suisse, Vincent Luis est devenu champion du monde de triathlon ce samedi.","breadcrumb":{"@id":"https:\/\/dicodusport.fr\/blog\/wts-cinquieme-a-lausanne-vincent-luis-est-sacre-champion-du-monde\/#breadcrumb"},"inLanguage":"fr-FR","potentialAction":[{"@type":"ReadAction","target":["https:\/\/dicodusport.fr\/blog\/wts-cinquieme-a-lausanne-vincent-luis-est-sacre-champion-du-monde\/"]}]},{"@type":"ImageObject","inLanguage":"fr-FR","@id":"https:\/\/dicodusport.fr\/blog\/wts-cinquieme-a-lausanne-vincent-luis-est-sacre-champion-du-monde\/#primaryimage","url":"https:\/\/dicodusport.fr\/blog\/wp-content\/uploads\/2019\/08\/Vincent-Luis-champion-du-monde-2019.png","contentUrl":"https:\/\/dicodusport.fr\/blog\/wp-content\/uploads\/2019\/08\/Vincent-Luis-champion-du-monde-2019.png","width":800,"height":445,"caption":"Triathlon - Championnats du monde 2020 : la startlist de la course hommes"},{"@type":"BreadcrumbList","@id":"https:\/\/dicodusport.fr\/blog\/wts-cinquieme-a-lausanne-vincent-luis-est-sacre-champion-du-monde\/#breadcrumb","itemListElement":[{"@type":"ListItem","position":1,"name":"Accueil","item":"https:\/\/dicodusport.fr\/blog\/"},{"@type":"ListItem","position":2,"name":"WTS : Cinqui\u00e8me \u00e0 Lausanne, Vincent Luis est sacr\u00e9 champion du monde"}]},{"@type":"WebSite","@id":"https:\/\/dicodusport.fr\/blog\/#website","url":"https:\/\/dicodusport.fr\/blog\/","name":"Dicodusport","description":"L&#039;encyclop\u00e9die de l&#039;actualit\u00e9 sportive","publisher":{"@id":"https:\/\/dicodusport.fr\/blog\/#organization"},"potentialAction":[{"@type":"SearchAction","target":{"@type":"EntryPoint","urlTemplate":"https:\/\/dicodusport.fr\/blog\/?s={search_term_string}"},"query-input":{"@type":"PropertyValueSpecification","valueRequired":true,"valueName":"search_term_string"}}],"inLanguage":"fr-FR"},{"@type":"NewsMediaOrganization","@id":"https:\/\/dicodusport.fr\/blog\/#organization","name":"Dicodusport","url":"https:\/\/dicodusport.fr\/blog\/","logo":{"@type":"ImageObject","inLanguage":"fr-FR","@id":"https:\/\/dicodusport.fr\/blog\/#\/schema\/logo\/image\/","url":"https:\/\/dicodusport.fr\/blog\/wp-content\/uploads\/2020\/06\/cropped-LOGO-DICODUSPORT-2020-SANS-FOND-SANS-TEXTE.png","contentUrl":"https:\/\/dicodusport.fr\/blog\/wp-content\/uploads\/2020\/06\/cropped-LOGO-DICODUSPORT-2020-SANS-FOND-SANS-TEXTE.png","width":512,"height":512,"caption":"Dicodusport"},"image":{"@id":"https:\/\/dicodusport.fr\/blog\/#\/schema\/logo\/image\/"},"sameAs":["https:\/\/www.facebook.com\/dicodusport","https:\/\/x.com\/dicodusport","https:\/\/www.instagram.com\/dicodusport\/","https:\/\/www.youtube.com\/channel\/UC7V2KZ5sd3htJivAbA4ZG3w"],"description":"Dicodusport est l'encyclop\u00e9die de l'actualit\u00e9 sportive.","email":"bonjour@dicodusport.fr","legalName":"DICODUSPORT","foundingDate":"2018-01-14","vatID":"FR71834470973","taxID":"83447097300043","numberOfEmployees":{"@type":"QuantitativeValue","minValue":"1","maxValue":"10"}},{"@type":"Person","@id":"https:\/\/dicodusport.fr\/blog\/#\/schema\/person\/cb02af4c173ce4a653b55e9baf388d4a","name":"Flo Ostermann","image":{"@type":"ImageObject","inLanguage":"fr-FR","@id":"https:\/\/dicodusport.fr\/blog\/#\/schema\/person\/image\/","url":"https:\/\/dicodusport.fr\/blog\/wp-content\/uploads\/2021\/05\/Flo-Ostermann-150x150.jpg","contentUrl":"https:\/\/dicodusport.fr\/blog\/wp-content\/uploads\/2021\/05\/Flo-Ostermann-150x150.jpg","caption":"Flo Ostermann"},"description":"Journaliste\/R\u00e9dacteur depuis septembre 2015 - Mes premiers souvenirs dans le sport ? Les envol\u00e9es du Stade Toulousain et les duels Villeneuve-Schumacher et H\u00e4kkinen-Schumacher \u00e0 la fin des ann\u00e9es 90, la Coupe du monde de football en 1998, l\u2019exploit du XV de France face aux All Blacks en 1999, mais aussi Richard C\u0153ur de Lion qui vole sur les montagnes du Tour de France. Bien parti pour devenir professeur d\u2019EPS, les \u00e9v\u00e9nements de la vie (et la flemme d\u2019animer des s\u00e9ances de 3x500 m\u00e8tres toute ma vie) m\u2019ont conduit \u00e0 revoir mes plans. Me voil\u00e0 depuis fin 2017 sur Dicodusport, m\u00e9dia gr\u00e2ce (et pour) lequel je partage ma passion : le sport dans tous ses \u00e9tats. Le tout accompagn\u00e9 par les fous furieux et folles furieuses cit\u00e9s sur cette page !","sameAs":["https:\/\/www.facebook.com\/florent.ostermann","https:\/\/x.com\/https:\/\/twitter.com\/FlOstermann","admin"],"url":"https:\/\/dicodusport.fr\/blog\/author\/flo\/"}]}},"_links":{"self":[{"href":"https:\/\/dicodusport.fr\/blog\/wp-json\/wp\/v2\/posts\/46871","targetHints":{"allow":["GET"]}}],"collection":[{"href":"https:\/\/dicodusport.fr\/blog\/wp-json\/wp\/v2\/posts"}],"about":[{"href":"https:\/\/dicodusport.fr\/blog\/wp-json\/wp\/v2\/types\/post"}],"author":[{"embeddable":true,"href":"https:\/\/dicodusport.fr\/blog\/wp-json\/wp\/v2\/users\/4"}],"replies":[{"embeddable":true,"href":"https:\/\/dicodusport.fr\/blog\/wp-json\/wp\/v2\/comments?post=46871"}],"version-history":[{"count":0,"href":"https:\/\/dicodusport.fr\/blog\/wp-json\/wp\/v2\/posts\/46871\/revisions"}],"wp:featuredmedia":[{"embeddable":true,"href":"https:\/\/dicodusport.fr\/blog\/wp-json\/wp\/v2\/media\/46892"}],"wp:attachment":[{"href":"https:\/\/dicodusport.fr\/blog\/wp-json\/wp\/v2\/media?parent=46871"}],"wp:term":[{"taxonomy":"category","embeddable":true,"href":"https:\/\/dicodusport.fr\/blog\/wp-json\/wp\/v2\/categories?post=46871"},{"taxonomy":"post_tag","embeddable":true,"href":"https:\/\/dicodusport.fr\/blog\/wp-json\/wp\/v2\/tags?post=46871"}],"curies":[{"name":"wp","href":"https:\/\/api.w.org\/{rel}","templated":true}]}}