{"id":468731,"date":"2024-03-03T10:44:10","date_gmt":"2024-03-03T09:44:10","guid":{"rendered":"https:\/\/dicodusport.fr\/blog\/?p=468731&#038;preview=true&#038;preview_id=468731"},"modified":"2025-04-03T14:25:28","modified_gmt":"2025-04-03T12:25:28","slug":"coupe-du-monde-ski-alpinisme-le-podium-pour-anselmet-et-harrop-sur-le-sprint-de-schladming","status":"publish","type":"post","link":"https:\/\/dicodusport.fr\/blog\/coupe-du-monde-ski-alpinisme-le-podium-pour-anselmet-et-harrop-sur-le-sprint-de-schladming\/","title":{"rendered":"Coupe du monde Ski alpinisme : Le podium pour Anselmet et Harrop sur le sprint de Schladming"},"content":{"rendered":"<p align=\"justify\"><em><a style=\"font-weight: bold;\" href=\"https:\/\/dicodusport.fr\/blog\/?s=ski+alpinisme\">SKI ALPINISME<\/a><b> &#8211; Thibault Anselmet et Emily Harrop se sont tous deux empar\u00e9s de la 2e place des sprints disput\u00e9s \u00e0 Schladming (Autriche) samedi soir. Les deux tricolores renforcent au passage leur place en t\u00eate du classement g\u00e9n\u00e9ral dans la qu\u00eate du gros globe de cristal.<\/b><\/em><\/p>\n<p align=\"justify\">C&rsquo;est assez rare pour le souligner. Le weekend de Coupe du monde \u00e0 <strong>Schladming<\/strong> (Autriche) n&rsquo;aura vu aucune victoire tricolore. Mais cela n&rsquo;est vraiment pas pass\u00e9 loin. Apr\u00e8s les podiums obtenus par <strong>Thibault Anselmet<\/strong> (2e) et <strong>C\u00e9lia Perillat-Pessey<\/strong> (3e) sur la Vertical Race vendredi, le sprint se disputait samedi soir \u00e0 la tomb\u00e9e de la nuit.<\/p>\n<p align=\"justify\">Chez les hommes, Anselmet \u00e9tait donc de nouveau attendu au tournant. Largu\u00e9 par l&rsquo;intouchable Bonnet sur la Vertical race la veille, il souhaitait se rattraper dans la discipline qu&rsquo;il domine. Mais une nouvelle fois, il doit se contenter de la 2e place puisque c&rsquo;est l&rsquo;Espagnol <strong>Oriol Cardona Coll<\/strong> qui s&rsquo;est empar\u00e9 de la victoire. L&rsquo;Espagnol se rapproche d&rsquo;ailleurs dangereusement de la t\u00eate du classement g\u00e9n\u00e9ral du sprint, toujours domin\u00e9 par le Fran\u00e7ais. Pour compl\u00e9ter le podium, le Belge <strong>Maximilien Drion<\/strong> poursuit son excellente saison.<\/p>\n<p align=\"justify\">C\u00f4t\u00e9 f\u00e9minin, <strong>Emily Harrop<\/strong> est \u00e9galement pass\u00e9e \u00e0 deux doigts de la victoire, mais s&rsquo;est faite coiffer au poteau par la Suissesse <strong>Caroline Ulrich<\/strong>. Derri\u00e8re, <strong>Marianne Fatton<\/strong> compl\u00e8te un podium aux deux tiers suisse. Malgr\u00e9 la d\u00e9ception de passer \u00e0 c\u00f4t\u00e9 d&rsquo;une\u00a0 nouvelle victoire, la Fran\u00e7aise continue de faire cavalier seul en t\u00eate du classement g\u00e9n\u00e9ral. A l&rsquo;exception du petit globe de la Vertical Race, toutes les autres r\u00e9compenses de fin de saison (gros globe, petits globe de l&rsquo;individuel et du sprint) se dirigent pour le moment dans ses bras.<\/p>\n<p align=\"justify\">Cette \u00e9tape \u00e9tant l&rsquo;avant derni\u00e8re de la saison, <strong>l&rsquo;ultime manche se d\u00e9roulera au d\u00e9but du mois d&rsquo;avril du c\u00f4t\u00e9 de Cortina<\/strong>, en Italie. Il s&rsquo;agira alors d&rsquo;un v\u00e9ritable feu d&rsquo;artifice puisque toutes les disciplines seront pr\u00e9sentes : individuel, sprint, vertical race et relais mixte. De quoi offrir un beau spectacle pour cl\u00f4turer un magnifique hiver.<\/p>\n<p><iframe loading=\"lazy\" style=\"border: none; overflow: hidden;\" src=\"https:\/\/www.facebook.com\/plugins\/post.php?href=https%3A%2F%2Fwww.facebook.com%2Fismf.ski%2Fposts%2Fpfbid0ZrvY6DTEowLnzoTtx4hrVdJrWavxZZsGiVeEDh4HukX5sQg4PirefV6LgUZLzun9l&amp;show_text=true&amp;width=500\" width=\"500\" height=\"653\" frameborder=\"0\" scrolling=\"no\" allowfullscreen=\"allowfullscreen\"><\/iframe><\/p>\n","protected":false},"excerpt":{"rendered":"<p>SKI ALPINISME &#8211; Thibault Anselmet et Emily Harrop se sont tous deux empar\u00e9s de la 2e place des sprints disput\u00e9s \u00e0 Schladming (Autriche) samedi soir. Les deux tricolores renforcent au passage leur place en t\u00eate du classement g\u00e9n\u00e9ral dans la qu\u00eate du gros globe de cristal.<\/p>\n","protected":false},"author":55,"featured_media":468743,"comment_status":"open","ping_status":"closed","sticky":false,"template":"","format":"standard","meta":{"_acf_changed":false,"_daextam_enable_autolinks":"1","footnotes":""},"categories":[45757],"tags":[16878,37201,22884,13905,4230],"class_list":["post-468731","post","type-post","status-publish","format-standard","has-post-thumbnail","hentry","category-ski-alpinisme","tag-breve","tag-coupe-du-monde-ski-alpinisme","tag-emily-harrop","tag-schladming","tag-ski-alpinisme"],"acf":[],"yoast_head":"<!-- This site is optimized with the Yoast SEO Premium plugin v26.7 (Yoast SEO v26.7) - https:\/\/yoast.com\/wordpress\/plugins\/seo\/ -->\n<title>Coupe du monde Ski alpinisme : Le podium pour Anselmet et Harrop sur le sprint de Schladming<\/title>\n<meta name=\"description\" content=\"COUPE DU MONDE SKI ALPINISME - Thibault Anselmet et Emily Harrop ont pris la 2e place du sprint de Schladming.\" \/>\n<meta name=\"robots\" content=\"index, follow, max-snippet:-1, max-image-preview:large, max-video-preview:-1\" \/>\n<link rel=\"canonical\" href=\"https:\/\/dicodusport.fr\/blog\/coupe-du-monde-ski-alpinisme-le-podium-pour-anselmet-et-harrop-sur-le-sprint-de-schladming\/\" \/>\n<meta property=\"og:locale\" content=\"fr_FR\" \/>\n<meta property=\"og:type\" content=\"article\" \/>\n<meta property=\"og:title\" content=\"Coupe du monde Ski alpinisme : Le podium pour Anselmet et Harrop sur le sprint de Schladming\" \/>\n<meta property=\"og:description\" content=\"COUPE DU MONDE SKI ALPINISME - Thibault Anselmet et Emily Harrop ont pris la 2e place du sprint de Schladming.\" \/>\n<meta property=\"og:url\" content=\"https:\/\/dicodusport.fr\/blog\/coupe-du-monde-ski-alpinisme-le-podium-pour-anselmet-et-harrop-sur-le-sprint-de-schladming\/\" \/>\n<meta property=\"og:site_name\" content=\"Dicodusport\" \/>\n<meta property=\"article:publisher\" content=\"https:\/\/www.facebook.com\/dicodusport\" \/>\n<meta property=\"article:published_time\" content=\"2024-03-03T09:44:10+00:00\" \/>\n<meta property=\"article:modified_time\" content=\"2025-04-03T12:25:28+00:00\" \/>\n<meta property=\"og:image\" content=\"https:\/\/dicodusport.fr\/blog\/wp-content\/uploads\/2024\/03\/Coupe-du-monde-Ski-alpinisme-Le-podium-pour-Anselmet-et-Harrop-sur-le-sprint-de-Schladming.png\" \/>\n\t<meta property=\"og:image:width\" content=\"1200\" \/>\n\t<meta property=\"og:image:height\" content=\"674\" \/>\n\t<meta property=\"og:image:type\" content=\"image\/png\" \/>\n<meta name=\"author\" content=\"Maxime Cazenave\" \/>\n<meta name=\"twitter:card\" content=\"summary_large_image\" \/>\n<meta name=\"twitter:title\" content=\"Coupe du monde Ski alpinisme : Le podium pour Anselmet et Harrop sur le sprint de Schladming\" \/>\n<meta name=\"twitter:creator\" content=\"@https:\/\/twitter.com\/Maxime_Caze\" \/>\n<meta name=\"twitter:site\" content=\"@dicodusport\" \/>\n<script type=\"application\/ld+json\" class=\"yoast-schema-graph\">{\"@context\":\"https:\/\/schema.org\",\"@graph\":[{\"@type\":\"NewsArticle\",\"@id\":\"https:\/\/dicodusport.fr\/blog\/coupe-du-monde-ski-alpinisme-le-podium-pour-anselmet-et-harrop-sur-le-sprint-de-schladming\/#article\",\"isPartOf\":{\"@id\":\"https:\/\/dicodusport.fr\/blog\/coupe-du-monde-ski-alpinisme-le-podium-pour-anselmet-et-harrop-sur-le-sprint-de-schladming\/\"},\"author\":{\"name\":\"Maxime Cazenave\",\"@id\":\"https:\/\/dicodusport.fr\/blog\/#\/schema\/person\/37def232098a7a5cbab3974a3690abb0\"},\"headline\":\"Coupe du monde Ski alpinisme : Le podium pour Anselmet et Harrop sur le sprint de Schladming\",\"datePublished\":\"2024-03-03T09:44:10+00:00\",\"dateModified\":\"2025-04-03T12:25:28+00:00\",\"mainEntityOfPage\":{\"@id\":\"https:\/\/dicodusport.fr\/blog\/coupe-du-monde-ski-alpinisme-le-podium-pour-anselmet-et-harrop-sur-le-sprint-de-schladming\/\"},\"wordCount\":394,\"commentCount\":0,\"publisher\":{\"@id\":\"https:\/\/dicodusport.fr\/blog\/#organization\"},\"image\":{\"@id\":\"https:\/\/dicodusport.fr\/blog\/coupe-du-monde-ski-alpinisme-le-podium-pour-anselmet-et-harrop-sur-le-sprint-de-schladming\/#primaryimage\"},\"thumbnailUrl\":\"https:\/\/dicodusport.fr\/blog\/wp-content\/uploads\/2024\/03\/Coupe-du-monde-Ski-alpinisme-Le-podium-pour-Anselmet-et-Harrop-sur-le-sprint-de-Schladming.png\",\"keywords\":[\"br\u00e8ve\",\"Coupe du monde ski alpinisme\",\"Emily Harrop\",\"Schladming\",\"Ski alpinisme\"],\"articleSection\":[\"Ski alpinisme\"],\"inLanguage\":\"fr-FR\",\"potentialAction\":[{\"@type\":\"CommentAction\",\"name\":\"Comment\",\"target\":[\"https:\/\/dicodusport.fr\/blog\/coupe-du-monde-ski-alpinisme-le-podium-pour-anselmet-et-harrop-sur-le-sprint-de-schladming\/#respond\"]}],\"copyrightYear\":\"2024\",\"copyrightHolder\":{\"@id\":\"https:\/\/dicodusport.fr\/blog\/#organization\"}},{\"@type\":\"WebPage\",\"@id\":\"https:\/\/dicodusport.fr\/blog\/coupe-du-monde-ski-alpinisme-le-podium-pour-anselmet-et-harrop-sur-le-sprint-de-schladming\/\",\"url\":\"https:\/\/dicodusport.fr\/blog\/coupe-du-monde-ski-alpinisme-le-podium-pour-anselmet-et-harrop-sur-le-sprint-de-schladming\/\",\"name\":\"Coupe du monde Ski alpinisme : Le podium pour Anselmet et Harrop sur le sprint de Schladming\",\"isPartOf\":{\"@id\":\"https:\/\/dicodusport.fr\/blog\/#website\"},\"primaryImageOfPage\":{\"@id\":\"https:\/\/dicodusport.fr\/blog\/coupe-du-monde-ski-alpinisme-le-podium-pour-anselmet-et-harrop-sur-le-sprint-de-schladming\/#primaryimage\"},\"image\":{\"@id\":\"https:\/\/dicodusport.fr\/blog\/coupe-du-monde-ski-alpinisme-le-podium-pour-anselmet-et-harrop-sur-le-sprint-de-schladming\/#primaryimage\"},\"thumbnailUrl\":\"https:\/\/dicodusport.fr\/blog\/wp-content\/uploads\/2024\/03\/Coupe-du-monde-Ski-alpinisme-Le-podium-pour-Anselmet-et-Harrop-sur-le-sprint-de-Schladming.png\",\"datePublished\":\"2024-03-03T09:44:10+00:00\",\"dateModified\":\"2025-04-03T12:25:28+00:00\",\"description\":\"COUPE DU MONDE SKI ALPINISME - Thibault Anselmet et Emily Harrop ont pris la 2e place du sprint de Schladming.\",\"breadcrumb\":{\"@id\":\"https:\/\/dicodusport.fr\/blog\/coupe-du-monde-ski-alpinisme-le-podium-pour-anselmet-et-harrop-sur-le-sprint-de-schladming\/#breadcrumb\"},\"inLanguage\":\"fr-FR\",\"potentialAction\":[{\"@type\":\"ReadAction\",\"target\":[\"https:\/\/dicodusport.fr\/blog\/coupe-du-monde-ski-alpinisme-le-podium-pour-anselmet-et-harrop-sur-le-sprint-de-schladming\/\"]}]},{\"@type\":\"ImageObject\",\"inLanguage\":\"fr-FR\",\"@id\":\"https:\/\/dicodusport.fr\/blog\/coupe-du-monde-ski-alpinisme-le-podium-pour-anselmet-et-harrop-sur-le-sprint-de-schladming\/#primaryimage\",\"url\":\"https:\/\/dicodusport.fr\/blog\/wp-content\/uploads\/2024\/03\/Coupe-du-monde-Ski-alpinisme-Le-podium-pour-Anselmet-et-Harrop-sur-le-sprint-de-Schladming.png\",\"contentUrl\":\"https:\/\/dicodusport.fr\/blog\/wp-content\/uploads\/2024\/03\/Coupe-du-monde-Ski-alpinisme-Le-podium-pour-Anselmet-et-Harrop-sur-le-sprint-de-Schladming.png\",\"width\":1200,\"height\":674,\"caption\":\"Coupe du monde Ski alpinisme : Le podium pour Anselmet et Harrop sur le sprint de Schladming\"},{\"@type\":\"BreadcrumbList\",\"@id\":\"https:\/\/dicodusport.fr\/blog\/coupe-du-monde-ski-alpinisme-le-podium-pour-anselmet-et-harrop-sur-le-sprint-de-schladming\/#breadcrumb\",\"itemListElement\":[{\"@type\":\"ListItem\",\"position\":1,\"name\":\"Accueil\",\"item\":\"https:\/\/dicodusport.fr\/blog\/\"},{\"@type\":\"ListItem\",\"position\":2,\"name\":\"Coupe du monde Ski alpinisme : Le podium pour Anselmet et Harrop sur le sprint de Schladming\"}]},{\"@type\":\"WebSite\",\"@id\":\"https:\/\/dicodusport.fr\/blog\/#website\",\"url\":\"https:\/\/dicodusport.fr\/blog\/\",\"name\":\"Dicodusport\",\"description\":\"L&#039;encyclop\u00e9die de l&#039;actualit\u00e9 sportive\",\"publisher\":{\"@id\":\"https:\/\/dicodusport.fr\/blog\/#organization\"},\"potentialAction\":[{\"@type\":\"SearchAction\",\"target\":{\"@type\":\"EntryPoint\",\"urlTemplate\":\"https:\/\/dicodusport.fr\/blog\/?s={search_term_string}\"},\"query-input\":{\"@type\":\"PropertyValueSpecification\",\"valueRequired\":true,\"valueName\":\"search_term_string\"}}],\"inLanguage\":\"fr-FR\"},{\"@type\":\"NewsMediaOrganization\",\"@id\":\"https:\/\/dicodusport.fr\/blog\/#organization\",\"name\":\"Dicodusport\",\"url\":\"https:\/\/dicodusport.fr\/blog\/\",\"logo\":{\"@type\":\"ImageObject\",\"inLanguage\":\"fr-FR\",\"@id\":\"https:\/\/dicodusport.fr\/blog\/#\/schema\/logo\/image\/\",\"url\":\"https:\/\/dicodusport.fr\/blog\/wp-content\/uploads\/2020\/06\/cropped-LOGO-DICODUSPORT-2020-SANS-FOND-SANS-TEXTE.png\",\"contentUrl\":\"https:\/\/dicodusport.fr\/blog\/wp-content\/uploads\/2020\/06\/cropped-LOGO-DICODUSPORT-2020-SANS-FOND-SANS-TEXTE.png\",\"width\":512,\"height\":512,\"caption\":\"Dicodusport\"},\"image\":{\"@id\":\"https:\/\/dicodusport.fr\/blog\/#\/schema\/logo\/image\/\"},\"sameAs\":[\"https:\/\/www.facebook.com\/dicodusport\",\"https:\/\/x.com\/dicodusport\",\"https:\/\/www.instagram.com\/dicodusport\/\",\"https:\/\/www.youtube.com\/channel\/UC7V2KZ5sd3htJivAbA4ZG3w\"],\"description\":\"Dicodusport est l'encyclop\u00e9die de l'actualit\u00e9 sportive.\",\"email\":\"bonjour@dicodusport.fr\",\"legalName\":\"DICODUSPORT\",\"foundingDate\":\"2018-01-14\",\"vatID\":\"FR71834470973\",\"taxID\":\"83447097300043\",\"numberOfEmployees\":{\"@type\":\"QuantitativeValue\",\"minValue\":\"1\",\"maxValue\":\"10\"}},{\"@type\":\"Person\",\"@id\":\"https:\/\/dicodusport.fr\/blog\/#\/schema\/person\/37def232098a7a5cbab3974a3690abb0\",\"name\":\"Maxime Cazenave\",\"image\":{\"@type\":\"ImageObject\",\"inLanguage\":\"fr-FR\",\"@id\":\"https:\/\/dicodusport.fr\/blog\/#\/schema\/person\/image\/\",\"url\":\"https:\/\/dicodusport.fr\/blog\/wp-content\/uploads\/2021\/05\/Maxime-Cazenave-150x150.jpg\",\"contentUrl\":\"https:\/\/dicodusport.fr\/blog\/wp-content\/uploads\/2021\/05\/Maxime-Cazenave-150x150.jpg\",\"caption\":\"Maxime Cazenave\"},\"description\":\"Journaliste\/R\u00e9dacteur depuis 2012 - Berc\u00e9 par l\u2019amour des Girondins de Bordeaux, les \u00e9checs de Christophe Moreau sur le Tour de France sous l'\u00e8re Lance Armstrong et le fade-away l\u00e9tal de Dirk Nowitzki, ma passion d\u00e9vorante pour le sport a toujours \u00e9t\u00e9 un pan incontournable de ma vie. Transmettre ma passion \u00e0 l\u2019\u00e9crit a \u00e9t\u00e9 une transition naturelle. Suiveur assidu de basket et de hockey sur glace, je garde toujours un peu de place pour suivre le cyclisme, le football et le maximum de performances fran\u00e7aises.\",\"sameAs\":[\"https:\/\/x.com\/https:\/\/twitter.com\/Maxime_Caze\"],\"url\":\"https:\/\/dicodusport.fr\/blog\/author\/maximec\/\"}]}<\/script>\n<!-- \/ Yoast SEO Premium plugin. -->","yoast_head_json":{"title":"Coupe du monde Ski alpinisme : Le podium pour Anselmet et Harrop sur le sprint de Schladming","description":"COUPE DU MONDE SKI ALPINISME - Thibault Anselmet et Emily Harrop ont pris la 2e place du sprint de Schladming.","robots":{"index":"index","follow":"follow","max-snippet":"max-snippet:-1","max-image-preview":"max-image-preview:large","max-video-preview":"max-video-preview:-1"},"canonical":"https:\/\/dicodusport.fr\/blog\/coupe-du-monde-ski-alpinisme-le-podium-pour-anselmet-et-harrop-sur-le-sprint-de-schladming\/","og_locale":"fr_FR","og_type":"article","og_title":"Coupe du monde Ski alpinisme : Le podium pour Anselmet et Harrop sur le sprint de Schladming","og_description":"COUPE DU MONDE SKI ALPINISME - Thibault Anselmet et Emily Harrop ont pris la 2e place du sprint de Schladming.","og_url":"https:\/\/dicodusport.fr\/blog\/coupe-du-monde-ski-alpinisme-le-podium-pour-anselmet-et-harrop-sur-le-sprint-de-schladming\/","og_site_name":"Dicodusport","article_publisher":"https:\/\/www.facebook.com\/dicodusport","article_published_time":"2024-03-03T09:44:10+00:00","article_modified_time":"2025-04-03T12:25:28+00:00","og_image":[{"width":1200,"height":674,"url":"https:\/\/dicodusport.fr\/blog\/wp-content\/uploads\/2024\/03\/Coupe-du-monde-Ski-alpinisme-Le-podium-pour-Anselmet-et-Harrop-sur-le-sprint-de-Schladming.png","type":"image\/png"}],"author":"Maxime Cazenave","twitter_card":"summary_large_image","twitter_title":"Coupe du monde Ski alpinisme : Le podium pour Anselmet et Harrop sur le sprint de Schladming","twitter_creator":"@https:\/\/twitter.com\/Maxime_Caze","twitter_site":"@dicodusport","schema":{"@context":"https:\/\/schema.org","@graph":[{"@type":"NewsArticle","@id":"https:\/\/dicodusport.fr\/blog\/coupe-du-monde-ski-alpinisme-le-podium-pour-anselmet-et-harrop-sur-le-sprint-de-schladming\/#article","isPartOf":{"@id":"https:\/\/dicodusport.fr\/blog\/coupe-du-monde-ski-alpinisme-le-podium-pour-anselmet-et-harrop-sur-le-sprint-de-schladming\/"},"author":{"name":"Maxime Cazenave","@id":"https:\/\/dicodusport.fr\/blog\/#\/schema\/person\/37def232098a7a5cbab3974a3690abb0"},"headline":"Coupe du monde Ski alpinisme : Le podium pour Anselmet et Harrop sur le sprint de Schladming","datePublished":"2024-03-03T09:44:10+00:00","dateModified":"2025-04-03T12:25:28+00:00","mainEntityOfPage":{"@id":"https:\/\/dicodusport.fr\/blog\/coupe-du-monde-ski-alpinisme-le-podium-pour-anselmet-et-harrop-sur-le-sprint-de-schladming\/"},"wordCount":394,"commentCount":0,"publisher":{"@id":"https:\/\/dicodusport.fr\/blog\/#organization"},"image":{"@id":"https:\/\/dicodusport.fr\/blog\/coupe-du-monde-ski-alpinisme-le-podium-pour-anselmet-et-harrop-sur-le-sprint-de-schladming\/#primaryimage"},"thumbnailUrl":"https:\/\/dicodusport.fr\/blog\/wp-content\/uploads\/2024\/03\/Coupe-du-monde-Ski-alpinisme-Le-podium-pour-Anselmet-et-Harrop-sur-le-sprint-de-Schladming.png","keywords":["br\u00e8ve","Coupe du monde ski alpinisme","Emily Harrop","Schladming","Ski alpinisme"],"articleSection":["Ski alpinisme"],"inLanguage":"fr-FR","potentialAction":[{"@type":"CommentAction","name":"Comment","target":["https:\/\/dicodusport.fr\/blog\/coupe-du-monde-ski-alpinisme-le-podium-pour-anselmet-et-harrop-sur-le-sprint-de-schladming\/#respond"]}],"copyrightYear":"2024","copyrightHolder":{"@id":"https:\/\/dicodusport.fr\/blog\/#organization"}},{"@type":"WebPage","@id":"https:\/\/dicodusport.fr\/blog\/coupe-du-monde-ski-alpinisme-le-podium-pour-anselmet-et-harrop-sur-le-sprint-de-schladming\/","url":"https:\/\/dicodusport.fr\/blog\/coupe-du-monde-ski-alpinisme-le-podium-pour-anselmet-et-harrop-sur-le-sprint-de-schladming\/","name":"Coupe du monde Ski alpinisme : Le podium pour Anselmet et Harrop sur le sprint de Schladming","isPartOf":{"@id":"https:\/\/dicodusport.fr\/blog\/#website"},"primaryImageOfPage":{"@id":"https:\/\/dicodusport.fr\/blog\/coupe-du-monde-ski-alpinisme-le-podium-pour-anselmet-et-harrop-sur-le-sprint-de-schladming\/#primaryimage"},"image":{"@id":"https:\/\/dicodusport.fr\/blog\/coupe-du-monde-ski-alpinisme-le-podium-pour-anselmet-et-harrop-sur-le-sprint-de-schladming\/#primaryimage"},"thumbnailUrl":"https:\/\/dicodusport.fr\/blog\/wp-content\/uploads\/2024\/03\/Coupe-du-monde-Ski-alpinisme-Le-podium-pour-Anselmet-et-Harrop-sur-le-sprint-de-Schladming.png","datePublished":"2024-03-03T09:44:10+00:00","dateModified":"2025-04-03T12:25:28+00:00","description":"COUPE DU MONDE SKI ALPINISME - Thibault Anselmet et Emily Harrop ont pris la 2e place du sprint de Schladming.","breadcrumb":{"@id":"https:\/\/dicodusport.fr\/blog\/coupe-du-monde-ski-alpinisme-le-podium-pour-anselmet-et-harrop-sur-le-sprint-de-schladming\/#breadcrumb"},"inLanguage":"fr-FR","potentialAction":[{"@type":"ReadAction","target":["https:\/\/dicodusport.fr\/blog\/coupe-du-monde-ski-alpinisme-le-podium-pour-anselmet-et-harrop-sur-le-sprint-de-schladming\/"]}]},{"@type":"ImageObject","inLanguage":"fr-FR","@id":"https:\/\/dicodusport.fr\/blog\/coupe-du-monde-ski-alpinisme-le-podium-pour-anselmet-et-harrop-sur-le-sprint-de-schladming\/#primaryimage","url":"https:\/\/dicodusport.fr\/blog\/wp-content\/uploads\/2024\/03\/Coupe-du-monde-Ski-alpinisme-Le-podium-pour-Anselmet-et-Harrop-sur-le-sprint-de-Schladming.png","contentUrl":"https:\/\/dicodusport.fr\/blog\/wp-content\/uploads\/2024\/03\/Coupe-du-monde-Ski-alpinisme-Le-podium-pour-Anselmet-et-Harrop-sur-le-sprint-de-Schladming.png","width":1200,"height":674,"caption":"Coupe du monde Ski alpinisme : Le podium pour Anselmet et Harrop sur le sprint de Schladming"},{"@type":"BreadcrumbList","@id":"https:\/\/dicodusport.fr\/blog\/coupe-du-monde-ski-alpinisme-le-podium-pour-anselmet-et-harrop-sur-le-sprint-de-schladming\/#breadcrumb","itemListElement":[{"@type":"ListItem","position":1,"name":"Accueil","item":"https:\/\/dicodusport.fr\/blog\/"},{"@type":"ListItem","position":2,"name":"Coupe du monde Ski alpinisme : Le podium pour Anselmet et Harrop sur le sprint de Schladming"}]},{"@type":"WebSite","@id":"https:\/\/dicodusport.fr\/blog\/#website","url":"https:\/\/dicodusport.fr\/blog\/","name":"Dicodusport","description":"L&#039;encyclop\u00e9die de l&#039;actualit\u00e9 sportive","publisher":{"@id":"https:\/\/dicodusport.fr\/blog\/#organization"},"potentialAction":[{"@type":"SearchAction","target":{"@type":"EntryPoint","urlTemplate":"https:\/\/dicodusport.fr\/blog\/?s={search_term_string}"},"query-input":{"@type":"PropertyValueSpecification","valueRequired":true,"valueName":"search_term_string"}}],"inLanguage":"fr-FR"},{"@type":"NewsMediaOrganization","@id":"https:\/\/dicodusport.fr\/blog\/#organization","name":"Dicodusport","url":"https:\/\/dicodusport.fr\/blog\/","logo":{"@type":"ImageObject","inLanguage":"fr-FR","@id":"https:\/\/dicodusport.fr\/blog\/#\/schema\/logo\/image\/","url":"https:\/\/dicodusport.fr\/blog\/wp-content\/uploads\/2020\/06\/cropped-LOGO-DICODUSPORT-2020-SANS-FOND-SANS-TEXTE.png","contentUrl":"https:\/\/dicodusport.fr\/blog\/wp-content\/uploads\/2020\/06\/cropped-LOGO-DICODUSPORT-2020-SANS-FOND-SANS-TEXTE.png","width":512,"height":512,"caption":"Dicodusport"},"image":{"@id":"https:\/\/dicodusport.fr\/blog\/#\/schema\/logo\/image\/"},"sameAs":["https:\/\/www.facebook.com\/dicodusport","https:\/\/x.com\/dicodusport","https:\/\/www.instagram.com\/dicodusport\/","https:\/\/www.youtube.com\/channel\/UC7V2KZ5sd3htJivAbA4ZG3w"],"description":"Dicodusport est l'encyclop\u00e9die de l'actualit\u00e9 sportive.","email":"bonjour@dicodusport.fr","legalName":"DICODUSPORT","foundingDate":"2018-01-14","vatID":"FR71834470973","taxID":"83447097300043","numberOfEmployees":{"@type":"QuantitativeValue","minValue":"1","maxValue":"10"}},{"@type":"Person","@id":"https:\/\/dicodusport.fr\/blog\/#\/schema\/person\/37def232098a7a5cbab3974a3690abb0","name":"Maxime Cazenave","image":{"@type":"ImageObject","inLanguage":"fr-FR","@id":"https:\/\/dicodusport.fr\/blog\/#\/schema\/person\/image\/","url":"https:\/\/dicodusport.fr\/blog\/wp-content\/uploads\/2021\/05\/Maxime-Cazenave-150x150.jpg","contentUrl":"https:\/\/dicodusport.fr\/blog\/wp-content\/uploads\/2021\/05\/Maxime-Cazenave-150x150.jpg","caption":"Maxime Cazenave"},"description":"Journaliste\/R\u00e9dacteur depuis 2012 - Berc\u00e9 par l\u2019amour des Girondins de Bordeaux, les \u00e9checs de Christophe Moreau sur le Tour de France sous l'\u00e8re Lance Armstrong et le fade-away l\u00e9tal de Dirk Nowitzki, ma passion d\u00e9vorante pour le sport a toujours \u00e9t\u00e9 un pan incontournable de ma vie. Transmettre ma passion \u00e0 l\u2019\u00e9crit a \u00e9t\u00e9 une transition naturelle. Suiveur assidu de basket et de hockey sur glace, je garde toujours un peu de place pour suivre le cyclisme, le football et le maximum de performances fran\u00e7aises.","sameAs":["https:\/\/x.com\/https:\/\/twitter.com\/Maxime_Caze"],"url":"https:\/\/dicodusport.fr\/blog\/author\/maximec\/"}]}},"_links":{"self":[{"href":"https:\/\/dicodusport.fr\/blog\/wp-json\/wp\/v2\/posts\/468731","targetHints":{"allow":["GET"]}}],"collection":[{"href":"https:\/\/dicodusport.fr\/blog\/wp-json\/wp\/v2\/posts"}],"about":[{"href":"https:\/\/dicodusport.fr\/blog\/wp-json\/wp\/v2\/types\/post"}],"author":[{"embeddable":true,"href":"https:\/\/dicodusport.fr\/blog\/wp-json\/wp\/v2\/users\/55"}],"replies":[{"embeddable":true,"href":"https:\/\/dicodusport.fr\/blog\/wp-json\/wp\/v2\/comments?post=468731"}],"version-history":[{"count":1,"href":"https:\/\/dicodusport.fr\/blog\/wp-json\/wp\/v2\/posts\/468731\/revisions"}],"predecessor-version":[{"id":468750,"href":"https:\/\/dicodusport.fr\/blog\/wp-json\/wp\/v2\/posts\/468731\/revisions\/468750"}],"wp:featuredmedia":[{"embeddable":true,"href":"https:\/\/dicodusport.fr\/blog\/wp-json\/wp\/v2\/media\/468743"}],"wp:attachment":[{"href":"https:\/\/dicodusport.fr\/blog\/wp-json\/wp\/v2\/media?parent=468731"}],"wp:term":[{"taxonomy":"category","embeddable":true,"href":"https:\/\/dicodusport.fr\/blog\/wp-json\/wp\/v2\/categories?post=468731"},{"taxonomy":"post_tag","embeddable":true,"href":"https:\/\/dicodusport.fr\/blog\/wp-json\/wp\/v2\/tags?post=468731"}],"curies":[{"name":"wp","href":"https:\/\/api.w.org\/{rel}","templated":true}]}}