{"id":468763,"date":"2024-03-03T14:39:48","date_gmt":"2024-03-03T13:39:48","guid":{"rendered":"https:\/\/dicodusport.fr\/blog\/?p=468763&#038;preview=true&#038;preview_id=468763"},"modified":"2024-03-03T15:12:00","modified_gmt":"2024-03-03T14:12:00","slug":"athletisme-mondiaux-en-salle-lafond-samba-mayela-le-resume-de-la-matinee-du-3-mars","status":"publish","type":"post","link":"https:\/\/dicodusport.fr\/blog\/athletisme-mondiaux-en-salle-lafond-samba-mayela-le-resume-de-la-matinee-du-3-mars\/","title":{"rendered":"Athl\u00e9tisme Mondiaux en salle : LaFond, Samba-Mayela, le r\u00e9sum\u00e9 de la matin\u00e9e du 3 mars"},"content":{"rendered":"<p style=\"text-align: justify;\"><strong><em>CHAMPIONNATS DU MONDE EN SALLE D&rsquo;ATHL\u00c9TISME 2024 &#8211; Retour sur la derni\u00e8re session matinale de la comp\u00e9tition. Avec des Fran\u00e7ais qui ont r\u00e9pondu pr\u00e9sent et le sacre de Hamish Kerr \u00e0 la hauteur et de Thea LaFond au triple saut.\u00a0<\/em><\/strong><\/p>\n<ul>\n<li style=\"text-align: justify;\"><strong>\u00c0 ce sujet &#8211; <a href=\"https:\/\/dicodusport.fr\/blog\/athletisme-programme-et-resultats-championnats-du-monde-en-salle-2024\/\" target=\"_blank\" rel=\"noopener\">Programme et r\u00e9sultats Championnats du monde en salle d&rsquo;athl\u00e9tisme 2024<\/a><\/strong><\/li>\n<li><strong>\u00c0 ce sujet &#8211; <a title=\"Tableau des m\u00e9dailles Athl\u00e9tisme Championnats du monde en salle 2024\" href=\"https:\/\/dicodusport.fr\/blog\/tableau-des-medailles-athletisme-championnats-du-monde-en-salle-2024\/\" target=\"_blank\" rel=\"noopener\">Tableau des m\u00e9dailles des Championnats du monde en salle d\u2019athl\u00e9tisme 2024<\/a><\/strong><\/li>\n<\/ul>\n<h2>Cyr\u00e9na Samba-Mayela envoie un message<\/h2>\n<p style=\"text-align: justify;\"><strong>Cyr\u00e9na Samba-Mayela<\/strong> a envoy\u00e9 un message \u00e0 la concurrence. La Fran\u00e7aise, championne du monde en titre du 60 m haies, signe le 2e meilleur temps des s\u00e9ries, avec un chrono de 7.81. A seulement trois centi\u00e8mes de son record personnel et de France qui lui avait offert l&rsquo;or \u00e0 Belgrade. Une sacr\u00e9e performance d\u00e8s le matin. <strong>Solenn Comperr<\/strong> a r\u00e9alis\u00e9 une tr\u00e8s jolie performance, dans la deuxi\u00e8me s\u00e9rie. En battant son record en 7.96. Apr\u00e8s avoir tourn\u00e9 tout l&rsquo;hiver, autour des huit secondes, elle am\u00e9liore son record de deux centi\u00e8mes et a d\u00e9j\u00e0 r\u00e9ussi ses championnats du monde, apr\u00e8s beaucoup de poisse dans sa carri\u00e8re.<\/p>\n<blockquote class=\"twitter-tweet\">\n<p dir=\"ltr\" lang=\"fr\">\ud83c\uddeb\ud83c\uddf7 Carton plein sur les haies f\u00e9minines avec le 2e temps des s\u00e9ries pour Cyr\u00e9na Samba-Mayela (7.81) et un record personnel pour Solenn Compper (7.96) \ud83d\udcaa<br \/>\nRdv \u00e0 19h48 &amp; 19h56 pour les demies ! <a href=\"https:\/\/twitter.com\/hashtag\/WorldIndoorChamps?src=hash&amp;ref_src=twsrc%5Etfw\">#WorldIndoorChamps<\/a> <a href=\"https:\/\/twitter.com\/hashtag\/WICGlasgow2024?src=hash&amp;ref_src=twsrc%5Etfw\">#WICGlasgow2024<\/a><\/p>\n<p>\ud83c\udfa5 <a href=\"https:\/\/twitter.com\/Vicky_Vick_E?ref_src=twsrc%5Etfw\">@Vicky_Vick_E<\/a> <a href=\"https:\/\/t.co\/vmFD0RGagW\">pic.twitter.com\/vmFD0RGagW<\/a><\/p>\n<p>\u2014 Dicodusport \u2b50\u2b50 (@dicodusport) <a href=\"https:\/\/twitter.com\/dicodusport\/status\/1764258213665382764?ref_src=twsrc%5Etfw\">March 3, 2024<\/a><\/p><\/blockquote>\n<p><script async src=\"https:\/\/platform.twitter.com\/widgets.js\" charset=\"utf-8\"><\/script><\/p>\n<p style=\"text-align: justify;\">Parmi les athl\u00e8tes qui ont \u00e9galement impressionn\u00e9, la Polonaise <strong>Pia Skrzyszowska<\/strong>, qui l&#8217;emporte en 7.80. Elle signe le meilleur temps des s\u00e9ries. <strong>Nadine Visser<\/strong> a assur\u00e9 dans la premi\u00e8re s\u00e9rie du 60 m haies, qu&rsquo;elle domine en 7.85. La recordwoman du monde <strong>Devynne Charlton<\/strong> boucle sa course ais\u00e9ment en 7.93. L&rsquo;Irlandaise Sarah Lavin a \u00e9galement montr\u00e9 les muscles, avec un record personnel en 7.90.<strong> Masai Russell<\/strong>, l&rsquo;Am\u00e9ricaine, s&rsquo;offre \u00e9galement une jolie victoire en 7.89.<\/p>\n<h2>Ilionis Guillaume 8e du triple saut<\/h2>\n<p style=\"text-align: justify;\">Jolie performance, dans le clan tricolore, pour <strong>Ilionis Guillaume<\/strong>. Elle se pr\u00e9sentait avec le moins bon record personnel des quinze finalistes au triple saut. Elle se hisse \u00e0 la 8e place, synonyme de \u00ab\u00a0finaliste\u00a0\u00bb. Dans un concours o\u00f9 <strong>Thea LaFond<\/strong> a cr\u00e9\u00e9 la surprise, avec un bond \u00e0 15.01 m, pour remporter le titre de championne du monde. Devan\u00e7ant la favorite cubaine <strong>Leyanis Perez-Hernandez<\/strong>, qui est retomb\u00e9e \u00e0 14.90 m. <strong>Ana Peleteiro-Compaor\u00e9<\/strong> prend le bronze avec un bond \u00e0 14.75 m.<\/p>\n<div class=\"vlp-link-container vlp-layout-article\"><a href=\"https:\/\/dicodusport.fr\/blog\/athletisme-mondiaux-en-salle-thea-lafond-cree-la-surprise-au-triple-ilionis-guillaume-8e\/\" class=\"vlp-link\" title=\"Athl\u00e9tisme Mondiaux en salle : Thea LaFond cr\u00e9e la surprise au triple, Ilionis Guillaume 8e\"><\/a><div class=\"vlp-layout-zone-side\"><div class=\"vlp-block-4 vlp-link-image\"><img loading=\"lazy\" decoding=\"async\" style=\"max-width: 792px;\" width=\"792\" height=\"445\" src=\"https:\/\/dicodusport.fr\/blog\/wp-content\/uploads\/2024\/03\/Athletisme-Mondiaux-en-salle-Thea-Lafond-cree-la-surprise-au-triple-Ilionis-Guillaume-8e.png\" class=\"attachment-800x445 size-800x445\" alt=\"\" srcset=\"https:\/\/dicodusport.fr\/blog\/wp-content\/uploads\/2024\/03\/Athletisme-Mondiaux-en-salle-Thea-Lafond-cree-la-surprise-au-triple-Ilionis-Guillaume-8e.png 1200w, https:\/\/dicodusport.fr\/blog\/wp-content\/uploads\/2024\/03\/Athletisme-Mondiaux-en-salle-Thea-Lafond-cree-la-surprise-au-triple-Ilionis-Guillaume-8e-300x169.png 300w, https:\/\/dicodusport.fr\/blog\/wp-content\/uploads\/2024\/03\/Athletisme-Mondiaux-en-salle-Thea-Lafond-cree-la-surprise-au-triple-Ilionis-Guillaume-8e-1024x575.png 1024w, https:\/\/dicodusport.fr\/blog\/wp-content\/uploads\/2024\/03\/Athletisme-Mondiaux-en-salle-Thea-Lafond-cree-la-surprise-au-triple-Ilionis-Guillaume-8e-768x431.png 768w\" sizes=\"auto, (max-width: 792px) 100vw, 792px\" \/><\/div><\/div><div class=\"vlp-layout-zone-main\"><div class=\"vlp-block-0 vlp-link-title\">Athl\u00e9tisme Mondiaux en salle : Thea LaFond cr\u00e9e la surprise au triple, Ilionis Guillaume 8e<\/div><div class=\"vlp-block-1 vlp-link-summary\">CHAMPIONNATS DU MONDE EN SALLE D'ATHL\u00c9TISME 2024 - Thea LaFond, avec un bond \u00e0 15.01 m a cr\u00e9\u00e9 la surprise en finale du triple saut<\/div><div class=\"vlp-block-2 vlp-link-button\">Lire l'article<\/div><div class=\"vlp-block-3 vlp-link-url\">dicodusport.fr<\/div><\/div><\/div>\n<h2>Hamish Kerr en or \u00e0 la hauteur<\/h2>\n<p style=\"text-align: justify;\">D\u00e9cid\u00e9ment, l&rsquo;Oc\u00e9anie est \u00e0 la f\u00eate \u00e0 la hauteur. Apr\u00e8s le titre de l&rsquo;Australienne <strong>Nicola Olyslagers<\/strong> chez les femmes, c&rsquo;est <strong>Hamish Kerr<\/strong> qui a domin\u00e9 le concours hommes. Le N\u00e9o-Z\u00e9landais a fait un concours limpide, passant tout au premier essai, pendant que ses adversaires connaissaient quelques \u00e9checs. Impeccable jusqu&rsquo;\u00e0 2.31 m inclus. Et s&rsquo;offre une petite cerise sur le g\u00e2teau \u00e0 la hauteur, avec un bond \u00e0 2.36 m, synonyme de nouveau record personnel. Il devient un vrai pr\u00e9tendant \u00e0 la m\u00e9daille olympique. Dominant assez sensiblement l&rsquo;Am\u00e9ricain <strong>Shelby McEwen<\/strong>, qui a bondi \u00e0 2.28 m. <strong>Sanghyeok Woo<\/strong>, champion du monde en titre, a pris la 3e place, dans un concours au forceps pour lui. Avec 2.28 m.<\/p>\n<h2>Des s\u00e9ries du 4&#215;400 m d\u00e9j\u00e0 rapides<\/h2>\n<p style=\"text-align: justify;\">Du c\u00f4t\u00e9 du 4&#215;400 m hommes, les USA ont domin\u00e9 la premi\u00e8re s\u00e9rie homme en 3:05.56, devant la Belgique en 3:06.27. Dans la 2e course, les Pays-Bas dominent la course en 3:06.47 devant le Portugal qui s&rsquo;offre un record du Portugal en 3:06.57. La Pologne en 3:06.74 et le surprenant Kenya en 3:06.97, record d&rsquo;Afrique, s&rsquo;offre la finale. Chez les femmes, port\u00e9es par<strong> Femke Bol<\/strong> qui a fait le travail dans le dernier relais, les N\u00e9erlandaises dominent la premi\u00e8re s\u00e9rie en 3:27.70 devant les USA en 3:28.04. Dans la seconde course, la Grande-Bretagne s&rsquo;offre un record national en 3:26.40 et envoie un message aux N\u00e9erlandaises. Et devancent la Jama\u00efque en 3:37.35. La Belgique, auteur d&rsquo;un record national en 3:28.07 comme l&rsquo;Irlande en 3:28.45, s&rsquo;offre une qualification au temps.<\/p>\n<h2>Ehammer tout proche du titre \u00e0 l&rsquo;heptathlon<\/h2>\n<p style=\"text-align: justify;\">A une \u00e9preuve de la fin et le redoutable 1000 m, <strong>Simon Ehammer<\/strong> a sans doute fait le plus dur. En r\u00e9sistant et m\u00eame battant tout le monde sur le concours de la perche, dont le volant Sander Skotheim. Le Suisse a franchi 5.20 m. Il occupe la t\u00eate avec 5610 points, devant <strong>Ken Mullings<\/strong>, qui a fait une grosse contre-performance \u00e0 la perche et qui voit du beau monde se rapprocher. Il est \u00e0 5470 points, 13 points devant le Norv\u00e9gien et 47 devant l&rsquo;Estonien <strong>Johannes Erm<\/strong>.<strong> Makenson Glett<\/strong>y occupe la 6e place. Et devrait soit terminer 5e soit 6e de ses premiers championnats du monde.<\/p>\n<div class=\"vlp-link-container vlp-layout-article\"><a href=\"https:\/\/dicodusport.fr\/blog\/heptathlon-mondiaux-en-salle-simon-ehammer-reprend-la-tete-avant-la-derniere-epreuve\/\" class=\"vlp-link\" title=\"Heptathlon Mondiaux en salle : Simon Ehammer reprend la t\u00eate avant la derni\u00e8re \u00e9preuve\"><\/a><div class=\"vlp-layout-zone-side\"><div class=\"vlp-block-4 vlp-link-image\"><img loading=\"lazy\" decoding=\"async\" style=\"max-width: 792px;\" width=\"792\" height=\"445\" src=\"https:\/\/dicodusport.fr\/blog\/wp-content\/uploads\/2024\/03\/Heptathlon-Mondiaux-en-salle-Simon-Ehammer-reprend-la-tete-avant-la-derniere-epreuve.png\" class=\"attachment-800x445 size-800x445\" alt=\"\" srcset=\"https:\/\/dicodusport.fr\/blog\/wp-content\/uploads\/2024\/03\/Heptathlon-Mondiaux-en-salle-Simon-Ehammer-reprend-la-tete-avant-la-derniere-epreuve.png 1200w, https:\/\/dicodusport.fr\/blog\/wp-content\/uploads\/2024\/03\/Heptathlon-Mondiaux-en-salle-Simon-Ehammer-reprend-la-tete-avant-la-derniere-epreuve-300x169.png 300w, https:\/\/dicodusport.fr\/blog\/wp-content\/uploads\/2024\/03\/Heptathlon-Mondiaux-en-salle-Simon-Ehammer-reprend-la-tete-avant-la-derniere-epreuve-1024x575.png 1024w, https:\/\/dicodusport.fr\/blog\/wp-content\/uploads\/2024\/03\/Heptathlon-Mondiaux-en-salle-Simon-Ehammer-reprend-la-tete-avant-la-derniere-epreuve-768x431.png 768w\" sizes=\"auto, (max-width: 792px) 100vw, 792px\" \/><\/div><\/div><div class=\"vlp-layout-zone-main\"><div class=\"vlp-block-0 vlp-link-title\">Heptathlon Mondiaux en salle : Simon Ehammer reprend la t\u00eate avant la derni\u00e8re \u00e9preuve<\/div><div class=\"vlp-block-1 vlp-link-summary\">CHAMPIONNATS DU MONDE EN SALLE D'ATHL\u00c9TISME 2024 - Apr\u00e8s l'avoir abandonn\u00e9e \u00e0 Ken Mullings hier soir, Simon Ehammer a repris les devants de l'heptathlon et se dirige vers le titre mondial.<\/div><div class=\"vlp-block-2 vlp-link-button\">Lire l'article<\/div><div class=\"vlp-block-3 vlp-link-url\">dicodusport.fr<\/div><\/div><\/div>\n","protected":false},"excerpt":{"rendered":"<p>CHAMPIONNATS DU MONDE EN SALLE D&rsquo;ATHL\u00c9TISME 2024 &#8211; Retour sur la derni\u00e8re session matinale de la comp\u00e9tition.<\/p>\n","protected":false},"author":83,"featured_media":468894,"comment_status":"open","ping_status":"closed","sticky":false,"template":"","format":"standard","meta":{"_acf_changed":false,"_daextam_enable_autolinks":"1","footnotes":""},"categories":[2308],"tags":[16878],"class_list":["post-468763","post","type-post","status-publish","format-standard","has-post-thumbnail","hentry","category-athletisme","tag-breve"],"acf":[],"yoast_head":"<!-- This site is optimized with the Yoast SEO Premium plugin v26.7 (Yoast SEO v26.7) - https:\/\/yoast.com\/wordpress\/plugins\/seo\/ -->\n<title>Athl\u00e9tisme Mondiaux en salle : LaFond, Samba-Mayela, le r\u00e9sum\u00e9 de la matin\u00e9e du 3 mars<\/title>\n<meta name=\"description\" content=\"CHAMPIONNATS DU MONDE EN SALLE D&#039;ATHL\u00c9TISME 2024 - Retour sur la derni\u00e8re session matinale de la comp\u00e9tition.\" \/>\n<meta name=\"robots\" content=\"index, follow, max-snippet:-1, max-image-preview:large, max-video-preview:-1\" \/>\n<link rel=\"canonical\" href=\"https:\/\/dicodusport.fr\/blog\/athletisme-mondiaux-en-salle-lafond-samba-mayela-le-resume-de-la-matinee-du-3-mars\/\" \/>\n<meta property=\"og:locale\" content=\"fr_FR\" \/>\n<meta property=\"og:type\" content=\"article\" \/>\n<meta property=\"og:title\" content=\"Athl\u00e9tisme Mondiaux en salle : LaFond, Samba-Mayela, le r\u00e9sum\u00e9 de la matin\u00e9e du 3 mars\" \/>\n<meta property=\"og:description\" content=\"CHAMPIONNATS DU MONDE EN SALLE D&#039;ATHL\u00c9TISME 2024 - Retour sur la derni\u00e8re session matinale de la comp\u00e9tition.\" \/>\n<meta property=\"og:url\" content=\"https:\/\/dicodusport.fr\/blog\/athletisme-mondiaux-en-salle-lafond-samba-mayela-le-resume-de-la-matinee-du-3-mars\/\" \/>\n<meta property=\"og:site_name\" content=\"Dicodusport\" \/>\n<meta property=\"article:publisher\" content=\"https:\/\/www.facebook.com\/dicodusport\" \/>\n<meta property=\"article:published_time\" content=\"2024-03-03T13:39:48+00:00\" \/>\n<meta property=\"article:modified_time\" content=\"2024-03-03T14:12:00+00:00\" \/>\n<meta property=\"og:image\" content=\"https:\/\/dicodusport.fr\/blog\/wp-content\/uploads\/2024\/03\/Athletisme-Mondiaux-en-salle-LaFond-Samba-Mayela-le-resume-de-la-matinee-du-3-mars.png\" \/>\n\t<meta property=\"og:image:width\" content=\"1200\" \/>\n\t<meta property=\"og:image:height\" content=\"674\" \/>\n\t<meta property=\"og:image:type\" content=\"image\/png\" \/>\n<meta name=\"author\" content=\"Etienne Goursaud\" \/>\n<meta name=\"twitter:card\" content=\"summary_large_image\" \/>\n<meta name=\"twitter:title\" content=\"Athl\u00e9tisme Mondiaux en salle : LaFond, Samba-Mayela, le r\u00e9sum\u00e9 de la matin\u00e9e du 3 mars\" \/>\n<meta name=\"twitter:creator\" content=\"@dicodusport\" \/>\n<meta name=\"twitter:site\" content=\"@dicodusport\" \/>\n<script type=\"application\/ld+json\" class=\"yoast-schema-graph\">{\"@context\":\"https:\/\/schema.org\",\"@graph\":[{\"@type\":\"NewsArticle\",\"@id\":\"https:\/\/dicodusport.fr\/blog\/athletisme-mondiaux-en-salle-lafond-samba-mayela-le-resume-de-la-matinee-du-3-mars\/#article\",\"isPartOf\":{\"@id\":\"https:\/\/dicodusport.fr\/blog\/athletisme-mondiaux-en-salle-lafond-samba-mayela-le-resume-de-la-matinee-du-3-mars\/\"},\"author\":{\"name\":\"Etienne Goursaud\",\"@id\":\"https:\/\/dicodusport.fr\/blog\/#\/schema\/person\/d603dd7da31fb2b46c82b9835a77ec13\"},\"headline\":\"Athl\u00e9tisme Mondiaux en salle : LaFond, Samba-Mayela, le r\u00e9sum\u00e9 de la matin\u00e9e du 3 mars\",\"datePublished\":\"2024-03-03T13:39:48+00:00\",\"dateModified\":\"2024-03-03T14:12:00+00:00\",\"mainEntityOfPage\":{\"@id\":\"https:\/\/dicodusport.fr\/blog\/athletisme-mondiaux-en-salle-lafond-samba-mayela-le-resume-de-la-matinee-du-3-mars\/\"},\"wordCount\":963,\"commentCount\":0,\"publisher\":{\"@id\":\"https:\/\/dicodusport.fr\/blog\/#organization\"},\"image\":{\"@id\":\"https:\/\/dicodusport.fr\/blog\/athletisme-mondiaux-en-salle-lafond-samba-mayela-le-resume-de-la-matinee-du-3-mars\/#primaryimage\"},\"thumbnailUrl\":\"https:\/\/dicodusport.fr\/blog\/wp-content\/uploads\/2024\/03\/Athletisme-Mondiaux-en-salle-LaFond-Samba-Mayela-le-resume-de-la-matinee-du-3-mars.png\",\"keywords\":[\"br\u00e8ve\"],\"articleSection\":[\"Athl\u00e9tisme\"],\"inLanguage\":\"fr-FR\",\"potentialAction\":[{\"@type\":\"CommentAction\",\"name\":\"Comment\",\"target\":[\"https:\/\/dicodusport.fr\/blog\/athletisme-mondiaux-en-salle-lafond-samba-mayela-le-resume-de-la-matinee-du-3-mars\/#respond\"]}],\"copyrightYear\":\"2024\",\"copyrightHolder\":{\"@id\":\"https:\/\/dicodusport.fr\/blog\/#organization\"}},{\"@type\":\"WebPage\",\"@id\":\"https:\/\/dicodusport.fr\/blog\/athletisme-mondiaux-en-salle-lafond-samba-mayela-le-resume-de-la-matinee-du-3-mars\/\",\"url\":\"https:\/\/dicodusport.fr\/blog\/athletisme-mondiaux-en-salle-lafond-samba-mayela-le-resume-de-la-matinee-du-3-mars\/\",\"name\":\"Athl\u00e9tisme Mondiaux en salle : LaFond, Samba-Mayela, le r\u00e9sum\u00e9 de la matin\u00e9e du 3 mars\",\"isPartOf\":{\"@id\":\"https:\/\/dicodusport.fr\/blog\/#website\"},\"primaryImageOfPage\":{\"@id\":\"https:\/\/dicodusport.fr\/blog\/athletisme-mondiaux-en-salle-lafond-samba-mayela-le-resume-de-la-matinee-du-3-mars\/#primaryimage\"},\"image\":{\"@id\":\"https:\/\/dicodusport.fr\/blog\/athletisme-mondiaux-en-salle-lafond-samba-mayela-le-resume-de-la-matinee-du-3-mars\/#primaryimage\"},\"thumbnailUrl\":\"https:\/\/dicodusport.fr\/blog\/wp-content\/uploads\/2024\/03\/Athletisme-Mondiaux-en-salle-LaFond-Samba-Mayela-le-resume-de-la-matinee-du-3-mars.png\",\"datePublished\":\"2024-03-03T13:39:48+00:00\",\"dateModified\":\"2024-03-03T14:12:00+00:00\",\"description\":\"CHAMPIONNATS DU MONDE EN SALLE D'ATHL\u00c9TISME 2024 - Retour sur la derni\u00e8re session matinale de la comp\u00e9tition.\",\"breadcrumb\":{\"@id\":\"https:\/\/dicodusport.fr\/blog\/athletisme-mondiaux-en-salle-lafond-samba-mayela-le-resume-de-la-matinee-du-3-mars\/#breadcrumb\"},\"inLanguage\":\"fr-FR\",\"potentialAction\":[{\"@type\":\"ReadAction\",\"target\":[\"https:\/\/dicodusport.fr\/blog\/athletisme-mondiaux-en-salle-lafond-samba-mayela-le-resume-de-la-matinee-du-3-mars\/\"]}]},{\"@type\":\"ImageObject\",\"inLanguage\":\"fr-FR\",\"@id\":\"https:\/\/dicodusport.fr\/blog\/athletisme-mondiaux-en-salle-lafond-samba-mayela-le-resume-de-la-matinee-du-3-mars\/#primaryimage\",\"url\":\"https:\/\/dicodusport.fr\/blog\/wp-content\/uploads\/2024\/03\/Athletisme-Mondiaux-en-salle-LaFond-Samba-Mayela-le-resume-de-la-matinee-du-3-mars.png\",\"contentUrl\":\"https:\/\/dicodusport.fr\/blog\/wp-content\/uploads\/2024\/03\/Athletisme-Mondiaux-en-salle-LaFond-Samba-Mayela-le-resume-de-la-matinee-du-3-mars.png\",\"width\":1200,\"height\":674,\"caption\":\"Athl\u00e9tisme Mondiaux en salle : LaFond, Samba-Mayela, le r\u00e9sum\u00e9 de la matin\u00e9e du 3 mars\"},{\"@type\":\"BreadcrumbList\",\"@id\":\"https:\/\/dicodusport.fr\/blog\/athletisme-mondiaux-en-salle-lafond-samba-mayela-le-resume-de-la-matinee-du-3-mars\/#breadcrumb\",\"itemListElement\":[{\"@type\":\"ListItem\",\"position\":1,\"name\":\"Accueil\",\"item\":\"https:\/\/dicodusport.fr\/blog\/\"},{\"@type\":\"ListItem\",\"position\":2,\"name\":\"Athl\u00e9tisme Mondiaux en salle : LaFond, Samba-Mayela, le r\u00e9sum\u00e9 de la matin\u00e9e du 3 mars\"}]},{\"@type\":\"WebSite\",\"@id\":\"https:\/\/dicodusport.fr\/blog\/#website\",\"url\":\"https:\/\/dicodusport.fr\/blog\/\",\"name\":\"Dicodusport\",\"description\":\"L&#039;encyclop\u00e9die de l&#039;actualit\u00e9 sportive\",\"publisher\":{\"@id\":\"https:\/\/dicodusport.fr\/blog\/#organization\"},\"potentialAction\":[{\"@type\":\"SearchAction\",\"target\":{\"@type\":\"EntryPoint\",\"urlTemplate\":\"https:\/\/dicodusport.fr\/blog\/?s={search_term_string}\"},\"query-input\":{\"@type\":\"PropertyValueSpecification\",\"valueRequired\":true,\"valueName\":\"search_term_string\"}}],\"inLanguage\":\"fr-FR\"},{\"@type\":\"NewsMediaOrganization\",\"@id\":\"https:\/\/dicodusport.fr\/blog\/#organization\",\"name\":\"Dicodusport\",\"url\":\"https:\/\/dicodusport.fr\/blog\/\",\"logo\":{\"@type\":\"ImageObject\",\"inLanguage\":\"fr-FR\",\"@id\":\"https:\/\/dicodusport.fr\/blog\/#\/schema\/logo\/image\/\",\"url\":\"https:\/\/dicodusport.fr\/blog\/wp-content\/uploads\/2020\/06\/cropped-LOGO-DICODUSPORT-2020-SANS-FOND-SANS-TEXTE.png\",\"contentUrl\":\"https:\/\/dicodusport.fr\/blog\/wp-content\/uploads\/2020\/06\/cropped-LOGO-DICODUSPORT-2020-SANS-FOND-SANS-TEXTE.png\",\"width\":512,\"height\":512,\"caption\":\"Dicodusport\"},\"image\":{\"@id\":\"https:\/\/dicodusport.fr\/blog\/#\/schema\/logo\/image\/\"},\"sameAs\":[\"https:\/\/www.facebook.com\/dicodusport\",\"https:\/\/x.com\/dicodusport\",\"https:\/\/www.instagram.com\/dicodusport\/\",\"https:\/\/www.youtube.com\/channel\/UC7V2KZ5sd3htJivAbA4ZG3w\"],\"description\":\"Dicodusport est l'encyclop\u00e9die de l'actualit\u00e9 sportive.\",\"email\":\"bonjour@dicodusport.fr\",\"legalName\":\"DICODUSPORT\",\"foundingDate\":\"2018-01-14\",\"vatID\":\"FR71834470973\",\"taxID\":\"83447097300043\",\"numberOfEmployees\":{\"@type\":\"QuantitativeValue\",\"minValue\":\"1\",\"maxValue\":\"10\"}},{\"@type\":\"Person\",\"@id\":\"https:\/\/dicodusport.fr\/blog\/#\/schema\/person\/d603dd7da31fb2b46c82b9835a77ec13\",\"name\":\"Etienne Goursaud\",\"image\":{\"@type\":\"ImageObject\",\"inLanguage\":\"fr-FR\",\"@id\":\"https:\/\/dicodusport.fr\/blog\/#\/schema\/person\/image\/\",\"url\":\"https:\/\/dicodusport.fr\/blog\/wp-content\/uploads\/2023\/12\/410122264_10231602061736049_5565839791558026645_n-150x150.jpg\",\"contentUrl\":\"https:\/\/dicodusport.fr\/blog\/wp-content\/uploads\/2023\/12\/410122264_10231602061736049_5565839791558026645_n-150x150.jpg\",\"caption\":\"Etienne Goursaud\"},\"description\":\"Journaliste et amoureux de sport. Ancien footballeur reconverti athl\u00e8te quand ses muscles le laissent tranquille. \u00c9lev\u00e9 \u00e0 la sauce des exploits de Thomas Voeckler en 2004, du dernier essai de l\u00e9gende de Eunice Barber \u00e0 la longueur lors des championnats du monde d'athl\u00e9tisme de 2003 mais aussi Zidane, Omeyer et Titou Lamaison.\",\"url\":\"https:\/\/dicodusport.fr\/blog\/author\/etienne-goursaud\/\"}]}<\/script>\n<!-- \/ Yoast SEO Premium plugin. -->","yoast_head_json":{"title":"Athl\u00e9tisme Mondiaux en salle : LaFond, Samba-Mayela, le r\u00e9sum\u00e9 de la matin\u00e9e du 3 mars","description":"CHAMPIONNATS DU MONDE EN SALLE D'ATHL\u00c9TISME 2024 - Retour sur la derni\u00e8re session matinale de la comp\u00e9tition.","robots":{"index":"index","follow":"follow","max-snippet":"max-snippet:-1","max-image-preview":"max-image-preview:large","max-video-preview":"max-video-preview:-1"},"canonical":"https:\/\/dicodusport.fr\/blog\/athletisme-mondiaux-en-salle-lafond-samba-mayela-le-resume-de-la-matinee-du-3-mars\/","og_locale":"fr_FR","og_type":"article","og_title":"Athl\u00e9tisme Mondiaux en salle : LaFond, Samba-Mayela, le r\u00e9sum\u00e9 de la matin\u00e9e du 3 mars","og_description":"CHAMPIONNATS DU MONDE EN SALLE D'ATHL\u00c9TISME 2024 - Retour sur la derni\u00e8re session matinale de la comp\u00e9tition.","og_url":"https:\/\/dicodusport.fr\/blog\/athletisme-mondiaux-en-salle-lafond-samba-mayela-le-resume-de-la-matinee-du-3-mars\/","og_site_name":"Dicodusport","article_publisher":"https:\/\/www.facebook.com\/dicodusport","article_published_time":"2024-03-03T13:39:48+00:00","article_modified_time":"2024-03-03T14:12:00+00:00","og_image":[{"width":1200,"height":674,"url":"https:\/\/dicodusport.fr\/blog\/wp-content\/uploads\/2024\/03\/Athletisme-Mondiaux-en-salle-LaFond-Samba-Mayela-le-resume-de-la-matinee-du-3-mars.png","type":"image\/png"}],"author":"Etienne Goursaud","twitter_card":"summary_large_image","twitter_title":"Athl\u00e9tisme Mondiaux en salle : LaFond, Samba-Mayela, le r\u00e9sum\u00e9 de la matin\u00e9e du 3 mars","twitter_creator":"@dicodusport","twitter_site":"@dicodusport","schema":{"@context":"https:\/\/schema.org","@graph":[{"@type":"NewsArticle","@id":"https:\/\/dicodusport.fr\/blog\/athletisme-mondiaux-en-salle-lafond-samba-mayela-le-resume-de-la-matinee-du-3-mars\/#article","isPartOf":{"@id":"https:\/\/dicodusport.fr\/blog\/athletisme-mondiaux-en-salle-lafond-samba-mayela-le-resume-de-la-matinee-du-3-mars\/"},"author":{"name":"Etienne Goursaud","@id":"https:\/\/dicodusport.fr\/blog\/#\/schema\/person\/d603dd7da31fb2b46c82b9835a77ec13"},"headline":"Athl\u00e9tisme Mondiaux en salle : LaFond, Samba-Mayela, le r\u00e9sum\u00e9 de la matin\u00e9e du 3 mars","datePublished":"2024-03-03T13:39:48+00:00","dateModified":"2024-03-03T14:12:00+00:00","mainEntityOfPage":{"@id":"https:\/\/dicodusport.fr\/blog\/athletisme-mondiaux-en-salle-lafond-samba-mayela-le-resume-de-la-matinee-du-3-mars\/"},"wordCount":963,"commentCount":0,"publisher":{"@id":"https:\/\/dicodusport.fr\/blog\/#organization"},"image":{"@id":"https:\/\/dicodusport.fr\/blog\/athletisme-mondiaux-en-salle-lafond-samba-mayela-le-resume-de-la-matinee-du-3-mars\/#primaryimage"},"thumbnailUrl":"https:\/\/dicodusport.fr\/blog\/wp-content\/uploads\/2024\/03\/Athletisme-Mondiaux-en-salle-LaFond-Samba-Mayela-le-resume-de-la-matinee-du-3-mars.png","keywords":["br\u00e8ve"],"articleSection":["Athl\u00e9tisme"],"inLanguage":"fr-FR","potentialAction":[{"@type":"CommentAction","name":"Comment","target":["https:\/\/dicodusport.fr\/blog\/athletisme-mondiaux-en-salle-lafond-samba-mayela-le-resume-de-la-matinee-du-3-mars\/#respond"]}],"copyrightYear":"2024","copyrightHolder":{"@id":"https:\/\/dicodusport.fr\/blog\/#organization"}},{"@type":"WebPage","@id":"https:\/\/dicodusport.fr\/blog\/athletisme-mondiaux-en-salle-lafond-samba-mayela-le-resume-de-la-matinee-du-3-mars\/","url":"https:\/\/dicodusport.fr\/blog\/athletisme-mondiaux-en-salle-lafond-samba-mayela-le-resume-de-la-matinee-du-3-mars\/","name":"Athl\u00e9tisme Mondiaux en salle : LaFond, Samba-Mayela, le r\u00e9sum\u00e9 de la matin\u00e9e du 3 mars","isPartOf":{"@id":"https:\/\/dicodusport.fr\/blog\/#website"},"primaryImageOfPage":{"@id":"https:\/\/dicodusport.fr\/blog\/athletisme-mondiaux-en-salle-lafond-samba-mayela-le-resume-de-la-matinee-du-3-mars\/#primaryimage"},"image":{"@id":"https:\/\/dicodusport.fr\/blog\/athletisme-mondiaux-en-salle-lafond-samba-mayela-le-resume-de-la-matinee-du-3-mars\/#primaryimage"},"thumbnailUrl":"https:\/\/dicodusport.fr\/blog\/wp-content\/uploads\/2024\/03\/Athletisme-Mondiaux-en-salle-LaFond-Samba-Mayela-le-resume-de-la-matinee-du-3-mars.png","datePublished":"2024-03-03T13:39:48+00:00","dateModified":"2024-03-03T14:12:00+00:00","description":"CHAMPIONNATS DU MONDE EN SALLE D'ATHL\u00c9TISME 2024 - Retour sur la derni\u00e8re session matinale de la comp\u00e9tition.","breadcrumb":{"@id":"https:\/\/dicodusport.fr\/blog\/athletisme-mondiaux-en-salle-lafond-samba-mayela-le-resume-de-la-matinee-du-3-mars\/#breadcrumb"},"inLanguage":"fr-FR","potentialAction":[{"@type":"ReadAction","target":["https:\/\/dicodusport.fr\/blog\/athletisme-mondiaux-en-salle-lafond-samba-mayela-le-resume-de-la-matinee-du-3-mars\/"]}]},{"@type":"ImageObject","inLanguage":"fr-FR","@id":"https:\/\/dicodusport.fr\/blog\/athletisme-mondiaux-en-salle-lafond-samba-mayela-le-resume-de-la-matinee-du-3-mars\/#primaryimage","url":"https:\/\/dicodusport.fr\/blog\/wp-content\/uploads\/2024\/03\/Athletisme-Mondiaux-en-salle-LaFond-Samba-Mayela-le-resume-de-la-matinee-du-3-mars.png","contentUrl":"https:\/\/dicodusport.fr\/blog\/wp-content\/uploads\/2024\/03\/Athletisme-Mondiaux-en-salle-LaFond-Samba-Mayela-le-resume-de-la-matinee-du-3-mars.png","width":1200,"height":674,"caption":"Athl\u00e9tisme Mondiaux en salle : LaFond, Samba-Mayela, le r\u00e9sum\u00e9 de la matin\u00e9e du 3 mars"},{"@type":"BreadcrumbList","@id":"https:\/\/dicodusport.fr\/blog\/athletisme-mondiaux-en-salle-lafond-samba-mayela-le-resume-de-la-matinee-du-3-mars\/#breadcrumb","itemListElement":[{"@type":"ListItem","position":1,"name":"Accueil","item":"https:\/\/dicodusport.fr\/blog\/"},{"@type":"ListItem","position":2,"name":"Athl\u00e9tisme Mondiaux en salle : LaFond, Samba-Mayela, le r\u00e9sum\u00e9 de la matin\u00e9e du 3 mars"}]},{"@type":"WebSite","@id":"https:\/\/dicodusport.fr\/blog\/#website","url":"https:\/\/dicodusport.fr\/blog\/","name":"Dicodusport","description":"L&#039;encyclop\u00e9die de l&#039;actualit\u00e9 sportive","publisher":{"@id":"https:\/\/dicodusport.fr\/blog\/#organization"},"potentialAction":[{"@type":"SearchAction","target":{"@type":"EntryPoint","urlTemplate":"https:\/\/dicodusport.fr\/blog\/?s={search_term_string}"},"query-input":{"@type":"PropertyValueSpecification","valueRequired":true,"valueName":"search_term_string"}}],"inLanguage":"fr-FR"},{"@type":"NewsMediaOrganization","@id":"https:\/\/dicodusport.fr\/blog\/#organization","name":"Dicodusport","url":"https:\/\/dicodusport.fr\/blog\/","logo":{"@type":"ImageObject","inLanguage":"fr-FR","@id":"https:\/\/dicodusport.fr\/blog\/#\/schema\/logo\/image\/","url":"https:\/\/dicodusport.fr\/blog\/wp-content\/uploads\/2020\/06\/cropped-LOGO-DICODUSPORT-2020-SANS-FOND-SANS-TEXTE.png","contentUrl":"https:\/\/dicodusport.fr\/blog\/wp-content\/uploads\/2020\/06\/cropped-LOGO-DICODUSPORT-2020-SANS-FOND-SANS-TEXTE.png","width":512,"height":512,"caption":"Dicodusport"},"image":{"@id":"https:\/\/dicodusport.fr\/blog\/#\/schema\/logo\/image\/"},"sameAs":["https:\/\/www.facebook.com\/dicodusport","https:\/\/x.com\/dicodusport","https:\/\/www.instagram.com\/dicodusport\/","https:\/\/www.youtube.com\/channel\/UC7V2KZ5sd3htJivAbA4ZG3w"],"description":"Dicodusport est l'encyclop\u00e9die de l'actualit\u00e9 sportive.","email":"bonjour@dicodusport.fr","legalName":"DICODUSPORT","foundingDate":"2018-01-14","vatID":"FR71834470973","taxID":"83447097300043","numberOfEmployees":{"@type":"QuantitativeValue","minValue":"1","maxValue":"10"}},{"@type":"Person","@id":"https:\/\/dicodusport.fr\/blog\/#\/schema\/person\/d603dd7da31fb2b46c82b9835a77ec13","name":"Etienne Goursaud","image":{"@type":"ImageObject","inLanguage":"fr-FR","@id":"https:\/\/dicodusport.fr\/blog\/#\/schema\/person\/image\/","url":"https:\/\/dicodusport.fr\/blog\/wp-content\/uploads\/2023\/12\/410122264_10231602061736049_5565839791558026645_n-150x150.jpg","contentUrl":"https:\/\/dicodusport.fr\/blog\/wp-content\/uploads\/2023\/12\/410122264_10231602061736049_5565839791558026645_n-150x150.jpg","caption":"Etienne Goursaud"},"description":"Journaliste et amoureux de sport. Ancien footballeur reconverti athl\u00e8te quand ses muscles le laissent tranquille. \u00c9lev\u00e9 \u00e0 la sauce des exploits de Thomas Voeckler en 2004, du dernier essai de l\u00e9gende de Eunice Barber \u00e0 la longueur lors des championnats du monde d'athl\u00e9tisme de 2003 mais aussi Zidane, Omeyer et Titou Lamaison.","url":"https:\/\/dicodusport.fr\/blog\/author\/etienne-goursaud\/"}]}},"_links":{"self":[{"href":"https:\/\/dicodusport.fr\/blog\/wp-json\/wp\/v2\/posts\/468763","targetHints":{"allow":["GET"]}}],"collection":[{"href":"https:\/\/dicodusport.fr\/blog\/wp-json\/wp\/v2\/posts"}],"about":[{"href":"https:\/\/dicodusport.fr\/blog\/wp-json\/wp\/v2\/types\/post"}],"author":[{"embeddable":true,"href":"https:\/\/dicodusport.fr\/blog\/wp-json\/wp\/v2\/users\/83"}],"replies":[{"embeddable":true,"href":"https:\/\/dicodusport.fr\/blog\/wp-json\/wp\/v2\/comments?post=468763"}],"version-history":[{"count":5,"href":"https:\/\/dicodusport.fr\/blog\/wp-json\/wp\/v2\/posts\/468763\/revisions"}],"predecessor-version":[{"id":468910,"href":"https:\/\/dicodusport.fr\/blog\/wp-json\/wp\/v2\/posts\/468763\/revisions\/468910"}],"wp:featuredmedia":[{"embeddable":true,"href":"https:\/\/dicodusport.fr\/blog\/wp-json\/wp\/v2\/media\/468894"}],"wp:attachment":[{"href":"https:\/\/dicodusport.fr\/blog\/wp-json\/wp\/v2\/media?parent=468763"}],"wp:term":[{"taxonomy":"category","embeddable":true,"href":"https:\/\/dicodusport.fr\/blog\/wp-json\/wp\/v2\/categories?post=468763"},{"taxonomy":"post_tag","embeddable":true,"href":"https:\/\/dicodusport.fr\/blog\/wp-json\/wp\/v2\/tags?post=468763"}],"curies":[{"name":"wp","href":"https:\/\/api.w.org\/{rel}","templated":true}]}}