{"id":468929,"date":"2024-03-03T17:48:47","date_gmt":"2024-03-03T16:48:47","guid":{"rendered":"https:\/\/dicodusport.fr\/blog\/?p=468929&#038;preview=true&#038;preview_id=468929"},"modified":"2024-03-03T19:08:38","modified_gmt":"2024-03-03T18:08:38","slug":"atp-challenger-2024-arthur-rinderknech-conclut-sa-saison-dindoor-par-un-titre-a-lille","status":"publish","type":"post","link":"https:\/\/dicodusport.fr\/blog\/atp-challenger-2024-arthur-rinderknech-conclut-sa-saison-dindoor-par-un-titre-a-lille\/","title":{"rendered":"ATP Challenger 2024 : Arthur Rinderknech conclut sa saison d&rsquo;indoor par un titre \u00e0 Lille !"},"content":{"rendered":"<p style=\"text-align: justify;\"><strong><em><a href=\"https:\/\/dicodusport.fr\/blog\/?s=atp+challenger+2024\">ATP CHALLENGER 2024<\/a> &#8211; Il y aura donc deux Fran\u00e7ais titr\u00e9s sur le circuit Challenger ce dimanche 3 mars ! Quelques heures <a href=\"https:\/\/dicodusport.fr\/blog\/atp-challenger-2024-blancaneaux-renoue-avec-la-victoire-en-inde-le-deuxieme-titre-de-sa-carriere\/\">apr\u00e8s Geoffrey Blancaneaux<\/a>, c&rsquo;est Arthur Rinderknech qui s&rsquo;est adjug\u00e9 la coupe au Challenger 100 de Lille. Le Varois a fait respecter son rang de t\u00eate de s\u00e9rie n\u00b01 du tournoi, m\u00eame s&rsquo;il a laiss\u00e9 quatre sets en route.<\/em><\/strong><\/p>\n<p style=\"text-align: justify;\"><strong>10 heures 36 minutes<\/strong>. C&rsquo;est le temps total pass\u00e9 par <a href=\"https:\/\/dicodusport.fr\/blog\/?s=arthur+rinderknech\"><strong>Arthur Rinderknech<\/strong><\/a> sur les courts du Challenger de Lille cette semaine, soit 2 heures et 7 minutes de moyenne par match. Une moyenne consid\u00e9rable pour le Fran\u00e7ais de 28 ans, qui ne s&rsquo;est pas facilit\u00e9 les choses. Il faut dire qu&rsquo;il a d\u00fb \u00e9carter des joueurs tr\u00e8s s\u00e9rieux, comme le revenant<strong> Lucas Pouille<\/strong> (battu 6-7 7-5 6-4), ou les jeunes et talentueux <strong>Leandro<\/strong> <strong>Riedi<\/strong> (6-4 6-4) et <strong>Otto Virtanen<\/strong> (6-4 4-6 6-2). Ce qui montre \u00e0 quel point <strong>un tournoi de cette cat\u00e9gorie peut \u00eatre relev\u00e9<\/strong>. En finale, son adversaire, le <strong>Belge Joris De Loore<\/strong> (n\u00b0211 mondial), semblait un poil plus abordable. Mais que nenni. Rinderknech a encore d\u00fb passer plus de 150 minutes sur le court pour s&rsquo;en d\u00e9barrasser.<\/p>\n<p style=\"text-align: justify;\">Dans une rencontre entre deux gros serveurs, il y a eu <strong>tr\u00e8s peu d&rsquo;opportunit\u00e9s de break<\/strong> de part et d&rsquo;autre. D&rsquo;autant que les courts du Tennis club Lillois sont r\u00e9put\u00e9s pour \u00eatre plut\u00f4t rapides. De Loore a r\u00e9ussi \u00e0 claquer <strong>18 aces<\/strong>, tandis que Rinderknech n&rsquo;en a r\u00e9ussi que 7 mais a multipli\u00e9 les services gagnants. D&rsquo;o\u00f9 son excellent pourcentage de r\u00e9ussite derri\u00e8re sa premi\u00e8re balle (<strong>83%<\/strong>).<strong> Chaque set s&rsquo;est d\u00e9cid\u00e9 lors des minuscules opportunit\u00e9s qu&rsquo;ont eu les deux joueurs<\/strong> de prendre le service adverse. Le Belge de 30 ans a par exemple remport\u00e9 la deuxi\u00e8me manche en saisissant sa chance sur sa seule balle de break du match. Finalement, tout s&rsquo;est termin\u00e9 dans le tie-break final. Et dans les tous derniers points, Rinderknech a fait parler son exp\u00e9rience en variant ses coups, surprenant son adversaire. <strong>Il s&rsquo;impose finalement 6-4 3-6 7-6<\/strong>, devant un public lillois qui a partag\u00e9 sa joie. C&rsquo;est son sixi\u00e8me titre de Challenger en carri\u00e8re.<\/p>\n<h2>Direction les \u00c9tats-Unis<\/h2>\n<p style=\"text-align: justify;\">Rinderknech conclut ainsi sa tourn\u00e9e sur dur indoor par un titre bienvenu. Il a notamment atteint les quarts de finale \u00e0 l&rsquo;ATP 250 de Marseille et au Challenger 125 de Quimper. De quoi lui permettre de grimper d&rsquo;une quinzaine de places au classement, vu qu&rsquo;<strong>il sera 83e mondial demain<\/strong>. Le Varois tournera la page <strong>en s&rsquo;envolant la semaine prochaine vers les \u00c9tats-Unis<\/strong>. Il est inscrit au Challenger 175 de Phoenix ainsi qu&rsquo;aux qualifications du Masters 1000 de Miami. Il \u00e9tait aussi inscrit \u00e0 Indian Wells, avant de finalement d\u00e9clarer forfait, le timing \u00e9tant trop serr\u00e9 pour participer aux qualifications qui d\u00e9butent demain. Son objectif fix\u00e9 pour 2024 \u00e9tait surtout de <em> \u00ab <strong>ne plus avoir de p\u00e9pins et pouvoir jouer toute l\u2019ann\u00e9e<\/strong> \u00bb<\/em>, comme il l&rsquo;avait expliqu\u00e9 <a href=\"https:\/\/www.ouest-france.fr\/sport\/tennis\/open-de-caen\/tennis-arthur-rinderknech-cest-une-tres-belle-histoire-et-je-pense-quelle-nest-pas-terminee-cc302952-95d4-11ee-b5ab-4c9dbbc4ce19\">\u00e0 Ouest-France en d\u00e9cembre<\/a>. Apr\u00e8s une saison 2023 hach\u00e9e par les p\u00e9pins, cela semble mieux parti cette ann\u00e9e.<\/p>\n<blockquote class=\"twitter-tweet\">\n<p dir=\"ltr\" lang=\"en\">Lille Ch F: ALLEZ, ARTHUR RINDERKNECH WITH HIS SIXTH CAREER CHALLENGER TITLE!!! \ud83e\udd29\ud83d\udd25 1st for the year, and since the Zug Ch last year.<\/p>\n<p>D. Joris de Loore 6-4, 3-6, 7-6(8) thx to his fh winner after a close, competitive match. \ud83d\ude00\ud83e\udd1d<\/p>\n<p>\ud83c\udfa5 <a href=\"https:\/\/twitter.com\/ATPChallenger?ref_src=twsrc%5Etfw\">@ATPChallenger<\/a><a href=\"https:\/\/t.co\/Vos0taSCse\">pic.twitter.com\/Vos0taSCse<\/a><\/p>\n<p>\u2014 stateofsport21 \/\/ raz (she\/her) (@eretzsport022) <a href=\"https:\/\/twitter.com\/eretzsport022\/status\/1764331964683928020?ref_src=twsrc%5Etfw\">March 3, 2024<\/a><\/p><\/blockquote>\n<p><script async src=\"https:\/\/platform.twitter.com\/widgets.js\" charset=\"utf-8\"><\/script><\/p>\n","protected":false},"excerpt":{"rendered":"<p>ATP CHALLENGER 2024 &#8211; Il y aura donc deux Fran\u00e7ais titr\u00e9s sur le circuit Challenger ce dimanche 3 mars ! Quelques heures apr\u00e8s Geoffrey Blancaneaux, c&rsquo;est Arthur Rinderknech qui s&rsquo;est adjug\u00e9 la coupe au Challenger 100 de Lille. Il a fait respecter son rang de t\u00eate de s\u00e9rie n\u00b01 du tournoi, m\u00eame s&rsquo;il a laiss\u00e9 quatre sets en route.<\/p>\n","protected":false},"author":13,"featured_media":468990,"comment_status":"open","ping_status":"closed","sticky":false,"template":"","format":"standard","meta":{"_acf_changed":false,"_daextam_enable_autolinks":"1","footnotes":""},"categories":[2302],"tags":[9674,16878,18563],"class_list":["post-468929","post","type-post","status-publish","format-standard","has-post-thumbnail","hentry","category-tennis","tag-arthur-rinderknech","tag-breve","tag-francais-tennis"],"acf":[],"yoast_head":"<!-- This site is optimized with the Yoast SEO Premium plugin v26.7 (Yoast SEO v26.7) - https:\/\/yoast.com\/wordpress\/plugins\/seo\/ -->\n<title>ATP Challenger 2024 : Arthur Rinderknech conclut sa saison d&#039;indoor par un titre \u00e0 Lille !<\/title>\n<meta name=\"description\" content=\"Comme Geoffrey Blancaneaux ce matin, Arthur Rinderknech s&#039;est adjug\u00e9 le titre au Challenger de Lille apr\u00e8s une longue semaine sem\u00e9e d&#039;emb\u00fbches\" \/>\n<meta name=\"robots\" content=\"index, follow, max-snippet:-1, max-image-preview:large, max-video-preview:-1\" \/>\n<link rel=\"canonical\" href=\"https:\/\/dicodusport.fr\/blog\/atp-challenger-2024-arthur-rinderknech-conclut-sa-saison-dindoor-par-un-titre-a-lille\/\" \/>\n<meta property=\"og:locale\" content=\"fr_FR\" \/>\n<meta property=\"og:type\" content=\"article\" \/>\n<meta property=\"og:title\" content=\"ATP Challenger 2024 : Arthur Rinderknech conclut sa saison d&#039;indoor par un titre \u00e0 Lille !\" \/>\n<meta property=\"og:description\" content=\"Comme Geoffrey Blancaneaux ce matin, Arthur Rinderknech s&#039;est adjug\u00e9 le titre au Challenger de Lille apr\u00e8s une longue semaine sem\u00e9e d&#039;emb\u00fbches\" \/>\n<meta property=\"og:url\" content=\"https:\/\/dicodusport.fr\/blog\/atp-challenger-2024-arthur-rinderknech-conclut-sa-saison-dindoor-par-un-titre-a-lille\/\" \/>\n<meta property=\"og:site_name\" content=\"Dicodusport\" \/>\n<meta property=\"article:publisher\" content=\"https:\/\/www.facebook.com\/dicodusport\" \/>\n<meta property=\"article:published_time\" content=\"2024-03-03T16:48:47+00:00\" \/>\n<meta property=\"article:modified_time\" content=\"2024-03-03T18:08:38+00:00\" \/>\n<meta property=\"og:image\" content=\"https:\/\/dicodusport.fr\/blog\/wp-content\/uploads\/2024\/03\/atp-challenger-2024-arthur-rinderknech-conclut-sa-saison-dindoor-par-un-titre-a-lille.png\" \/>\n\t<meta property=\"og:image:width\" content=\"1200\" \/>\n\t<meta property=\"og:image:height\" content=\"674\" \/>\n\t<meta property=\"og:image:type\" content=\"image\/png\" \/>\n<meta name=\"author\" content=\"Tom Compayrot\" \/>\n<meta name=\"twitter:card\" content=\"summary_large_image\" \/>\n<meta name=\"twitter:title\" content=\"ATP Challenger 2024 : Arthur Rinderknech conclut sa saison d&#039;indoor par un titre \u00e0 Lille !\" \/>\n<meta name=\"twitter:creator\" content=\"@https:\/\/twitter.com\/Tom_Cprt\" \/>\n<meta name=\"twitter:site\" content=\"@dicodusport\" \/>\n<script type=\"application\/ld+json\" class=\"yoast-schema-graph\">{\"@context\":\"https:\/\/schema.org\",\"@graph\":[{\"@type\":\"NewsArticle\",\"@id\":\"https:\/\/dicodusport.fr\/blog\/atp-challenger-2024-arthur-rinderknech-conclut-sa-saison-dindoor-par-un-titre-a-lille\/#article\",\"isPartOf\":{\"@id\":\"https:\/\/dicodusport.fr\/blog\/atp-challenger-2024-arthur-rinderknech-conclut-sa-saison-dindoor-par-un-titre-a-lille\/\"},\"author\":{\"name\":\"Tom Compayrot\",\"@id\":\"https:\/\/dicodusport.fr\/blog\/#\/schema\/person\/bf1e4f404e108bd2be5b447b16bde9a7\"},\"headline\":\"ATP Challenger 2024 : Arthur Rinderknech conclut sa saison d&rsquo;indoor par un titre \u00e0 Lille !\",\"datePublished\":\"2024-03-03T16:48:47+00:00\",\"dateModified\":\"2024-03-03T18:08:38+00:00\",\"mainEntityOfPage\":{\"@id\":\"https:\/\/dicodusport.fr\/blog\/atp-challenger-2024-arthur-rinderknech-conclut-sa-saison-dindoor-par-un-titre-a-lille\/\"},\"wordCount\":596,\"commentCount\":0,\"publisher\":{\"@id\":\"https:\/\/dicodusport.fr\/blog\/#organization\"},\"image\":{\"@id\":\"https:\/\/dicodusport.fr\/blog\/atp-challenger-2024-arthur-rinderknech-conclut-sa-saison-dindoor-par-un-titre-a-lille\/#primaryimage\"},\"thumbnailUrl\":\"https:\/\/dicodusport.fr\/blog\/wp-content\/uploads\/2024\/03\/atp-challenger-2024-arthur-rinderknech-conclut-sa-saison-dindoor-par-un-titre-a-lille.png\",\"keywords\":[\"Arthur Rinderknech\",\"br\u00e8ve\",\"fran\u00e7ais tennis\"],\"articleSection\":[\"Tennis\"],\"inLanguage\":\"fr-FR\",\"potentialAction\":[{\"@type\":\"CommentAction\",\"name\":\"Comment\",\"target\":[\"https:\/\/dicodusport.fr\/blog\/atp-challenger-2024-arthur-rinderknech-conclut-sa-saison-dindoor-par-un-titre-a-lille\/#respond\"]}],\"copyrightYear\":\"2024\",\"copyrightHolder\":{\"@id\":\"https:\/\/dicodusport.fr\/blog\/#organization\"}},{\"@type\":\"WebPage\",\"@id\":\"https:\/\/dicodusport.fr\/blog\/atp-challenger-2024-arthur-rinderknech-conclut-sa-saison-dindoor-par-un-titre-a-lille\/\",\"url\":\"https:\/\/dicodusport.fr\/blog\/atp-challenger-2024-arthur-rinderknech-conclut-sa-saison-dindoor-par-un-titre-a-lille\/\",\"name\":\"ATP Challenger 2024 : Arthur Rinderknech conclut sa saison d'indoor par un titre \u00e0 Lille !\",\"isPartOf\":{\"@id\":\"https:\/\/dicodusport.fr\/blog\/#website\"},\"primaryImageOfPage\":{\"@id\":\"https:\/\/dicodusport.fr\/blog\/atp-challenger-2024-arthur-rinderknech-conclut-sa-saison-dindoor-par-un-titre-a-lille\/#primaryimage\"},\"image\":{\"@id\":\"https:\/\/dicodusport.fr\/blog\/atp-challenger-2024-arthur-rinderknech-conclut-sa-saison-dindoor-par-un-titre-a-lille\/#primaryimage\"},\"thumbnailUrl\":\"https:\/\/dicodusport.fr\/blog\/wp-content\/uploads\/2024\/03\/atp-challenger-2024-arthur-rinderknech-conclut-sa-saison-dindoor-par-un-titre-a-lille.png\",\"datePublished\":\"2024-03-03T16:48:47+00:00\",\"dateModified\":\"2024-03-03T18:08:38+00:00\",\"description\":\"Comme Geoffrey Blancaneaux ce matin, Arthur Rinderknech s'est adjug\u00e9 le titre au Challenger de Lille apr\u00e8s une longue semaine sem\u00e9e d'emb\u00fbches\",\"breadcrumb\":{\"@id\":\"https:\/\/dicodusport.fr\/blog\/atp-challenger-2024-arthur-rinderknech-conclut-sa-saison-dindoor-par-un-titre-a-lille\/#breadcrumb\"},\"inLanguage\":\"fr-FR\",\"potentialAction\":[{\"@type\":\"ReadAction\",\"target\":[\"https:\/\/dicodusport.fr\/blog\/atp-challenger-2024-arthur-rinderknech-conclut-sa-saison-dindoor-par-un-titre-a-lille\/\"]}]},{\"@type\":\"ImageObject\",\"inLanguage\":\"fr-FR\",\"@id\":\"https:\/\/dicodusport.fr\/blog\/atp-challenger-2024-arthur-rinderknech-conclut-sa-saison-dindoor-par-un-titre-a-lille\/#primaryimage\",\"url\":\"https:\/\/dicodusport.fr\/blog\/wp-content\/uploads\/2024\/03\/atp-challenger-2024-arthur-rinderknech-conclut-sa-saison-dindoor-par-un-titre-a-lille.png\",\"contentUrl\":\"https:\/\/dicodusport.fr\/blog\/wp-content\/uploads\/2024\/03\/atp-challenger-2024-arthur-rinderknech-conclut-sa-saison-dindoor-par-un-titre-a-lille.png\",\"width\":1200,\"height\":674},{\"@type\":\"BreadcrumbList\",\"@id\":\"https:\/\/dicodusport.fr\/blog\/atp-challenger-2024-arthur-rinderknech-conclut-sa-saison-dindoor-par-un-titre-a-lille\/#breadcrumb\",\"itemListElement\":[{\"@type\":\"ListItem\",\"position\":1,\"name\":\"Accueil\",\"item\":\"https:\/\/dicodusport.fr\/blog\/\"},{\"@type\":\"ListItem\",\"position\":2,\"name\":\"ATP Challenger 2024 : Arthur Rinderknech conclut sa saison d&rsquo;indoor par un titre \u00e0 Lille !\"}]},{\"@type\":\"WebSite\",\"@id\":\"https:\/\/dicodusport.fr\/blog\/#website\",\"url\":\"https:\/\/dicodusport.fr\/blog\/\",\"name\":\"Dicodusport\",\"description\":\"L&#039;encyclop\u00e9die de l&#039;actualit\u00e9 sportive\",\"publisher\":{\"@id\":\"https:\/\/dicodusport.fr\/blog\/#organization\"},\"potentialAction\":[{\"@type\":\"SearchAction\",\"target\":{\"@type\":\"EntryPoint\",\"urlTemplate\":\"https:\/\/dicodusport.fr\/blog\/?s={search_term_string}\"},\"query-input\":{\"@type\":\"PropertyValueSpecification\",\"valueRequired\":true,\"valueName\":\"search_term_string\"}}],\"inLanguage\":\"fr-FR\"},{\"@type\":\"NewsMediaOrganization\",\"@id\":\"https:\/\/dicodusport.fr\/blog\/#organization\",\"name\":\"Dicodusport\",\"url\":\"https:\/\/dicodusport.fr\/blog\/\",\"logo\":{\"@type\":\"ImageObject\",\"inLanguage\":\"fr-FR\",\"@id\":\"https:\/\/dicodusport.fr\/blog\/#\/schema\/logo\/image\/\",\"url\":\"https:\/\/dicodusport.fr\/blog\/wp-content\/uploads\/2020\/06\/cropped-LOGO-DICODUSPORT-2020-SANS-FOND-SANS-TEXTE.png\",\"contentUrl\":\"https:\/\/dicodusport.fr\/blog\/wp-content\/uploads\/2020\/06\/cropped-LOGO-DICODUSPORT-2020-SANS-FOND-SANS-TEXTE.png\",\"width\":512,\"height\":512,\"caption\":\"Dicodusport\"},\"image\":{\"@id\":\"https:\/\/dicodusport.fr\/blog\/#\/schema\/logo\/image\/\"},\"sameAs\":[\"https:\/\/www.facebook.com\/dicodusport\",\"https:\/\/x.com\/dicodusport\",\"https:\/\/www.instagram.com\/dicodusport\/\",\"https:\/\/www.youtube.com\/channel\/UC7V2KZ5sd3htJivAbA4ZG3w\"],\"description\":\"Dicodusport est l'encyclop\u00e9die de l'actualit\u00e9 sportive.\",\"email\":\"bonjour@dicodusport.fr\",\"legalName\":\"DICODUSPORT\",\"foundingDate\":\"2018-01-14\",\"vatID\":\"FR71834470973\",\"taxID\":\"83447097300043\",\"numberOfEmployees\":{\"@type\":\"QuantitativeValue\",\"minValue\":\"1\",\"maxValue\":\"10\"}},{\"@type\":\"Person\",\"@id\":\"https:\/\/dicodusport.fr\/blog\/#\/schema\/person\/bf1e4f404e108bd2be5b447b16bde9a7\",\"name\":\"Tom Compayrot\",\"image\":{\"@type\":\"ImageObject\",\"inLanguage\":\"fr-FR\",\"@id\":\"https:\/\/dicodusport.fr\/blog\/#\/schema\/person\/image\/\",\"url\":\"https:\/\/dicodusport.fr\/blog\/wp-content\/uploads\/2021\/05\/Tom-Compayrot-150x150.jpg\",\"contentUrl\":\"https:\/\/dicodusport.fr\/blog\/wp-content\/uploads\/2021\/05\/Tom-Compayrot-150x150.jpg\",\"caption\":\"Tom Compayrot\"},\"description\":\"Journaliste\/r\u00e9dacteur depuis mars 2017 - Amoureux de la petite balle jaune et du gros ballon orange qui tra\u00eene sa carcasse sur Dicodusport depuis 2017. Rafael Nadal et LeBron James sont les meilleurs joueurs de l'histoire.\",\"sameAs\":[\"https:\/\/x.com\/https:\/\/twitter.com\/Tom_Cprt\"],\"url\":\"https:\/\/dicodusport.fr\/blog\/author\/tom\/\"}]}<\/script>\n<!-- \/ Yoast SEO Premium plugin. -->","yoast_head_json":{"title":"ATP Challenger 2024 : Arthur Rinderknech conclut sa saison d'indoor par un titre \u00e0 Lille !","description":"Comme Geoffrey Blancaneaux ce matin, Arthur Rinderknech s'est adjug\u00e9 le titre au Challenger de Lille apr\u00e8s une longue semaine sem\u00e9e d'emb\u00fbches","robots":{"index":"index","follow":"follow","max-snippet":"max-snippet:-1","max-image-preview":"max-image-preview:large","max-video-preview":"max-video-preview:-1"},"canonical":"https:\/\/dicodusport.fr\/blog\/atp-challenger-2024-arthur-rinderknech-conclut-sa-saison-dindoor-par-un-titre-a-lille\/","og_locale":"fr_FR","og_type":"article","og_title":"ATP Challenger 2024 : Arthur Rinderknech conclut sa saison d'indoor par un titre \u00e0 Lille !","og_description":"Comme Geoffrey Blancaneaux ce matin, Arthur Rinderknech s'est adjug\u00e9 le titre au Challenger de Lille apr\u00e8s une longue semaine sem\u00e9e d'emb\u00fbches","og_url":"https:\/\/dicodusport.fr\/blog\/atp-challenger-2024-arthur-rinderknech-conclut-sa-saison-dindoor-par-un-titre-a-lille\/","og_site_name":"Dicodusport","article_publisher":"https:\/\/www.facebook.com\/dicodusport","article_published_time":"2024-03-03T16:48:47+00:00","article_modified_time":"2024-03-03T18:08:38+00:00","og_image":[{"width":1200,"height":674,"url":"https:\/\/dicodusport.fr\/blog\/wp-content\/uploads\/2024\/03\/atp-challenger-2024-arthur-rinderknech-conclut-sa-saison-dindoor-par-un-titre-a-lille.png","type":"image\/png"}],"author":"Tom Compayrot","twitter_card":"summary_large_image","twitter_title":"ATP Challenger 2024 : Arthur Rinderknech conclut sa saison d'indoor par un titre \u00e0 Lille !","twitter_creator":"@https:\/\/twitter.com\/Tom_Cprt","twitter_site":"@dicodusport","schema":{"@context":"https:\/\/schema.org","@graph":[{"@type":"NewsArticle","@id":"https:\/\/dicodusport.fr\/blog\/atp-challenger-2024-arthur-rinderknech-conclut-sa-saison-dindoor-par-un-titre-a-lille\/#article","isPartOf":{"@id":"https:\/\/dicodusport.fr\/blog\/atp-challenger-2024-arthur-rinderknech-conclut-sa-saison-dindoor-par-un-titre-a-lille\/"},"author":{"name":"Tom Compayrot","@id":"https:\/\/dicodusport.fr\/blog\/#\/schema\/person\/bf1e4f404e108bd2be5b447b16bde9a7"},"headline":"ATP Challenger 2024 : Arthur Rinderknech conclut sa saison d&rsquo;indoor par un titre \u00e0 Lille !","datePublished":"2024-03-03T16:48:47+00:00","dateModified":"2024-03-03T18:08:38+00:00","mainEntityOfPage":{"@id":"https:\/\/dicodusport.fr\/blog\/atp-challenger-2024-arthur-rinderknech-conclut-sa-saison-dindoor-par-un-titre-a-lille\/"},"wordCount":596,"commentCount":0,"publisher":{"@id":"https:\/\/dicodusport.fr\/blog\/#organization"},"image":{"@id":"https:\/\/dicodusport.fr\/blog\/atp-challenger-2024-arthur-rinderknech-conclut-sa-saison-dindoor-par-un-titre-a-lille\/#primaryimage"},"thumbnailUrl":"https:\/\/dicodusport.fr\/blog\/wp-content\/uploads\/2024\/03\/atp-challenger-2024-arthur-rinderknech-conclut-sa-saison-dindoor-par-un-titre-a-lille.png","keywords":["Arthur Rinderknech","br\u00e8ve","fran\u00e7ais tennis"],"articleSection":["Tennis"],"inLanguage":"fr-FR","potentialAction":[{"@type":"CommentAction","name":"Comment","target":["https:\/\/dicodusport.fr\/blog\/atp-challenger-2024-arthur-rinderknech-conclut-sa-saison-dindoor-par-un-titre-a-lille\/#respond"]}],"copyrightYear":"2024","copyrightHolder":{"@id":"https:\/\/dicodusport.fr\/blog\/#organization"}},{"@type":"WebPage","@id":"https:\/\/dicodusport.fr\/blog\/atp-challenger-2024-arthur-rinderknech-conclut-sa-saison-dindoor-par-un-titre-a-lille\/","url":"https:\/\/dicodusport.fr\/blog\/atp-challenger-2024-arthur-rinderknech-conclut-sa-saison-dindoor-par-un-titre-a-lille\/","name":"ATP Challenger 2024 : Arthur Rinderknech conclut sa saison d'indoor par un titre \u00e0 Lille !","isPartOf":{"@id":"https:\/\/dicodusport.fr\/blog\/#website"},"primaryImageOfPage":{"@id":"https:\/\/dicodusport.fr\/blog\/atp-challenger-2024-arthur-rinderknech-conclut-sa-saison-dindoor-par-un-titre-a-lille\/#primaryimage"},"image":{"@id":"https:\/\/dicodusport.fr\/blog\/atp-challenger-2024-arthur-rinderknech-conclut-sa-saison-dindoor-par-un-titre-a-lille\/#primaryimage"},"thumbnailUrl":"https:\/\/dicodusport.fr\/blog\/wp-content\/uploads\/2024\/03\/atp-challenger-2024-arthur-rinderknech-conclut-sa-saison-dindoor-par-un-titre-a-lille.png","datePublished":"2024-03-03T16:48:47+00:00","dateModified":"2024-03-03T18:08:38+00:00","description":"Comme Geoffrey Blancaneaux ce matin, Arthur Rinderknech s'est adjug\u00e9 le titre au Challenger de Lille apr\u00e8s une longue semaine sem\u00e9e d'emb\u00fbches","breadcrumb":{"@id":"https:\/\/dicodusport.fr\/blog\/atp-challenger-2024-arthur-rinderknech-conclut-sa-saison-dindoor-par-un-titre-a-lille\/#breadcrumb"},"inLanguage":"fr-FR","potentialAction":[{"@type":"ReadAction","target":["https:\/\/dicodusport.fr\/blog\/atp-challenger-2024-arthur-rinderknech-conclut-sa-saison-dindoor-par-un-titre-a-lille\/"]}]},{"@type":"ImageObject","inLanguage":"fr-FR","@id":"https:\/\/dicodusport.fr\/blog\/atp-challenger-2024-arthur-rinderknech-conclut-sa-saison-dindoor-par-un-titre-a-lille\/#primaryimage","url":"https:\/\/dicodusport.fr\/blog\/wp-content\/uploads\/2024\/03\/atp-challenger-2024-arthur-rinderknech-conclut-sa-saison-dindoor-par-un-titre-a-lille.png","contentUrl":"https:\/\/dicodusport.fr\/blog\/wp-content\/uploads\/2024\/03\/atp-challenger-2024-arthur-rinderknech-conclut-sa-saison-dindoor-par-un-titre-a-lille.png","width":1200,"height":674},{"@type":"BreadcrumbList","@id":"https:\/\/dicodusport.fr\/blog\/atp-challenger-2024-arthur-rinderknech-conclut-sa-saison-dindoor-par-un-titre-a-lille\/#breadcrumb","itemListElement":[{"@type":"ListItem","position":1,"name":"Accueil","item":"https:\/\/dicodusport.fr\/blog\/"},{"@type":"ListItem","position":2,"name":"ATP Challenger 2024 : Arthur Rinderknech conclut sa saison d&rsquo;indoor par un titre \u00e0 Lille !"}]},{"@type":"WebSite","@id":"https:\/\/dicodusport.fr\/blog\/#website","url":"https:\/\/dicodusport.fr\/blog\/","name":"Dicodusport","description":"L&#039;encyclop\u00e9die de l&#039;actualit\u00e9 sportive","publisher":{"@id":"https:\/\/dicodusport.fr\/blog\/#organization"},"potentialAction":[{"@type":"SearchAction","target":{"@type":"EntryPoint","urlTemplate":"https:\/\/dicodusport.fr\/blog\/?s={search_term_string}"},"query-input":{"@type":"PropertyValueSpecification","valueRequired":true,"valueName":"search_term_string"}}],"inLanguage":"fr-FR"},{"@type":"NewsMediaOrganization","@id":"https:\/\/dicodusport.fr\/blog\/#organization","name":"Dicodusport","url":"https:\/\/dicodusport.fr\/blog\/","logo":{"@type":"ImageObject","inLanguage":"fr-FR","@id":"https:\/\/dicodusport.fr\/blog\/#\/schema\/logo\/image\/","url":"https:\/\/dicodusport.fr\/blog\/wp-content\/uploads\/2020\/06\/cropped-LOGO-DICODUSPORT-2020-SANS-FOND-SANS-TEXTE.png","contentUrl":"https:\/\/dicodusport.fr\/blog\/wp-content\/uploads\/2020\/06\/cropped-LOGO-DICODUSPORT-2020-SANS-FOND-SANS-TEXTE.png","width":512,"height":512,"caption":"Dicodusport"},"image":{"@id":"https:\/\/dicodusport.fr\/blog\/#\/schema\/logo\/image\/"},"sameAs":["https:\/\/www.facebook.com\/dicodusport","https:\/\/x.com\/dicodusport","https:\/\/www.instagram.com\/dicodusport\/","https:\/\/www.youtube.com\/channel\/UC7V2KZ5sd3htJivAbA4ZG3w"],"description":"Dicodusport est l'encyclop\u00e9die de l'actualit\u00e9 sportive.","email":"bonjour@dicodusport.fr","legalName":"DICODUSPORT","foundingDate":"2018-01-14","vatID":"FR71834470973","taxID":"83447097300043","numberOfEmployees":{"@type":"QuantitativeValue","minValue":"1","maxValue":"10"}},{"@type":"Person","@id":"https:\/\/dicodusport.fr\/blog\/#\/schema\/person\/bf1e4f404e108bd2be5b447b16bde9a7","name":"Tom Compayrot","image":{"@type":"ImageObject","inLanguage":"fr-FR","@id":"https:\/\/dicodusport.fr\/blog\/#\/schema\/person\/image\/","url":"https:\/\/dicodusport.fr\/blog\/wp-content\/uploads\/2021\/05\/Tom-Compayrot-150x150.jpg","contentUrl":"https:\/\/dicodusport.fr\/blog\/wp-content\/uploads\/2021\/05\/Tom-Compayrot-150x150.jpg","caption":"Tom Compayrot"},"description":"Journaliste\/r\u00e9dacteur depuis mars 2017 - Amoureux de la petite balle jaune et du gros ballon orange qui tra\u00eene sa carcasse sur Dicodusport depuis 2017. Rafael Nadal et LeBron James sont les meilleurs joueurs de l'histoire.","sameAs":["https:\/\/x.com\/https:\/\/twitter.com\/Tom_Cprt"],"url":"https:\/\/dicodusport.fr\/blog\/author\/tom\/"}]}},"_links":{"self":[{"href":"https:\/\/dicodusport.fr\/blog\/wp-json\/wp\/v2\/posts\/468929","targetHints":{"allow":["GET"]}}],"collection":[{"href":"https:\/\/dicodusport.fr\/blog\/wp-json\/wp\/v2\/posts"}],"about":[{"href":"https:\/\/dicodusport.fr\/blog\/wp-json\/wp\/v2\/types\/post"}],"author":[{"embeddable":true,"href":"https:\/\/dicodusport.fr\/blog\/wp-json\/wp\/v2\/users\/13"}],"replies":[{"embeddable":true,"href":"https:\/\/dicodusport.fr\/blog\/wp-json\/wp\/v2\/comments?post=468929"}],"version-history":[{"count":6,"href":"https:\/\/dicodusport.fr\/blog\/wp-json\/wp\/v2\/posts\/468929\/revisions"}],"predecessor-version":[{"id":469069,"href":"https:\/\/dicodusport.fr\/blog\/wp-json\/wp\/v2\/posts\/468929\/revisions\/469069"}],"wp:featuredmedia":[{"embeddable":true,"href":"https:\/\/dicodusport.fr\/blog\/wp-json\/wp\/v2\/media\/468990"}],"wp:attachment":[{"href":"https:\/\/dicodusport.fr\/blog\/wp-json\/wp\/v2\/media?parent=468929"}],"wp:term":[{"taxonomy":"category","embeddable":true,"href":"https:\/\/dicodusport.fr\/blog\/wp-json\/wp\/v2\/categories?post=468929"},{"taxonomy":"post_tag","embeddable":true,"href":"https:\/\/dicodusport.fr\/blog\/wp-json\/wp\/v2\/tags?post=468929"}],"curies":[{"name":"wp","href":"https:\/\/api.w.org\/{rel}","templated":true}]}}