{"id":469255,"date":"2024-03-04T18:01:44","date_gmt":"2024-03-04T17:01:44","guid":{"rendered":"https:\/\/dicodusport.fr\/blog\/?p=469255&#038;preview=true&#038;preview_id=469255"},"modified":"2024-03-09T18:54:41","modified_gmt":"2024-03-09T17:54:41","slug":"athletisme-mondiaux-en-salle-le-bilan-de-lequipe-de-france","status":"publish","type":"post","link":"https:\/\/dicodusport.fr\/blog\/athletisme-mondiaux-en-salle-le-bilan-de-lequipe-de-france\/","title":{"rendered":"Athl\u00e9tisme Mondiaux en salle : Le bilan de l&rsquo;\u00e9quipe de France"},"content":{"rendered":"<p style=\"text-align: justify;\"><strong><em>CHAMPIONNATS DU MONDE EN SALLE D&rsquo;ATHL\u00c9TISME &#8211; On fait le bilan de l&rsquo;\u00e9quipe de France apr\u00e8s la comp\u00e9tition. Avec du positif, et deux m\u00e9dailles mondiales, comme en 2022. Mais sans titre.<\/em><\/strong><\/p>\n<ul>\n<li style=\"text-align: justify;\"><strong>\u00c0 ce sujet &#8211; <a href=\"https:\/\/dicodusport.fr\/blog\/athletisme-programme-et-resultats-championnats-du-monde-en-salle-2024\/\" target=\"_blank\" rel=\"noopener\">Palmar\u00e8s et r\u00e9sultats Championnats du monde en salle d&rsquo;athl\u00e9tisme 2024<\/a><\/strong><\/li>\n<li><strong>\u00c0 ce sujet &#8211; <a title=\"Tableau des m\u00e9dailles Athl\u00e9tisme Championnats du monde en salle 2024\" href=\"https:\/\/dicodusport.fr\/blog\/tableau-des-medailles-athletisme-championnats-du-monde-en-salle-2024\/\" target=\"_blank\" rel=\"noopener\">Tableau des m\u00e9dailles des Championnats du monde en salle d\u2019athl\u00e9tisme 2024<\/a><\/strong><\/li>\n<\/ul>\n<h2>Huit finalistes sur treize engag\u00e9s<\/h2>\n<h3 style=\"text-align: justify;\">Deux m\u00e9dailles, comme en 2022<\/h3>\n<p style=\"text-align: justify;\">La France avait engag\u00e9 une petite d\u00e9l\u00e9gation lors des championnats du monde. Avec treize athl\u00e8tes qualifi\u00e9s (avec les forfaits de derni\u00e8re minute d&rsquo;<strong>Azeddine Habz<\/strong> et <strong>Jean-Marc Pontvianne<\/strong>). C&rsquo;est certes trois athl\u00e8tes de plus qu&rsquo;en 2022 \u00e0 Belgrade, mais cela reste resserr\u00e9. Les Tricolores ram\u00e8nent d&rsquo;\u00c9cosse deux m\u00e9dailles, avec <a href=\"https:\/\/dicodusport.fr\/blog\/athletisme-mondiaux-en-salle-record-du-monde-pour-devynne-charlton-sur-60-m-haies-cyrena-samba-mayela-en-argent\/\">l&rsquo;argent de <strong>Cyr\u00e9na Samba-May\u00e9la<\/strong> sur 60 m haies<\/a> et <a href=\"https:\/\/dicodusport.fr\/blog\/athletisme-mondiaux-en-salle-grant-holloway-remporte-le-60-m-haies-just-kwaou-mathey-en-bronze\/\">le bronze de <strong>Just Kwaou-Mathey<\/strong><\/a>, \u00e9galement sur la m\u00eame distance.<\/p>\n<p style=\"text-align: justify;\">Comme en 2022, o\u00f9 la premi\u00e8re cit\u00e9e avait ramen\u00e9 de l&rsquo;or, c&rsquo;est le 60 m haies qui ram\u00e8nent les deux m\u00e9dailles fran\u00e7aises. \u00c0 l&rsquo;\u00e9poque, c&rsquo;\u00e9tait pour <strong>Pascal Martinot-Lagarde<\/strong>. \u00c0 noter que ce dernier avait r\u00e9alis\u00e9 7.50 pour l&rsquo;argent, contre 7.47 pour \u00ab\u00a0JKM\u00a0\u00bb pour le bronze. Mais aussi que \u00ab\u00a0CSM\u00a0\u00bb a couru quatre centi\u00e8mes plus vite sa finale, que lors de son titre en 2022. Preuve que les Fran\u00e7ais ont su hisser leur niveau, mais que le niveau mondial a grimp\u00e9 en fl\u00e8che.<\/p>\n<h3 style=\"text-align: justify;\">Huit finalistes sur treize<\/h3>\n<p style=\"text-align: justify;\">Quand on se plonge sur les performances. On s&rsquo;aper\u00e7oit que, hormis <strong>Wilhem Belocian<\/strong> (<strong>Thibaut Collet <\/strong>est un cas \u00e0 part qu&rsquo;on ne peut analyser), personne n&rsquo;a sous perform\u00e9. Huit Fran\u00e7ais, sur les treize engag\u00e9s, se sont hiss\u00e9s dans le top 8. Parmi eux, <strong>Agathe Guillemot<\/strong> et <strong>Ilionis Guillaume<\/strong> sur lesquelles, deux mois auparavant, peu auraient pari\u00e9 sur une 7e place du 1500 m et une 8e place au triple saut.<strong> Makenson Gletty,<\/strong> 5e de l&rsquo;heptathlon, effectuait son tout premier championnat du monde et s&rsquo;est montr\u00e9 \u00e0 la hauteur de l&rsquo;\u00e9v\u00e8nement, m\u00eame si le podium n&rsquo;\u00e9tait pas totalement injouable, bien que tr\u00e8s difficile.<\/p>\n<p style=\"text-align: justify;\"><strong>Benjamin Robert<\/strong>, bien que disqualifi\u00e9 en finale, entrait dans sa toute premi\u00e8re finale mondiale. <strong>Margot Chevrier<\/strong>, \u00e0 qui on souhaite un prompt r\u00e9tablissement, s&rsquo;est bless\u00e9e gravement \u00e0 la cheville, mais se hisse dans le top 8, malgr\u00e9 le drame de son concours. Au final, la France termine 10e \u00e0 la \u00ab\u00a0placing table\u00a0\u00bb, qui est un classement des pays en fonction des finalistes dans un championnat (1 point pour le 8e, 2 points pour le 7e etc). Un bel indicateur de la sant\u00e9 sportive d&rsquo;un pays. <strong>Orlann Oliere, Solenn Compper, Jeff Erius,<\/strong> <strong>Amandine Brossier<\/strong> se sont hiss\u00e9s en demi-finale, \u00e0 la hauteur de ce qu&rsquo;on attendait d&rsquo;eux.<\/p>\n<blockquote class=\"twitter-tweet\">\n<p dir=\"ltr\" lang=\"fr\"><a href=\"https:\/\/twitter.com\/hashtag\/Glasgow2024?src=hash&amp;ref_src=twsrc%5Etfw\">#Glasgow2024<\/a> La France finit 10\u00e8me \u00e0 la Placing Table. C&rsquo;est notre place sur l&rsquo;\u00e9chiquier mondial. <a href=\"https:\/\/t.co\/ZdVGXCnGJz\">pic.twitter.com\/ZdVGXCnGJz<\/a><\/p>\n<p>\u2014 Patrick Secchi (@secchi62) <a href=\"https:\/\/twitter.com\/secchi62\/status\/1764409787469398124?ref_src=twsrc%5Etfw\">March 3, 2024<\/a><\/p><\/blockquote>\n<p><script async src=\"https:\/\/platform.twitter.com\/widgets.js\" charset=\"utf-8\"><\/script><\/p>\n<h3 style=\"text-align: justify;\">Une g\u00e9n\u00e9ration encore jeune<\/h3>\n<p style=\"text-align: justify;\">Le plus vieux des finalistes est <strong>Benjamin Robert<\/strong>, qui a f\u00eat\u00e9 ses 26 ans au mois de janvier. Plus \u00e2g\u00e9 de huit jours qu&rsquo;<strong>Ilionis Guillaume. Agathe Guillemot, Margot Chevrier, Thibaut Collet, Makenson Gletty<\/strong>\u00a0et <strong>Just Kwaou-Mathey<\/strong> repr\u00e9sentent la tr\u00e8s grosse g\u00e9n\u00e9ration n\u00e9e en 1999 (comme Armand Duplantis).<strong> Cyr\u00e9na Samba-Mayela<\/strong>, du haut de ses deux m\u00e9dailles mondiales, est n\u00e9e en 2000. Une g\u00e9n\u00e9ration qui commence \u00e0 arriver \u00e0 maturit\u00e9 au bon moment, \u00e0 cinq mois des JO. O\u00f9 ils vont tenter de franchir un cap.<\/p>\n<h2 style=\"text-align: justify;\">Quelques regrets sur les absents<\/h2>\n<p style=\"text-align: justify;\">L&rsquo;incroyable performance de la Belgique, championne du monde du 4&#215;400 m, peut peut-\u00eatre laisser quelques regrets \u00e0 l&rsquo;\u00e9quipe de France, qui a fait le choix de ne pas engager de relais, pour pr\u00e9parer au mieux les Mondiaux de relais, qui auront lieu dans un peu plus de deux mois \u00e0 Nassau (Bahamas). O\u00f9 les tickets pour les JO vont \u00eatre d\u00e9livr\u00e9s. Et pourtant, quand on voit le potentiel de cette \u00e9quipe, il est clair qu&rsquo;il aurait, a minima, jou\u00e9 une m\u00e9daille. Et pas forc\u00e9ment du m\u00e9tal le plus moche. Ceci dit, si les Bleus parviennent \u00e0 d\u00e9crocher une breloque olympique, on aura vite fait de mettre Glasgow aux oubliettes.<\/p>\n<p style=\"text-align: justify;\">Toujours sur 400 m, un <strong>Thomas Jordier<\/strong>, qui est revenu en grande forme cet hiver, avec son 46.06, record personnel, a loup\u00e9 Glasgow pour six centi\u00e8mes. Il n&rsquo;aurait pas \u00e9t\u00e9 ill\u00e9gitime d&rsquo;esp\u00e9rer le voir parmi les finalistes. Comme <strong>Erwan Konat\u00e9<\/strong> et <strong>Tom Campagne,<\/strong> qui ont bondi \u00e0 plus \u00e0 huit m\u00e8tres cet hiver \u00e0 la longueur. Quand on voit que le top 8 se joue \u00e0 7.79 m&#8230; Cela aurait mis du beurre dans les \u00e9pinards de la <em>placing table<\/em> fran\u00e7aise.<\/p>\n<p style=\"text-align: justify;\">Et que dire d&rsquo;<strong>Azeddine Habz<\/strong> et <strong>Jean-Marc Pontvianne<\/strong>. Absents de derni\u00e8re minute de ces championnats du monde. Sur la base de leur valeur de l&rsquo;hiver, comment ne pas penser qu&rsquo;ils auraient pu \u00eatre de vrais candidats \u00e0 une m\u00e9daille mondiale. Surtout pour le premier cit\u00e9, dans une course de 1500 m qui a \u00e9t\u00e9 tr\u00e8s ouverte et avec de grandes surprises.<\/p>\n<div class=\"vlp-link-container vlp-layout-article\"><a href=\"https:\/\/dicodusport.fr\/blog\/athletisme-mondiaux-en-salle-samba-mayela-charlton-duplantis-le-resume-de-la-soiree-du-3-mars\/\" class=\"vlp-link\" title=\"Athl\u00e9tisme Mondiaux en salle : Samba-Mayela, Charlton, Duplantis, le r\u00e9sum\u00e9 de la soir\u00e9e du 3 mars\"><\/a><div class=\"vlp-layout-zone-side\"><div class=\"vlp-block-4 vlp-link-image\"><img loading=\"lazy\" decoding=\"async\" style=\"max-width: 792px;\" width=\"792\" height=\"445\" src=\"https:\/\/dicodusport.fr\/blog\/wp-content\/uploads\/2024\/03\/Athletisme-Mondiaux-en-salle-Samba-Mayela-Charlton-Duplantis-le-resume-de-la-soiree-du-3-mars.png\" class=\"attachment-800x445 size-800x445\" alt=\"Athl\u00e9tisme Mondiaux en salle : Samba-Mayela, Charlton, Duplantis, le r\u00e9sum\u00e9 de la soir\u00e9e du 3 mars\" srcset=\"https:\/\/dicodusport.fr\/blog\/wp-content\/uploads\/2024\/03\/Athletisme-Mondiaux-en-salle-Samba-Mayela-Charlton-Duplantis-le-resume-de-la-soiree-du-3-mars.png 1200w, https:\/\/dicodusport.fr\/blog\/wp-content\/uploads\/2024\/03\/Athletisme-Mondiaux-en-salle-Samba-Mayela-Charlton-Duplantis-le-resume-de-la-soiree-du-3-mars-300x169.png 300w, https:\/\/dicodusport.fr\/blog\/wp-content\/uploads\/2024\/03\/Athletisme-Mondiaux-en-salle-Samba-Mayela-Charlton-Duplantis-le-resume-de-la-soiree-du-3-mars-1024x575.png 1024w, https:\/\/dicodusport.fr\/blog\/wp-content\/uploads\/2024\/03\/Athletisme-Mondiaux-en-salle-Samba-Mayela-Charlton-Duplantis-le-resume-de-la-soiree-du-3-mars-768x431.png 768w\" sizes=\"auto, (max-width: 792px) 100vw, 792px\" \/><\/div><\/div><div class=\"vlp-layout-zone-main\"><div class=\"vlp-block-0 vlp-link-title\">Athl\u00e9tisme Mondiaux en salle : Samba-Mayela, Charlton, Duplantis, le r\u00e9sum\u00e9 de la soir\u00e9e du 3 mars<\/div><div class=\"vlp-block-1 vlp-link-summary\">CHAMPIONNATS DU MONDE EN SALLE D'ATHL\u00c9TISME - Cyr\u00e9na Samba-Mayela offre la seconde m\u00e9daille aux Bleus, avec l'argent sur 60 m haies.<\/div><div class=\"vlp-block-2 vlp-link-button\">Lire l'article<\/div><div class=\"vlp-block-3 vlp-link-url\">dicodusport.fr<\/div><\/div><\/div>\n<h2 style=\"text-align: justify;\">En France, il manque ce scoreur<\/h2>\n<p style=\"text-align: justify;\">Une g\u00e9n\u00e9ration homog\u00e8ne, capable de cr\u00e9er de belles surprises, mais \u00e0 qui il manque un \u00ab\u00a0scoreur\u00a0\u00bb. On parle beaucoup de <strong>Femke Bol<\/strong>, du c\u00f4t\u00e9 des Pays-Bas. Mais sa pr\u00e9sence assure \u00e0 son pays, au pire du pire, une m\u00e9daille d&rsquo;argent. Et plus globalement de l&rsquo;or. En France, ce fut le cas de <strong>Renaud Lavillenie<\/strong>, notamment en salle o\u00f9 il \u00e9tait intouchable. Mais aussi <strong>Kevin Mayer<\/strong>. Des assurances quasi tous risques qui apportent de la s\u00e9r\u00e9nit\u00e9 \u00e0 une \u00e9quipe. Qui peut se reposer sur ses grandes chances de m\u00e9daille pour capitaliser derri\u00e8re.<\/p>\n<div><\/div>\n","protected":false},"excerpt":{"rendered":"<p>CHAMPIONNATS DU MONDE EN SALLE D&rsquo;ATHL\u00c9TISME &#8211; On fait le bilan de l&rsquo;\u00e9quipe de France apr\u00e8s la comp\u00e9tition. Avec du positif, et deux m\u00e9dailles mondiales, comme en 2022. Mais sans titre.<\/p>\n","protected":false},"author":83,"featured_media":469340,"comment_status":"open","ping_status":"closed","sticky":false,"template":"","format":"standard","meta":{"_acf_changed":false,"_daextam_enable_autolinks":"1","footnotes":""},"categories":[2308],"tags":[16878,14537,25905,24],"class_list":["post-469255","post","type-post","status-publish","format-standard","has-post-thumbnail","hentry","category-athletisme","tag-breve","tag-cyrena-samba-mayela","tag-just-kwaou-mathey","tag-sport"],"acf":[],"yoast_head":"<!-- This site is optimized with the Yoast SEO Premium plugin v26.7 (Yoast SEO v26.7) - https:\/\/yoast.com\/wordpress\/plugins\/seo\/ -->\n<title>Athl\u00e9tisme Mondiaux en salle : Le bilan de l&#039;\u00e9quipe de France<\/title>\n<meta name=\"description\" content=\"CHAMPIONNATS DU MONDE EN SALLE D&#039;ATHL\u00c9TISME - On fait le bilan de l&#039;\u00e9quipe de France apr\u00e8s la comp\u00e9tition. Avec deux m\u00e9dailles pour les Bleus.\" \/>\n<meta name=\"robots\" content=\"index, follow, max-snippet:-1, max-image-preview:large, max-video-preview:-1\" \/>\n<link rel=\"canonical\" href=\"https:\/\/dicodusport.fr\/blog\/athletisme-mondiaux-en-salle-le-bilan-de-lequipe-de-france\/\" \/>\n<meta property=\"og:locale\" content=\"fr_FR\" \/>\n<meta property=\"og:type\" content=\"article\" \/>\n<meta property=\"og:title\" content=\"Athl\u00e9tisme Mondiaux en salle : Le bilan de l&#039;\u00e9quipe de France\" \/>\n<meta property=\"og:description\" content=\"CHAMPIONNATS DU MONDE EN SALLE D&#039;ATHL\u00c9TISME - On fait le bilan de l&#039;\u00e9quipe de France apr\u00e8s la comp\u00e9tition. Avec deux m\u00e9dailles pour les Bleus.\" \/>\n<meta property=\"og:url\" content=\"https:\/\/dicodusport.fr\/blog\/athletisme-mondiaux-en-salle-le-bilan-de-lequipe-de-france\/\" \/>\n<meta property=\"og:site_name\" content=\"Dicodusport\" \/>\n<meta property=\"article:publisher\" content=\"https:\/\/www.facebook.com\/dicodusport\" \/>\n<meta property=\"article:published_time\" content=\"2024-03-04T17:01:44+00:00\" \/>\n<meta property=\"article:modified_time\" content=\"2024-03-09T17:54:41+00:00\" \/>\n<meta property=\"og:image\" content=\"https:\/\/dicodusport.fr\/blog\/wp-content\/uploads\/2024\/03\/Athletisme-Mondiaux-en-salle-Le-bilan-de-lequipe-de-France.png\" \/>\n\t<meta property=\"og:image:width\" content=\"1200\" \/>\n\t<meta property=\"og:image:height\" content=\"674\" \/>\n\t<meta property=\"og:image:type\" content=\"image\/png\" \/>\n<meta name=\"author\" content=\"Etienne Goursaud\" \/>\n<meta name=\"twitter:card\" content=\"summary_large_image\" \/>\n<meta name=\"twitter:title\" content=\"Athl\u00e9tisme Mondiaux en salle : Le bilan de l&#039;\u00e9quipe de France\" \/>\n<meta name=\"twitter:creator\" content=\"@dicodusport\" \/>\n<meta name=\"twitter:site\" content=\"@dicodusport\" \/>\n<script type=\"application\/ld+json\" class=\"yoast-schema-graph\">{\"@context\":\"https:\/\/schema.org\",\"@graph\":[{\"@type\":\"NewsArticle\",\"@id\":\"https:\/\/dicodusport.fr\/blog\/athletisme-mondiaux-en-salle-le-bilan-de-lequipe-de-france\/#article\",\"isPartOf\":{\"@id\":\"https:\/\/dicodusport.fr\/blog\/athletisme-mondiaux-en-salle-le-bilan-de-lequipe-de-france\/\"},\"author\":{\"name\":\"Etienne Goursaud\",\"@id\":\"https:\/\/dicodusport.fr\/blog\/#\/schema\/person\/d603dd7da31fb2b46c82b9835a77ec13\"},\"headline\":\"Athl\u00e9tisme Mondiaux en salle : Le bilan de l&rsquo;\u00e9quipe de France\",\"datePublished\":\"2024-03-04T17:01:44+00:00\",\"dateModified\":\"2024-03-09T17:54:41+00:00\",\"mainEntityOfPage\":{\"@id\":\"https:\/\/dicodusport.fr\/blog\/athletisme-mondiaux-en-salle-le-bilan-de-lequipe-de-france\/\"},\"wordCount\":1062,\"commentCount\":0,\"publisher\":{\"@id\":\"https:\/\/dicodusport.fr\/blog\/#organization\"},\"image\":{\"@id\":\"https:\/\/dicodusport.fr\/blog\/athletisme-mondiaux-en-salle-le-bilan-de-lequipe-de-france\/#primaryimage\"},\"thumbnailUrl\":\"https:\/\/dicodusport.fr\/blog\/wp-content\/uploads\/2024\/03\/Athletisme-Mondiaux-en-salle-Le-bilan-de-lequipe-de-France.png\",\"keywords\":[\"br\u00e8ve\",\"Cyr\u00e9na Samba-Mayela\",\"Just Kwaou-Mathey\",\"sport\"],\"articleSection\":[\"Athl\u00e9tisme\"],\"inLanguage\":\"fr-FR\",\"potentialAction\":[{\"@type\":\"CommentAction\",\"name\":\"Comment\",\"target\":[\"https:\/\/dicodusport.fr\/blog\/athletisme-mondiaux-en-salle-le-bilan-de-lequipe-de-france\/#respond\"]}],\"copyrightYear\":\"2024\",\"copyrightHolder\":{\"@id\":\"https:\/\/dicodusport.fr\/blog\/#organization\"}},{\"@type\":\"WebPage\",\"@id\":\"https:\/\/dicodusport.fr\/blog\/athletisme-mondiaux-en-salle-le-bilan-de-lequipe-de-france\/\",\"url\":\"https:\/\/dicodusport.fr\/blog\/athletisme-mondiaux-en-salle-le-bilan-de-lequipe-de-france\/\",\"name\":\"Athl\u00e9tisme Mondiaux en salle : Le bilan de l'\u00e9quipe de France\",\"isPartOf\":{\"@id\":\"https:\/\/dicodusport.fr\/blog\/#website\"},\"primaryImageOfPage\":{\"@id\":\"https:\/\/dicodusport.fr\/blog\/athletisme-mondiaux-en-salle-le-bilan-de-lequipe-de-france\/#primaryimage\"},\"image\":{\"@id\":\"https:\/\/dicodusport.fr\/blog\/athletisme-mondiaux-en-salle-le-bilan-de-lequipe-de-france\/#primaryimage\"},\"thumbnailUrl\":\"https:\/\/dicodusport.fr\/blog\/wp-content\/uploads\/2024\/03\/Athletisme-Mondiaux-en-salle-Le-bilan-de-lequipe-de-France.png\",\"datePublished\":\"2024-03-04T17:01:44+00:00\",\"dateModified\":\"2024-03-09T17:54:41+00:00\",\"description\":\"CHAMPIONNATS DU MONDE EN SALLE D'ATHL\u00c9TISME - On fait le bilan de l'\u00e9quipe de France apr\u00e8s la comp\u00e9tition. Avec deux m\u00e9dailles pour les Bleus.\",\"breadcrumb\":{\"@id\":\"https:\/\/dicodusport.fr\/blog\/athletisme-mondiaux-en-salle-le-bilan-de-lequipe-de-france\/#breadcrumb\"},\"inLanguage\":\"fr-FR\",\"potentialAction\":[{\"@type\":\"ReadAction\",\"target\":[\"https:\/\/dicodusport.fr\/blog\/athletisme-mondiaux-en-salle-le-bilan-de-lequipe-de-france\/\"]}]},{\"@type\":\"ImageObject\",\"inLanguage\":\"fr-FR\",\"@id\":\"https:\/\/dicodusport.fr\/blog\/athletisme-mondiaux-en-salle-le-bilan-de-lequipe-de-france\/#primaryimage\",\"url\":\"https:\/\/dicodusport.fr\/blog\/wp-content\/uploads\/2024\/03\/Athletisme-Mondiaux-en-salle-Le-bilan-de-lequipe-de-France.png\",\"contentUrl\":\"https:\/\/dicodusport.fr\/blog\/wp-content\/uploads\/2024\/03\/Athletisme-Mondiaux-en-salle-Le-bilan-de-lequipe-de-France.png\",\"width\":1200,\"height\":674,\"caption\":\"Athl\u00e9tisme Mondiaux en salle : Le bilan de l'\u00e9quipe de France\"},{\"@type\":\"BreadcrumbList\",\"@id\":\"https:\/\/dicodusport.fr\/blog\/athletisme-mondiaux-en-salle-le-bilan-de-lequipe-de-france\/#breadcrumb\",\"itemListElement\":[{\"@type\":\"ListItem\",\"position\":1,\"name\":\"Accueil\",\"item\":\"https:\/\/dicodusport.fr\/blog\/\"},{\"@type\":\"ListItem\",\"position\":2,\"name\":\"Athl\u00e9tisme Mondiaux en salle : Le bilan de l&rsquo;\u00e9quipe de France\"}]},{\"@type\":\"WebSite\",\"@id\":\"https:\/\/dicodusport.fr\/blog\/#website\",\"url\":\"https:\/\/dicodusport.fr\/blog\/\",\"name\":\"Dicodusport\",\"description\":\"L&#039;encyclop\u00e9die de l&#039;actualit\u00e9 sportive\",\"publisher\":{\"@id\":\"https:\/\/dicodusport.fr\/blog\/#organization\"},\"potentialAction\":[{\"@type\":\"SearchAction\",\"target\":{\"@type\":\"EntryPoint\",\"urlTemplate\":\"https:\/\/dicodusport.fr\/blog\/?s={search_term_string}\"},\"query-input\":{\"@type\":\"PropertyValueSpecification\",\"valueRequired\":true,\"valueName\":\"search_term_string\"}}],\"inLanguage\":\"fr-FR\"},{\"@type\":\"NewsMediaOrganization\",\"@id\":\"https:\/\/dicodusport.fr\/blog\/#organization\",\"name\":\"Dicodusport\",\"url\":\"https:\/\/dicodusport.fr\/blog\/\",\"logo\":{\"@type\":\"ImageObject\",\"inLanguage\":\"fr-FR\",\"@id\":\"https:\/\/dicodusport.fr\/blog\/#\/schema\/logo\/image\/\",\"url\":\"https:\/\/dicodusport.fr\/blog\/wp-content\/uploads\/2020\/06\/cropped-LOGO-DICODUSPORT-2020-SANS-FOND-SANS-TEXTE.png\",\"contentUrl\":\"https:\/\/dicodusport.fr\/blog\/wp-content\/uploads\/2020\/06\/cropped-LOGO-DICODUSPORT-2020-SANS-FOND-SANS-TEXTE.png\",\"width\":512,\"height\":512,\"caption\":\"Dicodusport\"},\"image\":{\"@id\":\"https:\/\/dicodusport.fr\/blog\/#\/schema\/logo\/image\/\"},\"sameAs\":[\"https:\/\/www.facebook.com\/dicodusport\",\"https:\/\/x.com\/dicodusport\",\"https:\/\/www.instagram.com\/dicodusport\/\",\"https:\/\/www.youtube.com\/channel\/UC7V2KZ5sd3htJivAbA4ZG3w\"],\"description\":\"Dicodusport est l'encyclop\u00e9die de l'actualit\u00e9 sportive.\",\"email\":\"bonjour@dicodusport.fr\",\"legalName\":\"DICODUSPORT\",\"foundingDate\":\"2018-01-14\",\"vatID\":\"FR71834470973\",\"taxID\":\"83447097300043\",\"numberOfEmployees\":{\"@type\":\"QuantitativeValue\",\"minValue\":\"1\",\"maxValue\":\"10\"}},{\"@type\":\"Person\",\"@id\":\"https:\/\/dicodusport.fr\/blog\/#\/schema\/person\/d603dd7da31fb2b46c82b9835a77ec13\",\"name\":\"Etienne Goursaud\",\"image\":{\"@type\":\"ImageObject\",\"inLanguage\":\"fr-FR\",\"@id\":\"https:\/\/dicodusport.fr\/blog\/#\/schema\/person\/image\/\",\"url\":\"https:\/\/dicodusport.fr\/blog\/wp-content\/uploads\/2023\/12\/410122264_10231602061736049_5565839791558026645_n-150x150.jpg\",\"contentUrl\":\"https:\/\/dicodusport.fr\/blog\/wp-content\/uploads\/2023\/12\/410122264_10231602061736049_5565839791558026645_n-150x150.jpg\",\"caption\":\"Etienne Goursaud\"},\"description\":\"Journaliste et amoureux de sport. Ancien footballeur reconverti athl\u00e8te quand ses muscles le laissent tranquille. \u00c9lev\u00e9 \u00e0 la sauce des exploits de Thomas Voeckler en 2004, du dernier essai de l\u00e9gende de Eunice Barber \u00e0 la longueur lors des championnats du monde d'athl\u00e9tisme de 2003 mais aussi Zidane, Omeyer et Titou Lamaison.\",\"url\":\"https:\/\/dicodusport.fr\/blog\/author\/etienne-goursaud\/\"}]}<\/script>\n<!-- \/ Yoast SEO Premium plugin. -->","yoast_head_json":{"title":"Athl\u00e9tisme Mondiaux en salle : Le bilan de l'\u00e9quipe de France","description":"CHAMPIONNATS DU MONDE EN SALLE D'ATHL\u00c9TISME - On fait le bilan de l'\u00e9quipe de France apr\u00e8s la comp\u00e9tition. Avec deux m\u00e9dailles pour les Bleus.","robots":{"index":"index","follow":"follow","max-snippet":"max-snippet:-1","max-image-preview":"max-image-preview:large","max-video-preview":"max-video-preview:-1"},"canonical":"https:\/\/dicodusport.fr\/blog\/athletisme-mondiaux-en-salle-le-bilan-de-lequipe-de-france\/","og_locale":"fr_FR","og_type":"article","og_title":"Athl\u00e9tisme Mondiaux en salle : Le bilan de l'\u00e9quipe de France","og_description":"CHAMPIONNATS DU MONDE EN SALLE D'ATHL\u00c9TISME - On fait le bilan de l'\u00e9quipe de France apr\u00e8s la comp\u00e9tition. Avec deux m\u00e9dailles pour les Bleus.","og_url":"https:\/\/dicodusport.fr\/blog\/athletisme-mondiaux-en-salle-le-bilan-de-lequipe-de-france\/","og_site_name":"Dicodusport","article_publisher":"https:\/\/www.facebook.com\/dicodusport","article_published_time":"2024-03-04T17:01:44+00:00","article_modified_time":"2024-03-09T17:54:41+00:00","og_image":[{"width":1200,"height":674,"url":"https:\/\/dicodusport.fr\/blog\/wp-content\/uploads\/2024\/03\/Athletisme-Mondiaux-en-salle-Le-bilan-de-lequipe-de-France.png","type":"image\/png"}],"author":"Etienne Goursaud","twitter_card":"summary_large_image","twitter_title":"Athl\u00e9tisme Mondiaux en salle : Le bilan de l'\u00e9quipe de France","twitter_creator":"@dicodusport","twitter_site":"@dicodusport","schema":{"@context":"https:\/\/schema.org","@graph":[{"@type":"NewsArticle","@id":"https:\/\/dicodusport.fr\/blog\/athletisme-mondiaux-en-salle-le-bilan-de-lequipe-de-france\/#article","isPartOf":{"@id":"https:\/\/dicodusport.fr\/blog\/athletisme-mondiaux-en-salle-le-bilan-de-lequipe-de-france\/"},"author":{"name":"Etienne Goursaud","@id":"https:\/\/dicodusport.fr\/blog\/#\/schema\/person\/d603dd7da31fb2b46c82b9835a77ec13"},"headline":"Athl\u00e9tisme Mondiaux en salle : Le bilan de l&rsquo;\u00e9quipe de France","datePublished":"2024-03-04T17:01:44+00:00","dateModified":"2024-03-09T17:54:41+00:00","mainEntityOfPage":{"@id":"https:\/\/dicodusport.fr\/blog\/athletisme-mondiaux-en-salle-le-bilan-de-lequipe-de-france\/"},"wordCount":1062,"commentCount":0,"publisher":{"@id":"https:\/\/dicodusport.fr\/blog\/#organization"},"image":{"@id":"https:\/\/dicodusport.fr\/blog\/athletisme-mondiaux-en-salle-le-bilan-de-lequipe-de-france\/#primaryimage"},"thumbnailUrl":"https:\/\/dicodusport.fr\/blog\/wp-content\/uploads\/2024\/03\/Athletisme-Mondiaux-en-salle-Le-bilan-de-lequipe-de-France.png","keywords":["br\u00e8ve","Cyr\u00e9na Samba-Mayela","Just Kwaou-Mathey","sport"],"articleSection":["Athl\u00e9tisme"],"inLanguage":"fr-FR","potentialAction":[{"@type":"CommentAction","name":"Comment","target":["https:\/\/dicodusport.fr\/blog\/athletisme-mondiaux-en-salle-le-bilan-de-lequipe-de-france\/#respond"]}],"copyrightYear":"2024","copyrightHolder":{"@id":"https:\/\/dicodusport.fr\/blog\/#organization"}},{"@type":"WebPage","@id":"https:\/\/dicodusport.fr\/blog\/athletisme-mondiaux-en-salle-le-bilan-de-lequipe-de-france\/","url":"https:\/\/dicodusport.fr\/blog\/athletisme-mondiaux-en-salle-le-bilan-de-lequipe-de-france\/","name":"Athl\u00e9tisme Mondiaux en salle : Le bilan de l'\u00e9quipe de France","isPartOf":{"@id":"https:\/\/dicodusport.fr\/blog\/#website"},"primaryImageOfPage":{"@id":"https:\/\/dicodusport.fr\/blog\/athletisme-mondiaux-en-salle-le-bilan-de-lequipe-de-france\/#primaryimage"},"image":{"@id":"https:\/\/dicodusport.fr\/blog\/athletisme-mondiaux-en-salle-le-bilan-de-lequipe-de-france\/#primaryimage"},"thumbnailUrl":"https:\/\/dicodusport.fr\/blog\/wp-content\/uploads\/2024\/03\/Athletisme-Mondiaux-en-salle-Le-bilan-de-lequipe-de-France.png","datePublished":"2024-03-04T17:01:44+00:00","dateModified":"2024-03-09T17:54:41+00:00","description":"CHAMPIONNATS DU MONDE EN SALLE D'ATHL\u00c9TISME - On fait le bilan de l'\u00e9quipe de France apr\u00e8s la comp\u00e9tition. Avec deux m\u00e9dailles pour les Bleus.","breadcrumb":{"@id":"https:\/\/dicodusport.fr\/blog\/athletisme-mondiaux-en-salle-le-bilan-de-lequipe-de-france\/#breadcrumb"},"inLanguage":"fr-FR","potentialAction":[{"@type":"ReadAction","target":["https:\/\/dicodusport.fr\/blog\/athletisme-mondiaux-en-salle-le-bilan-de-lequipe-de-france\/"]}]},{"@type":"ImageObject","inLanguage":"fr-FR","@id":"https:\/\/dicodusport.fr\/blog\/athletisme-mondiaux-en-salle-le-bilan-de-lequipe-de-france\/#primaryimage","url":"https:\/\/dicodusport.fr\/blog\/wp-content\/uploads\/2024\/03\/Athletisme-Mondiaux-en-salle-Le-bilan-de-lequipe-de-France.png","contentUrl":"https:\/\/dicodusport.fr\/blog\/wp-content\/uploads\/2024\/03\/Athletisme-Mondiaux-en-salle-Le-bilan-de-lequipe-de-France.png","width":1200,"height":674,"caption":"Athl\u00e9tisme Mondiaux en salle : Le bilan de l'\u00e9quipe de France"},{"@type":"BreadcrumbList","@id":"https:\/\/dicodusport.fr\/blog\/athletisme-mondiaux-en-salle-le-bilan-de-lequipe-de-france\/#breadcrumb","itemListElement":[{"@type":"ListItem","position":1,"name":"Accueil","item":"https:\/\/dicodusport.fr\/blog\/"},{"@type":"ListItem","position":2,"name":"Athl\u00e9tisme Mondiaux en salle : Le bilan de l&rsquo;\u00e9quipe de France"}]},{"@type":"WebSite","@id":"https:\/\/dicodusport.fr\/blog\/#website","url":"https:\/\/dicodusport.fr\/blog\/","name":"Dicodusport","description":"L&#039;encyclop\u00e9die de l&#039;actualit\u00e9 sportive","publisher":{"@id":"https:\/\/dicodusport.fr\/blog\/#organization"},"potentialAction":[{"@type":"SearchAction","target":{"@type":"EntryPoint","urlTemplate":"https:\/\/dicodusport.fr\/blog\/?s={search_term_string}"},"query-input":{"@type":"PropertyValueSpecification","valueRequired":true,"valueName":"search_term_string"}}],"inLanguage":"fr-FR"},{"@type":"NewsMediaOrganization","@id":"https:\/\/dicodusport.fr\/blog\/#organization","name":"Dicodusport","url":"https:\/\/dicodusport.fr\/blog\/","logo":{"@type":"ImageObject","inLanguage":"fr-FR","@id":"https:\/\/dicodusport.fr\/blog\/#\/schema\/logo\/image\/","url":"https:\/\/dicodusport.fr\/blog\/wp-content\/uploads\/2020\/06\/cropped-LOGO-DICODUSPORT-2020-SANS-FOND-SANS-TEXTE.png","contentUrl":"https:\/\/dicodusport.fr\/blog\/wp-content\/uploads\/2020\/06\/cropped-LOGO-DICODUSPORT-2020-SANS-FOND-SANS-TEXTE.png","width":512,"height":512,"caption":"Dicodusport"},"image":{"@id":"https:\/\/dicodusport.fr\/blog\/#\/schema\/logo\/image\/"},"sameAs":["https:\/\/www.facebook.com\/dicodusport","https:\/\/x.com\/dicodusport","https:\/\/www.instagram.com\/dicodusport\/","https:\/\/www.youtube.com\/channel\/UC7V2KZ5sd3htJivAbA4ZG3w"],"description":"Dicodusport est l'encyclop\u00e9die de l'actualit\u00e9 sportive.","email":"bonjour@dicodusport.fr","legalName":"DICODUSPORT","foundingDate":"2018-01-14","vatID":"FR71834470973","taxID":"83447097300043","numberOfEmployees":{"@type":"QuantitativeValue","minValue":"1","maxValue":"10"}},{"@type":"Person","@id":"https:\/\/dicodusport.fr\/blog\/#\/schema\/person\/d603dd7da31fb2b46c82b9835a77ec13","name":"Etienne Goursaud","image":{"@type":"ImageObject","inLanguage":"fr-FR","@id":"https:\/\/dicodusport.fr\/blog\/#\/schema\/person\/image\/","url":"https:\/\/dicodusport.fr\/blog\/wp-content\/uploads\/2023\/12\/410122264_10231602061736049_5565839791558026645_n-150x150.jpg","contentUrl":"https:\/\/dicodusport.fr\/blog\/wp-content\/uploads\/2023\/12\/410122264_10231602061736049_5565839791558026645_n-150x150.jpg","caption":"Etienne Goursaud"},"description":"Journaliste et amoureux de sport. Ancien footballeur reconverti athl\u00e8te quand ses muscles le laissent tranquille. \u00c9lev\u00e9 \u00e0 la sauce des exploits de Thomas Voeckler en 2004, du dernier essai de l\u00e9gende de Eunice Barber \u00e0 la longueur lors des championnats du monde d'athl\u00e9tisme de 2003 mais aussi Zidane, Omeyer et Titou Lamaison.","url":"https:\/\/dicodusport.fr\/blog\/author\/etienne-goursaud\/"}]}},"_links":{"self":[{"href":"https:\/\/dicodusport.fr\/blog\/wp-json\/wp\/v2\/posts\/469255","targetHints":{"allow":["GET"]}}],"collection":[{"href":"https:\/\/dicodusport.fr\/blog\/wp-json\/wp\/v2\/posts"}],"about":[{"href":"https:\/\/dicodusport.fr\/blog\/wp-json\/wp\/v2\/types\/post"}],"author":[{"embeddable":true,"href":"https:\/\/dicodusport.fr\/blog\/wp-json\/wp\/v2\/users\/83"}],"replies":[{"embeddable":true,"href":"https:\/\/dicodusport.fr\/blog\/wp-json\/wp\/v2\/comments?post=469255"}],"version-history":[{"count":4,"href":"https:\/\/dicodusport.fr\/blog\/wp-json\/wp\/v2\/posts\/469255\/revisions"}],"predecessor-version":[{"id":470785,"href":"https:\/\/dicodusport.fr\/blog\/wp-json\/wp\/v2\/posts\/469255\/revisions\/470785"}],"wp:featuredmedia":[{"embeddable":true,"href":"https:\/\/dicodusport.fr\/blog\/wp-json\/wp\/v2\/media\/469340"}],"wp:attachment":[{"href":"https:\/\/dicodusport.fr\/blog\/wp-json\/wp\/v2\/media?parent=469255"}],"wp:term":[{"taxonomy":"category","embeddable":true,"href":"https:\/\/dicodusport.fr\/blog\/wp-json\/wp\/v2\/categories?post=469255"},{"taxonomy":"post_tag","embeddable":true,"href":"https:\/\/dicodusport.fr\/blog\/wp-json\/wp\/v2\/tags?post=469255"}],"curies":[{"name":"wp","href":"https:\/\/api.w.org\/{rel}","templated":true}]}}