{"id":469561,"date":"2024-03-05T18:04:38","date_gmt":"2024-03-05T17:04:38","guid":{"rendered":"https:\/\/dicodusport.fr\/blog\/?p=469561&#038;preview=true&#038;preview_id=469561"},"modified":"2025-07-09T18:15:34","modified_gmt":"2025-07-09T16:15:34","slug":"biathlon-sophie-chauveau-privee-administrativement-de-la-manche-de-soldier-hollow","status":"publish","type":"post","link":"https:\/\/dicodusport.fr\/blog\/biathlon-sophie-chauveau-privee-administrativement-de-la-manche-de-soldier-hollow\/","title":{"rendered":"Biathlon : Sophie Chauveau priv\u00e9e administrativement de la manche de Soldier Hollow"},"content":{"rendered":"<p style=\"text-align: justify;\"><strong><em>COUPE DU MONDE DE BIATHLON 2023\/2024 &#8211; Mauvaise surprise pour Sophie Chauveau, qui doit renoncer au weekend am\u00e9ricain pour cause de probl\u00e8me administratif.<\/em><\/strong><\/p>\n<p style=\"text-align: justify;\">Celle-l\u00e0, on ne s&rsquo;y attendait pas. Alors que <strong>Sophie Chauveau<\/strong> \u00e9tait logiquement retenue dans le groupe qui disputera l&rsquo;avant-derni\u00e8re manche de la Coupe du monde de biathlon de vendredi \u00e0 dimanche \u00e0 Soldier Hollow, la Tricolore va devoir rester sur la touche. Motif : son autorisation \u00e9lectronique de voyage (ESTA), n\u00e9cessaire pour rentrer aux \u00c9tats-Unis, a \u00e9t\u00e9 invalid\u00e9e.<\/p>\n<blockquote class=\"twitter-tweet\">\n<p dir=\"ltr\" lang=\"fr\">Sophie Chauveau ne participera pas \u00e0 l\u2019\u00e9tape de Coupe du monde am\u00e9ricaine de Soldier Hollow \ud83c\uddfa\ud83c\uddf8 suite \u00e0 un probl\u00e8me de formalit\u00e9s administratives (ESTA invalid\u00e9).<\/p>\n<p>Elle sera, en revanche, pr\u00e9sente pour les finales \u00e0 Canmore \ud83c\udde8\ud83c\udde6. <a href=\"https:\/\/t.co\/IwsyBpRFMz\">https:\/\/t.co\/IwsyBpRFMz<\/a><\/p>\n<p>\u2014 FFS &#8211; F\u00e9d\u00e9ration Fran\u00e7aise de Ski (@FedFranceSki) <a href=\"https:\/\/twitter.com\/FedFranceSki\/status\/1765053033086427360?ref_src=twsrc%5Etfw\">March 5, 2024<\/a><\/p><\/blockquote>\n<p style=\"text-align: justify;\"><script async src=\"https:\/\/platform.twitter.com\/widgets.js\" charset=\"utf-8\"><\/script><\/p>\n<p style=\"text-align: justify;\">Un probl\u00e8me de formalit\u00e9 administrative donc, sans qu&rsquo;on connaisse la raison de cette annulation impromptue. Ainsi, elle ne pourra pas accompagner l&rsquo;\u00e9quipe de France dans l&rsquo;Utah, mais elle n&rsquo;aura malgr\u00e9 tout pas fait le voyage pour rien. La semaine prochaine, elle sera autoris\u00e9e \u00e0 participer aux finales de la Coupe du monde, qui auront lieu au Canada, \u00e0 Canmore. Mais tout de m\u00eame, cela fait franchement d\u00e9sordre, en plus de g\u00e2cher une belle chance de bons r\u00e9sultats ce weekend.<\/p>\n<ul>\n<li style=\"text-align: justify;\"><strong>\u00c0 ce sujet &#8211; <a href=\"https:\/\/dicodusport.fr\/blog\/biathlon-soldier-hollow-2024-la-selection-de-lequipe-de-france\/\">Biathlon Soldier Hollow 2024 : La s\u00e9lection de l&rsquo;\u00e9quipe de France<\/a><\/strong><\/li>\n<\/ul>\n","protected":false},"excerpt":{"rendered":"<p>COUPE DU MONDE DE BIATHLON 2023\/2024 &#8211; Mauvaise surprise pour Sophie Chauveau, qui doit renoncer au weekend am\u00e9ricain pour cause de probl\u00e8me administratif.<\/p>\n","protected":false},"author":59,"featured_media":469563,"comment_status":"open","ping_status":"closed","sticky":false,"template":"","format":"standard","meta":{"_acf_changed":false,"_daextam_enable_autolinks":"1","footnotes":""},"categories":[47040],"tags":[2427,16878,27943],"class_list":["post-469561","post","type-post","status-publish","format-standard","has-post-thumbnail","hentry","category-coupe-du-monde-de-biathlon","tag-biathlon","tag-breve","tag-sophie-chauveau"],"acf":[],"yoast_head":"<!-- This site is optimized with the Yoast SEO Premium plugin v26.7 (Yoast SEO v26.7) - https:\/\/yoast.com\/wordpress\/plugins\/seo\/ -->\n<title>Biathlon : Sophie Chauveau priv\u00e9e administrativement de la manche de Soldier Hollow<\/title>\n<meta name=\"description\" content=\"COUPE DU MONDE DE BIATHLON 2023\/2024 - Mauvaise surprise pour Sophie Chauveau, qui doit renoncer au weekend am\u00e9ricain pour cause de probl\u00e8me administratif.\" \/>\n<meta name=\"robots\" content=\"index, follow, max-snippet:-1, max-image-preview:large, max-video-preview:-1\" \/>\n<link rel=\"canonical\" href=\"https:\/\/dicodusport.fr\/blog\/biathlon-sophie-chauveau-privee-administrativement-de-la-manche-de-soldier-hollow\/\" \/>\n<meta property=\"og:locale\" content=\"fr_FR\" \/>\n<meta property=\"og:type\" content=\"article\" \/>\n<meta property=\"og:title\" content=\"Biathlon : Sophie Chauveau priv\u00e9e administrativement de la manche de Soldier Hollow\" \/>\n<meta property=\"og:description\" content=\"COUPE DU MONDE DE BIATHLON 2023\/2024 - Mauvaise surprise pour Sophie Chauveau, qui doit renoncer au weekend am\u00e9ricain pour cause de probl\u00e8me administratif.\" \/>\n<meta property=\"og:url\" content=\"https:\/\/dicodusport.fr\/blog\/biathlon-sophie-chauveau-privee-administrativement-de-la-manche-de-soldier-hollow\/\" \/>\n<meta property=\"og:site_name\" content=\"Dicodusport\" \/>\n<meta property=\"article:publisher\" content=\"https:\/\/www.facebook.com\/dicodusport\" \/>\n<meta property=\"article:author\" content=\"https:\/\/www.facebook.com\/sebastien.gente\/\" \/>\n<meta property=\"article:published_time\" content=\"2024-03-05T17:04:38+00:00\" \/>\n<meta property=\"article:modified_time\" content=\"2025-07-09T16:15:34+00:00\" \/>\n<meta property=\"og:image\" content=\"https:\/\/dicodusport.fr\/blog\/wp-content\/uploads\/2024\/03\/Biathlon-Sophie-Chauveau-privee-administrativement-de-la-manche-de-Soldier-Hollow.png\" \/>\n\t<meta property=\"og:image:width\" content=\"1200\" \/>\n\t<meta property=\"og:image:height\" content=\"674\" \/>\n\t<meta property=\"og:image:type\" content=\"image\/png\" \/>\n<meta name=\"author\" content=\"S\u00e9bastien Gente\" \/>\n<meta name=\"twitter:card\" content=\"summary_large_image\" \/>\n<meta name=\"twitter:title\" content=\"Biathlon : Sophie Chauveau priv\u00e9e administrativement de la manche de Soldier Hollow\" \/>\n<meta name=\"twitter:creator\" content=\"@https:\/\/twitter.com\/globulo24\" \/>\n<meta name=\"twitter:site\" content=\"@dicodusport\" \/>\n<script type=\"application\/ld+json\" class=\"yoast-schema-graph\">{\"@context\":\"https:\/\/schema.org\",\"@graph\":[{\"@type\":\"NewsArticle\",\"@id\":\"https:\/\/dicodusport.fr\/blog\/biathlon-sophie-chauveau-privee-administrativement-de-la-manche-de-soldier-hollow\/#article\",\"isPartOf\":{\"@id\":\"https:\/\/dicodusport.fr\/blog\/biathlon-sophie-chauveau-privee-administrativement-de-la-manche-de-soldier-hollow\/\"},\"author\":{\"name\":\"S\u00e9bastien Gente\",\"@id\":\"https:\/\/dicodusport.fr\/blog\/#\/schema\/person\/627966a6cde45dbd8c5e36ac85d783da\"},\"headline\":\"Biathlon : Sophie Chauveau priv\u00e9e administrativement de la manche de Soldier Hollow\",\"datePublished\":\"2024-03-05T17:04:38+00:00\",\"dateModified\":\"2025-07-09T16:15:34+00:00\",\"mainEntityOfPage\":{\"@id\":\"https:\/\/dicodusport.fr\/blog\/biathlon-sophie-chauveau-privee-administrativement-de-la-manche-de-soldier-hollow\/\"},\"wordCount\":248,\"commentCount\":0,\"publisher\":{\"@id\":\"https:\/\/dicodusport.fr\/blog\/#organization\"},\"image\":{\"@id\":\"https:\/\/dicodusport.fr\/blog\/biathlon-sophie-chauveau-privee-administrativement-de-la-manche-de-soldier-hollow\/#primaryimage\"},\"thumbnailUrl\":\"https:\/\/dicodusport.fr\/blog\/wp-content\/uploads\/2024\/03\/Biathlon-Sophie-Chauveau-privee-administrativement-de-la-manche-de-Soldier-Hollow.png\",\"keywords\":[\"Biathlon\",\"br\u00e8ve\",\"Sophie Chauveau\"],\"articleSection\":[\"Coupe du monde de biathlon\"],\"inLanguage\":\"fr-FR\",\"potentialAction\":[{\"@type\":\"CommentAction\",\"name\":\"Comment\",\"target\":[\"https:\/\/dicodusport.fr\/blog\/biathlon-sophie-chauveau-privee-administrativement-de-la-manche-de-soldier-hollow\/#respond\"]}],\"copyrightYear\":\"2024\",\"copyrightHolder\":{\"@id\":\"https:\/\/dicodusport.fr\/blog\/#organization\"}},{\"@type\":\"WebPage\",\"@id\":\"https:\/\/dicodusport.fr\/blog\/biathlon-sophie-chauveau-privee-administrativement-de-la-manche-de-soldier-hollow\/\",\"url\":\"https:\/\/dicodusport.fr\/blog\/biathlon-sophie-chauveau-privee-administrativement-de-la-manche-de-soldier-hollow\/\",\"name\":\"Biathlon : Sophie Chauveau priv\u00e9e administrativement de la manche de Soldier Hollow\",\"isPartOf\":{\"@id\":\"https:\/\/dicodusport.fr\/blog\/#website\"},\"primaryImageOfPage\":{\"@id\":\"https:\/\/dicodusport.fr\/blog\/biathlon-sophie-chauveau-privee-administrativement-de-la-manche-de-soldier-hollow\/#primaryimage\"},\"image\":{\"@id\":\"https:\/\/dicodusport.fr\/blog\/biathlon-sophie-chauveau-privee-administrativement-de-la-manche-de-soldier-hollow\/#primaryimage\"},\"thumbnailUrl\":\"https:\/\/dicodusport.fr\/blog\/wp-content\/uploads\/2024\/03\/Biathlon-Sophie-Chauveau-privee-administrativement-de-la-manche-de-Soldier-Hollow.png\",\"datePublished\":\"2024-03-05T17:04:38+00:00\",\"dateModified\":\"2025-07-09T16:15:34+00:00\",\"description\":\"COUPE DU MONDE DE BIATHLON 2023\/2024 - Mauvaise surprise pour Sophie Chauveau, qui doit renoncer au weekend am\u00e9ricain pour cause de probl\u00e8me administratif.\",\"breadcrumb\":{\"@id\":\"https:\/\/dicodusport.fr\/blog\/biathlon-sophie-chauveau-privee-administrativement-de-la-manche-de-soldier-hollow\/#breadcrumb\"},\"inLanguage\":\"fr-FR\",\"potentialAction\":[{\"@type\":\"ReadAction\",\"target\":[\"https:\/\/dicodusport.fr\/blog\/biathlon-sophie-chauveau-privee-administrativement-de-la-manche-de-soldier-hollow\/\"]}]},{\"@type\":\"ImageObject\",\"inLanguage\":\"fr-FR\",\"@id\":\"https:\/\/dicodusport.fr\/blog\/biathlon-sophie-chauveau-privee-administrativement-de-la-manche-de-soldier-hollow\/#primaryimage\",\"url\":\"https:\/\/dicodusport.fr\/blog\/wp-content\/uploads\/2024\/03\/Biathlon-Sophie-Chauveau-privee-administrativement-de-la-manche-de-Soldier-Hollow.png\",\"contentUrl\":\"https:\/\/dicodusport.fr\/blog\/wp-content\/uploads\/2024\/03\/Biathlon-Sophie-Chauveau-privee-administrativement-de-la-manche-de-Soldier-Hollow.png\",\"width\":1200,\"height\":674,\"caption\":\"Biathlon Sophie Chauveau priv\u00e9e administrativement de la manche de Soldier Hollow\"},{\"@type\":\"BreadcrumbList\",\"@id\":\"https:\/\/dicodusport.fr\/blog\/biathlon-sophie-chauveau-privee-administrativement-de-la-manche-de-soldier-hollow\/#breadcrumb\",\"itemListElement\":[{\"@type\":\"ListItem\",\"position\":1,\"name\":\"Accueil\",\"item\":\"https:\/\/dicodusport.fr\/blog\/\"},{\"@type\":\"ListItem\",\"position\":2,\"name\":\"Biathlon : Sophie Chauveau priv\u00e9e administrativement de la manche de Soldier Hollow\"}]},{\"@type\":\"WebSite\",\"@id\":\"https:\/\/dicodusport.fr\/blog\/#website\",\"url\":\"https:\/\/dicodusport.fr\/blog\/\",\"name\":\"Dicodusport\",\"description\":\"L&#039;encyclop\u00e9die de l&#039;actualit\u00e9 sportive\",\"publisher\":{\"@id\":\"https:\/\/dicodusport.fr\/blog\/#organization\"},\"potentialAction\":[{\"@type\":\"SearchAction\",\"target\":{\"@type\":\"EntryPoint\",\"urlTemplate\":\"https:\/\/dicodusport.fr\/blog\/?s={search_term_string}\"},\"query-input\":{\"@type\":\"PropertyValueSpecification\",\"valueRequired\":true,\"valueName\":\"search_term_string\"}}],\"inLanguage\":\"fr-FR\"},{\"@type\":\"NewsMediaOrganization\",\"@id\":\"https:\/\/dicodusport.fr\/blog\/#organization\",\"name\":\"Dicodusport\",\"url\":\"https:\/\/dicodusport.fr\/blog\/\",\"logo\":{\"@type\":\"ImageObject\",\"inLanguage\":\"fr-FR\",\"@id\":\"https:\/\/dicodusport.fr\/blog\/#\/schema\/logo\/image\/\",\"url\":\"https:\/\/dicodusport.fr\/blog\/wp-content\/uploads\/2020\/06\/cropped-LOGO-DICODUSPORT-2020-SANS-FOND-SANS-TEXTE.png\",\"contentUrl\":\"https:\/\/dicodusport.fr\/blog\/wp-content\/uploads\/2020\/06\/cropped-LOGO-DICODUSPORT-2020-SANS-FOND-SANS-TEXTE.png\",\"width\":512,\"height\":512,\"caption\":\"Dicodusport\"},\"image\":{\"@id\":\"https:\/\/dicodusport.fr\/blog\/#\/schema\/logo\/image\/\"},\"sameAs\":[\"https:\/\/www.facebook.com\/dicodusport\",\"https:\/\/x.com\/dicodusport\",\"https:\/\/www.instagram.com\/dicodusport\/\",\"https:\/\/www.youtube.com\/channel\/UC7V2KZ5sd3htJivAbA4ZG3w\"],\"description\":\"Dicodusport est l'encyclop\u00e9die de l'actualit\u00e9 sportive.\",\"email\":\"bonjour@dicodusport.fr\",\"legalName\":\"DICODUSPORT\",\"foundingDate\":\"2018-01-14\",\"vatID\":\"FR71834470973\",\"taxID\":\"83447097300043\",\"numberOfEmployees\":{\"@type\":\"QuantitativeValue\",\"minValue\":\"1\",\"maxValue\":\"10\"}},{\"@type\":\"Person\",\"@id\":\"https:\/\/dicodusport.fr\/blog\/#\/schema\/person\/627966a6cde45dbd8c5e36ac85d783da\",\"name\":\"S\u00e9bastien Gente\",\"image\":{\"@type\":\"ImageObject\",\"inLanguage\":\"fr-FR\",\"@id\":\"https:\/\/dicodusport.fr\/blog\/#\/schema\/person\/image\/\",\"url\":\"https:\/\/dicodusport.fr\/blog\/wp-content\/uploads\/2021\/09\/1510990_10205810251400683_4124423575079401707_n-150x150.jpg\",\"contentUrl\":\"https:\/\/dicodusport.fr\/blog\/wp-content\/uploads\/2021\/09\/1510990_10205810251400683_4124423575079401707_n-150x150.jpg\",\"caption\":\"S\u00e9bastien Gente\"},\"description\":\"John Stockton, Gianni Bugno, Zinedine Zidane, Steffi Graf, Frode Andresen, St\u00e9phane Stoecklin, Davis Kamoga, Primoz Peterka, Werner Schlager et Aur\u00e9lien Rougerie. Point commun entre ces sportifs? Ils m'ont fait r\u00eaver et ont berc\u00e9 mon adolescence. Je suis un fondu de sports et j'essaie de retranscrire ma passion \u00e0 travers mes articles. Originaire du P\u00e9rigord, ma passion pour les Girondins, les Jaunards et les Jazzmen transpire dans mes \u00e9crits. \u00c0 Dicodusport depuis 2021, je d\u00e9niche les sports m\u00e9connus dans lesquels la France brille, et il y en a !\",\"sameAs\":[\"https:\/\/www.facebook.com\/sebastien.gente\/\",\"https:\/\/www.instagram.com\/sebgente\/\",\"https:\/\/www.linkedin.com\/in\/sbastien-gente-a29583169\/\",\"https:\/\/x.com\/https:\/\/twitter.com\/globulo24\",\"SebastienGente\"],\"worksFor\":\"S\u00e9bastien GENTE\",\"url\":\"https:\/\/dicodusport.fr\/blog\/author\/sebastiengente\/\"}]}<\/script>\n<!-- \/ Yoast SEO Premium plugin. -->","yoast_head_json":{"title":"Biathlon : Sophie Chauveau priv\u00e9e administrativement de la manche de Soldier Hollow","description":"COUPE DU MONDE DE BIATHLON 2023\/2024 - Mauvaise surprise pour Sophie Chauveau, qui doit renoncer au weekend am\u00e9ricain pour cause de probl\u00e8me administratif.","robots":{"index":"index","follow":"follow","max-snippet":"max-snippet:-1","max-image-preview":"max-image-preview:large","max-video-preview":"max-video-preview:-1"},"canonical":"https:\/\/dicodusport.fr\/blog\/biathlon-sophie-chauveau-privee-administrativement-de-la-manche-de-soldier-hollow\/","og_locale":"fr_FR","og_type":"article","og_title":"Biathlon : Sophie Chauveau priv\u00e9e administrativement de la manche de Soldier Hollow","og_description":"COUPE DU MONDE DE BIATHLON 2023\/2024 - Mauvaise surprise pour Sophie Chauveau, qui doit renoncer au weekend am\u00e9ricain pour cause de probl\u00e8me administratif.","og_url":"https:\/\/dicodusport.fr\/blog\/biathlon-sophie-chauveau-privee-administrativement-de-la-manche-de-soldier-hollow\/","og_site_name":"Dicodusport","article_publisher":"https:\/\/www.facebook.com\/dicodusport","article_author":"https:\/\/www.facebook.com\/sebastien.gente\/","article_published_time":"2024-03-05T17:04:38+00:00","article_modified_time":"2025-07-09T16:15:34+00:00","og_image":[{"width":1200,"height":674,"url":"https:\/\/dicodusport.fr\/blog\/wp-content\/uploads\/2024\/03\/Biathlon-Sophie-Chauveau-privee-administrativement-de-la-manche-de-Soldier-Hollow.png","type":"image\/png"}],"author":"S\u00e9bastien Gente","twitter_card":"summary_large_image","twitter_title":"Biathlon : Sophie Chauveau priv\u00e9e administrativement de la manche de Soldier Hollow","twitter_creator":"@https:\/\/twitter.com\/globulo24","twitter_site":"@dicodusport","schema":{"@context":"https:\/\/schema.org","@graph":[{"@type":"NewsArticle","@id":"https:\/\/dicodusport.fr\/blog\/biathlon-sophie-chauveau-privee-administrativement-de-la-manche-de-soldier-hollow\/#article","isPartOf":{"@id":"https:\/\/dicodusport.fr\/blog\/biathlon-sophie-chauveau-privee-administrativement-de-la-manche-de-soldier-hollow\/"},"author":{"name":"S\u00e9bastien Gente","@id":"https:\/\/dicodusport.fr\/blog\/#\/schema\/person\/627966a6cde45dbd8c5e36ac85d783da"},"headline":"Biathlon : Sophie Chauveau priv\u00e9e administrativement de la manche de Soldier Hollow","datePublished":"2024-03-05T17:04:38+00:00","dateModified":"2025-07-09T16:15:34+00:00","mainEntityOfPage":{"@id":"https:\/\/dicodusport.fr\/blog\/biathlon-sophie-chauveau-privee-administrativement-de-la-manche-de-soldier-hollow\/"},"wordCount":248,"commentCount":0,"publisher":{"@id":"https:\/\/dicodusport.fr\/blog\/#organization"},"image":{"@id":"https:\/\/dicodusport.fr\/blog\/biathlon-sophie-chauveau-privee-administrativement-de-la-manche-de-soldier-hollow\/#primaryimage"},"thumbnailUrl":"https:\/\/dicodusport.fr\/blog\/wp-content\/uploads\/2024\/03\/Biathlon-Sophie-Chauveau-privee-administrativement-de-la-manche-de-Soldier-Hollow.png","keywords":["Biathlon","br\u00e8ve","Sophie Chauveau"],"articleSection":["Coupe du monde de biathlon"],"inLanguage":"fr-FR","potentialAction":[{"@type":"CommentAction","name":"Comment","target":["https:\/\/dicodusport.fr\/blog\/biathlon-sophie-chauveau-privee-administrativement-de-la-manche-de-soldier-hollow\/#respond"]}],"copyrightYear":"2024","copyrightHolder":{"@id":"https:\/\/dicodusport.fr\/blog\/#organization"}},{"@type":"WebPage","@id":"https:\/\/dicodusport.fr\/blog\/biathlon-sophie-chauveau-privee-administrativement-de-la-manche-de-soldier-hollow\/","url":"https:\/\/dicodusport.fr\/blog\/biathlon-sophie-chauveau-privee-administrativement-de-la-manche-de-soldier-hollow\/","name":"Biathlon : Sophie Chauveau priv\u00e9e administrativement de la manche de Soldier Hollow","isPartOf":{"@id":"https:\/\/dicodusport.fr\/blog\/#website"},"primaryImageOfPage":{"@id":"https:\/\/dicodusport.fr\/blog\/biathlon-sophie-chauveau-privee-administrativement-de-la-manche-de-soldier-hollow\/#primaryimage"},"image":{"@id":"https:\/\/dicodusport.fr\/blog\/biathlon-sophie-chauveau-privee-administrativement-de-la-manche-de-soldier-hollow\/#primaryimage"},"thumbnailUrl":"https:\/\/dicodusport.fr\/blog\/wp-content\/uploads\/2024\/03\/Biathlon-Sophie-Chauveau-privee-administrativement-de-la-manche-de-Soldier-Hollow.png","datePublished":"2024-03-05T17:04:38+00:00","dateModified":"2025-07-09T16:15:34+00:00","description":"COUPE DU MONDE DE BIATHLON 2023\/2024 - Mauvaise surprise pour Sophie Chauveau, qui doit renoncer au weekend am\u00e9ricain pour cause de probl\u00e8me administratif.","breadcrumb":{"@id":"https:\/\/dicodusport.fr\/blog\/biathlon-sophie-chauveau-privee-administrativement-de-la-manche-de-soldier-hollow\/#breadcrumb"},"inLanguage":"fr-FR","potentialAction":[{"@type":"ReadAction","target":["https:\/\/dicodusport.fr\/blog\/biathlon-sophie-chauveau-privee-administrativement-de-la-manche-de-soldier-hollow\/"]}]},{"@type":"ImageObject","inLanguage":"fr-FR","@id":"https:\/\/dicodusport.fr\/blog\/biathlon-sophie-chauveau-privee-administrativement-de-la-manche-de-soldier-hollow\/#primaryimage","url":"https:\/\/dicodusport.fr\/blog\/wp-content\/uploads\/2024\/03\/Biathlon-Sophie-Chauveau-privee-administrativement-de-la-manche-de-Soldier-Hollow.png","contentUrl":"https:\/\/dicodusport.fr\/blog\/wp-content\/uploads\/2024\/03\/Biathlon-Sophie-Chauveau-privee-administrativement-de-la-manche-de-Soldier-Hollow.png","width":1200,"height":674,"caption":"Biathlon Sophie Chauveau priv\u00e9e administrativement de la manche de Soldier Hollow"},{"@type":"BreadcrumbList","@id":"https:\/\/dicodusport.fr\/blog\/biathlon-sophie-chauveau-privee-administrativement-de-la-manche-de-soldier-hollow\/#breadcrumb","itemListElement":[{"@type":"ListItem","position":1,"name":"Accueil","item":"https:\/\/dicodusport.fr\/blog\/"},{"@type":"ListItem","position":2,"name":"Biathlon : Sophie Chauveau priv\u00e9e administrativement de la manche de Soldier Hollow"}]},{"@type":"WebSite","@id":"https:\/\/dicodusport.fr\/blog\/#website","url":"https:\/\/dicodusport.fr\/blog\/","name":"Dicodusport","description":"L&#039;encyclop\u00e9die de l&#039;actualit\u00e9 sportive","publisher":{"@id":"https:\/\/dicodusport.fr\/blog\/#organization"},"potentialAction":[{"@type":"SearchAction","target":{"@type":"EntryPoint","urlTemplate":"https:\/\/dicodusport.fr\/blog\/?s={search_term_string}"},"query-input":{"@type":"PropertyValueSpecification","valueRequired":true,"valueName":"search_term_string"}}],"inLanguage":"fr-FR"},{"@type":"NewsMediaOrganization","@id":"https:\/\/dicodusport.fr\/blog\/#organization","name":"Dicodusport","url":"https:\/\/dicodusport.fr\/blog\/","logo":{"@type":"ImageObject","inLanguage":"fr-FR","@id":"https:\/\/dicodusport.fr\/blog\/#\/schema\/logo\/image\/","url":"https:\/\/dicodusport.fr\/blog\/wp-content\/uploads\/2020\/06\/cropped-LOGO-DICODUSPORT-2020-SANS-FOND-SANS-TEXTE.png","contentUrl":"https:\/\/dicodusport.fr\/blog\/wp-content\/uploads\/2020\/06\/cropped-LOGO-DICODUSPORT-2020-SANS-FOND-SANS-TEXTE.png","width":512,"height":512,"caption":"Dicodusport"},"image":{"@id":"https:\/\/dicodusport.fr\/blog\/#\/schema\/logo\/image\/"},"sameAs":["https:\/\/www.facebook.com\/dicodusport","https:\/\/x.com\/dicodusport","https:\/\/www.instagram.com\/dicodusport\/","https:\/\/www.youtube.com\/channel\/UC7V2KZ5sd3htJivAbA4ZG3w"],"description":"Dicodusport est l'encyclop\u00e9die de l'actualit\u00e9 sportive.","email":"bonjour@dicodusport.fr","legalName":"DICODUSPORT","foundingDate":"2018-01-14","vatID":"FR71834470973","taxID":"83447097300043","numberOfEmployees":{"@type":"QuantitativeValue","minValue":"1","maxValue":"10"}},{"@type":"Person","@id":"https:\/\/dicodusport.fr\/blog\/#\/schema\/person\/627966a6cde45dbd8c5e36ac85d783da","name":"S\u00e9bastien Gente","image":{"@type":"ImageObject","inLanguage":"fr-FR","@id":"https:\/\/dicodusport.fr\/blog\/#\/schema\/person\/image\/","url":"https:\/\/dicodusport.fr\/blog\/wp-content\/uploads\/2021\/09\/1510990_10205810251400683_4124423575079401707_n-150x150.jpg","contentUrl":"https:\/\/dicodusport.fr\/blog\/wp-content\/uploads\/2021\/09\/1510990_10205810251400683_4124423575079401707_n-150x150.jpg","caption":"S\u00e9bastien Gente"},"description":"John Stockton, Gianni Bugno, Zinedine Zidane, Steffi Graf, Frode Andresen, St\u00e9phane Stoecklin, Davis Kamoga, Primoz Peterka, Werner Schlager et Aur\u00e9lien Rougerie. Point commun entre ces sportifs? Ils m'ont fait r\u00eaver et ont berc\u00e9 mon adolescence. Je suis un fondu de sports et j'essaie de retranscrire ma passion \u00e0 travers mes articles. Originaire du P\u00e9rigord, ma passion pour les Girondins, les Jaunards et les Jazzmen transpire dans mes \u00e9crits. \u00c0 Dicodusport depuis 2021, je d\u00e9niche les sports m\u00e9connus dans lesquels la France brille, et il y en a !","sameAs":["https:\/\/www.facebook.com\/sebastien.gente\/","https:\/\/www.instagram.com\/sebgente\/","https:\/\/www.linkedin.com\/in\/sbastien-gente-a29583169\/","https:\/\/x.com\/https:\/\/twitter.com\/globulo24","SebastienGente"],"worksFor":"S\u00e9bastien GENTE","url":"https:\/\/dicodusport.fr\/blog\/author\/sebastiengente\/"}]}},"_links":{"self":[{"href":"https:\/\/dicodusport.fr\/blog\/wp-json\/wp\/v2\/posts\/469561","targetHints":{"allow":["GET"]}}],"collection":[{"href":"https:\/\/dicodusport.fr\/blog\/wp-json\/wp\/v2\/posts"}],"about":[{"href":"https:\/\/dicodusport.fr\/blog\/wp-json\/wp\/v2\/types\/post"}],"author":[{"embeddable":true,"href":"https:\/\/dicodusport.fr\/blog\/wp-json\/wp\/v2\/users\/59"}],"replies":[{"embeddable":true,"href":"https:\/\/dicodusport.fr\/blog\/wp-json\/wp\/v2\/comments?post=469561"}],"version-history":[{"count":2,"href":"https:\/\/dicodusport.fr\/blog\/wp-json\/wp\/v2\/posts\/469561\/revisions"}],"predecessor-version":[{"id":469567,"href":"https:\/\/dicodusport.fr\/blog\/wp-json\/wp\/v2\/posts\/469561\/revisions\/469567"}],"wp:featuredmedia":[{"embeddable":true,"href":"https:\/\/dicodusport.fr\/blog\/wp-json\/wp\/v2\/media\/469563"}],"wp:attachment":[{"href":"https:\/\/dicodusport.fr\/blog\/wp-json\/wp\/v2\/media?parent=469561"}],"wp:term":[{"taxonomy":"category","embeddable":true,"href":"https:\/\/dicodusport.fr\/blog\/wp-json\/wp\/v2\/categories?post=469561"},{"taxonomy":"post_tag","embeddable":true,"href":"https:\/\/dicodusport.fr\/blog\/wp-json\/wp\/v2\/tags?post=469561"}],"curies":[{"name":"wp","href":"https:\/\/api.w.org\/{rel}","templated":true}]}}