{"id":469615,"date":"2024-03-06T09:30:16","date_gmt":"2024-03-06T08:30:16","guid":{"rendered":"https:\/\/dicodusport.fr\/blog\/?p=469615&#038;preview=true&#038;preview_id=469615"},"modified":"2024-03-06T11:22:11","modified_gmt":"2024-03-06T10:22:11","slug":"championnats-deurope-escrime-fauteuil-le-fleurettiste-maxime-valet-se-pare-de-bronze","status":"publish","type":"post","link":"https:\/\/dicodusport.fr\/blog\/championnats-deurope-escrime-fauteuil-le-fleurettiste-maxime-valet-se-pare-de-bronze\/","title":{"rendered":"Championnats d&rsquo;Europe Escrime fauteuil : Le fleurettiste Maxime Valet se pare de bronze"},"content":{"rendered":"<p style=\"text-align: justify;\"><em><b>CHAMPIONNATS D&rsquo;EUROPE ESCRIME FAUTEUIL 2024 \u2013 Ce mardi, Maxime Valet a d\u00e9croch\u00e9 la premi\u00e8re m\u00e9daille de l&rsquo;\u00c9quipe de France \u00e0 la Halle Georges Carpentier. Le Toulousain s&rsquo;est empar\u00e9 du bronze en fleuret cat\u00e9gorie B.<\/b><\/em><\/p>\n<p style=\"text-align: justify;\">Du 5 au 10 mars, la Halle Georges Carpentier de Paris accueille le gratin europ\u00e9en de l&rsquo;escrime fauteuil. Les <strong>championnats d&rsquo;Europe<\/strong> ont ainsi d\u00e9but\u00e9 ce mardi et se termineront dimanche, \u00e0 six mois des Jeux Paralympiques. \u00c0 domicile, l&rsquo;\u00c9quipe de France compte donc bien faire le plein de m\u00e9dailles.<\/p>\n<p style=\"text-align: justify;\">Lors de cette premi\u00e8re journ\u00e9e, ils \u00e9taient quatre \u00e0 \u00eatre en lice. Au final, c&rsquo;est l&rsquo;exp\u00e9riment\u00e9 <strong>Maxime Valet<\/strong> qui s&rsquo;en est le mieux sorti. Du haut de ses 36 ans et avec un palmar\u00e8s europ\u00e9en d\u00e9j\u00e0 bien rempli, le fleurettiste s&rsquo;est hiss\u00e9 jusque dans le dernier carr\u00e9 de la cat\u00e9gorie B pour d\u00e9crocher le bronze. En revanche, <strong>Ludovic Lemoine<\/strong> (6e), <strong>Brianna Vide<\/strong> (8e) et <strong>C\u00e9cile Demaude<\/strong> (9e) ont \u00e9t\u00e9 stopp\u00e9s pr\u00e9matur\u00e9ment.<\/p>\n<p style=\"text-align: justify;\">Ce mardi, les comp\u00e9titions par \u00e9quipe seront \u00e0 l&rsquo;honneur avec les tournois d&rsquo;\u00e9p\u00e9e f\u00e9minine et de sabre masculin. Dans les deux cas, les Tricolores seront des candidats s\u00e9rieux aux meilleures places sur le podium.<\/p>\n<blockquote class=\"twitter-tweet\">\n<p dir=\"ltr\" lang=\"fr\">\ud835\udde0\ud835\uddee\ud835\ude05\ud835\uddf6\ud835\uddfa\ud835\uddf2 \ud835\udde9\ud835\uddee\ud835\uddf9\ud835\uddf2\ud835\ude01 d\u00e9bloque le compteur des <a href=\"https:\/\/twitter.com\/hashtag\/BleusHandisport?src=hash&amp;ref_src=twsrc%5Etfw\">#BleusHandisport<\/a> ! \ud83c\uddeb\ud83c\uddf7<\/p>\n<p>La premi\u00e8re m\u00e9daille tricolore est venue du toulousain en \ud835\udc2c\ud835\udc1a\ud835\udc1b\ud835\udc2b\ud835\udc1e \ud835\udc1c\ud835\udc1a\ud835\udc2d\ud835\udc1e\u0301\ud835\udc20\ud835\udc28\ud835\udc2b\ud835\udc22\ud835\udc1e \ud835\udc01, il d\u00e9croche le bronze au terme d&rsquo;une demi-finale accroch\u00e9e \ud83e\udd49<\/p>\n<p>Bravo Maxime ! \ud83d\udc4f<a href=\"https:\/\/twitter.com\/hashtag\/EuroWF24?src=hash&amp;ref_src=twsrc%5Etfw\">#EuroWF24<\/a> <a href=\"https:\/\/t.co\/taxlZtEagt\">pic.twitter.com\/taxlZtEagt<\/a><\/p>\n<p>\u2014 FFHandisport (@FFHandisport) <a href=\"https:\/\/twitter.com\/FFHandisport\/status\/1765112170013175873?ref_src=twsrc%5Etfw\">March 5, 2024<\/a><\/p><\/blockquote>\n<p><script async src=\"https:\/\/platform.twitter.com\/widgets.js\" charset=\"utf-8\"><\/script><\/p>\n","protected":false},"excerpt":{"rendered":"<p>CHAMPIONNATS D&rsquo;EUROPE ESCRIME FAUTEUIL 2024 \u2013 Ce mardi, Maxime Valet a d\u00e9croch\u00e9 la premi\u00e8re m\u00e9daille de l&rsquo;\u00c9quipe de France \u00e0 la Halle Georges Carpentier. Le Toulousain s&rsquo;est empar\u00e9 du bronze en fleuret cat\u00e9gorie B.<\/p>\n","protected":false},"author":55,"featured_media":469618,"comment_status":"open","ping_status":"closed","sticky":false,"template":"","format":"standard","meta":{"_acf_changed":false,"_daextam_enable_autolinks":"1","footnotes":""},"categories":[9251,5753],"tags":[16878,38228,31073],"class_list":["post-469615","post","type-post","status-publish","format-standard","has-post-thumbnail","hentry","category-escrime","category-handisport","tag-breve","tag-championnats-deurope-escrime-fauteuil","tag-escrime-fauteuil"],"acf":[],"yoast_head":"<!-- This site is optimized with the Yoast SEO Premium plugin v26.7 (Yoast SEO v26.7) - https:\/\/yoast.com\/wordpress\/plugins\/seo\/ -->\n<title>Championnats d&#039;Europe Escrime fauteuil : Le fleurettiste Maxime Valet se pare de bronze<\/title>\n<meta name=\"description\" content=\"CHAMPIONNATS D&#039;EUROPE ESCRIME FAUTEUIL 2024 \u2013 Maxime Valet a d\u00e9croch\u00e9 le bronze en fleuret Cat\u00e9gorie B \u00e0 Paris.\" \/>\n<meta name=\"robots\" content=\"index, follow, max-snippet:-1, max-image-preview:large, max-video-preview:-1\" \/>\n<link rel=\"canonical\" href=\"https:\/\/dicodusport.fr\/blog\/championnats-deurope-escrime-fauteuil-le-fleurettiste-maxime-valet-se-pare-de-bronze\/\" \/>\n<meta property=\"og:locale\" content=\"fr_FR\" \/>\n<meta property=\"og:type\" content=\"article\" \/>\n<meta property=\"og:title\" content=\"Championnats d&#039;Europe Escrime fauteuil : Le fleurettiste Maxime Valet se pare de bronze\" \/>\n<meta property=\"og:description\" content=\"CHAMPIONNATS D&#039;EUROPE ESCRIME FAUTEUIL 2024 \u2013 Maxime Valet a d\u00e9croch\u00e9 le bronze en fleuret Cat\u00e9gorie B \u00e0 Paris.\" \/>\n<meta property=\"og:url\" content=\"https:\/\/dicodusport.fr\/blog\/championnats-deurope-escrime-fauteuil-le-fleurettiste-maxime-valet-se-pare-de-bronze\/\" \/>\n<meta property=\"og:site_name\" content=\"Dicodusport\" \/>\n<meta property=\"article:publisher\" content=\"https:\/\/www.facebook.com\/dicodusport\" \/>\n<meta property=\"article:published_time\" content=\"2024-03-06T08:30:16+00:00\" \/>\n<meta property=\"article:modified_time\" content=\"2024-03-06T10:22:11+00:00\" \/>\n<meta property=\"og:image\" content=\"https:\/\/dicodusport.fr\/blog\/wp-content\/uploads\/2024\/03\/Championnats-dEurope-Escrime-fauteuil-Le-fleurettiste-Maxime-Valet-se-pare-de-bronze.png\" \/>\n\t<meta property=\"og:image:width\" content=\"1200\" \/>\n\t<meta property=\"og:image:height\" content=\"674\" \/>\n\t<meta property=\"og:image:type\" content=\"image\/png\" \/>\n<meta name=\"author\" content=\"Maxime Cazenave\" \/>\n<meta name=\"twitter:card\" content=\"summary_large_image\" \/>\n<meta name=\"twitter:title\" content=\"Championnats d&#039;Europe Escrime fauteuil : Le fleurettiste Maxime Valet se pare de bronze\" \/>\n<meta name=\"twitter:creator\" content=\"@https:\/\/twitter.com\/Maxime_Caze\" \/>\n<meta name=\"twitter:site\" content=\"@dicodusport\" \/>\n<script type=\"application\/ld+json\" class=\"yoast-schema-graph\">{\"@context\":\"https:\/\/schema.org\",\"@graph\":[{\"@type\":\"NewsArticle\",\"@id\":\"https:\/\/dicodusport.fr\/blog\/championnats-deurope-escrime-fauteuil-le-fleurettiste-maxime-valet-se-pare-de-bronze\/#article\",\"isPartOf\":{\"@id\":\"https:\/\/dicodusport.fr\/blog\/championnats-deurope-escrime-fauteuil-le-fleurettiste-maxime-valet-se-pare-de-bronze\/\"},\"author\":{\"name\":\"Maxime Cazenave\",\"@id\":\"https:\/\/dicodusport.fr\/blog\/#\/schema\/person\/37def232098a7a5cbab3974a3690abb0\"},\"headline\":\"Championnats d&rsquo;Europe Escrime fauteuil : Le fleurettiste Maxime Valet se pare de bronze\",\"datePublished\":\"2024-03-06T08:30:16+00:00\",\"dateModified\":\"2024-03-06T10:22:11+00:00\",\"mainEntityOfPage\":{\"@id\":\"https:\/\/dicodusport.fr\/blog\/championnats-deurope-escrime-fauteuil-le-fleurettiste-maxime-valet-se-pare-de-bronze\/\"},\"wordCount\":265,\"commentCount\":0,\"publisher\":{\"@id\":\"https:\/\/dicodusport.fr\/blog\/#organization\"},\"image\":{\"@id\":\"https:\/\/dicodusport.fr\/blog\/championnats-deurope-escrime-fauteuil-le-fleurettiste-maxime-valet-se-pare-de-bronze\/#primaryimage\"},\"thumbnailUrl\":\"https:\/\/dicodusport.fr\/blog\/wp-content\/uploads\/2024\/03\/Championnats-dEurope-Escrime-fauteuil-Le-fleurettiste-Maxime-Valet-se-pare-de-bronze.png\",\"keywords\":[\"br\u00e8ve\",\"Championnats d'Europe escrime fauteuil\",\"escrime fauteuil\"],\"articleSection\":[\"Escrime\",\"Handisport\"],\"inLanguage\":\"fr-FR\",\"potentialAction\":[{\"@type\":\"CommentAction\",\"name\":\"Comment\",\"target\":[\"https:\/\/dicodusport.fr\/blog\/championnats-deurope-escrime-fauteuil-le-fleurettiste-maxime-valet-se-pare-de-bronze\/#respond\"]}],\"copyrightYear\":\"2024\",\"copyrightHolder\":{\"@id\":\"https:\/\/dicodusport.fr\/blog\/#organization\"}},{\"@type\":\"WebPage\",\"@id\":\"https:\/\/dicodusport.fr\/blog\/championnats-deurope-escrime-fauteuil-le-fleurettiste-maxime-valet-se-pare-de-bronze\/\",\"url\":\"https:\/\/dicodusport.fr\/blog\/championnats-deurope-escrime-fauteuil-le-fleurettiste-maxime-valet-se-pare-de-bronze\/\",\"name\":\"Championnats d'Europe Escrime fauteuil : Le fleurettiste Maxime Valet se pare de bronze\",\"isPartOf\":{\"@id\":\"https:\/\/dicodusport.fr\/blog\/#website\"},\"primaryImageOfPage\":{\"@id\":\"https:\/\/dicodusport.fr\/blog\/championnats-deurope-escrime-fauteuil-le-fleurettiste-maxime-valet-se-pare-de-bronze\/#primaryimage\"},\"image\":{\"@id\":\"https:\/\/dicodusport.fr\/blog\/championnats-deurope-escrime-fauteuil-le-fleurettiste-maxime-valet-se-pare-de-bronze\/#primaryimage\"},\"thumbnailUrl\":\"https:\/\/dicodusport.fr\/blog\/wp-content\/uploads\/2024\/03\/Championnats-dEurope-Escrime-fauteuil-Le-fleurettiste-Maxime-Valet-se-pare-de-bronze.png\",\"datePublished\":\"2024-03-06T08:30:16+00:00\",\"dateModified\":\"2024-03-06T10:22:11+00:00\",\"description\":\"CHAMPIONNATS D'EUROPE ESCRIME FAUTEUIL 2024 \u2013 Maxime Valet a d\u00e9croch\u00e9 le bronze en fleuret Cat\u00e9gorie B \u00e0 Paris.\",\"breadcrumb\":{\"@id\":\"https:\/\/dicodusport.fr\/blog\/championnats-deurope-escrime-fauteuil-le-fleurettiste-maxime-valet-se-pare-de-bronze\/#breadcrumb\"},\"inLanguage\":\"fr-FR\",\"potentialAction\":[{\"@type\":\"ReadAction\",\"target\":[\"https:\/\/dicodusport.fr\/blog\/championnats-deurope-escrime-fauteuil-le-fleurettiste-maxime-valet-se-pare-de-bronze\/\"]}]},{\"@type\":\"ImageObject\",\"inLanguage\":\"fr-FR\",\"@id\":\"https:\/\/dicodusport.fr\/blog\/championnats-deurope-escrime-fauteuil-le-fleurettiste-maxime-valet-se-pare-de-bronze\/#primaryimage\",\"url\":\"https:\/\/dicodusport.fr\/blog\/wp-content\/uploads\/2024\/03\/Championnats-dEurope-Escrime-fauteuil-Le-fleurettiste-Maxime-Valet-se-pare-de-bronze.png\",\"contentUrl\":\"https:\/\/dicodusport.fr\/blog\/wp-content\/uploads\/2024\/03\/Championnats-dEurope-Escrime-fauteuil-Le-fleurettiste-Maxime-Valet-se-pare-de-bronze.png\",\"width\":1200,\"height\":674,\"caption\":\"Championnats d'Europe Escrime fauteuil : Le fleurettiste Maxime Valet se pare de bronze\"},{\"@type\":\"BreadcrumbList\",\"@id\":\"https:\/\/dicodusport.fr\/blog\/championnats-deurope-escrime-fauteuil-le-fleurettiste-maxime-valet-se-pare-de-bronze\/#breadcrumb\",\"itemListElement\":[{\"@type\":\"ListItem\",\"position\":1,\"name\":\"Accueil\",\"item\":\"https:\/\/dicodusport.fr\/blog\/\"},{\"@type\":\"ListItem\",\"position\":2,\"name\":\"Championnats d&rsquo;Europe Escrime fauteuil : Le fleurettiste Maxime Valet se pare de bronze\"}]},{\"@type\":\"WebSite\",\"@id\":\"https:\/\/dicodusport.fr\/blog\/#website\",\"url\":\"https:\/\/dicodusport.fr\/blog\/\",\"name\":\"Dicodusport\",\"description\":\"L&#039;encyclop\u00e9die de l&#039;actualit\u00e9 sportive\",\"publisher\":{\"@id\":\"https:\/\/dicodusport.fr\/blog\/#organization\"},\"potentialAction\":[{\"@type\":\"SearchAction\",\"target\":{\"@type\":\"EntryPoint\",\"urlTemplate\":\"https:\/\/dicodusport.fr\/blog\/?s={search_term_string}\"},\"query-input\":{\"@type\":\"PropertyValueSpecification\",\"valueRequired\":true,\"valueName\":\"search_term_string\"}}],\"inLanguage\":\"fr-FR\"},{\"@type\":\"NewsMediaOrganization\",\"@id\":\"https:\/\/dicodusport.fr\/blog\/#organization\",\"name\":\"Dicodusport\",\"url\":\"https:\/\/dicodusport.fr\/blog\/\",\"logo\":{\"@type\":\"ImageObject\",\"inLanguage\":\"fr-FR\",\"@id\":\"https:\/\/dicodusport.fr\/blog\/#\/schema\/logo\/image\/\",\"url\":\"https:\/\/dicodusport.fr\/blog\/wp-content\/uploads\/2020\/06\/cropped-LOGO-DICODUSPORT-2020-SANS-FOND-SANS-TEXTE.png\",\"contentUrl\":\"https:\/\/dicodusport.fr\/blog\/wp-content\/uploads\/2020\/06\/cropped-LOGO-DICODUSPORT-2020-SANS-FOND-SANS-TEXTE.png\",\"width\":512,\"height\":512,\"caption\":\"Dicodusport\"},\"image\":{\"@id\":\"https:\/\/dicodusport.fr\/blog\/#\/schema\/logo\/image\/\"},\"sameAs\":[\"https:\/\/www.facebook.com\/dicodusport\",\"https:\/\/x.com\/dicodusport\",\"https:\/\/www.instagram.com\/dicodusport\/\",\"https:\/\/www.youtube.com\/channel\/UC7V2KZ5sd3htJivAbA4ZG3w\"],\"description\":\"Dicodusport est l'encyclop\u00e9die de l'actualit\u00e9 sportive.\",\"email\":\"bonjour@dicodusport.fr\",\"legalName\":\"DICODUSPORT\",\"foundingDate\":\"2018-01-14\",\"vatID\":\"FR71834470973\",\"taxID\":\"83447097300043\",\"numberOfEmployees\":{\"@type\":\"QuantitativeValue\",\"minValue\":\"1\",\"maxValue\":\"10\"}},{\"@type\":\"Person\",\"@id\":\"https:\/\/dicodusport.fr\/blog\/#\/schema\/person\/37def232098a7a5cbab3974a3690abb0\",\"name\":\"Maxime Cazenave\",\"image\":{\"@type\":\"ImageObject\",\"inLanguage\":\"fr-FR\",\"@id\":\"https:\/\/dicodusport.fr\/blog\/#\/schema\/person\/image\/\",\"url\":\"https:\/\/dicodusport.fr\/blog\/wp-content\/uploads\/2021\/05\/Maxime-Cazenave-150x150.jpg\",\"contentUrl\":\"https:\/\/dicodusport.fr\/blog\/wp-content\/uploads\/2021\/05\/Maxime-Cazenave-150x150.jpg\",\"caption\":\"Maxime Cazenave\"},\"description\":\"Journaliste\/R\u00e9dacteur depuis 2012 - Berc\u00e9 par l\u2019amour des Girondins de Bordeaux, les \u00e9checs de Christophe Moreau sur le Tour de France sous l'\u00e8re Lance Armstrong et le fade-away l\u00e9tal de Dirk Nowitzki, ma passion d\u00e9vorante pour le sport a toujours \u00e9t\u00e9 un pan incontournable de ma vie. Transmettre ma passion \u00e0 l\u2019\u00e9crit a \u00e9t\u00e9 une transition naturelle. Suiveur assidu de basket et de hockey sur glace, je garde toujours un peu de place pour suivre le cyclisme, le football et le maximum de performances fran\u00e7aises.\",\"sameAs\":[\"https:\/\/x.com\/https:\/\/twitter.com\/Maxime_Caze\"],\"url\":\"https:\/\/dicodusport.fr\/blog\/author\/maximec\/\"}]}<\/script>\n<!-- \/ Yoast SEO Premium plugin. -->","yoast_head_json":{"title":"Championnats d'Europe Escrime fauteuil : Le fleurettiste Maxime Valet se pare de bronze","description":"CHAMPIONNATS D'EUROPE ESCRIME FAUTEUIL 2024 \u2013 Maxime Valet a d\u00e9croch\u00e9 le bronze en fleuret Cat\u00e9gorie B \u00e0 Paris.","robots":{"index":"index","follow":"follow","max-snippet":"max-snippet:-1","max-image-preview":"max-image-preview:large","max-video-preview":"max-video-preview:-1"},"canonical":"https:\/\/dicodusport.fr\/blog\/championnats-deurope-escrime-fauteuil-le-fleurettiste-maxime-valet-se-pare-de-bronze\/","og_locale":"fr_FR","og_type":"article","og_title":"Championnats d'Europe Escrime fauteuil : Le fleurettiste Maxime Valet se pare de bronze","og_description":"CHAMPIONNATS D'EUROPE ESCRIME FAUTEUIL 2024 \u2013 Maxime Valet a d\u00e9croch\u00e9 le bronze en fleuret Cat\u00e9gorie B \u00e0 Paris.","og_url":"https:\/\/dicodusport.fr\/blog\/championnats-deurope-escrime-fauteuil-le-fleurettiste-maxime-valet-se-pare-de-bronze\/","og_site_name":"Dicodusport","article_publisher":"https:\/\/www.facebook.com\/dicodusport","article_published_time":"2024-03-06T08:30:16+00:00","article_modified_time":"2024-03-06T10:22:11+00:00","og_image":[{"width":1200,"height":674,"url":"https:\/\/dicodusport.fr\/blog\/wp-content\/uploads\/2024\/03\/Championnats-dEurope-Escrime-fauteuil-Le-fleurettiste-Maxime-Valet-se-pare-de-bronze.png","type":"image\/png"}],"author":"Maxime Cazenave","twitter_card":"summary_large_image","twitter_title":"Championnats d'Europe Escrime fauteuil : Le fleurettiste Maxime Valet se pare de bronze","twitter_creator":"@https:\/\/twitter.com\/Maxime_Caze","twitter_site":"@dicodusport","schema":{"@context":"https:\/\/schema.org","@graph":[{"@type":"NewsArticle","@id":"https:\/\/dicodusport.fr\/blog\/championnats-deurope-escrime-fauteuil-le-fleurettiste-maxime-valet-se-pare-de-bronze\/#article","isPartOf":{"@id":"https:\/\/dicodusport.fr\/blog\/championnats-deurope-escrime-fauteuil-le-fleurettiste-maxime-valet-se-pare-de-bronze\/"},"author":{"name":"Maxime Cazenave","@id":"https:\/\/dicodusport.fr\/blog\/#\/schema\/person\/37def232098a7a5cbab3974a3690abb0"},"headline":"Championnats d&rsquo;Europe Escrime fauteuil : Le fleurettiste Maxime Valet se pare de bronze","datePublished":"2024-03-06T08:30:16+00:00","dateModified":"2024-03-06T10:22:11+00:00","mainEntityOfPage":{"@id":"https:\/\/dicodusport.fr\/blog\/championnats-deurope-escrime-fauteuil-le-fleurettiste-maxime-valet-se-pare-de-bronze\/"},"wordCount":265,"commentCount":0,"publisher":{"@id":"https:\/\/dicodusport.fr\/blog\/#organization"},"image":{"@id":"https:\/\/dicodusport.fr\/blog\/championnats-deurope-escrime-fauteuil-le-fleurettiste-maxime-valet-se-pare-de-bronze\/#primaryimage"},"thumbnailUrl":"https:\/\/dicodusport.fr\/blog\/wp-content\/uploads\/2024\/03\/Championnats-dEurope-Escrime-fauteuil-Le-fleurettiste-Maxime-Valet-se-pare-de-bronze.png","keywords":["br\u00e8ve","Championnats d'Europe escrime fauteuil","escrime fauteuil"],"articleSection":["Escrime","Handisport"],"inLanguage":"fr-FR","potentialAction":[{"@type":"CommentAction","name":"Comment","target":["https:\/\/dicodusport.fr\/blog\/championnats-deurope-escrime-fauteuil-le-fleurettiste-maxime-valet-se-pare-de-bronze\/#respond"]}],"copyrightYear":"2024","copyrightHolder":{"@id":"https:\/\/dicodusport.fr\/blog\/#organization"}},{"@type":"WebPage","@id":"https:\/\/dicodusport.fr\/blog\/championnats-deurope-escrime-fauteuil-le-fleurettiste-maxime-valet-se-pare-de-bronze\/","url":"https:\/\/dicodusport.fr\/blog\/championnats-deurope-escrime-fauteuil-le-fleurettiste-maxime-valet-se-pare-de-bronze\/","name":"Championnats d'Europe Escrime fauteuil : Le fleurettiste Maxime Valet se pare de bronze","isPartOf":{"@id":"https:\/\/dicodusport.fr\/blog\/#website"},"primaryImageOfPage":{"@id":"https:\/\/dicodusport.fr\/blog\/championnats-deurope-escrime-fauteuil-le-fleurettiste-maxime-valet-se-pare-de-bronze\/#primaryimage"},"image":{"@id":"https:\/\/dicodusport.fr\/blog\/championnats-deurope-escrime-fauteuil-le-fleurettiste-maxime-valet-se-pare-de-bronze\/#primaryimage"},"thumbnailUrl":"https:\/\/dicodusport.fr\/blog\/wp-content\/uploads\/2024\/03\/Championnats-dEurope-Escrime-fauteuil-Le-fleurettiste-Maxime-Valet-se-pare-de-bronze.png","datePublished":"2024-03-06T08:30:16+00:00","dateModified":"2024-03-06T10:22:11+00:00","description":"CHAMPIONNATS D'EUROPE ESCRIME FAUTEUIL 2024 \u2013 Maxime Valet a d\u00e9croch\u00e9 le bronze en fleuret Cat\u00e9gorie B \u00e0 Paris.","breadcrumb":{"@id":"https:\/\/dicodusport.fr\/blog\/championnats-deurope-escrime-fauteuil-le-fleurettiste-maxime-valet-se-pare-de-bronze\/#breadcrumb"},"inLanguage":"fr-FR","potentialAction":[{"@type":"ReadAction","target":["https:\/\/dicodusport.fr\/blog\/championnats-deurope-escrime-fauteuil-le-fleurettiste-maxime-valet-se-pare-de-bronze\/"]}]},{"@type":"ImageObject","inLanguage":"fr-FR","@id":"https:\/\/dicodusport.fr\/blog\/championnats-deurope-escrime-fauteuil-le-fleurettiste-maxime-valet-se-pare-de-bronze\/#primaryimage","url":"https:\/\/dicodusport.fr\/blog\/wp-content\/uploads\/2024\/03\/Championnats-dEurope-Escrime-fauteuil-Le-fleurettiste-Maxime-Valet-se-pare-de-bronze.png","contentUrl":"https:\/\/dicodusport.fr\/blog\/wp-content\/uploads\/2024\/03\/Championnats-dEurope-Escrime-fauteuil-Le-fleurettiste-Maxime-Valet-se-pare-de-bronze.png","width":1200,"height":674,"caption":"Championnats d'Europe Escrime fauteuil : Le fleurettiste Maxime Valet se pare de bronze"},{"@type":"BreadcrumbList","@id":"https:\/\/dicodusport.fr\/blog\/championnats-deurope-escrime-fauteuil-le-fleurettiste-maxime-valet-se-pare-de-bronze\/#breadcrumb","itemListElement":[{"@type":"ListItem","position":1,"name":"Accueil","item":"https:\/\/dicodusport.fr\/blog\/"},{"@type":"ListItem","position":2,"name":"Championnats d&rsquo;Europe Escrime fauteuil : Le fleurettiste Maxime Valet se pare de bronze"}]},{"@type":"WebSite","@id":"https:\/\/dicodusport.fr\/blog\/#website","url":"https:\/\/dicodusport.fr\/blog\/","name":"Dicodusport","description":"L&#039;encyclop\u00e9die de l&#039;actualit\u00e9 sportive","publisher":{"@id":"https:\/\/dicodusport.fr\/blog\/#organization"},"potentialAction":[{"@type":"SearchAction","target":{"@type":"EntryPoint","urlTemplate":"https:\/\/dicodusport.fr\/blog\/?s={search_term_string}"},"query-input":{"@type":"PropertyValueSpecification","valueRequired":true,"valueName":"search_term_string"}}],"inLanguage":"fr-FR"},{"@type":"NewsMediaOrganization","@id":"https:\/\/dicodusport.fr\/blog\/#organization","name":"Dicodusport","url":"https:\/\/dicodusport.fr\/blog\/","logo":{"@type":"ImageObject","inLanguage":"fr-FR","@id":"https:\/\/dicodusport.fr\/blog\/#\/schema\/logo\/image\/","url":"https:\/\/dicodusport.fr\/blog\/wp-content\/uploads\/2020\/06\/cropped-LOGO-DICODUSPORT-2020-SANS-FOND-SANS-TEXTE.png","contentUrl":"https:\/\/dicodusport.fr\/blog\/wp-content\/uploads\/2020\/06\/cropped-LOGO-DICODUSPORT-2020-SANS-FOND-SANS-TEXTE.png","width":512,"height":512,"caption":"Dicodusport"},"image":{"@id":"https:\/\/dicodusport.fr\/blog\/#\/schema\/logo\/image\/"},"sameAs":["https:\/\/www.facebook.com\/dicodusport","https:\/\/x.com\/dicodusport","https:\/\/www.instagram.com\/dicodusport\/","https:\/\/www.youtube.com\/channel\/UC7V2KZ5sd3htJivAbA4ZG3w"],"description":"Dicodusport est l'encyclop\u00e9die de l'actualit\u00e9 sportive.","email":"bonjour@dicodusport.fr","legalName":"DICODUSPORT","foundingDate":"2018-01-14","vatID":"FR71834470973","taxID":"83447097300043","numberOfEmployees":{"@type":"QuantitativeValue","minValue":"1","maxValue":"10"}},{"@type":"Person","@id":"https:\/\/dicodusport.fr\/blog\/#\/schema\/person\/37def232098a7a5cbab3974a3690abb0","name":"Maxime Cazenave","image":{"@type":"ImageObject","inLanguage":"fr-FR","@id":"https:\/\/dicodusport.fr\/blog\/#\/schema\/person\/image\/","url":"https:\/\/dicodusport.fr\/blog\/wp-content\/uploads\/2021\/05\/Maxime-Cazenave-150x150.jpg","contentUrl":"https:\/\/dicodusport.fr\/blog\/wp-content\/uploads\/2021\/05\/Maxime-Cazenave-150x150.jpg","caption":"Maxime Cazenave"},"description":"Journaliste\/R\u00e9dacteur depuis 2012 - Berc\u00e9 par l\u2019amour des Girondins de Bordeaux, les \u00e9checs de Christophe Moreau sur le Tour de France sous l'\u00e8re Lance Armstrong et le fade-away l\u00e9tal de Dirk Nowitzki, ma passion d\u00e9vorante pour le sport a toujours \u00e9t\u00e9 un pan incontournable de ma vie. Transmettre ma passion \u00e0 l\u2019\u00e9crit a \u00e9t\u00e9 une transition naturelle. Suiveur assidu de basket et de hockey sur glace, je garde toujours un peu de place pour suivre le cyclisme, le football et le maximum de performances fran\u00e7aises.","sameAs":["https:\/\/x.com\/https:\/\/twitter.com\/Maxime_Caze"],"url":"https:\/\/dicodusport.fr\/blog\/author\/maximec\/"}]}},"_links":{"self":[{"href":"https:\/\/dicodusport.fr\/blog\/wp-json\/wp\/v2\/posts\/469615","targetHints":{"allow":["GET"]}}],"collection":[{"href":"https:\/\/dicodusport.fr\/blog\/wp-json\/wp\/v2\/posts"}],"about":[{"href":"https:\/\/dicodusport.fr\/blog\/wp-json\/wp\/v2\/types\/post"}],"author":[{"embeddable":true,"href":"https:\/\/dicodusport.fr\/blog\/wp-json\/wp\/v2\/users\/55"}],"replies":[{"embeddable":true,"href":"https:\/\/dicodusport.fr\/blog\/wp-json\/wp\/v2\/comments?post=469615"}],"version-history":[{"count":2,"href":"https:\/\/dicodusport.fr\/blog\/wp-json\/wp\/v2\/posts\/469615\/revisions"}],"predecessor-version":[{"id":469677,"href":"https:\/\/dicodusport.fr\/blog\/wp-json\/wp\/v2\/posts\/469615\/revisions\/469677"}],"wp:featuredmedia":[{"embeddable":true,"href":"https:\/\/dicodusport.fr\/blog\/wp-json\/wp\/v2\/media\/469618"}],"wp:attachment":[{"href":"https:\/\/dicodusport.fr\/blog\/wp-json\/wp\/v2\/media?parent=469615"}],"wp:term":[{"taxonomy":"category","embeddable":true,"href":"https:\/\/dicodusport.fr\/blog\/wp-json\/wp\/v2\/categories?post=469615"},{"taxonomy":"post_tag","embeddable":true,"href":"https:\/\/dicodusport.fr\/blog\/wp-json\/wp\/v2\/tags?post=469615"}],"curies":[{"name":"wp","href":"https:\/\/api.w.org\/{rel}","templated":true}]}}