{"id":469810,"date":"2024-03-11T11:52:28","date_gmt":"2024-03-11T10:52:28","guid":{"rendered":"https:\/\/dicodusport.fr\/blog\/?p=469810&#038;preview=true&#038;preview_id=469810"},"modified":"2024-03-11T11:58:24","modified_gmt":"2024-03-11T10:58:24","slug":"clemence-beretta-je-nai-pas-envie-que-les-gens-pensent-que-cela-a-ete-deux-mois-parfaits","status":"publish","type":"post","link":"https:\/\/dicodusport.fr\/blog\/clemence-beretta-je-nai-pas-envie-que-les-gens-pensent-que-cela-a-ete-deux-mois-parfaits\/","title":{"rendered":"Cl\u00e9mence Beretta : \u00ab\u00a0Je n&rsquo;ai pas envie que les gens pensent que cela a \u00e9t\u00e9 deux mois parfaits\u00a0\u00bb"},"content":{"rendered":"<p style=\"text-align: justify;\"><strong><em>ATHLETISME &#8211; Entretien avec Cl\u00e9mence Beretta, qui vient de r\u00e9aliser les minima olympiques sur 20 km marche, avec ses 1h28:44. Un record de France am\u00e9lior\u00e9 pour la Vosgienne. Qui nous raconte cette course en Chine, apr\u00e8s avoir pass\u00e9 pr\u00e8s de deux mois \u00e0 s&rsquo;entra\u00eener en Australie. Une aventure humaine et un enrichissement sportif pour Cl\u00e9mence Beretta qui, comme \u00e0 son habitude, a r\u00e9ussi \u00e0 bien exprimer son ressenti sur son exp\u00e9rience. Elle confie aussi son soulagement d&rsquo;avoir fait les minima, apr\u00e8s deux mois o\u00f9 elle est pass\u00e9e par toutes les \u00e9motions. Elle pourra se pr\u00e9parer au mieux pour les Jeux Olympiques de Paris.<\/em><\/strong><\/p>\n<h2 style=\"text-align: justify;\">Cl\u00e9mence Beretta : \u00ab\u00a0Un parti pris de commencer la saison t\u00f4t en Australie\u00a0\u00bb<\/h2>\n<h3 style=\"text-align: justify;\">Trois records de France, des minima olympiques. On imagine qu&rsquo;il y a un sentiment de devoir accompli.<\/h3>\n<p style=\"text-align: justify;\">Cl\u00e9mence Beretta : C&rsquo;est surtout une grosse part de soulagement. C&rsquo;\u00e9tait un parti pris assez fort de partir pendant ces deux mois dans un pays o\u00f9 c&rsquo;est l&rsquo;\u00e9t\u00e9. Pour commencer la saison plus t\u00f4t. Et \u00eatre dans des conditions id\u00e9ales. Mais c&rsquo;est toujours incertain, car cela te sort de ta zone de confort. Il y avait ces objectifs \u00e9crits et qui ont \u00e9t\u00e9 tous remplis. Pas de la fa\u00e7on qu&rsquo;on aurait pens\u00e9 au d\u00e9but.<\/p>\n<h3 style=\"text-align: justify;\">On parle beaucoup du sportif, mais cela a \u00e9t\u00e9 une aventure humaine aussi.<\/h3>\n<p style=\"text-align: justify;\">Exactement. Parce que c&rsquo;est une autre culture, une autre mani\u00e8re de s&rsquo;entra\u00eener. Une autre langue aussi. Ce sont des choses qui m&rsquo;ont fait sortir de ma zone de confort et d&rsquo;apprendre beaucoup plus sur moi-m\u00eame, en tant que femme. Je cherche constamment \u00e0 m&rsquo;am\u00e9liorer et \u00e0 me remettre en question, y compris sur ma mani\u00e8re de m&rsquo;entra\u00eener. Il n&rsquo;y a pas meilleure fa\u00e7on de le faire que de sortir de sa zone de confort. C&rsquo;est beaucoup plus difficile d&rsquo;arriver \u00e0 cela, quand tu es dans ton environnement, dans ta routine, avec ton staff, du monde autour de toi. Tu as tes habitudes, tu es choy\u00e9e. Tu fais tes comp\u00e9titions, tu es encourag\u00e9.<\/p>\n<p style=\"text-align: justify;\">En Australie, c&rsquo;\u00e9tait tout l&rsquo;inverse. Je n&rsquo;avais pas de coach, personne autour de moi. Je ne suis pas connue l\u00e0-bas. Et je ne suis pas la meilleure, quand je suis l\u00e0-bas. Tout est nouveau. En m&rsquo;entra\u00eenant l\u00e0-bas, je me suis rendu compte, qu&rsquo;on n&rsquo;a pas la m\u00eame fa\u00e7on de s&rsquo;entra\u00eener qu&rsquo;en France. J&rsquo;ai une mani\u00e8re qui est polaris\u00e9e. Avec 75 % de tr\u00e8s lent. L\u00e0-bas, ils marchent beaucoup plus vite que moi et j&rsquo;\u00e9tais tout le temps derni\u00e8re. Avec l&rsquo;image renvoy\u00e9e de la fille qui n&rsquo;avance pas. Alors que c&rsquo;\u00e9tait un parti pris de ne pas marcher \u00e0 12 \u00e0 l&rsquo;heure tous les jours. Je suis \u00e0 11, voire 10 \u00e0 l&rsquo;heure.<\/p>\n<h2 style=\"text-align: justify;\">Cl\u00e9mence Beretta : \u00ab\u00a0Je suis all\u00e9e regarder dans la litt\u00e9rature scientifique de l&rsquo;entra\u00eenement\u00a0\u00bb<\/h2>\n<p style=\"text-align: justify;\">Eux, sur les s\u00e9ances, il y a moins de seuil. Ils vont chercher des allures tr\u00e8s \u00e9lev\u00e9es. Plus rapide que l&rsquo;allure comp\u00e9tition. Cela m&rsquo;a beaucoup interrog\u00e9e. Je ne pense pas que mon entra\u00eenement est pourri, mais ces filles-l\u00e0 r\u00e9ussissent. Et j&rsquo;avais une forme d&rsquo;incompr\u00e9hension. Et je suis all\u00e9e regarder dans la litt\u00e9rature scientifique. Notamment les m\u00e9taanalyses, faites, les \u00e9tudes autour du seuil vs hautes intensit\u00e9s.<\/p>\n<p style=\"text-align: justify;\">Je me suis rendue compte que toutes les \u00e9tudes avaient la m\u00eame conclusion. Le seuil ne fait quasiment pas progresser. Ce qui r\u00e9ellement progresser et \u00e0 tout niveau et toute distance, c&rsquo;est la tr\u00e8s haute intensit\u00e9. Comme ce que font les Australiens. J&rsquo;ai pu lire des choses sourc\u00e9es scientifiquement. Tu peux te dire que c&rsquo;est un fait, mais que dans la pratique, cela g\u00e9n\u00e8re beaucoup de fatigue. L\u00e0 encore, ils se sont rendu compte que la tr\u00e8s haute intensit\u00e9, g\u00e9n\u00e9rait la m\u00eame fatigue que le seuil, pour un int\u00e9r\u00eat physiologique \u00e9norme.<\/p>\n<p style=\"text-align: justify;\">Dans cette litt\u00e9rature, ils expliquent aussi que le fait de polariser est le plus b\u00e9n\u00e9fique. Je peux rester sur 80 % de tr\u00e8s lent. Mais sur les 20 % restants, il faut taper dedans et sur du tr\u00e8s haut. Cela m&rsquo;a confirm\u00e9e sur le fait de ne pas m&rsquo;inqui\u00e9ter sur la dominance de mon entra\u00eenement, tout en ajoutant une donn\u00e9e suppl\u00e9mentaire et enlever une grande partie de seuil. En garder pour \u00e9viter la monotonie. La peur qu&rsquo;on avait, avec notre staff, si on marchait trop vite, c&rsquo;est de s&rsquo;affuter trop t\u00f4t. Et se fatiguer. On est trop prudent en France. Il faut vraiment y aller sur ces 20 %.<\/p>\n<div class=\"vlp-link-container vlp-layout-article\"><a href=\"https:\/\/dicodusport.fr\/blog\/athletisme-record-de-france-et-minima-olympiques-pour-clemence-beretta\/\" class=\"vlp-link\" title=\"Athl\u00e9tisme - Record de France et minima olympiques pour Cl\u00e9mence Beretta\"><\/a><div class=\"vlp-layout-zone-side\"><div class=\"vlp-block-4 vlp-link-image\"><img loading=\"lazy\" decoding=\"async\" style=\"max-width: 792px;\" width=\"792\" height=\"445\" src=\"https:\/\/dicodusport.fr\/blog\/wp-content\/uploads\/2024\/03\/Athletisme-Record-de-France-et-minima-olympique-pour-Clemence-Beretta.png\" class=\"attachment-800x445 size-800x445\" alt=\"Athl\u00e9tisme - Record de France et minima olympique pour Cl\u00e9mence Beretta\" srcset=\"https:\/\/dicodusport.fr\/blog\/wp-content\/uploads\/2024\/03\/Athletisme-Record-de-France-et-minima-olympique-pour-Clemence-Beretta.png 1200w, https:\/\/dicodusport.fr\/blog\/wp-content\/uploads\/2024\/03\/Athletisme-Record-de-France-et-minima-olympique-pour-Clemence-Beretta-300x169.png 300w, https:\/\/dicodusport.fr\/blog\/wp-content\/uploads\/2024\/03\/Athletisme-Record-de-France-et-minima-olympique-pour-Clemence-Beretta-1024x575.png 1024w, https:\/\/dicodusport.fr\/blog\/wp-content\/uploads\/2024\/03\/Athletisme-Record-de-France-et-minima-olympique-pour-Clemence-Beretta-768x431.png 768w\" sizes=\"auto, (max-width: 792px) 100vw, 792px\" \/><\/div><\/div><div class=\"vlp-layout-zone-main\"><div class=\"vlp-block-0 vlp-link-title\">Athl\u00e9tisme - Record de France et minima olympiques pour Cl\u00e9mence Beretta<\/div><div class=\"vlp-block-1 vlp-link-summary\">ATHL\u00c9TISME - Cl\u00e9mence Beretta s'est offert ce dimanche matin les minima olympiques et le record de France du 20 km marche en 1h28:44<\/div><div class=\"vlp-block-2 vlp-link-button\">Lire l'article<\/div><div class=\"vlp-block-3 vlp-link-url\">dicodusport.fr<\/div><\/div><\/div>\n<h2 style=\"text-align: justify;\">Cl\u00e9mence Beretta : \u00ab\u00a0La culture sport est tr\u00e8s forte en Australie\u00a0\u00bb<\/h2>\n<h3 style=\"text-align: justify;\">Philippe Lucas \u00e9voquait dans un livre, la place importante du sport en Australie, est-ce que tu confirmes cela ?<\/h3>\n<p style=\"text-align: justify;\">Oui et cela m&rsquo;a \u00e9tonn\u00e9, mais si c&rsquo;est connu que les Anglo-Saxons et leur culture sont tr\u00e8s ancr\u00e9s au niveau sportif. Le sport est omnipr\u00e9sent et est int\u00e9gr\u00e9 \u00e0 la culture. Il est \u00e0 la fois normal et essentiel. Ils viennent tous le soir, dans les parcs, que ce soit les clubs ou les gens seuls, pour faire du rugby, du cricket. J&rsquo;ai \u00e9t\u00e9 frapp\u00e9e par le nombre de terrains de crickets l\u00e0-bas. Ce sont pourtant de grandes infrastructures, le tour fait pas loin de 500 m\u00e8tres. Beaucoup de gens marchent pour faire leurs pas. Les installations sportives sont accessibles partout dans la ville. Chaque week-end, des courses sont organis\u00e9es, du 5, du 10, du 14 km etc. Tout le monde peut s&rsquo;y inscrire.<\/p>\n<h3 style=\"text-align: justify;\">Apr\u00e8s l&rsquo;Australie, tu fais le choix d&rsquo;aller en Chine. C&rsquo;\u00e9tait un sacr\u00e9 pari ?<\/h3>\n<p style=\"text-align: justify;\">Un \u00e9norme pari, qui n&rsquo;\u00e9tait pas du tout pr\u00e9vu (Cl\u00e9mence Beretta a d&rsquo;abord tent\u00e9 un 20 km en Australie, lors des championnats d&rsquo;Oc\u00e9anie, mais a d\u00fb abandonner). J&rsquo;ai d\u00fb annuler mes billets, en prendre d&rsquo;autres, m&rsquo;inscrire \u00e0 l&rsquo;arrache et apr\u00e8s les d\u00e9lais. Je n&rsquo;\u00e9tais pas hyper bien entra\u00een\u00e9e, j&rsquo;avais l&rsquo;histoire de ma blessure. C&rsquo;est beaucoup d&rsquo;\u00e9l\u00e9ments non favorables. Mais au fond de moi, j&rsquo;avais cette certitude dans mes tripes, qu&rsquo;il fallait que je fasse cette comp\u00e9tition.<\/p>\n<h2 style=\"text-align: justify;\">Cl\u00e9mence Beretta : \u00ab\u00a0Je savais que la course serait tr\u00e8s difficile\u00a0\u00bb<\/h2>\n<p style=\"text-align: justify;\">La course \u00e9tait compliqu\u00e9e, le premier kilom\u00e8tre est tr\u00e8s lent, \u00e7a part en 4:36. D&rsquo;un coup, \u00e7a flingue au 2e kilom\u00e8tre, \u00e7a passe en 4:22. Quatorze secondes, c&rsquo;est \u00e9norme. On parle souvent de rythme de croisi\u00e8re. O\u00f9 pendant 12-14 bornes, on se sent \u00e0 l&rsquo;aise. L\u00e0, c&rsquo;\u00e9tait tr\u00e8s brutal. On passe de 4:36 \u00e0 4:22. J&rsquo;ai jamais fait de configuration de course comme cela. Il faut le temporiser, l&rsquo;amortir, ce changement d&rsquo;allure. D\u00e8s le d\u00e9but, j&rsquo;ai cette sensation d&rsquo;\u00eatre malmen\u00e9e. Et je ne r\u00e9ussissais pas \u00e0 trouver mon rythme. Je trouvais que c&rsquo;\u00e9tait rapide. Je doutais sur le fait de tenir. Comme je ne l&rsquo;avais jamais fait, c&rsquo;\u00e9tait nouveau et je ne savais pas si j&rsquo;avais la capacit\u00e9 de le faire.<\/p>\n<p style=\"text-align: justify;\">Je savais que je n&rsquo;\u00e9tais pas pr\u00eate physiquement, pas \u00e0 mon poids de forme. L&rsquo;entra\u00eenement n&rsquo;\u00e9tait pas terrible-terrible. Je savais que ce ne serait pas facile et en totale confiance physiquement. Mais que je pouvais le faire, mais uniquement gr\u00e2ce \u00e0 mon mental. Et la course ne m&rsquo;a pas d\u00e9mentie, car je ne me suis jamais sentie \u00e0 l&rsquo;aise et dur pour moi. C&rsquo;\u00e9tait un jeu d&rsquo;\u00e9chec avec ma t\u00eate, de me dire : \u00ab\u00a0On y va\u00a0\u00bb. D\u00e8s que j&rsquo;avais de la fatigue, je restais dans mon discours positif. Ce qui m&rsquo;a beaucoup aid\u00e9, c&rsquo;est qu&rsquo;il y avait une telle densit\u00e9, qu&rsquo;il y avait toujours des filles pour me relancer. Vu les conditions et mon ressenti, je ne me serais pas battue comme cela toute seule. Tu finis par t&rsquo;endormir et subir. L\u00e0, c&rsquo;\u00e9tait une stimulation permanente.<\/p>\n<h3 style=\"text-align: justify;\">C&rsquo;est vrai que tu es la leader fran\u00e7aise de la marche, mais tu as \u00e9t\u00e9 dans deux pays, o\u00f9 tu n&rsquo;\u00e9tais pas la plus forte.<\/h3>\n<p style=\"text-align: justify;\">La Chine est une nation qui \u00e9crase la marche. Heureusement que c&rsquo;est trois qualifi\u00e9es par pays (rires). J&rsquo;\u00e9tais align\u00e9e dans leur championnat national et je termine 11e derri\u00e8re 10 Chinoises. Donc 10 Chinoises en moins de 1h28:44. C&rsquo;est une nation qui surdomine, comme l&rsquo;a fait la Russie. Mais je recherchais cela et en allant l\u00e0-bas, cela allait \u00eatre rapide et dense. C&rsquo;est aussi beaucoup d&rsquo;exp\u00e9rience pour moi. Mais je sortais de deux mois o\u00f9 j&rsquo;\u00e9tais dans un groupe dans lequel je n&rsquo;\u00e9tais pas la meilleure. L&rsquo;autre avantage, c&rsquo;est que tu n&rsquo;as pas la pression d&rsquo;\u00eatre la leader et donc attendue. Cela lib\u00e8re l&rsquo;esprit.<\/p>\n<h2 style=\"text-align: justify;\">Cl\u00e9mence Beretta : \u00ab\u00a0Ces deux mois ont \u00e9t\u00e9 des montagnes russes\u00a0\u00bb<\/h2>\n<h3 style=\"text-align: justify;\">Qu&rsquo;est-ce que tu as pu apprendre sur toi-m\u00eame, durant cette p\u00e9riode ?<\/h3>\n<p style=\"text-align: justify;\">J&rsquo;ai pu prouver ma ressource int\u00e9rieure. Quand tu n&rsquo;es pas trop bien \u00e0 l&rsquo;entra\u00eenement, quand tu es avec ton coach, il va tout de suite t&rsquo;alerter. Mais avoir un discours bienveillant, pour te rassurer. L\u00e0, je n&rsquo;avais aucun accompagnement. Quand je n&rsquo;allais pas bien, j&rsquo;\u00e9tais seule avec moi-m\u00eame. C&rsquo;est tr\u00e8s compliqu\u00e9 d&rsquo;\u00eatre l&rsquo;athl\u00e8te, mais aussi sa propre \u00ab\u00a0coach\u00a0\u00bb. J&rsquo;ai trouv\u00e9 des ressources internes et \u00eatre connect\u00e9e en permanence avec mes sensations. Chose que je fais depuis plusieurs ann\u00e9es, mais que j&rsquo;ai renforc\u00e9e. Faire ma propre adaptation. Savoir quoi faire, quand cela ne va pas. Mon coach, avec le d\u00e9calage horaire, \u00e9tait souvent en train de dormir, pendant mes s\u00e9ances.<\/p>\n<p style=\"text-align: justify;\">Mon retour \u00e9tait toujours en d\u00e9calage. Mais ce syst\u00e8me-l\u00e0, je pense, n&rsquo;est pas donn\u00e9 \u00e0 tout le monde. Il faut une certaine maturit\u00e9 sportive, pour ne pas paniquer. Car c&rsquo;est tr\u00e8s facile de paniquer. Mais je n&rsquo;ai pas envie que les gens pensent que cela a \u00e9t\u00e9 deux mois parfaits et paradisiaques en Australie. Avec les trois records de France. Cela n&rsquo;a pas \u00e9t\u00e9 que de la joie. Il y a eu des montagnes russes. J&rsquo;ai pleur\u00e9, j&rsquo;ai dout\u00e9, j&rsquo;ai eu envie de rentrer. Je me suis demand\u00e9 ce que je faisais l\u00e0 plusieurs fois. Cela a \u00e9t\u00e9 intense \u00e9motionnellement. Tout cela a fait de cette exp\u00e9rience, quelque chose d&rsquo;hyper enrichissant. \u00c0 tout point de vue.<\/p>\n<h3 style=\"text-align: justify;\">On avait parl\u00e9 ensemble du tissu \u00e9conomique que tu avais nou\u00e9 autour de ton projet, notamment avec des sponsors locaux. Sans cela, est-ce que tu aurais pu partir pendant deux mois ?<\/h3>\n<p style=\"text-align: justify;\">C&rsquo;est un co\u00fbt \u00e9norme. Comme je disais, j&rsquo;ai d\u00fb annuler mon billet retour en France et en prendre un en Chine. Cela a rajout\u00e9 1 500 \u20ac. Je n&rsquo;ai pas encore tout calcul\u00e9, mais je dois \u00eatre sur un budget de 8 000 \u20ac en Australie. C&rsquo;est cons\u00e9quent et cela est impossible de claquer 8 000 \u20ac comme cela. Avec tes loyers et charges qui continuent en France. Cela aurait \u00e9t\u00e9 impossible, sans mes sponsors.<\/p>\n<ul>\n<li style=\"text-align: justify;\"><strong>\u00c0 ce sujet &#8211; <a href=\"https:\/\/dicodusport.fr\/blog\/athletisme-ces-athletes-qui-passent-par-les-sponsors-locaux-pour-vivre\/\">Notre enqu\u00eate sur les sportifs qui sont pass\u00e9 par les sponsors locaux pour vivre de leur sport<\/a><\/strong><\/li>\n<\/ul>\n<h2 style=\"text-align: justify;\">Cl\u00e9mence Beretta : \u00ab\u00a0L&rsquo;objectif est de passer sous les 1h28\u00a0\u00bb<\/h2>\n<h3 style=\"text-align: justify;\">De plus, ta premi\u00e8re tentative de minima sur 20 km marche ne se passe pas comme pr\u00e9vu. Tu abandonnes, tu as mal. Finalement, l&rsquo;IRM ne donne rien et apr\u00e8s avoir vu ta psy, elle te dit que c&rsquo;est mental. Ce cap franchi, il est plus mental que physique ?<\/h3>\n<p style=\"text-align: justify;\">Oui. Mais souvent, ces caps sont mentaux avant d&rsquo;\u00eatre physiques. Pour passer un cap physique, il faut d&rsquo;abord passer le cap mental. On a tous le potentiel, on s&rsquo;entra\u00eene tous plus ou moins de la m\u00eame fa\u00e7on. Pourquoi quelqu&rsquo;un sort une performance avant toi ? C&rsquo;est souvent qu&rsquo;elle a pass\u00e9 un cap mental. C&rsquo;est le mental qui va r\u00e9gir ta performance. On voit des gens tr\u00e8s bons \u00e0 l&rsquo;entra\u00eenement et qui ne concr\u00e9tiseront jamais en comp\u00e9tition. Ce n&rsquo;est pas physique, mais mental. C&rsquo;est un apprentissage constant. C&rsquo;est ce que j&rsquo;adore. Je suis passionn\u00e9e de tout ce qui tourne autour du cerveau. C&rsquo;est m\u00eame une \u00e9vidence. La performance se joue \u00e0 60 % de ce c\u00f4t\u00e9-l\u00e0.<\/p>\n<p style=\"text-align: justify;\">On ne peut pas contr\u00f4ler les \u00e9motions et l&rsquo;humain. On reste instable et impr\u00e9visible. Ces exp\u00e9riences me permettent d&rsquo;avoir une maturit\u00e9 sportive. \u00c0 Ad\u00e9la\u00efde, j&rsquo;ai ressenti la pression. Et cette mauvaise gestion, m&rsquo;a permis de comprendre ce qui n&rsquo;a pas \u00e9t\u00e9, pour faire beaucoup mieux en Chine.<\/p>\n<div class=\"vlp-link-container vlp-layout-article\"><a href=\"https:\/\/dicodusport.fr\/blog\/athletisme-jo-2024-les-francais-qui-ont-realise-les-minima\/\" class=\"vlp-link\" title=\"Athl\u00e9tisme JO 2024 : Les Fran\u00e7ais qui ont r\u00e9alis\u00e9 les minima\"><\/a><div class=\"vlp-layout-zone-side\"><div class=\"vlp-block-4 vlp-link-image\"><img loading=\"lazy\" decoding=\"async\" style=\"max-width: 800px;\" width=\"800\" height=\"445\" src=\"https:\/\/dicodusport.fr\/blog\/wp-content\/uploads\/2023\/09\/Athletisme-JO-2024-Les-Francais-qui-ont-realise-les-minima.png\" class=\"attachment-800x445 size-800x445\" alt=\"Athl\u00e9tisme JO 2024 - Les Fran\u00e7ais qui ont r\u00e9alis\u00e9 les minima\" srcset=\"https:\/\/dicodusport.fr\/blog\/wp-content\/uploads\/2023\/09\/Athletisme-JO-2024-Les-Francais-qui-ont-realise-les-minima.png 800w, https:\/\/dicodusport.fr\/blog\/wp-content\/uploads\/2023\/09\/Athletisme-JO-2024-Les-Francais-qui-ont-realise-les-minima-300x167.png 300w, https:\/\/dicodusport.fr\/blog\/wp-content\/uploads\/2023\/09\/Athletisme-JO-2024-Les-Francais-qui-ont-realise-les-minima-768x427.png 768w\" sizes=\"auto, (max-width: 800px) 100vw, 800px\" \/><\/div><\/div><div class=\"vlp-layout-zone-main\"><div class=\"vlp-block-0 vlp-link-title\">Athl\u00e9tisme JO 2024 : Les Fran\u00e7ais qui ont r\u00e9alis\u00e9 les minima<\/div><div class=\"vlp-block-1 vlp-link-summary\">ATHL\u00c9TISME JO PARIS 2024 - D\u00e9couvrez la liste des Fran\u00e7ais qui ont fait les minima pour Paris 2024.<\/div><div class=\"vlp-block-2 vlp-link-button\">Lire l'article<\/div><div class=\"vlp-block-3 vlp-link-url\">dicodusport.fr<\/div><\/div><\/div>\n<h3 style=\"text-align: justify;\">Le fait d&rsquo;avoir fait ces minima assez t\u00f4t, c&rsquo;est une \u00e9pine dans le pied en moins. Tu vas pouvoir te pr\u00e9parer optimalement pour les JO.<\/h3>\n<p style=\"text-align: justify;\">C&rsquo;est une belle image, c&rsquo;est une \u00e9pine que je me suis enlev\u00e9e. On est encore en d\u00e9but mars. Il me reste cinq mois. Vu les conditions dans lesquelles j&rsquo;\u00e9tais, sans \u00eatre au top physiquement, cela permet de se dire qu&rsquo;on peut se pr\u00e9parer pour les JO. Et quand je serais vraiment hyper aff\u00fbt\u00e9e, on pense que je peux passer sous les 1h28. C&rsquo;est vraiment l&rsquo;objectif. Quand on parle de moins de 1h28, on parle de possible podium international.<\/p>\n<h2 style=\"text-align: justify;\">Cl\u00e9mence Beretta : \u00ab\u00a0Monter sur le podium aux Europe et faire un top 8 \u00e0 Paris\u00a0\u00bb<\/h2>\n<h3 style=\"text-align: justify;\">Quelles sont tes ambitions pour Paris ? Que ce soit individuelles ou avec le relais ?<\/h3>\n<p style=\"text-align: justify;\">En individuel, ce sera un top 8, \u00e9quivalant \u00e0 une place de finaliste. Pour le relais, c&rsquo;est tr\u00e8s compliqu\u00e9 de dire quelque chose, car on ne connait pas ce format. Il faut d&rsquo;abord faire l&rsquo;\u00e9preuve. Ce qui sera le cas en avril, pendant la Coupe du monde, o\u00f9 on va essayer de qualifier des relais. On ne peut pas trop se jauger par rapport aux autres pays. Ce que je peux dire, c&rsquo;est que et sous r\u00e9serve qu&rsquo;on soit qualifi\u00e9e, on a de tr\u00e8s grandes ambitions avec Gabriel (Bordier). Au moins faire un top 5. Il faudra voir comment cela se passe en coupe du monde. (NDLR : La France, comme d&rsquo;autres pays, peuvent envoyer deux relais).<\/p>\n<p style=\"text-align: justify;\">Auparavant, il y a les championnats d&rsquo;Europe. \u00c0 Munich, cela ne s&rsquo;est pas gagn\u00e9 si rapidement que cela. En 1h29 et quelques. Cela repr\u00e9sente une grosse opportunit\u00e9 pour moi. Je ne m&rsquo;en cache pas, j&rsquo;aimerais y faire un podium.<\/p>\n<h3 style=\"text-align: justify;\">D&rsquo;Australie, tu as pu voir ce qu&rsquo;il se passait en France sur les performances des filles en marche. On pense \u00e0 Chlo\u00e9 Le Roch notamment ?<\/h3>\n<p style=\"text-align: justify;\"><strong>Chlo\u00e9 Le Roch<\/strong> appartient \u00e0 cette nouvelle g\u00e9n\u00e9ration dor\u00e9e. Il y a une belle \u00e9mulation en ce moment chez les filles. De s\u00e9niors aux jeunes, il y a des choses tr\u00e8s int\u00e9ressantes. C&rsquo;est vraiment g\u00e9nial et du jamais vu. J&rsquo;ai pu voir le DTN et il m&rsquo;a parl\u00e9 de cela en me disant que c&rsquo;est incroyable. Tout le monde est au courant, tout le monde le voit. On en parle beaucoup, avec les m\u00e9dailles chez les jeunes. Il y a des articles, il ne faut pas tout mettre \u00e0 la poubelle. C&rsquo;est \u00e0 notre \u00e9chelle, c&rsquo;est une petite pierre, apr\u00e8s une petite pierre. Je trouve cela tr\u00e8s positif, pour la discipline. Cela suscite forc\u00e9ment des vocations en club. On le voit dans nos DM, mais aussi dans les clubs locaux. Et c&rsquo;est hyper positif.<\/p>\n<p style=\"text-align: justify;\">Maintenant, c&rsquo;est comme tout, il faut que cela se concr\u00e9tise sur les distances plus longues. Quand on est habitu\u00e9 \u00e0 faire du 3 000 m et du 5 000 m, la transition sur 20 km peut \u00eatre dure. Il ne faut pas \u00eatre d\u00e9go\u00fbt\u00e9. Ce qui est cruel en marche, c&rsquo;est qu&rsquo;on n&rsquo;a pas le choix de passer de 3 000 m au 20 km, si on veut faire du haut-niveau. Ce qui explique pourquoi beaucoup de jeunes arr\u00eatent. Il n&rsquo;a pas forc\u00e9ment envie de faire une sorte de semi-marathon, quand tu es habitu\u00e9 au plus court.<\/p>\n<p>&nbsp;<\/p>\n","protected":false},"excerpt":{"rendered":"<p>ATHL\u00c9TISME &#8211; Entretien avec Cl\u00e9mence Beretta, qui vient de r\u00e9aliser les minima olympiques sur 20 km marche, avec ses 1h28:44.<\/p>\n","protected":false},"author":83,"featured_media":469835,"comment_status":"open","ping_status":"closed","sticky":false,"template":"","format":"standard","meta":{"_acf_changed":false,"_daextam_enable_autolinks":"1","footnotes":""},"categories":[2308],"tags":[143,16878,30285,12920,31429,24],"class_list":["post-469810","post","type-post","status-publish","format-standard","has-post-thumbnail","hentry","category-athletisme","tag-athletisme","tag-breve","tag-clemence-beretta","tag-jo-paris-2024","tag-marche-athletique","tag-sport"],"acf":[],"yoast_head":"<!-- This site is optimized with the Yoast SEO Premium plugin v26.7 (Yoast SEO v26.7) - https:\/\/yoast.com\/wordpress\/plugins\/seo\/ -->\n<title>Cl\u00e9mence Beretta : &quot;Je n&#039;ai pas envie que les gens pensent que cela a \u00e9t\u00e9 deux mois parfaits&quot;<\/title>\n<meta name=\"description\" content=\"ATHL\u00c9TISME - Entretien avec Cl\u00e9mence Beretta, qui vient de r\u00e9aliser les minima olympiques sur 20 km marche, avec ses 1h28:44.\" \/>\n<meta name=\"robots\" content=\"index, follow, max-snippet:-1, max-image-preview:large, max-video-preview:-1\" \/>\n<link rel=\"canonical\" href=\"https:\/\/dicodusport.fr\/blog\/clemence-beretta-je-nai-pas-envie-que-les-gens-pensent-que-cela-a-ete-deux-mois-parfaits\/\" \/>\n<meta property=\"og:locale\" content=\"fr_FR\" \/>\n<meta property=\"og:type\" content=\"article\" \/>\n<meta property=\"og:title\" content=\"Cl\u00e9mence Beretta : &quot;Je n&#039;ai pas envie que les gens pensent que cela a \u00e9t\u00e9 deux mois parfaits&quot;\" \/>\n<meta property=\"og:description\" content=\"ATHL\u00c9TISME - Entretien avec Cl\u00e9mence Beretta, qui vient de r\u00e9aliser les minima olympiques sur 20 km marche, avec ses 1h28:44.\" \/>\n<meta property=\"og:url\" content=\"https:\/\/dicodusport.fr\/blog\/clemence-beretta-je-nai-pas-envie-que-les-gens-pensent-que-cela-a-ete-deux-mois-parfaits\/\" \/>\n<meta property=\"og:site_name\" content=\"Dicodusport\" \/>\n<meta property=\"article:publisher\" content=\"https:\/\/www.facebook.com\/dicodusport\" \/>\n<meta property=\"article:published_time\" content=\"2024-03-11T10:52:28+00:00\" \/>\n<meta property=\"article:modified_time\" content=\"2024-03-11T10:58:24+00:00\" \/>\n<meta property=\"og:image\" content=\"https:\/\/dicodusport.fr\/blog\/wp-content\/uploads\/2024\/03\/Clemence-Beretta-Je-nai-pas-envie-que-les-gens-pensent-que-cela-a-ete-deux-mois-parfaits.png\" \/>\n\t<meta property=\"og:image:width\" content=\"1200\" \/>\n\t<meta property=\"og:image:height\" content=\"674\" \/>\n\t<meta property=\"og:image:type\" content=\"image\/png\" \/>\n<meta name=\"author\" content=\"Etienne Goursaud\" \/>\n<meta name=\"twitter:card\" content=\"summary_large_image\" \/>\n<meta name=\"twitter:title\" content=\"Cl\u00e9mence Beretta : &quot;Je n&#039;ai pas envie que les gens pensent que cela a \u00e9t\u00e9 deux mois parfaits&quot;\" \/>\n<meta name=\"twitter:creator\" content=\"@dicodusport\" \/>\n<meta name=\"twitter:site\" content=\"@dicodusport\" \/>\n<script type=\"application\/ld+json\" class=\"yoast-schema-graph\">{\"@context\":\"https:\/\/schema.org\",\"@graph\":[{\"@type\":\"NewsArticle\",\"@id\":\"https:\/\/dicodusport.fr\/blog\/clemence-beretta-je-nai-pas-envie-que-les-gens-pensent-que-cela-a-ete-deux-mois-parfaits\/#article\",\"isPartOf\":{\"@id\":\"https:\/\/dicodusport.fr\/blog\/clemence-beretta-je-nai-pas-envie-que-les-gens-pensent-que-cela-a-ete-deux-mois-parfaits\/\"},\"author\":{\"name\":\"Etienne Goursaud\",\"@id\":\"https:\/\/dicodusport.fr\/blog\/#\/schema\/person\/d603dd7da31fb2b46c82b9835a77ec13\"},\"headline\":\"Cl\u00e9mence Beretta : \u00ab\u00a0Je n&rsquo;ai pas envie que les gens pensent que cela a \u00e9t\u00e9 deux mois parfaits\u00a0\u00bb\",\"datePublished\":\"2024-03-11T10:52:28+00:00\",\"dateModified\":\"2024-03-11T10:58:24+00:00\",\"mainEntityOfPage\":{\"@id\":\"https:\/\/dicodusport.fr\/blog\/clemence-beretta-je-nai-pas-envie-que-les-gens-pensent-que-cela-a-ete-deux-mois-parfaits\/\"},\"wordCount\":2962,\"commentCount\":0,\"publisher\":{\"@id\":\"https:\/\/dicodusport.fr\/blog\/#organization\"},\"image\":{\"@id\":\"https:\/\/dicodusport.fr\/blog\/clemence-beretta-je-nai-pas-envie-que-les-gens-pensent-que-cela-a-ete-deux-mois-parfaits\/#primaryimage\"},\"thumbnailUrl\":\"https:\/\/dicodusport.fr\/blog\/wp-content\/uploads\/2024\/03\/Clemence-Beretta-Je-nai-pas-envie-que-les-gens-pensent-que-cela-a-ete-deux-mois-parfaits.png\",\"keywords\":[\"Athl\u00e9tisme\",\"br\u00e8ve\",\"Cl\u00e9mence Beretta\",\"JO Paris 2024\",\"marche athl\u00e9tique\",\"sport\"],\"articleSection\":[\"Athl\u00e9tisme\"],\"inLanguage\":\"fr-FR\",\"potentialAction\":[{\"@type\":\"CommentAction\",\"name\":\"Comment\",\"target\":[\"https:\/\/dicodusport.fr\/blog\/clemence-beretta-je-nai-pas-envie-que-les-gens-pensent-que-cela-a-ete-deux-mois-parfaits\/#respond\"]}],\"copyrightYear\":\"2024\",\"copyrightHolder\":{\"@id\":\"https:\/\/dicodusport.fr\/blog\/#organization\"}},{\"@type\":\"WebPage\",\"@id\":\"https:\/\/dicodusport.fr\/blog\/clemence-beretta-je-nai-pas-envie-que-les-gens-pensent-que-cela-a-ete-deux-mois-parfaits\/\",\"url\":\"https:\/\/dicodusport.fr\/blog\/clemence-beretta-je-nai-pas-envie-que-les-gens-pensent-que-cela-a-ete-deux-mois-parfaits\/\",\"name\":\"Cl\u00e9mence Beretta : \\\"Je n'ai pas envie que les gens pensent que cela a \u00e9t\u00e9 deux mois parfaits\\\"\",\"isPartOf\":{\"@id\":\"https:\/\/dicodusport.fr\/blog\/#website\"},\"primaryImageOfPage\":{\"@id\":\"https:\/\/dicodusport.fr\/blog\/clemence-beretta-je-nai-pas-envie-que-les-gens-pensent-que-cela-a-ete-deux-mois-parfaits\/#primaryimage\"},\"image\":{\"@id\":\"https:\/\/dicodusport.fr\/blog\/clemence-beretta-je-nai-pas-envie-que-les-gens-pensent-que-cela-a-ete-deux-mois-parfaits\/#primaryimage\"},\"thumbnailUrl\":\"https:\/\/dicodusport.fr\/blog\/wp-content\/uploads\/2024\/03\/Clemence-Beretta-Je-nai-pas-envie-que-les-gens-pensent-que-cela-a-ete-deux-mois-parfaits.png\",\"datePublished\":\"2024-03-11T10:52:28+00:00\",\"dateModified\":\"2024-03-11T10:58:24+00:00\",\"description\":\"ATHL\u00c9TISME - Entretien avec Cl\u00e9mence Beretta, qui vient de r\u00e9aliser les minima olympiques sur 20 km marche, avec ses 1h28:44.\",\"breadcrumb\":{\"@id\":\"https:\/\/dicodusport.fr\/blog\/clemence-beretta-je-nai-pas-envie-que-les-gens-pensent-que-cela-a-ete-deux-mois-parfaits\/#breadcrumb\"},\"inLanguage\":\"fr-FR\",\"potentialAction\":[{\"@type\":\"ReadAction\",\"target\":[\"https:\/\/dicodusport.fr\/blog\/clemence-beretta-je-nai-pas-envie-que-les-gens-pensent-que-cela-a-ete-deux-mois-parfaits\/\"]}]},{\"@type\":\"ImageObject\",\"inLanguage\":\"fr-FR\",\"@id\":\"https:\/\/dicodusport.fr\/blog\/clemence-beretta-je-nai-pas-envie-que-les-gens-pensent-que-cela-a-ete-deux-mois-parfaits\/#primaryimage\",\"url\":\"https:\/\/dicodusport.fr\/blog\/wp-content\/uploads\/2024\/03\/Clemence-Beretta-Je-nai-pas-envie-que-les-gens-pensent-que-cela-a-ete-deux-mois-parfaits.png\",\"contentUrl\":\"https:\/\/dicodusport.fr\/blog\/wp-content\/uploads\/2024\/03\/Clemence-Beretta-Je-nai-pas-envie-que-les-gens-pensent-que-cela-a-ete-deux-mois-parfaits.png\",\"width\":1200,\"height\":674,\"caption\":\"Cl\u00e9mence Beretta : \\\"Je n'ai pas envie que les gens pensent que cela a \u00e9t\u00e9 deux mois parfaits\\\"\"},{\"@type\":\"BreadcrumbList\",\"@id\":\"https:\/\/dicodusport.fr\/blog\/clemence-beretta-je-nai-pas-envie-que-les-gens-pensent-que-cela-a-ete-deux-mois-parfaits\/#breadcrumb\",\"itemListElement\":[{\"@type\":\"ListItem\",\"position\":1,\"name\":\"Accueil\",\"item\":\"https:\/\/dicodusport.fr\/blog\/\"},{\"@type\":\"ListItem\",\"position\":2,\"name\":\"Cl\u00e9mence Beretta : \u00ab\u00a0Je n&rsquo;ai pas envie que les gens pensent que cela a \u00e9t\u00e9 deux mois parfaits\u00a0\u00bb\"}]},{\"@type\":\"WebSite\",\"@id\":\"https:\/\/dicodusport.fr\/blog\/#website\",\"url\":\"https:\/\/dicodusport.fr\/blog\/\",\"name\":\"Dicodusport\",\"description\":\"L&#039;encyclop\u00e9die de l&#039;actualit\u00e9 sportive\",\"publisher\":{\"@id\":\"https:\/\/dicodusport.fr\/blog\/#organization\"},\"potentialAction\":[{\"@type\":\"SearchAction\",\"target\":{\"@type\":\"EntryPoint\",\"urlTemplate\":\"https:\/\/dicodusport.fr\/blog\/?s={search_term_string}\"},\"query-input\":{\"@type\":\"PropertyValueSpecification\",\"valueRequired\":true,\"valueName\":\"search_term_string\"}}],\"inLanguage\":\"fr-FR\"},{\"@type\":\"NewsMediaOrganization\",\"@id\":\"https:\/\/dicodusport.fr\/blog\/#organization\",\"name\":\"Dicodusport\",\"url\":\"https:\/\/dicodusport.fr\/blog\/\",\"logo\":{\"@type\":\"ImageObject\",\"inLanguage\":\"fr-FR\",\"@id\":\"https:\/\/dicodusport.fr\/blog\/#\/schema\/logo\/image\/\",\"url\":\"https:\/\/dicodusport.fr\/blog\/wp-content\/uploads\/2020\/06\/cropped-LOGO-DICODUSPORT-2020-SANS-FOND-SANS-TEXTE.png\",\"contentUrl\":\"https:\/\/dicodusport.fr\/blog\/wp-content\/uploads\/2020\/06\/cropped-LOGO-DICODUSPORT-2020-SANS-FOND-SANS-TEXTE.png\",\"width\":512,\"height\":512,\"caption\":\"Dicodusport\"},\"image\":{\"@id\":\"https:\/\/dicodusport.fr\/blog\/#\/schema\/logo\/image\/\"},\"sameAs\":[\"https:\/\/www.facebook.com\/dicodusport\",\"https:\/\/x.com\/dicodusport\",\"https:\/\/www.instagram.com\/dicodusport\/\",\"https:\/\/www.youtube.com\/channel\/UC7V2KZ5sd3htJivAbA4ZG3w\"],\"description\":\"Dicodusport est l'encyclop\u00e9die de l'actualit\u00e9 sportive.\",\"email\":\"bonjour@dicodusport.fr\",\"legalName\":\"DICODUSPORT\",\"foundingDate\":\"2018-01-14\",\"vatID\":\"FR71834470973\",\"taxID\":\"83447097300043\",\"numberOfEmployees\":{\"@type\":\"QuantitativeValue\",\"minValue\":\"1\",\"maxValue\":\"10\"}},{\"@type\":\"Person\",\"@id\":\"https:\/\/dicodusport.fr\/blog\/#\/schema\/person\/d603dd7da31fb2b46c82b9835a77ec13\",\"name\":\"Etienne Goursaud\",\"image\":{\"@type\":\"ImageObject\",\"inLanguage\":\"fr-FR\",\"@id\":\"https:\/\/dicodusport.fr\/blog\/#\/schema\/person\/image\/\",\"url\":\"https:\/\/dicodusport.fr\/blog\/wp-content\/uploads\/2023\/12\/410122264_10231602061736049_5565839791558026645_n-150x150.jpg\",\"contentUrl\":\"https:\/\/dicodusport.fr\/blog\/wp-content\/uploads\/2023\/12\/410122264_10231602061736049_5565839791558026645_n-150x150.jpg\",\"caption\":\"Etienne Goursaud\"},\"description\":\"Journaliste et amoureux de sport. Ancien footballeur reconverti athl\u00e8te quand ses muscles le laissent tranquille. \u00c9lev\u00e9 \u00e0 la sauce des exploits de Thomas Voeckler en 2004, du dernier essai de l\u00e9gende de Eunice Barber \u00e0 la longueur lors des championnats du monde d'athl\u00e9tisme de 2003 mais aussi Zidane, Omeyer et Titou Lamaison.\",\"url\":\"https:\/\/dicodusport.fr\/blog\/author\/etienne-goursaud\/\"}]}<\/script>\n<!-- \/ Yoast SEO Premium plugin. -->","yoast_head_json":{"title":"Cl\u00e9mence Beretta : \"Je n'ai pas envie que les gens pensent que cela a \u00e9t\u00e9 deux mois parfaits\"","description":"ATHL\u00c9TISME - Entretien avec Cl\u00e9mence Beretta, qui vient de r\u00e9aliser les minima olympiques sur 20 km marche, avec ses 1h28:44.","robots":{"index":"index","follow":"follow","max-snippet":"max-snippet:-1","max-image-preview":"max-image-preview:large","max-video-preview":"max-video-preview:-1"},"canonical":"https:\/\/dicodusport.fr\/blog\/clemence-beretta-je-nai-pas-envie-que-les-gens-pensent-que-cela-a-ete-deux-mois-parfaits\/","og_locale":"fr_FR","og_type":"article","og_title":"Cl\u00e9mence Beretta : \"Je n'ai pas envie que les gens pensent que cela a \u00e9t\u00e9 deux mois parfaits\"","og_description":"ATHL\u00c9TISME - Entretien avec Cl\u00e9mence Beretta, qui vient de r\u00e9aliser les minima olympiques sur 20 km marche, avec ses 1h28:44.","og_url":"https:\/\/dicodusport.fr\/blog\/clemence-beretta-je-nai-pas-envie-que-les-gens-pensent-que-cela-a-ete-deux-mois-parfaits\/","og_site_name":"Dicodusport","article_publisher":"https:\/\/www.facebook.com\/dicodusport","article_published_time":"2024-03-11T10:52:28+00:00","article_modified_time":"2024-03-11T10:58:24+00:00","og_image":[{"width":1200,"height":674,"url":"https:\/\/dicodusport.fr\/blog\/wp-content\/uploads\/2024\/03\/Clemence-Beretta-Je-nai-pas-envie-que-les-gens-pensent-que-cela-a-ete-deux-mois-parfaits.png","type":"image\/png"}],"author":"Etienne Goursaud","twitter_card":"summary_large_image","twitter_title":"Cl\u00e9mence Beretta : \"Je n'ai pas envie que les gens pensent que cela a \u00e9t\u00e9 deux mois parfaits\"","twitter_creator":"@dicodusport","twitter_site":"@dicodusport","schema":{"@context":"https:\/\/schema.org","@graph":[{"@type":"NewsArticle","@id":"https:\/\/dicodusport.fr\/blog\/clemence-beretta-je-nai-pas-envie-que-les-gens-pensent-que-cela-a-ete-deux-mois-parfaits\/#article","isPartOf":{"@id":"https:\/\/dicodusport.fr\/blog\/clemence-beretta-je-nai-pas-envie-que-les-gens-pensent-que-cela-a-ete-deux-mois-parfaits\/"},"author":{"name":"Etienne Goursaud","@id":"https:\/\/dicodusport.fr\/blog\/#\/schema\/person\/d603dd7da31fb2b46c82b9835a77ec13"},"headline":"Cl\u00e9mence Beretta : \u00ab\u00a0Je n&rsquo;ai pas envie que les gens pensent que cela a \u00e9t\u00e9 deux mois parfaits\u00a0\u00bb","datePublished":"2024-03-11T10:52:28+00:00","dateModified":"2024-03-11T10:58:24+00:00","mainEntityOfPage":{"@id":"https:\/\/dicodusport.fr\/blog\/clemence-beretta-je-nai-pas-envie-que-les-gens-pensent-que-cela-a-ete-deux-mois-parfaits\/"},"wordCount":2962,"commentCount":0,"publisher":{"@id":"https:\/\/dicodusport.fr\/blog\/#organization"},"image":{"@id":"https:\/\/dicodusport.fr\/blog\/clemence-beretta-je-nai-pas-envie-que-les-gens-pensent-que-cela-a-ete-deux-mois-parfaits\/#primaryimage"},"thumbnailUrl":"https:\/\/dicodusport.fr\/blog\/wp-content\/uploads\/2024\/03\/Clemence-Beretta-Je-nai-pas-envie-que-les-gens-pensent-que-cela-a-ete-deux-mois-parfaits.png","keywords":["Athl\u00e9tisme","br\u00e8ve","Cl\u00e9mence Beretta","JO Paris 2024","marche athl\u00e9tique","sport"],"articleSection":["Athl\u00e9tisme"],"inLanguage":"fr-FR","potentialAction":[{"@type":"CommentAction","name":"Comment","target":["https:\/\/dicodusport.fr\/blog\/clemence-beretta-je-nai-pas-envie-que-les-gens-pensent-que-cela-a-ete-deux-mois-parfaits\/#respond"]}],"copyrightYear":"2024","copyrightHolder":{"@id":"https:\/\/dicodusport.fr\/blog\/#organization"}},{"@type":"WebPage","@id":"https:\/\/dicodusport.fr\/blog\/clemence-beretta-je-nai-pas-envie-que-les-gens-pensent-que-cela-a-ete-deux-mois-parfaits\/","url":"https:\/\/dicodusport.fr\/blog\/clemence-beretta-je-nai-pas-envie-que-les-gens-pensent-que-cela-a-ete-deux-mois-parfaits\/","name":"Cl\u00e9mence Beretta : \"Je n'ai pas envie que les gens pensent que cela a \u00e9t\u00e9 deux mois parfaits\"","isPartOf":{"@id":"https:\/\/dicodusport.fr\/blog\/#website"},"primaryImageOfPage":{"@id":"https:\/\/dicodusport.fr\/blog\/clemence-beretta-je-nai-pas-envie-que-les-gens-pensent-que-cela-a-ete-deux-mois-parfaits\/#primaryimage"},"image":{"@id":"https:\/\/dicodusport.fr\/blog\/clemence-beretta-je-nai-pas-envie-que-les-gens-pensent-que-cela-a-ete-deux-mois-parfaits\/#primaryimage"},"thumbnailUrl":"https:\/\/dicodusport.fr\/blog\/wp-content\/uploads\/2024\/03\/Clemence-Beretta-Je-nai-pas-envie-que-les-gens-pensent-que-cela-a-ete-deux-mois-parfaits.png","datePublished":"2024-03-11T10:52:28+00:00","dateModified":"2024-03-11T10:58:24+00:00","description":"ATHL\u00c9TISME - Entretien avec Cl\u00e9mence Beretta, qui vient de r\u00e9aliser les minima olympiques sur 20 km marche, avec ses 1h28:44.","breadcrumb":{"@id":"https:\/\/dicodusport.fr\/blog\/clemence-beretta-je-nai-pas-envie-que-les-gens-pensent-que-cela-a-ete-deux-mois-parfaits\/#breadcrumb"},"inLanguage":"fr-FR","potentialAction":[{"@type":"ReadAction","target":["https:\/\/dicodusport.fr\/blog\/clemence-beretta-je-nai-pas-envie-que-les-gens-pensent-que-cela-a-ete-deux-mois-parfaits\/"]}]},{"@type":"ImageObject","inLanguage":"fr-FR","@id":"https:\/\/dicodusport.fr\/blog\/clemence-beretta-je-nai-pas-envie-que-les-gens-pensent-que-cela-a-ete-deux-mois-parfaits\/#primaryimage","url":"https:\/\/dicodusport.fr\/blog\/wp-content\/uploads\/2024\/03\/Clemence-Beretta-Je-nai-pas-envie-que-les-gens-pensent-que-cela-a-ete-deux-mois-parfaits.png","contentUrl":"https:\/\/dicodusport.fr\/blog\/wp-content\/uploads\/2024\/03\/Clemence-Beretta-Je-nai-pas-envie-que-les-gens-pensent-que-cela-a-ete-deux-mois-parfaits.png","width":1200,"height":674,"caption":"Cl\u00e9mence Beretta : \"Je n'ai pas envie que les gens pensent que cela a \u00e9t\u00e9 deux mois parfaits\""},{"@type":"BreadcrumbList","@id":"https:\/\/dicodusport.fr\/blog\/clemence-beretta-je-nai-pas-envie-que-les-gens-pensent-que-cela-a-ete-deux-mois-parfaits\/#breadcrumb","itemListElement":[{"@type":"ListItem","position":1,"name":"Accueil","item":"https:\/\/dicodusport.fr\/blog\/"},{"@type":"ListItem","position":2,"name":"Cl\u00e9mence Beretta : \u00ab\u00a0Je n&rsquo;ai pas envie que les gens pensent que cela a \u00e9t\u00e9 deux mois parfaits\u00a0\u00bb"}]},{"@type":"WebSite","@id":"https:\/\/dicodusport.fr\/blog\/#website","url":"https:\/\/dicodusport.fr\/blog\/","name":"Dicodusport","description":"L&#039;encyclop\u00e9die de l&#039;actualit\u00e9 sportive","publisher":{"@id":"https:\/\/dicodusport.fr\/blog\/#organization"},"potentialAction":[{"@type":"SearchAction","target":{"@type":"EntryPoint","urlTemplate":"https:\/\/dicodusport.fr\/blog\/?s={search_term_string}"},"query-input":{"@type":"PropertyValueSpecification","valueRequired":true,"valueName":"search_term_string"}}],"inLanguage":"fr-FR"},{"@type":"NewsMediaOrganization","@id":"https:\/\/dicodusport.fr\/blog\/#organization","name":"Dicodusport","url":"https:\/\/dicodusport.fr\/blog\/","logo":{"@type":"ImageObject","inLanguage":"fr-FR","@id":"https:\/\/dicodusport.fr\/blog\/#\/schema\/logo\/image\/","url":"https:\/\/dicodusport.fr\/blog\/wp-content\/uploads\/2020\/06\/cropped-LOGO-DICODUSPORT-2020-SANS-FOND-SANS-TEXTE.png","contentUrl":"https:\/\/dicodusport.fr\/blog\/wp-content\/uploads\/2020\/06\/cropped-LOGO-DICODUSPORT-2020-SANS-FOND-SANS-TEXTE.png","width":512,"height":512,"caption":"Dicodusport"},"image":{"@id":"https:\/\/dicodusport.fr\/blog\/#\/schema\/logo\/image\/"},"sameAs":["https:\/\/www.facebook.com\/dicodusport","https:\/\/x.com\/dicodusport","https:\/\/www.instagram.com\/dicodusport\/","https:\/\/www.youtube.com\/channel\/UC7V2KZ5sd3htJivAbA4ZG3w"],"description":"Dicodusport est l'encyclop\u00e9die de l'actualit\u00e9 sportive.","email":"bonjour@dicodusport.fr","legalName":"DICODUSPORT","foundingDate":"2018-01-14","vatID":"FR71834470973","taxID":"83447097300043","numberOfEmployees":{"@type":"QuantitativeValue","minValue":"1","maxValue":"10"}},{"@type":"Person","@id":"https:\/\/dicodusport.fr\/blog\/#\/schema\/person\/d603dd7da31fb2b46c82b9835a77ec13","name":"Etienne Goursaud","image":{"@type":"ImageObject","inLanguage":"fr-FR","@id":"https:\/\/dicodusport.fr\/blog\/#\/schema\/person\/image\/","url":"https:\/\/dicodusport.fr\/blog\/wp-content\/uploads\/2023\/12\/410122264_10231602061736049_5565839791558026645_n-150x150.jpg","contentUrl":"https:\/\/dicodusport.fr\/blog\/wp-content\/uploads\/2023\/12\/410122264_10231602061736049_5565839791558026645_n-150x150.jpg","caption":"Etienne Goursaud"},"description":"Journaliste et amoureux de sport. Ancien footballeur reconverti athl\u00e8te quand ses muscles le laissent tranquille. \u00c9lev\u00e9 \u00e0 la sauce des exploits de Thomas Voeckler en 2004, du dernier essai de l\u00e9gende de Eunice Barber \u00e0 la longueur lors des championnats du monde d'athl\u00e9tisme de 2003 mais aussi Zidane, Omeyer et Titou Lamaison.","url":"https:\/\/dicodusport.fr\/blog\/author\/etienne-goursaud\/"}]}},"_links":{"self":[{"href":"https:\/\/dicodusport.fr\/blog\/wp-json\/wp\/v2\/posts\/469810","targetHints":{"allow":["GET"]}}],"collection":[{"href":"https:\/\/dicodusport.fr\/blog\/wp-json\/wp\/v2\/posts"}],"about":[{"href":"https:\/\/dicodusport.fr\/blog\/wp-json\/wp\/v2\/types\/post"}],"author":[{"embeddable":true,"href":"https:\/\/dicodusport.fr\/blog\/wp-json\/wp\/v2\/users\/83"}],"replies":[{"embeddable":true,"href":"https:\/\/dicodusport.fr\/blog\/wp-json\/wp\/v2\/comments?post=469810"}],"version-history":[{"count":5,"href":"https:\/\/dicodusport.fr\/blog\/wp-json\/wp\/v2\/posts\/469810\/revisions"}],"predecessor-version":[{"id":471297,"href":"https:\/\/dicodusport.fr\/blog\/wp-json\/wp\/v2\/posts\/469810\/revisions\/471297"}],"wp:featuredmedia":[{"embeddable":true,"href":"https:\/\/dicodusport.fr\/blog\/wp-json\/wp\/v2\/media\/469835"}],"wp:attachment":[{"href":"https:\/\/dicodusport.fr\/blog\/wp-json\/wp\/v2\/media?parent=469810"}],"wp:term":[{"taxonomy":"category","embeddable":true,"href":"https:\/\/dicodusport.fr\/blog\/wp-json\/wp\/v2\/categories?post=469810"},{"taxonomy":"post_tag","embeddable":true,"href":"https:\/\/dicodusport.fr\/blog\/wp-json\/wp\/v2\/tags?post=469810"}],"curies":[{"name":"wp","href":"https:\/\/api.w.org\/{rel}","templated":true}]}}