{"id":469904,"date":"2024-03-07T12:36:37","date_gmt":"2024-03-07T11:36:37","guid":{"rendered":"https:\/\/dicodusport.fr\/blog\/?p=469904&#038;preview=true&#038;preview_id=469904"},"modified":"2025-07-09T18:15:31","modified_gmt":"2025-07-09T16:15:31","slug":"ibu-cup-2023-2024-podium-pour-chloe-chevalier-et-camille-bened-sur-lindividuel-court-dobertilliach","status":"publish","type":"post","link":"https:\/\/dicodusport.fr\/blog\/ibu-cup-2023-2024-podium-pour-chloe-chevalier-et-camille-bened-sur-lindividuel-court-dobertilliach\/","title":{"rendered":"IBU Cup 2023\/2024 : Podium pour Chlo\u00e9 Chevalier et Camille Bened sur l&rsquo;individuel court d&rsquo;Obertilliach"},"content":{"rendered":"<p style=\"text-align: justify;\"><em><b>IBU CUP SAISON 2023\/2024 &#8211; Il n&rsquo;a manqu\u00e9 que la victoire pour les Bleues, qui ont r\u00e9alis\u00e9 une belle performance d&rsquo;ensemble et plac\u00e9 Chlo\u00e9 Chevalier et Camille Bened sur le podium de l&rsquo;individuel court.\u00a0<\/b><\/em><\/p>\n<p style=\"text-align: justify;\">Il n&rsquo;y aura pas eu de sixi\u00e8me victoire pour les Fran\u00e7aises cette saison en IBU Cup. Dommage, puisque les Bleues ont livr\u00e9 une performance ultra solide \u00e0 Obertilliach. Sur l&rsquo;individuel court (12.5 km), premi\u00e8re course de la derni\u00e8re manche de la saison, elles ont en effet trust\u00e9 le podium. Mais <strong>Chlo\u00e9 Chevalier<\/strong> pourra avoir de tr\u00e8s gros regrets, ne terminant qu&rsquo;\u00e0 12.5 secondes de la gagnante,<strong> Lisa Maria Spark<\/strong>, malgr\u00e9 deux fautes au compteur contre z\u00e9ro pour l&rsquo;Allemande !<\/p>\n<blockquote class=\"twitter-tweet\">\n<p dir=\"ltr\" lang=\"fr\">\ud83e\udd48\ud83e\udd49 Le podium pour Chlo\u00e9 Chevalier et Camille Bened pour cette individuelle court de l&rsquo;IBU Cup \u00e0 Obertilliach<\/p>\n<p>Rendez-vous \u00e0 14h30 pour suivre l&rsquo;individuel hommes sur l&rsquo;\u00c9quipe Live : <a href=\"https:\/\/t.co\/icnqogyDWR\">https:\/\/t.co\/icnqogyDWR<\/a> <a href=\"https:\/\/t.co\/bqToKi29rO\">pic.twitter.com\/bqToKi29rO<\/a><\/p>\n<p>\u2014 L&rsquo;\u00c9QUIPE (@lequipe) <a href=\"https:\/\/twitter.com\/lequipe\/status\/1765697277530710372?ref_src=twsrc%5Etfw\">March 7, 2024<\/a><\/p><\/blockquote>\n<p style=\"text-align: justify;\"><script async src=\"https:\/\/platform.twitter.com\/widgets.js\" charset=\"utf-8\"><\/script><br \/>\n<strong>Camille Bened<\/strong>, elle, a eu la chance de son c\u00f4t\u00e9. Une seule faute, tout comme Stefanie Scherer, mais elle a coiff\u00e9 l&rsquo;Allemande pour 0.5 secondes et a ainsi pu grimper sur la troisi\u00e8me marche du podium, son deuxi\u00e8me de la saison. Une superbe performance magnifi\u00e9e par la 7e place d&rsquo;<strong>Oc\u00e9ane Michelon<\/strong>, qui revient \u00e0 24 points au classement g\u00e9n\u00e9ral par rapport \u00e0 <strong>Jenny Enodd,<\/strong> la Norv\u00e9gienne s&rsquo;\u00e9tant loup\u00e9e avec une 24e place. Avec en plus la 8e place pour<strong> Ana\u00eblle Bondoux,<\/strong> la fin de saison commence en fanfare pour les Bleues.<\/p>\n","protected":false},"excerpt":{"rendered":"<p>IBU CUP SAISON 2023\/2024 &#8211; Il n&rsquo;a manqu\u00e9 que la victoire pour les Bleues, qui ont r\u00e9alis\u00e9 une belle performance d&rsquo;ensemble et plac\u00e9 Chlo\u00e9 Chevalier et Camille Bened sur le podium de l&rsquo;individuel court.\u00a0<\/p>\n","protected":false},"author":59,"featured_media":469907,"comment_status":"open","ping_status":"closed","sticky":false,"template":"","format":"standard","meta":{"_acf_changed":false,"_daextam_enable_autolinks":"1","footnotes":""},"categories":[2426],"tags":[2427,29733,16878],"class_list":["post-469904","post","type-post","status-publish","format-standard","has-post-thumbnail","hentry","category-biathlon","tag-biathlon","tag-biathlon-francais","tag-breve"],"acf":[],"yoast_head":"<!-- This site is optimized with the Yoast SEO Premium plugin v26.7 (Yoast SEO v26.7) - https:\/\/yoast.com\/wordpress\/plugins\/seo\/ -->\n<title>IBU Cup 2023\/2024 : Podium pour Chlo\u00e9 Chevalier et Camille Bened sur l&#039;individuel court d&#039;Obertilliach<\/title>\n<meta name=\"description\" content=\"IBU CUP SAISON 2023\/2024 - Les Bleues ont r\u00e9alis\u00e9 une belle performance d&#039;ensemble et plac\u00e9 Chlo\u00e9 Chevalier et Camille Bened sur le podium de l&#039;individuel court.\u00a0\" \/>\n<meta name=\"robots\" content=\"index, follow, max-snippet:-1, max-image-preview:large, max-video-preview:-1\" \/>\n<link rel=\"canonical\" href=\"https:\/\/dicodusport.fr\/blog\/ibu-cup-2023-2024-podium-pour-chloe-chevalier-et-camille-bened-sur-lindividuel-court-dobertilliach\/\" \/>\n<meta property=\"og:locale\" content=\"fr_FR\" \/>\n<meta property=\"og:type\" content=\"article\" \/>\n<meta property=\"og:title\" content=\"IBU Cup 2023\/2024 : Podium pour Chlo\u00e9 Chevalier et Camille Bened sur l&#039;individuel court d&#039;Obertilliach\" \/>\n<meta property=\"og:description\" content=\"IBU CUP SAISON 2023\/2024 - Les Bleues ont r\u00e9alis\u00e9 une belle performance d&#039;ensemble et plac\u00e9 Chlo\u00e9 Chevalier et Camille Bened sur le podium de l&#039;individuel court.\u00a0\" \/>\n<meta property=\"og:url\" content=\"https:\/\/dicodusport.fr\/blog\/ibu-cup-2023-2024-podium-pour-chloe-chevalier-et-camille-bened-sur-lindividuel-court-dobertilliach\/\" \/>\n<meta property=\"og:site_name\" content=\"Dicodusport\" \/>\n<meta property=\"article:publisher\" content=\"https:\/\/www.facebook.com\/dicodusport\" \/>\n<meta property=\"article:author\" content=\"https:\/\/www.facebook.com\/sebastien.gente\/\" \/>\n<meta property=\"article:published_time\" content=\"2024-03-07T11:36:37+00:00\" \/>\n<meta property=\"article:modified_time\" content=\"2025-07-09T16:15:31+00:00\" \/>\n<meta property=\"og:image\" content=\"https:\/\/dicodusport.fr\/blog\/wp-content\/uploads\/2024\/03\/IBU-Cup-20232024-Podium-pour-Chloe-Chevalier-et-Camille-Bened-sur-lindividuel-court-dObertilliach-1.png\" \/>\n\t<meta property=\"og:image:width\" content=\"1200\" \/>\n\t<meta property=\"og:image:height\" content=\"674\" \/>\n\t<meta property=\"og:image:type\" content=\"image\/png\" \/>\n<meta name=\"author\" content=\"S\u00e9bastien Gente\" \/>\n<meta name=\"twitter:card\" content=\"summary_large_image\" \/>\n<meta name=\"twitter:title\" content=\"IBU Cup 2023\/2024 : Podium pour Chlo\u00e9 Chevalier et Camille Bened sur l&#039;individuel court d&#039;Obertilliach\" \/>\n<meta name=\"twitter:creator\" content=\"@https:\/\/twitter.com\/globulo24\" \/>\n<meta name=\"twitter:site\" content=\"@dicodusport\" \/>\n<script type=\"application\/ld+json\" class=\"yoast-schema-graph\">{\"@context\":\"https:\/\/schema.org\",\"@graph\":[{\"@type\":\"NewsArticle\",\"@id\":\"https:\/\/dicodusport.fr\/blog\/ibu-cup-2023-2024-podium-pour-chloe-chevalier-et-camille-bened-sur-lindividuel-court-dobertilliach\/#article\",\"isPartOf\":{\"@id\":\"https:\/\/dicodusport.fr\/blog\/ibu-cup-2023-2024-podium-pour-chloe-chevalier-et-camille-bened-sur-lindividuel-court-dobertilliach\/\"},\"author\":{\"name\":\"S\u00e9bastien Gente\",\"@id\":\"https:\/\/dicodusport.fr\/blog\/#\/schema\/person\/627966a6cde45dbd8c5e36ac85d783da\"},\"headline\":\"IBU Cup 2023\/2024 : Podium pour Chlo\u00e9 Chevalier et Camille Bened sur l&rsquo;individuel court d&rsquo;Obertilliach\",\"datePublished\":\"2024-03-07T11:36:37+00:00\",\"dateModified\":\"2025-07-09T16:15:31+00:00\",\"mainEntityOfPage\":{\"@id\":\"https:\/\/dicodusport.fr\/blog\/ibu-cup-2023-2024-podium-pour-chloe-chevalier-et-camille-bened-sur-lindividuel-court-dobertilliach\/\"},\"wordCount\":277,\"commentCount\":0,\"publisher\":{\"@id\":\"https:\/\/dicodusport.fr\/blog\/#organization\"},\"image\":{\"@id\":\"https:\/\/dicodusport.fr\/blog\/ibu-cup-2023-2024-podium-pour-chloe-chevalier-et-camille-bened-sur-lindividuel-court-dobertilliach\/#primaryimage\"},\"thumbnailUrl\":\"https:\/\/dicodusport.fr\/blog\/wp-content\/uploads\/2024\/03\/IBU-Cup-20232024-Podium-pour-Chloe-Chevalier-et-Camille-Bened-sur-lindividuel-court-dObertilliach-1.png\",\"keywords\":[\"Biathlon\",\"biathlon fran\u00e7ais\",\"br\u00e8ve\"],\"articleSection\":[\"Biathlon\"],\"inLanguage\":\"fr-FR\",\"potentialAction\":[{\"@type\":\"CommentAction\",\"name\":\"Comment\",\"target\":[\"https:\/\/dicodusport.fr\/blog\/ibu-cup-2023-2024-podium-pour-chloe-chevalier-et-camille-bened-sur-lindividuel-court-dobertilliach\/#respond\"]}],\"copyrightYear\":\"2024\",\"copyrightHolder\":{\"@id\":\"https:\/\/dicodusport.fr\/blog\/#organization\"}},{\"@type\":\"WebPage\",\"@id\":\"https:\/\/dicodusport.fr\/blog\/ibu-cup-2023-2024-podium-pour-chloe-chevalier-et-camille-bened-sur-lindividuel-court-dobertilliach\/\",\"url\":\"https:\/\/dicodusport.fr\/blog\/ibu-cup-2023-2024-podium-pour-chloe-chevalier-et-camille-bened-sur-lindividuel-court-dobertilliach\/\",\"name\":\"IBU Cup 2023\/2024 : Podium pour Chlo\u00e9 Chevalier et Camille Bened sur l'individuel court d'Obertilliach\",\"isPartOf\":{\"@id\":\"https:\/\/dicodusport.fr\/blog\/#website\"},\"primaryImageOfPage\":{\"@id\":\"https:\/\/dicodusport.fr\/blog\/ibu-cup-2023-2024-podium-pour-chloe-chevalier-et-camille-bened-sur-lindividuel-court-dobertilliach\/#primaryimage\"},\"image\":{\"@id\":\"https:\/\/dicodusport.fr\/blog\/ibu-cup-2023-2024-podium-pour-chloe-chevalier-et-camille-bened-sur-lindividuel-court-dobertilliach\/#primaryimage\"},\"thumbnailUrl\":\"https:\/\/dicodusport.fr\/blog\/wp-content\/uploads\/2024\/03\/IBU-Cup-20232024-Podium-pour-Chloe-Chevalier-et-Camille-Bened-sur-lindividuel-court-dObertilliach-1.png\",\"datePublished\":\"2024-03-07T11:36:37+00:00\",\"dateModified\":\"2025-07-09T16:15:31+00:00\",\"description\":\"IBU CUP SAISON 2023\/2024 - Les Bleues ont r\u00e9alis\u00e9 une belle performance d'ensemble et plac\u00e9 Chlo\u00e9 Chevalier et Camille Bened sur le podium de l'individuel court.\u00a0\",\"breadcrumb\":{\"@id\":\"https:\/\/dicodusport.fr\/blog\/ibu-cup-2023-2024-podium-pour-chloe-chevalier-et-camille-bened-sur-lindividuel-court-dobertilliach\/#breadcrumb\"},\"inLanguage\":\"fr-FR\",\"potentialAction\":[{\"@type\":\"ReadAction\",\"target\":[\"https:\/\/dicodusport.fr\/blog\/ibu-cup-2023-2024-podium-pour-chloe-chevalier-et-camille-bened-sur-lindividuel-court-dobertilliach\/\"]}]},{\"@type\":\"ImageObject\",\"inLanguage\":\"fr-FR\",\"@id\":\"https:\/\/dicodusport.fr\/blog\/ibu-cup-2023-2024-podium-pour-chloe-chevalier-et-camille-bened-sur-lindividuel-court-dobertilliach\/#primaryimage\",\"url\":\"https:\/\/dicodusport.fr\/blog\/wp-content\/uploads\/2024\/03\/IBU-Cup-20232024-Podium-pour-Chloe-Chevalier-et-Camille-Bened-sur-lindividuel-court-dObertilliach-1.png\",\"contentUrl\":\"https:\/\/dicodusport.fr\/blog\/wp-content\/uploads\/2024\/03\/IBU-Cup-20232024-Podium-pour-Chloe-Chevalier-et-Camille-Bened-sur-lindividuel-court-dObertilliach-1.png\",\"width\":1200,\"height\":674,\"caption\":\"IBU Cup 20232024 Podium pour Chlo\u00e9 Chevalier et Camille Bened sur l'individuel court d'Obertilliach\"},{\"@type\":\"BreadcrumbList\",\"@id\":\"https:\/\/dicodusport.fr\/blog\/ibu-cup-2023-2024-podium-pour-chloe-chevalier-et-camille-bened-sur-lindividuel-court-dobertilliach\/#breadcrumb\",\"itemListElement\":[{\"@type\":\"ListItem\",\"position\":1,\"name\":\"Accueil\",\"item\":\"https:\/\/dicodusport.fr\/blog\/\"},{\"@type\":\"ListItem\",\"position\":2,\"name\":\"IBU Cup 2023\/2024 : Podium pour Chlo\u00e9 Chevalier et Camille Bened sur l&rsquo;individuel court d&rsquo;Obertilliach\"}]},{\"@type\":\"WebSite\",\"@id\":\"https:\/\/dicodusport.fr\/blog\/#website\",\"url\":\"https:\/\/dicodusport.fr\/blog\/\",\"name\":\"Dicodusport\",\"description\":\"L&#039;encyclop\u00e9die de l&#039;actualit\u00e9 sportive\",\"publisher\":{\"@id\":\"https:\/\/dicodusport.fr\/blog\/#organization\"},\"potentialAction\":[{\"@type\":\"SearchAction\",\"target\":{\"@type\":\"EntryPoint\",\"urlTemplate\":\"https:\/\/dicodusport.fr\/blog\/?s={search_term_string}\"},\"query-input\":{\"@type\":\"PropertyValueSpecification\",\"valueRequired\":true,\"valueName\":\"search_term_string\"}}],\"inLanguage\":\"fr-FR\"},{\"@type\":\"NewsMediaOrganization\",\"@id\":\"https:\/\/dicodusport.fr\/blog\/#organization\",\"name\":\"Dicodusport\",\"url\":\"https:\/\/dicodusport.fr\/blog\/\",\"logo\":{\"@type\":\"ImageObject\",\"inLanguage\":\"fr-FR\",\"@id\":\"https:\/\/dicodusport.fr\/blog\/#\/schema\/logo\/image\/\",\"url\":\"https:\/\/dicodusport.fr\/blog\/wp-content\/uploads\/2020\/06\/cropped-LOGO-DICODUSPORT-2020-SANS-FOND-SANS-TEXTE.png\",\"contentUrl\":\"https:\/\/dicodusport.fr\/blog\/wp-content\/uploads\/2020\/06\/cropped-LOGO-DICODUSPORT-2020-SANS-FOND-SANS-TEXTE.png\",\"width\":512,\"height\":512,\"caption\":\"Dicodusport\"},\"image\":{\"@id\":\"https:\/\/dicodusport.fr\/blog\/#\/schema\/logo\/image\/\"},\"sameAs\":[\"https:\/\/www.facebook.com\/dicodusport\",\"https:\/\/x.com\/dicodusport\",\"https:\/\/www.instagram.com\/dicodusport\/\",\"https:\/\/www.youtube.com\/channel\/UC7V2KZ5sd3htJivAbA4ZG3w\"],\"description\":\"Dicodusport est l'encyclop\u00e9die de l'actualit\u00e9 sportive.\",\"email\":\"bonjour@dicodusport.fr\",\"legalName\":\"DICODUSPORT\",\"foundingDate\":\"2018-01-14\",\"vatID\":\"FR71834470973\",\"taxID\":\"83447097300043\",\"numberOfEmployees\":{\"@type\":\"QuantitativeValue\",\"minValue\":\"1\",\"maxValue\":\"10\"}},{\"@type\":\"Person\",\"@id\":\"https:\/\/dicodusport.fr\/blog\/#\/schema\/person\/627966a6cde45dbd8c5e36ac85d783da\",\"name\":\"S\u00e9bastien Gente\",\"image\":{\"@type\":\"ImageObject\",\"inLanguage\":\"fr-FR\",\"@id\":\"https:\/\/dicodusport.fr\/blog\/#\/schema\/person\/image\/\",\"url\":\"https:\/\/dicodusport.fr\/blog\/wp-content\/uploads\/2021\/09\/1510990_10205810251400683_4124423575079401707_n-150x150.jpg\",\"contentUrl\":\"https:\/\/dicodusport.fr\/blog\/wp-content\/uploads\/2021\/09\/1510990_10205810251400683_4124423575079401707_n-150x150.jpg\",\"caption\":\"S\u00e9bastien Gente\"},\"description\":\"John Stockton, Gianni Bugno, Zinedine Zidane, Steffi Graf, Frode Andresen, St\u00e9phane Stoecklin, Davis Kamoga, Primoz Peterka, Werner Schlager et Aur\u00e9lien Rougerie. Point commun entre ces sportifs? Ils m'ont fait r\u00eaver et ont berc\u00e9 mon adolescence. Je suis un fondu de sports et j'essaie de retranscrire ma passion \u00e0 travers mes articles. Originaire du P\u00e9rigord, ma passion pour les Girondins, les Jaunards et les Jazzmen transpire dans mes \u00e9crits. \u00c0 Dicodusport depuis 2021, je d\u00e9niche les sports m\u00e9connus dans lesquels la France brille, et il y en a !\",\"sameAs\":[\"https:\/\/www.facebook.com\/sebastien.gente\/\",\"https:\/\/www.instagram.com\/sebgente\/\",\"https:\/\/www.linkedin.com\/in\/sbastien-gente-a29583169\/\",\"https:\/\/x.com\/https:\/\/twitter.com\/globulo24\",\"SebastienGente\"],\"worksFor\":\"S\u00e9bastien GENTE\",\"url\":\"https:\/\/dicodusport.fr\/blog\/author\/sebastiengente\/\"}]}<\/script>\n<!-- \/ Yoast SEO Premium plugin. -->","yoast_head_json":{"title":"IBU Cup 2023\/2024 : Podium pour Chlo\u00e9 Chevalier et Camille Bened sur l'individuel court d'Obertilliach","description":"IBU CUP SAISON 2023\/2024 - Les Bleues ont r\u00e9alis\u00e9 une belle performance d'ensemble et plac\u00e9 Chlo\u00e9 Chevalier et Camille Bened sur le podium de l'individuel court.\u00a0","robots":{"index":"index","follow":"follow","max-snippet":"max-snippet:-1","max-image-preview":"max-image-preview:large","max-video-preview":"max-video-preview:-1"},"canonical":"https:\/\/dicodusport.fr\/blog\/ibu-cup-2023-2024-podium-pour-chloe-chevalier-et-camille-bened-sur-lindividuel-court-dobertilliach\/","og_locale":"fr_FR","og_type":"article","og_title":"IBU Cup 2023\/2024 : Podium pour Chlo\u00e9 Chevalier et Camille Bened sur l'individuel court d'Obertilliach","og_description":"IBU CUP SAISON 2023\/2024 - Les Bleues ont r\u00e9alis\u00e9 une belle performance d'ensemble et plac\u00e9 Chlo\u00e9 Chevalier et Camille Bened sur le podium de l'individuel court.\u00a0","og_url":"https:\/\/dicodusport.fr\/blog\/ibu-cup-2023-2024-podium-pour-chloe-chevalier-et-camille-bened-sur-lindividuel-court-dobertilliach\/","og_site_name":"Dicodusport","article_publisher":"https:\/\/www.facebook.com\/dicodusport","article_author":"https:\/\/www.facebook.com\/sebastien.gente\/","article_published_time":"2024-03-07T11:36:37+00:00","article_modified_time":"2025-07-09T16:15:31+00:00","og_image":[{"width":1200,"height":674,"url":"https:\/\/dicodusport.fr\/blog\/wp-content\/uploads\/2024\/03\/IBU-Cup-20232024-Podium-pour-Chloe-Chevalier-et-Camille-Bened-sur-lindividuel-court-dObertilliach-1.png","type":"image\/png"}],"author":"S\u00e9bastien Gente","twitter_card":"summary_large_image","twitter_title":"IBU Cup 2023\/2024 : Podium pour Chlo\u00e9 Chevalier et Camille Bened sur l'individuel court d'Obertilliach","twitter_creator":"@https:\/\/twitter.com\/globulo24","twitter_site":"@dicodusport","schema":{"@context":"https:\/\/schema.org","@graph":[{"@type":"NewsArticle","@id":"https:\/\/dicodusport.fr\/blog\/ibu-cup-2023-2024-podium-pour-chloe-chevalier-et-camille-bened-sur-lindividuel-court-dobertilliach\/#article","isPartOf":{"@id":"https:\/\/dicodusport.fr\/blog\/ibu-cup-2023-2024-podium-pour-chloe-chevalier-et-camille-bened-sur-lindividuel-court-dobertilliach\/"},"author":{"name":"S\u00e9bastien Gente","@id":"https:\/\/dicodusport.fr\/blog\/#\/schema\/person\/627966a6cde45dbd8c5e36ac85d783da"},"headline":"IBU Cup 2023\/2024 : Podium pour Chlo\u00e9 Chevalier et Camille Bened sur l&rsquo;individuel court d&rsquo;Obertilliach","datePublished":"2024-03-07T11:36:37+00:00","dateModified":"2025-07-09T16:15:31+00:00","mainEntityOfPage":{"@id":"https:\/\/dicodusport.fr\/blog\/ibu-cup-2023-2024-podium-pour-chloe-chevalier-et-camille-bened-sur-lindividuel-court-dobertilliach\/"},"wordCount":277,"commentCount":0,"publisher":{"@id":"https:\/\/dicodusport.fr\/blog\/#organization"},"image":{"@id":"https:\/\/dicodusport.fr\/blog\/ibu-cup-2023-2024-podium-pour-chloe-chevalier-et-camille-bened-sur-lindividuel-court-dobertilliach\/#primaryimage"},"thumbnailUrl":"https:\/\/dicodusport.fr\/blog\/wp-content\/uploads\/2024\/03\/IBU-Cup-20232024-Podium-pour-Chloe-Chevalier-et-Camille-Bened-sur-lindividuel-court-dObertilliach-1.png","keywords":["Biathlon","biathlon fran\u00e7ais","br\u00e8ve"],"articleSection":["Biathlon"],"inLanguage":"fr-FR","potentialAction":[{"@type":"CommentAction","name":"Comment","target":["https:\/\/dicodusport.fr\/blog\/ibu-cup-2023-2024-podium-pour-chloe-chevalier-et-camille-bened-sur-lindividuel-court-dobertilliach\/#respond"]}],"copyrightYear":"2024","copyrightHolder":{"@id":"https:\/\/dicodusport.fr\/blog\/#organization"}},{"@type":"WebPage","@id":"https:\/\/dicodusport.fr\/blog\/ibu-cup-2023-2024-podium-pour-chloe-chevalier-et-camille-bened-sur-lindividuel-court-dobertilliach\/","url":"https:\/\/dicodusport.fr\/blog\/ibu-cup-2023-2024-podium-pour-chloe-chevalier-et-camille-bened-sur-lindividuel-court-dobertilliach\/","name":"IBU Cup 2023\/2024 : Podium pour Chlo\u00e9 Chevalier et Camille Bened sur l'individuel court d'Obertilliach","isPartOf":{"@id":"https:\/\/dicodusport.fr\/blog\/#website"},"primaryImageOfPage":{"@id":"https:\/\/dicodusport.fr\/blog\/ibu-cup-2023-2024-podium-pour-chloe-chevalier-et-camille-bened-sur-lindividuel-court-dobertilliach\/#primaryimage"},"image":{"@id":"https:\/\/dicodusport.fr\/blog\/ibu-cup-2023-2024-podium-pour-chloe-chevalier-et-camille-bened-sur-lindividuel-court-dobertilliach\/#primaryimage"},"thumbnailUrl":"https:\/\/dicodusport.fr\/blog\/wp-content\/uploads\/2024\/03\/IBU-Cup-20232024-Podium-pour-Chloe-Chevalier-et-Camille-Bened-sur-lindividuel-court-dObertilliach-1.png","datePublished":"2024-03-07T11:36:37+00:00","dateModified":"2025-07-09T16:15:31+00:00","description":"IBU CUP SAISON 2023\/2024 - Les Bleues ont r\u00e9alis\u00e9 une belle performance d'ensemble et plac\u00e9 Chlo\u00e9 Chevalier et Camille Bened sur le podium de l'individuel court.\u00a0","breadcrumb":{"@id":"https:\/\/dicodusport.fr\/blog\/ibu-cup-2023-2024-podium-pour-chloe-chevalier-et-camille-bened-sur-lindividuel-court-dobertilliach\/#breadcrumb"},"inLanguage":"fr-FR","potentialAction":[{"@type":"ReadAction","target":["https:\/\/dicodusport.fr\/blog\/ibu-cup-2023-2024-podium-pour-chloe-chevalier-et-camille-bened-sur-lindividuel-court-dobertilliach\/"]}]},{"@type":"ImageObject","inLanguage":"fr-FR","@id":"https:\/\/dicodusport.fr\/blog\/ibu-cup-2023-2024-podium-pour-chloe-chevalier-et-camille-bened-sur-lindividuel-court-dobertilliach\/#primaryimage","url":"https:\/\/dicodusport.fr\/blog\/wp-content\/uploads\/2024\/03\/IBU-Cup-20232024-Podium-pour-Chloe-Chevalier-et-Camille-Bened-sur-lindividuel-court-dObertilliach-1.png","contentUrl":"https:\/\/dicodusport.fr\/blog\/wp-content\/uploads\/2024\/03\/IBU-Cup-20232024-Podium-pour-Chloe-Chevalier-et-Camille-Bened-sur-lindividuel-court-dObertilliach-1.png","width":1200,"height":674,"caption":"IBU Cup 20232024 Podium pour Chlo\u00e9 Chevalier et Camille Bened sur l'individuel court d'Obertilliach"},{"@type":"BreadcrumbList","@id":"https:\/\/dicodusport.fr\/blog\/ibu-cup-2023-2024-podium-pour-chloe-chevalier-et-camille-bened-sur-lindividuel-court-dobertilliach\/#breadcrumb","itemListElement":[{"@type":"ListItem","position":1,"name":"Accueil","item":"https:\/\/dicodusport.fr\/blog\/"},{"@type":"ListItem","position":2,"name":"IBU Cup 2023\/2024 : Podium pour Chlo\u00e9 Chevalier et Camille Bened sur l&rsquo;individuel court d&rsquo;Obertilliach"}]},{"@type":"WebSite","@id":"https:\/\/dicodusport.fr\/blog\/#website","url":"https:\/\/dicodusport.fr\/blog\/","name":"Dicodusport","description":"L&#039;encyclop\u00e9die de l&#039;actualit\u00e9 sportive","publisher":{"@id":"https:\/\/dicodusport.fr\/blog\/#organization"},"potentialAction":[{"@type":"SearchAction","target":{"@type":"EntryPoint","urlTemplate":"https:\/\/dicodusport.fr\/blog\/?s={search_term_string}"},"query-input":{"@type":"PropertyValueSpecification","valueRequired":true,"valueName":"search_term_string"}}],"inLanguage":"fr-FR"},{"@type":"NewsMediaOrganization","@id":"https:\/\/dicodusport.fr\/blog\/#organization","name":"Dicodusport","url":"https:\/\/dicodusport.fr\/blog\/","logo":{"@type":"ImageObject","inLanguage":"fr-FR","@id":"https:\/\/dicodusport.fr\/blog\/#\/schema\/logo\/image\/","url":"https:\/\/dicodusport.fr\/blog\/wp-content\/uploads\/2020\/06\/cropped-LOGO-DICODUSPORT-2020-SANS-FOND-SANS-TEXTE.png","contentUrl":"https:\/\/dicodusport.fr\/blog\/wp-content\/uploads\/2020\/06\/cropped-LOGO-DICODUSPORT-2020-SANS-FOND-SANS-TEXTE.png","width":512,"height":512,"caption":"Dicodusport"},"image":{"@id":"https:\/\/dicodusport.fr\/blog\/#\/schema\/logo\/image\/"},"sameAs":["https:\/\/www.facebook.com\/dicodusport","https:\/\/x.com\/dicodusport","https:\/\/www.instagram.com\/dicodusport\/","https:\/\/www.youtube.com\/channel\/UC7V2KZ5sd3htJivAbA4ZG3w"],"description":"Dicodusport est l'encyclop\u00e9die de l'actualit\u00e9 sportive.","email":"bonjour@dicodusport.fr","legalName":"DICODUSPORT","foundingDate":"2018-01-14","vatID":"FR71834470973","taxID":"83447097300043","numberOfEmployees":{"@type":"QuantitativeValue","minValue":"1","maxValue":"10"}},{"@type":"Person","@id":"https:\/\/dicodusport.fr\/blog\/#\/schema\/person\/627966a6cde45dbd8c5e36ac85d783da","name":"S\u00e9bastien Gente","image":{"@type":"ImageObject","inLanguage":"fr-FR","@id":"https:\/\/dicodusport.fr\/blog\/#\/schema\/person\/image\/","url":"https:\/\/dicodusport.fr\/blog\/wp-content\/uploads\/2021\/09\/1510990_10205810251400683_4124423575079401707_n-150x150.jpg","contentUrl":"https:\/\/dicodusport.fr\/blog\/wp-content\/uploads\/2021\/09\/1510990_10205810251400683_4124423575079401707_n-150x150.jpg","caption":"S\u00e9bastien Gente"},"description":"John Stockton, Gianni Bugno, Zinedine Zidane, Steffi Graf, Frode Andresen, St\u00e9phane Stoecklin, Davis Kamoga, Primoz Peterka, Werner Schlager et Aur\u00e9lien Rougerie. Point commun entre ces sportifs? Ils m'ont fait r\u00eaver et ont berc\u00e9 mon adolescence. Je suis un fondu de sports et j'essaie de retranscrire ma passion \u00e0 travers mes articles. Originaire du P\u00e9rigord, ma passion pour les Girondins, les Jaunards et les Jazzmen transpire dans mes \u00e9crits. \u00c0 Dicodusport depuis 2021, je d\u00e9niche les sports m\u00e9connus dans lesquels la France brille, et il y en a !","sameAs":["https:\/\/www.facebook.com\/sebastien.gente\/","https:\/\/www.instagram.com\/sebgente\/","https:\/\/www.linkedin.com\/in\/sbastien-gente-a29583169\/","https:\/\/x.com\/https:\/\/twitter.com\/globulo24","SebastienGente"],"worksFor":"S\u00e9bastien GENTE","url":"https:\/\/dicodusport.fr\/blog\/author\/sebastiengente\/"}]}},"_links":{"self":[{"href":"https:\/\/dicodusport.fr\/blog\/wp-json\/wp\/v2\/posts\/469904","targetHints":{"allow":["GET"]}}],"collection":[{"href":"https:\/\/dicodusport.fr\/blog\/wp-json\/wp\/v2\/posts"}],"about":[{"href":"https:\/\/dicodusport.fr\/blog\/wp-json\/wp\/v2\/types\/post"}],"author":[{"embeddable":true,"href":"https:\/\/dicodusport.fr\/blog\/wp-json\/wp\/v2\/users\/59"}],"replies":[{"embeddable":true,"href":"https:\/\/dicodusport.fr\/blog\/wp-json\/wp\/v2\/comments?post=469904"}],"version-history":[{"count":2,"href":"https:\/\/dicodusport.fr\/blog\/wp-json\/wp\/v2\/posts\/469904\/revisions"}],"predecessor-version":[{"id":469908,"href":"https:\/\/dicodusport.fr\/blog\/wp-json\/wp\/v2\/posts\/469904\/revisions\/469908"}],"wp:featuredmedia":[{"embeddable":true,"href":"https:\/\/dicodusport.fr\/blog\/wp-json\/wp\/v2\/media\/469907"}],"wp:attachment":[{"href":"https:\/\/dicodusport.fr\/blog\/wp-json\/wp\/v2\/media?parent=469904"}],"wp:term":[{"taxonomy":"category","embeddable":true,"href":"https:\/\/dicodusport.fr\/blog\/wp-json\/wp\/v2\/categories?post=469904"},{"taxonomy":"post_tag","embeddable":true,"href":"https:\/\/dicodusport.fr\/blog\/wp-json\/wp\/v2\/tags?post=469904"}],"curies":[{"name":"wp","href":"https:\/\/api.w.org\/{rel}","templated":true}]}}