{"id":47000,"date":"2019-09-04T10:00:11","date_gmt":"2019-09-04T08:00:11","guid":{"rendered":"http:\/\/dicodusport.fr\/blog\/?p=47000"},"modified":"2023-02-02T14:01:51","modified_gmt":"2023-02-02T13:01:51","slug":"mondiaux-athletisme-focus-sur-le-lancer-du-poids","status":"publish","type":"post","link":"https:\/\/dicodusport.fr\/blog\/mondiaux-athletisme-focus-sur-le-lancer-du-poids\/","title":{"rendered":"Mondiaux d&rsquo;athl\u00e9tisme : focus sur le lancer du poids"},"content":{"rendered":"<p style=\"text-align: justify;\"><strong><em>\u00c0 quelques semaines des Mondiaux d&rsquo;athl\u00e9tisme \u00e0 Doha, Dicodusport vous propose un focus sur les athl\u00e8tes \u00e0 suivre pour chaque \u00e9preuve. Aujourd&rsquo;hui, place au <a href=\"http:\/\/dicodusport.fr\/definition-sport\/lancer-du-poids\/\" target=\"_blank\" rel=\"noopener\">lancer du poids<\/a>.<br \/>\n<\/em><\/strong><\/p>\n<p>&nbsp;<\/p>\n<div class=\"su-row\">\n<div class=\"su-column su-column-size-1-2\"><div class=\"su-column-inner su-u-clearfix su-u-trim\">\n<div id=\"attachment_47070\" style=\"width: 750px\" class=\"wp-caption alignnone\"><a href=\"http:\/\/dicodusport.fr\/blog\/wp-content\/uploads\/2019\/09\/Crouser.jpg\"><img loading=\"lazy\" decoding=\"async\" aria-describedby=\"caption-attachment-47070\" class=\"size-large wp-image-47070\" src=\"http:\/\/dicodusport.fr\/blog\/wp-content\/uploads\/2019\/09\/Crouser-1024x575.jpg\" alt=\"\" width=\"740\" height=\"416\" srcset=\"https:\/\/dicodusport.fr\/blog\/wp-content\/uploads\/2019\/09\/Crouser-1024x575.jpg 1024w, https:\/\/dicodusport.fr\/blog\/wp-content\/uploads\/2019\/09\/Crouser-300x169.jpg 300w, https:\/\/dicodusport.fr\/blog\/wp-content\/uploads\/2019\/09\/Crouser-768x431.jpg 768w, https:\/\/dicodusport.fr\/blog\/wp-content\/uploads\/2019\/09\/Crouser.jpg 1248w\" sizes=\"auto, (max-width: 740px) 100vw, 740px\" \/><\/a><p id=\"caption-attachment-47070\" class=\"wp-caption-text\">\u00a9 Franck Fife &#8211; AFP<\/p><\/div>\n<\/div><\/div>\n<div class=\"su-column su-column-size-1-2\"><div class=\"su-column-inner su-u-clearfix su-u-trim\">\n<p><strong>Ryan Crouser<\/strong><br \/>\n\u00c9tats-Unis \ud83c\uddfa\ud83c\uddf8<br \/>\n26 ans<br \/>\n<span style=\"text-decoration: underline;\">Jeux Olympiques<\/span><br \/>\nM\u00e9daille d&rsquo;or (2016)<\/p>\n<\/div><\/div>\n<\/div>\n<p style=\"text-align: justify;\">Ryan Crouser repr\u00e9sente \u00e0 merveille <strong>l&rsquo;\u00e9cole am\u00e9ricaine du lancer du poids<\/strong>. Depuis la cr\u00e9ation des championnats du monde en 1983, il y a toujours eu un Am\u00e9ricain sur le podium sauf lors de la premi\u00e8re \u00e9dition et en 1991. 8 titres ont \u00e9t\u00e9 rafl\u00e9s par les Am\u00e9ricains. \u00c0 Rio, Crouser avait remport\u00e9 l&rsquo;or en battant trois fois son record personnel et le record olympique (22,52 m). Doubl\u00e9 olympique avec la victoire de Michelle Carter chez les femmes. Son compatriote Kovacs avait remport\u00e9 l&rsquo;argent. Lors de la derni\u00e8re \u00e9dition des Championnats du monde, Crouser arrivait avec l&rsquo;\u00e9tiquette de favori. Champion olympique en titre, il \u00e9tait invaincu en 2017 mais il n&rsquo;a pas eu de m\u00e9daille. Avec ses 2,03 m, il est l&rsquo;un des plus grands lanceurs de poids et comme il l&rsquo;a d\u00e9clar\u00e9, il a perdu son rythme et son timing alors qu&rsquo;il \u00e9tait en grande forme. Il arrivera donc \u00e0 Doha avec l&rsquo;esprit revanchard et la meilleure performance de la saison (22,74 m). Il est en t\u00eate des tablettes en ext\u00e9rieur avec 22,74 m r\u00e9alis\u00e9 d\u00e8s sa premi\u00e8re sortie \u00e0 Long Beach en avril dernier.<\/p>\n<p style=\"text-align: justify;\">Face \u00e0 lui, il aura une belle concurrence notamment ses compatriotes <strong>Kovacs<\/strong> et <strong>Hill<\/strong> et le N\u00e9o-Z\u00e9landais <strong>Walsh<\/strong>. R\u00e9gulier, il a lanc\u00e9 9 fois au-dessus de 22 m cette saison en ext\u00e9rieur pour seulement 1 fois en-dessous \u00e0 21,11 m. La deuxi\u00e8me meilleure performance mondiale revient au Br\u00e9silien Darlan Romani (22,61 m) qui a lanc\u00e9 3 fois sur 11 au-del\u00e0 des 22 m. Pour Tomas Walsh, m\u00e9daill\u00e9 de bronze \u00e0 Rio et champion du monde en titre, c&rsquo;est 4 fois sur 10 avec un meilleur jet \u00e0 22,44 m. Joe Kovacs (22,31 m), vice-champion olympique, champion du monde 2015 et vice-champion du monde 2017 a lanc\u00e9 \u00e0 deux reprises au-del\u00e0 des 22 m sur dix sorties. Darrell Hill, un peu plus en retrait cette saison, monte en puissance. Il a\u00a0lanc\u00e9 \u00e0 22,11 m lors des championnats des \u00c9tats-Unis d&rsquo;athl\u00e9tisme fin juillet et a obtenu le bronze derri\u00e8re Crouser et Kovacs. Si l&rsquo;un trois Am\u00e9ricains remporte la finale de la Diamond League vendredi \u00e0 Bruxelles, un quatri\u00e8me Am\u00e9ricain sera du voyage \u00e0 Doha : Jon Jones.<\/p>\n<hr \/>\n<p>&nbsp;<\/p>\n<div class=\"su-row\">\n<div class=\"su-column su-column-size-1-2\"><div class=\"su-column-inner su-u-clearfix su-u-trim\">\n<div id=\"attachment_47072\" style=\"width: 610px\" class=\"wp-caption alignnone\"><a href=\"http:\/\/dicodusport.fr\/blog\/wp-content\/uploads\/2019\/09\/Gong-Lijiao.png\"><img loading=\"lazy\" decoding=\"async\" aria-describedby=\"caption-attachment-47072\" class=\"size-full wp-image-47072\" src=\"http:\/\/dicodusport.fr\/blog\/wp-content\/uploads\/2019\/09\/Gong-Lijiao.png\" alt=\"\" width=\"600\" height=\"400\" srcset=\"https:\/\/dicodusport.fr\/blog\/wp-content\/uploads\/2019\/09\/Gong-Lijiao.png 600w, https:\/\/dicodusport.fr\/blog\/wp-content\/uploads\/2019\/09\/Gong-Lijiao-300x200.png 300w\" sizes=\"auto, (max-width: 600px) 100vw, 600px\" \/><\/a><p id=\"caption-attachment-47072\" class=\"wp-caption-text\">\u00a9 Getty Images<\/p><\/div>\n<\/div><\/div>\n<div class=\"su-column su-column-size-1-2\"><div class=\"su-column-inner su-u-clearfix su-u-trim\">\n<p><strong>Lijiao Gong<\/strong><br \/>\nChine \ud83c\udde8\ud83c\uddf3<br \/>\n30 ans<br \/>\n<span style=\"text-decoration: underline;\">Championnats du monde<\/span><br \/>\nM\u00e9daille d&rsquo;or (2017)<br \/>\nM\u00e9daille d&rsquo;argent (2015)<br \/>\nM\u00e9daille de bronze (2009, 2011, 2013)<\/p>\n<p><span style=\"text-decoration: underline;\">Jeux Olympiques<\/span><br \/>\nM\u00e9daille d&rsquo;argent (2012)<br \/>\nM\u00e9daille de bronze (2008)<\/p>\n<\/div><\/div>\n<\/div>\n<p style=\"text-align: justify;\">La Chinoise est la grande favorite \u00e0 sa succession. Elle a \u00e9tabli la meilleure performance mondiale de la saison \u00e0 Zurich\u00a0(20,31 m)\u00a0lors de la finale de la Diamond League. En 2017, elle a remport\u00e9 sa premi\u00e8re m\u00e9daille d&rsquo;or dans un grand championnat. Bosseuse, elle a travaill\u00e9 encore plus dur apr\u00e8s \u00ab\u00a0l&rsquo;\u00e9chec\u00a0\u00bb de la quatri\u00e8me place obtenue aux Jeux Olympiques de Rio et ne visait que l&rsquo;or \u00e0 Londres. Cela s&rsquo;est fait dans des conditions difficiles avec la pluie mais \u00e0 son 5e essai, elle a r\u00e9alis\u00e9 19,94 m.<\/p>\n<p style=\"text-align: justify;\">Apr\u00e8s le bronze et l&rsquo;argent lors des deux \u00e9ditions pr\u00e9c\u00e9dentes, elle voulait l&rsquo;or \u00e0 Rio en 2016. Malheureusement pour elle, elle s&rsquo;est sentie mal d\u00e8s son arriv\u00e9e \u00e0 Rio et pas seulement \u00e0 cause de l&rsquo;atmosph\u00e8re \u00e9touffante. \u00c0 cette \u00e9poque, elle faisait environ <strong>17 kg de moins<\/strong> mais avait la m\u00eame puissance. Cependant, elle n&rsquo;arrivait pas \u00e0 lancer correctement alors qu&rsquo;elle avait \u00e9tabli son record personnel en mai de la m\u00eame ann\u00e9e (20,43 m). \u00ab\u00a0<em>Je sentais comme si mes jambes \u00e9taient remplies de plomb. Je manquais de vigueur et je ne criais m\u00eame pas quand je lan\u00e7ais.<\/em>\u00a0\u00bb Apr\u00e8s son premier jet, elle n&rsquo;avait qu&rsquo;une envie : quitter le stade. Quand elle a revu les images de la comp\u00e9tition, elle \u00e9tait choqu\u00e9e et avait l&rsquo;impression de voir une autre personne. Le retour en Chine a \u00e9t\u00e9 compliqu\u00e9 : elle a pleur\u00e9 sur tout le chemin de l&rsquo;a\u00e9roport et a eu quelques semaines de d\u00e9pression. Mais gr\u00e2ce \u00e0 son entourage, elle a repris confiance en elle et est \u00ab\u00a0plus mature\u00a0\u00bb, selon ses dires.<\/p>\n<p style=\"text-align: justify;\">Ses adversaires ont pour la plupart des records personnels en dessous des 20 m. Ses deux principales concurrentes seront la championne olympique <strong>Michelle Carter<\/strong> et l&rsquo;Allemande <strong>Christina Schwanitz<\/strong>. L&rsquo;Am\u00e9ricaine Carter a obtenu la m\u00e9daille d&rsquo;or \u00e0 Rio apr\u00e8s une quatri\u00e8me place \u00e0 Londres. Elle a obtenu deux m\u00e9dailles de bronze aux Mondiaux en 2015 et 2017. Fille de <strong>Michael Carter<\/strong>, joueur de football am\u00e9ricain et m\u00e9daill\u00e9 d&rsquo;argent au lancer du poids aux JO de Los Angeles en 1984, Michelle Carter a un objectif bien pr\u00e9cis. Op\u00e9r\u00e9e du genou gauche fin 2017, elle poursuit son retour au premier plan cette ann\u00e9e et son objectif \u00e9tait de se qualifier pour les Championnats du monde. Si elle continue apr\u00e8s 20 ans de lancer du poids, c&rsquo;est parce qu&rsquo;elle \u00ab\u00a0<em>sait qu&rsquo;elle peut faire mieux<\/em>\u00a0\u00bb et qu&rsquo;elle a une marque qu&rsquo;elle aimerait atteindre, plus loin donc que son record personnel \u00e9tabli \u00e0 Rio qui est \u00e0 20,63 m. C&rsquo;est ce qui lui donne la motivation de continuer et peut-\u00eatre que d\u00e8s le mois prochain elle pourrait nous impressionner&#8230; Christina Schwanitz, championne du monde en 2015 et vice-championne du monde en 2013 a r\u00e9alis\u00e9 sa meilleure performance de la saison (19,37 m) \u00e0 Zurich et devrait arriver en forme \u00e0 Doha.<\/p>\n<hr \/>\n<h2><\/h2>\n<p style=\"text-align: justify;\">Aucun Fran\u00e7ais n&rsquo;est qualifi\u00e9 pour la comp\u00e9tition.<\/p>\n<p>&nbsp;<\/p>\n<div class=\"su-box su-box-style-default\" id=\"\" style=\"border-color:#001852;border-radius:3px;\"><div class=\"su-box-title\" style=\"background-color:#124b85;color:#FFFFFF;border-top-left-radius:1px;border-top-right-radius:1px\">Focus sur...<\/div><div class=\"su-box-content su-u-clearfix su-u-trim\" style=\"border-bottom-left-radius:1px;border-bottom-right-radius:1px\">\n<div class=\"su-row\">\n<div class=\"su-column su-column-size-1-2\"><div class=\"su-column-inner su-u-clearfix su-u-trim\">\n<p><a href=\"http:\/\/dicodusport.fr\/blog\/mondiaux-athletisme-focus-sur-le-100m\/\" target=\"_blank\" rel=\"noopener\">100 m<\/a><\/p>\n<p><a href=\"http:\/\/dicodusport.fr\/blog\/mondiaux-athletisme-focus-sur-le-triple-saut\/\" target=\"_blank\" rel=\"noopener\">Triple saut<\/a><\/p>\n<p><a href=\"http:\/\/dicodusport.fr\/blog\/mondiaux-athletisme-focus-sur-le-lancer-du-disque\/\" target=\"_blank\" rel=\"noopener\">Disque<\/a><\/p>\n<p><a href=\"http:\/\/dicodusport.fr\/blog\/mondiaux-athletisme-focus-sur-la-marche\/\" target=\"_blank\" rel=\"noopener\">Marche<\/a><\/p>\n<p><a href=\"http:\/\/dicodusport.fr\/blog\/mondiaux-athletisme-focus-sur-le-lancer-du-marteau\/\" target=\"_blank\" rel=\"noopener\">Marteau<\/a><\/p>\n<p><a href=\"http:\/\/dicodusport.fr\/blog\/mondiaux-athletisme-focus-sur-le-saut-en-hauteur\/\" target=\"_blank\" rel=\"noopener\">Hauteur<\/a><\/p>\n<p><a href=\"http:\/\/dicodusport.fr\/blog\/mondiaux-athletisme-focus-sur-le-saut-en-longueur\/\" target=\"_blank\" rel=\"noopener\">Longueur<\/a><\/p>\n<p><a href=\"http:\/\/dicodusport.fr\/blog\/mondiaux-athletisme-focus-sur-le-saut-a-la-perche\/\" target=\"_blank\" rel=\"noopener\">Perche<\/a><\/p>\n<p><a href=\"http:\/\/dicodusport.fr\/blog\/mondiaux-athletisme-focus-sur-le-200m\/\" target=\"_blank\" rel=\"noopener\">200 m<\/a><\/p>\n<p><a href=\"http:\/\/dicodusport.fr\/blog\/mondiaux-athletisme-focus-sur-le-lancer-du-javelot\/\" target=\"_blank\" rel=\"noopener\">Javelot<\/a><\/p>\n<\/div><\/div>\n<div class=\"su-column su-column-size-1-2\"><div class=\"su-column-inner su-u-clearfix su-u-trim\">\n<p><a href=\"http:\/\/dicodusport.fr\/blog\/mondiaux-athletisme-focus-sur-le-1500m\/\" target=\"_blank\" rel=\"noopener\">1500 m<\/a><\/p>\n<p><a href=\"http:\/\/dicodusport.fr\/blog\/mondiaux-athletisme-focus-sur-le-marathon\/\" target=\"_blank\" rel=\"noopener\">Marathon<\/a><\/p>\n<p><a href=\"http:\/\/dicodusport.fr\/blog\/mondiaux-athletisme-focus-sur-les-courses-de-fond\/\" target=\"_blank\" rel=\"noopener\">Courses de fond<\/a><\/p>\n<p><a href=\"http:\/\/dicodusport.fr\/blog\/mondiaux-athletisme-focus-sur-le-800m\/\" target=\"_blank\" rel=\"noopener\">800 m<\/a><\/p>\n<p><a href=\"http:\/\/dicodusport.fr\/blog\/mondiaux-athletisme-focus-sur-le-decathlon-heptathlon\/\" target=\"_blank\" rel=\"noopener\">D\u00e9cathlon\/Heptathlon<\/a><\/p>\n<p><a href=\"http:\/\/dicodusport.fr\/blog\/mondiaux-athletisme-focus-sur-le-100-m-110-m-haies\/\" target=\"_blank\" rel=\"noopener\">100\/110 m haies<\/a><\/p>\n<p><a href=\"http:\/\/dicodusport.fr\/blog\/mondiaux-athletisme-focus-sur-le-400m\/\" target=\"_blank\" rel=\"noopener\">400 m<\/a><\/p>\n<p><a href=\"http:\/\/dicodusport.fr\/blog\/mondiaux-athletisme-focus-sur-le-3000m-steeple\/\" target=\"_blank\" rel=\"noopener\">3000 m steeple<\/a><\/p>\n<p><a href=\"http:\/\/dicodusport.fr\/blog\/mondiaux-athletisme-focus-sur-le-400m-haies\/\" target=\"_blank\" rel=\"noopener\">400 m haies<\/a><\/p>\n<p><a href=\"http:\/\/dicodusport.fr\/blog\/mondiaux-athletisme-focus-sur-les-relais\/\" target=\"_blank\" rel=\"noopener\">Relais<\/a><\/div><\/div>\n<\/div>\n<\/div><\/div>\n<p><strong><em>Arlette<\/em><\/strong><br \/>\n<a href=\"http:\/\/twitter.com\/Shiclette94\"><img loading=\"lazy\" decoding=\"async\" class=\"alignnone size-full wp-image-2908\" src=\"http:\/\/dicodusport.fr\/blog\/wp-content\/uploads\/2017\/07\/logo-twitter-e1516110106986.png\" alt=\"\" width=\"39\" height=\"39\" \/><\/a><\/p>\n","protected":false},"excerpt":{"rendered":"<p>A quelques semaines des Mondiaux d&rsquo;athl\u00e9tisme \u00e0 Doha, Dicodusport vous propose un focus sur les athl\u00e8tes \u00e0 suivre pour chaque \u00e9preuve. Aujourd&rsquo;hui, place au lancer du poids.<\/p>\n","protected":false},"author":12,"featured_media":47071,"comment_status":"open","ping_status":"closed","sticky":false,"template":"","format":"standard","meta":{"_acf_changed":false,"_daextam_enable_autolinks":"","footnotes":""},"categories":[46997],"tags":[8594,8665,8593,8664,24],"class_list":["post-47000","post","type-post","status-publish","format-standard","has-post-thumbnail","hentry","category-championnats-du-monde-athletisme","tag-championnats-du-monde-dathletisme","tag-lancer-du-poids","tag-mondiaux-dathletisme","tag-ryan-crouser","tag-sport"],"acf":[],"yoast_head":"<!-- This site is optimized with the Yoast SEO Premium plugin v26.7 (Yoast SEO v26.7) - https:\/\/yoast.com\/wordpress\/plugins\/seo\/ -->\n<title>Mondiaux d&#039;athl\u00e9tisme : focus sur le lancer du poids<\/title>\n<meta name=\"description\" content=\"A quelques semaines des Mondiaux d&#039;athl\u00e9tisme, Dicodusport vous propose un focus sur les athl\u00e8tes \u00e0 suivre. Aujourd&#039;hui, place au lancer du poids.\" \/>\n<meta name=\"robots\" content=\"index, follow, max-snippet:-1, max-image-preview:large, max-video-preview:-1\" \/>\n<link rel=\"canonical\" href=\"https:\/\/dicodusport.fr\/blog\/mondiaux-athletisme-focus-sur-le-lancer-du-poids\/\" \/>\n<meta property=\"og:locale\" content=\"fr_FR\" \/>\n<meta property=\"og:type\" content=\"article\" \/>\n<meta property=\"og:title\" content=\"Mondiaux d&#039;athl\u00e9tisme : focus sur le lancer du poids\" \/>\n<meta property=\"og:description\" content=\"A quelques semaines des Mondiaux d&#039;athl\u00e9tisme, Dicodusport vous propose un focus sur les athl\u00e8tes \u00e0 suivre. Aujourd&#039;hui, place au lancer du poids.\" \/>\n<meta property=\"og:url\" content=\"https:\/\/dicodusport.fr\/blog\/mondiaux-athletisme-focus-sur-le-lancer-du-poids\/\" \/>\n<meta property=\"og:site_name\" content=\"Dicodusport\" \/>\n<meta property=\"article:publisher\" content=\"https:\/\/www.facebook.com\/dicodusport\" \/>\n<meta property=\"article:published_time\" content=\"2019-09-04T08:00:11+00:00\" \/>\n<meta property=\"article:modified_time\" content=\"2023-02-02T13:01:51+00:00\" \/>\n<meta property=\"og:image\" content=\"https:\/\/dicodusport.fr\/blog\/wp-content\/uploads\/2019\/09\/Ryan-Crouser.jpg\" \/>\n\t<meta property=\"og:image:width\" content=\"800\" \/>\n\t<meta property=\"og:image:height\" content=\"534\" \/>\n\t<meta property=\"og:image:type\" content=\"image\/jpeg\" \/>\n<meta name=\"author\" content=\"Arlette Yeye\" \/>\n<meta name=\"twitter:card\" content=\"summary_large_image\" \/>\n<meta name=\"twitter:title\" content=\"Mondiaux d&#039;athl\u00e9tisme : focus sur le lancer du poids\" \/>\n<meta name=\"twitter:creator\" content=\"@https:\/\/twitter.com\/Shiclette94\" \/>\n<meta name=\"twitter:site\" content=\"@dicodusport\" \/>\n<script type=\"application\/ld+json\" class=\"yoast-schema-graph\">{\"@context\":\"https:\/\/schema.org\",\"@graph\":[{\"@type\":\"NewsArticle\",\"@id\":\"https:\/\/dicodusport.fr\/blog\/mondiaux-athletisme-focus-sur-le-lancer-du-poids\/#article\",\"isPartOf\":{\"@id\":\"https:\/\/dicodusport.fr\/blog\/mondiaux-athletisme-focus-sur-le-lancer-du-poids\/\"},\"author\":{\"name\":\"Arlette Yeye\",\"@id\":\"https:\/\/dicodusport.fr\/blog\/#\/schema\/person\/cce96fa88785bd8573e3d43078ac8c79\"},\"headline\":\"Mondiaux d&rsquo;athl\u00e9tisme : focus sur le lancer du poids\",\"datePublished\":\"2019-09-04T08:00:11+00:00\",\"dateModified\":\"2023-02-02T13:01:51+00:00\",\"mainEntityOfPage\":{\"@id\":\"https:\/\/dicodusport.fr\/blog\/mondiaux-athletisme-focus-sur-le-lancer-du-poids\/\"},\"wordCount\":1068,\"commentCount\":0,\"publisher\":{\"@id\":\"https:\/\/dicodusport.fr\/blog\/#organization\"},\"image\":{\"@id\":\"https:\/\/dicodusport.fr\/blog\/mondiaux-athletisme-focus-sur-le-lancer-du-poids\/#primaryimage\"},\"thumbnailUrl\":\"https:\/\/dicodusport.fr\/blog\/wp-content\/uploads\/2019\/09\/Ryan-Crouser.jpg\",\"keywords\":[\"Championnats du monde d'athl\u00e9tisme\",\"lancer du poids\",\"Mondiaux d'athl\u00e9tisme\",\"Ryan Crouser\",\"sport\"],\"articleSection\":[\"Championnats du monde d'athl\u00e9tisme\"],\"inLanguage\":\"fr-FR\",\"potentialAction\":[{\"@type\":\"CommentAction\",\"name\":\"Comment\",\"target\":[\"https:\/\/dicodusport.fr\/blog\/mondiaux-athletisme-focus-sur-le-lancer-du-poids\/#respond\"]}],\"copyrightYear\":\"2019\",\"copyrightHolder\":{\"@id\":\"https:\/\/dicodusport.fr\/blog\/#organization\"}},{\"@type\":\"WebPage\",\"@id\":\"https:\/\/dicodusport.fr\/blog\/mondiaux-athletisme-focus-sur-le-lancer-du-poids\/\",\"url\":\"https:\/\/dicodusport.fr\/blog\/mondiaux-athletisme-focus-sur-le-lancer-du-poids\/\",\"name\":\"Mondiaux d'athl\u00e9tisme : focus sur le lancer du poids\",\"isPartOf\":{\"@id\":\"https:\/\/dicodusport.fr\/blog\/#website\"},\"primaryImageOfPage\":{\"@id\":\"https:\/\/dicodusport.fr\/blog\/mondiaux-athletisme-focus-sur-le-lancer-du-poids\/#primaryimage\"},\"image\":{\"@id\":\"https:\/\/dicodusport.fr\/blog\/mondiaux-athletisme-focus-sur-le-lancer-du-poids\/#primaryimage\"},\"thumbnailUrl\":\"https:\/\/dicodusport.fr\/blog\/wp-content\/uploads\/2019\/09\/Ryan-Crouser.jpg\",\"datePublished\":\"2019-09-04T08:00:11+00:00\",\"dateModified\":\"2023-02-02T13:01:51+00:00\",\"description\":\"A quelques semaines des Mondiaux d'athl\u00e9tisme, Dicodusport vous propose un focus sur les athl\u00e8tes \u00e0 suivre. Aujourd'hui, place au lancer du poids.\",\"breadcrumb\":{\"@id\":\"https:\/\/dicodusport.fr\/blog\/mondiaux-athletisme-focus-sur-le-lancer-du-poids\/#breadcrumb\"},\"inLanguage\":\"fr-FR\",\"potentialAction\":[{\"@type\":\"ReadAction\",\"target\":[\"https:\/\/dicodusport.fr\/blog\/mondiaux-athletisme-focus-sur-le-lancer-du-poids\/\"]}]},{\"@type\":\"ImageObject\",\"inLanguage\":\"fr-FR\",\"@id\":\"https:\/\/dicodusport.fr\/blog\/mondiaux-athletisme-focus-sur-le-lancer-du-poids\/#primaryimage\",\"url\":\"https:\/\/dicodusport.fr\/blog\/wp-content\/uploads\/2019\/09\/Ryan-Crouser.jpg\",\"contentUrl\":\"https:\/\/dicodusport.fr\/blog\/wp-content\/uploads\/2019\/09\/Ryan-Crouser.jpg\",\"width\":800,\"height\":534},{\"@type\":\"BreadcrumbList\",\"@id\":\"https:\/\/dicodusport.fr\/blog\/mondiaux-athletisme-focus-sur-le-lancer-du-poids\/#breadcrumb\",\"itemListElement\":[{\"@type\":\"ListItem\",\"position\":1,\"name\":\"Accueil\",\"item\":\"https:\/\/dicodusport.fr\/blog\/\"},{\"@type\":\"ListItem\",\"position\":2,\"name\":\"Mondiaux d&rsquo;athl\u00e9tisme : focus sur le lancer du poids\"}]},{\"@type\":\"WebSite\",\"@id\":\"https:\/\/dicodusport.fr\/blog\/#website\",\"url\":\"https:\/\/dicodusport.fr\/blog\/\",\"name\":\"Dicodusport\",\"description\":\"L&#039;encyclop\u00e9die de l&#039;actualit\u00e9 sportive\",\"publisher\":{\"@id\":\"https:\/\/dicodusport.fr\/blog\/#organization\"},\"potentialAction\":[{\"@type\":\"SearchAction\",\"target\":{\"@type\":\"EntryPoint\",\"urlTemplate\":\"https:\/\/dicodusport.fr\/blog\/?s={search_term_string}\"},\"query-input\":{\"@type\":\"PropertyValueSpecification\",\"valueRequired\":true,\"valueName\":\"search_term_string\"}}],\"inLanguage\":\"fr-FR\"},{\"@type\":\"NewsMediaOrganization\",\"@id\":\"https:\/\/dicodusport.fr\/blog\/#organization\",\"name\":\"Dicodusport\",\"url\":\"https:\/\/dicodusport.fr\/blog\/\",\"logo\":{\"@type\":\"ImageObject\",\"inLanguage\":\"fr-FR\",\"@id\":\"https:\/\/dicodusport.fr\/blog\/#\/schema\/logo\/image\/\",\"url\":\"https:\/\/dicodusport.fr\/blog\/wp-content\/uploads\/2020\/06\/cropped-LOGO-DICODUSPORT-2020-SANS-FOND-SANS-TEXTE.png\",\"contentUrl\":\"https:\/\/dicodusport.fr\/blog\/wp-content\/uploads\/2020\/06\/cropped-LOGO-DICODUSPORT-2020-SANS-FOND-SANS-TEXTE.png\",\"width\":512,\"height\":512,\"caption\":\"Dicodusport\"},\"image\":{\"@id\":\"https:\/\/dicodusport.fr\/blog\/#\/schema\/logo\/image\/\"},\"sameAs\":[\"https:\/\/www.facebook.com\/dicodusport\",\"https:\/\/x.com\/dicodusport\",\"https:\/\/www.instagram.com\/dicodusport\/\",\"https:\/\/www.youtube.com\/channel\/UC7V2KZ5sd3htJivAbA4ZG3w\"],\"description\":\"Dicodusport est l'encyclop\u00e9die de l'actualit\u00e9 sportive.\",\"email\":\"bonjour@dicodusport.fr\",\"legalName\":\"DICODUSPORT\",\"foundingDate\":\"2018-01-14\",\"vatID\":\"FR71834470973\",\"taxID\":\"83447097300043\",\"numberOfEmployees\":{\"@type\":\"QuantitativeValue\",\"minValue\":\"1\",\"maxValue\":\"10\"}},{\"@type\":\"Person\",\"@id\":\"https:\/\/dicodusport.fr\/blog\/#\/schema\/person\/cce96fa88785bd8573e3d43078ac8c79\",\"name\":\"Arlette Yeye\",\"image\":{\"@type\":\"ImageObject\",\"inLanguage\":\"fr-FR\",\"@id\":\"https:\/\/dicodusport.fr\/blog\/#\/schema\/person\/image\/\",\"url\":\"https:\/\/secure.gravatar.com\/avatar\/dca4a6239e6d708e46c45d60e160de6c?s=96&d=wp_user_avatar&r=g\",\"contentUrl\":\"https:\/\/secure.gravatar.com\/avatar\/dca4a6239e6d708e46c45d60e160de6c?s=96&d=wp_user_avatar&r=g\",\"caption\":\"Arlette Yeye\"},\"description\":\"Journaliste\/r\u00e9dactrice depuis septembre 2015 - Supportrice de Chelsea, j'ai pour sports de pr\u00e9dilection le handball, l'athl\u00e9tisme et le tennis. Si je tweete plus vite que mon ombre, vous pouvez aussi me retrouver les week-ends sur les playgrounds de Bruxelles pour un petit foot ou basket entre potes. Parcourir la France, l'Europe et plus si affinit\u00e9s pour suivre mes sportifs pr\u00e9f\u00e9r\u00e9s ? Mon kif ! Et c'est avec plaisir que je partage les r\u00e9sultats des sports populaires mais \u00e9galement plus confidentiels pour Dicodusport.\",\"sameAs\":[\"https:\/\/x.com\/https:\/\/twitter.com\/Shiclette94\"],\"url\":\"https:\/\/dicodusport.fr\/blog\/author\/arlette\/\"}]}<\/script>\n<!-- \/ Yoast SEO Premium plugin. -->","yoast_head_json":{"title":"Mondiaux d'athl\u00e9tisme : focus sur le lancer du poids","description":"A quelques semaines des Mondiaux d'athl\u00e9tisme, Dicodusport vous propose un focus sur les athl\u00e8tes \u00e0 suivre. Aujourd'hui, place au lancer du poids.","robots":{"index":"index","follow":"follow","max-snippet":"max-snippet:-1","max-image-preview":"max-image-preview:large","max-video-preview":"max-video-preview:-1"},"canonical":"https:\/\/dicodusport.fr\/blog\/mondiaux-athletisme-focus-sur-le-lancer-du-poids\/","og_locale":"fr_FR","og_type":"article","og_title":"Mondiaux d'athl\u00e9tisme : focus sur le lancer du poids","og_description":"A quelques semaines des Mondiaux d'athl\u00e9tisme, Dicodusport vous propose un focus sur les athl\u00e8tes \u00e0 suivre. Aujourd'hui, place au lancer du poids.","og_url":"https:\/\/dicodusport.fr\/blog\/mondiaux-athletisme-focus-sur-le-lancer-du-poids\/","og_site_name":"Dicodusport","article_publisher":"https:\/\/www.facebook.com\/dicodusport","article_published_time":"2019-09-04T08:00:11+00:00","article_modified_time":"2023-02-02T13:01:51+00:00","og_image":[{"width":800,"height":534,"url":"https:\/\/dicodusport.fr\/blog\/wp-content\/uploads\/2019\/09\/Ryan-Crouser.jpg","type":"image\/jpeg"}],"author":"Arlette Yeye","twitter_card":"summary_large_image","twitter_title":"Mondiaux d'athl\u00e9tisme : focus sur le lancer du poids","twitter_creator":"@https:\/\/twitter.com\/Shiclette94","twitter_site":"@dicodusport","schema":{"@context":"https:\/\/schema.org","@graph":[{"@type":"NewsArticle","@id":"https:\/\/dicodusport.fr\/blog\/mondiaux-athletisme-focus-sur-le-lancer-du-poids\/#article","isPartOf":{"@id":"https:\/\/dicodusport.fr\/blog\/mondiaux-athletisme-focus-sur-le-lancer-du-poids\/"},"author":{"name":"Arlette Yeye","@id":"https:\/\/dicodusport.fr\/blog\/#\/schema\/person\/cce96fa88785bd8573e3d43078ac8c79"},"headline":"Mondiaux d&rsquo;athl\u00e9tisme : focus sur le lancer du poids","datePublished":"2019-09-04T08:00:11+00:00","dateModified":"2023-02-02T13:01:51+00:00","mainEntityOfPage":{"@id":"https:\/\/dicodusport.fr\/blog\/mondiaux-athletisme-focus-sur-le-lancer-du-poids\/"},"wordCount":1068,"commentCount":0,"publisher":{"@id":"https:\/\/dicodusport.fr\/blog\/#organization"},"image":{"@id":"https:\/\/dicodusport.fr\/blog\/mondiaux-athletisme-focus-sur-le-lancer-du-poids\/#primaryimage"},"thumbnailUrl":"https:\/\/dicodusport.fr\/blog\/wp-content\/uploads\/2019\/09\/Ryan-Crouser.jpg","keywords":["Championnats du monde d'athl\u00e9tisme","lancer du poids","Mondiaux d'athl\u00e9tisme","Ryan Crouser","sport"],"articleSection":["Championnats du monde d'athl\u00e9tisme"],"inLanguage":"fr-FR","potentialAction":[{"@type":"CommentAction","name":"Comment","target":["https:\/\/dicodusport.fr\/blog\/mondiaux-athletisme-focus-sur-le-lancer-du-poids\/#respond"]}],"copyrightYear":"2019","copyrightHolder":{"@id":"https:\/\/dicodusport.fr\/blog\/#organization"}},{"@type":"WebPage","@id":"https:\/\/dicodusport.fr\/blog\/mondiaux-athletisme-focus-sur-le-lancer-du-poids\/","url":"https:\/\/dicodusport.fr\/blog\/mondiaux-athletisme-focus-sur-le-lancer-du-poids\/","name":"Mondiaux d'athl\u00e9tisme : focus sur le lancer du poids","isPartOf":{"@id":"https:\/\/dicodusport.fr\/blog\/#website"},"primaryImageOfPage":{"@id":"https:\/\/dicodusport.fr\/blog\/mondiaux-athletisme-focus-sur-le-lancer-du-poids\/#primaryimage"},"image":{"@id":"https:\/\/dicodusport.fr\/blog\/mondiaux-athletisme-focus-sur-le-lancer-du-poids\/#primaryimage"},"thumbnailUrl":"https:\/\/dicodusport.fr\/blog\/wp-content\/uploads\/2019\/09\/Ryan-Crouser.jpg","datePublished":"2019-09-04T08:00:11+00:00","dateModified":"2023-02-02T13:01:51+00:00","description":"A quelques semaines des Mondiaux d'athl\u00e9tisme, Dicodusport vous propose un focus sur les athl\u00e8tes \u00e0 suivre. Aujourd'hui, place au lancer du poids.","breadcrumb":{"@id":"https:\/\/dicodusport.fr\/blog\/mondiaux-athletisme-focus-sur-le-lancer-du-poids\/#breadcrumb"},"inLanguage":"fr-FR","potentialAction":[{"@type":"ReadAction","target":["https:\/\/dicodusport.fr\/blog\/mondiaux-athletisme-focus-sur-le-lancer-du-poids\/"]}]},{"@type":"ImageObject","inLanguage":"fr-FR","@id":"https:\/\/dicodusport.fr\/blog\/mondiaux-athletisme-focus-sur-le-lancer-du-poids\/#primaryimage","url":"https:\/\/dicodusport.fr\/blog\/wp-content\/uploads\/2019\/09\/Ryan-Crouser.jpg","contentUrl":"https:\/\/dicodusport.fr\/blog\/wp-content\/uploads\/2019\/09\/Ryan-Crouser.jpg","width":800,"height":534},{"@type":"BreadcrumbList","@id":"https:\/\/dicodusport.fr\/blog\/mondiaux-athletisme-focus-sur-le-lancer-du-poids\/#breadcrumb","itemListElement":[{"@type":"ListItem","position":1,"name":"Accueil","item":"https:\/\/dicodusport.fr\/blog\/"},{"@type":"ListItem","position":2,"name":"Mondiaux d&rsquo;athl\u00e9tisme : focus sur le lancer du poids"}]},{"@type":"WebSite","@id":"https:\/\/dicodusport.fr\/blog\/#website","url":"https:\/\/dicodusport.fr\/blog\/","name":"Dicodusport","description":"L&#039;encyclop\u00e9die de l&#039;actualit\u00e9 sportive","publisher":{"@id":"https:\/\/dicodusport.fr\/blog\/#organization"},"potentialAction":[{"@type":"SearchAction","target":{"@type":"EntryPoint","urlTemplate":"https:\/\/dicodusport.fr\/blog\/?s={search_term_string}"},"query-input":{"@type":"PropertyValueSpecification","valueRequired":true,"valueName":"search_term_string"}}],"inLanguage":"fr-FR"},{"@type":"NewsMediaOrganization","@id":"https:\/\/dicodusport.fr\/blog\/#organization","name":"Dicodusport","url":"https:\/\/dicodusport.fr\/blog\/","logo":{"@type":"ImageObject","inLanguage":"fr-FR","@id":"https:\/\/dicodusport.fr\/blog\/#\/schema\/logo\/image\/","url":"https:\/\/dicodusport.fr\/blog\/wp-content\/uploads\/2020\/06\/cropped-LOGO-DICODUSPORT-2020-SANS-FOND-SANS-TEXTE.png","contentUrl":"https:\/\/dicodusport.fr\/blog\/wp-content\/uploads\/2020\/06\/cropped-LOGO-DICODUSPORT-2020-SANS-FOND-SANS-TEXTE.png","width":512,"height":512,"caption":"Dicodusport"},"image":{"@id":"https:\/\/dicodusport.fr\/blog\/#\/schema\/logo\/image\/"},"sameAs":["https:\/\/www.facebook.com\/dicodusport","https:\/\/x.com\/dicodusport","https:\/\/www.instagram.com\/dicodusport\/","https:\/\/www.youtube.com\/channel\/UC7V2KZ5sd3htJivAbA4ZG3w"],"description":"Dicodusport est l'encyclop\u00e9die de l'actualit\u00e9 sportive.","email":"bonjour@dicodusport.fr","legalName":"DICODUSPORT","foundingDate":"2018-01-14","vatID":"FR71834470973","taxID":"83447097300043","numberOfEmployees":{"@type":"QuantitativeValue","minValue":"1","maxValue":"10"}},{"@type":"Person","@id":"https:\/\/dicodusport.fr\/blog\/#\/schema\/person\/cce96fa88785bd8573e3d43078ac8c79","name":"Arlette Yeye","image":{"@type":"ImageObject","inLanguage":"fr-FR","@id":"https:\/\/dicodusport.fr\/blog\/#\/schema\/person\/image\/","url":"https:\/\/secure.gravatar.com\/avatar\/dca4a6239e6d708e46c45d60e160de6c?s=96&d=wp_user_avatar&r=g","contentUrl":"https:\/\/secure.gravatar.com\/avatar\/dca4a6239e6d708e46c45d60e160de6c?s=96&d=wp_user_avatar&r=g","caption":"Arlette Yeye"},"description":"Journaliste\/r\u00e9dactrice depuis septembre 2015 - Supportrice de Chelsea, j'ai pour sports de pr\u00e9dilection le handball, l'athl\u00e9tisme et le tennis. Si je tweete plus vite que mon ombre, vous pouvez aussi me retrouver les week-ends sur les playgrounds de Bruxelles pour un petit foot ou basket entre potes. Parcourir la France, l'Europe et plus si affinit\u00e9s pour suivre mes sportifs pr\u00e9f\u00e9r\u00e9s ? Mon kif ! Et c'est avec plaisir que je partage les r\u00e9sultats des sports populaires mais \u00e9galement plus confidentiels pour Dicodusport.","sameAs":["https:\/\/x.com\/https:\/\/twitter.com\/Shiclette94"],"url":"https:\/\/dicodusport.fr\/blog\/author\/arlette\/"}]}},"_links":{"self":[{"href":"https:\/\/dicodusport.fr\/blog\/wp-json\/wp\/v2\/posts\/47000","targetHints":{"allow":["GET"]}}],"collection":[{"href":"https:\/\/dicodusport.fr\/blog\/wp-json\/wp\/v2\/posts"}],"about":[{"href":"https:\/\/dicodusport.fr\/blog\/wp-json\/wp\/v2\/types\/post"}],"author":[{"embeddable":true,"href":"https:\/\/dicodusport.fr\/blog\/wp-json\/wp\/v2\/users\/12"}],"replies":[{"embeddable":true,"href":"https:\/\/dicodusport.fr\/blog\/wp-json\/wp\/v2\/comments?post=47000"}],"version-history":[{"count":0,"href":"https:\/\/dicodusport.fr\/blog\/wp-json\/wp\/v2\/posts\/47000\/revisions"}],"wp:featuredmedia":[{"embeddable":true,"href":"https:\/\/dicodusport.fr\/blog\/wp-json\/wp\/v2\/media\/47071"}],"wp:attachment":[{"href":"https:\/\/dicodusport.fr\/blog\/wp-json\/wp\/v2\/media?parent=47000"}],"wp:term":[{"taxonomy":"category","embeddable":true,"href":"https:\/\/dicodusport.fr\/blog\/wp-json\/wp\/v2\/categories?post=47000"},{"taxonomy":"post_tag","embeddable":true,"href":"https:\/\/dicodusport.fr\/blog\/wp-json\/wp\/v2\/tags?post=47000"}],"curies":[{"name":"wp","href":"https:\/\/api.w.org\/{rel}","templated":true}]}}