{"id":470088,"date":"2024-03-08T09:25:50","date_gmt":"2024-03-08T08:25:50","guid":{"rendered":"https:\/\/dicodusport.fr\/blog\/?p=470088&#038;preview=true&#038;preview_id=470088"},"modified":"2025-07-09T18:15:25","modified_gmt":"2025-07-09T16:15:25","slug":"mondiaux-de-para-biathlon-anthony-chalencon-et-florian-michelon-titres-sur-lindividuel","status":"publish","type":"post","link":"https:\/\/dicodusport.fr\/blog\/mondiaux-de-para-biathlon-anthony-chalencon-et-florian-michelon-titres-sur-lindividuel\/","title":{"rendered":"Mondiaux de para biathlon : Anthony Chalen\u00e7on et Florian Michelon titr\u00e9s sur l&rsquo;individuel !"},"content":{"rendered":"<p style=\"text-align: justify;\"><strong><em>CHAMPIONNATS DU MONDE DE PARA BIATHLON 2024 &#8211; Nouvelle soir\u00e9e fructueuse pour le clan tricolore du c\u00f4t\u00e9 de Prince Georges (Canada). Sur l&rsquo;individuel, Benjamin Daviet a d\u00e9croch\u00e9 l&rsquo;argent tandis qu&rsquo;Anthony Chalen\u00e7on, guid\u00e9 par Florian Michelon, a lui \u00e9t\u00e9 sacr\u00e9 champion du monde !<\/em><\/strong><\/p>\n<p style=\"text-align: justify;\">Ce jeudi, <strong>Benjamin Daviet<\/strong> a pris sa revanche. La veille, le Fran\u00e7ais \u00e9tait ressorti du sprint frustr\u00e9, avec une d\u00e9cevante 5e place. Loin de ses ambitions. Toutefois, l&rsquo;avantage de ces Mondiaux est que les courses s&rsquo;encha\u00eenent. Apr\u00e8s une bonne nuit de repos, le leader du clan tricolore \u00e9tait de nouveau en piste sur l&rsquo;individuel avec la volont\u00e9 de montrer autre chose.<\/p>\n<h2 style=\"text-align: justify;\">Benjamin Daviet prend sa revanche<\/h2>\n<p style=\"text-align: justify;\">La mission a \u00e9t\u00e9 r\u00e9ussie brillamment puisque le Fran\u00e7ais est parvenu \u00e0 prendre la 2e position gr\u00e2ce \u00e0 un superbe 19\/20 au tir, et des excellents temps de ski. L&rsquo;or \u00e9tait en revanche tout simplement injouable, puisque le Canadien<strong> Mark Arendz<\/strong> a litt\u00e9ralement \u00e9cras\u00e9 l&rsquo;\u00e9preuve, fort d&rsquo;un 20\/20 au tir. \u00c0 34 ans, l&rsquo;Ann\u00e9cien renforce toutefois sa place dans la l\u00e9gende du sport tricolore en ajoutant une <strong>20e m\u00e9daille mondiale<\/strong> \u00e0 son interminable palmar\u00e8s. Avec encore les sprints poursuite individuels et les sprints par \u00e9quipes au programme, ce total est amen\u00e9 \u00e0 augmenter d&rsquo;ici dimanche. \u00c0 noter que dans la m\u00eame course, le jeune <strong>Karl Tabouret<\/strong> (20 ans) a pay\u00e9 sa maladresse au tir (13\/20), ce qui l&rsquo;a fait reculer au 11e rang.<\/p>\n<blockquote class=\"twitter-tweet\">\n<p dir=\"ltr\" lang=\"ro\"><a href=\"https:\/\/twitter.com\/hashtag\/Parabiathlon?src=hash&amp;ref_src=twsrc%5Etfw\">#Parabiathlon<\/a> World Championships Prince George:<br \/>\nStanding Individual:<br \/>\nMen:<br \/>\n\ud83e\udd47Mark Arendz \ud83c\udde8\ud83c\udde6<br \/>\n\ud83e\udd48 Benjamin Daviet \ud83c\udde8\ud83c\uddf5<br \/>\n\ud83e\udd49Gregorii Vovchinskyi \ud83c\uddfa\ud83c\udde6<br \/>\nWomen:<br \/>\n\ud83e\udd47Liudmyla Liashenko \ud83c\uddfa\ud83c\udde6<br \/>\n\ud83e\udd48Zhiquig Zhao \ud83c\udde8\ud83c\uddf3<br \/>\n\ud83e\udd49 Natalie Wilkie<\/p>\n<p>\u2014 biath10n23 (@biathlon23) <a href=\"https:\/\/twitter.com\/biathlon23\/status\/1765855251582550213?ref_src=twsrc%5Etfw\">March 7, 2024<\/a><\/p><\/blockquote>\n<p><script async src=\"https:\/\/platform.twitter.com\/widgets.js\" charset=\"utf-8\"><\/script><\/p>\n<h2 style=\"text-align: justify;\">Anthony Chalen\u00e7on \u00e9crase l&rsquo;individuel !<\/h2>\n<p style=\"text-align: justify;\">Et cette premi\u00e8re bonne nouvelle \u00e9tait annonciatrice de quelque chose d&rsquo;encore plus grand. En effet, la cat\u00e9gorie d\u00e9ficience visuelle bouclait la journ\u00e9e canadienne, avec de nouveau <strong>Anthony Chalen\u00e7on<\/strong> et son guide <strong>Florian Michelon<\/strong> en piste. Au lendemain de l&rsquo;argent en sprint, le duo tricolore s&rsquo;est montr\u00e9 absolument infaillible pour cr\u00e9er la sensation. Face aux multiples repr\u00e9sentants de la nation forte du para biathlon mondial, l&rsquo;Ukraine, Chalen\u00e7on a r\u00e9alis\u00e9 une course solide. Ce dernier a pris les choses en main pour mener la course d&rsquo;entr\u00e9e.<\/p>\n<p style=\"text-align: justify;\">Extr\u00eamement fort sur les skis, il a litt\u00e9ralement surclass\u00e9 tous ses concurrents dans le domaine. Avec la carabine, le r\u00e9sultat a \u00e9galement \u00e9t\u00e9 excellent puisqu&rsquo;il cumule un 19\/20. Au passage, sa seule erreur r\u00e9alis\u00e9e sur le pas de tir num\u00e9ro deux le faisait alors ressortir \u00e0 seulement 12 secondes de la t\u00eate. Malgr\u00e9 un carton plein, le dauphin de Chalen\u00e7on,<strong> Iaroslav Reshetinskiy<\/strong>, a ainsi franchi la ligne avec plus d&rsquo;une minute de retard ! <strong>Oleksander Kazik<\/strong> compl\u00e8te le podium d&rsquo;une course dans laquelle l&rsquo;Ukraine a plac\u00e9 six athl\u00e8tes entre les 2\u00e8me et 7\u00e8me places ! Malgr\u00e9 cela, Anthony Chalen\u00e7on a r\u00e9gn\u00e9 en ma\u00eetre pour d\u00e9crocher avec la mani\u00e8re <strong>le premier titre individuel de champion du monde de sa carri\u00e8re<\/strong>. Et une deuxi\u00e8me m\u00e9daille d\u00e9j\u00e0 en deux jours.<\/p>\n<blockquote class=\"twitter-tweet\">\n<p dir=\"ltr\" lang=\"und\"><a href=\"https:\/\/twitter.com\/hashtag\/Parabiathlon?src=hash&amp;ref_src=twsrc%5Etfw\">#Parabiathlon<\/a> World Championships Prince George:<br \/>\nVI Individual:<br \/>\nMen:<br \/>\n\ud83e\udd47Anthony Chalencon \ud83c\udde8\ud83c\uddf5<br \/>\n\ud83e\udd48Iaroslav Reshetynskyi \ud83c\uddfa\ud83c\udde6<br \/>\n\ud83e\udd49Oleksandr Kazik \ud83c\uddfa\ud83c\udde6<br \/>\nWomen:<br \/>\n\ud83e\udd47Linn Kazmaier \ud83c\udde9\ud83c\uddea<br \/>\n\ud83e\udd48Leonie Maria Walter \ud83c\udde9\ud83c\uddea<br \/>\n\ud83e\udd49Nataliia Tkachenko \ud83c\uddfa\ud83c\udde6<a href=\"https:\/\/twitter.com\/hashtag\/biathlon?src=hash&amp;ref_src=twsrc%5Etfw\">#biathlon<\/a><\/p>\n<p>\u2014 biath10n23 (@biathlon23) <a href=\"https:\/\/twitter.com\/biathlon23\/status\/1765878083750342957?ref_src=twsrc%5Etfw\">March 7, 2024<\/a><\/p><\/blockquote>\n<p><script async src=\"https:\/\/platform.twitter.com\/widgets.js\" charset=\"utf-8\"><\/script><\/p>\n","protected":false},"excerpt":{"rendered":"<p>CHAMPIONNATS DU MONDE DE PARA BIATHLON 2024 &#8211; Nouvelle soir\u00e9e fructueuse pour le clan tricolore du c\u00f4t\u00e9 de Prince Georges (Canada). Sur l&rsquo;individuel, Benjamin Daviet a d\u00e9croch\u00e9 l&rsquo;argent tandis qu&rsquo;Anthony Chalen\u00e7on, guid\u00e9 par Florian Michelon, a lui \u00e9t\u00e9 sacr\u00e9 champion du monde !<\/p>\n","protected":false},"author":55,"featured_media":470337,"comment_status":"open","ping_status":"closed","sticky":false,"template":"","format":"standard","meta":{"_acf_changed":false,"_daextam_enable_autolinks":"1","footnotes":""},"categories":[2426,5753],"tags":[4187,2958,2427,16878,1265,21269,1513],"class_list":["post-470088","post","type-post","status-publish","format-standard","has-post-thumbnail","hentry","category-biathlon","category-handisport","tag-anthony-chalencon","tag-benjamin-daviet","tag-biathlon","tag-breve","tag-handisport","tag-para-biathlon","tag-sports-dhiver"],"acf":[],"yoast_head":"<!-- This site is optimized with the Yoast SEO Premium plugin v26.7 (Yoast SEO v26.7) - https:\/\/yoast.com\/wordpress\/plugins\/seo\/ -->\n<title>Mondiaux de para biathlon : Anthony Chalen\u00e7on et Florian Michelon titr\u00e9s sur l&#039;individuel !<\/title>\n<meta name=\"description\" content=\"CHAMPIONNATS DU MONDE PARA BIATHLON 2024 - Anthony Chalen\u00e7on et son guide Florian Michelon sont champions du monde de l&#039;individuel.\" \/>\n<meta name=\"robots\" content=\"index, follow, max-snippet:-1, max-image-preview:large, max-video-preview:-1\" \/>\n<link rel=\"canonical\" href=\"https:\/\/dicodusport.fr\/blog\/mondiaux-de-para-biathlon-anthony-chalencon-et-florian-michelon-titres-sur-lindividuel\/\" \/>\n<meta property=\"og:locale\" content=\"fr_FR\" \/>\n<meta property=\"og:type\" content=\"article\" \/>\n<meta property=\"og:title\" content=\"Mondiaux de para biathlon : Anthony Chalen\u00e7on et Florian Michelon titr\u00e9s sur l&#039;individuel !\" \/>\n<meta property=\"og:description\" content=\"CHAMPIONNATS DU MONDE PARA BIATHLON 2024 - Anthony Chalen\u00e7on et son guide Florian Michelon sont champions du monde de l&#039;individuel.\" \/>\n<meta property=\"og:url\" content=\"https:\/\/dicodusport.fr\/blog\/mondiaux-de-para-biathlon-anthony-chalencon-et-florian-michelon-titres-sur-lindividuel\/\" \/>\n<meta property=\"og:site_name\" content=\"Dicodusport\" \/>\n<meta property=\"article:publisher\" content=\"https:\/\/www.facebook.com\/dicodusport\" \/>\n<meta property=\"article:published_time\" content=\"2024-03-08T08:25:50+00:00\" \/>\n<meta property=\"article:modified_time\" content=\"2025-07-09T16:15:25+00:00\" \/>\n<meta property=\"og:image\" content=\"https:\/\/dicodusport.fr\/blog\/wp-content\/uploads\/2024\/03\/Mondiaux-de-para-biathlon-Anthony-Chalencon-et-Florian-Michelon-titres-sur-lindividuel-1.png\" \/>\n\t<meta property=\"og:image:width\" content=\"1200\" \/>\n\t<meta property=\"og:image:height\" content=\"674\" \/>\n\t<meta property=\"og:image:type\" content=\"image\/png\" \/>\n<meta name=\"author\" content=\"Maxime Cazenave\" \/>\n<meta name=\"twitter:card\" content=\"summary_large_image\" \/>\n<meta name=\"twitter:title\" content=\"Mondiaux de para biathlon : Anthony Chalen\u00e7on et Florian Michelon titr\u00e9s sur l&#039;individuel !\" \/>\n<meta name=\"twitter:creator\" content=\"@https:\/\/twitter.com\/Maxime_Caze\" \/>\n<meta name=\"twitter:site\" content=\"@dicodusport\" \/>\n<script type=\"application\/ld+json\" class=\"yoast-schema-graph\">{\"@context\":\"https:\/\/schema.org\",\"@graph\":[{\"@type\":\"NewsArticle\",\"@id\":\"https:\/\/dicodusport.fr\/blog\/mondiaux-de-para-biathlon-anthony-chalencon-et-florian-michelon-titres-sur-lindividuel\/#article\",\"isPartOf\":{\"@id\":\"https:\/\/dicodusport.fr\/blog\/mondiaux-de-para-biathlon-anthony-chalencon-et-florian-michelon-titres-sur-lindividuel\/\"},\"author\":{\"name\":\"Maxime Cazenave\",\"@id\":\"https:\/\/dicodusport.fr\/blog\/#\/schema\/person\/37def232098a7a5cbab3974a3690abb0\"},\"headline\":\"Mondiaux de para biathlon : Anthony Chalen\u00e7on et Florian Michelon titr\u00e9s sur l&rsquo;individuel !\",\"datePublished\":\"2024-03-08T08:25:50+00:00\",\"dateModified\":\"2025-07-09T16:15:25+00:00\",\"mainEntityOfPage\":{\"@id\":\"https:\/\/dicodusport.fr\/blog\/mondiaux-de-para-biathlon-anthony-chalencon-et-florian-michelon-titres-sur-lindividuel\/\"},\"wordCount\":565,\"commentCount\":0,\"publisher\":{\"@id\":\"https:\/\/dicodusport.fr\/blog\/#organization\"},\"image\":{\"@id\":\"https:\/\/dicodusport.fr\/blog\/mondiaux-de-para-biathlon-anthony-chalencon-et-florian-michelon-titres-sur-lindividuel\/#primaryimage\"},\"thumbnailUrl\":\"https:\/\/dicodusport.fr\/blog\/wp-content\/uploads\/2024\/03\/Mondiaux-de-para-biathlon-Anthony-Chalencon-et-Florian-Michelon-titres-sur-lindividuel-1.png\",\"keywords\":[\"Anthony Chalen\u00e7on\",\"Benjamin Daviet\",\"Biathlon\",\"br\u00e8ve\",\"handisport\",\"para biathlon\",\"sports d'hiver\"],\"articleSection\":[\"Biathlon\",\"Handisport\"],\"inLanguage\":\"fr-FR\",\"potentialAction\":[{\"@type\":\"CommentAction\",\"name\":\"Comment\",\"target\":[\"https:\/\/dicodusport.fr\/blog\/mondiaux-de-para-biathlon-anthony-chalencon-et-florian-michelon-titres-sur-lindividuel\/#respond\"]}],\"copyrightYear\":\"2024\",\"copyrightHolder\":{\"@id\":\"https:\/\/dicodusport.fr\/blog\/#organization\"}},{\"@type\":\"WebPage\",\"@id\":\"https:\/\/dicodusport.fr\/blog\/mondiaux-de-para-biathlon-anthony-chalencon-et-florian-michelon-titres-sur-lindividuel\/\",\"url\":\"https:\/\/dicodusport.fr\/blog\/mondiaux-de-para-biathlon-anthony-chalencon-et-florian-michelon-titres-sur-lindividuel\/\",\"name\":\"Mondiaux de para biathlon : Anthony Chalen\u00e7on et Florian Michelon titr\u00e9s sur l'individuel !\",\"isPartOf\":{\"@id\":\"https:\/\/dicodusport.fr\/blog\/#website\"},\"primaryImageOfPage\":{\"@id\":\"https:\/\/dicodusport.fr\/blog\/mondiaux-de-para-biathlon-anthony-chalencon-et-florian-michelon-titres-sur-lindividuel\/#primaryimage\"},\"image\":{\"@id\":\"https:\/\/dicodusport.fr\/blog\/mondiaux-de-para-biathlon-anthony-chalencon-et-florian-michelon-titres-sur-lindividuel\/#primaryimage\"},\"thumbnailUrl\":\"https:\/\/dicodusport.fr\/blog\/wp-content\/uploads\/2024\/03\/Mondiaux-de-para-biathlon-Anthony-Chalencon-et-Florian-Michelon-titres-sur-lindividuel-1.png\",\"datePublished\":\"2024-03-08T08:25:50+00:00\",\"dateModified\":\"2025-07-09T16:15:25+00:00\",\"description\":\"CHAMPIONNATS DU MONDE PARA BIATHLON 2024 - Anthony Chalen\u00e7on et son guide Florian Michelon sont champions du monde de l'individuel.\",\"breadcrumb\":{\"@id\":\"https:\/\/dicodusport.fr\/blog\/mondiaux-de-para-biathlon-anthony-chalencon-et-florian-michelon-titres-sur-lindividuel\/#breadcrumb\"},\"inLanguage\":\"fr-FR\",\"potentialAction\":[{\"@type\":\"ReadAction\",\"target\":[\"https:\/\/dicodusport.fr\/blog\/mondiaux-de-para-biathlon-anthony-chalencon-et-florian-michelon-titres-sur-lindividuel\/\"]}]},{\"@type\":\"ImageObject\",\"inLanguage\":\"fr-FR\",\"@id\":\"https:\/\/dicodusport.fr\/blog\/mondiaux-de-para-biathlon-anthony-chalencon-et-florian-michelon-titres-sur-lindividuel\/#primaryimage\",\"url\":\"https:\/\/dicodusport.fr\/blog\/wp-content\/uploads\/2024\/03\/Mondiaux-de-para-biathlon-Anthony-Chalencon-et-Florian-Michelon-titres-sur-lindividuel-1.png\",\"contentUrl\":\"https:\/\/dicodusport.fr\/blog\/wp-content\/uploads\/2024\/03\/Mondiaux-de-para-biathlon-Anthony-Chalencon-et-Florian-Michelon-titres-sur-lindividuel-1.png\",\"width\":1200,\"height\":674,\"caption\":\"Mondiaux de para biathlon Anthony Chalen\u00e7on et Florian Michelon titr\u00e9s sur l'individuel ! (1)\"},{\"@type\":\"BreadcrumbList\",\"@id\":\"https:\/\/dicodusport.fr\/blog\/mondiaux-de-para-biathlon-anthony-chalencon-et-florian-michelon-titres-sur-lindividuel\/#breadcrumb\",\"itemListElement\":[{\"@type\":\"ListItem\",\"position\":1,\"name\":\"Accueil\",\"item\":\"https:\/\/dicodusport.fr\/blog\/\"},{\"@type\":\"ListItem\",\"position\":2,\"name\":\"Mondiaux de para biathlon : Anthony Chalen\u00e7on et Florian Michelon titr\u00e9s sur l&rsquo;individuel !\"}]},{\"@type\":\"WebSite\",\"@id\":\"https:\/\/dicodusport.fr\/blog\/#website\",\"url\":\"https:\/\/dicodusport.fr\/blog\/\",\"name\":\"Dicodusport\",\"description\":\"L&#039;encyclop\u00e9die de l&#039;actualit\u00e9 sportive\",\"publisher\":{\"@id\":\"https:\/\/dicodusport.fr\/blog\/#organization\"},\"potentialAction\":[{\"@type\":\"SearchAction\",\"target\":{\"@type\":\"EntryPoint\",\"urlTemplate\":\"https:\/\/dicodusport.fr\/blog\/?s={search_term_string}\"},\"query-input\":{\"@type\":\"PropertyValueSpecification\",\"valueRequired\":true,\"valueName\":\"search_term_string\"}}],\"inLanguage\":\"fr-FR\"},{\"@type\":\"NewsMediaOrganization\",\"@id\":\"https:\/\/dicodusport.fr\/blog\/#organization\",\"name\":\"Dicodusport\",\"url\":\"https:\/\/dicodusport.fr\/blog\/\",\"logo\":{\"@type\":\"ImageObject\",\"inLanguage\":\"fr-FR\",\"@id\":\"https:\/\/dicodusport.fr\/blog\/#\/schema\/logo\/image\/\",\"url\":\"https:\/\/dicodusport.fr\/blog\/wp-content\/uploads\/2020\/06\/cropped-LOGO-DICODUSPORT-2020-SANS-FOND-SANS-TEXTE.png\",\"contentUrl\":\"https:\/\/dicodusport.fr\/blog\/wp-content\/uploads\/2020\/06\/cropped-LOGO-DICODUSPORT-2020-SANS-FOND-SANS-TEXTE.png\",\"width\":512,\"height\":512,\"caption\":\"Dicodusport\"},\"image\":{\"@id\":\"https:\/\/dicodusport.fr\/blog\/#\/schema\/logo\/image\/\"},\"sameAs\":[\"https:\/\/www.facebook.com\/dicodusport\",\"https:\/\/x.com\/dicodusport\",\"https:\/\/www.instagram.com\/dicodusport\/\",\"https:\/\/www.youtube.com\/channel\/UC7V2KZ5sd3htJivAbA4ZG3w\"],\"description\":\"Dicodusport est l'encyclop\u00e9die de l'actualit\u00e9 sportive.\",\"email\":\"bonjour@dicodusport.fr\",\"legalName\":\"DICODUSPORT\",\"foundingDate\":\"2018-01-14\",\"vatID\":\"FR71834470973\",\"taxID\":\"83447097300043\",\"numberOfEmployees\":{\"@type\":\"QuantitativeValue\",\"minValue\":\"1\",\"maxValue\":\"10\"}},{\"@type\":\"Person\",\"@id\":\"https:\/\/dicodusport.fr\/blog\/#\/schema\/person\/37def232098a7a5cbab3974a3690abb0\",\"name\":\"Maxime Cazenave\",\"image\":{\"@type\":\"ImageObject\",\"inLanguage\":\"fr-FR\",\"@id\":\"https:\/\/dicodusport.fr\/blog\/#\/schema\/person\/image\/\",\"url\":\"https:\/\/dicodusport.fr\/blog\/wp-content\/uploads\/2021\/05\/Maxime-Cazenave-150x150.jpg\",\"contentUrl\":\"https:\/\/dicodusport.fr\/blog\/wp-content\/uploads\/2021\/05\/Maxime-Cazenave-150x150.jpg\",\"caption\":\"Maxime Cazenave\"},\"description\":\"Journaliste\/R\u00e9dacteur depuis 2012 - Berc\u00e9 par l\u2019amour des Girondins de Bordeaux, les \u00e9checs de Christophe Moreau sur le Tour de France sous l'\u00e8re Lance Armstrong et le fade-away l\u00e9tal de Dirk Nowitzki, ma passion d\u00e9vorante pour le sport a toujours \u00e9t\u00e9 un pan incontournable de ma vie. Transmettre ma passion \u00e0 l\u2019\u00e9crit a \u00e9t\u00e9 une transition naturelle. Suiveur assidu de basket et de hockey sur glace, je garde toujours un peu de place pour suivre le cyclisme, le football et le maximum de performances fran\u00e7aises.\",\"sameAs\":[\"https:\/\/x.com\/https:\/\/twitter.com\/Maxime_Caze\"],\"url\":\"https:\/\/dicodusport.fr\/blog\/author\/maximec\/\"}]}<\/script>\n<!-- \/ Yoast SEO Premium plugin. -->","yoast_head_json":{"title":"Mondiaux de para biathlon : Anthony Chalen\u00e7on et Florian Michelon titr\u00e9s sur l'individuel !","description":"CHAMPIONNATS DU MONDE PARA BIATHLON 2024 - Anthony Chalen\u00e7on et son guide Florian Michelon sont champions du monde de l'individuel.","robots":{"index":"index","follow":"follow","max-snippet":"max-snippet:-1","max-image-preview":"max-image-preview:large","max-video-preview":"max-video-preview:-1"},"canonical":"https:\/\/dicodusport.fr\/blog\/mondiaux-de-para-biathlon-anthony-chalencon-et-florian-michelon-titres-sur-lindividuel\/","og_locale":"fr_FR","og_type":"article","og_title":"Mondiaux de para biathlon : Anthony Chalen\u00e7on et Florian Michelon titr\u00e9s sur l'individuel !","og_description":"CHAMPIONNATS DU MONDE PARA BIATHLON 2024 - Anthony Chalen\u00e7on et son guide Florian Michelon sont champions du monde de l'individuel.","og_url":"https:\/\/dicodusport.fr\/blog\/mondiaux-de-para-biathlon-anthony-chalencon-et-florian-michelon-titres-sur-lindividuel\/","og_site_name":"Dicodusport","article_publisher":"https:\/\/www.facebook.com\/dicodusport","article_published_time":"2024-03-08T08:25:50+00:00","article_modified_time":"2025-07-09T16:15:25+00:00","og_image":[{"width":1200,"height":674,"url":"https:\/\/dicodusport.fr\/blog\/wp-content\/uploads\/2024\/03\/Mondiaux-de-para-biathlon-Anthony-Chalencon-et-Florian-Michelon-titres-sur-lindividuel-1.png","type":"image\/png"}],"author":"Maxime Cazenave","twitter_card":"summary_large_image","twitter_title":"Mondiaux de para biathlon : Anthony Chalen\u00e7on et Florian Michelon titr\u00e9s sur l'individuel !","twitter_creator":"@https:\/\/twitter.com\/Maxime_Caze","twitter_site":"@dicodusport","schema":{"@context":"https:\/\/schema.org","@graph":[{"@type":"NewsArticle","@id":"https:\/\/dicodusport.fr\/blog\/mondiaux-de-para-biathlon-anthony-chalencon-et-florian-michelon-titres-sur-lindividuel\/#article","isPartOf":{"@id":"https:\/\/dicodusport.fr\/blog\/mondiaux-de-para-biathlon-anthony-chalencon-et-florian-michelon-titres-sur-lindividuel\/"},"author":{"name":"Maxime Cazenave","@id":"https:\/\/dicodusport.fr\/blog\/#\/schema\/person\/37def232098a7a5cbab3974a3690abb0"},"headline":"Mondiaux de para biathlon : Anthony Chalen\u00e7on et Florian Michelon titr\u00e9s sur l&rsquo;individuel !","datePublished":"2024-03-08T08:25:50+00:00","dateModified":"2025-07-09T16:15:25+00:00","mainEntityOfPage":{"@id":"https:\/\/dicodusport.fr\/blog\/mondiaux-de-para-biathlon-anthony-chalencon-et-florian-michelon-titres-sur-lindividuel\/"},"wordCount":565,"commentCount":0,"publisher":{"@id":"https:\/\/dicodusport.fr\/blog\/#organization"},"image":{"@id":"https:\/\/dicodusport.fr\/blog\/mondiaux-de-para-biathlon-anthony-chalencon-et-florian-michelon-titres-sur-lindividuel\/#primaryimage"},"thumbnailUrl":"https:\/\/dicodusport.fr\/blog\/wp-content\/uploads\/2024\/03\/Mondiaux-de-para-biathlon-Anthony-Chalencon-et-Florian-Michelon-titres-sur-lindividuel-1.png","keywords":["Anthony Chalen\u00e7on","Benjamin Daviet","Biathlon","br\u00e8ve","handisport","para biathlon","sports d'hiver"],"articleSection":["Biathlon","Handisport"],"inLanguage":"fr-FR","potentialAction":[{"@type":"CommentAction","name":"Comment","target":["https:\/\/dicodusport.fr\/blog\/mondiaux-de-para-biathlon-anthony-chalencon-et-florian-michelon-titres-sur-lindividuel\/#respond"]}],"copyrightYear":"2024","copyrightHolder":{"@id":"https:\/\/dicodusport.fr\/blog\/#organization"}},{"@type":"WebPage","@id":"https:\/\/dicodusport.fr\/blog\/mondiaux-de-para-biathlon-anthony-chalencon-et-florian-michelon-titres-sur-lindividuel\/","url":"https:\/\/dicodusport.fr\/blog\/mondiaux-de-para-biathlon-anthony-chalencon-et-florian-michelon-titres-sur-lindividuel\/","name":"Mondiaux de para biathlon : Anthony Chalen\u00e7on et Florian Michelon titr\u00e9s sur l'individuel !","isPartOf":{"@id":"https:\/\/dicodusport.fr\/blog\/#website"},"primaryImageOfPage":{"@id":"https:\/\/dicodusport.fr\/blog\/mondiaux-de-para-biathlon-anthony-chalencon-et-florian-michelon-titres-sur-lindividuel\/#primaryimage"},"image":{"@id":"https:\/\/dicodusport.fr\/blog\/mondiaux-de-para-biathlon-anthony-chalencon-et-florian-michelon-titres-sur-lindividuel\/#primaryimage"},"thumbnailUrl":"https:\/\/dicodusport.fr\/blog\/wp-content\/uploads\/2024\/03\/Mondiaux-de-para-biathlon-Anthony-Chalencon-et-Florian-Michelon-titres-sur-lindividuel-1.png","datePublished":"2024-03-08T08:25:50+00:00","dateModified":"2025-07-09T16:15:25+00:00","description":"CHAMPIONNATS DU MONDE PARA BIATHLON 2024 - Anthony Chalen\u00e7on et son guide Florian Michelon sont champions du monde de l'individuel.","breadcrumb":{"@id":"https:\/\/dicodusport.fr\/blog\/mondiaux-de-para-biathlon-anthony-chalencon-et-florian-michelon-titres-sur-lindividuel\/#breadcrumb"},"inLanguage":"fr-FR","potentialAction":[{"@type":"ReadAction","target":["https:\/\/dicodusport.fr\/blog\/mondiaux-de-para-biathlon-anthony-chalencon-et-florian-michelon-titres-sur-lindividuel\/"]}]},{"@type":"ImageObject","inLanguage":"fr-FR","@id":"https:\/\/dicodusport.fr\/blog\/mondiaux-de-para-biathlon-anthony-chalencon-et-florian-michelon-titres-sur-lindividuel\/#primaryimage","url":"https:\/\/dicodusport.fr\/blog\/wp-content\/uploads\/2024\/03\/Mondiaux-de-para-biathlon-Anthony-Chalencon-et-Florian-Michelon-titres-sur-lindividuel-1.png","contentUrl":"https:\/\/dicodusport.fr\/blog\/wp-content\/uploads\/2024\/03\/Mondiaux-de-para-biathlon-Anthony-Chalencon-et-Florian-Michelon-titres-sur-lindividuel-1.png","width":1200,"height":674,"caption":"Mondiaux de para biathlon Anthony Chalen\u00e7on et Florian Michelon titr\u00e9s sur l'individuel ! (1)"},{"@type":"BreadcrumbList","@id":"https:\/\/dicodusport.fr\/blog\/mondiaux-de-para-biathlon-anthony-chalencon-et-florian-michelon-titres-sur-lindividuel\/#breadcrumb","itemListElement":[{"@type":"ListItem","position":1,"name":"Accueil","item":"https:\/\/dicodusport.fr\/blog\/"},{"@type":"ListItem","position":2,"name":"Mondiaux de para biathlon : Anthony Chalen\u00e7on et Florian Michelon titr\u00e9s sur l&rsquo;individuel !"}]},{"@type":"WebSite","@id":"https:\/\/dicodusport.fr\/blog\/#website","url":"https:\/\/dicodusport.fr\/blog\/","name":"Dicodusport","description":"L&#039;encyclop\u00e9die de l&#039;actualit\u00e9 sportive","publisher":{"@id":"https:\/\/dicodusport.fr\/blog\/#organization"},"potentialAction":[{"@type":"SearchAction","target":{"@type":"EntryPoint","urlTemplate":"https:\/\/dicodusport.fr\/blog\/?s={search_term_string}"},"query-input":{"@type":"PropertyValueSpecification","valueRequired":true,"valueName":"search_term_string"}}],"inLanguage":"fr-FR"},{"@type":"NewsMediaOrganization","@id":"https:\/\/dicodusport.fr\/blog\/#organization","name":"Dicodusport","url":"https:\/\/dicodusport.fr\/blog\/","logo":{"@type":"ImageObject","inLanguage":"fr-FR","@id":"https:\/\/dicodusport.fr\/blog\/#\/schema\/logo\/image\/","url":"https:\/\/dicodusport.fr\/blog\/wp-content\/uploads\/2020\/06\/cropped-LOGO-DICODUSPORT-2020-SANS-FOND-SANS-TEXTE.png","contentUrl":"https:\/\/dicodusport.fr\/blog\/wp-content\/uploads\/2020\/06\/cropped-LOGO-DICODUSPORT-2020-SANS-FOND-SANS-TEXTE.png","width":512,"height":512,"caption":"Dicodusport"},"image":{"@id":"https:\/\/dicodusport.fr\/blog\/#\/schema\/logo\/image\/"},"sameAs":["https:\/\/www.facebook.com\/dicodusport","https:\/\/x.com\/dicodusport","https:\/\/www.instagram.com\/dicodusport\/","https:\/\/www.youtube.com\/channel\/UC7V2KZ5sd3htJivAbA4ZG3w"],"description":"Dicodusport est l'encyclop\u00e9die de l'actualit\u00e9 sportive.","email":"bonjour@dicodusport.fr","legalName":"DICODUSPORT","foundingDate":"2018-01-14","vatID":"FR71834470973","taxID":"83447097300043","numberOfEmployees":{"@type":"QuantitativeValue","minValue":"1","maxValue":"10"}},{"@type":"Person","@id":"https:\/\/dicodusport.fr\/blog\/#\/schema\/person\/37def232098a7a5cbab3974a3690abb0","name":"Maxime Cazenave","image":{"@type":"ImageObject","inLanguage":"fr-FR","@id":"https:\/\/dicodusport.fr\/blog\/#\/schema\/person\/image\/","url":"https:\/\/dicodusport.fr\/blog\/wp-content\/uploads\/2021\/05\/Maxime-Cazenave-150x150.jpg","contentUrl":"https:\/\/dicodusport.fr\/blog\/wp-content\/uploads\/2021\/05\/Maxime-Cazenave-150x150.jpg","caption":"Maxime Cazenave"},"description":"Journaliste\/R\u00e9dacteur depuis 2012 - Berc\u00e9 par l\u2019amour des Girondins de Bordeaux, les \u00e9checs de Christophe Moreau sur le Tour de France sous l'\u00e8re Lance Armstrong et le fade-away l\u00e9tal de Dirk Nowitzki, ma passion d\u00e9vorante pour le sport a toujours \u00e9t\u00e9 un pan incontournable de ma vie. Transmettre ma passion \u00e0 l\u2019\u00e9crit a \u00e9t\u00e9 une transition naturelle. Suiveur assidu de basket et de hockey sur glace, je garde toujours un peu de place pour suivre le cyclisme, le football et le maximum de performances fran\u00e7aises.","sameAs":["https:\/\/x.com\/https:\/\/twitter.com\/Maxime_Caze"],"url":"https:\/\/dicodusport.fr\/blog\/author\/maximec\/"}]}},"_links":{"self":[{"href":"https:\/\/dicodusport.fr\/blog\/wp-json\/wp\/v2\/posts\/470088","targetHints":{"allow":["GET"]}}],"collection":[{"href":"https:\/\/dicodusport.fr\/blog\/wp-json\/wp\/v2\/posts"}],"about":[{"href":"https:\/\/dicodusport.fr\/blog\/wp-json\/wp\/v2\/types\/post"}],"author":[{"embeddable":true,"href":"https:\/\/dicodusport.fr\/blog\/wp-json\/wp\/v2\/users\/55"}],"replies":[{"embeddable":true,"href":"https:\/\/dicodusport.fr\/blog\/wp-json\/wp\/v2\/comments?post=470088"}],"version-history":[{"count":5,"href":"https:\/\/dicodusport.fr\/blog\/wp-json\/wp\/v2\/posts\/470088\/revisions"}],"predecessor-version":[{"id":470198,"href":"https:\/\/dicodusport.fr\/blog\/wp-json\/wp\/v2\/posts\/470088\/revisions\/470198"}],"wp:featuredmedia":[{"embeddable":true,"href":"https:\/\/dicodusport.fr\/blog\/wp-json\/wp\/v2\/media\/470337"}],"wp:attachment":[{"href":"https:\/\/dicodusport.fr\/blog\/wp-json\/wp\/v2\/media?parent=470088"}],"wp:term":[{"taxonomy":"category","embeddable":true,"href":"https:\/\/dicodusport.fr\/blog\/wp-json\/wp\/v2\/categories?post=470088"},{"taxonomy":"post_tag","embeddable":true,"href":"https:\/\/dicodusport.fr\/blog\/wp-json\/wp\/v2\/tags?post=470088"}],"curies":[{"name":"wp","href":"https:\/\/api.w.org\/{rel}","templated":true}]}}