{"id":47013,"date":"2019-09-02T10:35:13","date_gmt":"2019-09-02T08:35:13","guid":{"rendered":"http:\/\/dicodusport.fr\/blog\/?p=47013"},"modified":"2019-09-02T14:00:37","modified_gmt":"2019-09-02T12:00:37","slug":"aviron-mondiaux-aucune-medaille-pour-la-france-mais-des-quotas-pour-tokyo","status":"publish","type":"post","link":"https:\/\/dicodusport.fr\/blog\/aviron-mondiaux-aucune-medaille-pour-la-france-mais-des-quotas-pour-tokyo\/","title":{"rendered":"Aviron &#8211; Mondiaux : aucune m\u00e9daille pour la France mais des quotas pour Tokyo"},"content":{"rendered":"<p style=\"text-align: justify;\"><strong><em>Pour la premi\u00e8re fois depuis 2002, l&rsquo;\u00e9quipe de France rentre bredouille d&rsquo;un championnat du monde, mais avec quatre quotas olympiques en poche.<br \/>\n<\/em><\/strong><\/p>\n<p style=\"text-align: justify;\">Les temps sont durs pour l&rsquo;<strong>aviron fran\u00e7ais<\/strong>, qui pourra tout de m\u00eame se consoler avec les quatre bateaux qualifi\u00e9s pour Tokyo. Il y a eu trois finales synonymes de qualifications pour les Bleus, avec <strong>Claire Bov\u00e9<\/strong> et <strong>Laura Tarantola<\/strong>, <strong>\u00c9lodie Ravera-Scaramozzino<\/strong> et <strong>H\u00e9l\u00e8ne Lefebvre<\/strong> ainsi que <strong>les fr\u00e8res Onfray<\/strong>.<\/p>\n<p style=\"text-align: justify;\">Championne du monde en titre, la paire <strong>Androdias-Boucheron<\/strong>, diminu\u00e9e, doit se contenter d&rsquo;une neuvi\u00e8me place, suffisant pour voir le Japon dans un an. D\u00e9ception en revanche pour le duo <strong>Houin-Beuray<\/strong>, toujours \u00e0 la recherche de sensations et qui n&rsquo;ont pas r\u00e9ussi \u00e0 qualifier le bateau champion olympique en 2016. Une derni\u00e8re \u00e9preuve qualificative aura lieu \u00e0 Lucerne (Suisse), deux mois avant les JO.<\/p>\n<p style=\"text-align: justify;\">Le DTN de l&rsquo;aviron fran\u00e7ais a d\u00e9clar\u00e9 \u00e0 l&rsquo;AFP apr\u00e8s ces Mondiaux \u00e0 Ottensheim\/Linz (Autriche) :<\/p>\n<blockquote>\n<p style=\"text-align: justify;\">On a quelques motifs de satisfaction. On a connu une saison difficile cette ann\u00e9e, avec des r\u00e9sultats qui n\u2019\u00e9taient pas \u00e0 la hauteur. On est revenu dans le jeu pour un certain nombre d\u2019embarcations<\/p>\n<\/blockquote>\n<p style=\"text-align: justify;\"><strong><em>Dicodusport<br \/>\n<a href=\"https:\/\/www.facebook.com\/dicodusport\/\" target=\"_blank\" rel=\"noopener\"><img loading=\"lazy\" decoding=\"async\" class=\"alignnone wp-image-2909\" src=\"http:\/\/dicodusport.fr\/blog\/wp-content\/uploads\/2017\/07\/logo-facebook-150x150.png\" alt=\"\" width=\"40\" height=\"40\" \/><\/a><a href=\"https:\/\/twitter.com\/dicodusport\" target=\"_blank\" rel=\"noopener\"><img loading=\"lazy\" decoding=\"async\" class=\"alignnone wp-image-2908\" src=\"http:\/\/dicodusport.fr\/blog\/wp-content\/uploads\/2017\/07\/logo-twitter-150x150.png\" alt=\"\" width=\"39\" height=\"39\" \/><\/a><\/em><\/strong><\/p>\n","protected":false},"excerpt":{"rendered":"<p>Pour la premi\u00e8re fois depuis 2002, l&rsquo;\u00e9quipe de France rentre bredouille d&rsquo;un championnat du monde, mais avec quatre quotas olympiques en poche.<\/p>\n","protected":false},"author":1,"featured_media":44237,"comment_status":"open","ping_status":"closed","sticky":false,"template":"","format":"standard","meta":{"_acf_changed":false,"_daextam_enable_autolinks":"","footnotes":""},"categories":[2309],"tags":[739,751,1495],"class_list":["post-47013","post","type-post","status-publish","format-standard","has-post-thumbnail","hentry","category-aviron","tag-aviron","tag-houin","tag-mondiaux"],"acf":[],"yoast_head":"<!-- This site is optimized with the Yoast SEO Premium plugin v26.7 (Yoast SEO v26.7) - https:\/\/yoast.com\/wordpress\/plugins\/seo\/ -->\n<title>Aviron - Mondiaux : aucune m\u00e9daille pour la France mais des quotas pour Tokyo<\/title>\n<meta name=\"description\" content=\"Pour la premi\u00e8re fois depuis 2002, l&#039;\u00e9quipe de France rentre bredouille d&#039;un championnat du monde, mais avec quatre quotas olympiques en poche.\" \/>\n<meta name=\"robots\" content=\"index, follow, max-snippet:-1, max-image-preview:large, max-video-preview:-1\" \/>\n<link rel=\"canonical\" href=\"https:\/\/dicodusport.fr\/blog\/aviron-mondiaux-aucune-medaille-pour-la-france-mais-des-quotas-pour-tokyo\/\" \/>\n<meta property=\"og:locale\" content=\"fr_FR\" \/>\n<meta property=\"og:type\" content=\"article\" \/>\n<meta property=\"og:title\" content=\"Aviron - Mondiaux : aucune m\u00e9daille pour la France mais des quotas pour Tokyo\" \/>\n<meta property=\"og:description\" content=\"Pour la premi\u00e8re fois depuis 2002, l&#039;\u00e9quipe de France rentre bredouille d&#039;un championnat du monde, mais avec quatre quotas olympiques en poche.\" \/>\n<meta property=\"og:url\" content=\"https:\/\/dicodusport.fr\/blog\/aviron-mondiaux-aucune-medaille-pour-la-france-mais-des-quotas-pour-tokyo\/\" \/>\n<meta property=\"og:site_name\" content=\"Dicodusport\" \/>\n<meta property=\"article:publisher\" content=\"https:\/\/www.facebook.com\/dicodusport\" \/>\n<meta property=\"article:author\" content=\"https:\/\/www.facebook.com\/dicodusport\" \/>\n<meta property=\"article:published_time\" content=\"2019-09-02T08:35:13+00:00\" \/>\n<meta property=\"article:modified_time\" content=\"2019-09-02T12:00:37+00:00\" \/>\n<meta property=\"og:image\" content=\"https:\/\/dicodusport.fr\/blog\/wp-content\/uploads\/2019\/07\/Pierre-Houin-2.png\" \/>\n\t<meta property=\"og:image:width\" content=\"1200\" \/>\n\t<meta property=\"og:image:height\" content=\"670\" \/>\n\t<meta property=\"og:image:type\" content=\"image\/png\" \/>\n<meta name=\"author\" content=\"Nicolas Jacquemard\" \/>\n<meta name=\"twitter:card\" content=\"summary_large_image\" \/>\n<meta name=\"twitter:title\" content=\"Aviron - Mondiaux : aucune m\u00e9daille pour la France mais des quotas pour Tokyo\" \/>\n<meta name=\"twitter:creator\" content=\"@https:\/\/twitter.com\/Nico_Jacquemard\" \/>\n<meta name=\"twitter:site\" content=\"@dicodusport\" \/>\n<script type=\"application\/ld+json\" class=\"yoast-schema-graph\">{\"@context\":\"https:\/\/schema.org\",\"@graph\":[{\"@type\":\"NewsArticle\",\"@id\":\"https:\/\/dicodusport.fr\/blog\/aviron-mondiaux-aucune-medaille-pour-la-france-mais-des-quotas-pour-tokyo\/#article\",\"isPartOf\":{\"@id\":\"https:\/\/dicodusport.fr\/blog\/aviron-mondiaux-aucune-medaille-pour-la-france-mais-des-quotas-pour-tokyo\/\"},\"author\":{\"name\":\"Nicolas Jacquemard\",\"@id\":\"https:\/\/dicodusport.fr\/blog\/#\/schema\/person\/55dcb50ad410894e431ed812bbb70191\"},\"headline\":\"Aviron &#8211; Mondiaux : aucune m\u00e9daille pour la France mais des quotas pour Tokyo\",\"datePublished\":\"2019-09-02T08:35:13+00:00\",\"dateModified\":\"2019-09-02T12:00:37+00:00\",\"mainEntityOfPage\":{\"@id\":\"https:\/\/dicodusport.fr\/blog\/aviron-mondiaux-aucune-medaille-pour-la-france-mais-des-quotas-pour-tokyo\/\"},\"wordCount\":217,\"commentCount\":0,\"publisher\":{\"@id\":\"https:\/\/dicodusport.fr\/blog\/#organization\"},\"image\":{\"@id\":\"https:\/\/dicodusport.fr\/blog\/aviron-mondiaux-aucune-medaille-pour-la-france-mais-des-quotas-pour-tokyo\/#primaryimage\"},\"thumbnailUrl\":\"https:\/\/dicodusport.fr\/blog\/wp-content\/uploads\/2019\/07\/Pierre-Houin-2.png\",\"keywords\":[\"aviron\",\"houin\",\"mondiaux\"],\"articleSection\":[\"Aviron\"],\"inLanguage\":\"fr-FR\",\"potentialAction\":[{\"@type\":\"CommentAction\",\"name\":\"Comment\",\"target\":[\"https:\/\/dicodusport.fr\/blog\/aviron-mondiaux-aucune-medaille-pour-la-france-mais-des-quotas-pour-tokyo\/#respond\"]}],\"copyrightYear\":\"2019\",\"copyrightHolder\":{\"@id\":\"https:\/\/dicodusport.fr\/blog\/#organization\"}},{\"@type\":\"WebPage\",\"@id\":\"https:\/\/dicodusport.fr\/blog\/aviron-mondiaux-aucune-medaille-pour-la-france-mais-des-quotas-pour-tokyo\/\",\"url\":\"https:\/\/dicodusport.fr\/blog\/aviron-mondiaux-aucune-medaille-pour-la-france-mais-des-quotas-pour-tokyo\/\",\"name\":\"Aviron - Mondiaux : aucune m\u00e9daille pour la France mais des quotas pour Tokyo\",\"isPartOf\":{\"@id\":\"https:\/\/dicodusport.fr\/blog\/#website\"},\"primaryImageOfPage\":{\"@id\":\"https:\/\/dicodusport.fr\/blog\/aviron-mondiaux-aucune-medaille-pour-la-france-mais-des-quotas-pour-tokyo\/#primaryimage\"},\"image\":{\"@id\":\"https:\/\/dicodusport.fr\/blog\/aviron-mondiaux-aucune-medaille-pour-la-france-mais-des-quotas-pour-tokyo\/#primaryimage\"},\"thumbnailUrl\":\"https:\/\/dicodusport.fr\/blog\/wp-content\/uploads\/2019\/07\/Pierre-Houin-2.png\",\"datePublished\":\"2019-09-02T08:35:13+00:00\",\"dateModified\":\"2019-09-02T12:00:37+00:00\",\"description\":\"Pour la premi\u00e8re fois depuis 2002, l'\u00e9quipe de France rentre bredouille d'un championnat du monde, mais avec quatre quotas olympiques en poche.\",\"breadcrumb\":{\"@id\":\"https:\/\/dicodusport.fr\/blog\/aviron-mondiaux-aucune-medaille-pour-la-france-mais-des-quotas-pour-tokyo\/#breadcrumb\"},\"inLanguage\":\"fr-FR\",\"potentialAction\":[{\"@type\":\"ReadAction\",\"target\":[\"https:\/\/dicodusport.fr\/blog\/aviron-mondiaux-aucune-medaille-pour-la-france-mais-des-quotas-pour-tokyo\/\"]}]},{\"@type\":\"ImageObject\",\"inLanguage\":\"fr-FR\",\"@id\":\"https:\/\/dicodusport.fr\/blog\/aviron-mondiaux-aucune-medaille-pour-la-france-mais-des-quotas-pour-tokyo\/#primaryimage\",\"url\":\"https:\/\/dicodusport.fr\/blog\/wp-content\/uploads\/2019\/07\/Pierre-Houin-2.png\",\"contentUrl\":\"https:\/\/dicodusport.fr\/blog\/wp-content\/uploads\/2019\/07\/Pierre-Houin-2.png\",\"width\":1200,\"height\":670},{\"@type\":\"BreadcrumbList\",\"@id\":\"https:\/\/dicodusport.fr\/blog\/aviron-mondiaux-aucune-medaille-pour-la-france-mais-des-quotas-pour-tokyo\/#breadcrumb\",\"itemListElement\":[{\"@type\":\"ListItem\",\"position\":1,\"name\":\"Accueil\",\"item\":\"https:\/\/dicodusport.fr\/blog\/\"},{\"@type\":\"ListItem\",\"position\":2,\"name\":\"Aviron &#8211; Mondiaux : aucune m\u00e9daille pour la France mais des quotas pour Tokyo\"}]},{\"@type\":\"WebSite\",\"@id\":\"https:\/\/dicodusport.fr\/blog\/#website\",\"url\":\"https:\/\/dicodusport.fr\/blog\/\",\"name\":\"Dicodusport\",\"description\":\"L&#039;encyclop\u00e9die de l&#039;actualit\u00e9 sportive\",\"publisher\":{\"@id\":\"https:\/\/dicodusport.fr\/blog\/#organization\"},\"potentialAction\":[{\"@type\":\"SearchAction\",\"target\":{\"@type\":\"EntryPoint\",\"urlTemplate\":\"https:\/\/dicodusport.fr\/blog\/?s={search_term_string}\"},\"query-input\":{\"@type\":\"PropertyValueSpecification\",\"valueRequired\":true,\"valueName\":\"search_term_string\"}}],\"inLanguage\":\"fr-FR\"},{\"@type\":\"NewsMediaOrganization\",\"@id\":\"https:\/\/dicodusport.fr\/blog\/#organization\",\"name\":\"Dicodusport\",\"url\":\"https:\/\/dicodusport.fr\/blog\/\",\"logo\":{\"@type\":\"ImageObject\",\"inLanguage\":\"fr-FR\",\"@id\":\"https:\/\/dicodusport.fr\/blog\/#\/schema\/logo\/image\/\",\"url\":\"https:\/\/dicodusport.fr\/blog\/wp-content\/uploads\/2020\/06\/cropped-LOGO-DICODUSPORT-2020-SANS-FOND-SANS-TEXTE.png\",\"contentUrl\":\"https:\/\/dicodusport.fr\/blog\/wp-content\/uploads\/2020\/06\/cropped-LOGO-DICODUSPORT-2020-SANS-FOND-SANS-TEXTE.png\",\"width\":512,\"height\":512,\"caption\":\"Dicodusport\"},\"image\":{\"@id\":\"https:\/\/dicodusport.fr\/blog\/#\/schema\/logo\/image\/\"},\"sameAs\":[\"https:\/\/www.facebook.com\/dicodusport\",\"https:\/\/x.com\/dicodusport\",\"https:\/\/www.instagram.com\/dicodusport\/\",\"https:\/\/www.youtube.com\/channel\/UC7V2KZ5sd3htJivAbA4ZG3w\"],\"description\":\"Dicodusport est l'encyclop\u00e9die de l'actualit\u00e9 sportive.\",\"email\":\"bonjour@dicodusport.fr\",\"legalName\":\"DICODUSPORT\",\"foundingDate\":\"2018-01-14\",\"vatID\":\"FR71834470973\",\"taxID\":\"83447097300043\",\"numberOfEmployees\":{\"@type\":\"QuantitativeValue\",\"minValue\":\"1\",\"maxValue\":\"10\"}},{\"@type\":\"Person\",\"@id\":\"https:\/\/dicodusport.fr\/blog\/#\/schema\/person\/55dcb50ad410894e431ed812bbb70191\",\"name\":\"Nicolas Jacquemard\",\"image\":{\"@type\":\"ImageObject\",\"inLanguage\":\"fr-FR\",\"@id\":\"https:\/\/dicodusport.fr\/blog\/#\/schema\/person\/image\/\",\"url\":\"https:\/\/dicodusport.fr\/blog\/wp-content\/uploads\/2021\/05\/Nicolas-Jacquemard-150x150.jpeg\",\"contentUrl\":\"https:\/\/dicodusport.fr\/blog\/wp-content\/uploads\/2021\/05\/Nicolas-Jacquemard-150x150.jpeg\",\"caption\":\"Nicolas Jacquemard\"},\"description\":\"Passionn\u00e9 de sport et entrepreneur depuis mes 18 ans, la cr\u00e9ation de Dicodusport m'a sembl\u00e9 \u00e9vidente pour participer \u00e0 la m\u00e9diatisation d'un plus grand nombre de sports. Le chemin est long mais avec une \u00e9quipe des plus motiv\u00e9es et les Jeux Olympiques de Paris 2024 en point de mire, nous y arriverons ! Journaliste dans le monde du sport depuis plus de 5 ans, je traite aussi bien de football, de rugby, de biathlon que de cyclisme.\",\"sameAs\":[\"https:\/\/www.facebook.com\/dicodusport\",\"https:\/\/x.com\/https:\/\/twitter.com\/Nico_Jacquemard\"],\"url\":\"https:\/\/dicodusport.fr\/blog\/author\/dicodusport\/\"}]}<\/script>\n<!-- \/ Yoast SEO Premium plugin. -->","yoast_head_json":{"title":"Aviron - Mondiaux : aucune m\u00e9daille pour la France mais des quotas pour Tokyo","description":"Pour la premi\u00e8re fois depuis 2002, l'\u00e9quipe de France rentre bredouille d'un championnat du monde, mais avec quatre quotas olympiques en poche.","robots":{"index":"index","follow":"follow","max-snippet":"max-snippet:-1","max-image-preview":"max-image-preview:large","max-video-preview":"max-video-preview:-1"},"canonical":"https:\/\/dicodusport.fr\/blog\/aviron-mondiaux-aucune-medaille-pour-la-france-mais-des-quotas-pour-tokyo\/","og_locale":"fr_FR","og_type":"article","og_title":"Aviron - Mondiaux : aucune m\u00e9daille pour la France mais des quotas pour Tokyo","og_description":"Pour la premi\u00e8re fois depuis 2002, l'\u00e9quipe de France rentre bredouille d'un championnat du monde, mais avec quatre quotas olympiques en poche.","og_url":"https:\/\/dicodusport.fr\/blog\/aviron-mondiaux-aucune-medaille-pour-la-france-mais-des-quotas-pour-tokyo\/","og_site_name":"Dicodusport","article_publisher":"https:\/\/www.facebook.com\/dicodusport","article_author":"https:\/\/www.facebook.com\/dicodusport","article_published_time":"2019-09-02T08:35:13+00:00","article_modified_time":"2019-09-02T12:00:37+00:00","og_image":[{"width":1200,"height":670,"url":"https:\/\/dicodusport.fr\/blog\/wp-content\/uploads\/2019\/07\/Pierre-Houin-2.png","type":"image\/png"}],"author":"Nicolas Jacquemard","twitter_card":"summary_large_image","twitter_title":"Aviron - Mondiaux : aucune m\u00e9daille pour la France mais des quotas pour Tokyo","twitter_creator":"@https:\/\/twitter.com\/Nico_Jacquemard","twitter_site":"@dicodusport","schema":{"@context":"https:\/\/schema.org","@graph":[{"@type":"NewsArticle","@id":"https:\/\/dicodusport.fr\/blog\/aviron-mondiaux-aucune-medaille-pour-la-france-mais-des-quotas-pour-tokyo\/#article","isPartOf":{"@id":"https:\/\/dicodusport.fr\/blog\/aviron-mondiaux-aucune-medaille-pour-la-france-mais-des-quotas-pour-tokyo\/"},"author":{"name":"Nicolas Jacquemard","@id":"https:\/\/dicodusport.fr\/blog\/#\/schema\/person\/55dcb50ad410894e431ed812bbb70191"},"headline":"Aviron &#8211; Mondiaux : aucune m\u00e9daille pour la France mais des quotas pour Tokyo","datePublished":"2019-09-02T08:35:13+00:00","dateModified":"2019-09-02T12:00:37+00:00","mainEntityOfPage":{"@id":"https:\/\/dicodusport.fr\/blog\/aviron-mondiaux-aucune-medaille-pour-la-france-mais-des-quotas-pour-tokyo\/"},"wordCount":217,"commentCount":0,"publisher":{"@id":"https:\/\/dicodusport.fr\/blog\/#organization"},"image":{"@id":"https:\/\/dicodusport.fr\/blog\/aviron-mondiaux-aucune-medaille-pour-la-france-mais-des-quotas-pour-tokyo\/#primaryimage"},"thumbnailUrl":"https:\/\/dicodusport.fr\/blog\/wp-content\/uploads\/2019\/07\/Pierre-Houin-2.png","keywords":["aviron","houin","mondiaux"],"articleSection":["Aviron"],"inLanguage":"fr-FR","potentialAction":[{"@type":"CommentAction","name":"Comment","target":["https:\/\/dicodusport.fr\/blog\/aviron-mondiaux-aucune-medaille-pour-la-france-mais-des-quotas-pour-tokyo\/#respond"]}],"copyrightYear":"2019","copyrightHolder":{"@id":"https:\/\/dicodusport.fr\/blog\/#organization"}},{"@type":"WebPage","@id":"https:\/\/dicodusport.fr\/blog\/aviron-mondiaux-aucune-medaille-pour-la-france-mais-des-quotas-pour-tokyo\/","url":"https:\/\/dicodusport.fr\/blog\/aviron-mondiaux-aucune-medaille-pour-la-france-mais-des-quotas-pour-tokyo\/","name":"Aviron - Mondiaux : aucune m\u00e9daille pour la France mais des quotas pour Tokyo","isPartOf":{"@id":"https:\/\/dicodusport.fr\/blog\/#website"},"primaryImageOfPage":{"@id":"https:\/\/dicodusport.fr\/blog\/aviron-mondiaux-aucune-medaille-pour-la-france-mais-des-quotas-pour-tokyo\/#primaryimage"},"image":{"@id":"https:\/\/dicodusport.fr\/blog\/aviron-mondiaux-aucune-medaille-pour-la-france-mais-des-quotas-pour-tokyo\/#primaryimage"},"thumbnailUrl":"https:\/\/dicodusport.fr\/blog\/wp-content\/uploads\/2019\/07\/Pierre-Houin-2.png","datePublished":"2019-09-02T08:35:13+00:00","dateModified":"2019-09-02T12:00:37+00:00","description":"Pour la premi\u00e8re fois depuis 2002, l'\u00e9quipe de France rentre bredouille d'un championnat du monde, mais avec quatre quotas olympiques en poche.","breadcrumb":{"@id":"https:\/\/dicodusport.fr\/blog\/aviron-mondiaux-aucune-medaille-pour-la-france-mais-des-quotas-pour-tokyo\/#breadcrumb"},"inLanguage":"fr-FR","potentialAction":[{"@type":"ReadAction","target":["https:\/\/dicodusport.fr\/blog\/aviron-mondiaux-aucune-medaille-pour-la-france-mais-des-quotas-pour-tokyo\/"]}]},{"@type":"ImageObject","inLanguage":"fr-FR","@id":"https:\/\/dicodusport.fr\/blog\/aviron-mondiaux-aucune-medaille-pour-la-france-mais-des-quotas-pour-tokyo\/#primaryimage","url":"https:\/\/dicodusport.fr\/blog\/wp-content\/uploads\/2019\/07\/Pierre-Houin-2.png","contentUrl":"https:\/\/dicodusport.fr\/blog\/wp-content\/uploads\/2019\/07\/Pierre-Houin-2.png","width":1200,"height":670},{"@type":"BreadcrumbList","@id":"https:\/\/dicodusport.fr\/blog\/aviron-mondiaux-aucune-medaille-pour-la-france-mais-des-quotas-pour-tokyo\/#breadcrumb","itemListElement":[{"@type":"ListItem","position":1,"name":"Accueil","item":"https:\/\/dicodusport.fr\/blog\/"},{"@type":"ListItem","position":2,"name":"Aviron &#8211; Mondiaux : aucune m\u00e9daille pour la France mais des quotas pour Tokyo"}]},{"@type":"WebSite","@id":"https:\/\/dicodusport.fr\/blog\/#website","url":"https:\/\/dicodusport.fr\/blog\/","name":"Dicodusport","description":"L&#039;encyclop\u00e9die de l&#039;actualit\u00e9 sportive","publisher":{"@id":"https:\/\/dicodusport.fr\/blog\/#organization"},"potentialAction":[{"@type":"SearchAction","target":{"@type":"EntryPoint","urlTemplate":"https:\/\/dicodusport.fr\/blog\/?s={search_term_string}"},"query-input":{"@type":"PropertyValueSpecification","valueRequired":true,"valueName":"search_term_string"}}],"inLanguage":"fr-FR"},{"@type":"NewsMediaOrganization","@id":"https:\/\/dicodusport.fr\/blog\/#organization","name":"Dicodusport","url":"https:\/\/dicodusport.fr\/blog\/","logo":{"@type":"ImageObject","inLanguage":"fr-FR","@id":"https:\/\/dicodusport.fr\/blog\/#\/schema\/logo\/image\/","url":"https:\/\/dicodusport.fr\/blog\/wp-content\/uploads\/2020\/06\/cropped-LOGO-DICODUSPORT-2020-SANS-FOND-SANS-TEXTE.png","contentUrl":"https:\/\/dicodusport.fr\/blog\/wp-content\/uploads\/2020\/06\/cropped-LOGO-DICODUSPORT-2020-SANS-FOND-SANS-TEXTE.png","width":512,"height":512,"caption":"Dicodusport"},"image":{"@id":"https:\/\/dicodusport.fr\/blog\/#\/schema\/logo\/image\/"},"sameAs":["https:\/\/www.facebook.com\/dicodusport","https:\/\/x.com\/dicodusport","https:\/\/www.instagram.com\/dicodusport\/","https:\/\/www.youtube.com\/channel\/UC7V2KZ5sd3htJivAbA4ZG3w"],"description":"Dicodusport est l'encyclop\u00e9die de l'actualit\u00e9 sportive.","email":"bonjour@dicodusport.fr","legalName":"DICODUSPORT","foundingDate":"2018-01-14","vatID":"FR71834470973","taxID":"83447097300043","numberOfEmployees":{"@type":"QuantitativeValue","minValue":"1","maxValue":"10"}},{"@type":"Person","@id":"https:\/\/dicodusport.fr\/blog\/#\/schema\/person\/55dcb50ad410894e431ed812bbb70191","name":"Nicolas Jacquemard","image":{"@type":"ImageObject","inLanguage":"fr-FR","@id":"https:\/\/dicodusport.fr\/blog\/#\/schema\/person\/image\/","url":"https:\/\/dicodusport.fr\/blog\/wp-content\/uploads\/2021\/05\/Nicolas-Jacquemard-150x150.jpeg","contentUrl":"https:\/\/dicodusport.fr\/blog\/wp-content\/uploads\/2021\/05\/Nicolas-Jacquemard-150x150.jpeg","caption":"Nicolas Jacquemard"},"description":"Passionn\u00e9 de sport et entrepreneur depuis mes 18 ans, la cr\u00e9ation de Dicodusport m'a sembl\u00e9 \u00e9vidente pour participer \u00e0 la m\u00e9diatisation d'un plus grand nombre de sports. Le chemin est long mais avec une \u00e9quipe des plus motiv\u00e9es et les Jeux Olympiques de Paris 2024 en point de mire, nous y arriverons ! Journaliste dans le monde du sport depuis plus de 5 ans, je traite aussi bien de football, de rugby, de biathlon que de cyclisme.","sameAs":["https:\/\/www.facebook.com\/dicodusport","https:\/\/x.com\/https:\/\/twitter.com\/Nico_Jacquemard"],"url":"https:\/\/dicodusport.fr\/blog\/author\/dicodusport\/"}]}},"_links":{"self":[{"href":"https:\/\/dicodusport.fr\/blog\/wp-json\/wp\/v2\/posts\/47013","targetHints":{"allow":["GET"]}}],"collection":[{"href":"https:\/\/dicodusport.fr\/blog\/wp-json\/wp\/v2\/posts"}],"about":[{"href":"https:\/\/dicodusport.fr\/blog\/wp-json\/wp\/v2\/types\/post"}],"author":[{"embeddable":true,"href":"https:\/\/dicodusport.fr\/blog\/wp-json\/wp\/v2\/users\/1"}],"replies":[{"embeddable":true,"href":"https:\/\/dicodusport.fr\/blog\/wp-json\/wp\/v2\/comments?post=47013"}],"version-history":[{"count":0,"href":"https:\/\/dicodusport.fr\/blog\/wp-json\/wp\/v2\/posts\/47013\/revisions"}],"wp:featuredmedia":[{"embeddable":true,"href":"https:\/\/dicodusport.fr\/blog\/wp-json\/wp\/v2\/media\/44237"}],"wp:attachment":[{"href":"https:\/\/dicodusport.fr\/blog\/wp-json\/wp\/v2\/media?parent=47013"}],"wp:term":[{"taxonomy":"category","embeddable":true,"href":"https:\/\/dicodusport.fr\/blog\/wp-json\/wp\/v2\/categories?post=47013"},{"taxonomy":"post_tag","embeddable":true,"href":"https:\/\/dicodusport.fr\/blog\/wp-json\/wp\/v2\/tags?post=47013"}],"curies":[{"name":"wp","href":"https:\/\/api.w.org\/{rel}","templated":true}]}}